{"id":59,"date":"2020-02-09T20:41:03","date_gmt":"2020-02-09T18:41:03","guid":{"rendered":"http:\/\/www.lovendal.net\/wp52\/?p=59"},"modified":"2020-02-09T20:43:26","modified_gmt":"2020-02-09T18:43:26","slug":"a-trait-matusalem-chiar-969-de-ani","status":"publish","type":"post","link":"https:\/\/www.lovendal.ro\/wp52\/a-trait-matusalem-chiar-969-de-ani\/","title":{"rendered":"A tr\u0103it Matusalem chiar 969 de ani?"},"content":{"rendered":"<p><a href=\"https:\/\/www.lovendal.ro\/wp52\/wp-content\/uploads\/2008\/09\/Matusalem.jpg\"><img loading=\"lazy\" decoding=\"async\" class=\"alignleft size-full wp-image-66447\" src=\"https:\/\/www.lovendal.ro\/wp52\/wp-content\/uploads\/2008\/09\/Matusalem.jpg\" alt=\"\" width=\"349\" height=\"282\" srcset=\"https:\/\/www.lovendal.ro\/wp52\/wp-content\/uploads\/2008\/09\/Matusalem.jpg 349w, https:\/\/www.lovendal.ro\/wp52\/wp-content\/uploads\/2008\/09\/Matusalem-300x242.jpg 300w\" sizes=\"auto, (max-width: 349px) 100vw, 349px\" \/><\/a>Exist\u0103 dou\u0103 ipoteze &#8211; ambele sus\u0163inute logic chiar de datele oferite de Genez\u0103 &#8211; conform c\u0103rora enigma Matusalem nu exist\u0103. Uria\u015fele v\u00e2rste din prima Carte a Vechiului Testament se mic\u015foreaz\u0103 brusc dup\u0103 Potop \u015fi Turnul lui Babel, intr\u00e2nd \u00een normalitate (a\u015fa cum o concepem azi) cu marele patriarh Avraam.<\/p>\n<p>Prima ipotez\u0103 ce tinde s\u0103 spulbere mitul vie\u0163ii de aproape un mileniu este pe c\u00e2t de simpl\u0103, pe at\u00e2t de plauzibil\u0103. Anii respectivi ar fi \u00een realitate luni \u015fi, conform organiz\u0103rii calendarului actual, toate acele fabuloase v\u00e2rste ar trebui \u00eemp\u0103r\u0163ite la 12. Astfel, Adam ar fi tr\u0103it circa 77 de ani, adic\u0103 930 : 12; Noe, 79 de ani; Matusalem \u00eensu\u015fi ar fi avut o existen\u0163\u0103 terestr\u0103 de numai 81 de ani. Scribii \u015fi copi\u015ftii Genezei ar fi operat aceast\u0103 conversie pentru a venera patriarhii respectivi &#8211; spun bibli\u015ftii.<\/p>\n<p>A doua ipotez\u0103 o sus\u0163ine pe prima, fiindu-i complementar\u0103. V\u00e2rstele supranaturale de la Adam p\u00e2n\u0103 la Avraam ar compensa lipsa anumitor date, din unele perioade, pentru a nu se crea discontinuit\u0103\u0163i \u00een genealogie. Turnul lui Babel reprezint\u0103 o r\u0103scruce semnificativ\u0103 \u00een diminuarea longevit\u0103\u0163ii. Creatorul \u00eei pedepse\u015fte pe oameni \u00een dou\u0103 moduri. \u00cen primul r\u00e2nd &#8222;le amestec\u0103 limbile ca s\u0103 nu se mai \u00een\u0163eleag\u0103 unul cu altul&#8221; \u015fi tentativ\u0103 lor de a ajunge cu Turnul la Cer e\u015fueaz\u0103. \u00cen al doilea r\u00e2nd, v\u00e2rstele scad la jum\u0103tate, ele nemaidepasind 460-500 de ani (cap. 11). Mai mult, este surprinz\u0103toare \u015fi relevant\u0103 afirma\u0163ia repetat\u0103 de Avraam (cap.18), care se consider\u0103 mult prea b\u0103tr\u00e2n la o sut\u0103 de ani pentru a avea un nou copil, pe Isaac.<\/p>\n<p>Corobor\u00e2nd toate aceste informa\u0163ii, devine evident faptul c\u0103 v\u00e2rstele matusalemice pot fi, \u00een realitate, o exagerare a celor ce-au redactat sau au copiat Geneza, p\u00e2n\u0103 la Avraam.<\/p>\n","protected":false},"excerpt":{"rendered":"<p>Exist\u0103 dou\u0103 ipoteze &#8211; ambele sus\u0163inute logic chiar de datele oferite de Genez\u0103 &#8211; conform c\u0103rora enigma Matusalem nu exist\u0103. Uria\u015fele v\u00e2rste din prima Carte a Vechiului Testament se mic\u015foreaz\u0103 brusc dup\u0103 Potop \u015fi Turnul lui Babel, intr\u00e2nd \u00een normalitate &#8230; <\/p>\n<p class=\"read-more-container\"><a title=\"A tr\u0103it Matusalem chiar 969 de ani?\" class=\"read-more button\" href=\"https:\/\/www.lovendal.ro\/wp52\/a-trait-matusalem-chiar-969-de-ani\/#more-59\" aria-label=\"Cite\u0219te mai multe despre A tr\u0103it Matusalem chiar 969 de ani?\">Cititi mai multe<\/a><\/p>\n","protected":false},"author":1,"featured_media":66447,"comment_status":"open","ping_status":"closed","sticky":false,"template":"","format":"standard","meta":{"footnotes":""},"categories":[9],"tags":[59,60,1532,61,62],"class_list":["post-59","post","type-post","status-publish","format-standard","has-post-thumbnail","hentry","category-istorie","tag-avraam","tag-biblie","tag-istorie-si-civilizatii","tag-matusalem","tag-noe","resize-featured-image"],"yoast_head":"<!-- This site is optimized with the Yoast SEO Premium plugin v23.3 (Yoast SEO v27.4) - https:\/\/yoast.com\/product\/yoast-seo-premium-wordpress\/ -->\n<title>A tr\u0103it Matusalem chiar 969 de ani? - Secretele lui Lovendal<\/title>\n<meta name=\"robots\" content=\"index, follow, max-snippet:-1, max-image-preview:large, max-video-preview:-1\" \/>\n<link rel=\"canonical\" href=\"https:\/\/www.lovendal.ro\/wp52\/a-trait-matusalem-chiar-969-de-ani\/\" \/>\n<meta property=\"og:locale\" content=\"ro_RO\" \/>\n<meta property=\"og:type\" content=\"article\" \/>\n<meta property=\"og:title\" content=\"A tr\u0103it Matusalem chiar 969 de ani?\" \/>\n<meta property=\"og:description\" content=\"Exist\u0103 dou\u0103 ipoteze &#8211; ambele sus\u0163inute logic chiar de datele oferite de Genez\u0103 &#8211; conform c\u0103rora enigma Matusalem nu exist\u0103. Uria\u015fele v\u00e2rste din prima Carte a Vechiului Testament se mic\u015foreaz\u0103 brusc dup\u0103 Potop \u015fi Turnul lui Babel, intr\u00e2nd \u00een normalitate ... Cititi mai multe\" \/>\n<meta property=\"og:url\" content=\"https:\/\/www.lovendal.ro\/wp52\/a-trait-matusalem-chiar-969-de-ani\/\" \/>\n<meta property=\"og:site_name\" content=\"Secretele lui Lovendal\" \/>\n<meta property=\"article:publisher\" content=\"https:\/\/www.facebook.com\/secreteleluilovendal\" \/>\n<meta property=\"article:published_time\" content=\"2020-02-09T18:41:03+00:00\" \/>\n<meta property=\"article:modified_time\" content=\"2020-02-09T18:43:26+00:00\" \/>\n<meta property=\"og:image\" content=\"https:\/\/www.lovendal.ro\/wp52\/wp-content\/uploads\/2008\/09\/Matusalem.jpg\" \/>\n\t<meta property=\"og:image:width\" content=\"349\" \/>\n\t<meta property=\"og:image:height\" content=\"282\" \/>\n\t<meta property=\"og:image:type\" content=\"image\/jpeg\" \/>\n<meta name=\"author\" content=\"admin\" \/>\n<meta name=\"twitter:card\" content=\"summary_large_image\" \/>\n<meta name=\"twitter:label1\" content=\"Scris de\" \/>\n\t<meta name=\"twitter:data1\" content=\"admin\" \/>\n\t<meta name=\"twitter:label2\" content=\"Timp estimat pentru citire\" \/>\n\t<meta name=\"twitter:data2\" content=\"2 minute\" \/>\n<script type=\"application\/ld+json\" class=\"yoast-schema-graph\">{\"@context\":\"https:\\\/\\\/schema.org\",\"@graph\":[{\"@type\":\"Article\",\"@id\":\"https:\\\/\\\/www.lovendal.ro\\\/wp52\\\/a-trait-matusalem-chiar-969-de-ani\\\/#article\",\"isPartOf\":{\"@id\":\"https:\\\/\\\/www.lovendal.ro\\\/wp52\\\/a-trait-matusalem-chiar-969-de-ani\\\/\"},\"author\":{\"name\":\"admin\",\"@id\":\"https:\\\/\\\/www.lovendal.ro\\\/wp52\\\/#\\\/schema\\\/person\\\/088691de5dfc346bb0c023e1e52ef5d9\"},\"headline\":\"A tr\u0103it Matusalem chiar 969 de ani?\",\"datePublished\":\"2020-02-09T18:41:03+00:00\",\"dateModified\":\"2020-02-09T18:43:26+00:00\",\"mainEntityOfPage\":{\"@id\":\"https:\\\/\\\/www.lovendal.ro\\\/wp52\\\/a-trait-matusalem-chiar-969-de-ani\\\/\"},\"wordCount\":325,\"commentCount\":22,\"publisher\":{\"@id\":\"https:\\\/\\\/www.lovendal.ro\\\/wp52\\\/#organization\"},\"image\":{\"@id\":\"https:\\\/\\\/www.lovendal.ro\\\/wp52\\\/a-trait-matusalem-chiar-969-de-ani\\\/#primaryimage\"},\"thumbnailUrl\":\"https:\\\/\\\/www.lovendal.ro\\\/wp52\\\/wp-content\\\/uploads\\\/2008\\\/09\\\/Matusalem.jpg\",\"keywords\":[\"Avraam\",\"Biblie\",\"Istorie si Civilizatii\",\"Matusalem\",\"Noe\"],\"articleSection\":[\"Istorie si Civilizatii\"],\"inLanguage\":\"ro-RO\",\"potentialAction\":[{\"@type\":\"CommentAction\",\"name\":\"Comment\",\"target\":[\"https:\\\/\\\/www.lovendal.ro\\\/wp52\\\/a-trait-matusalem-chiar-969-de-ani\\\/#respond\"]}]},{\"@type\":\"WebPage\",\"@id\":\"https:\\\/\\\/www.lovendal.ro\\\/wp52\\\/a-trait-matusalem-chiar-969-de-ani\\\/\",\"url\":\"https:\\\/\\\/www.lovendal.ro\\\/wp52\\\/a-trait-matusalem-chiar-969-de-ani\\\/\",\"name\":\"A tr\u0103it Matusalem chiar 969 de ani? - Secretele lui Lovendal\",\"isPartOf\":{\"@id\":\"https:\\\/\\\/www.lovendal.ro\\\/wp52\\\/#website\"},\"primaryImageOfPage\":{\"@id\":\"https:\\\/\\\/www.lovendal.ro\\\/wp52\\\/a-trait-matusalem-chiar-969-de-ani\\\/#primaryimage\"},\"image\":{\"@id\":\"https:\\\/\\\/www.lovendal.ro\\\/wp52\\\/a-trait-matusalem-chiar-969-de-ani\\\/#primaryimage\"},\"thumbnailUrl\":\"https:\\\/\\\/www.lovendal.ro\\\/wp52\\\/wp-content\\\/uploads\\\/2008\\\/09\\\/Matusalem.jpg\",\"datePublished\":\"2020-02-09T18:41:03+00:00\",\"dateModified\":\"2020-02-09T18:43:26+00:00\",\"breadcrumb\":{\"@id\":\"https:\\\/\\\/www.lovendal.ro\\\/wp52\\\/a-trait-matusalem-chiar-969-de-ani\\\/#breadcrumb\"},\"inLanguage\":\"ro-RO\",\"potentialAction\":[{\"@type\":\"ReadAction\",\"target\":[\"https:\\\/\\\/www.lovendal.ro\\\/wp52\\\/a-trait-matusalem-chiar-969-de-ani\\\/\"]}]},{\"@type\":\"ImageObject\",\"inLanguage\":\"ro-RO\",\"@id\":\"https:\\\/\\\/www.lovendal.ro\\\/wp52\\\/a-trait-matusalem-chiar-969-de-ani\\\/#primaryimage\",\"url\":\"https:\\\/\\\/www.lovendal.ro\\\/wp52\\\/wp-content\\\/uploads\\\/2008\\\/09\\\/Matusalem.jpg\",\"contentUrl\":\"https:\\\/\\\/www.lovendal.ro\\\/wp52\\\/wp-content\\\/uploads\\\/2008\\\/09\\\/Matusalem.jpg\",\"width\":349,\"height\":282},{\"@type\":\"BreadcrumbList\",\"@id\":\"https:\\\/\\\/www.lovendal.ro\\\/wp52\\\/a-trait-matusalem-chiar-969-de-ani\\\/#breadcrumb\",\"itemListElement\":[{\"@type\":\"ListItem\",\"position\":1,\"name\":\"Home\",\"item\":\"https:\\\/\\\/www.lovendal.ro\\\/wp52\\\/\"},{\"@type\":\"ListItem\",\"position\":2,\"name\":\"A tr\u0103it Matusalem chiar 969 de ani?\"}]},{\"@type\":\"WebSite\",\"@id\":\"https:\\\/\\\/www.lovendal.ro\\\/wp52\\\/#website\",\"url\":\"https:\\\/\\\/www.lovendal.ro\\\/wp52\\\/\",\"name\":\"Secretele lui Lovendal\",\"description\":\"Site de secrete, stiinta si metafizica - din 2008 -\",\"publisher\":{\"@id\":\"https:\\\/\\\/www.lovendal.ro\\\/wp52\\\/#organization\"},\"potentialAction\":[{\"@type\":\"SearchAction\",\"target\":{\"@type\":\"EntryPoint\",\"urlTemplate\":\"https:\\\/\\\/www.lovendal.ro\\\/wp52\\\/?s={search_term_string}\"},\"query-input\":{\"@type\":\"PropertyValueSpecification\",\"valueRequired\":true,\"valueName\":\"search_term_string\"}}],\"inLanguage\":\"ro-RO\"},{\"@type\":\"Organization\",\"@id\":\"https:\\\/\\\/www.lovendal.ro\\\/wp52\\\/#organization\",\"name\":\"Secretele lui Lovendal\",\"url\":\"https:\\\/\\\/www.lovendal.ro\\\/wp52\\\/\",\"logo\":{\"@type\":\"ImageObject\",\"inLanguage\":\"ro-RO\",\"@id\":\"https:\\\/\\\/www.lovendal.ro\\\/wp52\\\/#\\\/schema\\\/logo\\\/image\\\/\",\"url\":\"https:\\\/\\\/www.lovendal.ro\\\/wp52\\\/wp-content\\\/uploads\\\/2024\\\/06\\\/cropped-SLL-iun-2024-1.jpg\",\"contentUrl\":\"https:\\\/\\\/www.lovendal.ro\\\/wp52\\\/wp-content\\\/uploads\\\/2024\\\/06\\\/cropped-SLL-iun-2024-1.jpg\",\"width\":771,\"height\":240,\"caption\":\"Secretele lui Lovendal\"},\"image\":{\"@id\":\"https:\\\/\\\/www.lovendal.ro\\\/wp52\\\/#\\\/schema\\\/logo\\\/image\\\/\"},\"sameAs\":[\"https:\\\/\\\/www.facebook.com\\\/secreteleluilovendal\"]},{\"@type\":\"Person\",\"@id\":\"https:\\\/\\\/www.lovendal.ro\\\/wp52\\\/#\\\/schema\\\/person\\\/088691de5dfc346bb0c023e1e52ef5d9\",\"name\":\"admin\",\"image\":{\"@type\":\"ImageObject\",\"inLanguage\":\"ro-RO\",\"@id\":\"https:\\\/\\\/secure.gravatar.com\\\/avatar\\\/ecb9cd41f5f63c9c9b989999a59f6e2639a865ec361e9db054db0679a8f341c2?s=96&d=mm&r=g\",\"url\":\"https:\\\/\\\/secure.gravatar.com\\\/avatar\\\/ecb9cd41f5f63c9c9b989999a59f6e2639a865ec361e9db054db0679a8f341c2?s=96&d=mm&r=g\",\"contentUrl\":\"https:\\\/\\\/secure.gravatar.com\\\/avatar\\\/ecb9cd41f5f63c9c9b989999a59f6e2639a865ec361e9db054db0679a8f341c2?s=96&d=mm&r=g\",\"caption\":\"admin\"},\"sameAs\":[\"https:\\\/\\\/www.lovendal.ro\\\/wp52\"]}]}<\/script>\n<!-- \/ Yoast SEO Premium plugin. -->","yoast_head_json":{"title":"A tr\u0103it Matusalem chiar 969 de ani? - Secretele lui Lovendal","robots":{"index":"index","follow":"follow","max-snippet":"max-snippet:-1","max-image-preview":"max-image-preview:large","max-video-preview":"max-video-preview:-1"},"canonical":"https:\/\/www.lovendal.ro\/wp52\/a-trait-matusalem-chiar-969-de-ani\/","og_locale":"ro_RO","og_type":"article","og_title":"A tr\u0103it Matusalem chiar 969 de ani?","og_description":"Exist\u0103 dou\u0103 ipoteze &#8211; ambele sus\u0163inute logic chiar de datele oferite de Genez\u0103 &#8211; conform c\u0103rora enigma Matusalem nu exist\u0103. Uria\u015fele v\u00e2rste din prima Carte a Vechiului Testament se mic\u015foreaz\u0103 brusc dup\u0103 Potop \u015fi Turnul lui Babel, intr\u00e2nd \u00een normalitate ... Cititi mai multe","og_url":"https:\/\/www.lovendal.ro\/wp52\/a-trait-matusalem-chiar-969-de-ani\/","og_site_name":"Secretele lui Lovendal","article_publisher":"https:\/\/www.facebook.com\/secreteleluilovendal","article_published_time":"2020-02-09T18:41:03+00:00","article_modified_time":"2020-02-09T18:43:26+00:00","og_image":[{"width":349,"height":282,"url":"https:\/\/www.lovendal.ro\/wp52\/wp-content\/uploads\/2008\/09\/Matusalem.jpg","type":"image\/jpeg"}],"author":"admin","twitter_card":"summary_large_image","twitter_misc":{"Scris de":"admin","Timp estimat pentru citire":"2 minute"},"schema":{"@context":"https:\/\/schema.org","@graph":[{"@type":"Article","@id":"https:\/\/www.lovendal.ro\/wp52\/a-trait-matusalem-chiar-969-de-ani\/#article","isPartOf":{"@id":"https:\/\/www.lovendal.ro\/wp52\/a-trait-matusalem-chiar-969-de-ani\/"},"author":{"name":"admin","@id":"https:\/\/www.lovendal.ro\/wp52\/#\/schema\/person\/088691de5dfc346bb0c023e1e52ef5d9"},"headline":"A tr\u0103it Matusalem chiar 969 de ani?","datePublished":"2020-02-09T18:41:03+00:00","dateModified":"2020-02-09T18:43:26+00:00","mainEntityOfPage":{"@id":"https:\/\/www.lovendal.ro\/wp52\/a-trait-matusalem-chiar-969-de-ani\/"},"wordCount":325,"commentCount":22,"publisher":{"@id":"https:\/\/www.lovendal.ro\/wp52\/#organization"},"image":{"@id":"https:\/\/www.lovendal.ro\/wp52\/a-trait-matusalem-chiar-969-de-ani\/#primaryimage"},"thumbnailUrl":"https:\/\/www.lovendal.ro\/wp52\/wp-content\/uploads\/2008\/09\/Matusalem.jpg","keywords":["Avraam","Biblie","Istorie si Civilizatii","Matusalem","Noe"],"articleSection":["Istorie si Civilizatii"],"inLanguage":"ro-RO","potentialAction":[{"@type":"CommentAction","name":"Comment","target":["https:\/\/www.lovendal.ro\/wp52\/a-trait-matusalem-chiar-969-de-ani\/#respond"]}]},{"@type":"WebPage","@id":"https:\/\/www.lovendal.ro\/wp52\/a-trait-matusalem-chiar-969-de-ani\/","url":"https:\/\/www.lovendal.ro\/wp52\/a-trait-matusalem-chiar-969-de-ani\/","name":"A tr\u0103it Matusalem chiar 969 de ani? - Secretele lui Lovendal","isPartOf":{"@id":"https:\/\/www.lovendal.ro\/wp52\/#website"},"primaryImageOfPage":{"@id":"https:\/\/www.lovendal.ro\/wp52\/a-trait-matusalem-chiar-969-de-ani\/#primaryimage"},"image":{"@id":"https:\/\/www.lovendal.ro\/wp52\/a-trait-matusalem-chiar-969-de-ani\/#primaryimage"},"thumbnailUrl":"https:\/\/www.lovendal.ro\/wp52\/wp-content\/uploads\/2008\/09\/Matusalem.jpg","datePublished":"2020-02-09T18:41:03+00:00","dateModified":"2020-02-09T18:43:26+00:00","breadcrumb":{"@id":"https:\/\/www.lovendal.ro\/wp52\/a-trait-matusalem-chiar-969-de-ani\/#breadcrumb"},"inLanguage":"ro-RO","potentialAction":[{"@type":"ReadAction","target":["https:\/\/www.lovendal.ro\/wp52\/a-trait-matusalem-chiar-969-de-ani\/"]}]},{"@type":"ImageObject","inLanguage":"ro-RO","@id":"https:\/\/www.lovendal.ro\/wp52\/a-trait-matusalem-chiar-969-de-ani\/#primaryimage","url":"https:\/\/www.lovendal.ro\/wp52\/wp-content\/uploads\/2008\/09\/Matusalem.jpg","contentUrl":"https:\/\/www.lovendal.ro\/wp52\/wp-content\/uploads\/2008\/09\/Matusalem.jpg","width":349,"height":282},{"@type":"BreadcrumbList","@id":"https:\/\/www.lovendal.ro\/wp52\/a-trait-matusalem-chiar-969-de-ani\/#breadcrumb","itemListElement":[{"@type":"ListItem","position":1,"name":"Home","item":"https:\/\/www.lovendal.ro\/wp52\/"},{"@type":"ListItem","position":2,"name":"A tr\u0103it Matusalem chiar 969 de ani?"}]},{"@type":"WebSite","@id":"https:\/\/www.lovendal.ro\/wp52\/#website","url":"https:\/\/www.lovendal.ro\/wp52\/","name":"Secretele lui Lovendal","description":"Site de secrete, stiinta si metafizica - din 2008 -","publisher":{"@id":"https:\/\/www.lovendal.ro\/wp52\/#organization"},"potentialAction":[{"@type":"SearchAction","target":{"@type":"EntryPoint","urlTemplate":"https:\/\/www.lovendal.ro\/wp52\/?s={search_term_string}"},"query-input":{"@type":"PropertyValueSpecification","valueRequired":true,"valueName":"search_term_string"}}],"inLanguage":"ro-RO"},{"@type":"Organization","@id":"https:\/\/www.lovendal.ro\/wp52\/#organization","name":"Secretele lui Lovendal","url":"https:\/\/www.lovendal.ro\/wp52\/","logo":{"@type":"ImageObject","inLanguage":"ro-RO","@id":"https:\/\/www.lovendal.ro\/wp52\/#\/schema\/logo\/image\/","url":"https:\/\/www.lovendal.ro\/wp52\/wp-content\/uploads\/2024\/06\/cropped-SLL-iun-2024-1.jpg","contentUrl":"https:\/\/www.lovendal.ro\/wp52\/wp-content\/uploads\/2024\/06\/cropped-SLL-iun-2024-1.jpg","width":771,"height":240,"caption":"Secretele lui Lovendal"},"image":{"@id":"https:\/\/www.lovendal.ro\/wp52\/#\/schema\/logo\/image\/"},"sameAs":["https:\/\/www.facebook.com\/secreteleluilovendal"]},{"@type":"Person","@id":"https:\/\/www.lovendal.ro\/wp52\/#\/schema\/person\/088691de5dfc346bb0c023e1e52ef5d9","name":"admin","image":{"@type":"ImageObject","inLanguage":"ro-RO","@id":"https:\/\/secure.gravatar.com\/avatar\/ecb9cd41f5f63c9c9b989999a59f6e2639a865ec361e9db054db0679a8f341c2?s=96&d=mm&r=g","url":"https:\/\/secure.gravatar.com\/avatar\/ecb9cd41f5f63c9c9b989999a59f6e2639a865ec361e9db054db0679a8f341c2?s=96&d=mm&r=g","contentUrl":"https:\/\/secure.gravatar.com\/avatar\/ecb9cd41f5f63c9c9b989999a59f6e2639a865ec361e9db054db0679a8f341c2?s=96&d=mm&r=g","caption":"admin"},"sameAs":["https:\/\/www.lovendal.ro\/wp52"]}]}},"_links":{"self":[{"href":"https:\/\/www.lovendal.ro\/wp52\/wp-json\/wp\/v2\/posts\/59","targetHints":{"allow":["GET"]}}],"collection":[{"href":"https:\/\/www.lovendal.ro\/wp52\/wp-json\/wp\/v2\/posts"}],"about":[{"href":"https:\/\/www.lovendal.ro\/wp52\/wp-json\/wp\/v2\/types\/post"}],"author":[{"embeddable":true,"href":"https:\/\/www.lovendal.ro\/wp52\/wp-json\/wp\/v2\/users\/1"}],"replies":[{"embeddable":true,"href":"https:\/\/www.lovendal.ro\/wp52\/wp-json\/wp\/v2\/comments?post=59"}],"version-history":[{"count":0,"href":"https:\/\/www.lovendal.ro\/wp52\/wp-json\/wp\/v2\/posts\/59\/revisions"}],"wp:featuredmedia":[{"embeddable":true,"href":"https:\/\/www.lovendal.ro\/wp52\/wp-json\/wp\/v2\/media\/66447"}],"wp:attachment":[{"href":"https:\/\/www.lovendal.ro\/wp52\/wp-json\/wp\/v2\/media?parent=59"}],"wp:term":[{"taxonomy":"category","embeddable":true,"href":"https:\/\/www.lovendal.ro\/wp52\/wp-json\/wp\/v2\/categories?post=59"},{"taxonomy":"post_tag","embeddable":true,"href":"https:\/\/www.lovendal.ro\/wp52\/wp-json\/wp\/v2\/tags?post=59"}],"curies":[{"name":"wp","href":"https:\/\/api.w.org\/{rel}","templated":true}]}}