{"id":5884,"date":"2009-06-24T07:36:40","date_gmt":"2009-06-24T04:36:40","guid":{"rendered":"http:\/\/www.lovendal.net\/wp52\/?p=5884"},"modified":"2009-06-24T07:36:40","modified_gmt":"2009-06-24T04:36:40","slug":"celebrul-alexandre-dumas-a-vrut-sa-l-impuste-pe-dumnezeu","status":"publish","type":"post","link":"https:\/\/www.lovendal.ro\/wp52\/celebrul-alexandre-dumas-a-vrut-sa-l-impuste-pe-dumnezeu\/","title":{"rendered":"Celebrul Alexandre Dumas a vrut s\u0103-l \u00eempu\u015fte pe&#8230;Dumnezeu!"},"content":{"rendered":"<p><a href=\"https:\/\/www.lovendal.ro\/wp52\/wp-content\/uploads\/2009\/06\/dumas.jpg\"><img loading=\"lazy\" decoding=\"async\" class=\"alignleft size-full wp-image-5885\" title=\"dumas\" src=\"https:\/\/www.lovendal.ro\/wp52\/wp-content\/uploads\/2009\/06\/dumas.jpg\" alt=\"dumas\" width=\"318\" height=\"280\" srcset=\"https:\/\/www.lovendal.ro\/wp52\/wp-content\/uploads\/2009\/06\/dumas.jpg 318w, https:\/\/www.lovendal.ro\/wp52\/wp-content\/uploads\/2009\/06\/dumas-300x264.jpg 300w\" sizes=\"auto, (max-width: 318px) 100vw, 318px\" \/><\/a>Alexandre Dumas (1802-1870), autorul celebrelor romane<em> &#8222;Cei trei mu\u015fchetari&#8221; <\/em>sau <em>&#8222;Contele de Monte Cristo&#8221;<\/em> a fost cel mai popular scriitor francez din lume.<\/p>\n<p>Tat\u0103l s\u0103u era generalul Dumas. C\u00e2nd generalul Dumas a ajuns la sf\u00e2r\u015fitul vie\u0163ii, micu\u0163ul Alexandre, atunci \u00een v\u00e2rst\u0103 de 4 ani, a fost \u00eencredin\u0163at veri\u015foarei sale Marianne. \u00cen noaptea agoniei, Marianne \u015fi Alexandre au fost trezi\u0163i de lovituri puternice date \u00een u\u015fa camerei lor. Deloc speriat, copilul a s\u0103rit din pat \u015fi s-a apropiat de u\u015f\u0103.<\/p>\n<p><em>&#8211; Unde te duci, Alexandre? <\/em><br \/>\n<em>&#8211; S\u0103-i deschid tatei, care a venit s\u0103-\u015fi ia adio de la noi! a r\u0103spuns el<\/em>, c\u00e2t se poate de natural, pentru c\u0103 \u00een\u0163elesese totul.<\/p>\n<p>Marianne s-a dat \u015fi ea jos din pat, l-a luat de m\u00e2n\u0103 \u015fi l-a dus cu for\u0163a \u00een a\u015fternut, \u00een timp ce el striga din toate puterile: <em>&#8211; Adio, tat\u0103! Adio, tat\u0103!<\/em> O adiere a trecut apoi peste fa\u0163a lui \u015fi a adormit.<\/p>\n<p>A doua zi, i s-a spus c\u0103 generalul murise la ora la care se auziser\u0103 b\u0103t\u0103ile \u00een u\u015f\u0103:<\/p>\n<p><em>&#8211; Copilul meu, t\u0103ticul t\u0103u, care te iubea at\u00e2t de mult, a murit. Bunul Dumnezeu l-a luat la el.<\/em><br \/>\n<em>&#8211; \u015ei unde locuie\u015fte bunul Dumnezeu? <\/em>a \u00eentrebat micul Alexandre, care avea o idee.<br \/>\n<em>&#8211; \u00cen cer. <\/em><\/p>\n<p>Copilul a ie\u015fit din casa unchiului s\u0103u \u015fi s-a dus drept la domiciliul decedatului. A luat o pu\u015fc\u0103, a urcat scara \u015fi a \u00eent\u00e2lnit-o pe mama lui, care l-a \u00eentrebat unde se ducea.<br \/>\n<em>&#8211; M\u0103 duc \u00een cer! <\/em><br \/>\n<em>&#8211; \u015ei ce vrei s\u0103 faci \u00een cer, bietul meu copil?<br \/>\n<\/em><em>&#8211; M\u0103 duc s\u0103-l omor pe bunul Dumnezeu, care l-a ucis pe t\u0103ticul meu.<\/em><\/p>\n","protected":false},"excerpt":{"rendered":"<p>Alexandre Dumas (1802-1870), autorul celebrelor romane &#8222;Cei trei mu\u015fchetari&#8221; sau &#8222;Contele de Monte Cristo&#8221; a fost cel mai popular scriitor francez din lume. Tat\u0103l s\u0103u era generalul Dumas. C\u00e2nd generalul Dumas a ajuns la sf\u00e2r\u015fitul vie\u0163ii, micu\u0163ul Alexandre, atunci \u00een &#8230; <\/p>\n<p class=\"read-more-container\"><a title=\"Celebrul Alexandre Dumas a vrut s\u0103-l \u00eempu\u015fte pe&#8230;Dumnezeu!\" class=\"read-more button\" href=\"https:\/\/www.lovendal.ro\/wp52\/celebrul-alexandre-dumas-a-vrut-sa-l-impuste-pe-dumnezeu\/#more-5884\" aria-label=\"Cite\u0219te mai multe despre Celebrul Alexandre Dumas a vrut s\u0103-l \u00eempu\u015fte pe&#8230;Dumnezeu!\">Cititi mai multe<\/a><\/p>\n","protected":false},"author":1,"featured_media":5885,"comment_status":"open","ping_status":"closed","sticky":false,"template":"","format":"standard","meta":{"footnotes":""},"categories":[28],"tags":[747,9798,323,202,34],"class_list":["post-5884","post","type-post","status-publish","format-standard","has-post-thumbnail","hentry","category-cultura","tag-alexandre-dumas","tag-cultura","tag-dumnezeu","tag-franta","tag-scriitor","resize-featured-image"],"yoast_head":"<!-- This site is optimized with the Yoast SEO Premium plugin v23.3 (Yoast SEO v27.4) - https:\/\/yoast.com\/product\/yoast-seo-premium-wordpress\/ -->\n<title>Celebrul Alexandre Dumas a vrut s\u0103-l \u00eempu\u015fte pe...Dumnezeu! - Secretele lui Lovendal<\/title>\n<meta name=\"robots\" content=\"index, follow, max-snippet:-1, max-image-preview:large, max-video-preview:-1\" \/>\n<link rel=\"canonical\" href=\"https:\/\/www.lovendal.ro\/wp52\/celebrul-alexandre-dumas-a-vrut-sa-l-impuste-pe-dumnezeu\/\" \/>\n<meta property=\"og:locale\" content=\"ro_RO\" \/>\n<meta property=\"og:type\" content=\"article\" \/>\n<meta property=\"og:title\" content=\"Celebrul Alexandre Dumas a vrut s\u0103-l \u00eempu\u015fte pe...Dumnezeu!\" \/>\n<meta property=\"og:description\" content=\"Alexandre Dumas (1802-1870), autorul celebrelor romane &#8222;Cei trei mu\u015fchetari&#8221; sau &#8222;Contele de Monte Cristo&#8221; a fost cel mai popular scriitor francez din lume. Tat\u0103l s\u0103u era generalul Dumas. C\u00e2nd generalul Dumas a ajuns la sf\u00e2r\u015fitul vie\u0163ii, micu\u0163ul Alexandre, atunci \u00een ... Cititi mai multe\" \/>\n<meta property=\"og:url\" content=\"https:\/\/www.lovendal.ro\/wp52\/celebrul-alexandre-dumas-a-vrut-sa-l-impuste-pe-dumnezeu\/\" \/>\n<meta property=\"og:site_name\" content=\"Secretele lui Lovendal\" \/>\n<meta property=\"article:publisher\" content=\"https:\/\/www.facebook.com\/secreteleluilovendal\" \/>\n<meta property=\"article:published_time\" content=\"2009-06-24T04:36:40+00:00\" \/>\n<meta property=\"og:image\" content=\"https:\/\/www.lovendal.ro\/wp52\/wp-content\/uploads\/2009\/06\/dumas.jpg\" \/>\n\t<meta property=\"og:image:width\" content=\"318\" \/>\n\t<meta property=\"og:image:height\" content=\"280\" \/>\n\t<meta property=\"og:image:type\" content=\"image\/jpeg\" \/>\n<meta name=\"author\" content=\"admin\" \/>\n<meta name=\"twitter:card\" content=\"summary_large_image\" \/>\n<meta name=\"twitter:label1\" content=\"Scris de\" \/>\n\t<meta name=\"twitter:data1\" content=\"admin\" \/>\n\t<meta name=\"twitter:label2\" content=\"Timp estimat pentru citire\" \/>\n\t<meta name=\"twitter:data2\" content=\"2 minute\" \/>\n<script type=\"application\/ld+json\" class=\"yoast-schema-graph\">{\"@context\":\"https:\\\/\\\/schema.org\",\"@graph\":[{\"@type\":\"Article\",\"@id\":\"https:\\\/\\\/www.lovendal.ro\\\/wp52\\\/celebrul-alexandre-dumas-a-vrut-sa-l-impuste-pe-dumnezeu\\\/#article\",\"isPartOf\":{\"@id\":\"https:\\\/\\\/www.lovendal.ro\\\/wp52\\\/celebrul-alexandre-dumas-a-vrut-sa-l-impuste-pe-dumnezeu\\\/\"},\"author\":{\"name\":\"admin\",\"@id\":\"https:\\\/\\\/www.lovendal.ro\\\/wp52\\\/#\\\/schema\\\/person\\\/088691de5dfc346bb0c023e1e52ef5d9\"},\"headline\":\"Celebrul Alexandre Dumas a vrut s\u0103-l \u00eempu\u015fte pe&#8230;Dumnezeu!\",\"datePublished\":\"2009-06-24T04:36:40+00:00\",\"mainEntityOfPage\":{\"@id\":\"https:\\\/\\\/www.lovendal.ro\\\/wp52\\\/celebrul-alexandre-dumas-a-vrut-sa-l-impuste-pe-dumnezeu\\\/\"},\"wordCount\":315,\"commentCount\":8,\"publisher\":{\"@id\":\"https:\\\/\\\/www.lovendal.ro\\\/wp52\\\/#organization\"},\"image\":{\"@id\":\"https:\\\/\\\/www.lovendal.ro\\\/wp52\\\/celebrul-alexandre-dumas-a-vrut-sa-l-impuste-pe-dumnezeu\\\/#primaryimage\"},\"thumbnailUrl\":\"https:\\\/\\\/www.lovendal.ro\\\/wp52\\\/wp-content\\\/uploads\\\/2009\\\/06\\\/dumas.jpg\",\"keywords\":[\"Alexandre Dumas\",\"Cultura\",\"Dumnezeu\",\"Fran\u0163a\",\"scriitor\"],\"articleSection\":[\"Cultura\"],\"inLanguage\":\"ro-RO\",\"potentialAction\":[{\"@type\":\"CommentAction\",\"name\":\"Comment\",\"target\":[\"https:\\\/\\\/www.lovendal.ro\\\/wp52\\\/celebrul-alexandre-dumas-a-vrut-sa-l-impuste-pe-dumnezeu\\\/#respond\"]}]},{\"@type\":\"WebPage\",\"@id\":\"https:\\\/\\\/www.lovendal.ro\\\/wp52\\\/celebrul-alexandre-dumas-a-vrut-sa-l-impuste-pe-dumnezeu\\\/\",\"url\":\"https:\\\/\\\/www.lovendal.ro\\\/wp52\\\/celebrul-alexandre-dumas-a-vrut-sa-l-impuste-pe-dumnezeu\\\/\",\"name\":\"Celebrul Alexandre Dumas a vrut s\u0103-l \u00eempu\u015fte pe...Dumnezeu! - Secretele lui Lovendal\",\"isPartOf\":{\"@id\":\"https:\\\/\\\/www.lovendal.ro\\\/wp52\\\/#website\"},\"primaryImageOfPage\":{\"@id\":\"https:\\\/\\\/www.lovendal.ro\\\/wp52\\\/celebrul-alexandre-dumas-a-vrut-sa-l-impuste-pe-dumnezeu\\\/#primaryimage\"},\"image\":{\"@id\":\"https:\\\/\\\/www.lovendal.ro\\\/wp52\\\/celebrul-alexandre-dumas-a-vrut-sa-l-impuste-pe-dumnezeu\\\/#primaryimage\"},\"thumbnailUrl\":\"https:\\\/\\\/www.lovendal.ro\\\/wp52\\\/wp-content\\\/uploads\\\/2009\\\/06\\\/dumas.jpg\",\"datePublished\":\"2009-06-24T04:36:40+00:00\",\"breadcrumb\":{\"@id\":\"https:\\\/\\\/www.lovendal.ro\\\/wp52\\\/celebrul-alexandre-dumas-a-vrut-sa-l-impuste-pe-dumnezeu\\\/#breadcrumb\"},\"inLanguage\":\"ro-RO\",\"potentialAction\":[{\"@type\":\"ReadAction\",\"target\":[\"https:\\\/\\\/www.lovendal.ro\\\/wp52\\\/celebrul-alexandre-dumas-a-vrut-sa-l-impuste-pe-dumnezeu\\\/\"]}]},{\"@type\":\"ImageObject\",\"inLanguage\":\"ro-RO\",\"@id\":\"https:\\\/\\\/www.lovendal.ro\\\/wp52\\\/celebrul-alexandre-dumas-a-vrut-sa-l-impuste-pe-dumnezeu\\\/#primaryimage\",\"url\":\"https:\\\/\\\/www.lovendal.ro\\\/wp52\\\/wp-content\\\/uploads\\\/2009\\\/06\\\/dumas.jpg\",\"contentUrl\":\"https:\\\/\\\/www.lovendal.ro\\\/wp52\\\/wp-content\\\/uploads\\\/2009\\\/06\\\/dumas.jpg\",\"width\":\"318\",\"height\":\"280\"},{\"@type\":\"BreadcrumbList\",\"@id\":\"https:\\\/\\\/www.lovendal.ro\\\/wp52\\\/celebrul-alexandre-dumas-a-vrut-sa-l-impuste-pe-dumnezeu\\\/#breadcrumb\",\"itemListElement\":[{\"@type\":\"ListItem\",\"position\":1,\"name\":\"Home\",\"item\":\"https:\\\/\\\/www.lovendal.ro\\\/wp52\\\/\"},{\"@type\":\"ListItem\",\"position\":2,\"name\":\"Celebrul Alexandre Dumas a vrut s\u0103-l \u00eempu\u015fte pe&#8230;Dumnezeu!\"}]},{\"@type\":\"WebSite\",\"@id\":\"https:\\\/\\\/www.lovendal.ro\\\/wp52\\\/#website\",\"url\":\"https:\\\/\\\/www.lovendal.ro\\\/wp52\\\/\",\"name\":\"Secretele lui Lovendal\",\"description\":\"Site de secrete, stiinta si metafizica - din 2008 -\",\"publisher\":{\"@id\":\"https:\\\/\\\/www.lovendal.ro\\\/wp52\\\/#organization\"},\"potentialAction\":[{\"@type\":\"SearchAction\",\"target\":{\"@type\":\"EntryPoint\",\"urlTemplate\":\"https:\\\/\\\/www.lovendal.ro\\\/wp52\\\/?s={search_term_string}\"},\"query-input\":{\"@type\":\"PropertyValueSpecification\",\"valueRequired\":true,\"valueName\":\"search_term_string\"}}],\"inLanguage\":\"ro-RO\"},{\"@type\":\"Organization\",\"@id\":\"https:\\\/\\\/www.lovendal.ro\\\/wp52\\\/#organization\",\"name\":\"Secretele lui Lovendal\",\"url\":\"https:\\\/\\\/www.lovendal.ro\\\/wp52\\\/\",\"logo\":{\"@type\":\"ImageObject\",\"inLanguage\":\"ro-RO\",\"@id\":\"https:\\\/\\\/www.lovendal.ro\\\/wp52\\\/#\\\/schema\\\/logo\\\/image\\\/\",\"url\":\"https:\\\/\\\/www.lovendal.ro\\\/wp52\\\/wp-content\\\/uploads\\\/2024\\\/06\\\/cropped-SLL-iun-2024-1.jpg\",\"contentUrl\":\"https:\\\/\\\/www.lovendal.ro\\\/wp52\\\/wp-content\\\/uploads\\\/2024\\\/06\\\/cropped-SLL-iun-2024-1.jpg\",\"width\":771,\"height\":240,\"caption\":\"Secretele lui Lovendal\"},\"image\":{\"@id\":\"https:\\\/\\\/www.lovendal.ro\\\/wp52\\\/#\\\/schema\\\/logo\\\/image\\\/\"},\"sameAs\":[\"https:\\\/\\\/www.facebook.com\\\/secreteleluilovendal\"]},{\"@type\":\"Person\",\"@id\":\"https:\\\/\\\/www.lovendal.ro\\\/wp52\\\/#\\\/schema\\\/person\\\/088691de5dfc346bb0c023e1e52ef5d9\",\"name\":\"admin\",\"image\":{\"@type\":\"ImageObject\",\"inLanguage\":\"ro-RO\",\"@id\":\"https:\\\/\\\/secure.gravatar.com\\\/avatar\\\/ecb9cd41f5f63c9c9b989999a59f6e2639a865ec361e9db054db0679a8f341c2?s=96&d=mm&r=g\",\"url\":\"https:\\\/\\\/secure.gravatar.com\\\/avatar\\\/ecb9cd41f5f63c9c9b989999a59f6e2639a865ec361e9db054db0679a8f341c2?s=96&d=mm&r=g\",\"contentUrl\":\"https:\\\/\\\/secure.gravatar.com\\\/avatar\\\/ecb9cd41f5f63c9c9b989999a59f6e2639a865ec361e9db054db0679a8f341c2?s=96&d=mm&r=g\",\"caption\":\"admin\"},\"sameAs\":[\"https:\\\/\\\/www.lovendal.ro\\\/wp52\"]}]}<\/script>\n<!-- \/ Yoast SEO Premium plugin. -->","yoast_head_json":{"title":"Celebrul Alexandre Dumas a vrut s\u0103-l \u00eempu\u015fte pe...Dumnezeu! - Secretele lui Lovendal","robots":{"index":"index","follow":"follow","max-snippet":"max-snippet:-1","max-image-preview":"max-image-preview:large","max-video-preview":"max-video-preview:-1"},"canonical":"https:\/\/www.lovendal.ro\/wp52\/celebrul-alexandre-dumas-a-vrut-sa-l-impuste-pe-dumnezeu\/","og_locale":"ro_RO","og_type":"article","og_title":"Celebrul Alexandre Dumas a vrut s\u0103-l \u00eempu\u015fte pe...Dumnezeu!","og_description":"Alexandre Dumas (1802-1870), autorul celebrelor romane &#8222;Cei trei mu\u015fchetari&#8221; sau &#8222;Contele de Monte Cristo&#8221; a fost cel mai popular scriitor francez din lume. Tat\u0103l s\u0103u era generalul Dumas. C\u00e2nd generalul Dumas a ajuns la sf\u00e2r\u015fitul vie\u0163ii, micu\u0163ul Alexandre, atunci \u00een ... Cititi mai multe","og_url":"https:\/\/www.lovendal.ro\/wp52\/celebrul-alexandre-dumas-a-vrut-sa-l-impuste-pe-dumnezeu\/","og_site_name":"Secretele lui Lovendal","article_publisher":"https:\/\/www.facebook.com\/secreteleluilovendal","article_published_time":"2009-06-24T04:36:40+00:00","og_image":[{"width":318,"height":280,"url":"https:\/\/www.lovendal.ro\/wp52\/wp-content\/uploads\/2009\/06\/dumas.jpg","type":"image\/jpeg"}],"author":"admin","twitter_card":"summary_large_image","twitter_misc":{"Scris de":"admin","Timp estimat pentru citire":"2 minute"},"schema":{"@context":"https:\/\/schema.org","@graph":[{"@type":"Article","@id":"https:\/\/www.lovendal.ro\/wp52\/celebrul-alexandre-dumas-a-vrut-sa-l-impuste-pe-dumnezeu\/#article","isPartOf":{"@id":"https:\/\/www.lovendal.ro\/wp52\/celebrul-alexandre-dumas-a-vrut-sa-l-impuste-pe-dumnezeu\/"},"author":{"name":"admin","@id":"https:\/\/www.lovendal.ro\/wp52\/#\/schema\/person\/088691de5dfc346bb0c023e1e52ef5d9"},"headline":"Celebrul Alexandre Dumas a vrut s\u0103-l \u00eempu\u015fte pe&#8230;Dumnezeu!","datePublished":"2009-06-24T04:36:40+00:00","mainEntityOfPage":{"@id":"https:\/\/www.lovendal.ro\/wp52\/celebrul-alexandre-dumas-a-vrut-sa-l-impuste-pe-dumnezeu\/"},"wordCount":315,"commentCount":8,"publisher":{"@id":"https:\/\/www.lovendal.ro\/wp52\/#organization"},"image":{"@id":"https:\/\/www.lovendal.ro\/wp52\/celebrul-alexandre-dumas-a-vrut-sa-l-impuste-pe-dumnezeu\/#primaryimage"},"thumbnailUrl":"https:\/\/www.lovendal.ro\/wp52\/wp-content\/uploads\/2009\/06\/dumas.jpg","keywords":["Alexandre Dumas","Cultura","Dumnezeu","Fran\u0163a","scriitor"],"articleSection":["Cultura"],"inLanguage":"ro-RO","potentialAction":[{"@type":"CommentAction","name":"Comment","target":["https:\/\/www.lovendal.ro\/wp52\/celebrul-alexandre-dumas-a-vrut-sa-l-impuste-pe-dumnezeu\/#respond"]}]},{"@type":"WebPage","@id":"https:\/\/www.lovendal.ro\/wp52\/celebrul-alexandre-dumas-a-vrut-sa-l-impuste-pe-dumnezeu\/","url":"https:\/\/www.lovendal.ro\/wp52\/celebrul-alexandre-dumas-a-vrut-sa-l-impuste-pe-dumnezeu\/","name":"Celebrul Alexandre Dumas a vrut s\u0103-l \u00eempu\u015fte pe...Dumnezeu! - Secretele lui Lovendal","isPartOf":{"@id":"https:\/\/www.lovendal.ro\/wp52\/#website"},"primaryImageOfPage":{"@id":"https:\/\/www.lovendal.ro\/wp52\/celebrul-alexandre-dumas-a-vrut-sa-l-impuste-pe-dumnezeu\/#primaryimage"},"image":{"@id":"https:\/\/www.lovendal.ro\/wp52\/celebrul-alexandre-dumas-a-vrut-sa-l-impuste-pe-dumnezeu\/#primaryimage"},"thumbnailUrl":"https:\/\/www.lovendal.ro\/wp52\/wp-content\/uploads\/2009\/06\/dumas.jpg","datePublished":"2009-06-24T04:36:40+00:00","breadcrumb":{"@id":"https:\/\/www.lovendal.ro\/wp52\/celebrul-alexandre-dumas-a-vrut-sa-l-impuste-pe-dumnezeu\/#breadcrumb"},"inLanguage":"ro-RO","potentialAction":[{"@type":"ReadAction","target":["https:\/\/www.lovendal.ro\/wp52\/celebrul-alexandre-dumas-a-vrut-sa-l-impuste-pe-dumnezeu\/"]}]},{"@type":"ImageObject","inLanguage":"ro-RO","@id":"https:\/\/www.lovendal.ro\/wp52\/celebrul-alexandre-dumas-a-vrut-sa-l-impuste-pe-dumnezeu\/#primaryimage","url":"https:\/\/www.lovendal.ro\/wp52\/wp-content\/uploads\/2009\/06\/dumas.jpg","contentUrl":"https:\/\/www.lovendal.ro\/wp52\/wp-content\/uploads\/2009\/06\/dumas.jpg","width":"318","height":"280"},{"@type":"BreadcrumbList","@id":"https:\/\/www.lovendal.ro\/wp52\/celebrul-alexandre-dumas-a-vrut-sa-l-impuste-pe-dumnezeu\/#breadcrumb","itemListElement":[{"@type":"ListItem","position":1,"name":"Home","item":"https:\/\/www.lovendal.ro\/wp52\/"},{"@type":"ListItem","position":2,"name":"Celebrul Alexandre Dumas a vrut s\u0103-l \u00eempu\u015fte pe&#8230;Dumnezeu!"}]},{"@type":"WebSite","@id":"https:\/\/www.lovendal.ro\/wp52\/#website","url":"https:\/\/www.lovendal.ro\/wp52\/","name":"Secretele lui Lovendal","description":"Site de secrete, stiinta si metafizica - din 2008 -","publisher":{"@id":"https:\/\/www.lovendal.ro\/wp52\/#organization"},"potentialAction":[{"@type":"SearchAction","target":{"@type":"EntryPoint","urlTemplate":"https:\/\/www.lovendal.ro\/wp52\/?s={search_term_string}"},"query-input":{"@type":"PropertyValueSpecification","valueRequired":true,"valueName":"search_term_string"}}],"inLanguage":"ro-RO"},{"@type":"Organization","@id":"https:\/\/www.lovendal.ro\/wp52\/#organization","name":"Secretele lui Lovendal","url":"https:\/\/www.lovendal.ro\/wp52\/","logo":{"@type":"ImageObject","inLanguage":"ro-RO","@id":"https:\/\/www.lovendal.ro\/wp52\/#\/schema\/logo\/image\/","url":"https:\/\/www.lovendal.ro\/wp52\/wp-content\/uploads\/2024\/06\/cropped-SLL-iun-2024-1.jpg","contentUrl":"https:\/\/www.lovendal.ro\/wp52\/wp-content\/uploads\/2024\/06\/cropped-SLL-iun-2024-1.jpg","width":771,"height":240,"caption":"Secretele lui Lovendal"},"image":{"@id":"https:\/\/www.lovendal.ro\/wp52\/#\/schema\/logo\/image\/"},"sameAs":["https:\/\/www.facebook.com\/secreteleluilovendal"]},{"@type":"Person","@id":"https:\/\/www.lovendal.ro\/wp52\/#\/schema\/person\/088691de5dfc346bb0c023e1e52ef5d9","name":"admin","image":{"@type":"ImageObject","inLanguage":"ro-RO","@id":"https:\/\/secure.gravatar.com\/avatar\/ecb9cd41f5f63c9c9b989999a59f6e2639a865ec361e9db054db0679a8f341c2?s=96&d=mm&r=g","url":"https:\/\/secure.gravatar.com\/avatar\/ecb9cd41f5f63c9c9b989999a59f6e2639a865ec361e9db054db0679a8f341c2?s=96&d=mm&r=g","contentUrl":"https:\/\/secure.gravatar.com\/avatar\/ecb9cd41f5f63c9c9b989999a59f6e2639a865ec361e9db054db0679a8f341c2?s=96&d=mm&r=g","caption":"admin"},"sameAs":["https:\/\/www.lovendal.ro\/wp52"]}]}},"_links":{"self":[{"href":"https:\/\/www.lovendal.ro\/wp52\/wp-json\/wp\/v2\/posts\/5884","targetHints":{"allow":["GET"]}}],"collection":[{"href":"https:\/\/www.lovendal.ro\/wp52\/wp-json\/wp\/v2\/posts"}],"about":[{"href":"https:\/\/www.lovendal.ro\/wp52\/wp-json\/wp\/v2\/types\/post"}],"author":[{"embeddable":true,"href":"https:\/\/www.lovendal.ro\/wp52\/wp-json\/wp\/v2\/users\/1"}],"replies":[{"embeddable":true,"href":"https:\/\/www.lovendal.ro\/wp52\/wp-json\/wp\/v2\/comments?post=5884"}],"version-history":[{"count":0,"href":"https:\/\/www.lovendal.ro\/wp52\/wp-json\/wp\/v2\/posts\/5884\/revisions"}],"wp:featuredmedia":[{"embeddable":true,"href":"https:\/\/www.lovendal.ro\/wp52\/wp-json\/wp\/v2\/media\/5885"}],"wp:attachment":[{"href":"https:\/\/www.lovendal.ro\/wp52\/wp-json\/wp\/v2\/media?parent=5884"}],"wp:term":[{"taxonomy":"category","embeddable":true,"href":"https:\/\/www.lovendal.ro\/wp52\/wp-json\/wp\/v2\/categories?post=5884"},{"taxonomy":"post_tag","embeddable":true,"href":"https:\/\/www.lovendal.ro\/wp52\/wp-json\/wp\/v2\/tags?post=5884"}],"curies":[{"name":"wp","href":"https:\/\/api.w.org\/{rel}","templated":true}]}}