{"id":58087,"date":"2018-11-19T21:57:07","date_gmt":"2018-11-19T19:57:07","guid":{"rendered":"https:\/\/www.lovendal.ro\/wp52\/?p=58087"},"modified":"2018-11-19T21:57:07","modified_gmt":"2018-11-19T19:57:07","slug":"karma-chiar-functioneaza-cum-regele-spaniol-ferdinand-al-iv-lea-a-murit-la-30-de-zile-dupa-ce-a-fost-blestemat-in-urma-unei-nedreptati","status":"publish","type":"post","link":"https:\/\/www.lovendal.ro\/wp52\/karma-chiar-functioneaza-cum-regele-spaniol-ferdinand-al-iv-lea-a-murit-la-30-de-zile-dupa-ce-a-fost-blestemat-in-urma-unei-nedreptati\/","title":{"rendered":"Karma chiar func\u0163ioneaz\u0103: cum regele spaniol Ferdinand al IV-lea a murit la 30 de zile dup\u0103 ce-a fost blestemat, \u00een urma unei nedrept\u0103\u0163i"},"content":{"rendered":"<p><a href=\"https:\/\/www.lovendal.ro\/wp52\/wp-content\/uploads\/2018\/11\/Ferdinand-IV.jpg\"><img loading=\"lazy\" decoding=\"async\" class=\"alignleft size-full wp-image-58088\" src=\"https:\/\/www.lovendal.ro\/wp52\/wp-content\/uploads\/2018\/11\/Ferdinand-IV.jpg\" alt=\"\" width=\"335\" height=\"333\" srcset=\"https:\/\/www.lovendal.ro\/wp52\/wp-content\/uploads\/2018\/11\/Ferdinand-IV.jpg 335w, https:\/\/www.lovendal.ro\/wp52\/wp-content\/uploads\/2018\/11\/Ferdinand-IV-150x150.jpg 150w, https:\/\/www.lovendal.ro\/wp52\/wp-content\/uploads\/2018\/11\/Ferdinand-IV-300x298.jpg 300w\" sizes=\"auto, (max-width: 335px) 100vw, 335px\" \/><\/a>Ferdinand al IV-lea al Castiliei a fost rege al Castiliei \u0219i al Leonului \u00eentre anii 1295-1312. \u00cen timpul copil\u0103riei sale regatul a fost condus de mama sa, Maria de Molina, regele minor fiind sub tutela infantelui Enrique de Castilla \u201eel Senador\u201d, fiul regelui Ferdinand al III-lea cel Sf\u00e2nt. Mama sa a continuat s\u0103 joace un rol politic \u0219i \u00een timpul majoratului fiului ei, \u00eempiedic\u00e2nd de mai multe ori detronarea acestuia. Domnia sa a stat sub semnul confrunt\u0103rii dintre regalitate \u0219i nobilimea condus\u0103 de unchiul regelui, Infantele Juan de Castilia de Tarifa.<\/p>\n<p>Deoarece condamnase la moarte doi fra\u0163i acuza\u0163i de a fi asasinat un senior castilian, c\u00e2nd acesta ie\u015fea din palat, a vrut ca sentin\u0163a s\u0103 fie executat\u0103, de\u015fi acuza\u0163ii pretindeau c\u0103 sunt nevinova\u0163i \u015fi c\u0103 nu exist\u0103 nicio dovad\u0103 \u00eempotriva lor.<\/p>\n<p>Atunci, spun istoricii timpului s\u0103u, cei doi fra\u0163i l-au citat pe Ferdinand s\u0103 compar\u0103 \u00een 30 de zile la tribunalul judec\u0103torilor regilor. Adic\u0103, el fu blestemat. \u015ei exact peste 30 de zile mai t\u00e2rziu, retr\u0103g\u00e2ndu-se s\u0103 se odihneasc\u0103 dup\u0103 mas\u0103, regele a fost g\u0103sit \u00een patul s\u0103u, mort. Poporul, crez\u00e2nd cu u\u015furin\u0163\u0103 \u00een tot ce \u0163ine de miraculos, nu s-a \u00eendoit nicio clip\u0103 c\u0103 moartea regelui a fost urmarea cita\u0163iei care i se f\u0103cuse. \u015ei regele avea numai 27 de ani&#8230;<\/p>\n<h6><strong><em>Surse: <\/em>Cartea &#8222;Mor\u0163i celebre&#8221;, <a href=\"https:\/\/ro.wikipedia.org\/wiki\/Ferdinand_al_IV-lea_al_Castiliei\" target=\"_blank\" rel=\"noopener\">wikipedia.org<\/a><\/strong><\/h6>\n<h6><em><strong>Foto: <\/strong><\/em><a href=\"https:\/\/upload.wikimedia.org\/wikipedia\/commons\/thumb\/d\/de\/%C3%9Altimos_momentos_del_rey_Fernando_IV_de_Castilla_y_Le%C3%B3n.jpg\/500px-%C3%9Altimos_momentos_del_rey_Fernando_IV_de_Castilla_y_Le%C3%B3n.jpg\" target=\"_blank\" rel=\"noopener\"><strong>wikimedia.org<\/strong><\/a><strong>\u00a0<\/strong>(Commons Creative, free)<\/h6>\n","protected":false},"excerpt":{"rendered":"<p>Ferdinand al IV-lea al Castiliei a fost rege al Castiliei \u0219i al Leonului \u00eentre anii 1295-1312. \u00cen timpul copil\u0103riei sale regatul a fost condus de mama sa, Maria de Molina, regele minor fiind sub tutela infantelui Enrique de Castilla \u201eel &#8230; <\/p>\n<p class=\"read-more-container\"><a title=\"Karma chiar func\u0163ioneaz\u0103: cum regele spaniol Ferdinand al IV-lea a murit la 30 de zile dup\u0103 ce-a fost blestemat, \u00een urma unei nedrept\u0103\u0163i\" class=\"read-more button\" href=\"https:\/\/www.lovendal.ro\/wp52\/karma-chiar-functioneaza-cum-regele-spaniol-ferdinand-al-iv-lea-a-murit-la-30-de-zile-dupa-ce-a-fost-blestemat-in-urma-unei-nedreptati\/#more-58087\" aria-label=\"Cite\u0219te mai multe despre Karma chiar func\u0163ioneaz\u0103: cum regele spaniol Ferdinand al IV-lea a murit la 30 de zile dup\u0103 ce-a fost blestemat, \u00een urma unei nedrept\u0103\u0163i\">Cititi mai multe<\/a><\/p>\n","protected":false},"author":1,"featured_media":58088,"comment_status":"closed","ping_status":"closed","sticky":false,"template":"","format":"standard","meta":{"footnotes":""},"categories":[9],"tags":[242,1792,1791,1532,4457,883,108,2149,453],"class_list":["post-58087","post","type-post","status-publish","format-standard","has-post-thumbnail","hentry","category-istorie","tag-blestem","tag-castilia","tag-ferdinand-al-iv-lea","tag-istorie-si-civilizatii","tag-karma","tag-leon","tag-moarte","tag-palat","tag-rege","resize-featured-image"],"yoast_head":"<!-- This site is optimized with the Yoast SEO Premium plugin v23.3 (Yoast SEO v27.4) - https:\/\/yoast.com\/product\/yoast-seo-premium-wordpress\/ -->\n<title>Karma chiar func\u0163ioneaz\u0103: cum regele spaniol Ferdinand al IV-lea a murit la 30 de zile dup\u0103 ce-a fost blestemat, \u00een urma unei nedrept\u0103\u0163i - Secretele lui Lovendal<\/title>\n<meta name=\"robots\" content=\"index, follow, max-snippet:-1, max-image-preview:large, max-video-preview:-1\" \/>\n<link rel=\"canonical\" href=\"https:\/\/www.lovendal.ro\/wp52\/karma-chiar-functioneaza-cum-regele-spaniol-ferdinand-al-iv-lea-a-murit-la-30-de-zile-dupa-ce-a-fost-blestemat-in-urma-unei-nedreptati\/\" \/>\n<meta property=\"og:locale\" content=\"ro_RO\" \/>\n<meta property=\"og:type\" content=\"article\" \/>\n<meta property=\"og:title\" content=\"Karma chiar func\u0163ioneaz\u0103: cum regele spaniol Ferdinand al IV-lea a murit la 30 de zile dup\u0103 ce-a fost blestemat, \u00een urma unei nedrept\u0103\u0163i\" \/>\n<meta property=\"og:description\" content=\"Ferdinand al IV-lea al Castiliei a fost rege al Castiliei \u0219i al Leonului \u00eentre anii 1295-1312. \u00cen timpul copil\u0103riei sale regatul a fost condus de mama sa, Maria de Molina, regele minor fiind sub tutela infantelui Enrique de Castilla \u201eel ... Cititi mai multe\" \/>\n<meta property=\"og:url\" content=\"https:\/\/www.lovendal.ro\/wp52\/karma-chiar-functioneaza-cum-regele-spaniol-ferdinand-al-iv-lea-a-murit-la-30-de-zile-dupa-ce-a-fost-blestemat-in-urma-unei-nedreptati\/\" \/>\n<meta property=\"og:site_name\" content=\"Secretele lui Lovendal\" \/>\n<meta property=\"article:publisher\" content=\"https:\/\/www.facebook.com\/secreteleluilovendal\" \/>\n<meta property=\"article:published_time\" content=\"2018-11-19T19:57:07+00:00\" \/>\n<meta property=\"og:image\" content=\"https:\/\/www.lovendal.ro\/wp52\/wp-content\/uploads\/2018\/11\/Ferdinand-IV.jpg\" \/>\n\t<meta property=\"og:image:width\" content=\"335\" \/>\n\t<meta property=\"og:image:height\" content=\"333\" \/>\n\t<meta property=\"og:image:type\" content=\"image\/jpeg\" \/>\n<meta name=\"author\" content=\"admin\" \/>\n<meta name=\"twitter:card\" content=\"summary_large_image\" \/>\n<meta name=\"twitter:label1\" content=\"Scris de\" \/>\n\t<meta name=\"twitter:data1\" content=\"admin\" \/>\n\t<meta name=\"twitter:label2\" content=\"Timp estimat pentru citire\" \/>\n\t<meta name=\"twitter:data2\" content=\"1 minut\" \/>\n<script type=\"application\/ld+json\" class=\"yoast-schema-graph\">{\"@context\":\"https:\\\/\\\/schema.org\",\"@graph\":[{\"@type\":\"Article\",\"@id\":\"https:\\\/\\\/www.lovendal.ro\\\/wp52\\\/karma-chiar-functioneaza-cum-regele-spaniol-ferdinand-al-iv-lea-a-murit-la-30-de-zile-dupa-ce-a-fost-blestemat-in-urma-unei-nedreptati\\\/#article\",\"isPartOf\":{\"@id\":\"https:\\\/\\\/www.lovendal.ro\\\/wp52\\\/karma-chiar-functioneaza-cum-regele-spaniol-ferdinand-al-iv-lea-a-murit-la-30-de-zile-dupa-ce-a-fost-blestemat-in-urma-unei-nedreptati\\\/\"},\"author\":{\"name\":\"admin\",\"@id\":\"https:\\\/\\\/www.lovendal.ro\\\/wp52\\\/#\\\/schema\\\/person\\\/088691de5dfc346bb0c023e1e52ef5d9\"},\"headline\":\"Karma chiar func\u0163ioneaz\u0103: cum regele spaniol Ferdinand al IV-lea a murit la 30 de zile dup\u0103 ce-a fost blestemat, \u00een urma unei nedrept\u0103\u0163i\",\"datePublished\":\"2018-11-19T19:57:07+00:00\",\"mainEntityOfPage\":{\"@id\":\"https:\\\/\\\/www.lovendal.ro\\\/wp52\\\/karma-chiar-functioneaza-cum-regele-spaniol-ferdinand-al-iv-lea-a-murit-la-30-de-zile-dupa-ce-a-fost-blestemat-in-urma-unei-nedreptati\\\/\"},\"wordCount\":270,\"publisher\":{\"@id\":\"https:\\\/\\\/www.lovendal.ro\\\/wp52\\\/#organization\"},\"image\":{\"@id\":\"https:\\\/\\\/www.lovendal.ro\\\/wp52\\\/karma-chiar-functioneaza-cum-regele-spaniol-ferdinand-al-iv-lea-a-murit-la-30-de-zile-dupa-ce-a-fost-blestemat-in-urma-unei-nedreptati\\\/#primaryimage\"},\"thumbnailUrl\":\"https:\\\/\\\/www.lovendal.ro\\\/wp52\\\/wp-content\\\/uploads\\\/2018\\\/11\\\/Ferdinand-IV.jpg\",\"keywords\":[\"blestem\",\"Castilia\",\"Ferdinand al IV-lea\",\"Istorie si Civilizatii\",\"karm\u0103\",\"Leon\",\"moarte\",\"palat\",\"rege\"],\"articleSection\":[\"Istorie si Civilizatii\"],\"inLanguage\":\"ro-RO\"},{\"@type\":\"WebPage\",\"@id\":\"https:\\\/\\\/www.lovendal.ro\\\/wp52\\\/karma-chiar-functioneaza-cum-regele-spaniol-ferdinand-al-iv-lea-a-murit-la-30-de-zile-dupa-ce-a-fost-blestemat-in-urma-unei-nedreptati\\\/\",\"url\":\"https:\\\/\\\/www.lovendal.ro\\\/wp52\\\/karma-chiar-functioneaza-cum-regele-spaniol-ferdinand-al-iv-lea-a-murit-la-30-de-zile-dupa-ce-a-fost-blestemat-in-urma-unei-nedreptati\\\/\",\"name\":\"Karma chiar func\u0163ioneaz\u0103: cum regele spaniol Ferdinand al IV-lea a murit la 30 de zile dup\u0103 ce-a fost blestemat, \u00een urma unei nedrept\u0103\u0163i - Secretele lui Lovendal\",\"isPartOf\":{\"@id\":\"https:\\\/\\\/www.lovendal.ro\\\/wp52\\\/#website\"},\"primaryImageOfPage\":{\"@id\":\"https:\\\/\\\/www.lovendal.ro\\\/wp52\\\/karma-chiar-functioneaza-cum-regele-spaniol-ferdinand-al-iv-lea-a-murit-la-30-de-zile-dupa-ce-a-fost-blestemat-in-urma-unei-nedreptati\\\/#primaryimage\"},\"image\":{\"@id\":\"https:\\\/\\\/www.lovendal.ro\\\/wp52\\\/karma-chiar-functioneaza-cum-regele-spaniol-ferdinand-al-iv-lea-a-murit-la-30-de-zile-dupa-ce-a-fost-blestemat-in-urma-unei-nedreptati\\\/#primaryimage\"},\"thumbnailUrl\":\"https:\\\/\\\/www.lovendal.ro\\\/wp52\\\/wp-content\\\/uploads\\\/2018\\\/11\\\/Ferdinand-IV.jpg\",\"datePublished\":\"2018-11-19T19:57:07+00:00\",\"breadcrumb\":{\"@id\":\"https:\\\/\\\/www.lovendal.ro\\\/wp52\\\/karma-chiar-functioneaza-cum-regele-spaniol-ferdinand-al-iv-lea-a-murit-la-30-de-zile-dupa-ce-a-fost-blestemat-in-urma-unei-nedreptati\\\/#breadcrumb\"},\"inLanguage\":\"ro-RO\",\"potentialAction\":[{\"@type\":\"ReadAction\",\"target\":[\"https:\\\/\\\/www.lovendal.ro\\\/wp52\\\/karma-chiar-functioneaza-cum-regele-spaniol-ferdinand-al-iv-lea-a-murit-la-30-de-zile-dupa-ce-a-fost-blestemat-in-urma-unei-nedreptati\\\/\"]}]},{\"@type\":\"ImageObject\",\"inLanguage\":\"ro-RO\",\"@id\":\"https:\\\/\\\/www.lovendal.ro\\\/wp52\\\/karma-chiar-functioneaza-cum-regele-spaniol-ferdinand-al-iv-lea-a-murit-la-30-de-zile-dupa-ce-a-fost-blestemat-in-urma-unei-nedreptati\\\/#primaryimage\",\"url\":\"https:\\\/\\\/www.lovendal.ro\\\/wp52\\\/wp-content\\\/uploads\\\/2018\\\/11\\\/Ferdinand-IV.jpg\",\"contentUrl\":\"https:\\\/\\\/www.lovendal.ro\\\/wp52\\\/wp-content\\\/uploads\\\/2018\\\/11\\\/Ferdinand-IV.jpg\",\"width\":335,\"height\":333},{\"@type\":\"BreadcrumbList\",\"@id\":\"https:\\\/\\\/www.lovendal.ro\\\/wp52\\\/karma-chiar-functioneaza-cum-regele-spaniol-ferdinand-al-iv-lea-a-murit-la-30-de-zile-dupa-ce-a-fost-blestemat-in-urma-unei-nedreptati\\\/#breadcrumb\",\"itemListElement\":[{\"@type\":\"ListItem\",\"position\":1,\"name\":\"Home\",\"item\":\"https:\\\/\\\/www.lovendal.ro\\\/wp52\\\/\"},{\"@type\":\"ListItem\",\"position\":2,\"name\":\"Karma chiar func\u0163ioneaz\u0103: cum regele spaniol Ferdinand al IV-lea a murit la 30 de zile dup\u0103 ce-a fost blestemat, \u00een urma unei nedrept\u0103\u0163i\"}]},{\"@type\":\"WebSite\",\"@id\":\"https:\\\/\\\/www.lovendal.ro\\\/wp52\\\/#website\",\"url\":\"https:\\\/\\\/www.lovendal.ro\\\/wp52\\\/\",\"name\":\"Secretele lui Lovendal\",\"description\":\"Site de secrete, stiinta si metafizica - din 2008 -\",\"publisher\":{\"@id\":\"https:\\\/\\\/www.lovendal.ro\\\/wp52\\\/#organization\"},\"potentialAction\":[{\"@type\":\"SearchAction\",\"target\":{\"@type\":\"EntryPoint\",\"urlTemplate\":\"https:\\\/\\\/www.lovendal.ro\\\/wp52\\\/?s={search_term_string}\"},\"query-input\":{\"@type\":\"PropertyValueSpecification\",\"valueRequired\":true,\"valueName\":\"search_term_string\"}}],\"inLanguage\":\"ro-RO\"},{\"@type\":\"Organization\",\"@id\":\"https:\\\/\\\/www.lovendal.ro\\\/wp52\\\/#organization\",\"name\":\"Secretele lui Lovendal\",\"url\":\"https:\\\/\\\/www.lovendal.ro\\\/wp52\\\/\",\"logo\":{\"@type\":\"ImageObject\",\"inLanguage\":\"ro-RO\",\"@id\":\"https:\\\/\\\/www.lovendal.ro\\\/wp52\\\/#\\\/schema\\\/logo\\\/image\\\/\",\"url\":\"https:\\\/\\\/www.lovendal.ro\\\/wp52\\\/wp-content\\\/uploads\\\/2024\\\/06\\\/cropped-SLL-iun-2024-1.jpg\",\"contentUrl\":\"https:\\\/\\\/www.lovendal.ro\\\/wp52\\\/wp-content\\\/uploads\\\/2024\\\/06\\\/cropped-SLL-iun-2024-1.jpg\",\"width\":771,\"height\":240,\"caption\":\"Secretele lui Lovendal\"},\"image\":{\"@id\":\"https:\\\/\\\/www.lovendal.ro\\\/wp52\\\/#\\\/schema\\\/logo\\\/image\\\/\"},\"sameAs\":[\"https:\\\/\\\/www.facebook.com\\\/secreteleluilovendal\"]},{\"@type\":\"Person\",\"@id\":\"https:\\\/\\\/www.lovendal.ro\\\/wp52\\\/#\\\/schema\\\/person\\\/088691de5dfc346bb0c023e1e52ef5d9\",\"name\":\"admin\",\"image\":{\"@type\":\"ImageObject\",\"inLanguage\":\"ro-RO\",\"@id\":\"https:\\\/\\\/secure.gravatar.com\\\/avatar\\\/ecb9cd41f5f63c9c9b989999a59f6e2639a865ec361e9db054db0679a8f341c2?s=96&d=mm&r=g\",\"url\":\"https:\\\/\\\/secure.gravatar.com\\\/avatar\\\/ecb9cd41f5f63c9c9b989999a59f6e2639a865ec361e9db054db0679a8f341c2?s=96&d=mm&r=g\",\"contentUrl\":\"https:\\\/\\\/secure.gravatar.com\\\/avatar\\\/ecb9cd41f5f63c9c9b989999a59f6e2639a865ec361e9db054db0679a8f341c2?s=96&d=mm&r=g\",\"caption\":\"admin\"},\"sameAs\":[\"https:\\\/\\\/www.lovendal.ro\\\/wp52\"]}]}<\/script>\n<!-- \/ Yoast SEO Premium plugin. -->","yoast_head_json":{"title":"Karma chiar func\u0163ioneaz\u0103: cum regele spaniol Ferdinand al IV-lea a murit la 30 de zile dup\u0103 ce-a fost blestemat, \u00een urma unei nedrept\u0103\u0163i - Secretele lui Lovendal","robots":{"index":"index","follow":"follow","max-snippet":"max-snippet:-1","max-image-preview":"max-image-preview:large","max-video-preview":"max-video-preview:-1"},"canonical":"https:\/\/www.lovendal.ro\/wp52\/karma-chiar-functioneaza-cum-regele-spaniol-ferdinand-al-iv-lea-a-murit-la-30-de-zile-dupa-ce-a-fost-blestemat-in-urma-unei-nedreptati\/","og_locale":"ro_RO","og_type":"article","og_title":"Karma chiar func\u0163ioneaz\u0103: cum regele spaniol Ferdinand al IV-lea a murit la 30 de zile dup\u0103 ce-a fost blestemat, \u00een urma unei nedrept\u0103\u0163i","og_description":"Ferdinand al IV-lea al Castiliei a fost rege al Castiliei \u0219i al Leonului \u00eentre anii 1295-1312. \u00cen timpul copil\u0103riei sale regatul a fost condus de mama sa, Maria de Molina, regele minor fiind sub tutela infantelui Enrique de Castilla \u201eel ... Cititi mai multe","og_url":"https:\/\/www.lovendal.ro\/wp52\/karma-chiar-functioneaza-cum-regele-spaniol-ferdinand-al-iv-lea-a-murit-la-30-de-zile-dupa-ce-a-fost-blestemat-in-urma-unei-nedreptati\/","og_site_name":"Secretele lui Lovendal","article_publisher":"https:\/\/www.facebook.com\/secreteleluilovendal","article_published_time":"2018-11-19T19:57:07+00:00","og_image":[{"width":335,"height":333,"url":"https:\/\/www.lovendal.ro\/wp52\/wp-content\/uploads\/2018\/11\/Ferdinand-IV.jpg","type":"image\/jpeg"}],"author":"admin","twitter_card":"summary_large_image","twitter_misc":{"Scris de":"admin","Timp estimat pentru citire":"1 minut"},"schema":{"@context":"https:\/\/schema.org","@graph":[{"@type":"Article","@id":"https:\/\/www.lovendal.ro\/wp52\/karma-chiar-functioneaza-cum-regele-spaniol-ferdinand-al-iv-lea-a-murit-la-30-de-zile-dupa-ce-a-fost-blestemat-in-urma-unei-nedreptati\/#article","isPartOf":{"@id":"https:\/\/www.lovendal.ro\/wp52\/karma-chiar-functioneaza-cum-regele-spaniol-ferdinand-al-iv-lea-a-murit-la-30-de-zile-dupa-ce-a-fost-blestemat-in-urma-unei-nedreptati\/"},"author":{"name":"admin","@id":"https:\/\/www.lovendal.ro\/wp52\/#\/schema\/person\/088691de5dfc346bb0c023e1e52ef5d9"},"headline":"Karma chiar func\u0163ioneaz\u0103: cum regele spaniol Ferdinand al IV-lea a murit la 30 de zile dup\u0103 ce-a fost blestemat, \u00een urma unei nedrept\u0103\u0163i","datePublished":"2018-11-19T19:57:07+00:00","mainEntityOfPage":{"@id":"https:\/\/www.lovendal.ro\/wp52\/karma-chiar-functioneaza-cum-regele-spaniol-ferdinand-al-iv-lea-a-murit-la-30-de-zile-dupa-ce-a-fost-blestemat-in-urma-unei-nedreptati\/"},"wordCount":270,"publisher":{"@id":"https:\/\/www.lovendal.ro\/wp52\/#organization"},"image":{"@id":"https:\/\/www.lovendal.ro\/wp52\/karma-chiar-functioneaza-cum-regele-spaniol-ferdinand-al-iv-lea-a-murit-la-30-de-zile-dupa-ce-a-fost-blestemat-in-urma-unei-nedreptati\/#primaryimage"},"thumbnailUrl":"https:\/\/www.lovendal.ro\/wp52\/wp-content\/uploads\/2018\/11\/Ferdinand-IV.jpg","keywords":["blestem","Castilia","Ferdinand al IV-lea","Istorie si Civilizatii","karm\u0103","Leon","moarte","palat","rege"],"articleSection":["Istorie si Civilizatii"],"inLanguage":"ro-RO"},{"@type":"WebPage","@id":"https:\/\/www.lovendal.ro\/wp52\/karma-chiar-functioneaza-cum-regele-spaniol-ferdinand-al-iv-lea-a-murit-la-30-de-zile-dupa-ce-a-fost-blestemat-in-urma-unei-nedreptati\/","url":"https:\/\/www.lovendal.ro\/wp52\/karma-chiar-functioneaza-cum-regele-spaniol-ferdinand-al-iv-lea-a-murit-la-30-de-zile-dupa-ce-a-fost-blestemat-in-urma-unei-nedreptati\/","name":"Karma chiar func\u0163ioneaz\u0103: cum regele spaniol Ferdinand al IV-lea a murit la 30 de zile dup\u0103 ce-a fost blestemat, \u00een urma unei nedrept\u0103\u0163i - Secretele lui Lovendal","isPartOf":{"@id":"https:\/\/www.lovendal.ro\/wp52\/#website"},"primaryImageOfPage":{"@id":"https:\/\/www.lovendal.ro\/wp52\/karma-chiar-functioneaza-cum-regele-spaniol-ferdinand-al-iv-lea-a-murit-la-30-de-zile-dupa-ce-a-fost-blestemat-in-urma-unei-nedreptati\/#primaryimage"},"image":{"@id":"https:\/\/www.lovendal.ro\/wp52\/karma-chiar-functioneaza-cum-regele-spaniol-ferdinand-al-iv-lea-a-murit-la-30-de-zile-dupa-ce-a-fost-blestemat-in-urma-unei-nedreptati\/#primaryimage"},"thumbnailUrl":"https:\/\/www.lovendal.ro\/wp52\/wp-content\/uploads\/2018\/11\/Ferdinand-IV.jpg","datePublished":"2018-11-19T19:57:07+00:00","breadcrumb":{"@id":"https:\/\/www.lovendal.ro\/wp52\/karma-chiar-functioneaza-cum-regele-spaniol-ferdinand-al-iv-lea-a-murit-la-30-de-zile-dupa-ce-a-fost-blestemat-in-urma-unei-nedreptati\/#breadcrumb"},"inLanguage":"ro-RO","potentialAction":[{"@type":"ReadAction","target":["https:\/\/www.lovendal.ro\/wp52\/karma-chiar-functioneaza-cum-regele-spaniol-ferdinand-al-iv-lea-a-murit-la-30-de-zile-dupa-ce-a-fost-blestemat-in-urma-unei-nedreptati\/"]}]},{"@type":"ImageObject","inLanguage":"ro-RO","@id":"https:\/\/www.lovendal.ro\/wp52\/karma-chiar-functioneaza-cum-regele-spaniol-ferdinand-al-iv-lea-a-murit-la-30-de-zile-dupa-ce-a-fost-blestemat-in-urma-unei-nedreptati\/#primaryimage","url":"https:\/\/www.lovendal.ro\/wp52\/wp-content\/uploads\/2018\/11\/Ferdinand-IV.jpg","contentUrl":"https:\/\/www.lovendal.ro\/wp52\/wp-content\/uploads\/2018\/11\/Ferdinand-IV.jpg","width":335,"height":333},{"@type":"BreadcrumbList","@id":"https:\/\/www.lovendal.ro\/wp52\/karma-chiar-functioneaza-cum-regele-spaniol-ferdinand-al-iv-lea-a-murit-la-30-de-zile-dupa-ce-a-fost-blestemat-in-urma-unei-nedreptati\/#breadcrumb","itemListElement":[{"@type":"ListItem","position":1,"name":"Home","item":"https:\/\/www.lovendal.ro\/wp52\/"},{"@type":"ListItem","position":2,"name":"Karma chiar func\u0163ioneaz\u0103: cum regele spaniol Ferdinand al IV-lea a murit la 30 de zile dup\u0103 ce-a fost blestemat, \u00een urma unei nedrept\u0103\u0163i"}]},{"@type":"WebSite","@id":"https:\/\/www.lovendal.ro\/wp52\/#website","url":"https:\/\/www.lovendal.ro\/wp52\/","name":"Secretele lui Lovendal","description":"Site de secrete, stiinta si metafizica - din 2008 -","publisher":{"@id":"https:\/\/www.lovendal.ro\/wp52\/#organization"},"potentialAction":[{"@type":"SearchAction","target":{"@type":"EntryPoint","urlTemplate":"https:\/\/www.lovendal.ro\/wp52\/?s={search_term_string}"},"query-input":{"@type":"PropertyValueSpecification","valueRequired":true,"valueName":"search_term_string"}}],"inLanguage":"ro-RO"},{"@type":"Organization","@id":"https:\/\/www.lovendal.ro\/wp52\/#organization","name":"Secretele lui Lovendal","url":"https:\/\/www.lovendal.ro\/wp52\/","logo":{"@type":"ImageObject","inLanguage":"ro-RO","@id":"https:\/\/www.lovendal.ro\/wp52\/#\/schema\/logo\/image\/","url":"https:\/\/www.lovendal.ro\/wp52\/wp-content\/uploads\/2024\/06\/cropped-SLL-iun-2024-1.jpg","contentUrl":"https:\/\/www.lovendal.ro\/wp52\/wp-content\/uploads\/2024\/06\/cropped-SLL-iun-2024-1.jpg","width":771,"height":240,"caption":"Secretele lui Lovendal"},"image":{"@id":"https:\/\/www.lovendal.ro\/wp52\/#\/schema\/logo\/image\/"},"sameAs":["https:\/\/www.facebook.com\/secreteleluilovendal"]},{"@type":"Person","@id":"https:\/\/www.lovendal.ro\/wp52\/#\/schema\/person\/088691de5dfc346bb0c023e1e52ef5d9","name":"admin","image":{"@type":"ImageObject","inLanguage":"ro-RO","@id":"https:\/\/secure.gravatar.com\/avatar\/ecb9cd41f5f63c9c9b989999a59f6e2639a865ec361e9db054db0679a8f341c2?s=96&d=mm&r=g","url":"https:\/\/secure.gravatar.com\/avatar\/ecb9cd41f5f63c9c9b989999a59f6e2639a865ec361e9db054db0679a8f341c2?s=96&d=mm&r=g","contentUrl":"https:\/\/secure.gravatar.com\/avatar\/ecb9cd41f5f63c9c9b989999a59f6e2639a865ec361e9db054db0679a8f341c2?s=96&d=mm&r=g","caption":"admin"},"sameAs":["https:\/\/www.lovendal.ro\/wp52"]}]}},"_links":{"self":[{"href":"https:\/\/www.lovendal.ro\/wp52\/wp-json\/wp\/v2\/posts\/58087","targetHints":{"allow":["GET"]}}],"collection":[{"href":"https:\/\/www.lovendal.ro\/wp52\/wp-json\/wp\/v2\/posts"}],"about":[{"href":"https:\/\/www.lovendal.ro\/wp52\/wp-json\/wp\/v2\/types\/post"}],"author":[{"embeddable":true,"href":"https:\/\/www.lovendal.ro\/wp52\/wp-json\/wp\/v2\/users\/1"}],"replies":[{"embeddable":true,"href":"https:\/\/www.lovendal.ro\/wp52\/wp-json\/wp\/v2\/comments?post=58087"}],"version-history":[{"count":0,"href":"https:\/\/www.lovendal.ro\/wp52\/wp-json\/wp\/v2\/posts\/58087\/revisions"}],"wp:featuredmedia":[{"embeddable":true,"href":"https:\/\/www.lovendal.ro\/wp52\/wp-json\/wp\/v2\/media\/58088"}],"wp:attachment":[{"href":"https:\/\/www.lovendal.ro\/wp52\/wp-json\/wp\/v2\/media?parent=58087"}],"wp:term":[{"taxonomy":"category","embeddable":true,"href":"https:\/\/www.lovendal.ro\/wp52\/wp-json\/wp\/v2\/categories?post=58087"},{"taxonomy":"post_tag","embeddable":true,"href":"https:\/\/www.lovendal.ro\/wp52\/wp-json\/wp\/v2\/tags?post=58087"}],"curies":[{"name":"wp","href":"https:\/\/api.w.org\/{rel}","templated":true}]}}