{"id":58078,"date":"2018-11-19T11:04:51","date_gmt":"2018-11-19T09:04:51","guid":{"rendered":"https:\/\/www.lovendal.ro\/wp52\/?p=58078"},"modified":"2019-11-15T10:16:59","modified_gmt":"2019-11-15T08:16:59","slug":"adevarata-semnificatie-a-lui-black-friday-comemorarea-in-subconstientul-omenirii-a-distrugerii-cavalerilor-templieri-stramosii-sectei-globaliste-illuminati","status":"publish","type":"post","link":"https:\/\/www.lovendal.ro\/wp52\/adevarata-semnificatie-a-lui-black-friday-comemorarea-in-subconstientul-omenirii-a-distrugerii-cavalerilor-templieri-stramosii-sectei-globaliste-illuminati\/","title":{"rendered":"Adev\u0103rata semnifica\u0163ie a lui &#8222;Black Friday&#8221;: comemorarea \u00een subcon\u015ftientul omenirii a distrugerii cavalerilor templieri, str\u0103mo\u015fii sectei globaliste Illuminati"},"content":{"rendered":"<p><a href=\"https:\/\/www.lovendal.ro\/wp52\/wp-content\/uploads\/2018\/11\/blackfriday.jpg\"><img loading=\"lazy\" decoding=\"async\" class=\"alignleft size-full wp-image-58079\" src=\"https:\/\/www.lovendal.ro\/wp52\/wp-content\/uploads\/2018\/11\/blackfriday.jpg\" alt=\"\" width=\"335\" height=\"273\" srcset=\"https:\/\/www.lovendal.ro\/wp52\/wp-content\/uploads\/2018\/11\/blackfriday.jpg 335w, https:\/\/www.lovendal.ro\/wp52\/wp-content\/uploads\/2018\/11\/blackfriday-300x244.jpg 300w\" sizes=\"auto, (max-width: 335px) 100vw, 335px\" \/><\/a>&#8222;Black friday&#8221;, adic\u0103 &#8222;vinerea neagr\u0103&#8221;, este ziua \u00een care au loc reduceri semnificative de pre\u0163uri \u00een toate magazinele. A\u015fa cum spuneam \u00eentr-un articol din 2013 &#8211; <a href=\"https:\/\/www.lovendal.ro\/wp52\/black-friday-sau-vinerea-neagra-o-orgie-rusinoasa-a-materialismului-in-care-traim-dar-adevarata-fericire-nu-vine-din-aceasta-manipulare-grosolana-de-marketing\/\" target=\"_blank\" rel=\"noopener noreferrer\"><strong>Black Friday sau Vinerea neagr\u0103, o \u201corgie\u201d ru\u015finoas\u0103 a materialismului \u00een care tr\u0103im! Dar adev\u0103rata fericire nu vine din aceast\u0103 manipulare grosolan\u0103 de marketing\u2026<\/strong><\/a> &#8211; Black Friday e ziua \u00een care unii dintre noi se comport\u0103 ca ni\u015fte zombi, atra\u015fi \u00eentr-un tsunami al l\u0103comiei. Marketingul \u00een ziua de ast\u0103zi, prin campaniile de publicitate agresive, ne manipuleaz\u0103 at\u00e2t de mult con\u015ftientul dar \u015fi subcon\u015ftientul, \u00eenc\u00e2t ne \u00eempinge s\u0103 cump\u0103r\u0103m produse de care nu avem nevoie cu adev\u0103rat.<\/p>\n<p>Dar, oare v-a\u0163i \u00eentrebat vreodat\u0103 de ce se spune &#8222;black friday&#8221;, adic\u0103 &#8222;vinerea neagr\u0103&#8221; \u015fi nu &#8222;black saturday&#8221; (&#8222;s\u00e2mb\u0103ta neagr\u0103&#8221;) sau &#8222;black monday&#8221; (&#8222;lunea neagr\u0103&#8221;)? De ce ziua de &#8222;vineri&#8221; (\u015fi nu \u00een alt\u0103 zi din s\u0103pt\u0103m\u00e2n\u0103) \u015fi, mai ales, de ce &#8222;vineri&#8221; e &#8222;neagr\u0103&#8221;, culoarea mor\u0163ii \u015fi a doliului? De ce nu e &#8222;white friday&#8221;, adic\u0103 &#8222;vinerea alb\u0103&#8221;, c\u00e2nd cump\u0103r\u0103turile de produse ar trebui s\u0103 ne aduc\u0103 bucurie?<\/p>\n<p>V\u0103 explic eu de ce, dac\u0103 nu b\u0103nui\u0163i deja&#8230; \u201cVinerea neagr\u0103\u201d a adus \u00een istorie nefericirea pentru cavalerii templieri, c\u0103ci \u00eentr-o zi de vineri din anul 1307 organiza\u0163ia secret\u0103 a cavalerilor templieri a fost scoas\u0103 \u00een afara legii de c\u0103tre regele francez Filip cel Frumos. De asemenea, to\u0163i membrii ei au fost aresta\u0163i, schingiui\u0163i \u015fi omor\u00e2\u0163i. \u00cen martie 1314, liderul cavalerilor templieri, Jacques de Molay, a fost ars pe rug din ordinul aceluia\u015fi rege francez.<\/p>\n<p>Cine \u015ftie istorie, ar afla c\u0103 ace\u015fti cavaleri templieri, de\u015fi era cre\u015ftini, timpul petrecut \u00een Orientul Apropiat \u015fi Mijlociu i-a determinat s\u0103 ia contact cu filozofii \u015fi secte religioase necre\u015ftine, apropiate de gnosticism \u015fi p\u0103g\u00e2nism. Astfel, Ordinul Cavalerilor Templieri s-a transformat \u00eentr-o organiza\u0163ie religioas\u0103 secret\u0103, cu multe filozofii \u015fi percepte orientale, str\u0103ine de cre\u015ftinism. De\u015fi au fost distru\u015fi de regele francez la \u00eenceputul secolului al XIV-lea, cavalerii templieri n-au disp\u0103rut de tot; ei s-au refugiat \u00een alte \u0163\u0103ri (\u00een special \u00een Sco\u0163ia) \u015fi s-au metamorfozat \u00een rozicrucieni, un alt ordin religios mistic. O societate rozicrucian\u0103 german\u0103 veche, intitulat\u0103 Ordinul Crucii Aurii \u015fi Trandafirii a stat la baza \u00eentemeierii Lojii Francmasonice a Respect\u0103rii Stricte a Regulilor, care mult mai t\u00e2rziu a devenit un paravan pentru membrii organiza\u0163iei Illuminati. Rozicrucienii erau considera\u0163i de Biseric\u0103 satani\u015fti, fiind acuza\u0163i c\u0103 \u00eencheiau pacte cu Diavolul \u015fi sacrificau copii.<\/p>\n<p>A\u015fadar, putem spune c\u0103 organiza\u0163ia secret\u0103 Illuminati de azi \u00ee\u015fi are originile \u00een Ordinul Cavalerilor Templieri. Din p\u0103cate, Illuminati conduce ast\u0103zi lumea, printr-o parte din serviciile secrete, bancheri \u015fi oameni de afaceri, dar to\u0163i se cred mo\u015ftenitorii cavalerilor templieri.<\/p>\n<h6><em><strong>Foto:<\/strong><\/em> <a href=\"\/photo\/black-blackfriday-calm-color-692238\/\" target=\"_blank\" rel=\"noopener noreferrer\"><strong>pexels.com<\/strong><\/a><strong>\u00a0<\/strong>(Commons Creative &#8211; free)<\/h6>\n","protected":false},"excerpt":{"rendered":"<p>&#8222;Black friday&#8221;, adic\u0103 &#8222;vinerea neagr\u0103&#8221;, este ziua \u00een care au loc reduceri semnificative de pre\u0163uri \u00een toate magazinele. A\u015fa cum spuneam \u00eentr-un articol din 2013 &#8211; Black Friday sau Vinerea neagr\u0103, o \u201corgie\u201d ru\u015finoas\u0103 a materialismului \u00een care tr\u0103im! Dar &#8230; <\/p>\n<p class=\"read-more-container\"><a title=\"Adev\u0103rata semnifica\u0163ie a lui &#8222;Black Friday&#8221;: comemorarea \u00een subcon\u015ftientul omenirii a distrugerii cavalerilor templieri, str\u0103mo\u015fii sectei globaliste Illuminati\" class=\"read-more button\" href=\"https:\/\/www.lovendal.ro\/wp52\/adevarata-semnificatie-a-lui-black-friday-comemorarea-in-subconstientul-omenirii-a-distrugerii-cavalerilor-templieri-stramosii-sectei-globaliste-illuminati\/#more-58078\" aria-label=\"Cite\u0219te mai multe despre Adev\u0103rata semnifica\u0163ie a lui &#8222;Black Friday&#8221;: comemorarea \u00een subcon\u015ftientul omenirii a distrugerii cavalerilor templieri, str\u0103mo\u015fii sectei globaliste Illuminati\">Cititi mai multe<\/a><\/p>\n","protected":false},"author":1,"featured_media":58079,"comment_status":"closed","ping_status":"closed","sticky":false,"template":"","format":"standard","meta":{"footnotes":""},"categories":[2883],"tags":[5435,7296,570,1073,5085,697,9813,9591,38,202,1289,571,4552,3066,4028,453,3488,774,943,2343,6782],"class_list":["post-58078","post","type-post","status-publish","format-standard","has-post-thumbnail","hentry","category-editorial","tag-bancheri","tag-black-friday","tag-cavaleri-templieri","tag-copii","tag-crestini","tag-diavol","tag-editorial","tag-filip-cel-frumos","tag-francmasonerie","tag-franta","tag-illuminati","tag-jacques-de-molay","tag-marketing","tag-negru","tag-orientul-mijlociu","tag-rege","tag-rozicrucieni","tag-scotia","tag-servicii-secrete","tag-subconstient","tag-vineri","resize-featured-image"],"yoast_head":"<!-- This site is optimized with the Yoast SEO Premium plugin v23.3 (Yoast SEO v27.4) - https:\/\/yoast.com\/product\/yoast-seo-premium-wordpress\/ -->\n<title>Adev\u0103rata semnifica\u0163ie a lui &quot;Black Friday&quot;: comemorarea \u00een subcon\u015ftientul omenirii a distrugerii cavalerilor templieri, str\u0103mo\u015fii sectei globaliste Illuminati - Secretele lui Lovendal<\/title>\n<meta name=\"robots\" content=\"index, follow, max-snippet:-1, max-image-preview:large, max-video-preview:-1\" \/>\n<link rel=\"canonical\" href=\"https:\/\/www.lovendal.ro\/wp52\/adevarata-semnificatie-a-lui-black-friday-comemorarea-in-subconstientul-omenirii-a-distrugerii-cavalerilor-templieri-stramosii-sectei-globaliste-illuminati\/\" \/>\n<meta property=\"og:locale\" content=\"ro_RO\" \/>\n<meta property=\"og:type\" content=\"article\" \/>\n<meta property=\"og:title\" content=\"Adev\u0103rata semnifica\u0163ie a lui &quot;Black Friday&quot;: comemorarea \u00een subcon\u015ftientul omenirii a distrugerii cavalerilor templieri, str\u0103mo\u015fii sectei globaliste Illuminati\" \/>\n<meta property=\"og:description\" content=\"&#8222;Black friday&#8221;, adic\u0103 &#8222;vinerea neagr\u0103&#8221;, este ziua \u00een care au loc reduceri semnificative de pre\u0163uri \u00een toate magazinele. A\u015fa cum spuneam \u00eentr-un articol din 2013 &#8211; Black Friday sau Vinerea neagr\u0103, o \u201corgie\u201d ru\u015finoas\u0103 a materialismului \u00een care tr\u0103im! Dar ... Cititi mai multe\" \/>\n<meta property=\"og:url\" content=\"https:\/\/www.lovendal.ro\/wp52\/adevarata-semnificatie-a-lui-black-friday-comemorarea-in-subconstientul-omenirii-a-distrugerii-cavalerilor-templieri-stramosii-sectei-globaliste-illuminati\/\" \/>\n<meta property=\"og:site_name\" content=\"Secretele lui Lovendal\" \/>\n<meta property=\"article:publisher\" content=\"https:\/\/www.facebook.com\/secreteleluilovendal\" \/>\n<meta property=\"article:published_time\" content=\"2018-11-19T09:04:51+00:00\" \/>\n<meta property=\"article:modified_time\" content=\"2019-11-15T08:16:59+00:00\" \/>\n<meta property=\"og:image\" content=\"https:\/\/www.lovendal.ro\/wp52\/wp-content\/uploads\/2018\/11\/blackfriday.jpg\" \/>\n\t<meta property=\"og:image:width\" content=\"335\" \/>\n\t<meta property=\"og:image:height\" content=\"273\" \/>\n\t<meta property=\"og:image:type\" content=\"image\/jpeg\" \/>\n<meta name=\"author\" content=\"admin\" \/>\n<meta name=\"twitter:card\" content=\"summary_large_image\" \/>\n<meta name=\"twitter:label1\" content=\"Scris de\" \/>\n\t<meta name=\"twitter:data1\" content=\"admin\" \/>\n\t<meta name=\"twitter:label2\" content=\"Timp estimat pentru citire\" \/>\n\t<meta name=\"twitter:data2\" content=\"2 minute\" \/>\n<script type=\"application\/ld+json\" class=\"yoast-schema-graph\">{\"@context\":\"https:\\\/\\\/schema.org\",\"@graph\":[{\"@type\":\"Article\",\"@id\":\"https:\\\/\\\/www.lovendal.ro\\\/wp52\\\/adevarata-semnificatie-a-lui-black-friday-comemorarea-in-subconstientul-omenirii-a-distrugerii-cavalerilor-templieri-stramosii-sectei-globaliste-illuminati\\\/#article\",\"isPartOf\":{\"@id\":\"https:\\\/\\\/www.lovendal.ro\\\/wp52\\\/adevarata-semnificatie-a-lui-black-friday-comemorarea-in-subconstientul-omenirii-a-distrugerii-cavalerilor-templieri-stramosii-sectei-globaliste-illuminati\\\/\"},\"author\":{\"name\":\"admin\",\"@id\":\"https:\\\/\\\/www.lovendal.ro\\\/wp52\\\/#\\\/schema\\\/person\\\/088691de5dfc346bb0c023e1e52ef5d9\"},\"headline\":\"Adev\u0103rata semnifica\u0163ie a lui &#8222;Black Friday&#8221;: comemorarea \u00een subcon\u015ftientul omenirii a distrugerii cavalerilor templieri, str\u0103mo\u015fii sectei globaliste Illuminati\",\"datePublished\":\"2018-11-19T09:04:51+00:00\",\"dateModified\":\"2019-11-15T08:16:59+00:00\",\"mainEntityOfPage\":{\"@id\":\"https:\\\/\\\/www.lovendal.ro\\\/wp52\\\/adevarata-semnificatie-a-lui-black-friday-comemorarea-in-subconstientul-omenirii-a-distrugerii-cavalerilor-templieri-stramosii-sectei-globaliste-illuminati\\\/\"},\"wordCount\":516,\"publisher\":{\"@id\":\"https:\\\/\\\/www.lovendal.ro\\\/wp52\\\/#organization\"},\"image\":{\"@id\":\"https:\\\/\\\/www.lovendal.ro\\\/wp52\\\/adevarata-semnificatie-a-lui-black-friday-comemorarea-in-subconstientul-omenirii-a-distrugerii-cavalerilor-templieri-stramosii-sectei-globaliste-illuminati\\\/#primaryimage\"},\"thumbnailUrl\":\"https:\\\/\\\/www.lovendal.ro\\\/wp52\\\/wp-content\\\/uploads\\\/2018\\\/11\\\/blackfriday.jpg\",\"keywords\":[\"bancheri\",\"Black Friday\",\"cavaleri templieri\",\"copii\",\"cre\u015ftini\",\"diavol\",\"Editorial\",\"Filip cel Frumos\",\"francmasonerie\",\"Fran\u0163a\",\"Illuminati\",\"Jacques de Molay\",\"marketing\",\"negru\",\"Orientul Mijlociu\",\"rege\",\"rozicrucieni\",\"Sco\u0163ia\",\"servicii secrete\",\"subcon\u015ftient\",\"vineri\"],\"articleSection\":[\"Editorial\"],\"inLanguage\":\"ro-RO\"},{\"@type\":\"WebPage\",\"@id\":\"https:\\\/\\\/www.lovendal.ro\\\/wp52\\\/adevarata-semnificatie-a-lui-black-friday-comemorarea-in-subconstientul-omenirii-a-distrugerii-cavalerilor-templieri-stramosii-sectei-globaliste-illuminati\\\/\",\"url\":\"https:\\\/\\\/www.lovendal.ro\\\/wp52\\\/adevarata-semnificatie-a-lui-black-friday-comemorarea-in-subconstientul-omenirii-a-distrugerii-cavalerilor-templieri-stramosii-sectei-globaliste-illuminati\\\/\",\"name\":\"Adev\u0103rata semnifica\u0163ie a lui \\\"Black Friday\\\": comemorarea \u00een subcon\u015ftientul omenirii a distrugerii cavalerilor templieri, str\u0103mo\u015fii sectei globaliste Illuminati - Secretele lui Lovendal\",\"isPartOf\":{\"@id\":\"https:\\\/\\\/www.lovendal.ro\\\/wp52\\\/#website\"},\"primaryImageOfPage\":{\"@id\":\"https:\\\/\\\/www.lovendal.ro\\\/wp52\\\/adevarata-semnificatie-a-lui-black-friday-comemorarea-in-subconstientul-omenirii-a-distrugerii-cavalerilor-templieri-stramosii-sectei-globaliste-illuminati\\\/#primaryimage\"},\"image\":{\"@id\":\"https:\\\/\\\/www.lovendal.ro\\\/wp52\\\/adevarata-semnificatie-a-lui-black-friday-comemorarea-in-subconstientul-omenirii-a-distrugerii-cavalerilor-templieri-stramosii-sectei-globaliste-illuminati\\\/#primaryimage\"},\"thumbnailUrl\":\"https:\\\/\\\/www.lovendal.ro\\\/wp52\\\/wp-content\\\/uploads\\\/2018\\\/11\\\/blackfriday.jpg\",\"datePublished\":\"2018-11-19T09:04:51+00:00\",\"dateModified\":\"2019-11-15T08:16:59+00:00\",\"breadcrumb\":{\"@id\":\"https:\\\/\\\/www.lovendal.ro\\\/wp52\\\/adevarata-semnificatie-a-lui-black-friday-comemorarea-in-subconstientul-omenirii-a-distrugerii-cavalerilor-templieri-stramosii-sectei-globaliste-illuminati\\\/#breadcrumb\"},\"inLanguage\":\"ro-RO\",\"potentialAction\":[{\"@type\":\"ReadAction\",\"target\":[\"https:\\\/\\\/www.lovendal.ro\\\/wp52\\\/adevarata-semnificatie-a-lui-black-friday-comemorarea-in-subconstientul-omenirii-a-distrugerii-cavalerilor-templieri-stramosii-sectei-globaliste-illuminati\\\/\"]}]},{\"@type\":\"ImageObject\",\"inLanguage\":\"ro-RO\",\"@id\":\"https:\\\/\\\/www.lovendal.ro\\\/wp52\\\/adevarata-semnificatie-a-lui-black-friday-comemorarea-in-subconstientul-omenirii-a-distrugerii-cavalerilor-templieri-stramosii-sectei-globaliste-illuminati\\\/#primaryimage\",\"url\":\"https:\\\/\\\/www.lovendal.ro\\\/wp52\\\/wp-content\\\/uploads\\\/2018\\\/11\\\/blackfriday.jpg\",\"contentUrl\":\"https:\\\/\\\/www.lovendal.ro\\\/wp52\\\/wp-content\\\/uploads\\\/2018\\\/11\\\/blackfriday.jpg\",\"width\":335,\"height\":273},{\"@type\":\"BreadcrumbList\",\"@id\":\"https:\\\/\\\/www.lovendal.ro\\\/wp52\\\/adevarata-semnificatie-a-lui-black-friday-comemorarea-in-subconstientul-omenirii-a-distrugerii-cavalerilor-templieri-stramosii-sectei-globaliste-illuminati\\\/#breadcrumb\",\"itemListElement\":[{\"@type\":\"ListItem\",\"position\":1,\"name\":\"Home\",\"item\":\"https:\\\/\\\/www.lovendal.ro\\\/wp52\\\/\"},{\"@type\":\"ListItem\",\"position\":2,\"name\":\"Adev\u0103rata semnifica\u0163ie a lui &#8222;Black Friday&#8221;: comemorarea \u00een subcon\u015ftientul omenirii a distrugerii cavalerilor templieri, str\u0103mo\u015fii sectei globaliste Illuminati\"}]},{\"@type\":\"WebSite\",\"@id\":\"https:\\\/\\\/www.lovendal.ro\\\/wp52\\\/#website\",\"url\":\"https:\\\/\\\/www.lovendal.ro\\\/wp52\\\/\",\"name\":\"Secretele lui Lovendal\",\"description\":\"Site de secrete, stiinta si metafizica - din 2008 -\",\"publisher\":{\"@id\":\"https:\\\/\\\/www.lovendal.ro\\\/wp52\\\/#organization\"},\"potentialAction\":[{\"@type\":\"SearchAction\",\"target\":{\"@type\":\"EntryPoint\",\"urlTemplate\":\"https:\\\/\\\/www.lovendal.ro\\\/wp52\\\/?s={search_term_string}\"},\"query-input\":{\"@type\":\"PropertyValueSpecification\",\"valueRequired\":true,\"valueName\":\"search_term_string\"}}],\"inLanguage\":\"ro-RO\"},{\"@type\":\"Organization\",\"@id\":\"https:\\\/\\\/www.lovendal.ro\\\/wp52\\\/#organization\",\"name\":\"Secretele lui Lovendal\",\"url\":\"https:\\\/\\\/www.lovendal.ro\\\/wp52\\\/\",\"logo\":{\"@type\":\"ImageObject\",\"inLanguage\":\"ro-RO\",\"@id\":\"https:\\\/\\\/www.lovendal.ro\\\/wp52\\\/#\\\/schema\\\/logo\\\/image\\\/\",\"url\":\"https:\\\/\\\/www.lovendal.ro\\\/wp52\\\/wp-content\\\/uploads\\\/2024\\\/06\\\/cropped-SLL-iun-2024-1.jpg\",\"contentUrl\":\"https:\\\/\\\/www.lovendal.ro\\\/wp52\\\/wp-content\\\/uploads\\\/2024\\\/06\\\/cropped-SLL-iun-2024-1.jpg\",\"width\":771,\"height\":240,\"caption\":\"Secretele lui Lovendal\"},\"image\":{\"@id\":\"https:\\\/\\\/www.lovendal.ro\\\/wp52\\\/#\\\/schema\\\/logo\\\/image\\\/\"},\"sameAs\":[\"https:\\\/\\\/www.facebook.com\\\/secreteleluilovendal\"]},{\"@type\":\"Person\",\"@id\":\"https:\\\/\\\/www.lovendal.ro\\\/wp52\\\/#\\\/schema\\\/person\\\/088691de5dfc346bb0c023e1e52ef5d9\",\"name\":\"admin\",\"image\":{\"@type\":\"ImageObject\",\"inLanguage\":\"ro-RO\",\"@id\":\"https:\\\/\\\/secure.gravatar.com\\\/avatar\\\/ecb9cd41f5f63c9c9b989999a59f6e2639a865ec361e9db054db0679a8f341c2?s=96&d=mm&r=g\",\"url\":\"https:\\\/\\\/secure.gravatar.com\\\/avatar\\\/ecb9cd41f5f63c9c9b989999a59f6e2639a865ec361e9db054db0679a8f341c2?s=96&d=mm&r=g\",\"contentUrl\":\"https:\\\/\\\/secure.gravatar.com\\\/avatar\\\/ecb9cd41f5f63c9c9b989999a59f6e2639a865ec361e9db054db0679a8f341c2?s=96&d=mm&r=g\",\"caption\":\"admin\"},\"sameAs\":[\"https:\\\/\\\/www.lovendal.ro\\\/wp52\"]}]}<\/script>\n<!-- \/ Yoast SEO Premium plugin. -->","yoast_head_json":{"title":"Adev\u0103rata semnifica\u0163ie a lui \"Black Friday\": comemorarea \u00een subcon\u015ftientul omenirii a distrugerii cavalerilor templieri, str\u0103mo\u015fii sectei globaliste Illuminati - Secretele lui Lovendal","robots":{"index":"index","follow":"follow","max-snippet":"max-snippet:-1","max-image-preview":"max-image-preview:large","max-video-preview":"max-video-preview:-1"},"canonical":"https:\/\/www.lovendal.ro\/wp52\/adevarata-semnificatie-a-lui-black-friday-comemorarea-in-subconstientul-omenirii-a-distrugerii-cavalerilor-templieri-stramosii-sectei-globaliste-illuminati\/","og_locale":"ro_RO","og_type":"article","og_title":"Adev\u0103rata semnifica\u0163ie a lui \"Black Friday\": comemorarea \u00een subcon\u015ftientul omenirii a distrugerii cavalerilor templieri, str\u0103mo\u015fii sectei globaliste Illuminati","og_description":"&#8222;Black friday&#8221;, adic\u0103 &#8222;vinerea neagr\u0103&#8221;, este ziua \u00een care au loc reduceri semnificative de pre\u0163uri \u00een toate magazinele. A\u015fa cum spuneam \u00eentr-un articol din 2013 &#8211; Black Friday sau Vinerea neagr\u0103, o \u201corgie\u201d ru\u015finoas\u0103 a materialismului \u00een care tr\u0103im! Dar ... Cititi mai multe","og_url":"https:\/\/www.lovendal.ro\/wp52\/adevarata-semnificatie-a-lui-black-friday-comemorarea-in-subconstientul-omenirii-a-distrugerii-cavalerilor-templieri-stramosii-sectei-globaliste-illuminati\/","og_site_name":"Secretele lui Lovendal","article_publisher":"https:\/\/www.facebook.com\/secreteleluilovendal","article_published_time":"2018-11-19T09:04:51+00:00","article_modified_time":"2019-11-15T08:16:59+00:00","og_image":[{"width":335,"height":273,"url":"https:\/\/www.lovendal.ro\/wp52\/wp-content\/uploads\/2018\/11\/blackfriday.jpg","type":"image\/jpeg"}],"author":"admin","twitter_card":"summary_large_image","twitter_misc":{"Scris de":"admin","Timp estimat pentru citire":"2 minute"},"schema":{"@context":"https:\/\/schema.org","@graph":[{"@type":"Article","@id":"https:\/\/www.lovendal.ro\/wp52\/adevarata-semnificatie-a-lui-black-friday-comemorarea-in-subconstientul-omenirii-a-distrugerii-cavalerilor-templieri-stramosii-sectei-globaliste-illuminati\/#article","isPartOf":{"@id":"https:\/\/www.lovendal.ro\/wp52\/adevarata-semnificatie-a-lui-black-friday-comemorarea-in-subconstientul-omenirii-a-distrugerii-cavalerilor-templieri-stramosii-sectei-globaliste-illuminati\/"},"author":{"name":"admin","@id":"https:\/\/www.lovendal.ro\/wp52\/#\/schema\/person\/088691de5dfc346bb0c023e1e52ef5d9"},"headline":"Adev\u0103rata semnifica\u0163ie a lui &#8222;Black Friday&#8221;: comemorarea \u00een subcon\u015ftientul omenirii a distrugerii cavalerilor templieri, str\u0103mo\u015fii sectei globaliste Illuminati","datePublished":"2018-11-19T09:04:51+00:00","dateModified":"2019-11-15T08:16:59+00:00","mainEntityOfPage":{"@id":"https:\/\/www.lovendal.ro\/wp52\/adevarata-semnificatie-a-lui-black-friday-comemorarea-in-subconstientul-omenirii-a-distrugerii-cavalerilor-templieri-stramosii-sectei-globaliste-illuminati\/"},"wordCount":516,"publisher":{"@id":"https:\/\/www.lovendal.ro\/wp52\/#organization"},"image":{"@id":"https:\/\/www.lovendal.ro\/wp52\/adevarata-semnificatie-a-lui-black-friday-comemorarea-in-subconstientul-omenirii-a-distrugerii-cavalerilor-templieri-stramosii-sectei-globaliste-illuminati\/#primaryimage"},"thumbnailUrl":"https:\/\/www.lovendal.ro\/wp52\/wp-content\/uploads\/2018\/11\/blackfriday.jpg","keywords":["bancheri","Black Friday","cavaleri templieri","copii","cre\u015ftini","diavol","Editorial","Filip cel Frumos","francmasonerie","Fran\u0163a","Illuminati","Jacques de Molay","marketing","negru","Orientul Mijlociu","rege","rozicrucieni","Sco\u0163ia","servicii secrete","subcon\u015ftient","vineri"],"articleSection":["Editorial"],"inLanguage":"ro-RO"},{"@type":"WebPage","@id":"https:\/\/www.lovendal.ro\/wp52\/adevarata-semnificatie-a-lui-black-friday-comemorarea-in-subconstientul-omenirii-a-distrugerii-cavalerilor-templieri-stramosii-sectei-globaliste-illuminati\/","url":"https:\/\/www.lovendal.ro\/wp52\/adevarata-semnificatie-a-lui-black-friday-comemorarea-in-subconstientul-omenirii-a-distrugerii-cavalerilor-templieri-stramosii-sectei-globaliste-illuminati\/","name":"Adev\u0103rata semnifica\u0163ie a lui \"Black Friday\": comemorarea \u00een subcon\u015ftientul omenirii a distrugerii cavalerilor templieri, str\u0103mo\u015fii sectei globaliste Illuminati - Secretele lui Lovendal","isPartOf":{"@id":"https:\/\/www.lovendal.ro\/wp52\/#website"},"primaryImageOfPage":{"@id":"https:\/\/www.lovendal.ro\/wp52\/adevarata-semnificatie-a-lui-black-friday-comemorarea-in-subconstientul-omenirii-a-distrugerii-cavalerilor-templieri-stramosii-sectei-globaliste-illuminati\/#primaryimage"},"image":{"@id":"https:\/\/www.lovendal.ro\/wp52\/adevarata-semnificatie-a-lui-black-friday-comemorarea-in-subconstientul-omenirii-a-distrugerii-cavalerilor-templieri-stramosii-sectei-globaliste-illuminati\/#primaryimage"},"thumbnailUrl":"https:\/\/www.lovendal.ro\/wp52\/wp-content\/uploads\/2018\/11\/blackfriday.jpg","datePublished":"2018-11-19T09:04:51+00:00","dateModified":"2019-11-15T08:16:59+00:00","breadcrumb":{"@id":"https:\/\/www.lovendal.ro\/wp52\/adevarata-semnificatie-a-lui-black-friday-comemorarea-in-subconstientul-omenirii-a-distrugerii-cavalerilor-templieri-stramosii-sectei-globaliste-illuminati\/#breadcrumb"},"inLanguage":"ro-RO","potentialAction":[{"@type":"ReadAction","target":["https:\/\/www.lovendal.ro\/wp52\/adevarata-semnificatie-a-lui-black-friday-comemorarea-in-subconstientul-omenirii-a-distrugerii-cavalerilor-templieri-stramosii-sectei-globaliste-illuminati\/"]}]},{"@type":"ImageObject","inLanguage":"ro-RO","@id":"https:\/\/www.lovendal.ro\/wp52\/adevarata-semnificatie-a-lui-black-friday-comemorarea-in-subconstientul-omenirii-a-distrugerii-cavalerilor-templieri-stramosii-sectei-globaliste-illuminati\/#primaryimage","url":"https:\/\/www.lovendal.ro\/wp52\/wp-content\/uploads\/2018\/11\/blackfriday.jpg","contentUrl":"https:\/\/www.lovendal.ro\/wp52\/wp-content\/uploads\/2018\/11\/blackfriday.jpg","width":335,"height":273},{"@type":"BreadcrumbList","@id":"https:\/\/www.lovendal.ro\/wp52\/adevarata-semnificatie-a-lui-black-friday-comemorarea-in-subconstientul-omenirii-a-distrugerii-cavalerilor-templieri-stramosii-sectei-globaliste-illuminati\/#breadcrumb","itemListElement":[{"@type":"ListItem","position":1,"name":"Home","item":"https:\/\/www.lovendal.ro\/wp52\/"},{"@type":"ListItem","position":2,"name":"Adev\u0103rata semnifica\u0163ie a lui &#8222;Black Friday&#8221;: comemorarea \u00een subcon\u015ftientul omenirii a distrugerii cavalerilor templieri, str\u0103mo\u015fii sectei globaliste Illuminati"}]},{"@type":"WebSite","@id":"https:\/\/www.lovendal.ro\/wp52\/#website","url":"https:\/\/www.lovendal.ro\/wp52\/","name":"Secretele lui Lovendal","description":"Site de secrete, stiinta si metafizica - din 2008 -","publisher":{"@id":"https:\/\/www.lovendal.ro\/wp52\/#organization"},"potentialAction":[{"@type":"SearchAction","target":{"@type":"EntryPoint","urlTemplate":"https:\/\/www.lovendal.ro\/wp52\/?s={search_term_string}"},"query-input":{"@type":"PropertyValueSpecification","valueRequired":true,"valueName":"search_term_string"}}],"inLanguage":"ro-RO"},{"@type":"Organization","@id":"https:\/\/www.lovendal.ro\/wp52\/#organization","name":"Secretele lui Lovendal","url":"https:\/\/www.lovendal.ro\/wp52\/","logo":{"@type":"ImageObject","inLanguage":"ro-RO","@id":"https:\/\/www.lovendal.ro\/wp52\/#\/schema\/logo\/image\/","url":"https:\/\/www.lovendal.ro\/wp52\/wp-content\/uploads\/2024\/06\/cropped-SLL-iun-2024-1.jpg","contentUrl":"https:\/\/www.lovendal.ro\/wp52\/wp-content\/uploads\/2024\/06\/cropped-SLL-iun-2024-1.jpg","width":771,"height":240,"caption":"Secretele lui Lovendal"},"image":{"@id":"https:\/\/www.lovendal.ro\/wp52\/#\/schema\/logo\/image\/"},"sameAs":["https:\/\/www.facebook.com\/secreteleluilovendal"]},{"@type":"Person","@id":"https:\/\/www.lovendal.ro\/wp52\/#\/schema\/person\/088691de5dfc346bb0c023e1e52ef5d9","name":"admin","image":{"@type":"ImageObject","inLanguage":"ro-RO","@id":"https:\/\/secure.gravatar.com\/avatar\/ecb9cd41f5f63c9c9b989999a59f6e2639a865ec361e9db054db0679a8f341c2?s=96&d=mm&r=g","url":"https:\/\/secure.gravatar.com\/avatar\/ecb9cd41f5f63c9c9b989999a59f6e2639a865ec361e9db054db0679a8f341c2?s=96&d=mm&r=g","contentUrl":"https:\/\/secure.gravatar.com\/avatar\/ecb9cd41f5f63c9c9b989999a59f6e2639a865ec361e9db054db0679a8f341c2?s=96&d=mm&r=g","caption":"admin"},"sameAs":["https:\/\/www.lovendal.ro\/wp52"]}]}},"_links":{"self":[{"href":"https:\/\/www.lovendal.ro\/wp52\/wp-json\/wp\/v2\/posts\/58078","targetHints":{"allow":["GET"]}}],"collection":[{"href":"https:\/\/www.lovendal.ro\/wp52\/wp-json\/wp\/v2\/posts"}],"about":[{"href":"https:\/\/www.lovendal.ro\/wp52\/wp-json\/wp\/v2\/types\/post"}],"author":[{"embeddable":true,"href":"https:\/\/www.lovendal.ro\/wp52\/wp-json\/wp\/v2\/users\/1"}],"replies":[{"embeddable":true,"href":"https:\/\/www.lovendal.ro\/wp52\/wp-json\/wp\/v2\/comments?post=58078"}],"version-history":[{"count":0,"href":"https:\/\/www.lovendal.ro\/wp52\/wp-json\/wp\/v2\/posts\/58078\/revisions"}],"wp:featuredmedia":[{"embeddable":true,"href":"https:\/\/www.lovendal.ro\/wp52\/wp-json\/wp\/v2\/media\/58079"}],"wp:attachment":[{"href":"https:\/\/www.lovendal.ro\/wp52\/wp-json\/wp\/v2\/media?parent=58078"}],"wp:term":[{"taxonomy":"category","embeddable":true,"href":"https:\/\/www.lovendal.ro\/wp52\/wp-json\/wp\/v2\/categories?post=58078"},{"taxonomy":"post_tag","embeddable":true,"href":"https:\/\/www.lovendal.ro\/wp52\/wp-json\/wp\/v2\/tags?post=58078"}],"curies":[{"name":"wp","href":"https:\/\/api.w.org\/{rel}","templated":true}]}}