{"id":58031,"date":"2018-11-13T12:27:11","date_gmt":"2018-11-13T10:27:11","guid":{"rendered":"https:\/\/www.lovendal.ro\/wp52\/?p=58031"},"modified":"2018-11-13T12:27:11","modified_gmt":"2018-11-13T10:27:11","slug":"istoria-bizara-a-gulerului-regelui-suedez-gustav-adolf-cum-a-ajuns-astazi-acest-obiect-sub-un-clopot-de-sticla","status":"publish","type":"post","link":"https:\/\/www.lovendal.ro\/wp52\/istoria-bizara-a-gulerului-regelui-suedez-gustav-adolf-cum-a-ajuns-astazi-acest-obiect-sub-un-clopot-de-sticla\/","title":{"rendered":"Istoria bizar\u0103 a gulerului regelui suedez Gustav Adolf. Cum a ajuns ast\u0103zi acest obiect sub un clopot de sticl\u0103?"},"content":{"rendered":"<p><a href=\"https:\/\/www.lovendal.ro\/wp52\/wp-content\/uploads\/2018\/11\/Gustav-Adolf.jpg\"><img loading=\"lazy\" decoding=\"async\" class=\"alignleft size-full wp-image-58032\" src=\"https:\/\/www.lovendal.ro\/wp52\/wp-content\/uploads\/2018\/11\/Gustav-Adolf.jpg\" alt=\"\" width=\"344\" height=\"340\" srcset=\"https:\/\/www.lovendal.ro\/wp52\/wp-content\/uploads\/2018\/11\/Gustav-Adolf.jpg 344w, https:\/\/www.lovendal.ro\/wp52\/wp-content\/uploads\/2018\/11\/Gustav-Adolf-300x297.jpg 300w\" sizes=\"auto, (max-width: 344px) 100vw, 344px\" \/><\/a>C\u0103minul unei familii burgheze de la Augsburg p\u0103streaz\u0103 amintirea unui caz absolut ciudat. Sub un clopot de sticl\u0103 se pot vedea bustul de cear\u0103 al regelui suedez Gustav Adolf \u015fi gulerul s\u0103u brodat.<\/p>\n<p>Istoria gulerului, devenit relicv\u0103, e imortalizat\u0103 de o pioas\u0103 plac\u0103 comemorativ\u0103, \u00een felul urm\u0103tor: <em>\u201eAcest guler a fost purtat de c\u0103tre regele suedez Gustav Adolf \u015fi dat \u00een dar iubitei mele so\u0163ii Jakobine Lauber, cu ocazia vizilei prem\u0103ritului rege la Augsburg; iar iubita mea so\u0163ie, fiind cea mai frumoas\u0103 fecioar\u0103, cu mult respect amintita maiestate a \u00eenvrednicit-o s\u0103 danseze cu ea, la bal. \u00cemprejurarea care a provocat darul a fost c\u0103 \u00een timp ce regele \u00eencerca s\u0103 m\u00e2ng\u00e2ie pe amintita fecioar\u0103, ea, din pudoare, n-a \u00eeng\u0103duit anumite lucruri, \u015fi cu degetele ei a f\u0103cut g\u0103urile ce se v\u0103d pe guler\u201d.<\/em><\/p>\n<p>Gulerul era tare zdren\u0163uit, din care se poate deduce c\u00e2t de furtunoas\u0103 fusese m\u00e2ng\u00e2ierea.<\/p>\n<p>Pentru cei care nu \u015ftiu prea mult\u0103 istorie, Gustav Adolf (1594-1632) a fost un rege cu importan\u021b\u0103 deosebit\u0103 pentru istoria Suediei, \u00een general, \u0219i \u00een mod deosebit pentru r\u0103zboiul de treizeci de ani. El a contribuit prin ac\u021biunile lui politice \u0219i militare la o hegemonie suedez\u0103 \u00een secolele XVII-XVIII-lea \u00een nordul Europei. Gustav Adolf este considerat de ca erou \u0219i salvator al protestantismului german, fiind supranumit \u201eLeul din nord\u201c . Planurile sale politice erau, r\u0103sp\u00eendirea protestantismului \u0219i a\u0219ezarea pe tronul imperial a unui prin\u021b protestant, ca aliat \u0219i sub protectoratul Suediei.<\/p>\n<h6><em><strong>Surse: <\/strong><\/em><a href=\"https:\/\/ro.wikipedia.org\/wiki\/Gustav_Adolf\" target=\"_blank\" rel=\"noopener\"><strong>wikipedia.org<\/strong><\/a><\/h6>\n<h6><em><strong>Foto:<\/strong><\/em> <a href=\"https:\/\/ro.wikipedia.org\/wiki\/Gustav_Adolf#\/media\/File:Gustav_II_of_Sweden.jpg\" target=\"_blank\" rel=\"noopener\"><strong>wikipedia.org<\/strong><\/a> (Commons Creative \u2013 free)<\/h6>\n","protected":false},"excerpt":{"rendered":"<p>C\u0103minul unei familii burgheze de la Augsburg p\u0103streaz\u0103 amintirea unui caz absolut ciudat. Sub un clopot de sticl\u0103 se pot vedea bustul de cear\u0103 al regelui suedez Gustav Adolf \u015fi gulerul s\u0103u brodat. Istoria gulerului, devenit relicv\u0103, e imortalizat\u0103 de &#8230; <\/p>\n<p class=\"read-more-container\"><a title=\"Istoria bizar\u0103 a gulerului regelui suedez Gustav Adolf. Cum a ajuns ast\u0103zi acest obiect sub un clopot de sticl\u0103?\" class=\"read-more button\" href=\"https:\/\/www.lovendal.ro\/wp52\/istoria-bizara-a-gulerului-regelui-suedez-gustav-adolf-cum-a-ajuns-astazi-acest-obiect-sub-un-clopot-de-sticla\/#more-58031\" aria-label=\"Cite\u0219te mai multe despre Istoria bizar\u0103 a gulerului regelui suedez Gustav Adolf. Cum a ajuns ast\u0103zi acest obiect sub un clopot de sticl\u0103?\">Cititi mai multe<\/a><\/p>\n","protected":false},"author":1,"featured_media":58032,"comment_status":"closed","ping_status":"closed","sticky":false,"template":"","format":"standard","meta":{"footnotes":""},"categories":[9],"tags":[7834,1596,2202,341,1320,1321,1532,1886,453,359,1123],"class_list":["post-58031","post","type-post","status-publish","format-standard","has-post-thumbnail","hentry","category-istorie","tag-bal","tag-clopot","tag-degete","tag-europa","tag-guler","tag-gustav-adolf","tag-istorie-si-civilizatii","tag-protestantism","tag-rege","tag-sticla","tag-suedia","resize-featured-image"],"yoast_head":"<!-- This site is optimized with the Yoast SEO Premium plugin v23.3 (Yoast SEO v27.4) - https:\/\/yoast.com\/product\/yoast-seo-premium-wordpress\/ -->\n<title>Istoria bizar\u0103 a gulerului regelui suedez Gustav Adolf. Cum a ajuns ast\u0103zi acest obiect sub un clopot de sticl\u0103? - Secretele lui Lovendal<\/title>\n<meta name=\"robots\" content=\"index, follow, max-snippet:-1, max-image-preview:large, max-video-preview:-1\" \/>\n<link rel=\"canonical\" href=\"https:\/\/www.lovendal.ro\/wp52\/istoria-bizara-a-gulerului-regelui-suedez-gustav-adolf-cum-a-ajuns-astazi-acest-obiect-sub-un-clopot-de-sticla\/\" \/>\n<meta property=\"og:locale\" content=\"ro_RO\" \/>\n<meta property=\"og:type\" content=\"article\" \/>\n<meta property=\"og:title\" content=\"Istoria bizar\u0103 a gulerului regelui suedez Gustav Adolf. Cum a ajuns ast\u0103zi acest obiect sub un clopot de sticl\u0103?\" \/>\n<meta property=\"og:description\" content=\"C\u0103minul unei familii burgheze de la Augsburg p\u0103streaz\u0103 amintirea unui caz absolut ciudat. Sub un clopot de sticl\u0103 se pot vedea bustul de cear\u0103 al regelui suedez Gustav Adolf \u015fi gulerul s\u0103u brodat. Istoria gulerului, devenit relicv\u0103, e imortalizat\u0103 de ... Cititi mai multe\" \/>\n<meta property=\"og:url\" content=\"https:\/\/www.lovendal.ro\/wp52\/istoria-bizara-a-gulerului-regelui-suedez-gustav-adolf-cum-a-ajuns-astazi-acest-obiect-sub-un-clopot-de-sticla\/\" \/>\n<meta property=\"og:site_name\" content=\"Secretele lui Lovendal\" \/>\n<meta property=\"article:publisher\" content=\"https:\/\/www.facebook.com\/secreteleluilovendal\" \/>\n<meta property=\"article:published_time\" content=\"2018-11-13T10:27:11+00:00\" \/>\n<meta property=\"og:image\" content=\"https:\/\/www.lovendal.ro\/wp52\/wp-content\/uploads\/2018\/11\/Gustav-Adolf.jpg\" \/>\n\t<meta property=\"og:image:width\" content=\"344\" \/>\n\t<meta property=\"og:image:height\" content=\"340\" \/>\n\t<meta property=\"og:image:type\" content=\"image\/jpeg\" \/>\n<meta name=\"author\" content=\"admin\" \/>\n<meta name=\"twitter:card\" content=\"summary_large_image\" \/>\n<meta name=\"twitter:label1\" content=\"Scris de\" \/>\n\t<meta name=\"twitter:data1\" content=\"admin\" \/>\n\t<meta name=\"twitter:label2\" content=\"Timp estimat pentru citire\" \/>\n\t<meta name=\"twitter:data2\" content=\"1 minut\" \/>\n<script type=\"application\/ld+json\" class=\"yoast-schema-graph\">{\"@context\":\"https:\\\/\\\/schema.org\",\"@graph\":[{\"@type\":\"Article\",\"@id\":\"https:\\\/\\\/www.lovendal.ro\\\/wp52\\\/istoria-bizara-a-gulerului-regelui-suedez-gustav-adolf-cum-a-ajuns-astazi-acest-obiect-sub-un-clopot-de-sticla\\\/#article\",\"isPartOf\":{\"@id\":\"https:\\\/\\\/www.lovendal.ro\\\/wp52\\\/istoria-bizara-a-gulerului-regelui-suedez-gustav-adolf-cum-a-ajuns-astazi-acest-obiect-sub-un-clopot-de-sticla\\\/\"},\"author\":{\"name\":\"admin\",\"@id\":\"https:\\\/\\\/www.lovendal.ro\\\/wp52\\\/#\\\/schema\\\/person\\\/088691de5dfc346bb0c023e1e52ef5d9\"},\"headline\":\"Istoria bizar\u0103 a gulerului regelui suedez Gustav Adolf. Cum a ajuns ast\u0103zi acest obiect sub un clopot de sticl\u0103?\",\"datePublished\":\"2018-11-13T10:27:11+00:00\",\"mainEntityOfPage\":{\"@id\":\"https:\\\/\\\/www.lovendal.ro\\\/wp52\\\/istoria-bizara-a-gulerului-regelui-suedez-gustav-adolf-cum-a-ajuns-astazi-acest-obiect-sub-un-clopot-de-sticla\\\/\"},\"wordCount\":289,\"publisher\":{\"@id\":\"https:\\\/\\\/www.lovendal.ro\\\/wp52\\\/#organization\"},\"image\":{\"@id\":\"https:\\\/\\\/www.lovendal.ro\\\/wp52\\\/istoria-bizara-a-gulerului-regelui-suedez-gustav-adolf-cum-a-ajuns-astazi-acest-obiect-sub-un-clopot-de-sticla\\\/#primaryimage\"},\"thumbnailUrl\":\"https:\\\/\\\/www.lovendal.ro\\\/wp52\\\/wp-content\\\/uploads\\\/2018\\\/11\\\/Gustav-Adolf.jpg\",\"keywords\":[\"bal\",\"clopot\",\"degete\",\"Europa\",\"guler\",\"Gustav Adolf\",\"Istorie si Civilizatii\",\"protestantism\",\"rege\",\"sticla\",\"Suedia\"],\"articleSection\":[\"Istorie si Civilizatii\"],\"inLanguage\":\"ro-RO\"},{\"@type\":\"WebPage\",\"@id\":\"https:\\\/\\\/www.lovendal.ro\\\/wp52\\\/istoria-bizara-a-gulerului-regelui-suedez-gustav-adolf-cum-a-ajuns-astazi-acest-obiect-sub-un-clopot-de-sticla\\\/\",\"url\":\"https:\\\/\\\/www.lovendal.ro\\\/wp52\\\/istoria-bizara-a-gulerului-regelui-suedez-gustav-adolf-cum-a-ajuns-astazi-acest-obiect-sub-un-clopot-de-sticla\\\/\",\"name\":\"Istoria bizar\u0103 a gulerului regelui suedez Gustav Adolf. Cum a ajuns ast\u0103zi acest obiect sub un clopot de sticl\u0103? - Secretele lui Lovendal\",\"isPartOf\":{\"@id\":\"https:\\\/\\\/www.lovendal.ro\\\/wp52\\\/#website\"},\"primaryImageOfPage\":{\"@id\":\"https:\\\/\\\/www.lovendal.ro\\\/wp52\\\/istoria-bizara-a-gulerului-regelui-suedez-gustav-adolf-cum-a-ajuns-astazi-acest-obiect-sub-un-clopot-de-sticla\\\/#primaryimage\"},\"image\":{\"@id\":\"https:\\\/\\\/www.lovendal.ro\\\/wp52\\\/istoria-bizara-a-gulerului-regelui-suedez-gustav-adolf-cum-a-ajuns-astazi-acest-obiect-sub-un-clopot-de-sticla\\\/#primaryimage\"},\"thumbnailUrl\":\"https:\\\/\\\/www.lovendal.ro\\\/wp52\\\/wp-content\\\/uploads\\\/2018\\\/11\\\/Gustav-Adolf.jpg\",\"datePublished\":\"2018-11-13T10:27:11+00:00\",\"breadcrumb\":{\"@id\":\"https:\\\/\\\/www.lovendal.ro\\\/wp52\\\/istoria-bizara-a-gulerului-regelui-suedez-gustav-adolf-cum-a-ajuns-astazi-acest-obiect-sub-un-clopot-de-sticla\\\/#breadcrumb\"},\"inLanguage\":\"ro-RO\",\"potentialAction\":[{\"@type\":\"ReadAction\",\"target\":[\"https:\\\/\\\/www.lovendal.ro\\\/wp52\\\/istoria-bizara-a-gulerului-regelui-suedez-gustav-adolf-cum-a-ajuns-astazi-acest-obiect-sub-un-clopot-de-sticla\\\/\"]}]},{\"@type\":\"ImageObject\",\"inLanguage\":\"ro-RO\",\"@id\":\"https:\\\/\\\/www.lovendal.ro\\\/wp52\\\/istoria-bizara-a-gulerului-regelui-suedez-gustav-adolf-cum-a-ajuns-astazi-acest-obiect-sub-un-clopot-de-sticla\\\/#primaryimage\",\"url\":\"https:\\\/\\\/www.lovendal.ro\\\/wp52\\\/wp-content\\\/uploads\\\/2018\\\/11\\\/Gustav-Adolf.jpg\",\"contentUrl\":\"https:\\\/\\\/www.lovendal.ro\\\/wp52\\\/wp-content\\\/uploads\\\/2018\\\/11\\\/Gustav-Adolf.jpg\",\"width\":344,\"height\":340},{\"@type\":\"BreadcrumbList\",\"@id\":\"https:\\\/\\\/www.lovendal.ro\\\/wp52\\\/istoria-bizara-a-gulerului-regelui-suedez-gustav-adolf-cum-a-ajuns-astazi-acest-obiect-sub-un-clopot-de-sticla\\\/#breadcrumb\",\"itemListElement\":[{\"@type\":\"ListItem\",\"position\":1,\"name\":\"Home\",\"item\":\"https:\\\/\\\/www.lovendal.ro\\\/wp52\\\/\"},{\"@type\":\"ListItem\",\"position\":2,\"name\":\"Istoria bizar\u0103 a gulerului regelui suedez Gustav Adolf. Cum a ajuns ast\u0103zi acest obiect sub un clopot de sticl\u0103?\"}]},{\"@type\":\"WebSite\",\"@id\":\"https:\\\/\\\/www.lovendal.ro\\\/wp52\\\/#website\",\"url\":\"https:\\\/\\\/www.lovendal.ro\\\/wp52\\\/\",\"name\":\"Secretele lui Lovendal\",\"description\":\"Site de secrete, stiinta si metafizica - din 2008 -\",\"publisher\":{\"@id\":\"https:\\\/\\\/www.lovendal.ro\\\/wp52\\\/#organization\"},\"potentialAction\":[{\"@type\":\"SearchAction\",\"target\":{\"@type\":\"EntryPoint\",\"urlTemplate\":\"https:\\\/\\\/www.lovendal.ro\\\/wp52\\\/?s={search_term_string}\"},\"query-input\":{\"@type\":\"PropertyValueSpecification\",\"valueRequired\":true,\"valueName\":\"search_term_string\"}}],\"inLanguage\":\"ro-RO\"},{\"@type\":\"Organization\",\"@id\":\"https:\\\/\\\/www.lovendal.ro\\\/wp52\\\/#organization\",\"name\":\"Secretele lui Lovendal\",\"url\":\"https:\\\/\\\/www.lovendal.ro\\\/wp52\\\/\",\"logo\":{\"@type\":\"ImageObject\",\"inLanguage\":\"ro-RO\",\"@id\":\"https:\\\/\\\/www.lovendal.ro\\\/wp52\\\/#\\\/schema\\\/logo\\\/image\\\/\",\"url\":\"https:\\\/\\\/www.lovendal.ro\\\/wp52\\\/wp-content\\\/uploads\\\/2024\\\/06\\\/cropped-SLL-iun-2024-1.jpg\",\"contentUrl\":\"https:\\\/\\\/www.lovendal.ro\\\/wp52\\\/wp-content\\\/uploads\\\/2024\\\/06\\\/cropped-SLL-iun-2024-1.jpg\",\"width\":771,\"height\":240,\"caption\":\"Secretele lui Lovendal\"},\"image\":{\"@id\":\"https:\\\/\\\/www.lovendal.ro\\\/wp52\\\/#\\\/schema\\\/logo\\\/image\\\/\"},\"sameAs\":[\"https:\\\/\\\/www.facebook.com\\\/secreteleluilovendal\"]},{\"@type\":\"Person\",\"@id\":\"https:\\\/\\\/www.lovendal.ro\\\/wp52\\\/#\\\/schema\\\/person\\\/088691de5dfc346bb0c023e1e52ef5d9\",\"name\":\"admin\",\"image\":{\"@type\":\"ImageObject\",\"inLanguage\":\"ro-RO\",\"@id\":\"https:\\\/\\\/secure.gravatar.com\\\/avatar\\\/ecb9cd41f5f63c9c9b989999a59f6e2639a865ec361e9db054db0679a8f341c2?s=96&d=mm&r=g\",\"url\":\"https:\\\/\\\/secure.gravatar.com\\\/avatar\\\/ecb9cd41f5f63c9c9b989999a59f6e2639a865ec361e9db054db0679a8f341c2?s=96&d=mm&r=g\",\"contentUrl\":\"https:\\\/\\\/secure.gravatar.com\\\/avatar\\\/ecb9cd41f5f63c9c9b989999a59f6e2639a865ec361e9db054db0679a8f341c2?s=96&d=mm&r=g\",\"caption\":\"admin\"},\"sameAs\":[\"https:\\\/\\\/www.lovendal.ro\\\/wp52\"]}]}<\/script>\n<!-- \/ Yoast SEO Premium plugin. -->","yoast_head_json":{"title":"Istoria bizar\u0103 a gulerului regelui suedez Gustav Adolf. Cum a ajuns ast\u0103zi acest obiect sub un clopot de sticl\u0103? - Secretele lui Lovendal","robots":{"index":"index","follow":"follow","max-snippet":"max-snippet:-1","max-image-preview":"max-image-preview:large","max-video-preview":"max-video-preview:-1"},"canonical":"https:\/\/www.lovendal.ro\/wp52\/istoria-bizara-a-gulerului-regelui-suedez-gustav-adolf-cum-a-ajuns-astazi-acest-obiect-sub-un-clopot-de-sticla\/","og_locale":"ro_RO","og_type":"article","og_title":"Istoria bizar\u0103 a gulerului regelui suedez Gustav Adolf. Cum a ajuns ast\u0103zi acest obiect sub un clopot de sticl\u0103?","og_description":"C\u0103minul unei familii burgheze de la Augsburg p\u0103streaz\u0103 amintirea unui caz absolut ciudat. Sub un clopot de sticl\u0103 se pot vedea bustul de cear\u0103 al regelui suedez Gustav Adolf \u015fi gulerul s\u0103u brodat. Istoria gulerului, devenit relicv\u0103, e imortalizat\u0103 de ... Cititi mai multe","og_url":"https:\/\/www.lovendal.ro\/wp52\/istoria-bizara-a-gulerului-regelui-suedez-gustav-adolf-cum-a-ajuns-astazi-acest-obiect-sub-un-clopot-de-sticla\/","og_site_name":"Secretele lui Lovendal","article_publisher":"https:\/\/www.facebook.com\/secreteleluilovendal","article_published_time":"2018-11-13T10:27:11+00:00","og_image":[{"width":344,"height":340,"url":"https:\/\/www.lovendal.ro\/wp52\/wp-content\/uploads\/2018\/11\/Gustav-Adolf.jpg","type":"image\/jpeg"}],"author":"admin","twitter_card":"summary_large_image","twitter_misc":{"Scris de":"admin","Timp estimat pentru citire":"1 minut"},"schema":{"@context":"https:\/\/schema.org","@graph":[{"@type":"Article","@id":"https:\/\/www.lovendal.ro\/wp52\/istoria-bizara-a-gulerului-regelui-suedez-gustav-adolf-cum-a-ajuns-astazi-acest-obiect-sub-un-clopot-de-sticla\/#article","isPartOf":{"@id":"https:\/\/www.lovendal.ro\/wp52\/istoria-bizara-a-gulerului-regelui-suedez-gustav-adolf-cum-a-ajuns-astazi-acest-obiect-sub-un-clopot-de-sticla\/"},"author":{"name":"admin","@id":"https:\/\/www.lovendal.ro\/wp52\/#\/schema\/person\/088691de5dfc346bb0c023e1e52ef5d9"},"headline":"Istoria bizar\u0103 a gulerului regelui suedez Gustav Adolf. Cum a ajuns ast\u0103zi acest obiect sub un clopot de sticl\u0103?","datePublished":"2018-11-13T10:27:11+00:00","mainEntityOfPage":{"@id":"https:\/\/www.lovendal.ro\/wp52\/istoria-bizara-a-gulerului-regelui-suedez-gustav-adolf-cum-a-ajuns-astazi-acest-obiect-sub-un-clopot-de-sticla\/"},"wordCount":289,"publisher":{"@id":"https:\/\/www.lovendal.ro\/wp52\/#organization"},"image":{"@id":"https:\/\/www.lovendal.ro\/wp52\/istoria-bizara-a-gulerului-regelui-suedez-gustav-adolf-cum-a-ajuns-astazi-acest-obiect-sub-un-clopot-de-sticla\/#primaryimage"},"thumbnailUrl":"https:\/\/www.lovendal.ro\/wp52\/wp-content\/uploads\/2018\/11\/Gustav-Adolf.jpg","keywords":["bal","clopot","degete","Europa","guler","Gustav Adolf","Istorie si Civilizatii","protestantism","rege","sticla","Suedia"],"articleSection":["Istorie si Civilizatii"],"inLanguage":"ro-RO"},{"@type":"WebPage","@id":"https:\/\/www.lovendal.ro\/wp52\/istoria-bizara-a-gulerului-regelui-suedez-gustav-adolf-cum-a-ajuns-astazi-acest-obiect-sub-un-clopot-de-sticla\/","url":"https:\/\/www.lovendal.ro\/wp52\/istoria-bizara-a-gulerului-regelui-suedez-gustav-adolf-cum-a-ajuns-astazi-acest-obiect-sub-un-clopot-de-sticla\/","name":"Istoria bizar\u0103 a gulerului regelui suedez Gustav Adolf. Cum a ajuns ast\u0103zi acest obiect sub un clopot de sticl\u0103? - Secretele lui Lovendal","isPartOf":{"@id":"https:\/\/www.lovendal.ro\/wp52\/#website"},"primaryImageOfPage":{"@id":"https:\/\/www.lovendal.ro\/wp52\/istoria-bizara-a-gulerului-regelui-suedez-gustav-adolf-cum-a-ajuns-astazi-acest-obiect-sub-un-clopot-de-sticla\/#primaryimage"},"image":{"@id":"https:\/\/www.lovendal.ro\/wp52\/istoria-bizara-a-gulerului-regelui-suedez-gustav-adolf-cum-a-ajuns-astazi-acest-obiect-sub-un-clopot-de-sticla\/#primaryimage"},"thumbnailUrl":"https:\/\/www.lovendal.ro\/wp52\/wp-content\/uploads\/2018\/11\/Gustav-Adolf.jpg","datePublished":"2018-11-13T10:27:11+00:00","breadcrumb":{"@id":"https:\/\/www.lovendal.ro\/wp52\/istoria-bizara-a-gulerului-regelui-suedez-gustav-adolf-cum-a-ajuns-astazi-acest-obiect-sub-un-clopot-de-sticla\/#breadcrumb"},"inLanguage":"ro-RO","potentialAction":[{"@type":"ReadAction","target":["https:\/\/www.lovendal.ro\/wp52\/istoria-bizara-a-gulerului-regelui-suedez-gustav-adolf-cum-a-ajuns-astazi-acest-obiect-sub-un-clopot-de-sticla\/"]}]},{"@type":"ImageObject","inLanguage":"ro-RO","@id":"https:\/\/www.lovendal.ro\/wp52\/istoria-bizara-a-gulerului-regelui-suedez-gustav-adolf-cum-a-ajuns-astazi-acest-obiect-sub-un-clopot-de-sticla\/#primaryimage","url":"https:\/\/www.lovendal.ro\/wp52\/wp-content\/uploads\/2018\/11\/Gustav-Adolf.jpg","contentUrl":"https:\/\/www.lovendal.ro\/wp52\/wp-content\/uploads\/2018\/11\/Gustav-Adolf.jpg","width":344,"height":340},{"@type":"BreadcrumbList","@id":"https:\/\/www.lovendal.ro\/wp52\/istoria-bizara-a-gulerului-regelui-suedez-gustav-adolf-cum-a-ajuns-astazi-acest-obiect-sub-un-clopot-de-sticla\/#breadcrumb","itemListElement":[{"@type":"ListItem","position":1,"name":"Home","item":"https:\/\/www.lovendal.ro\/wp52\/"},{"@type":"ListItem","position":2,"name":"Istoria bizar\u0103 a gulerului regelui suedez Gustav Adolf. Cum a ajuns ast\u0103zi acest obiect sub un clopot de sticl\u0103?"}]},{"@type":"WebSite","@id":"https:\/\/www.lovendal.ro\/wp52\/#website","url":"https:\/\/www.lovendal.ro\/wp52\/","name":"Secretele lui Lovendal","description":"Site de secrete, stiinta si metafizica - din 2008 -","publisher":{"@id":"https:\/\/www.lovendal.ro\/wp52\/#organization"},"potentialAction":[{"@type":"SearchAction","target":{"@type":"EntryPoint","urlTemplate":"https:\/\/www.lovendal.ro\/wp52\/?s={search_term_string}"},"query-input":{"@type":"PropertyValueSpecification","valueRequired":true,"valueName":"search_term_string"}}],"inLanguage":"ro-RO"},{"@type":"Organization","@id":"https:\/\/www.lovendal.ro\/wp52\/#organization","name":"Secretele lui Lovendal","url":"https:\/\/www.lovendal.ro\/wp52\/","logo":{"@type":"ImageObject","inLanguage":"ro-RO","@id":"https:\/\/www.lovendal.ro\/wp52\/#\/schema\/logo\/image\/","url":"https:\/\/www.lovendal.ro\/wp52\/wp-content\/uploads\/2024\/06\/cropped-SLL-iun-2024-1.jpg","contentUrl":"https:\/\/www.lovendal.ro\/wp52\/wp-content\/uploads\/2024\/06\/cropped-SLL-iun-2024-1.jpg","width":771,"height":240,"caption":"Secretele lui Lovendal"},"image":{"@id":"https:\/\/www.lovendal.ro\/wp52\/#\/schema\/logo\/image\/"},"sameAs":["https:\/\/www.facebook.com\/secreteleluilovendal"]},{"@type":"Person","@id":"https:\/\/www.lovendal.ro\/wp52\/#\/schema\/person\/088691de5dfc346bb0c023e1e52ef5d9","name":"admin","image":{"@type":"ImageObject","inLanguage":"ro-RO","@id":"https:\/\/secure.gravatar.com\/avatar\/ecb9cd41f5f63c9c9b989999a59f6e2639a865ec361e9db054db0679a8f341c2?s=96&d=mm&r=g","url":"https:\/\/secure.gravatar.com\/avatar\/ecb9cd41f5f63c9c9b989999a59f6e2639a865ec361e9db054db0679a8f341c2?s=96&d=mm&r=g","contentUrl":"https:\/\/secure.gravatar.com\/avatar\/ecb9cd41f5f63c9c9b989999a59f6e2639a865ec361e9db054db0679a8f341c2?s=96&d=mm&r=g","caption":"admin"},"sameAs":["https:\/\/www.lovendal.ro\/wp52"]}]}},"_links":{"self":[{"href":"https:\/\/www.lovendal.ro\/wp52\/wp-json\/wp\/v2\/posts\/58031","targetHints":{"allow":["GET"]}}],"collection":[{"href":"https:\/\/www.lovendal.ro\/wp52\/wp-json\/wp\/v2\/posts"}],"about":[{"href":"https:\/\/www.lovendal.ro\/wp52\/wp-json\/wp\/v2\/types\/post"}],"author":[{"embeddable":true,"href":"https:\/\/www.lovendal.ro\/wp52\/wp-json\/wp\/v2\/users\/1"}],"replies":[{"embeddable":true,"href":"https:\/\/www.lovendal.ro\/wp52\/wp-json\/wp\/v2\/comments?post=58031"}],"version-history":[{"count":0,"href":"https:\/\/www.lovendal.ro\/wp52\/wp-json\/wp\/v2\/posts\/58031\/revisions"}],"wp:featuredmedia":[{"embeddable":true,"href":"https:\/\/www.lovendal.ro\/wp52\/wp-json\/wp\/v2\/media\/58032"}],"wp:attachment":[{"href":"https:\/\/www.lovendal.ro\/wp52\/wp-json\/wp\/v2\/media?parent=58031"}],"wp:term":[{"taxonomy":"category","embeddable":true,"href":"https:\/\/www.lovendal.ro\/wp52\/wp-json\/wp\/v2\/categories?post=58031"},{"taxonomy":"post_tag","embeddable":true,"href":"https:\/\/www.lovendal.ro\/wp52\/wp-json\/wp\/v2\/tags?post=58031"}],"curies":[{"name":"wp","href":"https:\/\/api.w.org\/{rel}","templated":true}]}}