{"id":58019,"date":"2018-11-12T19:30:26","date_gmt":"2018-11-12T17:30:26","guid":{"rendered":"https:\/\/www.lovendal.ro\/wp52\/?p=58019"},"modified":"2018-11-13T11:23:24","modified_gmt":"2018-11-13T09:23:24","slug":"socantul-caz-maria-pretzel-intalnirea-unei-fete-de-19-ani-cu-un-umanoid-gigant-ce-purta-in-mana-o-sfera-de-sticla-misterioasa","status":"publish","type":"post","link":"https:\/\/www.lovendal.ro\/wp52\/socantul-caz-maria-pretzel-intalnirea-unei-fete-de-19-ani-cu-un-umanoid-gigant-ce-purta-in-mana-o-sfera-de-sticla-misterioasa\/","title":{"rendered":"\u015eocantul caz Maria Pretzel: \u00eent\u00e2lnirea unei fete de 19 ani cu un umanoid gigant, ce purta \u00een m\u00e2n\u0103 o sfer\u0103 de sticl\u0103 misterioas\u0103"},"content":{"rendered":"<p><a href=\"https:\/\/www.lovendal.ro\/wp52\/wp-content\/uploads\/2018\/11\/Maria-Elodia-Pretzel-1.jpg\"><img loading=\"lazy\" decoding=\"async\" class=\"alignleft size-full wp-image-58023\" src=\"https:\/\/www.lovendal.ro\/wp52\/wp-content\/uploads\/2018\/11\/Maria-Elodia-Pretzel-1.jpg\" alt=\"\" width=\"337\" height=\"336\" srcset=\"https:\/\/www.lovendal.ro\/wp52\/wp-content\/uploads\/2018\/11\/Maria-Elodia-Pretzel-1.jpg 337w, https:\/\/www.lovendal.ro\/wp52\/wp-content\/uploads\/2018\/11\/Maria-Elodia-Pretzel-1-150x150.jpg 150w, https:\/\/www.lovendal.ro\/wp52\/wp-content\/uploads\/2018\/11\/Maria-Elodia-Pretzel-1-300x300.jpg 300w\" sizes=\"auto, (max-width: 337px) 100vw, 337px\" \/><\/a>Continu\u0103m s\u0103 prezent\u0103m pe acest site cazuri \u015focante ale unor \u00eent\u00e2lniri de gradul 3 a diver\u015fi martori cu entit\u0103\u0163i din alte lumi. Sunt m\u0103rturii pe care le pute\u0163i crede sau nu&#8230;<\/p>\n<p>\u00cen primele ore ale zilei de 14 iunie 1968, \u00een ora\u0219ul Villa Carlos Paz (Argentina), o t\u00e2n\u0103r\u0103 de 19 ani, pe nume Maria Elodia Pretzel, a avut o \u00eent\u00e2lnire incredibil\u0103 la parterul motelului familiei ei. La ora 1:02 noaptea, Maria a v\u0103zut doi clien\u0163i care au ie\u015fit pe u\u0219a lateral\u0103 a motelului care ducea c\u0103tre parcare. \u00centruc\u00e2t se f\u0103cea t\u00e2rziu, ea \u00eenchise u\u0219a lateral\u0103 \u0219i lumina principal\u0103 de la parterul motelului, l\u0103s\u00e2nd aprinse doar trei l\u0103mpi fluorescente. Apoi a intrat \u00een buc\u0103t\u0103rie \u0219i la sp\u0103l\u0103torie, pentru a se asigura c\u0103 totul era OK.<\/p>\n<p>\u00cen timp ce se afla \u00een buc\u0103t\u0103rie, Maria v\u0103zu, prin fereastr\u0103, o lumin\u0103 albastr\u0103 \u0219i str\u0103lucitoare venind din zona s\u0103lii de mese a motelului. \u00cen clipa aceea, ea crezu c\u0103 ar putea fi tat\u0103l ei care a sosit sau o fi un nou client. A\u015fa c\u0103 fata p\u0103r\u0103si buc\u0103t\u0103ria \u0219i intr\u0103 \u00een sala de mese. C\u00e2nd ajunse acolo, Maria r\u0103mase \u015focat\u0103: v\u0103zu la c\u00e2\u021biva metri de ea un umanoid ce avea peste 2 metri \u00een\u0103l\u021bime, \u00eembr\u0103cat \u00eentr-un costum dintr-o singur\u0103 pies\u0103, de culoare albastr\u0103, care se asem\u0103na cu solzii unui pe\u015fte. Costumul \u00eei acoperea m\u00e2inile \u0219i picioarele, iar la talie umanoidul purta o centur\u0103 albastr\u0103 \u00eengust\u0103. Oaspetele nepoftit gigant avea \u00een m\u00e2n\u0103 o sfer\u0103 de sticl\u0103, care emitea un fascicul de lumin\u0103 alb\u0103struie.<\/p>\n<p>U\u0219a lateral\u0103 a motelului care ducea c\u0103tre parcare era deschis\u0103, a\u015fa c\u0103 Maria deduse c\u0103 fiin\u021ba intrase pe acolo. Privind entitatea, Maria sim\u021bi ni\u0219te senza\u021bii ciudate, ca de exemplu faptul c\u0103 trupul ei era distorsionat de o for\u021b\u0103 care o f\u0103cea s\u0103 par\u0103 mai sub\u021bire \u0219i mai \u00eenalt\u0103 (similar cu efectul cauzat de oglinzile distorsionate). \u00cen acela\u0219i timp, fata nu putea s\u0103 vorbeasc\u0103 deloc, ca \u0219i cum creierul ei ar fi fost blocat. De\u015fi reu\u0219ise s\u0103 ridice m\u00e2inile \u00een sus, Maria st\u0103tu apoi nemi\u0219cat\u0103 \u00een fa\u0163a creaturii. Apoi, a \u00eenceput s\u0103 primeasc\u0103 un mesaj telepatic. O voce \u00een limba spaniol\u0103 \u00eei repeta urm\u0103toarele: &#8222;Nu-\u0163i fie team\u0103, nu-\u0163i fie team\u0103!&#8221;<\/p>\n<p>Dintr-o dat\u0103, Maria ajunsese, f\u0103r\u0103 s\u0103 \u015ftie cum, \u00een spatele barului din sala de mese, iar entitatea se afla la numai 3 metri \u00een fa\u021ba ei, de cealalt\u0103 parte a barului. Umanoidul se mi\u0219ca, iar Maria continua s\u0103 aud\u0103 acela\u0219i mesaj \u00een capul ei: &#8222;Nu-\u0163i fie team\u0103, nu-\u0163i fie team\u0103!&#8221; A \u00eenceput s\u0103 simt\u0103 o senza\u021bie de furnic\u0103turi \u00een picioare. Apoi, entitatea \u00ee\u0219i ridic\u0103 u\u0219or bra\u021bul (nu bra\u0163ul cu sfera) p\u00e2n\u0103 la nivelul um\u0103rului, cu palma \u00eendreptat\u0103 \u00een sus. V\u00e2rful degetelor \u00eei emitea fascicule de lumin\u0103 intermitente. \u00cen acel moment, Maria a observat c\u0103, \u00een spatele m\u00e2inii ridicate, entitatea avea un dispozitiv dreptunghiular ata\u0219at, care acoperea baza celor patru degete.<\/p>\n<p>Odat\u0103 ce umanoidul \u00ee\u015fi ridic\u0103 bra\u0163ul, Maria se sim\u0163ea drenat\u0103 de for\u021b\u0103, iar corpul ei relaxat \u00eencepu s\u0103 cad\u0103 \u00eenapoi, \u00eentr-o mi\u0219care lent\u0103. Ciudat dar, cu aproximativ 20 de centimetri \u00eenainte de atingerea podelei, c\u0103derea \u00een spate se opri, iar corpul Mariei \u00eencepu s\u0103 se ridice din nou p\u00e2n\u0103 c\u00e2nd ajunse la o pozi\u021bie vertical\u0103. Acest fenomen se mai repet\u0103 de c\u00e2teva ori.<\/p>\n<p>Dintr-o dat\u0103, sfera \u0163inut\u0103 \u00een m\u00e2na st\u00e2ng\u0103 a entit\u0103\u021bii \u00eencet\u0103 s\u0103 mai emit\u0103 lumin\u0103 \u0219i se transform\u0103 \u00eentr-o culoare albastru \u00eenchis. Odat\u0103 cu stingerea luminii, fata \u00eencet\u0103 s\u0103 mai aud\u0103 &#8222;Nu-\u021bi fie team\u0103&#8221; \u00een mintea ei. Entitatea ie\u015fi din \u00eenc\u0103pere, \u00eendrept\u00e2ndu-se c\u0103tre u\u0219a lateral\u0103; c\u00e2nd se afla \u00een fa\u0163a u\u0219ii, entitatea \u00ee\u0219i cobor\u00ee capul, fiindc\u0103 era mai \u00eenalt\u0103 dec\u00e2t u\u0219a. Apoi, extrem de \u0219ocat\u0103, Maria intr\u0103 \u00een sp\u0103l\u0103torie \u0219i c\u0103zu \u00een genunchi l\u00e2ng\u0103 o canapea. Ea r\u0103mase acolo, p\u00e2n\u0103 c\u00e2nd fu g\u0103sit\u0103 de tat\u0103l ei, imediat dup\u0103 ce plec\u0103 entitatea. Tat\u0103l ei nu v\u0103zu creatura; poate c\u0103 entitatea a sim\u021bit c\u0103 cineva se apropia de motel \u0219i a p\u0103r\u0103sit \u00eenc\u0103perea.<\/p>\n<p>Interesant e faptul c\u0103 tat\u0103l ei, Pedro Jacobo Pretzel, \u00een timp ce-\u015fi conducea ma\u0219ina, \u00eendrept\u00e2ndu-se spre motel, la o distan\u021b\u0103 de aproximativ 100 de metri observ\u0103 dou\u0103 lumini ro\u0219ii sta\u021bionare, foarte str\u0103lucitoare, pe drumul din fa\u021ba lui, aflate la circa jum\u0103tate de km distan\u0163\u0103. El a presupus c\u0103 acestea erau luminile din spate ale unui vehicul mare. Totu\u015fi, \u00eenainte de a intra \u00een parcare, el \u015fi-a dat seama c\u0103 luminile ro\u015fii erau mai largi dec\u00e2t drumul, fiind situate la o \u00een\u0103l\u021bime de circa un metru \u0219i jum\u0103tate. Au fost acele lumini legate de entitate? Nu \u0219tim&#8230;. Dar, ce-a fost totu\u015fi creatura neobi\u015fnuit\u0103?\u00a0<a href=\"https:\/\/www.lovendal.ro\/wp52\/wp-content\/uploads\/2018\/11\/schema-Pretzel-1.jpg\"><img loading=\"lazy\" decoding=\"async\" class=\"aligncenter size-full wp-image-58022\" src=\"https:\/\/www.lovendal.ro\/wp52\/wp-content\/uploads\/2018\/11\/schema-Pretzel-1.jpg\" alt=\"\" width=\"534\" height=\"661\" srcset=\"https:\/\/www.lovendal.ro\/wp52\/wp-content\/uploads\/2018\/11\/schema-Pretzel-1.jpg 534w, https:\/\/www.lovendal.ro\/wp52\/wp-content\/uploads\/2018\/11\/schema-Pretzel-1-242x300.jpg 242w\" sizes=\"auto, (max-width: 534px) 100vw, 534px\" \/><\/a><\/p>\n<h6><em><strong>Sursa:<\/strong> <\/em><a href=\"http:\/\/www.ignaciodarnaude.com\/ufologia\/FSR%201981%20V%2026%20N%205.pdf\" target=\"_blank\" rel=\"noopener\"><strong>Revista \u201cFlying Saucer Review\u201d<\/strong> vol.26, nr.5<\/a> (traducerea si adaptarea proprie)<\/h6>\n<h6><em><strong>Foto:<\/strong><\/em> <a href=\"http:\/\/1.bp.blogspot.com\/-Y1TK_OQif0c\/VBGNXP5XwbI\/AAAAAAAAFXw\/hmrtNdJ---E\/s1600\/Maria%2BElodia%2BPretzel%2BComposite.jpg\" target=\"_blank\" rel=\"noopener\"><strong>inexplicata.blogspot.com<\/strong><\/a> (prelucrata);<strong><a href=\"http:\/\/www.ignaciodarnaude.com\/ufologia\/FSR%201981%20V%2026%20N%205.pdf\" target=\"_blank\" rel=\"noopener\">Revista \u201cFlying Saucer Review\u201d vol.26, nr.5<\/a><\/strong>(prelucrata)<\/h6>\n","protected":false},"excerpt":{"rendered":"<p>Continu\u0103m s\u0103 prezent\u0103m pe acest site cazuri \u015focante ale unor \u00eent\u00e2lniri de gradul 3 a diver\u015fi martori cu entit\u0103\u0163i din alte lumi. Sunt m\u0103rturii pe care le pute\u0163i crede sau nu&#8230; \u00cen primele ore ale zilei de 14 iunie 1968, &#8230; <\/p>\n<p class=\"read-more-container\"><a title=\"\u015eocantul caz Maria Pretzel: \u00eent\u00e2lnirea unei fete de 19 ani cu un umanoid gigant, ce purta \u00een m\u00e2n\u0103 o sfer\u0103 de sticl\u0103 misterioas\u0103\" class=\"read-more button\" href=\"https:\/\/www.lovendal.ro\/wp52\/socantul-caz-maria-pretzel-intalnirea-unei-fete-de-19-ani-cu-un-umanoid-gigant-ce-purta-in-mana-o-sfera-de-sticla-misterioasa\/#more-58019\" aria-label=\"Cite\u0219te mai multe despre \u015eocantul caz Maria Pretzel: \u00eent\u00e2lnirea unei fete de 19 ani cu un umanoid gigant, ce purta \u00een m\u00e2n\u0103 o sfer\u0103 de sticl\u0103 misterioas\u0103\">Cititi mai multe<\/a><\/p>\n","protected":false},"author":1,"featured_media":58023,"comment_status":"closed","ping_status":"closed","sticky":false,"template":"","format":"standard","meta":{"footnotes":""},"categories":[14],"tags":[950,4962,1398,11954,5238,8750,5557,230,2924,2202,6014,6964,5786,952,2263,580,755,1686,151,4980,9796,1152,284,7202,6013,11799,359,1855,5723,5520],"class_list":["post-58019","post","type-post","status-publish","format-standard","has-post-thumbnail","hentry","category-paranormal-spiritualitate","tag-albastru","tag-bucatarie","tag-cap","tag-centura","tag-corp","tag-costum","tag-creatura","tag-creier","tag-culoare","tag-degete","tag-fereastra","tag-genunchi","tag-limba-spaniola","tag-lumina","tag-mana","tag-masina","tag-minte","tag-oglinda","tag-oras","tag-palma","tag-paranormal-spiritualitate","tag-peste","tag-picioare","tag-senzatie","tag-sfera","tag-solzi","tag-sticla","tag-telepatie","tag-umar","tag-usa","resize-featured-image"],"yoast_head":"<!-- This site is optimized with the Yoast SEO Premium plugin v23.3 (Yoast SEO v27.4) - https:\/\/yoast.com\/product\/yoast-seo-premium-wordpress\/ -->\n<title>\u015eocantul caz Maria Pretzel: \u00eent\u00e2lnirea unei fete de 19 ani cu un umanoid gigant, ce purta \u00een m\u00e2n\u0103 o sfer\u0103 de sticl\u0103 misterioas\u0103 - Secretele lui Lovendal<\/title>\n<meta name=\"robots\" content=\"index, follow, max-snippet:-1, max-image-preview:large, max-video-preview:-1\" \/>\n<link rel=\"canonical\" href=\"https:\/\/www.lovendal.ro\/wp52\/socantul-caz-maria-pretzel-intalnirea-unei-fete-de-19-ani-cu-un-umanoid-gigant-ce-purta-in-mana-o-sfera-de-sticla-misterioasa\/\" \/>\n<meta property=\"og:locale\" content=\"ro_RO\" \/>\n<meta property=\"og:type\" content=\"article\" \/>\n<meta property=\"og:title\" content=\"\u015eocantul caz Maria Pretzel: \u00eent\u00e2lnirea unei fete de 19 ani cu un umanoid gigant, ce purta \u00een m\u00e2n\u0103 o sfer\u0103 de sticl\u0103 misterioas\u0103\" \/>\n<meta property=\"og:description\" content=\"Continu\u0103m s\u0103 prezent\u0103m pe acest site cazuri \u015focante ale unor \u00eent\u00e2lniri de gradul 3 a diver\u015fi martori cu entit\u0103\u0163i din alte lumi. Sunt m\u0103rturii pe care le pute\u0163i crede sau nu&#8230; \u00cen primele ore ale zilei de 14 iunie 1968, ... Cititi mai multe\" \/>\n<meta property=\"og:url\" content=\"https:\/\/www.lovendal.ro\/wp52\/socantul-caz-maria-pretzel-intalnirea-unei-fete-de-19-ani-cu-un-umanoid-gigant-ce-purta-in-mana-o-sfera-de-sticla-misterioasa\/\" \/>\n<meta property=\"og:site_name\" content=\"Secretele lui Lovendal\" \/>\n<meta property=\"article:publisher\" content=\"https:\/\/www.facebook.com\/secreteleluilovendal\" \/>\n<meta property=\"article:published_time\" content=\"2018-11-12T17:30:26+00:00\" \/>\n<meta property=\"article:modified_time\" content=\"2018-11-13T09:23:24+00:00\" \/>\n<meta property=\"og:image\" content=\"https:\/\/www.lovendal.ro\/wp52\/wp-content\/uploads\/2018\/11\/Maria-Elodia-Pretzel-1.jpg\" \/>\n\t<meta property=\"og:image:width\" content=\"337\" \/>\n\t<meta property=\"og:image:height\" content=\"336\" \/>\n\t<meta property=\"og:image:type\" content=\"image\/jpeg\" \/>\n<meta name=\"author\" content=\"admin\" \/>\n<meta name=\"twitter:card\" content=\"summary_large_image\" \/>\n<meta name=\"twitter:label1\" content=\"Scris de\" \/>\n\t<meta name=\"twitter:data1\" content=\"admin\" \/>\n\t<meta name=\"twitter:label2\" content=\"Timp estimat pentru citire\" \/>\n\t<meta name=\"twitter:data2\" content=\"4 minute\" \/>\n<script type=\"application\/ld+json\" class=\"yoast-schema-graph\">{\"@context\":\"https:\\\/\\\/schema.org\",\"@graph\":[{\"@type\":\"Article\",\"@id\":\"https:\\\/\\\/www.lovendal.ro\\\/wp52\\\/socantul-caz-maria-pretzel-intalnirea-unei-fete-de-19-ani-cu-un-umanoid-gigant-ce-purta-in-mana-o-sfera-de-sticla-misterioasa\\\/#article\",\"isPartOf\":{\"@id\":\"https:\\\/\\\/www.lovendal.ro\\\/wp52\\\/socantul-caz-maria-pretzel-intalnirea-unei-fete-de-19-ani-cu-un-umanoid-gigant-ce-purta-in-mana-o-sfera-de-sticla-misterioasa\\\/\"},\"author\":{\"name\":\"admin\",\"@id\":\"https:\\\/\\\/www.lovendal.ro\\\/wp52\\\/#\\\/schema\\\/person\\\/088691de5dfc346bb0c023e1e52ef5d9\"},\"headline\":\"\u015eocantul caz Maria Pretzel: \u00eent\u00e2lnirea unei fete de 19 ani cu un umanoid gigant, ce purta \u00een m\u00e2n\u0103 o sfer\u0103 de sticl\u0103 misterioas\u0103\",\"datePublished\":\"2018-11-12T17:30:26+00:00\",\"dateModified\":\"2018-11-13T09:23:24+00:00\",\"mainEntityOfPage\":{\"@id\":\"https:\\\/\\\/www.lovendal.ro\\\/wp52\\\/socantul-caz-maria-pretzel-intalnirea-unei-fete-de-19-ani-cu-un-umanoid-gigant-ce-purta-in-mana-o-sfera-de-sticla-misterioasa\\\/\"},\"wordCount\":918,\"publisher\":{\"@id\":\"https:\\\/\\\/www.lovendal.ro\\\/wp52\\\/#organization\"},\"image\":{\"@id\":\"https:\\\/\\\/www.lovendal.ro\\\/wp52\\\/socantul-caz-maria-pretzel-intalnirea-unei-fete-de-19-ani-cu-un-umanoid-gigant-ce-purta-in-mana-o-sfera-de-sticla-misterioasa\\\/#primaryimage\"},\"thumbnailUrl\":\"https:\\\/\\\/www.lovendal.ro\\\/wp52\\\/wp-content\\\/uploads\\\/2018\\\/11\\\/Maria-Elodia-Pretzel-1.jpg\",\"keywords\":[\"albastru\",\"buc\u0103t\u0103rie\",\"cap\",\"centur\u0103\",\"corp\",\"costum\",\"creatur\u0103\",\"creier\",\"culoare\",\"degete\",\"fereastr\u0103\",\"genunchi\",\"limba spaniol\u0103\",\"lumin\u0103\",\"m\u00e2n\u0103\",\"ma\u015fin\u0103\",\"minte\",\"oglind\u0103\",\"ora\u015f\",\"palm\u0103\",\"Paranormal-Spiritualitate\",\"pe\u015fte\",\"picioare\",\"senza\u0163ie\",\"sfer\u0103\",\"solzi\",\"sticla\",\"telepatie\",\"um\u0103r\",\"u\u015f\u0103\"],\"articleSection\":[\"Paranormal-Spiritualitate\"],\"inLanguage\":\"ro-RO\"},{\"@type\":\"WebPage\",\"@id\":\"https:\\\/\\\/www.lovendal.ro\\\/wp52\\\/socantul-caz-maria-pretzel-intalnirea-unei-fete-de-19-ani-cu-un-umanoid-gigant-ce-purta-in-mana-o-sfera-de-sticla-misterioasa\\\/\",\"url\":\"https:\\\/\\\/www.lovendal.ro\\\/wp52\\\/socantul-caz-maria-pretzel-intalnirea-unei-fete-de-19-ani-cu-un-umanoid-gigant-ce-purta-in-mana-o-sfera-de-sticla-misterioasa\\\/\",\"name\":\"\u015eocantul caz Maria Pretzel: \u00eent\u00e2lnirea unei fete de 19 ani cu un umanoid gigant, ce purta \u00een m\u00e2n\u0103 o sfer\u0103 de sticl\u0103 misterioas\u0103 - Secretele lui Lovendal\",\"isPartOf\":{\"@id\":\"https:\\\/\\\/www.lovendal.ro\\\/wp52\\\/#website\"},\"primaryImageOfPage\":{\"@id\":\"https:\\\/\\\/www.lovendal.ro\\\/wp52\\\/socantul-caz-maria-pretzel-intalnirea-unei-fete-de-19-ani-cu-un-umanoid-gigant-ce-purta-in-mana-o-sfera-de-sticla-misterioasa\\\/#primaryimage\"},\"image\":{\"@id\":\"https:\\\/\\\/www.lovendal.ro\\\/wp52\\\/socantul-caz-maria-pretzel-intalnirea-unei-fete-de-19-ani-cu-un-umanoid-gigant-ce-purta-in-mana-o-sfera-de-sticla-misterioasa\\\/#primaryimage\"},\"thumbnailUrl\":\"https:\\\/\\\/www.lovendal.ro\\\/wp52\\\/wp-content\\\/uploads\\\/2018\\\/11\\\/Maria-Elodia-Pretzel-1.jpg\",\"datePublished\":\"2018-11-12T17:30:26+00:00\",\"dateModified\":\"2018-11-13T09:23:24+00:00\",\"breadcrumb\":{\"@id\":\"https:\\\/\\\/www.lovendal.ro\\\/wp52\\\/socantul-caz-maria-pretzel-intalnirea-unei-fete-de-19-ani-cu-un-umanoid-gigant-ce-purta-in-mana-o-sfera-de-sticla-misterioasa\\\/#breadcrumb\"},\"inLanguage\":\"ro-RO\",\"potentialAction\":[{\"@type\":\"ReadAction\",\"target\":[\"https:\\\/\\\/www.lovendal.ro\\\/wp52\\\/socantul-caz-maria-pretzel-intalnirea-unei-fete-de-19-ani-cu-un-umanoid-gigant-ce-purta-in-mana-o-sfera-de-sticla-misterioasa\\\/\"]}]},{\"@type\":\"ImageObject\",\"inLanguage\":\"ro-RO\",\"@id\":\"https:\\\/\\\/www.lovendal.ro\\\/wp52\\\/socantul-caz-maria-pretzel-intalnirea-unei-fete-de-19-ani-cu-un-umanoid-gigant-ce-purta-in-mana-o-sfera-de-sticla-misterioasa\\\/#primaryimage\",\"url\":\"https:\\\/\\\/www.lovendal.ro\\\/wp52\\\/wp-content\\\/uploads\\\/2018\\\/11\\\/Maria-Elodia-Pretzel-1.jpg\",\"contentUrl\":\"https:\\\/\\\/www.lovendal.ro\\\/wp52\\\/wp-content\\\/uploads\\\/2018\\\/11\\\/Maria-Elodia-Pretzel-1.jpg\",\"width\":337,\"height\":336},{\"@type\":\"BreadcrumbList\",\"@id\":\"https:\\\/\\\/www.lovendal.ro\\\/wp52\\\/socantul-caz-maria-pretzel-intalnirea-unei-fete-de-19-ani-cu-un-umanoid-gigant-ce-purta-in-mana-o-sfera-de-sticla-misterioasa\\\/#breadcrumb\",\"itemListElement\":[{\"@type\":\"ListItem\",\"position\":1,\"name\":\"Home\",\"item\":\"https:\\\/\\\/www.lovendal.ro\\\/wp52\\\/\"},{\"@type\":\"ListItem\",\"position\":2,\"name\":\"\u015eocantul caz Maria Pretzel: \u00eent\u00e2lnirea unei fete de 19 ani cu un umanoid gigant, ce purta \u00een m\u00e2n\u0103 o sfer\u0103 de sticl\u0103 misterioas\u0103\"}]},{\"@type\":\"WebSite\",\"@id\":\"https:\\\/\\\/www.lovendal.ro\\\/wp52\\\/#website\",\"url\":\"https:\\\/\\\/www.lovendal.ro\\\/wp52\\\/\",\"name\":\"Secretele lui Lovendal\",\"description\":\"Site de secrete, stiinta si metafizica - din 2008 -\",\"publisher\":{\"@id\":\"https:\\\/\\\/www.lovendal.ro\\\/wp52\\\/#organization\"},\"potentialAction\":[{\"@type\":\"SearchAction\",\"target\":{\"@type\":\"EntryPoint\",\"urlTemplate\":\"https:\\\/\\\/www.lovendal.ro\\\/wp52\\\/?s={search_term_string}\"},\"query-input\":{\"@type\":\"PropertyValueSpecification\",\"valueRequired\":true,\"valueName\":\"search_term_string\"}}],\"inLanguage\":\"ro-RO\"},{\"@type\":\"Organization\",\"@id\":\"https:\\\/\\\/www.lovendal.ro\\\/wp52\\\/#organization\",\"name\":\"Secretele lui Lovendal\",\"url\":\"https:\\\/\\\/www.lovendal.ro\\\/wp52\\\/\",\"logo\":{\"@type\":\"ImageObject\",\"inLanguage\":\"ro-RO\",\"@id\":\"https:\\\/\\\/www.lovendal.ro\\\/wp52\\\/#\\\/schema\\\/logo\\\/image\\\/\",\"url\":\"https:\\\/\\\/www.lovendal.ro\\\/wp52\\\/wp-content\\\/uploads\\\/2024\\\/06\\\/cropped-SLL-iun-2024-1.jpg\",\"contentUrl\":\"https:\\\/\\\/www.lovendal.ro\\\/wp52\\\/wp-content\\\/uploads\\\/2024\\\/06\\\/cropped-SLL-iun-2024-1.jpg\",\"width\":771,\"height\":240,\"caption\":\"Secretele lui Lovendal\"},\"image\":{\"@id\":\"https:\\\/\\\/www.lovendal.ro\\\/wp52\\\/#\\\/schema\\\/logo\\\/image\\\/\"},\"sameAs\":[\"https:\\\/\\\/www.facebook.com\\\/secreteleluilovendal\"]},{\"@type\":\"Person\",\"@id\":\"https:\\\/\\\/www.lovendal.ro\\\/wp52\\\/#\\\/schema\\\/person\\\/088691de5dfc346bb0c023e1e52ef5d9\",\"name\":\"admin\",\"image\":{\"@type\":\"ImageObject\",\"inLanguage\":\"ro-RO\",\"@id\":\"https:\\\/\\\/secure.gravatar.com\\\/avatar\\\/ecb9cd41f5f63c9c9b989999a59f6e2639a865ec361e9db054db0679a8f341c2?s=96&d=mm&r=g\",\"url\":\"https:\\\/\\\/secure.gravatar.com\\\/avatar\\\/ecb9cd41f5f63c9c9b989999a59f6e2639a865ec361e9db054db0679a8f341c2?s=96&d=mm&r=g\",\"contentUrl\":\"https:\\\/\\\/secure.gravatar.com\\\/avatar\\\/ecb9cd41f5f63c9c9b989999a59f6e2639a865ec361e9db054db0679a8f341c2?s=96&d=mm&r=g\",\"caption\":\"admin\"},\"sameAs\":[\"https:\\\/\\\/www.lovendal.ro\\\/wp52\"]}]}<\/script>\n<!-- \/ Yoast SEO Premium plugin. -->","yoast_head_json":{"title":"\u015eocantul caz Maria Pretzel: \u00eent\u00e2lnirea unei fete de 19 ani cu un umanoid gigant, ce purta \u00een m\u00e2n\u0103 o sfer\u0103 de sticl\u0103 misterioas\u0103 - Secretele lui Lovendal","robots":{"index":"index","follow":"follow","max-snippet":"max-snippet:-1","max-image-preview":"max-image-preview:large","max-video-preview":"max-video-preview:-1"},"canonical":"https:\/\/www.lovendal.ro\/wp52\/socantul-caz-maria-pretzel-intalnirea-unei-fete-de-19-ani-cu-un-umanoid-gigant-ce-purta-in-mana-o-sfera-de-sticla-misterioasa\/","og_locale":"ro_RO","og_type":"article","og_title":"\u015eocantul caz Maria Pretzel: \u00eent\u00e2lnirea unei fete de 19 ani cu un umanoid gigant, ce purta \u00een m\u00e2n\u0103 o sfer\u0103 de sticl\u0103 misterioas\u0103","og_description":"Continu\u0103m s\u0103 prezent\u0103m pe acest site cazuri \u015focante ale unor \u00eent\u00e2lniri de gradul 3 a diver\u015fi martori cu entit\u0103\u0163i din alte lumi. Sunt m\u0103rturii pe care le pute\u0163i crede sau nu&#8230; \u00cen primele ore ale zilei de 14 iunie 1968, ... Cititi mai multe","og_url":"https:\/\/www.lovendal.ro\/wp52\/socantul-caz-maria-pretzel-intalnirea-unei-fete-de-19-ani-cu-un-umanoid-gigant-ce-purta-in-mana-o-sfera-de-sticla-misterioasa\/","og_site_name":"Secretele lui Lovendal","article_publisher":"https:\/\/www.facebook.com\/secreteleluilovendal","article_published_time":"2018-11-12T17:30:26+00:00","article_modified_time":"2018-11-13T09:23:24+00:00","og_image":[{"width":337,"height":336,"url":"https:\/\/www.lovendal.ro\/wp52\/wp-content\/uploads\/2018\/11\/Maria-Elodia-Pretzel-1.jpg","type":"image\/jpeg"}],"author":"admin","twitter_card":"summary_large_image","twitter_misc":{"Scris de":"admin","Timp estimat pentru citire":"4 minute"},"schema":{"@context":"https:\/\/schema.org","@graph":[{"@type":"Article","@id":"https:\/\/www.lovendal.ro\/wp52\/socantul-caz-maria-pretzel-intalnirea-unei-fete-de-19-ani-cu-un-umanoid-gigant-ce-purta-in-mana-o-sfera-de-sticla-misterioasa\/#article","isPartOf":{"@id":"https:\/\/www.lovendal.ro\/wp52\/socantul-caz-maria-pretzel-intalnirea-unei-fete-de-19-ani-cu-un-umanoid-gigant-ce-purta-in-mana-o-sfera-de-sticla-misterioasa\/"},"author":{"name":"admin","@id":"https:\/\/www.lovendal.ro\/wp52\/#\/schema\/person\/088691de5dfc346bb0c023e1e52ef5d9"},"headline":"\u015eocantul caz Maria Pretzel: \u00eent\u00e2lnirea unei fete de 19 ani cu un umanoid gigant, ce purta \u00een m\u00e2n\u0103 o sfer\u0103 de sticl\u0103 misterioas\u0103","datePublished":"2018-11-12T17:30:26+00:00","dateModified":"2018-11-13T09:23:24+00:00","mainEntityOfPage":{"@id":"https:\/\/www.lovendal.ro\/wp52\/socantul-caz-maria-pretzel-intalnirea-unei-fete-de-19-ani-cu-un-umanoid-gigant-ce-purta-in-mana-o-sfera-de-sticla-misterioasa\/"},"wordCount":918,"publisher":{"@id":"https:\/\/www.lovendal.ro\/wp52\/#organization"},"image":{"@id":"https:\/\/www.lovendal.ro\/wp52\/socantul-caz-maria-pretzel-intalnirea-unei-fete-de-19-ani-cu-un-umanoid-gigant-ce-purta-in-mana-o-sfera-de-sticla-misterioasa\/#primaryimage"},"thumbnailUrl":"https:\/\/www.lovendal.ro\/wp52\/wp-content\/uploads\/2018\/11\/Maria-Elodia-Pretzel-1.jpg","keywords":["albastru","buc\u0103t\u0103rie","cap","centur\u0103","corp","costum","creatur\u0103","creier","culoare","degete","fereastr\u0103","genunchi","limba spaniol\u0103","lumin\u0103","m\u00e2n\u0103","ma\u015fin\u0103","minte","oglind\u0103","ora\u015f","palm\u0103","Paranormal-Spiritualitate","pe\u015fte","picioare","senza\u0163ie","sfer\u0103","solzi","sticla","telepatie","um\u0103r","u\u015f\u0103"],"articleSection":["Paranormal-Spiritualitate"],"inLanguage":"ro-RO"},{"@type":"WebPage","@id":"https:\/\/www.lovendal.ro\/wp52\/socantul-caz-maria-pretzel-intalnirea-unei-fete-de-19-ani-cu-un-umanoid-gigant-ce-purta-in-mana-o-sfera-de-sticla-misterioasa\/","url":"https:\/\/www.lovendal.ro\/wp52\/socantul-caz-maria-pretzel-intalnirea-unei-fete-de-19-ani-cu-un-umanoid-gigant-ce-purta-in-mana-o-sfera-de-sticla-misterioasa\/","name":"\u015eocantul caz Maria Pretzel: \u00eent\u00e2lnirea unei fete de 19 ani cu un umanoid gigant, ce purta \u00een m\u00e2n\u0103 o sfer\u0103 de sticl\u0103 misterioas\u0103 - Secretele lui Lovendal","isPartOf":{"@id":"https:\/\/www.lovendal.ro\/wp52\/#website"},"primaryImageOfPage":{"@id":"https:\/\/www.lovendal.ro\/wp52\/socantul-caz-maria-pretzel-intalnirea-unei-fete-de-19-ani-cu-un-umanoid-gigant-ce-purta-in-mana-o-sfera-de-sticla-misterioasa\/#primaryimage"},"image":{"@id":"https:\/\/www.lovendal.ro\/wp52\/socantul-caz-maria-pretzel-intalnirea-unei-fete-de-19-ani-cu-un-umanoid-gigant-ce-purta-in-mana-o-sfera-de-sticla-misterioasa\/#primaryimage"},"thumbnailUrl":"https:\/\/www.lovendal.ro\/wp52\/wp-content\/uploads\/2018\/11\/Maria-Elodia-Pretzel-1.jpg","datePublished":"2018-11-12T17:30:26+00:00","dateModified":"2018-11-13T09:23:24+00:00","breadcrumb":{"@id":"https:\/\/www.lovendal.ro\/wp52\/socantul-caz-maria-pretzel-intalnirea-unei-fete-de-19-ani-cu-un-umanoid-gigant-ce-purta-in-mana-o-sfera-de-sticla-misterioasa\/#breadcrumb"},"inLanguage":"ro-RO","potentialAction":[{"@type":"ReadAction","target":["https:\/\/www.lovendal.ro\/wp52\/socantul-caz-maria-pretzel-intalnirea-unei-fete-de-19-ani-cu-un-umanoid-gigant-ce-purta-in-mana-o-sfera-de-sticla-misterioasa\/"]}]},{"@type":"ImageObject","inLanguage":"ro-RO","@id":"https:\/\/www.lovendal.ro\/wp52\/socantul-caz-maria-pretzel-intalnirea-unei-fete-de-19-ani-cu-un-umanoid-gigant-ce-purta-in-mana-o-sfera-de-sticla-misterioasa\/#primaryimage","url":"https:\/\/www.lovendal.ro\/wp52\/wp-content\/uploads\/2018\/11\/Maria-Elodia-Pretzel-1.jpg","contentUrl":"https:\/\/www.lovendal.ro\/wp52\/wp-content\/uploads\/2018\/11\/Maria-Elodia-Pretzel-1.jpg","width":337,"height":336},{"@type":"BreadcrumbList","@id":"https:\/\/www.lovendal.ro\/wp52\/socantul-caz-maria-pretzel-intalnirea-unei-fete-de-19-ani-cu-un-umanoid-gigant-ce-purta-in-mana-o-sfera-de-sticla-misterioasa\/#breadcrumb","itemListElement":[{"@type":"ListItem","position":1,"name":"Home","item":"https:\/\/www.lovendal.ro\/wp52\/"},{"@type":"ListItem","position":2,"name":"\u015eocantul caz Maria Pretzel: \u00eent\u00e2lnirea unei fete de 19 ani cu un umanoid gigant, ce purta \u00een m\u00e2n\u0103 o sfer\u0103 de sticl\u0103 misterioas\u0103"}]},{"@type":"WebSite","@id":"https:\/\/www.lovendal.ro\/wp52\/#website","url":"https:\/\/www.lovendal.ro\/wp52\/","name":"Secretele lui Lovendal","description":"Site de secrete, stiinta si metafizica - din 2008 -","publisher":{"@id":"https:\/\/www.lovendal.ro\/wp52\/#organization"},"potentialAction":[{"@type":"SearchAction","target":{"@type":"EntryPoint","urlTemplate":"https:\/\/www.lovendal.ro\/wp52\/?s={search_term_string}"},"query-input":{"@type":"PropertyValueSpecification","valueRequired":true,"valueName":"search_term_string"}}],"inLanguage":"ro-RO"},{"@type":"Organization","@id":"https:\/\/www.lovendal.ro\/wp52\/#organization","name":"Secretele lui Lovendal","url":"https:\/\/www.lovendal.ro\/wp52\/","logo":{"@type":"ImageObject","inLanguage":"ro-RO","@id":"https:\/\/www.lovendal.ro\/wp52\/#\/schema\/logo\/image\/","url":"https:\/\/www.lovendal.ro\/wp52\/wp-content\/uploads\/2024\/06\/cropped-SLL-iun-2024-1.jpg","contentUrl":"https:\/\/www.lovendal.ro\/wp52\/wp-content\/uploads\/2024\/06\/cropped-SLL-iun-2024-1.jpg","width":771,"height":240,"caption":"Secretele lui Lovendal"},"image":{"@id":"https:\/\/www.lovendal.ro\/wp52\/#\/schema\/logo\/image\/"},"sameAs":["https:\/\/www.facebook.com\/secreteleluilovendal"]},{"@type":"Person","@id":"https:\/\/www.lovendal.ro\/wp52\/#\/schema\/person\/088691de5dfc346bb0c023e1e52ef5d9","name":"admin","image":{"@type":"ImageObject","inLanguage":"ro-RO","@id":"https:\/\/secure.gravatar.com\/avatar\/ecb9cd41f5f63c9c9b989999a59f6e2639a865ec361e9db054db0679a8f341c2?s=96&d=mm&r=g","url":"https:\/\/secure.gravatar.com\/avatar\/ecb9cd41f5f63c9c9b989999a59f6e2639a865ec361e9db054db0679a8f341c2?s=96&d=mm&r=g","contentUrl":"https:\/\/secure.gravatar.com\/avatar\/ecb9cd41f5f63c9c9b989999a59f6e2639a865ec361e9db054db0679a8f341c2?s=96&d=mm&r=g","caption":"admin"},"sameAs":["https:\/\/www.lovendal.ro\/wp52"]}]}},"_links":{"self":[{"href":"https:\/\/www.lovendal.ro\/wp52\/wp-json\/wp\/v2\/posts\/58019","targetHints":{"allow":["GET"]}}],"collection":[{"href":"https:\/\/www.lovendal.ro\/wp52\/wp-json\/wp\/v2\/posts"}],"about":[{"href":"https:\/\/www.lovendal.ro\/wp52\/wp-json\/wp\/v2\/types\/post"}],"author":[{"embeddable":true,"href":"https:\/\/www.lovendal.ro\/wp52\/wp-json\/wp\/v2\/users\/1"}],"replies":[{"embeddable":true,"href":"https:\/\/www.lovendal.ro\/wp52\/wp-json\/wp\/v2\/comments?post=58019"}],"version-history":[{"count":0,"href":"https:\/\/www.lovendal.ro\/wp52\/wp-json\/wp\/v2\/posts\/58019\/revisions"}],"wp:featuredmedia":[{"embeddable":true,"href":"https:\/\/www.lovendal.ro\/wp52\/wp-json\/wp\/v2\/media\/58023"}],"wp:attachment":[{"href":"https:\/\/www.lovendal.ro\/wp52\/wp-json\/wp\/v2\/media?parent=58019"}],"wp:term":[{"taxonomy":"category","embeddable":true,"href":"https:\/\/www.lovendal.ro\/wp52\/wp-json\/wp\/v2\/categories?post=58019"},{"taxonomy":"post_tag","embeddable":true,"href":"https:\/\/www.lovendal.ro\/wp52\/wp-json\/wp\/v2\/tags?post=58019"}],"curies":[{"name":"wp","href":"https:\/\/api.w.org\/{rel}","templated":true}]}}