{"id":56863,"date":"2018-07-12T09:27:53","date_gmt":"2018-07-12T06:27:53","guid":{"rendered":"http:\/\/www.lovendal.ro\/wp52\/?p=56863"},"modified":"2018-07-12T09:27:53","modified_gmt":"2018-07-12T06:27:53","slug":"oamenii-reprezinta-o-specie-amnezica-hipnotica-de-asta-civilizatiile-extraterestre-avansate-ne-ignora-trebuie-mai-intai-sa-iesim-din-iluzia-cosmica","status":"publish","type":"post","link":"https:\/\/www.lovendal.ro\/wp52\/oamenii-reprezinta-o-specie-amnezica-hipnotica-de-asta-civilizatiile-extraterestre-avansate-ne-ignora-trebuie-mai-intai-sa-iesim-din-iluzia-cosmica\/","title":{"rendered":"Oamenii reprezint\u0103 o specie &#8222;amnezic\u0103&#8221;, &#8222;hipnotic\u0103&#8221;; de asta civiliza\u0163iile extraterestre avansate ne ignor\u0103! Trebuie, mai \u00eent\u00e2i, s\u0103 ie\u015fim din iluzia cosmic\u0103&#8230;"},"content":{"rendered":"<p><a href=\"https:\/\/www.lovendal.ro\/wp52\/wp-content\/uploads\/2018\/07\/civilizatii-cosmice.jpg\"><img loading=\"lazy\" decoding=\"async\" class=\"alignleft size-full wp-image-56864\" src=\"https:\/\/www.lovendal.ro\/wp52\/wp-content\/uploads\/2018\/07\/civilizatii-cosmice.jpg\" alt=\"\" width=\"334\" height=\"255\" srcset=\"https:\/\/www.lovendal.ro\/wp52\/wp-content\/uploads\/2018\/07\/civilizatii-cosmice.jpg 334w, https:\/\/www.lovendal.ro\/wp52\/wp-content\/uploads\/2018\/07\/civilizatii-cosmice-300x229.jpg 300w\" sizes=\"auto, (max-width: 334px) 100vw, 334px\" \/><\/a>Oamenii de pe Terra au devenit prizonieri ai con\u015ftiin\u0163ei periferice, centrat\u0103 \u00een egoul limitat, care le-a fost implantat, care printr-o programare defectuoas\u0103 se identifica cu ceea ce cred ca posed\u0103: nume, corp, cunoa\u015ftere, averi, puteri, pozi\u0163ii sociale si profesionale, pl\u0103ceri. Socrate ac\u0163iona in direc\u0163ia deta\u015f\u0103rii de falsele valori, cu care am fost condi\u0163iona\u0163i sa ne identificam (nume, familie, ranguri, roluri, na\u0163ie, limba, drapel, lucruri, confort, vicii, fiin\u0163e dragi, corp), pentru a declan\u015fa eliberarea din &#8222;pe\u015fter\u0103&#8221; si reg\u0103sirea de sine sau &#8222;a doua na\u015ftere&#8221;.<\/p>\n<p>Marele savant rom\u00e2n Henri Coand\u0103 spunea c\u0103 suntem considera\u0163i &#8222;o civiliza\u0163ie amnezic\u0103&#8221;, aflat\u0103 \u00eentr-un fel de trans\u0103 hipnotic\u0103, pe care noi o numim \u015ftiin\u0163\u0103, cultur\u0103 si religie, iar civiliza\u0163iile galactice o mai numesc &#8222;stare recipient&#8221;, &#8222;moarte&#8221;. Privi\u0163i mai atent \u00een jur \u015fi vede\u0163i c\u00e2\u0163i dintre semenii no\u015ftri au f\u0103cut ceva pentru menirea pe care o are omul. C\u00e2\u0163i dintre contemporanii no\u015ftri au ajuns la &#8222;izvorul&#8221; de via\u0163\u0103, de fericire necondi\u0163ionat\u0103 \u015fi de crea\u0163ie \u015fi c\u00e2\u0163i au tr\u0103it doar ca ni\u015fte recipiente, care mereu alearg\u0103 dup\u0103 umplere cu hrana, pl\u0103ceri, glorie \u015fi informa\u0163ii ? Descoperirile secolelor trecute au fost f\u0103cute de o m\u00e2n\u0103 de oameni, \u00een timp ce restul dorm sau se omoar\u0103 s\u0103 acumuleze ce au creat al\u0163ii, deform\u00e2nd \u015fi alter\u00e2nd menirea valorilor create.<\/p>\n<p>O via\u0163\u0103 risipit\u0103 acumul\u00e2nd ni\u015fte pietricele de pe malul unui ocean, pietricele pe care oamenii le consider\u0103 bani, valori de art\u0103, metale pre\u0163ioase, bunuri \u015fi pl\u0103ceri. O asemenea via\u0163\u0103 este, dup\u0103 p\u0103rerea civiliza\u0163iilor galactice avansate, o existen\u0163\u0103 de &#8222;recipient&#8221; sau, cum zicea Leonardo da Vinci: &#8222;o via\u0163\u0103 de ram\u0103&#8221;.<\/p>\n<p>Problema pe care o avem de rezolvat trebuie s-o rezolv\u0103m noi \u00een\u015fine, fiindc\u0103 nimeni nu poate parcurge drumul \u00een locul nostru. Trebuie s\u0103 ne descoperim pe noi \u00een\u015fine. Nicio civiliza\u0163ie galactic\u0103 nu poate oferi unei alte civiliza\u0163ii ceva ce ea \u00eens\u0103\u015fi nu ob\u0163ine ancor\u00e2ndu-se \u00een Con\u015ftiin\u0163a Cosmic\u0103 omniprezent\u0103 holografic; dac\u0103 nu ob\u0163ine \u00eenseamn\u0103 c\u0103 nu este preg\u0103tit\u0103 s\u0103 primeasc\u0103 \u015fi c\u0103 i se face un r\u0103u d\u0103ruindu-se o tehnologie, care o poate anihila. Dincolo de un anumit prag nimeni nu mai poate face nimic pentru noi, dac\u0103 nu ac\u0163ion\u0103m pentru a ne dehipnotiza, pentru a ne trezi. Hipnoza este doar scara pe care trebuie s\u0103 urc\u0103m, dup\u0103 ce tot pe aceast\u0103 scar\u0103 am cobor\u00e2t \u015fi am c\u0103zut \u00een robia identific\u0103rii \u015fi a manipul\u0103rii. Oamenii de pe Terra au ajuns robii iluziei c\u0103 realitatea este identic\u0103 cu realitatea secund\u0103, reflectat\u0103 pe ecranul mental, prin impulsuri generate sim\u0163uri, de vorbe, de procesarea mental\u0103, c\u00e2nd de fapt aceast\u0103 reflexie nu este dec\u00e2t o iluzie(maya), un joc de umbre pe peretele mental al pe\u015fterii.<\/p>\n","protected":false},"excerpt":{"rendered":"<p>Oamenii de pe Terra au devenit prizonieri ai con\u015ftiin\u0163ei periferice, centrat\u0103 \u00een egoul limitat, care le-a fost implantat, care printr-o programare defectuoas\u0103 se identifica cu ceea ce cred ca posed\u0103: nume, corp, cunoa\u015ftere, averi, puteri, pozi\u0163ii sociale si profesionale, pl\u0103ceri. &#8230; <\/p>\n<p class=\"read-more-container\"><a title=\"Oamenii reprezint\u0103 o specie &#8222;amnezic\u0103&#8221;, &#8222;hipnotic\u0103&#8221;; de asta civiliza\u0163iile extraterestre avansate ne ignor\u0103! Trebuie, mai \u00eent\u00e2i, s\u0103 ie\u015fim din iluzia cosmic\u0103&#8230;\" class=\"read-more button\" href=\"https:\/\/www.lovendal.ro\/wp52\/oamenii-reprezinta-o-specie-amnezica-hipnotica-de-asta-civilizatiile-extraterestre-avansate-ne-ignora-trebuie-mai-intai-sa-iesim-din-iluzia-cosmica\/#more-56863\" aria-label=\"Cite\u0219te mai multe despre Oamenii reprezint\u0103 o specie &#8222;amnezic\u0103&#8221;, &#8222;hipnotic\u0103&#8221;; de asta civiliza\u0163iile extraterestre avansate ne ignor\u0103! Trebuie, mai \u00eent\u00e2i, s\u0103 ie\u015fim din iluzia cosmic\u0103&#8230;\">Cititi mai multe<\/a><\/p>\n","protected":false},"author":1,"featured_media":56864,"comment_status":"open","ping_status":"closed","sticky":false,"template":"","format":"standard","meta":{"footnotes":""},"categories":[2833,14],"tags":[1027,12232,2676,480,4933,51,1015,8,108,57,1604,9796,2890,873,300],"class_list":["post-56863","post","type-post","status-publish","format-standard","has-post-thumbnail","hentry","category-noutati","category-paranormal-spiritualitate","tag-civilizatie","tag-coanda","tag-constiinta","tag-da-vinci","tag-ego","tag-extraterestri","tag-iluzie","tag-manipulare","tag-moarte","tag-oameni","tag-ocean","tag-paranormal-spiritualitate","tag-pestera","tag-socrate","tag-terra","resize-featured-image"],"yoast_head":"<!-- This site is optimized with the Yoast SEO Premium plugin v23.3 (Yoast SEO v27.4) - https:\/\/yoast.com\/product\/yoast-seo-premium-wordpress\/ -->\n<title>Oamenii reprezint\u0103 o specie &quot;amnezic\u0103&quot;, &quot;hipnotic\u0103&quot;; de asta civiliza\u0163iile extraterestre avansate ne ignor\u0103! Trebuie, mai \u00eent\u00e2i, s\u0103 ie\u015fim din iluzia cosmic\u0103... - Secretele lui Lovendal<\/title>\n<meta name=\"robots\" content=\"index, follow, max-snippet:-1, max-image-preview:large, max-video-preview:-1\" \/>\n<link rel=\"canonical\" href=\"https:\/\/www.lovendal.ro\/wp52\/oamenii-reprezinta-o-specie-amnezica-hipnotica-de-asta-civilizatiile-extraterestre-avansate-ne-ignora-trebuie-mai-intai-sa-iesim-din-iluzia-cosmica\/\" \/>\n<meta property=\"og:locale\" content=\"ro_RO\" \/>\n<meta property=\"og:type\" content=\"article\" \/>\n<meta property=\"og:title\" content=\"Oamenii reprezint\u0103 o specie &quot;amnezic\u0103&quot;, &quot;hipnotic\u0103&quot;; de asta civiliza\u0163iile extraterestre avansate ne ignor\u0103! Trebuie, mai \u00eent\u00e2i, s\u0103 ie\u015fim din iluzia cosmic\u0103...\" \/>\n<meta property=\"og:description\" content=\"Oamenii de pe Terra au devenit prizonieri ai con\u015ftiin\u0163ei periferice, centrat\u0103 \u00een egoul limitat, care le-a fost implantat, care printr-o programare defectuoas\u0103 se identifica cu ceea ce cred ca posed\u0103: nume, corp, cunoa\u015ftere, averi, puteri, pozi\u0163ii sociale si profesionale, pl\u0103ceri. ... Cititi mai multe\" \/>\n<meta property=\"og:url\" content=\"https:\/\/www.lovendal.ro\/wp52\/oamenii-reprezinta-o-specie-amnezica-hipnotica-de-asta-civilizatiile-extraterestre-avansate-ne-ignora-trebuie-mai-intai-sa-iesim-din-iluzia-cosmica\/\" \/>\n<meta property=\"og:site_name\" content=\"Secretele lui Lovendal\" \/>\n<meta property=\"article:publisher\" content=\"https:\/\/www.facebook.com\/secreteleluilovendal\" \/>\n<meta property=\"article:published_time\" content=\"2018-07-12T06:27:53+00:00\" \/>\n<meta property=\"og:image\" content=\"https:\/\/www.lovendal.ro\/wp52\/wp-content\/uploads\/2018\/07\/civilizatii-cosmice.jpg\" \/>\n\t<meta property=\"og:image:width\" content=\"334\" \/>\n\t<meta property=\"og:image:height\" content=\"255\" \/>\n\t<meta property=\"og:image:type\" content=\"image\/jpeg\" \/>\n<meta name=\"author\" content=\"admin\" \/>\n<meta name=\"twitter:card\" content=\"summary_large_image\" \/>\n<meta name=\"twitter:label1\" content=\"Scris de\" \/>\n\t<meta name=\"twitter:data1\" content=\"admin\" \/>\n\t<meta name=\"twitter:label2\" content=\"Timp estimat pentru citire\" \/>\n\t<meta name=\"twitter:data2\" content=\"2 minute\" \/>\n<script type=\"application\/ld+json\" class=\"yoast-schema-graph\">{\"@context\":\"https:\\\/\\\/schema.org\",\"@graph\":[{\"@type\":\"Article\",\"@id\":\"https:\\\/\\\/www.lovendal.ro\\\/wp52\\\/oamenii-reprezinta-o-specie-amnezica-hipnotica-de-asta-civilizatiile-extraterestre-avansate-ne-ignora-trebuie-mai-intai-sa-iesim-din-iluzia-cosmica\\\/#article\",\"isPartOf\":{\"@id\":\"https:\\\/\\\/www.lovendal.ro\\\/wp52\\\/oamenii-reprezinta-o-specie-amnezica-hipnotica-de-asta-civilizatiile-extraterestre-avansate-ne-ignora-trebuie-mai-intai-sa-iesim-din-iluzia-cosmica\\\/\"},\"author\":{\"name\":\"admin\",\"@id\":\"https:\\\/\\\/www.lovendal.ro\\\/wp52\\\/#\\\/schema\\\/person\\\/088691de5dfc346bb0c023e1e52ef5d9\"},\"headline\":\"Oamenii reprezint\u0103 o specie &#8222;amnezic\u0103&#8221;, &#8222;hipnotic\u0103&#8221;; de asta civiliza\u0163iile extraterestre avansate ne ignor\u0103! Trebuie, mai \u00eent\u00e2i, s\u0103 ie\u015fim din iluzia cosmic\u0103&#8230;\",\"datePublished\":\"2018-07-12T06:27:53+00:00\",\"mainEntityOfPage\":{\"@id\":\"https:\\\/\\\/www.lovendal.ro\\\/wp52\\\/oamenii-reprezinta-o-specie-amnezica-hipnotica-de-asta-civilizatiile-extraterestre-avansate-ne-ignora-trebuie-mai-intai-sa-iesim-din-iluzia-cosmica\\\/\"},\"wordCount\":520,\"commentCount\":0,\"publisher\":{\"@id\":\"https:\\\/\\\/www.lovendal.ro\\\/wp52\\\/#organization\"},\"image\":{\"@id\":\"https:\\\/\\\/www.lovendal.ro\\\/wp52\\\/oamenii-reprezinta-o-specie-amnezica-hipnotica-de-asta-civilizatiile-extraterestre-avansate-ne-ignora-trebuie-mai-intai-sa-iesim-din-iluzia-cosmica\\\/#primaryimage\"},\"thumbnailUrl\":\"https:\\\/\\\/www.lovendal.ro\\\/wp52\\\/wp-content\\\/uploads\\\/2018\\\/07\\\/civilizatii-cosmice.jpg\",\"keywords\":[\"civiliza\u0163ie\",\"Coand\u0103\",\"con\u015ftiin\u0163\u0103\",\"da Vinci\",\"ego\",\"extratere\u015ftri\",\"iluzie\",\"manipulare\",\"moarte\",\"oameni\",\"ocean\",\"Paranormal-Spiritualitate\",\"pe\u015fter\u0103\",\"Socrate\",\"Terra\"],\"articleSection\":[\"Noutati\",\"Paranormal-Spiritualitate\"],\"inLanguage\":\"ro-RO\",\"potentialAction\":[{\"@type\":\"CommentAction\",\"name\":\"Comment\",\"target\":[\"https:\\\/\\\/www.lovendal.ro\\\/wp52\\\/oamenii-reprezinta-o-specie-amnezica-hipnotica-de-asta-civilizatiile-extraterestre-avansate-ne-ignora-trebuie-mai-intai-sa-iesim-din-iluzia-cosmica\\\/#respond\"]}]},{\"@type\":\"WebPage\",\"@id\":\"https:\\\/\\\/www.lovendal.ro\\\/wp52\\\/oamenii-reprezinta-o-specie-amnezica-hipnotica-de-asta-civilizatiile-extraterestre-avansate-ne-ignora-trebuie-mai-intai-sa-iesim-din-iluzia-cosmica\\\/\",\"url\":\"https:\\\/\\\/www.lovendal.ro\\\/wp52\\\/oamenii-reprezinta-o-specie-amnezica-hipnotica-de-asta-civilizatiile-extraterestre-avansate-ne-ignora-trebuie-mai-intai-sa-iesim-din-iluzia-cosmica\\\/\",\"name\":\"Oamenii reprezint\u0103 o specie \\\"amnezic\u0103\\\", \\\"hipnotic\u0103\\\"; de asta civiliza\u0163iile extraterestre avansate ne ignor\u0103! Trebuie, mai \u00eent\u00e2i, s\u0103 ie\u015fim din iluzia cosmic\u0103... - Secretele lui Lovendal\",\"isPartOf\":{\"@id\":\"https:\\\/\\\/www.lovendal.ro\\\/wp52\\\/#website\"},\"primaryImageOfPage\":{\"@id\":\"https:\\\/\\\/www.lovendal.ro\\\/wp52\\\/oamenii-reprezinta-o-specie-amnezica-hipnotica-de-asta-civilizatiile-extraterestre-avansate-ne-ignora-trebuie-mai-intai-sa-iesim-din-iluzia-cosmica\\\/#primaryimage\"},\"image\":{\"@id\":\"https:\\\/\\\/www.lovendal.ro\\\/wp52\\\/oamenii-reprezinta-o-specie-amnezica-hipnotica-de-asta-civilizatiile-extraterestre-avansate-ne-ignora-trebuie-mai-intai-sa-iesim-din-iluzia-cosmica\\\/#primaryimage\"},\"thumbnailUrl\":\"https:\\\/\\\/www.lovendal.ro\\\/wp52\\\/wp-content\\\/uploads\\\/2018\\\/07\\\/civilizatii-cosmice.jpg\",\"datePublished\":\"2018-07-12T06:27:53+00:00\",\"breadcrumb\":{\"@id\":\"https:\\\/\\\/www.lovendal.ro\\\/wp52\\\/oamenii-reprezinta-o-specie-amnezica-hipnotica-de-asta-civilizatiile-extraterestre-avansate-ne-ignora-trebuie-mai-intai-sa-iesim-din-iluzia-cosmica\\\/#breadcrumb\"},\"inLanguage\":\"ro-RO\",\"potentialAction\":[{\"@type\":\"ReadAction\",\"target\":[\"https:\\\/\\\/www.lovendal.ro\\\/wp52\\\/oamenii-reprezinta-o-specie-amnezica-hipnotica-de-asta-civilizatiile-extraterestre-avansate-ne-ignora-trebuie-mai-intai-sa-iesim-din-iluzia-cosmica\\\/\"]}]},{\"@type\":\"ImageObject\",\"inLanguage\":\"ro-RO\",\"@id\":\"https:\\\/\\\/www.lovendal.ro\\\/wp52\\\/oamenii-reprezinta-o-specie-amnezica-hipnotica-de-asta-civilizatiile-extraterestre-avansate-ne-ignora-trebuie-mai-intai-sa-iesim-din-iluzia-cosmica\\\/#primaryimage\",\"url\":\"https:\\\/\\\/www.lovendal.ro\\\/wp52\\\/wp-content\\\/uploads\\\/2018\\\/07\\\/civilizatii-cosmice.jpg\",\"contentUrl\":\"https:\\\/\\\/www.lovendal.ro\\\/wp52\\\/wp-content\\\/uploads\\\/2018\\\/07\\\/civilizatii-cosmice.jpg\",\"width\":334,\"height\":255},{\"@type\":\"BreadcrumbList\",\"@id\":\"https:\\\/\\\/www.lovendal.ro\\\/wp52\\\/oamenii-reprezinta-o-specie-amnezica-hipnotica-de-asta-civilizatiile-extraterestre-avansate-ne-ignora-trebuie-mai-intai-sa-iesim-din-iluzia-cosmica\\\/#breadcrumb\",\"itemListElement\":[{\"@type\":\"ListItem\",\"position\":1,\"name\":\"Home\",\"item\":\"https:\\\/\\\/www.lovendal.ro\\\/wp52\\\/\"},{\"@type\":\"ListItem\",\"position\":2,\"name\":\"Oamenii reprezint\u0103 o specie &#8222;amnezic\u0103&#8221;, &#8222;hipnotic\u0103&#8221;; de asta civiliza\u0163iile extraterestre avansate ne ignor\u0103! Trebuie, mai \u00eent\u00e2i, s\u0103 ie\u015fim din iluzia cosmic\u0103&#8230;\"}]},{\"@type\":\"WebSite\",\"@id\":\"https:\\\/\\\/www.lovendal.ro\\\/wp52\\\/#website\",\"url\":\"https:\\\/\\\/www.lovendal.ro\\\/wp52\\\/\",\"name\":\"Secretele lui Lovendal\",\"description\":\"Site de secrete, stiinta si metafizica - din 2008 -\",\"publisher\":{\"@id\":\"https:\\\/\\\/www.lovendal.ro\\\/wp52\\\/#organization\"},\"potentialAction\":[{\"@type\":\"SearchAction\",\"target\":{\"@type\":\"EntryPoint\",\"urlTemplate\":\"https:\\\/\\\/www.lovendal.ro\\\/wp52\\\/?s={search_term_string}\"},\"query-input\":{\"@type\":\"PropertyValueSpecification\",\"valueRequired\":true,\"valueName\":\"search_term_string\"}}],\"inLanguage\":\"ro-RO\"},{\"@type\":\"Organization\",\"@id\":\"https:\\\/\\\/www.lovendal.ro\\\/wp52\\\/#organization\",\"name\":\"Secretele lui Lovendal\",\"url\":\"https:\\\/\\\/www.lovendal.ro\\\/wp52\\\/\",\"logo\":{\"@type\":\"ImageObject\",\"inLanguage\":\"ro-RO\",\"@id\":\"https:\\\/\\\/www.lovendal.ro\\\/wp52\\\/#\\\/schema\\\/logo\\\/image\\\/\",\"url\":\"https:\\\/\\\/www.lovendal.ro\\\/wp52\\\/wp-content\\\/uploads\\\/2024\\\/06\\\/cropped-SLL-iun-2024-1.jpg\",\"contentUrl\":\"https:\\\/\\\/www.lovendal.ro\\\/wp52\\\/wp-content\\\/uploads\\\/2024\\\/06\\\/cropped-SLL-iun-2024-1.jpg\",\"width\":771,\"height\":240,\"caption\":\"Secretele lui Lovendal\"},\"image\":{\"@id\":\"https:\\\/\\\/www.lovendal.ro\\\/wp52\\\/#\\\/schema\\\/logo\\\/image\\\/\"},\"sameAs\":[\"https:\\\/\\\/www.facebook.com\\\/secreteleluilovendal\"]},{\"@type\":\"Person\",\"@id\":\"https:\\\/\\\/www.lovendal.ro\\\/wp52\\\/#\\\/schema\\\/person\\\/088691de5dfc346bb0c023e1e52ef5d9\",\"name\":\"admin\",\"image\":{\"@type\":\"ImageObject\",\"inLanguage\":\"ro-RO\",\"@id\":\"https:\\\/\\\/secure.gravatar.com\\\/avatar\\\/ecb9cd41f5f63c9c9b989999a59f6e2639a865ec361e9db054db0679a8f341c2?s=96&d=mm&r=g\",\"url\":\"https:\\\/\\\/secure.gravatar.com\\\/avatar\\\/ecb9cd41f5f63c9c9b989999a59f6e2639a865ec361e9db054db0679a8f341c2?s=96&d=mm&r=g\",\"contentUrl\":\"https:\\\/\\\/secure.gravatar.com\\\/avatar\\\/ecb9cd41f5f63c9c9b989999a59f6e2639a865ec361e9db054db0679a8f341c2?s=96&d=mm&r=g\",\"caption\":\"admin\"},\"sameAs\":[\"https:\\\/\\\/www.lovendal.ro\\\/wp52\"]}]}<\/script>\n<!-- \/ Yoast SEO Premium plugin. -->","yoast_head_json":{"title":"Oamenii reprezint\u0103 o specie \"amnezic\u0103\", \"hipnotic\u0103\"; de asta civiliza\u0163iile extraterestre avansate ne ignor\u0103! Trebuie, mai \u00eent\u00e2i, s\u0103 ie\u015fim din iluzia cosmic\u0103... - Secretele lui Lovendal","robots":{"index":"index","follow":"follow","max-snippet":"max-snippet:-1","max-image-preview":"max-image-preview:large","max-video-preview":"max-video-preview:-1"},"canonical":"https:\/\/www.lovendal.ro\/wp52\/oamenii-reprezinta-o-specie-amnezica-hipnotica-de-asta-civilizatiile-extraterestre-avansate-ne-ignora-trebuie-mai-intai-sa-iesim-din-iluzia-cosmica\/","og_locale":"ro_RO","og_type":"article","og_title":"Oamenii reprezint\u0103 o specie \"amnezic\u0103\", \"hipnotic\u0103\"; de asta civiliza\u0163iile extraterestre avansate ne ignor\u0103! Trebuie, mai \u00eent\u00e2i, s\u0103 ie\u015fim din iluzia cosmic\u0103...","og_description":"Oamenii de pe Terra au devenit prizonieri ai con\u015ftiin\u0163ei periferice, centrat\u0103 \u00een egoul limitat, care le-a fost implantat, care printr-o programare defectuoas\u0103 se identifica cu ceea ce cred ca posed\u0103: nume, corp, cunoa\u015ftere, averi, puteri, pozi\u0163ii sociale si profesionale, pl\u0103ceri. ... Cititi mai multe","og_url":"https:\/\/www.lovendal.ro\/wp52\/oamenii-reprezinta-o-specie-amnezica-hipnotica-de-asta-civilizatiile-extraterestre-avansate-ne-ignora-trebuie-mai-intai-sa-iesim-din-iluzia-cosmica\/","og_site_name":"Secretele lui Lovendal","article_publisher":"https:\/\/www.facebook.com\/secreteleluilovendal","article_published_time":"2018-07-12T06:27:53+00:00","og_image":[{"width":334,"height":255,"url":"https:\/\/www.lovendal.ro\/wp52\/wp-content\/uploads\/2018\/07\/civilizatii-cosmice.jpg","type":"image\/jpeg"}],"author":"admin","twitter_card":"summary_large_image","twitter_misc":{"Scris de":"admin","Timp estimat pentru citire":"2 minute"},"schema":{"@context":"https:\/\/schema.org","@graph":[{"@type":"Article","@id":"https:\/\/www.lovendal.ro\/wp52\/oamenii-reprezinta-o-specie-amnezica-hipnotica-de-asta-civilizatiile-extraterestre-avansate-ne-ignora-trebuie-mai-intai-sa-iesim-din-iluzia-cosmica\/#article","isPartOf":{"@id":"https:\/\/www.lovendal.ro\/wp52\/oamenii-reprezinta-o-specie-amnezica-hipnotica-de-asta-civilizatiile-extraterestre-avansate-ne-ignora-trebuie-mai-intai-sa-iesim-din-iluzia-cosmica\/"},"author":{"name":"admin","@id":"https:\/\/www.lovendal.ro\/wp52\/#\/schema\/person\/088691de5dfc346bb0c023e1e52ef5d9"},"headline":"Oamenii reprezint\u0103 o specie &#8222;amnezic\u0103&#8221;, &#8222;hipnotic\u0103&#8221;; de asta civiliza\u0163iile extraterestre avansate ne ignor\u0103! Trebuie, mai \u00eent\u00e2i, s\u0103 ie\u015fim din iluzia cosmic\u0103&#8230;","datePublished":"2018-07-12T06:27:53+00:00","mainEntityOfPage":{"@id":"https:\/\/www.lovendal.ro\/wp52\/oamenii-reprezinta-o-specie-amnezica-hipnotica-de-asta-civilizatiile-extraterestre-avansate-ne-ignora-trebuie-mai-intai-sa-iesim-din-iluzia-cosmica\/"},"wordCount":520,"commentCount":0,"publisher":{"@id":"https:\/\/www.lovendal.ro\/wp52\/#organization"},"image":{"@id":"https:\/\/www.lovendal.ro\/wp52\/oamenii-reprezinta-o-specie-amnezica-hipnotica-de-asta-civilizatiile-extraterestre-avansate-ne-ignora-trebuie-mai-intai-sa-iesim-din-iluzia-cosmica\/#primaryimage"},"thumbnailUrl":"https:\/\/www.lovendal.ro\/wp52\/wp-content\/uploads\/2018\/07\/civilizatii-cosmice.jpg","keywords":["civiliza\u0163ie","Coand\u0103","con\u015ftiin\u0163\u0103","da Vinci","ego","extratere\u015ftri","iluzie","manipulare","moarte","oameni","ocean","Paranormal-Spiritualitate","pe\u015fter\u0103","Socrate","Terra"],"articleSection":["Noutati","Paranormal-Spiritualitate"],"inLanguage":"ro-RO","potentialAction":[{"@type":"CommentAction","name":"Comment","target":["https:\/\/www.lovendal.ro\/wp52\/oamenii-reprezinta-o-specie-amnezica-hipnotica-de-asta-civilizatiile-extraterestre-avansate-ne-ignora-trebuie-mai-intai-sa-iesim-din-iluzia-cosmica\/#respond"]}]},{"@type":"WebPage","@id":"https:\/\/www.lovendal.ro\/wp52\/oamenii-reprezinta-o-specie-amnezica-hipnotica-de-asta-civilizatiile-extraterestre-avansate-ne-ignora-trebuie-mai-intai-sa-iesim-din-iluzia-cosmica\/","url":"https:\/\/www.lovendal.ro\/wp52\/oamenii-reprezinta-o-specie-amnezica-hipnotica-de-asta-civilizatiile-extraterestre-avansate-ne-ignora-trebuie-mai-intai-sa-iesim-din-iluzia-cosmica\/","name":"Oamenii reprezint\u0103 o specie \"amnezic\u0103\", \"hipnotic\u0103\"; de asta civiliza\u0163iile extraterestre avansate ne ignor\u0103! Trebuie, mai \u00eent\u00e2i, s\u0103 ie\u015fim din iluzia cosmic\u0103... - Secretele lui Lovendal","isPartOf":{"@id":"https:\/\/www.lovendal.ro\/wp52\/#website"},"primaryImageOfPage":{"@id":"https:\/\/www.lovendal.ro\/wp52\/oamenii-reprezinta-o-specie-amnezica-hipnotica-de-asta-civilizatiile-extraterestre-avansate-ne-ignora-trebuie-mai-intai-sa-iesim-din-iluzia-cosmica\/#primaryimage"},"image":{"@id":"https:\/\/www.lovendal.ro\/wp52\/oamenii-reprezinta-o-specie-amnezica-hipnotica-de-asta-civilizatiile-extraterestre-avansate-ne-ignora-trebuie-mai-intai-sa-iesim-din-iluzia-cosmica\/#primaryimage"},"thumbnailUrl":"https:\/\/www.lovendal.ro\/wp52\/wp-content\/uploads\/2018\/07\/civilizatii-cosmice.jpg","datePublished":"2018-07-12T06:27:53+00:00","breadcrumb":{"@id":"https:\/\/www.lovendal.ro\/wp52\/oamenii-reprezinta-o-specie-amnezica-hipnotica-de-asta-civilizatiile-extraterestre-avansate-ne-ignora-trebuie-mai-intai-sa-iesim-din-iluzia-cosmica\/#breadcrumb"},"inLanguage":"ro-RO","potentialAction":[{"@type":"ReadAction","target":["https:\/\/www.lovendal.ro\/wp52\/oamenii-reprezinta-o-specie-amnezica-hipnotica-de-asta-civilizatiile-extraterestre-avansate-ne-ignora-trebuie-mai-intai-sa-iesim-din-iluzia-cosmica\/"]}]},{"@type":"ImageObject","inLanguage":"ro-RO","@id":"https:\/\/www.lovendal.ro\/wp52\/oamenii-reprezinta-o-specie-amnezica-hipnotica-de-asta-civilizatiile-extraterestre-avansate-ne-ignora-trebuie-mai-intai-sa-iesim-din-iluzia-cosmica\/#primaryimage","url":"https:\/\/www.lovendal.ro\/wp52\/wp-content\/uploads\/2018\/07\/civilizatii-cosmice.jpg","contentUrl":"https:\/\/www.lovendal.ro\/wp52\/wp-content\/uploads\/2018\/07\/civilizatii-cosmice.jpg","width":334,"height":255},{"@type":"BreadcrumbList","@id":"https:\/\/www.lovendal.ro\/wp52\/oamenii-reprezinta-o-specie-amnezica-hipnotica-de-asta-civilizatiile-extraterestre-avansate-ne-ignora-trebuie-mai-intai-sa-iesim-din-iluzia-cosmica\/#breadcrumb","itemListElement":[{"@type":"ListItem","position":1,"name":"Home","item":"https:\/\/www.lovendal.ro\/wp52\/"},{"@type":"ListItem","position":2,"name":"Oamenii reprezint\u0103 o specie &#8222;amnezic\u0103&#8221;, &#8222;hipnotic\u0103&#8221;; de asta civiliza\u0163iile extraterestre avansate ne ignor\u0103! Trebuie, mai \u00eent\u00e2i, s\u0103 ie\u015fim din iluzia cosmic\u0103&#8230;"}]},{"@type":"WebSite","@id":"https:\/\/www.lovendal.ro\/wp52\/#website","url":"https:\/\/www.lovendal.ro\/wp52\/","name":"Secretele lui Lovendal","description":"Site de secrete, stiinta si metafizica - din 2008 -","publisher":{"@id":"https:\/\/www.lovendal.ro\/wp52\/#organization"},"potentialAction":[{"@type":"SearchAction","target":{"@type":"EntryPoint","urlTemplate":"https:\/\/www.lovendal.ro\/wp52\/?s={search_term_string}"},"query-input":{"@type":"PropertyValueSpecification","valueRequired":true,"valueName":"search_term_string"}}],"inLanguage":"ro-RO"},{"@type":"Organization","@id":"https:\/\/www.lovendal.ro\/wp52\/#organization","name":"Secretele lui Lovendal","url":"https:\/\/www.lovendal.ro\/wp52\/","logo":{"@type":"ImageObject","inLanguage":"ro-RO","@id":"https:\/\/www.lovendal.ro\/wp52\/#\/schema\/logo\/image\/","url":"https:\/\/www.lovendal.ro\/wp52\/wp-content\/uploads\/2024\/06\/cropped-SLL-iun-2024-1.jpg","contentUrl":"https:\/\/www.lovendal.ro\/wp52\/wp-content\/uploads\/2024\/06\/cropped-SLL-iun-2024-1.jpg","width":771,"height":240,"caption":"Secretele lui Lovendal"},"image":{"@id":"https:\/\/www.lovendal.ro\/wp52\/#\/schema\/logo\/image\/"},"sameAs":["https:\/\/www.facebook.com\/secreteleluilovendal"]},{"@type":"Person","@id":"https:\/\/www.lovendal.ro\/wp52\/#\/schema\/person\/088691de5dfc346bb0c023e1e52ef5d9","name":"admin","image":{"@type":"ImageObject","inLanguage":"ro-RO","@id":"https:\/\/secure.gravatar.com\/avatar\/ecb9cd41f5f63c9c9b989999a59f6e2639a865ec361e9db054db0679a8f341c2?s=96&d=mm&r=g","url":"https:\/\/secure.gravatar.com\/avatar\/ecb9cd41f5f63c9c9b989999a59f6e2639a865ec361e9db054db0679a8f341c2?s=96&d=mm&r=g","contentUrl":"https:\/\/secure.gravatar.com\/avatar\/ecb9cd41f5f63c9c9b989999a59f6e2639a865ec361e9db054db0679a8f341c2?s=96&d=mm&r=g","caption":"admin"},"sameAs":["https:\/\/www.lovendal.ro\/wp52"]}]}},"_links":{"self":[{"href":"https:\/\/www.lovendal.ro\/wp52\/wp-json\/wp\/v2\/posts\/56863","targetHints":{"allow":["GET"]}}],"collection":[{"href":"https:\/\/www.lovendal.ro\/wp52\/wp-json\/wp\/v2\/posts"}],"about":[{"href":"https:\/\/www.lovendal.ro\/wp52\/wp-json\/wp\/v2\/types\/post"}],"author":[{"embeddable":true,"href":"https:\/\/www.lovendal.ro\/wp52\/wp-json\/wp\/v2\/users\/1"}],"replies":[{"embeddable":true,"href":"https:\/\/www.lovendal.ro\/wp52\/wp-json\/wp\/v2\/comments?post=56863"}],"version-history":[{"count":0,"href":"https:\/\/www.lovendal.ro\/wp52\/wp-json\/wp\/v2\/posts\/56863\/revisions"}],"wp:featuredmedia":[{"embeddable":true,"href":"https:\/\/www.lovendal.ro\/wp52\/wp-json\/wp\/v2\/media\/56864"}],"wp:attachment":[{"href":"https:\/\/www.lovendal.ro\/wp52\/wp-json\/wp\/v2\/media?parent=56863"}],"wp:term":[{"taxonomy":"category","embeddable":true,"href":"https:\/\/www.lovendal.ro\/wp52\/wp-json\/wp\/v2\/categories?post=56863"},{"taxonomy":"post_tag","embeddable":true,"href":"https:\/\/www.lovendal.ro\/wp52\/wp-json\/wp\/v2\/tags?post=56863"}],"curies":[{"name":"wp","href":"https:\/\/api.w.org\/{rel}","templated":true}]}}