{"id":56727,"date":"2018-06-26T11:47:12","date_gmt":"2018-06-26T08:47:12","guid":{"rendered":"http:\/\/www.lovendal.ro\/wp52\/?p=56727"},"modified":"2018-06-26T11:47:12","modified_gmt":"2018-06-26T08:47:12","slug":"marii-preoti-daci-deceneu-si-vezina-ei-au-invatat-pe-daci-filosofie-astronomie-matematica","status":"publish","type":"post","link":"https:\/\/www.lovendal.ro\/wp52\/marii-preoti-daci-deceneu-si-vezina-ei-au-invatat-pe-daci-filosofie-astronomie-matematica\/","title":{"rendered":"Marii preo\u021bi daci: Deceneu \u0219i Vezina. Ei i-au \u00eenv\u0103\u0163at pe daci filosofie, astronomie, matematic\u0103&#8230;"},"content":{"rendered":"<p><a href=\"https:\/\/www.lovendal.ro\/wp52\/wp-content\/uploads\/2018\/06\/Deceneu.jpg\"><img loading=\"lazy\" decoding=\"async\" class=\"alignleft size-full wp-image-56728\" src=\"https:\/\/www.lovendal.ro\/wp52\/wp-content\/uploads\/2018\/06\/Deceneu.jpg\" alt=\"\" width=\"336\" height=\"290\" srcset=\"https:\/\/www.lovendal.ro\/wp52\/wp-content\/uploads\/2018\/06\/Deceneu.jpg 336w, https:\/\/www.lovendal.ro\/wp52\/wp-content\/uploads\/2018\/06\/Deceneu-300x259.jpg 300w\" sizes=\"auto, (max-width: 336px) 100vw, 336px\" \/><\/a>\u015etim tot din scrierile vechi c\u0103 preo\u00ad\u00ad\u0163ii <span class=\"keyword\">daci<\/span> erau vegetarieni \u015fi abstinen\u0163i. Nu m\u00e2ncau dec\u00e2t lapte, miere \u015fi fruc\u00adte, nu se c\u0103s\u0103toreau niciodat\u0103 \u015fi tr\u0103\u00adiau \u00een cea mai mare cur\u0103\u0163enie. Is\u00adto\u00adri\u00adcul Flavius Iosephus \u00eei compar\u0103 prin aus\u00adteritatea compor\u00adtamentului lor cu ese\u00adnienii.<\/p>\n<p>Dar \u00een\u0163elep\u00adciunea \u015fi sfin\u00ad\u0163e\u00adnia acestor preo\u0163i <span class=\"keyword\">daci<\/span> era \u00een primul r\u00e2nd \u00een slujba oamenilor, ei erau cei care \u00eei puneau pe oamenii de r\u00e2nd \u00een leg\u0103tur\u0103 cu divinitatea. Lor le d\u0103\u00addea tot po\u00adporul ascultare, \u015fi a\u015fa se face c\u0103 dacii au fost de acord s\u0103-\u015fi st\u00e2r\u00adpeasc\u0103 pro\u00adpriile planta\u0163ii de vi\u0163\u0103-de-vie, la cererea ma\u00adrelui preot Dece\u00adneu, pen\u00adtru a se \u00eenfr\u00e2na de la vin.<\/p>\n<p>\u00cen isto\u00adria dacilor, at\u00e2t c\u00e2t putem recon\u00adstitui, Deceneu este cea mai mare fi\u00adgur\u0103 de preot. \u015ei el, ca \u015fi Za\u00admolxe, a c\u0103l\u0103torit \u00een Egipt. A f\u0103\u00adcut o reform\u0103 a siste\u00admu\u00adlui reli\u00adgios, a fost sf\u0103tuitorul lui Bu\u00adre\u00adbista \u015fi lui i se dato\u00adreaz\u0103, probabil, prima form\u0103 a incintei sa\u00adcre de la Sar\u00admi\u00adzegetusa Regia. S-au con\u00adstruit tem\u00adple, s-au insti\u00adtuit preo\u0163i \u015fi s-a impus o disciplin\u0103 mai mare \u00een r\u00e2n\u00addul credin\u00adcio\u00ad\u015filor. Ma\u00adrele preot avea aproape pute\u00adrea unui rege, iar regele \u00eensu\u015fi nu lua nicio de\u00adcizie f\u0103r\u0103 s\u0103-l consulte. Era al doilea om \u00een stat.<\/p>\n<p>Isto\u00adricul Iordanes ne po\u00adves\u00adte\u015fte c\u0103 De\u00adceneu i-a \u00eenv\u0103\u0163at pe daci astro\u00adno\u00admie &#8211; sem\u00adnele zodiacale, fa\u00adzele lunii -, filosofie, eti\u00adc\u0103, lo\u00adgi\u00adc\u0103, ma\u00adtematic\u0103 \u015fi o mul\u00ad\u00ad\u0163i\u00adme de alte lucruri, f\u0103c\u00e2ndu-i su\u00ad\u00adpe\u00adriori altor &#8222;barbari&#8221;. Dar, lucrul cel mai im\u00adpor\u00adtant, Dece\u00adneu este cel care l-a spri\u00adjinit \u015fi sf\u0103tuit pe Bure\u00adbis\u00adta \u00een uni\u00adfi\u00adcarea tri\u00adburilor \u015fi \u00eente\u00adme\u00adie\u00adrea unui stat.<\/p>\n<p>Probabil \u015fi ma\u00adrii preo\u0163i de dup\u0103 el au avut un rol asem\u0103n\u0103tor pe l\u00e2ng\u0103 rege. De pild\u0103 Vezina, ma\u00adrele preot din vremea lui Decebal, a luptat cot la cot cu solda\u0163ii \u00eempotriva ro\u00adma\u00ad\u00adnilor. Ori\u00adcum, antichi\u00adta\u00adtea ni-i po\u00adme\u00adne\u015fte pe ma\u00adrii preo\u0163i daci ca pe ni\u015fte \u00een\u00ad\u0163elep\u0163i, sub \u00eendrumarea c\u0103rora no\u00adro\u00addul a c\u0103\u00adp\u0103tat con\u015ftiin\u0163a unit\u0103\u0163ii de neam \u015fi lumina cunoa\u015fterii, cu totul str\u0103ini de metodele de \u00eenrobire \u015fi ma\u00adnipulare a oamenilor de r\u00e2nd pe care le folosea preo\u0163imea altor nea\u00admuri sau timpuri.<\/p>\n","protected":false},"excerpt":{"rendered":"<p>\u015etim tot din scrierile vechi c\u0103 preo\u00ad\u00ad\u0163ii daci erau vegetarieni \u015fi abstinen\u0163i. Nu m\u00e2ncau dec\u00e2t lapte, miere \u015fi fruc\u00adte, nu se c\u0103s\u0103toreau niciodat\u0103 \u015fi tr\u0103\u00adiau \u00een cea mai mare cur\u0103\u0163enie. Is\u00adto\u00adri\u00adcul Flavius Iosephus \u00eei compar\u0103 prin aus\u00adteritatea compor\u00adtamentului lor cu &#8230; <\/p>\n<p class=\"read-more-container\"><a title=\"Marii preo\u021bi daci: Deceneu \u0219i Vezina. Ei i-au \u00eenv\u0103\u0163at pe daci filosofie, astronomie, matematic\u0103&#8230;\" class=\"read-more button\" href=\"https:\/\/www.lovendal.ro\/wp52\/marii-preoti-daci-deceneu-si-vezina-ei-au-invatat-pe-daci-filosofie-astronomie-matematica\/#more-56727\" aria-label=\"Cite\u0219te mai multe despre Marii preo\u021bi daci: Deceneu \u0219i Vezina. Ei i-au \u00eenv\u0103\u0163at pe daci filosofie, astronomie, matematic\u0103&#8230;\">Cititi mai multe<\/a><\/p>\n","protected":false},"author":1,"featured_media":56728,"comment_status":"open","ping_status":"closed","sticky":false,"template":"","format":"standard","meta":{"footnotes":""},"categories":[9,2833],"tags":[102,5570,6816,1110,1158,12382,386,12495,1502,780,4430,1532,1296,12496,149,12497,1656,592,453,1067,12494,543,2285,10375],"class_list":["post-56727","post","type-post","status-publish","format-standard","has-post-thumbnail","hentry","category-istorie","category-noutati","tag-astronomie","tag-barbari","tag-burebista","tag-daci","tag-decebal","tag-deceneu","tag-egipt","tag-etica","tag-filosofie","tag-fructe","tag-istoric","tag-istorie-si-civilizatii","tag-lapte","tag-logica","tag-luna","tag-matematica","tag-miere","tag-preot","tag-rege","tag-vegetarian","tag-vezina","tag-vin","tag-vita-de-vie","tag-zamolxe","resize-featured-image"],"yoast_head":"<!-- This site is optimized with the Yoast SEO Premium plugin v23.3 (Yoast SEO v27.4) - https:\/\/yoast.com\/product\/yoast-seo-premium-wordpress\/ -->\n<title>Marii preo\u021bi daci: Deceneu \u0219i Vezina. Ei i-au \u00eenv\u0103\u0163at pe daci filosofie, astronomie, matematic\u0103... - Secretele lui Lovendal<\/title>\n<meta name=\"robots\" content=\"index, follow, max-snippet:-1, max-image-preview:large, max-video-preview:-1\" \/>\n<link rel=\"canonical\" href=\"https:\/\/www.lovendal.ro\/wp52\/marii-preoti-daci-deceneu-si-vezina-ei-au-invatat-pe-daci-filosofie-astronomie-matematica\/\" \/>\n<meta property=\"og:locale\" content=\"ro_RO\" \/>\n<meta property=\"og:type\" content=\"article\" \/>\n<meta property=\"og:title\" content=\"Marii preo\u021bi daci: Deceneu \u0219i Vezina. Ei i-au \u00eenv\u0103\u0163at pe daci filosofie, astronomie, matematic\u0103...\" \/>\n<meta property=\"og:description\" content=\"\u015etim tot din scrierile vechi c\u0103 preo\u00ad\u00ad\u0163ii daci erau vegetarieni \u015fi abstinen\u0163i. Nu m\u00e2ncau dec\u00e2t lapte, miere \u015fi fruc\u00adte, nu se c\u0103s\u0103toreau niciodat\u0103 \u015fi tr\u0103\u00adiau \u00een cea mai mare cur\u0103\u0163enie. Is\u00adto\u00adri\u00adcul Flavius Iosephus \u00eei compar\u0103 prin aus\u00adteritatea compor\u00adtamentului lor cu ... Cititi mai multe\" \/>\n<meta property=\"og:url\" content=\"https:\/\/www.lovendal.ro\/wp52\/marii-preoti-daci-deceneu-si-vezina-ei-au-invatat-pe-daci-filosofie-astronomie-matematica\/\" \/>\n<meta property=\"og:site_name\" content=\"Secretele lui Lovendal\" \/>\n<meta property=\"article:publisher\" content=\"https:\/\/www.facebook.com\/secreteleluilovendal\" \/>\n<meta property=\"article:published_time\" content=\"2018-06-26T08:47:12+00:00\" \/>\n<meta property=\"og:image\" content=\"https:\/\/www.lovendal.ro\/wp52\/wp-content\/uploads\/2018\/06\/Deceneu.jpg\" \/>\n\t<meta property=\"og:image:width\" content=\"336\" \/>\n\t<meta property=\"og:image:height\" content=\"290\" \/>\n\t<meta property=\"og:image:type\" content=\"image\/jpeg\" \/>\n<meta name=\"author\" content=\"admin\" \/>\n<meta name=\"twitter:card\" content=\"summary_large_image\" \/>\n<meta name=\"twitter:label1\" content=\"Scris de\" \/>\n\t<meta name=\"twitter:data1\" content=\"admin\" \/>\n\t<meta name=\"twitter:label2\" content=\"Timp estimat pentru citire\" \/>\n\t<meta name=\"twitter:data2\" content=\"2 minute\" \/>\n<script type=\"application\/ld+json\" class=\"yoast-schema-graph\">{\"@context\":\"https:\\\/\\\/schema.org\",\"@graph\":[{\"@type\":\"Article\",\"@id\":\"https:\\\/\\\/www.lovendal.ro\\\/wp52\\\/marii-preoti-daci-deceneu-si-vezina-ei-au-invatat-pe-daci-filosofie-astronomie-matematica\\\/#article\",\"isPartOf\":{\"@id\":\"https:\\\/\\\/www.lovendal.ro\\\/wp52\\\/marii-preoti-daci-deceneu-si-vezina-ei-au-invatat-pe-daci-filosofie-astronomie-matematica\\\/\"},\"author\":{\"name\":\"admin\",\"@id\":\"https:\\\/\\\/www.lovendal.ro\\\/wp52\\\/#\\\/schema\\\/person\\\/088691de5dfc346bb0c023e1e52ef5d9\"},\"headline\":\"Marii preo\u021bi daci: Deceneu \u0219i Vezina. Ei i-au \u00eenv\u0103\u0163at pe daci filosofie, astronomie, matematic\u0103&#8230;\",\"datePublished\":\"2018-06-26T08:47:12+00:00\",\"mainEntityOfPage\":{\"@id\":\"https:\\\/\\\/www.lovendal.ro\\\/wp52\\\/marii-preoti-daci-deceneu-si-vezina-ei-au-invatat-pe-daci-filosofie-astronomie-matematica\\\/\"},\"wordCount\":479,\"commentCount\":1,\"publisher\":{\"@id\":\"https:\\\/\\\/www.lovendal.ro\\\/wp52\\\/#organization\"},\"image\":{\"@id\":\"https:\\\/\\\/www.lovendal.ro\\\/wp52\\\/marii-preoti-daci-deceneu-si-vezina-ei-au-invatat-pe-daci-filosofie-astronomie-matematica\\\/#primaryimage\"},\"thumbnailUrl\":\"https:\\\/\\\/www.lovendal.ro\\\/wp52\\\/wp-content\\\/uploads\\\/2018\\\/06\\\/Deceneu.jpg\",\"keywords\":[\"astronomie\",\"barbari\",\"Burebista\",\"daci\",\"Decebal\",\"Deceneu\",\"Egipt\",\"eti\u00adc\u0103\",\"filosofie\",\"fructe\",\"istoric\",\"Istorie si Civilizatii\",\"lapte\",\"lo\u00adgi\u00adc\u0103\",\"Lun\u0103\",\"ma\u00adtematic\u0103\",\"miere\",\"preot\",\"rege\",\"vegetarian\",\"Vezina\",\"vin\",\"vi\u0163\u0103-de-vie\",\"Zamolxe\"],\"articleSection\":[\"Istorie si Civilizatii\",\"Noutati\"],\"inLanguage\":\"ro-RO\",\"potentialAction\":[{\"@type\":\"CommentAction\",\"name\":\"Comment\",\"target\":[\"https:\\\/\\\/www.lovendal.ro\\\/wp52\\\/marii-preoti-daci-deceneu-si-vezina-ei-au-invatat-pe-daci-filosofie-astronomie-matematica\\\/#respond\"]}]},{\"@type\":\"WebPage\",\"@id\":\"https:\\\/\\\/www.lovendal.ro\\\/wp52\\\/marii-preoti-daci-deceneu-si-vezina-ei-au-invatat-pe-daci-filosofie-astronomie-matematica\\\/\",\"url\":\"https:\\\/\\\/www.lovendal.ro\\\/wp52\\\/marii-preoti-daci-deceneu-si-vezina-ei-au-invatat-pe-daci-filosofie-astronomie-matematica\\\/\",\"name\":\"Marii preo\u021bi daci: Deceneu \u0219i Vezina. Ei i-au \u00eenv\u0103\u0163at pe daci filosofie, astronomie, matematic\u0103... - Secretele lui Lovendal\",\"isPartOf\":{\"@id\":\"https:\\\/\\\/www.lovendal.ro\\\/wp52\\\/#website\"},\"primaryImageOfPage\":{\"@id\":\"https:\\\/\\\/www.lovendal.ro\\\/wp52\\\/marii-preoti-daci-deceneu-si-vezina-ei-au-invatat-pe-daci-filosofie-astronomie-matematica\\\/#primaryimage\"},\"image\":{\"@id\":\"https:\\\/\\\/www.lovendal.ro\\\/wp52\\\/marii-preoti-daci-deceneu-si-vezina-ei-au-invatat-pe-daci-filosofie-astronomie-matematica\\\/#primaryimage\"},\"thumbnailUrl\":\"https:\\\/\\\/www.lovendal.ro\\\/wp52\\\/wp-content\\\/uploads\\\/2018\\\/06\\\/Deceneu.jpg\",\"datePublished\":\"2018-06-26T08:47:12+00:00\",\"breadcrumb\":{\"@id\":\"https:\\\/\\\/www.lovendal.ro\\\/wp52\\\/marii-preoti-daci-deceneu-si-vezina-ei-au-invatat-pe-daci-filosofie-astronomie-matematica\\\/#breadcrumb\"},\"inLanguage\":\"ro-RO\",\"potentialAction\":[{\"@type\":\"ReadAction\",\"target\":[\"https:\\\/\\\/www.lovendal.ro\\\/wp52\\\/marii-preoti-daci-deceneu-si-vezina-ei-au-invatat-pe-daci-filosofie-astronomie-matematica\\\/\"]}]},{\"@type\":\"ImageObject\",\"inLanguage\":\"ro-RO\",\"@id\":\"https:\\\/\\\/www.lovendal.ro\\\/wp52\\\/marii-preoti-daci-deceneu-si-vezina-ei-au-invatat-pe-daci-filosofie-astronomie-matematica\\\/#primaryimage\",\"url\":\"https:\\\/\\\/www.lovendal.ro\\\/wp52\\\/wp-content\\\/uploads\\\/2018\\\/06\\\/Deceneu.jpg\",\"contentUrl\":\"https:\\\/\\\/www.lovendal.ro\\\/wp52\\\/wp-content\\\/uploads\\\/2018\\\/06\\\/Deceneu.jpg\",\"width\":336,\"height\":290},{\"@type\":\"BreadcrumbList\",\"@id\":\"https:\\\/\\\/www.lovendal.ro\\\/wp52\\\/marii-preoti-daci-deceneu-si-vezina-ei-au-invatat-pe-daci-filosofie-astronomie-matematica\\\/#breadcrumb\",\"itemListElement\":[{\"@type\":\"ListItem\",\"position\":1,\"name\":\"Home\",\"item\":\"https:\\\/\\\/www.lovendal.ro\\\/wp52\\\/\"},{\"@type\":\"ListItem\",\"position\":2,\"name\":\"Marii preo\u021bi daci: Deceneu \u0219i Vezina. Ei i-au \u00eenv\u0103\u0163at pe daci filosofie, astronomie, matematic\u0103&#8230;\"}]},{\"@type\":\"WebSite\",\"@id\":\"https:\\\/\\\/www.lovendal.ro\\\/wp52\\\/#website\",\"url\":\"https:\\\/\\\/www.lovendal.ro\\\/wp52\\\/\",\"name\":\"Secretele lui Lovendal\",\"description\":\"Site de secrete, stiinta si metafizica - din 2008 -\",\"publisher\":{\"@id\":\"https:\\\/\\\/www.lovendal.ro\\\/wp52\\\/#organization\"},\"potentialAction\":[{\"@type\":\"SearchAction\",\"target\":{\"@type\":\"EntryPoint\",\"urlTemplate\":\"https:\\\/\\\/www.lovendal.ro\\\/wp52\\\/?s={search_term_string}\"},\"query-input\":{\"@type\":\"PropertyValueSpecification\",\"valueRequired\":true,\"valueName\":\"search_term_string\"}}],\"inLanguage\":\"ro-RO\"},{\"@type\":\"Organization\",\"@id\":\"https:\\\/\\\/www.lovendal.ro\\\/wp52\\\/#organization\",\"name\":\"Secretele lui Lovendal\",\"url\":\"https:\\\/\\\/www.lovendal.ro\\\/wp52\\\/\",\"logo\":{\"@type\":\"ImageObject\",\"inLanguage\":\"ro-RO\",\"@id\":\"https:\\\/\\\/www.lovendal.ro\\\/wp52\\\/#\\\/schema\\\/logo\\\/image\\\/\",\"url\":\"https:\\\/\\\/www.lovendal.ro\\\/wp52\\\/wp-content\\\/uploads\\\/2024\\\/06\\\/cropped-SLL-iun-2024-1.jpg\",\"contentUrl\":\"https:\\\/\\\/www.lovendal.ro\\\/wp52\\\/wp-content\\\/uploads\\\/2024\\\/06\\\/cropped-SLL-iun-2024-1.jpg\",\"width\":771,\"height\":240,\"caption\":\"Secretele lui Lovendal\"},\"image\":{\"@id\":\"https:\\\/\\\/www.lovendal.ro\\\/wp52\\\/#\\\/schema\\\/logo\\\/image\\\/\"},\"sameAs\":[\"https:\\\/\\\/www.facebook.com\\\/secreteleluilovendal\"]},{\"@type\":\"Person\",\"@id\":\"https:\\\/\\\/www.lovendal.ro\\\/wp52\\\/#\\\/schema\\\/person\\\/088691de5dfc346bb0c023e1e52ef5d9\",\"name\":\"admin\",\"image\":{\"@type\":\"ImageObject\",\"inLanguage\":\"ro-RO\",\"@id\":\"https:\\\/\\\/secure.gravatar.com\\\/avatar\\\/ecb9cd41f5f63c9c9b989999a59f6e2639a865ec361e9db054db0679a8f341c2?s=96&d=mm&r=g\",\"url\":\"https:\\\/\\\/secure.gravatar.com\\\/avatar\\\/ecb9cd41f5f63c9c9b989999a59f6e2639a865ec361e9db054db0679a8f341c2?s=96&d=mm&r=g\",\"contentUrl\":\"https:\\\/\\\/secure.gravatar.com\\\/avatar\\\/ecb9cd41f5f63c9c9b989999a59f6e2639a865ec361e9db054db0679a8f341c2?s=96&d=mm&r=g\",\"caption\":\"admin\"},\"sameAs\":[\"https:\\\/\\\/www.lovendal.ro\\\/wp52\"]}]}<\/script>\n<!-- \/ Yoast SEO Premium plugin. -->","yoast_head_json":{"title":"Marii preo\u021bi daci: Deceneu \u0219i Vezina. Ei i-au \u00eenv\u0103\u0163at pe daci filosofie, astronomie, matematic\u0103... - Secretele lui Lovendal","robots":{"index":"index","follow":"follow","max-snippet":"max-snippet:-1","max-image-preview":"max-image-preview:large","max-video-preview":"max-video-preview:-1"},"canonical":"https:\/\/www.lovendal.ro\/wp52\/marii-preoti-daci-deceneu-si-vezina-ei-au-invatat-pe-daci-filosofie-astronomie-matematica\/","og_locale":"ro_RO","og_type":"article","og_title":"Marii preo\u021bi daci: Deceneu \u0219i Vezina. Ei i-au \u00eenv\u0103\u0163at pe daci filosofie, astronomie, matematic\u0103...","og_description":"\u015etim tot din scrierile vechi c\u0103 preo\u00ad\u00ad\u0163ii daci erau vegetarieni \u015fi abstinen\u0163i. Nu m\u00e2ncau dec\u00e2t lapte, miere \u015fi fruc\u00adte, nu se c\u0103s\u0103toreau niciodat\u0103 \u015fi tr\u0103\u00adiau \u00een cea mai mare cur\u0103\u0163enie. Is\u00adto\u00adri\u00adcul Flavius Iosephus \u00eei compar\u0103 prin aus\u00adteritatea compor\u00adtamentului lor cu ... Cititi mai multe","og_url":"https:\/\/www.lovendal.ro\/wp52\/marii-preoti-daci-deceneu-si-vezina-ei-au-invatat-pe-daci-filosofie-astronomie-matematica\/","og_site_name":"Secretele lui Lovendal","article_publisher":"https:\/\/www.facebook.com\/secreteleluilovendal","article_published_time":"2018-06-26T08:47:12+00:00","og_image":[{"width":336,"height":290,"url":"https:\/\/www.lovendal.ro\/wp52\/wp-content\/uploads\/2018\/06\/Deceneu.jpg","type":"image\/jpeg"}],"author":"admin","twitter_card":"summary_large_image","twitter_misc":{"Scris de":"admin","Timp estimat pentru citire":"2 minute"},"schema":{"@context":"https:\/\/schema.org","@graph":[{"@type":"Article","@id":"https:\/\/www.lovendal.ro\/wp52\/marii-preoti-daci-deceneu-si-vezina-ei-au-invatat-pe-daci-filosofie-astronomie-matematica\/#article","isPartOf":{"@id":"https:\/\/www.lovendal.ro\/wp52\/marii-preoti-daci-deceneu-si-vezina-ei-au-invatat-pe-daci-filosofie-astronomie-matematica\/"},"author":{"name":"admin","@id":"https:\/\/www.lovendal.ro\/wp52\/#\/schema\/person\/088691de5dfc346bb0c023e1e52ef5d9"},"headline":"Marii preo\u021bi daci: Deceneu \u0219i Vezina. Ei i-au \u00eenv\u0103\u0163at pe daci filosofie, astronomie, matematic\u0103&#8230;","datePublished":"2018-06-26T08:47:12+00:00","mainEntityOfPage":{"@id":"https:\/\/www.lovendal.ro\/wp52\/marii-preoti-daci-deceneu-si-vezina-ei-au-invatat-pe-daci-filosofie-astronomie-matematica\/"},"wordCount":479,"commentCount":1,"publisher":{"@id":"https:\/\/www.lovendal.ro\/wp52\/#organization"},"image":{"@id":"https:\/\/www.lovendal.ro\/wp52\/marii-preoti-daci-deceneu-si-vezina-ei-au-invatat-pe-daci-filosofie-astronomie-matematica\/#primaryimage"},"thumbnailUrl":"https:\/\/www.lovendal.ro\/wp52\/wp-content\/uploads\/2018\/06\/Deceneu.jpg","keywords":["astronomie","barbari","Burebista","daci","Decebal","Deceneu","Egipt","eti\u00adc\u0103","filosofie","fructe","istoric","Istorie si Civilizatii","lapte","lo\u00adgi\u00adc\u0103","Lun\u0103","ma\u00adtematic\u0103","miere","preot","rege","vegetarian","Vezina","vin","vi\u0163\u0103-de-vie","Zamolxe"],"articleSection":["Istorie si Civilizatii","Noutati"],"inLanguage":"ro-RO","potentialAction":[{"@type":"CommentAction","name":"Comment","target":["https:\/\/www.lovendal.ro\/wp52\/marii-preoti-daci-deceneu-si-vezina-ei-au-invatat-pe-daci-filosofie-astronomie-matematica\/#respond"]}]},{"@type":"WebPage","@id":"https:\/\/www.lovendal.ro\/wp52\/marii-preoti-daci-deceneu-si-vezina-ei-au-invatat-pe-daci-filosofie-astronomie-matematica\/","url":"https:\/\/www.lovendal.ro\/wp52\/marii-preoti-daci-deceneu-si-vezina-ei-au-invatat-pe-daci-filosofie-astronomie-matematica\/","name":"Marii preo\u021bi daci: Deceneu \u0219i Vezina. Ei i-au \u00eenv\u0103\u0163at pe daci filosofie, astronomie, matematic\u0103... - Secretele lui Lovendal","isPartOf":{"@id":"https:\/\/www.lovendal.ro\/wp52\/#website"},"primaryImageOfPage":{"@id":"https:\/\/www.lovendal.ro\/wp52\/marii-preoti-daci-deceneu-si-vezina-ei-au-invatat-pe-daci-filosofie-astronomie-matematica\/#primaryimage"},"image":{"@id":"https:\/\/www.lovendal.ro\/wp52\/marii-preoti-daci-deceneu-si-vezina-ei-au-invatat-pe-daci-filosofie-astronomie-matematica\/#primaryimage"},"thumbnailUrl":"https:\/\/www.lovendal.ro\/wp52\/wp-content\/uploads\/2018\/06\/Deceneu.jpg","datePublished":"2018-06-26T08:47:12+00:00","breadcrumb":{"@id":"https:\/\/www.lovendal.ro\/wp52\/marii-preoti-daci-deceneu-si-vezina-ei-au-invatat-pe-daci-filosofie-astronomie-matematica\/#breadcrumb"},"inLanguage":"ro-RO","potentialAction":[{"@type":"ReadAction","target":["https:\/\/www.lovendal.ro\/wp52\/marii-preoti-daci-deceneu-si-vezina-ei-au-invatat-pe-daci-filosofie-astronomie-matematica\/"]}]},{"@type":"ImageObject","inLanguage":"ro-RO","@id":"https:\/\/www.lovendal.ro\/wp52\/marii-preoti-daci-deceneu-si-vezina-ei-au-invatat-pe-daci-filosofie-astronomie-matematica\/#primaryimage","url":"https:\/\/www.lovendal.ro\/wp52\/wp-content\/uploads\/2018\/06\/Deceneu.jpg","contentUrl":"https:\/\/www.lovendal.ro\/wp52\/wp-content\/uploads\/2018\/06\/Deceneu.jpg","width":336,"height":290},{"@type":"BreadcrumbList","@id":"https:\/\/www.lovendal.ro\/wp52\/marii-preoti-daci-deceneu-si-vezina-ei-au-invatat-pe-daci-filosofie-astronomie-matematica\/#breadcrumb","itemListElement":[{"@type":"ListItem","position":1,"name":"Home","item":"https:\/\/www.lovendal.ro\/wp52\/"},{"@type":"ListItem","position":2,"name":"Marii preo\u021bi daci: Deceneu \u0219i Vezina. Ei i-au \u00eenv\u0103\u0163at pe daci filosofie, astronomie, matematic\u0103&#8230;"}]},{"@type":"WebSite","@id":"https:\/\/www.lovendal.ro\/wp52\/#website","url":"https:\/\/www.lovendal.ro\/wp52\/","name":"Secretele lui Lovendal","description":"Site de secrete, stiinta si metafizica - din 2008 -","publisher":{"@id":"https:\/\/www.lovendal.ro\/wp52\/#organization"},"potentialAction":[{"@type":"SearchAction","target":{"@type":"EntryPoint","urlTemplate":"https:\/\/www.lovendal.ro\/wp52\/?s={search_term_string}"},"query-input":{"@type":"PropertyValueSpecification","valueRequired":true,"valueName":"search_term_string"}}],"inLanguage":"ro-RO"},{"@type":"Organization","@id":"https:\/\/www.lovendal.ro\/wp52\/#organization","name":"Secretele lui Lovendal","url":"https:\/\/www.lovendal.ro\/wp52\/","logo":{"@type":"ImageObject","inLanguage":"ro-RO","@id":"https:\/\/www.lovendal.ro\/wp52\/#\/schema\/logo\/image\/","url":"https:\/\/www.lovendal.ro\/wp52\/wp-content\/uploads\/2024\/06\/cropped-SLL-iun-2024-1.jpg","contentUrl":"https:\/\/www.lovendal.ro\/wp52\/wp-content\/uploads\/2024\/06\/cropped-SLL-iun-2024-1.jpg","width":771,"height":240,"caption":"Secretele lui Lovendal"},"image":{"@id":"https:\/\/www.lovendal.ro\/wp52\/#\/schema\/logo\/image\/"},"sameAs":["https:\/\/www.facebook.com\/secreteleluilovendal"]},{"@type":"Person","@id":"https:\/\/www.lovendal.ro\/wp52\/#\/schema\/person\/088691de5dfc346bb0c023e1e52ef5d9","name":"admin","image":{"@type":"ImageObject","inLanguage":"ro-RO","@id":"https:\/\/secure.gravatar.com\/avatar\/ecb9cd41f5f63c9c9b989999a59f6e2639a865ec361e9db054db0679a8f341c2?s=96&d=mm&r=g","url":"https:\/\/secure.gravatar.com\/avatar\/ecb9cd41f5f63c9c9b989999a59f6e2639a865ec361e9db054db0679a8f341c2?s=96&d=mm&r=g","contentUrl":"https:\/\/secure.gravatar.com\/avatar\/ecb9cd41f5f63c9c9b989999a59f6e2639a865ec361e9db054db0679a8f341c2?s=96&d=mm&r=g","caption":"admin"},"sameAs":["https:\/\/www.lovendal.ro\/wp52"]}]}},"_links":{"self":[{"href":"https:\/\/www.lovendal.ro\/wp52\/wp-json\/wp\/v2\/posts\/56727","targetHints":{"allow":["GET"]}}],"collection":[{"href":"https:\/\/www.lovendal.ro\/wp52\/wp-json\/wp\/v2\/posts"}],"about":[{"href":"https:\/\/www.lovendal.ro\/wp52\/wp-json\/wp\/v2\/types\/post"}],"author":[{"embeddable":true,"href":"https:\/\/www.lovendal.ro\/wp52\/wp-json\/wp\/v2\/users\/1"}],"replies":[{"embeddable":true,"href":"https:\/\/www.lovendal.ro\/wp52\/wp-json\/wp\/v2\/comments?post=56727"}],"version-history":[{"count":0,"href":"https:\/\/www.lovendal.ro\/wp52\/wp-json\/wp\/v2\/posts\/56727\/revisions"}],"wp:featuredmedia":[{"embeddable":true,"href":"https:\/\/www.lovendal.ro\/wp52\/wp-json\/wp\/v2\/media\/56728"}],"wp:attachment":[{"href":"https:\/\/www.lovendal.ro\/wp52\/wp-json\/wp\/v2\/media?parent=56727"}],"wp:term":[{"taxonomy":"category","embeddable":true,"href":"https:\/\/www.lovendal.ro\/wp52\/wp-json\/wp\/v2\/categories?post=56727"},{"taxonomy":"post_tag","embeddable":true,"href":"https:\/\/www.lovendal.ro\/wp52\/wp-json\/wp\/v2\/tags?post=56727"}],"curies":[{"name":"wp","href":"https:\/\/api.w.org\/{rel}","templated":true}]}}