{"id":56678,"date":"2018-06-22T14:23:07","date_gmt":"2018-06-22T11:23:07","guid":{"rendered":"http:\/\/www.lovendal.ro\/wp52\/?p=56678"},"modified":"2018-06-22T14:23:07","modified_gmt":"2018-06-22T11:23:07","slug":"fondatorul-corporatiei-tesla-elon-musk-acuza-oculta-mondiala-ca-doreste-sa-l-distruga","status":"publish","type":"post","link":"https:\/\/www.lovendal.ro\/wp52\/fondatorul-corporatiei-tesla-elon-musk-acuza-oculta-mondiala-ca-doreste-sa-l-distruga\/","title":{"rendered":"Fondatorul Corpora\u0163iei Tesla, Elon Musk, acuz\u0103 Oculta Mondial\u0103 c\u0103 dore\u015fte s\u0103-l distrug\u0103"},"content":{"rendered":"<p><a href=\"https:\/\/www.lovendal.ro\/wp52\/wp-content\/uploads\/2018\/06\/ElonMusk.jpg\"><img loading=\"lazy\" decoding=\"async\" class=\"alignleft size-full wp-image-56680\" src=\"https:\/\/www.lovendal.ro\/wp52\/wp-content\/uploads\/2018\/06\/ElonMusk.jpg\" alt=\"\" width=\"331\" height=\"211\" srcset=\"https:\/\/www.lovendal.ro\/wp52\/wp-content\/uploads\/2018\/06\/ElonMusk.jpg 331w, https:\/\/www.lovendal.ro\/wp52\/wp-content\/uploads\/2018\/06\/ElonMusk-300x191.jpg 300w\" sizes=\"auto, (max-width: 331px) 100vw, 331px\" \/><\/a>Fondatorul companiei Tesla, Elon Musk, sus\u021bine c\u0103 a sa corpora\u0163ie este sabotat\u0103 \u00een mod inten\u021bionat de c\u0103tre Oculta Mondial\u0103, \u00een \u00eencercarea de a suprima energia solar\u0103 \u0219i ma\u0219inile electrice, dou\u0103 activit\u0103\u0163i dezvoltate de Tesla Corp.<\/p>\n<p>\u00centr-un e-mail trimis angaja\u021bilor s\u0103i, Musk a avertizat c\u0103 &#8222;indivizi din umbr\u0103&#8221; care lucreaz\u0103 pentru Big Oil (marile corpora\u0163ii petroliere-energetice) \u0219i pentru Wall Street s-au infiltrat \u00een compania sa, av\u00e2nd ca scop distrugerea reputa\u0163iei lui Tesla.<\/p>\n<p>Potrivit pre\u015fedintelui corpora\u0163iei Tesla, un raport recent privind un incendiu din fabric\u0103, rapoartele privind defec\u021biunile ma\u0219inilor electrice Tesla \u0219i rapoartele privind existen\u0163a unor &#8222;bug-uri&#8221; \u00een software-urile companiei &#8211; toate acestea sunt \u0219tiri false, menite s\u0103 distrug\u0103 reputa\u021bia corpora\u0163iei americane.<\/p>\n<p>Iat\u0103 e-mailul complet:<\/p>\n<p><em><strong>De la:<\/strong> <\/em>Elon Musk<\/p>\n<p><em><strong>Pentru:<\/strong> <\/em>Toat\u0103 lumea<\/p>\n<p><em><strong>Subiect:<\/strong> <\/em>Ni\u015fte aspecte \u00eengrijor\u0103toare<\/p>\n<p>17 iunie 2018, 11:57 p.m.<\/p>\n<p>Am fost m\u00e2hnit weekend-ul acesta s\u0103 aflu despre un angajat al companiei Tesla, care a condus opera\u021biuni de sabotaj, destul de extinse \u0219i d\u0103un\u0103toare. Printre acestea se num\u0103r\u0103 modific\u0103rile codului direct din sistemul de operare Tesla Manufacturing, sub nume false de utilizatori \u0219i exportul unor cantit\u0103\u021bi mari de date Tesla, extrem de sensibile, c\u0103tre ter\u021be p\u0103r\u021bi necunoscute.<\/p>\n<p>\u00centreaga m\u0103sur\u0103 a ac\u021biunilor sale nu este clar\u0103, dar ceea ce a recunoscut p\u00e2n\u0103 acum este destul de r\u0103u. Motiva\u021bia ac\u0163iunii sale a fost aceea c\u0103 el a vrut o promovare pe care nu a primit-o. \u00cen lumina acestor lucruri, promovarea nu a fost cu siguran\u021b\u0103 mi\u0219carea potrivit\u0103.<\/p>\n<p>Totu\u015fi, s-ar putea s\u0103 fie ceva mai mult dec\u00e2t pare la prima vedere, astfel c\u0103 ancheta va continua \u00een aceast\u0103 s\u0103pt\u0103m\u00e2n\u0103. Trebuie s\u0103 ne d\u0103m seama dac\u0103 el a ac\u021bionat singur sau cu al\u021bi angaja\u0163i de la Tesla \u0219i dac\u0103 lucreaz\u0103 cu organiza\u021bii din afara companiei.<\/p>\n<p>Dup\u0103 cum \u0219ti\u021bi, exist\u0103 mai multe organiza\u021bii care ar dori ca Tesla s\u0103 dispar\u0103. Printre ace\u015ftia se reg\u0103sesc speculan\u0163ii de pe Wall Street, care au pierdut deja miliarde de dolari \u0219i vor mai pierde. Apoi, exist\u0103 companiile de petrol \u0219i gaze, cea mai bogat\u0103 industrie din lume &#8211; c\u0103rora nu le place ideea ca Tesla s\u0103 avanseze \u00een domeniul energiei solare \u0219i a ma\u0219inilor electrice. Nu vreau s\u0103 v\u0103 \u015fochez, dar exist\u0103 zvonuri c\u0103 aceste companii nu sunt totdeauna de treab\u0103. Apoi, exist\u0103 o multitudine de produc\u0103tori de ma\u015fini pe benzin\u0103 \u015fi motorin\u0103. Dac\u0103 sunt dispu\u0219i s\u0103 tri\u0219eze at\u00e2t de mult \u00een privin\u0163a emisiilor, de ce n-ar fi dispu\u0219i s\u0103 tri\u0219eze \u015fi \u00een alte moduri?<\/p>\n<p>De cele mai multe ori, atunci c\u00e2nd exist\u0103 un furt de bunuri, scurgeri de informa\u021bii confiden\u021biale, neglijen\u0163\u0103 \u00een serviciu sau chiar sabotaj, motivul este \u00eentr-adev\u0103r unul simplu, ca de exemplu dorin\u021ba de a pedepsi pe cineva din companie sau compania \u00een ansamblul ei. \u00cens\u0103, ocazional, situa\u0163ia este mult mai grav\u0103.<\/p>\n<p>V\u0103 rug\u0103m s\u0103 fi\u021bi foarte vigilen\u021bi, \u00een special \u00een urm\u0103toarele c\u00e2teva s\u0103pt\u0103m\u00e2ni, pe m\u0103sur\u0103 ce vom cre\u0219te rata de produc\u021bie la 5.000 de buc\u0103\u0163i\u00a0 \/ s\u0103pt\u0103m\u00e2n\u0103. Atunci for\u021bele exterioare au cea mai puternic\u0103 motiva\u021bie s\u0103 ne opreasc\u0103.<\/p>\n<p>Dac\u0103 \u0219ti\u021bi, vede\u021bi sau b\u0103nui\u0163i ceva suspect, trimite\u021bi-ne informa\u0163iile la adresa de e-mail (&#8230;) cu c\u00e2t mai multe informa\u021bii posibile. Pute\u0163i face acest lucru nominal (numele va fi p\u0103strat confiden\u021bial) sau anonim.<\/p>\n<p>&nbsp;<\/p>\n<p>V\u0103 mul\u021bumesc c\u0103 depune\u0163i at\u00e2t de mult\u0103 energie pentru a face Tesla un succes,<br \/>\nElon<\/p>\n<p><em><strong>Sursa articolului (traducerea \u015fi adaptarea proprie):<\/strong><\/em> <a href=\"https:\/\/www.cnbc.com\/2018\/06\/18\/elon-musk-email-employee-conducted-extensive-and-damaging-sabotage.html\" target=\"_blank\" rel=\"noopener\"><strong>cnbc.com<\/strong><\/a><\/p>\n<p>P.S. Chiar dac\u0103 Elon Musk n-a pronun\u0163at &#8222;Oculta Mondial\u0103&#8221;, se \u015ftie c\u0103 aceasta este format\u0103 \u00een special din bancherii de pe Wall Street \u015fi din corpora\u0163iile petroliero-energetice.<\/p>\n","protected":false},"excerpt":{"rendered":"<p>Fondatorul companiei Tesla, Elon Musk, sus\u021bine c\u0103 a sa corpora\u0163ie este sabotat\u0103 \u00een mod inten\u021bionat de c\u0103tre Oculta Mondial\u0103, \u00een \u00eencercarea de a suprima energia solar\u0103 \u0219i ma\u0219inile electrice, dou\u0103 activit\u0103\u0163i dezvoltate de Tesla Corp. \u00centr-un e-mail trimis angaja\u021bilor s\u0103i, &#8230; <\/p>\n<p class=\"read-more-container\"><a title=\"Fondatorul Corpora\u0163iei Tesla, Elon Musk, acuz\u0103 Oculta Mondial\u0103 c\u0103 dore\u015fte s\u0103-l distrug\u0103\" class=\"read-more button\" href=\"https:\/\/www.lovendal.ro\/wp52\/fondatorul-corporatiei-tesla-elon-musk-acuza-oculta-mondiala-ca-doreste-sa-l-distruga\/#more-56678\" aria-label=\"Cite\u0219te mai multe despre Fondatorul Corpora\u0163iei Tesla, Elon Musk, acuz\u0103 Oculta Mondial\u0103 c\u0103 dore\u015fte s\u0103-l distrug\u0103\">Cititi mai multe<\/a><\/p>\n","protected":false},"author":1,"featured_media":56680,"comment_status":"open","ping_status":"closed","sticky":false,"template":"","format":"standard","meta":{"footnotes":""},"categories":[475,2833],"tags":[1591,4633,9135,358,5631,115,8773,3613,5817,1741,580,10385,5957,4495,4669,8776,1274],"class_list":["post-56678","post","type-post","status-publish","format-standard","has-post-thumbnail","hentry","category-conspiratii-mistere","category-noutati","tag-bancher","tag-benzina","tag-companie-petroliera","tag-conspiratii-si-mistere","tag-corporatie","tag-dolari","tag-elon-musk","tag-email","tag-fabrica","tag-incendiu","tag-masina","tag-masina-electrica","tag-motorina","tag-oculta-mondiala","tag-software","tag-tesla-motors","tag-wall-street","resize-featured-image"],"yoast_head":"<!-- This site is optimized with the Yoast SEO Premium plugin v23.3 (Yoast SEO v27.4) - https:\/\/yoast.com\/product\/yoast-seo-premium-wordpress\/ -->\n<title>Fondatorul Corpora\u0163iei Tesla, Elon Musk, acuz\u0103 Oculta Mondial\u0103 c\u0103 dore\u015fte s\u0103-l distrug\u0103 - Secretele lui Lovendal<\/title>\n<meta name=\"robots\" content=\"index, follow, max-snippet:-1, max-image-preview:large, max-video-preview:-1\" \/>\n<link rel=\"canonical\" href=\"https:\/\/www.lovendal.ro\/wp52\/fondatorul-corporatiei-tesla-elon-musk-acuza-oculta-mondiala-ca-doreste-sa-l-distruga\/\" \/>\n<meta property=\"og:locale\" content=\"ro_RO\" \/>\n<meta property=\"og:type\" content=\"article\" \/>\n<meta property=\"og:title\" content=\"Fondatorul Corpora\u0163iei Tesla, Elon Musk, acuz\u0103 Oculta Mondial\u0103 c\u0103 dore\u015fte s\u0103-l distrug\u0103\" \/>\n<meta property=\"og:description\" content=\"Fondatorul companiei Tesla, Elon Musk, sus\u021bine c\u0103 a sa corpora\u0163ie este sabotat\u0103 \u00een mod inten\u021bionat de c\u0103tre Oculta Mondial\u0103, \u00een \u00eencercarea de a suprima energia solar\u0103 \u0219i ma\u0219inile electrice, dou\u0103 activit\u0103\u0163i dezvoltate de Tesla Corp. \u00centr-un e-mail trimis angaja\u021bilor s\u0103i, ... Cititi mai multe\" \/>\n<meta property=\"og:url\" content=\"https:\/\/www.lovendal.ro\/wp52\/fondatorul-corporatiei-tesla-elon-musk-acuza-oculta-mondiala-ca-doreste-sa-l-distruga\/\" \/>\n<meta property=\"og:site_name\" content=\"Secretele lui Lovendal\" \/>\n<meta property=\"article:publisher\" content=\"https:\/\/www.facebook.com\/secreteleluilovendal\" \/>\n<meta property=\"article:published_time\" content=\"2018-06-22T11:23:07+00:00\" \/>\n<meta property=\"og:image\" content=\"https:\/\/www.lovendal.ro\/wp52\/wp-content\/uploads\/2018\/06\/ElonMusk.jpg\" \/>\n\t<meta property=\"og:image:width\" content=\"331\" \/>\n\t<meta property=\"og:image:height\" content=\"211\" \/>\n\t<meta property=\"og:image:type\" content=\"image\/jpeg\" \/>\n<meta name=\"author\" content=\"admin\" \/>\n<meta name=\"twitter:card\" content=\"summary_large_image\" \/>\n<meta name=\"twitter:label1\" content=\"Scris de\" \/>\n\t<meta name=\"twitter:data1\" content=\"admin\" \/>\n\t<meta name=\"twitter:label2\" content=\"Timp estimat pentru citire\" \/>\n\t<meta name=\"twitter:data2\" content=\"3 minute\" \/>\n<script type=\"application\/ld+json\" class=\"yoast-schema-graph\">{\"@context\":\"https:\\\/\\\/schema.org\",\"@graph\":[{\"@type\":\"Article\",\"@id\":\"https:\\\/\\\/www.lovendal.ro\\\/wp52\\\/fondatorul-corporatiei-tesla-elon-musk-acuza-oculta-mondiala-ca-doreste-sa-l-distruga\\\/#article\",\"isPartOf\":{\"@id\":\"https:\\\/\\\/www.lovendal.ro\\\/wp52\\\/fondatorul-corporatiei-tesla-elon-musk-acuza-oculta-mondiala-ca-doreste-sa-l-distruga\\\/\"},\"author\":{\"name\":\"admin\",\"@id\":\"https:\\\/\\\/www.lovendal.ro\\\/wp52\\\/#\\\/schema\\\/person\\\/088691de5dfc346bb0c023e1e52ef5d9\"},\"headline\":\"Fondatorul Corpora\u0163iei Tesla, Elon Musk, acuz\u0103 Oculta Mondial\u0103 c\u0103 dore\u015fte s\u0103-l distrug\u0103\",\"datePublished\":\"2018-06-22T11:23:07+00:00\",\"mainEntityOfPage\":{\"@id\":\"https:\\\/\\\/www.lovendal.ro\\\/wp52\\\/fondatorul-corporatiei-tesla-elon-musk-acuza-oculta-mondiala-ca-doreste-sa-l-distruga\\\/\"},\"wordCount\":678,\"commentCount\":1,\"publisher\":{\"@id\":\"https:\\\/\\\/www.lovendal.ro\\\/wp52\\\/#organization\"},\"image\":{\"@id\":\"https:\\\/\\\/www.lovendal.ro\\\/wp52\\\/fondatorul-corporatiei-tesla-elon-musk-acuza-oculta-mondiala-ca-doreste-sa-l-distruga\\\/#primaryimage\"},\"thumbnailUrl\":\"https:\\\/\\\/www.lovendal.ro\\\/wp52\\\/wp-content\\\/uploads\\\/2018\\\/06\\\/ElonMusk.jpg\",\"keywords\":[\"bancher\",\"benzin\u0103\",\"companie petrolier\u0103\",\"Conspiratii si Mistere\",\"corpora\u0163ie\",\"dolari\",\"Elon Musk\",\"email\",\"fabric\u0103\",\"incendiu\",\"ma\u015fin\u0103\",\"ma\u015fina electric\u0103\",\"motorin\u0103\",\"Oculta Mondial\u0103\",\"software\",\"Tesla Motors\",\"Wall Street\"],\"articleSection\":[\"Conspiratii si Mistere\",\"Noutati\"],\"inLanguage\":\"ro-RO\",\"potentialAction\":[{\"@type\":\"CommentAction\",\"name\":\"Comment\",\"target\":[\"https:\\\/\\\/www.lovendal.ro\\\/wp52\\\/fondatorul-corporatiei-tesla-elon-musk-acuza-oculta-mondiala-ca-doreste-sa-l-distruga\\\/#respond\"]}]},{\"@type\":\"WebPage\",\"@id\":\"https:\\\/\\\/www.lovendal.ro\\\/wp52\\\/fondatorul-corporatiei-tesla-elon-musk-acuza-oculta-mondiala-ca-doreste-sa-l-distruga\\\/\",\"url\":\"https:\\\/\\\/www.lovendal.ro\\\/wp52\\\/fondatorul-corporatiei-tesla-elon-musk-acuza-oculta-mondiala-ca-doreste-sa-l-distruga\\\/\",\"name\":\"Fondatorul Corpora\u0163iei Tesla, Elon Musk, acuz\u0103 Oculta Mondial\u0103 c\u0103 dore\u015fte s\u0103-l distrug\u0103 - Secretele lui Lovendal\",\"isPartOf\":{\"@id\":\"https:\\\/\\\/www.lovendal.ro\\\/wp52\\\/#website\"},\"primaryImageOfPage\":{\"@id\":\"https:\\\/\\\/www.lovendal.ro\\\/wp52\\\/fondatorul-corporatiei-tesla-elon-musk-acuza-oculta-mondiala-ca-doreste-sa-l-distruga\\\/#primaryimage\"},\"image\":{\"@id\":\"https:\\\/\\\/www.lovendal.ro\\\/wp52\\\/fondatorul-corporatiei-tesla-elon-musk-acuza-oculta-mondiala-ca-doreste-sa-l-distruga\\\/#primaryimage\"},\"thumbnailUrl\":\"https:\\\/\\\/www.lovendal.ro\\\/wp52\\\/wp-content\\\/uploads\\\/2018\\\/06\\\/ElonMusk.jpg\",\"datePublished\":\"2018-06-22T11:23:07+00:00\",\"breadcrumb\":{\"@id\":\"https:\\\/\\\/www.lovendal.ro\\\/wp52\\\/fondatorul-corporatiei-tesla-elon-musk-acuza-oculta-mondiala-ca-doreste-sa-l-distruga\\\/#breadcrumb\"},\"inLanguage\":\"ro-RO\",\"potentialAction\":[{\"@type\":\"ReadAction\",\"target\":[\"https:\\\/\\\/www.lovendal.ro\\\/wp52\\\/fondatorul-corporatiei-tesla-elon-musk-acuza-oculta-mondiala-ca-doreste-sa-l-distruga\\\/\"]}]},{\"@type\":\"ImageObject\",\"inLanguage\":\"ro-RO\",\"@id\":\"https:\\\/\\\/www.lovendal.ro\\\/wp52\\\/fondatorul-corporatiei-tesla-elon-musk-acuza-oculta-mondiala-ca-doreste-sa-l-distruga\\\/#primaryimage\",\"url\":\"https:\\\/\\\/www.lovendal.ro\\\/wp52\\\/wp-content\\\/uploads\\\/2018\\\/06\\\/ElonMusk.jpg\",\"contentUrl\":\"https:\\\/\\\/www.lovendal.ro\\\/wp52\\\/wp-content\\\/uploads\\\/2018\\\/06\\\/ElonMusk.jpg\",\"width\":331,\"height\":211},{\"@type\":\"BreadcrumbList\",\"@id\":\"https:\\\/\\\/www.lovendal.ro\\\/wp52\\\/fondatorul-corporatiei-tesla-elon-musk-acuza-oculta-mondiala-ca-doreste-sa-l-distruga\\\/#breadcrumb\",\"itemListElement\":[{\"@type\":\"ListItem\",\"position\":1,\"name\":\"Home\",\"item\":\"https:\\\/\\\/www.lovendal.ro\\\/wp52\\\/\"},{\"@type\":\"ListItem\",\"position\":2,\"name\":\"Fondatorul Corpora\u0163iei Tesla, Elon Musk, acuz\u0103 Oculta Mondial\u0103 c\u0103 dore\u015fte s\u0103-l distrug\u0103\"}]},{\"@type\":\"WebSite\",\"@id\":\"https:\\\/\\\/www.lovendal.ro\\\/wp52\\\/#website\",\"url\":\"https:\\\/\\\/www.lovendal.ro\\\/wp52\\\/\",\"name\":\"Secretele lui Lovendal\",\"description\":\"Site de secrete, stiinta si metafizica - din 2008 -\",\"publisher\":{\"@id\":\"https:\\\/\\\/www.lovendal.ro\\\/wp52\\\/#organization\"},\"potentialAction\":[{\"@type\":\"SearchAction\",\"target\":{\"@type\":\"EntryPoint\",\"urlTemplate\":\"https:\\\/\\\/www.lovendal.ro\\\/wp52\\\/?s={search_term_string}\"},\"query-input\":{\"@type\":\"PropertyValueSpecification\",\"valueRequired\":true,\"valueName\":\"search_term_string\"}}],\"inLanguage\":\"ro-RO\"},{\"@type\":\"Organization\",\"@id\":\"https:\\\/\\\/www.lovendal.ro\\\/wp52\\\/#organization\",\"name\":\"Secretele lui Lovendal\",\"url\":\"https:\\\/\\\/www.lovendal.ro\\\/wp52\\\/\",\"logo\":{\"@type\":\"ImageObject\",\"inLanguage\":\"ro-RO\",\"@id\":\"https:\\\/\\\/www.lovendal.ro\\\/wp52\\\/#\\\/schema\\\/logo\\\/image\\\/\",\"url\":\"https:\\\/\\\/www.lovendal.ro\\\/wp52\\\/wp-content\\\/uploads\\\/2024\\\/06\\\/cropped-SLL-iun-2024-1.jpg\",\"contentUrl\":\"https:\\\/\\\/www.lovendal.ro\\\/wp52\\\/wp-content\\\/uploads\\\/2024\\\/06\\\/cropped-SLL-iun-2024-1.jpg\",\"width\":771,\"height\":240,\"caption\":\"Secretele lui Lovendal\"},\"image\":{\"@id\":\"https:\\\/\\\/www.lovendal.ro\\\/wp52\\\/#\\\/schema\\\/logo\\\/image\\\/\"},\"sameAs\":[\"https:\\\/\\\/www.facebook.com\\\/secreteleluilovendal\"]},{\"@type\":\"Person\",\"@id\":\"https:\\\/\\\/www.lovendal.ro\\\/wp52\\\/#\\\/schema\\\/person\\\/088691de5dfc346bb0c023e1e52ef5d9\",\"name\":\"admin\",\"image\":{\"@type\":\"ImageObject\",\"inLanguage\":\"ro-RO\",\"@id\":\"https:\\\/\\\/secure.gravatar.com\\\/avatar\\\/ecb9cd41f5f63c9c9b989999a59f6e2639a865ec361e9db054db0679a8f341c2?s=96&d=mm&r=g\",\"url\":\"https:\\\/\\\/secure.gravatar.com\\\/avatar\\\/ecb9cd41f5f63c9c9b989999a59f6e2639a865ec361e9db054db0679a8f341c2?s=96&d=mm&r=g\",\"contentUrl\":\"https:\\\/\\\/secure.gravatar.com\\\/avatar\\\/ecb9cd41f5f63c9c9b989999a59f6e2639a865ec361e9db054db0679a8f341c2?s=96&d=mm&r=g\",\"caption\":\"admin\"},\"sameAs\":[\"https:\\\/\\\/www.lovendal.ro\\\/wp52\"]}]}<\/script>\n<!-- \/ Yoast SEO Premium plugin. -->","yoast_head_json":{"title":"Fondatorul Corpora\u0163iei Tesla, Elon Musk, acuz\u0103 Oculta Mondial\u0103 c\u0103 dore\u015fte s\u0103-l distrug\u0103 - Secretele lui Lovendal","robots":{"index":"index","follow":"follow","max-snippet":"max-snippet:-1","max-image-preview":"max-image-preview:large","max-video-preview":"max-video-preview:-1"},"canonical":"https:\/\/www.lovendal.ro\/wp52\/fondatorul-corporatiei-tesla-elon-musk-acuza-oculta-mondiala-ca-doreste-sa-l-distruga\/","og_locale":"ro_RO","og_type":"article","og_title":"Fondatorul Corpora\u0163iei Tesla, Elon Musk, acuz\u0103 Oculta Mondial\u0103 c\u0103 dore\u015fte s\u0103-l distrug\u0103","og_description":"Fondatorul companiei Tesla, Elon Musk, sus\u021bine c\u0103 a sa corpora\u0163ie este sabotat\u0103 \u00een mod inten\u021bionat de c\u0103tre Oculta Mondial\u0103, \u00een \u00eencercarea de a suprima energia solar\u0103 \u0219i ma\u0219inile electrice, dou\u0103 activit\u0103\u0163i dezvoltate de Tesla Corp. \u00centr-un e-mail trimis angaja\u021bilor s\u0103i, ... Cititi mai multe","og_url":"https:\/\/www.lovendal.ro\/wp52\/fondatorul-corporatiei-tesla-elon-musk-acuza-oculta-mondiala-ca-doreste-sa-l-distruga\/","og_site_name":"Secretele lui Lovendal","article_publisher":"https:\/\/www.facebook.com\/secreteleluilovendal","article_published_time":"2018-06-22T11:23:07+00:00","og_image":[{"width":331,"height":211,"url":"https:\/\/www.lovendal.ro\/wp52\/wp-content\/uploads\/2018\/06\/ElonMusk.jpg","type":"image\/jpeg"}],"author":"admin","twitter_card":"summary_large_image","twitter_misc":{"Scris de":"admin","Timp estimat pentru citire":"3 minute"},"schema":{"@context":"https:\/\/schema.org","@graph":[{"@type":"Article","@id":"https:\/\/www.lovendal.ro\/wp52\/fondatorul-corporatiei-tesla-elon-musk-acuza-oculta-mondiala-ca-doreste-sa-l-distruga\/#article","isPartOf":{"@id":"https:\/\/www.lovendal.ro\/wp52\/fondatorul-corporatiei-tesla-elon-musk-acuza-oculta-mondiala-ca-doreste-sa-l-distruga\/"},"author":{"name":"admin","@id":"https:\/\/www.lovendal.ro\/wp52\/#\/schema\/person\/088691de5dfc346bb0c023e1e52ef5d9"},"headline":"Fondatorul Corpora\u0163iei Tesla, Elon Musk, acuz\u0103 Oculta Mondial\u0103 c\u0103 dore\u015fte s\u0103-l distrug\u0103","datePublished":"2018-06-22T11:23:07+00:00","mainEntityOfPage":{"@id":"https:\/\/www.lovendal.ro\/wp52\/fondatorul-corporatiei-tesla-elon-musk-acuza-oculta-mondiala-ca-doreste-sa-l-distruga\/"},"wordCount":678,"commentCount":1,"publisher":{"@id":"https:\/\/www.lovendal.ro\/wp52\/#organization"},"image":{"@id":"https:\/\/www.lovendal.ro\/wp52\/fondatorul-corporatiei-tesla-elon-musk-acuza-oculta-mondiala-ca-doreste-sa-l-distruga\/#primaryimage"},"thumbnailUrl":"https:\/\/www.lovendal.ro\/wp52\/wp-content\/uploads\/2018\/06\/ElonMusk.jpg","keywords":["bancher","benzin\u0103","companie petrolier\u0103","Conspiratii si Mistere","corpora\u0163ie","dolari","Elon Musk","email","fabric\u0103","incendiu","ma\u015fin\u0103","ma\u015fina electric\u0103","motorin\u0103","Oculta Mondial\u0103","software","Tesla Motors","Wall Street"],"articleSection":["Conspiratii si Mistere","Noutati"],"inLanguage":"ro-RO","potentialAction":[{"@type":"CommentAction","name":"Comment","target":["https:\/\/www.lovendal.ro\/wp52\/fondatorul-corporatiei-tesla-elon-musk-acuza-oculta-mondiala-ca-doreste-sa-l-distruga\/#respond"]}]},{"@type":"WebPage","@id":"https:\/\/www.lovendal.ro\/wp52\/fondatorul-corporatiei-tesla-elon-musk-acuza-oculta-mondiala-ca-doreste-sa-l-distruga\/","url":"https:\/\/www.lovendal.ro\/wp52\/fondatorul-corporatiei-tesla-elon-musk-acuza-oculta-mondiala-ca-doreste-sa-l-distruga\/","name":"Fondatorul Corpora\u0163iei Tesla, Elon Musk, acuz\u0103 Oculta Mondial\u0103 c\u0103 dore\u015fte s\u0103-l distrug\u0103 - Secretele lui Lovendal","isPartOf":{"@id":"https:\/\/www.lovendal.ro\/wp52\/#website"},"primaryImageOfPage":{"@id":"https:\/\/www.lovendal.ro\/wp52\/fondatorul-corporatiei-tesla-elon-musk-acuza-oculta-mondiala-ca-doreste-sa-l-distruga\/#primaryimage"},"image":{"@id":"https:\/\/www.lovendal.ro\/wp52\/fondatorul-corporatiei-tesla-elon-musk-acuza-oculta-mondiala-ca-doreste-sa-l-distruga\/#primaryimage"},"thumbnailUrl":"https:\/\/www.lovendal.ro\/wp52\/wp-content\/uploads\/2018\/06\/ElonMusk.jpg","datePublished":"2018-06-22T11:23:07+00:00","breadcrumb":{"@id":"https:\/\/www.lovendal.ro\/wp52\/fondatorul-corporatiei-tesla-elon-musk-acuza-oculta-mondiala-ca-doreste-sa-l-distruga\/#breadcrumb"},"inLanguage":"ro-RO","potentialAction":[{"@type":"ReadAction","target":["https:\/\/www.lovendal.ro\/wp52\/fondatorul-corporatiei-tesla-elon-musk-acuza-oculta-mondiala-ca-doreste-sa-l-distruga\/"]}]},{"@type":"ImageObject","inLanguage":"ro-RO","@id":"https:\/\/www.lovendal.ro\/wp52\/fondatorul-corporatiei-tesla-elon-musk-acuza-oculta-mondiala-ca-doreste-sa-l-distruga\/#primaryimage","url":"https:\/\/www.lovendal.ro\/wp52\/wp-content\/uploads\/2018\/06\/ElonMusk.jpg","contentUrl":"https:\/\/www.lovendal.ro\/wp52\/wp-content\/uploads\/2018\/06\/ElonMusk.jpg","width":331,"height":211},{"@type":"BreadcrumbList","@id":"https:\/\/www.lovendal.ro\/wp52\/fondatorul-corporatiei-tesla-elon-musk-acuza-oculta-mondiala-ca-doreste-sa-l-distruga\/#breadcrumb","itemListElement":[{"@type":"ListItem","position":1,"name":"Home","item":"https:\/\/www.lovendal.ro\/wp52\/"},{"@type":"ListItem","position":2,"name":"Fondatorul Corpora\u0163iei Tesla, Elon Musk, acuz\u0103 Oculta Mondial\u0103 c\u0103 dore\u015fte s\u0103-l distrug\u0103"}]},{"@type":"WebSite","@id":"https:\/\/www.lovendal.ro\/wp52\/#website","url":"https:\/\/www.lovendal.ro\/wp52\/","name":"Secretele lui Lovendal","description":"Site de secrete, stiinta si metafizica - din 2008 -","publisher":{"@id":"https:\/\/www.lovendal.ro\/wp52\/#organization"},"potentialAction":[{"@type":"SearchAction","target":{"@type":"EntryPoint","urlTemplate":"https:\/\/www.lovendal.ro\/wp52\/?s={search_term_string}"},"query-input":{"@type":"PropertyValueSpecification","valueRequired":true,"valueName":"search_term_string"}}],"inLanguage":"ro-RO"},{"@type":"Organization","@id":"https:\/\/www.lovendal.ro\/wp52\/#organization","name":"Secretele lui Lovendal","url":"https:\/\/www.lovendal.ro\/wp52\/","logo":{"@type":"ImageObject","inLanguage":"ro-RO","@id":"https:\/\/www.lovendal.ro\/wp52\/#\/schema\/logo\/image\/","url":"https:\/\/www.lovendal.ro\/wp52\/wp-content\/uploads\/2024\/06\/cropped-SLL-iun-2024-1.jpg","contentUrl":"https:\/\/www.lovendal.ro\/wp52\/wp-content\/uploads\/2024\/06\/cropped-SLL-iun-2024-1.jpg","width":771,"height":240,"caption":"Secretele lui Lovendal"},"image":{"@id":"https:\/\/www.lovendal.ro\/wp52\/#\/schema\/logo\/image\/"},"sameAs":["https:\/\/www.facebook.com\/secreteleluilovendal"]},{"@type":"Person","@id":"https:\/\/www.lovendal.ro\/wp52\/#\/schema\/person\/088691de5dfc346bb0c023e1e52ef5d9","name":"admin","image":{"@type":"ImageObject","inLanguage":"ro-RO","@id":"https:\/\/secure.gravatar.com\/avatar\/ecb9cd41f5f63c9c9b989999a59f6e2639a865ec361e9db054db0679a8f341c2?s=96&d=mm&r=g","url":"https:\/\/secure.gravatar.com\/avatar\/ecb9cd41f5f63c9c9b989999a59f6e2639a865ec361e9db054db0679a8f341c2?s=96&d=mm&r=g","contentUrl":"https:\/\/secure.gravatar.com\/avatar\/ecb9cd41f5f63c9c9b989999a59f6e2639a865ec361e9db054db0679a8f341c2?s=96&d=mm&r=g","caption":"admin"},"sameAs":["https:\/\/www.lovendal.ro\/wp52"]}]}},"_links":{"self":[{"href":"https:\/\/www.lovendal.ro\/wp52\/wp-json\/wp\/v2\/posts\/56678","targetHints":{"allow":["GET"]}}],"collection":[{"href":"https:\/\/www.lovendal.ro\/wp52\/wp-json\/wp\/v2\/posts"}],"about":[{"href":"https:\/\/www.lovendal.ro\/wp52\/wp-json\/wp\/v2\/types\/post"}],"author":[{"embeddable":true,"href":"https:\/\/www.lovendal.ro\/wp52\/wp-json\/wp\/v2\/users\/1"}],"replies":[{"embeddable":true,"href":"https:\/\/www.lovendal.ro\/wp52\/wp-json\/wp\/v2\/comments?post=56678"}],"version-history":[{"count":0,"href":"https:\/\/www.lovendal.ro\/wp52\/wp-json\/wp\/v2\/posts\/56678\/revisions"}],"wp:featuredmedia":[{"embeddable":true,"href":"https:\/\/www.lovendal.ro\/wp52\/wp-json\/wp\/v2\/media\/56680"}],"wp:attachment":[{"href":"https:\/\/www.lovendal.ro\/wp52\/wp-json\/wp\/v2\/media?parent=56678"}],"wp:term":[{"taxonomy":"category","embeddable":true,"href":"https:\/\/www.lovendal.ro\/wp52\/wp-json\/wp\/v2\/categories?post=56678"},{"taxonomy":"post_tag","embeddable":true,"href":"https:\/\/www.lovendal.ro\/wp52\/wp-json\/wp\/v2\/tags?post=56678"}],"curies":[{"name":"wp","href":"https:\/\/api.w.org\/{rel}","templated":true}]}}