{"id":5663,"date":"2009-06-16T06:18:46","date_gmt":"2009-06-16T03:18:46","guid":{"rendered":"http:\/\/www.lovendal.net\/wp52\/?p=5663"},"modified":"2009-06-16T06:18:46","modified_gmt":"2009-06-16T03:18:46","slug":"a-murit-regele-francez-carol-al-ix-lea-datorita-vrajilor","status":"publish","type":"post","link":"https:\/\/www.lovendal.ro\/wp52\/a-murit-regele-francez-carol-al-ix-lea-datorita-vrajilor\/","title":{"rendered":"A murit regele francez, Carol al IX-lea, datorit\u0103 vr\u0103jilor?"},"content":{"rendered":"<p><a href=\"https:\/\/www.lovendal.ro\/wp52\/wp-content\/uploads\/2009\/06\/Charles-IX.jpg\"><img loading=\"lazy\" decoding=\"async\" class=\"alignleft size-full wp-image-5664\" title=\"Charles IX\" src=\"https:\/\/www.lovendal.ro\/wp52\/wp-content\/uploads\/2009\/06\/Charles-IX.jpg\" alt=\"Charles IX\" width=\"291\" height=\"252\" srcset=\"https:\/\/www.lovendal.ro\/wp52\/wp-content\/uploads\/2009\/06\/Charles-IX.jpg 328w, https:\/\/www.lovendal.ro\/wp52\/wp-content\/uploads\/2009\/06\/Charles-IX-300x260.jpg 300w\" sizes=\"auto, (max-width: 291px) 100vw, 291px\" \/><\/a>Carol al IX-lea (1550-1574) a fost rege al Fran\u0163ei<em> &#8222;\u00een timpul domniei c\u0103ruia s-a petrecut at\u00e2t de remarcabila noapte a Sf. Bartolomeu (1572 &#8211; c\u00e2nd au fost masacra\u0163i zeci de mii de protestan\u0163i&#8221;<\/em>, dup\u0103 cum spune istoricul Boguet. Pentru c\u0103 un medic astrolog i-a garantat c\u0103 va tr\u0103i at\u00e2tea zile c\u00eete rotiri pe c\u0103lc\u00e2i va reu\u015fi s\u0103 fac\u0103 timp de o or\u0103 \u00een fiecare diminea\u0163\u0103, f\u0103cea acest exerci\u0163iu solemn, timp de o or\u0103, al\u0103turi de cei mai importan\u0163i ofi\u0163eri, generali, cancelarul, b\u0103tr\u00e2nii judec\u0103tori, care, to\u0163i, se \u00eenv\u00eerteau \u00een piruete \u00eentr-un picior pentru a-l imita \u015fi lingu\u015fi pe rege.<\/p>\n<p>Ni se spune c\u0103 dup\u0103 masacrul \u00abat\u00eet de remarcabil\u00bb din noaptea Sf. Bartolomeu, Carol al IX-lea a visat corbi \u00eens\u00e2ngera\u0163i, a avut co\u015fmaruri \u00eengrozitoare \u015fi moartea prematur\u0103 i-a fost anun\u0163at\u0103 de furtuni puternice. Se mai spune c\u0103 ar fi murit din cauza imaginilor de cear\u0103 f\u0103cute dup\u0103 chipul \u015fi asem\u0103narea sa, \u00eenfierate de magie, dar pe care du\u015fmanii s\u0103i, vr\u0103jitori protestan\u0163i, le topeau \u00een fiecare zi, \u00een timpul unei slujbe de \u00eenmorm\u00e2ntare, fapt ce contribuia ca via\u0163a regelui s\u0103 se topeasc\u0103, pe m\u0103sur\u0103 ce ceara se consuma. \u00cen acele timpuri, c\u00e2nd cineva murea de ftizie sau de o alt\u0103 boal\u0103 care \u00eel sl\u0103bea se spunea c\u0103 de vin\u0103 sunt vr\u0103jitorii. Medicii \u00eei f\u0103ceau r\u0103spunz\u0103tori pe vr\u0103jitori de bolnavii lor care mureau \u015fi refrenul ignoran\u0163ei f\u0103cea s\u0103 se cread\u0103 c\u0103 ace\u015ftia exist\u0103.<\/p>\n","protected":false},"excerpt":{"rendered":"<p>Carol al IX-lea (1550-1574) a fost rege al Fran\u0163ei &#8222;\u00een timpul domniei c\u0103ruia s-a petrecut at\u00e2t de remarcabila noapte a Sf. Bartolomeu (1572 &#8211; c\u00e2nd au fost masacra\u0163i zeci de mii de protestan\u0163i&#8221;, dup\u0103 cum spune istoricul Boguet. Pentru c\u0103 &#8230; <\/p>\n<p class=\"read-more-container\"><a title=\"A murit regele francez, Carol al IX-lea, datorit\u0103 vr\u0103jilor?\" class=\"read-more button\" href=\"https:\/\/www.lovendal.ro\/wp52\/a-murit-regele-francez-carol-al-ix-lea-datorita-vrajilor\/#more-5663\" aria-label=\"Cite\u0219te mai multe despre A murit regele francez, Carol al IX-lea, datorit\u0103 vr\u0103jilor?\">Cititi mai multe<\/a><\/p>\n","protected":false},"author":1,"featured_media":5664,"comment_status":"open","ping_status":"closed","sticky":false,"template":"","format":"standard","meta":{"footnotes":""},"categories":[9],"tags":[1294,202,1532,108,1645],"class_list":["post-5663","post","type-post","status-publish","format-standard","has-post-thumbnail","hentry","category-istorie","tag-carol-al-ix-lea","tag-franta","tag-istorie-si-civilizatii","tag-moarte","tag-vraji","resize-featured-image"],"yoast_head":"<!-- This site is optimized with the Yoast SEO Premium plugin v23.3 (Yoast SEO v27.4) - https:\/\/yoast.com\/product\/yoast-seo-premium-wordpress\/ -->\n<title>A murit regele francez, Carol al IX-lea, datorit\u0103 vr\u0103jilor? - Secretele lui Lovendal<\/title>\n<meta name=\"robots\" content=\"index, follow, max-snippet:-1, max-image-preview:large, max-video-preview:-1\" \/>\n<link rel=\"canonical\" href=\"https:\/\/www.lovendal.ro\/wp52\/a-murit-regele-francez-carol-al-ix-lea-datorita-vrajilor\/\" \/>\n<meta property=\"og:locale\" content=\"ro_RO\" \/>\n<meta property=\"og:type\" content=\"article\" \/>\n<meta property=\"og:title\" content=\"A murit regele francez, Carol al IX-lea, datorit\u0103 vr\u0103jilor?\" \/>\n<meta property=\"og:description\" content=\"Carol al IX-lea (1550-1574) a fost rege al Fran\u0163ei &#8222;\u00een timpul domniei c\u0103ruia s-a petrecut at\u00e2t de remarcabila noapte a Sf. Bartolomeu (1572 &#8211; c\u00e2nd au fost masacra\u0163i zeci de mii de protestan\u0163i&#8221;, dup\u0103 cum spune istoricul Boguet. Pentru c\u0103 ... Cititi mai multe\" \/>\n<meta property=\"og:url\" content=\"https:\/\/www.lovendal.ro\/wp52\/a-murit-regele-francez-carol-al-ix-lea-datorita-vrajilor\/\" \/>\n<meta property=\"og:site_name\" content=\"Secretele lui Lovendal\" \/>\n<meta property=\"article:publisher\" content=\"https:\/\/www.facebook.com\/secreteleluilovendal\" \/>\n<meta property=\"article:published_time\" content=\"2009-06-16T03:18:46+00:00\" \/>\n<meta property=\"og:image\" content=\"https:\/\/www.lovendal.ro\/wp52\/wp-content\/uploads\/2009\/06\/Charles-IX.jpg\" \/>\n\t<meta property=\"og:image:width\" content=\"328\" \/>\n\t<meta property=\"og:image:height\" content=\"285\" \/>\n\t<meta property=\"og:image:type\" content=\"image\/jpeg\" \/>\n<meta name=\"author\" content=\"admin\" \/>\n<meta name=\"twitter:card\" content=\"summary_large_image\" \/>\n<meta name=\"twitter:label1\" content=\"Scris de\" \/>\n\t<meta name=\"twitter:data1\" content=\"admin\" \/>\n\t<meta name=\"twitter:label2\" content=\"Timp estimat pentru citire\" \/>\n\t<meta name=\"twitter:data2\" content=\"1 minut\" \/>\n<script type=\"application\/ld+json\" class=\"yoast-schema-graph\">{\"@context\":\"https:\\\/\\\/schema.org\",\"@graph\":[{\"@type\":\"Article\",\"@id\":\"https:\\\/\\\/www.lovendal.ro\\\/wp52\\\/a-murit-regele-francez-carol-al-ix-lea-datorita-vrajilor\\\/#article\",\"isPartOf\":{\"@id\":\"https:\\\/\\\/www.lovendal.ro\\\/wp52\\\/a-murit-regele-francez-carol-al-ix-lea-datorita-vrajilor\\\/\"},\"author\":{\"name\":\"admin\",\"@id\":\"https:\\\/\\\/www.lovendal.ro\\\/wp52\\\/#\\\/schema\\\/person\\\/088691de5dfc346bb0c023e1e52ef5d9\"},\"headline\":\"A murit regele francez, Carol al IX-lea, datorit\u0103 vr\u0103jilor?\",\"datePublished\":\"2009-06-16T03:18:46+00:00\",\"mainEntityOfPage\":{\"@id\":\"https:\\\/\\\/www.lovendal.ro\\\/wp52\\\/a-murit-regele-francez-carol-al-ix-lea-datorita-vrajilor\\\/\"},\"wordCount\":285,\"commentCount\":0,\"publisher\":{\"@id\":\"https:\\\/\\\/www.lovendal.ro\\\/wp52\\\/#organization\"},\"image\":{\"@id\":\"https:\\\/\\\/www.lovendal.ro\\\/wp52\\\/a-murit-regele-francez-carol-al-ix-lea-datorita-vrajilor\\\/#primaryimage\"},\"thumbnailUrl\":\"https:\\\/\\\/www.lovendal.ro\\\/wp52\\\/wp-content\\\/uploads\\\/2009\\\/06\\\/Charles-IX.jpg\",\"keywords\":[\"Carol al IX-lea\",\"Fran\u0163a\",\"Istorie si Civilizatii\",\"moarte\",\"vr\u0103ji\"],\"articleSection\":[\"Istorie si Civilizatii\"],\"inLanguage\":\"ro-RO\",\"potentialAction\":[{\"@type\":\"CommentAction\",\"name\":\"Comment\",\"target\":[\"https:\\\/\\\/www.lovendal.ro\\\/wp52\\\/a-murit-regele-francez-carol-al-ix-lea-datorita-vrajilor\\\/#respond\"]}]},{\"@type\":\"WebPage\",\"@id\":\"https:\\\/\\\/www.lovendal.ro\\\/wp52\\\/a-murit-regele-francez-carol-al-ix-lea-datorita-vrajilor\\\/\",\"url\":\"https:\\\/\\\/www.lovendal.ro\\\/wp52\\\/a-murit-regele-francez-carol-al-ix-lea-datorita-vrajilor\\\/\",\"name\":\"A murit regele francez, Carol al IX-lea, datorit\u0103 vr\u0103jilor? - Secretele lui Lovendal\",\"isPartOf\":{\"@id\":\"https:\\\/\\\/www.lovendal.ro\\\/wp52\\\/#website\"},\"primaryImageOfPage\":{\"@id\":\"https:\\\/\\\/www.lovendal.ro\\\/wp52\\\/a-murit-regele-francez-carol-al-ix-lea-datorita-vrajilor\\\/#primaryimage\"},\"image\":{\"@id\":\"https:\\\/\\\/www.lovendal.ro\\\/wp52\\\/a-murit-regele-francez-carol-al-ix-lea-datorita-vrajilor\\\/#primaryimage\"},\"thumbnailUrl\":\"https:\\\/\\\/www.lovendal.ro\\\/wp52\\\/wp-content\\\/uploads\\\/2009\\\/06\\\/Charles-IX.jpg\",\"datePublished\":\"2009-06-16T03:18:46+00:00\",\"breadcrumb\":{\"@id\":\"https:\\\/\\\/www.lovendal.ro\\\/wp52\\\/a-murit-regele-francez-carol-al-ix-lea-datorita-vrajilor\\\/#breadcrumb\"},\"inLanguage\":\"ro-RO\",\"potentialAction\":[{\"@type\":\"ReadAction\",\"target\":[\"https:\\\/\\\/www.lovendal.ro\\\/wp52\\\/a-murit-regele-francez-carol-al-ix-lea-datorita-vrajilor\\\/\"]}]},{\"@type\":\"ImageObject\",\"inLanguage\":\"ro-RO\",\"@id\":\"https:\\\/\\\/www.lovendal.ro\\\/wp52\\\/a-murit-regele-francez-carol-al-ix-lea-datorita-vrajilor\\\/#primaryimage\",\"url\":\"https:\\\/\\\/www.lovendal.ro\\\/wp52\\\/wp-content\\\/uploads\\\/2009\\\/06\\\/Charles-IX.jpg\",\"contentUrl\":\"https:\\\/\\\/www.lovendal.ro\\\/wp52\\\/wp-content\\\/uploads\\\/2009\\\/06\\\/Charles-IX.jpg\",\"width\":\"328\",\"height\":\"285\"},{\"@type\":\"BreadcrumbList\",\"@id\":\"https:\\\/\\\/www.lovendal.ro\\\/wp52\\\/a-murit-regele-francez-carol-al-ix-lea-datorita-vrajilor\\\/#breadcrumb\",\"itemListElement\":[{\"@type\":\"ListItem\",\"position\":1,\"name\":\"Home\",\"item\":\"https:\\\/\\\/www.lovendal.ro\\\/wp52\\\/\"},{\"@type\":\"ListItem\",\"position\":2,\"name\":\"A murit regele francez, Carol al IX-lea, datorit\u0103 vr\u0103jilor?\"}]},{\"@type\":\"WebSite\",\"@id\":\"https:\\\/\\\/www.lovendal.ro\\\/wp52\\\/#website\",\"url\":\"https:\\\/\\\/www.lovendal.ro\\\/wp52\\\/\",\"name\":\"Secretele lui Lovendal\",\"description\":\"Site de secrete, stiinta si metafizica - din 2008 -\",\"publisher\":{\"@id\":\"https:\\\/\\\/www.lovendal.ro\\\/wp52\\\/#organization\"},\"potentialAction\":[{\"@type\":\"SearchAction\",\"target\":{\"@type\":\"EntryPoint\",\"urlTemplate\":\"https:\\\/\\\/www.lovendal.ro\\\/wp52\\\/?s={search_term_string}\"},\"query-input\":{\"@type\":\"PropertyValueSpecification\",\"valueRequired\":true,\"valueName\":\"search_term_string\"}}],\"inLanguage\":\"ro-RO\"},{\"@type\":\"Organization\",\"@id\":\"https:\\\/\\\/www.lovendal.ro\\\/wp52\\\/#organization\",\"name\":\"Secretele lui Lovendal\",\"url\":\"https:\\\/\\\/www.lovendal.ro\\\/wp52\\\/\",\"logo\":{\"@type\":\"ImageObject\",\"inLanguage\":\"ro-RO\",\"@id\":\"https:\\\/\\\/www.lovendal.ro\\\/wp52\\\/#\\\/schema\\\/logo\\\/image\\\/\",\"url\":\"https:\\\/\\\/www.lovendal.ro\\\/wp52\\\/wp-content\\\/uploads\\\/2024\\\/06\\\/cropped-SLL-iun-2024-1.jpg\",\"contentUrl\":\"https:\\\/\\\/www.lovendal.ro\\\/wp52\\\/wp-content\\\/uploads\\\/2024\\\/06\\\/cropped-SLL-iun-2024-1.jpg\",\"width\":771,\"height\":240,\"caption\":\"Secretele lui Lovendal\"},\"image\":{\"@id\":\"https:\\\/\\\/www.lovendal.ro\\\/wp52\\\/#\\\/schema\\\/logo\\\/image\\\/\"},\"sameAs\":[\"https:\\\/\\\/www.facebook.com\\\/secreteleluilovendal\"]},{\"@type\":\"Person\",\"@id\":\"https:\\\/\\\/www.lovendal.ro\\\/wp52\\\/#\\\/schema\\\/person\\\/088691de5dfc346bb0c023e1e52ef5d9\",\"name\":\"admin\",\"image\":{\"@type\":\"ImageObject\",\"inLanguage\":\"ro-RO\",\"@id\":\"https:\\\/\\\/secure.gravatar.com\\\/avatar\\\/ecb9cd41f5f63c9c9b989999a59f6e2639a865ec361e9db054db0679a8f341c2?s=96&d=mm&r=g\",\"url\":\"https:\\\/\\\/secure.gravatar.com\\\/avatar\\\/ecb9cd41f5f63c9c9b989999a59f6e2639a865ec361e9db054db0679a8f341c2?s=96&d=mm&r=g\",\"contentUrl\":\"https:\\\/\\\/secure.gravatar.com\\\/avatar\\\/ecb9cd41f5f63c9c9b989999a59f6e2639a865ec361e9db054db0679a8f341c2?s=96&d=mm&r=g\",\"caption\":\"admin\"},\"sameAs\":[\"https:\\\/\\\/www.lovendal.ro\\\/wp52\"]}]}<\/script>\n<!-- \/ Yoast SEO Premium plugin. -->","yoast_head_json":{"title":"A murit regele francez, Carol al IX-lea, datorit\u0103 vr\u0103jilor? - Secretele lui Lovendal","robots":{"index":"index","follow":"follow","max-snippet":"max-snippet:-1","max-image-preview":"max-image-preview:large","max-video-preview":"max-video-preview:-1"},"canonical":"https:\/\/www.lovendal.ro\/wp52\/a-murit-regele-francez-carol-al-ix-lea-datorita-vrajilor\/","og_locale":"ro_RO","og_type":"article","og_title":"A murit regele francez, Carol al IX-lea, datorit\u0103 vr\u0103jilor?","og_description":"Carol al IX-lea (1550-1574) a fost rege al Fran\u0163ei &#8222;\u00een timpul domniei c\u0103ruia s-a petrecut at\u00e2t de remarcabila noapte a Sf. Bartolomeu (1572 &#8211; c\u00e2nd au fost masacra\u0163i zeci de mii de protestan\u0163i&#8221;, dup\u0103 cum spune istoricul Boguet. Pentru c\u0103 ... Cititi mai multe","og_url":"https:\/\/www.lovendal.ro\/wp52\/a-murit-regele-francez-carol-al-ix-lea-datorita-vrajilor\/","og_site_name":"Secretele lui Lovendal","article_publisher":"https:\/\/www.facebook.com\/secreteleluilovendal","article_published_time":"2009-06-16T03:18:46+00:00","og_image":[{"width":328,"height":285,"url":"https:\/\/www.lovendal.ro\/wp52\/wp-content\/uploads\/2009\/06\/Charles-IX.jpg","type":"image\/jpeg"}],"author":"admin","twitter_card":"summary_large_image","twitter_misc":{"Scris de":"admin","Timp estimat pentru citire":"1 minut"},"schema":{"@context":"https:\/\/schema.org","@graph":[{"@type":"Article","@id":"https:\/\/www.lovendal.ro\/wp52\/a-murit-regele-francez-carol-al-ix-lea-datorita-vrajilor\/#article","isPartOf":{"@id":"https:\/\/www.lovendal.ro\/wp52\/a-murit-regele-francez-carol-al-ix-lea-datorita-vrajilor\/"},"author":{"name":"admin","@id":"https:\/\/www.lovendal.ro\/wp52\/#\/schema\/person\/088691de5dfc346bb0c023e1e52ef5d9"},"headline":"A murit regele francez, Carol al IX-lea, datorit\u0103 vr\u0103jilor?","datePublished":"2009-06-16T03:18:46+00:00","mainEntityOfPage":{"@id":"https:\/\/www.lovendal.ro\/wp52\/a-murit-regele-francez-carol-al-ix-lea-datorita-vrajilor\/"},"wordCount":285,"commentCount":0,"publisher":{"@id":"https:\/\/www.lovendal.ro\/wp52\/#organization"},"image":{"@id":"https:\/\/www.lovendal.ro\/wp52\/a-murit-regele-francez-carol-al-ix-lea-datorita-vrajilor\/#primaryimage"},"thumbnailUrl":"https:\/\/www.lovendal.ro\/wp52\/wp-content\/uploads\/2009\/06\/Charles-IX.jpg","keywords":["Carol al IX-lea","Fran\u0163a","Istorie si Civilizatii","moarte","vr\u0103ji"],"articleSection":["Istorie si Civilizatii"],"inLanguage":"ro-RO","potentialAction":[{"@type":"CommentAction","name":"Comment","target":["https:\/\/www.lovendal.ro\/wp52\/a-murit-regele-francez-carol-al-ix-lea-datorita-vrajilor\/#respond"]}]},{"@type":"WebPage","@id":"https:\/\/www.lovendal.ro\/wp52\/a-murit-regele-francez-carol-al-ix-lea-datorita-vrajilor\/","url":"https:\/\/www.lovendal.ro\/wp52\/a-murit-regele-francez-carol-al-ix-lea-datorita-vrajilor\/","name":"A murit regele francez, Carol al IX-lea, datorit\u0103 vr\u0103jilor? - Secretele lui Lovendal","isPartOf":{"@id":"https:\/\/www.lovendal.ro\/wp52\/#website"},"primaryImageOfPage":{"@id":"https:\/\/www.lovendal.ro\/wp52\/a-murit-regele-francez-carol-al-ix-lea-datorita-vrajilor\/#primaryimage"},"image":{"@id":"https:\/\/www.lovendal.ro\/wp52\/a-murit-regele-francez-carol-al-ix-lea-datorita-vrajilor\/#primaryimage"},"thumbnailUrl":"https:\/\/www.lovendal.ro\/wp52\/wp-content\/uploads\/2009\/06\/Charles-IX.jpg","datePublished":"2009-06-16T03:18:46+00:00","breadcrumb":{"@id":"https:\/\/www.lovendal.ro\/wp52\/a-murit-regele-francez-carol-al-ix-lea-datorita-vrajilor\/#breadcrumb"},"inLanguage":"ro-RO","potentialAction":[{"@type":"ReadAction","target":["https:\/\/www.lovendal.ro\/wp52\/a-murit-regele-francez-carol-al-ix-lea-datorita-vrajilor\/"]}]},{"@type":"ImageObject","inLanguage":"ro-RO","@id":"https:\/\/www.lovendal.ro\/wp52\/a-murit-regele-francez-carol-al-ix-lea-datorita-vrajilor\/#primaryimage","url":"https:\/\/www.lovendal.ro\/wp52\/wp-content\/uploads\/2009\/06\/Charles-IX.jpg","contentUrl":"https:\/\/www.lovendal.ro\/wp52\/wp-content\/uploads\/2009\/06\/Charles-IX.jpg","width":"328","height":"285"},{"@type":"BreadcrumbList","@id":"https:\/\/www.lovendal.ro\/wp52\/a-murit-regele-francez-carol-al-ix-lea-datorita-vrajilor\/#breadcrumb","itemListElement":[{"@type":"ListItem","position":1,"name":"Home","item":"https:\/\/www.lovendal.ro\/wp52\/"},{"@type":"ListItem","position":2,"name":"A murit regele francez, Carol al IX-lea, datorit\u0103 vr\u0103jilor?"}]},{"@type":"WebSite","@id":"https:\/\/www.lovendal.ro\/wp52\/#website","url":"https:\/\/www.lovendal.ro\/wp52\/","name":"Secretele lui Lovendal","description":"Site de secrete, stiinta si metafizica - din 2008 -","publisher":{"@id":"https:\/\/www.lovendal.ro\/wp52\/#organization"},"potentialAction":[{"@type":"SearchAction","target":{"@type":"EntryPoint","urlTemplate":"https:\/\/www.lovendal.ro\/wp52\/?s={search_term_string}"},"query-input":{"@type":"PropertyValueSpecification","valueRequired":true,"valueName":"search_term_string"}}],"inLanguage":"ro-RO"},{"@type":"Organization","@id":"https:\/\/www.lovendal.ro\/wp52\/#organization","name":"Secretele lui Lovendal","url":"https:\/\/www.lovendal.ro\/wp52\/","logo":{"@type":"ImageObject","inLanguage":"ro-RO","@id":"https:\/\/www.lovendal.ro\/wp52\/#\/schema\/logo\/image\/","url":"https:\/\/www.lovendal.ro\/wp52\/wp-content\/uploads\/2024\/06\/cropped-SLL-iun-2024-1.jpg","contentUrl":"https:\/\/www.lovendal.ro\/wp52\/wp-content\/uploads\/2024\/06\/cropped-SLL-iun-2024-1.jpg","width":771,"height":240,"caption":"Secretele lui Lovendal"},"image":{"@id":"https:\/\/www.lovendal.ro\/wp52\/#\/schema\/logo\/image\/"},"sameAs":["https:\/\/www.facebook.com\/secreteleluilovendal"]},{"@type":"Person","@id":"https:\/\/www.lovendal.ro\/wp52\/#\/schema\/person\/088691de5dfc346bb0c023e1e52ef5d9","name":"admin","image":{"@type":"ImageObject","inLanguage":"ro-RO","@id":"https:\/\/secure.gravatar.com\/avatar\/ecb9cd41f5f63c9c9b989999a59f6e2639a865ec361e9db054db0679a8f341c2?s=96&d=mm&r=g","url":"https:\/\/secure.gravatar.com\/avatar\/ecb9cd41f5f63c9c9b989999a59f6e2639a865ec361e9db054db0679a8f341c2?s=96&d=mm&r=g","contentUrl":"https:\/\/secure.gravatar.com\/avatar\/ecb9cd41f5f63c9c9b989999a59f6e2639a865ec361e9db054db0679a8f341c2?s=96&d=mm&r=g","caption":"admin"},"sameAs":["https:\/\/www.lovendal.ro\/wp52"]}]}},"_links":{"self":[{"href":"https:\/\/www.lovendal.ro\/wp52\/wp-json\/wp\/v2\/posts\/5663","targetHints":{"allow":["GET"]}}],"collection":[{"href":"https:\/\/www.lovendal.ro\/wp52\/wp-json\/wp\/v2\/posts"}],"about":[{"href":"https:\/\/www.lovendal.ro\/wp52\/wp-json\/wp\/v2\/types\/post"}],"author":[{"embeddable":true,"href":"https:\/\/www.lovendal.ro\/wp52\/wp-json\/wp\/v2\/users\/1"}],"replies":[{"embeddable":true,"href":"https:\/\/www.lovendal.ro\/wp52\/wp-json\/wp\/v2\/comments?post=5663"}],"version-history":[{"count":0,"href":"https:\/\/www.lovendal.ro\/wp52\/wp-json\/wp\/v2\/posts\/5663\/revisions"}],"wp:featuredmedia":[{"embeddable":true,"href":"https:\/\/www.lovendal.ro\/wp52\/wp-json\/wp\/v2\/media\/5664"}],"wp:attachment":[{"href":"https:\/\/www.lovendal.ro\/wp52\/wp-json\/wp\/v2\/media?parent=5663"}],"wp:term":[{"taxonomy":"category","embeddable":true,"href":"https:\/\/www.lovendal.ro\/wp52\/wp-json\/wp\/v2\/categories?post=5663"},{"taxonomy":"post_tag","embeddable":true,"href":"https:\/\/www.lovendal.ro\/wp52\/wp-json\/wp\/v2\/tags?post=5663"}],"curies":[{"name":"wp","href":"https:\/\/api.w.org\/{rel}","templated":true}]}}