{"id":56281,"date":"2018-05-25T17:13:05","date_gmt":"2018-05-25T14:13:05","guid":{"rendered":"http:\/\/www.lovendal.ro\/wp52\/?p=56281"},"modified":"2018-05-25T17:13:05","modified_gmt":"2018-05-25T14:13:05","slug":"viermi-uriasi-au-invadat-franta-specialistilor-nu-le-vine-crede","status":"publish","type":"post","link":"https:\/\/www.lovendal.ro\/wp52\/viermi-uriasi-au-invadat-franta-specialistilor-nu-le-vine-crede\/","title":{"rendered":"Viermi uria\u015fi au invadat Fran\u0163a&#8230; speciali\u015ftilor nu le vine a crede!"},"content":{"rendered":"<p><a href=\"https:\/\/www.lovendal.ro\/wp52\/wp-content\/uploads\/2018\/05\/vierme-mare.jpg\"><img loading=\"lazy\" decoding=\"async\" class=\"alignleft size-full wp-image-56283\" src=\"https:\/\/www.lovendal.ro\/wp52\/wp-content\/uploads\/2018\/05\/vierme-mare.jpg\" alt=\"\" width=\"334\" height=\"224\" srcset=\"https:\/\/www.lovendal.ro\/wp52\/wp-content\/uploads\/2018\/05\/vierme-mare.jpg 334w, https:\/\/www.lovendal.ro\/wp52\/wp-content\/uploads\/2018\/05\/vierme-mare-300x201.jpg 300w, https:\/\/www.lovendal.ro\/wp52\/wp-content\/uploads\/2018\/05\/vierme-mare-263x175.jpg 263w, https:\/\/www.lovendal.ro\/wp52\/wp-content\/uploads\/2018\/05\/vierme-mare-20x13.jpg 20w\" sizes=\"auto, (max-width: 334px) 100vw, 334px\" \/><\/a>Oamenii de \u015ftiin\u0163\u0103 au avertizat c\u0103 viermi imen\u015fi de p\u00e2n\u0103 la 40 cm lungime au invadat gr\u0103dinile franceze. Animalele nevertebrate exotice pr\u0103d\u0103toare, care au reu\u0219it aproape s\u0103 fie complet nedetectate ani de zile, se crede c\u0103 provin din Asia, din plantele tropicale.<\/p>\n<p>Una dintre primele dovezi a fost o fotografie a unui vierme lung, care a fost f\u0103cut\u0103 de naturalistul Pierre Gros. <em>&#8222;Aceast\u0103 fotografie a fost trimis\u0103 din e-mail \u00een e-mail \u0219i, \u00een cele din urm\u0103, a ajuns la mine&#8221;<\/em>, a spus profesorul zoologist Jean-Lou Justine de la Muzeul Na\u021bional de Istorie Natural\u0103 din Fran\u021ba. <em>&#8222;M-am uitat la ea \u0219i am spus: &#8222;Ei bine, acest lucru nu este posibil &#8211; nu avem acest animal \u00een Fran\u021ba&#8221;<\/em>.<\/p>\n<p>Ini\u021bial, specialistul a respins imaginea, consider\u00e2nd-o a fi o fars\u0103; \u00eens\u0103, el a \u00eenceput s\u0103 primeasc\u0103 fotografii ale mai multor alte specii de viermi care au fost descoperite \u00een aceea\u0219i gr\u0103din\u0103 mic\u0103.<\/p>\n<p><em>&#8222;Ceea ce \u015ftim acum este c\u0103 exista viermi de genul acesta, aproape peste tot \u00een toat\u0103 Fran\u0163a&#8221;<\/em>, a spus el. <em>&#8222;Sunt \u00eenc\u0103 uimit &#8211; nu \u00een\u021beleg cum este posibil acest lucru \u00eentr-o \u021bar\u0103 dezvoltat\u0103&#8221;.<\/em><\/p>\n<p><em><strong>Sursa (traducerea \u015fi adaptarea proprie):<\/strong><\/em> <a href=\"https:\/\/www.independent.co.uk\/environment\/giant-worms-france-invade-hammerhead-flatworms-threat-wildlife-a8363646.html\" target=\"_blank\" rel=\"noopener\"><strong>The Independent<\/strong><\/a><\/p>\n","protected":false},"excerpt":{"rendered":"<p>Oamenii de \u015ftiin\u0163\u0103 au avertizat c\u0103 viermi imen\u015fi de p\u00e2n\u0103 la 40 cm lungime au invadat gr\u0103dinile franceze. Animalele nevertebrate exotice pr\u0103d\u0103toare, care au reu\u0219it aproape s\u0103 fie complet nedetectate ani de zile, se crede c\u0103 provin din Asia, din &#8230; <\/p>\n<p class=\"read-more-container\"><a title=\"Viermi uria\u015fi au invadat Fran\u0163a&#8230; speciali\u015ftilor nu le vine a crede!\" class=\"read-more button\" href=\"https:\/\/www.lovendal.ro\/wp52\/viermi-uriasi-au-invadat-franta-specialistilor-nu-le-vine-crede\/#more-56281\" aria-label=\"Cite\u0219te mai multe despre Viermi uria\u015fi au invadat Fran\u0163a&#8230; speciali\u015ftilor nu le vine a crede!\">Cititi mai multe<\/a><\/p>\n","protected":false},"author":1,"featured_media":56283,"comment_status":"open","ping_status":"closed","sticky":false,"template":"","format":"standard","meta":{"footnotes":""},"categories":[54,2833],"tags":[2270,3613,15,202,2781,268,9800,6045,1384],"class_list":["post-56281","post","type-post","status-publish","format-standard","has-post-thumbnail","hentry","category-natura-animale","category-noutati","tag-asia","tag-email","tag-fotografie","tag-franta","tag-gradina","tag-muzeu","tag-natura-animale","tag-plante","tag-vierme","resize-featured-image"],"yoast_head":"<!-- This site is optimized with the Yoast SEO Premium plugin v23.3 (Yoast SEO v27.4) - https:\/\/yoast.com\/product\/yoast-seo-premium-wordpress\/ -->\n<title>Viermi uria\u015fi au invadat Fran\u0163a... speciali\u015ftilor nu le vine a crede! - Secretele lui Lovendal<\/title>\n<meta name=\"robots\" content=\"index, follow, max-snippet:-1, max-image-preview:large, max-video-preview:-1\" \/>\n<link rel=\"canonical\" href=\"https:\/\/www.lovendal.ro\/wp52\/viermi-uriasi-au-invadat-franta-specialistilor-nu-le-vine-crede\/\" \/>\n<meta property=\"og:locale\" content=\"ro_RO\" \/>\n<meta property=\"og:type\" content=\"article\" \/>\n<meta property=\"og:title\" content=\"Viermi uria\u015fi au invadat Fran\u0163a... speciali\u015ftilor nu le vine a crede!\" \/>\n<meta property=\"og:description\" content=\"Oamenii de \u015ftiin\u0163\u0103 au avertizat c\u0103 viermi imen\u015fi de p\u00e2n\u0103 la 40 cm lungime au invadat gr\u0103dinile franceze. Animalele nevertebrate exotice pr\u0103d\u0103toare, care au reu\u0219it aproape s\u0103 fie complet nedetectate ani de zile, se crede c\u0103 provin din Asia, din ... Cititi mai multe\" \/>\n<meta property=\"og:url\" content=\"https:\/\/www.lovendal.ro\/wp52\/viermi-uriasi-au-invadat-franta-specialistilor-nu-le-vine-crede\/\" \/>\n<meta property=\"og:site_name\" content=\"Secretele lui Lovendal\" \/>\n<meta property=\"article:publisher\" content=\"https:\/\/www.facebook.com\/secreteleluilovendal\" \/>\n<meta property=\"article:published_time\" content=\"2018-05-25T14:13:05+00:00\" \/>\n<meta property=\"og:image\" content=\"https:\/\/www.lovendal.ro\/wp52\/wp-content\/uploads\/2018\/05\/vierme-mare.jpg\" \/>\n\t<meta property=\"og:image:width\" content=\"334\" \/>\n\t<meta property=\"og:image:height\" content=\"224\" \/>\n\t<meta property=\"og:image:type\" content=\"image\/jpeg\" \/>\n<meta name=\"author\" content=\"admin\" \/>\n<meta name=\"twitter:card\" content=\"summary_large_image\" \/>\n<meta name=\"twitter:label1\" content=\"Scris de\" \/>\n\t<meta name=\"twitter:data1\" content=\"admin\" \/>\n\t<meta name=\"twitter:label2\" content=\"Timp estimat pentru citire\" \/>\n\t<meta name=\"twitter:data2\" content=\"1 minut\" \/>\n<script type=\"application\/ld+json\" class=\"yoast-schema-graph\">{\"@context\":\"https:\\\/\\\/schema.org\",\"@graph\":[{\"@type\":\"Article\",\"@id\":\"https:\\\/\\\/www.lovendal.ro\\\/wp52\\\/viermi-uriasi-au-invadat-franta-specialistilor-nu-le-vine-crede\\\/#article\",\"isPartOf\":{\"@id\":\"https:\\\/\\\/www.lovendal.ro\\\/wp52\\\/viermi-uriasi-au-invadat-franta-specialistilor-nu-le-vine-crede\\\/\"},\"author\":{\"name\":\"admin\",\"@id\":\"https:\\\/\\\/www.lovendal.ro\\\/wp52\\\/#\\\/schema\\\/person\\\/088691de5dfc346bb0c023e1e52ef5d9\"},\"headline\":\"Viermi uria\u015fi au invadat Fran\u0163a&#8230; speciali\u015ftilor nu le vine a crede!\",\"datePublished\":\"2018-05-25T14:13:05+00:00\",\"mainEntityOfPage\":{\"@id\":\"https:\\\/\\\/www.lovendal.ro\\\/wp52\\\/viermi-uriasi-au-invadat-franta-specialistilor-nu-le-vine-crede\\\/\"},\"wordCount\":218,\"commentCount\":1,\"publisher\":{\"@id\":\"https:\\\/\\\/www.lovendal.ro\\\/wp52\\\/#organization\"},\"image\":{\"@id\":\"https:\\\/\\\/www.lovendal.ro\\\/wp52\\\/viermi-uriasi-au-invadat-franta-specialistilor-nu-le-vine-crede\\\/#primaryimage\"},\"thumbnailUrl\":\"https:\\\/\\\/www.lovendal.ro\\\/wp52\\\/wp-content\\\/uploads\\\/2018\\\/05\\\/vierme-mare.jpg\",\"keywords\":[\"Asia\",\"email\",\"fotografie\",\"Fran\u0163a\",\"gr\u0103din\u0103\",\"muzeu\",\"Natura-Animale\",\"plante\",\"vierme\"],\"articleSection\":[\"Natura-Animale\",\"Noutati\"],\"inLanguage\":\"ro-RO\",\"potentialAction\":[{\"@type\":\"CommentAction\",\"name\":\"Comment\",\"target\":[\"https:\\\/\\\/www.lovendal.ro\\\/wp52\\\/viermi-uriasi-au-invadat-franta-specialistilor-nu-le-vine-crede\\\/#respond\"]}]},{\"@type\":\"WebPage\",\"@id\":\"https:\\\/\\\/www.lovendal.ro\\\/wp52\\\/viermi-uriasi-au-invadat-franta-specialistilor-nu-le-vine-crede\\\/\",\"url\":\"https:\\\/\\\/www.lovendal.ro\\\/wp52\\\/viermi-uriasi-au-invadat-franta-specialistilor-nu-le-vine-crede\\\/\",\"name\":\"Viermi uria\u015fi au invadat Fran\u0163a... speciali\u015ftilor nu le vine a crede! - Secretele lui Lovendal\",\"isPartOf\":{\"@id\":\"https:\\\/\\\/www.lovendal.ro\\\/wp52\\\/#website\"},\"primaryImageOfPage\":{\"@id\":\"https:\\\/\\\/www.lovendal.ro\\\/wp52\\\/viermi-uriasi-au-invadat-franta-specialistilor-nu-le-vine-crede\\\/#primaryimage\"},\"image\":{\"@id\":\"https:\\\/\\\/www.lovendal.ro\\\/wp52\\\/viermi-uriasi-au-invadat-franta-specialistilor-nu-le-vine-crede\\\/#primaryimage\"},\"thumbnailUrl\":\"https:\\\/\\\/www.lovendal.ro\\\/wp52\\\/wp-content\\\/uploads\\\/2018\\\/05\\\/vierme-mare.jpg\",\"datePublished\":\"2018-05-25T14:13:05+00:00\",\"breadcrumb\":{\"@id\":\"https:\\\/\\\/www.lovendal.ro\\\/wp52\\\/viermi-uriasi-au-invadat-franta-specialistilor-nu-le-vine-crede\\\/#breadcrumb\"},\"inLanguage\":\"ro-RO\",\"potentialAction\":[{\"@type\":\"ReadAction\",\"target\":[\"https:\\\/\\\/www.lovendal.ro\\\/wp52\\\/viermi-uriasi-au-invadat-franta-specialistilor-nu-le-vine-crede\\\/\"]}]},{\"@type\":\"ImageObject\",\"inLanguage\":\"ro-RO\",\"@id\":\"https:\\\/\\\/www.lovendal.ro\\\/wp52\\\/viermi-uriasi-au-invadat-franta-specialistilor-nu-le-vine-crede\\\/#primaryimage\",\"url\":\"https:\\\/\\\/www.lovendal.ro\\\/wp52\\\/wp-content\\\/uploads\\\/2018\\\/05\\\/vierme-mare.jpg\",\"contentUrl\":\"https:\\\/\\\/www.lovendal.ro\\\/wp52\\\/wp-content\\\/uploads\\\/2018\\\/05\\\/vierme-mare.jpg\",\"width\":334,\"height\":224},{\"@type\":\"BreadcrumbList\",\"@id\":\"https:\\\/\\\/www.lovendal.ro\\\/wp52\\\/viermi-uriasi-au-invadat-franta-specialistilor-nu-le-vine-crede\\\/#breadcrumb\",\"itemListElement\":[{\"@type\":\"ListItem\",\"position\":1,\"name\":\"Home\",\"item\":\"https:\\\/\\\/www.lovendal.ro\\\/wp52\\\/\"},{\"@type\":\"ListItem\",\"position\":2,\"name\":\"Viermi uria\u015fi au invadat Fran\u0163a&#8230; speciali\u015ftilor nu le vine a crede!\"}]},{\"@type\":\"WebSite\",\"@id\":\"https:\\\/\\\/www.lovendal.ro\\\/wp52\\\/#website\",\"url\":\"https:\\\/\\\/www.lovendal.ro\\\/wp52\\\/\",\"name\":\"Secretele lui Lovendal\",\"description\":\"Site de secrete, stiinta si metafizica - din 2008 -\",\"publisher\":{\"@id\":\"https:\\\/\\\/www.lovendal.ro\\\/wp52\\\/#organization\"},\"potentialAction\":[{\"@type\":\"SearchAction\",\"target\":{\"@type\":\"EntryPoint\",\"urlTemplate\":\"https:\\\/\\\/www.lovendal.ro\\\/wp52\\\/?s={search_term_string}\"},\"query-input\":{\"@type\":\"PropertyValueSpecification\",\"valueRequired\":true,\"valueName\":\"search_term_string\"}}],\"inLanguage\":\"ro-RO\"},{\"@type\":\"Organization\",\"@id\":\"https:\\\/\\\/www.lovendal.ro\\\/wp52\\\/#organization\",\"name\":\"Secretele lui Lovendal\",\"url\":\"https:\\\/\\\/www.lovendal.ro\\\/wp52\\\/\",\"logo\":{\"@type\":\"ImageObject\",\"inLanguage\":\"ro-RO\",\"@id\":\"https:\\\/\\\/www.lovendal.ro\\\/wp52\\\/#\\\/schema\\\/logo\\\/image\\\/\",\"url\":\"https:\\\/\\\/www.lovendal.ro\\\/wp52\\\/wp-content\\\/uploads\\\/2024\\\/06\\\/cropped-SLL-iun-2024-1.jpg\",\"contentUrl\":\"https:\\\/\\\/www.lovendal.ro\\\/wp52\\\/wp-content\\\/uploads\\\/2024\\\/06\\\/cropped-SLL-iun-2024-1.jpg\",\"width\":771,\"height\":240,\"caption\":\"Secretele lui Lovendal\"},\"image\":{\"@id\":\"https:\\\/\\\/www.lovendal.ro\\\/wp52\\\/#\\\/schema\\\/logo\\\/image\\\/\"},\"sameAs\":[\"https:\\\/\\\/www.facebook.com\\\/secreteleluilovendal\"]},{\"@type\":\"Person\",\"@id\":\"https:\\\/\\\/www.lovendal.ro\\\/wp52\\\/#\\\/schema\\\/person\\\/088691de5dfc346bb0c023e1e52ef5d9\",\"name\":\"admin\",\"image\":{\"@type\":\"ImageObject\",\"inLanguage\":\"ro-RO\",\"@id\":\"https:\\\/\\\/secure.gravatar.com\\\/avatar\\\/ecb9cd41f5f63c9c9b989999a59f6e2639a865ec361e9db054db0679a8f341c2?s=96&d=mm&r=g\",\"url\":\"https:\\\/\\\/secure.gravatar.com\\\/avatar\\\/ecb9cd41f5f63c9c9b989999a59f6e2639a865ec361e9db054db0679a8f341c2?s=96&d=mm&r=g\",\"contentUrl\":\"https:\\\/\\\/secure.gravatar.com\\\/avatar\\\/ecb9cd41f5f63c9c9b989999a59f6e2639a865ec361e9db054db0679a8f341c2?s=96&d=mm&r=g\",\"caption\":\"admin\"},\"sameAs\":[\"https:\\\/\\\/www.lovendal.ro\\\/wp52\"]}]}<\/script>\n<!-- \/ Yoast SEO Premium plugin. -->","yoast_head_json":{"title":"Viermi uria\u015fi au invadat Fran\u0163a... speciali\u015ftilor nu le vine a crede! - Secretele lui Lovendal","robots":{"index":"index","follow":"follow","max-snippet":"max-snippet:-1","max-image-preview":"max-image-preview:large","max-video-preview":"max-video-preview:-1"},"canonical":"https:\/\/www.lovendal.ro\/wp52\/viermi-uriasi-au-invadat-franta-specialistilor-nu-le-vine-crede\/","og_locale":"ro_RO","og_type":"article","og_title":"Viermi uria\u015fi au invadat Fran\u0163a... speciali\u015ftilor nu le vine a crede!","og_description":"Oamenii de \u015ftiin\u0163\u0103 au avertizat c\u0103 viermi imen\u015fi de p\u00e2n\u0103 la 40 cm lungime au invadat gr\u0103dinile franceze. Animalele nevertebrate exotice pr\u0103d\u0103toare, care au reu\u0219it aproape s\u0103 fie complet nedetectate ani de zile, se crede c\u0103 provin din Asia, din ... Cititi mai multe","og_url":"https:\/\/www.lovendal.ro\/wp52\/viermi-uriasi-au-invadat-franta-specialistilor-nu-le-vine-crede\/","og_site_name":"Secretele lui Lovendal","article_publisher":"https:\/\/www.facebook.com\/secreteleluilovendal","article_published_time":"2018-05-25T14:13:05+00:00","og_image":[{"width":334,"height":224,"url":"https:\/\/www.lovendal.ro\/wp52\/wp-content\/uploads\/2018\/05\/vierme-mare.jpg","type":"image\/jpeg"}],"author":"admin","twitter_card":"summary_large_image","twitter_misc":{"Scris de":"admin","Timp estimat pentru citire":"1 minut"},"schema":{"@context":"https:\/\/schema.org","@graph":[{"@type":"Article","@id":"https:\/\/www.lovendal.ro\/wp52\/viermi-uriasi-au-invadat-franta-specialistilor-nu-le-vine-crede\/#article","isPartOf":{"@id":"https:\/\/www.lovendal.ro\/wp52\/viermi-uriasi-au-invadat-franta-specialistilor-nu-le-vine-crede\/"},"author":{"name":"admin","@id":"https:\/\/www.lovendal.ro\/wp52\/#\/schema\/person\/088691de5dfc346bb0c023e1e52ef5d9"},"headline":"Viermi uria\u015fi au invadat Fran\u0163a&#8230; speciali\u015ftilor nu le vine a crede!","datePublished":"2018-05-25T14:13:05+00:00","mainEntityOfPage":{"@id":"https:\/\/www.lovendal.ro\/wp52\/viermi-uriasi-au-invadat-franta-specialistilor-nu-le-vine-crede\/"},"wordCount":218,"commentCount":1,"publisher":{"@id":"https:\/\/www.lovendal.ro\/wp52\/#organization"},"image":{"@id":"https:\/\/www.lovendal.ro\/wp52\/viermi-uriasi-au-invadat-franta-specialistilor-nu-le-vine-crede\/#primaryimage"},"thumbnailUrl":"https:\/\/www.lovendal.ro\/wp52\/wp-content\/uploads\/2018\/05\/vierme-mare.jpg","keywords":["Asia","email","fotografie","Fran\u0163a","gr\u0103din\u0103","muzeu","Natura-Animale","plante","vierme"],"articleSection":["Natura-Animale","Noutati"],"inLanguage":"ro-RO","potentialAction":[{"@type":"CommentAction","name":"Comment","target":["https:\/\/www.lovendal.ro\/wp52\/viermi-uriasi-au-invadat-franta-specialistilor-nu-le-vine-crede\/#respond"]}]},{"@type":"WebPage","@id":"https:\/\/www.lovendal.ro\/wp52\/viermi-uriasi-au-invadat-franta-specialistilor-nu-le-vine-crede\/","url":"https:\/\/www.lovendal.ro\/wp52\/viermi-uriasi-au-invadat-franta-specialistilor-nu-le-vine-crede\/","name":"Viermi uria\u015fi au invadat Fran\u0163a... speciali\u015ftilor nu le vine a crede! - Secretele lui Lovendal","isPartOf":{"@id":"https:\/\/www.lovendal.ro\/wp52\/#website"},"primaryImageOfPage":{"@id":"https:\/\/www.lovendal.ro\/wp52\/viermi-uriasi-au-invadat-franta-specialistilor-nu-le-vine-crede\/#primaryimage"},"image":{"@id":"https:\/\/www.lovendal.ro\/wp52\/viermi-uriasi-au-invadat-franta-specialistilor-nu-le-vine-crede\/#primaryimage"},"thumbnailUrl":"https:\/\/www.lovendal.ro\/wp52\/wp-content\/uploads\/2018\/05\/vierme-mare.jpg","datePublished":"2018-05-25T14:13:05+00:00","breadcrumb":{"@id":"https:\/\/www.lovendal.ro\/wp52\/viermi-uriasi-au-invadat-franta-specialistilor-nu-le-vine-crede\/#breadcrumb"},"inLanguage":"ro-RO","potentialAction":[{"@type":"ReadAction","target":["https:\/\/www.lovendal.ro\/wp52\/viermi-uriasi-au-invadat-franta-specialistilor-nu-le-vine-crede\/"]}]},{"@type":"ImageObject","inLanguage":"ro-RO","@id":"https:\/\/www.lovendal.ro\/wp52\/viermi-uriasi-au-invadat-franta-specialistilor-nu-le-vine-crede\/#primaryimage","url":"https:\/\/www.lovendal.ro\/wp52\/wp-content\/uploads\/2018\/05\/vierme-mare.jpg","contentUrl":"https:\/\/www.lovendal.ro\/wp52\/wp-content\/uploads\/2018\/05\/vierme-mare.jpg","width":334,"height":224},{"@type":"BreadcrumbList","@id":"https:\/\/www.lovendal.ro\/wp52\/viermi-uriasi-au-invadat-franta-specialistilor-nu-le-vine-crede\/#breadcrumb","itemListElement":[{"@type":"ListItem","position":1,"name":"Home","item":"https:\/\/www.lovendal.ro\/wp52\/"},{"@type":"ListItem","position":2,"name":"Viermi uria\u015fi au invadat Fran\u0163a&#8230; speciali\u015ftilor nu le vine a crede!"}]},{"@type":"WebSite","@id":"https:\/\/www.lovendal.ro\/wp52\/#website","url":"https:\/\/www.lovendal.ro\/wp52\/","name":"Secretele lui Lovendal","description":"Site de secrete, stiinta si metafizica - din 2008 -","publisher":{"@id":"https:\/\/www.lovendal.ro\/wp52\/#organization"},"potentialAction":[{"@type":"SearchAction","target":{"@type":"EntryPoint","urlTemplate":"https:\/\/www.lovendal.ro\/wp52\/?s={search_term_string}"},"query-input":{"@type":"PropertyValueSpecification","valueRequired":true,"valueName":"search_term_string"}}],"inLanguage":"ro-RO"},{"@type":"Organization","@id":"https:\/\/www.lovendal.ro\/wp52\/#organization","name":"Secretele lui Lovendal","url":"https:\/\/www.lovendal.ro\/wp52\/","logo":{"@type":"ImageObject","inLanguage":"ro-RO","@id":"https:\/\/www.lovendal.ro\/wp52\/#\/schema\/logo\/image\/","url":"https:\/\/www.lovendal.ro\/wp52\/wp-content\/uploads\/2024\/06\/cropped-SLL-iun-2024-1.jpg","contentUrl":"https:\/\/www.lovendal.ro\/wp52\/wp-content\/uploads\/2024\/06\/cropped-SLL-iun-2024-1.jpg","width":771,"height":240,"caption":"Secretele lui Lovendal"},"image":{"@id":"https:\/\/www.lovendal.ro\/wp52\/#\/schema\/logo\/image\/"},"sameAs":["https:\/\/www.facebook.com\/secreteleluilovendal"]},{"@type":"Person","@id":"https:\/\/www.lovendal.ro\/wp52\/#\/schema\/person\/088691de5dfc346bb0c023e1e52ef5d9","name":"admin","image":{"@type":"ImageObject","inLanguage":"ro-RO","@id":"https:\/\/secure.gravatar.com\/avatar\/ecb9cd41f5f63c9c9b989999a59f6e2639a865ec361e9db054db0679a8f341c2?s=96&d=mm&r=g","url":"https:\/\/secure.gravatar.com\/avatar\/ecb9cd41f5f63c9c9b989999a59f6e2639a865ec361e9db054db0679a8f341c2?s=96&d=mm&r=g","contentUrl":"https:\/\/secure.gravatar.com\/avatar\/ecb9cd41f5f63c9c9b989999a59f6e2639a865ec361e9db054db0679a8f341c2?s=96&d=mm&r=g","caption":"admin"},"sameAs":["https:\/\/www.lovendal.ro\/wp52"]}]}},"_links":{"self":[{"href":"https:\/\/www.lovendal.ro\/wp52\/wp-json\/wp\/v2\/posts\/56281","targetHints":{"allow":["GET"]}}],"collection":[{"href":"https:\/\/www.lovendal.ro\/wp52\/wp-json\/wp\/v2\/posts"}],"about":[{"href":"https:\/\/www.lovendal.ro\/wp52\/wp-json\/wp\/v2\/types\/post"}],"author":[{"embeddable":true,"href":"https:\/\/www.lovendal.ro\/wp52\/wp-json\/wp\/v2\/users\/1"}],"replies":[{"embeddable":true,"href":"https:\/\/www.lovendal.ro\/wp52\/wp-json\/wp\/v2\/comments?post=56281"}],"version-history":[{"count":0,"href":"https:\/\/www.lovendal.ro\/wp52\/wp-json\/wp\/v2\/posts\/56281\/revisions"}],"wp:featuredmedia":[{"embeddable":true,"href":"https:\/\/www.lovendal.ro\/wp52\/wp-json\/wp\/v2\/media\/56283"}],"wp:attachment":[{"href":"https:\/\/www.lovendal.ro\/wp52\/wp-json\/wp\/v2\/media?parent=56281"}],"wp:term":[{"taxonomy":"category","embeddable":true,"href":"https:\/\/www.lovendal.ro\/wp52\/wp-json\/wp\/v2\/categories?post=56281"},{"taxonomy":"post_tag","embeddable":true,"href":"https:\/\/www.lovendal.ro\/wp52\/wp-json\/wp\/v2\/tags?post=56281"}],"curies":[{"name":"wp","href":"https:\/\/api.w.org\/{rel}","templated":true}]}}