{"id":56105,"date":"2018-05-19T08:55:52","date_gmt":"2018-05-19T06:55:52","guid":{"rendered":"http:\/\/www.lovendal.ro\/wp52\/?p=56105"},"modified":"2019-01-19T18:11:46","modified_gmt":"2019-01-19T16:11:46","slug":"cele-mai-ciudate-9-morti-ale-regilor-frantei","status":"publish","type":"post","link":"https:\/\/www.lovendal.ro\/wp52\/cele-mai-ciudate-9-morti-ale-regilor-frantei\/","title":{"rendered":"Cele mai ciudate 9 mor\u0163i ale regilor Fran\u0163ei"},"content":{"rendered":"<p><a href=\"https:\/\/www.lovendal.ro\/wp52\/wp-content\/uploads\/2018\/05\/rege-al-Frantei.jpg\"><img loading=\"lazy\" decoding=\"async\" class=\"alignleft size-full wp-image-56107\" src=\"https:\/\/www.lovendal.ro\/wp52\/wp-content\/uploads\/2018\/05\/rege-al-Frantei.jpg\" alt=\"\" width=\"337\" height=\"246\" srcset=\"https:\/\/www.lovendal.ro\/wp52\/wp-content\/uploads\/2018\/05\/rege-al-Frantei.jpg 337w, https:\/\/www.lovendal.ro\/wp52\/wp-content\/uploads\/2018\/05\/rege-al-Frantei-300x219.jpg 300w, https:\/\/www.lovendal.ro\/wp52\/wp-content\/uploads\/2018\/05\/rege-al-Frantei-220x162.jpg 220w\" sizes=\"auto, (max-width: 337px) 100vw, 337px\" \/><\/a>Regii Fran\u0163ei au avut o via\u0163\u0103 foarte tumultoas\u0103, \u015fi ei sunt printre cei mai cunoscu\u0163i regi din lume. Au atras aten\u0163ia prin extravagan\u0163ele lor \u015fi prin controversele care le-au st\u00e2rnit \u00een jurul persoanelor lor. Poate cel mai cunoscut rege francez din toat\u0103 lumea este celebrul Ludovic al XIV-lea, cel care a spus \u201cStatul sunt eu\u201d. S\u0103 vedem \u00eempreun\u0103 un top al celor mai neobi\u015fnuite mor\u0163i ale regilor francezi.<\/p>\n<p><strong>1) Ludovic I cel Pios (778-840) \u2013 mort de inani\u0163ie \u015fi sup\u0103rare<\/strong><\/p>\n<p><a href=\"https:\/\/www.lovendal.ro\/wp52\/wp-content\/uploads\/2010\/01\/ludovic-i-cel-pios.jpg\"><img loading=\"lazy\" decoding=\"async\" class=\"aligncenter size-full wp-image-858\" title=\"ludovic-i-cel-pios\" src=\"https:\/\/www.lovendal.ro\/wp52\/wp-content\/uploads\/2010\/01\/ludovic-i-cel-pios.jpg\" alt=\"ludovic-i-cel-pios\" width=\"150\" height=\"214\" \/><\/a><\/p>\n<p>\u00cen afar\u0103 de rege al Aquitanei (o provincie mare din Fran\u0163a), Ludovic I a fost \u015fi Sf. \u00eemp\u0103rat Romano-German. El a murit pe 2 iunie 840, \u00een prezen\u0163a fratelui s\u0103u, Drogo \u015fi a mai multor clerici. Se spune c\u0103 ar fi murit datorit\u0103 inani\u0163iei \u015fi sup\u0103r\u0103rii.<\/p>\n<p><strong>2) Ludovic al III-lea (863-882) \u2013 mort pentru c\u0103 s-a lovit cu capul de tocul unei u\u015fi<\/strong><\/p>\n<p><a href=\"https:\/\/www.lovendal.ro\/wp52\/wp-content\/uploads\/2010\/01\/ludovic-iii.jpg\"><img loading=\"lazy\" decoding=\"async\" class=\"aligncenter size-full wp-image-859\" title=\"ludovic-iii\" src=\"https:\/\/www.lovendal.ro\/wp52\/wp-content\/uploads\/2010\/01\/ludovic-iii.jpg\" alt=\"ludovic-iii\" width=\"104\" height=\"132\" \/><\/a><\/p>\n<p>Regele se \u00eendr\u0103gostise de fiica unuia din supu\u015fii s\u0103i, pe nume Germond. \u00eentr-o zi, c\u00e2nd se plimba c\u0103lare, o v\u0103zu \u015fi \u00eencepu s-o urm\u0103reasc\u0103. Speriat\u0103, fata o lu\u0103 la fug\u0103 \u015fi se ascunse \u00een casa tat\u0103lui ei; regele nu se l\u0103s\u0103 \u015fi vru s\u0103 intre dup\u0103 ea, f\u0103r\u0103 s\u0103 coboare \u00eens\u0103 de pe cal. U\u015fa fiind joas\u0103 \u015fi str\u00e2mt\u0103, calul trecu, dar regele nu se aplec\u0103 destul de mult \u015fi se lovi cu capul de toc. \u00cen dou\u0103 zile muri.<\/p>\n<p><strong>3) Carloman al II-lea (866-884) \u2013 mort la v\u00e2n\u0103toare<br \/>\n<\/strong><\/p>\n<p><a href=\"https:\/\/www.lovendal.ro\/wp52\/wp-content\/uploads\/2010\/01\/carloman-ii.jpg\"><img loading=\"lazy\" decoding=\"async\" class=\"aligncenter size-full wp-image-860\" title=\"carloman-ii\" src=\"https:\/\/www.lovendal.ro\/wp52\/wp-content\/uploads\/2010\/01\/carloman-ii.jpg\" alt=\"carloman-ii\" width=\"153\" height=\"212\" \/><\/a><\/p>\n<p>Devenit rege dup\u0103 moartea fratelui s\u0103u, Louis III, Carloman II \u00ee\u015fi g\u0103si sf\u00e2r\u015fitul tot \u00eentr-un mod accidental, la v\u00e2n\u0103toare, pe 12 decembrie 884.<\/p>\n<p><strong>4) Eudes I (Odo) (860-898) \u2013 mort de manie acut\u0103<\/strong><\/p>\n<p><a href=\"https:\/\/www.lovendal.ro\/wp52\/wp-content\/uploads\/2010\/01\/eudes-i.jpg\"><img loading=\"lazy\" decoding=\"async\" class=\"aligncenter size-full wp-image-861\" title=\"eudes-i\" src=\"https:\/\/www.lovendal.ro\/wp52\/wp-content\/uploads\/2010\/01\/eudes-i.jpg\" alt=\"eudes-i\" width=\"180\" height=\"197\" \/><\/a><\/p>\n<p>Devenit rege al Fran\u0163ei de Vest \u00een 888, Odo \u015fi-a dat duhul pe 8 februarie 898, datorit\u0103 unei crize de manii acute.<\/p>\n<p><strong>5) Ludovic al IV-lea (920-954) \u2013 accident de c\u0103l\u0103rie<\/strong><\/p>\n<p><a href=\"https:\/\/www.lovendal.ro\/wp52\/wp-content\/uploads\/2010\/01\/louis-iv.jpg\"><img loading=\"lazy\" decoding=\"async\" class=\"aligncenter size-full wp-image-862\" title=\"louis-iv\" src=\"https:\/\/www.lovendal.ro\/wp52\/wp-content\/uploads\/2010\/01\/louis-iv.jpg\" alt=\"louis-iv\" width=\"158\" height=\"184\" \/><\/a><\/p>\n<p>Denumit \u015fi \u201cTransmarinus\u201d (adic\u0103 \u201cde peste m\u0103ri\u201d), nepotul regelui Angliei, Ludovic al IV-lea, ca rege al Fran\u0163ei, a domnit 18 ani, p\u00e2n\u0103 pe 10 septembrie 954, c\u00e2nd a murit datorit\u0103 c\u0103z\u0103turii de pe cal.<\/p>\n<p><strong>6) Ludovic al V-lea (967-987) \u2013 otr\u0103vit de mama sa<\/strong><\/p>\n<p><a href=\"https:\/\/www.lovendal.ro\/wp52\/wp-content\/uploads\/2010\/01\/ludovic-v.jpg\"><img loading=\"lazy\" decoding=\"async\" class=\"aligncenter size-full wp-image-863\" title=\"ludovic-v\" src=\"https:\/\/www.lovendal.ro\/wp52\/wp-content\/uploads\/2010\/01\/ludovic-v.jpg\" alt=\"ludovic-v\" width=\"196\" height=\"231\" \/><\/a><\/p>\n<p>Denumit \u015fi \u201ccel lene\u015f\u201d, Ludovic al V-lea a fost ultimul rege carolingian; el a murit \u00een mai 987, se pare omor\u00e2t de mama sa.<\/p>\n<p><strong>7) Filip al VI-lea (1293-1350) \u2013 mort datorit\u0103 exceselor sexuale<\/strong><\/p>\n<p><a href=\"https:\/\/www.lovendal.ro\/wp52\/wp-content\/uploads\/2010\/01\/filip-vi.jpg\"><img loading=\"lazy\" decoding=\"async\" class=\"aligncenter size-full wp-image-864\" title=\"filip-vi\" src=\"https:\/\/www.lovendal.ro\/wp52\/wp-content\/uploads\/2010\/01\/filip-vi.jpg\" alt=\"filip-vi\" width=\"168\" height=\"195\" \/><\/a><\/p>\n<p>Regele se bucura de o s\u0103n\u0103tate excelent\u0103, \u015fi probabil c\u0103 \u015fi-ar fi f\u0103cut succesorul s\u0103 a\u015ftepte mult \u015fi bine, de nu s-ar fi c\u0103s\u0103torit, la cincizeci \u015fi \u015fapte de ani, cu vara sa Blanche d\u2019Evreux care, la cei doar \u015faptesprezece ani ai ei, trecea \u2013 dup\u0103 spusele lui Brantome \u2013 drept cea mai frumoas\u0103 prin\u0163es\u0103 din vremea ei. \u00cen treac\u0103t fie spus, t\u00e2n\u0103ra mai fusese \u015fi logodit\u0103 cu fiul lui. Nici nu trecuse bine un an, \u015fi prea dr\u0103g\u0103stosul rege murea de epuizare, r\u0103pus \u2013 spune Michelet- de \u201cexcesele sale se*uale\u201d.<\/p>\n<p><strong>8 ) Carol al VII-lea (1403-1461) \u2013 mort de inani\u0163ie<\/strong><\/p>\n<p><a href=\"https:\/\/www.lovendal.ro\/wp52\/wp-content\/uploads\/2010\/01\/carol-vii.jpg\"><img loading=\"lazy\" decoding=\"async\" class=\"aligncenter size-full wp-image-865\" title=\"carol-vii\" src=\"https:\/\/www.lovendal.ro\/wp52\/wp-content\/uploads\/2010\/01\/carol-vii.jpg\" alt=\"carol-vii\" width=\"177\" height=\"234\" \/><\/a><\/p>\n<p>Se \u015ftie c\u0103 regele a murit de foame, dar se pune \u00eentrebarea dac\u0103 a murit de foame pentru c\u0103 nu mai putea s\u0103 m\u0103n\u00e2nce, sau pentru c\u0103 nu mai voia s\u0103 m\u0103n\u00e2nce. Dup\u0103 unii istorici, obsedat de teama de a nu fi otr\u0103vit de propriul s\u0103u fiu, Delfinul \u2013 viitorul rege Ludovic al XI-lea -, care se r\u0103zvr\u0103tise pe fa\u0163\u0103 \u00eempotriva tat\u0103lui s\u0103u, Carol al VII-lea hot\u0103r\u00ee s\u0103 nu se mai hr\u0103neasc\u0103: <em>\u201cPe sf\u00e2ntul Ioan, nu vom mai m\u00e2nca!\u201d,<\/em> ar fi spus el, \u00eenainte de a \u00eencepe un post care a durat opt zile.<\/p>\n<p><strong>9) Carol al VIII-lea (1470-1498) \u2013 mort pentru c\u0103 s-a lovit de pragul de sus<\/strong><\/p>\n<p><a href=\"https:\/\/www.lovendal.ro\/wp52\/wp-content\/uploads\/2010\/01\/carol-viii.jpg\"><img loading=\"lazy\" decoding=\"async\" class=\"aligncenter size-full wp-image-866\" title=\"carol-viii\" src=\"https:\/\/www.lovendal.ro\/wp52\/wp-content\/uploads\/2010\/01\/carol-viii.jpg\" alt=\"carol-viii\" width=\"203\" height=\"262\" \/><\/a><\/p>\n<p>\u00cen ajun de Pa\u015fti, regele Carol al VIII-lea ie\u015fea din camera reginei Anne de Bretagne, so\u0163ia lui, duc\u00e2ndu-se s\u0103 asiste \u00eempreun\u0103 la jocul cu palma care avea loc \u00een \u015fan\u0163urile castelului. Cei doi suverani trecur\u0103 printr-o galerie care era cel mai indecent loc al casei, deoarece toat\u0103 lumea se pi\u015fa acolo. Intr\u00e2nd \u00een aceast\u0103 galerie cu plafonul foarte cobor\u00e2t, de\u015fi mic de statur\u0103, regele se lovi cu capul de pragul de sus. Ceea ce nu l-a \u00eempiedicat s\u0103 se duc\u0103 s\u0103 asiste la joc; \u00een timp ce privea, c\u0103zu brusc pe spate \u015fi amu\u0163i. Era ora dou\u0103 dup\u0103-amiaza. De trei ori \u00ee\u015fi recap\u0103t\u0103 graiul \u015fi de fiecare dat\u0103 repet\u0103: <em>\u201cS\u0103 m-ajute Dumnezeu, Fecioara MAria, sf\u00e2ntul Claude \u015fi sf\u00e2ntul Blaise!\u201d<\/em><\/p>\n<p>Carol al VIII-lea se stinse la ora unsprezece, pe o biat\u0103 saltea de paie instalat\u0103 \u00een acea galerie funest\u0103 \u00een care toat\u0103 lumea se pi\u015fa. \u015ei a\u015fa p\u0103r\u0103si aceast\u0103 lume un rege at\u00e2t de puternic \u015fi mare, \u00eentr-un loc at\u00e2t de mizerabil, el, care avea at\u00e2tea case frumoase\u2026<\/p>\n","protected":false},"excerpt":{"rendered":"<p>Regii Fran\u0163ei au avut o via\u0163\u0103 foarte tumultoas\u0103, \u015fi ei sunt printre cei mai cunoscu\u0163i regi din lume. Au atras aten\u0163ia prin extravagan\u0163ele lor \u015fi prin controversele care le-au st\u00e2rnit \u00een jurul persoanelor lor. Poate cel mai cunoscut rege francez &#8230; <\/p>\n<p class=\"read-more-container\"><a title=\"Cele mai ciudate 9 mor\u0163i ale regilor Fran\u0163ei\" class=\"read-more button\" href=\"https:\/\/www.lovendal.ro\/wp52\/cele-mai-ciudate-9-morti-ale-regilor-frantei\/#more-56105\" aria-label=\"Cite\u0219te mai multe despre Cele mai ciudate 9 mor\u0163i ale regilor Fran\u0163ei\">Cititi mai multe<\/a><\/p>\n","protected":false},"author":1,"featured_media":56107,"comment_status":"open","ping_status":"closed","sticky":false,"template":"","format":"standard","meta":{"footnotes":""},"categories":[2658],"tags":[9810,453],"class_list":["post-56105","post","type-post","status-publish","format-standard","has-post-thumbnail","hentry","category-recordurile-lui-lovendal","tag-recordurile-lui-lovendal","tag-rege","resize-featured-image"],"yoast_head":"<!-- This site is optimized with the Yoast SEO Premium plugin v23.3 (Yoast SEO v27.4) - https:\/\/yoast.com\/product\/yoast-seo-premium-wordpress\/ -->\n<title>Cele mai ciudate 9 mor\u0163i ale regilor Fran\u0163ei - Secretele lui Lovendal<\/title>\n<meta name=\"robots\" content=\"index, follow, max-snippet:-1, max-image-preview:large, max-video-preview:-1\" \/>\n<link rel=\"canonical\" href=\"https:\/\/www.lovendal.ro\/wp52\/cele-mai-ciudate-9-morti-ale-regilor-frantei\/\" \/>\n<meta property=\"og:locale\" content=\"ro_RO\" \/>\n<meta property=\"og:type\" content=\"article\" \/>\n<meta property=\"og:title\" content=\"Cele mai ciudate 9 mor\u0163i ale regilor Fran\u0163ei\" \/>\n<meta property=\"og:description\" content=\"Regii Fran\u0163ei au avut o via\u0163\u0103 foarte tumultoas\u0103, \u015fi ei sunt printre cei mai cunoscu\u0163i regi din lume. Au atras aten\u0163ia prin extravagan\u0163ele lor \u015fi prin controversele care le-au st\u00e2rnit \u00een jurul persoanelor lor. Poate cel mai cunoscut rege francez ... Cititi mai multe\" \/>\n<meta property=\"og:url\" content=\"https:\/\/www.lovendal.ro\/wp52\/cele-mai-ciudate-9-morti-ale-regilor-frantei\/\" \/>\n<meta property=\"og:site_name\" content=\"Secretele lui Lovendal\" \/>\n<meta property=\"article:publisher\" content=\"https:\/\/www.facebook.com\/secreteleluilovendal\" \/>\n<meta property=\"article:published_time\" content=\"2018-05-19T06:55:52+00:00\" \/>\n<meta property=\"article:modified_time\" content=\"2019-01-19T16:11:46+00:00\" \/>\n<meta property=\"og:image\" content=\"https:\/\/www.lovendal.ro\/wp52\/wp-content\/uploads\/2018\/05\/rege-al-Frantei.jpg\" \/>\n\t<meta property=\"og:image:width\" content=\"337\" \/>\n\t<meta property=\"og:image:height\" content=\"246\" \/>\n\t<meta property=\"og:image:type\" content=\"image\/jpeg\" \/>\n<meta name=\"author\" content=\"admin\" \/>\n<meta name=\"twitter:card\" content=\"summary_large_image\" \/>\n<meta name=\"twitter:label1\" content=\"Scris de\" \/>\n\t<meta name=\"twitter:data1\" content=\"admin\" \/>\n\t<meta name=\"twitter:label2\" content=\"Timp estimat pentru citire\" \/>\n\t<meta name=\"twitter:data2\" content=\"4 minute\" \/>\n<script type=\"application\/ld+json\" class=\"yoast-schema-graph\">{\"@context\":\"https:\\\/\\\/schema.org\",\"@graph\":[{\"@type\":\"Article\",\"@id\":\"https:\\\/\\\/www.lovendal.ro\\\/wp52\\\/cele-mai-ciudate-9-morti-ale-regilor-frantei\\\/#article\",\"isPartOf\":{\"@id\":\"https:\\\/\\\/www.lovendal.ro\\\/wp52\\\/cele-mai-ciudate-9-morti-ale-regilor-frantei\\\/\"},\"author\":{\"name\":\"admin\",\"@id\":\"https:\\\/\\\/www.lovendal.ro\\\/wp52\\\/#\\\/schema\\\/person\\\/088691de5dfc346bb0c023e1e52ef5d9\"},\"headline\":\"Cele mai ciudate 9 mor\u0163i ale regilor Fran\u0163ei\",\"datePublished\":\"2018-05-19T06:55:52+00:00\",\"dateModified\":\"2019-01-19T16:11:46+00:00\",\"mainEntityOfPage\":{\"@id\":\"https:\\\/\\\/www.lovendal.ro\\\/wp52\\\/cele-mai-ciudate-9-morti-ale-regilor-frantei\\\/\"},\"wordCount\":826,\"commentCount\":0,\"publisher\":{\"@id\":\"https:\\\/\\\/www.lovendal.ro\\\/wp52\\\/#organization\"},\"image\":{\"@id\":\"https:\\\/\\\/www.lovendal.ro\\\/wp52\\\/cele-mai-ciudate-9-morti-ale-regilor-frantei\\\/#primaryimage\"},\"thumbnailUrl\":\"https:\\\/\\\/www.lovendal.ro\\\/wp52\\\/wp-content\\\/uploads\\\/2018\\\/05\\\/rege-al-Frantei.jpg\",\"keywords\":[\"Recordurile lui Lovendal\",\"rege\"],\"articleSection\":[\"Recordurile lui Lovendal\"],\"inLanguage\":\"ro-RO\",\"potentialAction\":[{\"@type\":\"CommentAction\",\"name\":\"Comment\",\"target\":[\"https:\\\/\\\/www.lovendal.ro\\\/wp52\\\/cele-mai-ciudate-9-morti-ale-regilor-frantei\\\/#respond\"]}]},{\"@type\":\"WebPage\",\"@id\":\"https:\\\/\\\/www.lovendal.ro\\\/wp52\\\/cele-mai-ciudate-9-morti-ale-regilor-frantei\\\/\",\"url\":\"https:\\\/\\\/www.lovendal.ro\\\/wp52\\\/cele-mai-ciudate-9-morti-ale-regilor-frantei\\\/\",\"name\":\"Cele mai ciudate 9 mor\u0163i ale regilor Fran\u0163ei - Secretele lui Lovendal\",\"isPartOf\":{\"@id\":\"https:\\\/\\\/www.lovendal.ro\\\/wp52\\\/#website\"},\"primaryImageOfPage\":{\"@id\":\"https:\\\/\\\/www.lovendal.ro\\\/wp52\\\/cele-mai-ciudate-9-morti-ale-regilor-frantei\\\/#primaryimage\"},\"image\":{\"@id\":\"https:\\\/\\\/www.lovendal.ro\\\/wp52\\\/cele-mai-ciudate-9-morti-ale-regilor-frantei\\\/#primaryimage\"},\"thumbnailUrl\":\"https:\\\/\\\/www.lovendal.ro\\\/wp52\\\/wp-content\\\/uploads\\\/2018\\\/05\\\/rege-al-Frantei.jpg\",\"datePublished\":\"2018-05-19T06:55:52+00:00\",\"dateModified\":\"2019-01-19T16:11:46+00:00\",\"breadcrumb\":{\"@id\":\"https:\\\/\\\/www.lovendal.ro\\\/wp52\\\/cele-mai-ciudate-9-morti-ale-regilor-frantei\\\/#breadcrumb\"},\"inLanguage\":\"ro-RO\",\"potentialAction\":[{\"@type\":\"ReadAction\",\"target\":[\"https:\\\/\\\/www.lovendal.ro\\\/wp52\\\/cele-mai-ciudate-9-morti-ale-regilor-frantei\\\/\"]}]},{\"@type\":\"ImageObject\",\"inLanguage\":\"ro-RO\",\"@id\":\"https:\\\/\\\/www.lovendal.ro\\\/wp52\\\/cele-mai-ciudate-9-morti-ale-regilor-frantei\\\/#primaryimage\",\"url\":\"https:\\\/\\\/www.lovendal.ro\\\/wp52\\\/wp-content\\\/uploads\\\/2018\\\/05\\\/rege-al-Frantei.jpg\",\"contentUrl\":\"https:\\\/\\\/www.lovendal.ro\\\/wp52\\\/wp-content\\\/uploads\\\/2018\\\/05\\\/rege-al-Frantei.jpg\",\"width\":337,\"height\":246},{\"@type\":\"BreadcrumbList\",\"@id\":\"https:\\\/\\\/www.lovendal.ro\\\/wp52\\\/cele-mai-ciudate-9-morti-ale-regilor-frantei\\\/#breadcrumb\",\"itemListElement\":[{\"@type\":\"ListItem\",\"position\":1,\"name\":\"Home\",\"item\":\"https:\\\/\\\/www.lovendal.ro\\\/wp52\\\/\"},{\"@type\":\"ListItem\",\"position\":2,\"name\":\"Cele mai ciudate 9 mor\u0163i ale regilor Fran\u0163ei\"}]},{\"@type\":\"WebSite\",\"@id\":\"https:\\\/\\\/www.lovendal.ro\\\/wp52\\\/#website\",\"url\":\"https:\\\/\\\/www.lovendal.ro\\\/wp52\\\/\",\"name\":\"Secretele lui Lovendal\",\"description\":\"Site de secrete, stiinta si metafizica - din 2008 -\",\"publisher\":{\"@id\":\"https:\\\/\\\/www.lovendal.ro\\\/wp52\\\/#organization\"},\"potentialAction\":[{\"@type\":\"SearchAction\",\"target\":{\"@type\":\"EntryPoint\",\"urlTemplate\":\"https:\\\/\\\/www.lovendal.ro\\\/wp52\\\/?s={search_term_string}\"},\"query-input\":{\"@type\":\"PropertyValueSpecification\",\"valueRequired\":true,\"valueName\":\"search_term_string\"}}],\"inLanguage\":\"ro-RO\"},{\"@type\":\"Organization\",\"@id\":\"https:\\\/\\\/www.lovendal.ro\\\/wp52\\\/#organization\",\"name\":\"Secretele lui Lovendal\",\"url\":\"https:\\\/\\\/www.lovendal.ro\\\/wp52\\\/\",\"logo\":{\"@type\":\"ImageObject\",\"inLanguage\":\"ro-RO\",\"@id\":\"https:\\\/\\\/www.lovendal.ro\\\/wp52\\\/#\\\/schema\\\/logo\\\/image\\\/\",\"url\":\"https:\\\/\\\/www.lovendal.ro\\\/wp52\\\/wp-content\\\/uploads\\\/2024\\\/06\\\/cropped-SLL-iun-2024-1.jpg\",\"contentUrl\":\"https:\\\/\\\/www.lovendal.ro\\\/wp52\\\/wp-content\\\/uploads\\\/2024\\\/06\\\/cropped-SLL-iun-2024-1.jpg\",\"width\":771,\"height\":240,\"caption\":\"Secretele lui Lovendal\"},\"image\":{\"@id\":\"https:\\\/\\\/www.lovendal.ro\\\/wp52\\\/#\\\/schema\\\/logo\\\/image\\\/\"},\"sameAs\":[\"https:\\\/\\\/www.facebook.com\\\/secreteleluilovendal\"]},{\"@type\":\"Person\",\"@id\":\"https:\\\/\\\/www.lovendal.ro\\\/wp52\\\/#\\\/schema\\\/person\\\/088691de5dfc346bb0c023e1e52ef5d9\",\"name\":\"admin\",\"image\":{\"@type\":\"ImageObject\",\"inLanguage\":\"ro-RO\",\"@id\":\"https:\\\/\\\/secure.gravatar.com\\\/avatar\\\/ecb9cd41f5f63c9c9b989999a59f6e2639a865ec361e9db054db0679a8f341c2?s=96&d=mm&r=g\",\"url\":\"https:\\\/\\\/secure.gravatar.com\\\/avatar\\\/ecb9cd41f5f63c9c9b989999a59f6e2639a865ec361e9db054db0679a8f341c2?s=96&d=mm&r=g\",\"contentUrl\":\"https:\\\/\\\/secure.gravatar.com\\\/avatar\\\/ecb9cd41f5f63c9c9b989999a59f6e2639a865ec361e9db054db0679a8f341c2?s=96&d=mm&r=g\",\"caption\":\"admin\"},\"sameAs\":[\"https:\\\/\\\/www.lovendal.ro\\\/wp52\"]}]}<\/script>\n<!-- \/ Yoast SEO Premium plugin. -->","yoast_head_json":{"title":"Cele mai ciudate 9 mor\u0163i ale regilor Fran\u0163ei - Secretele lui Lovendal","robots":{"index":"index","follow":"follow","max-snippet":"max-snippet:-1","max-image-preview":"max-image-preview:large","max-video-preview":"max-video-preview:-1"},"canonical":"https:\/\/www.lovendal.ro\/wp52\/cele-mai-ciudate-9-morti-ale-regilor-frantei\/","og_locale":"ro_RO","og_type":"article","og_title":"Cele mai ciudate 9 mor\u0163i ale regilor Fran\u0163ei","og_description":"Regii Fran\u0163ei au avut o via\u0163\u0103 foarte tumultoas\u0103, \u015fi ei sunt printre cei mai cunoscu\u0163i regi din lume. Au atras aten\u0163ia prin extravagan\u0163ele lor \u015fi prin controversele care le-au st\u00e2rnit \u00een jurul persoanelor lor. Poate cel mai cunoscut rege francez ... Cititi mai multe","og_url":"https:\/\/www.lovendal.ro\/wp52\/cele-mai-ciudate-9-morti-ale-regilor-frantei\/","og_site_name":"Secretele lui Lovendal","article_publisher":"https:\/\/www.facebook.com\/secreteleluilovendal","article_published_time":"2018-05-19T06:55:52+00:00","article_modified_time":"2019-01-19T16:11:46+00:00","og_image":[{"width":337,"height":246,"url":"https:\/\/www.lovendal.ro\/wp52\/wp-content\/uploads\/2018\/05\/rege-al-Frantei.jpg","type":"image\/jpeg"}],"author":"admin","twitter_card":"summary_large_image","twitter_misc":{"Scris de":"admin","Timp estimat pentru citire":"4 minute"},"schema":{"@context":"https:\/\/schema.org","@graph":[{"@type":"Article","@id":"https:\/\/www.lovendal.ro\/wp52\/cele-mai-ciudate-9-morti-ale-regilor-frantei\/#article","isPartOf":{"@id":"https:\/\/www.lovendal.ro\/wp52\/cele-mai-ciudate-9-morti-ale-regilor-frantei\/"},"author":{"name":"admin","@id":"https:\/\/www.lovendal.ro\/wp52\/#\/schema\/person\/088691de5dfc346bb0c023e1e52ef5d9"},"headline":"Cele mai ciudate 9 mor\u0163i ale regilor Fran\u0163ei","datePublished":"2018-05-19T06:55:52+00:00","dateModified":"2019-01-19T16:11:46+00:00","mainEntityOfPage":{"@id":"https:\/\/www.lovendal.ro\/wp52\/cele-mai-ciudate-9-morti-ale-regilor-frantei\/"},"wordCount":826,"commentCount":0,"publisher":{"@id":"https:\/\/www.lovendal.ro\/wp52\/#organization"},"image":{"@id":"https:\/\/www.lovendal.ro\/wp52\/cele-mai-ciudate-9-morti-ale-regilor-frantei\/#primaryimage"},"thumbnailUrl":"https:\/\/www.lovendal.ro\/wp52\/wp-content\/uploads\/2018\/05\/rege-al-Frantei.jpg","keywords":["Recordurile lui Lovendal","rege"],"articleSection":["Recordurile lui Lovendal"],"inLanguage":"ro-RO","potentialAction":[{"@type":"CommentAction","name":"Comment","target":["https:\/\/www.lovendal.ro\/wp52\/cele-mai-ciudate-9-morti-ale-regilor-frantei\/#respond"]}]},{"@type":"WebPage","@id":"https:\/\/www.lovendal.ro\/wp52\/cele-mai-ciudate-9-morti-ale-regilor-frantei\/","url":"https:\/\/www.lovendal.ro\/wp52\/cele-mai-ciudate-9-morti-ale-regilor-frantei\/","name":"Cele mai ciudate 9 mor\u0163i ale regilor Fran\u0163ei - Secretele lui Lovendal","isPartOf":{"@id":"https:\/\/www.lovendal.ro\/wp52\/#website"},"primaryImageOfPage":{"@id":"https:\/\/www.lovendal.ro\/wp52\/cele-mai-ciudate-9-morti-ale-regilor-frantei\/#primaryimage"},"image":{"@id":"https:\/\/www.lovendal.ro\/wp52\/cele-mai-ciudate-9-morti-ale-regilor-frantei\/#primaryimage"},"thumbnailUrl":"https:\/\/www.lovendal.ro\/wp52\/wp-content\/uploads\/2018\/05\/rege-al-Frantei.jpg","datePublished":"2018-05-19T06:55:52+00:00","dateModified":"2019-01-19T16:11:46+00:00","breadcrumb":{"@id":"https:\/\/www.lovendal.ro\/wp52\/cele-mai-ciudate-9-morti-ale-regilor-frantei\/#breadcrumb"},"inLanguage":"ro-RO","potentialAction":[{"@type":"ReadAction","target":["https:\/\/www.lovendal.ro\/wp52\/cele-mai-ciudate-9-morti-ale-regilor-frantei\/"]}]},{"@type":"ImageObject","inLanguage":"ro-RO","@id":"https:\/\/www.lovendal.ro\/wp52\/cele-mai-ciudate-9-morti-ale-regilor-frantei\/#primaryimage","url":"https:\/\/www.lovendal.ro\/wp52\/wp-content\/uploads\/2018\/05\/rege-al-Frantei.jpg","contentUrl":"https:\/\/www.lovendal.ro\/wp52\/wp-content\/uploads\/2018\/05\/rege-al-Frantei.jpg","width":337,"height":246},{"@type":"BreadcrumbList","@id":"https:\/\/www.lovendal.ro\/wp52\/cele-mai-ciudate-9-morti-ale-regilor-frantei\/#breadcrumb","itemListElement":[{"@type":"ListItem","position":1,"name":"Home","item":"https:\/\/www.lovendal.ro\/wp52\/"},{"@type":"ListItem","position":2,"name":"Cele mai ciudate 9 mor\u0163i ale regilor Fran\u0163ei"}]},{"@type":"WebSite","@id":"https:\/\/www.lovendal.ro\/wp52\/#website","url":"https:\/\/www.lovendal.ro\/wp52\/","name":"Secretele lui Lovendal","description":"Site de secrete, stiinta si metafizica - din 2008 -","publisher":{"@id":"https:\/\/www.lovendal.ro\/wp52\/#organization"},"potentialAction":[{"@type":"SearchAction","target":{"@type":"EntryPoint","urlTemplate":"https:\/\/www.lovendal.ro\/wp52\/?s={search_term_string}"},"query-input":{"@type":"PropertyValueSpecification","valueRequired":true,"valueName":"search_term_string"}}],"inLanguage":"ro-RO"},{"@type":"Organization","@id":"https:\/\/www.lovendal.ro\/wp52\/#organization","name":"Secretele lui Lovendal","url":"https:\/\/www.lovendal.ro\/wp52\/","logo":{"@type":"ImageObject","inLanguage":"ro-RO","@id":"https:\/\/www.lovendal.ro\/wp52\/#\/schema\/logo\/image\/","url":"https:\/\/www.lovendal.ro\/wp52\/wp-content\/uploads\/2024\/06\/cropped-SLL-iun-2024-1.jpg","contentUrl":"https:\/\/www.lovendal.ro\/wp52\/wp-content\/uploads\/2024\/06\/cropped-SLL-iun-2024-1.jpg","width":771,"height":240,"caption":"Secretele lui Lovendal"},"image":{"@id":"https:\/\/www.lovendal.ro\/wp52\/#\/schema\/logo\/image\/"},"sameAs":["https:\/\/www.facebook.com\/secreteleluilovendal"]},{"@type":"Person","@id":"https:\/\/www.lovendal.ro\/wp52\/#\/schema\/person\/088691de5dfc346bb0c023e1e52ef5d9","name":"admin","image":{"@type":"ImageObject","inLanguage":"ro-RO","@id":"https:\/\/secure.gravatar.com\/avatar\/ecb9cd41f5f63c9c9b989999a59f6e2639a865ec361e9db054db0679a8f341c2?s=96&d=mm&r=g","url":"https:\/\/secure.gravatar.com\/avatar\/ecb9cd41f5f63c9c9b989999a59f6e2639a865ec361e9db054db0679a8f341c2?s=96&d=mm&r=g","contentUrl":"https:\/\/secure.gravatar.com\/avatar\/ecb9cd41f5f63c9c9b989999a59f6e2639a865ec361e9db054db0679a8f341c2?s=96&d=mm&r=g","caption":"admin"},"sameAs":["https:\/\/www.lovendal.ro\/wp52"]}]}},"_links":{"self":[{"href":"https:\/\/www.lovendal.ro\/wp52\/wp-json\/wp\/v2\/posts\/56105","targetHints":{"allow":["GET"]}}],"collection":[{"href":"https:\/\/www.lovendal.ro\/wp52\/wp-json\/wp\/v2\/posts"}],"about":[{"href":"https:\/\/www.lovendal.ro\/wp52\/wp-json\/wp\/v2\/types\/post"}],"author":[{"embeddable":true,"href":"https:\/\/www.lovendal.ro\/wp52\/wp-json\/wp\/v2\/users\/1"}],"replies":[{"embeddable":true,"href":"https:\/\/www.lovendal.ro\/wp52\/wp-json\/wp\/v2\/comments?post=56105"}],"version-history":[{"count":0,"href":"https:\/\/www.lovendal.ro\/wp52\/wp-json\/wp\/v2\/posts\/56105\/revisions"}],"wp:featuredmedia":[{"embeddable":true,"href":"https:\/\/www.lovendal.ro\/wp52\/wp-json\/wp\/v2\/media\/56107"}],"wp:attachment":[{"href":"https:\/\/www.lovendal.ro\/wp52\/wp-json\/wp\/v2\/media?parent=56105"}],"wp:term":[{"taxonomy":"category","embeddable":true,"href":"https:\/\/www.lovendal.ro\/wp52\/wp-json\/wp\/v2\/categories?post=56105"},{"taxonomy":"post_tag","embeddable":true,"href":"https:\/\/www.lovendal.ro\/wp52\/wp-json\/wp\/v2\/tags?post=56105"}],"curies":[{"name":"wp","href":"https:\/\/api.w.org\/{rel}","templated":true}]}}