{"id":55861,"date":"2018-05-03T08:46:21","date_gmt":"2018-05-03T05:46:21","guid":{"rendered":"http:\/\/www.lovendal.ro\/wp52\/?p=55861"},"modified":"2018-05-03T08:46:21","modified_gmt":"2018-05-03T05:46:21","slug":"sacco-si-vanzetti-un-scandal-mondial-justitie-reala-vs-fobia-americanilor-impotriva-italienilor-mafioti","status":"publish","type":"post","link":"https:\/\/www.lovendal.ro\/wp52\/sacco-si-vanzetti-un-scandal-mondial-justitie-reala-vs-fobia-americanilor-impotriva-italienilor-mafioti\/","title":{"rendered":"Sacco \u015fi Vanzetti, un scandal mondial. Justi\u0163ie real\u0103 vs fobia americanilor \u00eempotriva italienilor mafio\u0163i"},"content":{"rendered":"<p><a href=\"https:\/\/www.lovendal.ro\/wp52\/wp-content\/uploads\/2018\/05\/sacco-vanzetti-coperta.jpg\"><img loading=\"lazy\" decoding=\"async\" class=\"alignleft size-full wp-image-55863\" src=\"https:\/\/www.lovendal.ro\/wp52\/wp-content\/uploads\/2018\/05\/sacco-vanzetti-coperta.jpg\" alt=\"\" width=\"336\" height=\"298\" srcset=\"https:\/\/www.lovendal.ro\/wp52\/wp-content\/uploads\/2018\/05\/sacco-vanzetti-coperta.jpg 336w, https:\/\/www.lovendal.ro\/wp52\/wp-content\/uploads\/2018\/05\/sacco-vanzetti-coperta-300x266.jpg 300w\" sizes=\"auto, (max-width: 336px) 100vw, 336px\" \/><\/a>\u00cen ziua de 15 aprilie 1920, pe la ora 3:00 a dup\u0103-amiezii, doi b\u0103rba\u0163i mergeau \u00eencet pe strada mare din South Baintree, un or\u0103\u015fel din Statele Unite. Am\u00e2ndoi transportau \u00een valijoarele lor metalice 15.776 de dolari, plata angaja\u0163ilor unei fabrici de \u00eenc\u0103l\u0163\u0103minte. Ace\u015fti doi b\u0103rba\u0163i erau casierul fabricii, Parmenter, \u015fi adjunctul s\u0103u, Berardelli. Deodat\u0103, \u00eentr-un scr\u00e2\u015fnet de fr\u00e2ne, un Buick mare \u015fi negru a tras brusc la trotuar. Mai \u00eenainte ca cei doi b\u0103rba\u0163i s\u0103 fi putut face un gest, trei indivizi \u00eembr\u0103ca\u0163i \u00een impermeabile au s\u0103rit din ma\u015fin\u0103, s-au apropiat de cei doi casieri \u015fi, de foarte aproape, le-au tras c\u00e2teva gloan\u0163e \u00een cap. O secund\u0103 mai t\u00e2rziu, cei trei uciga\u015fi s-au urcat \u00een ma\u015fina lor, duc\u00e2nd cu ei valijoarele \u015fi cei 15.776 de dolari. Pe jos, \u00eentr-o balt\u0103 de s\u00e2nge, z\u0103ceau cadavrele a doi nevinova\u0163i.<\/p>\n<p>\u00cen 1920, \u00een Statele Unite, erau \u00een floare prohibi\u0163ia, gangsterismul, violen\u0163a. \u201eSindicatul crimei&#8221; \u00ee\u015fi extindea puterea. Uciga\u015fii pl\u0103ti\u0163i ac\u0163ionau cu fa\u0163a descoperit\u0103. \u015ei o psihoz\u0103 era pe cale s\u0103 se nasc\u0103, psihoza italianului. Pentru c\u0103, \u00een acea perioad\u0103, \u00een Statele Unite, optzeci la sut\u0103 dintre gangsteri erau italieni. \u015ei, pentru anumi\u0163i poli\u0163i\u015fti, a interoga un italian \u00eensemna aproape a interoga un vinovat.<\/p>\n<p>C\u00e2nd s-a aflat despre dubla crim\u0103 de la South Baintree, m\u00e2nia a atins culmea la Boston, la Plymouth \u015fi \u00een toate ora\u015fele apropiate. Ancheta era condus\u0103 de c\u0103pitanul MacCrea. Dar, din start, convingerea poli\u0163istului sem\u0103na cu cea a publicului: era tot o lovitur\u0103 a italienilor. Acei italieni anarhi\u015fti, comuni\u015fti, agitatori, acei italieni \u00eempotriva c\u0103rora se \u00eend\u00e2rjea Ku Klux Klan-ul, American Legion, Henry Ford. Americanii, s\u0103tui de valul de banditism care le \u00eens\u00e2ngera ora\u015fele, voiau s\u0103 dea un exemplu. Asasinatul de la South Baintree le va furniza ocazia.<\/p>\n<p>Ancheta avansa repede, prea repede poate. Din primele zile, s-a f\u0103cut leg\u0103tura dintre atentatul de la South Baintree \u015fi cel produs la Bridgewater, cu c\u00e2teva zile mai \u00eenainte, mai exact pe 24 decembrie. \u015ei acolo, un casier care transporta salariul de la o fabric\u0103 de \u00eenc\u0103l\u0163\u0103minte a fost atacat de doi oameni a c\u0103ror fa\u0163\u0103 era ascuns\u0103 sub ni\u015fte p\u0103l\u0103rii mari. Dar Bowles, casierul, va avea mai mult noroc dec\u00e2t confra\u0163ii lui: va sc\u0103pa de uciga\u015fii care vor pleca f\u0103r\u0103 s\u0103-i ia cei 40.000 de dolari pe care \u00eei transporta. Anchetatorii au g\u0103sit repede Buick-ul care servise atentatului. Proprietarul era un anume Boda. Un italian. Boda a declarat c\u0103 ma\u015fina lui era \u00een repara\u0163ie la un garaj c\u00e2nd a fost furat\u0103. Poli\u0163i\u015ftii c\u0103pitanului MacCrea au acceptat aceast\u0103 m\u0103rturie \u015fi l-au l\u0103sat pe Boda s\u0103 plece. Dar, \u00eencep\u00e2nd din acea clip\u0103, Boda a fost urm\u0103rit zi \u015fi noapte de poli\u0163i\u015fti. Italianul \u015fi-a dus urm\u0103ritorii la al\u0163i confra\u0163i . \u015ei, cu fiecare nou italian, convingerea poli\u0163i\u015ftilor se \u00eent\u0103rea. Astfel, Boda i-a dus pe poli\u0163i\u015fti acas\u0103 la un angajat al unei fabrici de \u00eenc\u0103l\u0163\u0103minte, apoi la un v\u00e2nz\u0103tor de pe\u015fte, boem \u015fi anarhist. Cei doi b\u0103rba\u0163i se numeau Nicolas Sacco \u015fi Bartolomeo Vanzetti. Justi\u0163ia american\u0103 \u00eei g\u0103sise pe vinova\u0163i.<\/p>\n<p>\u00cen ziua de 4 mai 1920, poli\u0163ia i-a arestat pe Sacco \u015fi Vanzetti. Se duseser\u0103 \u00eempreun\u0103 la Boda, dup\u0103 ma\u015fina acestuia din urm\u0103. \u00cen buzunarul lui Sacco se afla un revolver \u00eenc\u0103rcat. O arm\u0103 de acest calibru \u00eel ucisese pe casierul Parmenter. \u00cen aceea\u015fi sear\u0103, Sacco \u015fi Vanzetti au ajuns la \u00eenchisoare. Iar a doua zi, presa a anun\u0163at c\u0103 asasinii de la South Baintree au fost aresta\u0163i. Evident, trecutul lor nu pleda deloc \u00een favoarea acestor acuza\u0163ii. Vanzetti, n\u0103scut \u00een Piemont \u00een 1888, era un anarhist, mult\u0103 vreme urm\u0103rit de poli\u0163ia italian\u0103 pentru agita\u0163ie. Emigrase \u00een Statele Unite \u00een 1909 \u015fi avusese o mul\u0163ime de meserii: docher, v\u00e2nz\u0103tor de ziare, t\u0103ietor de lemne, v\u00e2nz\u0103tor ambulant \u015fi chiar angajat al unei menajerii ambulante, unde se d\u0103dea \u00een spectacol pentru ochii frumo\u015fi ai unei \u00eembl\u00e2nzitoare. \u201eS\u0103m\u00e2n\u0163\u0103 rea\u201c, \u015fi-au zis poli\u0163i\u015ftii, citind dosarul voluminos. Nicolas Sacco avusese o via\u0163\u0103 mai lini\u015ftit\u0103, dar, \u00een ochii anchetatorilor, nu era dec\u00e2t un anarhist, un str\u0103in periculos care provoca tulburare \u00eentr-o \u0163ar\u0103 ce nu era a lui. Acei str\u0103ini provocaser\u0103 greve, \u00eenc\u0103ier\u0103ri, manifesta\u0163ii.<\/p>\n<p><a href=\"https:\/\/www.lovendal.ro\/wp52\/wp-content\/uploads\/2018\/05\/sacco-vanzetti-2.jpg\"><img loading=\"lazy\" decoding=\"async\" class=\"aligncenter size-full wp-image-55864\" src=\"https:\/\/www.lovendal.ro\/wp52\/wp-content\/uploads\/2018\/05\/sacco-vanzetti-2.jpg\" alt=\"\" width=\"539\" height=\"444\" srcset=\"https:\/\/www.lovendal.ro\/wp52\/wp-content\/uploads\/2018\/05\/sacco-vanzetti-2.jpg 539w, https:\/\/www.lovendal.ro\/wp52\/wp-content\/uploads\/2018\/05\/sacco-vanzetti-2-300x247.jpg 300w\" sizes=\"auto, (max-width: 539px) 100vw, 539px\" \/><\/a><\/p>\n<p>Procesul celor doi anarhi\u015fti a fost condus de judec\u0103torul Thayer. Acuzarea adusese la bar\u0103 cincizeci \u015fi nou\u0103 de martori. Cincizeci \u015fi nou\u0103 de martori americani, ostili str\u0103inilor, \u00een general, \u015fi italienilor, \u00een special, ostili anarhi\u015ftilor \u015fi comuni\u015ftilor. Ap\u0103rarea citase nou\u0103zeci \u015fi nou\u0103 de martori. To\u0163i martorii acuz\u0103rii \u00eei v\u0103zuser\u0103 pe Sacco \u015fi Vanzetti la South Baintree \u00een ziua crimei. \u015ei to\u0163i martorii ap\u0103r\u0103rii afirmau c\u0103 \u00een acel moment ace\u015ftia erau la Plymouth. Reaua-credin\u0163\u0103 a martorilor acuz\u0103rii era evident\u0103. \u00cen cursul dezbaterilor, se va dovedi c\u0103 persoanele chemate s\u0103 depun\u0103 m\u0103rturie fuseser\u0103 influen\u0163ate de anchetatori care, \u00een mai multe r\u00e2nduri, le ar\u0103taser\u0103 fotografii de-ale lui Sacco \u015fi Vanzetti, \u00een vreme ce m\u0103rturia lor se \u00eentemeia \u00een mod esen\u0163ial pe faptul de a putea s\u0103-i recunoasc\u0103 sau nu pe acuza\u0163i \u00een timpul procesului. Dar asta nu a \u015ftirbit convingerea judec\u0103torului Thayer, care hot\u0103r\u00e2se, o dat\u0103 pentru totdeauna, c\u0103 cei doi acuza\u0163i erau vinova\u0163i \u015fi c\u0103 trebuiau s\u0103 pl\u0103teasc\u0103 pentru toate crimele comise \u00een Statele Unite de italieni. Afacerea Sacco \u015fi Vanzetti era abia la \u00eenceput, aceast\u0103 parodie de justi\u0163ie va dura \u015fapte ani.<\/p>\n<p>Sacco \u015fi Vanzetti au fost condamna\u0163i la moarte. Verdictul nu constituia o surpriz\u0103 pentru nimeni. Un om s-a ridicat \u00eens\u0103 \u00eempotriva jurisdic\u0163iei statului Massachusetts. Acest om a fost Aldino Foliarani, care a \u00eenfiin\u0163at Comitetul de Ap\u0103rare a lui Sacco \u015fi Vanzetti. Foliarani a f\u0103cut dovada c\u0103 avoca\u0163ii celor doi anarhi\u015fti au avut contacte cu acuzatorii. Berlin, Bruxelles, Londra, Paris, Budapesta, Rio, Beijing, lumea \u00eentreag\u0103 s-a revoltat, ap\u0103r\u00e2nd cauza celor doi condamna\u0163i. A\u015fa cum autorizeaz\u0103 legea american\u0103, a avut loc un nou proces care a \u00eenceput pe 9 aprilie 1927.<\/p>\n<p><a href=\"https:\/\/www.lovendal.ro\/wp52\/wp-content\/uploads\/2018\/05\/sacco-vanzetti-1.jpg\"><img loading=\"lazy\" decoding=\"async\" class=\"aligncenter size-full wp-image-55865\" src=\"https:\/\/www.lovendal.ro\/wp52\/wp-content\/uploads\/2018\/05\/sacco-vanzetti-1.jpg\" alt=\"\" width=\"540\" height=\"305\" srcset=\"https:\/\/www.lovendal.ro\/wp52\/wp-content\/uploads\/2018\/05\/sacco-vanzetti-1.jpg 540w, https:\/\/www.lovendal.ro\/wp52\/wp-content\/uploads\/2018\/05\/sacco-vanzetti-1-300x169.jpg 300w\" sizes=\"auto, (max-width: 540px) 100vw, 540px\" \/><\/a><\/p>\n<p>Sacco \u015fi Vanzetti \u015fi-au strigat f\u0103r\u0103 \u00eencetare nevinov\u0103\u0163ia. Sacco va spune judec\u0103torului Thayer: <em>\u201e\u015etiu c\u0103 aceast\u0103 sentin\u0163\u0103 va fi sentin\u0163a unei clase \u00eempotriva altei clase, cea a boga\u0163ilor \u00eempotriva oprima\u0163ilor&#8221;<\/em>. Vanzetti a luat ca martor mul\u0163imea mut\u0103: <em>\u201eDomnule judec\u0103tor Thayer, nu exist\u0103 pe lume un judec\u0103tor mai p\u0103rtinitor \u015fi mai crud dec\u00e2t ai fost dumneata fa\u0163\u0103 de noi. Te-ai opus revizuirii procesului nostru. Ai fost \u00eempotriva noastr\u0103 de la \u00eenceput, \u00eenainte chiar de a ne fi interogat. \u0162i-ai exprimat \u00een mod public dispre\u0163ul, ostilitatea&#8221;.<\/em> Judec\u0103torul Thayer, sinistru b\u0103tr\u00e2n plin de el, nici n-a clipit. A rostit calm sentin\u0163a: <em>\u201eVe\u0163i fi pedepsi\u0163i cu moartea prin electrocutare&#8221;.<\/em><\/p>\n<p>Cauza lui Sacco \u015fi Vanzetti era pierdut\u0103. P\u00e2n\u0103 \u00een ultima secund\u0103, vor spera o gra\u0163iere care nu va veni. Cei doi vor fi executa\u0163i pu\u0163in dup\u0103 miezul nop\u0163ii, \u00een primele minute ale celei de a dou\u0103zeci \u015fi treia zi a lunii iulie 1927. Moartea lor va provoca \u00een lumea \u00eentreag\u0103 o adev\u0103rat\u0103 mi\u015fcare de revolt\u0103 \u00eempotriva Statelor Unite. Sacco \u015fi Vanzetti nu erau vinova\u0163i de crima de care erau acuza\u0163i. Nicio dovad\u0103 serioas\u0103 \u015fi cinstit\u0103 nu a putut fi re\u0163inut\u0103 \u00eempotriva lor&#8230;<\/p>\n","protected":false},"excerpt":{"rendered":"<p>\u00cen ziua de 15 aprilie 1920, pe la ora 3:00 a dup\u0103-amiezii, doi b\u0103rba\u0163i mergeau \u00eencet pe strada mare din South Baintree, un or\u0103\u015fel din Statele Unite. Am\u00e2ndoi transportau \u00een valijoarele lor metalice 15.776 de dolari, plata angaja\u0163ilor unei fabrici &#8230; <\/p>\n<p class=\"read-more-container\"><a title=\"Sacco \u015fi Vanzetti, un scandal mondial. Justi\u0163ie real\u0103 vs fobia americanilor \u00eempotriva italienilor mafio\u0163i\" class=\"read-more button\" href=\"https:\/\/www.lovendal.ro\/wp52\/sacco-si-vanzetti-un-scandal-mondial-justitie-reala-vs-fobia-americanilor-impotriva-italienilor-mafioti\/#more-55861\" aria-label=\"Cite\u0219te mai multe despre Sacco \u015fi Vanzetti, un scandal mondial. Justi\u0163ie real\u0103 vs fobia americanilor \u00eempotriva italienilor mafio\u0163i\">Cititi mai multe<\/a><\/p>\n","protected":false},"author":1,"featured_media":55863,"comment_status":"open","ping_status":"closed","sticky":false,"template":"","format":"standard","meta":{"footnotes":""},"categories":[9,2833],"tags":[6672,4211,6102,4104,5070,4594,6404,3897,6546,5817,8086,10397,1532,12448,5148,2915,173,5648,580,108,836,1189,12449,12447,302,23,3362],"class_list":["post-55861","post","type-post","status-publish","format-standard","has-post-thumbnail","hentry","category-istorie","category-noutati","tag-americani","tag-arma","tag-beijing","tag-berlin","tag-boston","tag-bruxelles","tag-budapesta","tag-comunisti","tag-electrocutare","tag-fabrica","tag-gangster","tag-incaltaminte","tag-istorie-si-civilizatii","tag-italieni","tag-judecator","tag-justitie","tag-londra","tag-mafiot","tag-masina","tag-moarte","tag-paris","tag-politie","tag-rio","tag-sacco-si-vanzetti","tag-salariu","tag-sua","tag-violenta","resize-featured-image"],"yoast_head":"<!-- This site is optimized with the Yoast SEO Premium plugin v23.3 (Yoast SEO v27.4) - https:\/\/yoast.com\/product\/yoast-seo-premium-wordpress\/ -->\n<title>Sacco \u015fi Vanzetti, un scandal mondial. Justi\u0163ie real\u0103 vs fobia americanilor \u00eempotriva italienilor mafio\u0163i - Secretele lui Lovendal<\/title>\n<meta name=\"robots\" content=\"index, follow, max-snippet:-1, max-image-preview:large, max-video-preview:-1\" \/>\n<link rel=\"canonical\" href=\"https:\/\/www.lovendal.ro\/wp52\/sacco-si-vanzetti-un-scandal-mondial-justitie-reala-vs-fobia-americanilor-impotriva-italienilor-mafioti\/\" \/>\n<meta property=\"og:locale\" content=\"ro_RO\" \/>\n<meta property=\"og:type\" content=\"article\" \/>\n<meta property=\"og:title\" content=\"Sacco \u015fi Vanzetti, un scandal mondial. Justi\u0163ie real\u0103 vs fobia americanilor \u00eempotriva italienilor mafio\u0163i\" \/>\n<meta property=\"og:description\" content=\"\u00cen ziua de 15 aprilie 1920, pe la ora 3:00 a dup\u0103-amiezii, doi b\u0103rba\u0163i mergeau \u00eencet pe strada mare din South Baintree, un or\u0103\u015fel din Statele Unite. Am\u00e2ndoi transportau \u00een valijoarele lor metalice 15.776 de dolari, plata angaja\u0163ilor unei fabrici ... Cititi mai multe\" \/>\n<meta property=\"og:url\" content=\"https:\/\/www.lovendal.ro\/wp52\/sacco-si-vanzetti-un-scandal-mondial-justitie-reala-vs-fobia-americanilor-impotriva-italienilor-mafioti\/\" \/>\n<meta property=\"og:site_name\" content=\"Secretele lui Lovendal\" \/>\n<meta property=\"article:publisher\" content=\"https:\/\/www.facebook.com\/secreteleluilovendal\" \/>\n<meta property=\"article:published_time\" content=\"2018-05-03T05:46:21+00:00\" \/>\n<meta property=\"og:image\" content=\"https:\/\/www.lovendal.ro\/wp52\/wp-content\/uploads\/2018\/05\/sacco-vanzetti-coperta.jpg\" \/>\n\t<meta property=\"og:image:width\" content=\"336\" \/>\n\t<meta property=\"og:image:height\" content=\"298\" \/>\n\t<meta property=\"og:image:type\" content=\"image\/jpeg\" \/>\n<meta name=\"author\" content=\"admin\" \/>\n<meta name=\"twitter:card\" content=\"summary_large_image\" \/>\n<meta name=\"twitter:label1\" content=\"Scris de\" \/>\n\t<meta name=\"twitter:data1\" content=\"admin\" \/>\n\t<meta name=\"twitter:label2\" content=\"Timp estimat pentru citire\" \/>\n\t<meta name=\"twitter:data2\" content=\"7 minute\" \/>\n<script type=\"application\/ld+json\" class=\"yoast-schema-graph\">{\"@context\":\"https:\\\/\\\/schema.org\",\"@graph\":[{\"@type\":\"Article\",\"@id\":\"https:\\\/\\\/www.lovendal.ro\\\/wp52\\\/sacco-si-vanzetti-un-scandal-mondial-justitie-reala-vs-fobia-americanilor-impotriva-italienilor-mafioti\\\/#article\",\"isPartOf\":{\"@id\":\"https:\\\/\\\/www.lovendal.ro\\\/wp52\\\/sacco-si-vanzetti-un-scandal-mondial-justitie-reala-vs-fobia-americanilor-impotriva-italienilor-mafioti\\\/\"},\"author\":{\"name\":\"admin\",\"@id\":\"https:\\\/\\\/www.lovendal.ro\\\/wp52\\\/#\\\/schema\\\/person\\\/088691de5dfc346bb0c023e1e52ef5d9\"},\"headline\":\"Sacco \u015fi Vanzetti, un scandal mondial. Justi\u0163ie real\u0103 vs fobia americanilor \u00eempotriva italienilor mafio\u0163i\",\"datePublished\":\"2018-05-03T05:46:21+00:00\",\"mainEntityOfPage\":{\"@id\":\"https:\\\/\\\/www.lovendal.ro\\\/wp52\\\/sacco-si-vanzetti-un-scandal-mondial-justitie-reala-vs-fobia-americanilor-impotriva-italienilor-mafioti\\\/\"},\"wordCount\":1325,\"commentCount\":0,\"publisher\":{\"@id\":\"https:\\\/\\\/www.lovendal.ro\\\/wp52\\\/#organization\"},\"image\":{\"@id\":\"https:\\\/\\\/www.lovendal.ro\\\/wp52\\\/sacco-si-vanzetti-un-scandal-mondial-justitie-reala-vs-fobia-americanilor-impotriva-italienilor-mafioti\\\/#primaryimage\"},\"thumbnailUrl\":\"https:\\\/\\\/www.lovendal.ro\\\/wp52\\\/wp-content\\\/uploads\\\/2018\\\/05\\\/sacco-vanzetti-coperta.jpg\",\"keywords\":[\"americani\",\"arm\u0103\",\"Beijing\",\"Berlin\",\"Boston\",\"Bruxelles\",\"Budapesta\",\"comuni\u015fti\",\"electrocutare\",\"fabric\u0103\",\"gangster\",\"\u00eenc\u0103l\u0163\u0103minte\",\"Istorie si Civilizatii\",\"italieni\",\"judec\u0103tor\",\"justi\u0163ie\",\"Londra\",\"mafiot\",\"ma\u015fin\u0103\",\"moarte\",\"Paris\",\"poli\u0163ie\",\"Rio\",\"Sacco \u015fi Vanzetti\",\"salariu\",\"SUA\",\"violen\u0163\u0103\"],\"articleSection\":[\"Istorie si Civilizatii\",\"Noutati\"],\"inLanguage\":\"ro-RO\",\"potentialAction\":[{\"@type\":\"CommentAction\",\"name\":\"Comment\",\"target\":[\"https:\\\/\\\/www.lovendal.ro\\\/wp52\\\/sacco-si-vanzetti-un-scandal-mondial-justitie-reala-vs-fobia-americanilor-impotriva-italienilor-mafioti\\\/#respond\"]}]},{\"@type\":\"WebPage\",\"@id\":\"https:\\\/\\\/www.lovendal.ro\\\/wp52\\\/sacco-si-vanzetti-un-scandal-mondial-justitie-reala-vs-fobia-americanilor-impotriva-italienilor-mafioti\\\/\",\"url\":\"https:\\\/\\\/www.lovendal.ro\\\/wp52\\\/sacco-si-vanzetti-un-scandal-mondial-justitie-reala-vs-fobia-americanilor-impotriva-italienilor-mafioti\\\/\",\"name\":\"Sacco \u015fi Vanzetti, un scandal mondial. Justi\u0163ie real\u0103 vs fobia americanilor \u00eempotriva italienilor mafio\u0163i - Secretele lui Lovendal\",\"isPartOf\":{\"@id\":\"https:\\\/\\\/www.lovendal.ro\\\/wp52\\\/#website\"},\"primaryImageOfPage\":{\"@id\":\"https:\\\/\\\/www.lovendal.ro\\\/wp52\\\/sacco-si-vanzetti-un-scandal-mondial-justitie-reala-vs-fobia-americanilor-impotriva-italienilor-mafioti\\\/#primaryimage\"},\"image\":{\"@id\":\"https:\\\/\\\/www.lovendal.ro\\\/wp52\\\/sacco-si-vanzetti-un-scandal-mondial-justitie-reala-vs-fobia-americanilor-impotriva-italienilor-mafioti\\\/#primaryimage\"},\"thumbnailUrl\":\"https:\\\/\\\/www.lovendal.ro\\\/wp52\\\/wp-content\\\/uploads\\\/2018\\\/05\\\/sacco-vanzetti-coperta.jpg\",\"datePublished\":\"2018-05-03T05:46:21+00:00\",\"breadcrumb\":{\"@id\":\"https:\\\/\\\/www.lovendal.ro\\\/wp52\\\/sacco-si-vanzetti-un-scandal-mondial-justitie-reala-vs-fobia-americanilor-impotriva-italienilor-mafioti\\\/#breadcrumb\"},\"inLanguage\":\"ro-RO\",\"potentialAction\":[{\"@type\":\"ReadAction\",\"target\":[\"https:\\\/\\\/www.lovendal.ro\\\/wp52\\\/sacco-si-vanzetti-un-scandal-mondial-justitie-reala-vs-fobia-americanilor-impotriva-italienilor-mafioti\\\/\"]}]},{\"@type\":\"ImageObject\",\"inLanguage\":\"ro-RO\",\"@id\":\"https:\\\/\\\/www.lovendal.ro\\\/wp52\\\/sacco-si-vanzetti-un-scandal-mondial-justitie-reala-vs-fobia-americanilor-impotriva-italienilor-mafioti\\\/#primaryimage\",\"url\":\"https:\\\/\\\/www.lovendal.ro\\\/wp52\\\/wp-content\\\/uploads\\\/2018\\\/05\\\/sacco-vanzetti-coperta.jpg\",\"contentUrl\":\"https:\\\/\\\/www.lovendal.ro\\\/wp52\\\/wp-content\\\/uploads\\\/2018\\\/05\\\/sacco-vanzetti-coperta.jpg\",\"width\":336,\"height\":298},{\"@type\":\"BreadcrumbList\",\"@id\":\"https:\\\/\\\/www.lovendal.ro\\\/wp52\\\/sacco-si-vanzetti-un-scandal-mondial-justitie-reala-vs-fobia-americanilor-impotriva-italienilor-mafioti\\\/#breadcrumb\",\"itemListElement\":[{\"@type\":\"ListItem\",\"position\":1,\"name\":\"Home\",\"item\":\"https:\\\/\\\/www.lovendal.ro\\\/wp52\\\/\"},{\"@type\":\"ListItem\",\"position\":2,\"name\":\"Sacco \u015fi Vanzetti, un scandal mondial. Justi\u0163ie real\u0103 vs fobia americanilor \u00eempotriva italienilor mafio\u0163i\"}]},{\"@type\":\"WebSite\",\"@id\":\"https:\\\/\\\/www.lovendal.ro\\\/wp52\\\/#website\",\"url\":\"https:\\\/\\\/www.lovendal.ro\\\/wp52\\\/\",\"name\":\"Secretele lui Lovendal\",\"description\":\"Site de secrete, stiinta si metafizica - din 2008 -\",\"publisher\":{\"@id\":\"https:\\\/\\\/www.lovendal.ro\\\/wp52\\\/#organization\"},\"potentialAction\":[{\"@type\":\"SearchAction\",\"target\":{\"@type\":\"EntryPoint\",\"urlTemplate\":\"https:\\\/\\\/www.lovendal.ro\\\/wp52\\\/?s={search_term_string}\"},\"query-input\":{\"@type\":\"PropertyValueSpecification\",\"valueRequired\":true,\"valueName\":\"search_term_string\"}}],\"inLanguage\":\"ro-RO\"},{\"@type\":\"Organization\",\"@id\":\"https:\\\/\\\/www.lovendal.ro\\\/wp52\\\/#organization\",\"name\":\"Secretele lui Lovendal\",\"url\":\"https:\\\/\\\/www.lovendal.ro\\\/wp52\\\/\",\"logo\":{\"@type\":\"ImageObject\",\"inLanguage\":\"ro-RO\",\"@id\":\"https:\\\/\\\/www.lovendal.ro\\\/wp52\\\/#\\\/schema\\\/logo\\\/image\\\/\",\"url\":\"https:\\\/\\\/www.lovendal.ro\\\/wp52\\\/wp-content\\\/uploads\\\/2024\\\/06\\\/cropped-SLL-iun-2024-1.jpg\",\"contentUrl\":\"https:\\\/\\\/www.lovendal.ro\\\/wp52\\\/wp-content\\\/uploads\\\/2024\\\/06\\\/cropped-SLL-iun-2024-1.jpg\",\"width\":771,\"height\":240,\"caption\":\"Secretele lui Lovendal\"},\"image\":{\"@id\":\"https:\\\/\\\/www.lovendal.ro\\\/wp52\\\/#\\\/schema\\\/logo\\\/image\\\/\"},\"sameAs\":[\"https:\\\/\\\/www.facebook.com\\\/secreteleluilovendal\"]},{\"@type\":\"Person\",\"@id\":\"https:\\\/\\\/www.lovendal.ro\\\/wp52\\\/#\\\/schema\\\/person\\\/088691de5dfc346bb0c023e1e52ef5d9\",\"name\":\"admin\",\"image\":{\"@type\":\"ImageObject\",\"inLanguage\":\"ro-RO\",\"@id\":\"https:\\\/\\\/secure.gravatar.com\\\/avatar\\\/ecb9cd41f5f63c9c9b989999a59f6e2639a865ec361e9db054db0679a8f341c2?s=96&d=mm&r=g\",\"url\":\"https:\\\/\\\/secure.gravatar.com\\\/avatar\\\/ecb9cd41f5f63c9c9b989999a59f6e2639a865ec361e9db054db0679a8f341c2?s=96&d=mm&r=g\",\"contentUrl\":\"https:\\\/\\\/secure.gravatar.com\\\/avatar\\\/ecb9cd41f5f63c9c9b989999a59f6e2639a865ec361e9db054db0679a8f341c2?s=96&d=mm&r=g\",\"caption\":\"admin\"},\"sameAs\":[\"https:\\\/\\\/www.lovendal.ro\\\/wp52\"]}]}<\/script>\n<!-- \/ Yoast SEO Premium plugin. -->","yoast_head_json":{"title":"Sacco \u015fi Vanzetti, un scandal mondial. Justi\u0163ie real\u0103 vs fobia americanilor \u00eempotriva italienilor mafio\u0163i - Secretele lui Lovendal","robots":{"index":"index","follow":"follow","max-snippet":"max-snippet:-1","max-image-preview":"max-image-preview:large","max-video-preview":"max-video-preview:-1"},"canonical":"https:\/\/www.lovendal.ro\/wp52\/sacco-si-vanzetti-un-scandal-mondial-justitie-reala-vs-fobia-americanilor-impotriva-italienilor-mafioti\/","og_locale":"ro_RO","og_type":"article","og_title":"Sacco \u015fi Vanzetti, un scandal mondial. Justi\u0163ie real\u0103 vs fobia americanilor \u00eempotriva italienilor mafio\u0163i","og_description":"\u00cen ziua de 15 aprilie 1920, pe la ora 3:00 a dup\u0103-amiezii, doi b\u0103rba\u0163i mergeau \u00eencet pe strada mare din South Baintree, un or\u0103\u015fel din Statele Unite. Am\u00e2ndoi transportau \u00een valijoarele lor metalice 15.776 de dolari, plata angaja\u0163ilor unei fabrici ... Cititi mai multe","og_url":"https:\/\/www.lovendal.ro\/wp52\/sacco-si-vanzetti-un-scandal-mondial-justitie-reala-vs-fobia-americanilor-impotriva-italienilor-mafioti\/","og_site_name":"Secretele lui Lovendal","article_publisher":"https:\/\/www.facebook.com\/secreteleluilovendal","article_published_time":"2018-05-03T05:46:21+00:00","og_image":[{"width":336,"height":298,"url":"https:\/\/www.lovendal.ro\/wp52\/wp-content\/uploads\/2018\/05\/sacco-vanzetti-coperta.jpg","type":"image\/jpeg"}],"author":"admin","twitter_card":"summary_large_image","twitter_misc":{"Scris de":"admin","Timp estimat pentru citire":"7 minute"},"schema":{"@context":"https:\/\/schema.org","@graph":[{"@type":"Article","@id":"https:\/\/www.lovendal.ro\/wp52\/sacco-si-vanzetti-un-scandal-mondial-justitie-reala-vs-fobia-americanilor-impotriva-italienilor-mafioti\/#article","isPartOf":{"@id":"https:\/\/www.lovendal.ro\/wp52\/sacco-si-vanzetti-un-scandal-mondial-justitie-reala-vs-fobia-americanilor-impotriva-italienilor-mafioti\/"},"author":{"name":"admin","@id":"https:\/\/www.lovendal.ro\/wp52\/#\/schema\/person\/088691de5dfc346bb0c023e1e52ef5d9"},"headline":"Sacco \u015fi Vanzetti, un scandal mondial. Justi\u0163ie real\u0103 vs fobia americanilor \u00eempotriva italienilor mafio\u0163i","datePublished":"2018-05-03T05:46:21+00:00","mainEntityOfPage":{"@id":"https:\/\/www.lovendal.ro\/wp52\/sacco-si-vanzetti-un-scandal-mondial-justitie-reala-vs-fobia-americanilor-impotriva-italienilor-mafioti\/"},"wordCount":1325,"commentCount":0,"publisher":{"@id":"https:\/\/www.lovendal.ro\/wp52\/#organization"},"image":{"@id":"https:\/\/www.lovendal.ro\/wp52\/sacco-si-vanzetti-un-scandal-mondial-justitie-reala-vs-fobia-americanilor-impotriva-italienilor-mafioti\/#primaryimage"},"thumbnailUrl":"https:\/\/www.lovendal.ro\/wp52\/wp-content\/uploads\/2018\/05\/sacco-vanzetti-coperta.jpg","keywords":["americani","arm\u0103","Beijing","Berlin","Boston","Bruxelles","Budapesta","comuni\u015fti","electrocutare","fabric\u0103","gangster","\u00eenc\u0103l\u0163\u0103minte","Istorie si Civilizatii","italieni","judec\u0103tor","justi\u0163ie","Londra","mafiot","ma\u015fin\u0103","moarte","Paris","poli\u0163ie","Rio","Sacco \u015fi Vanzetti","salariu","SUA","violen\u0163\u0103"],"articleSection":["Istorie si Civilizatii","Noutati"],"inLanguage":"ro-RO","potentialAction":[{"@type":"CommentAction","name":"Comment","target":["https:\/\/www.lovendal.ro\/wp52\/sacco-si-vanzetti-un-scandal-mondial-justitie-reala-vs-fobia-americanilor-impotriva-italienilor-mafioti\/#respond"]}]},{"@type":"WebPage","@id":"https:\/\/www.lovendal.ro\/wp52\/sacco-si-vanzetti-un-scandal-mondial-justitie-reala-vs-fobia-americanilor-impotriva-italienilor-mafioti\/","url":"https:\/\/www.lovendal.ro\/wp52\/sacco-si-vanzetti-un-scandal-mondial-justitie-reala-vs-fobia-americanilor-impotriva-italienilor-mafioti\/","name":"Sacco \u015fi Vanzetti, un scandal mondial. Justi\u0163ie real\u0103 vs fobia americanilor \u00eempotriva italienilor mafio\u0163i - Secretele lui Lovendal","isPartOf":{"@id":"https:\/\/www.lovendal.ro\/wp52\/#website"},"primaryImageOfPage":{"@id":"https:\/\/www.lovendal.ro\/wp52\/sacco-si-vanzetti-un-scandal-mondial-justitie-reala-vs-fobia-americanilor-impotriva-italienilor-mafioti\/#primaryimage"},"image":{"@id":"https:\/\/www.lovendal.ro\/wp52\/sacco-si-vanzetti-un-scandal-mondial-justitie-reala-vs-fobia-americanilor-impotriva-italienilor-mafioti\/#primaryimage"},"thumbnailUrl":"https:\/\/www.lovendal.ro\/wp52\/wp-content\/uploads\/2018\/05\/sacco-vanzetti-coperta.jpg","datePublished":"2018-05-03T05:46:21+00:00","breadcrumb":{"@id":"https:\/\/www.lovendal.ro\/wp52\/sacco-si-vanzetti-un-scandal-mondial-justitie-reala-vs-fobia-americanilor-impotriva-italienilor-mafioti\/#breadcrumb"},"inLanguage":"ro-RO","potentialAction":[{"@type":"ReadAction","target":["https:\/\/www.lovendal.ro\/wp52\/sacco-si-vanzetti-un-scandal-mondial-justitie-reala-vs-fobia-americanilor-impotriva-italienilor-mafioti\/"]}]},{"@type":"ImageObject","inLanguage":"ro-RO","@id":"https:\/\/www.lovendal.ro\/wp52\/sacco-si-vanzetti-un-scandal-mondial-justitie-reala-vs-fobia-americanilor-impotriva-italienilor-mafioti\/#primaryimage","url":"https:\/\/www.lovendal.ro\/wp52\/wp-content\/uploads\/2018\/05\/sacco-vanzetti-coperta.jpg","contentUrl":"https:\/\/www.lovendal.ro\/wp52\/wp-content\/uploads\/2018\/05\/sacco-vanzetti-coperta.jpg","width":336,"height":298},{"@type":"BreadcrumbList","@id":"https:\/\/www.lovendal.ro\/wp52\/sacco-si-vanzetti-un-scandal-mondial-justitie-reala-vs-fobia-americanilor-impotriva-italienilor-mafioti\/#breadcrumb","itemListElement":[{"@type":"ListItem","position":1,"name":"Home","item":"https:\/\/www.lovendal.ro\/wp52\/"},{"@type":"ListItem","position":2,"name":"Sacco \u015fi Vanzetti, un scandal mondial. Justi\u0163ie real\u0103 vs fobia americanilor \u00eempotriva italienilor mafio\u0163i"}]},{"@type":"WebSite","@id":"https:\/\/www.lovendal.ro\/wp52\/#website","url":"https:\/\/www.lovendal.ro\/wp52\/","name":"Secretele lui Lovendal","description":"Site de secrete, stiinta si metafizica - din 2008 -","publisher":{"@id":"https:\/\/www.lovendal.ro\/wp52\/#organization"},"potentialAction":[{"@type":"SearchAction","target":{"@type":"EntryPoint","urlTemplate":"https:\/\/www.lovendal.ro\/wp52\/?s={search_term_string}"},"query-input":{"@type":"PropertyValueSpecification","valueRequired":true,"valueName":"search_term_string"}}],"inLanguage":"ro-RO"},{"@type":"Organization","@id":"https:\/\/www.lovendal.ro\/wp52\/#organization","name":"Secretele lui Lovendal","url":"https:\/\/www.lovendal.ro\/wp52\/","logo":{"@type":"ImageObject","inLanguage":"ro-RO","@id":"https:\/\/www.lovendal.ro\/wp52\/#\/schema\/logo\/image\/","url":"https:\/\/www.lovendal.ro\/wp52\/wp-content\/uploads\/2024\/06\/cropped-SLL-iun-2024-1.jpg","contentUrl":"https:\/\/www.lovendal.ro\/wp52\/wp-content\/uploads\/2024\/06\/cropped-SLL-iun-2024-1.jpg","width":771,"height":240,"caption":"Secretele lui Lovendal"},"image":{"@id":"https:\/\/www.lovendal.ro\/wp52\/#\/schema\/logo\/image\/"},"sameAs":["https:\/\/www.facebook.com\/secreteleluilovendal"]},{"@type":"Person","@id":"https:\/\/www.lovendal.ro\/wp52\/#\/schema\/person\/088691de5dfc346bb0c023e1e52ef5d9","name":"admin","image":{"@type":"ImageObject","inLanguage":"ro-RO","@id":"https:\/\/secure.gravatar.com\/avatar\/ecb9cd41f5f63c9c9b989999a59f6e2639a865ec361e9db054db0679a8f341c2?s=96&d=mm&r=g","url":"https:\/\/secure.gravatar.com\/avatar\/ecb9cd41f5f63c9c9b989999a59f6e2639a865ec361e9db054db0679a8f341c2?s=96&d=mm&r=g","contentUrl":"https:\/\/secure.gravatar.com\/avatar\/ecb9cd41f5f63c9c9b989999a59f6e2639a865ec361e9db054db0679a8f341c2?s=96&d=mm&r=g","caption":"admin"},"sameAs":["https:\/\/www.lovendal.ro\/wp52"]}]}},"_links":{"self":[{"href":"https:\/\/www.lovendal.ro\/wp52\/wp-json\/wp\/v2\/posts\/55861","targetHints":{"allow":["GET"]}}],"collection":[{"href":"https:\/\/www.lovendal.ro\/wp52\/wp-json\/wp\/v2\/posts"}],"about":[{"href":"https:\/\/www.lovendal.ro\/wp52\/wp-json\/wp\/v2\/types\/post"}],"author":[{"embeddable":true,"href":"https:\/\/www.lovendal.ro\/wp52\/wp-json\/wp\/v2\/users\/1"}],"replies":[{"embeddable":true,"href":"https:\/\/www.lovendal.ro\/wp52\/wp-json\/wp\/v2\/comments?post=55861"}],"version-history":[{"count":0,"href":"https:\/\/www.lovendal.ro\/wp52\/wp-json\/wp\/v2\/posts\/55861\/revisions"}],"wp:featuredmedia":[{"embeddable":true,"href":"https:\/\/www.lovendal.ro\/wp52\/wp-json\/wp\/v2\/media\/55863"}],"wp:attachment":[{"href":"https:\/\/www.lovendal.ro\/wp52\/wp-json\/wp\/v2\/media?parent=55861"}],"wp:term":[{"taxonomy":"category","embeddable":true,"href":"https:\/\/www.lovendal.ro\/wp52\/wp-json\/wp\/v2\/categories?post=55861"},{"taxonomy":"post_tag","embeddable":true,"href":"https:\/\/www.lovendal.ro\/wp52\/wp-json\/wp\/v2\/tags?post=55861"}],"curies":[{"name":"wp","href":"https:\/\/api.w.org\/{rel}","templated":true}]}}