{"id":55808,"date":"2018-04-30T13:07:42","date_gmt":"2018-04-30T10:07:42","guid":{"rendered":"http:\/\/www.lovendal.ro\/wp52\/?p=55808"},"modified":"2018-04-30T13:07:42","modified_gmt":"2018-04-30T10:07:42","slug":"o-harta-exceptionala-din-secolul-al-ix-lea-arata-ca-transilvania-era-locuita-de-daci-inaintea-venirii-hunilor-ce-mai-zic-acum-istoricii-revizionisti-maghiari","status":"publish","type":"post","link":"https:\/\/www.lovendal.ro\/wp52\/o-harta-exceptionala-din-secolul-al-ix-lea-arata-ca-transilvania-era-locuita-de-daci-inaintea-venirii-hunilor-ce-mai-zic-acum-istoricii-revizionisti-maghiari\/","title":{"rendered":"O hart\u0103 excep\u0163ional\u0103 din secolul al IX-lea arat\u0103 c\u0103 Transilvania era locuit\u0103 de &#8222;daci&#8221; \u00eenaintea venirii hunilor! Ce mai zic acum istoricii revizioni\u015fti maghiari?"},"content":{"rendered":"<p><a href=\"https:\/\/www.lovendal.ro\/wp52\/wp-content\/uploads\/2018\/04\/harta-veche.jpg\"><img loading=\"lazy\" decoding=\"async\" class=\"alignleft size-full wp-image-55810\" src=\"https:\/\/www.lovendal.ro\/wp52\/wp-content\/uploads\/2018\/04\/harta-veche.jpg\" alt=\"\" width=\"338\" height=\"273\" srcset=\"https:\/\/www.lovendal.ro\/wp52\/wp-content\/uploads\/2018\/04\/harta-veche.jpg 338w, https:\/\/www.lovendal.ro\/wp52\/wp-content\/uploads\/2018\/04\/harta-veche-300x242.jpg 300w\" sizes=\"auto, (max-width: 338px) 100vw, 338px\" \/><\/a>O comoar\u0103 excep\u0163ional\u0103, format\u0103 din peste 30 de h\u0103r\u0163i \u00een original \u015fi alte documente ale Imperiului Austro-Ungar, toate vechi de secole, se afla \u00een acest moment \u00een proprietatea unui rom\u00e2n.<\/p>\n<p>Valoarea lor este uria\u015f\u0103, nu doar din punct de vedere financiar (probabil zeci de milioane de euro), c\u00e2t mai ales din punct de vedere istoric, deoarece ele pot s\u0103 dea mari dureri de cap revizioni\u015ftilor maghiari.<\/p>\n<p>Documentele sunt mo\u015ftenite pe o linie de descendent\u0103 care merge p\u00e2n\u0103 \u00een s\u00e2nul familiilor conduc\u0103toare ale Imperiului Austro-Ungar, c\u0103 acest om a fost ofertat \u015fi de guvernul de la Budapesta \u015fi de reprezentan\u0163ii altor interese, dar c\u0103, de\u015fi oferta general\u0103 a fost de zeci de milioane de euro pentru a le vinde \u00een exteriorul \u0163\u0103rii, patriotismul l-a f\u0103cut s\u0103 nu vrea ca aceste valori s\u0103 p\u0103r\u0103seasc\u0103 Rom\u00e2nia.<\/p>\n<p>Peste toate, \u00een mod surprinz\u0103tor pentru mul\u0163i, fosta lui so\u0163ie, etnic\u0103 maghiara, i-a l\u0103sat cu limb\u0103 de moarte c\u0103 nu dore\u015fte ca aceste h\u0103r\u0163i s\u0103 p\u0103r\u0103seasc\u0103 \u0163ara, c\u0103 ele trebuie s\u0103 fie folosite \u00een interesul Rom\u00e2niei \u015fi c\u0103 nici m\u0103car Ungaria nu trebuie s\u0103 le aib\u0103, deoarece nimeni nu va mai auzi de ele dup\u0103 achizi\u0163ie!<\/p>\n<p>&nbsp;<\/p>\n<p>Autenticitatea acestor h\u0103r\u0163i a fost confirmat\u0103 at\u00e2t de exper\u0163ii acredita\u0163i ai Ministerului Culturii din Rom\u00e2nia, c\u00e2t \u015fi de un expert al Casei Regale Britanice. Toate documentele au imprimat sigiliul nobiliar al contelui Peter Frangepan, trezorier al unui mare demnitar regal, iar valoarea lor este una de tezaur al Patrimoniului Na\u0163ional.<\/p>\n<p>O hart\u0103 excep\u0163ional\u0103: harta Europei din vremea lui Carol cel Mare al francilor (747 \u2012 814 d.Hr.), reprodus\u0103 dup\u0103 o hart\u0103 a lui Ortelius \u00een jurul anului 1600 de c\u0103tre editorul Ioannes Iansonius \u015fi gravorul Petrus Kaerius Calavit, la Amsterdam. Ea poart\u0103 numele Germania Veteris \u015fi are puterea de a da peste cap toat\u0103 filosofia revizionismului maghiar deoarece harta, a\u015fa cum apare clar pe ea, ne arat\u0103 ca pe teritoriul Rom\u00e2niei de ast\u0103zi, dar \u015fi pe o parte a teritoriului Ungariei de ast\u0103zi, \u00eenainte de venirea ungurilor \u00een Europa, \u00een secolul al IX-lea, aici tr\u0103iau dacii.<\/p>\n<p><a href=\"https:\/\/www.lovendal.ro\/wp52\/wp-content\/uploads\/2018\/04\/harta-veche-daci.jpg\"><img loading=\"lazy\" decoding=\"async\" class=\"aligncenter size-full wp-image-55811\" src=\"https:\/\/www.lovendal.ro\/wp52\/wp-content\/uploads\/2018\/04\/harta-veche-daci.jpg\" alt=\"\" width=\"543\" height=\"483\" srcset=\"https:\/\/www.lovendal.ro\/wp52\/wp-content\/uploads\/2018\/04\/harta-veche-daci.jpg 543w, https:\/\/www.lovendal.ro\/wp52\/wp-content\/uploads\/2018\/04\/harta-veche-daci-300x267.jpg 300w\" sizes=\"auto, (max-width: 543px) 100vw, 543px\" \/><\/a><\/p>\n<p><strong><em>Sursa:<\/em><\/strong> <strong>bzi.ro<\/strong><\/p>\n<p>P.S. Dac\u0103 hart\u0103 e una autentic\u0103 \u015fi nu un fals, atunci mi se pare uluitor ca \u00eentr-un document din secolul al IX-lea, s\u0103 apar\u0103 denumirea de &#8222;Daciae&#8221; \u00een zona actual\u0103 a Transilvaniei (dar \u015fi pe o parte din Ungaria), ceea ce \u00eenseamn\u0103 c\u0103 atunci acest teritoriu era locuit de daci.<\/p>\n<p>Precum am mai spus \u015fi alt\u0103dat\u0103 pe acest site, exist\u0103 mai multe dovezi care arat\u0103 c\u0103 principatele rom\u00e2ne\u015fti erau numite adeseori &#8222;Dacia&#8221; \u00een secolele trecute, ceea ce, combinat\u0103 cu harta din secolul al IX-lea de mai sus, arat\u0103 o continuitate a spiritului dacic pe aceste meleaguri, ne\u00eentrerupt\u0103, \u00eenc\u0103 de acum 2 milenii.<\/p>\n<p>V\u0103 prezint \u00eenc\u0103 o dat\u0103 c\u00e2teva dovezi ale &#8222;Daciei&#8221; \u015fi &#8222;dacilor&#8221; din secolele trecute:<\/p>\n<p><strong>1) Epitaful \u00een limba greceasc\u0103 al unei pietre de morm\u00e2nt din interiorul bisericii Golia din Ia\u015fi, datat\u0103 1753 (deci cu circa un secol \u00eenainte de apari\u0163ia statului \u201cRom\u00e2nia\u201d):<\/strong><\/p>\n<p><em>Nici p\u0103m\u00e2ntean\u0103, nici din <strong>Dacia<\/strong> nu sunt, amice<\/em><br \/>\n<em> Byza mea, Byza, produc\u0103toare de b\u0103rba\u0163i glorio\u015fi, \u00eemi este patria,<\/em><br \/>\n<em> M\u2019a n\u0103scut Ghiorghios so\u0163iei sale \u015fi mama Eufrosina,<\/em><br \/>\n<em> Numele meu este Sultana cea cu via\u0163a scurt\u0103<\/em><br \/>\n<em> \u015ei eram so\u0163ia lui Mihail Racovi\u0163\u0103,<\/em><br \/>\n<em> A <strong>Domnitorului \u00een\u0163elept al<\/strong> <strong>Dacilor<\/strong> \u015fi Misienilor.<\/em><br \/>\n<em> Vai! vai! n\u2019am murit \u00een patria mea<\/em><br \/>\n<em> Ci soarta m\u2019a r\u0103pit pe p\u0103m\u00e2ntul Misienilor<\/em><br \/>\n<em> \u00cen anul al treilea \u015fi o mie de la Hristos<\/em><br \/>\n<em> Plus cincizeci, \u015fi \u015fepte ori o sut\u0103 (=1753)<\/em><br \/>\n<em> \u00cen ziua de s\u00e2mb\u0103t\u0103 a lui Ianuarie,<\/em><br \/>\n<em> Cam pe la \u00eenceput, adec\u0103 a dou\u0103 zi.<\/em><\/p>\n<p>Vede\u0163i cum se vorbe\u015fte de domnitorul Mihail Racovi\u0163\u0103 (care a fost \u015fi domn al Moldovei \u015fi cel al \u0162\u0103rii Rom\u00e2ne\u015fti) de \u201cdomnitor al dacilor \u015fi misienilor\u201d, \u00een niciun caz de \u201cdomnitor al rom\u00e2nilor\u201d. Misienii sunt un alt nume pentru vlahi, iar ace\u015fti vlahi sunt urma\u015fi ai tracilor.\u00a0A\u015fadar, \u0163ara noastr\u0103 se putea numi \u201cValahia\u201d sau \u201cDacia\u201d, fiind urma\u015fi ai tracilor \u015fi dacilor. So\u0163ia sa, Sultana Racovi\u0163\u0103, precizeaz\u0103 faptul c\u0103 nu s-a n\u0103scut \u00een \u201cDacia\u201d, ci \u00een Bizan\u0163.<\/p>\n<p><strong>2) Piatra de morm\u00e2nt a Smarandei Ghica, fiic\u0103 de domnitor, din Biserica Sf. Gheorghe din Ia\u015fi, datat\u0103 1738:<\/strong><\/p>\n<p><em>\u201eAci zace sub p\u0103m\u00e2nt dup\u0103 moartea ei \/ Prea str\u0103lucita Domni\u0163\u0103, nobila Smaranda \/ Fiic\u0103 a piosului <strong>Egemon al \u00eentregei Dacie<\/strong> \/ Domnul Grigorie Ghica, frunta\u015ful \/ Celor din Bizan\u0163, at\u00e2t pentru str\u0103lucirea neamului \/ c\u00e2t \u015fi pentru piositate \/ \u00cen anul 1738, Ianuar 22\u201d<\/em><em>. <\/em><\/p>\n<p>\u201cEgemon\u201d este un arhaism pentru \u201cconduc\u0103tor\u201d; a\u015fadar, Grigore Ghica (care a fost \u015fi el domnitor al Moldovei \u015fi al \u0162\u0103rii Rom\u00e2ne\u015fti) este considerat a fi fost \u201cconduc\u0103torul Daciei\u201d, nu al \u201cRom\u00e2niei\u201d.<\/p>\n<p><strong>3) O lucrare german\u0103 din 1683, scris\u0103 de compozitorul Daniel Speer (1636-1707) \u015fi intitulat\u0103 <em>\u201cUngarischer oder Dacianischer Simplicissimus\u201d<\/em> adic\u0103 <\/strong><em><strong>\u201eSimplicissimus ungar sau dac\u201d.\u00a0<\/strong> <\/em><\/p>\n<p>Eroul nostru porne\u015fte din Silezia, petrece un timp \u00een Polonia, vine apoi \u00een Slovacia, unde studiaz\u0103 muzica \u015fi particip\u0103 la lupte cu turcii, intr\u0103 la un moment dat \u00een slujba unor magna\u0163i maghiari care \u00eel aduc \u00een Transilvania, unde, \u00een cele din urm\u0103, se angajeaz\u0103 pe l\u00eeng\u0103 Gheorghe \u015etefan, fostul domn al Moldovei (1653-1658), \u015fi apoi pe l\u00eeng\u0103 nefericitul principe ardelean Aca\u0163iu Barcsai. Ac\u0163iunea se petrece aproximativ \u00eentre 1654-1661, continu\u00eend apoi \u00eentr-un alt roman \u201esimplician\u201d al lui Speer, <em>\u201cTurkischer Vagant\u201d<\/em>, \u00een care eroul c\u0103l\u0103tore\u015fte prin \u0163inuturile asiatice ale Imperiului otoman.<\/p>\n<p>\u00cen acea vreme, s-au tip\u0103rit o sumedenie de texte geografice \u015fi istoriografice \u00een leg\u0103tur\u0103 cu deplasarea interesului politicii habsburgice c\u0103tre Ungaria \u015fi Balcani; \u00een aceste texte, apare frecvent denumirea <strong>Dacia<\/strong>, aplicat\u0103 uneia sau alteia dintre \u0163\u0103rile rom\u00e2ne, de cele mai multe ori \u00eens\u0103 tuturor la un loc, marc\u00e2ndu-se astfel ideea unit\u0103\u0163ii lor ini\u0163iale. Tot atunci, circulau cu insisten\u0163\u0103 zvonurile despre proiectele \u201edacice\u201d ale principilor ardeleni \u2014 Gabriel Bethlen \u015fi cei doi Rakoczi \u2014 ale cur\u0163ii poloneze \u015fi chiar ale cur\u0163ii de la Viena. Toate acestea nu-i puteau fi str\u0103ine lui Daniel Speer. Titlul romanului indic\u0103 existen\u0163a \u015fi mai ales consisten\u0163a unei idei deosebit de pre\u0163ioase pentru con\u015ftiin\u0163a opiniei publice europene a epocii, dincolo de proiectele urzite de cabinetele diplomatice: ideea re\u00eenvierii vechii Dacii, a reunirii celor trei \u0163\u0103ri rom\u00e2ne \u00eentr-un singur stat, a\u015fa cum o f\u0103cuse Mihai Viteazul.<\/p>\n","protected":false},"excerpt":{"rendered":"<p>O comoar\u0103 excep\u0163ional\u0103, format\u0103 din peste 30 de h\u0103r\u0163i \u00een original \u015fi alte documente ale Imperiului Austro-Ungar, toate vechi de secole, se afla \u00een acest moment \u00een proprietatea unui rom\u00e2n. Valoarea lor este uria\u015f\u0103, nu doar din punct de vedere &#8230; <\/p>\n<p class=\"read-more-container\"><a title=\"O hart\u0103 excep\u0163ional\u0103 din secolul al IX-lea arat\u0103 c\u0103 Transilvania era locuit\u0103 de &#8222;daci&#8221; \u00eenaintea venirii hunilor! Ce mai zic acum istoricii revizioni\u015fti maghiari?\" class=\"read-more button\" href=\"https:\/\/www.lovendal.ro\/wp52\/o-harta-exceptionala-din-secolul-al-ix-lea-arata-ca-transilvania-era-locuita-de-daci-inaintea-venirii-hunilor-ce-mai-zic-acum-istoricii-revizionisti-maghiari\/#more-55808\" aria-label=\"Cite\u0219te mai multe despre O hart\u0103 excep\u0163ional\u0103 din secolul al IX-lea arat\u0103 c\u0103 Transilvania era locuit\u0103 de &#8222;daci&#8221; \u00eenaintea venirii hunilor! Ce mai zic acum istoricii revizioni\u015fti maghiari?\">Cititi mai multe<\/a><\/p>\n","protected":false},"author":1,"featured_media":55810,"comment_status":"open","ping_status":"closed","sticky":false,"template":"","format":"standard","meta":{"footnotes":""},"categories":[9,2833],"tags":[6394,4538,253,6404,785,197,1110,1157,115,1428,3180,341,378,12437,10401,4464,720,3560,329,909,1532,6064,5145,377,315,583,3551,74,5005,228,2689,494,2706],"class_list":["post-55808","post","type-post","status-publish","format-standard","has-post-thumbnail","hentry","category-istorie","category-noutati","tag-amsterdam","tag-balcani","tag-biserica","tag-budapesta","tag-carol-cel-mare","tag-conte","tag-daci","tag-dacia","tag-dolari","tag-domnitor","tag-euro","tag-europa","tag-ghica","tag-ghoerghe-stefan","tag-golia","tag-guvern","tag-harta","tag-huni","tag-iasi","tag-imperiul-austro-ungar","tag-istorie-si-civilizatii","tag-maghiari","tag-mihail-racovita","tag-moldova","tag-mormant","tag-polonia","tag-racovita","tag-romania","tag-slovacia","tag-tara-romaneasca","tag-traci","tag-transilvania","tag-viena","resize-featured-image"],"yoast_head":"<!-- This site is optimized with the Yoast SEO Premium plugin v23.3 (Yoast SEO v27.4) - https:\/\/yoast.com\/product\/yoast-seo-premium-wordpress\/ -->\n<title>O hart\u0103 excep\u0163ional\u0103 din secolul al IX-lea arat\u0103 c\u0103 Transilvania era locuit\u0103 de &quot;daci&quot; \u00eenaintea venirii hunilor! Ce mai zic acum istoricii revizioni\u015fti maghiari? - Secretele lui Lovendal<\/title>\n<meta name=\"robots\" content=\"index, follow, max-snippet:-1, max-image-preview:large, max-video-preview:-1\" \/>\n<link rel=\"canonical\" href=\"https:\/\/www.lovendal.ro\/wp52\/o-harta-exceptionala-din-secolul-al-ix-lea-arata-ca-transilvania-era-locuita-de-daci-inaintea-venirii-hunilor-ce-mai-zic-acum-istoricii-revizionisti-maghiari\/\" \/>\n<meta property=\"og:locale\" content=\"ro_RO\" \/>\n<meta property=\"og:type\" content=\"article\" \/>\n<meta property=\"og:title\" content=\"O hart\u0103 excep\u0163ional\u0103 din secolul al IX-lea arat\u0103 c\u0103 Transilvania era locuit\u0103 de &quot;daci&quot; \u00eenaintea venirii hunilor! Ce mai zic acum istoricii revizioni\u015fti maghiari?\" \/>\n<meta property=\"og:description\" content=\"O comoar\u0103 excep\u0163ional\u0103, format\u0103 din peste 30 de h\u0103r\u0163i \u00een original \u015fi alte documente ale Imperiului Austro-Ungar, toate vechi de secole, se afla \u00een acest moment \u00een proprietatea unui rom\u00e2n. Valoarea lor este uria\u015f\u0103, nu doar din punct de vedere ... Cititi mai multe\" \/>\n<meta property=\"og:url\" content=\"https:\/\/www.lovendal.ro\/wp52\/o-harta-exceptionala-din-secolul-al-ix-lea-arata-ca-transilvania-era-locuita-de-daci-inaintea-venirii-hunilor-ce-mai-zic-acum-istoricii-revizionisti-maghiari\/\" \/>\n<meta property=\"og:site_name\" content=\"Secretele lui Lovendal\" \/>\n<meta property=\"article:publisher\" content=\"https:\/\/www.facebook.com\/secreteleluilovendal\" \/>\n<meta property=\"article:published_time\" content=\"2018-04-30T10:07:42+00:00\" \/>\n<meta property=\"og:image\" content=\"https:\/\/www.lovendal.ro\/wp52\/wp-content\/uploads\/2018\/04\/harta-veche.jpg\" \/>\n\t<meta property=\"og:image:width\" content=\"338\" \/>\n\t<meta property=\"og:image:height\" content=\"273\" \/>\n\t<meta property=\"og:image:type\" content=\"image\/jpeg\" \/>\n<meta name=\"author\" content=\"admin\" \/>\n<meta name=\"twitter:card\" content=\"summary_large_image\" \/>\n<meta name=\"twitter:label1\" content=\"Scris de\" \/>\n\t<meta name=\"twitter:data1\" content=\"admin\" \/>\n\t<meta name=\"twitter:label2\" content=\"Timp estimat pentru citire\" \/>\n\t<meta name=\"twitter:data2\" content=\"6 minute\" \/>\n<script type=\"application\/ld+json\" class=\"yoast-schema-graph\">{\"@context\":\"https:\\\/\\\/schema.org\",\"@graph\":[{\"@type\":\"Article\",\"@id\":\"https:\\\/\\\/www.lovendal.ro\\\/wp52\\\/o-harta-exceptionala-din-secolul-al-ix-lea-arata-ca-transilvania-era-locuita-de-daci-inaintea-venirii-hunilor-ce-mai-zic-acum-istoricii-revizionisti-maghiari\\\/#article\",\"isPartOf\":{\"@id\":\"https:\\\/\\\/www.lovendal.ro\\\/wp52\\\/o-harta-exceptionala-din-secolul-al-ix-lea-arata-ca-transilvania-era-locuita-de-daci-inaintea-venirii-hunilor-ce-mai-zic-acum-istoricii-revizionisti-maghiari\\\/\"},\"author\":{\"name\":\"admin\",\"@id\":\"https:\\\/\\\/www.lovendal.ro\\\/wp52\\\/#\\\/schema\\\/person\\\/088691de5dfc346bb0c023e1e52ef5d9\"},\"headline\":\"O hart\u0103 excep\u0163ional\u0103 din secolul al IX-lea arat\u0103 c\u0103 Transilvania era locuit\u0103 de &#8222;daci&#8221; \u00eenaintea venirii hunilor! Ce mai zic acum istoricii revizioni\u015fti maghiari?\",\"datePublished\":\"2018-04-30T10:07:42+00:00\",\"mainEntityOfPage\":{\"@id\":\"https:\\\/\\\/www.lovendal.ro\\\/wp52\\\/o-harta-exceptionala-din-secolul-al-ix-lea-arata-ca-transilvania-era-locuita-de-daci-inaintea-venirii-hunilor-ce-mai-zic-acum-istoricii-revizionisti-maghiari\\\/\"},\"wordCount\":1130,\"commentCount\":12,\"publisher\":{\"@id\":\"https:\\\/\\\/www.lovendal.ro\\\/wp52\\\/#organization\"},\"image\":{\"@id\":\"https:\\\/\\\/www.lovendal.ro\\\/wp52\\\/o-harta-exceptionala-din-secolul-al-ix-lea-arata-ca-transilvania-era-locuita-de-daci-inaintea-venirii-hunilor-ce-mai-zic-acum-istoricii-revizionisti-maghiari\\\/#primaryimage\"},\"thumbnailUrl\":\"https:\\\/\\\/www.lovendal.ro\\\/wp52\\\/wp-content\\\/uploads\\\/2018\\\/04\\\/harta-veche.jpg\",\"keywords\":[\"Amsterdam\",\"Balcani\",\"biseric\u0103\",\"Budapesta\",\"Carol cel Mare\",\"conte\",\"daci\",\"Dacia\",\"dolari\",\"domnitor\",\"euro\",\"Europa\",\"Ghica\",\"Ghoerghe \u015etefan\",\"Golia\",\"guvern\",\"hart\u0103\",\"huni\",\"Ia\u015fi\",\"Imperiul Austro-Ungar\",\"Istorie si Civilizatii\",\"maghiari\",\"Mihail Racovi\u0163\u0103\",\"Moldova\",\"morm\u00e2nt\",\"Polonia\",\"Racovi\u0163\u0103\",\"Rom\u00e2nia\",\"Slovacia\",\"\u0162ara Rom\u00e2neasc\u0103\",\"traci\",\"Transilvania\",\"Viena\"],\"articleSection\":[\"Istorie si Civilizatii\",\"Noutati\"],\"inLanguage\":\"ro-RO\",\"potentialAction\":[{\"@type\":\"CommentAction\",\"name\":\"Comment\",\"target\":[\"https:\\\/\\\/www.lovendal.ro\\\/wp52\\\/o-harta-exceptionala-din-secolul-al-ix-lea-arata-ca-transilvania-era-locuita-de-daci-inaintea-venirii-hunilor-ce-mai-zic-acum-istoricii-revizionisti-maghiari\\\/#respond\"]}]},{\"@type\":\"WebPage\",\"@id\":\"https:\\\/\\\/www.lovendal.ro\\\/wp52\\\/o-harta-exceptionala-din-secolul-al-ix-lea-arata-ca-transilvania-era-locuita-de-daci-inaintea-venirii-hunilor-ce-mai-zic-acum-istoricii-revizionisti-maghiari\\\/\",\"url\":\"https:\\\/\\\/www.lovendal.ro\\\/wp52\\\/o-harta-exceptionala-din-secolul-al-ix-lea-arata-ca-transilvania-era-locuita-de-daci-inaintea-venirii-hunilor-ce-mai-zic-acum-istoricii-revizionisti-maghiari\\\/\",\"name\":\"O hart\u0103 excep\u0163ional\u0103 din secolul al IX-lea arat\u0103 c\u0103 Transilvania era locuit\u0103 de \\\"daci\\\" \u00eenaintea venirii hunilor! Ce mai zic acum istoricii revizioni\u015fti maghiari? - Secretele lui Lovendal\",\"isPartOf\":{\"@id\":\"https:\\\/\\\/www.lovendal.ro\\\/wp52\\\/#website\"},\"primaryImageOfPage\":{\"@id\":\"https:\\\/\\\/www.lovendal.ro\\\/wp52\\\/o-harta-exceptionala-din-secolul-al-ix-lea-arata-ca-transilvania-era-locuita-de-daci-inaintea-venirii-hunilor-ce-mai-zic-acum-istoricii-revizionisti-maghiari\\\/#primaryimage\"},\"image\":{\"@id\":\"https:\\\/\\\/www.lovendal.ro\\\/wp52\\\/o-harta-exceptionala-din-secolul-al-ix-lea-arata-ca-transilvania-era-locuita-de-daci-inaintea-venirii-hunilor-ce-mai-zic-acum-istoricii-revizionisti-maghiari\\\/#primaryimage\"},\"thumbnailUrl\":\"https:\\\/\\\/www.lovendal.ro\\\/wp52\\\/wp-content\\\/uploads\\\/2018\\\/04\\\/harta-veche.jpg\",\"datePublished\":\"2018-04-30T10:07:42+00:00\",\"breadcrumb\":{\"@id\":\"https:\\\/\\\/www.lovendal.ro\\\/wp52\\\/o-harta-exceptionala-din-secolul-al-ix-lea-arata-ca-transilvania-era-locuita-de-daci-inaintea-venirii-hunilor-ce-mai-zic-acum-istoricii-revizionisti-maghiari\\\/#breadcrumb\"},\"inLanguage\":\"ro-RO\",\"potentialAction\":[{\"@type\":\"ReadAction\",\"target\":[\"https:\\\/\\\/www.lovendal.ro\\\/wp52\\\/o-harta-exceptionala-din-secolul-al-ix-lea-arata-ca-transilvania-era-locuita-de-daci-inaintea-venirii-hunilor-ce-mai-zic-acum-istoricii-revizionisti-maghiari\\\/\"]}]},{\"@type\":\"ImageObject\",\"inLanguage\":\"ro-RO\",\"@id\":\"https:\\\/\\\/www.lovendal.ro\\\/wp52\\\/o-harta-exceptionala-din-secolul-al-ix-lea-arata-ca-transilvania-era-locuita-de-daci-inaintea-venirii-hunilor-ce-mai-zic-acum-istoricii-revizionisti-maghiari\\\/#primaryimage\",\"url\":\"https:\\\/\\\/www.lovendal.ro\\\/wp52\\\/wp-content\\\/uploads\\\/2018\\\/04\\\/harta-veche.jpg\",\"contentUrl\":\"https:\\\/\\\/www.lovendal.ro\\\/wp52\\\/wp-content\\\/uploads\\\/2018\\\/04\\\/harta-veche.jpg\",\"width\":338,\"height\":273},{\"@type\":\"BreadcrumbList\",\"@id\":\"https:\\\/\\\/www.lovendal.ro\\\/wp52\\\/o-harta-exceptionala-din-secolul-al-ix-lea-arata-ca-transilvania-era-locuita-de-daci-inaintea-venirii-hunilor-ce-mai-zic-acum-istoricii-revizionisti-maghiari\\\/#breadcrumb\",\"itemListElement\":[{\"@type\":\"ListItem\",\"position\":1,\"name\":\"Home\",\"item\":\"https:\\\/\\\/www.lovendal.ro\\\/wp52\\\/\"},{\"@type\":\"ListItem\",\"position\":2,\"name\":\"O hart\u0103 excep\u0163ional\u0103 din secolul al IX-lea arat\u0103 c\u0103 Transilvania era locuit\u0103 de &#8222;daci&#8221; \u00eenaintea venirii hunilor! Ce mai zic acum istoricii revizioni\u015fti maghiari?\"}]},{\"@type\":\"WebSite\",\"@id\":\"https:\\\/\\\/www.lovendal.ro\\\/wp52\\\/#website\",\"url\":\"https:\\\/\\\/www.lovendal.ro\\\/wp52\\\/\",\"name\":\"Secretele lui Lovendal\",\"description\":\"Site de secrete, stiinta si metafizica - din 2008 -\",\"publisher\":{\"@id\":\"https:\\\/\\\/www.lovendal.ro\\\/wp52\\\/#organization\"},\"potentialAction\":[{\"@type\":\"SearchAction\",\"target\":{\"@type\":\"EntryPoint\",\"urlTemplate\":\"https:\\\/\\\/www.lovendal.ro\\\/wp52\\\/?s={search_term_string}\"},\"query-input\":{\"@type\":\"PropertyValueSpecification\",\"valueRequired\":true,\"valueName\":\"search_term_string\"}}],\"inLanguage\":\"ro-RO\"},{\"@type\":\"Organization\",\"@id\":\"https:\\\/\\\/www.lovendal.ro\\\/wp52\\\/#organization\",\"name\":\"Secretele lui Lovendal\",\"url\":\"https:\\\/\\\/www.lovendal.ro\\\/wp52\\\/\",\"logo\":{\"@type\":\"ImageObject\",\"inLanguage\":\"ro-RO\",\"@id\":\"https:\\\/\\\/www.lovendal.ro\\\/wp52\\\/#\\\/schema\\\/logo\\\/image\\\/\",\"url\":\"https:\\\/\\\/www.lovendal.ro\\\/wp52\\\/wp-content\\\/uploads\\\/2024\\\/06\\\/cropped-SLL-iun-2024-1.jpg\",\"contentUrl\":\"https:\\\/\\\/www.lovendal.ro\\\/wp52\\\/wp-content\\\/uploads\\\/2024\\\/06\\\/cropped-SLL-iun-2024-1.jpg\",\"width\":771,\"height\":240,\"caption\":\"Secretele lui Lovendal\"},\"image\":{\"@id\":\"https:\\\/\\\/www.lovendal.ro\\\/wp52\\\/#\\\/schema\\\/logo\\\/image\\\/\"},\"sameAs\":[\"https:\\\/\\\/www.facebook.com\\\/secreteleluilovendal\"]},{\"@type\":\"Person\",\"@id\":\"https:\\\/\\\/www.lovendal.ro\\\/wp52\\\/#\\\/schema\\\/person\\\/088691de5dfc346bb0c023e1e52ef5d9\",\"name\":\"admin\",\"image\":{\"@type\":\"ImageObject\",\"inLanguage\":\"ro-RO\",\"@id\":\"https:\\\/\\\/secure.gravatar.com\\\/avatar\\\/ecb9cd41f5f63c9c9b989999a59f6e2639a865ec361e9db054db0679a8f341c2?s=96&d=mm&r=g\",\"url\":\"https:\\\/\\\/secure.gravatar.com\\\/avatar\\\/ecb9cd41f5f63c9c9b989999a59f6e2639a865ec361e9db054db0679a8f341c2?s=96&d=mm&r=g\",\"contentUrl\":\"https:\\\/\\\/secure.gravatar.com\\\/avatar\\\/ecb9cd41f5f63c9c9b989999a59f6e2639a865ec361e9db054db0679a8f341c2?s=96&d=mm&r=g\",\"caption\":\"admin\"},\"sameAs\":[\"https:\\\/\\\/www.lovendal.ro\\\/wp52\"]}]}<\/script>\n<!-- \/ Yoast SEO Premium plugin. -->","yoast_head_json":{"title":"O hart\u0103 excep\u0163ional\u0103 din secolul al IX-lea arat\u0103 c\u0103 Transilvania era locuit\u0103 de \"daci\" \u00eenaintea venirii hunilor! Ce mai zic acum istoricii revizioni\u015fti maghiari? - Secretele lui Lovendal","robots":{"index":"index","follow":"follow","max-snippet":"max-snippet:-1","max-image-preview":"max-image-preview:large","max-video-preview":"max-video-preview:-1"},"canonical":"https:\/\/www.lovendal.ro\/wp52\/o-harta-exceptionala-din-secolul-al-ix-lea-arata-ca-transilvania-era-locuita-de-daci-inaintea-venirii-hunilor-ce-mai-zic-acum-istoricii-revizionisti-maghiari\/","og_locale":"ro_RO","og_type":"article","og_title":"O hart\u0103 excep\u0163ional\u0103 din secolul al IX-lea arat\u0103 c\u0103 Transilvania era locuit\u0103 de \"daci\" \u00eenaintea venirii hunilor! Ce mai zic acum istoricii revizioni\u015fti maghiari?","og_description":"O comoar\u0103 excep\u0163ional\u0103, format\u0103 din peste 30 de h\u0103r\u0163i \u00een original \u015fi alte documente ale Imperiului Austro-Ungar, toate vechi de secole, se afla \u00een acest moment \u00een proprietatea unui rom\u00e2n. Valoarea lor este uria\u015f\u0103, nu doar din punct de vedere ... Cititi mai multe","og_url":"https:\/\/www.lovendal.ro\/wp52\/o-harta-exceptionala-din-secolul-al-ix-lea-arata-ca-transilvania-era-locuita-de-daci-inaintea-venirii-hunilor-ce-mai-zic-acum-istoricii-revizionisti-maghiari\/","og_site_name":"Secretele lui Lovendal","article_publisher":"https:\/\/www.facebook.com\/secreteleluilovendal","article_published_time":"2018-04-30T10:07:42+00:00","og_image":[{"width":338,"height":273,"url":"https:\/\/www.lovendal.ro\/wp52\/wp-content\/uploads\/2018\/04\/harta-veche.jpg","type":"image\/jpeg"}],"author":"admin","twitter_card":"summary_large_image","twitter_misc":{"Scris de":"admin","Timp estimat pentru citire":"6 minute"},"schema":{"@context":"https:\/\/schema.org","@graph":[{"@type":"Article","@id":"https:\/\/www.lovendal.ro\/wp52\/o-harta-exceptionala-din-secolul-al-ix-lea-arata-ca-transilvania-era-locuita-de-daci-inaintea-venirii-hunilor-ce-mai-zic-acum-istoricii-revizionisti-maghiari\/#article","isPartOf":{"@id":"https:\/\/www.lovendal.ro\/wp52\/o-harta-exceptionala-din-secolul-al-ix-lea-arata-ca-transilvania-era-locuita-de-daci-inaintea-venirii-hunilor-ce-mai-zic-acum-istoricii-revizionisti-maghiari\/"},"author":{"name":"admin","@id":"https:\/\/www.lovendal.ro\/wp52\/#\/schema\/person\/088691de5dfc346bb0c023e1e52ef5d9"},"headline":"O hart\u0103 excep\u0163ional\u0103 din secolul al IX-lea arat\u0103 c\u0103 Transilvania era locuit\u0103 de &#8222;daci&#8221; \u00eenaintea venirii hunilor! Ce mai zic acum istoricii revizioni\u015fti maghiari?","datePublished":"2018-04-30T10:07:42+00:00","mainEntityOfPage":{"@id":"https:\/\/www.lovendal.ro\/wp52\/o-harta-exceptionala-din-secolul-al-ix-lea-arata-ca-transilvania-era-locuita-de-daci-inaintea-venirii-hunilor-ce-mai-zic-acum-istoricii-revizionisti-maghiari\/"},"wordCount":1130,"commentCount":12,"publisher":{"@id":"https:\/\/www.lovendal.ro\/wp52\/#organization"},"image":{"@id":"https:\/\/www.lovendal.ro\/wp52\/o-harta-exceptionala-din-secolul-al-ix-lea-arata-ca-transilvania-era-locuita-de-daci-inaintea-venirii-hunilor-ce-mai-zic-acum-istoricii-revizionisti-maghiari\/#primaryimage"},"thumbnailUrl":"https:\/\/www.lovendal.ro\/wp52\/wp-content\/uploads\/2018\/04\/harta-veche.jpg","keywords":["Amsterdam","Balcani","biseric\u0103","Budapesta","Carol cel Mare","conte","daci","Dacia","dolari","domnitor","euro","Europa","Ghica","Ghoerghe \u015etefan","Golia","guvern","hart\u0103","huni","Ia\u015fi","Imperiul Austro-Ungar","Istorie si Civilizatii","maghiari","Mihail Racovi\u0163\u0103","Moldova","morm\u00e2nt","Polonia","Racovi\u0163\u0103","Rom\u00e2nia","Slovacia","\u0162ara Rom\u00e2neasc\u0103","traci","Transilvania","Viena"],"articleSection":["Istorie si Civilizatii","Noutati"],"inLanguage":"ro-RO","potentialAction":[{"@type":"CommentAction","name":"Comment","target":["https:\/\/www.lovendal.ro\/wp52\/o-harta-exceptionala-din-secolul-al-ix-lea-arata-ca-transilvania-era-locuita-de-daci-inaintea-venirii-hunilor-ce-mai-zic-acum-istoricii-revizionisti-maghiari\/#respond"]}]},{"@type":"WebPage","@id":"https:\/\/www.lovendal.ro\/wp52\/o-harta-exceptionala-din-secolul-al-ix-lea-arata-ca-transilvania-era-locuita-de-daci-inaintea-venirii-hunilor-ce-mai-zic-acum-istoricii-revizionisti-maghiari\/","url":"https:\/\/www.lovendal.ro\/wp52\/o-harta-exceptionala-din-secolul-al-ix-lea-arata-ca-transilvania-era-locuita-de-daci-inaintea-venirii-hunilor-ce-mai-zic-acum-istoricii-revizionisti-maghiari\/","name":"O hart\u0103 excep\u0163ional\u0103 din secolul al IX-lea arat\u0103 c\u0103 Transilvania era locuit\u0103 de \"daci\" \u00eenaintea venirii hunilor! Ce mai zic acum istoricii revizioni\u015fti maghiari? - Secretele lui Lovendal","isPartOf":{"@id":"https:\/\/www.lovendal.ro\/wp52\/#website"},"primaryImageOfPage":{"@id":"https:\/\/www.lovendal.ro\/wp52\/o-harta-exceptionala-din-secolul-al-ix-lea-arata-ca-transilvania-era-locuita-de-daci-inaintea-venirii-hunilor-ce-mai-zic-acum-istoricii-revizionisti-maghiari\/#primaryimage"},"image":{"@id":"https:\/\/www.lovendal.ro\/wp52\/o-harta-exceptionala-din-secolul-al-ix-lea-arata-ca-transilvania-era-locuita-de-daci-inaintea-venirii-hunilor-ce-mai-zic-acum-istoricii-revizionisti-maghiari\/#primaryimage"},"thumbnailUrl":"https:\/\/www.lovendal.ro\/wp52\/wp-content\/uploads\/2018\/04\/harta-veche.jpg","datePublished":"2018-04-30T10:07:42+00:00","breadcrumb":{"@id":"https:\/\/www.lovendal.ro\/wp52\/o-harta-exceptionala-din-secolul-al-ix-lea-arata-ca-transilvania-era-locuita-de-daci-inaintea-venirii-hunilor-ce-mai-zic-acum-istoricii-revizionisti-maghiari\/#breadcrumb"},"inLanguage":"ro-RO","potentialAction":[{"@type":"ReadAction","target":["https:\/\/www.lovendal.ro\/wp52\/o-harta-exceptionala-din-secolul-al-ix-lea-arata-ca-transilvania-era-locuita-de-daci-inaintea-venirii-hunilor-ce-mai-zic-acum-istoricii-revizionisti-maghiari\/"]}]},{"@type":"ImageObject","inLanguage":"ro-RO","@id":"https:\/\/www.lovendal.ro\/wp52\/o-harta-exceptionala-din-secolul-al-ix-lea-arata-ca-transilvania-era-locuita-de-daci-inaintea-venirii-hunilor-ce-mai-zic-acum-istoricii-revizionisti-maghiari\/#primaryimage","url":"https:\/\/www.lovendal.ro\/wp52\/wp-content\/uploads\/2018\/04\/harta-veche.jpg","contentUrl":"https:\/\/www.lovendal.ro\/wp52\/wp-content\/uploads\/2018\/04\/harta-veche.jpg","width":338,"height":273},{"@type":"BreadcrumbList","@id":"https:\/\/www.lovendal.ro\/wp52\/o-harta-exceptionala-din-secolul-al-ix-lea-arata-ca-transilvania-era-locuita-de-daci-inaintea-venirii-hunilor-ce-mai-zic-acum-istoricii-revizionisti-maghiari\/#breadcrumb","itemListElement":[{"@type":"ListItem","position":1,"name":"Home","item":"https:\/\/www.lovendal.ro\/wp52\/"},{"@type":"ListItem","position":2,"name":"O hart\u0103 excep\u0163ional\u0103 din secolul al IX-lea arat\u0103 c\u0103 Transilvania era locuit\u0103 de &#8222;daci&#8221; \u00eenaintea venirii hunilor! Ce mai zic acum istoricii revizioni\u015fti maghiari?"}]},{"@type":"WebSite","@id":"https:\/\/www.lovendal.ro\/wp52\/#website","url":"https:\/\/www.lovendal.ro\/wp52\/","name":"Secretele lui Lovendal","description":"Site de secrete, stiinta si metafizica - din 2008 -","publisher":{"@id":"https:\/\/www.lovendal.ro\/wp52\/#organization"},"potentialAction":[{"@type":"SearchAction","target":{"@type":"EntryPoint","urlTemplate":"https:\/\/www.lovendal.ro\/wp52\/?s={search_term_string}"},"query-input":{"@type":"PropertyValueSpecification","valueRequired":true,"valueName":"search_term_string"}}],"inLanguage":"ro-RO"},{"@type":"Organization","@id":"https:\/\/www.lovendal.ro\/wp52\/#organization","name":"Secretele lui Lovendal","url":"https:\/\/www.lovendal.ro\/wp52\/","logo":{"@type":"ImageObject","inLanguage":"ro-RO","@id":"https:\/\/www.lovendal.ro\/wp52\/#\/schema\/logo\/image\/","url":"https:\/\/www.lovendal.ro\/wp52\/wp-content\/uploads\/2024\/06\/cropped-SLL-iun-2024-1.jpg","contentUrl":"https:\/\/www.lovendal.ro\/wp52\/wp-content\/uploads\/2024\/06\/cropped-SLL-iun-2024-1.jpg","width":771,"height":240,"caption":"Secretele lui Lovendal"},"image":{"@id":"https:\/\/www.lovendal.ro\/wp52\/#\/schema\/logo\/image\/"},"sameAs":["https:\/\/www.facebook.com\/secreteleluilovendal"]},{"@type":"Person","@id":"https:\/\/www.lovendal.ro\/wp52\/#\/schema\/person\/088691de5dfc346bb0c023e1e52ef5d9","name":"admin","image":{"@type":"ImageObject","inLanguage":"ro-RO","@id":"https:\/\/secure.gravatar.com\/avatar\/ecb9cd41f5f63c9c9b989999a59f6e2639a865ec361e9db054db0679a8f341c2?s=96&d=mm&r=g","url":"https:\/\/secure.gravatar.com\/avatar\/ecb9cd41f5f63c9c9b989999a59f6e2639a865ec361e9db054db0679a8f341c2?s=96&d=mm&r=g","contentUrl":"https:\/\/secure.gravatar.com\/avatar\/ecb9cd41f5f63c9c9b989999a59f6e2639a865ec361e9db054db0679a8f341c2?s=96&d=mm&r=g","caption":"admin"},"sameAs":["https:\/\/www.lovendal.ro\/wp52"]}]}},"_links":{"self":[{"href":"https:\/\/www.lovendal.ro\/wp52\/wp-json\/wp\/v2\/posts\/55808","targetHints":{"allow":["GET"]}}],"collection":[{"href":"https:\/\/www.lovendal.ro\/wp52\/wp-json\/wp\/v2\/posts"}],"about":[{"href":"https:\/\/www.lovendal.ro\/wp52\/wp-json\/wp\/v2\/types\/post"}],"author":[{"embeddable":true,"href":"https:\/\/www.lovendal.ro\/wp52\/wp-json\/wp\/v2\/users\/1"}],"replies":[{"embeddable":true,"href":"https:\/\/www.lovendal.ro\/wp52\/wp-json\/wp\/v2\/comments?post=55808"}],"version-history":[{"count":0,"href":"https:\/\/www.lovendal.ro\/wp52\/wp-json\/wp\/v2\/posts\/55808\/revisions"}],"wp:featuredmedia":[{"embeddable":true,"href":"https:\/\/www.lovendal.ro\/wp52\/wp-json\/wp\/v2\/media\/55810"}],"wp:attachment":[{"href":"https:\/\/www.lovendal.ro\/wp52\/wp-json\/wp\/v2\/media?parent=55808"}],"wp:term":[{"taxonomy":"category","embeddable":true,"href":"https:\/\/www.lovendal.ro\/wp52\/wp-json\/wp\/v2\/categories?post=55808"},{"taxonomy":"post_tag","embeddable":true,"href":"https:\/\/www.lovendal.ro\/wp52\/wp-json\/wp\/v2\/tags?post=55808"}],"curies":[{"name":"wp","href":"https:\/\/api.w.org\/{rel}","templated":true}]}}