{"id":55733,"date":"2018-04-27T12:45:33","date_gmt":"2018-04-27T09:45:33","guid":{"rendered":"http:\/\/www.lovendal.ro\/wp52\/?p=55733"},"modified":"2018-04-27T12:45:33","modified_gmt":"2018-04-27T09:45:33","slug":"ce-inseamna-sa-fii-un-conducator-tiranic-si-aspru-n-ai-parte-nici-de-lapte-iata-ce-patit-domnitorul-gheorghe-duca","status":"publish","type":"post","link":"https:\/\/www.lovendal.ro\/wp52\/ce-inseamna-sa-fii-un-conducator-tiranic-si-aspru-n-ai-parte-nici-de-lapte-iata-ce-patit-domnitorul-gheorghe-duca\/","title":{"rendered":"Ce \u00eenseamn\u0103 s\u0103 fii un conduc\u0103tor tiranic \u015fi aspru: n-ai parte nici de lapte! Iat\u0103 ce-a p\u0103\u0163it domnitorul Gheorghe Duca&#8230;"},"content":{"rendered":"<p><a href=\"https:\/\/www.lovendal.ro\/wp52\/wp-content\/uploads\/2018\/04\/Gheorghe-Duca-domnitor.jpg\"><img loading=\"lazy\" decoding=\"async\" class=\"alignleft size-full wp-image-55735\" src=\"https:\/\/www.lovendal.ro\/wp52\/wp-content\/uploads\/2018\/04\/Gheorghe-Duca-domnitor.jpg\" alt=\"\" width=\"335\" height=\"330\" srcset=\"https:\/\/www.lovendal.ro\/wp52\/wp-content\/uploads\/2018\/04\/Gheorghe-Duca-domnitor.jpg 335w, https:\/\/www.lovendal.ro\/wp52\/wp-content\/uploads\/2018\/04\/Gheorghe-Duca-domnitor-300x296.jpg 300w\" sizes=\"auto, (max-width: 335px) 100vw, 335px\" \/><\/a>Gheorghe Duca (cca. 1620 \u2013 31 martie 1685) a fost domn al Moldovei de trei ori: septembrie 1665 &#8211; mai 1666; noiembrie 1668 &#8211; 10 august 1672; noiembrie 1678 &#8211; 25 decembrie 1683 \u0219i al \u021a\u0103rii Rom\u00e2ne\u0219ti: noiembrie\/decembrie 1674 &#8211; 29 noiembrie 1678.<\/p>\n<p>De neam grec \u0219i de origine modest\u0103, dar crescut \u00een casa lui Vasile Lupu, vine pe tronul Moldovei pentru prima dat\u0103 dup\u0103 moartea lui Eustatie Dabija \u00een septembrie 1665, datorit\u0103 sus\u021binerii soacrei sale Dafina Doamna \u0219i a Cup\u0103re\u0219tilor. A ctitorit biserica Cet\u0103\u021buia, \u00een a c\u0103rei plan se reg\u0103se\u0219te structura \u0219i eleva\u021bia monumentului Trei Ierarhi din Ia\u0219i.<\/p>\n<p>Gheorghe Duca a fost renumit pentru d\u0103rile impuse \u0163\u0103anilor,care s\u0103r\u0103cesc cumplit \u0163ara, \u015fi care duc la o r\u0103scoal\u0103 cu greu potolit\u0103 de for\u0163ele armate.<\/p>\n<p>Cronica moldovean\u0103 consemneaz\u0103 cu mult\u0103 for\u0163\u0103 moral\u0103, blestemul popular asupra domnitorului Duca-Vod\u0103 care, dup\u0103 mazilire \u015fi r\u0103mas f\u0103r\u0103 domnie, cuteza s\u0103 scape cu fuga spre s\u0103la\u015furile c\u0103z\u0103cimii sau ale t\u0103tarilor de peste Nistru. Duca-Vod\u0103, mai adaug\u0103 cronica, s-a oprit cu cei c\u00e2\u0163iva \u00eenso\u0163itori, \u00eenfrico\u015fa\u0163i de r\u0103zbunarea poporului, la o cas\u0103 \u0163\u0103r\u0103neasc\u0103 \u015fi a cerut \u201epu\u0163in lapte\u201d.<em> \u201cN-avem lapte!\u201d<\/em> A fost r\u0103spunsul aspru al \u0163\u0103ranului, <em>\u201cfiindc\u0103 ne-au luat vacile Duca-Vod\u0103, m\u00e2nca-l-ar viermii cei neadormi\u0163i!\u201d<\/em><\/p>\n","protected":false},"excerpt":{"rendered":"<p>Gheorghe Duca (cca. 1620 \u2013 31 martie 1685) a fost domn al Moldovei de trei ori: septembrie 1665 &#8211; mai 1666; noiembrie 1668 &#8211; 10 august 1672; noiembrie 1678 &#8211; 25 decembrie 1683 \u0219i al \u021a\u0103rii Rom\u00e2ne\u0219ti: noiembrie\/decembrie 1674 &#8211; &#8230; <\/p>\n<p class=\"read-more-container\"><a title=\"Ce \u00eenseamn\u0103 s\u0103 fii un conduc\u0103tor tiranic \u015fi aspru: n-ai parte nici de lapte! Iat\u0103 ce-a p\u0103\u0163it domnitorul Gheorghe Duca&#8230;\" class=\"read-more button\" href=\"https:\/\/www.lovendal.ro\/wp52\/ce-inseamna-sa-fii-un-conducator-tiranic-si-aspru-n-ai-parte-nici-de-lapte-iata-ce-patit-domnitorul-gheorghe-duca\/#more-55733\" aria-label=\"Cite\u0219te mai multe despre Ce \u00eenseamn\u0103 s\u0103 fii un conduc\u0103tor tiranic \u015fi aspru: n-ai parte nici de lapte! Iat\u0103 ce-a p\u0103\u0163it domnitorul Gheorghe Duca&#8230;\">Cititi mai multe<\/a><\/p>\n","protected":false},"author":1,"featured_media":55735,"comment_status":"open","ping_status":"closed","sticky":false,"template":"","format":"standard","meta":{"footnotes":""},"categories":[9,2833],"tags":[12430,1428,12431,1641,329,1532,1296,1620,377,228,1642,9336],"class_list":["post-55733","post","type-post","status-publish","format-standard","has-post-thumbnail","hentry","category-istorie","category-noutati","tag-cetatuia","tag-domnitor","tag-eustatie-dabija","tag-gheorghe-duca-voda","tag-iasi","tag-istorie-si-civilizatii","tag-lapte","tag-manastire","tag-moldova","tag-tara-romaneasca","tag-tarani","tag-trei-ierarhi","resize-featured-image"],"yoast_head":"<!-- This site is optimized with the Yoast SEO Premium plugin v23.3 (Yoast SEO v27.4) - https:\/\/yoast.com\/product\/yoast-seo-premium-wordpress\/ -->\n<title>Ce \u00eenseamn\u0103 s\u0103 fii un conduc\u0103tor tiranic \u015fi aspru: n-ai parte nici de lapte! Iat\u0103 ce-a p\u0103\u0163it domnitorul Gheorghe Duca... - Secretele lui Lovendal<\/title>\n<meta name=\"robots\" content=\"index, follow, max-snippet:-1, max-image-preview:large, max-video-preview:-1\" \/>\n<link rel=\"canonical\" href=\"https:\/\/www.lovendal.ro\/wp52\/ce-inseamna-sa-fii-un-conducator-tiranic-si-aspru-n-ai-parte-nici-de-lapte-iata-ce-patit-domnitorul-gheorghe-duca\/\" \/>\n<meta property=\"og:locale\" content=\"ro_RO\" \/>\n<meta property=\"og:type\" content=\"article\" \/>\n<meta property=\"og:title\" content=\"Ce \u00eenseamn\u0103 s\u0103 fii un conduc\u0103tor tiranic \u015fi aspru: n-ai parte nici de lapte! Iat\u0103 ce-a p\u0103\u0163it domnitorul Gheorghe Duca...\" \/>\n<meta property=\"og:description\" content=\"Gheorghe Duca (cca. 1620 \u2013 31 martie 1685) a fost domn al Moldovei de trei ori: septembrie 1665 &#8211; mai 1666; noiembrie 1668 &#8211; 10 august 1672; noiembrie 1678 &#8211; 25 decembrie 1683 \u0219i al \u021a\u0103rii Rom\u00e2ne\u0219ti: noiembrie\/decembrie 1674 &#8211; ... Cititi mai multe\" \/>\n<meta property=\"og:url\" content=\"https:\/\/www.lovendal.ro\/wp52\/ce-inseamna-sa-fii-un-conducator-tiranic-si-aspru-n-ai-parte-nici-de-lapte-iata-ce-patit-domnitorul-gheorghe-duca\/\" \/>\n<meta property=\"og:site_name\" content=\"Secretele lui Lovendal\" \/>\n<meta property=\"article:publisher\" content=\"https:\/\/www.facebook.com\/secreteleluilovendal\" \/>\n<meta property=\"article:published_time\" content=\"2018-04-27T09:45:33+00:00\" \/>\n<meta property=\"og:image\" content=\"https:\/\/www.lovendal.ro\/wp52\/wp-content\/uploads\/2018\/04\/Gheorghe-Duca-domnitor.jpg\" \/>\n\t<meta property=\"og:image:width\" content=\"335\" \/>\n\t<meta property=\"og:image:height\" content=\"330\" \/>\n\t<meta property=\"og:image:type\" content=\"image\/jpeg\" \/>\n<meta name=\"author\" content=\"admin\" \/>\n<meta name=\"twitter:card\" content=\"summary_large_image\" \/>\n<meta name=\"twitter:label1\" content=\"Scris de\" \/>\n\t<meta name=\"twitter:data1\" content=\"admin\" \/>\n\t<meta name=\"twitter:label2\" content=\"Timp estimat pentru citire\" \/>\n\t<meta name=\"twitter:data2\" content=\"1 minut\" \/>\n<script type=\"application\/ld+json\" class=\"yoast-schema-graph\">{\"@context\":\"https:\\\/\\\/schema.org\",\"@graph\":[{\"@type\":\"Article\",\"@id\":\"https:\\\/\\\/www.lovendal.ro\\\/wp52\\\/ce-inseamna-sa-fii-un-conducator-tiranic-si-aspru-n-ai-parte-nici-de-lapte-iata-ce-patit-domnitorul-gheorghe-duca\\\/#article\",\"isPartOf\":{\"@id\":\"https:\\\/\\\/www.lovendal.ro\\\/wp52\\\/ce-inseamna-sa-fii-un-conducator-tiranic-si-aspru-n-ai-parte-nici-de-lapte-iata-ce-patit-domnitorul-gheorghe-duca\\\/\"},\"author\":{\"name\":\"admin\",\"@id\":\"https:\\\/\\\/www.lovendal.ro\\\/wp52\\\/#\\\/schema\\\/person\\\/088691de5dfc346bb0c023e1e52ef5d9\"},\"headline\":\"Ce \u00eenseamn\u0103 s\u0103 fii un conduc\u0103tor tiranic \u015fi aspru: n-ai parte nici de lapte! Iat\u0103 ce-a p\u0103\u0163it domnitorul Gheorghe Duca&#8230;\",\"datePublished\":\"2018-04-27T09:45:33+00:00\",\"mainEntityOfPage\":{\"@id\":\"https:\\\/\\\/www.lovendal.ro\\\/wp52\\\/ce-inseamna-sa-fii-un-conducator-tiranic-si-aspru-n-ai-parte-nici-de-lapte-iata-ce-patit-domnitorul-gheorghe-duca\\\/\"},\"wordCount\":237,\"commentCount\":0,\"publisher\":{\"@id\":\"https:\\\/\\\/www.lovendal.ro\\\/wp52\\\/#organization\"},\"image\":{\"@id\":\"https:\\\/\\\/www.lovendal.ro\\\/wp52\\\/ce-inseamna-sa-fii-un-conducator-tiranic-si-aspru-n-ai-parte-nici-de-lapte-iata-ce-patit-domnitorul-gheorghe-duca\\\/#primaryimage\"},\"thumbnailUrl\":\"https:\\\/\\\/www.lovendal.ro\\\/wp52\\\/wp-content\\\/uploads\\\/2018\\\/04\\\/Gheorghe-Duca-domnitor.jpg\",\"keywords\":[\"Cet\u0103\u0163uia\",\"domnitor\",\"Eustatie Dabija\",\"Gheorghe Duca Vod\u0103\",\"Ia\u015fi\",\"Istorie si Civilizatii\",\"lapte\",\"m\u0103n\u0103stire\",\"Moldova\",\"\u0162ara Rom\u00e2neasc\u0103\",\"\u0163\u0103rani\",\"Trei Ierarhi\"],\"articleSection\":[\"Istorie si Civilizatii\",\"Noutati\"],\"inLanguage\":\"ro-RO\",\"potentialAction\":[{\"@type\":\"CommentAction\",\"name\":\"Comment\",\"target\":[\"https:\\\/\\\/www.lovendal.ro\\\/wp52\\\/ce-inseamna-sa-fii-un-conducator-tiranic-si-aspru-n-ai-parte-nici-de-lapte-iata-ce-patit-domnitorul-gheorghe-duca\\\/#respond\"]}]},{\"@type\":\"WebPage\",\"@id\":\"https:\\\/\\\/www.lovendal.ro\\\/wp52\\\/ce-inseamna-sa-fii-un-conducator-tiranic-si-aspru-n-ai-parte-nici-de-lapte-iata-ce-patit-domnitorul-gheorghe-duca\\\/\",\"url\":\"https:\\\/\\\/www.lovendal.ro\\\/wp52\\\/ce-inseamna-sa-fii-un-conducator-tiranic-si-aspru-n-ai-parte-nici-de-lapte-iata-ce-patit-domnitorul-gheorghe-duca\\\/\",\"name\":\"Ce \u00eenseamn\u0103 s\u0103 fii un conduc\u0103tor tiranic \u015fi aspru: n-ai parte nici de lapte! Iat\u0103 ce-a p\u0103\u0163it domnitorul Gheorghe Duca... - Secretele lui Lovendal\",\"isPartOf\":{\"@id\":\"https:\\\/\\\/www.lovendal.ro\\\/wp52\\\/#website\"},\"primaryImageOfPage\":{\"@id\":\"https:\\\/\\\/www.lovendal.ro\\\/wp52\\\/ce-inseamna-sa-fii-un-conducator-tiranic-si-aspru-n-ai-parte-nici-de-lapte-iata-ce-patit-domnitorul-gheorghe-duca\\\/#primaryimage\"},\"image\":{\"@id\":\"https:\\\/\\\/www.lovendal.ro\\\/wp52\\\/ce-inseamna-sa-fii-un-conducator-tiranic-si-aspru-n-ai-parte-nici-de-lapte-iata-ce-patit-domnitorul-gheorghe-duca\\\/#primaryimage\"},\"thumbnailUrl\":\"https:\\\/\\\/www.lovendal.ro\\\/wp52\\\/wp-content\\\/uploads\\\/2018\\\/04\\\/Gheorghe-Duca-domnitor.jpg\",\"datePublished\":\"2018-04-27T09:45:33+00:00\",\"breadcrumb\":{\"@id\":\"https:\\\/\\\/www.lovendal.ro\\\/wp52\\\/ce-inseamna-sa-fii-un-conducator-tiranic-si-aspru-n-ai-parte-nici-de-lapte-iata-ce-patit-domnitorul-gheorghe-duca\\\/#breadcrumb\"},\"inLanguage\":\"ro-RO\",\"potentialAction\":[{\"@type\":\"ReadAction\",\"target\":[\"https:\\\/\\\/www.lovendal.ro\\\/wp52\\\/ce-inseamna-sa-fii-un-conducator-tiranic-si-aspru-n-ai-parte-nici-de-lapte-iata-ce-patit-domnitorul-gheorghe-duca\\\/\"]}]},{\"@type\":\"ImageObject\",\"inLanguage\":\"ro-RO\",\"@id\":\"https:\\\/\\\/www.lovendal.ro\\\/wp52\\\/ce-inseamna-sa-fii-un-conducator-tiranic-si-aspru-n-ai-parte-nici-de-lapte-iata-ce-patit-domnitorul-gheorghe-duca\\\/#primaryimage\",\"url\":\"https:\\\/\\\/www.lovendal.ro\\\/wp52\\\/wp-content\\\/uploads\\\/2018\\\/04\\\/Gheorghe-Duca-domnitor.jpg\",\"contentUrl\":\"https:\\\/\\\/www.lovendal.ro\\\/wp52\\\/wp-content\\\/uploads\\\/2018\\\/04\\\/Gheorghe-Duca-domnitor.jpg\",\"width\":335,\"height\":330},{\"@type\":\"BreadcrumbList\",\"@id\":\"https:\\\/\\\/www.lovendal.ro\\\/wp52\\\/ce-inseamna-sa-fii-un-conducator-tiranic-si-aspru-n-ai-parte-nici-de-lapte-iata-ce-patit-domnitorul-gheorghe-duca\\\/#breadcrumb\",\"itemListElement\":[{\"@type\":\"ListItem\",\"position\":1,\"name\":\"Home\",\"item\":\"https:\\\/\\\/www.lovendal.ro\\\/wp52\\\/\"},{\"@type\":\"ListItem\",\"position\":2,\"name\":\"Ce \u00eenseamn\u0103 s\u0103 fii un conduc\u0103tor tiranic \u015fi aspru: n-ai parte nici de lapte! Iat\u0103 ce-a p\u0103\u0163it domnitorul Gheorghe Duca&#8230;\"}]},{\"@type\":\"WebSite\",\"@id\":\"https:\\\/\\\/www.lovendal.ro\\\/wp52\\\/#website\",\"url\":\"https:\\\/\\\/www.lovendal.ro\\\/wp52\\\/\",\"name\":\"Secretele lui Lovendal\",\"description\":\"Site de secrete, stiinta si metafizica - din 2008 -\",\"publisher\":{\"@id\":\"https:\\\/\\\/www.lovendal.ro\\\/wp52\\\/#organization\"},\"potentialAction\":[{\"@type\":\"SearchAction\",\"target\":{\"@type\":\"EntryPoint\",\"urlTemplate\":\"https:\\\/\\\/www.lovendal.ro\\\/wp52\\\/?s={search_term_string}\"},\"query-input\":{\"@type\":\"PropertyValueSpecification\",\"valueRequired\":true,\"valueName\":\"search_term_string\"}}],\"inLanguage\":\"ro-RO\"},{\"@type\":\"Organization\",\"@id\":\"https:\\\/\\\/www.lovendal.ro\\\/wp52\\\/#organization\",\"name\":\"Secretele lui Lovendal\",\"url\":\"https:\\\/\\\/www.lovendal.ro\\\/wp52\\\/\",\"logo\":{\"@type\":\"ImageObject\",\"inLanguage\":\"ro-RO\",\"@id\":\"https:\\\/\\\/www.lovendal.ro\\\/wp52\\\/#\\\/schema\\\/logo\\\/image\\\/\",\"url\":\"https:\\\/\\\/www.lovendal.ro\\\/wp52\\\/wp-content\\\/uploads\\\/2024\\\/06\\\/cropped-SLL-iun-2024-1.jpg\",\"contentUrl\":\"https:\\\/\\\/www.lovendal.ro\\\/wp52\\\/wp-content\\\/uploads\\\/2024\\\/06\\\/cropped-SLL-iun-2024-1.jpg\",\"width\":771,\"height\":240,\"caption\":\"Secretele lui Lovendal\"},\"image\":{\"@id\":\"https:\\\/\\\/www.lovendal.ro\\\/wp52\\\/#\\\/schema\\\/logo\\\/image\\\/\"},\"sameAs\":[\"https:\\\/\\\/www.facebook.com\\\/secreteleluilovendal\"]},{\"@type\":\"Person\",\"@id\":\"https:\\\/\\\/www.lovendal.ro\\\/wp52\\\/#\\\/schema\\\/person\\\/088691de5dfc346bb0c023e1e52ef5d9\",\"name\":\"admin\",\"image\":{\"@type\":\"ImageObject\",\"inLanguage\":\"ro-RO\",\"@id\":\"https:\\\/\\\/secure.gravatar.com\\\/avatar\\\/ecb9cd41f5f63c9c9b989999a59f6e2639a865ec361e9db054db0679a8f341c2?s=96&d=mm&r=g\",\"url\":\"https:\\\/\\\/secure.gravatar.com\\\/avatar\\\/ecb9cd41f5f63c9c9b989999a59f6e2639a865ec361e9db054db0679a8f341c2?s=96&d=mm&r=g\",\"contentUrl\":\"https:\\\/\\\/secure.gravatar.com\\\/avatar\\\/ecb9cd41f5f63c9c9b989999a59f6e2639a865ec361e9db054db0679a8f341c2?s=96&d=mm&r=g\",\"caption\":\"admin\"},\"sameAs\":[\"https:\\\/\\\/www.lovendal.ro\\\/wp52\"]}]}<\/script>\n<!-- \/ Yoast SEO Premium plugin. -->","yoast_head_json":{"title":"Ce \u00eenseamn\u0103 s\u0103 fii un conduc\u0103tor tiranic \u015fi aspru: n-ai parte nici de lapte! Iat\u0103 ce-a p\u0103\u0163it domnitorul Gheorghe Duca... - Secretele lui Lovendal","robots":{"index":"index","follow":"follow","max-snippet":"max-snippet:-1","max-image-preview":"max-image-preview:large","max-video-preview":"max-video-preview:-1"},"canonical":"https:\/\/www.lovendal.ro\/wp52\/ce-inseamna-sa-fii-un-conducator-tiranic-si-aspru-n-ai-parte-nici-de-lapte-iata-ce-patit-domnitorul-gheorghe-duca\/","og_locale":"ro_RO","og_type":"article","og_title":"Ce \u00eenseamn\u0103 s\u0103 fii un conduc\u0103tor tiranic \u015fi aspru: n-ai parte nici de lapte! Iat\u0103 ce-a p\u0103\u0163it domnitorul Gheorghe Duca...","og_description":"Gheorghe Duca (cca. 1620 \u2013 31 martie 1685) a fost domn al Moldovei de trei ori: septembrie 1665 &#8211; mai 1666; noiembrie 1668 &#8211; 10 august 1672; noiembrie 1678 &#8211; 25 decembrie 1683 \u0219i al \u021a\u0103rii Rom\u00e2ne\u0219ti: noiembrie\/decembrie 1674 &#8211; ... Cititi mai multe","og_url":"https:\/\/www.lovendal.ro\/wp52\/ce-inseamna-sa-fii-un-conducator-tiranic-si-aspru-n-ai-parte-nici-de-lapte-iata-ce-patit-domnitorul-gheorghe-duca\/","og_site_name":"Secretele lui Lovendal","article_publisher":"https:\/\/www.facebook.com\/secreteleluilovendal","article_published_time":"2018-04-27T09:45:33+00:00","og_image":[{"width":335,"height":330,"url":"https:\/\/www.lovendal.ro\/wp52\/wp-content\/uploads\/2018\/04\/Gheorghe-Duca-domnitor.jpg","type":"image\/jpeg"}],"author":"admin","twitter_card":"summary_large_image","twitter_misc":{"Scris de":"admin","Timp estimat pentru citire":"1 minut"},"schema":{"@context":"https:\/\/schema.org","@graph":[{"@type":"Article","@id":"https:\/\/www.lovendal.ro\/wp52\/ce-inseamna-sa-fii-un-conducator-tiranic-si-aspru-n-ai-parte-nici-de-lapte-iata-ce-patit-domnitorul-gheorghe-duca\/#article","isPartOf":{"@id":"https:\/\/www.lovendal.ro\/wp52\/ce-inseamna-sa-fii-un-conducator-tiranic-si-aspru-n-ai-parte-nici-de-lapte-iata-ce-patit-domnitorul-gheorghe-duca\/"},"author":{"name":"admin","@id":"https:\/\/www.lovendal.ro\/wp52\/#\/schema\/person\/088691de5dfc346bb0c023e1e52ef5d9"},"headline":"Ce \u00eenseamn\u0103 s\u0103 fii un conduc\u0103tor tiranic \u015fi aspru: n-ai parte nici de lapte! Iat\u0103 ce-a p\u0103\u0163it domnitorul Gheorghe Duca&#8230;","datePublished":"2018-04-27T09:45:33+00:00","mainEntityOfPage":{"@id":"https:\/\/www.lovendal.ro\/wp52\/ce-inseamna-sa-fii-un-conducator-tiranic-si-aspru-n-ai-parte-nici-de-lapte-iata-ce-patit-domnitorul-gheorghe-duca\/"},"wordCount":237,"commentCount":0,"publisher":{"@id":"https:\/\/www.lovendal.ro\/wp52\/#organization"},"image":{"@id":"https:\/\/www.lovendal.ro\/wp52\/ce-inseamna-sa-fii-un-conducator-tiranic-si-aspru-n-ai-parte-nici-de-lapte-iata-ce-patit-domnitorul-gheorghe-duca\/#primaryimage"},"thumbnailUrl":"https:\/\/www.lovendal.ro\/wp52\/wp-content\/uploads\/2018\/04\/Gheorghe-Duca-domnitor.jpg","keywords":["Cet\u0103\u0163uia","domnitor","Eustatie Dabija","Gheorghe Duca Vod\u0103","Ia\u015fi","Istorie si Civilizatii","lapte","m\u0103n\u0103stire","Moldova","\u0162ara Rom\u00e2neasc\u0103","\u0163\u0103rani","Trei Ierarhi"],"articleSection":["Istorie si Civilizatii","Noutati"],"inLanguage":"ro-RO","potentialAction":[{"@type":"CommentAction","name":"Comment","target":["https:\/\/www.lovendal.ro\/wp52\/ce-inseamna-sa-fii-un-conducator-tiranic-si-aspru-n-ai-parte-nici-de-lapte-iata-ce-patit-domnitorul-gheorghe-duca\/#respond"]}]},{"@type":"WebPage","@id":"https:\/\/www.lovendal.ro\/wp52\/ce-inseamna-sa-fii-un-conducator-tiranic-si-aspru-n-ai-parte-nici-de-lapte-iata-ce-patit-domnitorul-gheorghe-duca\/","url":"https:\/\/www.lovendal.ro\/wp52\/ce-inseamna-sa-fii-un-conducator-tiranic-si-aspru-n-ai-parte-nici-de-lapte-iata-ce-patit-domnitorul-gheorghe-duca\/","name":"Ce \u00eenseamn\u0103 s\u0103 fii un conduc\u0103tor tiranic \u015fi aspru: n-ai parte nici de lapte! Iat\u0103 ce-a p\u0103\u0163it domnitorul Gheorghe Duca... - Secretele lui Lovendal","isPartOf":{"@id":"https:\/\/www.lovendal.ro\/wp52\/#website"},"primaryImageOfPage":{"@id":"https:\/\/www.lovendal.ro\/wp52\/ce-inseamna-sa-fii-un-conducator-tiranic-si-aspru-n-ai-parte-nici-de-lapte-iata-ce-patit-domnitorul-gheorghe-duca\/#primaryimage"},"image":{"@id":"https:\/\/www.lovendal.ro\/wp52\/ce-inseamna-sa-fii-un-conducator-tiranic-si-aspru-n-ai-parte-nici-de-lapte-iata-ce-patit-domnitorul-gheorghe-duca\/#primaryimage"},"thumbnailUrl":"https:\/\/www.lovendal.ro\/wp52\/wp-content\/uploads\/2018\/04\/Gheorghe-Duca-domnitor.jpg","datePublished":"2018-04-27T09:45:33+00:00","breadcrumb":{"@id":"https:\/\/www.lovendal.ro\/wp52\/ce-inseamna-sa-fii-un-conducator-tiranic-si-aspru-n-ai-parte-nici-de-lapte-iata-ce-patit-domnitorul-gheorghe-duca\/#breadcrumb"},"inLanguage":"ro-RO","potentialAction":[{"@type":"ReadAction","target":["https:\/\/www.lovendal.ro\/wp52\/ce-inseamna-sa-fii-un-conducator-tiranic-si-aspru-n-ai-parte-nici-de-lapte-iata-ce-patit-domnitorul-gheorghe-duca\/"]}]},{"@type":"ImageObject","inLanguage":"ro-RO","@id":"https:\/\/www.lovendal.ro\/wp52\/ce-inseamna-sa-fii-un-conducator-tiranic-si-aspru-n-ai-parte-nici-de-lapte-iata-ce-patit-domnitorul-gheorghe-duca\/#primaryimage","url":"https:\/\/www.lovendal.ro\/wp52\/wp-content\/uploads\/2018\/04\/Gheorghe-Duca-domnitor.jpg","contentUrl":"https:\/\/www.lovendal.ro\/wp52\/wp-content\/uploads\/2018\/04\/Gheorghe-Duca-domnitor.jpg","width":335,"height":330},{"@type":"BreadcrumbList","@id":"https:\/\/www.lovendal.ro\/wp52\/ce-inseamna-sa-fii-un-conducator-tiranic-si-aspru-n-ai-parte-nici-de-lapte-iata-ce-patit-domnitorul-gheorghe-duca\/#breadcrumb","itemListElement":[{"@type":"ListItem","position":1,"name":"Home","item":"https:\/\/www.lovendal.ro\/wp52\/"},{"@type":"ListItem","position":2,"name":"Ce \u00eenseamn\u0103 s\u0103 fii un conduc\u0103tor tiranic \u015fi aspru: n-ai parte nici de lapte! Iat\u0103 ce-a p\u0103\u0163it domnitorul Gheorghe Duca&#8230;"}]},{"@type":"WebSite","@id":"https:\/\/www.lovendal.ro\/wp52\/#website","url":"https:\/\/www.lovendal.ro\/wp52\/","name":"Secretele lui Lovendal","description":"Site de secrete, stiinta si metafizica - din 2008 -","publisher":{"@id":"https:\/\/www.lovendal.ro\/wp52\/#organization"},"potentialAction":[{"@type":"SearchAction","target":{"@type":"EntryPoint","urlTemplate":"https:\/\/www.lovendal.ro\/wp52\/?s={search_term_string}"},"query-input":{"@type":"PropertyValueSpecification","valueRequired":true,"valueName":"search_term_string"}}],"inLanguage":"ro-RO"},{"@type":"Organization","@id":"https:\/\/www.lovendal.ro\/wp52\/#organization","name":"Secretele lui Lovendal","url":"https:\/\/www.lovendal.ro\/wp52\/","logo":{"@type":"ImageObject","inLanguage":"ro-RO","@id":"https:\/\/www.lovendal.ro\/wp52\/#\/schema\/logo\/image\/","url":"https:\/\/www.lovendal.ro\/wp52\/wp-content\/uploads\/2024\/06\/cropped-SLL-iun-2024-1.jpg","contentUrl":"https:\/\/www.lovendal.ro\/wp52\/wp-content\/uploads\/2024\/06\/cropped-SLL-iun-2024-1.jpg","width":771,"height":240,"caption":"Secretele lui Lovendal"},"image":{"@id":"https:\/\/www.lovendal.ro\/wp52\/#\/schema\/logo\/image\/"},"sameAs":["https:\/\/www.facebook.com\/secreteleluilovendal"]},{"@type":"Person","@id":"https:\/\/www.lovendal.ro\/wp52\/#\/schema\/person\/088691de5dfc346bb0c023e1e52ef5d9","name":"admin","image":{"@type":"ImageObject","inLanguage":"ro-RO","@id":"https:\/\/secure.gravatar.com\/avatar\/ecb9cd41f5f63c9c9b989999a59f6e2639a865ec361e9db054db0679a8f341c2?s=96&d=mm&r=g","url":"https:\/\/secure.gravatar.com\/avatar\/ecb9cd41f5f63c9c9b989999a59f6e2639a865ec361e9db054db0679a8f341c2?s=96&d=mm&r=g","contentUrl":"https:\/\/secure.gravatar.com\/avatar\/ecb9cd41f5f63c9c9b989999a59f6e2639a865ec361e9db054db0679a8f341c2?s=96&d=mm&r=g","caption":"admin"},"sameAs":["https:\/\/www.lovendal.ro\/wp52"]}]}},"_links":{"self":[{"href":"https:\/\/www.lovendal.ro\/wp52\/wp-json\/wp\/v2\/posts\/55733","targetHints":{"allow":["GET"]}}],"collection":[{"href":"https:\/\/www.lovendal.ro\/wp52\/wp-json\/wp\/v2\/posts"}],"about":[{"href":"https:\/\/www.lovendal.ro\/wp52\/wp-json\/wp\/v2\/types\/post"}],"author":[{"embeddable":true,"href":"https:\/\/www.lovendal.ro\/wp52\/wp-json\/wp\/v2\/users\/1"}],"replies":[{"embeddable":true,"href":"https:\/\/www.lovendal.ro\/wp52\/wp-json\/wp\/v2\/comments?post=55733"}],"version-history":[{"count":0,"href":"https:\/\/www.lovendal.ro\/wp52\/wp-json\/wp\/v2\/posts\/55733\/revisions"}],"wp:featuredmedia":[{"embeddable":true,"href":"https:\/\/www.lovendal.ro\/wp52\/wp-json\/wp\/v2\/media\/55735"}],"wp:attachment":[{"href":"https:\/\/www.lovendal.ro\/wp52\/wp-json\/wp\/v2\/media?parent=55733"}],"wp:term":[{"taxonomy":"category","embeddable":true,"href":"https:\/\/www.lovendal.ro\/wp52\/wp-json\/wp\/v2\/categories?post=55733"},{"taxonomy":"post_tag","embeddable":true,"href":"https:\/\/www.lovendal.ro\/wp52\/wp-json\/wp\/v2\/tags?post=55733"}],"curies":[{"name":"wp","href":"https:\/\/api.w.org\/{rel}","templated":true}]}}