{"id":55502,"date":"2018-04-10T16:54:43","date_gmt":"2018-04-10T14:54:43","guid":{"rendered":"http:\/\/www.lovendal.ro\/wp52\/?p=55502"},"modified":"2018-04-10T16:54:43","modified_gmt":"2018-04-10T14:54:43","slug":"legatura-misterioasa-dintre-organizatia-extremisto-oculta-ku-klux-klan-familia-kennedy-si-un-film-controversat","status":"publish","type":"post","link":"https:\/\/www.lovendal.ro\/wp52\/legatura-misterioasa-dintre-organizatia-extremisto-oculta-ku-klux-klan-familia-kennedy-si-un-film-controversat\/","title":{"rendered":"Leg\u0103tura misterioas\u0103 dintre organiza\u0163ia extremisto-ocult\u0103 Ku Klux Klan, familia Kennedy \u015fi un film controversat"},"content":{"rendered":"<p><a href=\"https:\/\/www.lovendal.ro\/wp52\/wp-content\/uploads\/2018\/04\/Ku-Klux-Klan.jpg\"><img loading=\"lazy\" decoding=\"async\" class=\"alignleft size-full wp-image-55504\" src=\"https:\/\/www.lovendal.ro\/wp52\/wp-content\/uploads\/2018\/04\/Ku-Klux-Klan.jpg\" alt=\"\" width=\"336\" height=\"256\" srcset=\"https:\/\/www.lovendal.ro\/wp52\/wp-content\/uploads\/2018\/04\/Ku-Klux-Klan.jpg 336w, https:\/\/www.lovendal.ro\/wp52\/wp-content\/uploads\/2018\/04\/Ku-Klux-Klan-300x229.jpg 300w\" sizes=\"auto, (max-width: 336px) 100vw, 336px\" \/><\/a>Una din primele pelicule din istoria cinematografiei a fost intitulat\u0103 <em>&#8222;Na\u015fterea unei na\u0163iuni&#8221; (&#8222;<i>The Birth of a Nation&#8221;<\/i>).<\/em> Scos pe pia\u0163\u0103 \u00een anul 1915, la \u00eenceputul primului r\u0103zboi mondial, filmul prezenta istoria reconstruc\u0163iei \u00een sudul \u0163\u0103rii dup\u0103 R\u0103zboiul Civil. <em>&#8222;Na\u015fterea unei na\u0163iuni&#8221;<\/em> a avut un succes incredibil pentru acea vreme \u015fi i-a prezentat pe membrii Klan-ului ca pe ni\u015fte eroi. Negrii recent elibera\u0163i erau prezenta\u0163i ca ni\u015fte mon\u015ftri \u00eengrozitori, dornici s\u0103 se r\u0103zbune pe albi pentru anii \u00een care au fost \u0163inu\u0163i \u00een sclavie. Klan-ul s-ar fi \u00eenfiin\u0163at pentru a proteja copiii \u015fi femeile de vio*uri, t\u00e2lh\u0103rii, crime \u015fi alte asemenea abuzuri.<\/p>\n<p>Este absolut evident c\u0103 la vremea respectiv\u0103 au existat destule atacuri rasiale \u00eempotriva albilor \u015fi este posibil ca una din misiunile Klan-ului s\u0103 fi fost aceea de protec\u0163ie de tip poli\u0163ist. Acest rol de protectori i-a transformat pe membrii Klan-ului \u00een eroi de legend\u0103 \u00een ochii multor oameni albi. Ace\u015ftia apelau la Klan pentru a supravie\u0163ui. Ce ac\u0163iuni bune \u015fi ce ac\u0163iuni rele a f\u0103cut Klan-ul este \u00eens\u0103 mai pu\u0163in important pentru subiectul nostru. Cei care doresc s\u0103 se documenteze au la dispozi\u0163ie o sumedenie de c\u0103r\u0163i de istorie.<\/p>\n<p>Ceea ce este interesant legat de filmul <em>&#8222;Na\u015fterea unei na\u0163iuni&#8221;<\/em> a fost faptul c\u0103 fondatorul Klan-ului era un b\u0103rbat pe nume Ben Cameron, din familia Cameron, care se ocupa de genera\u0163ii \u00eentregi de ocultism.\u00a0Ace\u015fti oameni erau convin\u015fi c\u0103 fiind arieni, ascenden\u0163a lor genetic\u0103 data de dinainte de Sumeria Antic\u0103. \u00cenc\u0103 \u015fi mai bizar a fost faptul c\u0103 omul considerat direct responsabil pentru marele succes de cas\u0103 al filmului a fost pre\u015fedintele american Woodrow Wilson, fost pre\u015fedinte al Universit\u0103\u0163ii Princeton (sediul \u015fedin\u0163elor de brainstorming care aveau s\u0103 conduc\u0103 \u00een cele din urm\u0103 la Experimentul Philadelphia). Produc\u0103torul filmului <em>&#8222;Na\u015fterea unei na\u0163iuni&#8221;<\/em> era un fost coleg de clas\u0103 al pre\u015fedintelui Wilson \u015fi a \u015ftiut s\u0103 se foloseasc\u0103 de aceast\u0103 rela\u0163ie pentru a aranja o proiec\u0163ie a filmului la Casa Alb\u0103. Wilson se m\u00e2ndrea cu cuno\u015ftin\u0163ele sale de istorie \u015fi a afirmat c\u0103 cele prezentate \u00een film erau c\u00e2t se poate de adev\u0103rate. Afirma\u0163ia preziden\u0163ial\u0103 s-a r\u0103sp\u00e2ndit apoi ca fulgerul, contribuind enorm la popularizarea \u015fi succesul filmului.<\/p>\n<p>Filmul a fost extrem de controversat \u015fi a st\u00e2rnit incidente \u00een multe din ora\u015fele mari ale \u0163\u0103rii. Popula\u0163ia neagr\u0103, aflat\u0103 deja \u00eentr-o pozi\u0163ie de subjugare economic\u0103, a fost nevoit\u0103 s\u0103 adopte o atitudine \u00eenc\u0103 \u015fi mai defensiv\u0103. Chiar dac\u0103 faptele prezentate \u00een film erau par\u0163ial adev\u0103rate, ele reprezentau o provocare pentru negri \u015fi o incitare la ur\u0103 rasial\u0103. \u00cen cele din urm\u0103, pre\u015fedintele Wilson a fost silit s\u0103 \u00ee\u015fi retrag\u0103 public orice sus\u0163inere a filmului. Lucrurile s-au calmat apoi imediat. Este \u00eens\u0103 evident c\u0103 el credea \u00een adev\u0103rul filmului. De\u015fi este improbabil s\u0103 fi avut inten\u0163ia de a provoca revolte populare, rolul lui \u00een succesul de cas\u0103 al filmului nu poate fi contestat.<\/p>\n<p>Referitor la istoria Klan-ului, se pare c\u0103 totul a \u00eenceput cu o \u00eentrunire a cinci indivizi din statul Tennessee (SUA). Cei cinci erau de origine irlandez\u0103 \u015fi \u015fi-au propus s\u0103 formeze o societate secret\u0103. Unul dintre ei, pe nume Kennedy (ai c\u0103rui &#8222;str\u0103nepo\u0163i&#8221; ajung personalit\u0103\u0163i \u00een lumea politicii din SUA), a propus ca organiza\u0163ia s\u0103 fie numit\u0103 Ku Klux Klan, pornind de la cuv\u00e2ntul grecesc kyklos, care \u00eenseamn\u0103 cerc. Restul terminologiei, respectiv Ku Klux, avea menirea s\u0103 ascund\u0103 \u00een\u0163elesul original, care nu putea fi cunoscut dec\u00e2t de c\u0103tre ini\u0163ia\u0163i. Simbolul sacru al organiza\u0163iei era crucea (eventual arz\u00e2nd). Dac\u0103 asociem cele dou\u0103 simboluri, ob\u0163inem o cruce \u00eentr-un cerc.<\/p>\n<p><a href=\"https:\/\/www.lovendal.ro\/wp52\/wp-content\/uploads\/2018\/04\/Nasterea-unei-natiuni-1915.jpg\"><img loading=\"lazy\" decoding=\"async\" class=\"aligncenter size-full wp-image-55505\" src=\"https:\/\/www.lovendal.ro\/wp52\/wp-content\/uploads\/2018\/04\/Nasterea-unei-natiuni-1915.jpg\" alt=\"\" width=\"539\" height=\"407\" srcset=\"https:\/\/www.lovendal.ro\/wp52\/wp-content\/uploads\/2018\/04\/Nasterea-unei-natiuni-1915.jpg 539w, https:\/\/www.lovendal.ro\/wp52\/wp-content\/uploads\/2018\/04\/Nasterea-unei-natiuni-1915-300x227.jpg 300w\" sizes=\"auto, (max-width: 539px) 100vw, 539px\" \/><\/a><\/p>\n","protected":false},"excerpt":{"rendered":"<p>Una din primele pelicule din istoria cinematografiei a fost intitulat\u0103 &#8222;Na\u015fterea unei na\u0163iuni&#8221; (&#8222;The Birth of a Nation&#8221;). Scos pe pia\u0163\u0103 \u00een anul 1915, la \u00eenceputul primului r\u0103zboi mondial, filmul prezenta istoria reconstruc\u0163iei \u00een sudul \u0163\u0103rii dup\u0103 R\u0103zboiul Civil. &#8222;Na\u015fterea &#8230; <\/p>\n<p class=\"read-more-container\"><a title=\"Leg\u0103tura misterioas\u0103 dintre organiza\u0163ia extremisto-ocult\u0103 Ku Klux Klan, familia Kennedy \u015fi un film controversat\" class=\"read-more button\" href=\"https:\/\/www.lovendal.ro\/wp52\/legatura-misterioasa-dintre-organizatia-extremisto-oculta-ku-klux-klan-familia-kennedy-si-un-film-controversat\/#more-55502\" aria-label=\"Cite\u0219te mai multe despre Leg\u0103tura misterioas\u0103 dintre organiza\u0163ia extremisto-ocult\u0103 Ku Klux Klan, familia Kennedy \u015fi un film controversat\">Cititi mai multe<\/a><\/p>\n","protected":false},"author":1,"featured_media":55504,"comment_status":"open","ping_status":"closed","sticky":false,"template":"","format":"standard","meta":{"footnotes":""},"categories":[475,2833],"tags":[372,3185,358,2642,71,260,1219,5531,190,1220,495,23,2250,3485],"class_list":["post-55502","post","type-post","status-publish","format-standard","has-post-thumbnail","hentry","category-conspiratii-mistere","category-noutati","tag-casa-alba","tag-cerc","tag-conspiratii-si-mistere","tag-cruce","tag-experimentul-philadelphia","tag-film","tag-ku-klux-klan","tag-negri","tag-presedinte","tag-primul-razboi-mondial","tag-simbol","tag-sua","tag-universitate","tag-woodrow-wilson","resize-featured-image"],"yoast_head":"<!-- This site is optimized with the Yoast SEO Premium plugin v23.3 (Yoast SEO v27.4) - https:\/\/yoast.com\/product\/yoast-seo-premium-wordpress\/ -->\n<title>Leg\u0103tura misterioas\u0103 dintre organiza\u0163ia extremisto-ocult\u0103 Ku Klux Klan, familia Kennedy \u015fi un film controversat - Secretele lui Lovendal<\/title>\n<meta name=\"robots\" content=\"index, follow, max-snippet:-1, max-image-preview:large, max-video-preview:-1\" \/>\n<link rel=\"canonical\" href=\"https:\/\/www.lovendal.ro\/wp52\/legatura-misterioasa-dintre-organizatia-extremisto-oculta-ku-klux-klan-familia-kennedy-si-un-film-controversat\/\" \/>\n<meta property=\"og:locale\" content=\"ro_RO\" \/>\n<meta property=\"og:type\" content=\"article\" \/>\n<meta property=\"og:title\" content=\"Leg\u0103tura misterioas\u0103 dintre organiza\u0163ia extremisto-ocult\u0103 Ku Klux Klan, familia Kennedy \u015fi un film controversat\" \/>\n<meta property=\"og:description\" content=\"Una din primele pelicule din istoria cinematografiei a fost intitulat\u0103 &#8222;Na\u015fterea unei na\u0163iuni&#8221; (&#8222;The Birth of a Nation&#8221;). Scos pe pia\u0163\u0103 \u00een anul 1915, la \u00eenceputul primului r\u0103zboi mondial, filmul prezenta istoria reconstruc\u0163iei \u00een sudul \u0163\u0103rii dup\u0103 R\u0103zboiul Civil. &#8222;Na\u015fterea ... Cititi mai multe\" \/>\n<meta property=\"og:url\" content=\"https:\/\/www.lovendal.ro\/wp52\/legatura-misterioasa-dintre-organizatia-extremisto-oculta-ku-klux-klan-familia-kennedy-si-un-film-controversat\/\" \/>\n<meta property=\"og:site_name\" content=\"Secretele lui Lovendal\" \/>\n<meta property=\"article:publisher\" content=\"https:\/\/www.facebook.com\/secreteleluilovendal\" \/>\n<meta property=\"article:published_time\" content=\"2018-04-10T14:54:43+00:00\" \/>\n<meta property=\"og:image\" content=\"https:\/\/www.lovendal.ro\/wp52\/wp-content\/uploads\/2018\/04\/Ku-Klux-Klan.jpg\" \/>\n\t<meta property=\"og:image:width\" content=\"336\" \/>\n\t<meta property=\"og:image:height\" content=\"256\" \/>\n\t<meta property=\"og:image:type\" content=\"image\/jpeg\" \/>\n<meta name=\"author\" content=\"admin\" \/>\n<meta name=\"twitter:card\" content=\"summary_large_image\" \/>\n<meta name=\"twitter:label1\" content=\"Scris de\" \/>\n\t<meta name=\"twitter:data1\" content=\"admin\" \/>\n\t<meta name=\"twitter:label2\" content=\"Timp estimat pentru citire\" \/>\n\t<meta name=\"twitter:data2\" content=\"3 minute\" \/>\n<script type=\"application\/ld+json\" class=\"yoast-schema-graph\">{\"@context\":\"https:\\\/\\\/schema.org\",\"@graph\":[{\"@type\":\"Article\",\"@id\":\"https:\\\/\\\/www.lovendal.ro\\\/wp52\\\/legatura-misterioasa-dintre-organizatia-extremisto-oculta-ku-klux-klan-familia-kennedy-si-un-film-controversat\\\/#article\",\"isPartOf\":{\"@id\":\"https:\\\/\\\/www.lovendal.ro\\\/wp52\\\/legatura-misterioasa-dintre-organizatia-extremisto-oculta-ku-klux-klan-familia-kennedy-si-un-film-controversat\\\/\"},\"author\":{\"name\":\"admin\",\"@id\":\"https:\\\/\\\/www.lovendal.ro\\\/wp52\\\/#\\\/schema\\\/person\\\/088691de5dfc346bb0c023e1e52ef5d9\"},\"headline\":\"Leg\u0103tura misterioas\u0103 dintre organiza\u0163ia extremisto-ocult\u0103 Ku Klux Klan, familia Kennedy \u015fi un film controversat\",\"datePublished\":\"2018-04-10T14:54:43+00:00\",\"mainEntityOfPage\":{\"@id\":\"https:\\\/\\\/www.lovendal.ro\\\/wp52\\\/legatura-misterioasa-dintre-organizatia-extremisto-oculta-ku-klux-klan-familia-kennedy-si-un-film-controversat\\\/\"},\"wordCount\":670,\"commentCount\":0,\"publisher\":{\"@id\":\"https:\\\/\\\/www.lovendal.ro\\\/wp52\\\/#organization\"},\"image\":{\"@id\":\"https:\\\/\\\/www.lovendal.ro\\\/wp52\\\/legatura-misterioasa-dintre-organizatia-extremisto-oculta-ku-klux-klan-familia-kennedy-si-un-film-controversat\\\/#primaryimage\"},\"thumbnailUrl\":\"https:\\\/\\\/www.lovendal.ro\\\/wp52\\\/wp-content\\\/uploads\\\/2018\\\/04\\\/Ku-Klux-Klan.jpg\",\"keywords\":[\"Casa Alb\u0103\",\"cerc\",\"Conspiratii si Mistere\",\"cruce\",\"experimentul Philadelphia\",\"film\",\"Ku-Klux-Klan\",\"negri\",\"pre\u015fedinte\",\"primul r\u0103zboi mondial\",\"simbol\",\"SUA\",\"universitate\",\"Woodrow Wilson\"],\"articleSection\":[\"Conspiratii si Mistere\",\"Noutati\"],\"inLanguage\":\"ro-RO\",\"potentialAction\":[{\"@type\":\"CommentAction\",\"name\":\"Comment\",\"target\":[\"https:\\\/\\\/www.lovendal.ro\\\/wp52\\\/legatura-misterioasa-dintre-organizatia-extremisto-oculta-ku-klux-klan-familia-kennedy-si-un-film-controversat\\\/#respond\"]}]},{\"@type\":\"WebPage\",\"@id\":\"https:\\\/\\\/www.lovendal.ro\\\/wp52\\\/legatura-misterioasa-dintre-organizatia-extremisto-oculta-ku-klux-klan-familia-kennedy-si-un-film-controversat\\\/\",\"url\":\"https:\\\/\\\/www.lovendal.ro\\\/wp52\\\/legatura-misterioasa-dintre-organizatia-extremisto-oculta-ku-klux-klan-familia-kennedy-si-un-film-controversat\\\/\",\"name\":\"Leg\u0103tura misterioas\u0103 dintre organiza\u0163ia extremisto-ocult\u0103 Ku Klux Klan, familia Kennedy \u015fi un film controversat - Secretele lui Lovendal\",\"isPartOf\":{\"@id\":\"https:\\\/\\\/www.lovendal.ro\\\/wp52\\\/#website\"},\"primaryImageOfPage\":{\"@id\":\"https:\\\/\\\/www.lovendal.ro\\\/wp52\\\/legatura-misterioasa-dintre-organizatia-extremisto-oculta-ku-klux-klan-familia-kennedy-si-un-film-controversat\\\/#primaryimage\"},\"image\":{\"@id\":\"https:\\\/\\\/www.lovendal.ro\\\/wp52\\\/legatura-misterioasa-dintre-organizatia-extremisto-oculta-ku-klux-klan-familia-kennedy-si-un-film-controversat\\\/#primaryimage\"},\"thumbnailUrl\":\"https:\\\/\\\/www.lovendal.ro\\\/wp52\\\/wp-content\\\/uploads\\\/2018\\\/04\\\/Ku-Klux-Klan.jpg\",\"datePublished\":\"2018-04-10T14:54:43+00:00\",\"breadcrumb\":{\"@id\":\"https:\\\/\\\/www.lovendal.ro\\\/wp52\\\/legatura-misterioasa-dintre-organizatia-extremisto-oculta-ku-klux-klan-familia-kennedy-si-un-film-controversat\\\/#breadcrumb\"},\"inLanguage\":\"ro-RO\",\"potentialAction\":[{\"@type\":\"ReadAction\",\"target\":[\"https:\\\/\\\/www.lovendal.ro\\\/wp52\\\/legatura-misterioasa-dintre-organizatia-extremisto-oculta-ku-klux-klan-familia-kennedy-si-un-film-controversat\\\/\"]}]},{\"@type\":\"ImageObject\",\"inLanguage\":\"ro-RO\",\"@id\":\"https:\\\/\\\/www.lovendal.ro\\\/wp52\\\/legatura-misterioasa-dintre-organizatia-extremisto-oculta-ku-klux-klan-familia-kennedy-si-un-film-controversat\\\/#primaryimage\",\"url\":\"https:\\\/\\\/www.lovendal.ro\\\/wp52\\\/wp-content\\\/uploads\\\/2018\\\/04\\\/Ku-Klux-Klan.jpg\",\"contentUrl\":\"https:\\\/\\\/www.lovendal.ro\\\/wp52\\\/wp-content\\\/uploads\\\/2018\\\/04\\\/Ku-Klux-Klan.jpg\",\"width\":336,\"height\":256},{\"@type\":\"BreadcrumbList\",\"@id\":\"https:\\\/\\\/www.lovendal.ro\\\/wp52\\\/legatura-misterioasa-dintre-organizatia-extremisto-oculta-ku-klux-klan-familia-kennedy-si-un-film-controversat\\\/#breadcrumb\",\"itemListElement\":[{\"@type\":\"ListItem\",\"position\":1,\"name\":\"Home\",\"item\":\"https:\\\/\\\/www.lovendal.ro\\\/wp52\\\/\"},{\"@type\":\"ListItem\",\"position\":2,\"name\":\"Leg\u0103tura misterioas\u0103 dintre organiza\u0163ia extremisto-ocult\u0103 Ku Klux Klan, familia Kennedy \u015fi un film controversat\"}]},{\"@type\":\"WebSite\",\"@id\":\"https:\\\/\\\/www.lovendal.ro\\\/wp52\\\/#website\",\"url\":\"https:\\\/\\\/www.lovendal.ro\\\/wp52\\\/\",\"name\":\"Secretele lui Lovendal\",\"description\":\"Site de secrete, stiinta si metafizica - din 2008 -\",\"publisher\":{\"@id\":\"https:\\\/\\\/www.lovendal.ro\\\/wp52\\\/#organization\"},\"potentialAction\":[{\"@type\":\"SearchAction\",\"target\":{\"@type\":\"EntryPoint\",\"urlTemplate\":\"https:\\\/\\\/www.lovendal.ro\\\/wp52\\\/?s={search_term_string}\"},\"query-input\":{\"@type\":\"PropertyValueSpecification\",\"valueRequired\":true,\"valueName\":\"search_term_string\"}}],\"inLanguage\":\"ro-RO\"},{\"@type\":\"Organization\",\"@id\":\"https:\\\/\\\/www.lovendal.ro\\\/wp52\\\/#organization\",\"name\":\"Secretele lui Lovendal\",\"url\":\"https:\\\/\\\/www.lovendal.ro\\\/wp52\\\/\",\"logo\":{\"@type\":\"ImageObject\",\"inLanguage\":\"ro-RO\",\"@id\":\"https:\\\/\\\/www.lovendal.ro\\\/wp52\\\/#\\\/schema\\\/logo\\\/image\\\/\",\"url\":\"https:\\\/\\\/www.lovendal.ro\\\/wp52\\\/wp-content\\\/uploads\\\/2024\\\/06\\\/cropped-SLL-iun-2024-1.jpg\",\"contentUrl\":\"https:\\\/\\\/www.lovendal.ro\\\/wp52\\\/wp-content\\\/uploads\\\/2024\\\/06\\\/cropped-SLL-iun-2024-1.jpg\",\"width\":771,\"height\":240,\"caption\":\"Secretele lui Lovendal\"},\"image\":{\"@id\":\"https:\\\/\\\/www.lovendal.ro\\\/wp52\\\/#\\\/schema\\\/logo\\\/image\\\/\"},\"sameAs\":[\"https:\\\/\\\/www.facebook.com\\\/secreteleluilovendal\"]},{\"@type\":\"Person\",\"@id\":\"https:\\\/\\\/www.lovendal.ro\\\/wp52\\\/#\\\/schema\\\/person\\\/088691de5dfc346bb0c023e1e52ef5d9\",\"name\":\"admin\",\"image\":{\"@type\":\"ImageObject\",\"inLanguage\":\"ro-RO\",\"@id\":\"https:\\\/\\\/secure.gravatar.com\\\/avatar\\\/ecb9cd41f5f63c9c9b989999a59f6e2639a865ec361e9db054db0679a8f341c2?s=96&d=mm&r=g\",\"url\":\"https:\\\/\\\/secure.gravatar.com\\\/avatar\\\/ecb9cd41f5f63c9c9b989999a59f6e2639a865ec361e9db054db0679a8f341c2?s=96&d=mm&r=g\",\"contentUrl\":\"https:\\\/\\\/secure.gravatar.com\\\/avatar\\\/ecb9cd41f5f63c9c9b989999a59f6e2639a865ec361e9db054db0679a8f341c2?s=96&d=mm&r=g\",\"caption\":\"admin\"},\"sameAs\":[\"https:\\\/\\\/www.lovendal.ro\\\/wp52\"]}]}<\/script>\n<!-- \/ Yoast SEO Premium plugin. -->","yoast_head_json":{"title":"Leg\u0103tura misterioas\u0103 dintre organiza\u0163ia extremisto-ocult\u0103 Ku Klux Klan, familia Kennedy \u015fi un film controversat - Secretele lui Lovendal","robots":{"index":"index","follow":"follow","max-snippet":"max-snippet:-1","max-image-preview":"max-image-preview:large","max-video-preview":"max-video-preview:-1"},"canonical":"https:\/\/www.lovendal.ro\/wp52\/legatura-misterioasa-dintre-organizatia-extremisto-oculta-ku-klux-klan-familia-kennedy-si-un-film-controversat\/","og_locale":"ro_RO","og_type":"article","og_title":"Leg\u0103tura misterioas\u0103 dintre organiza\u0163ia extremisto-ocult\u0103 Ku Klux Klan, familia Kennedy \u015fi un film controversat","og_description":"Una din primele pelicule din istoria cinematografiei a fost intitulat\u0103 &#8222;Na\u015fterea unei na\u0163iuni&#8221; (&#8222;The Birth of a Nation&#8221;). Scos pe pia\u0163\u0103 \u00een anul 1915, la \u00eenceputul primului r\u0103zboi mondial, filmul prezenta istoria reconstruc\u0163iei \u00een sudul \u0163\u0103rii dup\u0103 R\u0103zboiul Civil. &#8222;Na\u015fterea ... Cititi mai multe","og_url":"https:\/\/www.lovendal.ro\/wp52\/legatura-misterioasa-dintre-organizatia-extremisto-oculta-ku-klux-klan-familia-kennedy-si-un-film-controversat\/","og_site_name":"Secretele lui Lovendal","article_publisher":"https:\/\/www.facebook.com\/secreteleluilovendal","article_published_time":"2018-04-10T14:54:43+00:00","og_image":[{"width":336,"height":256,"url":"https:\/\/www.lovendal.ro\/wp52\/wp-content\/uploads\/2018\/04\/Ku-Klux-Klan.jpg","type":"image\/jpeg"}],"author":"admin","twitter_card":"summary_large_image","twitter_misc":{"Scris de":"admin","Timp estimat pentru citire":"3 minute"},"schema":{"@context":"https:\/\/schema.org","@graph":[{"@type":"Article","@id":"https:\/\/www.lovendal.ro\/wp52\/legatura-misterioasa-dintre-organizatia-extremisto-oculta-ku-klux-klan-familia-kennedy-si-un-film-controversat\/#article","isPartOf":{"@id":"https:\/\/www.lovendal.ro\/wp52\/legatura-misterioasa-dintre-organizatia-extremisto-oculta-ku-klux-klan-familia-kennedy-si-un-film-controversat\/"},"author":{"name":"admin","@id":"https:\/\/www.lovendal.ro\/wp52\/#\/schema\/person\/088691de5dfc346bb0c023e1e52ef5d9"},"headline":"Leg\u0103tura misterioas\u0103 dintre organiza\u0163ia extremisto-ocult\u0103 Ku Klux Klan, familia Kennedy \u015fi un film controversat","datePublished":"2018-04-10T14:54:43+00:00","mainEntityOfPage":{"@id":"https:\/\/www.lovendal.ro\/wp52\/legatura-misterioasa-dintre-organizatia-extremisto-oculta-ku-klux-klan-familia-kennedy-si-un-film-controversat\/"},"wordCount":670,"commentCount":0,"publisher":{"@id":"https:\/\/www.lovendal.ro\/wp52\/#organization"},"image":{"@id":"https:\/\/www.lovendal.ro\/wp52\/legatura-misterioasa-dintre-organizatia-extremisto-oculta-ku-klux-klan-familia-kennedy-si-un-film-controversat\/#primaryimage"},"thumbnailUrl":"https:\/\/www.lovendal.ro\/wp52\/wp-content\/uploads\/2018\/04\/Ku-Klux-Klan.jpg","keywords":["Casa Alb\u0103","cerc","Conspiratii si Mistere","cruce","experimentul Philadelphia","film","Ku-Klux-Klan","negri","pre\u015fedinte","primul r\u0103zboi mondial","simbol","SUA","universitate","Woodrow Wilson"],"articleSection":["Conspiratii si Mistere","Noutati"],"inLanguage":"ro-RO","potentialAction":[{"@type":"CommentAction","name":"Comment","target":["https:\/\/www.lovendal.ro\/wp52\/legatura-misterioasa-dintre-organizatia-extremisto-oculta-ku-klux-klan-familia-kennedy-si-un-film-controversat\/#respond"]}]},{"@type":"WebPage","@id":"https:\/\/www.lovendal.ro\/wp52\/legatura-misterioasa-dintre-organizatia-extremisto-oculta-ku-klux-klan-familia-kennedy-si-un-film-controversat\/","url":"https:\/\/www.lovendal.ro\/wp52\/legatura-misterioasa-dintre-organizatia-extremisto-oculta-ku-klux-klan-familia-kennedy-si-un-film-controversat\/","name":"Leg\u0103tura misterioas\u0103 dintre organiza\u0163ia extremisto-ocult\u0103 Ku Klux Klan, familia Kennedy \u015fi un film controversat - Secretele lui Lovendal","isPartOf":{"@id":"https:\/\/www.lovendal.ro\/wp52\/#website"},"primaryImageOfPage":{"@id":"https:\/\/www.lovendal.ro\/wp52\/legatura-misterioasa-dintre-organizatia-extremisto-oculta-ku-klux-klan-familia-kennedy-si-un-film-controversat\/#primaryimage"},"image":{"@id":"https:\/\/www.lovendal.ro\/wp52\/legatura-misterioasa-dintre-organizatia-extremisto-oculta-ku-klux-klan-familia-kennedy-si-un-film-controversat\/#primaryimage"},"thumbnailUrl":"https:\/\/www.lovendal.ro\/wp52\/wp-content\/uploads\/2018\/04\/Ku-Klux-Klan.jpg","datePublished":"2018-04-10T14:54:43+00:00","breadcrumb":{"@id":"https:\/\/www.lovendal.ro\/wp52\/legatura-misterioasa-dintre-organizatia-extremisto-oculta-ku-klux-klan-familia-kennedy-si-un-film-controversat\/#breadcrumb"},"inLanguage":"ro-RO","potentialAction":[{"@type":"ReadAction","target":["https:\/\/www.lovendal.ro\/wp52\/legatura-misterioasa-dintre-organizatia-extremisto-oculta-ku-klux-klan-familia-kennedy-si-un-film-controversat\/"]}]},{"@type":"ImageObject","inLanguage":"ro-RO","@id":"https:\/\/www.lovendal.ro\/wp52\/legatura-misterioasa-dintre-organizatia-extremisto-oculta-ku-klux-klan-familia-kennedy-si-un-film-controversat\/#primaryimage","url":"https:\/\/www.lovendal.ro\/wp52\/wp-content\/uploads\/2018\/04\/Ku-Klux-Klan.jpg","contentUrl":"https:\/\/www.lovendal.ro\/wp52\/wp-content\/uploads\/2018\/04\/Ku-Klux-Klan.jpg","width":336,"height":256},{"@type":"BreadcrumbList","@id":"https:\/\/www.lovendal.ro\/wp52\/legatura-misterioasa-dintre-organizatia-extremisto-oculta-ku-klux-klan-familia-kennedy-si-un-film-controversat\/#breadcrumb","itemListElement":[{"@type":"ListItem","position":1,"name":"Home","item":"https:\/\/www.lovendal.ro\/wp52\/"},{"@type":"ListItem","position":2,"name":"Leg\u0103tura misterioas\u0103 dintre organiza\u0163ia extremisto-ocult\u0103 Ku Klux Klan, familia Kennedy \u015fi un film controversat"}]},{"@type":"WebSite","@id":"https:\/\/www.lovendal.ro\/wp52\/#website","url":"https:\/\/www.lovendal.ro\/wp52\/","name":"Secretele lui Lovendal","description":"Site de secrete, stiinta si metafizica - din 2008 -","publisher":{"@id":"https:\/\/www.lovendal.ro\/wp52\/#organization"},"potentialAction":[{"@type":"SearchAction","target":{"@type":"EntryPoint","urlTemplate":"https:\/\/www.lovendal.ro\/wp52\/?s={search_term_string}"},"query-input":{"@type":"PropertyValueSpecification","valueRequired":true,"valueName":"search_term_string"}}],"inLanguage":"ro-RO"},{"@type":"Organization","@id":"https:\/\/www.lovendal.ro\/wp52\/#organization","name":"Secretele lui Lovendal","url":"https:\/\/www.lovendal.ro\/wp52\/","logo":{"@type":"ImageObject","inLanguage":"ro-RO","@id":"https:\/\/www.lovendal.ro\/wp52\/#\/schema\/logo\/image\/","url":"https:\/\/www.lovendal.ro\/wp52\/wp-content\/uploads\/2024\/06\/cropped-SLL-iun-2024-1.jpg","contentUrl":"https:\/\/www.lovendal.ro\/wp52\/wp-content\/uploads\/2024\/06\/cropped-SLL-iun-2024-1.jpg","width":771,"height":240,"caption":"Secretele lui Lovendal"},"image":{"@id":"https:\/\/www.lovendal.ro\/wp52\/#\/schema\/logo\/image\/"},"sameAs":["https:\/\/www.facebook.com\/secreteleluilovendal"]},{"@type":"Person","@id":"https:\/\/www.lovendal.ro\/wp52\/#\/schema\/person\/088691de5dfc346bb0c023e1e52ef5d9","name":"admin","image":{"@type":"ImageObject","inLanguage":"ro-RO","@id":"https:\/\/secure.gravatar.com\/avatar\/ecb9cd41f5f63c9c9b989999a59f6e2639a865ec361e9db054db0679a8f341c2?s=96&d=mm&r=g","url":"https:\/\/secure.gravatar.com\/avatar\/ecb9cd41f5f63c9c9b989999a59f6e2639a865ec361e9db054db0679a8f341c2?s=96&d=mm&r=g","contentUrl":"https:\/\/secure.gravatar.com\/avatar\/ecb9cd41f5f63c9c9b989999a59f6e2639a865ec361e9db054db0679a8f341c2?s=96&d=mm&r=g","caption":"admin"},"sameAs":["https:\/\/www.lovendal.ro\/wp52"]}]}},"_links":{"self":[{"href":"https:\/\/www.lovendal.ro\/wp52\/wp-json\/wp\/v2\/posts\/55502","targetHints":{"allow":["GET"]}}],"collection":[{"href":"https:\/\/www.lovendal.ro\/wp52\/wp-json\/wp\/v2\/posts"}],"about":[{"href":"https:\/\/www.lovendal.ro\/wp52\/wp-json\/wp\/v2\/types\/post"}],"author":[{"embeddable":true,"href":"https:\/\/www.lovendal.ro\/wp52\/wp-json\/wp\/v2\/users\/1"}],"replies":[{"embeddable":true,"href":"https:\/\/www.lovendal.ro\/wp52\/wp-json\/wp\/v2\/comments?post=55502"}],"version-history":[{"count":0,"href":"https:\/\/www.lovendal.ro\/wp52\/wp-json\/wp\/v2\/posts\/55502\/revisions"}],"wp:featuredmedia":[{"embeddable":true,"href":"https:\/\/www.lovendal.ro\/wp52\/wp-json\/wp\/v2\/media\/55504"}],"wp:attachment":[{"href":"https:\/\/www.lovendal.ro\/wp52\/wp-json\/wp\/v2\/media?parent=55502"}],"wp:term":[{"taxonomy":"category","embeddable":true,"href":"https:\/\/www.lovendal.ro\/wp52\/wp-json\/wp\/v2\/categories?post=55502"},{"taxonomy":"post_tag","embeddable":true,"href":"https:\/\/www.lovendal.ro\/wp52\/wp-json\/wp\/v2\/tags?post=55502"}],"curies":[{"name":"wp","href":"https:\/\/api.w.org\/{rel}","templated":true}]}}