{"id":55434,"date":"2018-04-04T05:41:40","date_gmt":"2018-04-04T03:41:40","guid":{"rendered":"http:\/\/www.lovendal.ro\/wp52\/?p=55434"},"modified":"2018-04-04T05:41:40","modified_gmt":"2018-04-04T03:41:40","slug":"revolta-sangeroasa-de-la-iasi-din-3-aprilie-1866-despre-care-cartile-oficiale-de-istorie-au-pastrat-secretul-de-ce","status":"publish","type":"post","link":"https:\/\/www.lovendal.ro\/wp52\/revolta-sangeroasa-de-la-iasi-din-3-aprilie-1866-despre-care-cartile-oficiale-de-istorie-au-pastrat-secretul-de-ce\/","title":{"rendered":"Revolta s\u00e2ngeroas\u0103 de la Ia\u015fi, din 3 aprilie 1866, despre care c\u0103r\u0163ile oficiale de istorie au p\u0103strat secretul. De ce?"},"content":{"rendered":"<p><a href=\"https:\/\/www.lovendal.ro\/wp52\/wp-content\/uploads\/2018\/04\/revolta-de-la-Iasi.jpg\"><img loading=\"lazy\" decoding=\"async\" class=\"alignleft size-full wp-image-55436\" src=\"https:\/\/www.lovendal.ro\/wp52\/wp-content\/uploads\/2018\/04\/revolta-de-la-Iasi.jpg\" alt=\"\" width=\"337\" height=\"251\" srcset=\"https:\/\/www.lovendal.ro\/wp52\/wp-content\/uploads\/2018\/04\/revolta-de-la-Iasi.jpg 337w, https:\/\/www.lovendal.ro\/wp52\/wp-content\/uploads\/2018\/04\/revolta-de-la-Iasi-300x223.jpg 300w\" sizes=\"auto, (max-width: 337px) 100vw, 337px\" \/><\/a>Pe 3 aprilie 1866 se petrece un episod extrem de controversat din istoria Rom\u00e2niei, la doar 7 ani dup\u0103 unirea celor dou\u0103 principate. Dup\u0103 abdicarea lui Alexandru Ioan Cuza (moldovean, principe al Rom\u00e2niei), \u00een 1864, la 2 ani de la acest eveniment, existau zvonuri c\u0103 \u00een fruntea statului urma s\u0103 fie adus un principe str\u0103in. La auzul acesti ve\u015fti, curentul anti-unionist din Moldova, deja puternic \u00een acea perioad\u0103, a prins \u015fi mai mare ecou la Ia\u015fi, vechea capital\u0103 a principatului Moldovei. Astfel, au \u00eenceput s\u0103 aib\u0103 loc tot felul de manifesta\u021bii \u0219i adun\u0103ri \u00een care tot mai des s<span class=\"text_exposed_show\">e auzeau expresii de genul: &#8222;Jos Unirea&#8221;, &#8221; Vrem domn moldovean&#8221; sau &#8222;Nu mai vrem s\u0103 fim d\u0103sc\u0103li\u0163i de \u021bigani, nu mai toler\u0103m ca muntenii s\u0103 conduc\u0103 Moldova, s\u0103 se \u00eentoarc\u0103 de unde au venit&#8221;. <\/span><\/p>\n<p><span class=\"text_exposed_show\">Situa\u0163ia st\u0103tea pe un butoi de pulbere. Pe 3 aprilie 1866, imediat dup\u0103 slujba de la Mitropolie tinut\u0103 de c\u0103tre mitropolitul Calinic Miclescu, acesta fiind sus\u021binut de oamenii mahalalelor ie\u015fene Ciurchi, P\u0103curari sau Frumoasa, iese pe curtea Mitropoliei \u00eenso\u021bit de un alai impresionant de clerici \u015fi se \u00eendreapt\u0103 spre Palatul oc\u00e2rmuirii pentru a declara desprinderea Moldovei din aceasta alian\u021b\u0103 \u015fi numirea lui Nicolae Rosetti-Roznovanu ca domn al Moldovei.<\/span><\/p>\n<p><span class=\"text_exposed_show\">Puterea de la Bucuresti, afl\u00e2nd din timp de aceste fr\u0103m\u00e2ntari si planul pe care \u00eel au moldovenii, trimit pentru represiune conduse de Lasc\u0103r Catargi \u015fi de generalii Davilla si Golescu. Imediat ce alaiul mitropolitului, urmat de vreo mie de locuitori ai Ia\u0219ului, ies din curtea Mitropoliei \u015fi fac dreapta spre Palat, ace\u0219tia sunt \u00eent\u00e2mpina\u021bi cu foc de c\u0103tre soldatii oc\u00e2rmuirii. A fost o baie de s\u00e2nge pe Uli\u0163a Mare. Lasc\u0103r Catargiu \u0219i Nicolae Golescu strigau la solda\u0163i: &#8222;Ucide\u021bi-i pe moldoveni, ucideti-i pe ie\u0219eni, c\u0103ci ei sunt cuib jidovesc \u0219i nu doresc unirea&#8221;;\u00a0 ie\u015fenii c\u0103deau secera\u021bi pe capete, umpl\u00e2nd cu s\u00e2ngele lor caldar\u00e2mul actualului \u015etefan cel Mare.<\/span><\/p>\n<p><span class=\"text_exposed_show\">\u00censu\u0219i mitropolitul a fost r\u0103nit \u00een aceasta \u00eencle\u0219tare, sc\u0103p\u00e2nd cu via\u021b\u0103 datorit\u0103 unui grup de clerici printre care \u0219i Ion Creang\u0103, care l-au dus \u0219i l-au ascuns \u00eentr-o pivni\u021b\u0103 a unei c\u00e2rciumi numit\u0103 &#8222;La Anghel&#8221;. Au urmat arestarea lui Roznovanu, a mamei sale, Marghioli\u0163a \u015fi a celor ce s-au considerat a fi capii aceste revolte. Toat\u0103 acea \u00eensp\u0103im\u00e2nt\u0103toare noapte care a urmat a fost o urm\u0103rire a r\u0103zvr\u0103ti\u0163ilor prin casele cartierelor ie\u015fene \u015fi arestarea lor. A fost g\u0103sit \u015fi mitropolitul r\u0103nit \u015fi dus la Spitalul Spiridon, dup\u0103 care a fost arestat. <\/span><\/p>\n<p><span class=\"text_exposed_show\">Astfel a avut loc aceast\u0103 revolt\u0103 a moldovenilor despre care presa central\u0103 scria c\u0103 a fost pus\u0103 la cale de ru\u015fi. Despre aceasta revolt\u0103 nu s-a scris niciodat\u0103 nimic \u00een manualele de istorie. Exist\u0103 vreun motiv?<\/span><\/p>\n","protected":false},"excerpt":{"rendered":"<p>Pe 3 aprilie 1866 se petrece un episod extrem de controversat din istoria Rom\u00e2niei, la doar 7 ani dup\u0103 unirea celor dou\u0103 principate. Dup\u0103 abdicarea lui Alexandru Ioan Cuza (moldovean, principe al Rom\u00e2niei), \u00een 1864, la 2 ani de la &#8230; <\/p>\n<p class=\"read-more-container\"><a title=\"Revolta s\u00e2ngeroas\u0103 de la Ia\u015fi, din 3 aprilie 1866, despre care c\u0103r\u0163ile oficiale de istorie au p\u0103strat secretul. De ce?\" class=\"read-more button\" href=\"https:\/\/www.lovendal.ro\/wp52\/revolta-sangeroasa-de-la-iasi-din-3-aprilie-1866-despre-care-cartile-oficiale-de-istorie-au-pastrat-secretul-de-ce\/#more-55434\" aria-label=\"Cite\u0219te mai multe despre Revolta s\u00e2ngeroas\u0103 de la Ia\u015fi, din 3 aprilie 1866, despre care c\u0103r\u0163ile oficiale de istorie au p\u0103strat secretul. De ce?\">Cititi mai multe<\/a><\/p>\n","protected":false},"author":1,"featured_media":55436,"comment_status":"open","ping_status":"closed","sticky":false,"template":"","format":"standard","meta":{"footnotes":""},"categories":[9,2833],"tags":[827,12408,9052,1428,5264,12137,329,793,1532,12287,10657,7823,377,12409,2149,5611,3931,74,2822,512,320],"class_list":["post-55434","post","type-post","status-publish","format-standard","has-post-thumbnail","hentry","category-istorie","category-noutati","tag-bucuresti","tag-calinic-miclescu","tag-cuza","tag-domnitor","tag-general","tag-golescu","tag-iasi","tag-ion-creanga","tag-istorie-si-civilizatii","tag-lascar-catargi","tag-mitropolie","tag-mitropolit","tag-moldova","tag-nicolae-rosetti-roznovanu","tag-palat","tag-pivnita","tag-revolta","tag-romania","tag-rusi","tag-spital","tag-tigani","resize-featured-image"],"yoast_head":"<!-- This site is optimized with the Yoast SEO Premium plugin v23.3 (Yoast SEO v27.4) - https:\/\/yoast.com\/product\/yoast-seo-premium-wordpress\/ -->\n<title>Revolta s\u00e2ngeroas\u0103 de la Ia\u015fi, din 3 aprilie 1866, despre care c\u0103r\u0163ile oficiale de istorie au p\u0103strat secretul. De ce? - Secretele lui Lovendal<\/title>\n<meta name=\"robots\" content=\"index, follow, max-snippet:-1, max-image-preview:large, max-video-preview:-1\" \/>\n<link rel=\"canonical\" href=\"https:\/\/www.lovendal.ro\/wp52\/revolta-sangeroasa-de-la-iasi-din-3-aprilie-1866-despre-care-cartile-oficiale-de-istorie-au-pastrat-secretul-de-ce\/\" \/>\n<meta property=\"og:locale\" content=\"ro_RO\" \/>\n<meta property=\"og:type\" content=\"article\" \/>\n<meta property=\"og:title\" content=\"Revolta s\u00e2ngeroas\u0103 de la Ia\u015fi, din 3 aprilie 1866, despre care c\u0103r\u0163ile oficiale de istorie au p\u0103strat secretul. De ce?\" \/>\n<meta property=\"og:description\" content=\"Pe 3 aprilie 1866 se petrece un episod extrem de controversat din istoria Rom\u00e2niei, la doar 7 ani dup\u0103 unirea celor dou\u0103 principate. Dup\u0103 abdicarea lui Alexandru Ioan Cuza (moldovean, principe al Rom\u00e2niei), \u00een 1864, la 2 ani de la ... Cititi mai multe\" \/>\n<meta property=\"og:url\" content=\"https:\/\/www.lovendal.ro\/wp52\/revolta-sangeroasa-de-la-iasi-din-3-aprilie-1866-despre-care-cartile-oficiale-de-istorie-au-pastrat-secretul-de-ce\/\" \/>\n<meta property=\"og:site_name\" content=\"Secretele lui Lovendal\" \/>\n<meta property=\"article:publisher\" content=\"https:\/\/www.facebook.com\/secreteleluilovendal\" \/>\n<meta property=\"article:published_time\" content=\"2018-04-04T03:41:40+00:00\" \/>\n<meta property=\"og:image\" content=\"https:\/\/www.lovendal.ro\/wp52\/wp-content\/uploads\/2018\/04\/revolta-de-la-Iasi.jpg\" \/>\n\t<meta property=\"og:image:width\" content=\"337\" \/>\n\t<meta property=\"og:image:height\" content=\"251\" \/>\n\t<meta property=\"og:image:type\" content=\"image\/jpeg\" \/>\n<meta name=\"author\" content=\"admin\" \/>\n<meta name=\"twitter:card\" content=\"summary_large_image\" \/>\n<meta name=\"twitter:label1\" content=\"Scris de\" \/>\n\t<meta name=\"twitter:data1\" content=\"admin\" \/>\n\t<meta name=\"twitter:label2\" content=\"Timp estimat pentru citire\" \/>\n\t<meta name=\"twitter:data2\" content=\"2 minute\" \/>\n<script type=\"application\/ld+json\" class=\"yoast-schema-graph\">{\"@context\":\"https:\\\/\\\/schema.org\",\"@graph\":[{\"@type\":\"Article\",\"@id\":\"https:\\\/\\\/www.lovendal.ro\\\/wp52\\\/revolta-sangeroasa-de-la-iasi-din-3-aprilie-1866-despre-care-cartile-oficiale-de-istorie-au-pastrat-secretul-de-ce\\\/#article\",\"isPartOf\":{\"@id\":\"https:\\\/\\\/www.lovendal.ro\\\/wp52\\\/revolta-sangeroasa-de-la-iasi-din-3-aprilie-1866-despre-care-cartile-oficiale-de-istorie-au-pastrat-secretul-de-ce\\\/\"},\"author\":{\"name\":\"admin\",\"@id\":\"https:\\\/\\\/www.lovendal.ro\\\/wp52\\\/#\\\/schema\\\/person\\\/088691de5dfc346bb0c023e1e52ef5d9\"},\"headline\":\"Revolta s\u00e2ngeroas\u0103 de la Ia\u015fi, din 3 aprilie 1866, despre care c\u0103r\u0163ile oficiale de istorie au p\u0103strat secretul. De ce?\",\"datePublished\":\"2018-04-04T03:41:40+00:00\",\"mainEntityOfPage\":{\"@id\":\"https:\\\/\\\/www.lovendal.ro\\\/wp52\\\/revolta-sangeroasa-de-la-iasi-din-3-aprilie-1866-despre-care-cartile-oficiale-de-istorie-au-pastrat-secretul-de-ce\\\/\"},\"wordCount\":509,\"commentCount\":0,\"publisher\":{\"@id\":\"https:\\\/\\\/www.lovendal.ro\\\/wp52\\\/#organization\"},\"image\":{\"@id\":\"https:\\\/\\\/www.lovendal.ro\\\/wp52\\\/revolta-sangeroasa-de-la-iasi-din-3-aprilie-1866-despre-care-cartile-oficiale-de-istorie-au-pastrat-secretul-de-ce\\\/#primaryimage\"},\"thumbnailUrl\":\"https:\\\/\\\/www.lovendal.ro\\\/wp52\\\/wp-content\\\/uploads\\\/2018\\\/04\\\/revolta-de-la-Iasi.jpg\",\"keywords\":[\"Bucure\u015fti\",\"Calinic Miclescu\",\"Cuza\",\"domnitor\",\"general\",\"Golescu\",\"Ia\u015fi\",\"Ion Creang\u0103\",\"Istorie si Civilizatii\",\"Lasc\u0103r Catargi\",\"Mitropolie\",\"mitropolit\",\"Moldova\",\"Nicolae Rosetti-Roznovanu\",\"palat\",\"pivni\u0163\u0103\",\"revolt\u0103\",\"Rom\u00e2nia\",\"ru\u015fi\",\"spital\",\"\u0163igani\"],\"articleSection\":[\"Istorie si Civilizatii\",\"Noutati\"],\"inLanguage\":\"ro-RO\",\"potentialAction\":[{\"@type\":\"CommentAction\",\"name\":\"Comment\",\"target\":[\"https:\\\/\\\/www.lovendal.ro\\\/wp52\\\/revolta-sangeroasa-de-la-iasi-din-3-aprilie-1866-despre-care-cartile-oficiale-de-istorie-au-pastrat-secretul-de-ce\\\/#respond\"]}]},{\"@type\":\"WebPage\",\"@id\":\"https:\\\/\\\/www.lovendal.ro\\\/wp52\\\/revolta-sangeroasa-de-la-iasi-din-3-aprilie-1866-despre-care-cartile-oficiale-de-istorie-au-pastrat-secretul-de-ce\\\/\",\"url\":\"https:\\\/\\\/www.lovendal.ro\\\/wp52\\\/revolta-sangeroasa-de-la-iasi-din-3-aprilie-1866-despre-care-cartile-oficiale-de-istorie-au-pastrat-secretul-de-ce\\\/\",\"name\":\"Revolta s\u00e2ngeroas\u0103 de la Ia\u015fi, din 3 aprilie 1866, despre care c\u0103r\u0163ile oficiale de istorie au p\u0103strat secretul. De ce? - Secretele lui Lovendal\",\"isPartOf\":{\"@id\":\"https:\\\/\\\/www.lovendal.ro\\\/wp52\\\/#website\"},\"primaryImageOfPage\":{\"@id\":\"https:\\\/\\\/www.lovendal.ro\\\/wp52\\\/revolta-sangeroasa-de-la-iasi-din-3-aprilie-1866-despre-care-cartile-oficiale-de-istorie-au-pastrat-secretul-de-ce\\\/#primaryimage\"},\"image\":{\"@id\":\"https:\\\/\\\/www.lovendal.ro\\\/wp52\\\/revolta-sangeroasa-de-la-iasi-din-3-aprilie-1866-despre-care-cartile-oficiale-de-istorie-au-pastrat-secretul-de-ce\\\/#primaryimage\"},\"thumbnailUrl\":\"https:\\\/\\\/www.lovendal.ro\\\/wp52\\\/wp-content\\\/uploads\\\/2018\\\/04\\\/revolta-de-la-Iasi.jpg\",\"datePublished\":\"2018-04-04T03:41:40+00:00\",\"breadcrumb\":{\"@id\":\"https:\\\/\\\/www.lovendal.ro\\\/wp52\\\/revolta-sangeroasa-de-la-iasi-din-3-aprilie-1866-despre-care-cartile-oficiale-de-istorie-au-pastrat-secretul-de-ce\\\/#breadcrumb\"},\"inLanguage\":\"ro-RO\",\"potentialAction\":[{\"@type\":\"ReadAction\",\"target\":[\"https:\\\/\\\/www.lovendal.ro\\\/wp52\\\/revolta-sangeroasa-de-la-iasi-din-3-aprilie-1866-despre-care-cartile-oficiale-de-istorie-au-pastrat-secretul-de-ce\\\/\"]}]},{\"@type\":\"ImageObject\",\"inLanguage\":\"ro-RO\",\"@id\":\"https:\\\/\\\/www.lovendal.ro\\\/wp52\\\/revolta-sangeroasa-de-la-iasi-din-3-aprilie-1866-despre-care-cartile-oficiale-de-istorie-au-pastrat-secretul-de-ce\\\/#primaryimage\",\"url\":\"https:\\\/\\\/www.lovendal.ro\\\/wp52\\\/wp-content\\\/uploads\\\/2018\\\/04\\\/revolta-de-la-Iasi.jpg\",\"contentUrl\":\"https:\\\/\\\/www.lovendal.ro\\\/wp52\\\/wp-content\\\/uploads\\\/2018\\\/04\\\/revolta-de-la-Iasi.jpg\",\"width\":337,\"height\":251},{\"@type\":\"BreadcrumbList\",\"@id\":\"https:\\\/\\\/www.lovendal.ro\\\/wp52\\\/revolta-sangeroasa-de-la-iasi-din-3-aprilie-1866-despre-care-cartile-oficiale-de-istorie-au-pastrat-secretul-de-ce\\\/#breadcrumb\",\"itemListElement\":[{\"@type\":\"ListItem\",\"position\":1,\"name\":\"Home\",\"item\":\"https:\\\/\\\/www.lovendal.ro\\\/wp52\\\/\"},{\"@type\":\"ListItem\",\"position\":2,\"name\":\"Revolta s\u00e2ngeroas\u0103 de la Ia\u015fi, din 3 aprilie 1866, despre care c\u0103r\u0163ile oficiale de istorie au p\u0103strat secretul. De ce?\"}]},{\"@type\":\"WebSite\",\"@id\":\"https:\\\/\\\/www.lovendal.ro\\\/wp52\\\/#website\",\"url\":\"https:\\\/\\\/www.lovendal.ro\\\/wp52\\\/\",\"name\":\"Secretele lui Lovendal\",\"description\":\"Site de secrete, stiinta si metafizica - din 2008 -\",\"publisher\":{\"@id\":\"https:\\\/\\\/www.lovendal.ro\\\/wp52\\\/#organization\"},\"potentialAction\":[{\"@type\":\"SearchAction\",\"target\":{\"@type\":\"EntryPoint\",\"urlTemplate\":\"https:\\\/\\\/www.lovendal.ro\\\/wp52\\\/?s={search_term_string}\"},\"query-input\":{\"@type\":\"PropertyValueSpecification\",\"valueRequired\":true,\"valueName\":\"search_term_string\"}}],\"inLanguage\":\"ro-RO\"},{\"@type\":\"Organization\",\"@id\":\"https:\\\/\\\/www.lovendal.ro\\\/wp52\\\/#organization\",\"name\":\"Secretele lui Lovendal\",\"url\":\"https:\\\/\\\/www.lovendal.ro\\\/wp52\\\/\",\"logo\":{\"@type\":\"ImageObject\",\"inLanguage\":\"ro-RO\",\"@id\":\"https:\\\/\\\/www.lovendal.ro\\\/wp52\\\/#\\\/schema\\\/logo\\\/image\\\/\",\"url\":\"https:\\\/\\\/www.lovendal.ro\\\/wp52\\\/wp-content\\\/uploads\\\/2024\\\/06\\\/cropped-SLL-iun-2024-1.jpg\",\"contentUrl\":\"https:\\\/\\\/www.lovendal.ro\\\/wp52\\\/wp-content\\\/uploads\\\/2024\\\/06\\\/cropped-SLL-iun-2024-1.jpg\",\"width\":771,\"height\":240,\"caption\":\"Secretele lui Lovendal\"},\"image\":{\"@id\":\"https:\\\/\\\/www.lovendal.ro\\\/wp52\\\/#\\\/schema\\\/logo\\\/image\\\/\"},\"sameAs\":[\"https:\\\/\\\/www.facebook.com\\\/secreteleluilovendal\"]},{\"@type\":\"Person\",\"@id\":\"https:\\\/\\\/www.lovendal.ro\\\/wp52\\\/#\\\/schema\\\/person\\\/088691de5dfc346bb0c023e1e52ef5d9\",\"name\":\"admin\",\"image\":{\"@type\":\"ImageObject\",\"inLanguage\":\"ro-RO\",\"@id\":\"https:\\\/\\\/secure.gravatar.com\\\/avatar\\\/ecb9cd41f5f63c9c9b989999a59f6e2639a865ec361e9db054db0679a8f341c2?s=96&d=mm&r=g\",\"url\":\"https:\\\/\\\/secure.gravatar.com\\\/avatar\\\/ecb9cd41f5f63c9c9b989999a59f6e2639a865ec361e9db054db0679a8f341c2?s=96&d=mm&r=g\",\"contentUrl\":\"https:\\\/\\\/secure.gravatar.com\\\/avatar\\\/ecb9cd41f5f63c9c9b989999a59f6e2639a865ec361e9db054db0679a8f341c2?s=96&d=mm&r=g\",\"caption\":\"admin\"},\"sameAs\":[\"https:\\\/\\\/www.lovendal.ro\\\/wp52\"]}]}<\/script>\n<!-- \/ Yoast SEO Premium plugin. -->","yoast_head_json":{"title":"Revolta s\u00e2ngeroas\u0103 de la Ia\u015fi, din 3 aprilie 1866, despre care c\u0103r\u0163ile oficiale de istorie au p\u0103strat secretul. De ce? - Secretele lui Lovendal","robots":{"index":"index","follow":"follow","max-snippet":"max-snippet:-1","max-image-preview":"max-image-preview:large","max-video-preview":"max-video-preview:-1"},"canonical":"https:\/\/www.lovendal.ro\/wp52\/revolta-sangeroasa-de-la-iasi-din-3-aprilie-1866-despre-care-cartile-oficiale-de-istorie-au-pastrat-secretul-de-ce\/","og_locale":"ro_RO","og_type":"article","og_title":"Revolta s\u00e2ngeroas\u0103 de la Ia\u015fi, din 3 aprilie 1866, despre care c\u0103r\u0163ile oficiale de istorie au p\u0103strat secretul. De ce?","og_description":"Pe 3 aprilie 1866 se petrece un episod extrem de controversat din istoria Rom\u00e2niei, la doar 7 ani dup\u0103 unirea celor dou\u0103 principate. Dup\u0103 abdicarea lui Alexandru Ioan Cuza (moldovean, principe al Rom\u00e2niei), \u00een 1864, la 2 ani de la ... Cititi mai multe","og_url":"https:\/\/www.lovendal.ro\/wp52\/revolta-sangeroasa-de-la-iasi-din-3-aprilie-1866-despre-care-cartile-oficiale-de-istorie-au-pastrat-secretul-de-ce\/","og_site_name":"Secretele lui Lovendal","article_publisher":"https:\/\/www.facebook.com\/secreteleluilovendal","article_published_time":"2018-04-04T03:41:40+00:00","og_image":[{"width":337,"height":251,"url":"https:\/\/www.lovendal.ro\/wp52\/wp-content\/uploads\/2018\/04\/revolta-de-la-Iasi.jpg","type":"image\/jpeg"}],"author":"admin","twitter_card":"summary_large_image","twitter_misc":{"Scris de":"admin","Timp estimat pentru citire":"2 minute"},"schema":{"@context":"https:\/\/schema.org","@graph":[{"@type":"Article","@id":"https:\/\/www.lovendal.ro\/wp52\/revolta-sangeroasa-de-la-iasi-din-3-aprilie-1866-despre-care-cartile-oficiale-de-istorie-au-pastrat-secretul-de-ce\/#article","isPartOf":{"@id":"https:\/\/www.lovendal.ro\/wp52\/revolta-sangeroasa-de-la-iasi-din-3-aprilie-1866-despre-care-cartile-oficiale-de-istorie-au-pastrat-secretul-de-ce\/"},"author":{"name":"admin","@id":"https:\/\/www.lovendal.ro\/wp52\/#\/schema\/person\/088691de5dfc346bb0c023e1e52ef5d9"},"headline":"Revolta s\u00e2ngeroas\u0103 de la Ia\u015fi, din 3 aprilie 1866, despre care c\u0103r\u0163ile oficiale de istorie au p\u0103strat secretul. De ce?","datePublished":"2018-04-04T03:41:40+00:00","mainEntityOfPage":{"@id":"https:\/\/www.lovendal.ro\/wp52\/revolta-sangeroasa-de-la-iasi-din-3-aprilie-1866-despre-care-cartile-oficiale-de-istorie-au-pastrat-secretul-de-ce\/"},"wordCount":509,"commentCount":0,"publisher":{"@id":"https:\/\/www.lovendal.ro\/wp52\/#organization"},"image":{"@id":"https:\/\/www.lovendal.ro\/wp52\/revolta-sangeroasa-de-la-iasi-din-3-aprilie-1866-despre-care-cartile-oficiale-de-istorie-au-pastrat-secretul-de-ce\/#primaryimage"},"thumbnailUrl":"https:\/\/www.lovendal.ro\/wp52\/wp-content\/uploads\/2018\/04\/revolta-de-la-Iasi.jpg","keywords":["Bucure\u015fti","Calinic Miclescu","Cuza","domnitor","general","Golescu","Ia\u015fi","Ion Creang\u0103","Istorie si Civilizatii","Lasc\u0103r Catargi","Mitropolie","mitropolit","Moldova","Nicolae Rosetti-Roznovanu","palat","pivni\u0163\u0103","revolt\u0103","Rom\u00e2nia","ru\u015fi","spital","\u0163igani"],"articleSection":["Istorie si Civilizatii","Noutati"],"inLanguage":"ro-RO","potentialAction":[{"@type":"CommentAction","name":"Comment","target":["https:\/\/www.lovendal.ro\/wp52\/revolta-sangeroasa-de-la-iasi-din-3-aprilie-1866-despre-care-cartile-oficiale-de-istorie-au-pastrat-secretul-de-ce\/#respond"]}]},{"@type":"WebPage","@id":"https:\/\/www.lovendal.ro\/wp52\/revolta-sangeroasa-de-la-iasi-din-3-aprilie-1866-despre-care-cartile-oficiale-de-istorie-au-pastrat-secretul-de-ce\/","url":"https:\/\/www.lovendal.ro\/wp52\/revolta-sangeroasa-de-la-iasi-din-3-aprilie-1866-despre-care-cartile-oficiale-de-istorie-au-pastrat-secretul-de-ce\/","name":"Revolta s\u00e2ngeroas\u0103 de la Ia\u015fi, din 3 aprilie 1866, despre care c\u0103r\u0163ile oficiale de istorie au p\u0103strat secretul. De ce? - Secretele lui Lovendal","isPartOf":{"@id":"https:\/\/www.lovendal.ro\/wp52\/#website"},"primaryImageOfPage":{"@id":"https:\/\/www.lovendal.ro\/wp52\/revolta-sangeroasa-de-la-iasi-din-3-aprilie-1866-despre-care-cartile-oficiale-de-istorie-au-pastrat-secretul-de-ce\/#primaryimage"},"image":{"@id":"https:\/\/www.lovendal.ro\/wp52\/revolta-sangeroasa-de-la-iasi-din-3-aprilie-1866-despre-care-cartile-oficiale-de-istorie-au-pastrat-secretul-de-ce\/#primaryimage"},"thumbnailUrl":"https:\/\/www.lovendal.ro\/wp52\/wp-content\/uploads\/2018\/04\/revolta-de-la-Iasi.jpg","datePublished":"2018-04-04T03:41:40+00:00","breadcrumb":{"@id":"https:\/\/www.lovendal.ro\/wp52\/revolta-sangeroasa-de-la-iasi-din-3-aprilie-1866-despre-care-cartile-oficiale-de-istorie-au-pastrat-secretul-de-ce\/#breadcrumb"},"inLanguage":"ro-RO","potentialAction":[{"@type":"ReadAction","target":["https:\/\/www.lovendal.ro\/wp52\/revolta-sangeroasa-de-la-iasi-din-3-aprilie-1866-despre-care-cartile-oficiale-de-istorie-au-pastrat-secretul-de-ce\/"]}]},{"@type":"ImageObject","inLanguage":"ro-RO","@id":"https:\/\/www.lovendal.ro\/wp52\/revolta-sangeroasa-de-la-iasi-din-3-aprilie-1866-despre-care-cartile-oficiale-de-istorie-au-pastrat-secretul-de-ce\/#primaryimage","url":"https:\/\/www.lovendal.ro\/wp52\/wp-content\/uploads\/2018\/04\/revolta-de-la-Iasi.jpg","contentUrl":"https:\/\/www.lovendal.ro\/wp52\/wp-content\/uploads\/2018\/04\/revolta-de-la-Iasi.jpg","width":337,"height":251},{"@type":"BreadcrumbList","@id":"https:\/\/www.lovendal.ro\/wp52\/revolta-sangeroasa-de-la-iasi-din-3-aprilie-1866-despre-care-cartile-oficiale-de-istorie-au-pastrat-secretul-de-ce\/#breadcrumb","itemListElement":[{"@type":"ListItem","position":1,"name":"Home","item":"https:\/\/www.lovendal.ro\/wp52\/"},{"@type":"ListItem","position":2,"name":"Revolta s\u00e2ngeroas\u0103 de la Ia\u015fi, din 3 aprilie 1866, despre care c\u0103r\u0163ile oficiale de istorie au p\u0103strat secretul. De ce?"}]},{"@type":"WebSite","@id":"https:\/\/www.lovendal.ro\/wp52\/#website","url":"https:\/\/www.lovendal.ro\/wp52\/","name":"Secretele lui Lovendal","description":"Site de secrete, stiinta si metafizica - din 2008 -","publisher":{"@id":"https:\/\/www.lovendal.ro\/wp52\/#organization"},"potentialAction":[{"@type":"SearchAction","target":{"@type":"EntryPoint","urlTemplate":"https:\/\/www.lovendal.ro\/wp52\/?s={search_term_string}"},"query-input":{"@type":"PropertyValueSpecification","valueRequired":true,"valueName":"search_term_string"}}],"inLanguage":"ro-RO"},{"@type":"Organization","@id":"https:\/\/www.lovendal.ro\/wp52\/#organization","name":"Secretele lui Lovendal","url":"https:\/\/www.lovendal.ro\/wp52\/","logo":{"@type":"ImageObject","inLanguage":"ro-RO","@id":"https:\/\/www.lovendal.ro\/wp52\/#\/schema\/logo\/image\/","url":"https:\/\/www.lovendal.ro\/wp52\/wp-content\/uploads\/2024\/06\/cropped-SLL-iun-2024-1.jpg","contentUrl":"https:\/\/www.lovendal.ro\/wp52\/wp-content\/uploads\/2024\/06\/cropped-SLL-iun-2024-1.jpg","width":771,"height":240,"caption":"Secretele lui Lovendal"},"image":{"@id":"https:\/\/www.lovendal.ro\/wp52\/#\/schema\/logo\/image\/"},"sameAs":["https:\/\/www.facebook.com\/secreteleluilovendal"]},{"@type":"Person","@id":"https:\/\/www.lovendal.ro\/wp52\/#\/schema\/person\/088691de5dfc346bb0c023e1e52ef5d9","name":"admin","image":{"@type":"ImageObject","inLanguage":"ro-RO","@id":"https:\/\/secure.gravatar.com\/avatar\/ecb9cd41f5f63c9c9b989999a59f6e2639a865ec361e9db054db0679a8f341c2?s=96&d=mm&r=g","url":"https:\/\/secure.gravatar.com\/avatar\/ecb9cd41f5f63c9c9b989999a59f6e2639a865ec361e9db054db0679a8f341c2?s=96&d=mm&r=g","contentUrl":"https:\/\/secure.gravatar.com\/avatar\/ecb9cd41f5f63c9c9b989999a59f6e2639a865ec361e9db054db0679a8f341c2?s=96&d=mm&r=g","caption":"admin"},"sameAs":["https:\/\/www.lovendal.ro\/wp52"]}]}},"_links":{"self":[{"href":"https:\/\/www.lovendal.ro\/wp52\/wp-json\/wp\/v2\/posts\/55434","targetHints":{"allow":["GET"]}}],"collection":[{"href":"https:\/\/www.lovendal.ro\/wp52\/wp-json\/wp\/v2\/posts"}],"about":[{"href":"https:\/\/www.lovendal.ro\/wp52\/wp-json\/wp\/v2\/types\/post"}],"author":[{"embeddable":true,"href":"https:\/\/www.lovendal.ro\/wp52\/wp-json\/wp\/v2\/users\/1"}],"replies":[{"embeddable":true,"href":"https:\/\/www.lovendal.ro\/wp52\/wp-json\/wp\/v2\/comments?post=55434"}],"version-history":[{"count":0,"href":"https:\/\/www.lovendal.ro\/wp52\/wp-json\/wp\/v2\/posts\/55434\/revisions"}],"wp:featuredmedia":[{"embeddable":true,"href":"https:\/\/www.lovendal.ro\/wp52\/wp-json\/wp\/v2\/media\/55436"}],"wp:attachment":[{"href":"https:\/\/www.lovendal.ro\/wp52\/wp-json\/wp\/v2\/media?parent=55434"}],"wp:term":[{"taxonomy":"category","embeddable":true,"href":"https:\/\/www.lovendal.ro\/wp52\/wp-json\/wp\/v2\/categories?post=55434"},{"taxonomy":"post_tag","embeddable":true,"href":"https:\/\/www.lovendal.ro\/wp52\/wp-json\/wp\/v2\/tags?post=55434"}],"curies":[{"name":"wp","href":"https:\/\/api.w.org\/{rel}","templated":true}]}}