{"id":55313,"date":"2018-03-24T13:18:56","date_gmt":"2018-03-24T11:18:56","guid":{"rendered":"http:\/\/www.lovendal.ro\/wp52\/?p=55313"},"modified":"2018-03-24T13:19:33","modified_gmt":"2018-03-24T11:19:33","slug":"ipoteza-socanta-unui-mare-om-de-cultura-de-talie-mondiala-spaniolii-au-fost-descendentii-geto-dacilor","status":"publish","type":"post","link":"https:\/\/www.lovendal.ro\/wp52\/ipoteza-socanta-unui-mare-om-de-cultura-de-talie-mondiala-spaniolii-au-fost-descendentii-geto-dacilor\/","title":{"rendered":"Ipotez\u0103 \u015focant\u0103 a unui mare om de cultur\u0103 de talie mondial\u0103: spaniolii au fost descenden\u0163ii geto-dacilor"},"content":{"rendered":"<p><a href=\"https:\/\/www.lovendal.ro\/wp52\/wp-content\/uploads\/2018\/03\/spania-daci.jpg\"><img loading=\"lazy\" decoding=\"async\" class=\"alignleft size-full wp-image-55315\" src=\"https:\/\/www.lovendal.ro\/wp52\/wp-content\/uploads\/2018\/03\/spania-daci.jpg\" alt=\"\" width=\"336\" height=\"226\" srcset=\"https:\/\/www.lovendal.ro\/wp52\/wp-content\/uploads\/2018\/03\/spania-daci.jpg 336w, https:\/\/www.lovendal.ro\/wp52\/wp-content\/uploads\/2018\/03\/spania-daci-300x202.jpg 300w, https:\/\/www.lovendal.ro\/wp52\/wp-content\/uploads\/2018\/03\/spania-daci-20x13.jpg 20w\" sizes=\"auto, (max-width: 336px) 100vw, 336px\" \/><\/a>Alexandru Busuioceanu (1896-1961) a fost unul dintre cei mai mari critici de art\u0103 rom\u00e2ni, profesor, poet, critic literar, istoric, eseist, traducator, \u015fi a reu\u015fit s\u0103 exceleze \u00een toate aceste domenii. A murit departe de \u0163ar\u0103, la Madrid (Spania), din cauza regimului comunist, dar ajunsese s\u0103 fie o autoritate mondial\u0103 \u00een domeniul cultural.<\/p>\n<p>Fiindu-i elev \u015fi mai apoi prieten lui Vasile P\u00e2rvan, care demonstrase c\u0103, \u00een pofida cuceririi romane, dacii nu disp\u0103ruser\u0103 din istorie, ci supravie\u0163uiser\u0103 \u00een poporul rom\u00e2n de ast\u0103zi, Busuioceanu este preocupat s\u0103 demonstreze c\u0103 spaniolii sunt descenden\u0163i ai geto-dacilor.<\/p>\n<p>Merg\u00e2nd pe urmele tradi\u0163iei geto-dace \u00een cultura hispanic\u0103, el descoper\u0103 c\u0103 mitul dacic tr\u0103ie\u015fte \u00eenc\u0103. Mai precis, c\u0103ut\u00e2ndu-l pe Traian \u00een Spania, Busuioceanu nu \u00eei g\u0103se\u015fte urm\u0103, deoarece cronicile medievale spaniole nu p\u0103streaz\u0103 nicio tradi\u0163ie legat\u0103 de cucerirea Daciei, \u00eens\u0103 d\u0103 peste un filon neb\u0103nuit: numele gotice ale lui Zamolxis, Burebista, Deceneu \u015fi Decebal se \u00eent\u00e2lnesc la Sf. Isidor, la Alfonso el Sabio, la arhiepiscopul Rodrigo Jimnez de Rada.<\/p>\n<p>Cercet\u0103rile sale \u00een aceast\u0103 direc\u0163ie fac obiectul unui studiu din care apar publicate doar dou\u0103 fragmente, \u00een periodice, dar care se bucur\u0103 de elogiile lui Mircea Eliade, care \u00eei scrie \u00een 1953, entuziasmat: <em>&#8222;Studiul dumitale este extraordinar. Deschide perspective neb\u0103nuite \u00een \u00een\u0163elegerea \u015fi valorificarea miturilor istoriografice medievale, \u015fi nu numai la noi, adic\u0103 \u00een Europa. Ar fi p\u0103cat c\u0103 o asemenea descoperire s\u0103 r\u0103m\u00e2n\u0103 \u00eengropat\u0103 \u00eentr-o revist\u0103 de circula\u0163ie limitat\u0103&#8221;.<\/em><\/p>\n<p>Uluitoarea descoperire pe care o face Busuioceanu este aceea c\u0103, pentru to\u0163i cronicarii spanioli, nu Dacia a fost fondat\u0103 de un \u00eemp\u0103rat iberic (Traian, n\u0103scut \u00een Andaluzia\/Spania), ci dimpotriv\u0103, <em>&#8222;hispanicii sunt descenden\u0163i din ge\u0163i sau daci \u015fi Spania a fost fondat\u0103 &#8211; la a patra ei \u00eentemeiere, cea definitiv\u0103, \u00een secolul al V-lea &#8211; de poporul de la Dun\u0103re&#8221;<\/em>. Pentru a spulbera orice echivoc, Busuioceanu insist\u0103 asupra faptului c\u0103 nu este vorba despre universal\u0103 confuzie din lumea antic\u0103, \u00eentre ge\u0163i \u015fi go\u0163i, ci despre o doctrin\u0103 care, \u00eenv\u0103luit\u0103 \u00een neguri istorice, ia forma unui mit ce se reg\u0103se\u015fte la cronicarii din Evul Mediu.<\/p>\n<p>\u00cen 1985, regretatul Dan Slusanschi reu\u015fe\u015fte s\u0103 publice volumul intitulat <em>&#8222;Zamolxis sau mitul dacic \u00een istoria \u015fi legendele spaniole&#8221;<\/em> la editura &#8222;Meridiane&#8221;, ca \u00eengrijitor de edi\u0163ie \u015fi autor al Cuv\u00e2ntului \u00cenainte.<\/p>\n<p><em><strong>Sursa:<\/strong> revista &#8222;Formula As&#8221;<\/em><\/p>\n<p>P.S. Foarte interesant\u0103 ideea&#8230; c\u0103 \u015fi spaniolii sunt urma\u015fii geto-dacilor. P\u0103cat c\u0103 se cunoa\u015fte at\u00e2t de pu\u0163ine despre aceast\u0103 ipotez\u0103.<\/p>\n","protected":false},"excerpt":{"rendered":"<p>Alexandru Busuioceanu (1896-1961) a fost unul dintre cei mai mari critici de art\u0103 rom\u00e2ni, profesor, poet, critic literar, istoric, eseist, traducator, \u015fi a reu\u015fit s\u0103 exceleze \u00een toate aceste domenii. A murit departe de \u0163ar\u0103, la Madrid (Spania), din cauza &#8230; <\/p>\n<p class=\"read-more-container\"><a title=\"Ipotez\u0103 \u015focant\u0103 a unui mare om de cultur\u0103 de talie mondial\u0103: spaniolii au fost descenden\u0163ii geto-dacilor\" class=\"read-more button\" href=\"https:\/\/www.lovendal.ro\/wp52\/ipoteza-socanta-unui-mare-om-de-cultura-de-talie-mondiala-spaniolii-au-fost-descendentii-geto-dacilor\/#more-55313\" aria-label=\"Cite\u0219te mai multe despre Ipotez\u0103 \u015focant\u0103 a unui mare om de cultur\u0103 de talie mondial\u0103: spaniolii au fost descenden\u0163ii geto-dacilor\">Cititi mai multe<\/a><\/p>\n","protected":false},"author":1,"featured_media":55315,"comment_status":"open","ping_status":"closed","sticky":false,"template":"","format":"standard","meta":{"footnotes":""},"categories":[9,2833],"tags":[12381,3893,6816,12383,1103,1110,1158,12382,6819,823,6596,295,116,4430,1532,1899,4596,215,432,318,207,6467,2507],"class_list":["post-55313","post","type-post","status-publish","format-standard","has-post-thumbnail","hentry","category-istorie","category-noutati","tag-andaluzia","tag-arhiepiscop","tag-burebista","tag-busuioceanu","tag-carte","tag-daci","tag-decebal","tag-deceneu","tag-dunare","tag-eliade","tag-geto-daci","tag-imparat","tag-imperiul-roman","tag-istoric","tag-istorie-si-civilizatii","tag-legenda","tag-madrid","tag-poet","tag-roman","tag-spania","tag-spanioli","tag-vasile-parvan","tag-zamolxis","resize-featured-image"],"yoast_head":"<!-- This site is optimized with the Yoast SEO Premium plugin v23.3 (Yoast SEO v27.4) - https:\/\/yoast.com\/product\/yoast-seo-premium-wordpress\/ -->\n<title>Ipotez\u0103 \u015focant\u0103 a unui mare om de cultur\u0103 de talie mondial\u0103: spaniolii au fost descenden\u0163ii geto-dacilor - Secretele lui Lovendal<\/title>\n<meta name=\"robots\" content=\"index, follow, max-snippet:-1, max-image-preview:large, max-video-preview:-1\" \/>\n<link rel=\"canonical\" href=\"https:\/\/www.lovendal.ro\/wp52\/ipoteza-socanta-unui-mare-om-de-cultura-de-talie-mondiala-spaniolii-au-fost-descendentii-geto-dacilor\/\" \/>\n<meta property=\"og:locale\" content=\"ro_RO\" \/>\n<meta property=\"og:type\" content=\"article\" \/>\n<meta property=\"og:title\" content=\"Ipotez\u0103 \u015focant\u0103 a unui mare om de cultur\u0103 de talie mondial\u0103: spaniolii au fost descenden\u0163ii geto-dacilor\" \/>\n<meta property=\"og:description\" content=\"Alexandru Busuioceanu (1896-1961) a fost unul dintre cei mai mari critici de art\u0103 rom\u00e2ni, profesor, poet, critic literar, istoric, eseist, traducator, \u015fi a reu\u015fit s\u0103 exceleze \u00een toate aceste domenii. A murit departe de \u0163ar\u0103, la Madrid (Spania), din cauza ... Cititi mai multe\" \/>\n<meta property=\"og:url\" content=\"https:\/\/www.lovendal.ro\/wp52\/ipoteza-socanta-unui-mare-om-de-cultura-de-talie-mondiala-spaniolii-au-fost-descendentii-geto-dacilor\/\" \/>\n<meta property=\"og:site_name\" content=\"Secretele lui Lovendal\" \/>\n<meta property=\"article:publisher\" content=\"https:\/\/www.facebook.com\/secreteleluilovendal\" \/>\n<meta property=\"article:published_time\" content=\"2018-03-24T11:18:56+00:00\" \/>\n<meta property=\"article:modified_time\" content=\"2018-03-24T11:19:33+00:00\" \/>\n<meta property=\"og:image\" content=\"https:\/\/www.lovendal.ro\/wp52\/wp-content\/uploads\/2018\/03\/spania-daci.jpg\" \/>\n\t<meta property=\"og:image:width\" content=\"336\" \/>\n\t<meta property=\"og:image:height\" content=\"226\" \/>\n\t<meta property=\"og:image:type\" content=\"image\/jpeg\" \/>\n<meta name=\"author\" content=\"admin\" \/>\n<meta name=\"twitter:card\" content=\"summary_large_image\" \/>\n<meta name=\"twitter:label1\" content=\"Scris de\" \/>\n\t<meta name=\"twitter:data1\" content=\"admin\" \/>\n\t<meta name=\"twitter:label2\" content=\"Timp estimat pentru citire\" \/>\n\t<meta name=\"twitter:data2\" content=\"2 minute\" \/>\n<script type=\"application\/ld+json\" class=\"yoast-schema-graph\">{\"@context\":\"https:\\\/\\\/schema.org\",\"@graph\":[{\"@type\":\"Article\",\"@id\":\"https:\\\/\\\/www.lovendal.ro\\\/wp52\\\/ipoteza-socanta-unui-mare-om-de-cultura-de-talie-mondiala-spaniolii-au-fost-descendentii-geto-dacilor\\\/#article\",\"isPartOf\":{\"@id\":\"https:\\\/\\\/www.lovendal.ro\\\/wp52\\\/ipoteza-socanta-unui-mare-om-de-cultura-de-talie-mondiala-spaniolii-au-fost-descendentii-geto-dacilor\\\/\"},\"author\":{\"name\":\"admin\",\"@id\":\"https:\\\/\\\/www.lovendal.ro\\\/wp52\\\/#\\\/schema\\\/person\\\/088691de5dfc346bb0c023e1e52ef5d9\"},\"headline\":\"Ipotez\u0103 \u015focant\u0103 a unui mare om de cultur\u0103 de talie mondial\u0103: spaniolii au fost descenden\u0163ii geto-dacilor\",\"datePublished\":\"2018-03-24T11:18:56+00:00\",\"dateModified\":\"2018-03-24T11:19:33+00:00\",\"mainEntityOfPage\":{\"@id\":\"https:\\\/\\\/www.lovendal.ro\\\/wp52\\\/ipoteza-socanta-unui-mare-om-de-cultura-de-talie-mondiala-spaniolii-au-fost-descendentii-geto-dacilor\\\/\"},\"wordCount\":453,\"commentCount\":5,\"publisher\":{\"@id\":\"https:\\\/\\\/www.lovendal.ro\\\/wp52\\\/#organization\"},\"image\":{\"@id\":\"https:\\\/\\\/www.lovendal.ro\\\/wp52\\\/ipoteza-socanta-unui-mare-om-de-cultura-de-talie-mondiala-spaniolii-au-fost-descendentii-geto-dacilor\\\/#primaryimage\"},\"thumbnailUrl\":\"https:\\\/\\\/www.lovendal.ro\\\/wp52\\\/wp-content\\\/uploads\\\/2018\\\/03\\\/spania-daci.jpg\",\"keywords\":[\"Andaluzia\",\"arhiepiscop\",\"Burebista\",\"Busuioceanu\",\"carte\",\"daci\",\"Decebal\",\"Deceneu\",\"Dun\u0103re\",\"Eliade\",\"geto-daci\",\"\u00eemp\u0103rat\",\"Imperiul Roman\",\"istoric\",\"Istorie si Civilizatii\",\"legend\u0103\",\"Madrid\",\"poet\",\"roman\",\"Spania\",\"spanioli\",\"Vasile P\u00e2rvan\",\"Zamolxis\"],\"articleSection\":[\"Istorie si Civilizatii\",\"Noutati\"],\"inLanguage\":\"ro-RO\",\"potentialAction\":[{\"@type\":\"CommentAction\",\"name\":\"Comment\",\"target\":[\"https:\\\/\\\/www.lovendal.ro\\\/wp52\\\/ipoteza-socanta-unui-mare-om-de-cultura-de-talie-mondiala-spaniolii-au-fost-descendentii-geto-dacilor\\\/#respond\"]}]},{\"@type\":\"WebPage\",\"@id\":\"https:\\\/\\\/www.lovendal.ro\\\/wp52\\\/ipoteza-socanta-unui-mare-om-de-cultura-de-talie-mondiala-spaniolii-au-fost-descendentii-geto-dacilor\\\/\",\"url\":\"https:\\\/\\\/www.lovendal.ro\\\/wp52\\\/ipoteza-socanta-unui-mare-om-de-cultura-de-talie-mondiala-spaniolii-au-fost-descendentii-geto-dacilor\\\/\",\"name\":\"Ipotez\u0103 \u015focant\u0103 a unui mare om de cultur\u0103 de talie mondial\u0103: spaniolii au fost descenden\u0163ii geto-dacilor - Secretele lui Lovendal\",\"isPartOf\":{\"@id\":\"https:\\\/\\\/www.lovendal.ro\\\/wp52\\\/#website\"},\"primaryImageOfPage\":{\"@id\":\"https:\\\/\\\/www.lovendal.ro\\\/wp52\\\/ipoteza-socanta-unui-mare-om-de-cultura-de-talie-mondiala-spaniolii-au-fost-descendentii-geto-dacilor\\\/#primaryimage\"},\"image\":{\"@id\":\"https:\\\/\\\/www.lovendal.ro\\\/wp52\\\/ipoteza-socanta-unui-mare-om-de-cultura-de-talie-mondiala-spaniolii-au-fost-descendentii-geto-dacilor\\\/#primaryimage\"},\"thumbnailUrl\":\"https:\\\/\\\/www.lovendal.ro\\\/wp52\\\/wp-content\\\/uploads\\\/2018\\\/03\\\/spania-daci.jpg\",\"datePublished\":\"2018-03-24T11:18:56+00:00\",\"dateModified\":\"2018-03-24T11:19:33+00:00\",\"breadcrumb\":{\"@id\":\"https:\\\/\\\/www.lovendal.ro\\\/wp52\\\/ipoteza-socanta-unui-mare-om-de-cultura-de-talie-mondiala-spaniolii-au-fost-descendentii-geto-dacilor\\\/#breadcrumb\"},\"inLanguage\":\"ro-RO\",\"potentialAction\":[{\"@type\":\"ReadAction\",\"target\":[\"https:\\\/\\\/www.lovendal.ro\\\/wp52\\\/ipoteza-socanta-unui-mare-om-de-cultura-de-talie-mondiala-spaniolii-au-fost-descendentii-geto-dacilor\\\/\"]}]},{\"@type\":\"ImageObject\",\"inLanguage\":\"ro-RO\",\"@id\":\"https:\\\/\\\/www.lovendal.ro\\\/wp52\\\/ipoteza-socanta-unui-mare-om-de-cultura-de-talie-mondiala-spaniolii-au-fost-descendentii-geto-dacilor\\\/#primaryimage\",\"url\":\"https:\\\/\\\/www.lovendal.ro\\\/wp52\\\/wp-content\\\/uploads\\\/2018\\\/03\\\/spania-daci.jpg\",\"contentUrl\":\"https:\\\/\\\/www.lovendal.ro\\\/wp52\\\/wp-content\\\/uploads\\\/2018\\\/03\\\/spania-daci.jpg\",\"width\":336,\"height\":226},{\"@type\":\"BreadcrumbList\",\"@id\":\"https:\\\/\\\/www.lovendal.ro\\\/wp52\\\/ipoteza-socanta-unui-mare-om-de-cultura-de-talie-mondiala-spaniolii-au-fost-descendentii-geto-dacilor\\\/#breadcrumb\",\"itemListElement\":[{\"@type\":\"ListItem\",\"position\":1,\"name\":\"Home\",\"item\":\"https:\\\/\\\/www.lovendal.ro\\\/wp52\\\/\"},{\"@type\":\"ListItem\",\"position\":2,\"name\":\"Ipotez\u0103 \u015focant\u0103 a unui mare om de cultur\u0103 de talie mondial\u0103: spaniolii au fost descenden\u0163ii geto-dacilor\"}]},{\"@type\":\"WebSite\",\"@id\":\"https:\\\/\\\/www.lovendal.ro\\\/wp52\\\/#website\",\"url\":\"https:\\\/\\\/www.lovendal.ro\\\/wp52\\\/\",\"name\":\"Secretele lui Lovendal\",\"description\":\"Site de secrete, stiinta si metafizica - din 2008 -\",\"publisher\":{\"@id\":\"https:\\\/\\\/www.lovendal.ro\\\/wp52\\\/#organization\"},\"potentialAction\":[{\"@type\":\"SearchAction\",\"target\":{\"@type\":\"EntryPoint\",\"urlTemplate\":\"https:\\\/\\\/www.lovendal.ro\\\/wp52\\\/?s={search_term_string}\"},\"query-input\":{\"@type\":\"PropertyValueSpecification\",\"valueRequired\":true,\"valueName\":\"search_term_string\"}}],\"inLanguage\":\"ro-RO\"},{\"@type\":\"Organization\",\"@id\":\"https:\\\/\\\/www.lovendal.ro\\\/wp52\\\/#organization\",\"name\":\"Secretele lui Lovendal\",\"url\":\"https:\\\/\\\/www.lovendal.ro\\\/wp52\\\/\",\"logo\":{\"@type\":\"ImageObject\",\"inLanguage\":\"ro-RO\",\"@id\":\"https:\\\/\\\/www.lovendal.ro\\\/wp52\\\/#\\\/schema\\\/logo\\\/image\\\/\",\"url\":\"https:\\\/\\\/www.lovendal.ro\\\/wp52\\\/wp-content\\\/uploads\\\/2024\\\/06\\\/cropped-SLL-iun-2024-1.jpg\",\"contentUrl\":\"https:\\\/\\\/www.lovendal.ro\\\/wp52\\\/wp-content\\\/uploads\\\/2024\\\/06\\\/cropped-SLL-iun-2024-1.jpg\",\"width\":771,\"height\":240,\"caption\":\"Secretele lui Lovendal\"},\"image\":{\"@id\":\"https:\\\/\\\/www.lovendal.ro\\\/wp52\\\/#\\\/schema\\\/logo\\\/image\\\/\"},\"sameAs\":[\"https:\\\/\\\/www.facebook.com\\\/secreteleluilovendal\"]},{\"@type\":\"Person\",\"@id\":\"https:\\\/\\\/www.lovendal.ro\\\/wp52\\\/#\\\/schema\\\/person\\\/088691de5dfc346bb0c023e1e52ef5d9\",\"name\":\"admin\",\"image\":{\"@type\":\"ImageObject\",\"inLanguage\":\"ro-RO\",\"@id\":\"https:\\\/\\\/secure.gravatar.com\\\/avatar\\\/ecb9cd41f5f63c9c9b989999a59f6e2639a865ec361e9db054db0679a8f341c2?s=96&d=mm&r=g\",\"url\":\"https:\\\/\\\/secure.gravatar.com\\\/avatar\\\/ecb9cd41f5f63c9c9b989999a59f6e2639a865ec361e9db054db0679a8f341c2?s=96&d=mm&r=g\",\"contentUrl\":\"https:\\\/\\\/secure.gravatar.com\\\/avatar\\\/ecb9cd41f5f63c9c9b989999a59f6e2639a865ec361e9db054db0679a8f341c2?s=96&d=mm&r=g\",\"caption\":\"admin\"},\"sameAs\":[\"https:\\\/\\\/www.lovendal.ro\\\/wp52\"]}]}<\/script>\n<!-- \/ Yoast SEO Premium plugin. -->","yoast_head_json":{"title":"Ipotez\u0103 \u015focant\u0103 a unui mare om de cultur\u0103 de talie mondial\u0103: spaniolii au fost descenden\u0163ii geto-dacilor - Secretele lui Lovendal","robots":{"index":"index","follow":"follow","max-snippet":"max-snippet:-1","max-image-preview":"max-image-preview:large","max-video-preview":"max-video-preview:-1"},"canonical":"https:\/\/www.lovendal.ro\/wp52\/ipoteza-socanta-unui-mare-om-de-cultura-de-talie-mondiala-spaniolii-au-fost-descendentii-geto-dacilor\/","og_locale":"ro_RO","og_type":"article","og_title":"Ipotez\u0103 \u015focant\u0103 a unui mare om de cultur\u0103 de talie mondial\u0103: spaniolii au fost descenden\u0163ii geto-dacilor","og_description":"Alexandru Busuioceanu (1896-1961) a fost unul dintre cei mai mari critici de art\u0103 rom\u00e2ni, profesor, poet, critic literar, istoric, eseist, traducator, \u015fi a reu\u015fit s\u0103 exceleze \u00een toate aceste domenii. A murit departe de \u0163ar\u0103, la Madrid (Spania), din cauza ... Cititi mai multe","og_url":"https:\/\/www.lovendal.ro\/wp52\/ipoteza-socanta-unui-mare-om-de-cultura-de-talie-mondiala-spaniolii-au-fost-descendentii-geto-dacilor\/","og_site_name":"Secretele lui Lovendal","article_publisher":"https:\/\/www.facebook.com\/secreteleluilovendal","article_published_time":"2018-03-24T11:18:56+00:00","article_modified_time":"2018-03-24T11:19:33+00:00","og_image":[{"width":336,"height":226,"url":"https:\/\/www.lovendal.ro\/wp52\/wp-content\/uploads\/2018\/03\/spania-daci.jpg","type":"image\/jpeg"}],"author":"admin","twitter_card":"summary_large_image","twitter_misc":{"Scris de":"admin","Timp estimat pentru citire":"2 minute"},"schema":{"@context":"https:\/\/schema.org","@graph":[{"@type":"Article","@id":"https:\/\/www.lovendal.ro\/wp52\/ipoteza-socanta-unui-mare-om-de-cultura-de-talie-mondiala-spaniolii-au-fost-descendentii-geto-dacilor\/#article","isPartOf":{"@id":"https:\/\/www.lovendal.ro\/wp52\/ipoteza-socanta-unui-mare-om-de-cultura-de-talie-mondiala-spaniolii-au-fost-descendentii-geto-dacilor\/"},"author":{"name":"admin","@id":"https:\/\/www.lovendal.ro\/wp52\/#\/schema\/person\/088691de5dfc346bb0c023e1e52ef5d9"},"headline":"Ipotez\u0103 \u015focant\u0103 a unui mare om de cultur\u0103 de talie mondial\u0103: spaniolii au fost descenden\u0163ii geto-dacilor","datePublished":"2018-03-24T11:18:56+00:00","dateModified":"2018-03-24T11:19:33+00:00","mainEntityOfPage":{"@id":"https:\/\/www.lovendal.ro\/wp52\/ipoteza-socanta-unui-mare-om-de-cultura-de-talie-mondiala-spaniolii-au-fost-descendentii-geto-dacilor\/"},"wordCount":453,"commentCount":5,"publisher":{"@id":"https:\/\/www.lovendal.ro\/wp52\/#organization"},"image":{"@id":"https:\/\/www.lovendal.ro\/wp52\/ipoteza-socanta-unui-mare-om-de-cultura-de-talie-mondiala-spaniolii-au-fost-descendentii-geto-dacilor\/#primaryimage"},"thumbnailUrl":"https:\/\/www.lovendal.ro\/wp52\/wp-content\/uploads\/2018\/03\/spania-daci.jpg","keywords":["Andaluzia","arhiepiscop","Burebista","Busuioceanu","carte","daci","Decebal","Deceneu","Dun\u0103re","Eliade","geto-daci","\u00eemp\u0103rat","Imperiul Roman","istoric","Istorie si Civilizatii","legend\u0103","Madrid","poet","roman","Spania","spanioli","Vasile P\u00e2rvan","Zamolxis"],"articleSection":["Istorie si Civilizatii","Noutati"],"inLanguage":"ro-RO","potentialAction":[{"@type":"CommentAction","name":"Comment","target":["https:\/\/www.lovendal.ro\/wp52\/ipoteza-socanta-unui-mare-om-de-cultura-de-talie-mondiala-spaniolii-au-fost-descendentii-geto-dacilor\/#respond"]}]},{"@type":"WebPage","@id":"https:\/\/www.lovendal.ro\/wp52\/ipoteza-socanta-unui-mare-om-de-cultura-de-talie-mondiala-spaniolii-au-fost-descendentii-geto-dacilor\/","url":"https:\/\/www.lovendal.ro\/wp52\/ipoteza-socanta-unui-mare-om-de-cultura-de-talie-mondiala-spaniolii-au-fost-descendentii-geto-dacilor\/","name":"Ipotez\u0103 \u015focant\u0103 a unui mare om de cultur\u0103 de talie mondial\u0103: spaniolii au fost descenden\u0163ii geto-dacilor - Secretele lui Lovendal","isPartOf":{"@id":"https:\/\/www.lovendal.ro\/wp52\/#website"},"primaryImageOfPage":{"@id":"https:\/\/www.lovendal.ro\/wp52\/ipoteza-socanta-unui-mare-om-de-cultura-de-talie-mondiala-spaniolii-au-fost-descendentii-geto-dacilor\/#primaryimage"},"image":{"@id":"https:\/\/www.lovendal.ro\/wp52\/ipoteza-socanta-unui-mare-om-de-cultura-de-talie-mondiala-spaniolii-au-fost-descendentii-geto-dacilor\/#primaryimage"},"thumbnailUrl":"https:\/\/www.lovendal.ro\/wp52\/wp-content\/uploads\/2018\/03\/spania-daci.jpg","datePublished":"2018-03-24T11:18:56+00:00","dateModified":"2018-03-24T11:19:33+00:00","breadcrumb":{"@id":"https:\/\/www.lovendal.ro\/wp52\/ipoteza-socanta-unui-mare-om-de-cultura-de-talie-mondiala-spaniolii-au-fost-descendentii-geto-dacilor\/#breadcrumb"},"inLanguage":"ro-RO","potentialAction":[{"@type":"ReadAction","target":["https:\/\/www.lovendal.ro\/wp52\/ipoteza-socanta-unui-mare-om-de-cultura-de-talie-mondiala-spaniolii-au-fost-descendentii-geto-dacilor\/"]}]},{"@type":"ImageObject","inLanguage":"ro-RO","@id":"https:\/\/www.lovendal.ro\/wp52\/ipoteza-socanta-unui-mare-om-de-cultura-de-talie-mondiala-spaniolii-au-fost-descendentii-geto-dacilor\/#primaryimage","url":"https:\/\/www.lovendal.ro\/wp52\/wp-content\/uploads\/2018\/03\/spania-daci.jpg","contentUrl":"https:\/\/www.lovendal.ro\/wp52\/wp-content\/uploads\/2018\/03\/spania-daci.jpg","width":336,"height":226},{"@type":"BreadcrumbList","@id":"https:\/\/www.lovendal.ro\/wp52\/ipoteza-socanta-unui-mare-om-de-cultura-de-talie-mondiala-spaniolii-au-fost-descendentii-geto-dacilor\/#breadcrumb","itemListElement":[{"@type":"ListItem","position":1,"name":"Home","item":"https:\/\/www.lovendal.ro\/wp52\/"},{"@type":"ListItem","position":2,"name":"Ipotez\u0103 \u015focant\u0103 a unui mare om de cultur\u0103 de talie mondial\u0103: spaniolii au fost descenden\u0163ii geto-dacilor"}]},{"@type":"WebSite","@id":"https:\/\/www.lovendal.ro\/wp52\/#website","url":"https:\/\/www.lovendal.ro\/wp52\/","name":"Secretele lui Lovendal","description":"Site de secrete, stiinta si metafizica - din 2008 -","publisher":{"@id":"https:\/\/www.lovendal.ro\/wp52\/#organization"},"potentialAction":[{"@type":"SearchAction","target":{"@type":"EntryPoint","urlTemplate":"https:\/\/www.lovendal.ro\/wp52\/?s={search_term_string}"},"query-input":{"@type":"PropertyValueSpecification","valueRequired":true,"valueName":"search_term_string"}}],"inLanguage":"ro-RO"},{"@type":"Organization","@id":"https:\/\/www.lovendal.ro\/wp52\/#organization","name":"Secretele lui Lovendal","url":"https:\/\/www.lovendal.ro\/wp52\/","logo":{"@type":"ImageObject","inLanguage":"ro-RO","@id":"https:\/\/www.lovendal.ro\/wp52\/#\/schema\/logo\/image\/","url":"https:\/\/www.lovendal.ro\/wp52\/wp-content\/uploads\/2024\/06\/cropped-SLL-iun-2024-1.jpg","contentUrl":"https:\/\/www.lovendal.ro\/wp52\/wp-content\/uploads\/2024\/06\/cropped-SLL-iun-2024-1.jpg","width":771,"height":240,"caption":"Secretele lui Lovendal"},"image":{"@id":"https:\/\/www.lovendal.ro\/wp52\/#\/schema\/logo\/image\/"},"sameAs":["https:\/\/www.facebook.com\/secreteleluilovendal"]},{"@type":"Person","@id":"https:\/\/www.lovendal.ro\/wp52\/#\/schema\/person\/088691de5dfc346bb0c023e1e52ef5d9","name":"admin","image":{"@type":"ImageObject","inLanguage":"ro-RO","@id":"https:\/\/secure.gravatar.com\/avatar\/ecb9cd41f5f63c9c9b989999a59f6e2639a865ec361e9db054db0679a8f341c2?s=96&d=mm&r=g","url":"https:\/\/secure.gravatar.com\/avatar\/ecb9cd41f5f63c9c9b989999a59f6e2639a865ec361e9db054db0679a8f341c2?s=96&d=mm&r=g","contentUrl":"https:\/\/secure.gravatar.com\/avatar\/ecb9cd41f5f63c9c9b989999a59f6e2639a865ec361e9db054db0679a8f341c2?s=96&d=mm&r=g","caption":"admin"},"sameAs":["https:\/\/www.lovendal.ro\/wp52"]}]}},"_links":{"self":[{"href":"https:\/\/www.lovendal.ro\/wp52\/wp-json\/wp\/v2\/posts\/55313","targetHints":{"allow":["GET"]}}],"collection":[{"href":"https:\/\/www.lovendal.ro\/wp52\/wp-json\/wp\/v2\/posts"}],"about":[{"href":"https:\/\/www.lovendal.ro\/wp52\/wp-json\/wp\/v2\/types\/post"}],"author":[{"embeddable":true,"href":"https:\/\/www.lovendal.ro\/wp52\/wp-json\/wp\/v2\/users\/1"}],"replies":[{"embeddable":true,"href":"https:\/\/www.lovendal.ro\/wp52\/wp-json\/wp\/v2\/comments?post=55313"}],"version-history":[{"count":0,"href":"https:\/\/www.lovendal.ro\/wp52\/wp-json\/wp\/v2\/posts\/55313\/revisions"}],"wp:featuredmedia":[{"embeddable":true,"href":"https:\/\/www.lovendal.ro\/wp52\/wp-json\/wp\/v2\/media\/55315"}],"wp:attachment":[{"href":"https:\/\/www.lovendal.ro\/wp52\/wp-json\/wp\/v2\/media?parent=55313"}],"wp:term":[{"taxonomy":"category","embeddable":true,"href":"https:\/\/www.lovendal.ro\/wp52\/wp-json\/wp\/v2\/categories?post=55313"},{"taxonomy":"post_tag","embeddable":true,"href":"https:\/\/www.lovendal.ro\/wp52\/wp-json\/wp\/v2\/tags?post=55313"}],"curies":[{"name":"wp","href":"https:\/\/api.w.org\/{rel}","templated":true}]}}