{"id":55260,"date":"2018-03-19T12:31:10","date_gmt":"2018-03-19T10:31:10","guid":{"rendered":"http:\/\/www.lovendal.ro\/wp52\/?p=55260"},"modified":"2018-03-19T15:08:57","modified_gmt":"2018-03-19T13:08:57","slug":"enigma-bolii-alzheimer-fost-dezlegata-s-ar-parea-ca-o-bacterie-e-vinovata-pentru-sute-de-milioane-de-pacienti-cu-dementa","status":"publish","type":"post","link":"https:\/\/www.lovendal.ro\/wp52\/enigma-bolii-alzheimer-fost-dezlegata-s-ar-parea-ca-o-bacterie-e-vinovata-pentru-sute-de-milioane-de-pacienti-cu-dementa\/","title":{"rendered":"Enigma bolii Alzheimer a fost dezlegat\u0103? S-ar p\u0103rea c\u0103 o bacterie e vinovat\u0103 pentru sute de milioane de pacien\u0163i cu demen\u0163\u0103&#8230;"},"content":{"rendered":"<p><a href=\"https:\/\/www.lovendal.ro\/wp52\/wp-content\/uploads\/2018\/03\/boala-Alzheimer.jpg\"><img loading=\"lazy\" decoding=\"async\" class=\"alignleft size-full wp-image-55262\" src=\"https:\/\/www.lovendal.ro\/wp52\/wp-content\/uploads\/2018\/03\/boala-Alzheimer.jpg\" alt=\"\" width=\"333\" height=\"253\" srcset=\"https:\/\/www.lovendal.ro\/wp52\/wp-content\/uploads\/2018\/03\/boala-Alzheimer.jpg 333w, https:\/\/www.lovendal.ro\/wp52\/wp-content\/uploads\/2018\/03\/boala-Alzheimer-300x228.jpg 300w, https:\/\/www.lovendal.ro\/wp52\/wp-content\/uploads\/2018\/03\/boala-Alzheimer-20x15.jpg 20w\" sizes=\"auto, (max-width: 333px) 100vw, 333px\" \/><\/a>Demen\u021ba e veche de c\u00e2nd lumea. Medicii greci \u0219i romani din antichitate o recuno\u0219teau, de\u0219i \u00een acel moment era considerat\u0103 ca fiind parte natural\u0103 a \u00eemb\u0103tr\u00e2nirii. Aceast\u0103 atitudine a durat mult timp. &#8222;Boala Alzheimer&#8221; a fost descoperit\u0103 ca \u015fi patologie \u00een 1906, de c\u0103tre un doctor pe nume Alois Alzheimer. De\u0219i multe resurse au fost investite \u00een \u00een\u021belegerea bolii, \u00eenc\u0103 nu \u0219tim ce o cauzeaz\u0103 sau cum s-o vindec\u0103m.<\/p>\n<p>Ast\u0103zi, zeci de milioane de oameni din \u00eentreaga lume tr\u0103iesc cu aceast\u0103 tulburare neurodegenerativ\u0103. P\u00e2n\u0103 \u00een 2050, acest num\u0103r ar putea cre\u015fte de c\u00e2teva ori. \u00cen lume, se cheltuie anual sute de miliarde de dolari pentru diagnosticul \u015fi tratamentul bolii Alzheimer. Dac\u0103 se continu\u0103 trendul, p\u00e2n\u0103 la mijlocul secolului XXI, boala ar putea &#8222;topi&#8221; trilioane de dolari. A\u015fadar, eforturile de cercetare privind aceast\u0103 boal\u0103 au crescut dramatic in ultimii ani. Dar, ce s-a g\u0103sit p\u00e2n\u0103 acum?<\/p>\n<p>\u0218tim c\u0103 <span class=\"st\">pl\u0103cile de proteine beta-amiloide<\/span> se acumuleaz\u0103 \u00een creier \u0219i \u00eencep s\u0103 inhibe func\u021bionarea sa corect\u0103. Cu c\u00e2t se acumuleaz\u0103 mai multe pl\u0103ci, cu at\u00e2t o persoan\u0103 \u00eencepe s\u0103 piard\u0103 mai multe facult\u0103\u021bi mentale, cum ar fi pierderile de memorie, dar \u015fi capacitatea de a planifica, de a conduce, de a g\u0103ti, de a face baie, de a se \u00eembr\u0103ca singur \u0219i chiar capacitatea de a vorbi. Aceste globule sunt ajutate de proteina tau, care blocheaz\u0103 substan\u021bele nutritive ce trec prin pere\u021bii celulari ai neuronilor, \u00eenfomet\u00e2ndu-i. Dar, acumularea pl\u0103cilor de proteine beta-amiloide este considerat\u0103 ca fiind principalul motor al bolii.<\/p>\n<p>Totu\u015fi, \u00een ultimii 40 de ani, c\u00e2\u0163iva cercet\u0103tori au luat \u00een calcul posibilitatea ca un agent patogen s\u0103 se afle \u00een spatele bolii Alzheimer. Din anii &#8217;90, doar c\u00e2teva laboratoare din SUA au cercetat diferi\u021bi agen\u021bi patogeni care ar putea fi asociate cu boala. \u015ei asta pentru c\u0103 pu\u021bini microbi pot traversa bariera hemato-encefalic\u0103 &#8211; o margine de protec\u021bie special\u0103, care blocheaz\u0103 agen\u0163ii patogeni nocivi \u00een a intra \u00een creier.<\/p>\n<p>\u00cen 2011, Judith Miklosy \u0219i cercet\u0103torii de la Centrul Interna\u021bional de Cercetare Alzheimer au descoperit dovezi ale prezen\u0163ei spirochetelor &#8211; bacterii care poate traversa bariera hemato-encefalic\u0103 \u00een creierul pacien\u021bilor bolnavi de Alzheimer. Spirochetele reprezint\u0103 un tip de bacterii responsabile pentru sifilis \u0219i boala Lyme put\u00e2nd provoca, de asemenea, tot felul de probleme neurologice, dac\u0103 asemenea afec\u0163iuni sunt l\u0103sate ca netratate, pe termen lung.<\/p>\n<p>\u00cen lucrarea lui Miklosy, <em>Borrelia burgdorferi<\/em> &#8211; o specie de bacterie spirochet\u0103 care provoac\u0103 boala Lyme, a fost identificat\u0103 \u00een 451 din cele 495 de creiere examinate, care erau afectate de Alzheimer. Profesorul de dermatologie Herbert Allen, de la Universitatea Drexel a sugerat c\u0103, dac\u0103 boala Alzheimer este \u00eentr-adev\u0103r o boal\u0103 infec\u021bioas\u0103, atunci un biofilm (o colonie bacterian\u0103 care se adun\u0103 pentru a respinge atacul sistemului imunitar), ar putea fi considerat ca fiind dovad\u0103 prezen\u021bei unei bacterii care cauzeaz\u0103 Alzheimer. Dar, coloniile bacteriene au fost g\u0103site \u00een creierul afectat de Alzheimer. Prin urmare, cre\u0219terea pl\u0103cilor de proteine beta-amiloide ar putea fi o dovad\u0103 a prezen\u0163ei unui r\u0103spuns imunitar. Persoana ar putea fi infectat\u0103 cu un anumit tip de bacterie spirochet\u0103, cu ani sau chiar decenii mai devreme, dar care se afl\u0103 \u00een stare latent\u0103, p\u00e2n\u0103 la momentul \u00een care se activeaz\u0103. Acest lucru se \u00eent\u00e2mpl\u0103 cu sifilisul \u0219i, uneori, cu boala Lyme.<\/p>\n<p>O constatare interesant\u0103 este aceea c\u0103 neurochirurgii care efectueaz\u0103 proceduri asupra celor care sufer\u0103 de afec\u021biuni neurodegenerative sunt mult mai susceptibili \u00een a deveni victime ale bolii Alzheimer. O societate a neurochirurgilor a constatat ca membrii lor au de \u015fase ori mai multe \u015fanse de a muri de Alzheimer dec\u00e2t de orice alt\u0103 boal\u0103. Totu\u015fi, asocia\u0163ia nu consider\u0103 c\u0103 boala Alzheimer ar fi transmisibil\u0103.<\/p>\n<p>\u00cen zilele noastre, doi cercet\u0103tori (Robert Moir \u015fi\u00a0Rudolph Tanzi) de la Harvard au analizat posibilitatea ca boala Alzheimer s\u0103 provin\u0103 dintr-o colonie de bacterii din creier. Ei conduc &#8222;Proiectul microbiologic al creierului&#8221;, pentru a afla ce bacterii pot fi g\u0103site \u00een creier \u0219i care sunt prietenoase \u0219i care nu. \u00centr-un studiu din 2010, cei doi au demonstrat c\u0103 placa de proteine beta-amiloide ar fi, de fapt, o peptid\u0103 antimicrobian\u0103.<\/p>\n<p>Dac\u0103 o infec\u021bie se dovede\u0219te a fi sursa bolii Alzheimer, atunci ar trebui s\u0103 fim capabili s\u0103 o recunoa\u0219tem cu u\u0219urin\u021b\u0103 \u0219i s\u0103 o rezolv\u0103m \u00eenainte de a avea loc orice leziune neurologic\u0103, ceea ce ar \u00eensemna sf\u00e2r\u0219itul bolii Alzheimer.<\/p>\n<p><em><strong>Sursa (traducerea \u015fi adaptarea proprie):<\/strong><\/em> <a href=\"http:\/\/bigthink.com\/philip-perry\/could-a-pathogen-be-the-cause-of-alzheimers-disease\" target=\"_blank\" rel=\"noopener\"><strong>bigthink.com<\/strong><\/a><\/p>\n","protected":false},"excerpt":{"rendered":"<p>Demen\u021ba e veche de c\u00e2nd lumea. Medicii greci \u0219i romani din antichitate o recuno\u0219teau, de\u0219i \u00een acel moment era considerat\u0103 ca fiind parte natural\u0103 a \u00eemb\u0103tr\u00e2nirii. Aceast\u0103 atitudine a durat mult timp. &#8222;Boala Alzheimer&#8221; a fost descoperit\u0103 ca \u015fi patologie &#8230; <\/p>\n<p class=\"read-more-container\"><a title=\"Enigma bolii Alzheimer a fost dezlegat\u0103? S-ar p\u0103rea c\u0103 o bacterie e vinovat\u0103 pentru sute de milioane de pacien\u0163i cu demen\u0163\u0103&#8230;\" class=\"read-more button\" href=\"https:\/\/www.lovendal.ro\/wp52\/enigma-bolii-alzheimer-fost-dezlegata-s-ar-parea-ca-o-bacterie-e-vinovata-pentru-sute-de-milioane-de-pacienti-cu-dementa\/#more-55260\" aria-label=\"Cite\u0219te mai multe despre Enigma bolii Alzheimer a fost dezlegat\u0103? S-ar p\u0103rea c\u0103 o bacterie e vinovat\u0103 pentru sute de milioane de pacien\u0163i cu demen\u0163\u0103&#8230;\">Cititi mai multe<\/a><\/p>\n","protected":false},"author":1,"featured_media":55262,"comment_status":"open","ping_status":"closed","sticky":false,"template":"","format":"standard","meta":{"footnotes":""},"categories":[6,2833],"tags":[559,1733,170,12377,5282,230,115,4724,3763,9794,229,10889,8058,169,23,2250],"class_list":["post-55260","post","type-post","status-publish","format-standard","has-post-thumbnail","hentry","category-medicina","category-noutati","tag-antichitate","tag-bacterie","tag-boala","tag-boala-alzheimer","tag-boala-lyme","tag-creier","tag-dolari","tag-laborator","tag-medic","tag-medicina","tag-memorie","tag-neurochirurgie","tag-proteina","tag-sifilis","tag-sua","tag-universitate","resize-featured-image"],"yoast_head":"<!-- This site is optimized with the Yoast SEO Premium plugin v23.3 (Yoast SEO v27.4) - https:\/\/yoast.com\/product\/yoast-seo-premium-wordpress\/ -->\n<title>Enigma bolii Alzheimer a fost dezlegat\u0103? S-ar p\u0103rea c\u0103 o bacterie e vinovat\u0103 pentru sute de milioane de pacien\u0163i cu demen\u0163\u0103... - Secretele lui Lovendal<\/title>\n<meta name=\"robots\" content=\"index, follow, max-snippet:-1, max-image-preview:large, max-video-preview:-1\" \/>\n<link rel=\"canonical\" href=\"https:\/\/www.lovendal.ro\/wp52\/enigma-bolii-alzheimer-fost-dezlegata-s-ar-parea-ca-o-bacterie-e-vinovata-pentru-sute-de-milioane-de-pacienti-cu-dementa\/\" \/>\n<meta property=\"og:locale\" content=\"ro_RO\" \/>\n<meta property=\"og:type\" content=\"article\" \/>\n<meta property=\"og:title\" content=\"Enigma bolii Alzheimer a fost dezlegat\u0103? S-ar p\u0103rea c\u0103 o bacterie e vinovat\u0103 pentru sute de milioane de pacien\u0163i cu demen\u0163\u0103...\" \/>\n<meta property=\"og:description\" content=\"Demen\u021ba e veche de c\u00e2nd lumea. Medicii greci \u0219i romani din antichitate o recuno\u0219teau, de\u0219i \u00een acel moment era considerat\u0103 ca fiind parte natural\u0103 a \u00eemb\u0103tr\u00e2nirii. Aceast\u0103 atitudine a durat mult timp. &#8222;Boala Alzheimer&#8221; a fost descoperit\u0103 ca \u015fi patologie ... Cititi mai multe\" \/>\n<meta property=\"og:url\" content=\"https:\/\/www.lovendal.ro\/wp52\/enigma-bolii-alzheimer-fost-dezlegata-s-ar-parea-ca-o-bacterie-e-vinovata-pentru-sute-de-milioane-de-pacienti-cu-dementa\/\" \/>\n<meta property=\"og:site_name\" content=\"Secretele lui Lovendal\" \/>\n<meta property=\"article:publisher\" content=\"https:\/\/www.facebook.com\/secreteleluilovendal\" \/>\n<meta property=\"article:published_time\" content=\"2018-03-19T10:31:10+00:00\" \/>\n<meta property=\"article:modified_time\" content=\"2018-03-19T13:08:57+00:00\" \/>\n<meta property=\"og:image\" content=\"https:\/\/www.lovendal.ro\/wp52\/wp-content\/uploads\/2018\/03\/boala-Alzheimer.jpg\" \/>\n\t<meta property=\"og:image:width\" content=\"333\" \/>\n\t<meta property=\"og:image:height\" content=\"253\" \/>\n\t<meta property=\"og:image:type\" content=\"image\/jpeg\" \/>\n<meta name=\"author\" content=\"admin\" \/>\n<meta name=\"twitter:card\" content=\"summary_large_image\" \/>\n<meta name=\"twitter:label1\" content=\"Scris de\" \/>\n\t<meta name=\"twitter:data1\" content=\"admin\" \/>\n\t<meta name=\"twitter:label2\" content=\"Timp estimat pentru citire\" \/>\n\t<meta name=\"twitter:data2\" content=\"4 minute\" \/>\n<script type=\"application\/ld+json\" class=\"yoast-schema-graph\">{\"@context\":\"https:\\\/\\\/schema.org\",\"@graph\":[{\"@type\":\"Article\",\"@id\":\"https:\\\/\\\/www.lovendal.ro\\\/wp52\\\/enigma-bolii-alzheimer-fost-dezlegata-s-ar-parea-ca-o-bacterie-e-vinovata-pentru-sute-de-milioane-de-pacienti-cu-dementa\\\/#article\",\"isPartOf\":{\"@id\":\"https:\\\/\\\/www.lovendal.ro\\\/wp52\\\/enigma-bolii-alzheimer-fost-dezlegata-s-ar-parea-ca-o-bacterie-e-vinovata-pentru-sute-de-milioane-de-pacienti-cu-dementa\\\/\"},\"author\":{\"name\":\"admin\",\"@id\":\"https:\\\/\\\/www.lovendal.ro\\\/wp52\\\/#\\\/schema\\\/person\\\/088691de5dfc346bb0c023e1e52ef5d9\"},\"headline\":\"Enigma bolii Alzheimer a fost dezlegat\u0103? S-ar p\u0103rea c\u0103 o bacterie e vinovat\u0103 pentru sute de milioane de pacien\u0163i cu demen\u0163\u0103&#8230;\",\"datePublished\":\"2018-03-19T10:31:10+00:00\",\"dateModified\":\"2018-03-19T13:08:57+00:00\",\"mainEntityOfPage\":{\"@id\":\"https:\\\/\\\/www.lovendal.ro\\\/wp52\\\/enigma-bolii-alzheimer-fost-dezlegata-s-ar-parea-ca-o-bacterie-e-vinovata-pentru-sute-de-milioane-de-pacienti-cu-dementa\\\/\"},\"wordCount\":798,\"commentCount\":0,\"publisher\":{\"@id\":\"https:\\\/\\\/www.lovendal.ro\\\/wp52\\\/#organization\"},\"image\":{\"@id\":\"https:\\\/\\\/www.lovendal.ro\\\/wp52\\\/enigma-bolii-alzheimer-fost-dezlegata-s-ar-parea-ca-o-bacterie-e-vinovata-pentru-sute-de-milioane-de-pacienti-cu-dementa\\\/#primaryimage\"},\"thumbnailUrl\":\"https:\\\/\\\/www.lovendal.ro\\\/wp52\\\/wp-content\\\/uploads\\\/2018\\\/03\\\/boala-Alzheimer.jpg\",\"keywords\":[\"antichitate\",\"bacterie\",\"boal\u0103\",\"boala Alzheimer\",\"boala Lyme\",\"creier\",\"dolari\",\"laborator\",\"medic\",\"Medicina\",\"memorie\",\"neurochirurgie\",\"protein\u0103\",\"sifilis\",\"SUA\",\"universitate\"],\"articleSection\":[\"Medicina\",\"Noutati\"],\"inLanguage\":\"ro-RO\",\"potentialAction\":[{\"@type\":\"CommentAction\",\"name\":\"Comment\",\"target\":[\"https:\\\/\\\/www.lovendal.ro\\\/wp52\\\/enigma-bolii-alzheimer-fost-dezlegata-s-ar-parea-ca-o-bacterie-e-vinovata-pentru-sute-de-milioane-de-pacienti-cu-dementa\\\/#respond\"]}]},{\"@type\":\"WebPage\",\"@id\":\"https:\\\/\\\/www.lovendal.ro\\\/wp52\\\/enigma-bolii-alzheimer-fost-dezlegata-s-ar-parea-ca-o-bacterie-e-vinovata-pentru-sute-de-milioane-de-pacienti-cu-dementa\\\/\",\"url\":\"https:\\\/\\\/www.lovendal.ro\\\/wp52\\\/enigma-bolii-alzheimer-fost-dezlegata-s-ar-parea-ca-o-bacterie-e-vinovata-pentru-sute-de-milioane-de-pacienti-cu-dementa\\\/\",\"name\":\"Enigma bolii Alzheimer a fost dezlegat\u0103? S-ar p\u0103rea c\u0103 o bacterie e vinovat\u0103 pentru sute de milioane de pacien\u0163i cu demen\u0163\u0103... - Secretele lui Lovendal\",\"isPartOf\":{\"@id\":\"https:\\\/\\\/www.lovendal.ro\\\/wp52\\\/#website\"},\"primaryImageOfPage\":{\"@id\":\"https:\\\/\\\/www.lovendal.ro\\\/wp52\\\/enigma-bolii-alzheimer-fost-dezlegata-s-ar-parea-ca-o-bacterie-e-vinovata-pentru-sute-de-milioane-de-pacienti-cu-dementa\\\/#primaryimage\"},\"image\":{\"@id\":\"https:\\\/\\\/www.lovendal.ro\\\/wp52\\\/enigma-bolii-alzheimer-fost-dezlegata-s-ar-parea-ca-o-bacterie-e-vinovata-pentru-sute-de-milioane-de-pacienti-cu-dementa\\\/#primaryimage\"},\"thumbnailUrl\":\"https:\\\/\\\/www.lovendal.ro\\\/wp52\\\/wp-content\\\/uploads\\\/2018\\\/03\\\/boala-Alzheimer.jpg\",\"datePublished\":\"2018-03-19T10:31:10+00:00\",\"dateModified\":\"2018-03-19T13:08:57+00:00\",\"breadcrumb\":{\"@id\":\"https:\\\/\\\/www.lovendal.ro\\\/wp52\\\/enigma-bolii-alzheimer-fost-dezlegata-s-ar-parea-ca-o-bacterie-e-vinovata-pentru-sute-de-milioane-de-pacienti-cu-dementa\\\/#breadcrumb\"},\"inLanguage\":\"ro-RO\",\"potentialAction\":[{\"@type\":\"ReadAction\",\"target\":[\"https:\\\/\\\/www.lovendal.ro\\\/wp52\\\/enigma-bolii-alzheimer-fost-dezlegata-s-ar-parea-ca-o-bacterie-e-vinovata-pentru-sute-de-milioane-de-pacienti-cu-dementa\\\/\"]}]},{\"@type\":\"ImageObject\",\"inLanguage\":\"ro-RO\",\"@id\":\"https:\\\/\\\/www.lovendal.ro\\\/wp52\\\/enigma-bolii-alzheimer-fost-dezlegata-s-ar-parea-ca-o-bacterie-e-vinovata-pentru-sute-de-milioane-de-pacienti-cu-dementa\\\/#primaryimage\",\"url\":\"https:\\\/\\\/www.lovendal.ro\\\/wp52\\\/wp-content\\\/uploads\\\/2018\\\/03\\\/boala-Alzheimer.jpg\",\"contentUrl\":\"https:\\\/\\\/www.lovendal.ro\\\/wp52\\\/wp-content\\\/uploads\\\/2018\\\/03\\\/boala-Alzheimer.jpg\",\"width\":333,\"height\":253},{\"@type\":\"BreadcrumbList\",\"@id\":\"https:\\\/\\\/www.lovendal.ro\\\/wp52\\\/enigma-bolii-alzheimer-fost-dezlegata-s-ar-parea-ca-o-bacterie-e-vinovata-pentru-sute-de-milioane-de-pacienti-cu-dementa\\\/#breadcrumb\",\"itemListElement\":[{\"@type\":\"ListItem\",\"position\":1,\"name\":\"Home\",\"item\":\"https:\\\/\\\/www.lovendal.ro\\\/wp52\\\/\"},{\"@type\":\"ListItem\",\"position\":2,\"name\":\"Enigma bolii Alzheimer a fost dezlegat\u0103? S-ar p\u0103rea c\u0103 o bacterie e vinovat\u0103 pentru sute de milioane de pacien\u0163i cu demen\u0163\u0103&#8230;\"}]},{\"@type\":\"WebSite\",\"@id\":\"https:\\\/\\\/www.lovendal.ro\\\/wp52\\\/#website\",\"url\":\"https:\\\/\\\/www.lovendal.ro\\\/wp52\\\/\",\"name\":\"Secretele lui Lovendal\",\"description\":\"Site de secrete, stiinta si metafizica - din 2008 -\",\"publisher\":{\"@id\":\"https:\\\/\\\/www.lovendal.ro\\\/wp52\\\/#organization\"},\"potentialAction\":[{\"@type\":\"SearchAction\",\"target\":{\"@type\":\"EntryPoint\",\"urlTemplate\":\"https:\\\/\\\/www.lovendal.ro\\\/wp52\\\/?s={search_term_string}\"},\"query-input\":{\"@type\":\"PropertyValueSpecification\",\"valueRequired\":true,\"valueName\":\"search_term_string\"}}],\"inLanguage\":\"ro-RO\"},{\"@type\":\"Organization\",\"@id\":\"https:\\\/\\\/www.lovendal.ro\\\/wp52\\\/#organization\",\"name\":\"Secretele lui Lovendal\",\"url\":\"https:\\\/\\\/www.lovendal.ro\\\/wp52\\\/\",\"logo\":{\"@type\":\"ImageObject\",\"inLanguage\":\"ro-RO\",\"@id\":\"https:\\\/\\\/www.lovendal.ro\\\/wp52\\\/#\\\/schema\\\/logo\\\/image\\\/\",\"url\":\"https:\\\/\\\/www.lovendal.ro\\\/wp52\\\/wp-content\\\/uploads\\\/2024\\\/06\\\/cropped-SLL-iun-2024-1.jpg\",\"contentUrl\":\"https:\\\/\\\/www.lovendal.ro\\\/wp52\\\/wp-content\\\/uploads\\\/2024\\\/06\\\/cropped-SLL-iun-2024-1.jpg\",\"width\":771,\"height\":240,\"caption\":\"Secretele lui Lovendal\"},\"image\":{\"@id\":\"https:\\\/\\\/www.lovendal.ro\\\/wp52\\\/#\\\/schema\\\/logo\\\/image\\\/\"},\"sameAs\":[\"https:\\\/\\\/www.facebook.com\\\/secreteleluilovendal\"]},{\"@type\":\"Person\",\"@id\":\"https:\\\/\\\/www.lovendal.ro\\\/wp52\\\/#\\\/schema\\\/person\\\/088691de5dfc346bb0c023e1e52ef5d9\",\"name\":\"admin\",\"image\":{\"@type\":\"ImageObject\",\"inLanguage\":\"ro-RO\",\"@id\":\"https:\\\/\\\/secure.gravatar.com\\\/avatar\\\/ecb9cd41f5f63c9c9b989999a59f6e2639a865ec361e9db054db0679a8f341c2?s=96&d=mm&r=g\",\"url\":\"https:\\\/\\\/secure.gravatar.com\\\/avatar\\\/ecb9cd41f5f63c9c9b989999a59f6e2639a865ec361e9db054db0679a8f341c2?s=96&d=mm&r=g\",\"contentUrl\":\"https:\\\/\\\/secure.gravatar.com\\\/avatar\\\/ecb9cd41f5f63c9c9b989999a59f6e2639a865ec361e9db054db0679a8f341c2?s=96&d=mm&r=g\",\"caption\":\"admin\"},\"sameAs\":[\"https:\\\/\\\/www.lovendal.ro\\\/wp52\"]}]}<\/script>\n<!-- \/ Yoast SEO Premium plugin. -->","yoast_head_json":{"title":"Enigma bolii Alzheimer a fost dezlegat\u0103? S-ar p\u0103rea c\u0103 o bacterie e vinovat\u0103 pentru sute de milioane de pacien\u0163i cu demen\u0163\u0103... - Secretele lui Lovendal","robots":{"index":"index","follow":"follow","max-snippet":"max-snippet:-1","max-image-preview":"max-image-preview:large","max-video-preview":"max-video-preview:-1"},"canonical":"https:\/\/www.lovendal.ro\/wp52\/enigma-bolii-alzheimer-fost-dezlegata-s-ar-parea-ca-o-bacterie-e-vinovata-pentru-sute-de-milioane-de-pacienti-cu-dementa\/","og_locale":"ro_RO","og_type":"article","og_title":"Enigma bolii Alzheimer a fost dezlegat\u0103? S-ar p\u0103rea c\u0103 o bacterie e vinovat\u0103 pentru sute de milioane de pacien\u0163i cu demen\u0163\u0103...","og_description":"Demen\u021ba e veche de c\u00e2nd lumea. Medicii greci \u0219i romani din antichitate o recuno\u0219teau, de\u0219i \u00een acel moment era considerat\u0103 ca fiind parte natural\u0103 a \u00eemb\u0103tr\u00e2nirii. Aceast\u0103 atitudine a durat mult timp. &#8222;Boala Alzheimer&#8221; a fost descoperit\u0103 ca \u015fi patologie ... Cititi mai multe","og_url":"https:\/\/www.lovendal.ro\/wp52\/enigma-bolii-alzheimer-fost-dezlegata-s-ar-parea-ca-o-bacterie-e-vinovata-pentru-sute-de-milioane-de-pacienti-cu-dementa\/","og_site_name":"Secretele lui Lovendal","article_publisher":"https:\/\/www.facebook.com\/secreteleluilovendal","article_published_time":"2018-03-19T10:31:10+00:00","article_modified_time":"2018-03-19T13:08:57+00:00","og_image":[{"width":333,"height":253,"url":"https:\/\/www.lovendal.ro\/wp52\/wp-content\/uploads\/2018\/03\/boala-Alzheimer.jpg","type":"image\/jpeg"}],"author":"admin","twitter_card":"summary_large_image","twitter_misc":{"Scris de":"admin","Timp estimat pentru citire":"4 minute"},"schema":{"@context":"https:\/\/schema.org","@graph":[{"@type":"Article","@id":"https:\/\/www.lovendal.ro\/wp52\/enigma-bolii-alzheimer-fost-dezlegata-s-ar-parea-ca-o-bacterie-e-vinovata-pentru-sute-de-milioane-de-pacienti-cu-dementa\/#article","isPartOf":{"@id":"https:\/\/www.lovendal.ro\/wp52\/enigma-bolii-alzheimer-fost-dezlegata-s-ar-parea-ca-o-bacterie-e-vinovata-pentru-sute-de-milioane-de-pacienti-cu-dementa\/"},"author":{"name":"admin","@id":"https:\/\/www.lovendal.ro\/wp52\/#\/schema\/person\/088691de5dfc346bb0c023e1e52ef5d9"},"headline":"Enigma bolii Alzheimer a fost dezlegat\u0103? S-ar p\u0103rea c\u0103 o bacterie e vinovat\u0103 pentru sute de milioane de pacien\u0163i cu demen\u0163\u0103&#8230;","datePublished":"2018-03-19T10:31:10+00:00","dateModified":"2018-03-19T13:08:57+00:00","mainEntityOfPage":{"@id":"https:\/\/www.lovendal.ro\/wp52\/enigma-bolii-alzheimer-fost-dezlegata-s-ar-parea-ca-o-bacterie-e-vinovata-pentru-sute-de-milioane-de-pacienti-cu-dementa\/"},"wordCount":798,"commentCount":0,"publisher":{"@id":"https:\/\/www.lovendal.ro\/wp52\/#organization"},"image":{"@id":"https:\/\/www.lovendal.ro\/wp52\/enigma-bolii-alzheimer-fost-dezlegata-s-ar-parea-ca-o-bacterie-e-vinovata-pentru-sute-de-milioane-de-pacienti-cu-dementa\/#primaryimage"},"thumbnailUrl":"https:\/\/www.lovendal.ro\/wp52\/wp-content\/uploads\/2018\/03\/boala-Alzheimer.jpg","keywords":["antichitate","bacterie","boal\u0103","boala Alzheimer","boala Lyme","creier","dolari","laborator","medic","Medicina","memorie","neurochirurgie","protein\u0103","sifilis","SUA","universitate"],"articleSection":["Medicina","Noutati"],"inLanguage":"ro-RO","potentialAction":[{"@type":"CommentAction","name":"Comment","target":["https:\/\/www.lovendal.ro\/wp52\/enigma-bolii-alzheimer-fost-dezlegata-s-ar-parea-ca-o-bacterie-e-vinovata-pentru-sute-de-milioane-de-pacienti-cu-dementa\/#respond"]}]},{"@type":"WebPage","@id":"https:\/\/www.lovendal.ro\/wp52\/enigma-bolii-alzheimer-fost-dezlegata-s-ar-parea-ca-o-bacterie-e-vinovata-pentru-sute-de-milioane-de-pacienti-cu-dementa\/","url":"https:\/\/www.lovendal.ro\/wp52\/enigma-bolii-alzheimer-fost-dezlegata-s-ar-parea-ca-o-bacterie-e-vinovata-pentru-sute-de-milioane-de-pacienti-cu-dementa\/","name":"Enigma bolii Alzheimer a fost dezlegat\u0103? S-ar p\u0103rea c\u0103 o bacterie e vinovat\u0103 pentru sute de milioane de pacien\u0163i cu demen\u0163\u0103... - Secretele lui Lovendal","isPartOf":{"@id":"https:\/\/www.lovendal.ro\/wp52\/#website"},"primaryImageOfPage":{"@id":"https:\/\/www.lovendal.ro\/wp52\/enigma-bolii-alzheimer-fost-dezlegata-s-ar-parea-ca-o-bacterie-e-vinovata-pentru-sute-de-milioane-de-pacienti-cu-dementa\/#primaryimage"},"image":{"@id":"https:\/\/www.lovendal.ro\/wp52\/enigma-bolii-alzheimer-fost-dezlegata-s-ar-parea-ca-o-bacterie-e-vinovata-pentru-sute-de-milioane-de-pacienti-cu-dementa\/#primaryimage"},"thumbnailUrl":"https:\/\/www.lovendal.ro\/wp52\/wp-content\/uploads\/2018\/03\/boala-Alzheimer.jpg","datePublished":"2018-03-19T10:31:10+00:00","dateModified":"2018-03-19T13:08:57+00:00","breadcrumb":{"@id":"https:\/\/www.lovendal.ro\/wp52\/enigma-bolii-alzheimer-fost-dezlegata-s-ar-parea-ca-o-bacterie-e-vinovata-pentru-sute-de-milioane-de-pacienti-cu-dementa\/#breadcrumb"},"inLanguage":"ro-RO","potentialAction":[{"@type":"ReadAction","target":["https:\/\/www.lovendal.ro\/wp52\/enigma-bolii-alzheimer-fost-dezlegata-s-ar-parea-ca-o-bacterie-e-vinovata-pentru-sute-de-milioane-de-pacienti-cu-dementa\/"]}]},{"@type":"ImageObject","inLanguage":"ro-RO","@id":"https:\/\/www.lovendal.ro\/wp52\/enigma-bolii-alzheimer-fost-dezlegata-s-ar-parea-ca-o-bacterie-e-vinovata-pentru-sute-de-milioane-de-pacienti-cu-dementa\/#primaryimage","url":"https:\/\/www.lovendal.ro\/wp52\/wp-content\/uploads\/2018\/03\/boala-Alzheimer.jpg","contentUrl":"https:\/\/www.lovendal.ro\/wp52\/wp-content\/uploads\/2018\/03\/boala-Alzheimer.jpg","width":333,"height":253},{"@type":"BreadcrumbList","@id":"https:\/\/www.lovendal.ro\/wp52\/enigma-bolii-alzheimer-fost-dezlegata-s-ar-parea-ca-o-bacterie-e-vinovata-pentru-sute-de-milioane-de-pacienti-cu-dementa\/#breadcrumb","itemListElement":[{"@type":"ListItem","position":1,"name":"Home","item":"https:\/\/www.lovendal.ro\/wp52\/"},{"@type":"ListItem","position":2,"name":"Enigma bolii Alzheimer a fost dezlegat\u0103? S-ar p\u0103rea c\u0103 o bacterie e vinovat\u0103 pentru sute de milioane de pacien\u0163i cu demen\u0163\u0103&#8230;"}]},{"@type":"WebSite","@id":"https:\/\/www.lovendal.ro\/wp52\/#website","url":"https:\/\/www.lovendal.ro\/wp52\/","name":"Secretele lui Lovendal","description":"Site de secrete, stiinta si metafizica - din 2008 -","publisher":{"@id":"https:\/\/www.lovendal.ro\/wp52\/#organization"},"potentialAction":[{"@type":"SearchAction","target":{"@type":"EntryPoint","urlTemplate":"https:\/\/www.lovendal.ro\/wp52\/?s={search_term_string}"},"query-input":{"@type":"PropertyValueSpecification","valueRequired":true,"valueName":"search_term_string"}}],"inLanguage":"ro-RO"},{"@type":"Organization","@id":"https:\/\/www.lovendal.ro\/wp52\/#organization","name":"Secretele lui Lovendal","url":"https:\/\/www.lovendal.ro\/wp52\/","logo":{"@type":"ImageObject","inLanguage":"ro-RO","@id":"https:\/\/www.lovendal.ro\/wp52\/#\/schema\/logo\/image\/","url":"https:\/\/www.lovendal.ro\/wp52\/wp-content\/uploads\/2024\/06\/cropped-SLL-iun-2024-1.jpg","contentUrl":"https:\/\/www.lovendal.ro\/wp52\/wp-content\/uploads\/2024\/06\/cropped-SLL-iun-2024-1.jpg","width":771,"height":240,"caption":"Secretele lui Lovendal"},"image":{"@id":"https:\/\/www.lovendal.ro\/wp52\/#\/schema\/logo\/image\/"},"sameAs":["https:\/\/www.facebook.com\/secreteleluilovendal"]},{"@type":"Person","@id":"https:\/\/www.lovendal.ro\/wp52\/#\/schema\/person\/088691de5dfc346bb0c023e1e52ef5d9","name":"admin","image":{"@type":"ImageObject","inLanguage":"ro-RO","@id":"https:\/\/secure.gravatar.com\/avatar\/ecb9cd41f5f63c9c9b989999a59f6e2639a865ec361e9db054db0679a8f341c2?s=96&d=mm&r=g","url":"https:\/\/secure.gravatar.com\/avatar\/ecb9cd41f5f63c9c9b989999a59f6e2639a865ec361e9db054db0679a8f341c2?s=96&d=mm&r=g","contentUrl":"https:\/\/secure.gravatar.com\/avatar\/ecb9cd41f5f63c9c9b989999a59f6e2639a865ec361e9db054db0679a8f341c2?s=96&d=mm&r=g","caption":"admin"},"sameAs":["https:\/\/www.lovendal.ro\/wp52"]}]}},"_links":{"self":[{"href":"https:\/\/www.lovendal.ro\/wp52\/wp-json\/wp\/v2\/posts\/55260","targetHints":{"allow":["GET"]}}],"collection":[{"href":"https:\/\/www.lovendal.ro\/wp52\/wp-json\/wp\/v2\/posts"}],"about":[{"href":"https:\/\/www.lovendal.ro\/wp52\/wp-json\/wp\/v2\/types\/post"}],"author":[{"embeddable":true,"href":"https:\/\/www.lovendal.ro\/wp52\/wp-json\/wp\/v2\/users\/1"}],"replies":[{"embeddable":true,"href":"https:\/\/www.lovendal.ro\/wp52\/wp-json\/wp\/v2\/comments?post=55260"}],"version-history":[{"count":0,"href":"https:\/\/www.lovendal.ro\/wp52\/wp-json\/wp\/v2\/posts\/55260\/revisions"}],"wp:featuredmedia":[{"embeddable":true,"href":"https:\/\/www.lovendal.ro\/wp52\/wp-json\/wp\/v2\/media\/55262"}],"wp:attachment":[{"href":"https:\/\/www.lovendal.ro\/wp52\/wp-json\/wp\/v2\/media?parent=55260"}],"wp:term":[{"taxonomy":"category","embeddable":true,"href":"https:\/\/www.lovendal.ro\/wp52\/wp-json\/wp\/v2\/categories?post=55260"},{"taxonomy":"post_tag","embeddable":true,"href":"https:\/\/www.lovendal.ro\/wp52\/wp-json\/wp\/v2\/tags?post=55260"}],"curies":[{"name":"wp","href":"https:\/\/api.w.org\/{rel}","templated":true}]}}