{"id":55184,"date":"2018-03-13T21:10:45","date_gmt":"2018-03-13T19:10:45","guid":{"rendered":"http:\/\/www.lovendal.ro\/wp52\/?p=55184"},"modified":"2018-03-13T21:10:45","modified_gmt":"2018-03-13T19:10:45","slug":"descrieri-incredibile-ale-moldovei-si-munteniei-de-acum-200-de-ani-de-catre-2-calatori-francezi","status":"publish","type":"post","link":"https:\/\/www.lovendal.ro\/wp52\/descrieri-incredibile-ale-moldovei-si-munteniei-de-acum-200-de-ani-de-catre-2-calatori-francezi\/","title":{"rendered":"Descrieri incredibile ale Moldovei \u015fi Munteniei de acum 200 de ani, de c\u0103tre 2 c\u0103l\u0103tori francezi"},"content":{"rendered":"<p><a href=\"https:\/\/www.lovendal.ro\/wp52\/wp-content\/uploads\/2018\/03\/boieri.jpg\"><img loading=\"lazy\" decoding=\"async\" class=\"alignleft size-full wp-image-55186\" src=\"https:\/\/www.lovendal.ro\/wp52\/wp-content\/uploads\/2018\/03\/boieri.jpg\" alt=\"\" width=\"335\" height=\"230\" srcset=\"https:\/\/www.lovendal.ro\/wp52\/wp-content\/uploads\/2018\/03\/boieri.jpg 335w, https:\/\/www.lovendal.ro\/wp52\/wp-content\/uploads\/2018\/03\/boieri-300x206.jpg 300w\" sizes=\"auto, (max-width: 335px) 100vw, 335px\" \/><\/a>La \u00eenceputul secolului al XIX-lea, doi fra\u0163i francezi, Antoine \u015fi Barthelemy Bacheville, au ajuns \u00een \u0163\u0103rile rom\u00e2ne, mai precis \u00een Moldova \u015fi Muntenia \u00een anul 1817. Ei au scris o cronic\u0103 a acestei c\u0103l\u0103torii, din care putem afla lucruri extrem de interesante despre principatul Moldovei \u015fi al \u0162\u0103rii Rom\u00e2ne\u015fti, de acum 200 de ani.<\/p>\n<p><em>* Moldova, situat\u0103 \u00eentre Mun\u0163ii Carpa\u0163i \u015fi Marea Neagr\u0103, este ca o enclav\u0103 \u00eentre statele austriece \u015fi Rusia [&#8230;] Religia ortodox\u0103 este unic\u0103 \u00een \u0163ar\u0103; exist\u0103 un mitropolit \u015fi un numeros cler, care posed\u0103 bunuri de o mare valoare. Exist\u0103 un num\u0103r considerabil de m\u0103n\u0103stiri bogate (&#8230;) Boierii, care alc\u0103tuiesc nobilimea, formeaz\u0103 p\u0103tura cea mai puternic\u0103 a \u0163\u0103rii; ei posed\u0103 dou\u0103 treimi din p\u0103m\u00e2nturi, pe care le dau \u00een dijm\u0103 \u0163\u0103ranilor de c\u00e2nd ace\u015ftia nu mai sunt lega\u0163i prin \u015ferbie.<\/em><\/p>\n<p>Fra\u0163ii Bacheville descriu Moldova ca extrem de fertil\u0103, c\u0103ci furnizeaz\u0103 vin ru\u015filor, animale austriecilor, gr\u00e2u, sare, piei, miere, lemn turcilor la Constantinopol \u015fi grecilor \u00een Moreea.<\/p>\n<p><em>* Cu toat\u0103 dezordinea unei administra\u0163ii condamnabile, aceast\u0103 \u0163ar\u0103 este \u00eenc\u0103 una din cele mai bogate din Europa. Ia\u015fi, care este capitala, are aproximativ patruzeci de mii de locuitori, un mare num\u0103r de biserici remarcabile, multe case din piatr\u0103, construite \u00een stil italian \u015fi un num\u0103r considerabil de bordeie. Drumurile, pavate cu lungi traverse de stejar, sunt improprii iarna, dar boierii nu merg dec\u00e2t \u00een calea\u015fc\u0103.<\/em><\/p>\n<p><em>* \u00cen sf\u00e2r\u015fit, dup\u0103 4 luni de a\u015fteptare, primir\u0103m ordin s\u0103 ne prezent\u0103m \u00een audien\u0163\u0103 la prin\u0163ul Calimachi. Alte\u0163a Sa, a\u015fezat\u0103 pe un tron \u015fi \u00eenconjurat\u0103 de membrii Divanului, ne comunic\u0103 scrisoarea marelui vizir, care consemna: \u201eDac\u0103 e vorba de elemente r\u0103uf\u0103c\u0103toare, s\u0103 plece; dac\u0103 sunt oameni cinsti\u0163i, indiferent care sunt opiniile lor politice, da\u0163i-le azil. \u201eNeav\u00e2nd niciun repro\u015f s\u0103 v\u0103 fac, ne spuse apoi prin\u0163ul, sunte\u0163i liberi s\u0103 locui\u0163i \u00een aceast\u0103 parte a Moldovei, at\u00e2t timp c\u00e2t ve\u0163i dori.<\/em><\/p>\n<p>Intr-adev\u0103r, fra\u0163ii au mai r\u0103mas o vreme in Moldova, angaj\u00e2ndu-se \u00een diferite slujbe.<\/p>\n<p><em>* C\u0103utar\u0103m s\u0103 ne g\u0103sim ocupa\u0163ii, a\u015ftept\u00e2nd nout\u0103\u0163i din biata noastr\u0103 \u0163ar\u0103, Fran\u0163a, de care nu mai auzisem vorbindu-se, de\u015fi boierii \u015ftiau aproape to\u0163i limba francez\u0103. Fratele meu, a c\u0103rui educa\u0163ie fusese mai aleas\u0103 dec\u00e2t a mea, preda matematica, \u00een timp ce eu d\u0103deam lec\u0163ii \u00een m\u00e2nuitul armelor.<\/em><\/p>\n<p>E descris\u0103 fi o cin\u0103 boiereasc\u0103:<\/p>\n<p><em>* O duzin\u0103 de boieri, cu b\u0103rbi lungi, cu capul acoperit de o grea c\u0103ciul\u0103 de astrahan \u015fi corpul \u00eenve\u015fm\u00e2ntat \u00eentr-o hain\u0103 de m\u0103tase str\u00e2ns\u0103 cu un br\u00e2u larg de ca\u015fmir, se a\u015fezar\u0103 la mas\u0103, fiecare cu slujitorul \u00een spatele s\u0103u.<\/em><\/p>\n<p>Unul din cei 2 fra\u0163i plecar\u0103 c\u0103tre Bucure\u015fti. El spuse:<\/p>\n<p><em>* R\u0103masei c\u00e2teva zile \u00een plus, pentru a vizita ora\u015ful \u015fi \u00eemprejurimile; obiceiurile \u015fi moravurile valahilor se apropie \u00een a\u015fa m\u0103sur\u0103 de cele ale moldovenilor, \u00eenc\u00e2t m\u0103 tem a nu m\u0103 repeta vorbind despre ele. Acela\u015fi guvern, aceea\u015fi nobilime, acela\u015fi cler; obliga\u0163iile, impozitele, nedrept\u0103\u0163ile sunt acelea\u015fi.<\/em><\/p>\n","protected":false},"excerpt":{"rendered":"<p>La \u00eenceputul secolului al XIX-lea, doi fra\u0163i francezi, Antoine \u015fi Barthelemy Bacheville, au ajuns \u00een \u0163\u0103rile rom\u00e2ne, mai precis \u00een Moldova \u015fi Muntenia \u00een anul 1817. Ei au scris o cronic\u0103 a acestei c\u0103l\u0103torii, din care putem afla lucruri extrem &#8230; <\/p>\n<p class=\"read-more-container\"><a title=\"Descrieri incredibile ale Moldovei \u015fi Munteniei de acum 200 de ani, de c\u0103tre 2 c\u0103l\u0103tori francezi\" class=\"read-more button\" href=\"https:\/\/www.lovendal.ro\/wp52\/descrieri-incredibile-ale-moldovei-si-munteniei-de-acum-200-de-ani-de-catre-2-calatori-francezi\/#more-55184\" aria-label=\"Cite\u0219te mai multe despre Descrieri incredibile ale Moldovei \u015fi Munteniei de acum 200 de ani, de c\u0103tre 2 c\u0103l\u0103tori francezi\">Cititi mai multe<\/a><\/p>\n","protected":false},"author":1,"featured_media":55186,"comment_status":"open","ping_status":"closed","sticky":false,"template":"","format":"standard","meta":{"footnotes":""},"categories":[9,2833],"tags":[2854,12370,253,226,827,10415,5863,381,829,1428,341,202,6468,4464,329,1532,1908,1620,1004,1722,377,4066,151,105,798,611,228,1642,3638],"class_list":["post-55184","post","type-post","status-publish","format-standard","has-post-thumbnail","hentry","category-istorie","category-noutati","tag-arme","tag-astrahan","tag-biserica","tag-boieri","tag-bucuresti","tag-caciula","tag-calatorie","tag-callimachi","tag-constantinopol","tag-domnitor","tag-europa","tag-franta","tag-greci","tag-guvern","tag-iasi","tag-istorie-si-civilizatii","tag-limba-franceza","tag-manastire","tag-marea-neagra","tag-matematica","tag-moldova","tag-muntii-carpati","tag-oras","tag-pamant","tag-print","tag-scrisoare","tag-tara-romaneasca","tag-tarani","tag-vizir","resize-featured-image"],"yoast_head":"<!-- This site is optimized with the Yoast SEO Premium plugin v23.3 (Yoast SEO v27.4) - https:\/\/yoast.com\/product\/yoast-seo-premium-wordpress\/ -->\n<title>Descrieri incredibile ale Moldovei \u015fi Munteniei de acum 200 de ani, de c\u0103tre 2 c\u0103l\u0103tori francezi - Secretele lui Lovendal<\/title>\n<meta name=\"robots\" content=\"index, follow, max-snippet:-1, max-image-preview:large, max-video-preview:-1\" \/>\n<link rel=\"canonical\" href=\"https:\/\/www.lovendal.ro\/wp52\/descrieri-incredibile-ale-moldovei-si-munteniei-de-acum-200-de-ani-de-catre-2-calatori-francezi\/\" \/>\n<meta property=\"og:locale\" content=\"ro_RO\" \/>\n<meta property=\"og:type\" content=\"article\" \/>\n<meta property=\"og:title\" content=\"Descrieri incredibile ale Moldovei \u015fi Munteniei de acum 200 de ani, de c\u0103tre 2 c\u0103l\u0103tori francezi\" \/>\n<meta property=\"og:description\" content=\"La \u00eenceputul secolului al XIX-lea, doi fra\u0163i francezi, Antoine \u015fi Barthelemy Bacheville, au ajuns \u00een \u0163\u0103rile rom\u00e2ne, mai precis \u00een Moldova \u015fi Muntenia \u00een anul 1817. Ei au scris o cronic\u0103 a acestei c\u0103l\u0103torii, din care putem afla lucruri extrem ... Cititi mai multe\" \/>\n<meta property=\"og:url\" content=\"https:\/\/www.lovendal.ro\/wp52\/descrieri-incredibile-ale-moldovei-si-munteniei-de-acum-200-de-ani-de-catre-2-calatori-francezi\/\" \/>\n<meta property=\"og:site_name\" content=\"Secretele lui Lovendal\" \/>\n<meta property=\"article:publisher\" content=\"https:\/\/www.facebook.com\/secreteleluilovendal\" \/>\n<meta property=\"article:published_time\" content=\"2018-03-13T19:10:45+00:00\" \/>\n<meta property=\"og:image\" content=\"https:\/\/www.lovendal.ro\/wp52\/wp-content\/uploads\/2018\/03\/boieri.jpg\" \/>\n\t<meta property=\"og:image:width\" content=\"335\" \/>\n\t<meta property=\"og:image:height\" content=\"230\" \/>\n\t<meta property=\"og:image:type\" content=\"image\/jpeg\" \/>\n<meta name=\"author\" content=\"admin\" \/>\n<meta name=\"twitter:card\" content=\"summary_large_image\" \/>\n<meta name=\"twitter:label1\" content=\"Scris de\" \/>\n\t<meta name=\"twitter:data1\" content=\"admin\" \/>\n\t<meta name=\"twitter:label2\" content=\"Timp estimat pentru citire\" \/>\n\t<meta name=\"twitter:data2\" content=\"3 minute\" \/>\n<script type=\"application\/ld+json\" class=\"yoast-schema-graph\">{\"@context\":\"https:\\\/\\\/schema.org\",\"@graph\":[{\"@type\":\"Article\",\"@id\":\"https:\\\/\\\/www.lovendal.ro\\\/wp52\\\/descrieri-incredibile-ale-moldovei-si-munteniei-de-acum-200-de-ani-de-catre-2-calatori-francezi\\\/#article\",\"isPartOf\":{\"@id\":\"https:\\\/\\\/www.lovendal.ro\\\/wp52\\\/descrieri-incredibile-ale-moldovei-si-munteniei-de-acum-200-de-ani-de-catre-2-calatori-francezi\\\/\"},\"author\":{\"name\":\"admin\",\"@id\":\"https:\\\/\\\/www.lovendal.ro\\\/wp52\\\/#\\\/schema\\\/person\\\/088691de5dfc346bb0c023e1e52ef5d9\"},\"headline\":\"Descrieri incredibile ale Moldovei \u015fi Munteniei de acum 200 de ani, de c\u0103tre 2 c\u0103l\u0103tori francezi\",\"datePublished\":\"2018-03-13T19:10:45+00:00\",\"mainEntityOfPage\":{\"@id\":\"https:\\\/\\\/www.lovendal.ro\\\/wp52\\\/descrieri-incredibile-ale-moldovei-si-munteniei-de-acum-200-de-ani-de-catre-2-calatori-francezi\\\/\"},\"wordCount\":568,\"commentCount\":1,\"publisher\":{\"@id\":\"https:\\\/\\\/www.lovendal.ro\\\/wp52\\\/#organization\"},\"image\":{\"@id\":\"https:\\\/\\\/www.lovendal.ro\\\/wp52\\\/descrieri-incredibile-ale-moldovei-si-munteniei-de-acum-200-de-ani-de-catre-2-calatori-francezi\\\/#primaryimage\"},\"thumbnailUrl\":\"https:\\\/\\\/www.lovendal.ro\\\/wp52\\\/wp-content\\\/uploads\\\/2018\\\/03\\\/boieri.jpg\",\"keywords\":[\"arme\",\"astrahan\",\"biseric\u0103\",\"boieri\",\"Bucure\u015fti\",\"c\u0103ciul\u0103\",\"c\u0103l\u0103torie\",\"Callimachi\",\"Constantinopol\",\"domnitor\",\"Europa\",\"Fran\u0163a\",\"greci\",\"guvern\",\"Ia\u015fi\",\"Istorie si Civilizatii\",\"limba francez\u0103\",\"m\u0103n\u0103stire\",\"Marea Neagr\u0103\",\"matematic\u0103\",\"Moldova\",\"Mun\u0163ii Carpa\u0163i\",\"ora\u015f\",\"P\u0103m\u00e2nt\",\"prin\u0163\",\"scrisoare\",\"\u0162ara Rom\u00e2neasc\u0103\",\"\u0163\u0103rani\",\"vizir\"],\"articleSection\":[\"Istorie si Civilizatii\",\"Noutati\"],\"inLanguage\":\"ro-RO\",\"potentialAction\":[{\"@type\":\"CommentAction\",\"name\":\"Comment\",\"target\":[\"https:\\\/\\\/www.lovendal.ro\\\/wp52\\\/descrieri-incredibile-ale-moldovei-si-munteniei-de-acum-200-de-ani-de-catre-2-calatori-francezi\\\/#respond\"]}]},{\"@type\":\"WebPage\",\"@id\":\"https:\\\/\\\/www.lovendal.ro\\\/wp52\\\/descrieri-incredibile-ale-moldovei-si-munteniei-de-acum-200-de-ani-de-catre-2-calatori-francezi\\\/\",\"url\":\"https:\\\/\\\/www.lovendal.ro\\\/wp52\\\/descrieri-incredibile-ale-moldovei-si-munteniei-de-acum-200-de-ani-de-catre-2-calatori-francezi\\\/\",\"name\":\"Descrieri incredibile ale Moldovei \u015fi Munteniei de acum 200 de ani, de c\u0103tre 2 c\u0103l\u0103tori francezi - Secretele lui Lovendal\",\"isPartOf\":{\"@id\":\"https:\\\/\\\/www.lovendal.ro\\\/wp52\\\/#website\"},\"primaryImageOfPage\":{\"@id\":\"https:\\\/\\\/www.lovendal.ro\\\/wp52\\\/descrieri-incredibile-ale-moldovei-si-munteniei-de-acum-200-de-ani-de-catre-2-calatori-francezi\\\/#primaryimage\"},\"image\":{\"@id\":\"https:\\\/\\\/www.lovendal.ro\\\/wp52\\\/descrieri-incredibile-ale-moldovei-si-munteniei-de-acum-200-de-ani-de-catre-2-calatori-francezi\\\/#primaryimage\"},\"thumbnailUrl\":\"https:\\\/\\\/www.lovendal.ro\\\/wp52\\\/wp-content\\\/uploads\\\/2018\\\/03\\\/boieri.jpg\",\"datePublished\":\"2018-03-13T19:10:45+00:00\",\"breadcrumb\":{\"@id\":\"https:\\\/\\\/www.lovendal.ro\\\/wp52\\\/descrieri-incredibile-ale-moldovei-si-munteniei-de-acum-200-de-ani-de-catre-2-calatori-francezi\\\/#breadcrumb\"},\"inLanguage\":\"ro-RO\",\"potentialAction\":[{\"@type\":\"ReadAction\",\"target\":[\"https:\\\/\\\/www.lovendal.ro\\\/wp52\\\/descrieri-incredibile-ale-moldovei-si-munteniei-de-acum-200-de-ani-de-catre-2-calatori-francezi\\\/\"]}]},{\"@type\":\"ImageObject\",\"inLanguage\":\"ro-RO\",\"@id\":\"https:\\\/\\\/www.lovendal.ro\\\/wp52\\\/descrieri-incredibile-ale-moldovei-si-munteniei-de-acum-200-de-ani-de-catre-2-calatori-francezi\\\/#primaryimage\",\"url\":\"https:\\\/\\\/www.lovendal.ro\\\/wp52\\\/wp-content\\\/uploads\\\/2018\\\/03\\\/boieri.jpg\",\"contentUrl\":\"https:\\\/\\\/www.lovendal.ro\\\/wp52\\\/wp-content\\\/uploads\\\/2018\\\/03\\\/boieri.jpg\",\"width\":335,\"height\":230},{\"@type\":\"BreadcrumbList\",\"@id\":\"https:\\\/\\\/www.lovendal.ro\\\/wp52\\\/descrieri-incredibile-ale-moldovei-si-munteniei-de-acum-200-de-ani-de-catre-2-calatori-francezi\\\/#breadcrumb\",\"itemListElement\":[{\"@type\":\"ListItem\",\"position\":1,\"name\":\"Home\",\"item\":\"https:\\\/\\\/www.lovendal.ro\\\/wp52\\\/\"},{\"@type\":\"ListItem\",\"position\":2,\"name\":\"Descrieri incredibile ale Moldovei \u015fi Munteniei de acum 200 de ani, de c\u0103tre 2 c\u0103l\u0103tori francezi\"}]},{\"@type\":\"WebSite\",\"@id\":\"https:\\\/\\\/www.lovendal.ro\\\/wp52\\\/#website\",\"url\":\"https:\\\/\\\/www.lovendal.ro\\\/wp52\\\/\",\"name\":\"Secretele lui Lovendal\",\"description\":\"Site de secrete, stiinta si metafizica - din 2008 -\",\"publisher\":{\"@id\":\"https:\\\/\\\/www.lovendal.ro\\\/wp52\\\/#organization\"},\"potentialAction\":[{\"@type\":\"SearchAction\",\"target\":{\"@type\":\"EntryPoint\",\"urlTemplate\":\"https:\\\/\\\/www.lovendal.ro\\\/wp52\\\/?s={search_term_string}\"},\"query-input\":{\"@type\":\"PropertyValueSpecification\",\"valueRequired\":true,\"valueName\":\"search_term_string\"}}],\"inLanguage\":\"ro-RO\"},{\"@type\":\"Organization\",\"@id\":\"https:\\\/\\\/www.lovendal.ro\\\/wp52\\\/#organization\",\"name\":\"Secretele lui Lovendal\",\"url\":\"https:\\\/\\\/www.lovendal.ro\\\/wp52\\\/\",\"logo\":{\"@type\":\"ImageObject\",\"inLanguage\":\"ro-RO\",\"@id\":\"https:\\\/\\\/www.lovendal.ro\\\/wp52\\\/#\\\/schema\\\/logo\\\/image\\\/\",\"url\":\"https:\\\/\\\/www.lovendal.ro\\\/wp52\\\/wp-content\\\/uploads\\\/2024\\\/06\\\/cropped-SLL-iun-2024-1.jpg\",\"contentUrl\":\"https:\\\/\\\/www.lovendal.ro\\\/wp52\\\/wp-content\\\/uploads\\\/2024\\\/06\\\/cropped-SLL-iun-2024-1.jpg\",\"width\":771,\"height\":240,\"caption\":\"Secretele lui Lovendal\"},\"image\":{\"@id\":\"https:\\\/\\\/www.lovendal.ro\\\/wp52\\\/#\\\/schema\\\/logo\\\/image\\\/\"},\"sameAs\":[\"https:\\\/\\\/www.facebook.com\\\/secreteleluilovendal\"]},{\"@type\":\"Person\",\"@id\":\"https:\\\/\\\/www.lovendal.ro\\\/wp52\\\/#\\\/schema\\\/person\\\/088691de5dfc346bb0c023e1e52ef5d9\",\"name\":\"admin\",\"image\":{\"@type\":\"ImageObject\",\"inLanguage\":\"ro-RO\",\"@id\":\"https:\\\/\\\/secure.gravatar.com\\\/avatar\\\/ecb9cd41f5f63c9c9b989999a59f6e2639a865ec361e9db054db0679a8f341c2?s=96&d=mm&r=g\",\"url\":\"https:\\\/\\\/secure.gravatar.com\\\/avatar\\\/ecb9cd41f5f63c9c9b989999a59f6e2639a865ec361e9db054db0679a8f341c2?s=96&d=mm&r=g\",\"contentUrl\":\"https:\\\/\\\/secure.gravatar.com\\\/avatar\\\/ecb9cd41f5f63c9c9b989999a59f6e2639a865ec361e9db054db0679a8f341c2?s=96&d=mm&r=g\",\"caption\":\"admin\"},\"sameAs\":[\"https:\\\/\\\/www.lovendal.ro\\\/wp52\"]}]}<\/script>\n<!-- \/ Yoast SEO Premium plugin. -->","yoast_head_json":{"title":"Descrieri incredibile ale Moldovei \u015fi Munteniei de acum 200 de ani, de c\u0103tre 2 c\u0103l\u0103tori francezi - Secretele lui Lovendal","robots":{"index":"index","follow":"follow","max-snippet":"max-snippet:-1","max-image-preview":"max-image-preview:large","max-video-preview":"max-video-preview:-1"},"canonical":"https:\/\/www.lovendal.ro\/wp52\/descrieri-incredibile-ale-moldovei-si-munteniei-de-acum-200-de-ani-de-catre-2-calatori-francezi\/","og_locale":"ro_RO","og_type":"article","og_title":"Descrieri incredibile ale Moldovei \u015fi Munteniei de acum 200 de ani, de c\u0103tre 2 c\u0103l\u0103tori francezi","og_description":"La \u00eenceputul secolului al XIX-lea, doi fra\u0163i francezi, Antoine \u015fi Barthelemy Bacheville, au ajuns \u00een \u0163\u0103rile rom\u00e2ne, mai precis \u00een Moldova \u015fi Muntenia \u00een anul 1817. Ei au scris o cronic\u0103 a acestei c\u0103l\u0103torii, din care putem afla lucruri extrem ... Cititi mai multe","og_url":"https:\/\/www.lovendal.ro\/wp52\/descrieri-incredibile-ale-moldovei-si-munteniei-de-acum-200-de-ani-de-catre-2-calatori-francezi\/","og_site_name":"Secretele lui Lovendal","article_publisher":"https:\/\/www.facebook.com\/secreteleluilovendal","article_published_time":"2018-03-13T19:10:45+00:00","og_image":[{"width":335,"height":230,"url":"https:\/\/www.lovendal.ro\/wp52\/wp-content\/uploads\/2018\/03\/boieri.jpg","type":"image\/jpeg"}],"author":"admin","twitter_card":"summary_large_image","twitter_misc":{"Scris de":"admin","Timp estimat pentru citire":"3 minute"},"schema":{"@context":"https:\/\/schema.org","@graph":[{"@type":"Article","@id":"https:\/\/www.lovendal.ro\/wp52\/descrieri-incredibile-ale-moldovei-si-munteniei-de-acum-200-de-ani-de-catre-2-calatori-francezi\/#article","isPartOf":{"@id":"https:\/\/www.lovendal.ro\/wp52\/descrieri-incredibile-ale-moldovei-si-munteniei-de-acum-200-de-ani-de-catre-2-calatori-francezi\/"},"author":{"name":"admin","@id":"https:\/\/www.lovendal.ro\/wp52\/#\/schema\/person\/088691de5dfc346bb0c023e1e52ef5d9"},"headline":"Descrieri incredibile ale Moldovei \u015fi Munteniei de acum 200 de ani, de c\u0103tre 2 c\u0103l\u0103tori francezi","datePublished":"2018-03-13T19:10:45+00:00","mainEntityOfPage":{"@id":"https:\/\/www.lovendal.ro\/wp52\/descrieri-incredibile-ale-moldovei-si-munteniei-de-acum-200-de-ani-de-catre-2-calatori-francezi\/"},"wordCount":568,"commentCount":1,"publisher":{"@id":"https:\/\/www.lovendal.ro\/wp52\/#organization"},"image":{"@id":"https:\/\/www.lovendal.ro\/wp52\/descrieri-incredibile-ale-moldovei-si-munteniei-de-acum-200-de-ani-de-catre-2-calatori-francezi\/#primaryimage"},"thumbnailUrl":"https:\/\/www.lovendal.ro\/wp52\/wp-content\/uploads\/2018\/03\/boieri.jpg","keywords":["arme","astrahan","biseric\u0103","boieri","Bucure\u015fti","c\u0103ciul\u0103","c\u0103l\u0103torie","Callimachi","Constantinopol","domnitor","Europa","Fran\u0163a","greci","guvern","Ia\u015fi","Istorie si Civilizatii","limba francez\u0103","m\u0103n\u0103stire","Marea Neagr\u0103","matematic\u0103","Moldova","Mun\u0163ii Carpa\u0163i","ora\u015f","P\u0103m\u00e2nt","prin\u0163","scrisoare","\u0162ara Rom\u00e2neasc\u0103","\u0163\u0103rani","vizir"],"articleSection":["Istorie si Civilizatii","Noutati"],"inLanguage":"ro-RO","potentialAction":[{"@type":"CommentAction","name":"Comment","target":["https:\/\/www.lovendal.ro\/wp52\/descrieri-incredibile-ale-moldovei-si-munteniei-de-acum-200-de-ani-de-catre-2-calatori-francezi\/#respond"]}]},{"@type":"WebPage","@id":"https:\/\/www.lovendal.ro\/wp52\/descrieri-incredibile-ale-moldovei-si-munteniei-de-acum-200-de-ani-de-catre-2-calatori-francezi\/","url":"https:\/\/www.lovendal.ro\/wp52\/descrieri-incredibile-ale-moldovei-si-munteniei-de-acum-200-de-ani-de-catre-2-calatori-francezi\/","name":"Descrieri incredibile ale Moldovei \u015fi Munteniei de acum 200 de ani, de c\u0103tre 2 c\u0103l\u0103tori francezi - Secretele lui Lovendal","isPartOf":{"@id":"https:\/\/www.lovendal.ro\/wp52\/#website"},"primaryImageOfPage":{"@id":"https:\/\/www.lovendal.ro\/wp52\/descrieri-incredibile-ale-moldovei-si-munteniei-de-acum-200-de-ani-de-catre-2-calatori-francezi\/#primaryimage"},"image":{"@id":"https:\/\/www.lovendal.ro\/wp52\/descrieri-incredibile-ale-moldovei-si-munteniei-de-acum-200-de-ani-de-catre-2-calatori-francezi\/#primaryimage"},"thumbnailUrl":"https:\/\/www.lovendal.ro\/wp52\/wp-content\/uploads\/2018\/03\/boieri.jpg","datePublished":"2018-03-13T19:10:45+00:00","breadcrumb":{"@id":"https:\/\/www.lovendal.ro\/wp52\/descrieri-incredibile-ale-moldovei-si-munteniei-de-acum-200-de-ani-de-catre-2-calatori-francezi\/#breadcrumb"},"inLanguage":"ro-RO","potentialAction":[{"@type":"ReadAction","target":["https:\/\/www.lovendal.ro\/wp52\/descrieri-incredibile-ale-moldovei-si-munteniei-de-acum-200-de-ani-de-catre-2-calatori-francezi\/"]}]},{"@type":"ImageObject","inLanguage":"ro-RO","@id":"https:\/\/www.lovendal.ro\/wp52\/descrieri-incredibile-ale-moldovei-si-munteniei-de-acum-200-de-ani-de-catre-2-calatori-francezi\/#primaryimage","url":"https:\/\/www.lovendal.ro\/wp52\/wp-content\/uploads\/2018\/03\/boieri.jpg","contentUrl":"https:\/\/www.lovendal.ro\/wp52\/wp-content\/uploads\/2018\/03\/boieri.jpg","width":335,"height":230},{"@type":"BreadcrumbList","@id":"https:\/\/www.lovendal.ro\/wp52\/descrieri-incredibile-ale-moldovei-si-munteniei-de-acum-200-de-ani-de-catre-2-calatori-francezi\/#breadcrumb","itemListElement":[{"@type":"ListItem","position":1,"name":"Home","item":"https:\/\/www.lovendal.ro\/wp52\/"},{"@type":"ListItem","position":2,"name":"Descrieri incredibile ale Moldovei \u015fi Munteniei de acum 200 de ani, de c\u0103tre 2 c\u0103l\u0103tori francezi"}]},{"@type":"WebSite","@id":"https:\/\/www.lovendal.ro\/wp52\/#website","url":"https:\/\/www.lovendal.ro\/wp52\/","name":"Secretele lui Lovendal","description":"Site de secrete, stiinta si metafizica - din 2008 -","publisher":{"@id":"https:\/\/www.lovendal.ro\/wp52\/#organization"},"potentialAction":[{"@type":"SearchAction","target":{"@type":"EntryPoint","urlTemplate":"https:\/\/www.lovendal.ro\/wp52\/?s={search_term_string}"},"query-input":{"@type":"PropertyValueSpecification","valueRequired":true,"valueName":"search_term_string"}}],"inLanguage":"ro-RO"},{"@type":"Organization","@id":"https:\/\/www.lovendal.ro\/wp52\/#organization","name":"Secretele lui Lovendal","url":"https:\/\/www.lovendal.ro\/wp52\/","logo":{"@type":"ImageObject","inLanguage":"ro-RO","@id":"https:\/\/www.lovendal.ro\/wp52\/#\/schema\/logo\/image\/","url":"https:\/\/www.lovendal.ro\/wp52\/wp-content\/uploads\/2024\/06\/cropped-SLL-iun-2024-1.jpg","contentUrl":"https:\/\/www.lovendal.ro\/wp52\/wp-content\/uploads\/2024\/06\/cropped-SLL-iun-2024-1.jpg","width":771,"height":240,"caption":"Secretele lui Lovendal"},"image":{"@id":"https:\/\/www.lovendal.ro\/wp52\/#\/schema\/logo\/image\/"},"sameAs":["https:\/\/www.facebook.com\/secreteleluilovendal"]},{"@type":"Person","@id":"https:\/\/www.lovendal.ro\/wp52\/#\/schema\/person\/088691de5dfc346bb0c023e1e52ef5d9","name":"admin","image":{"@type":"ImageObject","inLanguage":"ro-RO","@id":"https:\/\/secure.gravatar.com\/avatar\/ecb9cd41f5f63c9c9b989999a59f6e2639a865ec361e9db054db0679a8f341c2?s=96&d=mm&r=g","url":"https:\/\/secure.gravatar.com\/avatar\/ecb9cd41f5f63c9c9b989999a59f6e2639a865ec361e9db054db0679a8f341c2?s=96&d=mm&r=g","contentUrl":"https:\/\/secure.gravatar.com\/avatar\/ecb9cd41f5f63c9c9b989999a59f6e2639a865ec361e9db054db0679a8f341c2?s=96&d=mm&r=g","caption":"admin"},"sameAs":["https:\/\/www.lovendal.ro\/wp52"]}]}},"_links":{"self":[{"href":"https:\/\/www.lovendal.ro\/wp52\/wp-json\/wp\/v2\/posts\/55184","targetHints":{"allow":["GET"]}}],"collection":[{"href":"https:\/\/www.lovendal.ro\/wp52\/wp-json\/wp\/v2\/posts"}],"about":[{"href":"https:\/\/www.lovendal.ro\/wp52\/wp-json\/wp\/v2\/types\/post"}],"author":[{"embeddable":true,"href":"https:\/\/www.lovendal.ro\/wp52\/wp-json\/wp\/v2\/users\/1"}],"replies":[{"embeddable":true,"href":"https:\/\/www.lovendal.ro\/wp52\/wp-json\/wp\/v2\/comments?post=55184"}],"version-history":[{"count":0,"href":"https:\/\/www.lovendal.ro\/wp52\/wp-json\/wp\/v2\/posts\/55184\/revisions"}],"wp:featuredmedia":[{"embeddable":true,"href":"https:\/\/www.lovendal.ro\/wp52\/wp-json\/wp\/v2\/media\/55186"}],"wp:attachment":[{"href":"https:\/\/www.lovendal.ro\/wp52\/wp-json\/wp\/v2\/media?parent=55184"}],"wp:term":[{"taxonomy":"category","embeddable":true,"href":"https:\/\/www.lovendal.ro\/wp52\/wp-json\/wp\/v2\/categories?post=55184"},{"taxonomy":"post_tag","embeddable":true,"href":"https:\/\/www.lovendal.ro\/wp52\/wp-json\/wp\/v2\/tags?post=55184"}],"curies":[{"name":"wp","href":"https:\/\/api.w.org\/{rel}","templated":true}]}}