{"id":54675,"date":"2018-02-05T21:56:59","date_gmt":"2018-02-05T19:56:59","guid":{"rendered":"http:\/\/www.lovendal.ro\/wp52\/?p=54675"},"modified":"2018-02-05T21:56:59","modified_gmt":"2018-02-05T19:56:59","slug":"cazul-socant-al-unui-militar-american-care-putea-sa-perceapa-radiatia-infrarosie-si-cea-ultravioleta","status":"publish","type":"post","link":"https:\/\/www.lovendal.ro\/wp52\/cazul-socant-al-unui-militar-american-care-putea-sa-perceapa-radiatia-infrarosie-si-cea-ultravioleta\/","title":{"rendered":"Cazul \u015focant al unui militar american care putea s\u0103 perceap\u0103 radia\u0163ia infraro\u015fie \u015fi cea ultraviolet\u0103"},"content":{"rendered":"<p><a href=\"https:\/\/www.lovendal.ro\/wp52\/wp-content\/uploads\/2018\/02\/militar-in-infrarosu.jpg\"><img loading=\"lazy\" decoding=\"async\" class=\"alignleft size-full wp-image-54677\" src=\"https:\/\/www.lovendal.ro\/wp52\/wp-content\/uploads\/2018\/02\/militar-in-infrarosu.jpg\" alt=\"\" width=\"335\" height=\"222\" srcset=\"https:\/\/www.lovendal.ro\/wp52\/wp-content\/uploads\/2018\/02\/militar-in-infrarosu.jpg 335w, https:\/\/www.lovendal.ro\/wp52\/wp-content\/uploads\/2018\/02\/militar-in-infrarosu-300x200.jpg 300w\" sizes=\"auto, (max-width: 335px) 100vw, 335px\" \/><\/a>Ce s-ar \u00eent\u00e2mpla cu noi dac\u0103 am putea percepe cu sim\u0163urile noastre razele ultraviolete \u015fi cele infraro\u015fii, lucru pe care \u00een mod normal nu l-am putea face? Oare am \u00eennebuni? Probabil c\u0103 acela\u015fi lucru s-a \u00eent\u00e2mplat \u015fi cu un militar american, pe nume sergent Jim Fergusson, care lupta \u00een r\u0103zboiul din Vietnam.<\/p>\n<p>Medicul unit\u0103\u0163ii militare din care f\u0103cea parte \u00eei d\u0103duse dexedrin\u0103, un superexcitant care \u00eei men\u0163inea sim\u0163urile treze, ajut\u00e2ndu-l s\u0103 detecteze chiar \u015fi zgomotul unei cr\u0103ci rupte la 500m dep\u0103rtare. Mai avea la el \u015fi antidepresivele, pentru a-\u015fi alunga angoasele. \u00centr-o sear\u0103 din iulie 1967, Fergusson a ie\u015fit s\u0103 patruleze. Odat\u0103 ajuns \u00eentr-o poian\u0103, s-a trezit \u00eenconjurat din toate p\u0103r\u0163ile de focuri de mitralier\u0103.<\/p>\n<p>Frica \u00eei \u00eence\u0163o\u015fa min\u0163ile. Era o fric\u0103 ro\u015fie \u015fi violent\u0103, pe care nu o mai sim\u0163ise niciodat\u0103. Aceasta i-a \u00eenv\u0103luit creierul. S-a trezit la p\u0103m\u00e2nt, \u00eenconjurat de cadavre, \u015fi a fost nevoit s\u0103 fac\u0103 pe mortul p\u00e2n\u0103 la c\u0103derea nop\u0163ii. Singurele senza\u0163ii care \u00eei ocupau creierul erau frica, moartea, viziunile oribile la care asistase \u015fi gloan\u0163ele mari ale unui tr\u0103g\u0103tor de elit\u0103, care pot s\u0103 zboare cu u\u015furin\u0163\u0103 un cap de pe umeri&#8230; Groaza era atat de mare, de parc\u0103 un comutator \u00eei schimbase radical \u00eentregul psihic, cre\u00e2nd noi \u015fi nea\u015fteptate conexiuni \u00eentre neuronii s\u0103i. Un nou spa\u0163iu s-a deschis atunci brusc \u00een mintea sa; era ca un fel de reac\u0163ie chimic\u0103 \u00een urma c\u0103reia \u00eentregul univers se schimbase.<\/p>\n<p>Fergusson nici m\u0103car nu se g\u00e2ndea c\u0103 \u00eennebunise. Pur \u015fi simplu, \u00een creierul s\u0103u nu mai era loc pentru g\u00e2nduri. Se mul\u0163umea s\u0103 observe jungla, \u00eencerc\u00e2nd \u015f\u0103 g\u0103seasc\u0103 tab\u0103ra marinarilor. Sim\u0163urile i se acutizaser\u0103 enorm, ascu\u0163indu-i la maxim percep\u0163iile. Totul devenise ciudat. Pu\u015fca sa era din o\u0163el lustruit, dar acum o vedea poroas\u0103, cu ni\u015fte adev\u0103ra\u0163i din\u0163i de fier\u0103str\u0103u, ca ni\u015fte bre\u015fe \u00een metal. Culorile junglei deveniser\u0103 mult mai intense si parc\u0103 toate zgomotele \u015fi culorile ei \u00eei urlau \u00een urechi. Exact aceasta era impresia perceput\u0103 de Fergusson, nuan\u0163e de ro\u015fu, de galben, de verde, a c\u0103ror frecven\u0163e le percepea direct \u015fi distinct cu urechile, ca \u015fi cum ar fi devenit sunete.<\/p>\n<p>\u00centors \u00een tab\u0103r\u0103, primii militari pe care i-a \u00eent\u00e2lnit nu mai sem\u0103nau cu militarii cunoscu\u0163i de el. Erau acum transparen\u0163i, translucizi, iar Fergusson putea pur \u015fi simplu s\u0103 vad\u0103 prin ei. Era o radiografie \u015focant\u0103 dar obiectiv\u0103, \u00een care putea s\u0103 vad\u0103 fiecare os, fiecare orqan care palpita \u00een interior. O alchimie ciudat\u0103 se petrecuse \u00een creierul s\u0103u, \u00een urma c\u0103reia Fergusson c\u0103p\u0103tase o putere supranatural\u0103.<\/p>\n<p>Oamenii sunt obi\u015fnui\u0163i sau programa\u0163i s\u0103 perceap\u0103 numai spectrul vizibil al luminii. De aceea, noi vedem lumea \u00eentr-o anumit\u0103 manier\u0103, cu forme opace, av\u00e2nd anumite culori, \u00eentotdeauna acelea\u015fi. Jim Fergusson a spart, \u00een urma neobi\u015fnuitei sale experien\u0163e, limitele \u00eenguste ale spectrului obi\u015fnuit al percep\u0163iilor umane. Ochii s\u0103i au devenit subit sensibili la radia\u0163iile ultraviolete \u015fi la cele infraro\u015fii. Viziunea sa asupra lumii s-a modificat \u015fi ea.<\/p>\n<p>Cazul s\u0103u era prea bizar pentru a fi acceptat de o societate ce nu iube\u015fte mutan\u0163ii, a\u015fa c\u0103 Jim s-a trezit internat \u00eentr-un spital militar din Saigon, apoi repatriat \u00een Statele Unite \u015fi \u00eencarcerat cu for\u0163a \u00eentr-un centru de reeducare. \u015ei totu\u015fi, dac\u0103 viziunea lui Fergusson asupra Universului era cea just\u0103 sau, \u00een orice caz mai complet\u0103 \u015fi mai obiectiv\u0103 dec\u00e2t a noastr\u0103?<\/p>\n<p>Dup\u0103 5 ani de psihoterapie \u015fi neuroleptice, Fergusson fu eliberat. Abia ie\u015fit, \u00ee\u015fi lu\u0103 un Colt 45 \u015fi \u00ee\u015fi zbur\u0103 creierii. \u00cel omor\u00e2ser\u0103, de fapt, ierarhia militar\u0103, puterea politic\u0103 \u015fi social\u0103, care nu a putut s\u0103 accepte faptul c\u0103 el era pur \u015fi simplu un om mai diferit dec\u00e2t ceilal\u0163i&#8230;<\/p>\n","protected":false},"excerpt":{"rendered":"<p>Ce s-ar \u00eent\u00e2mpla cu noi dac\u0103 am putea percepe cu sim\u0163urile noastre razele ultraviolete \u015fi cele infraro\u015fii, lucru pe care \u00een mod normal nu l-am putea face? Oare am \u00eennebuni? Probabil c\u0103 acela\u015fi lucru s-a \u00eent\u00e2mplat \u015fi cu un militar &#8230; <\/p>\n<p class=\"read-more-container\"><a title=\"Cazul \u015focant al unui militar american care putea s\u0103 perceap\u0103 radia\u0163ia infraro\u015fie \u015fi cea ultraviolet\u0103\" class=\"read-more button\" href=\"https:\/\/www.lovendal.ro\/wp52\/cazul-socant-al-unui-militar-american-care-putea-sa-perceapa-radiatia-infrarosie-si-cea-ultravioleta\/#more-54675\" aria-label=\"Cite\u0219te mai multe despre Cazul \u015focant al unui militar american care putea s\u0103 perceap\u0103 radia\u0163ia infraro\u015fie \u015fi cea ultraviolet\u0103\">Cititi mai multe<\/a><\/p>\n","protected":false},"author":1,"featured_media":54677,"comment_status":"open","ping_status":"closed","sticky":false,"template":"","format":"standard","meta":{"footnotes":""},"categories":[2833,14],"tags":[171,877,419,949,1012,2992,3999,8426,4570,1638,952,4447,864,755,8766,108,5667,5397,9796,73,1231,7810,7200,681,512,23,3224,1014,1954,1163,265],"class_list":["post-54675","post","type-post","status-publish","format-standard","has-post-thumbnail","hentry","category-noutati","category-paranormal-spiritualitate","tag-cadavru","tag-culori","tag-doctor","tag-foc","tag-frica","tag-galben","tag-gand","tag-gloante","tag-infrarosu","tag-jungla","tag-lumina","tag-metal","tag-militari","tag-minte","tag-mitraliera","tag-moarte","tag-oase","tag-organ","tag-paranormal-spiritualitate","tag-razboi","tag-rosu","tag-sergent","tag-simt","tag-sinucidere","tag-spital","tag-sua","tag-sunete","tag-trup","tag-ultraviolete","tag-verde","tag-vietnam","resize-featured-image"],"yoast_head":"<!-- This site is optimized with the Yoast SEO Premium plugin v23.3 (Yoast SEO v27.4) - https:\/\/yoast.com\/product\/yoast-seo-premium-wordpress\/ -->\n<title>Cazul \u015focant al unui militar american care putea s\u0103 perceap\u0103 radia\u0163ia infraro\u015fie \u015fi cea ultraviolet\u0103 - Secretele lui Lovendal<\/title>\n<meta name=\"robots\" content=\"index, follow, max-snippet:-1, max-image-preview:large, max-video-preview:-1\" \/>\n<link rel=\"canonical\" href=\"https:\/\/www.lovendal.ro\/wp52\/cazul-socant-al-unui-militar-american-care-putea-sa-perceapa-radiatia-infrarosie-si-cea-ultravioleta\/\" \/>\n<meta property=\"og:locale\" content=\"ro_RO\" \/>\n<meta property=\"og:type\" content=\"article\" \/>\n<meta property=\"og:title\" content=\"Cazul \u015focant al unui militar american care putea s\u0103 perceap\u0103 radia\u0163ia infraro\u015fie \u015fi cea ultraviolet\u0103\" \/>\n<meta property=\"og:description\" content=\"Ce s-ar \u00eent\u00e2mpla cu noi dac\u0103 am putea percepe cu sim\u0163urile noastre razele ultraviolete \u015fi cele infraro\u015fii, lucru pe care \u00een mod normal nu l-am putea face? Oare am \u00eennebuni? Probabil c\u0103 acela\u015fi lucru s-a \u00eent\u00e2mplat \u015fi cu un militar ... Cititi mai multe\" \/>\n<meta property=\"og:url\" content=\"https:\/\/www.lovendal.ro\/wp52\/cazul-socant-al-unui-militar-american-care-putea-sa-perceapa-radiatia-infrarosie-si-cea-ultravioleta\/\" \/>\n<meta property=\"og:site_name\" content=\"Secretele lui Lovendal\" \/>\n<meta property=\"article:publisher\" content=\"https:\/\/www.facebook.com\/secreteleluilovendal\" \/>\n<meta property=\"article:published_time\" content=\"2018-02-05T19:56:59+00:00\" \/>\n<meta property=\"og:image\" content=\"https:\/\/www.lovendal.ro\/wp52\/wp-content\/uploads\/2018\/02\/militar-in-infrarosu.jpg\" \/>\n\t<meta property=\"og:image:width\" content=\"335\" \/>\n\t<meta property=\"og:image:height\" content=\"222\" \/>\n\t<meta property=\"og:image:type\" content=\"image\/jpeg\" \/>\n<meta name=\"author\" content=\"admin\" \/>\n<meta name=\"twitter:card\" content=\"summary_large_image\" \/>\n<meta name=\"twitter:label1\" content=\"Scris de\" \/>\n\t<meta name=\"twitter:data1\" content=\"admin\" \/>\n\t<meta name=\"twitter:label2\" content=\"Timp estimat pentru citire\" \/>\n\t<meta name=\"twitter:data2\" content=\"3 minute\" \/>\n<script type=\"application\/ld+json\" class=\"yoast-schema-graph\">{\"@context\":\"https:\\\/\\\/schema.org\",\"@graph\":[{\"@type\":\"Article\",\"@id\":\"https:\\\/\\\/www.lovendal.ro\\\/wp52\\\/cazul-socant-al-unui-militar-american-care-putea-sa-perceapa-radiatia-infrarosie-si-cea-ultravioleta\\\/#article\",\"isPartOf\":{\"@id\":\"https:\\\/\\\/www.lovendal.ro\\\/wp52\\\/cazul-socant-al-unui-militar-american-care-putea-sa-perceapa-radiatia-infrarosie-si-cea-ultravioleta\\\/\"},\"author\":{\"name\":\"admin\",\"@id\":\"https:\\\/\\\/www.lovendal.ro\\\/wp52\\\/#\\\/schema\\\/person\\\/088691de5dfc346bb0c023e1e52ef5d9\"},\"headline\":\"Cazul \u015focant al unui militar american care putea s\u0103 perceap\u0103 radia\u0163ia infraro\u015fie \u015fi cea ultraviolet\u0103\",\"datePublished\":\"2018-02-05T19:56:59+00:00\",\"mainEntityOfPage\":{\"@id\":\"https:\\\/\\\/www.lovendal.ro\\\/wp52\\\/cazul-socant-al-unui-militar-american-care-putea-sa-perceapa-radiatia-infrarosie-si-cea-ultravioleta\\\/\"},\"wordCount\":701,\"commentCount\":1,\"publisher\":{\"@id\":\"https:\\\/\\\/www.lovendal.ro\\\/wp52\\\/#organization\"},\"image\":{\"@id\":\"https:\\\/\\\/www.lovendal.ro\\\/wp52\\\/cazul-socant-al-unui-militar-american-care-putea-sa-perceapa-radiatia-infrarosie-si-cea-ultravioleta\\\/#primaryimage\"},\"thumbnailUrl\":\"https:\\\/\\\/www.lovendal.ro\\\/wp52\\\/wp-content\\\/uploads\\\/2018\\\/02\\\/militar-in-infrarosu.jpg\",\"keywords\":[\"cadavru\",\"culori\",\"doctor\",\"foc\",\"fric\u0103\",\"galben\",\"g\u00e2nd\",\"gloan\u0163e\",\"infraro\u015fu\",\"jungl\u0103\",\"lumin\u0103\",\"metal\",\"militari\",\"minte\",\"mitralier\u0103\",\"moarte\",\"oase\",\"organ\",\"Paranormal-Spiritualitate\",\"r\u0103zboi\",\"ro\u015fu\",\"sergent\",\"sim\u0163\",\"sinucidere\",\"spital\",\"SUA\",\"sunete\",\"trup\",\"ultraviolete\",\"verde\",\"Vietnam\"],\"articleSection\":[\"Noutati\",\"Paranormal-Spiritualitate\"],\"inLanguage\":\"ro-RO\",\"potentialAction\":[{\"@type\":\"CommentAction\",\"name\":\"Comment\",\"target\":[\"https:\\\/\\\/www.lovendal.ro\\\/wp52\\\/cazul-socant-al-unui-militar-american-care-putea-sa-perceapa-radiatia-infrarosie-si-cea-ultravioleta\\\/#respond\"]}]},{\"@type\":\"WebPage\",\"@id\":\"https:\\\/\\\/www.lovendal.ro\\\/wp52\\\/cazul-socant-al-unui-militar-american-care-putea-sa-perceapa-radiatia-infrarosie-si-cea-ultravioleta\\\/\",\"url\":\"https:\\\/\\\/www.lovendal.ro\\\/wp52\\\/cazul-socant-al-unui-militar-american-care-putea-sa-perceapa-radiatia-infrarosie-si-cea-ultravioleta\\\/\",\"name\":\"Cazul \u015focant al unui militar american care putea s\u0103 perceap\u0103 radia\u0163ia infraro\u015fie \u015fi cea ultraviolet\u0103 - Secretele lui Lovendal\",\"isPartOf\":{\"@id\":\"https:\\\/\\\/www.lovendal.ro\\\/wp52\\\/#website\"},\"primaryImageOfPage\":{\"@id\":\"https:\\\/\\\/www.lovendal.ro\\\/wp52\\\/cazul-socant-al-unui-militar-american-care-putea-sa-perceapa-radiatia-infrarosie-si-cea-ultravioleta\\\/#primaryimage\"},\"image\":{\"@id\":\"https:\\\/\\\/www.lovendal.ro\\\/wp52\\\/cazul-socant-al-unui-militar-american-care-putea-sa-perceapa-radiatia-infrarosie-si-cea-ultravioleta\\\/#primaryimage\"},\"thumbnailUrl\":\"https:\\\/\\\/www.lovendal.ro\\\/wp52\\\/wp-content\\\/uploads\\\/2018\\\/02\\\/militar-in-infrarosu.jpg\",\"datePublished\":\"2018-02-05T19:56:59+00:00\",\"breadcrumb\":{\"@id\":\"https:\\\/\\\/www.lovendal.ro\\\/wp52\\\/cazul-socant-al-unui-militar-american-care-putea-sa-perceapa-radiatia-infrarosie-si-cea-ultravioleta\\\/#breadcrumb\"},\"inLanguage\":\"ro-RO\",\"potentialAction\":[{\"@type\":\"ReadAction\",\"target\":[\"https:\\\/\\\/www.lovendal.ro\\\/wp52\\\/cazul-socant-al-unui-militar-american-care-putea-sa-perceapa-radiatia-infrarosie-si-cea-ultravioleta\\\/\"]}]},{\"@type\":\"ImageObject\",\"inLanguage\":\"ro-RO\",\"@id\":\"https:\\\/\\\/www.lovendal.ro\\\/wp52\\\/cazul-socant-al-unui-militar-american-care-putea-sa-perceapa-radiatia-infrarosie-si-cea-ultravioleta\\\/#primaryimage\",\"url\":\"https:\\\/\\\/www.lovendal.ro\\\/wp52\\\/wp-content\\\/uploads\\\/2018\\\/02\\\/militar-in-infrarosu.jpg\",\"contentUrl\":\"https:\\\/\\\/www.lovendal.ro\\\/wp52\\\/wp-content\\\/uploads\\\/2018\\\/02\\\/militar-in-infrarosu.jpg\",\"width\":335,\"height\":222},{\"@type\":\"BreadcrumbList\",\"@id\":\"https:\\\/\\\/www.lovendal.ro\\\/wp52\\\/cazul-socant-al-unui-militar-american-care-putea-sa-perceapa-radiatia-infrarosie-si-cea-ultravioleta\\\/#breadcrumb\",\"itemListElement\":[{\"@type\":\"ListItem\",\"position\":1,\"name\":\"Home\",\"item\":\"https:\\\/\\\/www.lovendal.ro\\\/wp52\\\/\"},{\"@type\":\"ListItem\",\"position\":2,\"name\":\"Cazul \u015focant al unui militar american care putea s\u0103 perceap\u0103 radia\u0163ia infraro\u015fie \u015fi cea ultraviolet\u0103\"}]},{\"@type\":\"WebSite\",\"@id\":\"https:\\\/\\\/www.lovendal.ro\\\/wp52\\\/#website\",\"url\":\"https:\\\/\\\/www.lovendal.ro\\\/wp52\\\/\",\"name\":\"Secretele lui Lovendal\",\"description\":\"Site de secrete, stiinta si metafizica - din 2008 -\",\"publisher\":{\"@id\":\"https:\\\/\\\/www.lovendal.ro\\\/wp52\\\/#organization\"},\"potentialAction\":[{\"@type\":\"SearchAction\",\"target\":{\"@type\":\"EntryPoint\",\"urlTemplate\":\"https:\\\/\\\/www.lovendal.ro\\\/wp52\\\/?s={search_term_string}\"},\"query-input\":{\"@type\":\"PropertyValueSpecification\",\"valueRequired\":true,\"valueName\":\"search_term_string\"}}],\"inLanguage\":\"ro-RO\"},{\"@type\":\"Organization\",\"@id\":\"https:\\\/\\\/www.lovendal.ro\\\/wp52\\\/#organization\",\"name\":\"Secretele lui Lovendal\",\"url\":\"https:\\\/\\\/www.lovendal.ro\\\/wp52\\\/\",\"logo\":{\"@type\":\"ImageObject\",\"inLanguage\":\"ro-RO\",\"@id\":\"https:\\\/\\\/www.lovendal.ro\\\/wp52\\\/#\\\/schema\\\/logo\\\/image\\\/\",\"url\":\"https:\\\/\\\/www.lovendal.ro\\\/wp52\\\/wp-content\\\/uploads\\\/2024\\\/06\\\/cropped-SLL-iun-2024-1.jpg\",\"contentUrl\":\"https:\\\/\\\/www.lovendal.ro\\\/wp52\\\/wp-content\\\/uploads\\\/2024\\\/06\\\/cropped-SLL-iun-2024-1.jpg\",\"width\":771,\"height\":240,\"caption\":\"Secretele lui Lovendal\"},\"image\":{\"@id\":\"https:\\\/\\\/www.lovendal.ro\\\/wp52\\\/#\\\/schema\\\/logo\\\/image\\\/\"},\"sameAs\":[\"https:\\\/\\\/www.facebook.com\\\/secreteleluilovendal\"]},{\"@type\":\"Person\",\"@id\":\"https:\\\/\\\/www.lovendal.ro\\\/wp52\\\/#\\\/schema\\\/person\\\/088691de5dfc346bb0c023e1e52ef5d9\",\"name\":\"admin\",\"image\":{\"@type\":\"ImageObject\",\"inLanguage\":\"ro-RO\",\"@id\":\"https:\\\/\\\/secure.gravatar.com\\\/avatar\\\/ecb9cd41f5f63c9c9b989999a59f6e2639a865ec361e9db054db0679a8f341c2?s=96&d=mm&r=g\",\"url\":\"https:\\\/\\\/secure.gravatar.com\\\/avatar\\\/ecb9cd41f5f63c9c9b989999a59f6e2639a865ec361e9db054db0679a8f341c2?s=96&d=mm&r=g\",\"contentUrl\":\"https:\\\/\\\/secure.gravatar.com\\\/avatar\\\/ecb9cd41f5f63c9c9b989999a59f6e2639a865ec361e9db054db0679a8f341c2?s=96&d=mm&r=g\",\"caption\":\"admin\"},\"sameAs\":[\"https:\\\/\\\/www.lovendal.ro\\\/wp52\"]}]}<\/script>\n<!-- \/ Yoast SEO Premium plugin. -->","yoast_head_json":{"title":"Cazul \u015focant al unui militar american care putea s\u0103 perceap\u0103 radia\u0163ia infraro\u015fie \u015fi cea ultraviolet\u0103 - Secretele lui Lovendal","robots":{"index":"index","follow":"follow","max-snippet":"max-snippet:-1","max-image-preview":"max-image-preview:large","max-video-preview":"max-video-preview:-1"},"canonical":"https:\/\/www.lovendal.ro\/wp52\/cazul-socant-al-unui-militar-american-care-putea-sa-perceapa-radiatia-infrarosie-si-cea-ultravioleta\/","og_locale":"ro_RO","og_type":"article","og_title":"Cazul \u015focant al unui militar american care putea s\u0103 perceap\u0103 radia\u0163ia infraro\u015fie \u015fi cea ultraviolet\u0103","og_description":"Ce s-ar \u00eent\u00e2mpla cu noi dac\u0103 am putea percepe cu sim\u0163urile noastre razele ultraviolete \u015fi cele infraro\u015fii, lucru pe care \u00een mod normal nu l-am putea face? Oare am \u00eennebuni? Probabil c\u0103 acela\u015fi lucru s-a \u00eent\u00e2mplat \u015fi cu un militar ... Cititi mai multe","og_url":"https:\/\/www.lovendal.ro\/wp52\/cazul-socant-al-unui-militar-american-care-putea-sa-perceapa-radiatia-infrarosie-si-cea-ultravioleta\/","og_site_name":"Secretele lui Lovendal","article_publisher":"https:\/\/www.facebook.com\/secreteleluilovendal","article_published_time":"2018-02-05T19:56:59+00:00","og_image":[{"width":335,"height":222,"url":"https:\/\/www.lovendal.ro\/wp52\/wp-content\/uploads\/2018\/02\/militar-in-infrarosu.jpg","type":"image\/jpeg"}],"author":"admin","twitter_card":"summary_large_image","twitter_misc":{"Scris de":"admin","Timp estimat pentru citire":"3 minute"},"schema":{"@context":"https:\/\/schema.org","@graph":[{"@type":"Article","@id":"https:\/\/www.lovendal.ro\/wp52\/cazul-socant-al-unui-militar-american-care-putea-sa-perceapa-radiatia-infrarosie-si-cea-ultravioleta\/#article","isPartOf":{"@id":"https:\/\/www.lovendal.ro\/wp52\/cazul-socant-al-unui-militar-american-care-putea-sa-perceapa-radiatia-infrarosie-si-cea-ultravioleta\/"},"author":{"name":"admin","@id":"https:\/\/www.lovendal.ro\/wp52\/#\/schema\/person\/088691de5dfc346bb0c023e1e52ef5d9"},"headline":"Cazul \u015focant al unui militar american care putea s\u0103 perceap\u0103 radia\u0163ia infraro\u015fie \u015fi cea ultraviolet\u0103","datePublished":"2018-02-05T19:56:59+00:00","mainEntityOfPage":{"@id":"https:\/\/www.lovendal.ro\/wp52\/cazul-socant-al-unui-militar-american-care-putea-sa-perceapa-radiatia-infrarosie-si-cea-ultravioleta\/"},"wordCount":701,"commentCount":1,"publisher":{"@id":"https:\/\/www.lovendal.ro\/wp52\/#organization"},"image":{"@id":"https:\/\/www.lovendal.ro\/wp52\/cazul-socant-al-unui-militar-american-care-putea-sa-perceapa-radiatia-infrarosie-si-cea-ultravioleta\/#primaryimage"},"thumbnailUrl":"https:\/\/www.lovendal.ro\/wp52\/wp-content\/uploads\/2018\/02\/militar-in-infrarosu.jpg","keywords":["cadavru","culori","doctor","foc","fric\u0103","galben","g\u00e2nd","gloan\u0163e","infraro\u015fu","jungl\u0103","lumin\u0103","metal","militari","minte","mitralier\u0103","moarte","oase","organ","Paranormal-Spiritualitate","r\u0103zboi","ro\u015fu","sergent","sim\u0163","sinucidere","spital","SUA","sunete","trup","ultraviolete","verde","Vietnam"],"articleSection":["Noutati","Paranormal-Spiritualitate"],"inLanguage":"ro-RO","potentialAction":[{"@type":"CommentAction","name":"Comment","target":["https:\/\/www.lovendal.ro\/wp52\/cazul-socant-al-unui-militar-american-care-putea-sa-perceapa-radiatia-infrarosie-si-cea-ultravioleta\/#respond"]}]},{"@type":"WebPage","@id":"https:\/\/www.lovendal.ro\/wp52\/cazul-socant-al-unui-militar-american-care-putea-sa-perceapa-radiatia-infrarosie-si-cea-ultravioleta\/","url":"https:\/\/www.lovendal.ro\/wp52\/cazul-socant-al-unui-militar-american-care-putea-sa-perceapa-radiatia-infrarosie-si-cea-ultravioleta\/","name":"Cazul \u015focant al unui militar american care putea s\u0103 perceap\u0103 radia\u0163ia infraro\u015fie \u015fi cea ultraviolet\u0103 - Secretele lui Lovendal","isPartOf":{"@id":"https:\/\/www.lovendal.ro\/wp52\/#website"},"primaryImageOfPage":{"@id":"https:\/\/www.lovendal.ro\/wp52\/cazul-socant-al-unui-militar-american-care-putea-sa-perceapa-radiatia-infrarosie-si-cea-ultravioleta\/#primaryimage"},"image":{"@id":"https:\/\/www.lovendal.ro\/wp52\/cazul-socant-al-unui-militar-american-care-putea-sa-perceapa-radiatia-infrarosie-si-cea-ultravioleta\/#primaryimage"},"thumbnailUrl":"https:\/\/www.lovendal.ro\/wp52\/wp-content\/uploads\/2018\/02\/militar-in-infrarosu.jpg","datePublished":"2018-02-05T19:56:59+00:00","breadcrumb":{"@id":"https:\/\/www.lovendal.ro\/wp52\/cazul-socant-al-unui-militar-american-care-putea-sa-perceapa-radiatia-infrarosie-si-cea-ultravioleta\/#breadcrumb"},"inLanguage":"ro-RO","potentialAction":[{"@type":"ReadAction","target":["https:\/\/www.lovendal.ro\/wp52\/cazul-socant-al-unui-militar-american-care-putea-sa-perceapa-radiatia-infrarosie-si-cea-ultravioleta\/"]}]},{"@type":"ImageObject","inLanguage":"ro-RO","@id":"https:\/\/www.lovendal.ro\/wp52\/cazul-socant-al-unui-militar-american-care-putea-sa-perceapa-radiatia-infrarosie-si-cea-ultravioleta\/#primaryimage","url":"https:\/\/www.lovendal.ro\/wp52\/wp-content\/uploads\/2018\/02\/militar-in-infrarosu.jpg","contentUrl":"https:\/\/www.lovendal.ro\/wp52\/wp-content\/uploads\/2018\/02\/militar-in-infrarosu.jpg","width":335,"height":222},{"@type":"BreadcrumbList","@id":"https:\/\/www.lovendal.ro\/wp52\/cazul-socant-al-unui-militar-american-care-putea-sa-perceapa-radiatia-infrarosie-si-cea-ultravioleta\/#breadcrumb","itemListElement":[{"@type":"ListItem","position":1,"name":"Home","item":"https:\/\/www.lovendal.ro\/wp52\/"},{"@type":"ListItem","position":2,"name":"Cazul \u015focant al unui militar american care putea s\u0103 perceap\u0103 radia\u0163ia infraro\u015fie \u015fi cea ultraviolet\u0103"}]},{"@type":"WebSite","@id":"https:\/\/www.lovendal.ro\/wp52\/#website","url":"https:\/\/www.lovendal.ro\/wp52\/","name":"Secretele lui Lovendal","description":"Site de secrete, stiinta si metafizica - din 2008 -","publisher":{"@id":"https:\/\/www.lovendal.ro\/wp52\/#organization"},"potentialAction":[{"@type":"SearchAction","target":{"@type":"EntryPoint","urlTemplate":"https:\/\/www.lovendal.ro\/wp52\/?s={search_term_string}"},"query-input":{"@type":"PropertyValueSpecification","valueRequired":true,"valueName":"search_term_string"}}],"inLanguage":"ro-RO"},{"@type":"Organization","@id":"https:\/\/www.lovendal.ro\/wp52\/#organization","name":"Secretele lui Lovendal","url":"https:\/\/www.lovendal.ro\/wp52\/","logo":{"@type":"ImageObject","inLanguage":"ro-RO","@id":"https:\/\/www.lovendal.ro\/wp52\/#\/schema\/logo\/image\/","url":"https:\/\/www.lovendal.ro\/wp52\/wp-content\/uploads\/2024\/06\/cropped-SLL-iun-2024-1.jpg","contentUrl":"https:\/\/www.lovendal.ro\/wp52\/wp-content\/uploads\/2024\/06\/cropped-SLL-iun-2024-1.jpg","width":771,"height":240,"caption":"Secretele lui Lovendal"},"image":{"@id":"https:\/\/www.lovendal.ro\/wp52\/#\/schema\/logo\/image\/"},"sameAs":["https:\/\/www.facebook.com\/secreteleluilovendal"]},{"@type":"Person","@id":"https:\/\/www.lovendal.ro\/wp52\/#\/schema\/person\/088691de5dfc346bb0c023e1e52ef5d9","name":"admin","image":{"@type":"ImageObject","inLanguage":"ro-RO","@id":"https:\/\/secure.gravatar.com\/avatar\/ecb9cd41f5f63c9c9b989999a59f6e2639a865ec361e9db054db0679a8f341c2?s=96&d=mm&r=g","url":"https:\/\/secure.gravatar.com\/avatar\/ecb9cd41f5f63c9c9b989999a59f6e2639a865ec361e9db054db0679a8f341c2?s=96&d=mm&r=g","contentUrl":"https:\/\/secure.gravatar.com\/avatar\/ecb9cd41f5f63c9c9b989999a59f6e2639a865ec361e9db054db0679a8f341c2?s=96&d=mm&r=g","caption":"admin"},"sameAs":["https:\/\/www.lovendal.ro\/wp52"]}]}},"_links":{"self":[{"href":"https:\/\/www.lovendal.ro\/wp52\/wp-json\/wp\/v2\/posts\/54675","targetHints":{"allow":["GET"]}}],"collection":[{"href":"https:\/\/www.lovendal.ro\/wp52\/wp-json\/wp\/v2\/posts"}],"about":[{"href":"https:\/\/www.lovendal.ro\/wp52\/wp-json\/wp\/v2\/types\/post"}],"author":[{"embeddable":true,"href":"https:\/\/www.lovendal.ro\/wp52\/wp-json\/wp\/v2\/users\/1"}],"replies":[{"embeddable":true,"href":"https:\/\/www.lovendal.ro\/wp52\/wp-json\/wp\/v2\/comments?post=54675"}],"version-history":[{"count":0,"href":"https:\/\/www.lovendal.ro\/wp52\/wp-json\/wp\/v2\/posts\/54675\/revisions"}],"wp:featuredmedia":[{"embeddable":true,"href":"https:\/\/www.lovendal.ro\/wp52\/wp-json\/wp\/v2\/media\/54677"}],"wp:attachment":[{"href":"https:\/\/www.lovendal.ro\/wp52\/wp-json\/wp\/v2\/media?parent=54675"}],"wp:term":[{"taxonomy":"category","embeddable":true,"href":"https:\/\/www.lovendal.ro\/wp52\/wp-json\/wp\/v2\/categories?post=54675"},{"taxonomy":"post_tag","embeddable":true,"href":"https:\/\/www.lovendal.ro\/wp52\/wp-json\/wp\/v2\/tags?post=54675"}],"curies":[{"name":"wp","href":"https:\/\/api.w.org\/{rel}","templated":true}]}}