{"id":54469,"date":"2018-01-24T23:04:01","date_gmt":"2018-01-24T21:04:01","guid":{"rendered":"http:\/\/www.lovendal.ro\/wp52\/?p=54469"},"modified":"2021-08-13T19:23:13","modified_gmt":"2021-08-13T16:23:13","slug":"exclusiv-alexandru-ioan-cuza-avea-in-el-sangele-lui-stefan-cel-mare","status":"publish","type":"post","link":"https:\/\/www.lovendal.ro\/wp52\/exclusiv-alexandru-ioan-cuza-avea-in-el-sangele-lui-stefan-cel-mare\/","title":{"rendered":"EXCLUSIV! Alexandru Ioan Cuza avea \u00een el s\u00e2ngele lui \u015etefan cel Mare"},"content":{"rendered":"<p><a href=\"https:\/\/www.lovendal.ro\/wp52\/wp-content\/uploads\/2018\/01\/Cuza-Stefan-cel-Mare.jpg\"><img loading=\"lazy\" decoding=\"async\" class=\"alignleft size-full wp-image-54472\" src=\"https:\/\/www.lovendal.ro\/wp52\/wp-content\/uploads\/2018\/01\/Cuza-Stefan-cel-Mare.jpg\" alt=\"\" width=\"333\" height=\"217\" srcset=\"https:\/\/www.lovendal.ro\/wp52\/wp-content\/uploads\/2018\/01\/Cuza-Stefan-cel-Mare.jpg 333w, https:\/\/www.lovendal.ro\/wp52\/wp-content\/uploads\/2018\/01\/Cuza-Stefan-cel-Mare-300x195.jpg 300w\" sizes=\"auto, (max-width: 333px) 100vw, 333px\" \/><\/a>Scriam \u00een articolul acesta despre istoria Rom\u00e2niei (<a href=\"https:\/\/www.lovendal.ro\/wp52\/din-enigmele-unei-alegeri-controversate-in-1859-trebuia-sa-fie-ales-domnitor-poetul-costache-negri-in-loc-de-al-i-cuza\/\" target=\"_blank\" rel=\"noopener\"><strong>Din enigmele unei alegeri controversate: \u00een 1859, trebuia s\u0103 fie ales domnitor poetul Costache Negri, \u00een loc de Al. I. Cuza<\/strong><\/a>) contextul \u00een care a fost ales domnitor al Moldovei Alexandru Ioan Cuza, \u00een anul 1859, pentru ca ulterior, s\u0103 fie ales \u015fi domnitor al \u0162\u0103rii Rom\u00e2ne\u015fti. Dar Cuza nu f\u0103cea parte din mari familii boiere\u015fti, ca de exemplu Ghica, Sturdza sau Mavrocordat.<\/p>\n<p>\u015ei totu\u015fi, cum nimic nu e \u00eent\u00e2mpl\u0103tor \u00een istorie, am s\u0103 v\u0103 prezint o informa\u0163ie \u00een premier\u0103 \u00een Rom\u00e2nia (dup\u0103 c\u00e2te \u015ftiu eu&#8230;) \u015ei anume faptul c\u0103 primul domnitor al principatelor unite se tr\u0103gea din \u00eensu\u015fi marele \u015etefan cel Mare! Iat\u0103, \u00een continuare, linia genealogic\u0103:<\/p>\n<p><em>Genera\u0163ia 1:<\/em> <strong>\u015etefan cel Mare<\/strong>, 1435-1504, domnitor al Moldovei:<br \/>\n<em>Genera\u0163ia 2:<\/em> <strong>Petru Rare\u015f<\/strong>, 1486-1546, domnitor al Moldovei:<br \/>\n<em>Genera\u0163ia 3:<\/em> <strong>Maria Rare\u015f<\/strong>, c\u0103s\u0103torit\u0103 cu Ioan Movil\u0103, mare logof\u0103t al Moldovei:<br \/>\n<em>Genera\u0163ia 4:<\/em> <strong>Simion Movil\u0103 Vod\u0103<\/strong>\u00a0(\u20201607), domnitorul Moldovei:<br \/>\n<em>Genera\u0163ia 5:<\/em> <strong>Ioan Movil\u0103<\/strong> (\u20201640), pretendent la tronul Moldovei:<br \/>\n<em>Genera\u0163ia 6:<\/em> <strong>Ileana Movil\u0103<\/strong> (\u20201691), c\u0103s\u0103torit\u0103 \u00een 1655 cu Miron Costin (1633-1691), cronicar al Moldovei:<br \/>\n<em>Genera\u0163ia 7:<\/em> <strong>Ioan Costin<\/strong>, hatman al Moldovei, c\u0103s\u0103torit cu Safta Jora:<br \/>\n<em>Genera\u0163ia 8:<\/em> <strong>Ilinca Costin<\/strong>, c\u0103s\u0103torit\u0103 \u00een 1706 cu Miron Cuza, logof\u0103t al Moldovei:<br \/>\n<em>Genera\u0163ia 9:<\/em> <strong>Ioni\u0163\u0103 Cuza<\/strong>, 1715-1778, mare sp\u0103tar \u015fi mare stolnic al Moldovei, decapitat de Constantin Moruzi Vod\u0103:<br \/>\n<em>Genera\u0163ia 10:<\/em> <strong>Nicolae Cuza<\/strong>, 1755-1805, c\u0103minar al Moldovei:<br \/>\n<em>Genera\u0163ia 11:<\/em> <strong>Ioan Cuza<\/strong>, 1783-1848, mare sp\u0103tar al Moldovei:<br \/>\n<em>Genera\u0163ia 12:<\/em> <strong>Alexandru Ioan Cuza<\/strong>, 1820-1873.<\/p>\n<p>Foarte interesant \u00eel reprezint\u0103 faptul c\u0103 mama lui Alexandru Ioan Cuza, Sultana Cozadini, era nepoata m\u0103tu\u015filor Scanavi, Elena Scanavi \u015fi M\u0103rioara Scanavi, ambele m\u0103ritate cu doi domnitori fanario\u0163i &#8211; Ion Caragea Vod\u0103 \u015fi, respectiv, Nicolae Mavrogheni Vod\u0103. Ceea ce ne putem \u00eentrebarea dac\u0103 nu cumva Alexandru Ioan Cuza a fost scos la \u00eenaintare de fanario\u0163i&#8230; Toate aceste elemente \u00eemi sugereaz\u0103 faptul c\u0103 alegerea lui Cuza ca domnitor \u00een 1859 n-a fost chiar \u00eent\u00e2mpl\u0103toare \u015fi poate c\u0103 puterea fanariot\u0103 nu era deloc dec\u0103zut\u0103 nici m\u0103car la mijlocul secolului al XIX-lea, de\u015fi prin c\u0103r\u0163ile de istorie ni se spune c\u0103 Fanarul s-a pr\u0103bu\u015fit dup\u0103 revolu\u0163ia de la 1821. Vede\u0163i tot articolul meu din 2012 pe aceast\u0103 tem\u0103: <a href=\"https:\/\/www.lovendal.ro\/wp52\/o-noua-enigma-istorica-cuza-a-ajuns-domnitor-al-romaniei-cu-ajutorul-fanariotilor-greci\/\" target=\"_blank\" rel=\"noopener\"><strong>O nou\u0103 enigm\u0103 istoric\u0103: Cuza a ajuns domnitor al Rom\u00e2niei cu ajutorul fanario\u0163ilor greci!?<\/strong><\/a><\/p>\n","protected":false},"excerpt":{"rendered":"<p>Scriam \u00een articolul acesta despre istoria Rom\u00e2niei (Din enigmele unei alegeri controversate: \u00een 1859, trebuia s\u0103 fie ales domnitor poetul Costache Negri, \u00een loc de Al. I. Cuza) contextul \u00een care a fost ales domnitor al Moldovei Alexandru Ioan Cuza, &#8230; <\/p>\n<p class=\"read-more-container\"><a title=\"EXCLUSIV! Alexandru Ioan Cuza avea \u00een el s\u00e2ngele lui \u015etefan cel Mare\" class=\"read-more button\" href=\"https:\/\/www.lovendal.ro\/wp52\/exclusiv-alexandru-ioan-cuza-avea-in-el-sangele-lui-stefan-cel-mare\/#more-54469\" aria-label=\"Cite\u0219te mai multe despre EXCLUSIV! Alexandru Ioan Cuza avea \u00een el s\u00e2ngele lui \u015etefan cel Mare\">Cititi mai multe<\/a><\/p>\n","protected":false},"author":1,"featured_media":54472,"comment_status":"open","ping_status":"closed","sticky":false,"template":"","format":"standard","meta":{"footnotes":""},"categories":[9,2833],"tags":[2273,976,1428,12291,374,378,1532,376,500,377,2971,74,7821,544,134,228],"class_list":["post-54469","post","type-post","status-publish","format-standard","has-post-thumbnail","hentry","category-istorie","category-noutati","tag-caragea","tag-cuza-voda","tag-domnitor","tag-fanar","tag-fanarioti","tag-ghica","tag-istorie-si-civilizatii","tag-mavrocordat","tag-mavrogheni","tag-moldova","tag-petru-rares","tag-romania","tag-simion-movila","tag-stefan-cel-mare","tag-sturdza","tag-tara-romaneasca","resize-featured-image"],"yoast_head":"<!-- This site is optimized with the Yoast SEO Premium plugin v23.3 (Yoast SEO v27.4) - https:\/\/yoast.com\/product\/yoast-seo-premium-wordpress\/ -->\n<title>EXCLUSIV! Alexandru Ioan Cuza avea \u00een el s\u00e2ngele lui \u015etefan cel Mare - Secretele lui Lovendal<\/title>\n<meta name=\"robots\" content=\"index, follow, max-snippet:-1, max-image-preview:large, max-video-preview:-1\" \/>\n<link rel=\"canonical\" href=\"https:\/\/www.lovendal.ro\/wp52\/exclusiv-alexandru-ioan-cuza-avea-in-el-sangele-lui-stefan-cel-mare\/\" \/>\n<meta property=\"og:locale\" content=\"ro_RO\" \/>\n<meta property=\"og:type\" content=\"article\" \/>\n<meta property=\"og:title\" content=\"EXCLUSIV! Alexandru Ioan Cuza avea \u00een el s\u00e2ngele lui \u015etefan cel Mare\" \/>\n<meta property=\"og:description\" content=\"Scriam \u00een articolul acesta despre istoria Rom\u00e2niei (Din enigmele unei alegeri controversate: \u00een 1859, trebuia s\u0103 fie ales domnitor poetul Costache Negri, \u00een loc de Al. I. Cuza) contextul \u00een care a fost ales domnitor al Moldovei Alexandru Ioan Cuza, ... Cititi mai multe\" \/>\n<meta property=\"og:url\" content=\"https:\/\/www.lovendal.ro\/wp52\/exclusiv-alexandru-ioan-cuza-avea-in-el-sangele-lui-stefan-cel-mare\/\" \/>\n<meta property=\"og:site_name\" content=\"Secretele lui Lovendal\" \/>\n<meta property=\"article:publisher\" content=\"https:\/\/www.facebook.com\/secreteleluilovendal\" \/>\n<meta property=\"article:published_time\" content=\"2018-01-24T21:04:01+00:00\" \/>\n<meta property=\"article:modified_time\" content=\"2021-08-13T16:23:13+00:00\" \/>\n<meta property=\"og:image\" content=\"https:\/\/www.lovendal.ro\/wp52\/wp-content\/uploads\/2018\/01\/Cuza-Stefan-cel-Mare.jpg\" \/>\n\t<meta property=\"og:image:width\" content=\"333\" \/>\n\t<meta property=\"og:image:height\" content=\"217\" \/>\n\t<meta property=\"og:image:type\" content=\"image\/jpeg\" \/>\n<meta name=\"author\" content=\"admin\" \/>\n<meta name=\"twitter:card\" content=\"summary_large_image\" \/>\n<meta name=\"twitter:label1\" content=\"Scris de\" \/>\n\t<meta name=\"twitter:data1\" content=\"admin\" \/>\n\t<meta name=\"twitter:label2\" content=\"Timp estimat pentru citire\" \/>\n\t<meta name=\"twitter:data2\" content=\"2 minute\" \/>\n<script type=\"application\/ld+json\" class=\"yoast-schema-graph\">{\"@context\":\"https:\\\/\\\/schema.org\",\"@graph\":[{\"@type\":\"Article\",\"@id\":\"https:\\\/\\\/www.lovendal.ro\\\/wp52\\\/exclusiv-alexandru-ioan-cuza-avea-in-el-sangele-lui-stefan-cel-mare\\\/#article\",\"isPartOf\":{\"@id\":\"https:\\\/\\\/www.lovendal.ro\\\/wp52\\\/exclusiv-alexandru-ioan-cuza-avea-in-el-sangele-lui-stefan-cel-mare\\\/\"},\"author\":{\"name\":\"admin\",\"@id\":\"https:\\\/\\\/www.lovendal.ro\\\/wp52\\\/#\\\/schema\\\/person\\\/088691de5dfc346bb0c023e1e52ef5d9\"},\"headline\":\"EXCLUSIV! Alexandru Ioan Cuza avea \u00een el s\u00e2ngele lui \u015etefan cel Mare\",\"datePublished\":\"2018-01-24T21:04:01+00:00\",\"dateModified\":\"2021-08-13T16:23:13+00:00\",\"mainEntityOfPage\":{\"@id\":\"https:\\\/\\\/www.lovendal.ro\\\/wp52\\\/exclusiv-alexandru-ioan-cuza-avea-in-el-sangele-lui-stefan-cel-mare\\\/\"},\"wordCount\":417,\"commentCount\":2,\"publisher\":{\"@id\":\"https:\\\/\\\/www.lovendal.ro\\\/wp52\\\/#organization\"},\"image\":{\"@id\":\"https:\\\/\\\/www.lovendal.ro\\\/wp52\\\/exclusiv-alexandru-ioan-cuza-avea-in-el-sangele-lui-stefan-cel-mare\\\/#primaryimage\"},\"thumbnailUrl\":\"https:\\\/\\\/www.lovendal.ro\\\/wp52\\\/wp-content\\\/uploads\\\/2018\\\/01\\\/Cuza-Stefan-cel-Mare.jpg\",\"keywords\":[\"Caragea\",\"Cuza Vod\u0103\",\"domnitor\",\"Fanar\",\"fanario\u0163i\",\"Ghica\",\"Istorie si Civilizatii\",\"Mavrocordat\",\"Mavrogheni\",\"Moldova\",\"Petru Rare\u015f\",\"Rom\u00e2nia\",\"Simion Movil\u0103\",\"\u015etefan cel Mare\",\"Sturdza\",\"\u0162ara Rom\u00e2neasc\u0103\"],\"articleSection\":[\"Istorie si Civilizatii\",\"Noutati\"],\"inLanguage\":\"ro-RO\",\"potentialAction\":[{\"@type\":\"CommentAction\",\"name\":\"Comment\",\"target\":[\"https:\\\/\\\/www.lovendal.ro\\\/wp52\\\/exclusiv-alexandru-ioan-cuza-avea-in-el-sangele-lui-stefan-cel-mare\\\/#respond\"]}]},{\"@type\":\"WebPage\",\"@id\":\"https:\\\/\\\/www.lovendal.ro\\\/wp52\\\/exclusiv-alexandru-ioan-cuza-avea-in-el-sangele-lui-stefan-cel-mare\\\/\",\"url\":\"https:\\\/\\\/www.lovendal.ro\\\/wp52\\\/exclusiv-alexandru-ioan-cuza-avea-in-el-sangele-lui-stefan-cel-mare\\\/\",\"name\":\"EXCLUSIV! Alexandru Ioan Cuza avea \u00een el s\u00e2ngele lui \u015etefan cel Mare - Secretele lui Lovendal\",\"isPartOf\":{\"@id\":\"https:\\\/\\\/www.lovendal.ro\\\/wp52\\\/#website\"},\"primaryImageOfPage\":{\"@id\":\"https:\\\/\\\/www.lovendal.ro\\\/wp52\\\/exclusiv-alexandru-ioan-cuza-avea-in-el-sangele-lui-stefan-cel-mare\\\/#primaryimage\"},\"image\":{\"@id\":\"https:\\\/\\\/www.lovendal.ro\\\/wp52\\\/exclusiv-alexandru-ioan-cuza-avea-in-el-sangele-lui-stefan-cel-mare\\\/#primaryimage\"},\"thumbnailUrl\":\"https:\\\/\\\/www.lovendal.ro\\\/wp52\\\/wp-content\\\/uploads\\\/2018\\\/01\\\/Cuza-Stefan-cel-Mare.jpg\",\"datePublished\":\"2018-01-24T21:04:01+00:00\",\"dateModified\":\"2021-08-13T16:23:13+00:00\",\"breadcrumb\":{\"@id\":\"https:\\\/\\\/www.lovendal.ro\\\/wp52\\\/exclusiv-alexandru-ioan-cuza-avea-in-el-sangele-lui-stefan-cel-mare\\\/#breadcrumb\"},\"inLanguage\":\"ro-RO\",\"potentialAction\":[{\"@type\":\"ReadAction\",\"target\":[\"https:\\\/\\\/www.lovendal.ro\\\/wp52\\\/exclusiv-alexandru-ioan-cuza-avea-in-el-sangele-lui-stefan-cel-mare\\\/\"]}]},{\"@type\":\"ImageObject\",\"inLanguage\":\"ro-RO\",\"@id\":\"https:\\\/\\\/www.lovendal.ro\\\/wp52\\\/exclusiv-alexandru-ioan-cuza-avea-in-el-sangele-lui-stefan-cel-mare\\\/#primaryimage\",\"url\":\"https:\\\/\\\/www.lovendal.ro\\\/wp52\\\/wp-content\\\/uploads\\\/2018\\\/01\\\/Cuza-Stefan-cel-Mare.jpg\",\"contentUrl\":\"https:\\\/\\\/www.lovendal.ro\\\/wp52\\\/wp-content\\\/uploads\\\/2018\\\/01\\\/Cuza-Stefan-cel-Mare.jpg\",\"width\":333,\"height\":217},{\"@type\":\"BreadcrumbList\",\"@id\":\"https:\\\/\\\/www.lovendal.ro\\\/wp52\\\/exclusiv-alexandru-ioan-cuza-avea-in-el-sangele-lui-stefan-cel-mare\\\/#breadcrumb\",\"itemListElement\":[{\"@type\":\"ListItem\",\"position\":1,\"name\":\"Home\",\"item\":\"https:\\\/\\\/www.lovendal.ro\\\/wp52\\\/\"},{\"@type\":\"ListItem\",\"position\":2,\"name\":\"EXCLUSIV! Alexandru Ioan Cuza avea \u00een el s\u00e2ngele lui \u015etefan cel Mare\"}]},{\"@type\":\"WebSite\",\"@id\":\"https:\\\/\\\/www.lovendal.ro\\\/wp52\\\/#website\",\"url\":\"https:\\\/\\\/www.lovendal.ro\\\/wp52\\\/\",\"name\":\"Secretele lui Lovendal\",\"description\":\"Site de secrete, stiinta si metafizica - din 2008 -\",\"publisher\":{\"@id\":\"https:\\\/\\\/www.lovendal.ro\\\/wp52\\\/#organization\"},\"potentialAction\":[{\"@type\":\"SearchAction\",\"target\":{\"@type\":\"EntryPoint\",\"urlTemplate\":\"https:\\\/\\\/www.lovendal.ro\\\/wp52\\\/?s={search_term_string}\"},\"query-input\":{\"@type\":\"PropertyValueSpecification\",\"valueRequired\":true,\"valueName\":\"search_term_string\"}}],\"inLanguage\":\"ro-RO\"},{\"@type\":\"Organization\",\"@id\":\"https:\\\/\\\/www.lovendal.ro\\\/wp52\\\/#organization\",\"name\":\"Secretele lui Lovendal\",\"url\":\"https:\\\/\\\/www.lovendal.ro\\\/wp52\\\/\",\"logo\":{\"@type\":\"ImageObject\",\"inLanguage\":\"ro-RO\",\"@id\":\"https:\\\/\\\/www.lovendal.ro\\\/wp52\\\/#\\\/schema\\\/logo\\\/image\\\/\",\"url\":\"https:\\\/\\\/www.lovendal.ro\\\/wp52\\\/wp-content\\\/uploads\\\/2024\\\/06\\\/cropped-SLL-iun-2024-1.jpg\",\"contentUrl\":\"https:\\\/\\\/www.lovendal.ro\\\/wp52\\\/wp-content\\\/uploads\\\/2024\\\/06\\\/cropped-SLL-iun-2024-1.jpg\",\"width\":771,\"height\":240,\"caption\":\"Secretele lui Lovendal\"},\"image\":{\"@id\":\"https:\\\/\\\/www.lovendal.ro\\\/wp52\\\/#\\\/schema\\\/logo\\\/image\\\/\"},\"sameAs\":[\"https:\\\/\\\/www.facebook.com\\\/secreteleluilovendal\"]},{\"@type\":\"Person\",\"@id\":\"https:\\\/\\\/www.lovendal.ro\\\/wp52\\\/#\\\/schema\\\/person\\\/088691de5dfc346bb0c023e1e52ef5d9\",\"name\":\"admin\",\"image\":{\"@type\":\"ImageObject\",\"inLanguage\":\"ro-RO\",\"@id\":\"https:\\\/\\\/secure.gravatar.com\\\/avatar\\\/ecb9cd41f5f63c9c9b989999a59f6e2639a865ec361e9db054db0679a8f341c2?s=96&d=mm&r=g\",\"url\":\"https:\\\/\\\/secure.gravatar.com\\\/avatar\\\/ecb9cd41f5f63c9c9b989999a59f6e2639a865ec361e9db054db0679a8f341c2?s=96&d=mm&r=g\",\"contentUrl\":\"https:\\\/\\\/secure.gravatar.com\\\/avatar\\\/ecb9cd41f5f63c9c9b989999a59f6e2639a865ec361e9db054db0679a8f341c2?s=96&d=mm&r=g\",\"caption\":\"admin\"},\"sameAs\":[\"https:\\\/\\\/www.lovendal.ro\\\/wp52\"]}]}<\/script>\n<!-- \/ Yoast SEO Premium plugin. -->","yoast_head_json":{"title":"EXCLUSIV! Alexandru Ioan Cuza avea \u00een el s\u00e2ngele lui \u015etefan cel Mare - Secretele lui Lovendal","robots":{"index":"index","follow":"follow","max-snippet":"max-snippet:-1","max-image-preview":"max-image-preview:large","max-video-preview":"max-video-preview:-1"},"canonical":"https:\/\/www.lovendal.ro\/wp52\/exclusiv-alexandru-ioan-cuza-avea-in-el-sangele-lui-stefan-cel-mare\/","og_locale":"ro_RO","og_type":"article","og_title":"EXCLUSIV! Alexandru Ioan Cuza avea \u00een el s\u00e2ngele lui \u015etefan cel Mare","og_description":"Scriam \u00een articolul acesta despre istoria Rom\u00e2niei (Din enigmele unei alegeri controversate: \u00een 1859, trebuia s\u0103 fie ales domnitor poetul Costache Negri, \u00een loc de Al. I. Cuza) contextul \u00een care a fost ales domnitor al Moldovei Alexandru Ioan Cuza, ... Cititi mai multe","og_url":"https:\/\/www.lovendal.ro\/wp52\/exclusiv-alexandru-ioan-cuza-avea-in-el-sangele-lui-stefan-cel-mare\/","og_site_name":"Secretele lui Lovendal","article_publisher":"https:\/\/www.facebook.com\/secreteleluilovendal","article_published_time":"2018-01-24T21:04:01+00:00","article_modified_time":"2021-08-13T16:23:13+00:00","og_image":[{"width":333,"height":217,"url":"https:\/\/www.lovendal.ro\/wp52\/wp-content\/uploads\/2018\/01\/Cuza-Stefan-cel-Mare.jpg","type":"image\/jpeg"}],"author":"admin","twitter_card":"summary_large_image","twitter_misc":{"Scris de":"admin","Timp estimat pentru citire":"2 minute"},"schema":{"@context":"https:\/\/schema.org","@graph":[{"@type":"Article","@id":"https:\/\/www.lovendal.ro\/wp52\/exclusiv-alexandru-ioan-cuza-avea-in-el-sangele-lui-stefan-cel-mare\/#article","isPartOf":{"@id":"https:\/\/www.lovendal.ro\/wp52\/exclusiv-alexandru-ioan-cuza-avea-in-el-sangele-lui-stefan-cel-mare\/"},"author":{"name":"admin","@id":"https:\/\/www.lovendal.ro\/wp52\/#\/schema\/person\/088691de5dfc346bb0c023e1e52ef5d9"},"headline":"EXCLUSIV! Alexandru Ioan Cuza avea \u00een el s\u00e2ngele lui \u015etefan cel Mare","datePublished":"2018-01-24T21:04:01+00:00","dateModified":"2021-08-13T16:23:13+00:00","mainEntityOfPage":{"@id":"https:\/\/www.lovendal.ro\/wp52\/exclusiv-alexandru-ioan-cuza-avea-in-el-sangele-lui-stefan-cel-mare\/"},"wordCount":417,"commentCount":2,"publisher":{"@id":"https:\/\/www.lovendal.ro\/wp52\/#organization"},"image":{"@id":"https:\/\/www.lovendal.ro\/wp52\/exclusiv-alexandru-ioan-cuza-avea-in-el-sangele-lui-stefan-cel-mare\/#primaryimage"},"thumbnailUrl":"https:\/\/www.lovendal.ro\/wp52\/wp-content\/uploads\/2018\/01\/Cuza-Stefan-cel-Mare.jpg","keywords":["Caragea","Cuza Vod\u0103","domnitor","Fanar","fanario\u0163i","Ghica","Istorie si Civilizatii","Mavrocordat","Mavrogheni","Moldova","Petru Rare\u015f","Rom\u00e2nia","Simion Movil\u0103","\u015etefan cel Mare","Sturdza","\u0162ara Rom\u00e2neasc\u0103"],"articleSection":["Istorie si Civilizatii","Noutati"],"inLanguage":"ro-RO","potentialAction":[{"@type":"CommentAction","name":"Comment","target":["https:\/\/www.lovendal.ro\/wp52\/exclusiv-alexandru-ioan-cuza-avea-in-el-sangele-lui-stefan-cel-mare\/#respond"]}]},{"@type":"WebPage","@id":"https:\/\/www.lovendal.ro\/wp52\/exclusiv-alexandru-ioan-cuza-avea-in-el-sangele-lui-stefan-cel-mare\/","url":"https:\/\/www.lovendal.ro\/wp52\/exclusiv-alexandru-ioan-cuza-avea-in-el-sangele-lui-stefan-cel-mare\/","name":"EXCLUSIV! Alexandru Ioan Cuza avea \u00een el s\u00e2ngele lui \u015etefan cel Mare - Secretele lui Lovendal","isPartOf":{"@id":"https:\/\/www.lovendal.ro\/wp52\/#website"},"primaryImageOfPage":{"@id":"https:\/\/www.lovendal.ro\/wp52\/exclusiv-alexandru-ioan-cuza-avea-in-el-sangele-lui-stefan-cel-mare\/#primaryimage"},"image":{"@id":"https:\/\/www.lovendal.ro\/wp52\/exclusiv-alexandru-ioan-cuza-avea-in-el-sangele-lui-stefan-cel-mare\/#primaryimage"},"thumbnailUrl":"https:\/\/www.lovendal.ro\/wp52\/wp-content\/uploads\/2018\/01\/Cuza-Stefan-cel-Mare.jpg","datePublished":"2018-01-24T21:04:01+00:00","dateModified":"2021-08-13T16:23:13+00:00","breadcrumb":{"@id":"https:\/\/www.lovendal.ro\/wp52\/exclusiv-alexandru-ioan-cuza-avea-in-el-sangele-lui-stefan-cel-mare\/#breadcrumb"},"inLanguage":"ro-RO","potentialAction":[{"@type":"ReadAction","target":["https:\/\/www.lovendal.ro\/wp52\/exclusiv-alexandru-ioan-cuza-avea-in-el-sangele-lui-stefan-cel-mare\/"]}]},{"@type":"ImageObject","inLanguage":"ro-RO","@id":"https:\/\/www.lovendal.ro\/wp52\/exclusiv-alexandru-ioan-cuza-avea-in-el-sangele-lui-stefan-cel-mare\/#primaryimage","url":"https:\/\/www.lovendal.ro\/wp52\/wp-content\/uploads\/2018\/01\/Cuza-Stefan-cel-Mare.jpg","contentUrl":"https:\/\/www.lovendal.ro\/wp52\/wp-content\/uploads\/2018\/01\/Cuza-Stefan-cel-Mare.jpg","width":333,"height":217},{"@type":"BreadcrumbList","@id":"https:\/\/www.lovendal.ro\/wp52\/exclusiv-alexandru-ioan-cuza-avea-in-el-sangele-lui-stefan-cel-mare\/#breadcrumb","itemListElement":[{"@type":"ListItem","position":1,"name":"Home","item":"https:\/\/www.lovendal.ro\/wp52\/"},{"@type":"ListItem","position":2,"name":"EXCLUSIV! Alexandru Ioan Cuza avea \u00een el s\u00e2ngele lui \u015etefan cel Mare"}]},{"@type":"WebSite","@id":"https:\/\/www.lovendal.ro\/wp52\/#website","url":"https:\/\/www.lovendal.ro\/wp52\/","name":"Secretele lui Lovendal","description":"Site de secrete, stiinta si metafizica - din 2008 -","publisher":{"@id":"https:\/\/www.lovendal.ro\/wp52\/#organization"},"potentialAction":[{"@type":"SearchAction","target":{"@type":"EntryPoint","urlTemplate":"https:\/\/www.lovendal.ro\/wp52\/?s={search_term_string}"},"query-input":{"@type":"PropertyValueSpecification","valueRequired":true,"valueName":"search_term_string"}}],"inLanguage":"ro-RO"},{"@type":"Organization","@id":"https:\/\/www.lovendal.ro\/wp52\/#organization","name":"Secretele lui Lovendal","url":"https:\/\/www.lovendal.ro\/wp52\/","logo":{"@type":"ImageObject","inLanguage":"ro-RO","@id":"https:\/\/www.lovendal.ro\/wp52\/#\/schema\/logo\/image\/","url":"https:\/\/www.lovendal.ro\/wp52\/wp-content\/uploads\/2024\/06\/cropped-SLL-iun-2024-1.jpg","contentUrl":"https:\/\/www.lovendal.ro\/wp52\/wp-content\/uploads\/2024\/06\/cropped-SLL-iun-2024-1.jpg","width":771,"height":240,"caption":"Secretele lui Lovendal"},"image":{"@id":"https:\/\/www.lovendal.ro\/wp52\/#\/schema\/logo\/image\/"},"sameAs":["https:\/\/www.facebook.com\/secreteleluilovendal"]},{"@type":"Person","@id":"https:\/\/www.lovendal.ro\/wp52\/#\/schema\/person\/088691de5dfc346bb0c023e1e52ef5d9","name":"admin","image":{"@type":"ImageObject","inLanguage":"ro-RO","@id":"https:\/\/secure.gravatar.com\/avatar\/ecb9cd41f5f63c9c9b989999a59f6e2639a865ec361e9db054db0679a8f341c2?s=96&d=mm&r=g","url":"https:\/\/secure.gravatar.com\/avatar\/ecb9cd41f5f63c9c9b989999a59f6e2639a865ec361e9db054db0679a8f341c2?s=96&d=mm&r=g","contentUrl":"https:\/\/secure.gravatar.com\/avatar\/ecb9cd41f5f63c9c9b989999a59f6e2639a865ec361e9db054db0679a8f341c2?s=96&d=mm&r=g","caption":"admin"},"sameAs":["https:\/\/www.lovendal.ro\/wp52"]}]}},"_links":{"self":[{"href":"https:\/\/www.lovendal.ro\/wp52\/wp-json\/wp\/v2\/posts\/54469","targetHints":{"allow":["GET"]}}],"collection":[{"href":"https:\/\/www.lovendal.ro\/wp52\/wp-json\/wp\/v2\/posts"}],"about":[{"href":"https:\/\/www.lovendal.ro\/wp52\/wp-json\/wp\/v2\/types\/post"}],"author":[{"embeddable":true,"href":"https:\/\/www.lovendal.ro\/wp52\/wp-json\/wp\/v2\/users\/1"}],"replies":[{"embeddable":true,"href":"https:\/\/www.lovendal.ro\/wp52\/wp-json\/wp\/v2\/comments?post=54469"}],"version-history":[{"count":0,"href":"https:\/\/www.lovendal.ro\/wp52\/wp-json\/wp\/v2\/posts\/54469\/revisions"}],"wp:featuredmedia":[{"embeddable":true,"href":"https:\/\/www.lovendal.ro\/wp52\/wp-json\/wp\/v2\/media\/54472"}],"wp:attachment":[{"href":"https:\/\/www.lovendal.ro\/wp52\/wp-json\/wp\/v2\/media?parent=54469"}],"wp:term":[{"taxonomy":"category","embeddable":true,"href":"https:\/\/www.lovendal.ro\/wp52\/wp-json\/wp\/v2\/categories?post=54469"},{"taxonomy":"post_tag","embeddable":true,"href":"https:\/\/www.lovendal.ro\/wp52\/wp-json\/wp\/v2\/tags?post=54469"}],"curies":[{"name":"wp","href":"https:\/\/api.w.org\/{rel}","templated":true}]}}