{"id":53679,"date":"2017-11-15T20:24:04","date_gmt":"2017-11-15T18:24:04","guid":{"rendered":"http:\/\/www.lovendal.ro\/wp52\/?p=53679"},"modified":"2017-11-15T20:24:04","modified_gmt":"2017-11-15T18:24:04","slug":"don-carlos","status":"publish","type":"post","link":"https:\/\/www.lovendal.ro\/wp52\/don-carlos\/","title":{"rendered":"Povestea incredibil\u0103 a lui Don Carlos, prin\u0163ul spaniol care s-a revoltat \u00eempotriva tat\u0103lui s\u0103u, regele Filip al II-lea. Pentru asta a fost arestat \u015fi ucis&#8230;"},"content":{"rendered":"<p><a href=\"https:\/\/www.lovendal.ro\/wp52\/wp-content\/uploads\/2017\/11\/Don-Carlos.jpg\"><img loading=\"lazy\" decoding=\"async\" class=\"alignleft size-full wp-image-53680\" src=\"https:\/\/www.lovendal.ro\/wp52\/wp-content\/uploads\/2017\/11\/Don-Carlos.jpg\" alt=\"\" width=\"334\" height=\"282\" srcset=\"https:\/\/www.lovendal.ro\/wp52\/wp-content\/uploads\/2017\/11\/Don-Carlos.jpg 334w, https:\/\/www.lovendal.ro\/wp52\/wp-content\/uploads\/2017\/11\/Don-Carlos-300x253.jpg 300w\" sizes=\"auto, (max-width: 334px) 100vw, 334px\" \/><\/a>La 18 ianuarie 1568, spre miezul nop\u0163ii, Filip al II-lea, regele Spaniei, mergea \u00een fruntea unui cortegiu care \u00eenainta discret pe coridoarele \u00eentunecate ale palatului s\u0103u din Madrid, \u00eendrept\u00e2ndu-se spre apartamentele fiului \u015fi mo\u015ftenitorului s\u0103u, prin\u0163ul Don Carlos. Z\u0103voarele de la u\u015fi fuseser\u0103 scoase \u00een prealabil, iar armele pe care prin\u0163ul le \u0163inea la capul patului \u00eenl\u0103turate. Av\u00e2ndu-i ca martori pe membrii consiliului de coroan\u0103, Filip \u015fi-a trezit fiul \u015fi i-a vorbit nu ca tat\u0103, ci ca rege. Don Carlos era pus sub arest. Ferestrele au fost b\u0103tute \u00een cuie, u\u015file \u00eencuiate \u015fi g\u0103rzi plasate la u\u015fi. Dup\u0103 ce a dat ordin ca nimeni s\u0103 nu mai vorbeasc\u0103 cu prin\u0163ul sau s\u0103 \u00eei aduc\u0103 scrisori, regele a plecat. Nefericitul monarh \u015fi unicul s\u0103u fiu nu aveau s\u0103 se mai \u00eent\u00e2lneasc\u0103 vreodat\u0103. Arestarea nocturn\u0103 \u015fi deten\u0163ia mo\u015ftenitorului coroanei, \u00een v\u00e2rst\u0103 de 22 de ani, precum \u015fi moartea sa \u00een captivitate 6 luni mai t\u00e2rziu au f\u00e2cut v\u00e2lv\u0103 nu numai la Curtea Spaniei, dar au constituit \u015fi subiect de zvonuri \u015fi cleveteli \u00een \u00eentreaga Europ\u0103. Pentru contemporanii s\u0103i, Filip al II-lea p\u0103rea \u201es\u0103 stea c\u0103lare pe lumea devenit\u0103 prea mic\u0103, asemeni unui Colos&#8221;, \u00een afar\u0103 de Spania, el st\u0103p\u00e2nea \u0162\u0103rile de Jos, p\u0103r\u0163i din Fran\u0163a, cea mai mare pane a Italiei, Sardiniei, Siciliei \u015fi &#8211; cu excep\u0163ia Braziliei portugheze &#8211; Lumea Nou\u0103 la sud de Rio Grande. Ad\u0103ug\u00e2nd diferite alte posesiuni \u00een Africa de Nord \u015fi Insulele Filipine (numite dup\u0103 el) \u00een Asia, Filip domnea peste un imperiu \u00een care &#8211; aproape c\u0103 se putea spune &#8211; Soarele nu apunea niciodat\u0103.<\/p>\n<p>Filip al II-lea mo\u015ftenise mare parte a acestui vast teritoriu de la tat\u0103l s\u0103u, Carol Quintul, care, \u00een 1555-1556, abdicase de la tronul Spaniei \u00een favoarea fiului s\u0103u \u015fi renun\u0163ase la coroana Sfintului Imperiu Roman de Na\u0163iune German\u0103 \u00een folosul fratelui s\u0103u, Ferdinand I. Dup\u0103 ce a f\u0103cut un tur al noilor sale domenii, Filip a revenit \u00een Spania \u00een toamna lui 1559; nu avea s\u0103 mai p\u0103r\u0103seasc\u0103 Peninsula Iberic\u0103 \u00een cei patruzeci de ani de via\u0163\u0103 c\u00e2t \u00eei mai r\u0103m\u0103seser\u0103 de tr\u0103it.<\/p>\n<p>Dar dou\u0103 preocup\u0103ri majore \u00eel fr\u0103m\u00e2ntau pe rege: p\u0103strarea credin\u0163ei catolice, al c\u0103rei ap\u0103r\u0103tor fervent era; \u015fi asigurarea unui mo\u015ftenitor la tron. Aceste dou\u0103 griji aveau s\u0103 se reg\u0103seasc\u0103 &#8211; cu consecin\u0163e tragice &#8211; \u00een persoana lui Don Carlos.<\/p>\n<p>Prima so\u0163ie a lui Filip, Maria de Portugalia, a murit \u00een 1545, la scurt timp dup\u0103 ce i-a dat na\u015ftere lui Don Carlos. Nou\u0103 ani mai t\u00e2rziu, la dorin\u0163a lui Carol Quintul, Filip a luat-o de so\u0163ie pe Maria I Tudor, regina Angliei &#8211; o c\u0103s\u0103torie lipsit\u0103 de dragoste. El avea 27 de ani; ea, 38. C\u00e2nd Maria a murit patru ani mai t\u00e2rziu, \u00een 1558, f\u0103r\u0103 a da Angliei un mo\u015ftenitor la tron, Filip s-a c\u0103s\u0103torit din nou. Aleasa a fost Elisabeta de Valois, fiica regelui Fran\u0163ei, \u00een v\u00e2rst\u0103 de 14 ani. Elisabeta \u00eei fusese f\u0103g\u0103duit\u0103 ini\u0163ial lui Don Carlos, cu care era de aceea\u015fi v\u00e2rst\u0103 &#8211; aceasta constituind baza pove\u015ftii despre dragostea tainic\u0103 dintre cei doi.<\/p>\n<p>Dar sus\u0163inerea neab\u0103tut\u0103 a credin\u0163ei catolice avea s\u0103-i fie greu pus\u0103 la \u00eencercare de \u0162\u0103rile de Jos. \u00cen vederea \u00een\u0103bu\u015firii unei r\u0103scoale a supu\u015filor s\u0103i protestan\u0163i de aici, Filip a trimis \u00een vara lui 1567 o armat\u0103 de 20 000 de oameni sub comanda ducelui de Alba. Don Carlos, care aderase \u00een tain\u0103 la protestantism, s-a hot\u0103r\u00e2t s\u0103 se al\u0103ture r\u0103scula\u0163ilor, un plan pe care \u00een mod nechibzuit l-a divulgat unchiului s\u0103u, Don Juan de Austria, la 23 decembrie 1567. C\u00e2nd Filip a aflat de tr\u0103darea fiului s\u0103u, a ordonat ca prin\u0163ul s\u0103 fie arestat, \u00eentemni\u0163at \u015fi mai t\u00e2rziu &#8211; dup\u0103 toate probabilit\u0103\u0163ile &#8211; ucis. Cel pu\u0163in, aceasta era acuza\u0163ia adus\u0103 de du\u015fmanii lui Filip.<\/p>\n<p>Dou\u0103 secole mai t\u00e2rziu, \u00een 1787, marele scriitor german Friedrich Schiller \u015fi-a prezentat propria versiune a pove\u015ftii \u00een drama \u00een versuri Don Carlos. \u00cen 1867 Giuseppe Verdi \u015fi-a bazat monumentala sa oper\u0103 omonim\u0103 pe piesa lui Schiller; variantele lor sunt cele care au ajuns s\u0103 fie cel mai cunoscute ast\u0103zi. Un fiu r\u0103zvr\u0103tindu-se \u00eempotriva tat\u0103lui s\u0103u despotic; o leg\u0103tur\u0103 incestuoas\u0103 \u00eentre fiu \u015fi frumoasa \u015fi t\u00e2n\u0103ra sa mam\u0103 vitreg\u0103; r\u0103zbunarea crunt\u0103 a unui tat\u0103 &#8211; dar sunt oare toate acestea adev\u0103rate?<\/p>\n","protected":false},"excerpt":{"rendered":"<p>La 18 ianuarie 1568, spre miezul nop\u0163ii, Filip al II-lea, regele Spaniei, mergea \u00een fruntea unui cortegiu care \u00eenainta discret pe coridoarele \u00eentunecate ale palatului s\u0103u din Madrid, \u00eendrept\u00e2ndu-se spre apartamentele fiului \u015fi mo\u015ftenitorului s\u0103u, prin\u0163ul Don Carlos. Z\u0103voarele de &#8230; <\/p>\n<p class=\"read-more-container\"><a title=\"Povestea incredibil\u0103 a lui Don Carlos, prin\u0163ul spaniol care s-a revoltat \u00eempotriva tat\u0103lui s\u0103u, regele Filip al II-lea. Pentru asta a fost arestat \u015fi ucis&#8230;\" class=\"read-more button\" href=\"https:\/\/www.lovendal.ro\/wp52\/don-carlos\/#more-53679\" aria-label=\"Cite\u0219te mai multe despre Povestea incredibil\u0103 a lui Don Carlos, prin\u0163ul spaniol care s-a revoltat \u00eempotriva tat\u0103lui s\u0103u, regele Filip al II-lea. Pentru asta a fost arestat \u015fi ucis&#8230;\">Cititi mai multe<\/a><\/p>\n","protected":false},"author":1,"featured_media":53680,"comment_status":"open","ping_status":"closed","sticky":false,"template":"","format":"standard","meta":{"footnotes":""},"categories":[9,2833],"tags":[235,120,5256,1442,1555,254,12169,12173,341,12174,2681,2025,202,1784,1532,86,4596,12175,12172,2149,798,1886,410,453,1593,10373,231,34,1568,1683,865,318,12170,604,12171],"class_list":["post-53679","post","type-post","status-publish","format-standard","has-post-thumbnail","hentry","category-istorie","category-noutati","tag-africa","tag-anglia","tag-arestare","tag-brazilia","tag-carol-quintul","tag-catolicism","tag-don-carlos","tag-elisabeta-de-valois","tag-europa","tag-ferdinand-i","tag-filip-al-ii-lea","tag-filipine","tag-franta","tag-insula","tag-istorie-si-civilizatii","tag-italia","tag-madrid","tag-maria-de-portugalia","tag-maria-i-tudor","tag-palat","tag-print","tag-protestantism","tag-razbunare","tag-rege","tag-regina","tag-sardinia","tag-schiller","tag-scriitor","tag-sf-imperiu-romano-german","tag-sicilia","tag-soare","tag-spania","tag-tarile-de-jos","tag-ucidere","tag-verdi","resize-featured-image"],"yoast_head":"<!-- This site is optimized with the Yoast SEO Premium plugin v23.3 (Yoast SEO v27.4) - https:\/\/yoast.com\/product\/yoast-seo-premium-wordpress\/ -->\n<title>Povestea incredibil\u0103 a lui Don Carlos, prin\u0163ul spaniol care s-a revoltat \u00eempotriva tat\u0103lui s\u0103u, regele Filip al II-lea. Pentru asta a fost arestat \u015fi ucis... - Secretele lui Lovendal<\/title>\n<meta name=\"robots\" content=\"index, follow, max-snippet:-1, max-image-preview:large, max-video-preview:-1\" \/>\n<link rel=\"canonical\" href=\"https:\/\/www.lovendal.ro\/wp52\/don-carlos\/\" \/>\n<meta property=\"og:locale\" content=\"ro_RO\" \/>\n<meta property=\"og:type\" content=\"article\" \/>\n<meta property=\"og:title\" content=\"Povestea incredibil\u0103 a lui Don Carlos, prin\u0163ul spaniol care s-a revoltat \u00eempotriva tat\u0103lui s\u0103u, regele Filip al II-lea. Pentru asta a fost arestat \u015fi ucis...\" \/>\n<meta property=\"og:description\" content=\"La 18 ianuarie 1568, spre miezul nop\u0163ii, Filip al II-lea, regele Spaniei, mergea \u00een fruntea unui cortegiu care \u00eenainta discret pe coridoarele \u00eentunecate ale palatului s\u0103u din Madrid, \u00eendrept\u00e2ndu-se spre apartamentele fiului \u015fi mo\u015ftenitorului s\u0103u, prin\u0163ul Don Carlos. Z\u0103voarele de ... Cititi mai multe\" \/>\n<meta property=\"og:url\" content=\"https:\/\/www.lovendal.ro\/wp52\/don-carlos\/\" \/>\n<meta property=\"og:site_name\" content=\"Secretele lui Lovendal\" \/>\n<meta property=\"article:publisher\" content=\"https:\/\/www.facebook.com\/secreteleluilovendal\" \/>\n<meta property=\"article:published_time\" content=\"2017-11-15T18:24:04+00:00\" \/>\n<meta property=\"og:image\" content=\"https:\/\/www.lovendal.ro\/wp52\/wp-content\/uploads\/2017\/11\/Don-Carlos.jpg\" \/>\n\t<meta property=\"og:image:width\" content=\"334\" \/>\n\t<meta property=\"og:image:height\" content=\"282\" \/>\n\t<meta property=\"og:image:type\" content=\"image\/jpeg\" \/>\n<meta name=\"author\" content=\"admin\" \/>\n<meta name=\"twitter:card\" content=\"summary_large_image\" \/>\n<meta name=\"twitter:label1\" content=\"Scris de\" \/>\n\t<meta name=\"twitter:data1\" content=\"admin\" \/>\n\t<meta name=\"twitter:label2\" content=\"Timp estimat pentru citire\" \/>\n\t<meta name=\"twitter:data2\" content=\"4 minute\" \/>\n<script type=\"application\/ld+json\" class=\"yoast-schema-graph\">{\"@context\":\"https:\\\/\\\/schema.org\",\"@graph\":[{\"@type\":\"Article\",\"@id\":\"https:\\\/\\\/www.lovendal.ro\\\/wp52\\\/don-carlos\\\/#article\",\"isPartOf\":{\"@id\":\"https:\\\/\\\/www.lovendal.ro\\\/wp52\\\/don-carlos\\\/\"},\"author\":{\"name\":\"admin\",\"@id\":\"https:\\\/\\\/www.lovendal.ro\\\/wp52\\\/#\\\/schema\\\/person\\\/088691de5dfc346bb0c023e1e52ef5d9\"},\"headline\":\"Povestea incredibil\u0103 a lui Don Carlos, prin\u0163ul spaniol care s-a revoltat \u00eempotriva tat\u0103lui s\u0103u, regele Filip al II-lea. Pentru asta a fost arestat \u015fi ucis&#8230;\",\"datePublished\":\"2017-11-15T18:24:04+00:00\",\"mainEntityOfPage\":{\"@id\":\"https:\\\/\\\/www.lovendal.ro\\\/wp52\\\/don-carlos\\\/\"},\"wordCount\":825,\"commentCount\":0,\"publisher\":{\"@id\":\"https:\\\/\\\/www.lovendal.ro\\\/wp52\\\/#organization\"},\"image\":{\"@id\":\"https:\\\/\\\/www.lovendal.ro\\\/wp52\\\/don-carlos\\\/#primaryimage\"},\"thumbnailUrl\":\"https:\\\/\\\/www.lovendal.ro\\\/wp52\\\/wp-content\\\/uploads\\\/2017\\\/11\\\/Don-Carlos.jpg\",\"keywords\":[\"Africa\",\"Anglia\",\"arestare\",\"Brazilia\",\"Carol Quintul\",\"catolicism\",\"Don Carlos\",\"Elisabeta de Valois\",\"Europa\",\"Ferdinand I\",\"Filip al II-lea\",\"Filipine\",\"Fran\u0163a\",\"insul\u0103\",\"Istorie si Civilizatii\",\"Italia\",\"Madrid\",\"Maria de Portugalia\",\"Maria I Tudor\",\"palat\",\"prin\u0163\",\"protestantism\",\"r\u0103zbunare\",\"rege\",\"regin\u0103\",\"Sardinia\",\"Schiller\",\"scriitor\",\"Sf. Imperiu Romano-German\",\"Sicilia\",\"Soare\",\"Spania\",\"\u0162\u0103rile de Jos\",\"ucidere\",\"Verdi\"],\"articleSection\":[\"Istorie si Civilizatii\",\"Noutati\"],\"inLanguage\":\"ro-RO\",\"potentialAction\":[{\"@type\":\"CommentAction\",\"name\":\"Comment\",\"target\":[\"https:\\\/\\\/www.lovendal.ro\\\/wp52\\\/don-carlos\\\/#respond\"]}]},{\"@type\":\"WebPage\",\"@id\":\"https:\\\/\\\/www.lovendal.ro\\\/wp52\\\/don-carlos\\\/\",\"url\":\"https:\\\/\\\/www.lovendal.ro\\\/wp52\\\/don-carlos\\\/\",\"name\":\"Povestea incredibil\u0103 a lui Don Carlos, prin\u0163ul spaniol care s-a revoltat \u00eempotriva tat\u0103lui s\u0103u, regele Filip al II-lea. Pentru asta a fost arestat \u015fi ucis... - Secretele lui Lovendal\",\"isPartOf\":{\"@id\":\"https:\\\/\\\/www.lovendal.ro\\\/wp52\\\/#website\"},\"primaryImageOfPage\":{\"@id\":\"https:\\\/\\\/www.lovendal.ro\\\/wp52\\\/don-carlos\\\/#primaryimage\"},\"image\":{\"@id\":\"https:\\\/\\\/www.lovendal.ro\\\/wp52\\\/don-carlos\\\/#primaryimage\"},\"thumbnailUrl\":\"https:\\\/\\\/www.lovendal.ro\\\/wp52\\\/wp-content\\\/uploads\\\/2017\\\/11\\\/Don-Carlos.jpg\",\"datePublished\":\"2017-11-15T18:24:04+00:00\",\"breadcrumb\":{\"@id\":\"https:\\\/\\\/www.lovendal.ro\\\/wp52\\\/don-carlos\\\/#breadcrumb\"},\"inLanguage\":\"ro-RO\",\"potentialAction\":[{\"@type\":\"ReadAction\",\"target\":[\"https:\\\/\\\/www.lovendal.ro\\\/wp52\\\/don-carlos\\\/\"]}]},{\"@type\":\"ImageObject\",\"inLanguage\":\"ro-RO\",\"@id\":\"https:\\\/\\\/www.lovendal.ro\\\/wp52\\\/don-carlos\\\/#primaryimage\",\"url\":\"https:\\\/\\\/www.lovendal.ro\\\/wp52\\\/wp-content\\\/uploads\\\/2017\\\/11\\\/Don-Carlos.jpg\",\"contentUrl\":\"https:\\\/\\\/www.lovendal.ro\\\/wp52\\\/wp-content\\\/uploads\\\/2017\\\/11\\\/Don-Carlos.jpg\",\"width\":334,\"height\":282},{\"@type\":\"BreadcrumbList\",\"@id\":\"https:\\\/\\\/www.lovendal.ro\\\/wp52\\\/don-carlos\\\/#breadcrumb\",\"itemListElement\":[{\"@type\":\"ListItem\",\"position\":1,\"name\":\"Home\",\"item\":\"https:\\\/\\\/www.lovendal.ro\\\/wp52\\\/\"},{\"@type\":\"ListItem\",\"position\":2,\"name\":\"Povestea incredibil\u0103 a lui Don Carlos, prin\u0163ul spaniol care s-a revoltat \u00eempotriva tat\u0103lui s\u0103u, regele Filip al II-lea. Pentru asta a fost arestat \u015fi ucis&#8230;\"}]},{\"@type\":\"WebSite\",\"@id\":\"https:\\\/\\\/www.lovendal.ro\\\/wp52\\\/#website\",\"url\":\"https:\\\/\\\/www.lovendal.ro\\\/wp52\\\/\",\"name\":\"Secretele lui Lovendal\",\"description\":\"Site de secrete, stiinta si metafizica - din 2008 -\",\"publisher\":{\"@id\":\"https:\\\/\\\/www.lovendal.ro\\\/wp52\\\/#organization\"},\"potentialAction\":[{\"@type\":\"SearchAction\",\"target\":{\"@type\":\"EntryPoint\",\"urlTemplate\":\"https:\\\/\\\/www.lovendal.ro\\\/wp52\\\/?s={search_term_string}\"},\"query-input\":{\"@type\":\"PropertyValueSpecification\",\"valueRequired\":true,\"valueName\":\"search_term_string\"}}],\"inLanguage\":\"ro-RO\"},{\"@type\":\"Organization\",\"@id\":\"https:\\\/\\\/www.lovendal.ro\\\/wp52\\\/#organization\",\"name\":\"Secretele lui Lovendal\",\"url\":\"https:\\\/\\\/www.lovendal.ro\\\/wp52\\\/\",\"logo\":{\"@type\":\"ImageObject\",\"inLanguage\":\"ro-RO\",\"@id\":\"https:\\\/\\\/www.lovendal.ro\\\/wp52\\\/#\\\/schema\\\/logo\\\/image\\\/\",\"url\":\"https:\\\/\\\/www.lovendal.ro\\\/wp52\\\/wp-content\\\/uploads\\\/2024\\\/06\\\/cropped-SLL-iun-2024-1.jpg\",\"contentUrl\":\"https:\\\/\\\/www.lovendal.ro\\\/wp52\\\/wp-content\\\/uploads\\\/2024\\\/06\\\/cropped-SLL-iun-2024-1.jpg\",\"width\":771,\"height\":240,\"caption\":\"Secretele lui Lovendal\"},\"image\":{\"@id\":\"https:\\\/\\\/www.lovendal.ro\\\/wp52\\\/#\\\/schema\\\/logo\\\/image\\\/\"},\"sameAs\":[\"https:\\\/\\\/www.facebook.com\\\/secreteleluilovendal\"]},{\"@type\":\"Person\",\"@id\":\"https:\\\/\\\/www.lovendal.ro\\\/wp52\\\/#\\\/schema\\\/person\\\/088691de5dfc346bb0c023e1e52ef5d9\",\"name\":\"admin\",\"image\":{\"@type\":\"ImageObject\",\"inLanguage\":\"ro-RO\",\"@id\":\"https:\\\/\\\/secure.gravatar.com\\\/avatar\\\/ecb9cd41f5f63c9c9b989999a59f6e2639a865ec361e9db054db0679a8f341c2?s=96&d=mm&r=g\",\"url\":\"https:\\\/\\\/secure.gravatar.com\\\/avatar\\\/ecb9cd41f5f63c9c9b989999a59f6e2639a865ec361e9db054db0679a8f341c2?s=96&d=mm&r=g\",\"contentUrl\":\"https:\\\/\\\/secure.gravatar.com\\\/avatar\\\/ecb9cd41f5f63c9c9b989999a59f6e2639a865ec361e9db054db0679a8f341c2?s=96&d=mm&r=g\",\"caption\":\"admin\"},\"sameAs\":[\"https:\\\/\\\/www.lovendal.ro\\\/wp52\"]}]}<\/script>\n<!-- \/ Yoast SEO Premium plugin. -->","yoast_head_json":{"title":"Povestea incredibil\u0103 a lui Don Carlos, prin\u0163ul spaniol care s-a revoltat \u00eempotriva tat\u0103lui s\u0103u, regele Filip al II-lea. Pentru asta a fost arestat \u015fi ucis... - Secretele lui Lovendal","robots":{"index":"index","follow":"follow","max-snippet":"max-snippet:-1","max-image-preview":"max-image-preview:large","max-video-preview":"max-video-preview:-1"},"canonical":"https:\/\/www.lovendal.ro\/wp52\/don-carlos\/","og_locale":"ro_RO","og_type":"article","og_title":"Povestea incredibil\u0103 a lui Don Carlos, prin\u0163ul spaniol care s-a revoltat \u00eempotriva tat\u0103lui s\u0103u, regele Filip al II-lea. Pentru asta a fost arestat \u015fi ucis...","og_description":"La 18 ianuarie 1568, spre miezul nop\u0163ii, Filip al II-lea, regele Spaniei, mergea \u00een fruntea unui cortegiu care \u00eenainta discret pe coridoarele \u00eentunecate ale palatului s\u0103u din Madrid, \u00eendrept\u00e2ndu-se spre apartamentele fiului \u015fi mo\u015ftenitorului s\u0103u, prin\u0163ul Don Carlos. Z\u0103voarele de ... Cititi mai multe","og_url":"https:\/\/www.lovendal.ro\/wp52\/don-carlos\/","og_site_name":"Secretele lui Lovendal","article_publisher":"https:\/\/www.facebook.com\/secreteleluilovendal","article_published_time":"2017-11-15T18:24:04+00:00","og_image":[{"width":334,"height":282,"url":"https:\/\/www.lovendal.ro\/wp52\/wp-content\/uploads\/2017\/11\/Don-Carlos.jpg","type":"image\/jpeg"}],"author":"admin","twitter_card":"summary_large_image","twitter_misc":{"Scris de":"admin","Timp estimat pentru citire":"4 minute"},"schema":{"@context":"https:\/\/schema.org","@graph":[{"@type":"Article","@id":"https:\/\/www.lovendal.ro\/wp52\/don-carlos\/#article","isPartOf":{"@id":"https:\/\/www.lovendal.ro\/wp52\/don-carlos\/"},"author":{"name":"admin","@id":"https:\/\/www.lovendal.ro\/wp52\/#\/schema\/person\/088691de5dfc346bb0c023e1e52ef5d9"},"headline":"Povestea incredibil\u0103 a lui Don Carlos, prin\u0163ul spaniol care s-a revoltat \u00eempotriva tat\u0103lui s\u0103u, regele Filip al II-lea. Pentru asta a fost arestat \u015fi ucis&#8230;","datePublished":"2017-11-15T18:24:04+00:00","mainEntityOfPage":{"@id":"https:\/\/www.lovendal.ro\/wp52\/don-carlos\/"},"wordCount":825,"commentCount":0,"publisher":{"@id":"https:\/\/www.lovendal.ro\/wp52\/#organization"},"image":{"@id":"https:\/\/www.lovendal.ro\/wp52\/don-carlos\/#primaryimage"},"thumbnailUrl":"https:\/\/www.lovendal.ro\/wp52\/wp-content\/uploads\/2017\/11\/Don-Carlos.jpg","keywords":["Africa","Anglia","arestare","Brazilia","Carol Quintul","catolicism","Don Carlos","Elisabeta de Valois","Europa","Ferdinand I","Filip al II-lea","Filipine","Fran\u0163a","insul\u0103","Istorie si Civilizatii","Italia","Madrid","Maria de Portugalia","Maria I Tudor","palat","prin\u0163","protestantism","r\u0103zbunare","rege","regin\u0103","Sardinia","Schiller","scriitor","Sf. Imperiu Romano-German","Sicilia","Soare","Spania","\u0162\u0103rile de Jos","ucidere","Verdi"],"articleSection":["Istorie si Civilizatii","Noutati"],"inLanguage":"ro-RO","potentialAction":[{"@type":"CommentAction","name":"Comment","target":["https:\/\/www.lovendal.ro\/wp52\/don-carlos\/#respond"]}]},{"@type":"WebPage","@id":"https:\/\/www.lovendal.ro\/wp52\/don-carlos\/","url":"https:\/\/www.lovendal.ro\/wp52\/don-carlos\/","name":"Povestea incredibil\u0103 a lui Don Carlos, prin\u0163ul spaniol care s-a revoltat \u00eempotriva tat\u0103lui s\u0103u, regele Filip al II-lea. Pentru asta a fost arestat \u015fi ucis... - Secretele lui Lovendal","isPartOf":{"@id":"https:\/\/www.lovendal.ro\/wp52\/#website"},"primaryImageOfPage":{"@id":"https:\/\/www.lovendal.ro\/wp52\/don-carlos\/#primaryimage"},"image":{"@id":"https:\/\/www.lovendal.ro\/wp52\/don-carlos\/#primaryimage"},"thumbnailUrl":"https:\/\/www.lovendal.ro\/wp52\/wp-content\/uploads\/2017\/11\/Don-Carlos.jpg","datePublished":"2017-11-15T18:24:04+00:00","breadcrumb":{"@id":"https:\/\/www.lovendal.ro\/wp52\/don-carlos\/#breadcrumb"},"inLanguage":"ro-RO","potentialAction":[{"@type":"ReadAction","target":["https:\/\/www.lovendal.ro\/wp52\/don-carlos\/"]}]},{"@type":"ImageObject","inLanguage":"ro-RO","@id":"https:\/\/www.lovendal.ro\/wp52\/don-carlos\/#primaryimage","url":"https:\/\/www.lovendal.ro\/wp52\/wp-content\/uploads\/2017\/11\/Don-Carlos.jpg","contentUrl":"https:\/\/www.lovendal.ro\/wp52\/wp-content\/uploads\/2017\/11\/Don-Carlos.jpg","width":334,"height":282},{"@type":"BreadcrumbList","@id":"https:\/\/www.lovendal.ro\/wp52\/don-carlos\/#breadcrumb","itemListElement":[{"@type":"ListItem","position":1,"name":"Home","item":"https:\/\/www.lovendal.ro\/wp52\/"},{"@type":"ListItem","position":2,"name":"Povestea incredibil\u0103 a lui Don Carlos, prin\u0163ul spaniol care s-a revoltat \u00eempotriva tat\u0103lui s\u0103u, regele Filip al II-lea. Pentru asta a fost arestat \u015fi ucis&#8230;"}]},{"@type":"WebSite","@id":"https:\/\/www.lovendal.ro\/wp52\/#website","url":"https:\/\/www.lovendal.ro\/wp52\/","name":"Secretele lui Lovendal","description":"Site de secrete, stiinta si metafizica - din 2008 -","publisher":{"@id":"https:\/\/www.lovendal.ro\/wp52\/#organization"},"potentialAction":[{"@type":"SearchAction","target":{"@type":"EntryPoint","urlTemplate":"https:\/\/www.lovendal.ro\/wp52\/?s={search_term_string}"},"query-input":{"@type":"PropertyValueSpecification","valueRequired":true,"valueName":"search_term_string"}}],"inLanguage":"ro-RO"},{"@type":"Organization","@id":"https:\/\/www.lovendal.ro\/wp52\/#organization","name":"Secretele lui Lovendal","url":"https:\/\/www.lovendal.ro\/wp52\/","logo":{"@type":"ImageObject","inLanguage":"ro-RO","@id":"https:\/\/www.lovendal.ro\/wp52\/#\/schema\/logo\/image\/","url":"https:\/\/www.lovendal.ro\/wp52\/wp-content\/uploads\/2024\/06\/cropped-SLL-iun-2024-1.jpg","contentUrl":"https:\/\/www.lovendal.ro\/wp52\/wp-content\/uploads\/2024\/06\/cropped-SLL-iun-2024-1.jpg","width":771,"height":240,"caption":"Secretele lui Lovendal"},"image":{"@id":"https:\/\/www.lovendal.ro\/wp52\/#\/schema\/logo\/image\/"},"sameAs":["https:\/\/www.facebook.com\/secreteleluilovendal"]},{"@type":"Person","@id":"https:\/\/www.lovendal.ro\/wp52\/#\/schema\/person\/088691de5dfc346bb0c023e1e52ef5d9","name":"admin","image":{"@type":"ImageObject","inLanguage":"ro-RO","@id":"https:\/\/secure.gravatar.com\/avatar\/ecb9cd41f5f63c9c9b989999a59f6e2639a865ec361e9db054db0679a8f341c2?s=96&d=mm&r=g","url":"https:\/\/secure.gravatar.com\/avatar\/ecb9cd41f5f63c9c9b989999a59f6e2639a865ec361e9db054db0679a8f341c2?s=96&d=mm&r=g","contentUrl":"https:\/\/secure.gravatar.com\/avatar\/ecb9cd41f5f63c9c9b989999a59f6e2639a865ec361e9db054db0679a8f341c2?s=96&d=mm&r=g","caption":"admin"},"sameAs":["https:\/\/www.lovendal.ro\/wp52"]}]}},"_links":{"self":[{"href":"https:\/\/www.lovendal.ro\/wp52\/wp-json\/wp\/v2\/posts\/53679","targetHints":{"allow":["GET"]}}],"collection":[{"href":"https:\/\/www.lovendal.ro\/wp52\/wp-json\/wp\/v2\/posts"}],"about":[{"href":"https:\/\/www.lovendal.ro\/wp52\/wp-json\/wp\/v2\/types\/post"}],"author":[{"embeddable":true,"href":"https:\/\/www.lovendal.ro\/wp52\/wp-json\/wp\/v2\/users\/1"}],"replies":[{"embeddable":true,"href":"https:\/\/www.lovendal.ro\/wp52\/wp-json\/wp\/v2\/comments?post=53679"}],"version-history":[{"count":0,"href":"https:\/\/www.lovendal.ro\/wp52\/wp-json\/wp\/v2\/posts\/53679\/revisions"}],"wp:featuredmedia":[{"embeddable":true,"href":"https:\/\/www.lovendal.ro\/wp52\/wp-json\/wp\/v2\/media\/53680"}],"wp:attachment":[{"href":"https:\/\/www.lovendal.ro\/wp52\/wp-json\/wp\/v2\/media?parent=53679"}],"wp:term":[{"taxonomy":"category","embeddable":true,"href":"https:\/\/www.lovendal.ro\/wp52\/wp-json\/wp\/v2\/categories?post=53679"},{"taxonomy":"post_tag","embeddable":true,"href":"https:\/\/www.lovendal.ro\/wp52\/wp-json\/wp\/v2\/tags?post=53679"}],"curies":[{"name":"wp","href":"https:\/\/api.w.org\/{rel}","templated":true}]}}