{"id":53446,"date":"2019-10-22T22:30:22","date_gmt":"2019-10-22T19:30:22","guid":{"rendered":"http:\/\/www.lovendal.ro\/wp52\/?p=53446"},"modified":"2019-10-22T22:42:21","modified_gmt":"2019-10-22T19:42:21","slug":"kaaba-cubul-negru","status":"publish","type":"post","link":"https:\/\/www.lovendal.ro\/wp52\/kaaba-cubul-negru\/","title":{"rendered":"Kaaba, enigmaticul Cub Negru de la Mecca \u015fi leg\u0103tura lui cu Marea Piramid\u0103 din Egipt"},"content":{"rendered":"<figure id=\"attachment_64922\" aria-describedby=\"caption-attachment-64922\" style=\"width: 326px\" class=\"wp-caption alignleft\"><a href=\"https:\/\/www.lovendal.ro\/wp52\/wp-content\/uploads\/2017\/10\/kaaba2.jpg\"><img loading=\"lazy\" decoding=\"async\" class=\"size-full wp-image-64922\" src=\"https:\/\/www.lovendal.ro\/wp52\/wp-content\/uploads\/2017\/10\/kaaba2.jpg\" alt=\"\" width=\"336\" height=\"252\" srcset=\"https:\/\/www.lovendal.ro\/wp52\/wp-content\/uploads\/2017\/10\/kaaba2.jpg 336w, https:\/\/www.lovendal.ro\/wp52\/wp-content\/uploads\/2017\/10\/kaaba2-300x225.jpg 300w, https:\/\/www.lovendal.ro\/wp52\/wp-content\/uploads\/2017\/10\/kaaba2-80x60.jpg 80w, https:\/\/www.lovendal.ro\/wp52\/wp-content\/uploads\/2017\/10\/kaaba2-265x198.jpg 265w\" sizes=\"auto, (max-width: 336px) 100vw, 336px\" \/><\/a><figcaption id=\"caption-attachment-64922\" class=\"wp-caption-text\"><strong>Imagine:<\/strong> <a href=\"https:\/\/commons.wikimedia.org\/wiki\/File:Kaaba_at_night.jpg\" target=\"_blank\" rel=\"noopener noreferrer\"><strong>wikimedia.org<\/strong><\/a> (Commons Creative &#8211; free)<\/figcaption><\/figure>\n<p>Kaaba (sau Cubul Negru) este un sanctuar care se afl\u0103 la Mecca sub forma unui cub. Religia islamic\u0103 \u00eel considera ca primul \u0219i cel mai sf\u00e2nt l\u0103ca\u0219 de cult. Cubul Negru este acoperit cu o \u0163es\u0103tur\u0103 ornamental\u0103 numit\u0103 Kiswat.<\/p>\n<p>\u00centr-unul din col\u0163urile Kaabei este \u00eencastrat\u0103 Piatra Neagr\u0103, care a fost dintotdeauna \u00eenconjurat\u0103 de mister. Este practic imposibil pentru cineva care nu apar\u0163ine religiei musulmane s\u0103 se apropie de ea. De aceea, Piatra Neagr\u0103 nu a putut fi supus\u0103 vreodat\u0103 unei investiga\u0163ii \u015ftiin\u0163ifice.<\/p>\n<p>Cei mai mul\u0163i observatori moderni sunt convin\u015fi c\u0103 este un fel de meteorit. C\u0103l\u0103torii din vremea lui Sir Richard Burton au afirmat c\u0103 natura ei este vulcanic\u0103. Burton \u00eel citeaz\u0103 pe un anume Ali Bey care o descrie ca un \u201ebloc de bazalt vulcanic a c\u0103rui circumferin\u0163\u0103 este \u00eencrustat\u0103 cu cristale mici, cu col\u0163uri ascu\u0163ite, cu romburi de feldspat de culoare ro\u015fu c\u0103r\u0103miziu pe un fundal de culoare neagr\u0103, asem\u0103n\u0103tor cu catifeaua sau c\u0103rbunele, cu excep\u0163ia unei protuberan\u0163e care este de culoare ro\u015fiatic\u0103\u201d. Burton \u00eel citeaz\u0103 de asemenea pe un anume Burckhardt care afirm\u0103 c\u0103 \u201eeste o bucat\u0103 de lav\u0103 care con\u0163ine diferite particule fine dintr-o substan\u0163\u0103 alb-g\u0103lbuie\u201d.<\/p>\n<p>Cuv\u00e2ntul Kaaba \u00eenseamn\u0103 Marea Mam\u0103 \u00een limba arab\u0103. Din punct de vedere fonetic, cuv\u00e2ntul este alc\u0103tuit din \u201eKa\u201d \u015fi \u201eba\u201d, care \u00eenseamn\u0103 casa spiritului. Magicianul Kenneth Grant \u00eel define\u015fte ca \u201es\u0103la\u015ful feminin\u201d sau sursa Oului Primordial.<\/p>\n<p>La \u00eenceput, Kaaba era cunoscut\u0103 pentru izvorul s\u0103u natural, care produce o ap\u0103 s\u0103lcie, cunoscut\u0103 sub numele de Zemzem. Aceast\u0103 ap\u0103 este foarte bogat\u0103 \u00een minerale \u015fi este distribuit\u0103 \u00een \u00eentreaga lume pentru efectele sale terapeutice. \u00cen limba persan\u0103, Zemzem \u00eenseamn\u0103 \u201eMarele Luminariu\u201d, care corespunde din punct de vedere cabalistic lui Venus sau lui Lucifer. Piatra Neagr\u0103 de la Kaaba este asociat\u0103 cu Venus \u015fi din perspectiva puterii sale de regenerare. Zemzem mai poate fi tradus \u015fi prin \u201eZam! Zam!\u201d, care \u00eenseamn\u0103 \u201eUmple! Umple! (sticla)\u201d.<\/p>\n<p>Potrivit tradi\u0163iei, Piatra Neagr\u0103 din Kaaba provine din ceruri \u015fi i-a fost d\u0103ruit\u0103 lui Adam de Allah. La origini era o piatr\u0103 de un alb imaculat, care trebuia a\u015fezat\u0103 \u00een Kaaba, un altar pe care trebuia s\u0103-l construiasc\u0103 Adam. \u00cen acele timpuri era cunoscut\u0103 sub numele de \u201eAlhajar Alsad\u201d, Cea Mai Fericit\u0103 dintre Pietre. Dintre toate pietrele din Paradis, a fost singura aleas\u0103 de Allah pentru a fi a\u015fezat\u0103 \u00een Kaaba din Mecca. \u0162in\u00e2nd piatra \u00een m\u00e2n\u0103, Adam a cobor\u00e2t din Paradis \u015fi a ajuns \u00een Ceylon (sau Sri Lanka). Adam a a\u015fezat piatra pe p\u0103m\u00e2nt, pentru ca altarul Kaabei s\u0103 poat\u0103 fi construit \u00een jurul ei. Se pare c\u0103 la vremea respectiv\u0103 era o piatr\u0103 uria\u015f\u0103.<\/p>\n<p>\u00cen timpul Potopului din vremea lui Noe, Kaaba a fost puternic deteriorat\u0103, a\u015fa c\u0103 Piatra Sf\u00e2nt\u0103 a fost ascuns\u0103 \u00eentr-un loc sigur. A r\u0103mas astfel ascuns\u0103 p\u00e2n\u0103 c\u00e2nd Allah i-a poruncit lui Avraam s\u0103 reconstruiasc\u0103 altarul Kaabei. Avraam \u015fi-a p\u0103r\u0103sit c\u0103minul din Babilon \u015fi a fost condus de \u00eengerul Gabriel c\u0103tre izvorul Zemzem. Odat\u0103 ajun\u015fi \u00een Mecca, Gabriel i-a dat Piatra Sf\u00e2nt\u0103. Avraam i-a \u00eenv\u0103\u0163at pe localnici s\u0103 se \u00eenchine acestei pietre, f\u0103c\u00e2nd sacrificii de animale \u00eentr-un loc din apropiere. S\u00e2ngele animalelor era v\u0103rsat pe piatr\u0103, care a devenit \u00een timp neagr\u0103. \u00centr-adev\u0103r, culoarea pietrei este descris\u0103 ca fiind foarte \u00eentunecat\u0103, fie neagr\u0103, fie de un ro\u015fu foarte \u00eenchis. Legenda spune c\u0103 \u00eenchiderea culorii pietrei a fost rezultatul p\u0103catelor oamenilor.<\/p>\n<p>Tradi\u0163iile islamice sunt destul de variate, dar au un numitor comun. Potrivit acestuia, Piatra Neagr\u0103 a f\u0103cut c\u00e2ndva parte dintr-un ansamblu mult mai mare. R\u0103m\u0103\u015fi\u0163a de ast\u0103zi este doar un fragment dintr-un obiect foarte sacru. Una din tradi\u0163ii o nume\u015fte \u201epiatra respins\u0103\u201d. Aceast\u0103 expresie este nu doar numele ezoteric al lui Hristos, dar \u015fi o fraz\u0103 folosit\u0103 pentru blocul din piatr\u0103 a\u015fezat c\u00e2ndva \u00een v\u00e2rful Piramidei din Gizeh. Acest lucru este atestat de mitologia egiptean\u0103, \u00een care Gabriel este echivalentul lui Tahuti, constructorul Marii Piramide. Ideea c\u0103 Tahuti i-a dat Piatra lui Avraam (sub forma \u00eengerului Gabriel) sugereaz\u0103 c\u0103 Piatra Neagr\u0103 de la Mecca reprezint\u0103 un fragment din blocul a\u015fezat c\u00e2ndva \u00een v\u00e2rful Marii Piramide.<\/p>\n<p>\u00cen secolul VII, Kaaba a fost distrus\u0103 de un incendiu. La reconstruc\u0163ie, cl\u0103direa a fost \u00eenzestrat\u0103 cu o intrare situat\u0103 la c\u00e2teva zeci de centimetri de sol, pentru a supraveghea mai bine cine intr\u0103 \u00een cl\u0103direa sf\u00e2nt\u0103. \u00centruc\u00e2t reconstruc\u0163ia a fost realizat\u0103 de mai multe triburi arabe, s-a creat o disput\u0103 legitim\u0103 legat\u0103 de cel care va instala Piatra Neagr\u0103 pe noul ei edificiu. P\u00e2n\u0103 la urm\u0103, s-a ajuns la concluzia ca primul venit care va intra \u00een curtea interioar\u0103 s\u0103 spun\u0103 cine trebuie s\u0103 instaleze Piatra. Sincronicitatea a f\u0103cut ca prima persoan\u0103 care a intrat \u00een curte s\u0103 fie Mahomed. Acest eveniment s-a produs \u00eenainte ca viziunile sale s\u0103 \u00eel transforme \u00een celebrul Profet al lui Allah.<\/p>\n<p>T\u00e2n\u0103rul Mahomed a f\u0103cut un plan care s\u0103 \u00eempace toate grupurile arabe rivale. El a a\u015fezat Piatra pe o bucat\u0103 de p\u00e2nz\u0103 \u015fi a cerut ca fiecare trib s\u0103 \u00ee\u015fi trimit\u0103 un reprezentant \u00een jurul acesteia. \u00cempreun\u0103, ei au ridicat p\u00e2nza pe care era a\u015fezat\u0103 Piatra Neagr\u0103 \u015fi au dus-o la Kaaba. Acolo, t\u00e2n\u0103rul Mahomed a luat Piatra \u015fi a a\u015fezat-o personal \u00een noul ei l\u0103ca\u015f.<\/p>\n","protected":false},"excerpt":{"rendered":"<p>Kaaba (sau Cubul Negru) este un sanctuar care se afl\u0103 la Mecca sub forma unui cub. Religia islamic\u0103 \u00eel considera ca primul \u0219i cel mai sf\u00e2nt l\u0103ca\u0219 de cult. Cubul Negru este acoperit cu o \u0163es\u0103tur\u0103 ornamental\u0103 numit\u0103 Kiswat. \u00centr-unul &#8230; <\/p>\n<p class=\"read-more-container\"><a title=\"Kaaba, enigmaticul Cub Negru de la Mecca \u015fi leg\u0103tura lui cu Marea Piramid\u0103 din Egipt\" class=\"read-more button\" href=\"https:\/\/www.lovendal.ro\/wp52\/kaaba-cubul-negru\/#more-53446\" aria-label=\"Cite\u0219te mai multe despre Kaaba, enigmaticul Cub Negru de la Mecca \u015fi leg\u0103tura lui cu Marea Piramid\u0103 din Egipt\">Cititi mai multe<\/a><\/p>\n","protected":false},"author":1,"featured_media":64922,"comment_status":"open","ping_status":"closed","sticky":false,"template":"","format":"standard","meta":{"footnotes":""},"categories":[1770,2833],"tags":[1699,3909,59,1654,7251,5973,2153,4545,12102,9807,1828,5588,6236,9736,1899,2674,2072,161,880,338,1514,1040,1003,3131,2907,1964,2412],"class_list":["post-53446","post","type-post","status-publish","format-standard","has-post-thumbnail","hentry","category-geografie-feologie","category-noutati","tag-adam","tag-allah","tag-avraam","tag-babilon","tag-bazalt","tag-carbune","tag-cladire","tag-cub","tag-cubul-negru","tag-geografie-geologie","tag-inger","tag-ingerul-gabriel","tag-izvor","tag-kaaba","tag-legenda","tag-mahomed","tag-mecca","tag-meteorit","tag-musulmani","tag-pacate","tag-piatra","tag-piramida","tag-potopul-lui-noe","tag-profet","tag-sacrificiu","tag-sange","tag-sri-lanka","resize-featured-image"],"yoast_head":"<!-- This site is optimized with the Yoast SEO Premium plugin v23.3 (Yoast SEO v27.4) - https:\/\/yoast.com\/product\/yoast-seo-premium-wordpress\/ -->\n<title>Kaaba, enigmaticul Cub Negru de la Mecca \u015fi leg\u0103tura lui cu Marea Piramid\u0103 din Egipt - Secretele lui Lovendal<\/title>\n<meta name=\"robots\" content=\"index, follow, max-snippet:-1, max-image-preview:large, max-video-preview:-1\" \/>\n<link rel=\"canonical\" href=\"https:\/\/www.lovendal.ro\/wp52\/kaaba-cubul-negru\/\" \/>\n<meta property=\"og:locale\" content=\"ro_RO\" \/>\n<meta property=\"og:type\" content=\"article\" \/>\n<meta property=\"og:title\" content=\"Kaaba, enigmaticul Cub Negru de la Mecca \u015fi leg\u0103tura lui cu Marea Piramid\u0103 din Egipt\" \/>\n<meta property=\"og:description\" content=\"Kaaba (sau Cubul Negru) este un sanctuar care se afl\u0103 la Mecca sub forma unui cub. Religia islamic\u0103 \u00eel considera ca primul \u0219i cel mai sf\u00e2nt l\u0103ca\u0219 de cult. Cubul Negru este acoperit cu o \u0163es\u0103tur\u0103 ornamental\u0103 numit\u0103 Kiswat. \u00centr-unul ... Cititi mai multe\" \/>\n<meta property=\"og:url\" content=\"https:\/\/www.lovendal.ro\/wp52\/kaaba-cubul-negru\/\" \/>\n<meta property=\"og:site_name\" content=\"Secretele lui Lovendal\" \/>\n<meta property=\"article:publisher\" content=\"https:\/\/www.facebook.com\/secreteleluilovendal\" \/>\n<meta property=\"article:published_time\" content=\"2019-10-22T19:30:22+00:00\" \/>\n<meta property=\"article:modified_time\" content=\"2019-10-22T19:42:21+00:00\" \/>\n<meta property=\"og:image\" content=\"https:\/\/www.lovendal.ro\/wp52\/wp-content\/uploads\/2017\/10\/kaaba2.jpg\" \/>\n\t<meta property=\"og:image:width\" content=\"336\" \/>\n\t<meta property=\"og:image:height\" content=\"252\" \/>\n\t<meta property=\"og:image:type\" content=\"image\/jpeg\" \/>\n<meta name=\"author\" content=\"admin\" \/>\n<meta name=\"twitter:card\" content=\"summary_large_image\" \/>\n<meta name=\"twitter:label1\" content=\"Scris de\" \/>\n\t<meta name=\"twitter:data1\" content=\"admin\" \/>\n\t<meta name=\"twitter:label2\" content=\"Timp estimat pentru citire\" \/>\n\t<meta name=\"twitter:data2\" content=\"5 minute\" \/>\n<script type=\"application\/ld+json\" class=\"yoast-schema-graph\">{\"@context\":\"https:\\\/\\\/schema.org\",\"@graph\":[{\"@type\":\"Article\",\"@id\":\"https:\\\/\\\/www.lovendal.ro\\\/wp52\\\/kaaba-cubul-negru\\\/#article\",\"isPartOf\":{\"@id\":\"https:\\\/\\\/www.lovendal.ro\\\/wp52\\\/kaaba-cubul-negru\\\/\"},\"author\":{\"name\":\"admin\",\"@id\":\"https:\\\/\\\/www.lovendal.ro\\\/wp52\\\/#\\\/schema\\\/person\\\/088691de5dfc346bb0c023e1e52ef5d9\"},\"headline\":\"Kaaba, enigmaticul Cub Negru de la Mecca \u015fi leg\u0103tura lui cu Marea Piramid\u0103 din Egipt\",\"datePublished\":\"2019-10-22T19:30:22+00:00\",\"dateModified\":\"2019-10-22T19:42:21+00:00\",\"mainEntityOfPage\":{\"@id\":\"https:\\\/\\\/www.lovendal.ro\\\/wp52\\\/kaaba-cubul-negru\\\/\"},\"wordCount\":975,\"commentCount\":0,\"publisher\":{\"@id\":\"https:\\\/\\\/www.lovendal.ro\\\/wp52\\\/#organization\"},\"image\":{\"@id\":\"https:\\\/\\\/www.lovendal.ro\\\/wp52\\\/kaaba-cubul-negru\\\/#primaryimage\"},\"thumbnailUrl\":\"https:\\\/\\\/www.lovendal.ro\\\/wp52\\\/wp-content\\\/uploads\\\/2017\\\/10\\\/kaaba2.jpg\",\"keywords\":[\"Adam\",\"Allah\",\"Avraam\",\"Babilon\",\"bazalt\",\"c\u0103rbune\",\"cl\u0103dire\",\"cub\",\"Cubul Negru\",\"Geografie - Geologie\",\"\u00eenger\",\"\u00eengerul Gabriel\",\"izvor\",\"Kaaba\",\"legend\u0103\",\"Mahomed\",\"Mecca\",\"meteorit\",\"musulmani\",\"p\u0103cate\",\"piatr\u0103\",\"piramid\u0103\",\"potopul lui Noe\",\"profet\",\"sacrificiu\",\"s\u00e2nge\",\"Sri Lanka\"],\"articleSection\":[\"Geografie - Geologie\",\"Noutati\"],\"inLanguage\":\"ro-RO\",\"potentialAction\":[{\"@type\":\"CommentAction\",\"name\":\"Comment\",\"target\":[\"https:\\\/\\\/www.lovendal.ro\\\/wp52\\\/kaaba-cubul-negru\\\/#respond\"]}]},{\"@type\":\"WebPage\",\"@id\":\"https:\\\/\\\/www.lovendal.ro\\\/wp52\\\/kaaba-cubul-negru\\\/\",\"url\":\"https:\\\/\\\/www.lovendal.ro\\\/wp52\\\/kaaba-cubul-negru\\\/\",\"name\":\"Kaaba, enigmaticul Cub Negru de la Mecca \u015fi leg\u0103tura lui cu Marea Piramid\u0103 din Egipt - Secretele lui Lovendal\",\"isPartOf\":{\"@id\":\"https:\\\/\\\/www.lovendal.ro\\\/wp52\\\/#website\"},\"primaryImageOfPage\":{\"@id\":\"https:\\\/\\\/www.lovendal.ro\\\/wp52\\\/kaaba-cubul-negru\\\/#primaryimage\"},\"image\":{\"@id\":\"https:\\\/\\\/www.lovendal.ro\\\/wp52\\\/kaaba-cubul-negru\\\/#primaryimage\"},\"thumbnailUrl\":\"https:\\\/\\\/www.lovendal.ro\\\/wp52\\\/wp-content\\\/uploads\\\/2017\\\/10\\\/kaaba2.jpg\",\"datePublished\":\"2019-10-22T19:30:22+00:00\",\"dateModified\":\"2019-10-22T19:42:21+00:00\",\"breadcrumb\":{\"@id\":\"https:\\\/\\\/www.lovendal.ro\\\/wp52\\\/kaaba-cubul-negru\\\/#breadcrumb\"},\"inLanguage\":\"ro-RO\",\"potentialAction\":[{\"@type\":\"ReadAction\",\"target\":[\"https:\\\/\\\/www.lovendal.ro\\\/wp52\\\/kaaba-cubul-negru\\\/\"]}]},{\"@type\":\"ImageObject\",\"inLanguage\":\"ro-RO\",\"@id\":\"https:\\\/\\\/www.lovendal.ro\\\/wp52\\\/kaaba-cubul-negru\\\/#primaryimage\",\"url\":\"https:\\\/\\\/www.lovendal.ro\\\/wp52\\\/wp-content\\\/uploads\\\/2017\\\/10\\\/kaaba2.jpg\",\"contentUrl\":\"https:\\\/\\\/www.lovendal.ro\\\/wp52\\\/wp-content\\\/uploads\\\/2017\\\/10\\\/kaaba2.jpg\",\"width\":336,\"height\":252,\"caption\":\"Imagine: wikimedia.org (Commons Creative - free)\"},{\"@type\":\"BreadcrumbList\",\"@id\":\"https:\\\/\\\/www.lovendal.ro\\\/wp52\\\/kaaba-cubul-negru\\\/#breadcrumb\",\"itemListElement\":[{\"@type\":\"ListItem\",\"position\":1,\"name\":\"Home\",\"item\":\"https:\\\/\\\/www.lovendal.ro\\\/wp52\\\/\"},{\"@type\":\"ListItem\",\"position\":2,\"name\":\"Kaaba, enigmaticul Cub Negru de la Mecca \u015fi leg\u0103tura lui cu Marea Piramid\u0103 din Egipt\"}]},{\"@type\":\"WebSite\",\"@id\":\"https:\\\/\\\/www.lovendal.ro\\\/wp52\\\/#website\",\"url\":\"https:\\\/\\\/www.lovendal.ro\\\/wp52\\\/\",\"name\":\"Secretele lui Lovendal\",\"description\":\"Site de secrete, stiinta si metafizica - din 2008 -\",\"publisher\":{\"@id\":\"https:\\\/\\\/www.lovendal.ro\\\/wp52\\\/#organization\"},\"potentialAction\":[{\"@type\":\"SearchAction\",\"target\":{\"@type\":\"EntryPoint\",\"urlTemplate\":\"https:\\\/\\\/www.lovendal.ro\\\/wp52\\\/?s={search_term_string}\"},\"query-input\":{\"@type\":\"PropertyValueSpecification\",\"valueRequired\":true,\"valueName\":\"search_term_string\"}}],\"inLanguage\":\"ro-RO\"},{\"@type\":\"Organization\",\"@id\":\"https:\\\/\\\/www.lovendal.ro\\\/wp52\\\/#organization\",\"name\":\"Secretele lui Lovendal\",\"url\":\"https:\\\/\\\/www.lovendal.ro\\\/wp52\\\/\",\"logo\":{\"@type\":\"ImageObject\",\"inLanguage\":\"ro-RO\",\"@id\":\"https:\\\/\\\/www.lovendal.ro\\\/wp52\\\/#\\\/schema\\\/logo\\\/image\\\/\",\"url\":\"https:\\\/\\\/www.lovendal.ro\\\/wp52\\\/wp-content\\\/uploads\\\/2024\\\/06\\\/cropped-SLL-iun-2024-1.jpg\",\"contentUrl\":\"https:\\\/\\\/www.lovendal.ro\\\/wp52\\\/wp-content\\\/uploads\\\/2024\\\/06\\\/cropped-SLL-iun-2024-1.jpg\",\"width\":771,\"height\":240,\"caption\":\"Secretele lui Lovendal\"},\"image\":{\"@id\":\"https:\\\/\\\/www.lovendal.ro\\\/wp52\\\/#\\\/schema\\\/logo\\\/image\\\/\"},\"sameAs\":[\"https:\\\/\\\/www.facebook.com\\\/secreteleluilovendal\"]},{\"@type\":\"Person\",\"@id\":\"https:\\\/\\\/www.lovendal.ro\\\/wp52\\\/#\\\/schema\\\/person\\\/088691de5dfc346bb0c023e1e52ef5d9\",\"name\":\"admin\",\"image\":{\"@type\":\"ImageObject\",\"inLanguage\":\"ro-RO\",\"@id\":\"https:\\\/\\\/secure.gravatar.com\\\/avatar\\\/ecb9cd41f5f63c9c9b989999a59f6e2639a865ec361e9db054db0679a8f341c2?s=96&d=mm&r=g\",\"url\":\"https:\\\/\\\/secure.gravatar.com\\\/avatar\\\/ecb9cd41f5f63c9c9b989999a59f6e2639a865ec361e9db054db0679a8f341c2?s=96&d=mm&r=g\",\"contentUrl\":\"https:\\\/\\\/secure.gravatar.com\\\/avatar\\\/ecb9cd41f5f63c9c9b989999a59f6e2639a865ec361e9db054db0679a8f341c2?s=96&d=mm&r=g\",\"caption\":\"admin\"},\"sameAs\":[\"https:\\\/\\\/www.lovendal.ro\\\/wp52\"]}]}<\/script>\n<!-- \/ Yoast SEO Premium plugin. -->","yoast_head_json":{"title":"Kaaba, enigmaticul Cub Negru de la Mecca \u015fi leg\u0103tura lui cu Marea Piramid\u0103 din Egipt - Secretele lui Lovendal","robots":{"index":"index","follow":"follow","max-snippet":"max-snippet:-1","max-image-preview":"max-image-preview:large","max-video-preview":"max-video-preview:-1"},"canonical":"https:\/\/www.lovendal.ro\/wp52\/kaaba-cubul-negru\/","og_locale":"ro_RO","og_type":"article","og_title":"Kaaba, enigmaticul Cub Negru de la Mecca \u015fi leg\u0103tura lui cu Marea Piramid\u0103 din Egipt","og_description":"Kaaba (sau Cubul Negru) este un sanctuar care se afl\u0103 la Mecca sub forma unui cub. Religia islamic\u0103 \u00eel considera ca primul \u0219i cel mai sf\u00e2nt l\u0103ca\u0219 de cult. Cubul Negru este acoperit cu o \u0163es\u0103tur\u0103 ornamental\u0103 numit\u0103 Kiswat. \u00centr-unul ... Cititi mai multe","og_url":"https:\/\/www.lovendal.ro\/wp52\/kaaba-cubul-negru\/","og_site_name":"Secretele lui Lovendal","article_publisher":"https:\/\/www.facebook.com\/secreteleluilovendal","article_published_time":"2019-10-22T19:30:22+00:00","article_modified_time":"2019-10-22T19:42:21+00:00","og_image":[{"width":336,"height":252,"url":"https:\/\/www.lovendal.ro\/wp52\/wp-content\/uploads\/2017\/10\/kaaba2.jpg","type":"image\/jpeg"}],"author":"admin","twitter_card":"summary_large_image","twitter_misc":{"Scris de":"admin","Timp estimat pentru citire":"5 minute"},"schema":{"@context":"https:\/\/schema.org","@graph":[{"@type":"Article","@id":"https:\/\/www.lovendal.ro\/wp52\/kaaba-cubul-negru\/#article","isPartOf":{"@id":"https:\/\/www.lovendal.ro\/wp52\/kaaba-cubul-negru\/"},"author":{"name":"admin","@id":"https:\/\/www.lovendal.ro\/wp52\/#\/schema\/person\/088691de5dfc346bb0c023e1e52ef5d9"},"headline":"Kaaba, enigmaticul Cub Negru de la Mecca \u015fi leg\u0103tura lui cu Marea Piramid\u0103 din Egipt","datePublished":"2019-10-22T19:30:22+00:00","dateModified":"2019-10-22T19:42:21+00:00","mainEntityOfPage":{"@id":"https:\/\/www.lovendal.ro\/wp52\/kaaba-cubul-negru\/"},"wordCount":975,"commentCount":0,"publisher":{"@id":"https:\/\/www.lovendal.ro\/wp52\/#organization"},"image":{"@id":"https:\/\/www.lovendal.ro\/wp52\/kaaba-cubul-negru\/#primaryimage"},"thumbnailUrl":"https:\/\/www.lovendal.ro\/wp52\/wp-content\/uploads\/2017\/10\/kaaba2.jpg","keywords":["Adam","Allah","Avraam","Babilon","bazalt","c\u0103rbune","cl\u0103dire","cub","Cubul Negru","Geografie - Geologie","\u00eenger","\u00eengerul Gabriel","izvor","Kaaba","legend\u0103","Mahomed","Mecca","meteorit","musulmani","p\u0103cate","piatr\u0103","piramid\u0103","potopul lui Noe","profet","sacrificiu","s\u00e2nge","Sri Lanka"],"articleSection":["Geografie - Geologie","Noutati"],"inLanguage":"ro-RO","potentialAction":[{"@type":"CommentAction","name":"Comment","target":["https:\/\/www.lovendal.ro\/wp52\/kaaba-cubul-negru\/#respond"]}]},{"@type":"WebPage","@id":"https:\/\/www.lovendal.ro\/wp52\/kaaba-cubul-negru\/","url":"https:\/\/www.lovendal.ro\/wp52\/kaaba-cubul-negru\/","name":"Kaaba, enigmaticul Cub Negru de la Mecca \u015fi leg\u0103tura lui cu Marea Piramid\u0103 din Egipt - Secretele lui Lovendal","isPartOf":{"@id":"https:\/\/www.lovendal.ro\/wp52\/#website"},"primaryImageOfPage":{"@id":"https:\/\/www.lovendal.ro\/wp52\/kaaba-cubul-negru\/#primaryimage"},"image":{"@id":"https:\/\/www.lovendal.ro\/wp52\/kaaba-cubul-negru\/#primaryimage"},"thumbnailUrl":"https:\/\/www.lovendal.ro\/wp52\/wp-content\/uploads\/2017\/10\/kaaba2.jpg","datePublished":"2019-10-22T19:30:22+00:00","dateModified":"2019-10-22T19:42:21+00:00","breadcrumb":{"@id":"https:\/\/www.lovendal.ro\/wp52\/kaaba-cubul-negru\/#breadcrumb"},"inLanguage":"ro-RO","potentialAction":[{"@type":"ReadAction","target":["https:\/\/www.lovendal.ro\/wp52\/kaaba-cubul-negru\/"]}]},{"@type":"ImageObject","inLanguage":"ro-RO","@id":"https:\/\/www.lovendal.ro\/wp52\/kaaba-cubul-negru\/#primaryimage","url":"https:\/\/www.lovendal.ro\/wp52\/wp-content\/uploads\/2017\/10\/kaaba2.jpg","contentUrl":"https:\/\/www.lovendal.ro\/wp52\/wp-content\/uploads\/2017\/10\/kaaba2.jpg","width":336,"height":252,"caption":"Imagine: wikimedia.org (Commons Creative - free)"},{"@type":"BreadcrumbList","@id":"https:\/\/www.lovendal.ro\/wp52\/kaaba-cubul-negru\/#breadcrumb","itemListElement":[{"@type":"ListItem","position":1,"name":"Home","item":"https:\/\/www.lovendal.ro\/wp52\/"},{"@type":"ListItem","position":2,"name":"Kaaba, enigmaticul Cub Negru de la Mecca \u015fi leg\u0103tura lui cu Marea Piramid\u0103 din Egipt"}]},{"@type":"WebSite","@id":"https:\/\/www.lovendal.ro\/wp52\/#website","url":"https:\/\/www.lovendal.ro\/wp52\/","name":"Secretele lui Lovendal","description":"Site de secrete, stiinta si metafizica - din 2008 -","publisher":{"@id":"https:\/\/www.lovendal.ro\/wp52\/#organization"},"potentialAction":[{"@type":"SearchAction","target":{"@type":"EntryPoint","urlTemplate":"https:\/\/www.lovendal.ro\/wp52\/?s={search_term_string}"},"query-input":{"@type":"PropertyValueSpecification","valueRequired":true,"valueName":"search_term_string"}}],"inLanguage":"ro-RO"},{"@type":"Organization","@id":"https:\/\/www.lovendal.ro\/wp52\/#organization","name":"Secretele lui Lovendal","url":"https:\/\/www.lovendal.ro\/wp52\/","logo":{"@type":"ImageObject","inLanguage":"ro-RO","@id":"https:\/\/www.lovendal.ro\/wp52\/#\/schema\/logo\/image\/","url":"https:\/\/www.lovendal.ro\/wp52\/wp-content\/uploads\/2024\/06\/cropped-SLL-iun-2024-1.jpg","contentUrl":"https:\/\/www.lovendal.ro\/wp52\/wp-content\/uploads\/2024\/06\/cropped-SLL-iun-2024-1.jpg","width":771,"height":240,"caption":"Secretele lui Lovendal"},"image":{"@id":"https:\/\/www.lovendal.ro\/wp52\/#\/schema\/logo\/image\/"},"sameAs":["https:\/\/www.facebook.com\/secreteleluilovendal"]},{"@type":"Person","@id":"https:\/\/www.lovendal.ro\/wp52\/#\/schema\/person\/088691de5dfc346bb0c023e1e52ef5d9","name":"admin","image":{"@type":"ImageObject","inLanguage":"ro-RO","@id":"https:\/\/secure.gravatar.com\/avatar\/ecb9cd41f5f63c9c9b989999a59f6e2639a865ec361e9db054db0679a8f341c2?s=96&d=mm&r=g","url":"https:\/\/secure.gravatar.com\/avatar\/ecb9cd41f5f63c9c9b989999a59f6e2639a865ec361e9db054db0679a8f341c2?s=96&d=mm&r=g","contentUrl":"https:\/\/secure.gravatar.com\/avatar\/ecb9cd41f5f63c9c9b989999a59f6e2639a865ec361e9db054db0679a8f341c2?s=96&d=mm&r=g","caption":"admin"},"sameAs":["https:\/\/www.lovendal.ro\/wp52"]}]}},"_links":{"self":[{"href":"https:\/\/www.lovendal.ro\/wp52\/wp-json\/wp\/v2\/posts\/53446","targetHints":{"allow":["GET"]}}],"collection":[{"href":"https:\/\/www.lovendal.ro\/wp52\/wp-json\/wp\/v2\/posts"}],"about":[{"href":"https:\/\/www.lovendal.ro\/wp52\/wp-json\/wp\/v2\/types\/post"}],"author":[{"embeddable":true,"href":"https:\/\/www.lovendal.ro\/wp52\/wp-json\/wp\/v2\/users\/1"}],"replies":[{"embeddable":true,"href":"https:\/\/www.lovendal.ro\/wp52\/wp-json\/wp\/v2\/comments?post=53446"}],"version-history":[{"count":0,"href":"https:\/\/www.lovendal.ro\/wp52\/wp-json\/wp\/v2\/posts\/53446\/revisions"}],"wp:featuredmedia":[{"embeddable":true,"href":"https:\/\/www.lovendal.ro\/wp52\/wp-json\/wp\/v2\/media\/64922"}],"wp:attachment":[{"href":"https:\/\/www.lovendal.ro\/wp52\/wp-json\/wp\/v2\/media?parent=53446"}],"wp:term":[{"taxonomy":"category","embeddable":true,"href":"https:\/\/www.lovendal.ro\/wp52\/wp-json\/wp\/v2\/categories?post=53446"},{"taxonomy":"post_tag","embeddable":true,"href":"https:\/\/www.lovendal.ro\/wp52\/wp-json\/wp\/v2\/tags?post=53446"}],"curies":[{"name":"wp","href":"https:\/\/api.w.org\/{rel}","templated":true}]}}