{"id":53304,"date":"2017-10-13T10:06:25","date_gmt":"2017-10-13T07:06:25","guid":{"rendered":"http:\/\/www.lovendal.ro\/wp52\/?p=53304"},"modified":"2017-10-13T10:06:25","modified_gmt":"2017-10-13T07:06:25","slug":"miracolul-de-la-fatima","status":"publish","type":"post","link":"https:\/\/www.lovendal.ro\/wp52\/miracolul-de-la-fatima\/","title":{"rendered":"13 octombrie 1917 &#8211; 13 octombrie 2017: 100 de ani de la &#8222;Miracolul de la Fatima&#8221;, cea mai mare apari\u0163ie supranatural\u0103 din lume"},"content":{"rendered":"<p><a href=\"https:\/\/www.lovendal.ro\/wp52\/wp-content\/uploads\/2017\/10\/Fatima-1917.jpg\"><img loading=\"lazy\" decoding=\"async\" class=\"alignleft size-full wp-image-53306\" src=\"https:\/\/www.lovendal.ro\/wp52\/wp-content\/uploads\/2017\/10\/Fatima-1917.jpg\" alt=\"\" width=\"334\" height=\"195\" srcset=\"https:\/\/www.lovendal.ro\/wp52\/wp-content\/uploads\/2017\/10\/Fatima-1917.jpg 334w, https:\/\/www.lovendal.ro\/wp52\/wp-content\/uploads\/2017\/10\/Fatima-1917-300x175.jpg 300w\" sizes=\"auto, (max-width: 334px) 100vw, 334px\" \/><\/a>Ast\u0103zi, 13 octombrie 2017, se \u00eemplinesc 100 de ani c\u00e2nd a avut loc celebra apari\u0163ie public\u0103 supranatural\u0103 de la Fatima (Portugalia), pe 13 octombrie 1917. Ce s-a \u00eent\u00e2mplat atunci \u015fi ce-i at\u00e2t de important? Ve\u0163i afla aproape totul, citind acest articol.<\/p>\n<p><strong>Prima apari\u0163ie a Fecioarei Maria<\/strong><\/p>\n<p>Totul a \u00eenceput pe 13 mai 1917, c\u00e2nd trei copii din satul portughez Fatima au devenit eroii unei \u00eent\u00e2mpl\u0103ri extraordinare. Lucia, de 10 ani, \u015fi cei doi veri ai ei, Franco \u015fi Jacinto, de 9 \u015fi 7 ani, se jucau pe un deal \u015fi, pentru a se ad\u0103posti de ar\u015fi\u0163\u0103, \u015fi-au f\u0103cut o colib\u0103 mic\u0103 din crengi \u015fi frunze. Deodat\u0103 au v\u0103zut to\u0163i trei un fulger. \u015ei-au adunat repede oile \u015fi au pornit spre sat. Ajun\u015fi l\u00e2ng\u0103 un stejar maiestuos, cerul a fost luminat de \u00eenc\u0103 un fulger. Au privit \u00een sus \u015fi au v\u0103zut o femeie \u00eembr\u0103cat\u0103 \u00een straie albe, mai str\u0103lucitoare dec\u00e2t Soarele. Copiii, r\u0103ma\u015fi uimi\u0163i de frumuse\u0163ea femeii \u015fi lini\u015ftea sufleteasc\u0103 pe care o degaja nimbul de lumin\u0103, nu s-au speriat. <em>\u201cNu v\u0103 fie team\u0103, nu v\u0103 fac r\u0103u\u201d<\/em>, le-a spus femeia.<\/p>\n<p>Lucia, trec\u00e2ndu-i emo\u0163ia, a \u00eentrebat: <em>\u201cDe unde veni\u0163i?\u201d. \u201cSunt din cer\u201d<\/em>, a fost r\u0103spunsul. Femeia i-a \u00eendemnat, \u00eenainte s\u0103 se \u00eenal\u0163e spre cer, s\u0103 vin\u0103 \u00een fiecare zi de 13, \u00een fiecare lun\u0103, \u00een acela\u015fi loc. Era prima apari\u0163ie a Maicii Domnului la Fatima.<\/p>\n<p><strong>Urm\u0103toarele apari\u0163ii<\/strong><\/p>\n<p>\u00cen cinci luni consecutive Fecioara Maria \u015fi-a f\u0103cut apari\u0163ia \u015fi le-a vorbit iar celor trei copii. Doar \u00een august data cobor\u00e2rii pe p\u0103m\u00e2nt a Maicii Domnului a fost am\u00e2nat\u0103. \u00cen acea lun\u0103, \u00een ziua de 13, tensiunea \u00een sat era maxim\u0103. Autorit\u0103\u0163ile laice f\u0103ceau presiuni asupra familiilor celor trei copii ca ace\u015ftia s\u0103 declare c\u0103 au min\u0163it, c\u0103 nimic din marile lor ilumin\u0103ri nu era adev\u0103rat. Fiind \u00eenchi\u015fi pentru interogatorii, ei nu au putut veni \u00een p\u0103dure la locul \u015ftiut.<\/p>\n<p>La 19 august, cei trei veri se aflau cu oile la p\u0103scut. Maica Domnului a cobor\u00e2t iar spre ei, anun\u0163\u00e2ndu-i c\u0103 va face o minune pentru c\u0103 lumea s\u0103-i cread\u0103. La 13 septembrie se adunaser\u0103 la Fatima 25.000 de persoane pentru a fi martore la minune. La stejarul cunoscut, Fecioar\u0103 a ap\u0103rut \u015fi le-a spus copiilor: \u201cRuga\u0163i-v\u0103 pentru terminarea r\u0103zboiului!\u201d. Lucia a rugat-o pe Maica Domnului s\u0103 vindece \u201cc\u00e2\u0163iva bolnavi \u015fi un surdomut\u201d, dorin\u0163a \u00eemplinit\u0103 pe loc.<\/p>\n<p><strong>Marele miracol de pe 13 octombrie 1917<\/strong><\/p>\n<p>Pe 13 octombrie, pe platoul din Fatima se adunaser\u0103 peste 70.000 de oameni. Ploua toren\u0163ial, dar norii s-au \u00eendep\u0103rtat pentru a face loc unui disc argintiu enorm, \u00eenv\u00e2rtindu-se ca roata unei mori de v\u00e2nt \u015fi dans\u00e2nd pe cer. Obiectul degaja c\u0103ldur\u0103, \u015fi martorii au afirmat c\u0103 hainele lor ude de ploaie s-au uscat \u00een c\u00e2teva minute. Dup\u0103 ce a plonjat spre Terra, discul a urcat din nou spre cer \u015fi a disp\u0103rut \u00een direc\u0163ia Soarelui. Evenimentul \u00eendeplinea profe\u0163ia a trei tineri \u0163\u0103rani afirm\u00e2nd c\u0103 au vorbit Fecioarei Maria. Aceasta i-a prevenit de apari\u0163ia sa tocmai pe data de 13 octombrie, \u201epentru ca toat\u0103 lumea s\u0103 poat\u0103 \u00abcrede\u00bb\u201d. Mul\u0163i s-au \u00eens\u0103n\u0103to\u015fit dintr-o dat\u0103, paraliticii se ridicau \u00een picioare, orbii \u00ee\u015fi rec\u0103p\u0103tau vederea. Marea apari\u0163ie nu mai putea fi contestat\u0103.<\/p>\n<p><strong>Mesajele de la Fatima<\/strong><\/p>\n<p>Dup\u0103 cum se \u015ftie celor 3 copii le-au fost \u00eenm\u00e2nate de c\u0103tre Fecioara Maria 3 secrete. Dou\u0103 dintre secrete au fost f\u0103cute publice \u00een 1941. Primul ar fi prevestit declan\u015farea celui de-al doilea r\u0103zboi mondial, iar al doilea ar fi anun\u0163at destr\u0103marea imperiului comunist sovietic.<\/p>\n<p>Cel de-al treilea a fost trimis Papei Ioan al XXIII-lea \u00eentr-un plic sigilat, \u00een 1959, iar Vaticanul a vorbit oficial despre el abia \u00een 2000, Papa Ioan Paul al II-lea preciz\u00e2nd c\u0103 ultimul dintre secretele de la Fatima prezicea tentativa de asasinat \u00eendreptat\u0103 \u00eempotriva sa \u00een 1981, al c\u0103rui autor a fost turcul Mehmet Ali Agca. Dezv\u0103luirile Papei nu au reu\u015fit \u00eens\u0103 s\u0103 spulbere suspiciunile. Dimpotriv\u0103, unii au ajuns la concluzia c\u0103 fie o parte important\u0103 din ultimul secret nu a fost dezv\u0103luit\u0103 pentru a nu se crea panic\u0103, fie exist\u0103 un al patrulea secret care con\u0163ine o serie de informa\u0163ii referitoare la ceva at\u00e2t de grav, \u00eenc\u00e2t nu se poate dezv\u0103lui.<\/p>\n<p>Aceste opinii au fost \u00eent\u0103rite \u015fi de c\u0103tre declara\u0163iile f\u0103cute \u00een cadrul unui interviu acordat \u00een 1984 de cardinalul Joseph Ratzinger, fostul pap\u0103 Benedict al XVI-lea. <em>\u201cSecretul con\u0163ine date privitoare la pericolele care amenin\u0163a credin\u0163a \u015fi via\u0163a cre\u015ftin\u0103t\u0103\u0163ii \u015fi, prin urmare, \u00eentreaga lume. Se refer\u0103, de asemenea, la importan\u0163a ultimelor noastre zile. (\u2026.) Cel de-al treilea secret con\u0163ine lucruri care au fost deja anun\u0163ate de Scriptur\u0103\u201d<\/em>, preciza cardinalul Ratzinger.<\/p>\n<p><a href=\"https:\/\/www.lovendal.ro\/wp52\/wp-content\/uploads\/2017\/10\/Fatima-1917-1.jpg\"><img loading=\"lazy\" decoding=\"async\" class=\"aligncenter size-full wp-image-53307\" src=\"https:\/\/www.lovendal.ro\/wp52\/wp-content\/uploads\/2017\/10\/Fatima-1917-1.jpg\" alt=\"\" width=\"537\" height=\"434\" srcset=\"https:\/\/www.lovendal.ro\/wp52\/wp-content\/uploads\/2017\/10\/Fatima-1917-1.jpg 537w, https:\/\/www.lovendal.ro\/wp52\/wp-content\/uploads\/2017\/10\/Fatima-1917-1-300x242.jpg 300w\" sizes=\"auto, (max-width: 537px) 100vw, 537px\" \/><\/a><\/p>\n<p><strong>Avertismentul oculti\u015ftilor<\/strong><\/p>\n<p><span id=\"result_box\" class=\"\" lang=\"ro\"><span class=\"\">A\u015fa cum scriam \u00eentr-un articol din 17 ianuarie 2017, <a href=\"https:\/\/www.lovendal.ro\/wp52\/miracolele-de-la-fatima-ar-putea-avea-legatura-cu-mesajele-telepatice-primite-de-la-extraterestrii-din-steaua-sirius-de-diversi-ocultisti-dar-si-de-alte-civilizatii-vechi-ale-lumii\/\" target=\"_blank\" rel=\"noopener\"><strong>Miracolele de la Fatima ar putea avea leg\u0103tur\u0103 cu mesajele telepatice primite de la extratere\u015ftrii din steaua Sirius de diver\u015fi oculti\u015fti, dar \u015fi de alte civiliza\u0163ii vechi ale lumii<\/strong><\/a>, poate c\u0103<\/span> unul dintre lucrurile cele mai bizare cu privire la apari\u021biile de la Fatima \u00eel reprezint\u0103 faptul c\u0103 acestea au fost prezise de mai mul\u0163i oculti\u015fti \/ medii, cu c\u00e2teva luni \u00een avans<span class=\"\">. <\/span>Potrivit lui Filipe Furtado de Mendonce, \u00een cartea sa <em>\u201cO raz\u0103 de lumin\u0103 pe Fatima\u201d<\/em>, un grup de oculti\u015fti \/ medii a dat un anun\u021b \u00eentr-un ziar local, <em>\u201cDiario de Noticias\u201d<\/em>, \u00een care a spus c\u0103 pe 13 mai 1917 va fi o \u201d zi de mare fericire\u201d \u0219i una \u00een care \u201clumina <span class=\"\">str\u0103lucitoare a<\/span> \u201cStelei Dimine\u0163ii\u201d va ilumina <span class=\"\">calea<\/span>\u201c. Acest articol a fost publicat \u00een ziar pe 10 martie 2017, deci cu 2 luni \u00eenainte de evenimentul de pe 13 mai.<br \/>\n<\/span><\/p>\n<p><span id=\"result_box\" class=\"\" lang=\"ro\">\u00cen Porto, un alt grup de <span class=\"\">parapsihologi<\/span> primea transmisii similare; a<span class=\"\">cest al doilea<\/span> grup a primit un mesaj care spunea c\u0103 \u201cceva transcendental\u201d s-ar <span class=\"\">\u00eent\u00e2mpla<\/span> pe data de 13 mai. Din nou, acest anun\u0163 a fost publicat \u00een alte cotidiene portugheze, cum ar fi <em>\u201cO Primeiro <span class=\"\">de<\/span> Jeneiro\u201d<\/em> \u015fi <em>\u201cJornal de Noticias e Liberdade\u201d<\/em>. Persoana care a sus\u0163inut c\u0103 a <span class=\"\">primit<\/span> aceste mesaje a fost un mediu portughez bine cunoscut, Dl. Antonio<span class=\"\">.<\/span><\/span><\/p>\n<p><span id=\"result_box\" class=\"\" lang=\"ro\">Mul\u021bi al\u021bi vizionari \u0219i oculti\u015fti au sus\u021binut, de asemenea, c\u0103 au primit comunic\u0103ri \u00eentr-un mod similar. Alice Bailey pretindea c\u0103 a fost destinatara unor mesaje de la o civiliza\u021bie superioar\u0103 de pe Sirius. Aleister Crowley \u0219i Rudolf Steiner sus\u0163ineau c\u0103 au primit mesaje \u201cextraterestre\u201d \u00een anul<span class=\"\"> 1904.<\/span><\/span><\/p>\n","protected":false},"excerpt":{"rendered":"<p>Ast\u0103zi, 13 octombrie 2017, se \u00eemplinesc 100 de ani c\u00e2nd a avut loc celebra apari\u0163ie public\u0103 supranatural\u0103 de la Fatima (Portugalia), pe 13 octombrie 1917. Ce s-a \u00eent\u00e2mplat atunci \u015fi ce-i at\u00e2t de important? Ve\u0163i afla aproape totul, citind acest &#8230; <\/p>\n<p class=\"read-more-container\"><a title=\"13 octombrie 1917 &#8211; 13 octombrie 2017: 100 de ani de la &#8222;Miracolul de la Fatima&#8221;, cea mai mare apari\u0163ie supranatural\u0103 din lume\" class=\"read-more button\" href=\"https:\/\/www.lovendal.ro\/wp52\/miracolul-de-la-fatima\/#more-53304\" aria-label=\"Cite\u0219te mai multe despre 13 octombrie 1917 &#8211; 13 octombrie 2017: 100 de ani de la &#8222;Miracolul de la Fatima&#8221;, cea mai mare apari\u0163ie supranatural\u0103 din lume\">Cititi mai multe<\/a><\/p>\n","protected":false},"author":1,"featured_media":53306,"comment_status":"open","ping_status":"closed","sticky":false,"template":"","format":"standard","meta":{"footnotes":""},"categories":[2833,14],"tags":[6256,5218,191,2679,2005,4554,9233,1073,5680,1748,1456,1121,1171,4823,2575,952,1457,1978,12080,1895,1805,97,8232,9796,826,865,7249,298,339,4937],"class_list":["post-53304","post","type-post","status-publish","format-standard","has-post-thumbnail","hentry","category-noutati","category-paranormal-spiritualitate","tag-aleister-crowley","tag-alice-bailey","tag-asasinat","tag-bolnav","tag-cardinal","tag-cel-de-al-doilea-razboi-mondial","tag-coliba","tag-copii","tag-deal","tag-fatima","tag-fecioara-maria","tag-femeie","tag-fulger","tag-interviu","tag-ioan-paul-al-ii-lea","tag-lumina","tag-miracol","tag-nori","tag-ocultisti","tag-oi","tag-orb","tag-papa","tag-papa-benedict-al-xvi-lea","tag-paranormal-spiritualitate","tag-portugalia","tag-soare","tag-stejar","tag-urss","tag-vatican","tag-ziar","resize-featured-image"],"yoast_head":"<!-- This site is optimized with the Yoast SEO Premium plugin v23.3 (Yoast SEO v27.4) - https:\/\/yoast.com\/product\/yoast-seo-premium-wordpress\/ -->\n<title>13 octombrie 1917 - 13 octombrie 2017: 100 de ani de la &quot;Miracolul de la Fatima&quot;, cea mai mare apari\u0163ie supranatural\u0103 din lume - Secretele lui Lovendal<\/title>\n<meta name=\"robots\" content=\"index, follow, max-snippet:-1, max-image-preview:large, max-video-preview:-1\" \/>\n<link rel=\"canonical\" href=\"https:\/\/www.lovendal.ro\/wp52\/miracolul-de-la-fatima\/\" \/>\n<meta property=\"og:locale\" content=\"ro_RO\" \/>\n<meta property=\"og:type\" content=\"article\" \/>\n<meta property=\"og:title\" content=\"13 octombrie 1917 - 13 octombrie 2017: 100 de ani de la &quot;Miracolul de la Fatima&quot;, cea mai mare apari\u0163ie supranatural\u0103 din lume\" \/>\n<meta property=\"og:description\" content=\"Ast\u0103zi, 13 octombrie 2017, se \u00eemplinesc 100 de ani c\u00e2nd a avut loc celebra apari\u0163ie public\u0103 supranatural\u0103 de la Fatima (Portugalia), pe 13 octombrie 1917. Ce s-a \u00eent\u00e2mplat atunci \u015fi ce-i at\u00e2t de important? Ve\u0163i afla aproape totul, citind acest ... Cititi mai multe\" \/>\n<meta property=\"og:url\" content=\"https:\/\/www.lovendal.ro\/wp52\/miracolul-de-la-fatima\/\" \/>\n<meta property=\"og:site_name\" content=\"Secretele lui Lovendal\" \/>\n<meta property=\"article:publisher\" content=\"https:\/\/www.facebook.com\/secreteleluilovendal\" \/>\n<meta property=\"article:published_time\" content=\"2017-10-13T07:06:25+00:00\" \/>\n<meta property=\"og:image\" content=\"https:\/\/www.lovendal.ro\/wp52\/wp-content\/uploads\/2017\/10\/Fatima-1917.jpg\" \/>\n\t<meta property=\"og:image:width\" content=\"334\" \/>\n\t<meta property=\"og:image:height\" content=\"195\" \/>\n\t<meta property=\"og:image:type\" content=\"image\/jpeg\" \/>\n<meta name=\"author\" content=\"admin\" \/>\n<meta name=\"twitter:card\" content=\"summary_large_image\" \/>\n<meta name=\"twitter:label1\" content=\"Scris de\" \/>\n\t<meta name=\"twitter:data1\" content=\"admin\" \/>\n\t<meta name=\"twitter:label2\" content=\"Timp estimat pentru citire\" \/>\n\t<meta name=\"twitter:data2\" content=\"6 minute\" \/>\n<script type=\"application\/ld+json\" class=\"yoast-schema-graph\">{\"@context\":\"https:\\\/\\\/schema.org\",\"@graph\":[{\"@type\":\"Article\",\"@id\":\"https:\\\/\\\/www.lovendal.ro\\\/wp52\\\/miracolul-de-la-fatima\\\/#article\",\"isPartOf\":{\"@id\":\"https:\\\/\\\/www.lovendal.ro\\\/wp52\\\/miracolul-de-la-fatima\\\/\"},\"author\":{\"name\":\"admin\",\"@id\":\"https:\\\/\\\/www.lovendal.ro\\\/wp52\\\/#\\\/schema\\\/person\\\/088691de5dfc346bb0c023e1e52ef5d9\"},\"headline\":\"13 octombrie 1917 &#8211; 13 octombrie 2017: 100 de ani de la &#8222;Miracolul de la Fatima&#8221;, cea mai mare apari\u0163ie supranatural\u0103 din lume\",\"datePublished\":\"2017-10-13T07:06:25+00:00\",\"mainEntityOfPage\":{\"@id\":\"https:\\\/\\\/www.lovendal.ro\\\/wp52\\\/miracolul-de-la-fatima\\\/\"},\"wordCount\":1134,\"commentCount\":1,\"publisher\":{\"@id\":\"https:\\\/\\\/www.lovendal.ro\\\/wp52\\\/#organization\"},\"image\":{\"@id\":\"https:\\\/\\\/www.lovendal.ro\\\/wp52\\\/miracolul-de-la-fatima\\\/#primaryimage\"},\"thumbnailUrl\":\"https:\\\/\\\/www.lovendal.ro\\\/wp52\\\/wp-content\\\/uploads\\\/2017\\\/10\\\/Fatima-1917.jpg\",\"keywords\":[\"Aleister Crowley\",\"Alice Bailey\",\"asasinat\",\"bolnav\",\"cardinal\",\"cel de-al doilea r\u0103zboi mondial\",\"colib\u0103\",\"copii\",\"deal\",\"Fatima\",\"Fecioara Maria\",\"femeie\",\"fulger\",\"interviu\",\"Ioan Paul al II-lea\",\"lumin\u0103\",\"miracol\",\"nori\",\"oculti\u015fti\",\"oi\",\"orb\",\"papa\",\"papa Benedict al XVI-lea\",\"Paranormal-Spiritualitate\",\"Portugalia\",\"Soare\",\"stejar\",\"URSS\",\"Vatican\",\"ziar\"],\"articleSection\":[\"Noutati\",\"Paranormal-Spiritualitate\"],\"inLanguage\":\"ro-RO\",\"potentialAction\":[{\"@type\":\"CommentAction\",\"name\":\"Comment\",\"target\":[\"https:\\\/\\\/www.lovendal.ro\\\/wp52\\\/miracolul-de-la-fatima\\\/#respond\"]}]},{\"@type\":\"WebPage\",\"@id\":\"https:\\\/\\\/www.lovendal.ro\\\/wp52\\\/miracolul-de-la-fatima\\\/\",\"url\":\"https:\\\/\\\/www.lovendal.ro\\\/wp52\\\/miracolul-de-la-fatima\\\/\",\"name\":\"13 octombrie 1917 - 13 octombrie 2017: 100 de ani de la \\\"Miracolul de la Fatima\\\", cea mai mare apari\u0163ie supranatural\u0103 din lume - Secretele lui Lovendal\",\"isPartOf\":{\"@id\":\"https:\\\/\\\/www.lovendal.ro\\\/wp52\\\/#website\"},\"primaryImageOfPage\":{\"@id\":\"https:\\\/\\\/www.lovendal.ro\\\/wp52\\\/miracolul-de-la-fatima\\\/#primaryimage\"},\"image\":{\"@id\":\"https:\\\/\\\/www.lovendal.ro\\\/wp52\\\/miracolul-de-la-fatima\\\/#primaryimage\"},\"thumbnailUrl\":\"https:\\\/\\\/www.lovendal.ro\\\/wp52\\\/wp-content\\\/uploads\\\/2017\\\/10\\\/Fatima-1917.jpg\",\"datePublished\":\"2017-10-13T07:06:25+00:00\",\"breadcrumb\":{\"@id\":\"https:\\\/\\\/www.lovendal.ro\\\/wp52\\\/miracolul-de-la-fatima\\\/#breadcrumb\"},\"inLanguage\":\"ro-RO\",\"potentialAction\":[{\"@type\":\"ReadAction\",\"target\":[\"https:\\\/\\\/www.lovendal.ro\\\/wp52\\\/miracolul-de-la-fatima\\\/\"]}]},{\"@type\":\"ImageObject\",\"inLanguage\":\"ro-RO\",\"@id\":\"https:\\\/\\\/www.lovendal.ro\\\/wp52\\\/miracolul-de-la-fatima\\\/#primaryimage\",\"url\":\"https:\\\/\\\/www.lovendal.ro\\\/wp52\\\/wp-content\\\/uploads\\\/2017\\\/10\\\/Fatima-1917.jpg\",\"contentUrl\":\"https:\\\/\\\/www.lovendal.ro\\\/wp52\\\/wp-content\\\/uploads\\\/2017\\\/10\\\/Fatima-1917.jpg\",\"width\":334,\"height\":195},{\"@type\":\"BreadcrumbList\",\"@id\":\"https:\\\/\\\/www.lovendal.ro\\\/wp52\\\/miracolul-de-la-fatima\\\/#breadcrumb\",\"itemListElement\":[{\"@type\":\"ListItem\",\"position\":1,\"name\":\"Home\",\"item\":\"https:\\\/\\\/www.lovendal.ro\\\/wp52\\\/\"},{\"@type\":\"ListItem\",\"position\":2,\"name\":\"13 octombrie 1917 &#8211; 13 octombrie 2017: 100 de ani de la &#8222;Miracolul de la Fatima&#8221;, cea mai mare apari\u0163ie supranatural\u0103 din lume\"}]},{\"@type\":\"WebSite\",\"@id\":\"https:\\\/\\\/www.lovendal.ro\\\/wp52\\\/#website\",\"url\":\"https:\\\/\\\/www.lovendal.ro\\\/wp52\\\/\",\"name\":\"Secretele lui Lovendal\",\"description\":\"Site de secrete, stiinta si metafizica - din 2008 -\",\"publisher\":{\"@id\":\"https:\\\/\\\/www.lovendal.ro\\\/wp52\\\/#organization\"},\"potentialAction\":[{\"@type\":\"SearchAction\",\"target\":{\"@type\":\"EntryPoint\",\"urlTemplate\":\"https:\\\/\\\/www.lovendal.ro\\\/wp52\\\/?s={search_term_string}\"},\"query-input\":{\"@type\":\"PropertyValueSpecification\",\"valueRequired\":true,\"valueName\":\"search_term_string\"}}],\"inLanguage\":\"ro-RO\"},{\"@type\":\"Organization\",\"@id\":\"https:\\\/\\\/www.lovendal.ro\\\/wp52\\\/#organization\",\"name\":\"Secretele lui Lovendal\",\"url\":\"https:\\\/\\\/www.lovendal.ro\\\/wp52\\\/\",\"logo\":{\"@type\":\"ImageObject\",\"inLanguage\":\"ro-RO\",\"@id\":\"https:\\\/\\\/www.lovendal.ro\\\/wp52\\\/#\\\/schema\\\/logo\\\/image\\\/\",\"url\":\"https:\\\/\\\/www.lovendal.ro\\\/wp52\\\/wp-content\\\/uploads\\\/2024\\\/06\\\/cropped-SLL-iun-2024-1.jpg\",\"contentUrl\":\"https:\\\/\\\/www.lovendal.ro\\\/wp52\\\/wp-content\\\/uploads\\\/2024\\\/06\\\/cropped-SLL-iun-2024-1.jpg\",\"width\":771,\"height\":240,\"caption\":\"Secretele lui Lovendal\"},\"image\":{\"@id\":\"https:\\\/\\\/www.lovendal.ro\\\/wp52\\\/#\\\/schema\\\/logo\\\/image\\\/\"},\"sameAs\":[\"https:\\\/\\\/www.facebook.com\\\/secreteleluilovendal\"]},{\"@type\":\"Person\",\"@id\":\"https:\\\/\\\/www.lovendal.ro\\\/wp52\\\/#\\\/schema\\\/person\\\/088691de5dfc346bb0c023e1e52ef5d9\",\"name\":\"admin\",\"image\":{\"@type\":\"ImageObject\",\"inLanguage\":\"ro-RO\",\"@id\":\"https:\\\/\\\/secure.gravatar.com\\\/avatar\\\/ecb9cd41f5f63c9c9b989999a59f6e2639a865ec361e9db054db0679a8f341c2?s=96&d=mm&r=g\",\"url\":\"https:\\\/\\\/secure.gravatar.com\\\/avatar\\\/ecb9cd41f5f63c9c9b989999a59f6e2639a865ec361e9db054db0679a8f341c2?s=96&d=mm&r=g\",\"contentUrl\":\"https:\\\/\\\/secure.gravatar.com\\\/avatar\\\/ecb9cd41f5f63c9c9b989999a59f6e2639a865ec361e9db054db0679a8f341c2?s=96&d=mm&r=g\",\"caption\":\"admin\"},\"sameAs\":[\"https:\\\/\\\/www.lovendal.ro\\\/wp52\"]}]}<\/script>\n<!-- \/ Yoast SEO Premium plugin. -->","yoast_head_json":{"title":"13 octombrie 1917 - 13 octombrie 2017: 100 de ani de la \"Miracolul de la Fatima\", cea mai mare apari\u0163ie supranatural\u0103 din lume - Secretele lui Lovendal","robots":{"index":"index","follow":"follow","max-snippet":"max-snippet:-1","max-image-preview":"max-image-preview:large","max-video-preview":"max-video-preview:-1"},"canonical":"https:\/\/www.lovendal.ro\/wp52\/miracolul-de-la-fatima\/","og_locale":"ro_RO","og_type":"article","og_title":"13 octombrie 1917 - 13 octombrie 2017: 100 de ani de la \"Miracolul de la Fatima\", cea mai mare apari\u0163ie supranatural\u0103 din lume","og_description":"Ast\u0103zi, 13 octombrie 2017, se \u00eemplinesc 100 de ani c\u00e2nd a avut loc celebra apari\u0163ie public\u0103 supranatural\u0103 de la Fatima (Portugalia), pe 13 octombrie 1917. Ce s-a \u00eent\u00e2mplat atunci \u015fi ce-i at\u00e2t de important? Ve\u0163i afla aproape totul, citind acest ... Cititi mai multe","og_url":"https:\/\/www.lovendal.ro\/wp52\/miracolul-de-la-fatima\/","og_site_name":"Secretele lui Lovendal","article_publisher":"https:\/\/www.facebook.com\/secreteleluilovendal","article_published_time":"2017-10-13T07:06:25+00:00","og_image":[{"width":334,"height":195,"url":"https:\/\/www.lovendal.ro\/wp52\/wp-content\/uploads\/2017\/10\/Fatima-1917.jpg","type":"image\/jpeg"}],"author":"admin","twitter_card":"summary_large_image","twitter_misc":{"Scris de":"admin","Timp estimat pentru citire":"6 minute"},"schema":{"@context":"https:\/\/schema.org","@graph":[{"@type":"Article","@id":"https:\/\/www.lovendal.ro\/wp52\/miracolul-de-la-fatima\/#article","isPartOf":{"@id":"https:\/\/www.lovendal.ro\/wp52\/miracolul-de-la-fatima\/"},"author":{"name":"admin","@id":"https:\/\/www.lovendal.ro\/wp52\/#\/schema\/person\/088691de5dfc346bb0c023e1e52ef5d9"},"headline":"13 octombrie 1917 &#8211; 13 octombrie 2017: 100 de ani de la &#8222;Miracolul de la Fatima&#8221;, cea mai mare apari\u0163ie supranatural\u0103 din lume","datePublished":"2017-10-13T07:06:25+00:00","mainEntityOfPage":{"@id":"https:\/\/www.lovendal.ro\/wp52\/miracolul-de-la-fatima\/"},"wordCount":1134,"commentCount":1,"publisher":{"@id":"https:\/\/www.lovendal.ro\/wp52\/#organization"},"image":{"@id":"https:\/\/www.lovendal.ro\/wp52\/miracolul-de-la-fatima\/#primaryimage"},"thumbnailUrl":"https:\/\/www.lovendal.ro\/wp52\/wp-content\/uploads\/2017\/10\/Fatima-1917.jpg","keywords":["Aleister Crowley","Alice Bailey","asasinat","bolnav","cardinal","cel de-al doilea r\u0103zboi mondial","colib\u0103","copii","deal","Fatima","Fecioara Maria","femeie","fulger","interviu","Ioan Paul al II-lea","lumin\u0103","miracol","nori","oculti\u015fti","oi","orb","papa","papa Benedict al XVI-lea","Paranormal-Spiritualitate","Portugalia","Soare","stejar","URSS","Vatican","ziar"],"articleSection":["Noutati","Paranormal-Spiritualitate"],"inLanguage":"ro-RO","potentialAction":[{"@type":"CommentAction","name":"Comment","target":["https:\/\/www.lovendal.ro\/wp52\/miracolul-de-la-fatima\/#respond"]}]},{"@type":"WebPage","@id":"https:\/\/www.lovendal.ro\/wp52\/miracolul-de-la-fatima\/","url":"https:\/\/www.lovendal.ro\/wp52\/miracolul-de-la-fatima\/","name":"13 octombrie 1917 - 13 octombrie 2017: 100 de ani de la \"Miracolul de la Fatima\", cea mai mare apari\u0163ie supranatural\u0103 din lume - Secretele lui Lovendal","isPartOf":{"@id":"https:\/\/www.lovendal.ro\/wp52\/#website"},"primaryImageOfPage":{"@id":"https:\/\/www.lovendal.ro\/wp52\/miracolul-de-la-fatima\/#primaryimage"},"image":{"@id":"https:\/\/www.lovendal.ro\/wp52\/miracolul-de-la-fatima\/#primaryimage"},"thumbnailUrl":"https:\/\/www.lovendal.ro\/wp52\/wp-content\/uploads\/2017\/10\/Fatima-1917.jpg","datePublished":"2017-10-13T07:06:25+00:00","breadcrumb":{"@id":"https:\/\/www.lovendal.ro\/wp52\/miracolul-de-la-fatima\/#breadcrumb"},"inLanguage":"ro-RO","potentialAction":[{"@type":"ReadAction","target":["https:\/\/www.lovendal.ro\/wp52\/miracolul-de-la-fatima\/"]}]},{"@type":"ImageObject","inLanguage":"ro-RO","@id":"https:\/\/www.lovendal.ro\/wp52\/miracolul-de-la-fatima\/#primaryimage","url":"https:\/\/www.lovendal.ro\/wp52\/wp-content\/uploads\/2017\/10\/Fatima-1917.jpg","contentUrl":"https:\/\/www.lovendal.ro\/wp52\/wp-content\/uploads\/2017\/10\/Fatima-1917.jpg","width":334,"height":195},{"@type":"BreadcrumbList","@id":"https:\/\/www.lovendal.ro\/wp52\/miracolul-de-la-fatima\/#breadcrumb","itemListElement":[{"@type":"ListItem","position":1,"name":"Home","item":"https:\/\/www.lovendal.ro\/wp52\/"},{"@type":"ListItem","position":2,"name":"13 octombrie 1917 &#8211; 13 octombrie 2017: 100 de ani de la &#8222;Miracolul de la Fatima&#8221;, cea mai mare apari\u0163ie supranatural\u0103 din lume"}]},{"@type":"WebSite","@id":"https:\/\/www.lovendal.ro\/wp52\/#website","url":"https:\/\/www.lovendal.ro\/wp52\/","name":"Secretele lui Lovendal","description":"Site de secrete, stiinta si metafizica - din 2008 -","publisher":{"@id":"https:\/\/www.lovendal.ro\/wp52\/#organization"},"potentialAction":[{"@type":"SearchAction","target":{"@type":"EntryPoint","urlTemplate":"https:\/\/www.lovendal.ro\/wp52\/?s={search_term_string}"},"query-input":{"@type":"PropertyValueSpecification","valueRequired":true,"valueName":"search_term_string"}}],"inLanguage":"ro-RO"},{"@type":"Organization","@id":"https:\/\/www.lovendal.ro\/wp52\/#organization","name":"Secretele lui Lovendal","url":"https:\/\/www.lovendal.ro\/wp52\/","logo":{"@type":"ImageObject","inLanguage":"ro-RO","@id":"https:\/\/www.lovendal.ro\/wp52\/#\/schema\/logo\/image\/","url":"https:\/\/www.lovendal.ro\/wp52\/wp-content\/uploads\/2024\/06\/cropped-SLL-iun-2024-1.jpg","contentUrl":"https:\/\/www.lovendal.ro\/wp52\/wp-content\/uploads\/2024\/06\/cropped-SLL-iun-2024-1.jpg","width":771,"height":240,"caption":"Secretele lui Lovendal"},"image":{"@id":"https:\/\/www.lovendal.ro\/wp52\/#\/schema\/logo\/image\/"},"sameAs":["https:\/\/www.facebook.com\/secreteleluilovendal"]},{"@type":"Person","@id":"https:\/\/www.lovendal.ro\/wp52\/#\/schema\/person\/088691de5dfc346bb0c023e1e52ef5d9","name":"admin","image":{"@type":"ImageObject","inLanguage":"ro-RO","@id":"https:\/\/secure.gravatar.com\/avatar\/ecb9cd41f5f63c9c9b989999a59f6e2639a865ec361e9db054db0679a8f341c2?s=96&d=mm&r=g","url":"https:\/\/secure.gravatar.com\/avatar\/ecb9cd41f5f63c9c9b989999a59f6e2639a865ec361e9db054db0679a8f341c2?s=96&d=mm&r=g","contentUrl":"https:\/\/secure.gravatar.com\/avatar\/ecb9cd41f5f63c9c9b989999a59f6e2639a865ec361e9db054db0679a8f341c2?s=96&d=mm&r=g","caption":"admin"},"sameAs":["https:\/\/www.lovendal.ro\/wp52"]}]}},"_links":{"self":[{"href":"https:\/\/www.lovendal.ro\/wp52\/wp-json\/wp\/v2\/posts\/53304","targetHints":{"allow":["GET"]}}],"collection":[{"href":"https:\/\/www.lovendal.ro\/wp52\/wp-json\/wp\/v2\/posts"}],"about":[{"href":"https:\/\/www.lovendal.ro\/wp52\/wp-json\/wp\/v2\/types\/post"}],"author":[{"embeddable":true,"href":"https:\/\/www.lovendal.ro\/wp52\/wp-json\/wp\/v2\/users\/1"}],"replies":[{"embeddable":true,"href":"https:\/\/www.lovendal.ro\/wp52\/wp-json\/wp\/v2\/comments?post=53304"}],"version-history":[{"count":0,"href":"https:\/\/www.lovendal.ro\/wp52\/wp-json\/wp\/v2\/posts\/53304\/revisions"}],"wp:featuredmedia":[{"embeddable":true,"href":"https:\/\/www.lovendal.ro\/wp52\/wp-json\/wp\/v2\/media\/53306"}],"wp:attachment":[{"href":"https:\/\/www.lovendal.ro\/wp52\/wp-json\/wp\/v2\/media?parent=53304"}],"wp:term":[{"taxonomy":"category","embeddable":true,"href":"https:\/\/www.lovendal.ro\/wp52\/wp-json\/wp\/v2\/categories?post=53304"},{"taxonomy":"post_tag","embeddable":true,"href":"https:\/\/www.lovendal.ro\/wp52\/wp-json\/wp\/v2\/tags?post=53304"}],"curies":[{"name":"wp","href":"https:\/\/api.w.org\/{rel}","templated":true}]}}