{"id":53288,"date":"2017-10-11T10:00:32","date_gmt":"2017-10-11T07:00:32","guid":{"rendered":"http:\/\/www.lovendal.ro\/wp52\/?p=53288"},"modified":"2017-10-11T10:00:32","modified_gmt":"2017-10-11T07:00:32","slug":"m-intalnit-cu-o-persoana-moarta-de-40-de-ani-cum-fost-posibil","status":"publish","type":"post","link":"https:\/\/www.lovendal.ro\/wp52\/m-intalnit-cu-o-persoana-moarta-de-40-de-ani-cum-fost-posibil\/","title":{"rendered":"&#8222;M-am \u00eent\u00e2lnit cu o persoan\u0103 moart\u0103 de 40 de ani! Cum a fost posibil?&#8221;"},"content":{"rendered":"<p><a href=\"https:\/\/www.lovendal.ro\/wp52\/wp-content\/uploads\/2017\/10\/Calea-Victoriei-om-mort.jpg\"><img loading=\"lazy\" decoding=\"async\" class=\"alignleft size-full wp-image-53289\" src=\"https:\/\/www.lovendal.ro\/wp52\/wp-content\/uploads\/2017\/10\/Calea-Victoriei-om-mort.jpg\" alt=\"\" width=\"333\" height=\"263\" srcset=\"https:\/\/www.lovendal.ro\/wp52\/wp-content\/uploads\/2017\/10\/Calea-Victoriei-om-mort.jpg 333w, https:\/\/www.lovendal.ro\/wp52\/wp-content\/uploads\/2017\/10\/Calea-Victoriei-om-mort-300x237.jpg 300w\" sizes=\"auto, (max-width: 333px) 100vw, 333px\" \/><\/a>Un cititor \u00een v\u00e2rst\u0103 mi-a trimis o \u00eent\u00e2mplare care se jur\u0103 c\u0103 ar fi adev\u0103rat\u0103. Am prelucrat-o \u015fi am rescris-o \u00een stilul meu&#8230; sper s\u0103 v\u0103 plac\u0103 \ud83d\ude42 Povestirea e scris\u0103 la persoana I singular, din perspectiva autorului, dar, cu siguran\u0163\u0103, nu e vorba de mine \ud83d\ude42<\/p>\n<p>Anul acesta, \u00een timp ce m\u0103 plimbam pe Calea Victoriei, m\u0103 \u00eent\u00e2lnesc cu un fost coleg de facultate, pe care nu l-am mai v\u0103zut de vreo 40 de ani. \u00cel chema Dumitru R\u0103ducu. De\u015fi anii au trecut, el nu s-a schimbat prea mult. Terminasem am\u00e2ndoi facultatea \u00een 1976, iar de atunci nu ne-am mai v\u0103zut. Am stat de vorba circa jum\u0103tate de or\u0103, \u00een care fiecare \u015fi-a dep\u0103nat via\u0163a, dup\u0103 care ne-am desp\u0103r\u0163it. Am f\u0103cut schimb de numere de telefon \u015fi am promis c\u0103 ne vom mai revedea \u00eentr-una din zilele urm\u0103toare.<\/p>\n<p>C\u00e2nd ajung acas\u0103, \u00eel sun pe cel mai bun prieten al meu, Fane, cu care fusesem, de asemenea, colegi de facultate. \u00cei zic:<br \/>\n<em>&#8211; Auzi, Fane? \u015etii cu cine m-am \u00eent\u00e2lnit azi? Cu Dumitru R\u0103ducu, tipul \u0103la \u00eenalt \u015fi usc\u0103\u0163iv, cu musta\u0163\u0103, care a f\u0103cut faza aia tare cu petrecerea din c\u0103min. \u00cel \u015ftii, nu?<\/em><br \/>\n<em>&#8211; Glume\u015fti, Geo, nu?<\/em> \u00eemi r\u0103spunse Fane. <em>Eu \u015ftiu c\u0103 Fane e mor demult, de la cutremurul din 1977.<\/em><\/p>\n<p>Am r\u0103mas \u00eenm\u0103rmurit. Nu \u015ftiam c\u0103 Fane ar fi murit \u00een &#8217;77, \u00eens\u0103 mi-am zis c\u0103 Geo sigur are informa\u0163ii gre\u015fite.<br \/>\n<em>&#8211; Hai m\u0103, las\u0103-m\u0103, c\u0103 l-am v\u0103zut \u00een carne \u015fi oase. Plus c\u0103 mi-a l\u0103sat \u015fi un num\u0103r de telefon. \u00cel sun \u015fi v\u0103d dac\u0103 r\u0103spunde mortul!<\/em> zise eu, r\u00e2z\u00e2nd zgomotos la telefon.<br \/>\n<em>&#8211; Nu \u015ftiu, m\u0103 Geo, eu a\u015fa \u015ftiam. Poate am f\u0103cut confuzie, dar eu de obicei \u0163in bine minte numele.<\/em><\/p>\n<p>Telefonul lui Fane m\u0103 puse pe g\u00e2nduri, a\u015fa c\u0103 imediat, dup\u0103 ce terminai convorbirea cu el, sunai la num\u0103rul de telefonul pe care mi-l d\u0103duse Dumitru R\u0103ducu. La cap\u0103tul cel\u0103lalt se auzi o voce b\u0103tr\u00e2n\u0103 \u015fi sub\u0163ire, la care eu r\u0103spunsei:<br \/>\n<em>&#8211; Alo? S\u0103r&#8217;m\u00e2na. A\u015f dori s\u0103 vorbesc cu domnul inginer R\u0103ducu. Sunt Geo, un fost coleg de facultate.<\/em><br \/>\n<em> &#8211; Cu Mircea R\u0103ducu?<\/em> se auzi din cel\u0103lalt cap\u0103t al firului.<br \/>\n<em>&#8211; Nu, cu domnul inginer Dumitru R\u0103ducu<\/em>, zic eu r\u0103spicat.<br \/>\nUrma o pauz\u0103 de c\u00e2teva secunde bune, \u00een care nu se auzi nimic, dec\u00e2t un lung oftat.<br \/>\n<em>&#8211; Dar so\u0163ul meu e mort de la cutremurul din &#8217;77, iar de atunci tr\u0103iesc v\u0103duv\u0103 \u00eempreun\u0103 cu fiul meu, Mircea. \u00cens\u0103, de unde ave\u0163i num\u0103rul acesta de telefon? Cine vi l-a dat?<\/em><br \/>\nR\u0103mas\u0103i \u015focat, \u015fi nu mai avusesem dec\u00e2t puterea s\u0103 zic dec\u00e2t aceste dou\u0103 cuvinte: <em>&#8222;Chiar el&#8230;.&#8221;<\/em><\/p>\n","protected":false},"excerpt":{"rendered":"<p>Un cititor \u00een v\u00e2rst\u0103 mi-a trimis o \u00eent\u00e2mplare care se jur\u0103 c\u0103 ar fi adev\u0103rat\u0103. Am prelucrat-o \u015fi am rescris-o \u00een stilul meu&#8230; sper s\u0103 v\u0103 plac\u0103 \ud83d\ude42 Povestirea e scris\u0103 la persoana I singular, din perspectiva autorului, dar, cu &#8230; <\/p>\n<p class=\"read-more-container\"><a title=\"&#8222;M-am \u00eent\u00e2lnit cu o persoan\u0103 moart\u0103 de 40 de ani! Cum a fost posibil?&#8221;\" class=\"read-more button\" href=\"https:\/\/www.lovendal.ro\/wp52\/m-intalnit-cu-o-persoana-moarta-de-40-de-ani-cum-fost-posibil\/#more-53288\" aria-label=\"Cite\u0219te mai multe despre &#8222;M-am \u00eent\u00e2lnit cu o persoan\u0103 moart\u0103 de 40 de ani! Cum a fost posibil?&#8221;\">Cititi mai multe<\/a><\/p>\n","protected":false},"author":1,"featured_media":53289,"comment_status":"open","ping_status":"closed","sticky":false,"template":"","format":"standard","meta":{"footnotes":""},"categories":[2833,3521],"tags":[12078,1331,8012,4609,5214,9816,1312],"class_list":["post-53288","post","type-post","status-publish","format-standard","has-post-thumbnail","hentry","category-noutati","category-povesti-si-povestiri","tag-calea-victoriei","tag-cutremur","tag-facultate","tag-inginer","tag-mort","tag-povesti-si-povestiri","tag-telefon"],"yoast_head":"<!-- This site is optimized with the Yoast SEO Premium plugin v23.3 (Yoast SEO v27.4) - https:\/\/yoast.com\/product\/yoast-seo-premium-wordpress\/ -->\n<title>&quot;M-am \u00eent\u00e2lnit cu o persoan\u0103 moart\u0103 de 40 de ani! Cum a fost posibil?&quot; - Secretele lui Lovendal<\/title>\n<meta name=\"robots\" content=\"index, follow, max-snippet:-1, max-image-preview:large, max-video-preview:-1\" \/>\n<link rel=\"canonical\" href=\"https:\/\/www.lovendal.ro\/wp52\/m-intalnit-cu-o-persoana-moarta-de-40-de-ani-cum-fost-posibil\/\" \/>\n<meta property=\"og:locale\" content=\"ro_RO\" \/>\n<meta property=\"og:type\" content=\"article\" \/>\n<meta property=\"og:title\" content=\"&quot;M-am \u00eent\u00e2lnit cu o persoan\u0103 moart\u0103 de 40 de ani! Cum a fost posibil?&quot;\" \/>\n<meta property=\"og:description\" content=\"Un cititor \u00een v\u00e2rst\u0103 mi-a trimis o \u00eent\u00e2mplare care se jur\u0103 c\u0103 ar fi adev\u0103rat\u0103. Am prelucrat-o \u015fi am rescris-o \u00een stilul meu&#8230; sper s\u0103 v\u0103 plac\u0103 \ud83d\ude42 Povestirea e scris\u0103 la persoana I singular, din perspectiva autorului, dar, cu ... Cititi mai multe\" \/>\n<meta property=\"og:url\" content=\"https:\/\/www.lovendal.ro\/wp52\/m-intalnit-cu-o-persoana-moarta-de-40-de-ani-cum-fost-posibil\/\" \/>\n<meta property=\"og:site_name\" content=\"Secretele lui Lovendal\" \/>\n<meta property=\"article:publisher\" content=\"https:\/\/www.facebook.com\/secreteleluilovendal\" \/>\n<meta property=\"article:published_time\" content=\"2017-10-11T07:00:32+00:00\" \/>\n<meta property=\"og:image\" content=\"https:\/\/www.lovendal.ro\/wp52\/wp-content\/uploads\/2017\/10\/Calea-Victoriei-om-mort.jpg\" \/>\n\t<meta property=\"og:image:width\" content=\"333\" \/>\n\t<meta property=\"og:image:height\" content=\"263\" \/>\n\t<meta property=\"og:image:type\" content=\"image\/jpeg\" \/>\n<meta name=\"author\" content=\"admin\" \/>\n<meta name=\"twitter:card\" content=\"summary_large_image\" \/>\n<meta name=\"twitter:label1\" content=\"Scris de\" \/>\n\t<meta name=\"twitter:data1\" content=\"admin\" \/>\n\t<meta name=\"twitter:label2\" content=\"Timp estimat pentru citire\" \/>\n\t<meta name=\"twitter:data2\" content=\"2 minute\" \/>\n<script type=\"application\/ld+json\" class=\"yoast-schema-graph\">{\"@context\":\"https:\\\/\\\/schema.org\",\"@graph\":[{\"@type\":\"Article\",\"@id\":\"https:\\\/\\\/www.lovendal.ro\\\/wp52\\\/m-intalnit-cu-o-persoana-moarta-de-40-de-ani-cum-fost-posibil\\\/#article\",\"isPartOf\":{\"@id\":\"https:\\\/\\\/www.lovendal.ro\\\/wp52\\\/m-intalnit-cu-o-persoana-moarta-de-40-de-ani-cum-fost-posibil\\\/\"},\"author\":{\"name\":\"admin\",\"@id\":\"https:\\\/\\\/www.lovendal.ro\\\/wp52\\\/#\\\/schema\\\/person\\\/088691de5dfc346bb0c023e1e52ef5d9\"},\"headline\":\"&#8222;M-am \u00eent\u00e2lnit cu o persoan\u0103 moart\u0103 de 40 de ani! Cum a fost posibil?&#8221;\",\"datePublished\":\"2017-10-11T07:00:32+00:00\",\"mainEntityOfPage\":{\"@id\":\"https:\\\/\\\/www.lovendal.ro\\\/wp52\\\/m-intalnit-cu-o-persoana-moarta-de-40-de-ani-cum-fost-posibil\\\/\"},\"wordCount\":509,\"commentCount\":3,\"publisher\":{\"@id\":\"https:\\\/\\\/www.lovendal.ro\\\/wp52\\\/#organization\"},\"image\":{\"@id\":\"https:\\\/\\\/www.lovendal.ro\\\/wp52\\\/m-intalnit-cu-o-persoana-moarta-de-40-de-ani-cum-fost-posibil\\\/#primaryimage\"},\"thumbnailUrl\":\"https:\\\/\\\/www.lovendal.ro\\\/wp52\\\/wp-content\\\/uploads\\\/2017\\\/10\\\/Calea-Victoriei-om-mort.jpg\",\"keywords\":[\"Calea Victoriei\",\"cutremur\",\"facultate\",\"inginer\",\"mort\",\"Povesti si Povestiri\",\"telefon\"],\"articleSection\":[\"Noutati\",\"Povesti si Povestiri\"],\"inLanguage\":\"ro-RO\",\"potentialAction\":[{\"@type\":\"CommentAction\",\"name\":\"Comment\",\"target\":[\"https:\\\/\\\/www.lovendal.ro\\\/wp52\\\/m-intalnit-cu-o-persoana-moarta-de-40-de-ani-cum-fost-posibil\\\/#respond\"]}]},{\"@type\":\"WebPage\",\"@id\":\"https:\\\/\\\/www.lovendal.ro\\\/wp52\\\/m-intalnit-cu-o-persoana-moarta-de-40-de-ani-cum-fost-posibil\\\/\",\"url\":\"https:\\\/\\\/www.lovendal.ro\\\/wp52\\\/m-intalnit-cu-o-persoana-moarta-de-40-de-ani-cum-fost-posibil\\\/\",\"name\":\"\\\"M-am \u00eent\u00e2lnit cu o persoan\u0103 moart\u0103 de 40 de ani! Cum a fost posibil?\\\" - Secretele lui Lovendal\",\"isPartOf\":{\"@id\":\"https:\\\/\\\/www.lovendal.ro\\\/wp52\\\/#website\"},\"primaryImageOfPage\":{\"@id\":\"https:\\\/\\\/www.lovendal.ro\\\/wp52\\\/m-intalnit-cu-o-persoana-moarta-de-40-de-ani-cum-fost-posibil\\\/#primaryimage\"},\"image\":{\"@id\":\"https:\\\/\\\/www.lovendal.ro\\\/wp52\\\/m-intalnit-cu-o-persoana-moarta-de-40-de-ani-cum-fost-posibil\\\/#primaryimage\"},\"thumbnailUrl\":\"https:\\\/\\\/www.lovendal.ro\\\/wp52\\\/wp-content\\\/uploads\\\/2017\\\/10\\\/Calea-Victoriei-om-mort.jpg\",\"datePublished\":\"2017-10-11T07:00:32+00:00\",\"breadcrumb\":{\"@id\":\"https:\\\/\\\/www.lovendal.ro\\\/wp52\\\/m-intalnit-cu-o-persoana-moarta-de-40-de-ani-cum-fost-posibil\\\/#breadcrumb\"},\"inLanguage\":\"ro-RO\",\"potentialAction\":[{\"@type\":\"ReadAction\",\"target\":[\"https:\\\/\\\/www.lovendal.ro\\\/wp52\\\/m-intalnit-cu-o-persoana-moarta-de-40-de-ani-cum-fost-posibil\\\/\"]}]},{\"@type\":\"ImageObject\",\"inLanguage\":\"ro-RO\",\"@id\":\"https:\\\/\\\/www.lovendal.ro\\\/wp52\\\/m-intalnit-cu-o-persoana-moarta-de-40-de-ani-cum-fost-posibil\\\/#primaryimage\",\"url\":\"https:\\\/\\\/www.lovendal.ro\\\/wp52\\\/wp-content\\\/uploads\\\/2017\\\/10\\\/Calea-Victoriei-om-mort.jpg\",\"contentUrl\":\"https:\\\/\\\/www.lovendal.ro\\\/wp52\\\/wp-content\\\/uploads\\\/2017\\\/10\\\/Calea-Victoriei-om-mort.jpg\",\"width\":333,\"height\":263},{\"@type\":\"BreadcrumbList\",\"@id\":\"https:\\\/\\\/www.lovendal.ro\\\/wp52\\\/m-intalnit-cu-o-persoana-moarta-de-40-de-ani-cum-fost-posibil\\\/#breadcrumb\",\"itemListElement\":[{\"@type\":\"ListItem\",\"position\":1,\"name\":\"Home\",\"item\":\"https:\\\/\\\/www.lovendal.ro\\\/wp52\\\/\"},{\"@type\":\"ListItem\",\"position\":2,\"name\":\"&#8222;M-am \u00eent\u00e2lnit cu o persoan\u0103 moart\u0103 de 40 de ani! Cum a fost posibil?&#8221;\"}]},{\"@type\":\"WebSite\",\"@id\":\"https:\\\/\\\/www.lovendal.ro\\\/wp52\\\/#website\",\"url\":\"https:\\\/\\\/www.lovendal.ro\\\/wp52\\\/\",\"name\":\"Secretele lui Lovendal\",\"description\":\"Site de secrete, stiinta si metafizica - din 2008 -\",\"publisher\":{\"@id\":\"https:\\\/\\\/www.lovendal.ro\\\/wp52\\\/#organization\"},\"potentialAction\":[{\"@type\":\"SearchAction\",\"target\":{\"@type\":\"EntryPoint\",\"urlTemplate\":\"https:\\\/\\\/www.lovendal.ro\\\/wp52\\\/?s={search_term_string}\"},\"query-input\":{\"@type\":\"PropertyValueSpecification\",\"valueRequired\":true,\"valueName\":\"search_term_string\"}}],\"inLanguage\":\"ro-RO\"},{\"@type\":\"Organization\",\"@id\":\"https:\\\/\\\/www.lovendal.ro\\\/wp52\\\/#organization\",\"name\":\"Secretele lui Lovendal\",\"url\":\"https:\\\/\\\/www.lovendal.ro\\\/wp52\\\/\",\"logo\":{\"@type\":\"ImageObject\",\"inLanguage\":\"ro-RO\",\"@id\":\"https:\\\/\\\/www.lovendal.ro\\\/wp52\\\/#\\\/schema\\\/logo\\\/image\\\/\",\"url\":\"https:\\\/\\\/www.lovendal.ro\\\/wp52\\\/wp-content\\\/uploads\\\/2024\\\/06\\\/cropped-SLL-iun-2024-1.jpg\",\"contentUrl\":\"https:\\\/\\\/www.lovendal.ro\\\/wp52\\\/wp-content\\\/uploads\\\/2024\\\/06\\\/cropped-SLL-iun-2024-1.jpg\",\"width\":771,\"height\":240,\"caption\":\"Secretele lui Lovendal\"},\"image\":{\"@id\":\"https:\\\/\\\/www.lovendal.ro\\\/wp52\\\/#\\\/schema\\\/logo\\\/image\\\/\"},\"sameAs\":[\"https:\\\/\\\/www.facebook.com\\\/secreteleluilovendal\"]},{\"@type\":\"Person\",\"@id\":\"https:\\\/\\\/www.lovendal.ro\\\/wp52\\\/#\\\/schema\\\/person\\\/088691de5dfc346bb0c023e1e52ef5d9\",\"name\":\"admin\",\"image\":{\"@type\":\"ImageObject\",\"inLanguage\":\"ro-RO\",\"@id\":\"https:\\\/\\\/secure.gravatar.com\\\/avatar\\\/ecb9cd41f5f63c9c9b989999a59f6e2639a865ec361e9db054db0679a8f341c2?s=96&d=mm&r=g\",\"url\":\"https:\\\/\\\/secure.gravatar.com\\\/avatar\\\/ecb9cd41f5f63c9c9b989999a59f6e2639a865ec361e9db054db0679a8f341c2?s=96&d=mm&r=g\",\"contentUrl\":\"https:\\\/\\\/secure.gravatar.com\\\/avatar\\\/ecb9cd41f5f63c9c9b989999a59f6e2639a865ec361e9db054db0679a8f341c2?s=96&d=mm&r=g\",\"caption\":\"admin\"},\"sameAs\":[\"https:\\\/\\\/www.lovendal.ro\\\/wp52\"]}]}<\/script>\n<!-- \/ Yoast SEO Premium plugin. -->","yoast_head_json":{"title":"\"M-am \u00eent\u00e2lnit cu o persoan\u0103 moart\u0103 de 40 de ani! Cum a fost posibil?\" - Secretele lui Lovendal","robots":{"index":"index","follow":"follow","max-snippet":"max-snippet:-1","max-image-preview":"max-image-preview:large","max-video-preview":"max-video-preview:-1"},"canonical":"https:\/\/www.lovendal.ro\/wp52\/m-intalnit-cu-o-persoana-moarta-de-40-de-ani-cum-fost-posibil\/","og_locale":"ro_RO","og_type":"article","og_title":"\"M-am \u00eent\u00e2lnit cu o persoan\u0103 moart\u0103 de 40 de ani! Cum a fost posibil?\"","og_description":"Un cititor \u00een v\u00e2rst\u0103 mi-a trimis o \u00eent\u00e2mplare care se jur\u0103 c\u0103 ar fi adev\u0103rat\u0103. Am prelucrat-o \u015fi am rescris-o \u00een stilul meu&#8230; sper s\u0103 v\u0103 plac\u0103 \ud83d\ude42 Povestirea e scris\u0103 la persoana I singular, din perspectiva autorului, dar, cu ... Cititi mai multe","og_url":"https:\/\/www.lovendal.ro\/wp52\/m-intalnit-cu-o-persoana-moarta-de-40-de-ani-cum-fost-posibil\/","og_site_name":"Secretele lui Lovendal","article_publisher":"https:\/\/www.facebook.com\/secreteleluilovendal","article_published_time":"2017-10-11T07:00:32+00:00","og_image":[{"width":333,"height":263,"url":"https:\/\/www.lovendal.ro\/wp52\/wp-content\/uploads\/2017\/10\/Calea-Victoriei-om-mort.jpg","type":"image\/jpeg"}],"author":"admin","twitter_card":"summary_large_image","twitter_misc":{"Scris de":"admin","Timp estimat pentru citire":"2 minute"},"schema":{"@context":"https:\/\/schema.org","@graph":[{"@type":"Article","@id":"https:\/\/www.lovendal.ro\/wp52\/m-intalnit-cu-o-persoana-moarta-de-40-de-ani-cum-fost-posibil\/#article","isPartOf":{"@id":"https:\/\/www.lovendal.ro\/wp52\/m-intalnit-cu-o-persoana-moarta-de-40-de-ani-cum-fost-posibil\/"},"author":{"name":"admin","@id":"https:\/\/www.lovendal.ro\/wp52\/#\/schema\/person\/088691de5dfc346bb0c023e1e52ef5d9"},"headline":"&#8222;M-am \u00eent\u00e2lnit cu o persoan\u0103 moart\u0103 de 40 de ani! Cum a fost posibil?&#8221;","datePublished":"2017-10-11T07:00:32+00:00","mainEntityOfPage":{"@id":"https:\/\/www.lovendal.ro\/wp52\/m-intalnit-cu-o-persoana-moarta-de-40-de-ani-cum-fost-posibil\/"},"wordCount":509,"commentCount":3,"publisher":{"@id":"https:\/\/www.lovendal.ro\/wp52\/#organization"},"image":{"@id":"https:\/\/www.lovendal.ro\/wp52\/m-intalnit-cu-o-persoana-moarta-de-40-de-ani-cum-fost-posibil\/#primaryimage"},"thumbnailUrl":"https:\/\/www.lovendal.ro\/wp52\/wp-content\/uploads\/2017\/10\/Calea-Victoriei-om-mort.jpg","keywords":["Calea Victoriei","cutremur","facultate","inginer","mort","Povesti si Povestiri","telefon"],"articleSection":["Noutati","Povesti si Povestiri"],"inLanguage":"ro-RO","potentialAction":[{"@type":"CommentAction","name":"Comment","target":["https:\/\/www.lovendal.ro\/wp52\/m-intalnit-cu-o-persoana-moarta-de-40-de-ani-cum-fost-posibil\/#respond"]}]},{"@type":"WebPage","@id":"https:\/\/www.lovendal.ro\/wp52\/m-intalnit-cu-o-persoana-moarta-de-40-de-ani-cum-fost-posibil\/","url":"https:\/\/www.lovendal.ro\/wp52\/m-intalnit-cu-o-persoana-moarta-de-40-de-ani-cum-fost-posibil\/","name":"\"M-am \u00eent\u00e2lnit cu o persoan\u0103 moart\u0103 de 40 de ani! Cum a fost posibil?\" - Secretele lui Lovendal","isPartOf":{"@id":"https:\/\/www.lovendal.ro\/wp52\/#website"},"primaryImageOfPage":{"@id":"https:\/\/www.lovendal.ro\/wp52\/m-intalnit-cu-o-persoana-moarta-de-40-de-ani-cum-fost-posibil\/#primaryimage"},"image":{"@id":"https:\/\/www.lovendal.ro\/wp52\/m-intalnit-cu-o-persoana-moarta-de-40-de-ani-cum-fost-posibil\/#primaryimage"},"thumbnailUrl":"https:\/\/www.lovendal.ro\/wp52\/wp-content\/uploads\/2017\/10\/Calea-Victoriei-om-mort.jpg","datePublished":"2017-10-11T07:00:32+00:00","breadcrumb":{"@id":"https:\/\/www.lovendal.ro\/wp52\/m-intalnit-cu-o-persoana-moarta-de-40-de-ani-cum-fost-posibil\/#breadcrumb"},"inLanguage":"ro-RO","potentialAction":[{"@type":"ReadAction","target":["https:\/\/www.lovendal.ro\/wp52\/m-intalnit-cu-o-persoana-moarta-de-40-de-ani-cum-fost-posibil\/"]}]},{"@type":"ImageObject","inLanguage":"ro-RO","@id":"https:\/\/www.lovendal.ro\/wp52\/m-intalnit-cu-o-persoana-moarta-de-40-de-ani-cum-fost-posibil\/#primaryimage","url":"https:\/\/www.lovendal.ro\/wp52\/wp-content\/uploads\/2017\/10\/Calea-Victoriei-om-mort.jpg","contentUrl":"https:\/\/www.lovendal.ro\/wp52\/wp-content\/uploads\/2017\/10\/Calea-Victoriei-om-mort.jpg","width":333,"height":263},{"@type":"BreadcrumbList","@id":"https:\/\/www.lovendal.ro\/wp52\/m-intalnit-cu-o-persoana-moarta-de-40-de-ani-cum-fost-posibil\/#breadcrumb","itemListElement":[{"@type":"ListItem","position":1,"name":"Home","item":"https:\/\/www.lovendal.ro\/wp52\/"},{"@type":"ListItem","position":2,"name":"&#8222;M-am \u00eent\u00e2lnit cu o persoan\u0103 moart\u0103 de 40 de ani! Cum a fost posibil?&#8221;"}]},{"@type":"WebSite","@id":"https:\/\/www.lovendal.ro\/wp52\/#website","url":"https:\/\/www.lovendal.ro\/wp52\/","name":"Secretele lui Lovendal","description":"Site de secrete, stiinta si metafizica - din 2008 -","publisher":{"@id":"https:\/\/www.lovendal.ro\/wp52\/#organization"},"potentialAction":[{"@type":"SearchAction","target":{"@type":"EntryPoint","urlTemplate":"https:\/\/www.lovendal.ro\/wp52\/?s={search_term_string}"},"query-input":{"@type":"PropertyValueSpecification","valueRequired":true,"valueName":"search_term_string"}}],"inLanguage":"ro-RO"},{"@type":"Organization","@id":"https:\/\/www.lovendal.ro\/wp52\/#organization","name":"Secretele lui Lovendal","url":"https:\/\/www.lovendal.ro\/wp52\/","logo":{"@type":"ImageObject","inLanguage":"ro-RO","@id":"https:\/\/www.lovendal.ro\/wp52\/#\/schema\/logo\/image\/","url":"https:\/\/www.lovendal.ro\/wp52\/wp-content\/uploads\/2024\/06\/cropped-SLL-iun-2024-1.jpg","contentUrl":"https:\/\/www.lovendal.ro\/wp52\/wp-content\/uploads\/2024\/06\/cropped-SLL-iun-2024-1.jpg","width":771,"height":240,"caption":"Secretele lui Lovendal"},"image":{"@id":"https:\/\/www.lovendal.ro\/wp52\/#\/schema\/logo\/image\/"},"sameAs":["https:\/\/www.facebook.com\/secreteleluilovendal"]},{"@type":"Person","@id":"https:\/\/www.lovendal.ro\/wp52\/#\/schema\/person\/088691de5dfc346bb0c023e1e52ef5d9","name":"admin","image":{"@type":"ImageObject","inLanguage":"ro-RO","@id":"https:\/\/secure.gravatar.com\/avatar\/ecb9cd41f5f63c9c9b989999a59f6e2639a865ec361e9db054db0679a8f341c2?s=96&d=mm&r=g","url":"https:\/\/secure.gravatar.com\/avatar\/ecb9cd41f5f63c9c9b989999a59f6e2639a865ec361e9db054db0679a8f341c2?s=96&d=mm&r=g","contentUrl":"https:\/\/secure.gravatar.com\/avatar\/ecb9cd41f5f63c9c9b989999a59f6e2639a865ec361e9db054db0679a8f341c2?s=96&d=mm&r=g","caption":"admin"},"sameAs":["https:\/\/www.lovendal.ro\/wp52"]}]}},"_links":{"self":[{"href":"https:\/\/www.lovendal.ro\/wp52\/wp-json\/wp\/v2\/posts\/53288","targetHints":{"allow":["GET"]}}],"collection":[{"href":"https:\/\/www.lovendal.ro\/wp52\/wp-json\/wp\/v2\/posts"}],"about":[{"href":"https:\/\/www.lovendal.ro\/wp52\/wp-json\/wp\/v2\/types\/post"}],"author":[{"embeddable":true,"href":"https:\/\/www.lovendal.ro\/wp52\/wp-json\/wp\/v2\/users\/1"}],"replies":[{"embeddable":true,"href":"https:\/\/www.lovendal.ro\/wp52\/wp-json\/wp\/v2\/comments?post=53288"}],"version-history":[{"count":0,"href":"https:\/\/www.lovendal.ro\/wp52\/wp-json\/wp\/v2\/posts\/53288\/revisions"}],"wp:featuredmedia":[{"embeddable":true,"href":"https:\/\/www.lovendal.ro\/wp52\/wp-json\/wp\/v2\/media\/53289"}],"wp:attachment":[{"href":"https:\/\/www.lovendal.ro\/wp52\/wp-json\/wp\/v2\/media?parent=53288"}],"wp:term":[{"taxonomy":"category","embeddable":true,"href":"https:\/\/www.lovendal.ro\/wp52\/wp-json\/wp\/v2\/categories?post=53288"},{"taxonomy":"post_tag","embeddable":true,"href":"https:\/\/www.lovendal.ro\/wp52\/wp-json\/wp\/v2\/tags?post=53288"}],"curies":[{"name":"wp","href":"https:\/\/api.w.org\/{rel}","templated":true}]}}