{"id":53072,"date":"2017-09-24T16:52:55","date_gmt":"2017-09-24T13:52:55","guid":{"rendered":"http:\/\/www.lovendal.ro\/wp52\/?p=53072"},"modified":"2017-09-24T16:52:55","modified_gmt":"2017-09-24T13:52:55","slug":"englezii-au-avut-un-rege-legendar-sf-edmund-martirul-care-se-pare-ca-detinea-puteri-miraculoase-dupa-moarte","status":"publish","type":"post","link":"https:\/\/www.lovendal.ro\/wp52\/englezii-au-avut-un-rege-legendar-sf-edmund-martirul-care-se-pare-ca-detinea-puteri-miraculoase-dupa-moarte\/","title":{"rendered":"Englezii au avut un rege legendar, Sf. Edmund Martirul, care se pare c\u0103 de\u0163inea puteri miraculoase dup\u0103 moarte"},"content":{"rendered":"<p><a href=\"https:\/\/www.lovendal.ro\/wp52\/wp-content\/uploads\/2017\/09\/sf-edmund.jpg\"><img loading=\"lazy\" decoding=\"async\" class=\"alignleft size-full wp-image-53074\" src=\"https:\/\/www.lovendal.ro\/wp52\/wp-content\/uploads\/2017\/09\/sf-edmund.jpg\" alt=\"\" width=\"338\" height=\"249\" srcset=\"https:\/\/www.lovendal.ro\/wp52\/wp-content\/uploads\/2017\/09\/sf-edmund.jpg 338w, https:\/\/www.lovendal.ro\/wp52\/wp-content\/uploads\/2017\/09\/sf-edmund-220x162.jpg 220w\" sizes=\"auto, (max-width: 338px) 100vw, 338px\" \/><\/a>Englezii au un rege-sf\u00e2nt, martir, pe nume Sf. Edmund sau Edmund Martirul. \u00cen jurul lui s-au \u0163esut legende miraculoase, incredibile pentru ziua de ast\u0103zi, dar poate c\u0103 avem noi o cunoa\u015ftere superficial\u0103 a lucrurilor.<\/p>\n<p>Acest monarh a fost \u00eencoronat la doar 14 ani, \u00een Cr\u0103ciunul anului 855, ia domnia sa a durat \u00eenc\u0103 14 ani, p\u00e2n\u0103 \u00een anul 869. A fost un rege extrem de viteaz \u015fi d\u00e2rz, \u00eens\u0103, din p\u0103cate, el a fost capturat de c\u0103tre vikingi.<\/p>\n<p>Odat\u0103 prins, Edmund a fost legat de un stejar, apoi b\u0103tut \u0219i torturat, pentru a renun\u021ba la credin\u021ba sa cre\u0219tin\u0103 \u0219i a-l accepta pe Ivar, conduc\u0103torul vikingilor, ca rege. C\u00e2nd Edmund a refuzat s\u0103 se supun\u0103, spun\u00e2nd c\u0103 este gata s\u0103 moar\u0103 pentru poporul s\u0103u \u0219i pentru Dumnezeul s\u0103u, vikingii i-au r\u0103spuns tr\u0103g\u00e2nd asupra lui o mul\u0163ime de s\u0103ge\u0163i, acoperindu-i tot corpul de s\u0103ge\u0163i, ca \u015fi cum ar fi fost un arici.<\/p>\n<p>Dar totu\u0219i Edmund nu a murit imediat \u0219i continua s\u0103 se roage lui Dumnezeu, a\u0219a c\u0103 vikingii i-au t\u0103iat capul. <a href=\"https:\/\/www.lovendal.ro\/wp52\/wp-content\/uploads\/2017\/09\/Edmund-sageti.jpg\"><img loading=\"lazy\" decoding=\"async\" class=\"alignleft size-full wp-image-53073\" src=\"https:\/\/www.lovendal.ro\/wp52\/wp-content\/uploads\/2017\/09\/Edmund-sageti.jpg\" alt=\"\" width=\"185\" height=\"231\" \/><\/a>Apoi, vikingii i-au aruncat corpul lui Edmund \u00eentr-o groap\u0103 comun\u0103 de gunoi, refuz\u00e2ndu-i o \u00eenmorm\u00e2ntare cre\u0219tineasc\u0103 \u0219i au jucat fotbal cu capul regelui, p\u00e2n\u0103 c\u00e2nd s-au plictisit \u0219i l-au aruncat \u00eentr-o groap\u0103 plin\u0103 de spini.<\/p>\n<p>\u00cens\u0103, c\u00e2teva zile mai t\u00e2rziu, apropia\u0163ii lui Edmund s-au \u00eentors \u00een zon\u0103 \u0219i au recuperat trupul regelui, \u00eens\u0103 f\u0103r\u0103 a-i g\u0103si capul. Totu\u015fi, se spune c\u0103 \u00een timp ce \u00eei c\u0103utau capul, strig\u00e2nd: <em>&#8222;Unde e\u0219ti, prietene?&#8221;,<\/em> ei auzir\u0103 vocea regelui spun\u00e2ndu-le: <em>&#8222;Aici, aici, aici&#8221;<\/em>. Ei urmar\u0103 sunetul, p\u00e2n\u0103 c\u00e2nd au g\u0103sit capul regelui, care era protejat de un lup gigant, care \u00eel avea \u00eentre labele lui. Lupul a drumul capului, iar prietenii au putut s\u0103-i asigure regelui o \u00eenmorm\u00e2ntare corespunz\u0103toare; lupul misterios s-a \u00eentors \u00een p\u0103dure \u0219i nu a mai fost v\u0103zut niciodat\u0103.<\/p>\n<p>Se spune c\u0103 str\u0103vechiul stejar, pe care a fost ucis regele Edmund, a mai tr\u0103it \u00eenc\u0103 o mie de ani, p\u00e2n\u0103 \u00een 1848, c\u00e2nd o furtun\u0103 puternic\u0103 \u00eel dobor\u00ee. Stejarul era at\u00e2t de vechi, \u00eenc\u00e2t avea o circumferen\u0163\u0103 a trunchiului de 6 metri; \u00een interiorul trunchiului s-ar fi aflat capete vechi de s\u0103ge\u0163i din fier.<\/p>\n<p>C\u00e2t prive\u0219te lupul din legend\u0103, \u00een 1890 un vicar a g\u0103sit \u00een zona unde a fost odat\u0103 stejarul, \u00een cripta unei biserici din apropiere, mai multe oase care apar\u0163ineau unui lup mare. Este interesant de remarcat faptul c\u0103 regele Edmund a fost ultimul membru al unei dinastii regale saxone numite Wuffingas, care a condus Anglia de Est din secolul al \u0219aselea. Numele de familie deriv\u0103 din &#8222;Kin of the Wolf&#8221;, adic\u0103, \u00een traducere &#8222;\u00cenrudit cu lupul&#8221;. O stranie coinciden\u0163\u0103&#8230;<\/p>\n<p>Dar, legenda Sf. Edmund continu\u0103 mult \u015fi dup\u0103 moartea sa. C\u00e2\u0163iva ani mai t\u00e2rziu, cultul regelui a crescut, iar r\u0103m\u0103\u015fi\u0163ele sale au fost transferate \u00een ora\u015ful Beadoriceworth, cur\u00e2nd redenumit Bury St. Edmund (Bury St Edmunds), aba\u0163ia construit\u0103 pentru a g\u0103zdui sanctuarul s\u0103u devenind un popular loc de pelerinaj.<\/p>\n<p>Reputa\u021bia lui Edmund, regele care acum era \u015fi un martir sf\u00e2nt, a crescut \u015fi mai mult dup\u0103 ce s-a deschis morm\u00e2ntul original. S-a spus nu numai c\u0103 trupul lui Edmund era neputrezit, dar toate r\u0103nile de pe corpul lui s-au vindecat, capul al\u0103tur\u00e2ndu-se din nou corpului s\u0103u. Ultima deschidere a morm\u00e2ntului lui Edmund a avut \u00een 1198; un c\u0103lug\u0103r sceptic a tras de p\u0103rul regelui, pentru a vedea dac\u0103 \u00eentr-adev\u0103r capul era bine ata\u0219at de corp \u0219i ar fi fost p\u0103lmuit cu promptitudine de c\u0103tre sf\u00e2ntul mort pentru lipsa sa de credin\u021b\u0103!<\/p>\n","protected":false},"excerpt":{"rendered":"<p>Englezii au un rege-sf\u00e2nt, martir, pe nume Sf. Edmund sau Edmund Martirul. \u00cen jurul lui s-au \u0163esut legende miraculoase, incredibile pentru ziua de ast\u0103zi, dar poate c\u0103 avem noi o cunoa\u015ftere superficial\u0103 a lucrurilor. Acest monarh a fost \u00eencoronat la &#8230; <\/p>\n<p class=\"read-more-container\"><a title=\"Englezii au avut un rege legendar, Sf. Edmund Martirul, care se pare c\u0103 de\u0163inea puteri miraculoase dup\u0103 moarte\" class=\"read-more button\" href=\"https:\/\/www.lovendal.ro\/wp52\/englezii-au-avut-un-rege-legendar-sf-edmund-martirul-care-se-pare-ca-detinea-puteri-miraculoase-dupa-moarte\/#more-53072\" aria-label=\"Cite\u0219te mai multe despre Englezii au avut un rege legendar, Sf. Edmund Martirul, care se pare c\u0103 de\u0163inea puteri miraculoase dup\u0103 moarte\">Cititi mai multe<\/a><\/p>\n","protected":false},"author":1,"featured_media":53074,"comment_status":"open","ping_status":"closed","sticky":false,"template":"","format":"standard","meta":{"footnotes":""},"categories":[9,2833],"tags":[120,11842,892,1398,5238,7511,9199,323,1941,95,2487,5983,1532,817,108,315,5667,151,2398,1169,453,2702,12037,7249,12038,632],"class_list":["post-53072","post","type-post","status-publish","format-standard","has-post-thumbnail","hentry","category-istorie","category-noutati","tag-anglia","tag-arici","tag-calugar","tag-cap","tag-corp","tag-crestin","tag-cripta","tag-dumnezeu","tag-fier","tag-fotbal","tag-furtuna","tag-gunoi","tag-istorie-si-civilizatii","tag-lup","tag-moarte","tag-mormant","tag-oase","tag-oras","tag-padure","tag-par","tag-rege","tag-sageti","tag-sf-edmund","tag-stejar","tag-vicar","tag-vikingi","resize-featured-image"],"yoast_head":"<!-- This site is optimized with the Yoast SEO Premium plugin v23.3 (Yoast SEO v27.4) - https:\/\/yoast.com\/product\/yoast-seo-premium-wordpress\/ -->\n<title>Englezii au avut un rege legendar, Sf. Edmund Martirul, care se pare c\u0103 de\u0163inea puteri miraculoase dup\u0103 moarte - Secretele lui Lovendal<\/title>\n<meta name=\"robots\" content=\"index, follow, max-snippet:-1, max-image-preview:large, max-video-preview:-1\" \/>\n<link rel=\"canonical\" href=\"https:\/\/www.lovendal.ro\/wp52\/englezii-au-avut-un-rege-legendar-sf-edmund-martirul-care-se-pare-ca-detinea-puteri-miraculoase-dupa-moarte\/\" \/>\n<meta property=\"og:locale\" content=\"ro_RO\" \/>\n<meta property=\"og:type\" content=\"article\" \/>\n<meta property=\"og:title\" content=\"Englezii au avut un rege legendar, Sf. Edmund Martirul, care se pare c\u0103 de\u0163inea puteri miraculoase dup\u0103 moarte\" \/>\n<meta property=\"og:description\" content=\"Englezii au un rege-sf\u00e2nt, martir, pe nume Sf. Edmund sau Edmund Martirul. \u00cen jurul lui s-au \u0163esut legende miraculoase, incredibile pentru ziua de ast\u0103zi, dar poate c\u0103 avem noi o cunoa\u015ftere superficial\u0103 a lucrurilor. Acest monarh a fost \u00eencoronat la ... Cititi mai multe\" \/>\n<meta property=\"og:url\" content=\"https:\/\/www.lovendal.ro\/wp52\/englezii-au-avut-un-rege-legendar-sf-edmund-martirul-care-se-pare-ca-detinea-puteri-miraculoase-dupa-moarte\/\" \/>\n<meta property=\"og:site_name\" content=\"Secretele lui Lovendal\" \/>\n<meta property=\"article:publisher\" content=\"https:\/\/www.facebook.com\/secreteleluilovendal\" \/>\n<meta property=\"article:published_time\" content=\"2017-09-24T13:52:55+00:00\" \/>\n<meta property=\"og:image\" content=\"https:\/\/www.lovendal.ro\/wp52\/wp-content\/uploads\/2017\/09\/sf-edmund.jpg\" \/>\n\t<meta property=\"og:image:width\" content=\"338\" \/>\n\t<meta property=\"og:image:height\" content=\"249\" \/>\n\t<meta property=\"og:image:type\" content=\"image\/jpeg\" \/>\n<meta name=\"author\" content=\"admin\" \/>\n<meta name=\"twitter:card\" content=\"summary_large_image\" \/>\n<meta name=\"twitter:label1\" content=\"Scris de\" \/>\n\t<meta name=\"twitter:data1\" content=\"admin\" \/>\n\t<meta name=\"twitter:label2\" content=\"Timp estimat pentru citire\" \/>\n\t<meta name=\"twitter:data2\" content=\"3 minute\" \/>\n<script type=\"application\/ld+json\" class=\"yoast-schema-graph\">{\"@context\":\"https:\\\/\\\/schema.org\",\"@graph\":[{\"@type\":\"Article\",\"@id\":\"https:\\\/\\\/www.lovendal.ro\\\/wp52\\\/englezii-au-avut-un-rege-legendar-sf-edmund-martirul-care-se-pare-ca-detinea-puteri-miraculoase-dupa-moarte\\\/#article\",\"isPartOf\":{\"@id\":\"https:\\\/\\\/www.lovendal.ro\\\/wp52\\\/englezii-au-avut-un-rege-legendar-sf-edmund-martirul-care-se-pare-ca-detinea-puteri-miraculoase-dupa-moarte\\\/\"},\"author\":{\"name\":\"admin\",\"@id\":\"https:\\\/\\\/www.lovendal.ro\\\/wp52\\\/#\\\/schema\\\/person\\\/088691de5dfc346bb0c023e1e52ef5d9\"},\"headline\":\"Englezii au avut un rege legendar, Sf. Edmund Martirul, care se pare c\u0103 de\u0163inea puteri miraculoase dup\u0103 moarte\",\"datePublished\":\"2017-09-24T13:52:55+00:00\",\"mainEntityOfPage\":{\"@id\":\"https:\\\/\\\/www.lovendal.ro\\\/wp52\\\/englezii-au-avut-un-rege-legendar-sf-edmund-martirul-care-se-pare-ca-detinea-puteri-miraculoase-dupa-moarte\\\/\"},\"wordCount\":672,\"commentCount\":0,\"publisher\":{\"@id\":\"https:\\\/\\\/www.lovendal.ro\\\/wp52\\\/#organization\"},\"image\":{\"@id\":\"https:\\\/\\\/www.lovendal.ro\\\/wp52\\\/englezii-au-avut-un-rege-legendar-sf-edmund-martirul-care-se-pare-ca-detinea-puteri-miraculoase-dupa-moarte\\\/#primaryimage\"},\"thumbnailUrl\":\"https:\\\/\\\/www.lovendal.ro\\\/wp52\\\/wp-content\\\/uploads\\\/2017\\\/09\\\/sf-edmund.jpg\",\"keywords\":[\"Anglia\",\"arici\",\"c\u0103lug\u0103r\",\"cap\",\"corp\",\"cre\u015ftin\",\"cript\u0103\",\"Dumnezeu\",\"fier\",\"fotbal\",\"furtun\u0103\",\"gunoi\",\"Istorie si Civilizatii\",\"lup\",\"moarte\",\"morm\u00e2nt\",\"oase\",\"ora\u015f\",\"p\u0103dure\",\"p\u0103r\",\"rege\",\"s\u0103ge\u0163i\",\"Sf. Edmund\",\"stejar\",\"vicar\",\"vikingi\"],\"articleSection\":[\"Istorie si Civilizatii\",\"Noutati\"],\"inLanguage\":\"ro-RO\",\"potentialAction\":[{\"@type\":\"CommentAction\",\"name\":\"Comment\",\"target\":[\"https:\\\/\\\/www.lovendal.ro\\\/wp52\\\/englezii-au-avut-un-rege-legendar-sf-edmund-martirul-care-se-pare-ca-detinea-puteri-miraculoase-dupa-moarte\\\/#respond\"]}]},{\"@type\":\"WebPage\",\"@id\":\"https:\\\/\\\/www.lovendal.ro\\\/wp52\\\/englezii-au-avut-un-rege-legendar-sf-edmund-martirul-care-se-pare-ca-detinea-puteri-miraculoase-dupa-moarte\\\/\",\"url\":\"https:\\\/\\\/www.lovendal.ro\\\/wp52\\\/englezii-au-avut-un-rege-legendar-sf-edmund-martirul-care-se-pare-ca-detinea-puteri-miraculoase-dupa-moarte\\\/\",\"name\":\"Englezii au avut un rege legendar, Sf. Edmund Martirul, care se pare c\u0103 de\u0163inea puteri miraculoase dup\u0103 moarte - Secretele lui Lovendal\",\"isPartOf\":{\"@id\":\"https:\\\/\\\/www.lovendal.ro\\\/wp52\\\/#website\"},\"primaryImageOfPage\":{\"@id\":\"https:\\\/\\\/www.lovendal.ro\\\/wp52\\\/englezii-au-avut-un-rege-legendar-sf-edmund-martirul-care-se-pare-ca-detinea-puteri-miraculoase-dupa-moarte\\\/#primaryimage\"},\"image\":{\"@id\":\"https:\\\/\\\/www.lovendal.ro\\\/wp52\\\/englezii-au-avut-un-rege-legendar-sf-edmund-martirul-care-se-pare-ca-detinea-puteri-miraculoase-dupa-moarte\\\/#primaryimage\"},\"thumbnailUrl\":\"https:\\\/\\\/www.lovendal.ro\\\/wp52\\\/wp-content\\\/uploads\\\/2017\\\/09\\\/sf-edmund.jpg\",\"datePublished\":\"2017-09-24T13:52:55+00:00\",\"breadcrumb\":{\"@id\":\"https:\\\/\\\/www.lovendal.ro\\\/wp52\\\/englezii-au-avut-un-rege-legendar-sf-edmund-martirul-care-se-pare-ca-detinea-puteri-miraculoase-dupa-moarte\\\/#breadcrumb\"},\"inLanguage\":\"ro-RO\",\"potentialAction\":[{\"@type\":\"ReadAction\",\"target\":[\"https:\\\/\\\/www.lovendal.ro\\\/wp52\\\/englezii-au-avut-un-rege-legendar-sf-edmund-martirul-care-se-pare-ca-detinea-puteri-miraculoase-dupa-moarte\\\/\"]}]},{\"@type\":\"ImageObject\",\"inLanguage\":\"ro-RO\",\"@id\":\"https:\\\/\\\/www.lovendal.ro\\\/wp52\\\/englezii-au-avut-un-rege-legendar-sf-edmund-martirul-care-se-pare-ca-detinea-puteri-miraculoase-dupa-moarte\\\/#primaryimage\",\"url\":\"https:\\\/\\\/www.lovendal.ro\\\/wp52\\\/wp-content\\\/uploads\\\/2017\\\/09\\\/sf-edmund.jpg\",\"contentUrl\":\"https:\\\/\\\/www.lovendal.ro\\\/wp52\\\/wp-content\\\/uploads\\\/2017\\\/09\\\/sf-edmund.jpg\",\"width\":338,\"height\":249},{\"@type\":\"BreadcrumbList\",\"@id\":\"https:\\\/\\\/www.lovendal.ro\\\/wp52\\\/englezii-au-avut-un-rege-legendar-sf-edmund-martirul-care-se-pare-ca-detinea-puteri-miraculoase-dupa-moarte\\\/#breadcrumb\",\"itemListElement\":[{\"@type\":\"ListItem\",\"position\":1,\"name\":\"Home\",\"item\":\"https:\\\/\\\/www.lovendal.ro\\\/wp52\\\/\"},{\"@type\":\"ListItem\",\"position\":2,\"name\":\"Englezii au avut un rege legendar, Sf. Edmund Martirul, care se pare c\u0103 de\u0163inea puteri miraculoase dup\u0103 moarte\"}]},{\"@type\":\"WebSite\",\"@id\":\"https:\\\/\\\/www.lovendal.ro\\\/wp52\\\/#website\",\"url\":\"https:\\\/\\\/www.lovendal.ro\\\/wp52\\\/\",\"name\":\"Secretele lui Lovendal\",\"description\":\"Site de secrete, stiinta si metafizica - din 2008 -\",\"publisher\":{\"@id\":\"https:\\\/\\\/www.lovendal.ro\\\/wp52\\\/#organization\"},\"potentialAction\":[{\"@type\":\"SearchAction\",\"target\":{\"@type\":\"EntryPoint\",\"urlTemplate\":\"https:\\\/\\\/www.lovendal.ro\\\/wp52\\\/?s={search_term_string}\"},\"query-input\":{\"@type\":\"PropertyValueSpecification\",\"valueRequired\":true,\"valueName\":\"search_term_string\"}}],\"inLanguage\":\"ro-RO\"},{\"@type\":\"Organization\",\"@id\":\"https:\\\/\\\/www.lovendal.ro\\\/wp52\\\/#organization\",\"name\":\"Secretele lui Lovendal\",\"url\":\"https:\\\/\\\/www.lovendal.ro\\\/wp52\\\/\",\"logo\":{\"@type\":\"ImageObject\",\"inLanguage\":\"ro-RO\",\"@id\":\"https:\\\/\\\/www.lovendal.ro\\\/wp52\\\/#\\\/schema\\\/logo\\\/image\\\/\",\"url\":\"https:\\\/\\\/www.lovendal.ro\\\/wp52\\\/wp-content\\\/uploads\\\/2024\\\/06\\\/cropped-SLL-iun-2024-1.jpg\",\"contentUrl\":\"https:\\\/\\\/www.lovendal.ro\\\/wp52\\\/wp-content\\\/uploads\\\/2024\\\/06\\\/cropped-SLL-iun-2024-1.jpg\",\"width\":771,\"height\":240,\"caption\":\"Secretele lui Lovendal\"},\"image\":{\"@id\":\"https:\\\/\\\/www.lovendal.ro\\\/wp52\\\/#\\\/schema\\\/logo\\\/image\\\/\"},\"sameAs\":[\"https:\\\/\\\/www.facebook.com\\\/secreteleluilovendal\"]},{\"@type\":\"Person\",\"@id\":\"https:\\\/\\\/www.lovendal.ro\\\/wp52\\\/#\\\/schema\\\/person\\\/088691de5dfc346bb0c023e1e52ef5d9\",\"name\":\"admin\",\"image\":{\"@type\":\"ImageObject\",\"inLanguage\":\"ro-RO\",\"@id\":\"https:\\\/\\\/secure.gravatar.com\\\/avatar\\\/ecb9cd41f5f63c9c9b989999a59f6e2639a865ec361e9db054db0679a8f341c2?s=96&d=mm&r=g\",\"url\":\"https:\\\/\\\/secure.gravatar.com\\\/avatar\\\/ecb9cd41f5f63c9c9b989999a59f6e2639a865ec361e9db054db0679a8f341c2?s=96&d=mm&r=g\",\"contentUrl\":\"https:\\\/\\\/secure.gravatar.com\\\/avatar\\\/ecb9cd41f5f63c9c9b989999a59f6e2639a865ec361e9db054db0679a8f341c2?s=96&d=mm&r=g\",\"caption\":\"admin\"},\"sameAs\":[\"https:\\\/\\\/www.lovendal.ro\\\/wp52\"]}]}<\/script>\n<!-- \/ Yoast SEO Premium plugin. -->","yoast_head_json":{"title":"Englezii au avut un rege legendar, Sf. Edmund Martirul, care se pare c\u0103 de\u0163inea puteri miraculoase dup\u0103 moarte - Secretele lui Lovendal","robots":{"index":"index","follow":"follow","max-snippet":"max-snippet:-1","max-image-preview":"max-image-preview:large","max-video-preview":"max-video-preview:-1"},"canonical":"https:\/\/www.lovendal.ro\/wp52\/englezii-au-avut-un-rege-legendar-sf-edmund-martirul-care-se-pare-ca-detinea-puteri-miraculoase-dupa-moarte\/","og_locale":"ro_RO","og_type":"article","og_title":"Englezii au avut un rege legendar, Sf. Edmund Martirul, care se pare c\u0103 de\u0163inea puteri miraculoase dup\u0103 moarte","og_description":"Englezii au un rege-sf\u00e2nt, martir, pe nume Sf. Edmund sau Edmund Martirul. \u00cen jurul lui s-au \u0163esut legende miraculoase, incredibile pentru ziua de ast\u0103zi, dar poate c\u0103 avem noi o cunoa\u015ftere superficial\u0103 a lucrurilor. Acest monarh a fost \u00eencoronat la ... Cititi mai multe","og_url":"https:\/\/www.lovendal.ro\/wp52\/englezii-au-avut-un-rege-legendar-sf-edmund-martirul-care-se-pare-ca-detinea-puteri-miraculoase-dupa-moarte\/","og_site_name":"Secretele lui Lovendal","article_publisher":"https:\/\/www.facebook.com\/secreteleluilovendal","article_published_time":"2017-09-24T13:52:55+00:00","og_image":[{"width":338,"height":249,"url":"https:\/\/www.lovendal.ro\/wp52\/wp-content\/uploads\/2017\/09\/sf-edmund.jpg","type":"image\/jpeg"}],"author":"admin","twitter_card":"summary_large_image","twitter_misc":{"Scris de":"admin","Timp estimat pentru citire":"3 minute"},"schema":{"@context":"https:\/\/schema.org","@graph":[{"@type":"Article","@id":"https:\/\/www.lovendal.ro\/wp52\/englezii-au-avut-un-rege-legendar-sf-edmund-martirul-care-se-pare-ca-detinea-puteri-miraculoase-dupa-moarte\/#article","isPartOf":{"@id":"https:\/\/www.lovendal.ro\/wp52\/englezii-au-avut-un-rege-legendar-sf-edmund-martirul-care-se-pare-ca-detinea-puteri-miraculoase-dupa-moarte\/"},"author":{"name":"admin","@id":"https:\/\/www.lovendal.ro\/wp52\/#\/schema\/person\/088691de5dfc346bb0c023e1e52ef5d9"},"headline":"Englezii au avut un rege legendar, Sf. Edmund Martirul, care se pare c\u0103 de\u0163inea puteri miraculoase dup\u0103 moarte","datePublished":"2017-09-24T13:52:55+00:00","mainEntityOfPage":{"@id":"https:\/\/www.lovendal.ro\/wp52\/englezii-au-avut-un-rege-legendar-sf-edmund-martirul-care-se-pare-ca-detinea-puteri-miraculoase-dupa-moarte\/"},"wordCount":672,"commentCount":0,"publisher":{"@id":"https:\/\/www.lovendal.ro\/wp52\/#organization"},"image":{"@id":"https:\/\/www.lovendal.ro\/wp52\/englezii-au-avut-un-rege-legendar-sf-edmund-martirul-care-se-pare-ca-detinea-puteri-miraculoase-dupa-moarte\/#primaryimage"},"thumbnailUrl":"https:\/\/www.lovendal.ro\/wp52\/wp-content\/uploads\/2017\/09\/sf-edmund.jpg","keywords":["Anglia","arici","c\u0103lug\u0103r","cap","corp","cre\u015ftin","cript\u0103","Dumnezeu","fier","fotbal","furtun\u0103","gunoi","Istorie si Civilizatii","lup","moarte","morm\u00e2nt","oase","ora\u015f","p\u0103dure","p\u0103r","rege","s\u0103ge\u0163i","Sf. Edmund","stejar","vicar","vikingi"],"articleSection":["Istorie si Civilizatii","Noutati"],"inLanguage":"ro-RO","potentialAction":[{"@type":"CommentAction","name":"Comment","target":["https:\/\/www.lovendal.ro\/wp52\/englezii-au-avut-un-rege-legendar-sf-edmund-martirul-care-se-pare-ca-detinea-puteri-miraculoase-dupa-moarte\/#respond"]}]},{"@type":"WebPage","@id":"https:\/\/www.lovendal.ro\/wp52\/englezii-au-avut-un-rege-legendar-sf-edmund-martirul-care-se-pare-ca-detinea-puteri-miraculoase-dupa-moarte\/","url":"https:\/\/www.lovendal.ro\/wp52\/englezii-au-avut-un-rege-legendar-sf-edmund-martirul-care-se-pare-ca-detinea-puteri-miraculoase-dupa-moarte\/","name":"Englezii au avut un rege legendar, Sf. Edmund Martirul, care se pare c\u0103 de\u0163inea puteri miraculoase dup\u0103 moarte - Secretele lui Lovendal","isPartOf":{"@id":"https:\/\/www.lovendal.ro\/wp52\/#website"},"primaryImageOfPage":{"@id":"https:\/\/www.lovendal.ro\/wp52\/englezii-au-avut-un-rege-legendar-sf-edmund-martirul-care-se-pare-ca-detinea-puteri-miraculoase-dupa-moarte\/#primaryimage"},"image":{"@id":"https:\/\/www.lovendal.ro\/wp52\/englezii-au-avut-un-rege-legendar-sf-edmund-martirul-care-se-pare-ca-detinea-puteri-miraculoase-dupa-moarte\/#primaryimage"},"thumbnailUrl":"https:\/\/www.lovendal.ro\/wp52\/wp-content\/uploads\/2017\/09\/sf-edmund.jpg","datePublished":"2017-09-24T13:52:55+00:00","breadcrumb":{"@id":"https:\/\/www.lovendal.ro\/wp52\/englezii-au-avut-un-rege-legendar-sf-edmund-martirul-care-se-pare-ca-detinea-puteri-miraculoase-dupa-moarte\/#breadcrumb"},"inLanguage":"ro-RO","potentialAction":[{"@type":"ReadAction","target":["https:\/\/www.lovendal.ro\/wp52\/englezii-au-avut-un-rege-legendar-sf-edmund-martirul-care-se-pare-ca-detinea-puteri-miraculoase-dupa-moarte\/"]}]},{"@type":"ImageObject","inLanguage":"ro-RO","@id":"https:\/\/www.lovendal.ro\/wp52\/englezii-au-avut-un-rege-legendar-sf-edmund-martirul-care-se-pare-ca-detinea-puteri-miraculoase-dupa-moarte\/#primaryimage","url":"https:\/\/www.lovendal.ro\/wp52\/wp-content\/uploads\/2017\/09\/sf-edmund.jpg","contentUrl":"https:\/\/www.lovendal.ro\/wp52\/wp-content\/uploads\/2017\/09\/sf-edmund.jpg","width":338,"height":249},{"@type":"BreadcrumbList","@id":"https:\/\/www.lovendal.ro\/wp52\/englezii-au-avut-un-rege-legendar-sf-edmund-martirul-care-se-pare-ca-detinea-puteri-miraculoase-dupa-moarte\/#breadcrumb","itemListElement":[{"@type":"ListItem","position":1,"name":"Home","item":"https:\/\/www.lovendal.ro\/wp52\/"},{"@type":"ListItem","position":2,"name":"Englezii au avut un rege legendar, Sf. Edmund Martirul, care se pare c\u0103 de\u0163inea puteri miraculoase dup\u0103 moarte"}]},{"@type":"WebSite","@id":"https:\/\/www.lovendal.ro\/wp52\/#website","url":"https:\/\/www.lovendal.ro\/wp52\/","name":"Secretele lui Lovendal","description":"Site de secrete, stiinta si metafizica - din 2008 -","publisher":{"@id":"https:\/\/www.lovendal.ro\/wp52\/#organization"},"potentialAction":[{"@type":"SearchAction","target":{"@type":"EntryPoint","urlTemplate":"https:\/\/www.lovendal.ro\/wp52\/?s={search_term_string}"},"query-input":{"@type":"PropertyValueSpecification","valueRequired":true,"valueName":"search_term_string"}}],"inLanguage":"ro-RO"},{"@type":"Organization","@id":"https:\/\/www.lovendal.ro\/wp52\/#organization","name":"Secretele lui Lovendal","url":"https:\/\/www.lovendal.ro\/wp52\/","logo":{"@type":"ImageObject","inLanguage":"ro-RO","@id":"https:\/\/www.lovendal.ro\/wp52\/#\/schema\/logo\/image\/","url":"https:\/\/www.lovendal.ro\/wp52\/wp-content\/uploads\/2024\/06\/cropped-SLL-iun-2024-1.jpg","contentUrl":"https:\/\/www.lovendal.ro\/wp52\/wp-content\/uploads\/2024\/06\/cropped-SLL-iun-2024-1.jpg","width":771,"height":240,"caption":"Secretele lui Lovendal"},"image":{"@id":"https:\/\/www.lovendal.ro\/wp52\/#\/schema\/logo\/image\/"},"sameAs":["https:\/\/www.facebook.com\/secreteleluilovendal"]},{"@type":"Person","@id":"https:\/\/www.lovendal.ro\/wp52\/#\/schema\/person\/088691de5dfc346bb0c023e1e52ef5d9","name":"admin","image":{"@type":"ImageObject","inLanguage":"ro-RO","@id":"https:\/\/secure.gravatar.com\/avatar\/ecb9cd41f5f63c9c9b989999a59f6e2639a865ec361e9db054db0679a8f341c2?s=96&d=mm&r=g","url":"https:\/\/secure.gravatar.com\/avatar\/ecb9cd41f5f63c9c9b989999a59f6e2639a865ec361e9db054db0679a8f341c2?s=96&d=mm&r=g","contentUrl":"https:\/\/secure.gravatar.com\/avatar\/ecb9cd41f5f63c9c9b989999a59f6e2639a865ec361e9db054db0679a8f341c2?s=96&d=mm&r=g","caption":"admin"},"sameAs":["https:\/\/www.lovendal.ro\/wp52"]}]}},"_links":{"self":[{"href":"https:\/\/www.lovendal.ro\/wp52\/wp-json\/wp\/v2\/posts\/53072","targetHints":{"allow":["GET"]}}],"collection":[{"href":"https:\/\/www.lovendal.ro\/wp52\/wp-json\/wp\/v2\/posts"}],"about":[{"href":"https:\/\/www.lovendal.ro\/wp52\/wp-json\/wp\/v2\/types\/post"}],"author":[{"embeddable":true,"href":"https:\/\/www.lovendal.ro\/wp52\/wp-json\/wp\/v2\/users\/1"}],"replies":[{"embeddable":true,"href":"https:\/\/www.lovendal.ro\/wp52\/wp-json\/wp\/v2\/comments?post=53072"}],"version-history":[{"count":0,"href":"https:\/\/www.lovendal.ro\/wp52\/wp-json\/wp\/v2\/posts\/53072\/revisions"}],"wp:featuredmedia":[{"embeddable":true,"href":"https:\/\/www.lovendal.ro\/wp52\/wp-json\/wp\/v2\/media\/53074"}],"wp:attachment":[{"href":"https:\/\/www.lovendal.ro\/wp52\/wp-json\/wp\/v2\/media?parent=53072"}],"wp:term":[{"taxonomy":"category","embeddable":true,"href":"https:\/\/www.lovendal.ro\/wp52\/wp-json\/wp\/v2\/categories?post=53072"},{"taxonomy":"post_tag","embeddable":true,"href":"https:\/\/www.lovendal.ro\/wp52\/wp-json\/wp\/v2\/tags?post=53072"}],"curies":[{"name":"wp","href":"https:\/\/api.w.org\/{rel}","templated":true}]}}