{"id":53039,"date":"2017-09-22T23:47:09","date_gmt":"2017-09-22T20:47:09","guid":{"rendered":"http:\/\/www.lovendal.ro\/wp52\/?p=53039"},"modified":"2017-09-22T23:47:54","modified_gmt":"2017-09-22T20:47:54","slug":"ce-poate-fi-aceasta-fotografie-o-aurora-polara-ce-ia-forma-unei-pasari-imense","status":"publish","type":"post","link":"https:\/\/www.lovendal.ro\/wp52\/ce-poate-fi-aceasta-fotografie-o-aurora-polara-ce-ia-forma-unei-pasari-imense\/","title":{"rendered":"Ce poate fi aceast\u0103 fotografie? O auror\u0103 polar\u0103 ce ia forma unei p\u0103s\u0103ri imense!"},"content":{"rendered":"<p><a href=\"https:\/\/www.lovendal.ro\/wp52\/wp-content\/uploads\/2017\/09\/aurora-pasare.jpg\"><img loading=\"lazy\" decoding=\"async\" class=\"alignleft size-full wp-image-53040\" src=\"https:\/\/www.lovendal.ro\/wp52\/wp-content\/uploads\/2017\/09\/aurora-pasare.jpg\" alt=\"\" width=\"334\" height=\"266\" srcset=\"https:\/\/www.lovendal.ro\/wp52\/wp-content\/uploads\/2017\/09\/aurora-pasare.jpg 334w, https:\/\/www.lovendal.ro\/wp52\/wp-content\/uploads\/2017\/09\/aurora-pasare-300x239.jpg 300w\" sizes=\"auto, (max-width: 334px) 100vw, 334px\" \/><\/a>Un fotograf din Finlanda a reu\u0219it s\u0103 fac\u0103 ni\u0219te fotografii incredibile asupra unei aurore uimitoare, \u00een form\u0103 de pas\u0103re. Imaginile au fost surprinse la Rovaniemi, Laponia.<\/p>\n<p><em>&#8222;Conduceam spre cas\u0103, venind dintr-o alt\u0103 loca\u021bie, iar aceste lumini erau at\u00eet de str\u0103lucitoare, \u00eenc\u00e2t a trebuit s\u0103 m\u0103 opresc \u0219i s\u0103 trag mai multe cadre. Luna plin\u0103 a mai diminuat din lumin\u0103 pu\u0163in, dar \u00eenc\u0103 aurora era foarte str\u0103lucitoare!&#8221;<\/em>, a declarat fotograful Jani Ylinampa.<\/p>\n<p>Aurora polar\u0103 este un fenomen optic ce const\u0103 \u00eentr-o str\u0103lucire intens\u0103 observat\u0103 pe cerul nocturn \u00een regiunile din proximitatea zonelor polare, ca rezultat al impactului particulelor de v\u00e2nt solar \u00een c\u00e2mpul magnetic terestru. C\u00e2nd apare \u00een emisfera nordic\u0103, fenomenul e cunoscut sub numele de aurora boreal\u0103, termen folosit ini\u021bial de Galileo Galilei, cu referire la zei\u021ba roman\u0103 a zorilor, Aurora, \u0219i la titanul care reprezenta v\u00e2nturile, Boreas. Apare \u00een mod normal \u00een intervalele septembrie-octombrie \u0219i martie-aprilie. \u00cen emisfera sudic\u0103, fenomenul poart\u0103 numele de auror\u0103 austral\u0103, dup\u0103 James Cook, o referin\u021b\u0103 direct\u0103 la faptul c\u0103 apare \u00een sud.<\/p>\n<p>Fenomenul nu este exclusiv terestru, fiind observat \u0219i pe alte planete din sistemul solar, precum Jupiter, Saturn, Marte \u0219i Venus. Totodat\u0103, fenomenul este de origine natural\u0103, de\u0219i poate fi reprodus artificial prin explozii nucleare sau \u00een laborator.<\/p>\n<p><a href=\"https:\/\/www.lovendal.ro\/wp52\/wp-content\/uploads\/2017\/09\/aurora-pasare-1.jpg\"><img loading=\"lazy\" decoding=\"async\" class=\"aligncenter size-full wp-image-53041\" src=\"https:\/\/www.lovendal.ro\/wp52\/wp-content\/uploads\/2017\/09\/aurora-pasare-1.jpg\" alt=\"\" width=\"540\" height=\"537\" srcset=\"https:\/\/www.lovendal.ro\/wp52\/wp-content\/uploads\/2017\/09\/aurora-pasare-1.jpg 540w, https:\/\/www.lovendal.ro\/wp52\/wp-content\/uploads\/2017\/09\/aurora-pasare-1-150x150.jpg 150w, https:\/\/www.lovendal.ro\/wp52\/wp-content\/uploads\/2017\/09\/aurora-pasare-1-300x298.jpg 300w, https:\/\/www.lovendal.ro\/wp52\/wp-content\/uploads\/2017\/09\/aurora-pasare-1-65x65.jpg 65w\" sizes=\"auto, (max-width: 540px) 100vw, 540px\" \/><\/a><\/p>\n<p><em><strong>Sursa (traducerea \u015fi adaptarea proprie):<\/strong><\/em> <a href=\"http:\/\/spaceweathergallery.com\/indiv_upload.php?upload_id=138948\" target=\"_blank\" rel=\"noopener\"><strong>spaceweathergallery.com<\/strong><\/a><\/p>\n","protected":false},"excerpt":{"rendered":"<p>Un fotograf din Finlanda a reu\u0219it s\u0103 fac\u0103 ni\u0219te fotografii incredibile asupra unei aurore uimitoare, \u00een form\u0103 de pas\u0103re. Imaginile au fost surprinse la Rovaniemi, Laponia. &#8222;Conduceam spre cas\u0103, venind dintr-o alt\u0103 loca\u021bie, iar aceste lumini erau at\u00eet de str\u0103lucitoare, &#8230; <\/p>\n<p class=\"read-more-container\"><a title=\"Ce poate fi aceast\u0103 fotografie? O auror\u0103 polar\u0103 ce ia forma unei p\u0103s\u0103ri imense!\" class=\"read-more button\" href=\"https:\/\/www.lovendal.ro\/wp52\/ce-poate-fi-aceasta-fotografie-o-aurora-polara-ce-ia-forma-unei-pasari-imense\/#more-53039\" aria-label=\"Cite\u0219te mai multe despre Ce poate fi aceast\u0103 fotografie? O auror\u0103 polar\u0103 ce ia forma unei p\u0103s\u0103ri imense!\">Cititi mai multe<\/a><\/p>\n","protected":false},"author":1,"featured_media":53040,"comment_status":"open","ping_status":"closed","sticky":false,"template":"","format":"standard","meta":{"footnotes":""},"categories":[2833,2761],"tags":[6885,5221,5812,1662,9715,1304,15,154,731,4724,952,149,156,105,732,9812,155,3417,4477,1029],"class_list":["post-53039","post","type-post","status-publish","format-standard","has-post-thumbnail","hentry","category-noutati","category-poze-controversate","tag-aurora","tag-aurora-australa","tag-aurora-boreala","tag-camp-magnetic","tag-explozie-nucleara","tag-finlanda","tag-fotografie","tag-galileo-galilei","tag-jupiter","tag-laborator","tag-lumina","tag-luna","tag-marte","tag-pamant","tag-planeta","tag-poze-controversate","tag-saturn","tag-sistem-solar","tag-vant-solar","tag-venus"],"yoast_head":"<!-- This site is optimized with the Yoast SEO Premium plugin v23.3 (Yoast SEO v27.4) - https:\/\/yoast.com\/product\/yoast-seo-premium-wordpress\/ -->\n<title>Ce poate fi aceast\u0103 fotografie? O auror\u0103 polar\u0103 ce ia forma unei p\u0103s\u0103ri imense! - Secretele lui Lovendal<\/title>\n<meta name=\"robots\" content=\"index, follow, max-snippet:-1, max-image-preview:large, max-video-preview:-1\" \/>\n<link rel=\"canonical\" href=\"https:\/\/www.lovendal.ro\/wp52\/ce-poate-fi-aceasta-fotografie-o-aurora-polara-ce-ia-forma-unei-pasari-imense\/\" \/>\n<meta property=\"og:locale\" content=\"ro_RO\" \/>\n<meta property=\"og:type\" content=\"article\" \/>\n<meta property=\"og:title\" content=\"Ce poate fi aceast\u0103 fotografie? O auror\u0103 polar\u0103 ce ia forma unei p\u0103s\u0103ri imense!\" \/>\n<meta property=\"og:description\" content=\"Un fotograf din Finlanda a reu\u0219it s\u0103 fac\u0103 ni\u0219te fotografii incredibile asupra unei aurore uimitoare, \u00een form\u0103 de pas\u0103re. Imaginile au fost surprinse la Rovaniemi, Laponia. &#8222;Conduceam spre cas\u0103, venind dintr-o alt\u0103 loca\u021bie, iar aceste lumini erau at\u00eet de str\u0103lucitoare, ... Cititi mai multe\" \/>\n<meta property=\"og:url\" content=\"https:\/\/www.lovendal.ro\/wp52\/ce-poate-fi-aceasta-fotografie-o-aurora-polara-ce-ia-forma-unei-pasari-imense\/\" \/>\n<meta property=\"og:site_name\" content=\"Secretele lui Lovendal\" \/>\n<meta property=\"article:publisher\" content=\"https:\/\/www.facebook.com\/secreteleluilovendal\" \/>\n<meta property=\"article:published_time\" content=\"2017-09-22T20:47:09+00:00\" \/>\n<meta property=\"article:modified_time\" content=\"2017-09-22T20:47:54+00:00\" \/>\n<meta property=\"og:image\" content=\"https:\/\/www.lovendal.ro\/wp52\/wp-content\/uploads\/2017\/09\/aurora-pasare.jpg\" \/>\n\t<meta property=\"og:image:width\" content=\"334\" \/>\n\t<meta property=\"og:image:height\" content=\"266\" \/>\n\t<meta property=\"og:image:type\" content=\"image\/jpeg\" \/>\n<meta name=\"author\" content=\"admin\" \/>\n<meta name=\"twitter:card\" content=\"summary_large_image\" \/>\n<meta name=\"twitter:label1\" content=\"Scris de\" \/>\n\t<meta name=\"twitter:data1\" content=\"admin\" \/>\n\t<meta name=\"twitter:label2\" content=\"Timp estimat pentru citire\" \/>\n\t<meta name=\"twitter:data2\" content=\"1 minut\" \/>\n<script type=\"application\/ld+json\" class=\"yoast-schema-graph\">{\"@context\":\"https:\\\/\\\/schema.org\",\"@graph\":[{\"@type\":\"Article\",\"@id\":\"https:\\\/\\\/www.lovendal.ro\\\/wp52\\\/ce-poate-fi-aceasta-fotografie-o-aurora-polara-ce-ia-forma-unei-pasari-imense\\\/#article\",\"isPartOf\":{\"@id\":\"https:\\\/\\\/www.lovendal.ro\\\/wp52\\\/ce-poate-fi-aceasta-fotografie-o-aurora-polara-ce-ia-forma-unei-pasari-imense\\\/\"},\"author\":{\"name\":\"admin\",\"@id\":\"https:\\\/\\\/www.lovendal.ro\\\/wp52\\\/#\\\/schema\\\/person\\\/088691de5dfc346bb0c023e1e52ef5d9\"},\"headline\":\"Ce poate fi aceast\u0103 fotografie? O auror\u0103 polar\u0103 ce ia forma unei p\u0103s\u0103ri imense!\",\"datePublished\":\"2017-09-22T20:47:09+00:00\",\"dateModified\":\"2017-09-22T20:47:54+00:00\",\"mainEntityOfPage\":{\"@id\":\"https:\\\/\\\/www.lovendal.ro\\\/wp52\\\/ce-poate-fi-aceasta-fotografie-o-aurora-polara-ce-ia-forma-unei-pasari-imense\\\/\"},\"wordCount\":245,\"commentCount\":1,\"publisher\":{\"@id\":\"https:\\\/\\\/www.lovendal.ro\\\/wp52\\\/#organization\"},\"image\":{\"@id\":\"https:\\\/\\\/www.lovendal.ro\\\/wp52\\\/ce-poate-fi-aceasta-fotografie-o-aurora-polara-ce-ia-forma-unei-pasari-imense\\\/#primaryimage\"},\"thumbnailUrl\":\"https:\\\/\\\/www.lovendal.ro\\\/wp52\\\/wp-content\\\/uploads\\\/2017\\\/09\\\/aurora-pasare.jpg\",\"keywords\":[\"Aurora\",\"aurora austral\u0103\",\"auror\u0103 boreal\u0103\",\"c\u00e2mp magnetic\",\"explozie nuclear\u0103\",\"Finlanda\",\"fotografie\",\"Galileo Galilei\",\"Jupiter\",\"laborator\",\"lumin\u0103\",\"Lun\u0103\",\"Marte\",\"P\u0103m\u00e2nt\",\"planet\u0103\",\"Poze controversate\",\"Saturn\",\"sistem solar\",\"v\u00e2nt solar\",\"Venus\"],\"articleSection\":[\"Noutati\",\"Poze controversate\"],\"inLanguage\":\"ro-RO\",\"potentialAction\":[{\"@type\":\"CommentAction\",\"name\":\"Comment\",\"target\":[\"https:\\\/\\\/www.lovendal.ro\\\/wp52\\\/ce-poate-fi-aceasta-fotografie-o-aurora-polara-ce-ia-forma-unei-pasari-imense\\\/#respond\"]}]},{\"@type\":\"WebPage\",\"@id\":\"https:\\\/\\\/www.lovendal.ro\\\/wp52\\\/ce-poate-fi-aceasta-fotografie-o-aurora-polara-ce-ia-forma-unei-pasari-imense\\\/\",\"url\":\"https:\\\/\\\/www.lovendal.ro\\\/wp52\\\/ce-poate-fi-aceasta-fotografie-o-aurora-polara-ce-ia-forma-unei-pasari-imense\\\/\",\"name\":\"Ce poate fi aceast\u0103 fotografie? O auror\u0103 polar\u0103 ce ia forma unei p\u0103s\u0103ri imense! - Secretele lui Lovendal\",\"isPartOf\":{\"@id\":\"https:\\\/\\\/www.lovendal.ro\\\/wp52\\\/#website\"},\"primaryImageOfPage\":{\"@id\":\"https:\\\/\\\/www.lovendal.ro\\\/wp52\\\/ce-poate-fi-aceasta-fotografie-o-aurora-polara-ce-ia-forma-unei-pasari-imense\\\/#primaryimage\"},\"image\":{\"@id\":\"https:\\\/\\\/www.lovendal.ro\\\/wp52\\\/ce-poate-fi-aceasta-fotografie-o-aurora-polara-ce-ia-forma-unei-pasari-imense\\\/#primaryimage\"},\"thumbnailUrl\":\"https:\\\/\\\/www.lovendal.ro\\\/wp52\\\/wp-content\\\/uploads\\\/2017\\\/09\\\/aurora-pasare.jpg\",\"datePublished\":\"2017-09-22T20:47:09+00:00\",\"dateModified\":\"2017-09-22T20:47:54+00:00\",\"breadcrumb\":{\"@id\":\"https:\\\/\\\/www.lovendal.ro\\\/wp52\\\/ce-poate-fi-aceasta-fotografie-o-aurora-polara-ce-ia-forma-unei-pasari-imense\\\/#breadcrumb\"},\"inLanguage\":\"ro-RO\",\"potentialAction\":[{\"@type\":\"ReadAction\",\"target\":[\"https:\\\/\\\/www.lovendal.ro\\\/wp52\\\/ce-poate-fi-aceasta-fotografie-o-aurora-polara-ce-ia-forma-unei-pasari-imense\\\/\"]}]},{\"@type\":\"ImageObject\",\"inLanguage\":\"ro-RO\",\"@id\":\"https:\\\/\\\/www.lovendal.ro\\\/wp52\\\/ce-poate-fi-aceasta-fotografie-o-aurora-polara-ce-ia-forma-unei-pasari-imense\\\/#primaryimage\",\"url\":\"https:\\\/\\\/www.lovendal.ro\\\/wp52\\\/wp-content\\\/uploads\\\/2017\\\/09\\\/aurora-pasare.jpg\",\"contentUrl\":\"https:\\\/\\\/www.lovendal.ro\\\/wp52\\\/wp-content\\\/uploads\\\/2017\\\/09\\\/aurora-pasare.jpg\",\"width\":334,\"height\":266},{\"@type\":\"BreadcrumbList\",\"@id\":\"https:\\\/\\\/www.lovendal.ro\\\/wp52\\\/ce-poate-fi-aceasta-fotografie-o-aurora-polara-ce-ia-forma-unei-pasari-imense\\\/#breadcrumb\",\"itemListElement\":[{\"@type\":\"ListItem\",\"position\":1,\"name\":\"Home\",\"item\":\"https:\\\/\\\/www.lovendal.ro\\\/wp52\\\/\"},{\"@type\":\"ListItem\",\"position\":2,\"name\":\"Ce poate fi aceast\u0103 fotografie? O auror\u0103 polar\u0103 ce ia forma unei p\u0103s\u0103ri imense!\"}]},{\"@type\":\"WebSite\",\"@id\":\"https:\\\/\\\/www.lovendal.ro\\\/wp52\\\/#website\",\"url\":\"https:\\\/\\\/www.lovendal.ro\\\/wp52\\\/\",\"name\":\"Secretele lui Lovendal\",\"description\":\"Site de secrete, stiinta si metafizica - din 2008 -\",\"publisher\":{\"@id\":\"https:\\\/\\\/www.lovendal.ro\\\/wp52\\\/#organization\"},\"potentialAction\":[{\"@type\":\"SearchAction\",\"target\":{\"@type\":\"EntryPoint\",\"urlTemplate\":\"https:\\\/\\\/www.lovendal.ro\\\/wp52\\\/?s={search_term_string}\"},\"query-input\":{\"@type\":\"PropertyValueSpecification\",\"valueRequired\":true,\"valueName\":\"search_term_string\"}}],\"inLanguage\":\"ro-RO\"},{\"@type\":\"Organization\",\"@id\":\"https:\\\/\\\/www.lovendal.ro\\\/wp52\\\/#organization\",\"name\":\"Secretele lui Lovendal\",\"url\":\"https:\\\/\\\/www.lovendal.ro\\\/wp52\\\/\",\"logo\":{\"@type\":\"ImageObject\",\"inLanguage\":\"ro-RO\",\"@id\":\"https:\\\/\\\/www.lovendal.ro\\\/wp52\\\/#\\\/schema\\\/logo\\\/image\\\/\",\"url\":\"https:\\\/\\\/www.lovendal.ro\\\/wp52\\\/wp-content\\\/uploads\\\/2024\\\/06\\\/cropped-SLL-iun-2024-1.jpg\",\"contentUrl\":\"https:\\\/\\\/www.lovendal.ro\\\/wp52\\\/wp-content\\\/uploads\\\/2024\\\/06\\\/cropped-SLL-iun-2024-1.jpg\",\"width\":771,\"height\":240,\"caption\":\"Secretele lui Lovendal\"},\"image\":{\"@id\":\"https:\\\/\\\/www.lovendal.ro\\\/wp52\\\/#\\\/schema\\\/logo\\\/image\\\/\"},\"sameAs\":[\"https:\\\/\\\/www.facebook.com\\\/secreteleluilovendal\"]},{\"@type\":\"Person\",\"@id\":\"https:\\\/\\\/www.lovendal.ro\\\/wp52\\\/#\\\/schema\\\/person\\\/088691de5dfc346bb0c023e1e52ef5d9\",\"name\":\"admin\",\"image\":{\"@type\":\"ImageObject\",\"inLanguage\":\"ro-RO\",\"@id\":\"https:\\\/\\\/secure.gravatar.com\\\/avatar\\\/ecb9cd41f5f63c9c9b989999a59f6e2639a865ec361e9db054db0679a8f341c2?s=96&d=mm&r=g\",\"url\":\"https:\\\/\\\/secure.gravatar.com\\\/avatar\\\/ecb9cd41f5f63c9c9b989999a59f6e2639a865ec361e9db054db0679a8f341c2?s=96&d=mm&r=g\",\"contentUrl\":\"https:\\\/\\\/secure.gravatar.com\\\/avatar\\\/ecb9cd41f5f63c9c9b989999a59f6e2639a865ec361e9db054db0679a8f341c2?s=96&d=mm&r=g\",\"caption\":\"admin\"},\"sameAs\":[\"https:\\\/\\\/www.lovendal.ro\\\/wp52\"]}]}<\/script>\n<!-- \/ Yoast SEO Premium plugin. -->","yoast_head_json":{"title":"Ce poate fi aceast\u0103 fotografie? O auror\u0103 polar\u0103 ce ia forma unei p\u0103s\u0103ri imense! - Secretele lui Lovendal","robots":{"index":"index","follow":"follow","max-snippet":"max-snippet:-1","max-image-preview":"max-image-preview:large","max-video-preview":"max-video-preview:-1"},"canonical":"https:\/\/www.lovendal.ro\/wp52\/ce-poate-fi-aceasta-fotografie-o-aurora-polara-ce-ia-forma-unei-pasari-imense\/","og_locale":"ro_RO","og_type":"article","og_title":"Ce poate fi aceast\u0103 fotografie? O auror\u0103 polar\u0103 ce ia forma unei p\u0103s\u0103ri imense!","og_description":"Un fotograf din Finlanda a reu\u0219it s\u0103 fac\u0103 ni\u0219te fotografii incredibile asupra unei aurore uimitoare, \u00een form\u0103 de pas\u0103re. Imaginile au fost surprinse la Rovaniemi, Laponia. &#8222;Conduceam spre cas\u0103, venind dintr-o alt\u0103 loca\u021bie, iar aceste lumini erau at\u00eet de str\u0103lucitoare, ... Cititi mai multe","og_url":"https:\/\/www.lovendal.ro\/wp52\/ce-poate-fi-aceasta-fotografie-o-aurora-polara-ce-ia-forma-unei-pasari-imense\/","og_site_name":"Secretele lui Lovendal","article_publisher":"https:\/\/www.facebook.com\/secreteleluilovendal","article_published_time":"2017-09-22T20:47:09+00:00","article_modified_time":"2017-09-22T20:47:54+00:00","og_image":[{"width":334,"height":266,"url":"https:\/\/www.lovendal.ro\/wp52\/wp-content\/uploads\/2017\/09\/aurora-pasare.jpg","type":"image\/jpeg"}],"author":"admin","twitter_card":"summary_large_image","twitter_misc":{"Scris de":"admin","Timp estimat pentru citire":"1 minut"},"schema":{"@context":"https:\/\/schema.org","@graph":[{"@type":"Article","@id":"https:\/\/www.lovendal.ro\/wp52\/ce-poate-fi-aceasta-fotografie-o-aurora-polara-ce-ia-forma-unei-pasari-imense\/#article","isPartOf":{"@id":"https:\/\/www.lovendal.ro\/wp52\/ce-poate-fi-aceasta-fotografie-o-aurora-polara-ce-ia-forma-unei-pasari-imense\/"},"author":{"name":"admin","@id":"https:\/\/www.lovendal.ro\/wp52\/#\/schema\/person\/088691de5dfc346bb0c023e1e52ef5d9"},"headline":"Ce poate fi aceast\u0103 fotografie? O auror\u0103 polar\u0103 ce ia forma unei p\u0103s\u0103ri imense!","datePublished":"2017-09-22T20:47:09+00:00","dateModified":"2017-09-22T20:47:54+00:00","mainEntityOfPage":{"@id":"https:\/\/www.lovendal.ro\/wp52\/ce-poate-fi-aceasta-fotografie-o-aurora-polara-ce-ia-forma-unei-pasari-imense\/"},"wordCount":245,"commentCount":1,"publisher":{"@id":"https:\/\/www.lovendal.ro\/wp52\/#organization"},"image":{"@id":"https:\/\/www.lovendal.ro\/wp52\/ce-poate-fi-aceasta-fotografie-o-aurora-polara-ce-ia-forma-unei-pasari-imense\/#primaryimage"},"thumbnailUrl":"https:\/\/www.lovendal.ro\/wp52\/wp-content\/uploads\/2017\/09\/aurora-pasare.jpg","keywords":["Aurora","aurora austral\u0103","auror\u0103 boreal\u0103","c\u00e2mp magnetic","explozie nuclear\u0103","Finlanda","fotografie","Galileo Galilei","Jupiter","laborator","lumin\u0103","Lun\u0103","Marte","P\u0103m\u00e2nt","planet\u0103","Poze controversate","Saturn","sistem solar","v\u00e2nt solar","Venus"],"articleSection":["Noutati","Poze controversate"],"inLanguage":"ro-RO","potentialAction":[{"@type":"CommentAction","name":"Comment","target":["https:\/\/www.lovendal.ro\/wp52\/ce-poate-fi-aceasta-fotografie-o-aurora-polara-ce-ia-forma-unei-pasari-imense\/#respond"]}]},{"@type":"WebPage","@id":"https:\/\/www.lovendal.ro\/wp52\/ce-poate-fi-aceasta-fotografie-o-aurora-polara-ce-ia-forma-unei-pasari-imense\/","url":"https:\/\/www.lovendal.ro\/wp52\/ce-poate-fi-aceasta-fotografie-o-aurora-polara-ce-ia-forma-unei-pasari-imense\/","name":"Ce poate fi aceast\u0103 fotografie? O auror\u0103 polar\u0103 ce ia forma unei p\u0103s\u0103ri imense! - Secretele lui Lovendal","isPartOf":{"@id":"https:\/\/www.lovendal.ro\/wp52\/#website"},"primaryImageOfPage":{"@id":"https:\/\/www.lovendal.ro\/wp52\/ce-poate-fi-aceasta-fotografie-o-aurora-polara-ce-ia-forma-unei-pasari-imense\/#primaryimage"},"image":{"@id":"https:\/\/www.lovendal.ro\/wp52\/ce-poate-fi-aceasta-fotografie-o-aurora-polara-ce-ia-forma-unei-pasari-imense\/#primaryimage"},"thumbnailUrl":"https:\/\/www.lovendal.ro\/wp52\/wp-content\/uploads\/2017\/09\/aurora-pasare.jpg","datePublished":"2017-09-22T20:47:09+00:00","dateModified":"2017-09-22T20:47:54+00:00","breadcrumb":{"@id":"https:\/\/www.lovendal.ro\/wp52\/ce-poate-fi-aceasta-fotografie-o-aurora-polara-ce-ia-forma-unei-pasari-imense\/#breadcrumb"},"inLanguage":"ro-RO","potentialAction":[{"@type":"ReadAction","target":["https:\/\/www.lovendal.ro\/wp52\/ce-poate-fi-aceasta-fotografie-o-aurora-polara-ce-ia-forma-unei-pasari-imense\/"]}]},{"@type":"ImageObject","inLanguage":"ro-RO","@id":"https:\/\/www.lovendal.ro\/wp52\/ce-poate-fi-aceasta-fotografie-o-aurora-polara-ce-ia-forma-unei-pasari-imense\/#primaryimage","url":"https:\/\/www.lovendal.ro\/wp52\/wp-content\/uploads\/2017\/09\/aurora-pasare.jpg","contentUrl":"https:\/\/www.lovendal.ro\/wp52\/wp-content\/uploads\/2017\/09\/aurora-pasare.jpg","width":334,"height":266},{"@type":"BreadcrumbList","@id":"https:\/\/www.lovendal.ro\/wp52\/ce-poate-fi-aceasta-fotografie-o-aurora-polara-ce-ia-forma-unei-pasari-imense\/#breadcrumb","itemListElement":[{"@type":"ListItem","position":1,"name":"Home","item":"https:\/\/www.lovendal.ro\/wp52\/"},{"@type":"ListItem","position":2,"name":"Ce poate fi aceast\u0103 fotografie? O auror\u0103 polar\u0103 ce ia forma unei p\u0103s\u0103ri imense!"}]},{"@type":"WebSite","@id":"https:\/\/www.lovendal.ro\/wp52\/#website","url":"https:\/\/www.lovendal.ro\/wp52\/","name":"Secretele lui Lovendal","description":"Site de secrete, stiinta si metafizica - din 2008 -","publisher":{"@id":"https:\/\/www.lovendal.ro\/wp52\/#organization"},"potentialAction":[{"@type":"SearchAction","target":{"@type":"EntryPoint","urlTemplate":"https:\/\/www.lovendal.ro\/wp52\/?s={search_term_string}"},"query-input":{"@type":"PropertyValueSpecification","valueRequired":true,"valueName":"search_term_string"}}],"inLanguage":"ro-RO"},{"@type":"Organization","@id":"https:\/\/www.lovendal.ro\/wp52\/#organization","name":"Secretele lui Lovendal","url":"https:\/\/www.lovendal.ro\/wp52\/","logo":{"@type":"ImageObject","inLanguage":"ro-RO","@id":"https:\/\/www.lovendal.ro\/wp52\/#\/schema\/logo\/image\/","url":"https:\/\/www.lovendal.ro\/wp52\/wp-content\/uploads\/2024\/06\/cropped-SLL-iun-2024-1.jpg","contentUrl":"https:\/\/www.lovendal.ro\/wp52\/wp-content\/uploads\/2024\/06\/cropped-SLL-iun-2024-1.jpg","width":771,"height":240,"caption":"Secretele lui Lovendal"},"image":{"@id":"https:\/\/www.lovendal.ro\/wp52\/#\/schema\/logo\/image\/"},"sameAs":["https:\/\/www.facebook.com\/secreteleluilovendal"]},{"@type":"Person","@id":"https:\/\/www.lovendal.ro\/wp52\/#\/schema\/person\/088691de5dfc346bb0c023e1e52ef5d9","name":"admin","image":{"@type":"ImageObject","inLanguage":"ro-RO","@id":"https:\/\/secure.gravatar.com\/avatar\/ecb9cd41f5f63c9c9b989999a59f6e2639a865ec361e9db054db0679a8f341c2?s=96&d=mm&r=g","url":"https:\/\/secure.gravatar.com\/avatar\/ecb9cd41f5f63c9c9b989999a59f6e2639a865ec361e9db054db0679a8f341c2?s=96&d=mm&r=g","contentUrl":"https:\/\/secure.gravatar.com\/avatar\/ecb9cd41f5f63c9c9b989999a59f6e2639a865ec361e9db054db0679a8f341c2?s=96&d=mm&r=g","caption":"admin"},"sameAs":["https:\/\/www.lovendal.ro\/wp52"]}]}},"_links":{"self":[{"href":"https:\/\/www.lovendal.ro\/wp52\/wp-json\/wp\/v2\/posts\/53039","targetHints":{"allow":["GET"]}}],"collection":[{"href":"https:\/\/www.lovendal.ro\/wp52\/wp-json\/wp\/v2\/posts"}],"about":[{"href":"https:\/\/www.lovendal.ro\/wp52\/wp-json\/wp\/v2\/types\/post"}],"author":[{"embeddable":true,"href":"https:\/\/www.lovendal.ro\/wp52\/wp-json\/wp\/v2\/users\/1"}],"replies":[{"embeddable":true,"href":"https:\/\/www.lovendal.ro\/wp52\/wp-json\/wp\/v2\/comments?post=53039"}],"version-history":[{"count":0,"href":"https:\/\/www.lovendal.ro\/wp52\/wp-json\/wp\/v2\/posts\/53039\/revisions"}],"wp:featuredmedia":[{"embeddable":true,"href":"https:\/\/www.lovendal.ro\/wp52\/wp-json\/wp\/v2\/media\/53040"}],"wp:attachment":[{"href":"https:\/\/www.lovendal.ro\/wp52\/wp-json\/wp\/v2\/media?parent=53039"}],"wp:term":[{"taxonomy":"category","embeddable":true,"href":"https:\/\/www.lovendal.ro\/wp52\/wp-json\/wp\/v2\/categories?post=53039"},{"taxonomy":"post_tag","embeddable":true,"href":"https:\/\/www.lovendal.ro\/wp52\/wp-json\/wp\/v2\/tags?post=53039"}],"curies":[{"name":"wp","href":"https:\/\/api.w.org\/{rel}","templated":true}]}}