{"id":52788,"date":"2017-08-29T23:28:34","date_gmt":"2017-08-29T20:28:34","guid":{"rendered":"http:\/\/www.lovendal.ro\/wp52\/?p=52788"},"modified":"2017-08-29T23:28:34","modified_gmt":"2017-08-29T20:28:34","slug":"dispozitivele-de-free-energy-coler-care-produceau-energie-spatiala-au-fost-confiscate-de-la-nazisti-de-catre-aliati","status":"publish","type":"post","link":"https:\/\/www.lovendal.ro\/wp52\/dispozitivele-de-free-energy-coler-care-produceau-energie-spatiala-au-fost-confiscate-de-la-nazisti-de-catre-aliati\/","title":{"rendered":"Dispozitivele de &#8222;free energy&#8221; Coler, care produceau &#8222;energie spa\u0163ial\u0103&#8221;, au fost confiscate de la nazi\u015fti de c\u0103tre alia\u0163i"},"content":{"rendered":"<p><a href=\"https:\/\/www.lovendal.ro\/wp52\/wp-content\/uploads\/2017\/08\/free-energy.jpg\"><img loading=\"lazy\" decoding=\"async\" class=\"alignleft size-full wp-image-52789\" src=\"https:\/\/www.lovendal.ro\/wp52\/wp-content\/uploads\/2017\/08\/free-energy.jpg\" alt=\"\" width=\"336\" height=\"235\" srcset=\"https:\/\/www.lovendal.ro\/wp52\/wp-content\/uploads\/2017\/08\/free-energy.jpg 336w, https:\/\/www.lovendal.ro\/wp52\/wp-content\/uploads\/2017\/08\/free-energy-300x210.jpg 300w\" sizes=\"auto, (max-width: 336px) 100vw, 336px\" \/><\/a>C\u0103pitanul german Hans Coler a realizat, \u00eentre anii 1920-1930, dou\u0103 dispozitive de tehnologie de energie liber\u0103 (&#8222;free energy&#8221;), ce converteau energia gravimagnetic\u0103 \u00een energie electromagnetic\u0103, direct sub forma curentului electric, f\u0103r\u0103 folosirea surselor primare de natur\u0103 chimic\u0103 sau mecanic\u0103.<\/p>\n<p>Informa\u0163ii relativ recente referitoare la dispozitivele inventate de Hans Coler au devenit accesibile publicului larg \u00een urma declasific\u0103rii raportului nr. 1043, \u00eentocmit \u00een anul 1946 de ministrul R.Hurst, membru al Subcomitetului Britanic pentru Activitatea de Informa\u0163ii, cu titlul &#8222;Inven\u0163ia lui Hans Coler referitoare la o nou\u0103 surs\u0103 de energie &#8222;. Raportul men\u0163iona faptul c\u0103 &#8222;Hans Coler este inventatorul a dou\u0103 dispozitive despre care se presupune c\u0103 sunt capabile s\u0103 genereze energie electric\u0103 f\u0103r\u0103 utilizarea surselor primare de natur\u0103 chimic\u0103 sau mecanic\u0103. &#8221;<\/p>\n<p>Dup\u0103 capitularea necondi\u0163ionat\u0103 a Germaniei, printre documentele capturate de trupele aliate au fost \u015fi o serie de documente ce f\u0103ceau referire la inven\u0163iile lui Coler. De\u015fi ideea a fost ridiculizat\u0103 \u00eenc\u0103 de la \u00eenceput de oamenii de \u015ftiin\u0163\u0103 alia\u0163i, oficialit\u0103\u0163ile britanice au tratat-o cu aten\u0163ia cuvenit\u0103, p\u0103r\u00e2ndu-li-se suspect interesul deosebit manifestat de Marina German\u0103 pentru perfec\u0163ionarea respectivelor dispozitive. Ancheta s-a desf\u0103\u015furat la scurt timp dup\u0103 \u00eencheierea celui de-al doilea r\u0103zboi mondial, \u00eentr-o perioad\u0103 \u00een care Germania era ocupat\u0103 de trupele aliate, iar Hans Coler avea statutul de prizonier de r\u0103zboi.<\/p>\n<p>\u00cen cadrul interogatoriului la care a fost supus, timp de mai multe luni, de ofi\u0163erii \u015fi speciali\u015ftii britanici, Coler a fost \u00eentrebat ini\u0163ial despre istoricul inven\u0163iilor sale, apoi a fost chestionat \u00een leg\u0103tur\u0103 cu teoria care st\u0103 la baza func\u0163ion\u0103rii dispozitivelor. De\u015fi acesta nu a reu\u015fit s\u0103 prezinte \u00eentr-o manier\u0103 coerent\u0103 modul de func\u0163ionare al mecanismului, el a ar\u0103tat c\u0103 cercet\u0103rile sale (realizate cu aparatur\u0103 obi\u015fnuit\u0103), referitoare la natura magnetismului, l-au condus la concluzia c\u0103 feromagnetismul este un fenomen oscilatoriu, cu o frecven\u0163\u0103 de aproximativ 180 kiloher\u0163i. Oscila\u0163ia ce avea loc \u00een circuitul magnetic al dispozitivului inducea \u00een circuitul electric alte oscila\u0163ii, care depindeau de valorile elementelor folosite. Cele dou\u0103 fenomene interac\u0163ionau \u015fi produceau treptat cre\u015fterea tensiunii. Deoarece mecanismul nu a fost \u00een\u0163eles, aranjarea optim\u0103 a elementelor nu a putut fi stabilit\u0103 matematic, ci a fost realizat\u0103 empiric, primul dispozitiv fiind pus \u00een func\u0163iune prin metoda \u00eencerc\u0103rii. Coler a declarat c\u0103 intensitatea c\u00e2mpului magnetic al magne\u0163ilor nu a sc\u0103zut \u00een timpul func\u0163ion\u0103rii dispozitivului \u015fi a sus\u0163inut c\u0103 \u00een timpul testelor a eviden\u0163iat o nou\u0103 form\u0103 de energie, p\u00e2n\u0103 \u00een acel moment necunoscut\u0103, denumit\u0103 de el &#8222;RaumEnergie &#8221; (energie spa\u0163ial\u0103).<\/p>\n<p>Pe toat\u0103 durata interogatoriilor la care a fost supus, Coler s-a dovedit a fi cooperant, furniz\u00e2nd englezilor toate detaliile constructive ale dispozitivelor sale. Mai mult chiar, \u00een scopul realiz\u0103rii unor dispozitive func\u0163ionale, el a acceptat s\u0103 construiasc\u0103 \u015fi a reu\u015fit s\u0103 pun\u0103 \u00een func\u0163iune, \u00een doar o s\u0103pt\u0103m\u00e2n\u0103, un model miniatural al primei sale inven\u0163ii, Magnetstromaparat-ul, iar o lun\u0103 i-a fost necesar\u0103 pentru a realiza un Stromerzeuger, folosind materialele puse la dispozi\u0163ie de anchetatori \u015fi lucr\u00e2nd doar \u00een prezen\u0163a acestora. Cu primul dispozitiv, realizat doar din magne\u0163i permanen\u0163i, bobine de cupru \u015fi condensatoare aranjate \u00eentr-o anumit\u0103 configura\u0163ie, el a demonstrat c\u0103 poate ob\u0163ine tensiuni de 450 milivol\u0163i pe o durat\u0103 de c\u00e2teva ore. La o reluarea experimentului \u00een zilele urm\u0103toare, au fost \u00eenregistra\u0163i 60 de milivol\u0163i pentru o scurt\u0103 perioad\u0103 de timp. Aparatele au fost p\u0103strate de britanici pentru investiga\u0163ii ulterioare&#8230;<\/p>\n<p>&nbsp;<\/p>\n","protected":false},"excerpt":{"rendered":"<p>C\u0103pitanul german Hans Coler a realizat, \u00eentre anii 1920-1930, dou\u0103 dispozitive de tehnologie de energie liber\u0103 (&#8222;free energy&#8221;), ce converteau energia gravimagnetic\u0103 \u00een energie electromagnetic\u0103, direct sub forma curentului electric, f\u0103r\u0103 folosirea surselor primare de natur\u0103 chimic\u0103 sau mecanic\u0103. Informa\u0163ii &#8230; <\/p>\n<p class=\"read-more-container\"><a title=\"Dispozitivele de &#8222;free energy&#8221; Coler, care produceau &#8222;energie spa\u0163ial\u0103&#8221;, au fost confiscate de la nazi\u015fti de c\u0103tre alia\u0163i\" class=\"read-more button\" href=\"https:\/\/www.lovendal.ro\/wp52\/dispozitivele-de-free-energy-coler-care-produceau-energie-spatiala-au-fost-confiscate-de-la-nazisti-de-catre-aliati\/#more-52788\" aria-label=\"Cite\u0219te mai multe despre Dispozitivele de &#8222;free energy&#8221; Coler, care produceau &#8222;energie spa\u0163ial\u0103&#8221;, au fost confiscate de la nazi\u015fti de c\u0103tre alia\u0163i\">Cititi mai multe<\/a><\/p>\n","protected":false},"author":1,"featured_media":52789,"comment_status":"open","ping_status":"closed","sticky":false,"template":"","format":"standard","meta":{"footnotes":""},"categories":[475,2833],"tags":[1662,4554,358,66,6115,203,3337],"class_list":["post-52788","post","type-post","status-publish","format-standard","has-post-thumbnail","hentry","category-conspiratii-mistere","category-noutati","tag-camp-magnetic","tag-cel-de-al-doilea-razboi-mondial","tag-conspiratii-si-mistere","tag-energie","tag-energie-libera","tag-germania","tag-nazisti","resize-featured-image"],"yoast_head":"<!-- This site is optimized with the Yoast SEO Premium plugin v23.3 (Yoast SEO v27.4) - https:\/\/yoast.com\/product\/yoast-seo-premium-wordpress\/ -->\n<title>Dispozitivele de &quot;free energy&quot; Coler, care produceau &quot;energie spa\u0163ial\u0103&quot;, au fost confiscate de la nazi\u015fti de c\u0103tre alia\u0163i - Secretele lui Lovendal<\/title>\n<meta name=\"robots\" content=\"index, follow, max-snippet:-1, max-image-preview:large, max-video-preview:-1\" \/>\n<link rel=\"canonical\" href=\"https:\/\/www.lovendal.ro\/wp52\/dispozitivele-de-free-energy-coler-care-produceau-energie-spatiala-au-fost-confiscate-de-la-nazisti-de-catre-aliati\/\" \/>\n<meta property=\"og:locale\" content=\"ro_RO\" \/>\n<meta property=\"og:type\" content=\"article\" \/>\n<meta property=\"og:title\" content=\"Dispozitivele de &quot;free energy&quot; Coler, care produceau &quot;energie spa\u0163ial\u0103&quot;, au fost confiscate de la nazi\u015fti de c\u0103tre alia\u0163i\" \/>\n<meta property=\"og:description\" content=\"C\u0103pitanul german Hans Coler a realizat, \u00eentre anii 1920-1930, dou\u0103 dispozitive de tehnologie de energie liber\u0103 (&#8222;free energy&#8221;), ce converteau energia gravimagnetic\u0103 \u00een energie electromagnetic\u0103, direct sub forma curentului electric, f\u0103r\u0103 folosirea surselor primare de natur\u0103 chimic\u0103 sau mecanic\u0103. Informa\u0163ii ... Cititi mai multe\" \/>\n<meta property=\"og:url\" content=\"https:\/\/www.lovendal.ro\/wp52\/dispozitivele-de-free-energy-coler-care-produceau-energie-spatiala-au-fost-confiscate-de-la-nazisti-de-catre-aliati\/\" \/>\n<meta property=\"og:site_name\" content=\"Secretele lui Lovendal\" \/>\n<meta property=\"article:publisher\" content=\"https:\/\/www.facebook.com\/secreteleluilovendal\" \/>\n<meta property=\"article:published_time\" content=\"2017-08-29T20:28:34+00:00\" \/>\n<meta property=\"og:image\" content=\"https:\/\/www.lovendal.ro\/wp52\/wp-content\/uploads\/2017\/08\/free-energy.jpg\" \/>\n\t<meta property=\"og:image:width\" content=\"336\" \/>\n\t<meta property=\"og:image:height\" content=\"235\" \/>\n\t<meta property=\"og:image:type\" content=\"image\/jpeg\" \/>\n<meta name=\"author\" content=\"admin\" \/>\n<meta name=\"twitter:card\" content=\"summary_large_image\" \/>\n<meta name=\"twitter:label1\" content=\"Scris de\" \/>\n\t<meta name=\"twitter:data1\" content=\"admin\" \/>\n\t<meta name=\"twitter:label2\" content=\"Timp estimat pentru citire\" \/>\n\t<meta name=\"twitter:data2\" content=\"3 minute\" \/>\n<script type=\"application\/ld+json\" class=\"yoast-schema-graph\">{\"@context\":\"https:\\\/\\\/schema.org\",\"@graph\":[{\"@type\":\"Article\",\"@id\":\"https:\\\/\\\/www.lovendal.ro\\\/wp52\\\/dispozitivele-de-free-energy-coler-care-produceau-energie-spatiala-au-fost-confiscate-de-la-nazisti-de-catre-aliati\\\/#article\",\"isPartOf\":{\"@id\":\"https:\\\/\\\/www.lovendal.ro\\\/wp52\\\/dispozitivele-de-free-energy-coler-care-produceau-energie-spatiala-au-fost-confiscate-de-la-nazisti-de-catre-aliati\\\/\"},\"author\":{\"name\":\"admin\",\"@id\":\"https:\\\/\\\/www.lovendal.ro\\\/wp52\\\/#\\\/schema\\\/person\\\/088691de5dfc346bb0c023e1e52ef5d9\"},\"headline\":\"Dispozitivele de &#8222;free energy&#8221; Coler, care produceau &#8222;energie spa\u0163ial\u0103&#8221;, au fost confiscate de la nazi\u015fti de c\u0103tre alia\u0163i\",\"datePublished\":\"2017-08-29T20:28:34+00:00\",\"mainEntityOfPage\":{\"@id\":\"https:\\\/\\\/www.lovendal.ro\\\/wp52\\\/dispozitivele-de-free-energy-coler-care-produceau-energie-spatiala-au-fost-confiscate-de-la-nazisti-de-catre-aliati\\\/\"},\"wordCount\":631,\"commentCount\":0,\"publisher\":{\"@id\":\"https:\\\/\\\/www.lovendal.ro\\\/wp52\\\/#organization\"},\"image\":{\"@id\":\"https:\\\/\\\/www.lovendal.ro\\\/wp52\\\/dispozitivele-de-free-energy-coler-care-produceau-energie-spatiala-au-fost-confiscate-de-la-nazisti-de-catre-aliati\\\/#primaryimage\"},\"thumbnailUrl\":\"https:\\\/\\\/www.lovendal.ro\\\/wp52\\\/wp-content\\\/uploads\\\/2017\\\/08\\\/free-energy.jpg\",\"keywords\":[\"c\u00e2mp magnetic\",\"cel de-al doilea r\u0103zboi mondial\",\"Conspiratii si Mistere\",\"energie\",\"energie liber\u0103\",\"Germania\",\"nazi\u015fti\"],\"articleSection\":[\"Conspiratii si Mistere\",\"Noutati\"],\"inLanguage\":\"ro-RO\",\"potentialAction\":[{\"@type\":\"CommentAction\",\"name\":\"Comment\",\"target\":[\"https:\\\/\\\/www.lovendal.ro\\\/wp52\\\/dispozitivele-de-free-energy-coler-care-produceau-energie-spatiala-au-fost-confiscate-de-la-nazisti-de-catre-aliati\\\/#respond\"]}]},{\"@type\":\"WebPage\",\"@id\":\"https:\\\/\\\/www.lovendal.ro\\\/wp52\\\/dispozitivele-de-free-energy-coler-care-produceau-energie-spatiala-au-fost-confiscate-de-la-nazisti-de-catre-aliati\\\/\",\"url\":\"https:\\\/\\\/www.lovendal.ro\\\/wp52\\\/dispozitivele-de-free-energy-coler-care-produceau-energie-spatiala-au-fost-confiscate-de-la-nazisti-de-catre-aliati\\\/\",\"name\":\"Dispozitivele de \\\"free energy\\\" Coler, care produceau \\\"energie spa\u0163ial\u0103\\\", au fost confiscate de la nazi\u015fti de c\u0103tre alia\u0163i - Secretele lui Lovendal\",\"isPartOf\":{\"@id\":\"https:\\\/\\\/www.lovendal.ro\\\/wp52\\\/#website\"},\"primaryImageOfPage\":{\"@id\":\"https:\\\/\\\/www.lovendal.ro\\\/wp52\\\/dispozitivele-de-free-energy-coler-care-produceau-energie-spatiala-au-fost-confiscate-de-la-nazisti-de-catre-aliati\\\/#primaryimage\"},\"image\":{\"@id\":\"https:\\\/\\\/www.lovendal.ro\\\/wp52\\\/dispozitivele-de-free-energy-coler-care-produceau-energie-spatiala-au-fost-confiscate-de-la-nazisti-de-catre-aliati\\\/#primaryimage\"},\"thumbnailUrl\":\"https:\\\/\\\/www.lovendal.ro\\\/wp52\\\/wp-content\\\/uploads\\\/2017\\\/08\\\/free-energy.jpg\",\"datePublished\":\"2017-08-29T20:28:34+00:00\",\"breadcrumb\":{\"@id\":\"https:\\\/\\\/www.lovendal.ro\\\/wp52\\\/dispozitivele-de-free-energy-coler-care-produceau-energie-spatiala-au-fost-confiscate-de-la-nazisti-de-catre-aliati\\\/#breadcrumb\"},\"inLanguage\":\"ro-RO\",\"potentialAction\":[{\"@type\":\"ReadAction\",\"target\":[\"https:\\\/\\\/www.lovendal.ro\\\/wp52\\\/dispozitivele-de-free-energy-coler-care-produceau-energie-spatiala-au-fost-confiscate-de-la-nazisti-de-catre-aliati\\\/\"]}]},{\"@type\":\"ImageObject\",\"inLanguage\":\"ro-RO\",\"@id\":\"https:\\\/\\\/www.lovendal.ro\\\/wp52\\\/dispozitivele-de-free-energy-coler-care-produceau-energie-spatiala-au-fost-confiscate-de-la-nazisti-de-catre-aliati\\\/#primaryimage\",\"url\":\"https:\\\/\\\/www.lovendal.ro\\\/wp52\\\/wp-content\\\/uploads\\\/2017\\\/08\\\/free-energy.jpg\",\"contentUrl\":\"https:\\\/\\\/www.lovendal.ro\\\/wp52\\\/wp-content\\\/uploads\\\/2017\\\/08\\\/free-energy.jpg\",\"width\":336,\"height\":235},{\"@type\":\"BreadcrumbList\",\"@id\":\"https:\\\/\\\/www.lovendal.ro\\\/wp52\\\/dispozitivele-de-free-energy-coler-care-produceau-energie-spatiala-au-fost-confiscate-de-la-nazisti-de-catre-aliati\\\/#breadcrumb\",\"itemListElement\":[{\"@type\":\"ListItem\",\"position\":1,\"name\":\"Home\",\"item\":\"https:\\\/\\\/www.lovendal.ro\\\/wp52\\\/\"},{\"@type\":\"ListItem\",\"position\":2,\"name\":\"Dispozitivele de &#8222;free energy&#8221; Coler, care produceau &#8222;energie spa\u0163ial\u0103&#8221;, au fost confiscate de la nazi\u015fti de c\u0103tre alia\u0163i\"}]},{\"@type\":\"WebSite\",\"@id\":\"https:\\\/\\\/www.lovendal.ro\\\/wp52\\\/#website\",\"url\":\"https:\\\/\\\/www.lovendal.ro\\\/wp52\\\/\",\"name\":\"Secretele lui Lovendal\",\"description\":\"Site de secrete, stiinta si metafizica - din 2008 -\",\"publisher\":{\"@id\":\"https:\\\/\\\/www.lovendal.ro\\\/wp52\\\/#organization\"},\"potentialAction\":[{\"@type\":\"SearchAction\",\"target\":{\"@type\":\"EntryPoint\",\"urlTemplate\":\"https:\\\/\\\/www.lovendal.ro\\\/wp52\\\/?s={search_term_string}\"},\"query-input\":{\"@type\":\"PropertyValueSpecification\",\"valueRequired\":true,\"valueName\":\"search_term_string\"}}],\"inLanguage\":\"ro-RO\"},{\"@type\":\"Organization\",\"@id\":\"https:\\\/\\\/www.lovendal.ro\\\/wp52\\\/#organization\",\"name\":\"Secretele lui Lovendal\",\"url\":\"https:\\\/\\\/www.lovendal.ro\\\/wp52\\\/\",\"logo\":{\"@type\":\"ImageObject\",\"inLanguage\":\"ro-RO\",\"@id\":\"https:\\\/\\\/www.lovendal.ro\\\/wp52\\\/#\\\/schema\\\/logo\\\/image\\\/\",\"url\":\"https:\\\/\\\/www.lovendal.ro\\\/wp52\\\/wp-content\\\/uploads\\\/2024\\\/06\\\/cropped-SLL-iun-2024-1.jpg\",\"contentUrl\":\"https:\\\/\\\/www.lovendal.ro\\\/wp52\\\/wp-content\\\/uploads\\\/2024\\\/06\\\/cropped-SLL-iun-2024-1.jpg\",\"width\":771,\"height\":240,\"caption\":\"Secretele lui Lovendal\"},\"image\":{\"@id\":\"https:\\\/\\\/www.lovendal.ro\\\/wp52\\\/#\\\/schema\\\/logo\\\/image\\\/\"},\"sameAs\":[\"https:\\\/\\\/www.facebook.com\\\/secreteleluilovendal\"]},{\"@type\":\"Person\",\"@id\":\"https:\\\/\\\/www.lovendal.ro\\\/wp52\\\/#\\\/schema\\\/person\\\/088691de5dfc346bb0c023e1e52ef5d9\",\"name\":\"admin\",\"image\":{\"@type\":\"ImageObject\",\"inLanguage\":\"ro-RO\",\"@id\":\"https:\\\/\\\/secure.gravatar.com\\\/avatar\\\/ecb9cd41f5f63c9c9b989999a59f6e2639a865ec361e9db054db0679a8f341c2?s=96&d=mm&r=g\",\"url\":\"https:\\\/\\\/secure.gravatar.com\\\/avatar\\\/ecb9cd41f5f63c9c9b989999a59f6e2639a865ec361e9db054db0679a8f341c2?s=96&d=mm&r=g\",\"contentUrl\":\"https:\\\/\\\/secure.gravatar.com\\\/avatar\\\/ecb9cd41f5f63c9c9b989999a59f6e2639a865ec361e9db054db0679a8f341c2?s=96&d=mm&r=g\",\"caption\":\"admin\"},\"sameAs\":[\"https:\\\/\\\/www.lovendal.ro\\\/wp52\"]}]}<\/script>\n<!-- \/ Yoast SEO Premium plugin. -->","yoast_head_json":{"title":"Dispozitivele de \"free energy\" Coler, care produceau \"energie spa\u0163ial\u0103\", au fost confiscate de la nazi\u015fti de c\u0103tre alia\u0163i - Secretele lui Lovendal","robots":{"index":"index","follow":"follow","max-snippet":"max-snippet:-1","max-image-preview":"max-image-preview:large","max-video-preview":"max-video-preview:-1"},"canonical":"https:\/\/www.lovendal.ro\/wp52\/dispozitivele-de-free-energy-coler-care-produceau-energie-spatiala-au-fost-confiscate-de-la-nazisti-de-catre-aliati\/","og_locale":"ro_RO","og_type":"article","og_title":"Dispozitivele de \"free energy\" Coler, care produceau \"energie spa\u0163ial\u0103\", au fost confiscate de la nazi\u015fti de c\u0103tre alia\u0163i","og_description":"C\u0103pitanul german Hans Coler a realizat, \u00eentre anii 1920-1930, dou\u0103 dispozitive de tehnologie de energie liber\u0103 (&#8222;free energy&#8221;), ce converteau energia gravimagnetic\u0103 \u00een energie electromagnetic\u0103, direct sub forma curentului electric, f\u0103r\u0103 folosirea surselor primare de natur\u0103 chimic\u0103 sau mecanic\u0103. Informa\u0163ii ... Cititi mai multe","og_url":"https:\/\/www.lovendal.ro\/wp52\/dispozitivele-de-free-energy-coler-care-produceau-energie-spatiala-au-fost-confiscate-de-la-nazisti-de-catre-aliati\/","og_site_name":"Secretele lui Lovendal","article_publisher":"https:\/\/www.facebook.com\/secreteleluilovendal","article_published_time":"2017-08-29T20:28:34+00:00","og_image":[{"width":336,"height":235,"url":"https:\/\/www.lovendal.ro\/wp52\/wp-content\/uploads\/2017\/08\/free-energy.jpg","type":"image\/jpeg"}],"author":"admin","twitter_card":"summary_large_image","twitter_misc":{"Scris de":"admin","Timp estimat pentru citire":"3 minute"},"schema":{"@context":"https:\/\/schema.org","@graph":[{"@type":"Article","@id":"https:\/\/www.lovendal.ro\/wp52\/dispozitivele-de-free-energy-coler-care-produceau-energie-spatiala-au-fost-confiscate-de-la-nazisti-de-catre-aliati\/#article","isPartOf":{"@id":"https:\/\/www.lovendal.ro\/wp52\/dispozitivele-de-free-energy-coler-care-produceau-energie-spatiala-au-fost-confiscate-de-la-nazisti-de-catre-aliati\/"},"author":{"name":"admin","@id":"https:\/\/www.lovendal.ro\/wp52\/#\/schema\/person\/088691de5dfc346bb0c023e1e52ef5d9"},"headline":"Dispozitivele de &#8222;free energy&#8221; Coler, care produceau &#8222;energie spa\u0163ial\u0103&#8221;, au fost confiscate de la nazi\u015fti de c\u0103tre alia\u0163i","datePublished":"2017-08-29T20:28:34+00:00","mainEntityOfPage":{"@id":"https:\/\/www.lovendal.ro\/wp52\/dispozitivele-de-free-energy-coler-care-produceau-energie-spatiala-au-fost-confiscate-de-la-nazisti-de-catre-aliati\/"},"wordCount":631,"commentCount":0,"publisher":{"@id":"https:\/\/www.lovendal.ro\/wp52\/#organization"},"image":{"@id":"https:\/\/www.lovendal.ro\/wp52\/dispozitivele-de-free-energy-coler-care-produceau-energie-spatiala-au-fost-confiscate-de-la-nazisti-de-catre-aliati\/#primaryimage"},"thumbnailUrl":"https:\/\/www.lovendal.ro\/wp52\/wp-content\/uploads\/2017\/08\/free-energy.jpg","keywords":["c\u00e2mp magnetic","cel de-al doilea r\u0103zboi mondial","Conspiratii si Mistere","energie","energie liber\u0103","Germania","nazi\u015fti"],"articleSection":["Conspiratii si Mistere","Noutati"],"inLanguage":"ro-RO","potentialAction":[{"@type":"CommentAction","name":"Comment","target":["https:\/\/www.lovendal.ro\/wp52\/dispozitivele-de-free-energy-coler-care-produceau-energie-spatiala-au-fost-confiscate-de-la-nazisti-de-catre-aliati\/#respond"]}]},{"@type":"WebPage","@id":"https:\/\/www.lovendal.ro\/wp52\/dispozitivele-de-free-energy-coler-care-produceau-energie-spatiala-au-fost-confiscate-de-la-nazisti-de-catre-aliati\/","url":"https:\/\/www.lovendal.ro\/wp52\/dispozitivele-de-free-energy-coler-care-produceau-energie-spatiala-au-fost-confiscate-de-la-nazisti-de-catre-aliati\/","name":"Dispozitivele de \"free energy\" Coler, care produceau \"energie spa\u0163ial\u0103\", au fost confiscate de la nazi\u015fti de c\u0103tre alia\u0163i - Secretele lui Lovendal","isPartOf":{"@id":"https:\/\/www.lovendal.ro\/wp52\/#website"},"primaryImageOfPage":{"@id":"https:\/\/www.lovendal.ro\/wp52\/dispozitivele-de-free-energy-coler-care-produceau-energie-spatiala-au-fost-confiscate-de-la-nazisti-de-catre-aliati\/#primaryimage"},"image":{"@id":"https:\/\/www.lovendal.ro\/wp52\/dispozitivele-de-free-energy-coler-care-produceau-energie-spatiala-au-fost-confiscate-de-la-nazisti-de-catre-aliati\/#primaryimage"},"thumbnailUrl":"https:\/\/www.lovendal.ro\/wp52\/wp-content\/uploads\/2017\/08\/free-energy.jpg","datePublished":"2017-08-29T20:28:34+00:00","breadcrumb":{"@id":"https:\/\/www.lovendal.ro\/wp52\/dispozitivele-de-free-energy-coler-care-produceau-energie-spatiala-au-fost-confiscate-de-la-nazisti-de-catre-aliati\/#breadcrumb"},"inLanguage":"ro-RO","potentialAction":[{"@type":"ReadAction","target":["https:\/\/www.lovendal.ro\/wp52\/dispozitivele-de-free-energy-coler-care-produceau-energie-spatiala-au-fost-confiscate-de-la-nazisti-de-catre-aliati\/"]}]},{"@type":"ImageObject","inLanguage":"ro-RO","@id":"https:\/\/www.lovendal.ro\/wp52\/dispozitivele-de-free-energy-coler-care-produceau-energie-spatiala-au-fost-confiscate-de-la-nazisti-de-catre-aliati\/#primaryimage","url":"https:\/\/www.lovendal.ro\/wp52\/wp-content\/uploads\/2017\/08\/free-energy.jpg","contentUrl":"https:\/\/www.lovendal.ro\/wp52\/wp-content\/uploads\/2017\/08\/free-energy.jpg","width":336,"height":235},{"@type":"BreadcrumbList","@id":"https:\/\/www.lovendal.ro\/wp52\/dispozitivele-de-free-energy-coler-care-produceau-energie-spatiala-au-fost-confiscate-de-la-nazisti-de-catre-aliati\/#breadcrumb","itemListElement":[{"@type":"ListItem","position":1,"name":"Home","item":"https:\/\/www.lovendal.ro\/wp52\/"},{"@type":"ListItem","position":2,"name":"Dispozitivele de &#8222;free energy&#8221; Coler, care produceau &#8222;energie spa\u0163ial\u0103&#8221;, au fost confiscate de la nazi\u015fti de c\u0103tre alia\u0163i"}]},{"@type":"WebSite","@id":"https:\/\/www.lovendal.ro\/wp52\/#website","url":"https:\/\/www.lovendal.ro\/wp52\/","name":"Secretele lui Lovendal","description":"Site de secrete, stiinta si metafizica - din 2008 -","publisher":{"@id":"https:\/\/www.lovendal.ro\/wp52\/#organization"},"potentialAction":[{"@type":"SearchAction","target":{"@type":"EntryPoint","urlTemplate":"https:\/\/www.lovendal.ro\/wp52\/?s={search_term_string}"},"query-input":{"@type":"PropertyValueSpecification","valueRequired":true,"valueName":"search_term_string"}}],"inLanguage":"ro-RO"},{"@type":"Organization","@id":"https:\/\/www.lovendal.ro\/wp52\/#organization","name":"Secretele lui Lovendal","url":"https:\/\/www.lovendal.ro\/wp52\/","logo":{"@type":"ImageObject","inLanguage":"ro-RO","@id":"https:\/\/www.lovendal.ro\/wp52\/#\/schema\/logo\/image\/","url":"https:\/\/www.lovendal.ro\/wp52\/wp-content\/uploads\/2024\/06\/cropped-SLL-iun-2024-1.jpg","contentUrl":"https:\/\/www.lovendal.ro\/wp52\/wp-content\/uploads\/2024\/06\/cropped-SLL-iun-2024-1.jpg","width":771,"height":240,"caption":"Secretele lui Lovendal"},"image":{"@id":"https:\/\/www.lovendal.ro\/wp52\/#\/schema\/logo\/image\/"},"sameAs":["https:\/\/www.facebook.com\/secreteleluilovendal"]},{"@type":"Person","@id":"https:\/\/www.lovendal.ro\/wp52\/#\/schema\/person\/088691de5dfc346bb0c023e1e52ef5d9","name":"admin","image":{"@type":"ImageObject","inLanguage":"ro-RO","@id":"https:\/\/secure.gravatar.com\/avatar\/ecb9cd41f5f63c9c9b989999a59f6e2639a865ec361e9db054db0679a8f341c2?s=96&d=mm&r=g","url":"https:\/\/secure.gravatar.com\/avatar\/ecb9cd41f5f63c9c9b989999a59f6e2639a865ec361e9db054db0679a8f341c2?s=96&d=mm&r=g","contentUrl":"https:\/\/secure.gravatar.com\/avatar\/ecb9cd41f5f63c9c9b989999a59f6e2639a865ec361e9db054db0679a8f341c2?s=96&d=mm&r=g","caption":"admin"},"sameAs":["https:\/\/www.lovendal.ro\/wp52"]}]}},"_links":{"self":[{"href":"https:\/\/www.lovendal.ro\/wp52\/wp-json\/wp\/v2\/posts\/52788","targetHints":{"allow":["GET"]}}],"collection":[{"href":"https:\/\/www.lovendal.ro\/wp52\/wp-json\/wp\/v2\/posts"}],"about":[{"href":"https:\/\/www.lovendal.ro\/wp52\/wp-json\/wp\/v2\/types\/post"}],"author":[{"embeddable":true,"href":"https:\/\/www.lovendal.ro\/wp52\/wp-json\/wp\/v2\/users\/1"}],"replies":[{"embeddable":true,"href":"https:\/\/www.lovendal.ro\/wp52\/wp-json\/wp\/v2\/comments?post=52788"}],"version-history":[{"count":0,"href":"https:\/\/www.lovendal.ro\/wp52\/wp-json\/wp\/v2\/posts\/52788\/revisions"}],"wp:featuredmedia":[{"embeddable":true,"href":"https:\/\/www.lovendal.ro\/wp52\/wp-json\/wp\/v2\/media\/52789"}],"wp:attachment":[{"href":"https:\/\/www.lovendal.ro\/wp52\/wp-json\/wp\/v2\/media?parent=52788"}],"wp:term":[{"taxonomy":"category","embeddable":true,"href":"https:\/\/www.lovendal.ro\/wp52\/wp-json\/wp\/v2\/categories?post=52788"},{"taxonomy":"post_tag","embeddable":true,"href":"https:\/\/www.lovendal.ro\/wp52\/wp-json\/wp\/v2\/tags?post=52788"}],"curies":[{"name":"wp","href":"https:\/\/api.w.org\/{rel}","templated":true}]}}