{"id":52708,"date":"2017-09-01T06:30:16","date_gmt":"2017-09-01T03:30:16","guid":{"rendered":"http:\/\/www.lovendal.ro\/wp52\/?p=52708"},"modified":"2017-08-25T22:40:55","modified_gmt":"2017-08-25T19:40:55","slug":"tase-cutitarul-din-ferentari-un-bandit-care-bagat-spaima-bucuresteni","status":"publish","type":"post","link":"https:\/\/www.lovendal.ro\/wp52\/tase-cutitarul-din-ferentari-un-bandit-care-bagat-spaima-bucuresteni\/","title":{"rendered":"&#8222;Tase Cu\u0163itarul din Ferentari&#8221; &#8211; un bandit care a b\u0103gat spaima \u00een bucure\u015fteni"},"content":{"rendered":"<p><a href=\"https:\/\/www.lovendal.ro\/wp52\/wp-content\/uploads\/2017\/08\/bandit-interlop.jpg\"><img loading=\"lazy\" decoding=\"async\" class=\"alignleft size-full wp-image-52711\" src=\"https:\/\/www.lovendal.ro\/wp52\/wp-content\/uploads\/2017\/08\/bandit-interlop.jpg\" alt=\"\" width=\"335\" height=\"328\" srcset=\"https:\/\/www.lovendal.ro\/wp52\/wp-content\/uploads\/2017\/08\/bandit-interlop.jpg 335w, https:\/\/www.lovendal.ro\/wp52\/wp-content\/uploads\/2017\/08\/bandit-interlop-300x294.jpg 300w, https:\/\/www.lovendal.ro\/wp52\/wp-content\/uploads\/2017\/08\/bandit-interlop-65x65.jpg 65w\" sizes=\"auto, (max-width: 335px) 100vw, 335px\" \/><\/a>Undeva la \u00eenceputul anilor 30, Bucure\u015ftii erau teroriza\u0163i de o mul\u0163ime de bande de interlopi, care t\u00e2lh\u0103reau, furau, luau taxe de protec\u0163ie sau f\u0103ceau scandaluri publice.<\/p>\n<p>Unul dintre cei mai cunoscu\u0163i \u015fi temu\u0163i interlopi din acea perioad\u0103 era &#8222;Tase Cu\u0163itarul din Ferentari&#8221;, zis \u015fi Delfinul fiindc\u0103 fusese mult\u0103 vreme marinar. Tase a avut odat\u0103 mult de lucru cu un \u201eun \u015foac\u0103\u0163&#8221;, care a deschis o bodeg\u0103&#8221; bine asortat\u0103 cu vinuri de T\u00e2rnava, tocmai \u00een col\u0163ul \u201ebulevardului&#8221;.<\/p>\n<p>\u201e\u015eoac\u0103\u0163ul&#8221; pl\u0103tise impozite, autoriza\u0163ii, etc. \u015fi nu mai \u00een\u0163elegea s\u0103 dea \u015fi \u201edaibojul&#8221;, adic\u0103 taxa de protec\u0163ie. S-a zb\u0103tut at\u00e2ta \u015fi a f\u0103cut \u015fi reclama\u0163ie la poli\u0163ie, a\u015fa c\u0103, \u00een ziua inaugur\u0103rii localului, se aflau bine posta\u0163i \u00een poart\u0103, patru gardieni zdraveni, cu m\u00e2na pe tocul revolverului.<\/p>\n<p>Timp de dou\u0103 s\u0103pt\u0103m\u00e2ni, c\u00e2t a fost p\u0103zit de poli\u0163ie \u201e\u015foac\u0103\u0163ul&#8221; \u015fi-a putut vedea lini\u015ftit de negustorie, care prospera pe zi ce trecea. Dar, \u00een a 15-a zi, c\u00e2nd nu au r\u0103mas de paz\u0103 dec\u00e2t doi gardieni, au venit \u015fi s-au a\u015fezat la mese c\u00e2\u0163iva indivizi suspec\u0163i, \u00een frunte cu Tase Cu\u0163itarul zis Delfinul.<br \/>\n<em>&#8211; Ei, ne-am \u00eemp\u0103cat \u201e\u015foac\u0103\u0163e&#8221;?<\/em> \u015ei p\u00e2n\u0103 s\u0103 r\u0103spund\u0103 patronul, \u00eenlemnit \u00een dosul tejghelii, cu\u0163itul lui Tase, a zburat \u00een raftul cu lichioruri \u015fi a spart \u00een \u0163\u0103nd\u0103ri sticlele scumpe, cu etichete str\u0103ine. \u00cen c\u00e2teva secunde, patronul, b\u0103ie\u0163ii din pr\u0103v\u0103lie, gardienii \u015fi clien\u0163ii, erau arunca\u0163i unul peste altul \u00een beci.<\/p>\n<p>Apoi localul a fost devastat metodic. Toate sticlele, farfuriile, tac\u00e2murile au fost sparte \u015fi str\u00e2mbate. Butoaiele cu bere \u015fi rezervele de acid au fost desf\u0103cute. Mobilierul a fost spart cu grij\u0103, ireparabil. C\u00e2nd \u00een local nu a mai r\u0103mas nimic \u00eentreg banda a spart vitrinele \u015fi a dat jos firmele, apoi s-a risipit \u00een misterioasele fund\u0103turi ale Ferentarilor.<\/p>\n<p>Afacerea a f\u0103cut v\u00e2lv\u0103 \u015fi poli\u0163ia s-a ocupat s\u0103 prind\u0103 banda, dar Tase Delfinul \u015fi b\u0103ie\u0163ii lui s-au eclipsat pentru un timp. Apoi \u201e\u015foac\u0103\u0163ul&#8221; s-a ref\u0103cut si \u015fi-a redeschis localul. Dar de data asta a fost cuminte \u015fi a pl\u0103tit \u201edaibojul&#8221; ca s\u0103 nu i se mai \u00eent\u00e2mple nimic.<\/p>\n<p>\u00cens\u0103 vremea lui Tase Cu\u0163itarul s-a sf\u00e2r\u015fit c\u00e2nd \u00een fruntea \u015fefului Poli\u0163iei a fost numit Gabriel Marinescu, cel care, din primele zile ale mandatului s\u0103u, a luat m\u0103suri drastice pentru combaterea bandelor care terorizau Capitala. S-au f\u0103cut numeroase razii cu gardieni publici, jandarmi \u015fi poli\u0163i\u015fti, au avut loc perchezi\u0163ii la t\u0103inuitori, ho\u0163i \u015fi complici \u015fi to\u0163i au fost b\u0103ga\u0163i la beci, inclusiv celebrul Tase Cu\u0163itarul. Lumea bucure\u015ftean\u0103 r\u0103sufla u\u015furat\u0103&#8230;<\/p>\n<p><em><strong>Sursa:<\/strong> blogul &#8222;bucurestiidealtadata.blogspot.ro<\/em><\/p>\n","protected":false},"excerpt":{"rendered":"<p>Undeva la \u00eenceputul anilor 30, Bucure\u015ftii erau teroriza\u0163i de o mul\u0163ime de bande de interlopi, care t\u00e2lh\u0103reau, furau, luau taxe de protec\u0163ie sau f\u0103ceau scandaluri publice. Unul dintre cei mai cunoscu\u0163i \u015fi temu\u0163i interlopi din acea perioad\u0103 era &#8222;Tase Cu\u0163itarul &#8230; <\/p>\n<p class=\"read-more-container\"><a title=\"&#8222;Tase Cu\u0163itarul din Ferentari&#8221; &#8211; un bandit care a b\u0103gat spaima \u00een bucure\u015fteni\" class=\"read-more button\" href=\"https:\/\/www.lovendal.ro\/wp52\/tase-cutitarul-din-ferentari-un-bandit-care-bagat-spaima-bucuresteni\/#more-52708\" aria-label=\"Cite\u0219te mai multe despre &#8222;Tase Cu\u0163itarul din Ferentari&#8221; &#8211; un bandit care a b\u0103gat spaima \u00een bucure\u015fteni\">Cititi mai multe<\/a><\/p>\n","protected":false},"author":1,"featured_media":52711,"comment_status":"open","ping_status":"closed","sticky":false,"template":"","format":"standard","meta":{"footnotes":""},"categories":[9,2833],"tags":[1655,827,2694,11917,11915,1532,9139,1286,1189,74,11918,11916,543],"class_list":["post-52708","post","type-post","status-publish","format-standard","has-post-thumbnail","hentry","category-istorie","category-noutati","tag-bere","tag-bucuresti","tag-cutit","tag-ferentari","tag-interlop","tag-istorie-si-civilizatii","tag-lichior","tag-marinar","tag-politie","tag-romania","tag-tarnava","tag-tase-cutitaru","tag-vin","resize-featured-image"],"yoast_head":"<!-- This site is optimized with the Yoast SEO Premium plugin v23.3 (Yoast SEO v27.4) - https:\/\/yoast.com\/product\/yoast-seo-premium-wordpress\/ -->\n<title>&quot;Tase Cu\u0163itarul din Ferentari&quot; - un bandit care a b\u0103gat spaima \u00een bucure\u015fteni - Secretele lui Lovendal<\/title>\n<meta name=\"robots\" content=\"index, follow, max-snippet:-1, max-image-preview:large, max-video-preview:-1\" \/>\n<link rel=\"canonical\" href=\"https:\/\/www.lovendal.ro\/wp52\/tase-cutitarul-din-ferentari-un-bandit-care-bagat-spaima-bucuresteni\/\" \/>\n<meta property=\"og:locale\" content=\"ro_RO\" \/>\n<meta property=\"og:type\" content=\"article\" \/>\n<meta property=\"og:title\" content=\"&quot;Tase Cu\u0163itarul din Ferentari&quot; - un bandit care a b\u0103gat spaima \u00een bucure\u015fteni\" \/>\n<meta property=\"og:description\" content=\"Undeva la \u00eenceputul anilor 30, Bucure\u015ftii erau teroriza\u0163i de o mul\u0163ime de bande de interlopi, care t\u00e2lh\u0103reau, furau, luau taxe de protec\u0163ie sau f\u0103ceau scandaluri publice. Unul dintre cei mai cunoscu\u0163i \u015fi temu\u0163i interlopi din acea perioad\u0103 era &#8222;Tase Cu\u0163itarul ... Cititi mai multe\" \/>\n<meta property=\"og:url\" content=\"https:\/\/www.lovendal.ro\/wp52\/tase-cutitarul-din-ferentari-un-bandit-care-bagat-spaima-bucuresteni\/\" \/>\n<meta property=\"og:site_name\" content=\"Secretele lui Lovendal\" \/>\n<meta property=\"article:publisher\" content=\"https:\/\/www.facebook.com\/secreteleluilovendal\" \/>\n<meta property=\"article:published_time\" content=\"2017-09-01T03:30:16+00:00\" \/>\n<meta property=\"og:image\" content=\"https:\/\/www.lovendal.ro\/wp52\/wp-content\/uploads\/2017\/08\/bandit-interlop.jpg\" \/>\n\t<meta property=\"og:image:width\" content=\"335\" \/>\n\t<meta property=\"og:image:height\" content=\"328\" \/>\n\t<meta property=\"og:image:type\" content=\"image\/jpeg\" \/>\n<meta name=\"author\" content=\"admin\" \/>\n<meta name=\"twitter:card\" content=\"summary_large_image\" \/>\n<meta name=\"twitter:label1\" content=\"Scris de\" \/>\n\t<meta name=\"twitter:data1\" content=\"admin\" \/>\n\t<meta name=\"twitter:label2\" content=\"Timp estimat pentru citire\" \/>\n\t<meta name=\"twitter:data2\" content=\"2 minute\" \/>\n<script type=\"application\/ld+json\" class=\"yoast-schema-graph\">{\"@context\":\"https:\\\/\\\/schema.org\",\"@graph\":[{\"@type\":\"Article\",\"@id\":\"https:\\\/\\\/www.lovendal.ro\\\/wp52\\\/tase-cutitarul-din-ferentari-un-bandit-care-bagat-spaima-bucuresteni\\\/#article\",\"isPartOf\":{\"@id\":\"https:\\\/\\\/www.lovendal.ro\\\/wp52\\\/tase-cutitarul-din-ferentari-un-bandit-care-bagat-spaima-bucuresteni\\\/\"},\"author\":{\"name\":\"admin\",\"@id\":\"https:\\\/\\\/www.lovendal.ro\\\/wp52\\\/#\\\/schema\\\/person\\\/088691de5dfc346bb0c023e1e52ef5d9\"},\"headline\":\"&#8222;Tase Cu\u0163itarul din Ferentari&#8221; &#8211; un bandit care a b\u0103gat spaima \u00een bucure\u015fteni\",\"datePublished\":\"2017-09-01T03:30:16+00:00\",\"mainEntityOfPage\":{\"@id\":\"https:\\\/\\\/www.lovendal.ro\\\/wp52\\\/tase-cutitarul-din-ferentari-un-bandit-care-bagat-spaima-bucuresteni\\\/\"},\"wordCount\":513,\"commentCount\":11,\"publisher\":{\"@id\":\"https:\\\/\\\/www.lovendal.ro\\\/wp52\\\/#organization\"},\"image\":{\"@id\":\"https:\\\/\\\/www.lovendal.ro\\\/wp52\\\/tase-cutitarul-din-ferentari-un-bandit-care-bagat-spaima-bucuresteni\\\/#primaryimage\"},\"thumbnailUrl\":\"https:\\\/\\\/www.lovendal.ro\\\/wp52\\\/wp-content\\\/uploads\\\/2017\\\/08\\\/bandit-interlop.jpg\",\"keywords\":[\"bere\",\"Bucure\u015fti\",\"cu\u0163it\",\"Ferentari\",\"interlop\",\"Istorie si Civilizatii\",\"lichior\",\"marinar\",\"poli\u0163ie\",\"Rom\u00e2nia\",\"T\u00e2rnava\",\"Tase Cu\u0163itaru\",\"vin\"],\"articleSection\":[\"Istorie si Civilizatii\",\"Noutati\"],\"inLanguage\":\"ro-RO\",\"potentialAction\":[{\"@type\":\"CommentAction\",\"name\":\"Comment\",\"target\":[\"https:\\\/\\\/www.lovendal.ro\\\/wp52\\\/tase-cutitarul-din-ferentari-un-bandit-care-bagat-spaima-bucuresteni\\\/#respond\"]}]},{\"@type\":\"WebPage\",\"@id\":\"https:\\\/\\\/www.lovendal.ro\\\/wp52\\\/tase-cutitarul-din-ferentari-un-bandit-care-bagat-spaima-bucuresteni\\\/\",\"url\":\"https:\\\/\\\/www.lovendal.ro\\\/wp52\\\/tase-cutitarul-din-ferentari-un-bandit-care-bagat-spaima-bucuresteni\\\/\",\"name\":\"\\\"Tase Cu\u0163itarul din Ferentari\\\" - un bandit care a b\u0103gat spaima \u00een bucure\u015fteni - Secretele lui Lovendal\",\"isPartOf\":{\"@id\":\"https:\\\/\\\/www.lovendal.ro\\\/wp52\\\/#website\"},\"primaryImageOfPage\":{\"@id\":\"https:\\\/\\\/www.lovendal.ro\\\/wp52\\\/tase-cutitarul-din-ferentari-un-bandit-care-bagat-spaima-bucuresteni\\\/#primaryimage\"},\"image\":{\"@id\":\"https:\\\/\\\/www.lovendal.ro\\\/wp52\\\/tase-cutitarul-din-ferentari-un-bandit-care-bagat-spaima-bucuresteni\\\/#primaryimage\"},\"thumbnailUrl\":\"https:\\\/\\\/www.lovendal.ro\\\/wp52\\\/wp-content\\\/uploads\\\/2017\\\/08\\\/bandit-interlop.jpg\",\"datePublished\":\"2017-09-01T03:30:16+00:00\",\"breadcrumb\":{\"@id\":\"https:\\\/\\\/www.lovendal.ro\\\/wp52\\\/tase-cutitarul-din-ferentari-un-bandit-care-bagat-spaima-bucuresteni\\\/#breadcrumb\"},\"inLanguage\":\"ro-RO\",\"potentialAction\":[{\"@type\":\"ReadAction\",\"target\":[\"https:\\\/\\\/www.lovendal.ro\\\/wp52\\\/tase-cutitarul-din-ferentari-un-bandit-care-bagat-spaima-bucuresteni\\\/\"]}]},{\"@type\":\"ImageObject\",\"inLanguage\":\"ro-RO\",\"@id\":\"https:\\\/\\\/www.lovendal.ro\\\/wp52\\\/tase-cutitarul-din-ferentari-un-bandit-care-bagat-spaima-bucuresteni\\\/#primaryimage\",\"url\":\"https:\\\/\\\/www.lovendal.ro\\\/wp52\\\/wp-content\\\/uploads\\\/2017\\\/08\\\/bandit-interlop.jpg\",\"contentUrl\":\"https:\\\/\\\/www.lovendal.ro\\\/wp52\\\/wp-content\\\/uploads\\\/2017\\\/08\\\/bandit-interlop.jpg\",\"width\":335,\"height\":328},{\"@type\":\"BreadcrumbList\",\"@id\":\"https:\\\/\\\/www.lovendal.ro\\\/wp52\\\/tase-cutitarul-din-ferentari-un-bandit-care-bagat-spaima-bucuresteni\\\/#breadcrumb\",\"itemListElement\":[{\"@type\":\"ListItem\",\"position\":1,\"name\":\"Home\",\"item\":\"https:\\\/\\\/www.lovendal.ro\\\/wp52\\\/\"},{\"@type\":\"ListItem\",\"position\":2,\"name\":\"&#8222;Tase Cu\u0163itarul din Ferentari&#8221; &#8211; un bandit care a b\u0103gat spaima \u00een bucure\u015fteni\"}]},{\"@type\":\"WebSite\",\"@id\":\"https:\\\/\\\/www.lovendal.ro\\\/wp52\\\/#website\",\"url\":\"https:\\\/\\\/www.lovendal.ro\\\/wp52\\\/\",\"name\":\"Secretele lui Lovendal\",\"description\":\"Site de secrete, stiinta si metafizica - din 2008 -\",\"publisher\":{\"@id\":\"https:\\\/\\\/www.lovendal.ro\\\/wp52\\\/#organization\"},\"potentialAction\":[{\"@type\":\"SearchAction\",\"target\":{\"@type\":\"EntryPoint\",\"urlTemplate\":\"https:\\\/\\\/www.lovendal.ro\\\/wp52\\\/?s={search_term_string}\"},\"query-input\":{\"@type\":\"PropertyValueSpecification\",\"valueRequired\":true,\"valueName\":\"search_term_string\"}}],\"inLanguage\":\"ro-RO\"},{\"@type\":\"Organization\",\"@id\":\"https:\\\/\\\/www.lovendal.ro\\\/wp52\\\/#organization\",\"name\":\"Secretele lui Lovendal\",\"url\":\"https:\\\/\\\/www.lovendal.ro\\\/wp52\\\/\",\"logo\":{\"@type\":\"ImageObject\",\"inLanguage\":\"ro-RO\",\"@id\":\"https:\\\/\\\/www.lovendal.ro\\\/wp52\\\/#\\\/schema\\\/logo\\\/image\\\/\",\"url\":\"https:\\\/\\\/www.lovendal.ro\\\/wp52\\\/wp-content\\\/uploads\\\/2024\\\/06\\\/cropped-SLL-iun-2024-1.jpg\",\"contentUrl\":\"https:\\\/\\\/www.lovendal.ro\\\/wp52\\\/wp-content\\\/uploads\\\/2024\\\/06\\\/cropped-SLL-iun-2024-1.jpg\",\"width\":771,\"height\":240,\"caption\":\"Secretele lui Lovendal\"},\"image\":{\"@id\":\"https:\\\/\\\/www.lovendal.ro\\\/wp52\\\/#\\\/schema\\\/logo\\\/image\\\/\"},\"sameAs\":[\"https:\\\/\\\/www.facebook.com\\\/secreteleluilovendal\"]},{\"@type\":\"Person\",\"@id\":\"https:\\\/\\\/www.lovendal.ro\\\/wp52\\\/#\\\/schema\\\/person\\\/088691de5dfc346bb0c023e1e52ef5d9\",\"name\":\"admin\",\"image\":{\"@type\":\"ImageObject\",\"inLanguage\":\"ro-RO\",\"@id\":\"https:\\\/\\\/secure.gravatar.com\\\/avatar\\\/ecb9cd41f5f63c9c9b989999a59f6e2639a865ec361e9db054db0679a8f341c2?s=96&d=mm&r=g\",\"url\":\"https:\\\/\\\/secure.gravatar.com\\\/avatar\\\/ecb9cd41f5f63c9c9b989999a59f6e2639a865ec361e9db054db0679a8f341c2?s=96&d=mm&r=g\",\"contentUrl\":\"https:\\\/\\\/secure.gravatar.com\\\/avatar\\\/ecb9cd41f5f63c9c9b989999a59f6e2639a865ec361e9db054db0679a8f341c2?s=96&d=mm&r=g\",\"caption\":\"admin\"},\"sameAs\":[\"https:\\\/\\\/www.lovendal.ro\\\/wp52\"]}]}<\/script>\n<!-- \/ Yoast SEO Premium plugin. -->","yoast_head_json":{"title":"\"Tase Cu\u0163itarul din Ferentari\" - un bandit care a b\u0103gat spaima \u00een bucure\u015fteni - Secretele lui Lovendal","robots":{"index":"index","follow":"follow","max-snippet":"max-snippet:-1","max-image-preview":"max-image-preview:large","max-video-preview":"max-video-preview:-1"},"canonical":"https:\/\/www.lovendal.ro\/wp52\/tase-cutitarul-din-ferentari-un-bandit-care-bagat-spaima-bucuresteni\/","og_locale":"ro_RO","og_type":"article","og_title":"\"Tase Cu\u0163itarul din Ferentari\" - un bandit care a b\u0103gat spaima \u00een bucure\u015fteni","og_description":"Undeva la \u00eenceputul anilor 30, Bucure\u015ftii erau teroriza\u0163i de o mul\u0163ime de bande de interlopi, care t\u00e2lh\u0103reau, furau, luau taxe de protec\u0163ie sau f\u0103ceau scandaluri publice. Unul dintre cei mai cunoscu\u0163i \u015fi temu\u0163i interlopi din acea perioad\u0103 era &#8222;Tase Cu\u0163itarul ... Cititi mai multe","og_url":"https:\/\/www.lovendal.ro\/wp52\/tase-cutitarul-din-ferentari-un-bandit-care-bagat-spaima-bucuresteni\/","og_site_name":"Secretele lui Lovendal","article_publisher":"https:\/\/www.facebook.com\/secreteleluilovendal","article_published_time":"2017-09-01T03:30:16+00:00","og_image":[{"width":335,"height":328,"url":"https:\/\/www.lovendal.ro\/wp52\/wp-content\/uploads\/2017\/08\/bandit-interlop.jpg","type":"image\/jpeg"}],"author":"admin","twitter_card":"summary_large_image","twitter_misc":{"Scris de":"admin","Timp estimat pentru citire":"2 minute"},"schema":{"@context":"https:\/\/schema.org","@graph":[{"@type":"Article","@id":"https:\/\/www.lovendal.ro\/wp52\/tase-cutitarul-din-ferentari-un-bandit-care-bagat-spaima-bucuresteni\/#article","isPartOf":{"@id":"https:\/\/www.lovendal.ro\/wp52\/tase-cutitarul-din-ferentari-un-bandit-care-bagat-spaima-bucuresteni\/"},"author":{"name":"admin","@id":"https:\/\/www.lovendal.ro\/wp52\/#\/schema\/person\/088691de5dfc346bb0c023e1e52ef5d9"},"headline":"&#8222;Tase Cu\u0163itarul din Ferentari&#8221; &#8211; un bandit care a b\u0103gat spaima \u00een bucure\u015fteni","datePublished":"2017-09-01T03:30:16+00:00","mainEntityOfPage":{"@id":"https:\/\/www.lovendal.ro\/wp52\/tase-cutitarul-din-ferentari-un-bandit-care-bagat-spaima-bucuresteni\/"},"wordCount":513,"commentCount":11,"publisher":{"@id":"https:\/\/www.lovendal.ro\/wp52\/#organization"},"image":{"@id":"https:\/\/www.lovendal.ro\/wp52\/tase-cutitarul-din-ferentari-un-bandit-care-bagat-spaima-bucuresteni\/#primaryimage"},"thumbnailUrl":"https:\/\/www.lovendal.ro\/wp52\/wp-content\/uploads\/2017\/08\/bandit-interlop.jpg","keywords":["bere","Bucure\u015fti","cu\u0163it","Ferentari","interlop","Istorie si Civilizatii","lichior","marinar","poli\u0163ie","Rom\u00e2nia","T\u00e2rnava","Tase Cu\u0163itaru","vin"],"articleSection":["Istorie si Civilizatii","Noutati"],"inLanguage":"ro-RO","potentialAction":[{"@type":"CommentAction","name":"Comment","target":["https:\/\/www.lovendal.ro\/wp52\/tase-cutitarul-din-ferentari-un-bandit-care-bagat-spaima-bucuresteni\/#respond"]}]},{"@type":"WebPage","@id":"https:\/\/www.lovendal.ro\/wp52\/tase-cutitarul-din-ferentari-un-bandit-care-bagat-spaima-bucuresteni\/","url":"https:\/\/www.lovendal.ro\/wp52\/tase-cutitarul-din-ferentari-un-bandit-care-bagat-spaima-bucuresteni\/","name":"\"Tase Cu\u0163itarul din Ferentari\" - un bandit care a b\u0103gat spaima \u00een bucure\u015fteni - Secretele lui Lovendal","isPartOf":{"@id":"https:\/\/www.lovendal.ro\/wp52\/#website"},"primaryImageOfPage":{"@id":"https:\/\/www.lovendal.ro\/wp52\/tase-cutitarul-din-ferentari-un-bandit-care-bagat-spaima-bucuresteni\/#primaryimage"},"image":{"@id":"https:\/\/www.lovendal.ro\/wp52\/tase-cutitarul-din-ferentari-un-bandit-care-bagat-spaima-bucuresteni\/#primaryimage"},"thumbnailUrl":"https:\/\/www.lovendal.ro\/wp52\/wp-content\/uploads\/2017\/08\/bandit-interlop.jpg","datePublished":"2017-09-01T03:30:16+00:00","breadcrumb":{"@id":"https:\/\/www.lovendal.ro\/wp52\/tase-cutitarul-din-ferentari-un-bandit-care-bagat-spaima-bucuresteni\/#breadcrumb"},"inLanguage":"ro-RO","potentialAction":[{"@type":"ReadAction","target":["https:\/\/www.lovendal.ro\/wp52\/tase-cutitarul-din-ferentari-un-bandit-care-bagat-spaima-bucuresteni\/"]}]},{"@type":"ImageObject","inLanguage":"ro-RO","@id":"https:\/\/www.lovendal.ro\/wp52\/tase-cutitarul-din-ferentari-un-bandit-care-bagat-spaima-bucuresteni\/#primaryimage","url":"https:\/\/www.lovendal.ro\/wp52\/wp-content\/uploads\/2017\/08\/bandit-interlop.jpg","contentUrl":"https:\/\/www.lovendal.ro\/wp52\/wp-content\/uploads\/2017\/08\/bandit-interlop.jpg","width":335,"height":328},{"@type":"BreadcrumbList","@id":"https:\/\/www.lovendal.ro\/wp52\/tase-cutitarul-din-ferentari-un-bandit-care-bagat-spaima-bucuresteni\/#breadcrumb","itemListElement":[{"@type":"ListItem","position":1,"name":"Home","item":"https:\/\/www.lovendal.ro\/wp52\/"},{"@type":"ListItem","position":2,"name":"&#8222;Tase Cu\u0163itarul din Ferentari&#8221; &#8211; un bandit care a b\u0103gat spaima \u00een bucure\u015fteni"}]},{"@type":"WebSite","@id":"https:\/\/www.lovendal.ro\/wp52\/#website","url":"https:\/\/www.lovendal.ro\/wp52\/","name":"Secretele lui Lovendal","description":"Site de secrete, stiinta si metafizica - din 2008 -","publisher":{"@id":"https:\/\/www.lovendal.ro\/wp52\/#organization"},"potentialAction":[{"@type":"SearchAction","target":{"@type":"EntryPoint","urlTemplate":"https:\/\/www.lovendal.ro\/wp52\/?s={search_term_string}"},"query-input":{"@type":"PropertyValueSpecification","valueRequired":true,"valueName":"search_term_string"}}],"inLanguage":"ro-RO"},{"@type":"Organization","@id":"https:\/\/www.lovendal.ro\/wp52\/#organization","name":"Secretele lui Lovendal","url":"https:\/\/www.lovendal.ro\/wp52\/","logo":{"@type":"ImageObject","inLanguage":"ro-RO","@id":"https:\/\/www.lovendal.ro\/wp52\/#\/schema\/logo\/image\/","url":"https:\/\/www.lovendal.ro\/wp52\/wp-content\/uploads\/2024\/06\/cropped-SLL-iun-2024-1.jpg","contentUrl":"https:\/\/www.lovendal.ro\/wp52\/wp-content\/uploads\/2024\/06\/cropped-SLL-iun-2024-1.jpg","width":771,"height":240,"caption":"Secretele lui Lovendal"},"image":{"@id":"https:\/\/www.lovendal.ro\/wp52\/#\/schema\/logo\/image\/"},"sameAs":["https:\/\/www.facebook.com\/secreteleluilovendal"]},{"@type":"Person","@id":"https:\/\/www.lovendal.ro\/wp52\/#\/schema\/person\/088691de5dfc346bb0c023e1e52ef5d9","name":"admin","image":{"@type":"ImageObject","inLanguage":"ro-RO","@id":"https:\/\/secure.gravatar.com\/avatar\/ecb9cd41f5f63c9c9b989999a59f6e2639a865ec361e9db054db0679a8f341c2?s=96&d=mm&r=g","url":"https:\/\/secure.gravatar.com\/avatar\/ecb9cd41f5f63c9c9b989999a59f6e2639a865ec361e9db054db0679a8f341c2?s=96&d=mm&r=g","contentUrl":"https:\/\/secure.gravatar.com\/avatar\/ecb9cd41f5f63c9c9b989999a59f6e2639a865ec361e9db054db0679a8f341c2?s=96&d=mm&r=g","caption":"admin"},"sameAs":["https:\/\/www.lovendal.ro\/wp52"]}]}},"_links":{"self":[{"href":"https:\/\/www.lovendal.ro\/wp52\/wp-json\/wp\/v2\/posts\/52708","targetHints":{"allow":["GET"]}}],"collection":[{"href":"https:\/\/www.lovendal.ro\/wp52\/wp-json\/wp\/v2\/posts"}],"about":[{"href":"https:\/\/www.lovendal.ro\/wp52\/wp-json\/wp\/v2\/types\/post"}],"author":[{"embeddable":true,"href":"https:\/\/www.lovendal.ro\/wp52\/wp-json\/wp\/v2\/users\/1"}],"replies":[{"embeddable":true,"href":"https:\/\/www.lovendal.ro\/wp52\/wp-json\/wp\/v2\/comments?post=52708"}],"version-history":[{"count":0,"href":"https:\/\/www.lovendal.ro\/wp52\/wp-json\/wp\/v2\/posts\/52708\/revisions"}],"wp:featuredmedia":[{"embeddable":true,"href":"https:\/\/www.lovendal.ro\/wp52\/wp-json\/wp\/v2\/media\/52711"}],"wp:attachment":[{"href":"https:\/\/www.lovendal.ro\/wp52\/wp-json\/wp\/v2\/media?parent=52708"}],"wp:term":[{"taxonomy":"category","embeddable":true,"href":"https:\/\/www.lovendal.ro\/wp52\/wp-json\/wp\/v2\/categories?post=52708"},{"taxonomy":"post_tag","embeddable":true,"href":"https:\/\/www.lovendal.ro\/wp52\/wp-json\/wp\/v2\/tags?post=52708"}],"curies":[{"name":"wp","href":"https:\/\/api.w.org\/{rel}","templated":true}]}}