{"id":52678,"date":"2017-09-01T07:00:18","date_gmt":"2017-09-01T04:00:18","guid":{"rendered":"http:\/\/www.lovendal.ro\/wp52\/?p=52678"},"modified":"2022-05-25T08:39:38","modified_gmt":"2022-05-25T05:39:38","slug":"in-1988-s-au-ciocnit-doua-avioane-de-lupta-americane-cu-o-imensa-aeronava-extraterestra","status":"publish","type":"post","link":"https:\/\/www.lovendal.ro\/wp52\/in-1988-s-au-ciocnit-doua-avioane-de-lupta-americane-cu-o-imensa-aeronava-extraterestra\/","title":{"rendered":"\u00cen 1988, s-au ciocnit dou\u0103 avioane de lupt\u0103 americane cu o imens\u0103 aeronav\u0103 extraterestr\u0103?"},"content":{"rendered":"<p><a href=\"https:\/\/www.lovendal.ro\/wp52\/wp-content\/uploads\/2017\/09\/avion-OZN-puerto-rico-2.jpg\"><img loading=\"lazy\" decoding=\"async\" class=\"alignleft size-full wp-image-80301\" src=\"https:\/\/www.lovendal.ro\/wp52\/wp-content\/uploads\/2017\/09\/avion-OZN-puerto-rico-2.jpg\" alt=\"\" width=\"363\" height=\"203\" srcset=\"https:\/\/www.lovendal.ro\/wp52\/wp-content\/uploads\/2017\/09\/avion-OZN-puerto-rico-2.jpg 363w, https:\/\/www.lovendal.ro\/wp52\/wp-content\/uploads\/2017\/09\/avion-OZN-puerto-rico-2-300x168.jpg 300w\" sizes=\"auto, (max-width: 363px) 100vw, 363px\" \/><\/a>\u00cen decembrie 1988 nenum\u0103ra\u0163i locuitori din Puerto Rico au fost martorii \u00eent\u00e2lnirii dintre dou\u0103 avioane de lupt\u0103 a SUA \u015fi o imens\u0103 aeronav\u0103 extraterestr\u0103 imens\u0103. Cu aceast\u0103 ocazie ei au putut vedea dou\u0103 avioane F4 care au intrat practic \u00eentr-un obiect masiv de form\u0103 triunghiular\u0103. Au fost avioanele de lupt\u0103 distruse, sau au cooperat \u00een executarea manevrelor cu nava necunoscut\u0103?<\/p>\n<p>Bine\u00een\u0163eles c\u0103 s-au emis teorii potrivit c\u0103rora guvernul SUA are o rela\u0163ie str\u00e2ns\u0103 cu vizitatorii extratere\u015ftri, ba mai mult, le pune la dispozi\u0163ie baze terestre. Despre una dintre acestea se spune c\u0103 se afl\u0103 sub apele Oceanului Atlantic. \u00cen conformitate cu alte teorii, fiin\u0163ele extraterestre r\u0103pesc cet\u0103\u0163eni americani \u00een baza unui acord, \u00een schimbul unor tehnologii secrete. Dar oare \u00een ce m\u0103sur\u0103 sunt informa\u0163i autorit\u0103\u0163ile cu privire la obiectele zbur\u0103toare neidentificate?<\/p>\n<p>Oficial, Departamentul Ap\u0103r\u0103rii al SUA nu are nimic de-a face cu OZN-urile (UFO). De altfel, \u00een prezent, ei au schimbat denumirea acestor obiecte\/ nave, \u00een <em>\u201e\u0162inte Necunoscute\u201d<\/em> (<em>&#8222;Unknown Targets&#8221;<\/em>), \u015fi UCT, pentru incidentele care au loc la nivelul solului.<\/p>\n<p>Militarii americani dezv\u0103luie foarte pu\u0163in din ceea ce \u015ftiu. Oficial se sus\u0163ine c\u0103 nu exist\u0103 un departament special care s\u0103 se ocupe cu astfel de probleme. \u00cencep\u00e2nd din 1974, SUA a pus cap\u0103t dezbaterilor publice consacrate obiectelor zbur\u0103toare extraterestre.<\/p>\n","protected":false},"excerpt":{"rendered":"<p>\u00cen decembrie 1988 nenum\u0103ra\u0163i locuitori din Puerto Rico au fost martorii \u00eent\u00e2lnirii dintre dou\u0103 avioane de lupt\u0103 a SUA \u015fi o imens\u0103 aeronav\u0103 extraterestr\u0103 imens\u0103. Cu aceast\u0103 ocazie ei au putut vedea dou\u0103 avioane F4 care au intrat practic \u00eentr-un &#8230; <\/p>\n<p class=\"read-more-container\"><a title=\"\u00cen 1988, s-au ciocnit dou\u0103 avioane de lupt\u0103 americane cu o imens\u0103 aeronav\u0103 extraterestr\u0103?\" class=\"read-more button\" href=\"https:\/\/www.lovendal.ro\/wp52\/in-1988-s-au-ciocnit-doua-avioane-de-lupta-americane-cu-o-imensa-aeronava-extraterestra\/#more-52678\" aria-label=\"Cite\u0219te mai multe despre \u00cen 1988, s-au ciocnit dou\u0103 avioane de lupt\u0103 americane cu o imens\u0103 aeronav\u0103 extraterestr\u0103?\">Cititi mai multe<\/a><\/p>\n","protected":false},"author":1,"featured_media":80301,"comment_status":"open","ping_status":"closed","sticky":false,"template":"","format":"standard","meta":{"footnotes":""},"categories":[14],"tags":[762,1132,50,9796,3492,23],"class_list":["post-52678","post","type-post","status-publish","format-standard","has-post-thumbnail","hentry","category-paranormal-spiritualitate","tag-avion","tag-oceanul-atlantic","tag-ozn","tag-paranormal-spiritualitate","tag-puerto-rico","tag-sua","resize-featured-image"],"yoast_head":"<!-- This site is optimized with the Yoast SEO Premium plugin v23.3 (Yoast SEO v27.4) - https:\/\/yoast.com\/product\/yoast-seo-premium-wordpress\/ -->\n<title>\u00cen 1988, s-au ciocnit dou\u0103 avioane de lupt\u0103 americane cu o imens\u0103 aeronav\u0103 extraterestr\u0103? - Secretele lui Lovendal<\/title>\n<meta name=\"robots\" content=\"index, follow, max-snippet:-1, max-image-preview:large, max-video-preview:-1\" \/>\n<link rel=\"canonical\" href=\"https:\/\/www.lovendal.ro\/wp52\/in-1988-s-au-ciocnit-doua-avioane-de-lupta-americane-cu-o-imensa-aeronava-extraterestra\/\" \/>\n<meta property=\"og:locale\" content=\"ro_RO\" \/>\n<meta property=\"og:type\" content=\"article\" \/>\n<meta property=\"og:title\" content=\"\u00cen 1988, s-au ciocnit dou\u0103 avioane de lupt\u0103 americane cu o imens\u0103 aeronav\u0103 extraterestr\u0103?\" \/>\n<meta property=\"og:description\" content=\"\u00cen decembrie 1988 nenum\u0103ra\u0163i locuitori din Puerto Rico au fost martorii \u00eent\u00e2lnirii dintre dou\u0103 avioane de lupt\u0103 a SUA \u015fi o imens\u0103 aeronav\u0103 extraterestr\u0103 imens\u0103. Cu aceast\u0103 ocazie ei au putut vedea dou\u0103 avioane F4 care au intrat practic \u00eentr-un ... Cititi mai multe\" \/>\n<meta property=\"og:url\" content=\"https:\/\/www.lovendal.ro\/wp52\/in-1988-s-au-ciocnit-doua-avioane-de-lupta-americane-cu-o-imensa-aeronava-extraterestra\/\" \/>\n<meta property=\"og:site_name\" content=\"Secretele lui Lovendal\" \/>\n<meta property=\"article:publisher\" content=\"https:\/\/www.facebook.com\/secreteleluilovendal\" \/>\n<meta property=\"article:published_time\" content=\"2017-09-01T04:00:18+00:00\" \/>\n<meta property=\"article:modified_time\" content=\"2022-05-25T05:39:38+00:00\" \/>\n<meta property=\"og:image\" content=\"https:\/\/www.lovendal.ro\/wp52\/wp-content\/uploads\/2017\/09\/avion-OZN-puerto-rico-2.jpg\" \/>\n\t<meta property=\"og:image:width\" content=\"363\" \/>\n\t<meta property=\"og:image:height\" content=\"203\" \/>\n\t<meta property=\"og:image:type\" content=\"image\/jpeg\" \/>\n<meta name=\"author\" content=\"admin\" \/>\n<meta name=\"twitter:card\" content=\"summary_large_image\" \/>\n<meta name=\"twitter:label1\" content=\"Scris de\" \/>\n\t<meta name=\"twitter:data1\" content=\"admin\" \/>\n\t<meta name=\"twitter:label2\" content=\"Timp estimat pentru citire\" \/>\n\t<meta name=\"twitter:data2\" content=\"1 minut\" \/>\n<script type=\"application\/ld+json\" class=\"yoast-schema-graph\">{\"@context\":\"https:\\\/\\\/schema.org\",\"@graph\":[{\"@type\":\"Article\",\"@id\":\"https:\\\/\\\/www.lovendal.ro\\\/wp52\\\/in-1988-s-au-ciocnit-doua-avioane-de-lupta-americane-cu-o-imensa-aeronava-extraterestra\\\/#article\",\"isPartOf\":{\"@id\":\"https:\\\/\\\/www.lovendal.ro\\\/wp52\\\/in-1988-s-au-ciocnit-doua-avioane-de-lupta-americane-cu-o-imensa-aeronava-extraterestra\\\/\"},\"author\":{\"name\":\"admin\",\"@id\":\"https:\\\/\\\/www.lovendal.ro\\\/wp52\\\/#\\\/schema\\\/person\\\/088691de5dfc346bb0c023e1e52ef5d9\"},\"headline\":\"\u00cen 1988, s-au ciocnit dou\u0103 avioane de lupt\u0103 americane cu o imens\u0103 aeronav\u0103 extraterestr\u0103?\",\"datePublished\":\"2017-09-01T04:00:18+00:00\",\"dateModified\":\"2022-05-25T05:39:38+00:00\",\"mainEntityOfPage\":{\"@id\":\"https:\\\/\\\/www.lovendal.ro\\\/wp52\\\/in-1988-s-au-ciocnit-doua-avioane-de-lupta-americane-cu-o-imensa-aeronava-extraterestra\\\/\"},\"wordCount\":245,\"commentCount\":0,\"publisher\":{\"@id\":\"https:\\\/\\\/www.lovendal.ro\\\/wp52\\\/#organization\"},\"image\":{\"@id\":\"https:\\\/\\\/www.lovendal.ro\\\/wp52\\\/in-1988-s-au-ciocnit-doua-avioane-de-lupta-americane-cu-o-imensa-aeronava-extraterestra\\\/#primaryimage\"},\"thumbnailUrl\":\"https:\\\/\\\/www.lovendal.ro\\\/wp52\\\/wp-content\\\/uploads\\\/2017\\\/09\\\/avion-OZN-puerto-rico-2.jpg\",\"keywords\":[\"avion\",\"Oceanul Atlantic\",\"OZN\",\"Paranormal-Spiritualitate\",\"Puerto Rico\",\"SUA\"],\"articleSection\":[\"Paranormal-Spiritualitate\"],\"inLanguage\":\"ro-RO\",\"potentialAction\":[{\"@type\":\"CommentAction\",\"name\":\"Comment\",\"target\":[\"https:\\\/\\\/www.lovendal.ro\\\/wp52\\\/in-1988-s-au-ciocnit-doua-avioane-de-lupta-americane-cu-o-imensa-aeronava-extraterestra\\\/#respond\"]}]},{\"@type\":\"WebPage\",\"@id\":\"https:\\\/\\\/www.lovendal.ro\\\/wp52\\\/in-1988-s-au-ciocnit-doua-avioane-de-lupta-americane-cu-o-imensa-aeronava-extraterestra\\\/\",\"url\":\"https:\\\/\\\/www.lovendal.ro\\\/wp52\\\/in-1988-s-au-ciocnit-doua-avioane-de-lupta-americane-cu-o-imensa-aeronava-extraterestra\\\/\",\"name\":\"\u00cen 1988, s-au ciocnit dou\u0103 avioane de lupt\u0103 americane cu o imens\u0103 aeronav\u0103 extraterestr\u0103? - Secretele lui Lovendal\",\"isPartOf\":{\"@id\":\"https:\\\/\\\/www.lovendal.ro\\\/wp52\\\/#website\"},\"primaryImageOfPage\":{\"@id\":\"https:\\\/\\\/www.lovendal.ro\\\/wp52\\\/in-1988-s-au-ciocnit-doua-avioane-de-lupta-americane-cu-o-imensa-aeronava-extraterestra\\\/#primaryimage\"},\"image\":{\"@id\":\"https:\\\/\\\/www.lovendal.ro\\\/wp52\\\/in-1988-s-au-ciocnit-doua-avioane-de-lupta-americane-cu-o-imensa-aeronava-extraterestra\\\/#primaryimage\"},\"thumbnailUrl\":\"https:\\\/\\\/www.lovendal.ro\\\/wp52\\\/wp-content\\\/uploads\\\/2017\\\/09\\\/avion-OZN-puerto-rico-2.jpg\",\"datePublished\":\"2017-09-01T04:00:18+00:00\",\"dateModified\":\"2022-05-25T05:39:38+00:00\",\"breadcrumb\":{\"@id\":\"https:\\\/\\\/www.lovendal.ro\\\/wp52\\\/in-1988-s-au-ciocnit-doua-avioane-de-lupta-americane-cu-o-imensa-aeronava-extraterestra\\\/#breadcrumb\"},\"inLanguage\":\"ro-RO\",\"potentialAction\":[{\"@type\":\"ReadAction\",\"target\":[\"https:\\\/\\\/www.lovendal.ro\\\/wp52\\\/in-1988-s-au-ciocnit-doua-avioane-de-lupta-americane-cu-o-imensa-aeronava-extraterestra\\\/\"]}]},{\"@type\":\"ImageObject\",\"inLanguage\":\"ro-RO\",\"@id\":\"https:\\\/\\\/www.lovendal.ro\\\/wp52\\\/in-1988-s-au-ciocnit-doua-avioane-de-lupta-americane-cu-o-imensa-aeronava-extraterestra\\\/#primaryimage\",\"url\":\"https:\\\/\\\/www.lovendal.ro\\\/wp52\\\/wp-content\\\/uploads\\\/2017\\\/09\\\/avion-OZN-puerto-rico-2.jpg\",\"contentUrl\":\"https:\\\/\\\/www.lovendal.ro\\\/wp52\\\/wp-content\\\/uploads\\\/2017\\\/09\\\/avion-OZN-puerto-rico-2.jpg\",\"width\":363,\"height\":203},{\"@type\":\"BreadcrumbList\",\"@id\":\"https:\\\/\\\/www.lovendal.ro\\\/wp52\\\/in-1988-s-au-ciocnit-doua-avioane-de-lupta-americane-cu-o-imensa-aeronava-extraterestra\\\/#breadcrumb\",\"itemListElement\":[{\"@type\":\"ListItem\",\"position\":1,\"name\":\"Home\",\"item\":\"https:\\\/\\\/www.lovendal.ro\\\/wp52\\\/\"},{\"@type\":\"ListItem\",\"position\":2,\"name\":\"\u00cen 1988, s-au ciocnit dou\u0103 avioane de lupt\u0103 americane cu o imens\u0103 aeronav\u0103 extraterestr\u0103?\"}]},{\"@type\":\"WebSite\",\"@id\":\"https:\\\/\\\/www.lovendal.ro\\\/wp52\\\/#website\",\"url\":\"https:\\\/\\\/www.lovendal.ro\\\/wp52\\\/\",\"name\":\"Secretele lui Lovendal\",\"description\":\"Site de secrete, stiinta si metafizica - din 2008 -\",\"publisher\":{\"@id\":\"https:\\\/\\\/www.lovendal.ro\\\/wp52\\\/#organization\"},\"potentialAction\":[{\"@type\":\"SearchAction\",\"target\":{\"@type\":\"EntryPoint\",\"urlTemplate\":\"https:\\\/\\\/www.lovendal.ro\\\/wp52\\\/?s={search_term_string}\"},\"query-input\":{\"@type\":\"PropertyValueSpecification\",\"valueRequired\":true,\"valueName\":\"search_term_string\"}}],\"inLanguage\":\"ro-RO\"},{\"@type\":\"Organization\",\"@id\":\"https:\\\/\\\/www.lovendal.ro\\\/wp52\\\/#organization\",\"name\":\"Secretele lui Lovendal\",\"url\":\"https:\\\/\\\/www.lovendal.ro\\\/wp52\\\/\",\"logo\":{\"@type\":\"ImageObject\",\"inLanguage\":\"ro-RO\",\"@id\":\"https:\\\/\\\/www.lovendal.ro\\\/wp52\\\/#\\\/schema\\\/logo\\\/image\\\/\",\"url\":\"https:\\\/\\\/www.lovendal.ro\\\/wp52\\\/wp-content\\\/uploads\\\/2024\\\/06\\\/cropped-SLL-iun-2024-1.jpg\",\"contentUrl\":\"https:\\\/\\\/www.lovendal.ro\\\/wp52\\\/wp-content\\\/uploads\\\/2024\\\/06\\\/cropped-SLL-iun-2024-1.jpg\",\"width\":771,\"height\":240,\"caption\":\"Secretele lui Lovendal\"},\"image\":{\"@id\":\"https:\\\/\\\/www.lovendal.ro\\\/wp52\\\/#\\\/schema\\\/logo\\\/image\\\/\"},\"sameAs\":[\"https:\\\/\\\/www.facebook.com\\\/secreteleluilovendal\"]},{\"@type\":\"Person\",\"@id\":\"https:\\\/\\\/www.lovendal.ro\\\/wp52\\\/#\\\/schema\\\/person\\\/088691de5dfc346bb0c023e1e52ef5d9\",\"name\":\"admin\",\"image\":{\"@type\":\"ImageObject\",\"inLanguage\":\"ro-RO\",\"@id\":\"https:\\\/\\\/secure.gravatar.com\\\/avatar\\\/ecb9cd41f5f63c9c9b989999a59f6e2639a865ec361e9db054db0679a8f341c2?s=96&d=mm&r=g\",\"url\":\"https:\\\/\\\/secure.gravatar.com\\\/avatar\\\/ecb9cd41f5f63c9c9b989999a59f6e2639a865ec361e9db054db0679a8f341c2?s=96&d=mm&r=g\",\"contentUrl\":\"https:\\\/\\\/secure.gravatar.com\\\/avatar\\\/ecb9cd41f5f63c9c9b989999a59f6e2639a865ec361e9db054db0679a8f341c2?s=96&d=mm&r=g\",\"caption\":\"admin\"},\"sameAs\":[\"https:\\\/\\\/www.lovendal.ro\\\/wp52\"]}]}<\/script>\n<!-- \/ Yoast SEO Premium plugin. -->","yoast_head_json":{"title":"\u00cen 1988, s-au ciocnit dou\u0103 avioane de lupt\u0103 americane cu o imens\u0103 aeronav\u0103 extraterestr\u0103? - Secretele lui Lovendal","robots":{"index":"index","follow":"follow","max-snippet":"max-snippet:-1","max-image-preview":"max-image-preview:large","max-video-preview":"max-video-preview:-1"},"canonical":"https:\/\/www.lovendal.ro\/wp52\/in-1988-s-au-ciocnit-doua-avioane-de-lupta-americane-cu-o-imensa-aeronava-extraterestra\/","og_locale":"ro_RO","og_type":"article","og_title":"\u00cen 1988, s-au ciocnit dou\u0103 avioane de lupt\u0103 americane cu o imens\u0103 aeronav\u0103 extraterestr\u0103?","og_description":"\u00cen decembrie 1988 nenum\u0103ra\u0163i locuitori din Puerto Rico au fost martorii \u00eent\u00e2lnirii dintre dou\u0103 avioane de lupt\u0103 a SUA \u015fi o imens\u0103 aeronav\u0103 extraterestr\u0103 imens\u0103. Cu aceast\u0103 ocazie ei au putut vedea dou\u0103 avioane F4 care au intrat practic \u00eentr-un ... Cititi mai multe","og_url":"https:\/\/www.lovendal.ro\/wp52\/in-1988-s-au-ciocnit-doua-avioane-de-lupta-americane-cu-o-imensa-aeronava-extraterestra\/","og_site_name":"Secretele lui Lovendal","article_publisher":"https:\/\/www.facebook.com\/secreteleluilovendal","article_published_time":"2017-09-01T04:00:18+00:00","article_modified_time":"2022-05-25T05:39:38+00:00","og_image":[{"width":363,"height":203,"url":"https:\/\/www.lovendal.ro\/wp52\/wp-content\/uploads\/2017\/09\/avion-OZN-puerto-rico-2.jpg","type":"image\/jpeg"}],"author":"admin","twitter_card":"summary_large_image","twitter_misc":{"Scris de":"admin","Timp estimat pentru citire":"1 minut"},"schema":{"@context":"https:\/\/schema.org","@graph":[{"@type":"Article","@id":"https:\/\/www.lovendal.ro\/wp52\/in-1988-s-au-ciocnit-doua-avioane-de-lupta-americane-cu-o-imensa-aeronava-extraterestra\/#article","isPartOf":{"@id":"https:\/\/www.lovendal.ro\/wp52\/in-1988-s-au-ciocnit-doua-avioane-de-lupta-americane-cu-o-imensa-aeronava-extraterestra\/"},"author":{"name":"admin","@id":"https:\/\/www.lovendal.ro\/wp52\/#\/schema\/person\/088691de5dfc346bb0c023e1e52ef5d9"},"headline":"\u00cen 1988, s-au ciocnit dou\u0103 avioane de lupt\u0103 americane cu o imens\u0103 aeronav\u0103 extraterestr\u0103?","datePublished":"2017-09-01T04:00:18+00:00","dateModified":"2022-05-25T05:39:38+00:00","mainEntityOfPage":{"@id":"https:\/\/www.lovendal.ro\/wp52\/in-1988-s-au-ciocnit-doua-avioane-de-lupta-americane-cu-o-imensa-aeronava-extraterestra\/"},"wordCount":245,"commentCount":0,"publisher":{"@id":"https:\/\/www.lovendal.ro\/wp52\/#organization"},"image":{"@id":"https:\/\/www.lovendal.ro\/wp52\/in-1988-s-au-ciocnit-doua-avioane-de-lupta-americane-cu-o-imensa-aeronava-extraterestra\/#primaryimage"},"thumbnailUrl":"https:\/\/www.lovendal.ro\/wp52\/wp-content\/uploads\/2017\/09\/avion-OZN-puerto-rico-2.jpg","keywords":["avion","Oceanul Atlantic","OZN","Paranormal-Spiritualitate","Puerto Rico","SUA"],"articleSection":["Paranormal-Spiritualitate"],"inLanguage":"ro-RO","potentialAction":[{"@type":"CommentAction","name":"Comment","target":["https:\/\/www.lovendal.ro\/wp52\/in-1988-s-au-ciocnit-doua-avioane-de-lupta-americane-cu-o-imensa-aeronava-extraterestra\/#respond"]}]},{"@type":"WebPage","@id":"https:\/\/www.lovendal.ro\/wp52\/in-1988-s-au-ciocnit-doua-avioane-de-lupta-americane-cu-o-imensa-aeronava-extraterestra\/","url":"https:\/\/www.lovendal.ro\/wp52\/in-1988-s-au-ciocnit-doua-avioane-de-lupta-americane-cu-o-imensa-aeronava-extraterestra\/","name":"\u00cen 1988, s-au ciocnit dou\u0103 avioane de lupt\u0103 americane cu o imens\u0103 aeronav\u0103 extraterestr\u0103? - Secretele lui Lovendal","isPartOf":{"@id":"https:\/\/www.lovendal.ro\/wp52\/#website"},"primaryImageOfPage":{"@id":"https:\/\/www.lovendal.ro\/wp52\/in-1988-s-au-ciocnit-doua-avioane-de-lupta-americane-cu-o-imensa-aeronava-extraterestra\/#primaryimage"},"image":{"@id":"https:\/\/www.lovendal.ro\/wp52\/in-1988-s-au-ciocnit-doua-avioane-de-lupta-americane-cu-o-imensa-aeronava-extraterestra\/#primaryimage"},"thumbnailUrl":"https:\/\/www.lovendal.ro\/wp52\/wp-content\/uploads\/2017\/09\/avion-OZN-puerto-rico-2.jpg","datePublished":"2017-09-01T04:00:18+00:00","dateModified":"2022-05-25T05:39:38+00:00","breadcrumb":{"@id":"https:\/\/www.lovendal.ro\/wp52\/in-1988-s-au-ciocnit-doua-avioane-de-lupta-americane-cu-o-imensa-aeronava-extraterestra\/#breadcrumb"},"inLanguage":"ro-RO","potentialAction":[{"@type":"ReadAction","target":["https:\/\/www.lovendal.ro\/wp52\/in-1988-s-au-ciocnit-doua-avioane-de-lupta-americane-cu-o-imensa-aeronava-extraterestra\/"]}]},{"@type":"ImageObject","inLanguage":"ro-RO","@id":"https:\/\/www.lovendal.ro\/wp52\/in-1988-s-au-ciocnit-doua-avioane-de-lupta-americane-cu-o-imensa-aeronava-extraterestra\/#primaryimage","url":"https:\/\/www.lovendal.ro\/wp52\/wp-content\/uploads\/2017\/09\/avion-OZN-puerto-rico-2.jpg","contentUrl":"https:\/\/www.lovendal.ro\/wp52\/wp-content\/uploads\/2017\/09\/avion-OZN-puerto-rico-2.jpg","width":363,"height":203},{"@type":"BreadcrumbList","@id":"https:\/\/www.lovendal.ro\/wp52\/in-1988-s-au-ciocnit-doua-avioane-de-lupta-americane-cu-o-imensa-aeronava-extraterestra\/#breadcrumb","itemListElement":[{"@type":"ListItem","position":1,"name":"Home","item":"https:\/\/www.lovendal.ro\/wp52\/"},{"@type":"ListItem","position":2,"name":"\u00cen 1988, s-au ciocnit dou\u0103 avioane de lupt\u0103 americane cu o imens\u0103 aeronav\u0103 extraterestr\u0103?"}]},{"@type":"WebSite","@id":"https:\/\/www.lovendal.ro\/wp52\/#website","url":"https:\/\/www.lovendal.ro\/wp52\/","name":"Secretele lui Lovendal","description":"Site de secrete, stiinta si metafizica - din 2008 -","publisher":{"@id":"https:\/\/www.lovendal.ro\/wp52\/#organization"},"potentialAction":[{"@type":"SearchAction","target":{"@type":"EntryPoint","urlTemplate":"https:\/\/www.lovendal.ro\/wp52\/?s={search_term_string}"},"query-input":{"@type":"PropertyValueSpecification","valueRequired":true,"valueName":"search_term_string"}}],"inLanguage":"ro-RO"},{"@type":"Organization","@id":"https:\/\/www.lovendal.ro\/wp52\/#organization","name":"Secretele lui Lovendal","url":"https:\/\/www.lovendal.ro\/wp52\/","logo":{"@type":"ImageObject","inLanguage":"ro-RO","@id":"https:\/\/www.lovendal.ro\/wp52\/#\/schema\/logo\/image\/","url":"https:\/\/www.lovendal.ro\/wp52\/wp-content\/uploads\/2024\/06\/cropped-SLL-iun-2024-1.jpg","contentUrl":"https:\/\/www.lovendal.ro\/wp52\/wp-content\/uploads\/2024\/06\/cropped-SLL-iun-2024-1.jpg","width":771,"height":240,"caption":"Secretele lui Lovendal"},"image":{"@id":"https:\/\/www.lovendal.ro\/wp52\/#\/schema\/logo\/image\/"},"sameAs":["https:\/\/www.facebook.com\/secreteleluilovendal"]},{"@type":"Person","@id":"https:\/\/www.lovendal.ro\/wp52\/#\/schema\/person\/088691de5dfc346bb0c023e1e52ef5d9","name":"admin","image":{"@type":"ImageObject","inLanguage":"ro-RO","@id":"https:\/\/secure.gravatar.com\/avatar\/ecb9cd41f5f63c9c9b989999a59f6e2639a865ec361e9db054db0679a8f341c2?s=96&d=mm&r=g","url":"https:\/\/secure.gravatar.com\/avatar\/ecb9cd41f5f63c9c9b989999a59f6e2639a865ec361e9db054db0679a8f341c2?s=96&d=mm&r=g","contentUrl":"https:\/\/secure.gravatar.com\/avatar\/ecb9cd41f5f63c9c9b989999a59f6e2639a865ec361e9db054db0679a8f341c2?s=96&d=mm&r=g","caption":"admin"},"sameAs":["https:\/\/www.lovendal.ro\/wp52"]}]}},"_links":{"self":[{"href":"https:\/\/www.lovendal.ro\/wp52\/wp-json\/wp\/v2\/posts\/52678","targetHints":{"allow":["GET"]}}],"collection":[{"href":"https:\/\/www.lovendal.ro\/wp52\/wp-json\/wp\/v2\/posts"}],"about":[{"href":"https:\/\/www.lovendal.ro\/wp52\/wp-json\/wp\/v2\/types\/post"}],"author":[{"embeddable":true,"href":"https:\/\/www.lovendal.ro\/wp52\/wp-json\/wp\/v2\/users\/1"}],"replies":[{"embeddable":true,"href":"https:\/\/www.lovendal.ro\/wp52\/wp-json\/wp\/v2\/comments?post=52678"}],"version-history":[{"count":0,"href":"https:\/\/www.lovendal.ro\/wp52\/wp-json\/wp\/v2\/posts\/52678\/revisions"}],"wp:featuredmedia":[{"embeddable":true,"href":"https:\/\/www.lovendal.ro\/wp52\/wp-json\/wp\/v2\/media\/80301"}],"wp:attachment":[{"href":"https:\/\/www.lovendal.ro\/wp52\/wp-json\/wp\/v2\/media?parent=52678"}],"wp:term":[{"taxonomy":"category","embeddable":true,"href":"https:\/\/www.lovendal.ro\/wp52\/wp-json\/wp\/v2\/categories?post=52678"},{"taxonomy":"post_tag","embeddable":true,"href":"https:\/\/www.lovendal.ro\/wp52\/wp-json\/wp\/v2\/tags?post=52678"}],"curies":[{"name":"wp","href":"https:\/\/api.w.org\/{rel}","templated":true}]}}