{"id":52652,"date":"2017-08-24T09:03:38","date_gmt":"2017-08-24T06:03:38","guid":{"rendered":"http:\/\/www.lovendal.ro\/wp52\/?p=52652"},"modified":"2017-08-24T09:03:38","modified_gmt":"2017-08-24T06:03:38","slug":"nins-maramures-luna-august-si-asta-e-un-semn-al-incalzirii-globale","status":"publish","type":"post","link":"https:\/\/www.lovendal.ro\/wp52\/nins-maramures-luna-august-si-asta-e-un-semn-al-incalzirii-globale\/","title":{"rendered":"A nins \u00een Maramure\u015f \u00een luna august! \u015ei \u0103sta e un semn al &#8222;\u00eenc\u0103lzirii globale&#8221;!?"},"content":{"rendered":"<p><a href=\"https:\/\/www.lovendal.ro\/wp52\/wp-content\/uploads\/2017\/08\/zapada-Pietrosu.jpg\"><img loading=\"lazy\" decoding=\"async\" class=\"alignleft size-full wp-image-52653\" src=\"https:\/\/www.lovendal.ro\/wp52\/wp-content\/uploads\/2017\/08\/zapada-Pietrosu.jpg\" alt=\"\" width=\"333\" height=\"187\" srcset=\"https:\/\/www.lovendal.ro\/wp52\/wp-content\/uploads\/2017\/08\/zapada-Pietrosu.jpg 333w, https:\/\/www.lovendal.ro\/wp52\/wp-content\/uploads\/2017\/08\/zapada-Pietrosu-300x168.jpg 300w\" sizes=\"auto, (max-width: 333px) 100vw, 333px\" \/><\/a>\u00cen noaptea de 22 spre 23 august 2017, locuitorii ora\u015fului Bor\u015fa din Maramure\u015f au avut o surpriz\u0103 uria\u015f\u0103! \u00cen jurul orei 2.00 a \u00eenceput s\u0103 ning\u0103 ca \u00een toiul iernii. Conform informa\u0163iilor difuzate de Antena 3, pe V\u00e2rful Pietrosul din Mun\u0163ii Rodnei, stratul de z\u0103pad\u0103 ajunge la 5 centimetri.<\/p>\n<p>Fenomenul spectaculos a luat prin surprindere pe toat\u0103 lumea, chiar \u015fi b\u0103tr\u00e2nii ora\u015fului spun c\u0103 n-au mai pomenit a\u015fa ceva. \u00ce\u015fi amintesc de faptul c\u0103 au mai v\u0103zut s\u0103 cad\u0103 primii fulgi de z\u0103pad\u0103 \u00een luna septembrie, dar nicidecum \u00een luna august.<\/p>\n<p><em>\u201eDe c\u00e2nd sunt eu nu am mai pomenit a\u015fa ceva. Da, \u00een septembrie a nins, asta \u00eemi amintesc dar \u00een luna lui august nu am mai pomenit z\u0103pad\u0103. Nu se poate a\u015fa ceva\u201d,<\/em> spune Maria Timi\u015f, o localnic\u0103 de 65 de ani.<\/p>\n<p><em><strong>Sursa:<\/strong><\/em> <em>evz.ro<\/em><\/p>\n<p>A\u015fadar, iat\u0103 c\u0103 \u00een luna august ninge la munte, asta imediat dup\u0103 o perioad\u0103 sufocant de cald\u0103. Fenomenul apare \u00een timp ce &#8222;mainstream media&#8221; ne inund\u0103 cu \u015ftiri apocaliptice precum c\u0103 &#8222;\u00eenc\u0103lzirea global\u0103 e ireversibil\u0103&#8221; \u015fi &#8222;c\u0103 ne vom topi la propriu&#8221;, c\u0103 nu va mai exist\u0103 z\u0103pezi, c\u0103 nu va mai exista iarn\u0103 \u015fi alte prostii de genul acesta.<\/p>\n<p>Adev\u0103rul e c\u0103 dac\u0103 o minciun\u0103 e repetat\u0103 de sute de mii de ori ajunge s\u0103 fie acceptat\u0103 \u00een subcon\u015ftient \u015fi con\u015ftient, chiar de cei sceptici. \u00cens\u0103 faptele contrazic manipularea cu &#8222;\u00eenc\u0103lzirea global\u0103&#8221;. Dac\u0103 ninge \u00een Rom\u00e2nia \u00een luna august, asta \u00eenseamn\u0103 c\u0103 nu ne topim a\u015fa de repede. Da, e adev\u0103rat c\u0103 a fost o var\u0103 c\u0103lduroas\u0103 (2017), dar la fel a fost \u015fi \u00een anul 1951, de exemplu, atunci c\u00e2nd \u00een Rom\u00e2nia s-a \u00eenregistrat o temperatur\u0103-record: 44,5 grade Celsius. \u015ei nimeni nu vorbea atunci de &#8222;\u00eenc\u0103lzirea global\u0103&#8221;&#8230;<\/p>\n","protected":false},"excerpt":{"rendered":"<p>\u00cen noaptea de 22 spre 23 august 2017, locuitorii ora\u015fului Bor\u015fa din Maramure\u015f au avut o surpriz\u0103 uria\u015f\u0103! \u00cen jurul orei 2.00 a \u00eenceput s\u0103 ning\u0103 ca \u00een toiul iernii. Conform informa\u0163iilor difuzate de Antena 3, pe V\u00e2rful Pietrosul din &#8230; <\/p>\n<p class=\"read-more-container\"><a title=\"A nins \u00een Maramure\u015f \u00een luna august! \u015ei \u0103sta e un semn al &#8222;\u00eenc\u0103lzirii globale&#8221;!?\" class=\"read-more button\" href=\"https:\/\/www.lovendal.ro\/wp52\/nins-maramures-luna-august-si-asta-e-un-semn-al-incalzirii-globale\/#more-52652\" aria-label=\"Cite\u0219te mai multe despre A nins \u00een Maramure\u015f \u00een luna august! \u015ei \u0103sta e un semn al &#8222;\u00eenc\u0103lzirii globale&#8221;!?\">Cititi mai multe<\/a><\/p>\n","protected":false},"author":1,"featured_media":52653,"comment_status":"open","ping_status":"closed","sticky":false,"template":"","format":"standard","meta":{"footnotes":""},"categories":[1852,2833],"tags":[11902,1960,9809,3738,4496,4075,815,11903,11901,74,2343,2358,3530],"class_list":["post-52652","post","type-post","status-publish","format-standard","has-post-thumbnail","hentry","category-incredibil","category-noutati","tag-borsa","tag-incalzire-globala","tag-incredibil","tag-maramures","tag-mass-media","tag-minciuna","tag-munti","tag-muntii-rodnei","tag-pietrosu","tag-romania","tag-subconstient","tag-temperatura","tag-zapada","resize-featured-image"],"yoast_head":"<!-- This site is optimized with the Yoast SEO Premium plugin v23.3 (Yoast SEO v27.4) - https:\/\/yoast.com\/product\/yoast-seo-premium-wordpress\/ -->\n<title>A nins \u00een Maramure\u015f \u00een luna august! \u015ei \u0103sta e un semn al &quot;\u00eenc\u0103lzirii globale&quot;!? - Secretele lui Lovendal<\/title>\n<meta name=\"robots\" content=\"index, follow, max-snippet:-1, max-image-preview:large, max-video-preview:-1\" \/>\n<link rel=\"canonical\" href=\"https:\/\/www.lovendal.ro\/wp52\/nins-maramures-luna-august-si-asta-e-un-semn-al-incalzirii-globale\/\" \/>\n<meta property=\"og:locale\" content=\"ro_RO\" \/>\n<meta property=\"og:type\" content=\"article\" \/>\n<meta property=\"og:title\" content=\"A nins \u00een Maramure\u015f \u00een luna august! \u015ei \u0103sta e un semn al &quot;\u00eenc\u0103lzirii globale&quot;!?\" \/>\n<meta property=\"og:description\" content=\"\u00cen noaptea de 22 spre 23 august 2017, locuitorii ora\u015fului Bor\u015fa din Maramure\u015f au avut o surpriz\u0103 uria\u015f\u0103! \u00cen jurul orei 2.00 a \u00eenceput s\u0103 ning\u0103 ca \u00een toiul iernii. Conform informa\u0163iilor difuzate de Antena 3, pe V\u00e2rful Pietrosul din ... Cititi mai multe\" \/>\n<meta property=\"og:url\" content=\"https:\/\/www.lovendal.ro\/wp52\/nins-maramures-luna-august-si-asta-e-un-semn-al-incalzirii-globale\/\" \/>\n<meta property=\"og:site_name\" content=\"Secretele lui Lovendal\" \/>\n<meta property=\"article:publisher\" content=\"https:\/\/www.facebook.com\/secreteleluilovendal\" \/>\n<meta property=\"article:published_time\" content=\"2017-08-24T06:03:38+00:00\" \/>\n<meta property=\"og:image\" content=\"https:\/\/www.lovendal.ro\/wp52\/wp-content\/uploads\/2017\/08\/zapada-Pietrosu.jpg\" \/>\n\t<meta property=\"og:image:width\" content=\"333\" \/>\n\t<meta property=\"og:image:height\" content=\"187\" \/>\n\t<meta property=\"og:image:type\" content=\"image\/jpeg\" \/>\n<meta name=\"author\" content=\"admin\" \/>\n<meta name=\"twitter:card\" content=\"summary_large_image\" \/>\n<meta name=\"twitter:label1\" content=\"Scris de\" \/>\n\t<meta name=\"twitter:data1\" content=\"admin\" \/>\n\t<meta name=\"twitter:label2\" content=\"Timp estimat pentru citire\" \/>\n\t<meta name=\"twitter:data2\" content=\"2 minute\" \/>\n<script type=\"application\/ld+json\" class=\"yoast-schema-graph\">{\"@context\":\"https:\\\/\\\/schema.org\",\"@graph\":[{\"@type\":\"Article\",\"@id\":\"https:\\\/\\\/www.lovendal.ro\\\/wp52\\\/nins-maramures-luna-august-si-asta-e-un-semn-al-incalzirii-globale\\\/#article\",\"isPartOf\":{\"@id\":\"https:\\\/\\\/www.lovendal.ro\\\/wp52\\\/nins-maramures-luna-august-si-asta-e-un-semn-al-incalzirii-globale\\\/\"},\"author\":{\"name\":\"admin\",\"@id\":\"https:\\\/\\\/www.lovendal.ro\\\/wp52\\\/#\\\/schema\\\/person\\\/088691de5dfc346bb0c023e1e52ef5d9\"},\"headline\":\"A nins \u00een Maramure\u015f \u00een luna august! \u015ei \u0103sta e un semn al &#8222;\u00eenc\u0103lzirii globale&#8221;!?\",\"datePublished\":\"2017-08-24T06:03:38+00:00\",\"mainEntityOfPage\":{\"@id\":\"https:\\\/\\\/www.lovendal.ro\\\/wp52\\\/nins-maramures-luna-august-si-asta-e-un-semn-al-incalzirii-globale\\\/\"},\"wordCount\":322,\"commentCount\":0,\"publisher\":{\"@id\":\"https:\\\/\\\/www.lovendal.ro\\\/wp52\\\/#organization\"},\"image\":{\"@id\":\"https:\\\/\\\/www.lovendal.ro\\\/wp52\\\/nins-maramures-luna-august-si-asta-e-un-semn-al-incalzirii-globale\\\/#primaryimage\"},\"thumbnailUrl\":\"https:\\\/\\\/www.lovendal.ro\\\/wp52\\\/wp-content\\\/uploads\\\/2017\\\/08\\\/zapada-Pietrosu.jpg\",\"keywords\":[\"Bor\u015fa\",\"\u00eenc\u0103lzire global\u0103\",\"Incredibil!\",\"Maramure\u015f\",\"mass-media\",\"minciun\u0103\",\"mun\u0163i\",\"Mun\u0163ii Rodnei\",\"Pietrosu\",\"Rom\u00e2nia\",\"subcon\u015ftient\",\"temperatur\u0103\",\"z\u0103pad\u0103\"],\"articleSection\":[\"Incredibil!\",\"Noutati\"],\"inLanguage\":\"ro-RO\",\"potentialAction\":[{\"@type\":\"CommentAction\",\"name\":\"Comment\",\"target\":[\"https:\\\/\\\/www.lovendal.ro\\\/wp52\\\/nins-maramures-luna-august-si-asta-e-un-semn-al-incalzirii-globale\\\/#respond\"]}]},{\"@type\":\"WebPage\",\"@id\":\"https:\\\/\\\/www.lovendal.ro\\\/wp52\\\/nins-maramures-luna-august-si-asta-e-un-semn-al-incalzirii-globale\\\/\",\"url\":\"https:\\\/\\\/www.lovendal.ro\\\/wp52\\\/nins-maramures-luna-august-si-asta-e-un-semn-al-incalzirii-globale\\\/\",\"name\":\"A nins \u00een Maramure\u015f \u00een luna august! \u015ei \u0103sta e un semn al \\\"\u00eenc\u0103lzirii globale\\\"!? - Secretele lui Lovendal\",\"isPartOf\":{\"@id\":\"https:\\\/\\\/www.lovendal.ro\\\/wp52\\\/#website\"},\"primaryImageOfPage\":{\"@id\":\"https:\\\/\\\/www.lovendal.ro\\\/wp52\\\/nins-maramures-luna-august-si-asta-e-un-semn-al-incalzirii-globale\\\/#primaryimage\"},\"image\":{\"@id\":\"https:\\\/\\\/www.lovendal.ro\\\/wp52\\\/nins-maramures-luna-august-si-asta-e-un-semn-al-incalzirii-globale\\\/#primaryimage\"},\"thumbnailUrl\":\"https:\\\/\\\/www.lovendal.ro\\\/wp52\\\/wp-content\\\/uploads\\\/2017\\\/08\\\/zapada-Pietrosu.jpg\",\"datePublished\":\"2017-08-24T06:03:38+00:00\",\"breadcrumb\":{\"@id\":\"https:\\\/\\\/www.lovendal.ro\\\/wp52\\\/nins-maramures-luna-august-si-asta-e-un-semn-al-incalzirii-globale\\\/#breadcrumb\"},\"inLanguage\":\"ro-RO\",\"potentialAction\":[{\"@type\":\"ReadAction\",\"target\":[\"https:\\\/\\\/www.lovendal.ro\\\/wp52\\\/nins-maramures-luna-august-si-asta-e-un-semn-al-incalzirii-globale\\\/\"]}]},{\"@type\":\"ImageObject\",\"inLanguage\":\"ro-RO\",\"@id\":\"https:\\\/\\\/www.lovendal.ro\\\/wp52\\\/nins-maramures-luna-august-si-asta-e-un-semn-al-incalzirii-globale\\\/#primaryimage\",\"url\":\"https:\\\/\\\/www.lovendal.ro\\\/wp52\\\/wp-content\\\/uploads\\\/2017\\\/08\\\/zapada-Pietrosu.jpg\",\"contentUrl\":\"https:\\\/\\\/www.lovendal.ro\\\/wp52\\\/wp-content\\\/uploads\\\/2017\\\/08\\\/zapada-Pietrosu.jpg\",\"width\":333,\"height\":187},{\"@type\":\"BreadcrumbList\",\"@id\":\"https:\\\/\\\/www.lovendal.ro\\\/wp52\\\/nins-maramures-luna-august-si-asta-e-un-semn-al-incalzirii-globale\\\/#breadcrumb\",\"itemListElement\":[{\"@type\":\"ListItem\",\"position\":1,\"name\":\"Home\",\"item\":\"https:\\\/\\\/www.lovendal.ro\\\/wp52\\\/\"},{\"@type\":\"ListItem\",\"position\":2,\"name\":\"A nins \u00een Maramure\u015f \u00een luna august! \u015ei \u0103sta e un semn al &#8222;\u00eenc\u0103lzirii globale&#8221;!?\"}]},{\"@type\":\"WebSite\",\"@id\":\"https:\\\/\\\/www.lovendal.ro\\\/wp52\\\/#website\",\"url\":\"https:\\\/\\\/www.lovendal.ro\\\/wp52\\\/\",\"name\":\"Secretele lui Lovendal\",\"description\":\"Site de secrete, stiinta si metafizica - din 2008 -\",\"publisher\":{\"@id\":\"https:\\\/\\\/www.lovendal.ro\\\/wp52\\\/#organization\"},\"potentialAction\":[{\"@type\":\"SearchAction\",\"target\":{\"@type\":\"EntryPoint\",\"urlTemplate\":\"https:\\\/\\\/www.lovendal.ro\\\/wp52\\\/?s={search_term_string}\"},\"query-input\":{\"@type\":\"PropertyValueSpecification\",\"valueRequired\":true,\"valueName\":\"search_term_string\"}}],\"inLanguage\":\"ro-RO\"},{\"@type\":\"Organization\",\"@id\":\"https:\\\/\\\/www.lovendal.ro\\\/wp52\\\/#organization\",\"name\":\"Secretele lui Lovendal\",\"url\":\"https:\\\/\\\/www.lovendal.ro\\\/wp52\\\/\",\"logo\":{\"@type\":\"ImageObject\",\"inLanguage\":\"ro-RO\",\"@id\":\"https:\\\/\\\/www.lovendal.ro\\\/wp52\\\/#\\\/schema\\\/logo\\\/image\\\/\",\"url\":\"https:\\\/\\\/www.lovendal.ro\\\/wp52\\\/wp-content\\\/uploads\\\/2024\\\/06\\\/cropped-SLL-iun-2024-1.jpg\",\"contentUrl\":\"https:\\\/\\\/www.lovendal.ro\\\/wp52\\\/wp-content\\\/uploads\\\/2024\\\/06\\\/cropped-SLL-iun-2024-1.jpg\",\"width\":771,\"height\":240,\"caption\":\"Secretele lui Lovendal\"},\"image\":{\"@id\":\"https:\\\/\\\/www.lovendal.ro\\\/wp52\\\/#\\\/schema\\\/logo\\\/image\\\/\"},\"sameAs\":[\"https:\\\/\\\/www.facebook.com\\\/secreteleluilovendal\"]},{\"@type\":\"Person\",\"@id\":\"https:\\\/\\\/www.lovendal.ro\\\/wp52\\\/#\\\/schema\\\/person\\\/088691de5dfc346bb0c023e1e52ef5d9\",\"name\":\"admin\",\"image\":{\"@type\":\"ImageObject\",\"inLanguage\":\"ro-RO\",\"@id\":\"https:\\\/\\\/secure.gravatar.com\\\/avatar\\\/ecb9cd41f5f63c9c9b989999a59f6e2639a865ec361e9db054db0679a8f341c2?s=96&d=mm&r=g\",\"url\":\"https:\\\/\\\/secure.gravatar.com\\\/avatar\\\/ecb9cd41f5f63c9c9b989999a59f6e2639a865ec361e9db054db0679a8f341c2?s=96&d=mm&r=g\",\"contentUrl\":\"https:\\\/\\\/secure.gravatar.com\\\/avatar\\\/ecb9cd41f5f63c9c9b989999a59f6e2639a865ec361e9db054db0679a8f341c2?s=96&d=mm&r=g\",\"caption\":\"admin\"},\"sameAs\":[\"https:\\\/\\\/www.lovendal.ro\\\/wp52\"]}]}<\/script>\n<!-- \/ Yoast SEO Premium plugin. -->","yoast_head_json":{"title":"A nins \u00een Maramure\u015f \u00een luna august! \u015ei \u0103sta e un semn al \"\u00eenc\u0103lzirii globale\"!? - Secretele lui Lovendal","robots":{"index":"index","follow":"follow","max-snippet":"max-snippet:-1","max-image-preview":"max-image-preview:large","max-video-preview":"max-video-preview:-1"},"canonical":"https:\/\/www.lovendal.ro\/wp52\/nins-maramures-luna-august-si-asta-e-un-semn-al-incalzirii-globale\/","og_locale":"ro_RO","og_type":"article","og_title":"A nins \u00een Maramure\u015f \u00een luna august! \u015ei \u0103sta e un semn al \"\u00eenc\u0103lzirii globale\"!?","og_description":"\u00cen noaptea de 22 spre 23 august 2017, locuitorii ora\u015fului Bor\u015fa din Maramure\u015f au avut o surpriz\u0103 uria\u015f\u0103! \u00cen jurul orei 2.00 a \u00eenceput s\u0103 ning\u0103 ca \u00een toiul iernii. Conform informa\u0163iilor difuzate de Antena 3, pe V\u00e2rful Pietrosul din ... Cititi mai multe","og_url":"https:\/\/www.lovendal.ro\/wp52\/nins-maramures-luna-august-si-asta-e-un-semn-al-incalzirii-globale\/","og_site_name":"Secretele lui Lovendal","article_publisher":"https:\/\/www.facebook.com\/secreteleluilovendal","article_published_time":"2017-08-24T06:03:38+00:00","og_image":[{"width":333,"height":187,"url":"https:\/\/www.lovendal.ro\/wp52\/wp-content\/uploads\/2017\/08\/zapada-Pietrosu.jpg","type":"image\/jpeg"}],"author":"admin","twitter_card":"summary_large_image","twitter_misc":{"Scris de":"admin","Timp estimat pentru citire":"2 minute"},"schema":{"@context":"https:\/\/schema.org","@graph":[{"@type":"Article","@id":"https:\/\/www.lovendal.ro\/wp52\/nins-maramures-luna-august-si-asta-e-un-semn-al-incalzirii-globale\/#article","isPartOf":{"@id":"https:\/\/www.lovendal.ro\/wp52\/nins-maramures-luna-august-si-asta-e-un-semn-al-incalzirii-globale\/"},"author":{"name":"admin","@id":"https:\/\/www.lovendal.ro\/wp52\/#\/schema\/person\/088691de5dfc346bb0c023e1e52ef5d9"},"headline":"A nins \u00een Maramure\u015f \u00een luna august! \u015ei \u0103sta e un semn al &#8222;\u00eenc\u0103lzirii globale&#8221;!?","datePublished":"2017-08-24T06:03:38+00:00","mainEntityOfPage":{"@id":"https:\/\/www.lovendal.ro\/wp52\/nins-maramures-luna-august-si-asta-e-un-semn-al-incalzirii-globale\/"},"wordCount":322,"commentCount":0,"publisher":{"@id":"https:\/\/www.lovendal.ro\/wp52\/#organization"},"image":{"@id":"https:\/\/www.lovendal.ro\/wp52\/nins-maramures-luna-august-si-asta-e-un-semn-al-incalzirii-globale\/#primaryimage"},"thumbnailUrl":"https:\/\/www.lovendal.ro\/wp52\/wp-content\/uploads\/2017\/08\/zapada-Pietrosu.jpg","keywords":["Bor\u015fa","\u00eenc\u0103lzire global\u0103","Incredibil!","Maramure\u015f","mass-media","minciun\u0103","mun\u0163i","Mun\u0163ii Rodnei","Pietrosu","Rom\u00e2nia","subcon\u015ftient","temperatur\u0103","z\u0103pad\u0103"],"articleSection":["Incredibil!","Noutati"],"inLanguage":"ro-RO","potentialAction":[{"@type":"CommentAction","name":"Comment","target":["https:\/\/www.lovendal.ro\/wp52\/nins-maramures-luna-august-si-asta-e-un-semn-al-incalzirii-globale\/#respond"]}]},{"@type":"WebPage","@id":"https:\/\/www.lovendal.ro\/wp52\/nins-maramures-luna-august-si-asta-e-un-semn-al-incalzirii-globale\/","url":"https:\/\/www.lovendal.ro\/wp52\/nins-maramures-luna-august-si-asta-e-un-semn-al-incalzirii-globale\/","name":"A nins \u00een Maramure\u015f \u00een luna august! \u015ei \u0103sta e un semn al \"\u00eenc\u0103lzirii globale\"!? - Secretele lui Lovendal","isPartOf":{"@id":"https:\/\/www.lovendal.ro\/wp52\/#website"},"primaryImageOfPage":{"@id":"https:\/\/www.lovendal.ro\/wp52\/nins-maramures-luna-august-si-asta-e-un-semn-al-incalzirii-globale\/#primaryimage"},"image":{"@id":"https:\/\/www.lovendal.ro\/wp52\/nins-maramures-luna-august-si-asta-e-un-semn-al-incalzirii-globale\/#primaryimage"},"thumbnailUrl":"https:\/\/www.lovendal.ro\/wp52\/wp-content\/uploads\/2017\/08\/zapada-Pietrosu.jpg","datePublished":"2017-08-24T06:03:38+00:00","breadcrumb":{"@id":"https:\/\/www.lovendal.ro\/wp52\/nins-maramures-luna-august-si-asta-e-un-semn-al-incalzirii-globale\/#breadcrumb"},"inLanguage":"ro-RO","potentialAction":[{"@type":"ReadAction","target":["https:\/\/www.lovendal.ro\/wp52\/nins-maramures-luna-august-si-asta-e-un-semn-al-incalzirii-globale\/"]}]},{"@type":"ImageObject","inLanguage":"ro-RO","@id":"https:\/\/www.lovendal.ro\/wp52\/nins-maramures-luna-august-si-asta-e-un-semn-al-incalzirii-globale\/#primaryimage","url":"https:\/\/www.lovendal.ro\/wp52\/wp-content\/uploads\/2017\/08\/zapada-Pietrosu.jpg","contentUrl":"https:\/\/www.lovendal.ro\/wp52\/wp-content\/uploads\/2017\/08\/zapada-Pietrosu.jpg","width":333,"height":187},{"@type":"BreadcrumbList","@id":"https:\/\/www.lovendal.ro\/wp52\/nins-maramures-luna-august-si-asta-e-un-semn-al-incalzirii-globale\/#breadcrumb","itemListElement":[{"@type":"ListItem","position":1,"name":"Home","item":"https:\/\/www.lovendal.ro\/wp52\/"},{"@type":"ListItem","position":2,"name":"A nins \u00een Maramure\u015f \u00een luna august! \u015ei \u0103sta e un semn al &#8222;\u00eenc\u0103lzirii globale&#8221;!?"}]},{"@type":"WebSite","@id":"https:\/\/www.lovendal.ro\/wp52\/#website","url":"https:\/\/www.lovendal.ro\/wp52\/","name":"Secretele lui Lovendal","description":"Site de secrete, stiinta si metafizica - din 2008 -","publisher":{"@id":"https:\/\/www.lovendal.ro\/wp52\/#organization"},"potentialAction":[{"@type":"SearchAction","target":{"@type":"EntryPoint","urlTemplate":"https:\/\/www.lovendal.ro\/wp52\/?s={search_term_string}"},"query-input":{"@type":"PropertyValueSpecification","valueRequired":true,"valueName":"search_term_string"}}],"inLanguage":"ro-RO"},{"@type":"Organization","@id":"https:\/\/www.lovendal.ro\/wp52\/#organization","name":"Secretele lui Lovendal","url":"https:\/\/www.lovendal.ro\/wp52\/","logo":{"@type":"ImageObject","inLanguage":"ro-RO","@id":"https:\/\/www.lovendal.ro\/wp52\/#\/schema\/logo\/image\/","url":"https:\/\/www.lovendal.ro\/wp52\/wp-content\/uploads\/2024\/06\/cropped-SLL-iun-2024-1.jpg","contentUrl":"https:\/\/www.lovendal.ro\/wp52\/wp-content\/uploads\/2024\/06\/cropped-SLL-iun-2024-1.jpg","width":771,"height":240,"caption":"Secretele lui Lovendal"},"image":{"@id":"https:\/\/www.lovendal.ro\/wp52\/#\/schema\/logo\/image\/"},"sameAs":["https:\/\/www.facebook.com\/secreteleluilovendal"]},{"@type":"Person","@id":"https:\/\/www.lovendal.ro\/wp52\/#\/schema\/person\/088691de5dfc346bb0c023e1e52ef5d9","name":"admin","image":{"@type":"ImageObject","inLanguage":"ro-RO","@id":"https:\/\/secure.gravatar.com\/avatar\/ecb9cd41f5f63c9c9b989999a59f6e2639a865ec361e9db054db0679a8f341c2?s=96&d=mm&r=g","url":"https:\/\/secure.gravatar.com\/avatar\/ecb9cd41f5f63c9c9b989999a59f6e2639a865ec361e9db054db0679a8f341c2?s=96&d=mm&r=g","contentUrl":"https:\/\/secure.gravatar.com\/avatar\/ecb9cd41f5f63c9c9b989999a59f6e2639a865ec361e9db054db0679a8f341c2?s=96&d=mm&r=g","caption":"admin"},"sameAs":["https:\/\/www.lovendal.ro\/wp52"]}]}},"_links":{"self":[{"href":"https:\/\/www.lovendal.ro\/wp52\/wp-json\/wp\/v2\/posts\/52652","targetHints":{"allow":["GET"]}}],"collection":[{"href":"https:\/\/www.lovendal.ro\/wp52\/wp-json\/wp\/v2\/posts"}],"about":[{"href":"https:\/\/www.lovendal.ro\/wp52\/wp-json\/wp\/v2\/types\/post"}],"author":[{"embeddable":true,"href":"https:\/\/www.lovendal.ro\/wp52\/wp-json\/wp\/v2\/users\/1"}],"replies":[{"embeddable":true,"href":"https:\/\/www.lovendal.ro\/wp52\/wp-json\/wp\/v2\/comments?post=52652"}],"version-history":[{"count":0,"href":"https:\/\/www.lovendal.ro\/wp52\/wp-json\/wp\/v2\/posts\/52652\/revisions"}],"wp:featuredmedia":[{"embeddable":true,"href":"https:\/\/www.lovendal.ro\/wp52\/wp-json\/wp\/v2\/media\/52653"}],"wp:attachment":[{"href":"https:\/\/www.lovendal.ro\/wp52\/wp-json\/wp\/v2\/media?parent=52652"}],"wp:term":[{"taxonomy":"category","embeddable":true,"href":"https:\/\/www.lovendal.ro\/wp52\/wp-json\/wp\/v2\/categories?post=52652"},{"taxonomy":"post_tag","embeddable":true,"href":"https:\/\/www.lovendal.ro\/wp52\/wp-json\/wp\/v2\/tags?post=52652"}],"curies":[{"name":"wp","href":"https:\/\/api.w.org\/{rel}","templated":true}]}}