{"id":52477,"date":"2017-08-14T22:37:24","date_gmt":"2017-08-14T19:37:24","guid":{"rendered":"http:\/\/www.lovendal.ro\/wp52\/?p=52477"},"modified":"2017-08-14T22:39:04","modified_gmt":"2017-08-14T19:39:04","slug":"cum-fost-posibil-ca-un-muzician-celebru-ca-beethoven-sa-fie-atat-de-nespalat","status":"publish","type":"post","link":"https:\/\/www.lovendal.ro\/wp52\/cum-fost-posibil-ca-un-muzician-celebru-ca-beethoven-sa-fie-atat-de-nespalat\/","title":{"rendered":"Cum a fost posibil ca un muzician celebru ca Beethoven s\u0103 fie at\u00e2t de nesp\u0103lat?"},"content":{"rendered":"<p><a href=\"https:\/\/www.lovendal.ro\/wp52\/wp-content\/uploads\/2017\/08\/beethoven.jpg\"><img loading=\"lazy\" decoding=\"async\" class=\"alignleft size-full wp-image-52478\" src=\"https:\/\/www.lovendal.ro\/wp52\/wp-content\/uploads\/2017\/08\/beethoven.jpg\" alt=\"\" width=\"332\" height=\"205\" srcset=\"https:\/\/www.lovendal.ro\/wp52\/wp-content\/uploads\/2017\/08\/beethoven.jpg 332w, https:\/\/www.lovendal.ro\/wp52\/wp-content\/uploads\/2017\/08\/beethoven-300x185.jpg 300w\" sizes=\"auto, (max-width: 332px) 100vw, 332px\" \/><\/a>Ludwig van Beethoven (1770 &#8211; 1827) a fost un compozitor german, recunoscut ca unul din cei mai mari compozitori din istoria muzicii. Este considerat un compozitor de tranzi\u021bie \u00eentre perioadele clasic\u0103 \u0219i romantic\u0103 ale muzicii.<\/p>\n<p>Prin anul 1818, Beethoven devine complet surd, singura modalitate de a comunica cu interlocutorii erau &#8222;caietele de conversa\u021bii&#8221;, \u00een care ace\u0219tia scriau \u00een loc s\u0103 vorbeasc\u0103. Surditatea nu i-a \u00eentrerupt \u00eens\u0103 crea\u021bia artistic\u0103.<\/p>\n<p>\u00cens\u0103, celebrul compozitor german nutrea o aversiune teribil\u0103 fa\u0163\u0103 de baie, aversiune dat\u0103 de durerile pe care apa i le provoca, din cauza intoxic\u0103rii cronice cu plumb. Ast\u0103zi, se \u015ftie cu siguran\u0163\u0103 c\u0103 intoxicarea cu plumb a constituit cauza mor\u0163ii sale; Beethoven era mare amator de vin \u015fi cupele fabricate pe atunci aveau \u00een compozi\u0163ie un \u00eensemnat procent din acest metal.<\/p>\n<p>Bolnav, ursuz, ne\u00een\u0163eles \u2013 nu doar la figurat ci \u015fi la propriu, fiindc\u0103 avea un defect de vorbire care-i f\u0103cea pe ceilal\u0163i s\u0103 nu \u00een\u0163eleag\u0103 adesea sensul cuvintelor sale, Beethoven s-a retras \u00een sine \u015fi a devenit un mizantrop dar \u015fi un adversar al cur\u0103\u0163eniei. Pu\u0163inii prieteni pe care-i mai avea erau nevoi\u0163i s\u0103-i fure, efectiv, hainele, \u00een timp ce dormea, \u015fi s\u0103 i le dea la sp\u0103lat.<\/p>\n","protected":false},"excerpt":{"rendered":"<p>Ludwig van Beethoven (1770 &#8211; 1827) a fost un compozitor german, recunoscut ca unul din cei mai mari compozitori din istoria muzicii. Este considerat un compozitor de tranzi\u021bie \u00eentre perioadele clasic\u0103 \u0219i romantic\u0103 ale muzicii. Prin anul 1818, Beethoven devine &#8230; <\/p>\n<p class=\"read-more-container\"><a title=\"Cum a fost posibil ca un muzician celebru ca Beethoven s\u0103 fie at\u00e2t de nesp\u0103lat?\" class=\"read-more button\" href=\"https:\/\/www.lovendal.ro\/wp52\/cum-fost-posibil-ca-un-muzician-celebru-ca-beethoven-sa-fie-atat-de-nespalat\/#more-52477\" aria-label=\"Cite\u0219te mai multe despre Cum a fost posibil ca un muzician celebru ca Beethoven s\u0103 fie at\u00e2t de nesp\u0103lat?\">Cititi mai multe<\/a><\/p>\n","protected":false},"author":1,"featured_media":52478,"comment_status":"open","ping_status":"closed","sticky":false,"template":"","format":"standard","meta":{"footnotes":""},"categories":[28,2833],"tags":[3165,680,9798,2276,4447,6731,1317,11744,543],"class_list":["post-52477","post","type-post","status-publish","format-standard","has-post-thumbnail","hentry","category-cultura","category-noutati","tag-baie","tag-beethoven","tag-cultura","tag-haine","tag-metal","tag-muzician","tag-plumb","tag-surd","tag-vin","resize-featured-image"],"yoast_head":"<!-- This site is optimized with the Yoast SEO Premium plugin v23.3 (Yoast SEO v27.4) - https:\/\/yoast.com\/product\/yoast-seo-premium-wordpress\/ -->\n<title>Cum a fost posibil ca un muzician celebru ca Beethoven s\u0103 fie at\u00e2t de nesp\u0103lat? - Secretele lui Lovendal<\/title>\n<meta name=\"robots\" content=\"index, follow, max-snippet:-1, max-image-preview:large, max-video-preview:-1\" \/>\n<link rel=\"canonical\" href=\"https:\/\/www.lovendal.ro\/wp52\/cum-fost-posibil-ca-un-muzician-celebru-ca-beethoven-sa-fie-atat-de-nespalat\/\" \/>\n<meta property=\"og:locale\" content=\"ro_RO\" \/>\n<meta property=\"og:type\" content=\"article\" \/>\n<meta property=\"og:title\" content=\"Cum a fost posibil ca un muzician celebru ca Beethoven s\u0103 fie at\u00e2t de nesp\u0103lat?\" \/>\n<meta property=\"og:description\" content=\"Ludwig van Beethoven (1770 &#8211; 1827) a fost un compozitor german, recunoscut ca unul din cei mai mari compozitori din istoria muzicii. Este considerat un compozitor de tranzi\u021bie \u00eentre perioadele clasic\u0103 \u0219i romantic\u0103 ale muzicii. Prin anul 1818, Beethoven devine ... Cititi mai multe\" \/>\n<meta property=\"og:url\" content=\"https:\/\/www.lovendal.ro\/wp52\/cum-fost-posibil-ca-un-muzician-celebru-ca-beethoven-sa-fie-atat-de-nespalat\/\" \/>\n<meta property=\"og:site_name\" content=\"Secretele lui Lovendal\" \/>\n<meta property=\"article:publisher\" content=\"https:\/\/www.facebook.com\/secreteleluilovendal\" \/>\n<meta property=\"article:published_time\" content=\"2017-08-14T19:37:24+00:00\" \/>\n<meta property=\"article:modified_time\" content=\"2017-08-14T19:39:04+00:00\" \/>\n<meta property=\"og:image\" content=\"https:\/\/www.lovendal.ro\/wp52\/wp-content\/uploads\/2017\/08\/beethoven.jpg\" \/>\n\t<meta property=\"og:image:width\" content=\"332\" \/>\n\t<meta property=\"og:image:height\" content=\"205\" \/>\n\t<meta property=\"og:image:type\" content=\"image\/jpeg\" \/>\n<meta name=\"author\" content=\"admin\" \/>\n<meta name=\"twitter:card\" content=\"summary_large_image\" \/>\n<meta name=\"twitter:label1\" content=\"Scris de\" \/>\n\t<meta name=\"twitter:data1\" content=\"admin\" \/>\n\t<meta name=\"twitter:label2\" content=\"Timp estimat pentru citire\" \/>\n\t<meta name=\"twitter:data2\" content=\"1 minut\" \/>\n<script type=\"application\/ld+json\" class=\"yoast-schema-graph\">{\"@context\":\"https:\\\/\\\/schema.org\",\"@graph\":[{\"@type\":\"Article\",\"@id\":\"https:\\\/\\\/www.lovendal.ro\\\/wp52\\\/cum-fost-posibil-ca-un-muzician-celebru-ca-beethoven-sa-fie-atat-de-nespalat\\\/#article\",\"isPartOf\":{\"@id\":\"https:\\\/\\\/www.lovendal.ro\\\/wp52\\\/cum-fost-posibil-ca-un-muzician-celebru-ca-beethoven-sa-fie-atat-de-nespalat\\\/\"},\"author\":{\"name\":\"admin\",\"@id\":\"https:\\\/\\\/www.lovendal.ro\\\/wp52\\\/#\\\/schema\\\/person\\\/088691de5dfc346bb0c023e1e52ef5d9\"},\"headline\":\"Cum a fost posibil ca un muzician celebru ca Beethoven s\u0103 fie at\u00e2t de nesp\u0103lat?\",\"datePublished\":\"2017-08-14T19:37:24+00:00\",\"dateModified\":\"2017-08-14T19:39:04+00:00\",\"mainEntityOfPage\":{\"@id\":\"https:\\\/\\\/www.lovendal.ro\\\/wp52\\\/cum-fost-posibil-ca-un-muzician-celebru-ca-beethoven-sa-fie-atat-de-nespalat\\\/\"},\"wordCount\":228,\"commentCount\":0,\"publisher\":{\"@id\":\"https:\\\/\\\/www.lovendal.ro\\\/wp52\\\/#organization\"},\"image\":{\"@id\":\"https:\\\/\\\/www.lovendal.ro\\\/wp52\\\/cum-fost-posibil-ca-un-muzician-celebru-ca-beethoven-sa-fie-atat-de-nespalat\\\/#primaryimage\"},\"thumbnailUrl\":\"https:\\\/\\\/www.lovendal.ro\\\/wp52\\\/wp-content\\\/uploads\\\/2017\\\/08\\\/beethoven.jpg\",\"keywords\":[\"baie\",\"Beethoven\",\"Cultura\",\"haine\",\"metal\",\"muzician\",\"plumb\",\"surd\",\"vin\"],\"articleSection\":[\"Cultura\",\"Noutati\"],\"inLanguage\":\"ro-RO\",\"potentialAction\":[{\"@type\":\"CommentAction\",\"name\":\"Comment\",\"target\":[\"https:\\\/\\\/www.lovendal.ro\\\/wp52\\\/cum-fost-posibil-ca-un-muzician-celebru-ca-beethoven-sa-fie-atat-de-nespalat\\\/#respond\"]}]},{\"@type\":\"WebPage\",\"@id\":\"https:\\\/\\\/www.lovendal.ro\\\/wp52\\\/cum-fost-posibil-ca-un-muzician-celebru-ca-beethoven-sa-fie-atat-de-nespalat\\\/\",\"url\":\"https:\\\/\\\/www.lovendal.ro\\\/wp52\\\/cum-fost-posibil-ca-un-muzician-celebru-ca-beethoven-sa-fie-atat-de-nespalat\\\/\",\"name\":\"Cum a fost posibil ca un muzician celebru ca Beethoven s\u0103 fie at\u00e2t de nesp\u0103lat? - Secretele lui Lovendal\",\"isPartOf\":{\"@id\":\"https:\\\/\\\/www.lovendal.ro\\\/wp52\\\/#website\"},\"primaryImageOfPage\":{\"@id\":\"https:\\\/\\\/www.lovendal.ro\\\/wp52\\\/cum-fost-posibil-ca-un-muzician-celebru-ca-beethoven-sa-fie-atat-de-nespalat\\\/#primaryimage\"},\"image\":{\"@id\":\"https:\\\/\\\/www.lovendal.ro\\\/wp52\\\/cum-fost-posibil-ca-un-muzician-celebru-ca-beethoven-sa-fie-atat-de-nespalat\\\/#primaryimage\"},\"thumbnailUrl\":\"https:\\\/\\\/www.lovendal.ro\\\/wp52\\\/wp-content\\\/uploads\\\/2017\\\/08\\\/beethoven.jpg\",\"datePublished\":\"2017-08-14T19:37:24+00:00\",\"dateModified\":\"2017-08-14T19:39:04+00:00\",\"breadcrumb\":{\"@id\":\"https:\\\/\\\/www.lovendal.ro\\\/wp52\\\/cum-fost-posibil-ca-un-muzician-celebru-ca-beethoven-sa-fie-atat-de-nespalat\\\/#breadcrumb\"},\"inLanguage\":\"ro-RO\",\"potentialAction\":[{\"@type\":\"ReadAction\",\"target\":[\"https:\\\/\\\/www.lovendal.ro\\\/wp52\\\/cum-fost-posibil-ca-un-muzician-celebru-ca-beethoven-sa-fie-atat-de-nespalat\\\/\"]}]},{\"@type\":\"ImageObject\",\"inLanguage\":\"ro-RO\",\"@id\":\"https:\\\/\\\/www.lovendal.ro\\\/wp52\\\/cum-fost-posibil-ca-un-muzician-celebru-ca-beethoven-sa-fie-atat-de-nespalat\\\/#primaryimage\",\"url\":\"https:\\\/\\\/www.lovendal.ro\\\/wp52\\\/wp-content\\\/uploads\\\/2017\\\/08\\\/beethoven.jpg\",\"contentUrl\":\"https:\\\/\\\/www.lovendal.ro\\\/wp52\\\/wp-content\\\/uploads\\\/2017\\\/08\\\/beethoven.jpg\",\"width\":332,\"height\":205},{\"@type\":\"BreadcrumbList\",\"@id\":\"https:\\\/\\\/www.lovendal.ro\\\/wp52\\\/cum-fost-posibil-ca-un-muzician-celebru-ca-beethoven-sa-fie-atat-de-nespalat\\\/#breadcrumb\",\"itemListElement\":[{\"@type\":\"ListItem\",\"position\":1,\"name\":\"Home\",\"item\":\"https:\\\/\\\/www.lovendal.ro\\\/wp52\\\/\"},{\"@type\":\"ListItem\",\"position\":2,\"name\":\"Cum a fost posibil ca un muzician celebru ca Beethoven s\u0103 fie at\u00e2t de nesp\u0103lat?\"}]},{\"@type\":\"WebSite\",\"@id\":\"https:\\\/\\\/www.lovendal.ro\\\/wp52\\\/#website\",\"url\":\"https:\\\/\\\/www.lovendal.ro\\\/wp52\\\/\",\"name\":\"Secretele lui Lovendal\",\"description\":\"Site de secrete, stiinta si metafizica - din 2008 -\",\"publisher\":{\"@id\":\"https:\\\/\\\/www.lovendal.ro\\\/wp52\\\/#organization\"},\"potentialAction\":[{\"@type\":\"SearchAction\",\"target\":{\"@type\":\"EntryPoint\",\"urlTemplate\":\"https:\\\/\\\/www.lovendal.ro\\\/wp52\\\/?s={search_term_string}\"},\"query-input\":{\"@type\":\"PropertyValueSpecification\",\"valueRequired\":true,\"valueName\":\"search_term_string\"}}],\"inLanguage\":\"ro-RO\"},{\"@type\":\"Organization\",\"@id\":\"https:\\\/\\\/www.lovendal.ro\\\/wp52\\\/#organization\",\"name\":\"Secretele lui Lovendal\",\"url\":\"https:\\\/\\\/www.lovendal.ro\\\/wp52\\\/\",\"logo\":{\"@type\":\"ImageObject\",\"inLanguage\":\"ro-RO\",\"@id\":\"https:\\\/\\\/www.lovendal.ro\\\/wp52\\\/#\\\/schema\\\/logo\\\/image\\\/\",\"url\":\"https:\\\/\\\/www.lovendal.ro\\\/wp52\\\/wp-content\\\/uploads\\\/2024\\\/06\\\/cropped-SLL-iun-2024-1.jpg\",\"contentUrl\":\"https:\\\/\\\/www.lovendal.ro\\\/wp52\\\/wp-content\\\/uploads\\\/2024\\\/06\\\/cropped-SLL-iun-2024-1.jpg\",\"width\":771,\"height\":240,\"caption\":\"Secretele lui Lovendal\"},\"image\":{\"@id\":\"https:\\\/\\\/www.lovendal.ro\\\/wp52\\\/#\\\/schema\\\/logo\\\/image\\\/\"},\"sameAs\":[\"https:\\\/\\\/www.facebook.com\\\/secreteleluilovendal\"]},{\"@type\":\"Person\",\"@id\":\"https:\\\/\\\/www.lovendal.ro\\\/wp52\\\/#\\\/schema\\\/person\\\/088691de5dfc346bb0c023e1e52ef5d9\",\"name\":\"admin\",\"image\":{\"@type\":\"ImageObject\",\"inLanguage\":\"ro-RO\",\"@id\":\"https:\\\/\\\/secure.gravatar.com\\\/avatar\\\/ecb9cd41f5f63c9c9b989999a59f6e2639a865ec361e9db054db0679a8f341c2?s=96&d=mm&r=g\",\"url\":\"https:\\\/\\\/secure.gravatar.com\\\/avatar\\\/ecb9cd41f5f63c9c9b989999a59f6e2639a865ec361e9db054db0679a8f341c2?s=96&d=mm&r=g\",\"contentUrl\":\"https:\\\/\\\/secure.gravatar.com\\\/avatar\\\/ecb9cd41f5f63c9c9b989999a59f6e2639a865ec361e9db054db0679a8f341c2?s=96&d=mm&r=g\",\"caption\":\"admin\"},\"sameAs\":[\"https:\\\/\\\/www.lovendal.ro\\\/wp52\"]}]}<\/script>\n<!-- \/ Yoast SEO Premium plugin. -->","yoast_head_json":{"title":"Cum a fost posibil ca un muzician celebru ca Beethoven s\u0103 fie at\u00e2t de nesp\u0103lat? - Secretele lui Lovendal","robots":{"index":"index","follow":"follow","max-snippet":"max-snippet:-1","max-image-preview":"max-image-preview:large","max-video-preview":"max-video-preview:-1"},"canonical":"https:\/\/www.lovendal.ro\/wp52\/cum-fost-posibil-ca-un-muzician-celebru-ca-beethoven-sa-fie-atat-de-nespalat\/","og_locale":"ro_RO","og_type":"article","og_title":"Cum a fost posibil ca un muzician celebru ca Beethoven s\u0103 fie at\u00e2t de nesp\u0103lat?","og_description":"Ludwig van Beethoven (1770 &#8211; 1827) a fost un compozitor german, recunoscut ca unul din cei mai mari compozitori din istoria muzicii. Este considerat un compozitor de tranzi\u021bie \u00eentre perioadele clasic\u0103 \u0219i romantic\u0103 ale muzicii. Prin anul 1818, Beethoven devine ... Cititi mai multe","og_url":"https:\/\/www.lovendal.ro\/wp52\/cum-fost-posibil-ca-un-muzician-celebru-ca-beethoven-sa-fie-atat-de-nespalat\/","og_site_name":"Secretele lui Lovendal","article_publisher":"https:\/\/www.facebook.com\/secreteleluilovendal","article_published_time":"2017-08-14T19:37:24+00:00","article_modified_time":"2017-08-14T19:39:04+00:00","og_image":[{"width":332,"height":205,"url":"https:\/\/www.lovendal.ro\/wp52\/wp-content\/uploads\/2017\/08\/beethoven.jpg","type":"image\/jpeg"}],"author":"admin","twitter_card":"summary_large_image","twitter_misc":{"Scris de":"admin","Timp estimat pentru citire":"1 minut"},"schema":{"@context":"https:\/\/schema.org","@graph":[{"@type":"Article","@id":"https:\/\/www.lovendal.ro\/wp52\/cum-fost-posibil-ca-un-muzician-celebru-ca-beethoven-sa-fie-atat-de-nespalat\/#article","isPartOf":{"@id":"https:\/\/www.lovendal.ro\/wp52\/cum-fost-posibil-ca-un-muzician-celebru-ca-beethoven-sa-fie-atat-de-nespalat\/"},"author":{"name":"admin","@id":"https:\/\/www.lovendal.ro\/wp52\/#\/schema\/person\/088691de5dfc346bb0c023e1e52ef5d9"},"headline":"Cum a fost posibil ca un muzician celebru ca Beethoven s\u0103 fie at\u00e2t de nesp\u0103lat?","datePublished":"2017-08-14T19:37:24+00:00","dateModified":"2017-08-14T19:39:04+00:00","mainEntityOfPage":{"@id":"https:\/\/www.lovendal.ro\/wp52\/cum-fost-posibil-ca-un-muzician-celebru-ca-beethoven-sa-fie-atat-de-nespalat\/"},"wordCount":228,"commentCount":0,"publisher":{"@id":"https:\/\/www.lovendal.ro\/wp52\/#organization"},"image":{"@id":"https:\/\/www.lovendal.ro\/wp52\/cum-fost-posibil-ca-un-muzician-celebru-ca-beethoven-sa-fie-atat-de-nespalat\/#primaryimage"},"thumbnailUrl":"https:\/\/www.lovendal.ro\/wp52\/wp-content\/uploads\/2017\/08\/beethoven.jpg","keywords":["baie","Beethoven","Cultura","haine","metal","muzician","plumb","surd","vin"],"articleSection":["Cultura","Noutati"],"inLanguage":"ro-RO","potentialAction":[{"@type":"CommentAction","name":"Comment","target":["https:\/\/www.lovendal.ro\/wp52\/cum-fost-posibil-ca-un-muzician-celebru-ca-beethoven-sa-fie-atat-de-nespalat\/#respond"]}]},{"@type":"WebPage","@id":"https:\/\/www.lovendal.ro\/wp52\/cum-fost-posibil-ca-un-muzician-celebru-ca-beethoven-sa-fie-atat-de-nespalat\/","url":"https:\/\/www.lovendal.ro\/wp52\/cum-fost-posibil-ca-un-muzician-celebru-ca-beethoven-sa-fie-atat-de-nespalat\/","name":"Cum a fost posibil ca un muzician celebru ca Beethoven s\u0103 fie at\u00e2t de nesp\u0103lat? - Secretele lui Lovendal","isPartOf":{"@id":"https:\/\/www.lovendal.ro\/wp52\/#website"},"primaryImageOfPage":{"@id":"https:\/\/www.lovendal.ro\/wp52\/cum-fost-posibil-ca-un-muzician-celebru-ca-beethoven-sa-fie-atat-de-nespalat\/#primaryimage"},"image":{"@id":"https:\/\/www.lovendal.ro\/wp52\/cum-fost-posibil-ca-un-muzician-celebru-ca-beethoven-sa-fie-atat-de-nespalat\/#primaryimage"},"thumbnailUrl":"https:\/\/www.lovendal.ro\/wp52\/wp-content\/uploads\/2017\/08\/beethoven.jpg","datePublished":"2017-08-14T19:37:24+00:00","dateModified":"2017-08-14T19:39:04+00:00","breadcrumb":{"@id":"https:\/\/www.lovendal.ro\/wp52\/cum-fost-posibil-ca-un-muzician-celebru-ca-beethoven-sa-fie-atat-de-nespalat\/#breadcrumb"},"inLanguage":"ro-RO","potentialAction":[{"@type":"ReadAction","target":["https:\/\/www.lovendal.ro\/wp52\/cum-fost-posibil-ca-un-muzician-celebru-ca-beethoven-sa-fie-atat-de-nespalat\/"]}]},{"@type":"ImageObject","inLanguage":"ro-RO","@id":"https:\/\/www.lovendal.ro\/wp52\/cum-fost-posibil-ca-un-muzician-celebru-ca-beethoven-sa-fie-atat-de-nespalat\/#primaryimage","url":"https:\/\/www.lovendal.ro\/wp52\/wp-content\/uploads\/2017\/08\/beethoven.jpg","contentUrl":"https:\/\/www.lovendal.ro\/wp52\/wp-content\/uploads\/2017\/08\/beethoven.jpg","width":332,"height":205},{"@type":"BreadcrumbList","@id":"https:\/\/www.lovendal.ro\/wp52\/cum-fost-posibil-ca-un-muzician-celebru-ca-beethoven-sa-fie-atat-de-nespalat\/#breadcrumb","itemListElement":[{"@type":"ListItem","position":1,"name":"Home","item":"https:\/\/www.lovendal.ro\/wp52\/"},{"@type":"ListItem","position":2,"name":"Cum a fost posibil ca un muzician celebru ca Beethoven s\u0103 fie at\u00e2t de nesp\u0103lat?"}]},{"@type":"WebSite","@id":"https:\/\/www.lovendal.ro\/wp52\/#website","url":"https:\/\/www.lovendal.ro\/wp52\/","name":"Secretele lui Lovendal","description":"Site de secrete, stiinta si metafizica - din 2008 -","publisher":{"@id":"https:\/\/www.lovendal.ro\/wp52\/#organization"},"potentialAction":[{"@type":"SearchAction","target":{"@type":"EntryPoint","urlTemplate":"https:\/\/www.lovendal.ro\/wp52\/?s={search_term_string}"},"query-input":{"@type":"PropertyValueSpecification","valueRequired":true,"valueName":"search_term_string"}}],"inLanguage":"ro-RO"},{"@type":"Organization","@id":"https:\/\/www.lovendal.ro\/wp52\/#organization","name":"Secretele lui Lovendal","url":"https:\/\/www.lovendal.ro\/wp52\/","logo":{"@type":"ImageObject","inLanguage":"ro-RO","@id":"https:\/\/www.lovendal.ro\/wp52\/#\/schema\/logo\/image\/","url":"https:\/\/www.lovendal.ro\/wp52\/wp-content\/uploads\/2024\/06\/cropped-SLL-iun-2024-1.jpg","contentUrl":"https:\/\/www.lovendal.ro\/wp52\/wp-content\/uploads\/2024\/06\/cropped-SLL-iun-2024-1.jpg","width":771,"height":240,"caption":"Secretele lui Lovendal"},"image":{"@id":"https:\/\/www.lovendal.ro\/wp52\/#\/schema\/logo\/image\/"},"sameAs":["https:\/\/www.facebook.com\/secreteleluilovendal"]},{"@type":"Person","@id":"https:\/\/www.lovendal.ro\/wp52\/#\/schema\/person\/088691de5dfc346bb0c023e1e52ef5d9","name":"admin","image":{"@type":"ImageObject","inLanguage":"ro-RO","@id":"https:\/\/secure.gravatar.com\/avatar\/ecb9cd41f5f63c9c9b989999a59f6e2639a865ec361e9db054db0679a8f341c2?s=96&d=mm&r=g","url":"https:\/\/secure.gravatar.com\/avatar\/ecb9cd41f5f63c9c9b989999a59f6e2639a865ec361e9db054db0679a8f341c2?s=96&d=mm&r=g","contentUrl":"https:\/\/secure.gravatar.com\/avatar\/ecb9cd41f5f63c9c9b989999a59f6e2639a865ec361e9db054db0679a8f341c2?s=96&d=mm&r=g","caption":"admin"},"sameAs":["https:\/\/www.lovendal.ro\/wp52"]}]}},"_links":{"self":[{"href":"https:\/\/www.lovendal.ro\/wp52\/wp-json\/wp\/v2\/posts\/52477","targetHints":{"allow":["GET"]}}],"collection":[{"href":"https:\/\/www.lovendal.ro\/wp52\/wp-json\/wp\/v2\/posts"}],"about":[{"href":"https:\/\/www.lovendal.ro\/wp52\/wp-json\/wp\/v2\/types\/post"}],"author":[{"embeddable":true,"href":"https:\/\/www.lovendal.ro\/wp52\/wp-json\/wp\/v2\/users\/1"}],"replies":[{"embeddable":true,"href":"https:\/\/www.lovendal.ro\/wp52\/wp-json\/wp\/v2\/comments?post=52477"}],"version-history":[{"count":0,"href":"https:\/\/www.lovendal.ro\/wp52\/wp-json\/wp\/v2\/posts\/52477\/revisions"}],"wp:featuredmedia":[{"embeddable":true,"href":"https:\/\/www.lovendal.ro\/wp52\/wp-json\/wp\/v2\/media\/52478"}],"wp:attachment":[{"href":"https:\/\/www.lovendal.ro\/wp52\/wp-json\/wp\/v2\/media?parent=52477"}],"wp:term":[{"taxonomy":"category","embeddable":true,"href":"https:\/\/www.lovendal.ro\/wp52\/wp-json\/wp\/v2\/categories?post=52477"},{"taxonomy":"post_tag","embeddable":true,"href":"https:\/\/www.lovendal.ro\/wp52\/wp-json\/wp\/v2\/tags?post=52477"}],"curies":[{"name":"wp","href":"https:\/\/api.w.org\/{rel}","templated":true}]}}