{"id":51485,"date":"2017-06-01T07:00:03","date_gmt":"2017-06-01T04:00:03","guid":{"rendered":"http:\/\/www.lovendal.ro\/wp52\/?p=51485"},"modified":"2017-06-01T08:34:54","modified_gmt":"2017-06-01T05:34:54","slug":"vazut-iad-pe-michael-jackson-si-pe-papa-ioan-paul-al-ii-lea-spune-o-adolescenta-care-s-aflat-moarte-clinica-timp-de-23-de-ore","status":"publish","type":"post","link":"https:\/\/www.lovendal.ro\/wp52\/vazut-iad-pe-michael-jackson-si-pe-papa-ioan-paul-al-ii-lea-spune-o-adolescenta-care-s-aflat-moarte-clinica-timp-de-23-de-ore\/","title":{"rendered":"&#8222;I-am v\u0103zut \u00een iad pe Michael Jackson \u015fi pe papa Ioan Paul al II-lea&#8221;, spune o adolescent\u0103 care s-a aflat \u00een moarte clinic\u0103 timp de 23 de ore"},"content":{"rendered":"<p><a href=\"https:\/\/www.lovendal.ro\/wp52\/wp-content\/uploads\/2017\/05\/iad-Michael-Jackson-papa.jpg\"><img loading=\"lazy\" decoding=\"async\" class=\"alignleft size-full wp-image-51486\" src=\"https:\/\/www.lovendal.ro\/wp52\/wp-content\/uploads\/2017\/05\/iad-Michael-Jackson-papa.jpg\" alt=\"\" width=\"332\" height=\"173\" srcset=\"https:\/\/www.lovendal.ro\/wp52\/wp-content\/uploads\/2017\/05\/iad-Michael-Jackson-papa.jpg 332w, https:\/\/www.lovendal.ro\/wp52\/wp-content\/uploads\/2017\/05\/iad-Michael-Jackson-papa-300x156.jpg 300w\" sizes=\"auto, (max-width: 332px) 100vw, 332px\" \/><\/a>Angelica Elizabeth Zambrano Mora, \u00een v\u00e2rst\u0103 de 18 ani, este o adolescent\u0103 din Ecuador. Ea vorbe\u0219te despre faptul c\u0103 a fost \u00een moarte clinic\u0103 timp de 23 de ore \u0219i, \u00een aceast\u0103 perioad\u0103, s-ar fi aflat \u00een iad, unde ar fi v\u0103zut mai multe celebrit\u0103\u021bi, ca Michael Jackson sau papa Ioan Paul al II-lea.<\/p>\n<p>Fata m\u0103rturise\u0219te (vede\u021bi m\u0103rturia video original\u0103 de la sf\u00e2r\u0219itul articolului) c\u0103 a fost luat\u0103 de Iisus pentru a vizita iadul \u0219i paradisul, \u0219i vorbe\u0219te despre celebrit\u0103\u0163ile pe care le-ar fi v\u0103zut \u00een iad, despre minunile din paradis \u0219i despre sf\u00e2r\u015fitul lumii.<\/p>\n<p>Fata relateaz\u0103 c\u0103 Domnul i-ar fi spus c\u0103 exist\u0103 mai mul\u0163i oameni celebri \u00een iad. Angelica Mora spune c\u0103 a v\u0103zut \u00een iad o femeie \u00eenconjurat\u0103 de fl\u0103c\u0103ri, care era chinuit\u0103 \u0219i care cer\u0219ea mil\u0103 de la Domnul. Era Selena, celebra c\u00e2nt\u0103rea\u0163\u0103 care a fost asasinat\u0103 la v\u00e2rsta de 23 de ani. Femeia striga cu disperare pentru a fi scoas\u0103 din fl\u0103c\u0103rile ve\u015fnice; Domnul s-a uitat la femeie \u0219i a spus c\u0103 este prea t\u00e2rziu s\u0103 se poc\u0103iasc\u0103. Selena a rugat-o pe adolescent\u0103 s\u0103 spun\u0103 \u00eentregii omeniri despre ceea ce v\u0103zuse \u015fi s\u0103 le zic\u0103 oamenilor s\u0103 nu asculte melodiile ei. De ce? Pentru c\u0103 de fiecare dat\u0103 c\u00e2nd oamenii ascult\u0103 sau c\u00e2nt\u0103 c\u00e2ntecele ei, Selena era chinuit\u0103 \u0219i mai mult.<\/p>\n<p>Apoi, Domnul a dus-o pe adolescent\u0103 \u00eentr-un loc \u00een care era un om foarte cunoscut. Era vorba de papa Paul Ioan al II-lea, cel care a murit \u00een anul 2005, \u015fi despre care se spunea c\u0103 ar fi acum \u00een paradis, odihnindu-se cu \u00eengerii. Cu toate acestea, Angelica a spus c\u0103 papa se afla \u00een iad, unde era chinuit. De ce? Pentru c\u0103 nu a vorbit adev\u0103rul \u015fi a preferat banii \u00een locul m\u00e2ntuirii. Domnul a spus c\u0103 papa a refuzat s\u0103 cread\u0103 c\u0103 iadul este real, iar acum se convinge de aceast\u0103 realitate.<\/p>\n<p>Apoi, Domnul i-a ar\u0103tat lui Mora un tunel \u0219i mul\u021bi oameni mergeau prin el, cu lan\u021buri pe picioare \u0219i pe m\u00e2ini. Ei purtau \u00eenc\u0103rc\u0103turi grele pe spate. Apoi, Mora i-a v\u0103zut acolo pe unii deceda\u0163i din familia ei, iar Domnul i-a spus c\u0103 to\u0163i mergeau spre iad. Domnul i-ar mai fi povestit c\u0103 mul\u021bi oameni celebri \u0219i foarte importan\u021bi se aflau \u00een iad. Unul dintre ei era Michael Jackson, iar motivul pentru care suferea \u00een iad era acela c\u0103 \u00een via\u0163a sa fusese satanist. Michael f\u0103cuse \u00een timpul vie\u0163ii un pact cu diavol, astfel \u00eenc\u00e2t s\u0103 devin\u0103 faimos \u015fi s\u0103 aib\u0103 o mul\u0163ime de fani.<\/p>\n<p>M\u0103rturia complet\u0103 a fetei o g\u0103si\u0163i \u00een videoclipul de mai jos:<\/p>\n<p><iframe loading=\"lazy\" src=\"https:\/\/www.youtube.com\/embed\/Z_jtY6EgQ2Q\" width=\"540\" height=\"305\" frameborder=\"0\" allowfullscreen=\"allowfullscreen\"><\/iframe><\/p>\n","protected":false},"excerpt":{"rendered":"<p>Angelica Elizabeth Zambrano Mora, \u00een v\u00e2rst\u0103 de 18 ani, este o adolescent\u0103 din Ecuador. Ea vorbe\u0219te despre faptul c\u0103 a fost \u00een moarte clinic\u0103 timp de 23 de ore \u0219i, \u00een aceast\u0103 perioad\u0103, s-ar fi aflat \u00een iad, unde ar &#8230; <\/p>\n<p class=\"read-more-container\"><a title=\"&#8222;I-am v\u0103zut \u00een iad pe Michael Jackson \u015fi pe papa Ioan Paul al II-lea&#8221;, spune o adolescent\u0103 care s-a aflat \u00een moarte clinic\u0103 timp de 23 de ore\" class=\"read-more button\" href=\"https:\/\/www.lovendal.ro\/wp52\/vazut-iad-pe-michael-jackson-si-pe-papa-ioan-paul-al-ii-lea-spune-o-adolescenta-care-s-aflat-moarte-clinica-timp-de-23-de-ore\/#more-51485\" aria-label=\"Cite\u0219te mai multe despre &#8222;I-am v\u0103zut \u00een iad pe Michael Jackson \u015fi pe papa Ioan Paul al II-lea&#8221;, spune o adolescent\u0103 care s-a aflat \u00een moarte clinic\u0103 timp de 23 de ore\">Cititi mai multe<\/a><\/p>\n","protected":false},"author":1,"featured_media":51486,"comment_status":"open","ping_status":"closed","sticky":false,"template":"","format":"standard","meta":{"footnotes":""},"categories":[2833,14],"tags":[77,1433,4996,697,2577,6497,1923,210,2575,3765,4979,4156,1747,108,97,1926,9796,284,5992,1995,2042],"class_list":["post-51485","post","type-post","status-publish","format-standard","has-post-thumbnail","hentry","category-noutati","category-paranormal-spiritualitate","tag-asasinare","tag-bani","tag-cantareata","tag-diavol","tag-ecuador","tag-flacari","tag-iad","tag-iisus-hristos","tag-ioan-paul-al-ii-lea","tag-lant","tag-maini","tag-melodie","tag-michael-jackson","tag-moarte","tag-papa","tag-paradis","tag-paranormal-spiritualitate","tag-picioare","tag-satanist","tag-tunel","tag-videoclip","resize-featured-image"],"yoast_head":"<!-- This site is optimized with the Yoast SEO Premium plugin v23.3 (Yoast SEO v27.4) - https:\/\/yoast.com\/product\/yoast-seo-premium-wordpress\/ -->\n<title>&quot;I-am v\u0103zut \u00een iad pe Michael Jackson \u015fi pe papa Ioan Paul al II-lea&quot;, spune o adolescent\u0103 care s-a aflat \u00een moarte clinic\u0103 timp de 23 de ore - Secretele lui Lovendal<\/title>\n<meta name=\"robots\" content=\"index, follow, max-snippet:-1, max-image-preview:large, max-video-preview:-1\" \/>\n<link rel=\"canonical\" href=\"https:\/\/www.lovendal.ro\/wp52\/vazut-iad-pe-michael-jackson-si-pe-papa-ioan-paul-al-ii-lea-spune-o-adolescenta-care-s-aflat-moarte-clinica-timp-de-23-de-ore\/\" \/>\n<meta property=\"og:locale\" content=\"ro_RO\" \/>\n<meta property=\"og:type\" content=\"article\" \/>\n<meta property=\"og:title\" content=\"&quot;I-am v\u0103zut \u00een iad pe Michael Jackson \u015fi pe papa Ioan Paul al II-lea&quot;, spune o adolescent\u0103 care s-a aflat \u00een moarte clinic\u0103 timp de 23 de ore\" \/>\n<meta property=\"og:description\" content=\"Angelica Elizabeth Zambrano Mora, \u00een v\u00e2rst\u0103 de 18 ani, este o adolescent\u0103 din Ecuador. Ea vorbe\u0219te despre faptul c\u0103 a fost \u00een moarte clinic\u0103 timp de 23 de ore \u0219i, \u00een aceast\u0103 perioad\u0103, s-ar fi aflat \u00een iad, unde ar ... Cititi mai multe\" \/>\n<meta property=\"og:url\" content=\"https:\/\/www.lovendal.ro\/wp52\/vazut-iad-pe-michael-jackson-si-pe-papa-ioan-paul-al-ii-lea-spune-o-adolescenta-care-s-aflat-moarte-clinica-timp-de-23-de-ore\/\" \/>\n<meta property=\"og:site_name\" content=\"Secretele lui Lovendal\" \/>\n<meta property=\"article:publisher\" content=\"https:\/\/www.facebook.com\/secreteleluilovendal\" \/>\n<meta property=\"article:published_time\" content=\"2017-06-01T04:00:03+00:00\" \/>\n<meta property=\"article:modified_time\" content=\"2017-06-01T05:34:54+00:00\" \/>\n<meta property=\"og:image\" content=\"https:\/\/www.lovendal.ro\/wp52\/wp-content\/uploads\/2017\/05\/iad-Michael-Jackson-papa.jpg\" \/>\n\t<meta property=\"og:image:width\" content=\"332\" \/>\n\t<meta property=\"og:image:height\" content=\"173\" \/>\n\t<meta property=\"og:image:type\" content=\"image\/jpeg\" \/>\n<meta name=\"author\" content=\"admin\" \/>\n<meta name=\"twitter:card\" content=\"summary_large_image\" \/>\n<meta name=\"twitter:label1\" content=\"Scris de\" \/>\n\t<meta name=\"twitter:data1\" content=\"admin\" \/>\n\t<meta name=\"twitter:label2\" content=\"Timp estimat pentru citire\" \/>\n\t<meta name=\"twitter:data2\" content=\"2 minute\" \/>\n<script type=\"application\/ld+json\" class=\"yoast-schema-graph\">{\"@context\":\"https:\\\/\\\/schema.org\",\"@graph\":[{\"@type\":\"Article\",\"@id\":\"https:\\\/\\\/www.lovendal.ro\\\/wp52\\\/vazut-iad-pe-michael-jackson-si-pe-papa-ioan-paul-al-ii-lea-spune-o-adolescenta-care-s-aflat-moarte-clinica-timp-de-23-de-ore\\\/#article\",\"isPartOf\":{\"@id\":\"https:\\\/\\\/www.lovendal.ro\\\/wp52\\\/vazut-iad-pe-michael-jackson-si-pe-papa-ioan-paul-al-ii-lea-spune-o-adolescenta-care-s-aflat-moarte-clinica-timp-de-23-de-ore\\\/\"},\"author\":{\"name\":\"admin\",\"@id\":\"https:\\\/\\\/www.lovendal.ro\\\/wp52\\\/#\\\/schema\\\/person\\\/088691de5dfc346bb0c023e1e52ef5d9\"},\"headline\":\"&#8222;I-am v\u0103zut \u00een iad pe Michael Jackson \u015fi pe papa Ioan Paul al II-lea&#8221;, spune o adolescent\u0103 care s-a aflat \u00een moarte clinic\u0103 timp de 23 de ore\",\"datePublished\":\"2017-06-01T04:00:03+00:00\",\"dateModified\":\"2017-06-01T05:34:54+00:00\",\"mainEntityOfPage\":{\"@id\":\"https:\\\/\\\/www.lovendal.ro\\\/wp52\\\/vazut-iad-pe-michael-jackson-si-pe-papa-ioan-paul-al-ii-lea-spune-o-adolescenta-care-s-aflat-moarte-clinica-timp-de-23-de-ore\\\/\"},\"wordCount\":503,\"commentCount\":4,\"publisher\":{\"@id\":\"https:\\\/\\\/www.lovendal.ro\\\/wp52\\\/#organization\"},\"image\":{\"@id\":\"https:\\\/\\\/www.lovendal.ro\\\/wp52\\\/vazut-iad-pe-michael-jackson-si-pe-papa-ioan-paul-al-ii-lea-spune-o-adolescenta-care-s-aflat-moarte-clinica-timp-de-23-de-ore\\\/#primaryimage\"},\"thumbnailUrl\":\"https:\\\/\\\/www.lovendal.ro\\\/wp52\\\/wp-content\\\/uploads\\\/2017\\\/05\\\/iad-Michael-Jackson-papa.jpg\",\"keywords\":[\"asasinare\",\"bani\",\"c\u00e2nt\u0103rea\u0163\u0103\",\"diavol\",\"Ecuador\",\"fl\u0103c\u0103ri\",\"iad\",\"Iisus Hristos\",\"Ioan Paul al II-lea\",\"lan\u0163\",\"m\u00e2ini\",\"melodie\",\"Michael Jackson\",\"moarte\",\"papa\",\"paradis\",\"Paranormal-Spiritualitate\",\"picioare\",\"satanist\",\"tunel\",\"videoclip\"],\"articleSection\":[\"Noutati\",\"Paranormal-Spiritualitate\"],\"inLanguage\":\"ro-RO\",\"potentialAction\":[{\"@type\":\"CommentAction\",\"name\":\"Comment\",\"target\":[\"https:\\\/\\\/www.lovendal.ro\\\/wp52\\\/vazut-iad-pe-michael-jackson-si-pe-papa-ioan-paul-al-ii-lea-spune-o-adolescenta-care-s-aflat-moarte-clinica-timp-de-23-de-ore\\\/#respond\"]}]},{\"@type\":\"WebPage\",\"@id\":\"https:\\\/\\\/www.lovendal.ro\\\/wp52\\\/vazut-iad-pe-michael-jackson-si-pe-papa-ioan-paul-al-ii-lea-spune-o-adolescenta-care-s-aflat-moarte-clinica-timp-de-23-de-ore\\\/\",\"url\":\"https:\\\/\\\/www.lovendal.ro\\\/wp52\\\/vazut-iad-pe-michael-jackson-si-pe-papa-ioan-paul-al-ii-lea-spune-o-adolescenta-care-s-aflat-moarte-clinica-timp-de-23-de-ore\\\/\",\"name\":\"\\\"I-am v\u0103zut \u00een iad pe Michael Jackson \u015fi pe papa Ioan Paul al II-lea\\\", spune o adolescent\u0103 care s-a aflat \u00een moarte clinic\u0103 timp de 23 de ore - Secretele lui Lovendal\",\"isPartOf\":{\"@id\":\"https:\\\/\\\/www.lovendal.ro\\\/wp52\\\/#website\"},\"primaryImageOfPage\":{\"@id\":\"https:\\\/\\\/www.lovendal.ro\\\/wp52\\\/vazut-iad-pe-michael-jackson-si-pe-papa-ioan-paul-al-ii-lea-spune-o-adolescenta-care-s-aflat-moarte-clinica-timp-de-23-de-ore\\\/#primaryimage\"},\"image\":{\"@id\":\"https:\\\/\\\/www.lovendal.ro\\\/wp52\\\/vazut-iad-pe-michael-jackson-si-pe-papa-ioan-paul-al-ii-lea-spune-o-adolescenta-care-s-aflat-moarte-clinica-timp-de-23-de-ore\\\/#primaryimage\"},\"thumbnailUrl\":\"https:\\\/\\\/www.lovendal.ro\\\/wp52\\\/wp-content\\\/uploads\\\/2017\\\/05\\\/iad-Michael-Jackson-papa.jpg\",\"datePublished\":\"2017-06-01T04:00:03+00:00\",\"dateModified\":\"2017-06-01T05:34:54+00:00\",\"breadcrumb\":{\"@id\":\"https:\\\/\\\/www.lovendal.ro\\\/wp52\\\/vazut-iad-pe-michael-jackson-si-pe-papa-ioan-paul-al-ii-lea-spune-o-adolescenta-care-s-aflat-moarte-clinica-timp-de-23-de-ore\\\/#breadcrumb\"},\"inLanguage\":\"ro-RO\",\"potentialAction\":[{\"@type\":\"ReadAction\",\"target\":[\"https:\\\/\\\/www.lovendal.ro\\\/wp52\\\/vazut-iad-pe-michael-jackson-si-pe-papa-ioan-paul-al-ii-lea-spune-o-adolescenta-care-s-aflat-moarte-clinica-timp-de-23-de-ore\\\/\"]}]},{\"@type\":\"ImageObject\",\"inLanguage\":\"ro-RO\",\"@id\":\"https:\\\/\\\/www.lovendal.ro\\\/wp52\\\/vazut-iad-pe-michael-jackson-si-pe-papa-ioan-paul-al-ii-lea-spune-o-adolescenta-care-s-aflat-moarte-clinica-timp-de-23-de-ore\\\/#primaryimage\",\"url\":\"https:\\\/\\\/www.lovendal.ro\\\/wp52\\\/wp-content\\\/uploads\\\/2017\\\/05\\\/iad-Michael-Jackson-papa.jpg\",\"contentUrl\":\"https:\\\/\\\/www.lovendal.ro\\\/wp52\\\/wp-content\\\/uploads\\\/2017\\\/05\\\/iad-Michael-Jackson-papa.jpg\",\"width\":332,\"height\":173},{\"@type\":\"BreadcrumbList\",\"@id\":\"https:\\\/\\\/www.lovendal.ro\\\/wp52\\\/vazut-iad-pe-michael-jackson-si-pe-papa-ioan-paul-al-ii-lea-spune-o-adolescenta-care-s-aflat-moarte-clinica-timp-de-23-de-ore\\\/#breadcrumb\",\"itemListElement\":[{\"@type\":\"ListItem\",\"position\":1,\"name\":\"Home\",\"item\":\"https:\\\/\\\/www.lovendal.ro\\\/wp52\\\/\"},{\"@type\":\"ListItem\",\"position\":2,\"name\":\"&#8222;I-am v\u0103zut \u00een iad pe Michael Jackson \u015fi pe papa Ioan Paul al II-lea&#8221;, spune o adolescent\u0103 care s-a aflat \u00een moarte clinic\u0103 timp de 23 de ore\"}]},{\"@type\":\"WebSite\",\"@id\":\"https:\\\/\\\/www.lovendal.ro\\\/wp52\\\/#website\",\"url\":\"https:\\\/\\\/www.lovendal.ro\\\/wp52\\\/\",\"name\":\"Secretele lui Lovendal\",\"description\":\"Site de secrete, stiinta si metafizica - din 2008 -\",\"publisher\":{\"@id\":\"https:\\\/\\\/www.lovendal.ro\\\/wp52\\\/#organization\"},\"potentialAction\":[{\"@type\":\"SearchAction\",\"target\":{\"@type\":\"EntryPoint\",\"urlTemplate\":\"https:\\\/\\\/www.lovendal.ro\\\/wp52\\\/?s={search_term_string}\"},\"query-input\":{\"@type\":\"PropertyValueSpecification\",\"valueRequired\":true,\"valueName\":\"search_term_string\"}}],\"inLanguage\":\"ro-RO\"},{\"@type\":\"Organization\",\"@id\":\"https:\\\/\\\/www.lovendal.ro\\\/wp52\\\/#organization\",\"name\":\"Secretele lui Lovendal\",\"url\":\"https:\\\/\\\/www.lovendal.ro\\\/wp52\\\/\",\"logo\":{\"@type\":\"ImageObject\",\"inLanguage\":\"ro-RO\",\"@id\":\"https:\\\/\\\/www.lovendal.ro\\\/wp52\\\/#\\\/schema\\\/logo\\\/image\\\/\",\"url\":\"https:\\\/\\\/www.lovendal.ro\\\/wp52\\\/wp-content\\\/uploads\\\/2024\\\/06\\\/cropped-SLL-iun-2024-1.jpg\",\"contentUrl\":\"https:\\\/\\\/www.lovendal.ro\\\/wp52\\\/wp-content\\\/uploads\\\/2024\\\/06\\\/cropped-SLL-iun-2024-1.jpg\",\"width\":771,\"height\":240,\"caption\":\"Secretele lui Lovendal\"},\"image\":{\"@id\":\"https:\\\/\\\/www.lovendal.ro\\\/wp52\\\/#\\\/schema\\\/logo\\\/image\\\/\"},\"sameAs\":[\"https:\\\/\\\/www.facebook.com\\\/secreteleluilovendal\"]},{\"@type\":\"Person\",\"@id\":\"https:\\\/\\\/www.lovendal.ro\\\/wp52\\\/#\\\/schema\\\/person\\\/088691de5dfc346bb0c023e1e52ef5d9\",\"name\":\"admin\",\"image\":{\"@type\":\"ImageObject\",\"inLanguage\":\"ro-RO\",\"@id\":\"https:\\\/\\\/secure.gravatar.com\\\/avatar\\\/ecb9cd41f5f63c9c9b989999a59f6e2639a865ec361e9db054db0679a8f341c2?s=96&d=mm&r=g\",\"url\":\"https:\\\/\\\/secure.gravatar.com\\\/avatar\\\/ecb9cd41f5f63c9c9b989999a59f6e2639a865ec361e9db054db0679a8f341c2?s=96&d=mm&r=g\",\"contentUrl\":\"https:\\\/\\\/secure.gravatar.com\\\/avatar\\\/ecb9cd41f5f63c9c9b989999a59f6e2639a865ec361e9db054db0679a8f341c2?s=96&d=mm&r=g\",\"caption\":\"admin\"},\"sameAs\":[\"https:\\\/\\\/www.lovendal.ro\\\/wp52\"]}]}<\/script>\n<!-- \/ Yoast SEO Premium plugin. -->","yoast_head_json":{"title":"\"I-am v\u0103zut \u00een iad pe Michael Jackson \u015fi pe papa Ioan Paul al II-lea\", spune o adolescent\u0103 care s-a aflat \u00een moarte clinic\u0103 timp de 23 de ore - Secretele lui Lovendal","robots":{"index":"index","follow":"follow","max-snippet":"max-snippet:-1","max-image-preview":"max-image-preview:large","max-video-preview":"max-video-preview:-1"},"canonical":"https:\/\/www.lovendal.ro\/wp52\/vazut-iad-pe-michael-jackson-si-pe-papa-ioan-paul-al-ii-lea-spune-o-adolescenta-care-s-aflat-moarte-clinica-timp-de-23-de-ore\/","og_locale":"ro_RO","og_type":"article","og_title":"\"I-am v\u0103zut \u00een iad pe Michael Jackson \u015fi pe papa Ioan Paul al II-lea\", spune o adolescent\u0103 care s-a aflat \u00een moarte clinic\u0103 timp de 23 de ore","og_description":"Angelica Elizabeth Zambrano Mora, \u00een v\u00e2rst\u0103 de 18 ani, este o adolescent\u0103 din Ecuador. Ea vorbe\u0219te despre faptul c\u0103 a fost \u00een moarte clinic\u0103 timp de 23 de ore \u0219i, \u00een aceast\u0103 perioad\u0103, s-ar fi aflat \u00een iad, unde ar ... Cititi mai multe","og_url":"https:\/\/www.lovendal.ro\/wp52\/vazut-iad-pe-michael-jackson-si-pe-papa-ioan-paul-al-ii-lea-spune-o-adolescenta-care-s-aflat-moarte-clinica-timp-de-23-de-ore\/","og_site_name":"Secretele lui Lovendal","article_publisher":"https:\/\/www.facebook.com\/secreteleluilovendal","article_published_time":"2017-06-01T04:00:03+00:00","article_modified_time":"2017-06-01T05:34:54+00:00","og_image":[{"width":332,"height":173,"url":"https:\/\/www.lovendal.ro\/wp52\/wp-content\/uploads\/2017\/05\/iad-Michael-Jackson-papa.jpg","type":"image\/jpeg"}],"author":"admin","twitter_card":"summary_large_image","twitter_misc":{"Scris de":"admin","Timp estimat pentru citire":"2 minute"},"schema":{"@context":"https:\/\/schema.org","@graph":[{"@type":"Article","@id":"https:\/\/www.lovendal.ro\/wp52\/vazut-iad-pe-michael-jackson-si-pe-papa-ioan-paul-al-ii-lea-spune-o-adolescenta-care-s-aflat-moarte-clinica-timp-de-23-de-ore\/#article","isPartOf":{"@id":"https:\/\/www.lovendal.ro\/wp52\/vazut-iad-pe-michael-jackson-si-pe-papa-ioan-paul-al-ii-lea-spune-o-adolescenta-care-s-aflat-moarte-clinica-timp-de-23-de-ore\/"},"author":{"name":"admin","@id":"https:\/\/www.lovendal.ro\/wp52\/#\/schema\/person\/088691de5dfc346bb0c023e1e52ef5d9"},"headline":"&#8222;I-am v\u0103zut \u00een iad pe Michael Jackson \u015fi pe papa Ioan Paul al II-lea&#8221;, spune o adolescent\u0103 care s-a aflat \u00een moarte clinic\u0103 timp de 23 de ore","datePublished":"2017-06-01T04:00:03+00:00","dateModified":"2017-06-01T05:34:54+00:00","mainEntityOfPage":{"@id":"https:\/\/www.lovendal.ro\/wp52\/vazut-iad-pe-michael-jackson-si-pe-papa-ioan-paul-al-ii-lea-spune-o-adolescenta-care-s-aflat-moarte-clinica-timp-de-23-de-ore\/"},"wordCount":503,"commentCount":4,"publisher":{"@id":"https:\/\/www.lovendal.ro\/wp52\/#organization"},"image":{"@id":"https:\/\/www.lovendal.ro\/wp52\/vazut-iad-pe-michael-jackson-si-pe-papa-ioan-paul-al-ii-lea-spune-o-adolescenta-care-s-aflat-moarte-clinica-timp-de-23-de-ore\/#primaryimage"},"thumbnailUrl":"https:\/\/www.lovendal.ro\/wp52\/wp-content\/uploads\/2017\/05\/iad-Michael-Jackson-papa.jpg","keywords":["asasinare","bani","c\u00e2nt\u0103rea\u0163\u0103","diavol","Ecuador","fl\u0103c\u0103ri","iad","Iisus Hristos","Ioan Paul al II-lea","lan\u0163","m\u00e2ini","melodie","Michael Jackson","moarte","papa","paradis","Paranormal-Spiritualitate","picioare","satanist","tunel","videoclip"],"articleSection":["Noutati","Paranormal-Spiritualitate"],"inLanguage":"ro-RO","potentialAction":[{"@type":"CommentAction","name":"Comment","target":["https:\/\/www.lovendal.ro\/wp52\/vazut-iad-pe-michael-jackson-si-pe-papa-ioan-paul-al-ii-lea-spune-o-adolescenta-care-s-aflat-moarte-clinica-timp-de-23-de-ore\/#respond"]}]},{"@type":"WebPage","@id":"https:\/\/www.lovendal.ro\/wp52\/vazut-iad-pe-michael-jackson-si-pe-papa-ioan-paul-al-ii-lea-spune-o-adolescenta-care-s-aflat-moarte-clinica-timp-de-23-de-ore\/","url":"https:\/\/www.lovendal.ro\/wp52\/vazut-iad-pe-michael-jackson-si-pe-papa-ioan-paul-al-ii-lea-spune-o-adolescenta-care-s-aflat-moarte-clinica-timp-de-23-de-ore\/","name":"\"I-am v\u0103zut \u00een iad pe Michael Jackson \u015fi pe papa Ioan Paul al II-lea\", spune o adolescent\u0103 care s-a aflat \u00een moarte clinic\u0103 timp de 23 de ore - Secretele lui Lovendal","isPartOf":{"@id":"https:\/\/www.lovendal.ro\/wp52\/#website"},"primaryImageOfPage":{"@id":"https:\/\/www.lovendal.ro\/wp52\/vazut-iad-pe-michael-jackson-si-pe-papa-ioan-paul-al-ii-lea-spune-o-adolescenta-care-s-aflat-moarte-clinica-timp-de-23-de-ore\/#primaryimage"},"image":{"@id":"https:\/\/www.lovendal.ro\/wp52\/vazut-iad-pe-michael-jackson-si-pe-papa-ioan-paul-al-ii-lea-spune-o-adolescenta-care-s-aflat-moarte-clinica-timp-de-23-de-ore\/#primaryimage"},"thumbnailUrl":"https:\/\/www.lovendal.ro\/wp52\/wp-content\/uploads\/2017\/05\/iad-Michael-Jackson-papa.jpg","datePublished":"2017-06-01T04:00:03+00:00","dateModified":"2017-06-01T05:34:54+00:00","breadcrumb":{"@id":"https:\/\/www.lovendal.ro\/wp52\/vazut-iad-pe-michael-jackson-si-pe-papa-ioan-paul-al-ii-lea-spune-o-adolescenta-care-s-aflat-moarte-clinica-timp-de-23-de-ore\/#breadcrumb"},"inLanguage":"ro-RO","potentialAction":[{"@type":"ReadAction","target":["https:\/\/www.lovendal.ro\/wp52\/vazut-iad-pe-michael-jackson-si-pe-papa-ioan-paul-al-ii-lea-spune-o-adolescenta-care-s-aflat-moarte-clinica-timp-de-23-de-ore\/"]}]},{"@type":"ImageObject","inLanguage":"ro-RO","@id":"https:\/\/www.lovendal.ro\/wp52\/vazut-iad-pe-michael-jackson-si-pe-papa-ioan-paul-al-ii-lea-spune-o-adolescenta-care-s-aflat-moarte-clinica-timp-de-23-de-ore\/#primaryimage","url":"https:\/\/www.lovendal.ro\/wp52\/wp-content\/uploads\/2017\/05\/iad-Michael-Jackson-papa.jpg","contentUrl":"https:\/\/www.lovendal.ro\/wp52\/wp-content\/uploads\/2017\/05\/iad-Michael-Jackson-papa.jpg","width":332,"height":173},{"@type":"BreadcrumbList","@id":"https:\/\/www.lovendal.ro\/wp52\/vazut-iad-pe-michael-jackson-si-pe-papa-ioan-paul-al-ii-lea-spune-o-adolescenta-care-s-aflat-moarte-clinica-timp-de-23-de-ore\/#breadcrumb","itemListElement":[{"@type":"ListItem","position":1,"name":"Home","item":"https:\/\/www.lovendal.ro\/wp52\/"},{"@type":"ListItem","position":2,"name":"&#8222;I-am v\u0103zut \u00een iad pe Michael Jackson \u015fi pe papa Ioan Paul al II-lea&#8221;, spune o adolescent\u0103 care s-a aflat \u00een moarte clinic\u0103 timp de 23 de ore"}]},{"@type":"WebSite","@id":"https:\/\/www.lovendal.ro\/wp52\/#website","url":"https:\/\/www.lovendal.ro\/wp52\/","name":"Secretele lui Lovendal","description":"Site de secrete, stiinta si metafizica - din 2008 -","publisher":{"@id":"https:\/\/www.lovendal.ro\/wp52\/#organization"},"potentialAction":[{"@type":"SearchAction","target":{"@type":"EntryPoint","urlTemplate":"https:\/\/www.lovendal.ro\/wp52\/?s={search_term_string}"},"query-input":{"@type":"PropertyValueSpecification","valueRequired":true,"valueName":"search_term_string"}}],"inLanguage":"ro-RO"},{"@type":"Organization","@id":"https:\/\/www.lovendal.ro\/wp52\/#organization","name":"Secretele lui Lovendal","url":"https:\/\/www.lovendal.ro\/wp52\/","logo":{"@type":"ImageObject","inLanguage":"ro-RO","@id":"https:\/\/www.lovendal.ro\/wp52\/#\/schema\/logo\/image\/","url":"https:\/\/www.lovendal.ro\/wp52\/wp-content\/uploads\/2024\/06\/cropped-SLL-iun-2024-1.jpg","contentUrl":"https:\/\/www.lovendal.ro\/wp52\/wp-content\/uploads\/2024\/06\/cropped-SLL-iun-2024-1.jpg","width":771,"height":240,"caption":"Secretele lui Lovendal"},"image":{"@id":"https:\/\/www.lovendal.ro\/wp52\/#\/schema\/logo\/image\/"},"sameAs":["https:\/\/www.facebook.com\/secreteleluilovendal"]},{"@type":"Person","@id":"https:\/\/www.lovendal.ro\/wp52\/#\/schema\/person\/088691de5dfc346bb0c023e1e52ef5d9","name":"admin","image":{"@type":"ImageObject","inLanguage":"ro-RO","@id":"https:\/\/secure.gravatar.com\/avatar\/ecb9cd41f5f63c9c9b989999a59f6e2639a865ec361e9db054db0679a8f341c2?s=96&d=mm&r=g","url":"https:\/\/secure.gravatar.com\/avatar\/ecb9cd41f5f63c9c9b989999a59f6e2639a865ec361e9db054db0679a8f341c2?s=96&d=mm&r=g","contentUrl":"https:\/\/secure.gravatar.com\/avatar\/ecb9cd41f5f63c9c9b989999a59f6e2639a865ec361e9db054db0679a8f341c2?s=96&d=mm&r=g","caption":"admin"},"sameAs":["https:\/\/www.lovendal.ro\/wp52"]}]}},"_links":{"self":[{"href":"https:\/\/www.lovendal.ro\/wp52\/wp-json\/wp\/v2\/posts\/51485","targetHints":{"allow":["GET"]}}],"collection":[{"href":"https:\/\/www.lovendal.ro\/wp52\/wp-json\/wp\/v2\/posts"}],"about":[{"href":"https:\/\/www.lovendal.ro\/wp52\/wp-json\/wp\/v2\/types\/post"}],"author":[{"embeddable":true,"href":"https:\/\/www.lovendal.ro\/wp52\/wp-json\/wp\/v2\/users\/1"}],"replies":[{"embeddable":true,"href":"https:\/\/www.lovendal.ro\/wp52\/wp-json\/wp\/v2\/comments?post=51485"}],"version-history":[{"count":0,"href":"https:\/\/www.lovendal.ro\/wp52\/wp-json\/wp\/v2\/posts\/51485\/revisions"}],"wp:featuredmedia":[{"embeddable":true,"href":"https:\/\/www.lovendal.ro\/wp52\/wp-json\/wp\/v2\/media\/51486"}],"wp:attachment":[{"href":"https:\/\/www.lovendal.ro\/wp52\/wp-json\/wp\/v2\/media?parent=51485"}],"wp:term":[{"taxonomy":"category","embeddable":true,"href":"https:\/\/www.lovendal.ro\/wp52\/wp-json\/wp\/v2\/categories?post=51485"},{"taxonomy":"post_tag","embeddable":true,"href":"https:\/\/www.lovendal.ro\/wp52\/wp-json\/wp\/v2\/tags?post=51485"}],"curies":[{"name":"wp","href":"https:\/\/api.w.org\/{rel}","templated":true}]}}