{"id":51382,"date":"2017-05-20T14:59:27","date_gmt":"2017-05-20T11:59:27","guid":{"rendered":"http:\/\/www.lovendal.ro\/wp52\/?p=51382"},"modified":"2017-05-20T14:59:27","modified_gmt":"2017-05-20T11:59:27","slug":"exclusiv-uitati-de-teoria-big-bang-ului-in-nasterea-cosmosului-e-posibil-ca-universul-sa-se-fi-nascut-dintr-o-gaura-neagra-iar-acum-locuim-in-interiorul-ei","status":"publish","type":"post","link":"https:\/\/www.lovendal.ro\/wp52\/exclusiv-uitati-de-teoria-big-bang-ului-in-nasterea-cosmosului-e-posibil-ca-universul-sa-se-fi-nascut-dintr-o-gaura-neagra-iar-acum-locuim-in-interiorul-ei\/","title":{"rendered":"EXCLUSIV! Uita\u0163i de teoria Big Bang-ului \u00een na\u015fterea Cosmosului! E posibil ca Universul s\u0103 se fi n\u0103scut dintr-o gaur\u0103 neagr\u0103, iar acum locuim \u00een interiorul ei&#8230;"},"content":{"rendered":"<p><a href=\"https:\/\/www.lovendal.ro\/wp52\/wp-content\/uploads\/2017\/05\/Univers-gaura-neagra.jpg\"><img loading=\"lazy\" decoding=\"async\" class=\"alignleft size-full wp-image-51383\" src=\"https:\/\/www.lovendal.ro\/wp52\/wp-content\/uploads\/2017\/05\/Univers-gaura-neagra.jpg\" alt=\"\" width=\"332\" height=\"218\" \/><\/a>\u00cen fizic\u0103 apar tot felul de noi teorii cu privire la cosmologie (na\u015fterea Universului). \u00cemplinim acu\u015fi 100 de ani de c\u00e2nd am fost \u00eenv\u0103\u0163a\u0163i c\u0103 Universul nostru s-ar fi format prin &#8222;Big Bang&#8221;. Termenul de Big Bang, \u00een general, se refer\u0103 la ideea c\u0103 Universul s-a extins de la o singularitate primordial\u0103 fierbinte \u0219i dens\u0103 acum aproximativ 13 miliarde de ani. \u201eTeoria Big Bang\u201d este modelul care explic\u0103 apari\u021bia materiei, energiei, spa\u021biului \u0219i timpului, altfel spus a existen\u021bei Universului. Aceast\u0103 teorie \u00eencearc\u0103 s\u0103 explice de ce Universul se extinde permanent \u00eenc\u0103 de la apari\u021bia sa, \u0219i de ce pare a fi uniform \u00een toate direc\u021biile.<\/p>\n<p>\u00cens\u0103, aceast\u0103 teorie are \u015fi ea limitele ei. Iar cea mai mare limit\u0103 a ei este urm\u0103toarea: Big Bang-ul (sau &#8222;marea explozie&#8221;), conform cosmologilor, ar fi ap\u0103rut din nimic, dintr-un haos primordial; \u00eens\u0103, observ\u0103m c\u0103 Universul este prea bine ordonat \u00een jurul nostru pentru ca totul s\u0103 fie la m\u00e2na hazardului. De aceea, al\u0163i fizicieni respectabili au propus o alt\u0103 teorie alternativ\u0103 la Big Bang: teoria g\u0103urii negre. Ea a fost propus\u0103 de trei oameni de \u015ftiin\u0163\u0103: de Niayesh Afshordi de la Institutul Perimeter pentru Fizic\u0103 Teoretic\u0103, de profesorul Robert Mann de la Universitatea din Waterloo (Canada) \u015fi de doctorand Razieh Pourhasan, de la aceea\u015fi universitate.<\/p>\n<p>Precum se \u015ftie, o gaur\u0103 neagr\u0103 este un obiect astronomic limitat de o suprafa\u021b\u0103 \u00een interiorul c\u0103reia c\u00e2mpul gravita\u021bional este at\u00e2t de puternic, \u00eenc\u00e2t nimic nu poate sc\u0103pa din interiorul acestei suprafe\u021be, cunoscut\u0103 \u0219i sub denumirea de \u201eorizontul evenimentului\u201d. Nici m\u0103car radia\u021bia electromagnetic\u0103 (de ex. lumina) nu poate sc\u0103pa dintr-o gaur\u0103 neagr\u0103, astfel \u00eenc\u00e2t interiorul unei g\u0103uri negre nu este vizibil, de aici provenind \u0219i numele. Gaura neagr\u0103 are \u00een centrul ei o regiune cunoscut\u0103 \u0219i drept \u201esingularitate&#8221;.<\/p>\n<p>Poate c\u0103 cea mai mare diferen\u021b\u0103 dintre teoria Big Bang-ului \u0219i teoria g\u0103urilor negre este aceea c\u0103 noi suntem proteja\u021bi de g\u0103urile negre prin orizontul evenimentului. Gravita\u0163ia unei g\u0103uri negre este at\u00e2t de puternic\u0103, \u00eenc\u00e2t viteza de evadare trebuie s\u0103 fie mai rapid\u0103 dec\u00e2t viteza luminii \u0219i, din moment ce nimic nu poate c\u0103l\u0103tori at\u00e2t de repede, nimic nu iese dintr-o gaur\u0103 neagr\u0103. \u00cen gaura neagr\u0103 suntem proteja\u021bi de haosul \u0219i de descompunerea legilor fizice.<\/p>\n<p>A\u015fadar, imagina\u0163i-v\u0103 c\u0103 schimb\u0103m Big Bang-ul pentru o gaur\u0103 neagr\u0103. A\u015fa cum propun cei 3 cercet\u0103tori, gaura neagr\u0103 care s-a aflat la originea Universului nostru ar fi una 4-dimensional\u0103, rezultat\u0103 din colapsarea unei stele 4-dimensionale. Iar, \u00een momentul de fa\u0163\u0103, noi tr\u0103im \u00een orizontul evenimentului 3-dimensional al g\u0103urii negre.<\/p>\n<p>Dac\u0103 cei 3 fizicieni au avut dreptate, vom vedea \u00een viitor. Oricum, teoria lor este extrem de interesant\u0103&#8230;<\/p>\n","protected":false},"excerpt":{"rendered":"<p>\u00cen fizic\u0103 apar tot felul de noi teorii cu privire la cosmologie (na\u015fterea Universului). \u00cemplinim acu\u015fi 100 de ani de c\u00e2nd am fost \u00eenv\u0103\u0163a\u0163i c\u0103 Universul nostru s-ar fi format prin &#8222;Big Bang&#8221;. Termenul de Big Bang, \u00een general, se &#8230; <\/p>\n<p class=\"read-more-container\"><a title=\"EXCLUSIV! Uita\u0163i de teoria Big Bang-ului \u00een na\u015fterea Cosmosului! E posibil ca Universul s\u0103 se fi n\u0103scut dintr-o gaur\u0103 neagr\u0103, iar acum locuim \u00een interiorul ei&#8230;\" class=\"read-more button\" href=\"https:\/\/www.lovendal.ro\/wp52\/exclusiv-uitati-de-teoria-big-bang-ului-in-nasterea-cosmosului-e-posibil-ca-universul-sa-se-fi-nascut-dintr-o-gaura-neagra-iar-acum-locuim-in-interiorul-ei\/#more-51382\" aria-label=\"Cite\u0219te mai multe despre EXCLUSIV! Uita\u0163i de teoria Big Bang-ului \u00een na\u015fterea Cosmosului! E posibil ca Universul s\u0103 se fi n\u0103scut dintr-o gaur\u0103 neagr\u0103, iar acum locuim \u00een interiorul ei&#8230;\">Cititi mai multe<\/a><\/p>\n","protected":false},"author":1,"featured_media":51383,"comment_status":"open","ping_status":"closed","sticky":false,"template":"","format":"standard","meta":{"footnotes":""},"categories":[11039,2833],"tags":[102,2027,272,2973,66,348,2048,596,1367,952,345,2478,4389,2501,733,789,1087,2250,1840],"class_list":["post-51382","post","type-post","status-publish","format-standard","has-post-thumbnail","hentry","category-astronomie","category-noutati","tag-astronomie","tag-big-bang","tag-canada","tag-cosmologie","tag-energie","tag-fizica","tag-fizician","tag-gaura-neagra","tag-gravitatie","tag-lumina","tag-materie","tag-profesor","tag-radiatie","tag-spatiu","tag-stea","tag-timp","tag-univers","tag-universitate","tag-viteza","resize-featured-image"],"yoast_head":"<!-- This site is optimized with the Yoast SEO Premium plugin v23.3 (Yoast SEO v27.4) - https:\/\/yoast.com\/product\/yoast-seo-premium-wordpress\/ -->\n<title>EXCLUSIV! Uita\u0163i de teoria Big Bang-ului \u00een na\u015fterea Cosmosului! E posibil ca Universul s\u0103 se fi n\u0103scut dintr-o gaur\u0103 neagr\u0103, iar acum locuim \u00een interiorul ei... - Secretele lui Lovendal<\/title>\n<meta name=\"robots\" content=\"index, follow, max-snippet:-1, max-image-preview:large, max-video-preview:-1\" \/>\n<link rel=\"canonical\" href=\"https:\/\/www.lovendal.ro\/wp52\/exclusiv-uitati-de-teoria-big-bang-ului-in-nasterea-cosmosului-e-posibil-ca-universul-sa-se-fi-nascut-dintr-o-gaura-neagra-iar-acum-locuim-in-interiorul-ei\/\" \/>\n<meta property=\"og:locale\" content=\"ro_RO\" \/>\n<meta property=\"og:type\" content=\"article\" \/>\n<meta property=\"og:title\" content=\"EXCLUSIV! Uita\u0163i de teoria Big Bang-ului \u00een na\u015fterea Cosmosului! E posibil ca Universul s\u0103 se fi n\u0103scut dintr-o gaur\u0103 neagr\u0103, iar acum locuim \u00een interiorul ei...\" \/>\n<meta property=\"og:description\" content=\"\u00cen fizic\u0103 apar tot felul de noi teorii cu privire la cosmologie (na\u015fterea Universului). \u00cemplinim acu\u015fi 100 de ani de c\u00e2nd am fost \u00eenv\u0103\u0163a\u0163i c\u0103 Universul nostru s-ar fi format prin &#8222;Big Bang&#8221;. Termenul de Big Bang, \u00een general, se ... Cititi mai multe\" \/>\n<meta property=\"og:url\" content=\"https:\/\/www.lovendal.ro\/wp52\/exclusiv-uitati-de-teoria-big-bang-ului-in-nasterea-cosmosului-e-posibil-ca-universul-sa-se-fi-nascut-dintr-o-gaura-neagra-iar-acum-locuim-in-interiorul-ei\/\" \/>\n<meta property=\"og:site_name\" content=\"Secretele lui Lovendal\" \/>\n<meta property=\"article:publisher\" content=\"https:\/\/www.facebook.com\/secreteleluilovendal\" \/>\n<meta property=\"article:published_time\" content=\"2017-05-20T11:59:27+00:00\" \/>\n<meta property=\"og:image\" content=\"https:\/\/www.lovendal.ro\/wp52\/wp-content\/uploads\/2017\/05\/Univers-gaura-neagra.jpg\" \/>\n\t<meta property=\"og:image:width\" content=\"332\" \/>\n\t<meta property=\"og:image:height\" content=\"218\" \/>\n\t<meta property=\"og:image:type\" content=\"image\/jpeg\" \/>\n<meta name=\"author\" content=\"admin\" \/>\n<meta name=\"twitter:card\" content=\"summary_large_image\" \/>\n<meta name=\"twitter:label1\" content=\"Scris de\" \/>\n\t<meta name=\"twitter:data1\" content=\"admin\" \/>\n\t<meta name=\"twitter:label2\" content=\"Timp estimat pentru citire\" \/>\n\t<meta name=\"twitter:data2\" content=\"2 minute\" \/>\n<script type=\"application\/ld+json\" class=\"yoast-schema-graph\">{\"@context\":\"https:\\\/\\\/schema.org\",\"@graph\":[{\"@type\":\"Article\",\"@id\":\"https:\\\/\\\/www.lovendal.ro\\\/wp52\\\/exclusiv-uitati-de-teoria-big-bang-ului-in-nasterea-cosmosului-e-posibil-ca-universul-sa-se-fi-nascut-dintr-o-gaura-neagra-iar-acum-locuim-in-interiorul-ei\\\/#article\",\"isPartOf\":{\"@id\":\"https:\\\/\\\/www.lovendal.ro\\\/wp52\\\/exclusiv-uitati-de-teoria-big-bang-ului-in-nasterea-cosmosului-e-posibil-ca-universul-sa-se-fi-nascut-dintr-o-gaura-neagra-iar-acum-locuim-in-interiorul-ei\\\/\"},\"author\":{\"name\":\"admin\",\"@id\":\"https:\\\/\\\/www.lovendal.ro\\\/wp52\\\/#\\\/schema\\\/person\\\/088691de5dfc346bb0c023e1e52ef5d9\"},\"headline\":\"EXCLUSIV! Uita\u0163i de teoria Big Bang-ului \u00een na\u015fterea Cosmosului! E posibil ca Universul s\u0103 se fi n\u0103scut dintr-o gaur\u0103 neagr\u0103, iar acum locuim \u00een interiorul ei&#8230;\",\"datePublished\":\"2017-05-20T11:59:27+00:00\",\"mainEntityOfPage\":{\"@id\":\"https:\\\/\\\/www.lovendal.ro\\\/wp52\\\/exclusiv-uitati-de-teoria-big-bang-ului-in-nasterea-cosmosului-e-posibil-ca-universul-sa-se-fi-nascut-dintr-o-gaura-neagra-iar-acum-locuim-in-interiorul-ei\\\/\"},\"wordCount\":504,\"commentCount\":1,\"publisher\":{\"@id\":\"https:\\\/\\\/www.lovendal.ro\\\/wp52\\\/#organization\"},\"image\":{\"@id\":\"https:\\\/\\\/www.lovendal.ro\\\/wp52\\\/exclusiv-uitati-de-teoria-big-bang-ului-in-nasterea-cosmosului-e-posibil-ca-universul-sa-se-fi-nascut-dintr-o-gaura-neagra-iar-acum-locuim-in-interiorul-ei\\\/#primaryimage\"},\"thumbnailUrl\":\"https:\\\/\\\/www.lovendal.ro\\\/wp52\\\/wp-content\\\/uploads\\\/2017\\\/05\\\/Univers-gaura-neagra.jpg\",\"keywords\":[\"astronomie\",\"Big Bang\",\"Canada\",\"cosmologie\",\"energie\",\"fizic\u0103\",\"fizician\",\"gaura neagr\u0103\",\"gravita\u0163ie\",\"lumin\u0103\",\"materie\",\"profesor\",\"radia\u0163ie\",\"spa\u0163iu\",\"stea\",\"timp\",\"Univers\",\"universitate\",\"vitez\u0103\"],\"articleSection\":[\"Astronomie\",\"Noutati\"],\"inLanguage\":\"ro-RO\",\"potentialAction\":[{\"@type\":\"CommentAction\",\"name\":\"Comment\",\"target\":[\"https:\\\/\\\/www.lovendal.ro\\\/wp52\\\/exclusiv-uitati-de-teoria-big-bang-ului-in-nasterea-cosmosului-e-posibil-ca-universul-sa-se-fi-nascut-dintr-o-gaura-neagra-iar-acum-locuim-in-interiorul-ei\\\/#respond\"]}]},{\"@type\":\"WebPage\",\"@id\":\"https:\\\/\\\/www.lovendal.ro\\\/wp52\\\/exclusiv-uitati-de-teoria-big-bang-ului-in-nasterea-cosmosului-e-posibil-ca-universul-sa-se-fi-nascut-dintr-o-gaura-neagra-iar-acum-locuim-in-interiorul-ei\\\/\",\"url\":\"https:\\\/\\\/www.lovendal.ro\\\/wp52\\\/exclusiv-uitati-de-teoria-big-bang-ului-in-nasterea-cosmosului-e-posibil-ca-universul-sa-se-fi-nascut-dintr-o-gaura-neagra-iar-acum-locuim-in-interiorul-ei\\\/\",\"name\":\"EXCLUSIV! Uita\u0163i de teoria Big Bang-ului \u00een na\u015fterea Cosmosului! E posibil ca Universul s\u0103 se fi n\u0103scut dintr-o gaur\u0103 neagr\u0103, iar acum locuim \u00een interiorul ei... - Secretele lui Lovendal\",\"isPartOf\":{\"@id\":\"https:\\\/\\\/www.lovendal.ro\\\/wp52\\\/#website\"},\"primaryImageOfPage\":{\"@id\":\"https:\\\/\\\/www.lovendal.ro\\\/wp52\\\/exclusiv-uitati-de-teoria-big-bang-ului-in-nasterea-cosmosului-e-posibil-ca-universul-sa-se-fi-nascut-dintr-o-gaura-neagra-iar-acum-locuim-in-interiorul-ei\\\/#primaryimage\"},\"image\":{\"@id\":\"https:\\\/\\\/www.lovendal.ro\\\/wp52\\\/exclusiv-uitati-de-teoria-big-bang-ului-in-nasterea-cosmosului-e-posibil-ca-universul-sa-se-fi-nascut-dintr-o-gaura-neagra-iar-acum-locuim-in-interiorul-ei\\\/#primaryimage\"},\"thumbnailUrl\":\"https:\\\/\\\/www.lovendal.ro\\\/wp52\\\/wp-content\\\/uploads\\\/2017\\\/05\\\/Univers-gaura-neagra.jpg\",\"datePublished\":\"2017-05-20T11:59:27+00:00\",\"breadcrumb\":{\"@id\":\"https:\\\/\\\/www.lovendal.ro\\\/wp52\\\/exclusiv-uitati-de-teoria-big-bang-ului-in-nasterea-cosmosului-e-posibil-ca-universul-sa-se-fi-nascut-dintr-o-gaura-neagra-iar-acum-locuim-in-interiorul-ei\\\/#breadcrumb\"},\"inLanguage\":\"ro-RO\",\"potentialAction\":[{\"@type\":\"ReadAction\",\"target\":[\"https:\\\/\\\/www.lovendal.ro\\\/wp52\\\/exclusiv-uitati-de-teoria-big-bang-ului-in-nasterea-cosmosului-e-posibil-ca-universul-sa-se-fi-nascut-dintr-o-gaura-neagra-iar-acum-locuim-in-interiorul-ei\\\/\"]}]},{\"@type\":\"ImageObject\",\"inLanguage\":\"ro-RO\",\"@id\":\"https:\\\/\\\/www.lovendal.ro\\\/wp52\\\/exclusiv-uitati-de-teoria-big-bang-ului-in-nasterea-cosmosului-e-posibil-ca-universul-sa-se-fi-nascut-dintr-o-gaura-neagra-iar-acum-locuim-in-interiorul-ei\\\/#primaryimage\",\"url\":\"https:\\\/\\\/www.lovendal.ro\\\/wp52\\\/wp-content\\\/uploads\\\/2017\\\/05\\\/Univers-gaura-neagra.jpg\",\"contentUrl\":\"https:\\\/\\\/www.lovendal.ro\\\/wp52\\\/wp-content\\\/uploads\\\/2017\\\/05\\\/Univers-gaura-neagra.jpg\",\"width\":332,\"height\":218},{\"@type\":\"BreadcrumbList\",\"@id\":\"https:\\\/\\\/www.lovendal.ro\\\/wp52\\\/exclusiv-uitati-de-teoria-big-bang-ului-in-nasterea-cosmosului-e-posibil-ca-universul-sa-se-fi-nascut-dintr-o-gaura-neagra-iar-acum-locuim-in-interiorul-ei\\\/#breadcrumb\",\"itemListElement\":[{\"@type\":\"ListItem\",\"position\":1,\"name\":\"Home\",\"item\":\"https:\\\/\\\/www.lovendal.ro\\\/wp52\\\/\"},{\"@type\":\"ListItem\",\"position\":2,\"name\":\"EXCLUSIV! Uita\u0163i de teoria Big Bang-ului \u00een na\u015fterea Cosmosului! E posibil ca Universul s\u0103 se fi n\u0103scut dintr-o gaur\u0103 neagr\u0103, iar acum locuim \u00een interiorul ei&#8230;\"}]},{\"@type\":\"WebSite\",\"@id\":\"https:\\\/\\\/www.lovendal.ro\\\/wp52\\\/#website\",\"url\":\"https:\\\/\\\/www.lovendal.ro\\\/wp52\\\/\",\"name\":\"Secretele lui Lovendal\",\"description\":\"Site de secrete, stiinta si metafizica - din 2008 -\",\"publisher\":{\"@id\":\"https:\\\/\\\/www.lovendal.ro\\\/wp52\\\/#organization\"},\"potentialAction\":[{\"@type\":\"SearchAction\",\"target\":{\"@type\":\"EntryPoint\",\"urlTemplate\":\"https:\\\/\\\/www.lovendal.ro\\\/wp52\\\/?s={search_term_string}\"},\"query-input\":{\"@type\":\"PropertyValueSpecification\",\"valueRequired\":true,\"valueName\":\"search_term_string\"}}],\"inLanguage\":\"ro-RO\"},{\"@type\":\"Organization\",\"@id\":\"https:\\\/\\\/www.lovendal.ro\\\/wp52\\\/#organization\",\"name\":\"Secretele lui Lovendal\",\"url\":\"https:\\\/\\\/www.lovendal.ro\\\/wp52\\\/\",\"logo\":{\"@type\":\"ImageObject\",\"inLanguage\":\"ro-RO\",\"@id\":\"https:\\\/\\\/www.lovendal.ro\\\/wp52\\\/#\\\/schema\\\/logo\\\/image\\\/\",\"url\":\"https:\\\/\\\/www.lovendal.ro\\\/wp52\\\/wp-content\\\/uploads\\\/2024\\\/06\\\/cropped-SLL-iun-2024-1.jpg\",\"contentUrl\":\"https:\\\/\\\/www.lovendal.ro\\\/wp52\\\/wp-content\\\/uploads\\\/2024\\\/06\\\/cropped-SLL-iun-2024-1.jpg\",\"width\":771,\"height\":240,\"caption\":\"Secretele lui Lovendal\"},\"image\":{\"@id\":\"https:\\\/\\\/www.lovendal.ro\\\/wp52\\\/#\\\/schema\\\/logo\\\/image\\\/\"},\"sameAs\":[\"https:\\\/\\\/www.facebook.com\\\/secreteleluilovendal\"]},{\"@type\":\"Person\",\"@id\":\"https:\\\/\\\/www.lovendal.ro\\\/wp52\\\/#\\\/schema\\\/person\\\/088691de5dfc346bb0c023e1e52ef5d9\",\"name\":\"admin\",\"image\":{\"@type\":\"ImageObject\",\"inLanguage\":\"ro-RO\",\"@id\":\"https:\\\/\\\/secure.gravatar.com\\\/avatar\\\/ecb9cd41f5f63c9c9b989999a59f6e2639a865ec361e9db054db0679a8f341c2?s=96&d=mm&r=g\",\"url\":\"https:\\\/\\\/secure.gravatar.com\\\/avatar\\\/ecb9cd41f5f63c9c9b989999a59f6e2639a865ec361e9db054db0679a8f341c2?s=96&d=mm&r=g\",\"contentUrl\":\"https:\\\/\\\/secure.gravatar.com\\\/avatar\\\/ecb9cd41f5f63c9c9b989999a59f6e2639a865ec361e9db054db0679a8f341c2?s=96&d=mm&r=g\",\"caption\":\"admin\"},\"sameAs\":[\"https:\\\/\\\/www.lovendal.ro\\\/wp52\"]}]}<\/script>\n<!-- \/ Yoast SEO Premium plugin. -->","yoast_head_json":{"title":"EXCLUSIV! Uita\u0163i de teoria Big Bang-ului \u00een na\u015fterea Cosmosului! E posibil ca Universul s\u0103 se fi n\u0103scut dintr-o gaur\u0103 neagr\u0103, iar acum locuim \u00een interiorul ei... - Secretele lui Lovendal","robots":{"index":"index","follow":"follow","max-snippet":"max-snippet:-1","max-image-preview":"max-image-preview:large","max-video-preview":"max-video-preview:-1"},"canonical":"https:\/\/www.lovendal.ro\/wp52\/exclusiv-uitati-de-teoria-big-bang-ului-in-nasterea-cosmosului-e-posibil-ca-universul-sa-se-fi-nascut-dintr-o-gaura-neagra-iar-acum-locuim-in-interiorul-ei\/","og_locale":"ro_RO","og_type":"article","og_title":"EXCLUSIV! Uita\u0163i de teoria Big Bang-ului \u00een na\u015fterea Cosmosului! E posibil ca Universul s\u0103 se fi n\u0103scut dintr-o gaur\u0103 neagr\u0103, iar acum locuim \u00een interiorul ei...","og_description":"\u00cen fizic\u0103 apar tot felul de noi teorii cu privire la cosmologie (na\u015fterea Universului). \u00cemplinim acu\u015fi 100 de ani de c\u00e2nd am fost \u00eenv\u0103\u0163a\u0163i c\u0103 Universul nostru s-ar fi format prin &#8222;Big Bang&#8221;. Termenul de Big Bang, \u00een general, se ... Cititi mai multe","og_url":"https:\/\/www.lovendal.ro\/wp52\/exclusiv-uitati-de-teoria-big-bang-ului-in-nasterea-cosmosului-e-posibil-ca-universul-sa-se-fi-nascut-dintr-o-gaura-neagra-iar-acum-locuim-in-interiorul-ei\/","og_site_name":"Secretele lui Lovendal","article_publisher":"https:\/\/www.facebook.com\/secreteleluilovendal","article_published_time":"2017-05-20T11:59:27+00:00","og_image":[{"width":332,"height":218,"url":"https:\/\/www.lovendal.ro\/wp52\/wp-content\/uploads\/2017\/05\/Univers-gaura-neagra.jpg","type":"image\/jpeg"}],"author":"admin","twitter_card":"summary_large_image","twitter_misc":{"Scris de":"admin","Timp estimat pentru citire":"2 minute"},"schema":{"@context":"https:\/\/schema.org","@graph":[{"@type":"Article","@id":"https:\/\/www.lovendal.ro\/wp52\/exclusiv-uitati-de-teoria-big-bang-ului-in-nasterea-cosmosului-e-posibil-ca-universul-sa-se-fi-nascut-dintr-o-gaura-neagra-iar-acum-locuim-in-interiorul-ei\/#article","isPartOf":{"@id":"https:\/\/www.lovendal.ro\/wp52\/exclusiv-uitati-de-teoria-big-bang-ului-in-nasterea-cosmosului-e-posibil-ca-universul-sa-se-fi-nascut-dintr-o-gaura-neagra-iar-acum-locuim-in-interiorul-ei\/"},"author":{"name":"admin","@id":"https:\/\/www.lovendal.ro\/wp52\/#\/schema\/person\/088691de5dfc346bb0c023e1e52ef5d9"},"headline":"EXCLUSIV! Uita\u0163i de teoria Big Bang-ului \u00een na\u015fterea Cosmosului! E posibil ca Universul s\u0103 se fi n\u0103scut dintr-o gaur\u0103 neagr\u0103, iar acum locuim \u00een interiorul ei&#8230;","datePublished":"2017-05-20T11:59:27+00:00","mainEntityOfPage":{"@id":"https:\/\/www.lovendal.ro\/wp52\/exclusiv-uitati-de-teoria-big-bang-ului-in-nasterea-cosmosului-e-posibil-ca-universul-sa-se-fi-nascut-dintr-o-gaura-neagra-iar-acum-locuim-in-interiorul-ei\/"},"wordCount":504,"commentCount":1,"publisher":{"@id":"https:\/\/www.lovendal.ro\/wp52\/#organization"},"image":{"@id":"https:\/\/www.lovendal.ro\/wp52\/exclusiv-uitati-de-teoria-big-bang-ului-in-nasterea-cosmosului-e-posibil-ca-universul-sa-se-fi-nascut-dintr-o-gaura-neagra-iar-acum-locuim-in-interiorul-ei\/#primaryimage"},"thumbnailUrl":"https:\/\/www.lovendal.ro\/wp52\/wp-content\/uploads\/2017\/05\/Univers-gaura-neagra.jpg","keywords":["astronomie","Big Bang","Canada","cosmologie","energie","fizic\u0103","fizician","gaura neagr\u0103","gravita\u0163ie","lumin\u0103","materie","profesor","radia\u0163ie","spa\u0163iu","stea","timp","Univers","universitate","vitez\u0103"],"articleSection":["Astronomie","Noutati"],"inLanguage":"ro-RO","potentialAction":[{"@type":"CommentAction","name":"Comment","target":["https:\/\/www.lovendal.ro\/wp52\/exclusiv-uitati-de-teoria-big-bang-ului-in-nasterea-cosmosului-e-posibil-ca-universul-sa-se-fi-nascut-dintr-o-gaura-neagra-iar-acum-locuim-in-interiorul-ei\/#respond"]}]},{"@type":"WebPage","@id":"https:\/\/www.lovendal.ro\/wp52\/exclusiv-uitati-de-teoria-big-bang-ului-in-nasterea-cosmosului-e-posibil-ca-universul-sa-se-fi-nascut-dintr-o-gaura-neagra-iar-acum-locuim-in-interiorul-ei\/","url":"https:\/\/www.lovendal.ro\/wp52\/exclusiv-uitati-de-teoria-big-bang-ului-in-nasterea-cosmosului-e-posibil-ca-universul-sa-se-fi-nascut-dintr-o-gaura-neagra-iar-acum-locuim-in-interiorul-ei\/","name":"EXCLUSIV! Uita\u0163i de teoria Big Bang-ului \u00een na\u015fterea Cosmosului! E posibil ca Universul s\u0103 se fi n\u0103scut dintr-o gaur\u0103 neagr\u0103, iar acum locuim \u00een interiorul ei... - Secretele lui Lovendal","isPartOf":{"@id":"https:\/\/www.lovendal.ro\/wp52\/#website"},"primaryImageOfPage":{"@id":"https:\/\/www.lovendal.ro\/wp52\/exclusiv-uitati-de-teoria-big-bang-ului-in-nasterea-cosmosului-e-posibil-ca-universul-sa-se-fi-nascut-dintr-o-gaura-neagra-iar-acum-locuim-in-interiorul-ei\/#primaryimage"},"image":{"@id":"https:\/\/www.lovendal.ro\/wp52\/exclusiv-uitati-de-teoria-big-bang-ului-in-nasterea-cosmosului-e-posibil-ca-universul-sa-se-fi-nascut-dintr-o-gaura-neagra-iar-acum-locuim-in-interiorul-ei\/#primaryimage"},"thumbnailUrl":"https:\/\/www.lovendal.ro\/wp52\/wp-content\/uploads\/2017\/05\/Univers-gaura-neagra.jpg","datePublished":"2017-05-20T11:59:27+00:00","breadcrumb":{"@id":"https:\/\/www.lovendal.ro\/wp52\/exclusiv-uitati-de-teoria-big-bang-ului-in-nasterea-cosmosului-e-posibil-ca-universul-sa-se-fi-nascut-dintr-o-gaura-neagra-iar-acum-locuim-in-interiorul-ei\/#breadcrumb"},"inLanguage":"ro-RO","potentialAction":[{"@type":"ReadAction","target":["https:\/\/www.lovendal.ro\/wp52\/exclusiv-uitati-de-teoria-big-bang-ului-in-nasterea-cosmosului-e-posibil-ca-universul-sa-se-fi-nascut-dintr-o-gaura-neagra-iar-acum-locuim-in-interiorul-ei\/"]}]},{"@type":"ImageObject","inLanguage":"ro-RO","@id":"https:\/\/www.lovendal.ro\/wp52\/exclusiv-uitati-de-teoria-big-bang-ului-in-nasterea-cosmosului-e-posibil-ca-universul-sa-se-fi-nascut-dintr-o-gaura-neagra-iar-acum-locuim-in-interiorul-ei\/#primaryimage","url":"https:\/\/www.lovendal.ro\/wp52\/wp-content\/uploads\/2017\/05\/Univers-gaura-neagra.jpg","contentUrl":"https:\/\/www.lovendal.ro\/wp52\/wp-content\/uploads\/2017\/05\/Univers-gaura-neagra.jpg","width":332,"height":218},{"@type":"BreadcrumbList","@id":"https:\/\/www.lovendal.ro\/wp52\/exclusiv-uitati-de-teoria-big-bang-ului-in-nasterea-cosmosului-e-posibil-ca-universul-sa-se-fi-nascut-dintr-o-gaura-neagra-iar-acum-locuim-in-interiorul-ei\/#breadcrumb","itemListElement":[{"@type":"ListItem","position":1,"name":"Home","item":"https:\/\/www.lovendal.ro\/wp52\/"},{"@type":"ListItem","position":2,"name":"EXCLUSIV! Uita\u0163i de teoria Big Bang-ului \u00een na\u015fterea Cosmosului! E posibil ca Universul s\u0103 se fi n\u0103scut dintr-o gaur\u0103 neagr\u0103, iar acum locuim \u00een interiorul ei&#8230;"}]},{"@type":"WebSite","@id":"https:\/\/www.lovendal.ro\/wp52\/#website","url":"https:\/\/www.lovendal.ro\/wp52\/","name":"Secretele lui Lovendal","description":"Site de secrete, stiinta si metafizica - din 2008 -","publisher":{"@id":"https:\/\/www.lovendal.ro\/wp52\/#organization"},"potentialAction":[{"@type":"SearchAction","target":{"@type":"EntryPoint","urlTemplate":"https:\/\/www.lovendal.ro\/wp52\/?s={search_term_string}"},"query-input":{"@type":"PropertyValueSpecification","valueRequired":true,"valueName":"search_term_string"}}],"inLanguage":"ro-RO"},{"@type":"Organization","@id":"https:\/\/www.lovendal.ro\/wp52\/#organization","name":"Secretele lui Lovendal","url":"https:\/\/www.lovendal.ro\/wp52\/","logo":{"@type":"ImageObject","inLanguage":"ro-RO","@id":"https:\/\/www.lovendal.ro\/wp52\/#\/schema\/logo\/image\/","url":"https:\/\/www.lovendal.ro\/wp52\/wp-content\/uploads\/2024\/06\/cropped-SLL-iun-2024-1.jpg","contentUrl":"https:\/\/www.lovendal.ro\/wp52\/wp-content\/uploads\/2024\/06\/cropped-SLL-iun-2024-1.jpg","width":771,"height":240,"caption":"Secretele lui Lovendal"},"image":{"@id":"https:\/\/www.lovendal.ro\/wp52\/#\/schema\/logo\/image\/"},"sameAs":["https:\/\/www.facebook.com\/secreteleluilovendal"]},{"@type":"Person","@id":"https:\/\/www.lovendal.ro\/wp52\/#\/schema\/person\/088691de5dfc346bb0c023e1e52ef5d9","name":"admin","image":{"@type":"ImageObject","inLanguage":"ro-RO","@id":"https:\/\/secure.gravatar.com\/avatar\/ecb9cd41f5f63c9c9b989999a59f6e2639a865ec361e9db054db0679a8f341c2?s=96&d=mm&r=g","url":"https:\/\/secure.gravatar.com\/avatar\/ecb9cd41f5f63c9c9b989999a59f6e2639a865ec361e9db054db0679a8f341c2?s=96&d=mm&r=g","contentUrl":"https:\/\/secure.gravatar.com\/avatar\/ecb9cd41f5f63c9c9b989999a59f6e2639a865ec361e9db054db0679a8f341c2?s=96&d=mm&r=g","caption":"admin"},"sameAs":["https:\/\/www.lovendal.ro\/wp52"]}]}},"_links":{"self":[{"href":"https:\/\/www.lovendal.ro\/wp52\/wp-json\/wp\/v2\/posts\/51382","targetHints":{"allow":["GET"]}}],"collection":[{"href":"https:\/\/www.lovendal.ro\/wp52\/wp-json\/wp\/v2\/posts"}],"about":[{"href":"https:\/\/www.lovendal.ro\/wp52\/wp-json\/wp\/v2\/types\/post"}],"author":[{"embeddable":true,"href":"https:\/\/www.lovendal.ro\/wp52\/wp-json\/wp\/v2\/users\/1"}],"replies":[{"embeddable":true,"href":"https:\/\/www.lovendal.ro\/wp52\/wp-json\/wp\/v2\/comments?post=51382"}],"version-history":[{"count":0,"href":"https:\/\/www.lovendal.ro\/wp52\/wp-json\/wp\/v2\/posts\/51382\/revisions"}],"wp:featuredmedia":[{"embeddable":true,"href":"https:\/\/www.lovendal.ro\/wp52\/wp-json\/wp\/v2\/media\/51383"}],"wp:attachment":[{"href":"https:\/\/www.lovendal.ro\/wp52\/wp-json\/wp\/v2\/media?parent=51382"}],"wp:term":[{"taxonomy":"category","embeddable":true,"href":"https:\/\/www.lovendal.ro\/wp52\/wp-json\/wp\/v2\/categories?post=51382"},{"taxonomy":"post_tag","embeddable":true,"href":"https:\/\/www.lovendal.ro\/wp52\/wp-json\/wp\/v2\/tags?post=51382"}],"curies":[{"name":"wp","href":"https:\/\/api.w.org\/{rel}","templated":true}]}}