{"id":51131,"date":"2017-05-03T22:20:53","date_gmt":"2017-05-03T19:20:53","guid":{"rendered":"http:\/\/www.lovendal.ro\/wp52\/?p=51131"},"modified":"2017-05-03T22:20:53","modified_gmt":"2017-05-03T19:20:53","slug":"exclusiv-cea-de-a-cincea-dimensiune-a-spatiului-taramul-zeilor-de-care-ne-vorbesc-atatea-mituri-si-legende","status":"publish","type":"post","link":"https:\/\/www.lovendal.ro\/wp52\/exclusiv-cea-de-a-cincea-dimensiune-a-spatiului-taramul-zeilor-de-care-ne-vorbesc-atatea-mituri-si-legende\/","title":{"rendered":"EXCLUSIV! Cea de-a cincea dimensiune a spa\u0163iului &#8211; &#8222;t\u0103r\u00e2mul zeilor&#8221; de care ne vorbesc at\u00e2tea mituri \u015fi legende"},"content":{"rendered":"<p><a href=\"https:\/\/www.lovendal.ro\/wp52\/wp-content\/uploads\/2017\/05\/a-cincea-dimensiune.jpg\"><img loading=\"lazy\" decoding=\"async\" class=\"alignleft size-full wp-image-51134\" src=\"https:\/\/www.lovendal.ro\/wp52\/wp-content\/uploads\/2017\/05\/a-cincea-dimensiune.jpg\" alt=\"\" width=\"334\" height=\"216\" srcset=\"https:\/\/www.lovendal.ro\/wp52\/wp-content\/uploads\/2017\/05\/a-cincea-dimensiune.jpg 334w, https:\/\/www.lovendal.ro\/wp52\/wp-content\/uploads\/2017\/05\/a-cincea-dimensiune-300x194.jpg 300w\" sizes=\"auto, (max-width: 334px) 100vw, 334px\" \/><\/a>\u00cen numeroase basme \u015fi legende, exist\u0103 un loc unde timpul \u00eencetine\u015fte sau se opre\u015fte. \u015ei asta pentru c\u0103 exist\u0103 ideea c\u0103 noi tr\u0103im o reflec\u0163ie sau o dublur\u0103 a unei alte lumi care exist\u0103 pe un nivel mai \u00eenalt.<\/p>\n<p>C\u00e2nd lu\u0103m \u00een considerare un domeniu fizic care se proiecteaz\u0103 \u00een realitatea noastr\u0103, trebuie s\u0103 consider\u0103m \u015fi factorul timpului. \u00cen geometria noastr\u0103 definim un punct ca o sec\u021biune infinitezimal\u0103 a unei linii. O linie este o sec\u021biune transversal\u0103 infinitezimal\u0103 a unui plan \u0219i un plan este o sec\u021biune infinitezimal\u0103 a unui solid. Astfel, realitatea noastr\u0103 tridimensional\u0103 trebuie definit\u0103 ca o serie de sec\u021biuni infinitezimale ale unui corp cvadimensional. Conceptual, aceasta \u00eenseamn\u0103 c\u0103 \u00eentreaga noastr\u0103 realitate este o sec\u021biune a unui corp tridimensional &#8211; un domeniu de dimensiuni poten\u021biale dincolo de contempla\u021bia tridimensional\u0103.<\/p>\n<p>Consider\u0103m c\u0103 trecutul nu mai exist\u0103. \u0218i viitorul nu exist\u0103 \u0219i, astfel, &#8222;prezentul&#8221; se refer\u0103 la tranzi\u021bia de la inexisten\u0163\u0103 la inexisten\u0163\u0103. Dar, dac\u0103 este adev\u0103rat c\u0103 numai &#8222;Acum&#8221;-ul exist\u0103, atunci concluzia logic\u0103 este c\u0103 noi suntem, \u00eentr-un fel, responsabili pentru percep\u021bia noastr\u0103 privind timpul. Consider\u0103m timpul ca fiind liniar, lung sau scurt, o linie f\u0103r\u0103 sf\u00e2r\u0219it, o progresie din trecut \u00een viitor. Dar aceasta creeaz\u0103 o problem\u0103 insurmontabil\u0103. Pe o linie, &#8222;Acum&#8221;-ul este un punct matematic incredibil de mic &#8211; nu are nicio dimensiune!<\/p>\n<p><strong>Ocultismul \u015fi cea de-a patra dimensiune<\/strong><\/p>\n<p>Ideea &#8222;celei de-a patra dimensiuni&#8221; a fost adoptat\u0103 \u00een secolul al XIX-lea de spirituali\u0219ti \u0219i oculti\u0219ti ca fiind &#8222;t\u0103r\u00e2mul eterului&#8221; sau &#8222;via\u021ba de apoi&#8221;, &#8222;locul mor\u021bilor&#8221;. Astronomul Zollner din secolul al XIX-lea a propus s\u0103 demonstreze \u0219tiin\u021bific c\u0103 fiin\u021bele eterice care sunt atrase de \u0219edin\u021be spiritiste provin din a patra dimensiune. Chiar dac\u0103 demonstra\u021biile sale nu au avut niciodat\u0103 succes, din acel moment moment cea de-a patra dimensiune a devenit un mijloc de concepere a fenomenelor misterioase nematerialiste. \u00cen faza final\u0103 a g\u00e2ndirii din secolul al XIX-lea, a patra dimensiune a devenit subiect de medita\u021bie \u0219i a fost preluat\u0103 de Societatea Teosofic\u0103 \u0219i mai t\u00e2rziu de Rudolf Steiner, care a oferit prelegeri str\u0103lucitoare despre acest subiect.<\/p>\n<p><strong>Intervine \u015fi a cincea dimensiune<\/strong><\/p>\n<p>Lu\u00e2nd \u00een considerare teoria general\u0103 a relativit\u0103\u021bii, \u0219tiin\u021ba consider\u0103 continuumul spa\u021bio-temporal ca fiind a patra dimensiune. \u00cen relativitatea general\u0103 clasic\u0103, o a cincea dimensiune \u00een care este \u00eencorporat spa\u021biul nostru \u00een mod obi\u0219nuit, poate fi folosit\u0103 pentru a explica curbura \u0219i propriet\u0103\u021bile spa\u021biului fizic. \u00cen continuumul spa\u021biu-timp, se poate spune c\u0103 toate p\u0103r\u021bile lumii ale celor 4 dimensiuni exist\u0103 simultan, \u00een sensul unui formalism matematic; cu toate acestea, mul\u021bi oameni de \u0219tiin\u021b\u0103 care lucreaz\u0103 cu aceste idei nu cred c\u0103 acest continuum este &#8222;real&#8221; \u00eentr-un sens fizic.<\/p>\n<p>Este foarte interesant de re\u0163inut faptul c\u0103 \u00eensu\u015fi Einstein a admis totu\u015fi c\u0103 lumea hiperdimensional\u0103 (adic\u0103 a cincea dimensiune) ar putea fi &#8222;real\u0103&#8221;. \u00cen 1938, \u00eempreun\u0103 cu P. Bergmann, el a scris o lucrare intitulat\u0103 <em>&#8222;Despre o generalizare a teoriei lui Kaluza privind electricitatea&#8221;<\/em>, \u00een care spune urm\u0103toarele: <em>&#8222;P\u00e2n\u0103 \u00een prezent au fost f\u0103cute dou\u0103 \u00eencerc\u0103ri destul de simple \u0219i naturale de a conecta gravita\u021bia \u0219i electricitatea printr-o teorie unitar\u0103 a c\u00e2mpului, una a lui Weyl, iar cel\u0103lalt\u0103 a lui Kaluza. Mai mult, au existat c\u00e2teva \u00eencerc\u0103ri de a reprezenta teoria lui Kaluza \u00een mod formal, pentru a evita introducerea dimensiunii a cincea a continuumului fizic. Teoria prezentat\u0103 aici difer\u0103 de Kaluza \u00eentr-un punct esen\u021bial: atribuim o realitate fizic\u0103 dimensiunii a cincea, \u00een timp ce \u00een teoria lui Kaluza aceast\u0103 a cincea dimensiune a fost introdus\u0103 doar pentru a ob\u021bine noi componente ale tensorului metric reprezent\u00e2nd c\u00e2mpul electromagnetic&#8221;.<\/em><\/p>\n<p>Mai t\u00e2rziu, Einstein revine asupra acestei idei, spun\u00e2nd foarte clar c\u0103 <em>&#8222;(&#8230;) prin urmare, trebuie s\u0103 lu\u0103m \u00een serios cea de-a cincea dimensiune, de\u0219i nu suntem \u00eencuraja\u021bi s\u0103 facem acest lucru printr-o experien\u021b\u0103 simpl\u0103. Dac\u0103, prin urmare, structura spa\u021bial\u0103 pare s\u0103 for\u021beze acceptarea teoriei spa\u021biale \u00een cinci dimensiuni, trebuie s\u0103 ne \u00eentreb\u0103m dac\u0103 este oportun s\u0103 presupunem o reductibilitate riguroas\u0103 \u00een spa\u021biul cvadimensional&#8221;. <\/em><\/p>\n<p>Iar cea de-a cincea dimensiune n-ar fi altceva dec\u00e2t &#8222;t\u0103r\u00e2mul zeilor&#8221;, spa\u0163iul hiperdimensional de care ne vorbesc at\u00e2tea legende, basme \u015fi mituri.<\/p>\n","protected":false},"excerpt":{"rendered":"<p>\u00cen numeroase basme \u015fi legende, exist\u0103 un loc unde timpul \u00eencetine\u015fte sau se opre\u015fte. \u015ei asta pentru c\u0103 exist\u0103 ideea c\u0103 noi tr\u0103im o reflec\u0163ie sau o dublur\u0103 a unei alte lumi care exist\u0103 pe un nivel mai \u00eenalt. C\u00e2nd &#8230; <\/p>\n<p class=\"read-more-container\"><a title=\"EXCLUSIV! Cea de-a cincea dimensiune a spa\u0163iului &#8211; &#8222;t\u0103r\u00e2mul zeilor&#8221; de care ne vorbesc at\u00e2tea mituri \u015fi legende\" class=\"read-more button\" href=\"https:\/\/www.lovendal.ro\/wp52\/exclusiv-cea-de-a-cincea-dimensiune-a-spatiului-taramul-zeilor-de-care-ne-vorbesc-atatea-mituri-si-legende\/#more-51131\" aria-label=\"Cite\u0219te mai multe despre EXCLUSIV! Cea de-a cincea dimensiune a spa\u0163iului &#8211; &#8222;t\u0103r\u00e2mul zeilor&#8221; de care ne vorbesc at\u00e2tea mituri \u015fi legende\">Cititi mai multe<\/a><\/p>\n","protected":false},"author":1,"featured_media":51134,"comment_status":"open","ping_status":"closed","sticky":false,"template":"","format":"standard","meta":{"footnotes":""},"categories":[11042,2833],"tags":[3063,818,4527,610,1755,11043,1751,1367,1899,5182,2501,1104,2031,789,1084,2108,4429],"class_list":["post-51131","post","type-post","status-publish","format-standard","has-post-thumbnail","hentry","category-fizica-chimie","category-noutati","tag-astronom","tag-basm","tag-dimensiune","tag-einstein","tag-electricitate","tag-fizica-chimie","tag-geometrie","tag-gravitatie","tag-legenda","tag-rudolf-steiner","tag-spatiu","tag-teoria-relativitatii","tag-teosofie","tag-timp","tag-trecut","tag-viitor","tag-zei","resize-featured-image"],"yoast_head":"<!-- This site is optimized with the Yoast SEO Premium plugin v23.3 (Yoast SEO v27.4) - https:\/\/yoast.com\/product\/yoast-seo-premium-wordpress\/ -->\n<title>EXCLUSIV! Cea de-a cincea dimensiune a spa\u0163iului - &quot;t\u0103r\u00e2mul zeilor&quot; de care ne vorbesc at\u00e2tea mituri \u015fi legende - Secretele lui Lovendal<\/title>\n<meta name=\"robots\" content=\"index, follow, max-snippet:-1, max-image-preview:large, max-video-preview:-1\" \/>\n<link rel=\"canonical\" href=\"https:\/\/www.lovendal.ro\/wp52\/exclusiv-cea-de-a-cincea-dimensiune-a-spatiului-taramul-zeilor-de-care-ne-vorbesc-atatea-mituri-si-legende\/\" \/>\n<meta property=\"og:locale\" content=\"ro_RO\" \/>\n<meta property=\"og:type\" content=\"article\" \/>\n<meta property=\"og:title\" content=\"EXCLUSIV! Cea de-a cincea dimensiune a spa\u0163iului - &quot;t\u0103r\u00e2mul zeilor&quot; de care ne vorbesc at\u00e2tea mituri \u015fi legende\" \/>\n<meta property=\"og:description\" content=\"\u00cen numeroase basme \u015fi legende, exist\u0103 un loc unde timpul \u00eencetine\u015fte sau se opre\u015fte. \u015ei asta pentru c\u0103 exist\u0103 ideea c\u0103 noi tr\u0103im o reflec\u0163ie sau o dublur\u0103 a unei alte lumi care exist\u0103 pe un nivel mai \u00eenalt. C\u00e2nd ... Cititi mai multe\" \/>\n<meta property=\"og:url\" content=\"https:\/\/www.lovendal.ro\/wp52\/exclusiv-cea-de-a-cincea-dimensiune-a-spatiului-taramul-zeilor-de-care-ne-vorbesc-atatea-mituri-si-legende\/\" \/>\n<meta property=\"og:site_name\" content=\"Secretele lui Lovendal\" \/>\n<meta property=\"article:publisher\" content=\"https:\/\/www.facebook.com\/secreteleluilovendal\" \/>\n<meta property=\"article:published_time\" content=\"2017-05-03T19:20:53+00:00\" \/>\n<meta property=\"og:image\" content=\"https:\/\/www.lovendal.ro\/wp52\/wp-content\/uploads\/2017\/05\/a-cincea-dimensiune.jpg\" \/>\n\t<meta property=\"og:image:width\" content=\"334\" \/>\n\t<meta property=\"og:image:height\" content=\"216\" \/>\n\t<meta property=\"og:image:type\" content=\"image\/jpeg\" \/>\n<meta name=\"author\" content=\"admin\" \/>\n<meta name=\"twitter:card\" content=\"summary_large_image\" \/>\n<meta name=\"twitter:label1\" content=\"Scris de\" \/>\n\t<meta name=\"twitter:data1\" content=\"admin\" \/>\n\t<meta name=\"twitter:label2\" content=\"Timp estimat pentru citire\" \/>\n\t<meta name=\"twitter:data2\" content=\"4 minute\" \/>\n<script type=\"application\/ld+json\" class=\"yoast-schema-graph\">{\"@context\":\"https:\\\/\\\/schema.org\",\"@graph\":[{\"@type\":\"Article\",\"@id\":\"https:\\\/\\\/www.lovendal.ro\\\/wp52\\\/exclusiv-cea-de-a-cincea-dimensiune-a-spatiului-taramul-zeilor-de-care-ne-vorbesc-atatea-mituri-si-legende\\\/#article\",\"isPartOf\":{\"@id\":\"https:\\\/\\\/www.lovendal.ro\\\/wp52\\\/exclusiv-cea-de-a-cincea-dimensiune-a-spatiului-taramul-zeilor-de-care-ne-vorbesc-atatea-mituri-si-legende\\\/\"},\"author\":{\"name\":\"admin\",\"@id\":\"https:\\\/\\\/www.lovendal.ro\\\/wp52\\\/#\\\/schema\\\/person\\\/088691de5dfc346bb0c023e1e52ef5d9\"},\"headline\":\"EXCLUSIV! Cea de-a cincea dimensiune a spa\u0163iului &#8211; &#8222;t\u0103r\u00e2mul zeilor&#8221; de care ne vorbesc at\u00e2tea mituri \u015fi legende\",\"datePublished\":\"2017-05-03T19:20:53+00:00\",\"mainEntityOfPage\":{\"@id\":\"https:\\\/\\\/www.lovendal.ro\\\/wp52\\\/exclusiv-cea-de-a-cincea-dimensiune-a-spatiului-taramul-zeilor-de-care-ne-vorbesc-atatea-mituri-si-legende\\\/\"},\"wordCount\":763,\"commentCount\":0,\"publisher\":{\"@id\":\"https:\\\/\\\/www.lovendal.ro\\\/wp52\\\/#organization\"},\"image\":{\"@id\":\"https:\\\/\\\/www.lovendal.ro\\\/wp52\\\/exclusiv-cea-de-a-cincea-dimensiune-a-spatiului-taramul-zeilor-de-care-ne-vorbesc-atatea-mituri-si-legende\\\/#primaryimage\"},\"thumbnailUrl\":\"https:\\\/\\\/www.lovendal.ro\\\/wp52\\\/wp-content\\\/uploads\\\/2017\\\/05\\\/a-cincea-dimensiune.jpg\",\"keywords\":[\"astronom\",\"basm\",\"dimensiune\",\"Einstein\",\"electricitate\",\"Fizic\u0103 - Chimie\",\"geometrie\",\"gravita\u0163ie\",\"legend\u0103\",\"Rudolf Steiner\",\"spa\u0163iu\",\"teoria relativit\u0103\u0163ii\",\"teosofie\",\"timp\",\"trecut\",\"viitor\",\"zei\"],\"articleSection\":[\"Fizic\u0103 - Chimie\",\"Noutati\"],\"inLanguage\":\"ro-RO\",\"potentialAction\":[{\"@type\":\"CommentAction\",\"name\":\"Comment\",\"target\":[\"https:\\\/\\\/www.lovendal.ro\\\/wp52\\\/exclusiv-cea-de-a-cincea-dimensiune-a-spatiului-taramul-zeilor-de-care-ne-vorbesc-atatea-mituri-si-legende\\\/#respond\"]}]},{\"@type\":\"WebPage\",\"@id\":\"https:\\\/\\\/www.lovendal.ro\\\/wp52\\\/exclusiv-cea-de-a-cincea-dimensiune-a-spatiului-taramul-zeilor-de-care-ne-vorbesc-atatea-mituri-si-legende\\\/\",\"url\":\"https:\\\/\\\/www.lovendal.ro\\\/wp52\\\/exclusiv-cea-de-a-cincea-dimensiune-a-spatiului-taramul-zeilor-de-care-ne-vorbesc-atatea-mituri-si-legende\\\/\",\"name\":\"EXCLUSIV! Cea de-a cincea dimensiune a spa\u0163iului - \\\"t\u0103r\u00e2mul zeilor\\\" de care ne vorbesc at\u00e2tea mituri \u015fi legende - Secretele lui Lovendal\",\"isPartOf\":{\"@id\":\"https:\\\/\\\/www.lovendal.ro\\\/wp52\\\/#website\"},\"primaryImageOfPage\":{\"@id\":\"https:\\\/\\\/www.lovendal.ro\\\/wp52\\\/exclusiv-cea-de-a-cincea-dimensiune-a-spatiului-taramul-zeilor-de-care-ne-vorbesc-atatea-mituri-si-legende\\\/#primaryimage\"},\"image\":{\"@id\":\"https:\\\/\\\/www.lovendal.ro\\\/wp52\\\/exclusiv-cea-de-a-cincea-dimensiune-a-spatiului-taramul-zeilor-de-care-ne-vorbesc-atatea-mituri-si-legende\\\/#primaryimage\"},\"thumbnailUrl\":\"https:\\\/\\\/www.lovendal.ro\\\/wp52\\\/wp-content\\\/uploads\\\/2017\\\/05\\\/a-cincea-dimensiune.jpg\",\"datePublished\":\"2017-05-03T19:20:53+00:00\",\"breadcrumb\":{\"@id\":\"https:\\\/\\\/www.lovendal.ro\\\/wp52\\\/exclusiv-cea-de-a-cincea-dimensiune-a-spatiului-taramul-zeilor-de-care-ne-vorbesc-atatea-mituri-si-legende\\\/#breadcrumb\"},\"inLanguage\":\"ro-RO\",\"potentialAction\":[{\"@type\":\"ReadAction\",\"target\":[\"https:\\\/\\\/www.lovendal.ro\\\/wp52\\\/exclusiv-cea-de-a-cincea-dimensiune-a-spatiului-taramul-zeilor-de-care-ne-vorbesc-atatea-mituri-si-legende\\\/\"]}]},{\"@type\":\"ImageObject\",\"inLanguage\":\"ro-RO\",\"@id\":\"https:\\\/\\\/www.lovendal.ro\\\/wp52\\\/exclusiv-cea-de-a-cincea-dimensiune-a-spatiului-taramul-zeilor-de-care-ne-vorbesc-atatea-mituri-si-legende\\\/#primaryimage\",\"url\":\"https:\\\/\\\/www.lovendal.ro\\\/wp52\\\/wp-content\\\/uploads\\\/2017\\\/05\\\/a-cincea-dimensiune.jpg\",\"contentUrl\":\"https:\\\/\\\/www.lovendal.ro\\\/wp52\\\/wp-content\\\/uploads\\\/2017\\\/05\\\/a-cincea-dimensiune.jpg\",\"width\":334,\"height\":216},{\"@type\":\"BreadcrumbList\",\"@id\":\"https:\\\/\\\/www.lovendal.ro\\\/wp52\\\/exclusiv-cea-de-a-cincea-dimensiune-a-spatiului-taramul-zeilor-de-care-ne-vorbesc-atatea-mituri-si-legende\\\/#breadcrumb\",\"itemListElement\":[{\"@type\":\"ListItem\",\"position\":1,\"name\":\"Home\",\"item\":\"https:\\\/\\\/www.lovendal.ro\\\/wp52\\\/\"},{\"@type\":\"ListItem\",\"position\":2,\"name\":\"EXCLUSIV! Cea de-a cincea dimensiune a spa\u0163iului &#8211; &#8222;t\u0103r\u00e2mul zeilor&#8221; de care ne vorbesc at\u00e2tea mituri \u015fi legende\"}]},{\"@type\":\"WebSite\",\"@id\":\"https:\\\/\\\/www.lovendal.ro\\\/wp52\\\/#website\",\"url\":\"https:\\\/\\\/www.lovendal.ro\\\/wp52\\\/\",\"name\":\"Secretele lui Lovendal\",\"description\":\"Site de secrete, stiinta si metafizica - din 2008 -\",\"publisher\":{\"@id\":\"https:\\\/\\\/www.lovendal.ro\\\/wp52\\\/#organization\"},\"potentialAction\":[{\"@type\":\"SearchAction\",\"target\":{\"@type\":\"EntryPoint\",\"urlTemplate\":\"https:\\\/\\\/www.lovendal.ro\\\/wp52\\\/?s={search_term_string}\"},\"query-input\":{\"@type\":\"PropertyValueSpecification\",\"valueRequired\":true,\"valueName\":\"search_term_string\"}}],\"inLanguage\":\"ro-RO\"},{\"@type\":\"Organization\",\"@id\":\"https:\\\/\\\/www.lovendal.ro\\\/wp52\\\/#organization\",\"name\":\"Secretele lui Lovendal\",\"url\":\"https:\\\/\\\/www.lovendal.ro\\\/wp52\\\/\",\"logo\":{\"@type\":\"ImageObject\",\"inLanguage\":\"ro-RO\",\"@id\":\"https:\\\/\\\/www.lovendal.ro\\\/wp52\\\/#\\\/schema\\\/logo\\\/image\\\/\",\"url\":\"https:\\\/\\\/www.lovendal.ro\\\/wp52\\\/wp-content\\\/uploads\\\/2024\\\/06\\\/cropped-SLL-iun-2024-1.jpg\",\"contentUrl\":\"https:\\\/\\\/www.lovendal.ro\\\/wp52\\\/wp-content\\\/uploads\\\/2024\\\/06\\\/cropped-SLL-iun-2024-1.jpg\",\"width\":771,\"height\":240,\"caption\":\"Secretele lui Lovendal\"},\"image\":{\"@id\":\"https:\\\/\\\/www.lovendal.ro\\\/wp52\\\/#\\\/schema\\\/logo\\\/image\\\/\"},\"sameAs\":[\"https:\\\/\\\/www.facebook.com\\\/secreteleluilovendal\"]},{\"@type\":\"Person\",\"@id\":\"https:\\\/\\\/www.lovendal.ro\\\/wp52\\\/#\\\/schema\\\/person\\\/088691de5dfc346bb0c023e1e52ef5d9\",\"name\":\"admin\",\"image\":{\"@type\":\"ImageObject\",\"inLanguage\":\"ro-RO\",\"@id\":\"https:\\\/\\\/secure.gravatar.com\\\/avatar\\\/ecb9cd41f5f63c9c9b989999a59f6e2639a865ec361e9db054db0679a8f341c2?s=96&d=mm&r=g\",\"url\":\"https:\\\/\\\/secure.gravatar.com\\\/avatar\\\/ecb9cd41f5f63c9c9b989999a59f6e2639a865ec361e9db054db0679a8f341c2?s=96&d=mm&r=g\",\"contentUrl\":\"https:\\\/\\\/secure.gravatar.com\\\/avatar\\\/ecb9cd41f5f63c9c9b989999a59f6e2639a865ec361e9db054db0679a8f341c2?s=96&d=mm&r=g\",\"caption\":\"admin\"},\"sameAs\":[\"https:\\\/\\\/www.lovendal.ro\\\/wp52\"]}]}<\/script>\n<!-- \/ Yoast SEO Premium plugin. -->","yoast_head_json":{"title":"EXCLUSIV! Cea de-a cincea dimensiune a spa\u0163iului - \"t\u0103r\u00e2mul zeilor\" de care ne vorbesc at\u00e2tea mituri \u015fi legende - Secretele lui Lovendal","robots":{"index":"index","follow":"follow","max-snippet":"max-snippet:-1","max-image-preview":"max-image-preview:large","max-video-preview":"max-video-preview:-1"},"canonical":"https:\/\/www.lovendal.ro\/wp52\/exclusiv-cea-de-a-cincea-dimensiune-a-spatiului-taramul-zeilor-de-care-ne-vorbesc-atatea-mituri-si-legende\/","og_locale":"ro_RO","og_type":"article","og_title":"EXCLUSIV! Cea de-a cincea dimensiune a spa\u0163iului - \"t\u0103r\u00e2mul zeilor\" de care ne vorbesc at\u00e2tea mituri \u015fi legende","og_description":"\u00cen numeroase basme \u015fi legende, exist\u0103 un loc unde timpul \u00eencetine\u015fte sau se opre\u015fte. \u015ei asta pentru c\u0103 exist\u0103 ideea c\u0103 noi tr\u0103im o reflec\u0163ie sau o dublur\u0103 a unei alte lumi care exist\u0103 pe un nivel mai \u00eenalt. C\u00e2nd ... Cititi mai multe","og_url":"https:\/\/www.lovendal.ro\/wp52\/exclusiv-cea-de-a-cincea-dimensiune-a-spatiului-taramul-zeilor-de-care-ne-vorbesc-atatea-mituri-si-legende\/","og_site_name":"Secretele lui Lovendal","article_publisher":"https:\/\/www.facebook.com\/secreteleluilovendal","article_published_time":"2017-05-03T19:20:53+00:00","og_image":[{"width":334,"height":216,"url":"https:\/\/www.lovendal.ro\/wp52\/wp-content\/uploads\/2017\/05\/a-cincea-dimensiune.jpg","type":"image\/jpeg"}],"author":"admin","twitter_card":"summary_large_image","twitter_misc":{"Scris de":"admin","Timp estimat pentru citire":"4 minute"},"schema":{"@context":"https:\/\/schema.org","@graph":[{"@type":"Article","@id":"https:\/\/www.lovendal.ro\/wp52\/exclusiv-cea-de-a-cincea-dimensiune-a-spatiului-taramul-zeilor-de-care-ne-vorbesc-atatea-mituri-si-legende\/#article","isPartOf":{"@id":"https:\/\/www.lovendal.ro\/wp52\/exclusiv-cea-de-a-cincea-dimensiune-a-spatiului-taramul-zeilor-de-care-ne-vorbesc-atatea-mituri-si-legende\/"},"author":{"name":"admin","@id":"https:\/\/www.lovendal.ro\/wp52\/#\/schema\/person\/088691de5dfc346bb0c023e1e52ef5d9"},"headline":"EXCLUSIV! Cea de-a cincea dimensiune a spa\u0163iului &#8211; &#8222;t\u0103r\u00e2mul zeilor&#8221; de care ne vorbesc at\u00e2tea mituri \u015fi legende","datePublished":"2017-05-03T19:20:53+00:00","mainEntityOfPage":{"@id":"https:\/\/www.lovendal.ro\/wp52\/exclusiv-cea-de-a-cincea-dimensiune-a-spatiului-taramul-zeilor-de-care-ne-vorbesc-atatea-mituri-si-legende\/"},"wordCount":763,"commentCount":0,"publisher":{"@id":"https:\/\/www.lovendal.ro\/wp52\/#organization"},"image":{"@id":"https:\/\/www.lovendal.ro\/wp52\/exclusiv-cea-de-a-cincea-dimensiune-a-spatiului-taramul-zeilor-de-care-ne-vorbesc-atatea-mituri-si-legende\/#primaryimage"},"thumbnailUrl":"https:\/\/www.lovendal.ro\/wp52\/wp-content\/uploads\/2017\/05\/a-cincea-dimensiune.jpg","keywords":["astronom","basm","dimensiune","Einstein","electricitate","Fizic\u0103 - Chimie","geometrie","gravita\u0163ie","legend\u0103","Rudolf Steiner","spa\u0163iu","teoria relativit\u0103\u0163ii","teosofie","timp","trecut","viitor","zei"],"articleSection":["Fizic\u0103 - Chimie","Noutati"],"inLanguage":"ro-RO","potentialAction":[{"@type":"CommentAction","name":"Comment","target":["https:\/\/www.lovendal.ro\/wp52\/exclusiv-cea-de-a-cincea-dimensiune-a-spatiului-taramul-zeilor-de-care-ne-vorbesc-atatea-mituri-si-legende\/#respond"]}]},{"@type":"WebPage","@id":"https:\/\/www.lovendal.ro\/wp52\/exclusiv-cea-de-a-cincea-dimensiune-a-spatiului-taramul-zeilor-de-care-ne-vorbesc-atatea-mituri-si-legende\/","url":"https:\/\/www.lovendal.ro\/wp52\/exclusiv-cea-de-a-cincea-dimensiune-a-spatiului-taramul-zeilor-de-care-ne-vorbesc-atatea-mituri-si-legende\/","name":"EXCLUSIV! Cea de-a cincea dimensiune a spa\u0163iului - \"t\u0103r\u00e2mul zeilor\" de care ne vorbesc at\u00e2tea mituri \u015fi legende - Secretele lui Lovendal","isPartOf":{"@id":"https:\/\/www.lovendal.ro\/wp52\/#website"},"primaryImageOfPage":{"@id":"https:\/\/www.lovendal.ro\/wp52\/exclusiv-cea-de-a-cincea-dimensiune-a-spatiului-taramul-zeilor-de-care-ne-vorbesc-atatea-mituri-si-legende\/#primaryimage"},"image":{"@id":"https:\/\/www.lovendal.ro\/wp52\/exclusiv-cea-de-a-cincea-dimensiune-a-spatiului-taramul-zeilor-de-care-ne-vorbesc-atatea-mituri-si-legende\/#primaryimage"},"thumbnailUrl":"https:\/\/www.lovendal.ro\/wp52\/wp-content\/uploads\/2017\/05\/a-cincea-dimensiune.jpg","datePublished":"2017-05-03T19:20:53+00:00","breadcrumb":{"@id":"https:\/\/www.lovendal.ro\/wp52\/exclusiv-cea-de-a-cincea-dimensiune-a-spatiului-taramul-zeilor-de-care-ne-vorbesc-atatea-mituri-si-legende\/#breadcrumb"},"inLanguage":"ro-RO","potentialAction":[{"@type":"ReadAction","target":["https:\/\/www.lovendal.ro\/wp52\/exclusiv-cea-de-a-cincea-dimensiune-a-spatiului-taramul-zeilor-de-care-ne-vorbesc-atatea-mituri-si-legende\/"]}]},{"@type":"ImageObject","inLanguage":"ro-RO","@id":"https:\/\/www.lovendal.ro\/wp52\/exclusiv-cea-de-a-cincea-dimensiune-a-spatiului-taramul-zeilor-de-care-ne-vorbesc-atatea-mituri-si-legende\/#primaryimage","url":"https:\/\/www.lovendal.ro\/wp52\/wp-content\/uploads\/2017\/05\/a-cincea-dimensiune.jpg","contentUrl":"https:\/\/www.lovendal.ro\/wp52\/wp-content\/uploads\/2017\/05\/a-cincea-dimensiune.jpg","width":334,"height":216},{"@type":"BreadcrumbList","@id":"https:\/\/www.lovendal.ro\/wp52\/exclusiv-cea-de-a-cincea-dimensiune-a-spatiului-taramul-zeilor-de-care-ne-vorbesc-atatea-mituri-si-legende\/#breadcrumb","itemListElement":[{"@type":"ListItem","position":1,"name":"Home","item":"https:\/\/www.lovendal.ro\/wp52\/"},{"@type":"ListItem","position":2,"name":"EXCLUSIV! Cea de-a cincea dimensiune a spa\u0163iului &#8211; &#8222;t\u0103r\u00e2mul zeilor&#8221; de care ne vorbesc at\u00e2tea mituri \u015fi legende"}]},{"@type":"WebSite","@id":"https:\/\/www.lovendal.ro\/wp52\/#website","url":"https:\/\/www.lovendal.ro\/wp52\/","name":"Secretele lui Lovendal","description":"Site de secrete, stiinta si metafizica - din 2008 -","publisher":{"@id":"https:\/\/www.lovendal.ro\/wp52\/#organization"},"potentialAction":[{"@type":"SearchAction","target":{"@type":"EntryPoint","urlTemplate":"https:\/\/www.lovendal.ro\/wp52\/?s={search_term_string}"},"query-input":{"@type":"PropertyValueSpecification","valueRequired":true,"valueName":"search_term_string"}}],"inLanguage":"ro-RO"},{"@type":"Organization","@id":"https:\/\/www.lovendal.ro\/wp52\/#organization","name":"Secretele lui Lovendal","url":"https:\/\/www.lovendal.ro\/wp52\/","logo":{"@type":"ImageObject","inLanguage":"ro-RO","@id":"https:\/\/www.lovendal.ro\/wp52\/#\/schema\/logo\/image\/","url":"https:\/\/www.lovendal.ro\/wp52\/wp-content\/uploads\/2024\/06\/cropped-SLL-iun-2024-1.jpg","contentUrl":"https:\/\/www.lovendal.ro\/wp52\/wp-content\/uploads\/2024\/06\/cropped-SLL-iun-2024-1.jpg","width":771,"height":240,"caption":"Secretele lui Lovendal"},"image":{"@id":"https:\/\/www.lovendal.ro\/wp52\/#\/schema\/logo\/image\/"},"sameAs":["https:\/\/www.facebook.com\/secreteleluilovendal"]},{"@type":"Person","@id":"https:\/\/www.lovendal.ro\/wp52\/#\/schema\/person\/088691de5dfc346bb0c023e1e52ef5d9","name":"admin","image":{"@type":"ImageObject","inLanguage":"ro-RO","@id":"https:\/\/secure.gravatar.com\/avatar\/ecb9cd41f5f63c9c9b989999a59f6e2639a865ec361e9db054db0679a8f341c2?s=96&d=mm&r=g","url":"https:\/\/secure.gravatar.com\/avatar\/ecb9cd41f5f63c9c9b989999a59f6e2639a865ec361e9db054db0679a8f341c2?s=96&d=mm&r=g","contentUrl":"https:\/\/secure.gravatar.com\/avatar\/ecb9cd41f5f63c9c9b989999a59f6e2639a865ec361e9db054db0679a8f341c2?s=96&d=mm&r=g","caption":"admin"},"sameAs":["https:\/\/www.lovendal.ro\/wp52"]}]}},"_links":{"self":[{"href":"https:\/\/www.lovendal.ro\/wp52\/wp-json\/wp\/v2\/posts\/51131","targetHints":{"allow":["GET"]}}],"collection":[{"href":"https:\/\/www.lovendal.ro\/wp52\/wp-json\/wp\/v2\/posts"}],"about":[{"href":"https:\/\/www.lovendal.ro\/wp52\/wp-json\/wp\/v2\/types\/post"}],"author":[{"embeddable":true,"href":"https:\/\/www.lovendal.ro\/wp52\/wp-json\/wp\/v2\/users\/1"}],"replies":[{"embeddable":true,"href":"https:\/\/www.lovendal.ro\/wp52\/wp-json\/wp\/v2\/comments?post=51131"}],"version-history":[{"count":0,"href":"https:\/\/www.lovendal.ro\/wp52\/wp-json\/wp\/v2\/posts\/51131\/revisions"}],"wp:featuredmedia":[{"embeddable":true,"href":"https:\/\/www.lovendal.ro\/wp52\/wp-json\/wp\/v2\/media\/51134"}],"wp:attachment":[{"href":"https:\/\/www.lovendal.ro\/wp52\/wp-json\/wp\/v2\/media?parent=51131"}],"wp:term":[{"taxonomy":"category","embeddable":true,"href":"https:\/\/www.lovendal.ro\/wp52\/wp-json\/wp\/v2\/categories?post=51131"},{"taxonomy":"post_tag","embeddable":true,"href":"https:\/\/www.lovendal.ro\/wp52\/wp-json\/wp\/v2\/tags?post=51131"}],"curies":[{"name":"wp","href":"https:\/\/api.w.org\/{rel}","templated":true}]}}