{"id":51122,"date":"2017-05-03T17:01:18","date_gmt":"2017-05-03T14:01:18","guid":{"rendered":"http:\/\/www.lovendal.ro\/wp52\/?p=51122"},"modified":"2017-05-03T17:01:18","modified_gmt":"2017-05-03T14:01:18","slug":"cat-de-bine-era-protejat-dictatorul-nicolae-ceausescu-pentru-a-nu-fi-ucis","status":"publish","type":"post","link":"https:\/\/www.lovendal.ro\/wp52\/cat-de-bine-era-protejat-dictatorul-nicolae-ceausescu-pentru-a-nu-fi-ucis\/","title":{"rendered":"C\u00e2t de bine era protejat dictatorul Nicolae Ceau\u015fescu pentru a nu fi ucis?"},"content":{"rendered":"<p><a href=\"https:\/\/www.lovendal.ro\/wp52\/wp-content\/uploads\/2017\/05\/Ceausescu-mort.jpg\"><img loading=\"lazy\" decoding=\"async\" class=\"alignleft size-full wp-image-51123\" src=\"https:\/\/www.lovendal.ro\/wp52\/wp-content\/uploads\/2017\/05\/Ceausescu-mort.jpg\" alt=\"\" width=\"334\" height=\"244\" srcset=\"https:\/\/www.lovendal.ro\/wp52\/wp-content\/uploads\/2017\/05\/Ceausescu-mort.jpg 334w, https:\/\/www.lovendal.ro\/wp52\/wp-content\/uploads\/2017\/05\/Ceausescu-mort-300x219.jpg 300w, https:\/\/www.lovendal.ro\/wp52\/wp-content\/uploads\/2017\/05\/Ceausescu-mort-220x162.jpg 220w\" sizes=\"auto, (max-width: 334px) 100vw, 334px\" \/><\/a>De\u015fi se credea a fi tare iubit, fostul \u015fef comunist se temea s\u0103 nu fie ucis. E adev\u0103rat c\u0103 CIA a vrut s\u0103-l omoare de c\u00e2teva sute de ori pe dictatorul cubanez Fidel Castro, dar n-a reu\u015fit.<\/p>\n<p>Frica lui Nicolae Ceau\u015fescu de o ipotetic\u0103 tentativ\u0103 de asasinat explic\u0103 de ce dictatorul nu vroia s\u0103 circule la ore obi\u015fnuite, el aleg\u00e2ndu-\u015fi de fiecare dat\u0103 un alt parcurs. \u00cen timpul c\u0103l\u0103toriilor \u00een str\u0103in\u0103tate, el era \u00eenso\u0163it de un chimist, pentru a-l proteja de orice risc de contaminare chimic\u0103, radioactiv\u0103 \u015fi bacteriologic\u0103. Probabil c\u0103 \u00eei f\u0103cea tot felul de analize la m\u00e2ncare.<\/p>\n<p>De exemplu, cu prilejul unei vizite \u00een SUA, la o uzin\u0103 american\u0103, trebuind s\u0103 mearg\u0103 la toalet\u0103, un agent a dezinfectat cu coniac tot WC-ul. M\u0103car s\u0103 fi fost un coniac de calitate. Hrana era adus\u0103 de acas\u0103 \u00een containere sigiliate.<\/p>\n<p>De c\u00e2nd Fidel Castro i-a declarat c\u0103 CIA a \u00eencercat s\u0103-i otr\u0103veasc\u0103 \u00eenc\u0103l\u0163\u0103mintea, Ceau\u015fescu nu mai purta aceea\u015fi \u00eembr\u0103c\u0103minte dec\u00e2t o singur\u0103 dat\u0103. \u00cen depozite speciale, exist\u0103 \u00een permanent\u0103 un echipament complet pentru 1 an avans: 365 de costume, 365 de perechi de \u00eenc\u0103l\u0163\u0103minte, ce erau arse dup\u0103 fiecare folosin\u0163\u0103.<\/p>\n<p>Dictatorul mai era p\u0103zit de doi dobermani s\u0103lbatici, iar sub p\u0103m\u00e2nt avea o adev\u0103rat\u0103 re\u0163ea de tuneluri subterane. Toate aceste m\u0103suri \u00eens\u0103 nu i-au fost de-ajuns pentru a fi \u00eempu\u015fcat \u00eentr-o zi de Cr\u0103ciun&#8230;<\/p>\n","protected":false},"excerpt":{"rendered":"<p>De\u015fi se credea a fi tare iubit, fostul \u015fef comunist se temea s\u0103 nu fie ucis. E adev\u0103rat c\u0103 CIA a vrut s\u0103-l omoare de c\u00e2teva sute de ori pe dictatorul cubanez Fidel Castro, dar n-a reu\u015fit. Frica lui Nicolae &#8230; <\/p>\n<p class=\"read-more-container\"><a title=\"C\u00e2t de bine era protejat dictatorul Nicolae Ceau\u015fescu pentru a nu fi ucis?\" class=\"read-more button\" href=\"https:\/\/www.lovendal.ro\/wp52\/cat-de-bine-era-protejat-dictatorul-nicolae-ceausescu-pentru-a-nu-fi-ucis\/#more-51122\" aria-label=\"Cite\u0219te mai multe despre C\u00e2t de bine era protejat dictatorul Nicolae Ceau\u015fescu pentru a nu fi ucis?\">Cititi mai multe<\/a><\/p>\n","protected":false},"author":1,"featured_media":51123,"comment_status":"open","ping_status":"closed","sticky":false,"template":"","format":"standard","meta":{"footnotes":""},"categories":[9,2833],"tags":[191,135,3960,53,1129,99,84,100,10397,1532,74,23,1995,11601,2450],"class_list":["post-51122","post","type-post","status-publish","format-standard","has-post-thumbnail","hentry","category-istorie","category-noutati","tag-asasinat","tag-ceausescu","tag-chimist","tag-cia","tag-coniac","tag-cuba","tag-dictator","tag-fidel-castro","tag-incaltaminte","tag-istorie-si-civilizatii","tag-romania","tag-sua","tag-tunel","tag-uzina","tag-wc","resize-featured-image"],"yoast_head":"<!-- This site is optimized with the Yoast SEO Premium plugin v23.3 (Yoast SEO v27.4) - https:\/\/yoast.com\/product\/yoast-seo-premium-wordpress\/ -->\n<title>C\u00e2t de bine era protejat dictatorul Nicolae Ceau\u015fescu pentru a nu fi ucis? - Secretele lui Lovendal<\/title>\n<meta name=\"robots\" content=\"index, follow, max-snippet:-1, max-image-preview:large, max-video-preview:-1\" \/>\n<link rel=\"canonical\" href=\"https:\/\/www.lovendal.ro\/wp52\/cat-de-bine-era-protejat-dictatorul-nicolae-ceausescu-pentru-a-nu-fi-ucis\/\" \/>\n<meta property=\"og:locale\" content=\"ro_RO\" \/>\n<meta property=\"og:type\" content=\"article\" \/>\n<meta property=\"og:title\" content=\"C\u00e2t de bine era protejat dictatorul Nicolae Ceau\u015fescu pentru a nu fi ucis?\" \/>\n<meta property=\"og:description\" content=\"De\u015fi se credea a fi tare iubit, fostul \u015fef comunist se temea s\u0103 nu fie ucis. E adev\u0103rat c\u0103 CIA a vrut s\u0103-l omoare de c\u00e2teva sute de ori pe dictatorul cubanez Fidel Castro, dar n-a reu\u015fit. Frica lui Nicolae ... Cititi mai multe\" \/>\n<meta property=\"og:url\" content=\"https:\/\/www.lovendal.ro\/wp52\/cat-de-bine-era-protejat-dictatorul-nicolae-ceausescu-pentru-a-nu-fi-ucis\/\" \/>\n<meta property=\"og:site_name\" content=\"Secretele lui Lovendal\" \/>\n<meta property=\"article:publisher\" content=\"https:\/\/www.facebook.com\/secreteleluilovendal\" \/>\n<meta property=\"article:published_time\" content=\"2017-05-03T14:01:18+00:00\" \/>\n<meta property=\"og:image\" content=\"https:\/\/www.lovendal.ro\/wp52\/wp-content\/uploads\/2017\/05\/Ceausescu-mort.jpg\" \/>\n\t<meta property=\"og:image:width\" content=\"334\" \/>\n\t<meta property=\"og:image:height\" content=\"244\" \/>\n\t<meta property=\"og:image:type\" content=\"image\/jpeg\" \/>\n<meta name=\"author\" content=\"admin\" \/>\n<meta name=\"twitter:card\" content=\"summary_large_image\" \/>\n<meta name=\"twitter:label1\" content=\"Scris de\" \/>\n\t<meta name=\"twitter:data1\" content=\"admin\" \/>\n\t<meta name=\"twitter:label2\" content=\"Timp estimat pentru citire\" \/>\n\t<meta name=\"twitter:data2\" content=\"1 minut\" \/>\n<script type=\"application\/ld+json\" class=\"yoast-schema-graph\">{\"@context\":\"https:\\\/\\\/schema.org\",\"@graph\":[{\"@type\":\"Article\",\"@id\":\"https:\\\/\\\/www.lovendal.ro\\\/wp52\\\/cat-de-bine-era-protejat-dictatorul-nicolae-ceausescu-pentru-a-nu-fi-ucis\\\/#article\",\"isPartOf\":{\"@id\":\"https:\\\/\\\/www.lovendal.ro\\\/wp52\\\/cat-de-bine-era-protejat-dictatorul-nicolae-ceausescu-pentru-a-nu-fi-ucis\\\/\"},\"author\":{\"name\":\"admin\",\"@id\":\"https:\\\/\\\/www.lovendal.ro\\\/wp52\\\/#\\\/schema\\\/person\\\/088691de5dfc346bb0c023e1e52ef5d9\"},\"headline\":\"C\u00e2t de bine era protejat dictatorul Nicolae Ceau\u015fescu pentru a nu fi ucis?\",\"datePublished\":\"2017-05-03T14:01:18+00:00\",\"mainEntityOfPage\":{\"@id\":\"https:\\\/\\\/www.lovendal.ro\\\/wp52\\\/cat-de-bine-era-protejat-dictatorul-nicolae-ceausescu-pentru-a-nu-fi-ucis\\\/\"},\"wordCount\":274,\"commentCount\":0,\"publisher\":{\"@id\":\"https:\\\/\\\/www.lovendal.ro\\\/wp52\\\/#organization\"},\"image\":{\"@id\":\"https:\\\/\\\/www.lovendal.ro\\\/wp52\\\/cat-de-bine-era-protejat-dictatorul-nicolae-ceausescu-pentru-a-nu-fi-ucis\\\/#primaryimage\"},\"thumbnailUrl\":\"https:\\\/\\\/www.lovendal.ro\\\/wp52\\\/wp-content\\\/uploads\\\/2017\\\/05\\\/Ceausescu-mort.jpg\",\"keywords\":[\"asasinat\",\"Ceau\u015fescu\",\"chimist\",\"CIA\",\"coniac\",\"Cuba\",\"dictator\",\"Fidel Castro\",\"\u00eenc\u0103l\u0163\u0103minte\",\"Istorie si Civilizatii\",\"Rom\u00e2nia\",\"SUA\",\"tunel\",\"uzin\u0103\",\"WC\"],\"articleSection\":[\"Istorie si Civilizatii\",\"Noutati\"],\"inLanguage\":\"ro-RO\",\"potentialAction\":[{\"@type\":\"CommentAction\",\"name\":\"Comment\",\"target\":[\"https:\\\/\\\/www.lovendal.ro\\\/wp52\\\/cat-de-bine-era-protejat-dictatorul-nicolae-ceausescu-pentru-a-nu-fi-ucis\\\/#respond\"]}]},{\"@type\":\"WebPage\",\"@id\":\"https:\\\/\\\/www.lovendal.ro\\\/wp52\\\/cat-de-bine-era-protejat-dictatorul-nicolae-ceausescu-pentru-a-nu-fi-ucis\\\/\",\"url\":\"https:\\\/\\\/www.lovendal.ro\\\/wp52\\\/cat-de-bine-era-protejat-dictatorul-nicolae-ceausescu-pentru-a-nu-fi-ucis\\\/\",\"name\":\"C\u00e2t de bine era protejat dictatorul Nicolae Ceau\u015fescu pentru a nu fi ucis? - Secretele lui Lovendal\",\"isPartOf\":{\"@id\":\"https:\\\/\\\/www.lovendal.ro\\\/wp52\\\/#website\"},\"primaryImageOfPage\":{\"@id\":\"https:\\\/\\\/www.lovendal.ro\\\/wp52\\\/cat-de-bine-era-protejat-dictatorul-nicolae-ceausescu-pentru-a-nu-fi-ucis\\\/#primaryimage\"},\"image\":{\"@id\":\"https:\\\/\\\/www.lovendal.ro\\\/wp52\\\/cat-de-bine-era-protejat-dictatorul-nicolae-ceausescu-pentru-a-nu-fi-ucis\\\/#primaryimage\"},\"thumbnailUrl\":\"https:\\\/\\\/www.lovendal.ro\\\/wp52\\\/wp-content\\\/uploads\\\/2017\\\/05\\\/Ceausescu-mort.jpg\",\"datePublished\":\"2017-05-03T14:01:18+00:00\",\"breadcrumb\":{\"@id\":\"https:\\\/\\\/www.lovendal.ro\\\/wp52\\\/cat-de-bine-era-protejat-dictatorul-nicolae-ceausescu-pentru-a-nu-fi-ucis\\\/#breadcrumb\"},\"inLanguage\":\"ro-RO\",\"potentialAction\":[{\"@type\":\"ReadAction\",\"target\":[\"https:\\\/\\\/www.lovendal.ro\\\/wp52\\\/cat-de-bine-era-protejat-dictatorul-nicolae-ceausescu-pentru-a-nu-fi-ucis\\\/\"]}]},{\"@type\":\"ImageObject\",\"inLanguage\":\"ro-RO\",\"@id\":\"https:\\\/\\\/www.lovendal.ro\\\/wp52\\\/cat-de-bine-era-protejat-dictatorul-nicolae-ceausescu-pentru-a-nu-fi-ucis\\\/#primaryimage\",\"url\":\"https:\\\/\\\/www.lovendal.ro\\\/wp52\\\/wp-content\\\/uploads\\\/2017\\\/05\\\/Ceausescu-mort.jpg\",\"contentUrl\":\"https:\\\/\\\/www.lovendal.ro\\\/wp52\\\/wp-content\\\/uploads\\\/2017\\\/05\\\/Ceausescu-mort.jpg\",\"width\":334,\"height\":244},{\"@type\":\"BreadcrumbList\",\"@id\":\"https:\\\/\\\/www.lovendal.ro\\\/wp52\\\/cat-de-bine-era-protejat-dictatorul-nicolae-ceausescu-pentru-a-nu-fi-ucis\\\/#breadcrumb\",\"itemListElement\":[{\"@type\":\"ListItem\",\"position\":1,\"name\":\"Home\",\"item\":\"https:\\\/\\\/www.lovendal.ro\\\/wp52\\\/\"},{\"@type\":\"ListItem\",\"position\":2,\"name\":\"C\u00e2t de bine era protejat dictatorul Nicolae Ceau\u015fescu pentru a nu fi ucis?\"}]},{\"@type\":\"WebSite\",\"@id\":\"https:\\\/\\\/www.lovendal.ro\\\/wp52\\\/#website\",\"url\":\"https:\\\/\\\/www.lovendal.ro\\\/wp52\\\/\",\"name\":\"Secretele lui Lovendal\",\"description\":\"Site de secrete, stiinta si metafizica - din 2008 -\",\"publisher\":{\"@id\":\"https:\\\/\\\/www.lovendal.ro\\\/wp52\\\/#organization\"},\"potentialAction\":[{\"@type\":\"SearchAction\",\"target\":{\"@type\":\"EntryPoint\",\"urlTemplate\":\"https:\\\/\\\/www.lovendal.ro\\\/wp52\\\/?s={search_term_string}\"},\"query-input\":{\"@type\":\"PropertyValueSpecification\",\"valueRequired\":true,\"valueName\":\"search_term_string\"}}],\"inLanguage\":\"ro-RO\"},{\"@type\":\"Organization\",\"@id\":\"https:\\\/\\\/www.lovendal.ro\\\/wp52\\\/#organization\",\"name\":\"Secretele lui Lovendal\",\"url\":\"https:\\\/\\\/www.lovendal.ro\\\/wp52\\\/\",\"logo\":{\"@type\":\"ImageObject\",\"inLanguage\":\"ro-RO\",\"@id\":\"https:\\\/\\\/www.lovendal.ro\\\/wp52\\\/#\\\/schema\\\/logo\\\/image\\\/\",\"url\":\"https:\\\/\\\/www.lovendal.ro\\\/wp52\\\/wp-content\\\/uploads\\\/2024\\\/06\\\/cropped-SLL-iun-2024-1.jpg\",\"contentUrl\":\"https:\\\/\\\/www.lovendal.ro\\\/wp52\\\/wp-content\\\/uploads\\\/2024\\\/06\\\/cropped-SLL-iun-2024-1.jpg\",\"width\":771,\"height\":240,\"caption\":\"Secretele lui Lovendal\"},\"image\":{\"@id\":\"https:\\\/\\\/www.lovendal.ro\\\/wp52\\\/#\\\/schema\\\/logo\\\/image\\\/\"},\"sameAs\":[\"https:\\\/\\\/www.facebook.com\\\/secreteleluilovendal\"]},{\"@type\":\"Person\",\"@id\":\"https:\\\/\\\/www.lovendal.ro\\\/wp52\\\/#\\\/schema\\\/person\\\/088691de5dfc346bb0c023e1e52ef5d9\",\"name\":\"admin\",\"image\":{\"@type\":\"ImageObject\",\"inLanguage\":\"ro-RO\",\"@id\":\"https:\\\/\\\/secure.gravatar.com\\\/avatar\\\/ecb9cd41f5f63c9c9b989999a59f6e2639a865ec361e9db054db0679a8f341c2?s=96&d=mm&r=g\",\"url\":\"https:\\\/\\\/secure.gravatar.com\\\/avatar\\\/ecb9cd41f5f63c9c9b989999a59f6e2639a865ec361e9db054db0679a8f341c2?s=96&d=mm&r=g\",\"contentUrl\":\"https:\\\/\\\/secure.gravatar.com\\\/avatar\\\/ecb9cd41f5f63c9c9b989999a59f6e2639a865ec361e9db054db0679a8f341c2?s=96&d=mm&r=g\",\"caption\":\"admin\"},\"sameAs\":[\"https:\\\/\\\/www.lovendal.ro\\\/wp52\"]}]}<\/script>\n<!-- \/ Yoast SEO Premium plugin. -->","yoast_head_json":{"title":"C\u00e2t de bine era protejat dictatorul Nicolae Ceau\u015fescu pentru a nu fi ucis? - Secretele lui Lovendal","robots":{"index":"index","follow":"follow","max-snippet":"max-snippet:-1","max-image-preview":"max-image-preview:large","max-video-preview":"max-video-preview:-1"},"canonical":"https:\/\/www.lovendal.ro\/wp52\/cat-de-bine-era-protejat-dictatorul-nicolae-ceausescu-pentru-a-nu-fi-ucis\/","og_locale":"ro_RO","og_type":"article","og_title":"C\u00e2t de bine era protejat dictatorul Nicolae Ceau\u015fescu pentru a nu fi ucis?","og_description":"De\u015fi se credea a fi tare iubit, fostul \u015fef comunist se temea s\u0103 nu fie ucis. E adev\u0103rat c\u0103 CIA a vrut s\u0103-l omoare de c\u00e2teva sute de ori pe dictatorul cubanez Fidel Castro, dar n-a reu\u015fit. Frica lui Nicolae ... Cititi mai multe","og_url":"https:\/\/www.lovendal.ro\/wp52\/cat-de-bine-era-protejat-dictatorul-nicolae-ceausescu-pentru-a-nu-fi-ucis\/","og_site_name":"Secretele lui Lovendal","article_publisher":"https:\/\/www.facebook.com\/secreteleluilovendal","article_published_time":"2017-05-03T14:01:18+00:00","og_image":[{"width":334,"height":244,"url":"https:\/\/www.lovendal.ro\/wp52\/wp-content\/uploads\/2017\/05\/Ceausescu-mort.jpg","type":"image\/jpeg"}],"author":"admin","twitter_card":"summary_large_image","twitter_misc":{"Scris de":"admin","Timp estimat pentru citire":"1 minut"},"schema":{"@context":"https:\/\/schema.org","@graph":[{"@type":"Article","@id":"https:\/\/www.lovendal.ro\/wp52\/cat-de-bine-era-protejat-dictatorul-nicolae-ceausescu-pentru-a-nu-fi-ucis\/#article","isPartOf":{"@id":"https:\/\/www.lovendal.ro\/wp52\/cat-de-bine-era-protejat-dictatorul-nicolae-ceausescu-pentru-a-nu-fi-ucis\/"},"author":{"name":"admin","@id":"https:\/\/www.lovendal.ro\/wp52\/#\/schema\/person\/088691de5dfc346bb0c023e1e52ef5d9"},"headline":"C\u00e2t de bine era protejat dictatorul Nicolae Ceau\u015fescu pentru a nu fi ucis?","datePublished":"2017-05-03T14:01:18+00:00","mainEntityOfPage":{"@id":"https:\/\/www.lovendal.ro\/wp52\/cat-de-bine-era-protejat-dictatorul-nicolae-ceausescu-pentru-a-nu-fi-ucis\/"},"wordCount":274,"commentCount":0,"publisher":{"@id":"https:\/\/www.lovendal.ro\/wp52\/#organization"},"image":{"@id":"https:\/\/www.lovendal.ro\/wp52\/cat-de-bine-era-protejat-dictatorul-nicolae-ceausescu-pentru-a-nu-fi-ucis\/#primaryimage"},"thumbnailUrl":"https:\/\/www.lovendal.ro\/wp52\/wp-content\/uploads\/2017\/05\/Ceausescu-mort.jpg","keywords":["asasinat","Ceau\u015fescu","chimist","CIA","coniac","Cuba","dictator","Fidel Castro","\u00eenc\u0103l\u0163\u0103minte","Istorie si Civilizatii","Rom\u00e2nia","SUA","tunel","uzin\u0103","WC"],"articleSection":["Istorie si Civilizatii","Noutati"],"inLanguage":"ro-RO","potentialAction":[{"@type":"CommentAction","name":"Comment","target":["https:\/\/www.lovendal.ro\/wp52\/cat-de-bine-era-protejat-dictatorul-nicolae-ceausescu-pentru-a-nu-fi-ucis\/#respond"]}]},{"@type":"WebPage","@id":"https:\/\/www.lovendal.ro\/wp52\/cat-de-bine-era-protejat-dictatorul-nicolae-ceausescu-pentru-a-nu-fi-ucis\/","url":"https:\/\/www.lovendal.ro\/wp52\/cat-de-bine-era-protejat-dictatorul-nicolae-ceausescu-pentru-a-nu-fi-ucis\/","name":"C\u00e2t de bine era protejat dictatorul Nicolae Ceau\u015fescu pentru a nu fi ucis? - Secretele lui Lovendal","isPartOf":{"@id":"https:\/\/www.lovendal.ro\/wp52\/#website"},"primaryImageOfPage":{"@id":"https:\/\/www.lovendal.ro\/wp52\/cat-de-bine-era-protejat-dictatorul-nicolae-ceausescu-pentru-a-nu-fi-ucis\/#primaryimage"},"image":{"@id":"https:\/\/www.lovendal.ro\/wp52\/cat-de-bine-era-protejat-dictatorul-nicolae-ceausescu-pentru-a-nu-fi-ucis\/#primaryimage"},"thumbnailUrl":"https:\/\/www.lovendal.ro\/wp52\/wp-content\/uploads\/2017\/05\/Ceausescu-mort.jpg","datePublished":"2017-05-03T14:01:18+00:00","breadcrumb":{"@id":"https:\/\/www.lovendal.ro\/wp52\/cat-de-bine-era-protejat-dictatorul-nicolae-ceausescu-pentru-a-nu-fi-ucis\/#breadcrumb"},"inLanguage":"ro-RO","potentialAction":[{"@type":"ReadAction","target":["https:\/\/www.lovendal.ro\/wp52\/cat-de-bine-era-protejat-dictatorul-nicolae-ceausescu-pentru-a-nu-fi-ucis\/"]}]},{"@type":"ImageObject","inLanguage":"ro-RO","@id":"https:\/\/www.lovendal.ro\/wp52\/cat-de-bine-era-protejat-dictatorul-nicolae-ceausescu-pentru-a-nu-fi-ucis\/#primaryimage","url":"https:\/\/www.lovendal.ro\/wp52\/wp-content\/uploads\/2017\/05\/Ceausescu-mort.jpg","contentUrl":"https:\/\/www.lovendal.ro\/wp52\/wp-content\/uploads\/2017\/05\/Ceausescu-mort.jpg","width":334,"height":244},{"@type":"BreadcrumbList","@id":"https:\/\/www.lovendal.ro\/wp52\/cat-de-bine-era-protejat-dictatorul-nicolae-ceausescu-pentru-a-nu-fi-ucis\/#breadcrumb","itemListElement":[{"@type":"ListItem","position":1,"name":"Home","item":"https:\/\/www.lovendal.ro\/wp52\/"},{"@type":"ListItem","position":2,"name":"C\u00e2t de bine era protejat dictatorul Nicolae Ceau\u015fescu pentru a nu fi ucis?"}]},{"@type":"WebSite","@id":"https:\/\/www.lovendal.ro\/wp52\/#website","url":"https:\/\/www.lovendal.ro\/wp52\/","name":"Secretele lui Lovendal","description":"Site de secrete, stiinta si metafizica - din 2008 -","publisher":{"@id":"https:\/\/www.lovendal.ro\/wp52\/#organization"},"potentialAction":[{"@type":"SearchAction","target":{"@type":"EntryPoint","urlTemplate":"https:\/\/www.lovendal.ro\/wp52\/?s={search_term_string}"},"query-input":{"@type":"PropertyValueSpecification","valueRequired":true,"valueName":"search_term_string"}}],"inLanguage":"ro-RO"},{"@type":"Organization","@id":"https:\/\/www.lovendal.ro\/wp52\/#organization","name":"Secretele lui Lovendal","url":"https:\/\/www.lovendal.ro\/wp52\/","logo":{"@type":"ImageObject","inLanguage":"ro-RO","@id":"https:\/\/www.lovendal.ro\/wp52\/#\/schema\/logo\/image\/","url":"https:\/\/www.lovendal.ro\/wp52\/wp-content\/uploads\/2024\/06\/cropped-SLL-iun-2024-1.jpg","contentUrl":"https:\/\/www.lovendal.ro\/wp52\/wp-content\/uploads\/2024\/06\/cropped-SLL-iun-2024-1.jpg","width":771,"height":240,"caption":"Secretele lui Lovendal"},"image":{"@id":"https:\/\/www.lovendal.ro\/wp52\/#\/schema\/logo\/image\/"},"sameAs":["https:\/\/www.facebook.com\/secreteleluilovendal"]},{"@type":"Person","@id":"https:\/\/www.lovendal.ro\/wp52\/#\/schema\/person\/088691de5dfc346bb0c023e1e52ef5d9","name":"admin","image":{"@type":"ImageObject","inLanguage":"ro-RO","@id":"https:\/\/secure.gravatar.com\/avatar\/ecb9cd41f5f63c9c9b989999a59f6e2639a865ec361e9db054db0679a8f341c2?s=96&d=mm&r=g","url":"https:\/\/secure.gravatar.com\/avatar\/ecb9cd41f5f63c9c9b989999a59f6e2639a865ec361e9db054db0679a8f341c2?s=96&d=mm&r=g","contentUrl":"https:\/\/secure.gravatar.com\/avatar\/ecb9cd41f5f63c9c9b989999a59f6e2639a865ec361e9db054db0679a8f341c2?s=96&d=mm&r=g","caption":"admin"},"sameAs":["https:\/\/www.lovendal.ro\/wp52"]}]}},"_links":{"self":[{"href":"https:\/\/www.lovendal.ro\/wp52\/wp-json\/wp\/v2\/posts\/51122","targetHints":{"allow":["GET"]}}],"collection":[{"href":"https:\/\/www.lovendal.ro\/wp52\/wp-json\/wp\/v2\/posts"}],"about":[{"href":"https:\/\/www.lovendal.ro\/wp52\/wp-json\/wp\/v2\/types\/post"}],"author":[{"embeddable":true,"href":"https:\/\/www.lovendal.ro\/wp52\/wp-json\/wp\/v2\/users\/1"}],"replies":[{"embeddable":true,"href":"https:\/\/www.lovendal.ro\/wp52\/wp-json\/wp\/v2\/comments?post=51122"}],"version-history":[{"count":0,"href":"https:\/\/www.lovendal.ro\/wp52\/wp-json\/wp\/v2\/posts\/51122\/revisions"}],"wp:featuredmedia":[{"embeddable":true,"href":"https:\/\/www.lovendal.ro\/wp52\/wp-json\/wp\/v2\/media\/51123"}],"wp:attachment":[{"href":"https:\/\/www.lovendal.ro\/wp52\/wp-json\/wp\/v2\/media?parent=51122"}],"wp:term":[{"taxonomy":"category","embeddable":true,"href":"https:\/\/www.lovendal.ro\/wp52\/wp-json\/wp\/v2\/categories?post=51122"},{"taxonomy":"post_tag","embeddable":true,"href":"https:\/\/www.lovendal.ro\/wp52\/wp-json\/wp\/v2\/tags?post=51122"}],"curies":[{"name":"wp","href":"https:\/\/api.w.org\/{rel}","templated":true}]}}