{"id":51052,"date":"2017-04-29T10:02:01","date_gmt":"2017-04-29T07:02:01","guid":{"rendered":"http:\/\/www.lovendal.ro\/wp52\/?p=51052"},"modified":"2024-07-21T16:47:32","modified_gmt":"2024-07-21T13:47:32","slug":"megalitul-al-naslaa-vechi-de-mii-de-ani-a-fost-taiat-cu-vreun-laser-de-oamenii-primitivi","status":"publish","type":"post","link":"https:\/\/www.lovendal.ro\/wp52\/megalitul-al-naslaa-vechi-de-mii-de-ani-a-fost-taiat-cu-vreun-laser-de-oamenii-primitivi\/","title":{"rendered":"Megalitul Al-Naslaa, vechi de mii de ani, a fost t\u0103iat cu vreun laser de &#8222;oamenii primitivi&#8221;, a\u015fa cum \u00eei consider\u0103 istoria oficial\u0103?"},"content":{"rendered":"<p><a href=\"https:\/\/www.lovendal.ro\/wp52\/wp-content\/uploads\/2017\/04\/al-naslaa.jpg\"><img loading=\"lazy\" decoding=\"async\" class=\"alignleft size-full wp-image-92008\" src=\"https:\/\/www.lovendal.ro\/wp52\/wp-content\/uploads\/2017\/04\/al-naslaa.jpg\" alt=\"\" width=\"357\" height=\"202\" srcset=\"https:\/\/www.lovendal.ro\/wp52\/wp-content\/uploads\/2017\/04\/al-naslaa.jpg 357w, https:\/\/www.lovendal.ro\/wp52\/wp-content\/uploads\/2017\/04\/al-naslaa-300x170.jpg 300w\" sizes=\"auto, (max-width: 357px) 100vw, 357px\" \/><\/a>\u00cen lume exist\u0103 o mul\u0163ime de monumente \u015fi artefacte misterioase, care nu au nicio explica\u0163ie logic\u0103 din punct de vedere \u015ftiin\u0163ific. Adic\u0103, dac\u0103 oamenii erau at\u00e2t de &#8222;pro\u015fti&#8221; \u00een trecut (a\u015fa cum credem noi azi), cum de-au reu\u015fit ei s\u0103 construiasc\u0103 monumente spectaculoase?<\/p>\n<p>Iar unul din monumentele misterioase este\u00a0piatra megalit\u0103 din Al-Naslaa. \u00cenc\u0103 de la descoperirea sa din 1883 de c\u0103tre Charles Huver, piatra megalit\u0103 din Al-Naslaa a fost \u00een centrul teoriilor \u0219i controverselor conspira\u021biei. De ce?<\/p>\n<p>Uita\u0163i-v\u0103 la imaginea de la \u00eenceputul articolului, iar r\u0103spunsul va fi g\u0103sit. Acest megalit a fost subiect de dezbatere de mai mul\u021bi ani de la descoperirea sa. T\u0103ierea dreapt\u0103, ascu\u021bit\u0103 \u0219i precis\u0103 \u00een mijlocul megalitului este motivul principal. Este extrem de ciudat \u0219i nelumesc cum ar fi putut fi realizat\u0103 t\u0103ietura \u00een zilele \u00een care a ap\u0103rut megalitul.<\/p>\n<p>S\u0103 fie vorba de laser? Aceast\u0103 tehnologie este \u00eenc\u0103 nou\u0103, chiar \u0219i pentru noi, dup\u0103 milenii mai t\u00e2rzii. Cum a fost posibil ca &#8222;oamenii s\u0103lbatici&#8221; s\u0103 \u00eempart\u0103 un megalit \u00eentr-un mod at\u00e2t de precis, dac\u0103 nu au folosit vreo tehnologie modern\u0103?<\/p>\n<p>Mul\u021bi au f\u0103cut specula\u0163ii cu privire la acest lucru, dar nimeni nu a descoperit adev\u0103rata origine a pietrei. Exper\u0163ii \u015fi-au dat cu p\u0103rerea, dar misterul acestui megalit este \u00eenc\u0103 \u00eenv\u0103luit \u00een mister ca \u00een prima zi c\u00e2nd a fost g\u0103sit.<\/p>\n","protected":false},"excerpt":{"rendered":"<p>\u00cen lume exist\u0103 o mul\u0163ime de monumente \u015fi artefacte misterioase, care nu au nicio explica\u0163ie logic\u0103 din punct de vedere \u015ftiin\u0163ific. Adic\u0103, dac\u0103 oamenii erau at\u00e2t de &#8222;pro\u015fti&#8221; \u00een trecut (a\u015fa cum credem noi azi), cum de-au reu\u015fit ei s\u0103 &#8230; <\/p>\n<p class=\"read-more-container\"><a title=\"Megalitul Al-Naslaa, vechi de mii de ani, a fost t\u0103iat cu vreun laser de &#8222;oamenii primitivi&#8221;, a\u015fa cum \u00eei consider\u0103 istoria oficial\u0103?\" class=\"read-more button\" href=\"https:\/\/www.lovendal.ro\/wp52\/megalitul-al-naslaa-vechi-de-mii-de-ani-a-fost-taiat-cu-vreun-laser-de-oamenii-primitivi\/#more-51052\" aria-label=\"Cite\u0219te mai multe despre Megalitul Al-Naslaa, vechi de mii de ani, a fost t\u0103iat cu vreun laser de &#8222;oamenii primitivi&#8221;, a\u015fa cum \u00eei consider\u0103 istoria oficial\u0103?\">Cititi mai multe<\/a><\/p>\n","protected":false},"author":1,"featured_media":92008,"comment_status":"open","ping_status":"closed","sticky":false,"template":"","format":"standard","meta":{"footnotes":""},"categories":[9],"tags":[1532,2634,11584,1514],"class_list":["post-51052","post","type-post","status-publish","format-standard","has-post-thumbnail","hentry","category-istorie","tag-istorie-si-civilizatii","tag-laser","tag-megalit-artefacte","tag-piatra","resize-featured-image"],"yoast_head":"<!-- This site is optimized with the Yoast SEO Premium plugin v23.3 (Yoast SEO v27.4) - https:\/\/yoast.com\/product\/yoast-seo-premium-wordpress\/ -->\n<title>Megalitul Al-Naslaa, vechi de mii de ani, a fost t\u0103iat cu vreun laser de &quot;oamenii primitivi&quot;, a\u015fa cum \u00eei consider\u0103 istoria oficial\u0103? - Secretele lui Lovendal<\/title>\n<meta name=\"robots\" content=\"index, follow, max-snippet:-1, max-image-preview:large, max-video-preview:-1\" \/>\n<link rel=\"canonical\" href=\"https:\/\/www.lovendal.ro\/wp52\/megalitul-al-naslaa-vechi-de-mii-de-ani-a-fost-taiat-cu-vreun-laser-de-oamenii-primitivi\/\" \/>\n<meta property=\"og:locale\" content=\"ro_RO\" \/>\n<meta property=\"og:type\" content=\"article\" \/>\n<meta property=\"og:title\" content=\"Megalitul Al-Naslaa, vechi de mii de ani, a fost t\u0103iat cu vreun laser de &quot;oamenii primitivi&quot;, a\u015fa cum \u00eei consider\u0103 istoria oficial\u0103?\" \/>\n<meta property=\"og:description\" content=\"\u00cen lume exist\u0103 o mul\u0163ime de monumente \u015fi artefacte misterioase, care nu au nicio explica\u0163ie logic\u0103 din punct de vedere \u015ftiin\u0163ific. Adic\u0103, dac\u0103 oamenii erau at\u00e2t de &#8222;pro\u015fti&#8221; \u00een trecut (a\u015fa cum credem noi azi), cum de-au reu\u015fit ei s\u0103 ... Cititi mai multe\" \/>\n<meta property=\"og:url\" content=\"https:\/\/www.lovendal.ro\/wp52\/megalitul-al-naslaa-vechi-de-mii-de-ani-a-fost-taiat-cu-vreun-laser-de-oamenii-primitivi\/\" \/>\n<meta property=\"og:site_name\" content=\"Secretele lui Lovendal\" \/>\n<meta property=\"article:publisher\" content=\"https:\/\/www.facebook.com\/secreteleluilovendal\" \/>\n<meta property=\"article:published_time\" content=\"2017-04-29T07:02:01+00:00\" \/>\n<meta property=\"article:modified_time\" content=\"2024-07-21T13:47:32+00:00\" \/>\n<meta property=\"og:image\" content=\"https:\/\/www.lovendal.ro\/wp52\/wp-content\/uploads\/2017\/04\/al-naslaa.jpg\" \/>\n\t<meta property=\"og:image:width\" content=\"357\" \/>\n\t<meta property=\"og:image:height\" content=\"202\" \/>\n\t<meta property=\"og:image:type\" content=\"image\/jpeg\" \/>\n<meta name=\"author\" content=\"admin\" \/>\n<meta name=\"twitter:card\" content=\"summary_large_image\" \/>\n<meta name=\"twitter:label1\" content=\"Scris de\" \/>\n\t<meta name=\"twitter:data1\" content=\"admin\" \/>\n\t<meta name=\"twitter:label2\" content=\"Timp estimat pentru citire\" \/>\n\t<meta name=\"twitter:data2\" content=\"2 minute\" \/>\n<script type=\"application\/ld+json\" class=\"yoast-schema-graph\">{\"@context\":\"https:\\\/\\\/schema.org\",\"@graph\":[{\"@type\":\"Article\",\"@id\":\"https:\\\/\\\/www.lovendal.ro\\\/wp52\\\/megalitul-al-naslaa-vechi-de-mii-de-ani-a-fost-taiat-cu-vreun-laser-de-oamenii-primitivi\\\/#article\",\"isPartOf\":{\"@id\":\"https:\\\/\\\/www.lovendal.ro\\\/wp52\\\/megalitul-al-naslaa-vechi-de-mii-de-ani-a-fost-taiat-cu-vreun-laser-de-oamenii-primitivi\\\/\"},\"author\":{\"name\":\"admin\",\"@id\":\"https:\\\/\\\/www.lovendal.ro\\\/wp52\\\/#\\\/schema\\\/person\\\/088691de5dfc346bb0c023e1e52ef5d9\"},\"headline\":\"Megalitul Al-Naslaa, vechi de mii de ani, a fost t\u0103iat cu vreun laser de &#8222;oamenii primitivi&#8221;, a\u015fa cum \u00eei consider\u0103 istoria oficial\u0103?\",\"datePublished\":\"2017-04-29T07:02:01+00:00\",\"dateModified\":\"2024-07-21T13:47:32+00:00\",\"mainEntityOfPage\":{\"@id\":\"https:\\\/\\\/www.lovendal.ro\\\/wp52\\\/megalitul-al-naslaa-vechi-de-mii-de-ani-a-fost-taiat-cu-vreun-laser-de-oamenii-primitivi\\\/\"},\"wordCount\":269,\"commentCount\":1,\"publisher\":{\"@id\":\"https:\\\/\\\/www.lovendal.ro\\\/wp52\\\/#organization\"},\"image\":{\"@id\":\"https:\\\/\\\/www.lovendal.ro\\\/wp52\\\/megalitul-al-naslaa-vechi-de-mii-de-ani-a-fost-taiat-cu-vreun-laser-de-oamenii-primitivi\\\/#primaryimage\"},\"thumbnailUrl\":\"https:\\\/\\\/www.lovendal.ro\\\/wp52\\\/wp-content\\\/uploads\\\/2017\\\/04\\\/al-naslaa.jpg\",\"keywords\":[\"Istorie si Civilizatii\",\"laser\",\"megalit.artefacte\",\"piatr\u0103\"],\"articleSection\":[\"Istorie si Civilizatii\"],\"inLanguage\":\"ro-RO\",\"potentialAction\":[{\"@type\":\"CommentAction\",\"name\":\"Comment\",\"target\":[\"https:\\\/\\\/www.lovendal.ro\\\/wp52\\\/megalitul-al-naslaa-vechi-de-mii-de-ani-a-fost-taiat-cu-vreun-laser-de-oamenii-primitivi\\\/#respond\"]}]},{\"@type\":\"WebPage\",\"@id\":\"https:\\\/\\\/www.lovendal.ro\\\/wp52\\\/megalitul-al-naslaa-vechi-de-mii-de-ani-a-fost-taiat-cu-vreun-laser-de-oamenii-primitivi\\\/\",\"url\":\"https:\\\/\\\/www.lovendal.ro\\\/wp52\\\/megalitul-al-naslaa-vechi-de-mii-de-ani-a-fost-taiat-cu-vreun-laser-de-oamenii-primitivi\\\/\",\"name\":\"Megalitul Al-Naslaa, vechi de mii de ani, a fost t\u0103iat cu vreun laser de \\\"oamenii primitivi\\\", a\u015fa cum \u00eei consider\u0103 istoria oficial\u0103? - Secretele lui Lovendal\",\"isPartOf\":{\"@id\":\"https:\\\/\\\/www.lovendal.ro\\\/wp52\\\/#website\"},\"primaryImageOfPage\":{\"@id\":\"https:\\\/\\\/www.lovendal.ro\\\/wp52\\\/megalitul-al-naslaa-vechi-de-mii-de-ani-a-fost-taiat-cu-vreun-laser-de-oamenii-primitivi\\\/#primaryimage\"},\"image\":{\"@id\":\"https:\\\/\\\/www.lovendal.ro\\\/wp52\\\/megalitul-al-naslaa-vechi-de-mii-de-ani-a-fost-taiat-cu-vreun-laser-de-oamenii-primitivi\\\/#primaryimage\"},\"thumbnailUrl\":\"https:\\\/\\\/www.lovendal.ro\\\/wp52\\\/wp-content\\\/uploads\\\/2017\\\/04\\\/al-naslaa.jpg\",\"datePublished\":\"2017-04-29T07:02:01+00:00\",\"dateModified\":\"2024-07-21T13:47:32+00:00\",\"breadcrumb\":{\"@id\":\"https:\\\/\\\/www.lovendal.ro\\\/wp52\\\/megalitul-al-naslaa-vechi-de-mii-de-ani-a-fost-taiat-cu-vreun-laser-de-oamenii-primitivi\\\/#breadcrumb\"},\"inLanguage\":\"ro-RO\",\"potentialAction\":[{\"@type\":\"ReadAction\",\"target\":[\"https:\\\/\\\/www.lovendal.ro\\\/wp52\\\/megalitul-al-naslaa-vechi-de-mii-de-ani-a-fost-taiat-cu-vreun-laser-de-oamenii-primitivi\\\/\"]}]},{\"@type\":\"ImageObject\",\"inLanguage\":\"ro-RO\",\"@id\":\"https:\\\/\\\/www.lovendal.ro\\\/wp52\\\/megalitul-al-naslaa-vechi-de-mii-de-ani-a-fost-taiat-cu-vreun-laser-de-oamenii-primitivi\\\/#primaryimage\",\"url\":\"https:\\\/\\\/www.lovendal.ro\\\/wp52\\\/wp-content\\\/uploads\\\/2017\\\/04\\\/al-naslaa.jpg\",\"contentUrl\":\"https:\\\/\\\/www.lovendal.ro\\\/wp52\\\/wp-content\\\/uploads\\\/2017\\\/04\\\/al-naslaa.jpg\",\"width\":357,\"height\":202},{\"@type\":\"BreadcrumbList\",\"@id\":\"https:\\\/\\\/www.lovendal.ro\\\/wp52\\\/megalitul-al-naslaa-vechi-de-mii-de-ani-a-fost-taiat-cu-vreun-laser-de-oamenii-primitivi\\\/#breadcrumb\",\"itemListElement\":[{\"@type\":\"ListItem\",\"position\":1,\"name\":\"Home\",\"item\":\"https:\\\/\\\/www.lovendal.ro\\\/wp52\\\/\"},{\"@type\":\"ListItem\",\"position\":2,\"name\":\"Megalitul Al-Naslaa, vechi de mii de ani, a fost t\u0103iat cu vreun laser de &#8222;oamenii primitivi&#8221;, a\u015fa cum \u00eei consider\u0103 istoria oficial\u0103?\"}]},{\"@type\":\"WebSite\",\"@id\":\"https:\\\/\\\/www.lovendal.ro\\\/wp52\\\/#website\",\"url\":\"https:\\\/\\\/www.lovendal.ro\\\/wp52\\\/\",\"name\":\"Secretele lui Lovendal\",\"description\":\"Site de secrete, stiinta si metafizica - din 2008 -\",\"publisher\":{\"@id\":\"https:\\\/\\\/www.lovendal.ro\\\/wp52\\\/#organization\"},\"potentialAction\":[{\"@type\":\"SearchAction\",\"target\":{\"@type\":\"EntryPoint\",\"urlTemplate\":\"https:\\\/\\\/www.lovendal.ro\\\/wp52\\\/?s={search_term_string}\"},\"query-input\":{\"@type\":\"PropertyValueSpecification\",\"valueRequired\":true,\"valueName\":\"search_term_string\"}}],\"inLanguage\":\"ro-RO\"},{\"@type\":\"Organization\",\"@id\":\"https:\\\/\\\/www.lovendal.ro\\\/wp52\\\/#organization\",\"name\":\"Secretele lui Lovendal\",\"url\":\"https:\\\/\\\/www.lovendal.ro\\\/wp52\\\/\",\"logo\":{\"@type\":\"ImageObject\",\"inLanguage\":\"ro-RO\",\"@id\":\"https:\\\/\\\/www.lovendal.ro\\\/wp52\\\/#\\\/schema\\\/logo\\\/image\\\/\",\"url\":\"https:\\\/\\\/www.lovendal.ro\\\/wp52\\\/wp-content\\\/uploads\\\/2024\\\/06\\\/cropped-SLL-iun-2024-1.jpg\",\"contentUrl\":\"https:\\\/\\\/www.lovendal.ro\\\/wp52\\\/wp-content\\\/uploads\\\/2024\\\/06\\\/cropped-SLL-iun-2024-1.jpg\",\"width\":771,\"height\":240,\"caption\":\"Secretele lui Lovendal\"},\"image\":{\"@id\":\"https:\\\/\\\/www.lovendal.ro\\\/wp52\\\/#\\\/schema\\\/logo\\\/image\\\/\"},\"sameAs\":[\"https:\\\/\\\/www.facebook.com\\\/secreteleluilovendal\"]},{\"@type\":\"Person\",\"@id\":\"https:\\\/\\\/www.lovendal.ro\\\/wp52\\\/#\\\/schema\\\/person\\\/088691de5dfc346bb0c023e1e52ef5d9\",\"name\":\"admin\",\"image\":{\"@type\":\"ImageObject\",\"inLanguage\":\"ro-RO\",\"@id\":\"https:\\\/\\\/secure.gravatar.com\\\/avatar\\\/ecb9cd41f5f63c9c9b989999a59f6e2639a865ec361e9db054db0679a8f341c2?s=96&d=mm&r=g\",\"url\":\"https:\\\/\\\/secure.gravatar.com\\\/avatar\\\/ecb9cd41f5f63c9c9b989999a59f6e2639a865ec361e9db054db0679a8f341c2?s=96&d=mm&r=g\",\"contentUrl\":\"https:\\\/\\\/secure.gravatar.com\\\/avatar\\\/ecb9cd41f5f63c9c9b989999a59f6e2639a865ec361e9db054db0679a8f341c2?s=96&d=mm&r=g\",\"caption\":\"admin\"},\"sameAs\":[\"https:\\\/\\\/www.lovendal.ro\\\/wp52\"]}]}<\/script>\n<!-- \/ Yoast SEO Premium plugin. -->","yoast_head_json":{"title":"Megalitul Al-Naslaa, vechi de mii de ani, a fost t\u0103iat cu vreun laser de \"oamenii primitivi\", a\u015fa cum \u00eei consider\u0103 istoria oficial\u0103? - Secretele lui Lovendal","robots":{"index":"index","follow":"follow","max-snippet":"max-snippet:-1","max-image-preview":"max-image-preview:large","max-video-preview":"max-video-preview:-1"},"canonical":"https:\/\/www.lovendal.ro\/wp52\/megalitul-al-naslaa-vechi-de-mii-de-ani-a-fost-taiat-cu-vreun-laser-de-oamenii-primitivi\/","og_locale":"ro_RO","og_type":"article","og_title":"Megalitul Al-Naslaa, vechi de mii de ani, a fost t\u0103iat cu vreun laser de \"oamenii primitivi\", a\u015fa cum \u00eei consider\u0103 istoria oficial\u0103?","og_description":"\u00cen lume exist\u0103 o mul\u0163ime de monumente \u015fi artefacte misterioase, care nu au nicio explica\u0163ie logic\u0103 din punct de vedere \u015ftiin\u0163ific. Adic\u0103, dac\u0103 oamenii erau at\u00e2t de &#8222;pro\u015fti&#8221; \u00een trecut (a\u015fa cum credem noi azi), cum de-au reu\u015fit ei s\u0103 ... Cititi mai multe","og_url":"https:\/\/www.lovendal.ro\/wp52\/megalitul-al-naslaa-vechi-de-mii-de-ani-a-fost-taiat-cu-vreun-laser-de-oamenii-primitivi\/","og_site_name":"Secretele lui Lovendal","article_publisher":"https:\/\/www.facebook.com\/secreteleluilovendal","article_published_time":"2017-04-29T07:02:01+00:00","article_modified_time":"2024-07-21T13:47:32+00:00","og_image":[{"width":357,"height":202,"url":"https:\/\/www.lovendal.ro\/wp52\/wp-content\/uploads\/2017\/04\/al-naslaa.jpg","type":"image\/jpeg"}],"author":"admin","twitter_card":"summary_large_image","twitter_misc":{"Scris de":"admin","Timp estimat pentru citire":"2 minute"},"schema":{"@context":"https:\/\/schema.org","@graph":[{"@type":"Article","@id":"https:\/\/www.lovendal.ro\/wp52\/megalitul-al-naslaa-vechi-de-mii-de-ani-a-fost-taiat-cu-vreun-laser-de-oamenii-primitivi\/#article","isPartOf":{"@id":"https:\/\/www.lovendal.ro\/wp52\/megalitul-al-naslaa-vechi-de-mii-de-ani-a-fost-taiat-cu-vreun-laser-de-oamenii-primitivi\/"},"author":{"name":"admin","@id":"https:\/\/www.lovendal.ro\/wp52\/#\/schema\/person\/088691de5dfc346bb0c023e1e52ef5d9"},"headline":"Megalitul Al-Naslaa, vechi de mii de ani, a fost t\u0103iat cu vreun laser de &#8222;oamenii primitivi&#8221;, a\u015fa cum \u00eei consider\u0103 istoria oficial\u0103?","datePublished":"2017-04-29T07:02:01+00:00","dateModified":"2024-07-21T13:47:32+00:00","mainEntityOfPage":{"@id":"https:\/\/www.lovendal.ro\/wp52\/megalitul-al-naslaa-vechi-de-mii-de-ani-a-fost-taiat-cu-vreun-laser-de-oamenii-primitivi\/"},"wordCount":269,"commentCount":1,"publisher":{"@id":"https:\/\/www.lovendal.ro\/wp52\/#organization"},"image":{"@id":"https:\/\/www.lovendal.ro\/wp52\/megalitul-al-naslaa-vechi-de-mii-de-ani-a-fost-taiat-cu-vreun-laser-de-oamenii-primitivi\/#primaryimage"},"thumbnailUrl":"https:\/\/www.lovendal.ro\/wp52\/wp-content\/uploads\/2017\/04\/al-naslaa.jpg","keywords":["Istorie si Civilizatii","laser","megalit.artefacte","piatr\u0103"],"articleSection":["Istorie si Civilizatii"],"inLanguage":"ro-RO","potentialAction":[{"@type":"CommentAction","name":"Comment","target":["https:\/\/www.lovendal.ro\/wp52\/megalitul-al-naslaa-vechi-de-mii-de-ani-a-fost-taiat-cu-vreun-laser-de-oamenii-primitivi\/#respond"]}]},{"@type":"WebPage","@id":"https:\/\/www.lovendal.ro\/wp52\/megalitul-al-naslaa-vechi-de-mii-de-ani-a-fost-taiat-cu-vreun-laser-de-oamenii-primitivi\/","url":"https:\/\/www.lovendal.ro\/wp52\/megalitul-al-naslaa-vechi-de-mii-de-ani-a-fost-taiat-cu-vreun-laser-de-oamenii-primitivi\/","name":"Megalitul Al-Naslaa, vechi de mii de ani, a fost t\u0103iat cu vreun laser de \"oamenii primitivi\", a\u015fa cum \u00eei consider\u0103 istoria oficial\u0103? - Secretele lui Lovendal","isPartOf":{"@id":"https:\/\/www.lovendal.ro\/wp52\/#website"},"primaryImageOfPage":{"@id":"https:\/\/www.lovendal.ro\/wp52\/megalitul-al-naslaa-vechi-de-mii-de-ani-a-fost-taiat-cu-vreun-laser-de-oamenii-primitivi\/#primaryimage"},"image":{"@id":"https:\/\/www.lovendal.ro\/wp52\/megalitul-al-naslaa-vechi-de-mii-de-ani-a-fost-taiat-cu-vreun-laser-de-oamenii-primitivi\/#primaryimage"},"thumbnailUrl":"https:\/\/www.lovendal.ro\/wp52\/wp-content\/uploads\/2017\/04\/al-naslaa.jpg","datePublished":"2017-04-29T07:02:01+00:00","dateModified":"2024-07-21T13:47:32+00:00","breadcrumb":{"@id":"https:\/\/www.lovendal.ro\/wp52\/megalitul-al-naslaa-vechi-de-mii-de-ani-a-fost-taiat-cu-vreun-laser-de-oamenii-primitivi\/#breadcrumb"},"inLanguage":"ro-RO","potentialAction":[{"@type":"ReadAction","target":["https:\/\/www.lovendal.ro\/wp52\/megalitul-al-naslaa-vechi-de-mii-de-ani-a-fost-taiat-cu-vreun-laser-de-oamenii-primitivi\/"]}]},{"@type":"ImageObject","inLanguage":"ro-RO","@id":"https:\/\/www.lovendal.ro\/wp52\/megalitul-al-naslaa-vechi-de-mii-de-ani-a-fost-taiat-cu-vreun-laser-de-oamenii-primitivi\/#primaryimage","url":"https:\/\/www.lovendal.ro\/wp52\/wp-content\/uploads\/2017\/04\/al-naslaa.jpg","contentUrl":"https:\/\/www.lovendal.ro\/wp52\/wp-content\/uploads\/2017\/04\/al-naslaa.jpg","width":357,"height":202},{"@type":"BreadcrumbList","@id":"https:\/\/www.lovendal.ro\/wp52\/megalitul-al-naslaa-vechi-de-mii-de-ani-a-fost-taiat-cu-vreun-laser-de-oamenii-primitivi\/#breadcrumb","itemListElement":[{"@type":"ListItem","position":1,"name":"Home","item":"https:\/\/www.lovendal.ro\/wp52\/"},{"@type":"ListItem","position":2,"name":"Megalitul Al-Naslaa, vechi de mii de ani, a fost t\u0103iat cu vreun laser de &#8222;oamenii primitivi&#8221;, a\u015fa cum \u00eei consider\u0103 istoria oficial\u0103?"}]},{"@type":"WebSite","@id":"https:\/\/www.lovendal.ro\/wp52\/#website","url":"https:\/\/www.lovendal.ro\/wp52\/","name":"Secretele lui Lovendal","description":"Site de secrete, stiinta si metafizica - din 2008 -","publisher":{"@id":"https:\/\/www.lovendal.ro\/wp52\/#organization"},"potentialAction":[{"@type":"SearchAction","target":{"@type":"EntryPoint","urlTemplate":"https:\/\/www.lovendal.ro\/wp52\/?s={search_term_string}"},"query-input":{"@type":"PropertyValueSpecification","valueRequired":true,"valueName":"search_term_string"}}],"inLanguage":"ro-RO"},{"@type":"Organization","@id":"https:\/\/www.lovendal.ro\/wp52\/#organization","name":"Secretele lui Lovendal","url":"https:\/\/www.lovendal.ro\/wp52\/","logo":{"@type":"ImageObject","inLanguage":"ro-RO","@id":"https:\/\/www.lovendal.ro\/wp52\/#\/schema\/logo\/image\/","url":"https:\/\/www.lovendal.ro\/wp52\/wp-content\/uploads\/2024\/06\/cropped-SLL-iun-2024-1.jpg","contentUrl":"https:\/\/www.lovendal.ro\/wp52\/wp-content\/uploads\/2024\/06\/cropped-SLL-iun-2024-1.jpg","width":771,"height":240,"caption":"Secretele lui Lovendal"},"image":{"@id":"https:\/\/www.lovendal.ro\/wp52\/#\/schema\/logo\/image\/"},"sameAs":["https:\/\/www.facebook.com\/secreteleluilovendal"]},{"@type":"Person","@id":"https:\/\/www.lovendal.ro\/wp52\/#\/schema\/person\/088691de5dfc346bb0c023e1e52ef5d9","name":"admin","image":{"@type":"ImageObject","inLanguage":"ro-RO","@id":"https:\/\/secure.gravatar.com\/avatar\/ecb9cd41f5f63c9c9b989999a59f6e2639a865ec361e9db054db0679a8f341c2?s=96&d=mm&r=g","url":"https:\/\/secure.gravatar.com\/avatar\/ecb9cd41f5f63c9c9b989999a59f6e2639a865ec361e9db054db0679a8f341c2?s=96&d=mm&r=g","contentUrl":"https:\/\/secure.gravatar.com\/avatar\/ecb9cd41f5f63c9c9b989999a59f6e2639a865ec361e9db054db0679a8f341c2?s=96&d=mm&r=g","caption":"admin"},"sameAs":["https:\/\/www.lovendal.ro\/wp52"]}]}},"_links":{"self":[{"href":"https:\/\/www.lovendal.ro\/wp52\/wp-json\/wp\/v2\/posts\/51052","targetHints":{"allow":["GET"]}}],"collection":[{"href":"https:\/\/www.lovendal.ro\/wp52\/wp-json\/wp\/v2\/posts"}],"about":[{"href":"https:\/\/www.lovendal.ro\/wp52\/wp-json\/wp\/v2\/types\/post"}],"author":[{"embeddable":true,"href":"https:\/\/www.lovendal.ro\/wp52\/wp-json\/wp\/v2\/users\/1"}],"replies":[{"embeddable":true,"href":"https:\/\/www.lovendal.ro\/wp52\/wp-json\/wp\/v2\/comments?post=51052"}],"version-history":[{"count":1,"href":"https:\/\/www.lovendal.ro\/wp52\/wp-json\/wp\/v2\/posts\/51052\/revisions"}],"predecessor-version":[{"id":92009,"href":"https:\/\/www.lovendal.ro\/wp52\/wp-json\/wp\/v2\/posts\/51052\/revisions\/92009"}],"wp:featuredmedia":[{"embeddable":true,"href":"https:\/\/www.lovendal.ro\/wp52\/wp-json\/wp\/v2\/media\/92008"}],"wp:attachment":[{"href":"https:\/\/www.lovendal.ro\/wp52\/wp-json\/wp\/v2\/media?parent=51052"}],"wp:term":[{"taxonomy":"category","embeddable":true,"href":"https:\/\/www.lovendal.ro\/wp52\/wp-json\/wp\/v2\/categories?post=51052"},{"taxonomy":"post_tag","embeddable":true,"href":"https:\/\/www.lovendal.ro\/wp52\/wp-json\/wp\/v2\/tags?post=51052"}],"curies":[{"name":"wp","href":"https:\/\/api.w.org\/{rel}","templated":true}]}}