{"id":5046,"date":"2009-05-20T07:59:29","date_gmt":"2009-05-20T04:59:29","guid":{"rendered":"http:\/\/www.lovendal.net\/wp52\/?p=5046"},"modified":"2009-05-20T07:59:29","modified_gmt":"2009-05-20T04:59:29","slug":"vara-nu-i-ca-iarna-capriciile-senzationale-ale-vremii","status":"publish","type":"post","link":"https:\/\/www.lovendal.ro\/wp52\/vara-nu-i-ca-iarna-capriciile-senzationale-ale-vremii\/","title":{"rendered":"Vara nu-i ca iarna: capriciile senza\u0163ionale ale vremii"},"content":{"rendered":"<p><a href=\"https:\/\/www.lovendal.ro\/wp52\/wp-content\/uploads\/2009\/05\/vremea.jpeg\"><img loading=\"lazy\" decoding=\"async\" class=\"alignleft size-full wp-image-5047\" title=\"vremea\" src=\"https:\/\/www.lovendal.ro\/wp52\/wp-content\/uploads\/2009\/05\/vremea.jpeg\" alt=\"vremea\" width=\"396\" height=\"296\" srcset=\"https:\/\/www.lovendal.ro\/wp52\/wp-content\/uploads\/2009\/05\/vremea.jpeg 500w, https:\/\/www.lovendal.ro\/wp52\/wp-content\/uploads\/2009\/05\/vremea-300x225.jpg 300w\" sizes=\"auto, (max-width: 396px) 100vw, 396px\" \/><\/a>De\u015fi este normal ca iarna s\u0103 fie ger \u015fi z\u0103pad\u0103, iar vara foarte cald, nu de pu\u0163ine ori, se poate \u00eent\u00e2mpla chiar \u015fi contrariul. Astfel, anul 1816, a fost unul f\u0103r\u0103&#8230; var\u0103! Aten\u0163ie! \u00cen luna iunie a nins abundent ca \u00een plin\u0103 iarn\u0103, iar lunile iulie \u015fi august \u201eau fost ferecate de geruri cumplite&#8221;. Ce g\u0103sim \u00een documentele americane. Primul val neobi\u015fnuit de frig a ajuns \u00een America \u00een 6 iunie 1816. <em>\u201eZ\u0103pada s-a a\u015fezat \u00eentr-un strat gros de 15 cm. Un v\u00e2nt p\u0103trunz\u0103tor pr\u0103v\u0103lea oamenii din mers. Gerul s-a men\u0163inut p\u00e2n\u0103 la 11 iunie. Al doilea val de frig s-a ab\u0103tut pe 9 iulie, iar al treilea \u015fi al patrulea, la 21 \u015fi, respectiv 30 august&#8221;<\/em>. Peste tot unde a b\u00e2ntuit iarna \u00een acea var\u0103, a distrus toate sem\u0103n\u0103turile, iar frunzele\u00a0 copacilor s-au f\u0103cut negre.<\/p>\n<p>\u00cen Canada, <em>\u201egerurile au fost \u015fi mai puternice, distrug\u00e2nd gr\u00e2ul \u015fi porumbul&#8221;<\/em>. Cel mai greu a fost \u00eendurat\u0103 acea iarn\u0103 \u00een Europa <em>\u201eunde oamenii au \u00eenceput s\u0103 m\u0103n\u00e2nce mu\u015fchi \u015fi licheni, scoar\u0163\u0103 de copaci. Mii de oameni au murit de foame \u015fi frig&#8221;.<\/em><\/p>\n<p>Iat\u0103, de asemenea, \u015fi c\u00e2teva din capriciile vremii, surprinse \u00een secolul XX de ziarele epocii: La 28 septembrie 1932, scria <strong>\u201eDiminea\u0163a&#8221;<\/strong>, s-au \u00eenregistrat \u201e50 grade la soare \u00een capital\u0103, \u015fi 34 grade la Craiova, iar a doua zi la Predeal <em>\u201ela umbr\u0103, \u00eenregistr\u00e2ndu-se 25 de grade&#8221;<\/em>. Un an mai t\u00e2rziu, pe 7 iunie 1933 a nins \u00een capital\u0103. <em>\u201eFulgii mici, de z\u0103pad\u0103, <\/em>scria <strong>Adev\u0103rul<\/strong>, <em>care s-au v\u0103zut la orele 19, topindu-se \u00een aer, \u00eenainte de a atinge solul&#8221;<\/em>. Pe 30 iunie 1935, <em>\u201edup\u0103 cele 47 grade de alalt\u0103ieri, termometrul a \u00eenregistrat ieri dup\u0103 amiaz\u0103 50,2 grade la soare de sol. La umbr\u0103, temperatura a fost de 34 de grade. La Gala\u0163i, termometrul a ar\u0103tat 34 de grade la umbr\u0103, la Ia\u015fi 31 de grade&#8230;&#8221;<\/em><\/p>\n<p>Zilele de 23, 24 \u015fi 25 martie 1937, sunt de adev\u0103rat\u0103 var\u0103, \u00eenregistr\u00e2ndu-se la umbr\u0103&#8230; 25 de grade. Dar \u201ebucuria c\u0103ldurii&#8221; nu dureaz\u0103 dec\u00e2t c\u00e2teva zile. <strong>\u201eDiminea\u0163a&#8221;<\/strong> din 29 martie, anun\u0163a c\u0103 <em>\u201eieri diminea\u0163\u0103 la ora 6 a \u00eenceput s\u0103 ning\u0103 la Predeal. Temperatura a sc\u0103zut brusc, stratul de z\u0103pad\u0103 s-a a\u015fternut \u00een grosime de c\u00e2\u0163iva centimetri&#8221;.<\/em><\/p>\n<p>O statistic\u0103 meteo \u201ede excep\u0163ie&#8221; au \u00eentocmit-o meteorologii francezi \u00eencep\u00e2nd din 1960. Spicuim:<br \/>\n\u2022 1961, \u00een Africa Oriental\u0103 ploi nemaiv\u0103zute,\u00a0 marile lacuri ating\u00e2nd niveluri niciodat\u0103 \u00eenregistrate \u00een secolul XX.<br \/>\n\u2022 1962-1963, iarn\u0103 grea \u00een Europa, z\u0103pezi uria\u015fe.<br \/>\n\u2022 1964-1965. S.U.A. se confrunt\u0103 cu o secet\u0103 nemai\u00eent\u00e2lnit\u0103 din 1738. Portul Murmansk, care nu \u00eenghea\u0163\u0103, este blocat pentru prima dat\u0103 de c\u00e2nd se \u015ftie de banchiza Oceanului Arctic.<br \/>\n\u2022 1966-1967 &#8211; iarn\u0103 grea \u00een toat\u0103 Europa.<br \/>\n\u2022 1968-1970, ghea\u0163a \u00eencercuie\u015fte coastele Islandei pentru prima dat\u0103 din 1888.<br \/>\n\u2022 1971-1972,\u00a0 iarn\u0103 grea \u00een U.R.S.S. \u015fi Turcia.<br \/>\n\u2022 1973-1974, \u00een Australia de nord-est ninge pentru prima dat\u0103 de c\u00e2nd se \u015ftie.<br \/>\n\u2022 1975, iarn\u0103 bl\u00e2nd\u0103 \u00een Anglia, dar secet\u0103 timp de 16 luni.<br \/>\n\u2022 1976, c\u0103lduri mari \u00een iunie \u015fi iulie \u00een Europa.<br \/>\n\u2022 1977,\u00a0 perioad\u0103 de\u00a0 secet\u0103 \u00een Europa.<br \/>\n\u2022 1978, iarn\u0103 grea \u00een emisfera sudic\u0103.<br \/>\n\u2022 1979, c\u0103deri de z\u0103pad\u0103 abundente \u00een Africa.<br \/>\n\u2022 1980, inunda\u0163ii \u00een Canada.<br \/>\n\u2022 1981-1982, var\u0103 secetoas\u0103 \u00een Europa occidental\u0103.<br \/>\n\u2022 1983, ninsori \u00een India \u00een plin\u0103 var\u0103.<br \/>\n\u2022 1984,\u00a0 cea mai grea iarn\u0103 \u00een S.U.A. \u015fi Canada cu z\u0103pezi de 4 metri.<\/p>\n","protected":false},"excerpt":{"rendered":"<p>De\u015fi este normal ca iarna s\u0103 fie ger \u015fi z\u0103pad\u0103, iar vara foarte cald, nu de pu\u0163ine ori, se poate \u00eent\u00e2mpla chiar \u015fi contrariul. Astfel, anul 1816, a fost unul f\u0103r\u0103&#8230; var\u0103! Aten\u0163ie! \u00cen luna iunie a nins abundent ca &#8230; <\/p>\n<p class=\"read-more-container\"><a title=\"Vara nu-i ca iarna: capriciile senza\u0163ionale ale vremii\" class=\"read-more button\" href=\"https:\/\/www.lovendal.ro\/wp52\/vara-nu-i-ca-iarna-capriciile-senzationale-ale-vremii\/#more-5046\" aria-label=\"Cite\u0219te mai multe despre Vara nu-i ca iarna: capriciile senza\u0163ionale ale vremii\">Cititi mai multe<\/a><\/p>\n","protected":false},"author":1,"featured_media":5047,"comment_status":"open","ping_status":"closed","sticky":false,"template":"","format":"standard","meta":{"footnotes":""},"categories":[54],"tags":[9800,1497,23,1372],"class_list":["post-5046","post","type-post","status-publish","format-standard","has-post-thumbnail","hentry","category-natura-animale","tag-natura-animale","tag-ninsoare","tag-sua","tag-vreme","resize-featured-image"],"yoast_head":"<!-- This site is optimized with the Yoast SEO Premium plugin v23.3 (Yoast SEO v27.4) - https:\/\/yoast.com\/product\/yoast-seo-premium-wordpress\/ -->\n<title>Vara nu-i ca iarna: capriciile senza\u0163ionale ale vremii - Secretele lui Lovendal<\/title>\n<meta name=\"robots\" content=\"index, follow, max-snippet:-1, max-image-preview:large, max-video-preview:-1\" \/>\n<link rel=\"canonical\" href=\"https:\/\/www.lovendal.ro\/wp52\/vara-nu-i-ca-iarna-capriciile-senzationale-ale-vremii\/\" \/>\n<meta property=\"og:locale\" content=\"ro_RO\" \/>\n<meta property=\"og:type\" content=\"article\" \/>\n<meta property=\"og:title\" content=\"Vara nu-i ca iarna: capriciile senza\u0163ionale ale vremii\" \/>\n<meta property=\"og:description\" content=\"De\u015fi este normal ca iarna s\u0103 fie ger \u015fi z\u0103pad\u0103, iar vara foarte cald, nu de pu\u0163ine ori, se poate \u00eent\u00e2mpla chiar \u015fi contrariul. Astfel, anul 1816, a fost unul f\u0103r\u0103&#8230; var\u0103! Aten\u0163ie! \u00cen luna iunie a nins abundent ca ... Cititi mai multe\" \/>\n<meta property=\"og:url\" content=\"https:\/\/www.lovendal.ro\/wp52\/vara-nu-i-ca-iarna-capriciile-senzationale-ale-vremii\/\" \/>\n<meta property=\"og:site_name\" content=\"Secretele lui Lovendal\" \/>\n<meta property=\"article:publisher\" content=\"https:\/\/www.facebook.com\/secreteleluilovendal\" \/>\n<meta property=\"article:published_time\" content=\"2009-05-20T04:59:29+00:00\" \/>\n<meta property=\"og:image\" content=\"https:\/\/www.lovendal.ro\/wp52\/wp-content\/uploads\/2009\/05\/vremea.jpeg\" \/>\n\t<meta property=\"og:image:width\" content=\"500\" \/>\n\t<meta property=\"og:image:height\" content=\"375\" \/>\n\t<meta property=\"og:image:type\" content=\"image\/jpeg\" \/>\n<meta name=\"author\" content=\"admin\" \/>\n<meta name=\"twitter:card\" content=\"summary_large_image\" \/>\n<meta name=\"twitter:label1\" content=\"Scris de\" \/>\n\t<meta name=\"twitter:data1\" content=\"admin\" \/>\n\t<meta name=\"twitter:label2\" content=\"Timp estimat pentru citire\" \/>\n\t<meta name=\"twitter:data2\" content=\"3 minute\" \/>\n<script type=\"application\/ld+json\" class=\"yoast-schema-graph\">{\"@context\":\"https:\\\/\\\/schema.org\",\"@graph\":[{\"@type\":\"Article\",\"@id\":\"https:\\\/\\\/www.lovendal.ro\\\/wp52\\\/vara-nu-i-ca-iarna-capriciile-senzationale-ale-vremii\\\/#article\",\"isPartOf\":{\"@id\":\"https:\\\/\\\/www.lovendal.ro\\\/wp52\\\/vara-nu-i-ca-iarna-capriciile-senzationale-ale-vremii\\\/\"},\"author\":{\"name\":\"admin\",\"@id\":\"https:\\\/\\\/www.lovendal.ro\\\/wp52\\\/#\\\/schema\\\/person\\\/088691de5dfc346bb0c023e1e52ef5d9\"},\"headline\":\"Vara nu-i ca iarna: capriciile senza\u0163ionale ale vremii\",\"datePublished\":\"2009-05-20T04:59:29+00:00\",\"mainEntityOfPage\":{\"@id\":\"https:\\\/\\\/www.lovendal.ro\\\/wp52\\\/vara-nu-i-ca-iarna-capriciile-senzationale-ale-vremii\\\/\"},\"wordCount\":569,\"commentCount\":3,\"publisher\":{\"@id\":\"https:\\\/\\\/www.lovendal.ro\\\/wp52\\\/#organization\"},\"image\":{\"@id\":\"https:\\\/\\\/www.lovendal.ro\\\/wp52\\\/vara-nu-i-ca-iarna-capriciile-senzationale-ale-vremii\\\/#primaryimage\"},\"thumbnailUrl\":\"https:\\\/\\\/www.lovendal.ro\\\/wp52\\\/wp-content\\\/uploads\\\/2009\\\/05\\\/vremea.jpeg\",\"keywords\":[\"Natura-Animale\",\"ninsoare\",\"SUA\",\"vreme\"],\"articleSection\":[\"Natura-Animale\"],\"inLanguage\":\"ro-RO\",\"potentialAction\":[{\"@type\":\"CommentAction\",\"name\":\"Comment\",\"target\":[\"https:\\\/\\\/www.lovendal.ro\\\/wp52\\\/vara-nu-i-ca-iarna-capriciile-senzationale-ale-vremii\\\/#respond\"]}]},{\"@type\":\"WebPage\",\"@id\":\"https:\\\/\\\/www.lovendal.ro\\\/wp52\\\/vara-nu-i-ca-iarna-capriciile-senzationale-ale-vremii\\\/\",\"url\":\"https:\\\/\\\/www.lovendal.ro\\\/wp52\\\/vara-nu-i-ca-iarna-capriciile-senzationale-ale-vremii\\\/\",\"name\":\"Vara nu-i ca iarna: capriciile senza\u0163ionale ale vremii - Secretele lui Lovendal\",\"isPartOf\":{\"@id\":\"https:\\\/\\\/www.lovendal.ro\\\/wp52\\\/#website\"},\"primaryImageOfPage\":{\"@id\":\"https:\\\/\\\/www.lovendal.ro\\\/wp52\\\/vara-nu-i-ca-iarna-capriciile-senzationale-ale-vremii\\\/#primaryimage\"},\"image\":{\"@id\":\"https:\\\/\\\/www.lovendal.ro\\\/wp52\\\/vara-nu-i-ca-iarna-capriciile-senzationale-ale-vremii\\\/#primaryimage\"},\"thumbnailUrl\":\"https:\\\/\\\/www.lovendal.ro\\\/wp52\\\/wp-content\\\/uploads\\\/2009\\\/05\\\/vremea.jpeg\",\"datePublished\":\"2009-05-20T04:59:29+00:00\",\"breadcrumb\":{\"@id\":\"https:\\\/\\\/www.lovendal.ro\\\/wp52\\\/vara-nu-i-ca-iarna-capriciile-senzationale-ale-vremii\\\/#breadcrumb\"},\"inLanguage\":\"ro-RO\",\"potentialAction\":[{\"@type\":\"ReadAction\",\"target\":[\"https:\\\/\\\/www.lovendal.ro\\\/wp52\\\/vara-nu-i-ca-iarna-capriciile-senzationale-ale-vremii\\\/\"]}]},{\"@type\":\"ImageObject\",\"inLanguage\":\"ro-RO\",\"@id\":\"https:\\\/\\\/www.lovendal.ro\\\/wp52\\\/vara-nu-i-ca-iarna-capriciile-senzationale-ale-vremii\\\/#primaryimage\",\"url\":\"https:\\\/\\\/www.lovendal.ro\\\/wp52\\\/wp-content\\\/uploads\\\/2009\\\/05\\\/vremea.jpeg\",\"contentUrl\":\"https:\\\/\\\/www.lovendal.ro\\\/wp52\\\/wp-content\\\/uploads\\\/2009\\\/05\\\/vremea.jpeg\",\"width\":\"500\",\"height\":\"375\"},{\"@type\":\"BreadcrumbList\",\"@id\":\"https:\\\/\\\/www.lovendal.ro\\\/wp52\\\/vara-nu-i-ca-iarna-capriciile-senzationale-ale-vremii\\\/#breadcrumb\",\"itemListElement\":[{\"@type\":\"ListItem\",\"position\":1,\"name\":\"Home\",\"item\":\"https:\\\/\\\/www.lovendal.ro\\\/wp52\\\/\"},{\"@type\":\"ListItem\",\"position\":2,\"name\":\"Vara nu-i ca iarna: capriciile senza\u0163ionale ale vremii\"}]},{\"@type\":\"WebSite\",\"@id\":\"https:\\\/\\\/www.lovendal.ro\\\/wp52\\\/#website\",\"url\":\"https:\\\/\\\/www.lovendal.ro\\\/wp52\\\/\",\"name\":\"Secretele lui Lovendal\",\"description\":\"Site de secrete, stiinta si metafizica - din 2008 -\",\"publisher\":{\"@id\":\"https:\\\/\\\/www.lovendal.ro\\\/wp52\\\/#organization\"},\"potentialAction\":[{\"@type\":\"SearchAction\",\"target\":{\"@type\":\"EntryPoint\",\"urlTemplate\":\"https:\\\/\\\/www.lovendal.ro\\\/wp52\\\/?s={search_term_string}\"},\"query-input\":{\"@type\":\"PropertyValueSpecification\",\"valueRequired\":true,\"valueName\":\"search_term_string\"}}],\"inLanguage\":\"ro-RO\"},{\"@type\":\"Organization\",\"@id\":\"https:\\\/\\\/www.lovendal.ro\\\/wp52\\\/#organization\",\"name\":\"Secretele lui Lovendal\",\"url\":\"https:\\\/\\\/www.lovendal.ro\\\/wp52\\\/\",\"logo\":{\"@type\":\"ImageObject\",\"inLanguage\":\"ro-RO\",\"@id\":\"https:\\\/\\\/www.lovendal.ro\\\/wp52\\\/#\\\/schema\\\/logo\\\/image\\\/\",\"url\":\"https:\\\/\\\/www.lovendal.ro\\\/wp52\\\/wp-content\\\/uploads\\\/2024\\\/06\\\/cropped-SLL-iun-2024-1.jpg\",\"contentUrl\":\"https:\\\/\\\/www.lovendal.ro\\\/wp52\\\/wp-content\\\/uploads\\\/2024\\\/06\\\/cropped-SLL-iun-2024-1.jpg\",\"width\":771,\"height\":240,\"caption\":\"Secretele lui Lovendal\"},\"image\":{\"@id\":\"https:\\\/\\\/www.lovendal.ro\\\/wp52\\\/#\\\/schema\\\/logo\\\/image\\\/\"},\"sameAs\":[\"https:\\\/\\\/www.facebook.com\\\/secreteleluilovendal\"]},{\"@type\":\"Person\",\"@id\":\"https:\\\/\\\/www.lovendal.ro\\\/wp52\\\/#\\\/schema\\\/person\\\/088691de5dfc346bb0c023e1e52ef5d9\",\"name\":\"admin\",\"image\":{\"@type\":\"ImageObject\",\"inLanguage\":\"ro-RO\",\"@id\":\"https:\\\/\\\/secure.gravatar.com\\\/avatar\\\/ecb9cd41f5f63c9c9b989999a59f6e2639a865ec361e9db054db0679a8f341c2?s=96&d=mm&r=g\",\"url\":\"https:\\\/\\\/secure.gravatar.com\\\/avatar\\\/ecb9cd41f5f63c9c9b989999a59f6e2639a865ec361e9db054db0679a8f341c2?s=96&d=mm&r=g\",\"contentUrl\":\"https:\\\/\\\/secure.gravatar.com\\\/avatar\\\/ecb9cd41f5f63c9c9b989999a59f6e2639a865ec361e9db054db0679a8f341c2?s=96&d=mm&r=g\",\"caption\":\"admin\"},\"sameAs\":[\"https:\\\/\\\/www.lovendal.ro\\\/wp52\"]}]}<\/script>\n<!-- \/ Yoast SEO Premium plugin. -->","yoast_head_json":{"title":"Vara nu-i ca iarna: capriciile senza\u0163ionale ale vremii - Secretele lui Lovendal","robots":{"index":"index","follow":"follow","max-snippet":"max-snippet:-1","max-image-preview":"max-image-preview:large","max-video-preview":"max-video-preview:-1"},"canonical":"https:\/\/www.lovendal.ro\/wp52\/vara-nu-i-ca-iarna-capriciile-senzationale-ale-vremii\/","og_locale":"ro_RO","og_type":"article","og_title":"Vara nu-i ca iarna: capriciile senza\u0163ionale ale vremii","og_description":"De\u015fi este normal ca iarna s\u0103 fie ger \u015fi z\u0103pad\u0103, iar vara foarte cald, nu de pu\u0163ine ori, se poate \u00eent\u00e2mpla chiar \u015fi contrariul. Astfel, anul 1816, a fost unul f\u0103r\u0103&#8230; var\u0103! Aten\u0163ie! \u00cen luna iunie a nins abundent ca ... Cititi mai multe","og_url":"https:\/\/www.lovendal.ro\/wp52\/vara-nu-i-ca-iarna-capriciile-senzationale-ale-vremii\/","og_site_name":"Secretele lui Lovendal","article_publisher":"https:\/\/www.facebook.com\/secreteleluilovendal","article_published_time":"2009-05-20T04:59:29+00:00","og_image":[{"width":500,"height":375,"url":"https:\/\/www.lovendal.ro\/wp52\/wp-content\/uploads\/2009\/05\/vremea.jpeg","type":"image\/jpeg"}],"author":"admin","twitter_card":"summary_large_image","twitter_misc":{"Scris de":"admin","Timp estimat pentru citire":"3 minute"},"schema":{"@context":"https:\/\/schema.org","@graph":[{"@type":"Article","@id":"https:\/\/www.lovendal.ro\/wp52\/vara-nu-i-ca-iarna-capriciile-senzationale-ale-vremii\/#article","isPartOf":{"@id":"https:\/\/www.lovendal.ro\/wp52\/vara-nu-i-ca-iarna-capriciile-senzationale-ale-vremii\/"},"author":{"name":"admin","@id":"https:\/\/www.lovendal.ro\/wp52\/#\/schema\/person\/088691de5dfc346bb0c023e1e52ef5d9"},"headline":"Vara nu-i ca iarna: capriciile senza\u0163ionale ale vremii","datePublished":"2009-05-20T04:59:29+00:00","mainEntityOfPage":{"@id":"https:\/\/www.lovendal.ro\/wp52\/vara-nu-i-ca-iarna-capriciile-senzationale-ale-vremii\/"},"wordCount":569,"commentCount":3,"publisher":{"@id":"https:\/\/www.lovendal.ro\/wp52\/#organization"},"image":{"@id":"https:\/\/www.lovendal.ro\/wp52\/vara-nu-i-ca-iarna-capriciile-senzationale-ale-vremii\/#primaryimage"},"thumbnailUrl":"https:\/\/www.lovendal.ro\/wp52\/wp-content\/uploads\/2009\/05\/vremea.jpeg","keywords":["Natura-Animale","ninsoare","SUA","vreme"],"articleSection":["Natura-Animale"],"inLanguage":"ro-RO","potentialAction":[{"@type":"CommentAction","name":"Comment","target":["https:\/\/www.lovendal.ro\/wp52\/vara-nu-i-ca-iarna-capriciile-senzationale-ale-vremii\/#respond"]}]},{"@type":"WebPage","@id":"https:\/\/www.lovendal.ro\/wp52\/vara-nu-i-ca-iarna-capriciile-senzationale-ale-vremii\/","url":"https:\/\/www.lovendal.ro\/wp52\/vara-nu-i-ca-iarna-capriciile-senzationale-ale-vremii\/","name":"Vara nu-i ca iarna: capriciile senza\u0163ionale ale vremii - Secretele lui Lovendal","isPartOf":{"@id":"https:\/\/www.lovendal.ro\/wp52\/#website"},"primaryImageOfPage":{"@id":"https:\/\/www.lovendal.ro\/wp52\/vara-nu-i-ca-iarna-capriciile-senzationale-ale-vremii\/#primaryimage"},"image":{"@id":"https:\/\/www.lovendal.ro\/wp52\/vara-nu-i-ca-iarna-capriciile-senzationale-ale-vremii\/#primaryimage"},"thumbnailUrl":"https:\/\/www.lovendal.ro\/wp52\/wp-content\/uploads\/2009\/05\/vremea.jpeg","datePublished":"2009-05-20T04:59:29+00:00","breadcrumb":{"@id":"https:\/\/www.lovendal.ro\/wp52\/vara-nu-i-ca-iarna-capriciile-senzationale-ale-vremii\/#breadcrumb"},"inLanguage":"ro-RO","potentialAction":[{"@type":"ReadAction","target":["https:\/\/www.lovendal.ro\/wp52\/vara-nu-i-ca-iarna-capriciile-senzationale-ale-vremii\/"]}]},{"@type":"ImageObject","inLanguage":"ro-RO","@id":"https:\/\/www.lovendal.ro\/wp52\/vara-nu-i-ca-iarna-capriciile-senzationale-ale-vremii\/#primaryimage","url":"https:\/\/www.lovendal.ro\/wp52\/wp-content\/uploads\/2009\/05\/vremea.jpeg","contentUrl":"https:\/\/www.lovendal.ro\/wp52\/wp-content\/uploads\/2009\/05\/vremea.jpeg","width":"500","height":"375"},{"@type":"BreadcrumbList","@id":"https:\/\/www.lovendal.ro\/wp52\/vara-nu-i-ca-iarna-capriciile-senzationale-ale-vremii\/#breadcrumb","itemListElement":[{"@type":"ListItem","position":1,"name":"Home","item":"https:\/\/www.lovendal.ro\/wp52\/"},{"@type":"ListItem","position":2,"name":"Vara nu-i ca iarna: capriciile senza\u0163ionale ale vremii"}]},{"@type":"WebSite","@id":"https:\/\/www.lovendal.ro\/wp52\/#website","url":"https:\/\/www.lovendal.ro\/wp52\/","name":"Secretele lui Lovendal","description":"Site de secrete, stiinta si metafizica - din 2008 -","publisher":{"@id":"https:\/\/www.lovendal.ro\/wp52\/#organization"},"potentialAction":[{"@type":"SearchAction","target":{"@type":"EntryPoint","urlTemplate":"https:\/\/www.lovendal.ro\/wp52\/?s={search_term_string}"},"query-input":{"@type":"PropertyValueSpecification","valueRequired":true,"valueName":"search_term_string"}}],"inLanguage":"ro-RO"},{"@type":"Organization","@id":"https:\/\/www.lovendal.ro\/wp52\/#organization","name":"Secretele lui Lovendal","url":"https:\/\/www.lovendal.ro\/wp52\/","logo":{"@type":"ImageObject","inLanguage":"ro-RO","@id":"https:\/\/www.lovendal.ro\/wp52\/#\/schema\/logo\/image\/","url":"https:\/\/www.lovendal.ro\/wp52\/wp-content\/uploads\/2024\/06\/cropped-SLL-iun-2024-1.jpg","contentUrl":"https:\/\/www.lovendal.ro\/wp52\/wp-content\/uploads\/2024\/06\/cropped-SLL-iun-2024-1.jpg","width":771,"height":240,"caption":"Secretele lui Lovendal"},"image":{"@id":"https:\/\/www.lovendal.ro\/wp52\/#\/schema\/logo\/image\/"},"sameAs":["https:\/\/www.facebook.com\/secreteleluilovendal"]},{"@type":"Person","@id":"https:\/\/www.lovendal.ro\/wp52\/#\/schema\/person\/088691de5dfc346bb0c023e1e52ef5d9","name":"admin","image":{"@type":"ImageObject","inLanguage":"ro-RO","@id":"https:\/\/secure.gravatar.com\/avatar\/ecb9cd41f5f63c9c9b989999a59f6e2639a865ec361e9db054db0679a8f341c2?s=96&d=mm&r=g","url":"https:\/\/secure.gravatar.com\/avatar\/ecb9cd41f5f63c9c9b989999a59f6e2639a865ec361e9db054db0679a8f341c2?s=96&d=mm&r=g","contentUrl":"https:\/\/secure.gravatar.com\/avatar\/ecb9cd41f5f63c9c9b989999a59f6e2639a865ec361e9db054db0679a8f341c2?s=96&d=mm&r=g","caption":"admin"},"sameAs":["https:\/\/www.lovendal.ro\/wp52"]}]}},"_links":{"self":[{"href":"https:\/\/www.lovendal.ro\/wp52\/wp-json\/wp\/v2\/posts\/5046","targetHints":{"allow":["GET"]}}],"collection":[{"href":"https:\/\/www.lovendal.ro\/wp52\/wp-json\/wp\/v2\/posts"}],"about":[{"href":"https:\/\/www.lovendal.ro\/wp52\/wp-json\/wp\/v2\/types\/post"}],"author":[{"embeddable":true,"href":"https:\/\/www.lovendal.ro\/wp52\/wp-json\/wp\/v2\/users\/1"}],"replies":[{"embeddable":true,"href":"https:\/\/www.lovendal.ro\/wp52\/wp-json\/wp\/v2\/comments?post=5046"}],"version-history":[{"count":0,"href":"https:\/\/www.lovendal.ro\/wp52\/wp-json\/wp\/v2\/posts\/5046\/revisions"}],"wp:featuredmedia":[{"embeddable":true,"href":"https:\/\/www.lovendal.ro\/wp52\/wp-json\/wp\/v2\/media\/5047"}],"wp:attachment":[{"href":"https:\/\/www.lovendal.ro\/wp52\/wp-json\/wp\/v2\/media?parent=5046"}],"wp:term":[{"taxonomy":"category","embeddable":true,"href":"https:\/\/www.lovendal.ro\/wp52\/wp-json\/wp\/v2\/categories?post=5046"},{"taxonomy":"post_tag","embeddable":true,"href":"https:\/\/www.lovendal.ro\/wp52\/wp-json\/wp\/v2\/tags?post=5046"}],"curies":[{"name":"wp","href":"https:\/\/api.w.org\/{rel}","templated":true}]}}