{"id":49012,"date":"2017-04-09T22:01:04","date_gmt":"2017-04-09T19:01:04","guid":{"rendered":"http:\/\/www.lovendal.ro\/wp52\/?p=49012"},"modified":"2017-04-09T22:01:42","modified_gmt":"2017-04-09T19:01:42","slug":"dictatorul-comunist-gheorghe-gheorghiu-dej-i-a-alungat-pe-tiganii-din-bucuresti-cu-grenade-lacrimogene-si-apoi-i-a-deportat-in-baragan","status":"publish","type":"post","link":"https:\/\/www.lovendal.ro\/wp52\/dictatorul-comunist-gheorghe-gheorghiu-dej-i-a-alungat-pe-tiganii-din-bucuresti-cu-grenade-lacrimogene-si-apoi-i-a-deportat-in-baragan\/","title":{"rendered":"Dictatorul comunist Gheorghe Gheorghiu-Dej i-a alungat pe \u0163iganii din Bucure\u015fti cu grenade lacrimogene \u015fi apoi i-a deportat \u00een B\u0103r\u0103gan"},"content":{"rendered":"<p><a href=\"https:\/\/www.lovendal.ro\/wp52\/wp-content\/uploads\/2017\/04\/gospodarie_de_mahala_00124900.jpg\"><img loading=\"lazy\" decoding=\"async\" class=\"alignleft size-full wp-image-49013\" src=\"https:\/\/www.lovendal.ro\/wp52\/wp-content\/uploads\/2017\/04\/gospodarie_de_mahala_00124900.jpg\" alt=\"\" width=\"333\" height=\"244\" srcset=\"https:\/\/www.lovendal.ro\/wp52\/wp-content\/uploads\/2017\/04\/gospodarie_de_mahala_00124900.jpg 333w, https:\/\/www.lovendal.ro\/wp52\/wp-content\/uploads\/2017\/04\/gospodarie_de_mahala_00124900-300x220.jpg 300w, https:\/\/www.lovendal.ro\/wp52\/wp-content\/uploads\/2017\/04\/gospodarie_de_mahala_00124900-220x162.jpg 220w\" sizes=\"auto, (max-width: 333px) 100vw, 333px\" \/><\/a>Dup\u0103 al doilea r\u0103zboi mondial, odat\u0103 cu venirea comuni\u015ftilor la putere, a \u00eenceput sistematizarea masiv\u0103 a marilor ora\u015fe ale \u0163\u0103rii, dar \u00een special, a Bucure\u015ftiului, capitala \u0163\u0103rii. Una din zonele din Bucure\u015fti care a fost sistematizat\u0103 este Groapa Floreasca.<\/p>\n<p>Trebuie \u015ftiut c\u0103 de fapt Groapa ad\u0103postea la 2000 de suflete, majoritatea de etnie \u0163ig\u0103neasc\u0103, \u00eenghesuite \u00een colibe care la r\u00e2ndul lor se sprijineau una de alta. Groapa a fost cur\u0103\u0163at\u0103 de \u0163igani \u00een iarna lui 1958-1959, c\u00e2nd datorit\u0103 fur\u0103ciunilor frecvente f\u0103cute \u00een noile blocuri de locuin\u0163e din noul cartier Floreasca, c\u00e2t \u015fi a ridic\u0103rii pe malul lacului a noului stabiliment unde avea s\u0103 locuiasc\u0103 Dej.<\/p>\n<p>Mai marii comuni\u015fti au hot\u0103r\u00e2t s\u0103 trimit\u0103 armata \u015fi mili\u0163ia care au \u00eenconjurat \u00eentr-o noapte groapa, au aruncat grenade lacrimogene \u015fi au \u00eenc\u0103rcat \u00een camioane toat\u0103 \u0163ig\u0103nimea, d\u00e2nd foc la locuin\u0163ele insalubre. V\u0103l\u0103tuci de fum au \u00eenv\u0103luit zona lacului \u015fi a cartierului, timp de trei zile.<\/p>\n<p>Apoi i-au dus pe \u0163igani \u00een B\u0103r\u0103gan. Camioanele cu prelate s-au \u00eenv\u00e2rtit o s\u0103pt\u0103m\u00e2n\u0103. Solda\u0163ii care asigurau escorta primiser\u0103 instruc\u0163iuni s\u0103 le spun\u0103 c\u0103 \u00eei deporteaz\u0103 \u00een Siberia la ru\u015fi. Pl\u00e2ngeau \u0163iganii de mama focului. Au fost abandona\u0163i \u00een mijlocul B\u0103r\u0103ganului sub promisiunea de a nu mai c\u0103lca prin Bucure\u015fti.<\/p>\n<p>Nu s-a demolat nimic \u00een Groap\u0103. A devenit groapa de gunoi pe care buldozere uria\u015fe o nivelau iar t\u0103v\u0103lugi imen\u015fi o b\u0103t\u0103toreau. Au sc\u0103pat doar \u0163iganii care au fugit s\u0103 se ascund\u0103 prin cociocurile Lacului Tei (stuf\u0103ri\u015furi plutitoare care uneori se uneau form\u00e2nd adev\u0103rate insule plutitoare). Odat\u0103 cu astuparea gropii au disp\u0103rut \u015fi mirosurile pestilen\u0163iale. \u00cenainte de s\u0103rb\u0103torile de iarn\u0103 c\u00e2rna\u0163ii ag\u0103\u0163a\u0163i \u00een balconele noilor locuin\u0163e nu mai disp\u0103reau ca \u00eenainte. \u015ei nici rufele \u00eentinse la uscat.<\/p>\n<p><em><strong>Sursa:<\/strong> <\/em><a href=\"https:\/\/armyuser.blogspot.ro\/2010\/07\/groapa-floreasca.html\" target=\"_blank\"><strong>armyuser.blogspot.ro<\/strong><\/a><\/p>\n","protected":false},"excerpt":{"rendered":"<p>Dup\u0103 al doilea r\u0103zboi mondial, odat\u0103 cu venirea comuni\u015ftilor la putere, a \u00eenceput sistematizarea masiv\u0103 a marilor ora\u015fe ale \u0163\u0103rii, dar \u00een special, a Bucure\u015ftiului, capitala \u0163\u0103rii. Una din zonele din Bucure\u015fti care a fost sistematizat\u0103 este Groapa Floreasca. Trebuie &#8230; <\/p>\n<p class=\"read-more-container\"><a title=\"Dictatorul comunist Gheorghe Gheorghiu-Dej i-a alungat pe \u0163iganii din Bucure\u015fti cu grenade lacrimogene \u015fi apoi i-a deportat \u00een B\u0103r\u0103gan\" class=\"read-more button\" href=\"https:\/\/www.lovendal.ro\/wp52\/dictatorul-comunist-gheorghe-gheorghiu-dej-i-a-alungat-pe-tiganii-din-bucuresti-cu-grenade-lacrimogene-si-apoi-i-a-deportat-in-baragan\/#more-49012\" aria-label=\"Cite\u0219te mai multe despre Dictatorul comunist Gheorghe Gheorghiu-Dej i-a alungat pe \u0163iganii din Bucure\u015fti cu grenade lacrimogene \u015fi apoi i-a deportat \u00een B\u0103r\u0103gan\">Cititi mai multe<\/a><\/p>\n","protected":false},"author":1,"featured_media":49013,"comment_status":"open","ping_status":"closed","sticky":false,"template":"","format":"standard","meta":{"footnotes":""},"categories":[9,2833],"tags":[70,7393,827,4167,6418,1105,3897,84,11554,974,11555,7986,2326,1784,1532,975,5597,74,11556,1576,513,320],"class_list":["post-49012","post","type-post","status-publish","format-standard","has-post-thumbnail","hentry","category-istorie","category-noutati","tag-armata","tag-baragan","tag-bucuresti","tag-camion","tag-capitala","tag-carnati","tag-comunisti","tag-dictator","tag-floreasca","tag-gheorghe-gheorghiu-dej","tag-grenade","tag-groapa","tag-iarna","tag-insula","tag-istorie-si-civilizatii","tag-lac","tag-militia","tag-romania","tag-rufe","tag-siberia","tag-soldati","tag-tigani","resize-featured-image"],"yoast_head":"<!-- This site is optimized with the Yoast SEO Premium plugin v23.3 (Yoast SEO v27.4) - https:\/\/yoast.com\/product\/yoast-seo-premium-wordpress\/ -->\n<title>Dictatorul comunist Gheorghe Gheorghiu-Dej i-a alungat pe \u0163iganii din Bucure\u015fti cu grenade lacrimogene \u015fi apoi i-a deportat \u00een B\u0103r\u0103gan - Secretele lui Lovendal<\/title>\n<meta name=\"robots\" content=\"index, follow, max-snippet:-1, max-image-preview:large, max-video-preview:-1\" \/>\n<link rel=\"canonical\" href=\"https:\/\/www.lovendal.ro\/wp52\/dictatorul-comunist-gheorghe-gheorghiu-dej-i-a-alungat-pe-tiganii-din-bucuresti-cu-grenade-lacrimogene-si-apoi-i-a-deportat-in-baragan\/\" \/>\n<meta property=\"og:locale\" content=\"ro_RO\" \/>\n<meta property=\"og:type\" content=\"article\" \/>\n<meta property=\"og:title\" content=\"Dictatorul comunist Gheorghe Gheorghiu-Dej i-a alungat pe \u0163iganii din Bucure\u015fti cu grenade lacrimogene \u015fi apoi i-a deportat \u00een B\u0103r\u0103gan\" \/>\n<meta property=\"og:description\" content=\"Dup\u0103 al doilea r\u0103zboi mondial, odat\u0103 cu venirea comuni\u015ftilor la putere, a \u00eenceput sistematizarea masiv\u0103 a marilor ora\u015fe ale \u0163\u0103rii, dar \u00een special, a Bucure\u015ftiului, capitala \u0163\u0103rii. Una din zonele din Bucure\u015fti care a fost sistematizat\u0103 este Groapa Floreasca. Trebuie ... Cititi mai multe\" \/>\n<meta property=\"og:url\" content=\"https:\/\/www.lovendal.ro\/wp52\/dictatorul-comunist-gheorghe-gheorghiu-dej-i-a-alungat-pe-tiganii-din-bucuresti-cu-grenade-lacrimogene-si-apoi-i-a-deportat-in-baragan\/\" \/>\n<meta property=\"og:site_name\" content=\"Secretele lui Lovendal\" \/>\n<meta property=\"article:publisher\" content=\"https:\/\/www.facebook.com\/secreteleluilovendal\" \/>\n<meta property=\"article:published_time\" content=\"2017-04-09T19:01:04+00:00\" \/>\n<meta property=\"article:modified_time\" content=\"2017-04-09T19:01:42+00:00\" \/>\n<meta property=\"og:image\" content=\"https:\/\/www.lovendal.ro\/wp52\/wp-content\/uploads\/2017\/04\/gospodarie_de_mahala_00124900.jpg\" \/>\n\t<meta property=\"og:image:width\" content=\"333\" \/>\n\t<meta property=\"og:image:height\" content=\"244\" \/>\n\t<meta property=\"og:image:type\" content=\"image\/jpeg\" \/>\n<meta name=\"author\" content=\"admin\" \/>\n<meta name=\"twitter:card\" content=\"summary_large_image\" \/>\n<meta name=\"twitter:label1\" content=\"Scris de\" \/>\n\t<meta name=\"twitter:data1\" content=\"admin\" \/>\n\t<meta name=\"twitter:label2\" content=\"Timp estimat pentru citire\" \/>\n\t<meta name=\"twitter:data2\" content=\"2 minute\" \/>\n<script type=\"application\/ld+json\" class=\"yoast-schema-graph\">{\"@context\":\"https:\\\/\\\/schema.org\",\"@graph\":[{\"@type\":\"Article\",\"@id\":\"https:\\\/\\\/www.lovendal.ro\\\/wp52\\\/dictatorul-comunist-gheorghe-gheorghiu-dej-i-a-alungat-pe-tiganii-din-bucuresti-cu-grenade-lacrimogene-si-apoi-i-a-deportat-in-baragan\\\/#article\",\"isPartOf\":{\"@id\":\"https:\\\/\\\/www.lovendal.ro\\\/wp52\\\/dictatorul-comunist-gheorghe-gheorghiu-dej-i-a-alungat-pe-tiganii-din-bucuresti-cu-grenade-lacrimogene-si-apoi-i-a-deportat-in-baragan\\\/\"},\"author\":{\"name\":\"admin\",\"@id\":\"https:\\\/\\\/www.lovendal.ro\\\/wp52\\\/#\\\/schema\\\/person\\\/088691de5dfc346bb0c023e1e52ef5d9\"},\"headline\":\"Dictatorul comunist Gheorghe Gheorghiu-Dej i-a alungat pe \u0163iganii din Bucure\u015fti cu grenade lacrimogene \u015fi apoi i-a deportat \u00een B\u0103r\u0103gan\",\"datePublished\":\"2017-04-09T19:01:04+00:00\",\"dateModified\":\"2017-04-09T19:01:42+00:00\",\"mainEntityOfPage\":{\"@id\":\"https:\\\/\\\/www.lovendal.ro\\\/wp52\\\/dictatorul-comunist-gheorghe-gheorghiu-dej-i-a-alungat-pe-tiganii-din-bucuresti-cu-grenade-lacrimogene-si-apoi-i-a-deportat-in-baragan\\\/\"},\"wordCount\":365,\"commentCount\":0,\"publisher\":{\"@id\":\"https:\\\/\\\/www.lovendal.ro\\\/wp52\\\/#organization\"},\"image\":{\"@id\":\"https:\\\/\\\/www.lovendal.ro\\\/wp52\\\/dictatorul-comunist-gheorghe-gheorghiu-dej-i-a-alungat-pe-tiganii-din-bucuresti-cu-grenade-lacrimogene-si-apoi-i-a-deportat-in-baragan\\\/#primaryimage\"},\"thumbnailUrl\":\"https:\\\/\\\/www.lovendal.ro\\\/wp52\\\/wp-content\\\/uploads\\\/2017\\\/04\\\/gospodarie_de_mahala_00124900.jpg\",\"keywords\":[\"armat\u0103\",\"B\u0103r\u0103gan\",\"Bucure\u015fti\",\"camion\",\"capital\u0103\",\"c\u00e2rna\u0163i\",\"comuni\u015fti\",\"dictator\",\"Floreasca\",\"Gheorghe Gheorghiu Dej\",\"grenade\",\"groap\u0103\",\"iarn\u0103\",\"insul\u0103\",\"Istorie si Civilizatii\",\"lac\",\"Mili\u0163ia\",\"Rom\u00e2nia\",\"rufe\",\"Siberia\",\"solda\u0163i\",\"\u0163igani\"],\"articleSection\":[\"Istorie si Civilizatii\",\"Noutati\"],\"inLanguage\":\"ro-RO\",\"potentialAction\":[{\"@type\":\"CommentAction\",\"name\":\"Comment\",\"target\":[\"https:\\\/\\\/www.lovendal.ro\\\/wp52\\\/dictatorul-comunist-gheorghe-gheorghiu-dej-i-a-alungat-pe-tiganii-din-bucuresti-cu-grenade-lacrimogene-si-apoi-i-a-deportat-in-baragan\\\/#respond\"]}]},{\"@type\":\"WebPage\",\"@id\":\"https:\\\/\\\/www.lovendal.ro\\\/wp52\\\/dictatorul-comunist-gheorghe-gheorghiu-dej-i-a-alungat-pe-tiganii-din-bucuresti-cu-grenade-lacrimogene-si-apoi-i-a-deportat-in-baragan\\\/\",\"url\":\"https:\\\/\\\/www.lovendal.ro\\\/wp52\\\/dictatorul-comunist-gheorghe-gheorghiu-dej-i-a-alungat-pe-tiganii-din-bucuresti-cu-grenade-lacrimogene-si-apoi-i-a-deportat-in-baragan\\\/\",\"name\":\"Dictatorul comunist Gheorghe Gheorghiu-Dej i-a alungat pe \u0163iganii din Bucure\u015fti cu grenade lacrimogene \u015fi apoi i-a deportat \u00een B\u0103r\u0103gan - Secretele lui Lovendal\",\"isPartOf\":{\"@id\":\"https:\\\/\\\/www.lovendal.ro\\\/wp52\\\/#website\"},\"primaryImageOfPage\":{\"@id\":\"https:\\\/\\\/www.lovendal.ro\\\/wp52\\\/dictatorul-comunist-gheorghe-gheorghiu-dej-i-a-alungat-pe-tiganii-din-bucuresti-cu-grenade-lacrimogene-si-apoi-i-a-deportat-in-baragan\\\/#primaryimage\"},\"image\":{\"@id\":\"https:\\\/\\\/www.lovendal.ro\\\/wp52\\\/dictatorul-comunist-gheorghe-gheorghiu-dej-i-a-alungat-pe-tiganii-din-bucuresti-cu-grenade-lacrimogene-si-apoi-i-a-deportat-in-baragan\\\/#primaryimage\"},\"thumbnailUrl\":\"https:\\\/\\\/www.lovendal.ro\\\/wp52\\\/wp-content\\\/uploads\\\/2017\\\/04\\\/gospodarie_de_mahala_00124900.jpg\",\"datePublished\":\"2017-04-09T19:01:04+00:00\",\"dateModified\":\"2017-04-09T19:01:42+00:00\",\"breadcrumb\":{\"@id\":\"https:\\\/\\\/www.lovendal.ro\\\/wp52\\\/dictatorul-comunist-gheorghe-gheorghiu-dej-i-a-alungat-pe-tiganii-din-bucuresti-cu-grenade-lacrimogene-si-apoi-i-a-deportat-in-baragan\\\/#breadcrumb\"},\"inLanguage\":\"ro-RO\",\"potentialAction\":[{\"@type\":\"ReadAction\",\"target\":[\"https:\\\/\\\/www.lovendal.ro\\\/wp52\\\/dictatorul-comunist-gheorghe-gheorghiu-dej-i-a-alungat-pe-tiganii-din-bucuresti-cu-grenade-lacrimogene-si-apoi-i-a-deportat-in-baragan\\\/\"]}]},{\"@type\":\"ImageObject\",\"inLanguage\":\"ro-RO\",\"@id\":\"https:\\\/\\\/www.lovendal.ro\\\/wp52\\\/dictatorul-comunist-gheorghe-gheorghiu-dej-i-a-alungat-pe-tiganii-din-bucuresti-cu-grenade-lacrimogene-si-apoi-i-a-deportat-in-baragan\\\/#primaryimage\",\"url\":\"https:\\\/\\\/www.lovendal.ro\\\/wp52\\\/wp-content\\\/uploads\\\/2017\\\/04\\\/gospodarie_de_mahala_00124900.jpg\",\"contentUrl\":\"https:\\\/\\\/www.lovendal.ro\\\/wp52\\\/wp-content\\\/uploads\\\/2017\\\/04\\\/gospodarie_de_mahala_00124900.jpg\",\"width\":333,\"height\":244},{\"@type\":\"BreadcrumbList\",\"@id\":\"https:\\\/\\\/www.lovendal.ro\\\/wp52\\\/dictatorul-comunist-gheorghe-gheorghiu-dej-i-a-alungat-pe-tiganii-din-bucuresti-cu-grenade-lacrimogene-si-apoi-i-a-deportat-in-baragan\\\/#breadcrumb\",\"itemListElement\":[{\"@type\":\"ListItem\",\"position\":1,\"name\":\"Home\",\"item\":\"https:\\\/\\\/www.lovendal.ro\\\/wp52\\\/\"},{\"@type\":\"ListItem\",\"position\":2,\"name\":\"Dictatorul comunist Gheorghe Gheorghiu-Dej i-a alungat pe \u0163iganii din Bucure\u015fti cu grenade lacrimogene \u015fi apoi i-a deportat \u00een B\u0103r\u0103gan\"}]},{\"@type\":\"WebSite\",\"@id\":\"https:\\\/\\\/www.lovendal.ro\\\/wp52\\\/#website\",\"url\":\"https:\\\/\\\/www.lovendal.ro\\\/wp52\\\/\",\"name\":\"Secretele lui Lovendal\",\"description\":\"Site de secrete, stiinta si metafizica - din 2008 -\",\"publisher\":{\"@id\":\"https:\\\/\\\/www.lovendal.ro\\\/wp52\\\/#organization\"},\"potentialAction\":[{\"@type\":\"SearchAction\",\"target\":{\"@type\":\"EntryPoint\",\"urlTemplate\":\"https:\\\/\\\/www.lovendal.ro\\\/wp52\\\/?s={search_term_string}\"},\"query-input\":{\"@type\":\"PropertyValueSpecification\",\"valueRequired\":true,\"valueName\":\"search_term_string\"}}],\"inLanguage\":\"ro-RO\"},{\"@type\":\"Organization\",\"@id\":\"https:\\\/\\\/www.lovendal.ro\\\/wp52\\\/#organization\",\"name\":\"Secretele lui Lovendal\",\"url\":\"https:\\\/\\\/www.lovendal.ro\\\/wp52\\\/\",\"logo\":{\"@type\":\"ImageObject\",\"inLanguage\":\"ro-RO\",\"@id\":\"https:\\\/\\\/www.lovendal.ro\\\/wp52\\\/#\\\/schema\\\/logo\\\/image\\\/\",\"url\":\"https:\\\/\\\/www.lovendal.ro\\\/wp52\\\/wp-content\\\/uploads\\\/2024\\\/06\\\/cropped-SLL-iun-2024-1.jpg\",\"contentUrl\":\"https:\\\/\\\/www.lovendal.ro\\\/wp52\\\/wp-content\\\/uploads\\\/2024\\\/06\\\/cropped-SLL-iun-2024-1.jpg\",\"width\":771,\"height\":240,\"caption\":\"Secretele lui Lovendal\"},\"image\":{\"@id\":\"https:\\\/\\\/www.lovendal.ro\\\/wp52\\\/#\\\/schema\\\/logo\\\/image\\\/\"},\"sameAs\":[\"https:\\\/\\\/www.facebook.com\\\/secreteleluilovendal\"]},{\"@type\":\"Person\",\"@id\":\"https:\\\/\\\/www.lovendal.ro\\\/wp52\\\/#\\\/schema\\\/person\\\/088691de5dfc346bb0c023e1e52ef5d9\",\"name\":\"admin\",\"image\":{\"@type\":\"ImageObject\",\"inLanguage\":\"ro-RO\",\"@id\":\"https:\\\/\\\/secure.gravatar.com\\\/avatar\\\/ecb9cd41f5f63c9c9b989999a59f6e2639a865ec361e9db054db0679a8f341c2?s=96&d=mm&r=g\",\"url\":\"https:\\\/\\\/secure.gravatar.com\\\/avatar\\\/ecb9cd41f5f63c9c9b989999a59f6e2639a865ec361e9db054db0679a8f341c2?s=96&d=mm&r=g\",\"contentUrl\":\"https:\\\/\\\/secure.gravatar.com\\\/avatar\\\/ecb9cd41f5f63c9c9b989999a59f6e2639a865ec361e9db054db0679a8f341c2?s=96&d=mm&r=g\",\"caption\":\"admin\"},\"sameAs\":[\"https:\\\/\\\/www.lovendal.ro\\\/wp52\"]}]}<\/script>\n<!-- \/ Yoast SEO Premium plugin. -->","yoast_head_json":{"title":"Dictatorul comunist Gheorghe Gheorghiu-Dej i-a alungat pe \u0163iganii din Bucure\u015fti cu grenade lacrimogene \u015fi apoi i-a deportat \u00een B\u0103r\u0103gan - Secretele lui Lovendal","robots":{"index":"index","follow":"follow","max-snippet":"max-snippet:-1","max-image-preview":"max-image-preview:large","max-video-preview":"max-video-preview:-1"},"canonical":"https:\/\/www.lovendal.ro\/wp52\/dictatorul-comunist-gheorghe-gheorghiu-dej-i-a-alungat-pe-tiganii-din-bucuresti-cu-grenade-lacrimogene-si-apoi-i-a-deportat-in-baragan\/","og_locale":"ro_RO","og_type":"article","og_title":"Dictatorul comunist Gheorghe Gheorghiu-Dej i-a alungat pe \u0163iganii din Bucure\u015fti cu grenade lacrimogene \u015fi apoi i-a deportat \u00een B\u0103r\u0103gan","og_description":"Dup\u0103 al doilea r\u0103zboi mondial, odat\u0103 cu venirea comuni\u015ftilor la putere, a \u00eenceput sistematizarea masiv\u0103 a marilor ora\u015fe ale \u0163\u0103rii, dar \u00een special, a Bucure\u015ftiului, capitala \u0163\u0103rii. Una din zonele din Bucure\u015fti care a fost sistematizat\u0103 este Groapa Floreasca. Trebuie ... Cititi mai multe","og_url":"https:\/\/www.lovendal.ro\/wp52\/dictatorul-comunist-gheorghe-gheorghiu-dej-i-a-alungat-pe-tiganii-din-bucuresti-cu-grenade-lacrimogene-si-apoi-i-a-deportat-in-baragan\/","og_site_name":"Secretele lui Lovendal","article_publisher":"https:\/\/www.facebook.com\/secreteleluilovendal","article_published_time":"2017-04-09T19:01:04+00:00","article_modified_time":"2017-04-09T19:01:42+00:00","og_image":[{"width":333,"height":244,"url":"https:\/\/www.lovendal.ro\/wp52\/wp-content\/uploads\/2017\/04\/gospodarie_de_mahala_00124900.jpg","type":"image\/jpeg"}],"author":"admin","twitter_card":"summary_large_image","twitter_misc":{"Scris de":"admin","Timp estimat pentru citire":"2 minute"},"schema":{"@context":"https:\/\/schema.org","@graph":[{"@type":"Article","@id":"https:\/\/www.lovendal.ro\/wp52\/dictatorul-comunist-gheorghe-gheorghiu-dej-i-a-alungat-pe-tiganii-din-bucuresti-cu-grenade-lacrimogene-si-apoi-i-a-deportat-in-baragan\/#article","isPartOf":{"@id":"https:\/\/www.lovendal.ro\/wp52\/dictatorul-comunist-gheorghe-gheorghiu-dej-i-a-alungat-pe-tiganii-din-bucuresti-cu-grenade-lacrimogene-si-apoi-i-a-deportat-in-baragan\/"},"author":{"name":"admin","@id":"https:\/\/www.lovendal.ro\/wp52\/#\/schema\/person\/088691de5dfc346bb0c023e1e52ef5d9"},"headline":"Dictatorul comunist Gheorghe Gheorghiu-Dej i-a alungat pe \u0163iganii din Bucure\u015fti cu grenade lacrimogene \u015fi apoi i-a deportat \u00een B\u0103r\u0103gan","datePublished":"2017-04-09T19:01:04+00:00","dateModified":"2017-04-09T19:01:42+00:00","mainEntityOfPage":{"@id":"https:\/\/www.lovendal.ro\/wp52\/dictatorul-comunist-gheorghe-gheorghiu-dej-i-a-alungat-pe-tiganii-din-bucuresti-cu-grenade-lacrimogene-si-apoi-i-a-deportat-in-baragan\/"},"wordCount":365,"commentCount":0,"publisher":{"@id":"https:\/\/www.lovendal.ro\/wp52\/#organization"},"image":{"@id":"https:\/\/www.lovendal.ro\/wp52\/dictatorul-comunist-gheorghe-gheorghiu-dej-i-a-alungat-pe-tiganii-din-bucuresti-cu-grenade-lacrimogene-si-apoi-i-a-deportat-in-baragan\/#primaryimage"},"thumbnailUrl":"https:\/\/www.lovendal.ro\/wp52\/wp-content\/uploads\/2017\/04\/gospodarie_de_mahala_00124900.jpg","keywords":["armat\u0103","B\u0103r\u0103gan","Bucure\u015fti","camion","capital\u0103","c\u00e2rna\u0163i","comuni\u015fti","dictator","Floreasca","Gheorghe Gheorghiu Dej","grenade","groap\u0103","iarn\u0103","insul\u0103","Istorie si Civilizatii","lac","Mili\u0163ia","Rom\u00e2nia","rufe","Siberia","solda\u0163i","\u0163igani"],"articleSection":["Istorie si Civilizatii","Noutati"],"inLanguage":"ro-RO","potentialAction":[{"@type":"CommentAction","name":"Comment","target":["https:\/\/www.lovendal.ro\/wp52\/dictatorul-comunist-gheorghe-gheorghiu-dej-i-a-alungat-pe-tiganii-din-bucuresti-cu-grenade-lacrimogene-si-apoi-i-a-deportat-in-baragan\/#respond"]}]},{"@type":"WebPage","@id":"https:\/\/www.lovendal.ro\/wp52\/dictatorul-comunist-gheorghe-gheorghiu-dej-i-a-alungat-pe-tiganii-din-bucuresti-cu-grenade-lacrimogene-si-apoi-i-a-deportat-in-baragan\/","url":"https:\/\/www.lovendal.ro\/wp52\/dictatorul-comunist-gheorghe-gheorghiu-dej-i-a-alungat-pe-tiganii-din-bucuresti-cu-grenade-lacrimogene-si-apoi-i-a-deportat-in-baragan\/","name":"Dictatorul comunist Gheorghe Gheorghiu-Dej i-a alungat pe \u0163iganii din Bucure\u015fti cu grenade lacrimogene \u015fi apoi i-a deportat \u00een B\u0103r\u0103gan - Secretele lui Lovendal","isPartOf":{"@id":"https:\/\/www.lovendal.ro\/wp52\/#website"},"primaryImageOfPage":{"@id":"https:\/\/www.lovendal.ro\/wp52\/dictatorul-comunist-gheorghe-gheorghiu-dej-i-a-alungat-pe-tiganii-din-bucuresti-cu-grenade-lacrimogene-si-apoi-i-a-deportat-in-baragan\/#primaryimage"},"image":{"@id":"https:\/\/www.lovendal.ro\/wp52\/dictatorul-comunist-gheorghe-gheorghiu-dej-i-a-alungat-pe-tiganii-din-bucuresti-cu-grenade-lacrimogene-si-apoi-i-a-deportat-in-baragan\/#primaryimage"},"thumbnailUrl":"https:\/\/www.lovendal.ro\/wp52\/wp-content\/uploads\/2017\/04\/gospodarie_de_mahala_00124900.jpg","datePublished":"2017-04-09T19:01:04+00:00","dateModified":"2017-04-09T19:01:42+00:00","breadcrumb":{"@id":"https:\/\/www.lovendal.ro\/wp52\/dictatorul-comunist-gheorghe-gheorghiu-dej-i-a-alungat-pe-tiganii-din-bucuresti-cu-grenade-lacrimogene-si-apoi-i-a-deportat-in-baragan\/#breadcrumb"},"inLanguage":"ro-RO","potentialAction":[{"@type":"ReadAction","target":["https:\/\/www.lovendal.ro\/wp52\/dictatorul-comunist-gheorghe-gheorghiu-dej-i-a-alungat-pe-tiganii-din-bucuresti-cu-grenade-lacrimogene-si-apoi-i-a-deportat-in-baragan\/"]}]},{"@type":"ImageObject","inLanguage":"ro-RO","@id":"https:\/\/www.lovendal.ro\/wp52\/dictatorul-comunist-gheorghe-gheorghiu-dej-i-a-alungat-pe-tiganii-din-bucuresti-cu-grenade-lacrimogene-si-apoi-i-a-deportat-in-baragan\/#primaryimage","url":"https:\/\/www.lovendal.ro\/wp52\/wp-content\/uploads\/2017\/04\/gospodarie_de_mahala_00124900.jpg","contentUrl":"https:\/\/www.lovendal.ro\/wp52\/wp-content\/uploads\/2017\/04\/gospodarie_de_mahala_00124900.jpg","width":333,"height":244},{"@type":"BreadcrumbList","@id":"https:\/\/www.lovendal.ro\/wp52\/dictatorul-comunist-gheorghe-gheorghiu-dej-i-a-alungat-pe-tiganii-din-bucuresti-cu-grenade-lacrimogene-si-apoi-i-a-deportat-in-baragan\/#breadcrumb","itemListElement":[{"@type":"ListItem","position":1,"name":"Home","item":"https:\/\/www.lovendal.ro\/wp52\/"},{"@type":"ListItem","position":2,"name":"Dictatorul comunist Gheorghe Gheorghiu-Dej i-a alungat pe \u0163iganii din Bucure\u015fti cu grenade lacrimogene \u015fi apoi i-a deportat \u00een B\u0103r\u0103gan"}]},{"@type":"WebSite","@id":"https:\/\/www.lovendal.ro\/wp52\/#website","url":"https:\/\/www.lovendal.ro\/wp52\/","name":"Secretele lui Lovendal","description":"Site de secrete, stiinta si metafizica - din 2008 -","publisher":{"@id":"https:\/\/www.lovendal.ro\/wp52\/#organization"},"potentialAction":[{"@type":"SearchAction","target":{"@type":"EntryPoint","urlTemplate":"https:\/\/www.lovendal.ro\/wp52\/?s={search_term_string}"},"query-input":{"@type":"PropertyValueSpecification","valueRequired":true,"valueName":"search_term_string"}}],"inLanguage":"ro-RO"},{"@type":"Organization","@id":"https:\/\/www.lovendal.ro\/wp52\/#organization","name":"Secretele lui Lovendal","url":"https:\/\/www.lovendal.ro\/wp52\/","logo":{"@type":"ImageObject","inLanguage":"ro-RO","@id":"https:\/\/www.lovendal.ro\/wp52\/#\/schema\/logo\/image\/","url":"https:\/\/www.lovendal.ro\/wp52\/wp-content\/uploads\/2024\/06\/cropped-SLL-iun-2024-1.jpg","contentUrl":"https:\/\/www.lovendal.ro\/wp52\/wp-content\/uploads\/2024\/06\/cropped-SLL-iun-2024-1.jpg","width":771,"height":240,"caption":"Secretele lui Lovendal"},"image":{"@id":"https:\/\/www.lovendal.ro\/wp52\/#\/schema\/logo\/image\/"},"sameAs":["https:\/\/www.facebook.com\/secreteleluilovendal"]},{"@type":"Person","@id":"https:\/\/www.lovendal.ro\/wp52\/#\/schema\/person\/088691de5dfc346bb0c023e1e52ef5d9","name":"admin","image":{"@type":"ImageObject","inLanguage":"ro-RO","@id":"https:\/\/secure.gravatar.com\/avatar\/ecb9cd41f5f63c9c9b989999a59f6e2639a865ec361e9db054db0679a8f341c2?s=96&d=mm&r=g","url":"https:\/\/secure.gravatar.com\/avatar\/ecb9cd41f5f63c9c9b989999a59f6e2639a865ec361e9db054db0679a8f341c2?s=96&d=mm&r=g","contentUrl":"https:\/\/secure.gravatar.com\/avatar\/ecb9cd41f5f63c9c9b989999a59f6e2639a865ec361e9db054db0679a8f341c2?s=96&d=mm&r=g","caption":"admin"},"sameAs":["https:\/\/www.lovendal.ro\/wp52"]}]}},"_links":{"self":[{"href":"https:\/\/www.lovendal.ro\/wp52\/wp-json\/wp\/v2\/posts\/49012","targetHints":{"allow":["GET"]}}],"collection":[{"href":"https:\/\/www.lovendal.ro\/wp52\/wp-json\/wp\/v2\/posts"}],"about":[{"href":"https:\/\/www.lovendal.ro\/wp52\/wp-json\/wp\/v2\/types\/post"}],"author":[{"embeddable":true,"href":"https:\/\/www.lovendal.ro\/wp52\/wp-json\/wp\/v2\/users\/1"}],"replies":[{"embeddable":true,"href":"https:\/\/www.lovendal.ro\/wp52\/wp-json\/wp\/v2\/comments?post=49012"}],"version-history":[{"count":0,"href":"https:\/\/www.lovendal.ro\/wp52\/wp-json\/wp\/v2\/posts\/49012\/revisions"}],"wp:featuredmedia":[{"embeddable":true,"href":"https:\/\/www.lovendal.ro\/wp52\/wp-json\/wp\/v2\/media\/49013"}],"wp:attachment":[{"href":"https:\/\/www.lovendal.ro\/wp52\/wp-json\/wp\/v2\/media?parent=49012"}],"wp:term":[{"taxonomy":"category","embeddable":true,"href":"https:\/\/www.lovendal.ro\/wp52\/wp-json\/wp\/v2\/categories?post=49012"},{"taxonomy":"post_tag","embeddable":true,"href":"https:\/\/www.lovendal.ro\/wp52\/wp-json\/wp\/v2\/tags?post=49012"}],"curies":[{"name":"wp","href":"https:\/\/api.w.org\/{rel}","templated":true}]}}