{"id":48921,"date":"2017-04-04T21:53:16","date_gmt":"2017-04-04T18:53:16","guid":{"rendered":"http:\/\/www.lovendal.ro\/wp52\/?p=48921"},"modified":"2021-01-19T21:33:00","modified_gmt":"2021-01-19T19:33:00","slug":"maftei-pop-romanul-care-a-trait-148-de-ani-care-au-fost-secretele-vietii-sale","status":"publish","type":"post","link":"https:\/\/www.lovendal.ro\/wp52\/maftei-pop-romanul-care-a-trait-148-de-ani-care-au-fost-secretele-vietii-sale\/","title":{"rendered":"Maftei Pop, rom\u00e2nul care a tr\u0103it 148 de ani. Care au fost secretele vie\u0163ii sale?"},"content":{"rendered":"<p><a href=\"https:\/\/www.lovendal.ro\/wp52\/wp-content\/uploads\/2017\/04\/Mastei-din-Osoi-2.jpg\"><img loading=\"lazy\" decoding=\"async\" class=\"alignleft size-full wp-image-73248\" src=\"https:\/\/www.lovendal.ro\/wp52\/wp-content\/uploads\/2017\/04\/Mastei-din-Osoi-2.jpg\" alt=\"\" width=\"345\" height=\"218\" \/><\/a>Se spune c\u0103 cel mai longeviv rom\u00e2n care a tr\u0103it vreodat\u0103 a fost Maftei Pop, cel care a tr\u0103it 148 de ani. Atunci c\u00e2nd a decedat, \u00een anul 1952, pe certificatul de deces scrie clar v\u00e2rsta de 148 de ani, ceea ce \u00eenseamn\u0103 c\u0103 acest &#8222;Matusalem&#8221; al rom\u00e2nilor s-a n\u0103scut \u00een anul 1804.<\/p>\n<p>Care e secretul unei vie\u0163i at\u00e2t de \u00eenaintate? Maftei Pop a tr\u0103it o via\u0163\u0103 liber\u0103, f\u0103r\u0103 prejudec\u0103\u0163i, f\u0103c\u00e2nd ceea ce a dorit. Astfel, o perioad\u0103 el a b\u0103ut zdrav\u0103n \u015fi a fumat pip\u0103. Doarmea afar\u0103, at\u00e2t vara, c\u00e2t \u015fi iarna. Doar c\u00e2nd era foarte frig era poftit din poiata sau grajd s\u0103 se culce \u00een casa omului la care se afla ocazional: l\u00e2ng\u0103 sob\u0103, pe o blan\u0103 de oaie. Cu o buturug\u0103 de lemn drept pern\u0103, a\u015fa cum prefera.\u00a0Umbla cu pieptul gol, chiar \u015fi pe vreme de viscol, purt\u00e2ndu-se \u00eentr-o c\u0103ma\u015f\u0103 \u0163\u0103r\u0103neasc\u0103 din p\u00e2nz\u0103, trei sferturi, ca un fl\u0103c\u0103u. Se spune c\u0103 Maftei Pop nu s-a \u00eemboln\u0103vit niciodat\u0103, trec\u00e2nd peste toate molimile \u015fi epidemiile catastrofale ale lumii, de la \u201cCiuma lui Caragea\u201d, pe care a prins-o pe c\u00e2nd avea doar c\u00e2\u0163iva ani, p\u00e2n\u0103 la epidemiile de tifos, cium\u0103, holer\u0103, lepr\u0103, ce au f\u0103cut ravagii p\u00e2n\u0103 aproape de zilele noastre.<\/p>\n<p>Maftei Pop s-a n\u0103scut \u00een anul 1804, \u00een satul Valea Loznii din jude\u0163ul S\u0103laj, \u015fi a murit \u00een 1952 la Osoi. Tr\u0103ia uneori izolat. F\u0103r\u0103 carte, se pricepea doar s\u0103 numere por\u0163iile de m\u00e2ncare \u015fi rareori gologanii primi\u0163i pe diferite munci de la \u0163\u0103ranii din Osoi. I se spunea \u201cprost\u0103nacul\u201d mai mult pentru faptul c\u0103 nu \u015fi-a \u00eentemeiat o familie \u015fi nu \u015fi-a ridicat o gospod\u0103rie. \u015ei acest fapt a contribuit la longevitatea sa extraordinar\u0103.<\/p>\n<p>Ca putere era t\u00e2n\u0103r \u015fi era privit ca un fenomen. Avea o for\u0163\u0103 muscular\u0103 pu\u0163in obi\u015fnuit\u0103. A lucrat la ma\u015fina de treierat, ma\u015fin\u0103 primitiv\u0103 pe care o \u00eenv\u00e2rtea cu m\u00e2na. Cu o m\u00e2n\u0103 tr\u0103gea cei doi bivoli pu\u015fi la jug. Ducea din p\u0103dure trei grinzi \u00een spinare, de la 2-3 kilometri dep\u0103rtare, peste dealuri, p\u00e2n\u0103 la 100 de ani. La 120 de ani \u00eenc\u0103 putea purta c\u00e2te un lemn de 10-12 metri de la 2-3 km. Predominant lapte, br\u00e2nz\u0103, m\u0103m\u0103lig\u0103. M\u00e2nca c\u00e2t trei, m\u00e2nca \u015fi o oaie \u00eentreag\u0103 la o mas\u0103, pe care o primea \u00een schimbul muncii lui.<\/p>\n<p>\u00centre posibilele explica\u0163ii cu privire la longevitatea extraordinar\u0103 a b\u0103rbatului, profesorul dr. C.I. Parhon (cel care l-a examinat pe Maftei Pop) subliniaz\u0103 faptul c\u0103 \u00een familia lui au existat centenari (mama \u015fi sora, 110, respectiv 102 ani), dar mai ales c\u0103 b\u0103rbatul a tr\u0103it toat\u0103 via\u0163a muncind \u015fi apoi odihnindu-se numai \u00een aer liber. Un alt factor important ce a ac\u0163ionat favorabil pentru atingerea unei asemenea v\u00e2rste \u00eenaintate este \u015fi regimul alimentar alc\u0103tuit mai mult din zarzavaturi, ciorbe \u015fi lactate, ca \u015fi factorii de clim\u0103.<\/p>\n<p><strong><em>Sursa:<\/em><\/strong> <strong>jurnalul.ro<\/strong><\/p>\n","protected":false},"excerpt":{"rendered":"<p>Se spune c\u0103 cel mai longeviv rom\u00e2n care a tr\u0103it vreodat\u0103 a fost Maftei Pop, cel care a tr\u0103it 148 de ani. Atunci c\u00e2nd a decedat, \u00een anul 1952, pe certificatul de deces scrie clar v\u00e2rsta de 148 de ani, &#8230; <\/p>\n<p class=\"read-more-container\"><a title=\"Maftei Pop, rom\u00e2nul care a tr\u0103it 148 de ani. Care au fost secretele vie\u0163ii sale?\" class=\"read-more button\" href=\"https:\/\/www.lovendal.ro\/wp52\/maftei-pop-romanul-care-a-trait-148-de-ani-care-au-fost-secretele-vietii-sale\/#more-48921\" aria-label=\"Cite\u0219te mai multe despre Maftei Pop, rom\u00e2nul care a tr\u0103it 148 de ani. Care au fost secretele vie\u0163ii sale?\">Cititi mai multe<\/a><\/p>\n","protected":false},"author":1,"featured_media":73248,"comment_status":"open","ping_status":"closed","sticky":false,"template":"","format":"standard","meta":{"footnotes":""},"categories":[2833,10210],"tags":[8226,11532,324,444,2891,1337,11531,3924,10270,61,108,4739,2398,11530,858,10211,11529,3997,366],"class_list":["post-48921","post","type-post","status-publish","format-standard","has-post-thumbnail","hentry","category-noutati","category-romania-misterioasa","tag-bivol","tag-ciorbatifos","tag-ciuma","tag-familie","tag-grajd","tag-holera","tag-lactate","tag-lemn","tag-lepra","tag-matusalem","tag-moarte","tag-oaie","tag-padure","tag-parhon","tag-romani","tag-romania-misterioasa","tag-salaj","tag-soba","tag-viata","resize-featured-image"],"yoast_head":"<!-- This site is optimized with the Yoast SEO Premium plugin v23.3 (Yoast SEO v27.4) - https:\/\/yoast.com\/product\/yoast-seo-premium-wordpress\/ -->\n<title>Maftei Pop, rom\u00e2nul care a tr\u0103it 148 de ani. Care au fost secretele vie\u0163ii sale? - Secretele lui Lovendal<\/title>\n<meta name=\"robots\" content=\"index, follow, max-snippet:-1, max-image-preview:large, max-video-preview:-1\" \/>\n<link rel=\"canonical\" href=\"https:\/\/www.lovendal.ro\/wp52\/maftei-pop-romanul-care-a-trait-148-de-ani-care-au-fost-secretele-vietii-sale\/\" \/>\n<meta property=\"og:locale\" content=\"ro_RO\" \/>\n<meta property=\"og:type\" content=\"article\" \/>\n<meta property=\"og:title\" content=\"Maftei Pop, rom\u00e2nul care a tr\u0103it 148 de ani. Care au fost secretele vie\u0163ii sale?\" \/>\n<meta property=\"og:description\" content=\"Se spune c\u0103 cel mai longeviv rom\u00e2n care a tr\u0103it vreodat\u0103 a fost Maftei Pop, cel care a tr\u0103it 148 de ani. Atunci c\u00e2nd a decedat, \u00een anul 1952, pe certificatul de deces scrie clar v\u00e2rsta de 148 de ani, ... Cititi mai multe\" \/>\n<meta property=\"og:url\" content=\"https:\/\/www.lovendal.ro\/wp52\/maftei-pop-romanul-care-a-trait-148-de-ani-care-au-fost-secretele-vietii-sale\/\" \/>\n<meta property=\"og:site_name\" content=\"Secretele lui Lovendal\" \/>\n<meta property=\"article:publisher\" content=\"https:\/\/www.facebook.com\/secreteleluilovendal\" \/>\n<meta property=\"article:published_time\" content=\"2017-04-04T18:53:16+00:00\" \/>\n<meta property=\"article:modified_time\" content=\"2021-01-19T19:33:00+00:00\" \/>\n<meta property=\"og:image\" content=\"https:\/\/www.lovendal.ro\/wp52\/wp-content\/uploads\/2017\/04\/Mastei-din-Osoi-2.jpg\" \/>\n\t<meta property=\"og:image:width\" content=\"345\" \/>\n\t<meta property=\"og:image:height\" content=\"218\" \/>\n\t<meta property=\"og:image:type\" content=\"image\/jpeg\" \/>\n<meta name=\"author\" content=\"admin\" \/>\n<meta name=\"twitter:card\" content=\"summary_large_image\" \/>\n<meta name=\"twitter:label1\" content=\"Scris de\" \/>\n\t<meta name=\"twitter:data1\" content=\"admin\" \/>\n\t<meta name=\"twitter:label2\" content=\"Timp estimat pentru citire\" \/>\n\t<meta name=\"twitter:data2\" content=\"3 minute\" \/>\n<script type=\"application\/ld+json\" class=\"yoast-schema-graph\">{\"@context\":\"https:\\\/\\\/schema.org\",\"@graph\":[{\"@type\":\"Article\",\"@id\":\"https:\\\/\\\/www.lovendal.ro\\\/wp52\\\/maftei-pop-romanul-care-a-trait-148-de-ani-care-au-fost-secretele-vietii-sale\\\/#article\",\"isPartOf\":{\"@id\":\"https:\\\/\\\/www.lovendal.ro\\\/wp52\\\/maftei-pop-romanul-care-a-trait-148-de-ani-care-au-fost-secretele-vietii-sale\\\/\"},\"author\":{\"name\":\"admin\",\"@id\":\"https:\\\/\\\/www.lovendal.ro\\\/wp52\\\/#\\\/schema\\\/person\\\/088691de5dfc346bb0c023e1e52ef5d9\"},\"headline\":\"Maftei Pop, rom\u00e2nul care a tr\u0103it 148 de ani. Care au fost secretele vie\u0163ii sale?\",\"datePublished\":\"2017-04-04T18:53:16+00:00\",\"dateModified\":\"2021-01-19T19:33:00+00:00\",\"mainEntityOfPage\":{\"@id\":\"https:\\\/\\\/www.lovendal.ro\\\/wp52\\\/maftei-pop-romanul-care-a-trait-148-de-ani-care-au-fost-secretele-vietii-sale\\\/\"},\"wordCount\":546,\"commentCount\":1,\"publisher\":{\"@id\":\"https:\\\/\\\/www.lovendal.ro\\\/wp52\\\/#organization\"},\"image\":{\"@id\":\"https:\\\/\\\/www.lovendal.ro\\\/wp52\\\/maftei-pop-romanul-care-a-trait-148-de-ani-care-au-fost-secretele-vietii-sale\\\/#primaryimage\"},\"thumbnailUrl\":\"https:\\\/\\\/www.lovendal.ro\\\/wp52\\\/wp-content\\\/uploads\\\/2017\\\/04\\\/Mastei-din-Osoi-2.jpg\",\"keywords\":[\"bivol\",\"ciorb\u0103tifos\",\"cium\u0103\",\"familie\",\"grajd\",\"holer\u0103\",\"lactate\",\"lemn\",\"lepr\u0103\",\"Matusalem\",\"moarte\",\"oaie\",\"p\u0103dure\",\"Parhon\",\"romani\",\"Romania misterioas\u0103\",\"S\u0103laj\",\"sob\u0103\",\"via\u0163\u0103\"],\"articleSection\":[\"Noutati\",\"Romania misterioasa\"],\"inLanguage\":\"ro-RO\",\"potentialAction\":[{\"@type\":\"CommentAction\",\"name\":\"Comment\",\"target\":[\"https:\\\/\\\/www.lovendal.ro\\\/wp52\\\/maftei-pop-romanul-care-a-trait-148-de-ani-care-au-fost-secretele-vietii-sale\\\/#respond\"]}]},{\"@type\":\"WebPage\",\"@id\":\"https:\\\/\\\/www.lovendal.ro\\\/wp52\\\/maftei-pop-romanul-care-a-trait-148-de-ani-care-au-fost-secretele-vietii-sale\\\/\",\"url\":\"https:\\\/\\\/www.lovendal.ro\\\/wp52\\\/maftei-pop-romanul-care-a-trait-148-de-ani-care-au-fost-secretele-vietii-sale\\\/\",\"name\":\"Maftei Pop, rom\u00e2nul care a tr\u0103it 148 de ani. Care au fost secretele vie\u0163ii sale? - Secretele lui Lovendal\",\"isPartOf\":{\"@id\":\"https:\\\/\\\/www.lovendal.ro\\\/wp52\\\/#website\"},\"primaryImageOfPage\":{\"@id\":\"https:\\\/\\\/www.lovendal.ro\\\/wp52\\\/maftei-pop-romanul-care-a-trait-148-de-ani-care-au-fost-secretele-vietii-sale\\\/#primaryimage\"},\"image\":{\"@id\":\"https:\\\/\\\/www.lovendal.ro\\\/wp52\\\/maftei-pop-romanul-care-a-trait-148-de-ani-care-au-fost-secretele-vietii-sale\\\/#primaryimage\"},\"thumbnailUrl\":\"https:\\\/\\\/www.lovendal.ro\\\/wp52\\\/wp-content\\\/uploads\\\/2017\\\/04\\\/Mastei-din-Osoi-2.jpg\",\"datePublished\":\"2017-04-04T18:53:16+00:00\",\"dateModified\":\"2021-01-19T19:33:00+00:00\",\"breadcrumb\":{\"@id\":\"https:\\\/\\\/www.lovendal.ro\\\/wp52\\\/maftei-pop-romanul-care-a-trait-148-de-ani-care-au-fost-secretele-vietii-sale\\\/#breadcrumb\"},\"inLanguage\":\"ro-RO\",\"potentialAction\":[{\"@type\":\"ReadAction\",\"target\":[\"https:\\\/\\\/www.lovendal.ro\\\/wp52\\\/maftei-pop-romanul-care-a-trait-148-de-ani-care-au-fost-secretele-vietii-sale\\\/\"]}]},{\"@type\":\"ImageObject\",\"inLanguage\":\"ro-RO\",\"@id\":\"https:\\\/\\\/www.lovendal.ro\\\/wp52\\\/maftei-pop-romanul-care-a-trait-148-de-ani-care-au-fost-secretele-vietii-sale\\\/#primaryimage\",\"url\":\"https:\\\/\\\/www.lovendal.ro\\\/wp52\\\/wp-content\\\/uploads\\\/2017\\\/04\\\/Mastei-din-Osoi-2.jpg\",\"contentUrl\":\"https:\\\/\\\/www.lovendal.ro\\\/wp52\\\/wp-content\\\/uploads\\\/2017\\\/04\\\/Mastei-din-Osoi-2.jpg\",\"width\":345,\"height\":218},{\"@type\":\"BreadcrumbList\",\"@id\":\"https:\\\/\\\/www.lovendal.ro\\\/wp52\\\/maftei-pop-romanul-care-a-trait-148-de-ani-care-au-fost-secretele-vietii-sale\\\/#breadcrumb\",\"itemListElement\":[{\"@type\":\"ListItem\",\"position\":1,\"name\":\"Home\",\"item\":\"https:\\\/\\\/www.lovendal.ro\\\/wp52\\\/\"},{\"@type\":\"ListItem\",\"position\":2,\"name\":\"Maftei Pop, rom\u00e2nul care a tr\u0103it 148 de ani. Care au fost secretele vie\u0163ii sale?\"}]},{\"@type\":\"WebSite\",\"@id\":\"https:\\\/\\\/www.lovendal.ro\\\/wp52\\\/#website\",\"url\":\"https:\\\/\\\/www.lovendal.ro\\\/wp52\\\/\",\"name\":\"Secretele lui Lovendal\",\"description\":\"Site de secrete, stiinta si metafizica - din 2008 -\",\"publisher\":{\"@id\":\"https:\\\/\\\/www.lovendal.ro\\\/wp52\\\/#organization\"},\"potentialAction\":[{\"@type\":\"SearchAction\",\"target\":{\"@type\":\"EntryPoint\",\"urlTemplate\":\"https:\\\/\\\/www.lovendal.ro\\\/wp52\\\/?s={search_term_string}\"},\"query-input\":{\"@type\":\"PropertyValueSpecification\",\"valueRequired\":true,\"valueName\":\"search_term_string\"}}],\"inLanguage\":\"ro-RO\"},{\"@type\":\"Organization\",\"@id\":\"https:\\\/\\\/www.lovendal.ro\\\/wp52\\\/#organization\",\"name\":\"Secretele lui Lovendal\",\"url\":\"https:\\\/\\\/www.lovendal.ro\\\/wp52\\\/\",\"logo\":{\"@type\":\"ImageObject\",\"inLanguage\":\"ro-RO\",\"@id\":\"https:\\\/\\\/www.lovendal.ro\\\/wp52\\\/#\\\/schema\\\/logo\\\/image\\\/\",\"url\":\"https:\\\/\\\/www.lovendal.ro\\\/wp52\\\/wp-content\\\/uploads\\\/2024\\\/06\\\/cropped-SLL-iun-2024-1.jpg\",\"contentUrl\":\"https:\\\/\\\/www.lovendal.ro\\\/wp52\\\/wp-content\\\/uploads\\\/2024\\\/06\\\/cropped-SLL-iun-2024-1.jpg\",\"width\":771,\"height\":240,\"caption\":\"Secretele lui Lovendal\"},\"image\":{\"@id\":\"https:\\\/\\\/www.lovendal.ro\\\/wp52\\\/#\\\/schema\\\/logo\\\/image\\\/\"},\"sameAs\":[\"https:\\\/\\\/www.facebook.com\\\/secreteleluilovendal\"]},{\"@type\":\"Person\",\"@id\":\"https:\\\/\\\/www.lovendal.ro\\\/wp52\\\/#\\\/schema\\\/person\\\/088691de5dfc346bb0c023e1e52ef5d9\",\"name\":\"admin\",\"image\":{\"@type\":\"ImageObject\",\"inLanguage\":\"ro-RO\",\"@id\":\"https:\\\/\\\/secure.gravatar.com\\\/avatar\\\/ecb9cd41f5f63c9c9b989999a59f6e2639a865ec361e9db054db0679a8f341c2?s=96&d=mm&r=g\",\"url\":\"https:\\\/\\\/secure.gravatar.com\\\/avatar\\\/ecb9cd41f5f63c9c9b989999a59f6e2639a865ec361e9db054db0679a8f341c2?s=96&d=mm&r=g\",\"contentUrl\":\"https:\\\/\\\/secure.gravatar.com\\\/avatar\\\/ecb9cd41f5f63c9c9b989999a59f6e2639a865ec361e9db054db0679a8f341c2?s=96&d=mm&r=g\",\"caption\":\"admin\"},\"sameAs\":[\"https:\\\/\\\/www.lovendal.ro\\\/wp52\"]}]}<\/script>\n<!-- \/ Yoast SEO Premium plugin. -->","yoast_head_json":{"title":"Maftei Pop, rom\u00e2nul care a tr\u0103it 148 de ani. Care au fost secretele vie\u0163ii sale? - Secretele lui Lovendal","robots":{"index":"index","follow":"follow","max-snippet":"max-snippet:-1","max-image-preview":"max-image-preview:large","max-video-preview":"max-video-preview:-1"},"canonical":"https:\/\/www.lovendal.ro\/wp52\/maftei-pop-romanul-care-a-trait-148-de-ani-care-au-fost-secretele-vietii-sale\/","og_locale":"ro_RO","og_type":"article","og_title":"Maftei Pop, rom\u00e2nul care a tr\u0103it 148 de ani. Care au fost secretele vie\u0163ii sale?","og_description":"Se spune c\u0103 cel mai longeviv rom\u00e2n care a tr\u0103it vreodat\u0103 a fost Maftei Pop, cel care a tr\u0103it 148 de ani. Atunci c\u00e2nd a decedat, \u00een anul 1952, pe certificatul de deces scrie clar v\u00e2rsta de 148 de ani, ... Cititi mai multe","og_url":"https:\/\/www.lovendal.ro\/wp52\/maftei-pop-romanul-care-a-trait-148-de-ani-care-au-fost-secretele-vietii-sale\/","og_site_name":"Secretele lui Lovendal","article_publisher":"https:\/\/www.facebook.com\/secreteleluilovendal","article_published_time":"2017-04-04T18:53:16+00:00","article_modified_time":"2021-01-19T19:33:00+00:00","og_image":[{"width":345,"height":218,"url":"https:\/\/www.lovendal.ro\/wp52\/wp-content\/uploads\/2017\/04\/Mastei-din-Osoi-2.jpg","type":"image\/jpeg"}],"author":"admin","twitter_card":"summary_large_image","twitter_misc":{"Scris de":"admin","Timp estimat pentru citire":"3 minute"},"schema":{"@context":"https:\/\/schema.org","@graph":[{"@type":"Article","@id":"https:\/\/www.lovendal.ro\/wp52\/maftei-pop-romanul-care-a-trait-148-de-ani-care-au-fost-secretele-vietii-sale\/#article","isPartOf":{"@id":"https:\/\/www.lovendal.ro\/wp52\/maftei-pop-romanul-care-a-trait-148-de-ani-care-au-fost-secretele-vietii-sale\/"},"author":{"name":"admin","@id":"https:\/\/www.lovendal.ro\/wp52\/#\/schema\/person\/088691de5dfc346bb0c023e1e52ef5d9"},"headline":"Maftei Pop, rom\u00e2nul care a tr\u0103it 148 de ani. Care au fost secretele vie\u0163ii sale?","datePublished":"2017-04-04T18:53:16+00:00","dateModified":"2021-01-19T19:33:00+00:00","mainEntityOfPage":{"@id":"https:\/\/www.lovendal.ro\/wp52\/maftei-pop-romanul-care-a-trait-148-de-ani-care-au-fost-secretele-vietii-sale\/"},"wordCount":546,"commentCount":1,"publisher":{"@id":"https:\/\/www.lovendal.ro\/wp52\/#organization"},"image":{"@id":"https:\/\/www.lovendal.ro\/wp52\/maftei-pop-romanul-care-a-trait-148-de-ani-care-au-fost-secretele-vietii-sale\/#primaryimage"},"thumbnailUrl":"https:\/\/www.lovendal.ro\/wp52\/wp-content\/uploads\/2017\/04\/Mastei-din-Osoi-2.jpg","keywords":["bivol","ciorb\u0103tifos","cium\u0103","familie","grajd","holer\u0103","lactate","lemn","lepr\u0103","Matusalem","moarte","oaie","p\u0103dure","Parhon","romani","Romania misterioas\u0103","S\u0103laj","sob\u0103","via\u0163\u0103"],"articleSection":["Noutati","Romania misterioasa"],"inLanguage":"ro-RO","potentialAction":[{"@type":"CommentAction","name":"Comment","target":["https:\/\/www.lovendal.ro\/wp52\/maftei-pop-romanul-care-a-trait-148-de-ani-care-au-fost-secretele-vietii-sale\/#respond"]}]},{"@type":"WebPage","@id":"https:\/\/www.lovendal.ro\/wp52\/maftei-pop-romanul-care-a-trait-148-de-ani-care-au-fost-secretele-vietii-sale\/","url":"https:\/\/www.lovendal.ro\/wp52\/maftei-pop-romanul-care-a-trait-148-de-ani-care-au-fost-secretele-vietii-sale\/","name":"Maftei Pop, rom\u00e2nul care a tr\u0103it 148 de ani. Care au fost secretele vie\u0163ii sale? - Secretele lui Lovendal","isPartOf":{"@id":"https:\/\/www.lovendal.ro\/wp52\/#website"},"primaryImageOfPage":{"@id":"https:\/\/www.lovendal.ro\/wp52\/maftei-pop-romanul-care-a-trait-148-de-ani-care-au-fost-secretele-vietii-sale\/#primaryimage"},"image":{"@id":"https:\/\/www.lovendal.ro\/wp52\/maftei-pop-romanul-care-a-trait-148-de-ani-care-au-fost-secretele-vietii-sale\/#primaryimage"},"thumbnailUrl":"https:\/\/www.lovendal.ro\/wp52\/wp-content\/uploads\/2017\/04\/Mastei-din-Osoi-2.jpg","datePublished":"2017-04-04T18:53:16+00:00","dateModified":"2021-01-19T19:33:00+00:00","breadcrumb":{"@id":"https:\/\/www.lovendal.ro\/wp52\/maftei-pop-romanul-care-a-trait-148-de-ani-care-au-fost-secretele-vietii-sale\/#breadcrumb"},"inLanguage":"ro-RO","potentialAction":[{"@type":"ReadAction","target":["https:\/\/www.lovendal.ro\/wp52\/maftei-pop-romanul-care-a-trait-148-de-ani-care-au-fost-secretele-vietii-sale\/"]}]},{"@type":"ImageObject","inLanguage":"ro-RO","@id":"https:\/\/www.lovendal.ro\/wp52\/maftei-pop-romanul-care-a-trait-148-de-ani-care-au-fost-secretele-vietii-sale\/#primaryimage","url":"https:\/\/www.lovendal.ro\/wp52\/wp-content\/uploads\/2017\/04\/Mastei-din-Osoi-2.jpg","contentUrl":"https:\/\/www.lovendal.ro\/wp52\/wp-content\/uploads\/2017\/04\/Mastei-din-Osoi-2.jpg","width":345,"height":218},{"@type":"BreadcrumbList","@id":"https:\/\/www.lovendal.ro\/wp52\/maftei-pop-romanul-care-a-trait-148-de-ani-care-au-fost-secretele-vietii-sale\/#breadcrumb","itemListElement":[{"@type":"ListItem","position":1,"name":"Home","item":"https:\/\/www.lovendal.ro\/wp52\/"},{"@type":"ListItem","position":2,"name":"Maftei Pop, rom\u00e2nul care a tr\u0103it 148 de ani. Care au fost secretele vie\u0163ii sale?"}]},{"@type":"WebSite","@id":"https:\/\/www.lovendal.ro\/wp52\/#website","url":"https:\/\/www.lovendal.ro\/wp52\/","name":"Secretele lui Lovendal","description":"Site de secrete, stiinta si metafizica - din 2008 -","publisher":{"@id":"https:\/\/www.lovendal.ro\/wp52\/#organization"},"potentialAction":[{"@type":"SearchAction","target":{"@type":"EntryPoint","urlTemplate":"https:\/\/www.lovendal.ro\/wp52\/?s={search_term_string}"},"query-input":{"@type":"PropertyValueSpecification","valueRequired":true,"valueName":"search_term_string"}}],"inLanguage":"ro-RO"},{"@type":"Organization","@id":"https:\/\/www.lovendal.ro\/wp52\/#organization","name":"Secretele lui Lovendal","url":"https:\/\/www.lovendal.ro\/wp52\/","logo":{"@type":"ImageObject","inLanguage":"ro-RO","@id":"https:\/\/www.lovendal.ro\/wp52\/#\/schema\/logo\/image\/","url":"https:\/\/www.lovendal.ro\/wp52\/wp-content\/uploads\/2024\/06\/cropped-SLL-iun-2024-1.jpg","contentUrl":"https:\/\/www.lovendal.ro\/wp52\/wp-content\/uploads\/2024\/06\/cropped-SLL-iun-2024-1.jpg","width":771,"height":240,"caption":"Secretele lui Lovendal"},"image":{"@id":"https:\/\/www.lovendal.ro\/wp52\/#\/schema\/logo\/image\/"},"sameAs":["https:\/\/www.facebook.com\/secreteleluilovendal"]},{"@type":"Person","@id":"https:\/\/www.lovendal.ro\/wp52\/#\/schema\/person\/088691de5dfc346bb0c023e1e52ef5d9","name":"admin","image":{"@type":"ImageObject","inLanguage":"ro-RO","@id":"https:\/\/secure.gravatar.com\/avatar\/ecb9cd41f5f63c9c9b989999a59f6e2639a865ec361e9db054db0679a8f341c2?s=96&d=mm&r=g","url":"https:\/\/secure.gravatar.com\/avatar\/ecb9cd41f5f63c9c9b989999a59f6e2639a865ec361e9db054db0679a8f341c2?s=96&d=mm&r=g","contentUrl":"https:\/\/secure.gravatar.com\/avatar\/ecb9cd41f5f63c9c9b989999a59f6e2639a865ec361e9db054db0679a8f341c2?s=96&d=mm&r=g","caption":"admin"},"sameAs":["https:\/\/www.lovendal.ro\/wp52"]}]}},"_links":{"self":[{"href":"https:\/\/www.lovendal.ro\/wp52\/wp-json\/wp\/v2\/posts\/48921","targetHints":{"allow":["GET"]}}],"collection":[{"href":"https:\/\/www.lovendal.ro\/wp52\/wp-json\/wp\/v2\/posts"}],"about":[{"href":"https:\/\/www.lovendal.ro\/wp52\/wp-json\/wp\/v2\/types\/post"}],"author":[{"embeddable":true,"href":"https:\/\/www.lovendal.ro\/wp52\/wp-json\/wp\/v2\/users\/1"}],"replies":[{"embeddable":true,"href":"https:\/\/www.lovendal.ro\/wp52\/wp-json\/wp\/v2\/comments?post=48921"}],"version-history":[{"count":0,"href":"https:\/\/www.lovendal.ro\/wp52\/wp-json\/wp\/v2\/posts\/48921\/revisions"}],"wp:featuredmedia":[{"embeddable":true,"href":"https:\/\/www.lovendal.ro\/wp52\/wp-json\/wp\/v2\/media\/73248"}],"wp:attachment":[{"href":"https:\/\/www.lovendal.ro\/wp52\/wp-json\/wp\/v2\/media?parent=48921"}],"wp:term":[{"taxonomy":"category","embeddable":true,"href":"https:\/\/www.lovendal.ro\/wp52\/wp-json\/wp\/v2\/categories?post=48921"},{"taxonomy":"post_tag","embeddable":true,"href":"https:\/\/www.lovendal.ro\/wp52\/wp-json\/wp\/v2\/tags?post=48921"}],"curies":[{"name":"wp","href":"https:\/\/api.w.org\/{rel}","templated":true}]}}