{"id":48854,"date":"2017-03-31T09:29:40","date_gmt":"2017-03-31T06:29:40","guid":{"rendered":"http:\/\/www.lovendal.ro\/wp52\/?p=48854"},"modified":"2017-03-31T17:59:58","modified_gmt":"2017-03-31T14:59:58","slug":"matthias-buchinger-piticul-german-fara-maini-si-picioare-dar-care-a-uimit-o-europa-intreaga-cu-abilitatile-sale-extraordinare","status":"publish","type":"post","link":"https:\/\/www.lovendal.ro\/wp52\/matthias-buchinger-piticul-german-fara-maini-si-picioare-dar-care-a-uimit-o-europa-intreaga-cu-abilitatile-sale-extraordinare\/","title":{"rendered":"Matthias Buchinger, piticul german f\u0103r\u0103 m\u00e2ini \u015fi picioare, dar care a uimit o Europ\u0103 \u00eentreag\u0103 cu abilit\u0103\u0163ile sale extraordinare"},"content":{"rendered":"<p><a href=\"https:\/\/www.lovendal.ro\/wp52\/wp-content\/uploads\/2017\/03\/scott-matthias-buchinger.jpg\"><img loading=\"lazy\" decoding=\"async\" class=\"alignleft size-full wp-image-48857\" src=\"https:\/\/www.lovendal.ro\/wp52\/wp-content\/uploads\/2017\/03\/scott-matthias-buchinger.jpg\" alt=\"\" width=\"333\" height=\"330\" srcset=\"https:\/\/www.lovendal.ro\/wp52\/wp-content\/uploads\/2017\/03\/scott-matthias-buchinger.jpg 333w, https:\/\/www.lovendal.ro\/wp52\/wp-content\/uploads\/2017\/03\/scott-matthias-buchinger-150x150.jpg 150w, https:\/\/www.lovendal.ro\/wp52\/wp-content\/uploads\/2017\/03\/scott-matthias-buchinger-300x297.jpg 300w, https:\/\/www.lovendal.ro\/wp52\/wp-content\/uploads\/2017\/03\/scott-matthias-buchinger-65x65.jpg 65w\" sizes=\"auto, (max-width: 333px) 100vw, 333px\" \/><\/a>Matthias Buchinger s-a n\u0103scut \u00een 1674 \u00een ora\u0219ul Ansbach, Germania. El a fost n\u0103scut f\u0103r\u0103 m\u00e2ini \u0219i picioare \u0219i a avut ca \u015fi adult doar 74 de centimetri \u00een\u0103l\u0163ime. \u00cen ciuda handicapurilor sale grave, el a fost un des\u0103v\u00e2r\u0219it artist, magician, muzician, interpret, pictor \u0219i caligraf specializat \u00een micrografic\u0103.<\/p>\n<p>Buchinger i-a distrat pe regi \u0219i aristocra\u021bi din toat\u0103 Europa \u0219i a fost recunoscut \u00een acele vremuri ca \u201ecel mai mare german \u00een via\u0163\u0103\u201c \u0219i \u201epiticul din N\u00fcrnberg\u201c. Faima sa l-a urmat, oriunde a mers.<\/p>\n<p>C\u00e2nd efectua de tot felul de spectacole, c\u00e2nta pe zece instrumente diferite, inclusiv \u021bambal, oboi, trompet\u0103, flaut \u0219i pe alte instrumente pe care el \u00eensu\u0219i le-a inventat. El era foarte bun \u00een efectuarea de trucuri magice cu bile \u0219i cupe, dar se pricepea de minune s\u0103 danseze pe cioturile de picioare pe care le avea. \u00cens\u0103, abilitatea sa cea mai mare era \u00een caligrafie, mai ales \u00een micrografic\u0103; acest lucru e absolut formidabil, \u0163in\u00e2nd cont de faptul c\u0103 el \u00ee\u015fi folosea doar cioturile de m\u00e2ini, de care erau ata\u015fate ni\u015fte apendice fine. Privi\u0163i, de exemplu, o ilustra\u0163ie a operei sale:<\/p>\n<p><a href=\"https:\/\/www.lovendal.ro\/wp52\/wp-content\/uploads\/2017\/03\/Buchinger-1.jpg\"><img loading=\"lazy\" decoding=\"async\" class=\"aligncenter size-full wp-image-48855\" src=\"https:\/\/www.lovendal.ro\/wp52\/wp-content\/uploads\/2017\/03\/Buchinger-1.jpg\" alt=\"\" width=\"539\" height=\"602\" srcset=\"https:\/\/www.lovendal.ro\/wp52\/wp-content\/uploads\/2017\/03\/Buchinger-1.jpg 539w, https:\/\/www.lovendal.ro\/wp52\/wp-content\/uploads\/2017\/03\/Buchinger-1-269x300.jpg 269w\" sizes=\"auto, (max-width: 539px) 100vw, 539px\" \/><\/a><\/p>\n<p>Lucrarea sa cea mai celebr\u0103 este un autoportret \u00een care buclele p\u0103rului s\u0103u con\u0163in textele a \u0219apte psalmi din Biblie, inscriptionate cu litere miniaturale, aproape invizibile cu ochiul liber.<\/p>\n<p><a href=\"https:\/\/www.lovendal.ro\/wp52\/wp-content\/uploads\/2017\/03\/Buchinger-2.jpg\"><img loading=\"lazy\" decoding=\"async\" class=\"aligncenter size-full wp-image-48856\" src=\"https:\/\/www.lovendal.ro\/wp52\/wp-content\/uploads\/2017\/03\/Buchinger-2.jpg\" alt=\"\" width=\"540\" height=\"614\" srcset=\"https:\/\/www.lovendal.ro\/wp52\/wp-content\/uploads\/2017\/03\/Buchinger-2.jpg 540w, https:\/\/www.lovendal.ro\/wp52\/wp-content\/uploads\/2017\/03\/Buchinger-2-264x300.jpg 264w\" sizes=\"auto, (max-width: 540px) 100vw, 540px\" \/><\/a><\/p>\n<p>Aparent, el a fost, de asemenea, specialist \u00een a seduce femeile. El s-a c\u0103s\u0103torit de patru ori \u0219i a avut cel pu\u021bin 14 copii cu 8 femei diferite. Existau zvonuri c\u0103 piticul magician german a avut vreo 70 de amante! A murit \u00een 1740, \u00een Cork, Irlanda, la v\u00e2rsta de 65 de ani&#8230;<\/p>\n<p>Uluitor om!<\/p>\n","protected":false},"excerpt":{"rendered":"<p>Matthias Buchinger s-a n\u0103scut \u00een 1674 \u00een ora\u0219ul Ansbach, Germania. El a fost n\u0103scut f\u0103r\u0103 m\u00e2ini \u0219i picioare \u0219i a avut ca \u015fi adult doar 74 de centimetri \u00een\u0103l\u0163ime. \u00cen ciuda handicapurilor sale grave, el a fost un des\u0103v\u00e2r\u0219it artist, &#8230; <\/p>\n<p class=\"read-more-container\"><a title=\"Matthias Buchinger, piticul german f\u0103r\u0103 m\u00e2ini \u015fi picioare, dar care a uimit o Europ\u0103 \u00eentreag\u0103 cu abilit\u0103\u0163ile sale extraordinare\" class=\"read-more button\" href=\"https:\/\/www.lovendal.ro\/wp52\/matthias-buchinger-piticul-german-fara-maini-si-picioare-dar-care-a-uimit-o-europa-intreaga-cu-abilitatile-sale-extraordinare\/#more-48854\" aria-label=\"Cite\u0219te mai multe despre Matthias Buchinger, piticul german f\u0103r\u0103 m\u00e2ini \u015fi picioare, dar care a uimit o Europ\u0103 \u00eentreag\u0103 cu abilit\u0103\u0163ile sale extraordinare\">Cititi mai multe<\/a><\/p>\n","protected":false},"author":1,"featured_media":48857,"comment_status":"open","ping_status":"closed","sticky":false,"template":"","format":"standard","meta":{"footnotes":""},"categories":[1852,2833],"tags":[60,11509,1945,1073,341,3354,9809,490,3713,4979,11507,6731,151,1169,284,165,3645,453,11508],"class_list":["post-48854","post","type-post","status-publish","format-standard","has-post-thumbnail","hentry","category-incredibil","category-noutati","tag-biblie","tag-caligrafie","tag-casatorie","tag-copii","tag-europa","tag-flaut","tag-incredibil","tag-irlanda","tag-magician","tag-maini","tag-matthias-buchinger","tag-muzician","tag-oras","tag-par","tag-picioare","tag-pictor","tag-pitic","tag-rege","tag-tambal","resize-featured-image"],"yoast_head":"<!-- This site is optimized with the Yoast SEO Premium plugin v23.3 (Yoast SEO v27.4) - https:\/\/yoast.com\/product\/yoast-seo-premium-wordpress\/ -->\n<title>Matthias Buchinger, piticul german f\u0103r\u0103 m\u00e2ini \u015fi picioare, dar care a uimit o Europ\u0103 \u00eentreag\u0103 cu abilit\u0103\u0163ile sale extraordinare - Secretele lui Lovendal<\/title>\n<meta name=\"robots\" content=\"index, follow, max-snippet:-1, max-image-preview:large, max-video-preview:-1\" \/>\n<link rel=\"canonical\" href=\"https:\/\/www.lovendal.ro\/wp52\/matthias-buchinger-piticul-german-fara-maini-si-picioare-dar-care-a-uimit-o-europa-intreaga-cu-abilitatile-sale-extraordinare\/\" \/>\n<meta property=\"og:locale\" content=\"ro_RO\" \/>\n<meta property=\"og:type\" content=\"article\" \/>\n<meta property=\"og:title\" content=\"Matthias Buchinger, piticul german f\u0103r\u0103 m\u00e2ini \u015fi picioare, dar care a uimit o Europ\u0103 \u00eentreag\u0103 cu abilit\u0103\u0163ile sale extraordinare\" \/>\n<meta property=\"og:description\" content=\"Matthias Buchinger s-a n\u0103scut \u00een 1674 \u00een ora\u0219ul Ansbach, Germania. El a fost n\u0103scut f\u0103r\u0103 m\u00e2ini \u0219i picioare \u0219i a avut ca \u015fi adult doar 74 de centimetri \u00een\u0103l\u0163ime. \u00cen ciuda handicapurilor sale grave, el a fost un des\u0103v\u00e2r\u0219it artist, ... Cititi mai multe\" \/>\n<meta property=\"og:url\" content=\"https:\/\/www.lovendal.ro\/wp52\/matthias-buchinger-piticul-german-fara-maini-si-picioare-dar-care-a-uimit-o-europa-intreaga-cu-abilitatile-sale-extraordinare\/\" \/>\n<meta property=\"og:site_name\" content=\"Secretele lui Lovendal\" \/>\n<meta property=\"article:publisher\" content=\"https:\/\/www.facebook.com\/secreteleluilovendal\" \/>\n<meta property=\"article:published_time\" content=\"2017-03-31T06:29:40+00:00\" \/>\n<meta property=\"article:modified_time\" content=\"2017-03-31T14:59:58+00:00\" \/>\n<meta property=\"og:image\" content=\"https:\/\/www.lovendal.ro\/wp52\/wp-content\/uploads\/2017\/03\/scott-matthias-buchinger.jpg\" \/>\n\t<meta property=\"og:image:width\" content=\"333\" \/>\n\t<meta property=\"og:image:height\" content=\"330\" \/>\n\t<meta property=\"og:image:type\" content=\"image\/jpeg\" \/>\n<meta name=\"author\" content=\"admin\" \/>\n<meta name=\"twitter:card\" content=\"summary_large_image\" \/>\n<meta name=\"twitter:label1\" content=\"Scris de\" \/>\n\t<meta name=\"twitter:data1\" content=\"admin\" \/>\n\t<meta name=\"twitter:label2\" content=\"Timp estimat pentru citire\" \/>\n\t<meta name=\"twitter:data2\" content=\"1 minut\" \/>\n<script type=\"application\/ld+json\" class=\"yoast-schema-graph\">{\"@context\":\"https:\\\/\\\/schema.org\",\"@graph\":[{\"@type\":\"Article\",\"@id\":\"https:\\\/\\\/www.lovendal.ro\\\/wp52\\\/matthias-buchinger-piticul-german-fara-maini-si-picioare-dar-care-a-uimit-o-europa-intreaga-cu-abilitatile-sale-extraordinare\\\/#article\",\"isPartOf\":{\"@id\":\"https:\\\/\\\/www.lovendal.ro\\\/wp52\\\/matthias-buchinger-piticul-german-fara-maini-si-picioare-dar-care-a-uimit-o-europa-intreaga-cu-abilitatile-sale-extraordinare\\\/\"},\"author\":{\"name\":\"admin\",\"@id\":\"https:\\\/\\\/www.lovendal.ro\\\/wp52\\\/#\\\/schema\\\/person\\\/088691de5dfc346bb0c023e1e52ef5d9\"},\"headline\":\"Matthias Buchinger, piticul german f\u0103r\u0103 m\u00e2ini \u015fi picioare, dar care a uimit o Europ\u0103 \u00eentreag\u0103 cu abilit\u0103\u0163ile sale extraordinare\",\"datePublished\":\"2017-03-31T06:29:40+00:00\",\"dateModified\":\"2017-03-31T14:59:58+00:00\",\"mainEntityOfPage\":{\"@id\":\"https:\\\/\\\/www.lovendal.ro\\\/wp52\\\/matthias-buchinger-piticul-german-fara-maini-si-picioare-dar-care-a-uimit-o-europa-intreaga-cu-abilitatile-sale-extraordinare\\\/\"},\"wordCount\":311,\"commentCount\":0,\"publisher\":{\"@id\":\"https:\\\/\\\/www.lovendal.ro\\\/wp52\\\/#organization\"},\"image\":{\"@id\":\"https:\\\/\\\/www.lovendal.ro\\\/wp52\\\/matthias-buchinger-piticul-german-fara-maini-si-picioare-dar-care-a-uimit-o-europa-intreaga-cu-abilitatile-sale-extraordinare\\\/#primaryimage\"},\"thumbnailUrl\":\"https:\\\/\\\/www.lovendal.ro\\\/wp52\\\/wp-content\\\/uploads\\\/2017\\\/03\\\/scott-matthias-buchinger.jpg\",\"keywords\":[\"Biblie\",\"caligrafie\",\"c\u0103s\u0103torie\",\"copii\",\"Europa\",\"flaut\",\"Incredibil!\",\"Irlanda\",\"magician\",\"m\u00e2ini\",\"Matthias Buchinger\",\"muzician\",\"ora\u015f\",\"p\u0103r\",\"picioare\",\"pictor\",\"pitic\",\"rege\",\"\u0163ambal\"],\"articleSection\":[\"Incredibil!\",\"Noutati\"],\"inLanguage\":\"ro-RO\",\"potentialAction\":[{\"@type\":\"CommentAction\",\"name\":\"Comment\",\"target\":[\"https:\\\/\\\/www.lovendal.ro\\\/wp52\\\/matthias-buchinger-piticul-german-fara-maini-si-picioare-dar-care-a-uimit-o-europa-intreaga-cu-abilitatile-sale-extraordinare\\\/#respond\"]}]},{\"@type\":\"WebPage\",\"@id\":\"https:\\\/\\\/www.lovendal.ro\\\/wp52\\\/matthias-buchinger-piticul-german-fara-maini-si-picioare-dar-care-a-uimit-o-europa-intreaga-cu-abilitatile-sale-extraordinare\\\/\",\"url\":\"https:\\\/\\\/www.lovendal.ro\\\/wp52\\\/matthias-buchinger-piticul-german-fara-maini-si-picioare-dar-care-a-uimit-o-europa-intreaga-cu-abilitatile-sale-extraordinare\\\/\",\"name\":\"Matthias Buchinger, piticul german f\u0103r\u0103 m\u00e2ini \u015fi picioare, dar care a uimit o Europ\u0103 \u00eentreag\u0103 cu abilit\u0103\u0163ile sale extraordinare - Secretele lui Lovendal\",\"isPartOf\":{\"@id\":\"https:\\\/\\\/www.lovendal.ro\\\/wp52\\\/#website\"},\"primaryImageOfPage\":{\"@id\":\"https:\\\/\\\/www.lovendal.ro\\\/wp52\\\/matthias-buchinger-piticul-german-fara-maini-si-picioare-dar-care-a-uimit-o-europa-intreaga-cu-abilitatile-sale-extraordinare\\\/#primaryimage\"},\"image\":{\"@id\":\"https:\\\/\\\/www.lovendal.ro\\\/wp52\\\/matthias-buchinger-piticul-german-fara-maini-si-picioare-dar-care-a-uimit-o-europa-intreaga-cu-abilitatile-sale-extraordinare\\\/#primaryimage\"},\"thumbnailUrl\":\"https:\\\/\\\/www.lovendal.ro\\\/wp52\\\/wp-content\\\/uploads\\\/2017\\\/03\\\/scott-matthias-buchinger.jpg\",\"datePublished\":\"2017-03-31T06:29:40+00:00\",\"dateModified\":\"2017-03-31T14:59:58+00:00\",\"breadcrumb\":{\"@id\":\"https:\\\/\\\/www.lovendal.ro\\\/wp52\\\/matthias-buchinger-piticul-german-fara-maini-si-picioare-dar-care-a-uimit-o-europa-intreaga-cu-abilitatile-sale-extraordinare\\\/#breadcrumb\"},\"inLanguage\":\"ro-RO\",\"potentialAction\":[{\"@type\":\"ReadAction\",\"target\":[\"https:\\\/\\\/www.lovendal.ro\\\/wp52\\\/matthias-buchinger-piticul-german-fara-maini-si-picioare-dar-care-a-uimit-o-europa-intreaga-cu-abilitatile-sale-extraordinare\\\/\"]}]},{\"@type\":\"ImageObject\",\"inLanguage\":\"ro-RO\",\"@id\":\"https:\\\/\\\/www.lovendal.ro\\\/wp52\\\/matthias-buchinger-piticul-german-fara-maini-si-picioare-dar-care-a-uimit-o-europa-intreaga-cu-abilitatile-sale-extraordinare\\\/#primaryimage\",\"url\":\"https:\\\/\\\/www.lovendal.ro\\\/wp52\\\/wp-content\\\/uploads\\\/2017\\\/03\\\/scott-matthias-buchinger.jpg\",\"contentUrl\":\"https:\\\/\\\/www.lovendal.ro\\\/wp52\\\/wp-content\\\/uploads\\\/2017\\\/03\\\/scott-matthias-buchinger.jpg\",\"width\":333,\"height\":330},{\"@type\":\"BreadcrumbList\",\"@id\":\"https:\\\/\\\/www.lovendal.ro\\\/wp52\\\/matthias-buchinger-piticul-german-fara-maini-si-picioare-dar-care-a-uimit-o-europa-intreaga-cu-abilitatile-sale-extraordinare\\\/#breadcrumb\",\"itemListElement\":[{\"@type\":\"ListItem\",\"position\":1,\"name\":\"Home\",\"item\":\"https:\\\/\\\/www.lovendal.ro\\\/wp52\\\/\"},{\"@type\":\"ListItem\",\"position\":2,\"name\":\"Matthias Buchinger, piticul german f\u0103r\u0103 m\u00e2ini \u015fi picioare, dar care a uimit o Europ\u0103 \u00eentreag\u0103 cu abilit\u0103\u0163ile sale extraordinare\"}]},{\"@type\":\"WebSite\",\"@id\":\"https:\\\/\\\/www.lovendal.ro\\\/wp52\\\/#website\",\"url\":\"https:\\\/\\\/www.lovendal.ro\\\/wp52\\\/\",\"name\":\"Secretele lui Lovendal\",\"description\":\"Site de secrete, stiinta si metafizica - din 2008 -\",\"publisher\":{\"@id\":\"https:\\\/\\\/www.lovendal.ro\\\/wp52\\\/#organization\"},\"potentialAction\":[{\"@type\":\"SearchAction\",\"target\":{\"@type\":\"EntryPoint\",\"urlTemplate\":\"https:\\\/\\\/www.lovendal.ro\\\/wp52\\\/?s={search_term_string}\"},\"query-input\":{\"@type\":\"PropertyValueSpecification\",\"valueRequired\":true,\"valueName\":\"search_term_string\"}}],\"inLanguage\":\"ro-RO\"},{\"@type\":\"Organization\",\"@id\":\"https:\\\/\\\/www.lovendal.ro\\\/wp52\\\/#organization\",\"name\":\"Secretele lui Lovendal\",\"url\":\"https:\\\/\\\/www.lovendal.ro\\\/wp52\\\/\",\"logo\":{\"@type\":\"ImageObject\",\"inLanguage\":\"ro-RO\",\"@id\":\"https:\\\/\\\/www.lovendal.ro\\\/wp52\\\/#\\\/schema\\\/logo\\\/image\\\/\",\"url\":\"https:\\\/\\\/www.lovendal.ro\\\/wp52\\\/wp-content\\\/uploads\\\/2024\\\/06\\\/cropped-SLL-iun-2024-1.jpg\",\"contentUrl\":\"https:\\\/\\\/www.lovendal.ro\\\/wp52\\\/wp-content\\\/uploads\\\/2024\\\/06\\\/cropped-SLL-iun-2024-1.jpg\",\"width\":771,\"height\":240,\"caption\":\"Secretele lui Lovendal\"},\"image\":{\"@id\":\"https:\\\/\\\/www.lovendal.ro\\\/wp52\\\/#\\\/schema\\\/logo\\\/image\\\/\"},\"sameAs\":[\"https:\\\/\\\/www.facebook.com\\\/secreteleluilovendal\"]},{\"@type\":\"Person\",\"@id\":\"https:\\\/\\\/www.lovendal.ro\\\/wp52\\\/#\\\/schema\\\/person\\\/088691de5dfc346bb0c023e1e52ef5d9\",\"name\":\"admin\",\"image\":{\"@type\":\"ImageObject\",\"inLanguage\":\"ro-RO\",\"@id\":\"https:\\\/\\\/secure.gravatar.com\\\/avatar\\\/ecb9cd41f5f63c9c9b989999a59f6e2639a865ec361e9db054db0679a8f341c2?s=96&d=mm&r=g\",\"url\":\"https:\\\/\\\/secure.gravatar.com\\\/avatar\\\/ecb9cd41f5f63c9c9b989999a59f6e2639a865ec361e9db054db0679a8f341c2?s=96&d=mm&r=g\",\"contentUrl\":\"https:\\\/\\\/secure.gravatar.com\\\/avatar\\\/ecb9cd41f5f63c9c9b989999a59f6e2639a865ec361e9db054db0679a8f341c2?s=96&d=mm&r=g\",\"caption\":\"admin\"},\"sameAs\":[\"https:\\\/\\\/www.lovendal.ro\\\/wp52\"]}]}<\/script>\n<!-- \/ Yoast SEO Premium plugin. -->","yoast_head_json":{"title":"Matthias Buchinger, piticul german f\u0103r\u0103 m\u00e2ini \u015fi picioare, dar care a uimit o Europ\u0103 \u00eentreag\u0103 cu abilit\u0103\u0163ile sale extraordinare - Secretele lui Lovendal","robots":{"index":"index","follow":"follow","max-snippet":"max-snippet:-1","max-image-preview":"max-image-preview:large","max-video-preview":"max-video-preview:-1"},"canonical":"https:\/\/www.lovendal.ro\/wp52\/matthias-buchinger-piticul-german-fara-maini-si-picioare-dar-care-a-uimit-o-europa-intreaga-cu-abilitatile-sale-extraordinare\/","og_locale":"ro_RO","og_type":"article","og_title":"Matthias Buchinger, piticul german f\u0103r\u0103 m\u00e2ini \u015fi picioare, dar care a uimit o Europ\u0103 \u00eentreag\u0103 cu abilit\u0103\u0163ile sale extraordinare","og_description":"Matthias Buchinger s-a n\u0103scut \u00een 1674 \u00een ora\u0219ul Ansbach, Germania. El a fost n\u0103scut f\u0103r\u0103 m\u00e2ini \u0219i picioare \u0219i a avut ca \u015fi adult doar 74 de centimetri \u00een\u0103l\u0163ime. \u00cen ciuda handicapurilor sale grave, el a fost un des\u0103v\u00e2r\u0219it artist, ... Cititi mai multe","og_url":"https:\/\/www.lovendal.ro\/wp52\/matthias-buchinger-piticul-german-fara-maini-si-picioare-dar-care-a-uimit-o-europa-intreaga-cu-abilitatile-sale-extraordinare\/","og_site_name":"Secretele lui Lovendal","article_publisher":"https:\/\/www.facebook.com\/secreteleluilovendal","article_published_time":"2017-03-31T06:29:40+00:00","article_modified_time":"2017-03-31T14:59:58+00:00","og_image":[{"width":333,"height":330,"url":"https:\/\/www.lovendal.ro\/wp52\/wp-content\/uploads\/2017\/03\/scott-matthias-buchinger.jpg","type":"image\/jpeg"}],"author":"admin","twitter_card":"summary_large_image","twitter_misc":{"Scris de":"admin","Timp estimat pentru citire":"1 minut"},"schema":{"@context":"https:\/\/schema.org","@graph":[{"@type":"Article","@id":"https:\/\/www.lovendal.ro\/wp52\/matthias-buchinger-piticul-german-fara-maini-si-picioare-dar-care-a-uimit-o-europa-intreaga-cu-abilitatile-sale-extraordinare\/#article","isPartOf":{"@id":"https:\/\/www.lovendal.ro\/wp52\/matthias-buchinger-piticul-german-fara-maini-si-picioare-dar-care-a-uimit-o-europa-intreaga-cu-abilitatile-sale-extraordinare\/"},"author":{"name":"admin","@id":"https:\/\/www.lovendal.ro\/wp52\/#\/schema\/person\/088691de5dfc346bb0c023e1e52ef5d9"},"headline":"Matthias Buchinger, piticul german f\u0103r\u0103 m\u00e2ini \u015fi picioare, dar care a uimit o Europ\u0103 \u00eentreag\u0103 cu abilit\u0103\u0163ile sale extraordinare","datePublished":"2017-03-31T06:29:40+00:00","dateModified":"2017-03-31T14:59:58+00:00","mainEntityOfPage":{"@id":"https:\/\/www.lovendal.ro\/wp52\/matthias-buchinger-piticul-german-fara-maini-si-picioare-dar-care-a-uimit-o-europa-intreaga-cu-abilitatile-sale-extraordinare\/"},"wordCount":311,"commentCount":0,"publisher":{"@id":"https:\/\/www.lovendal.ro\/wp52\/#organization"},"image":{"@id":"https:\/\/www.lovendal.ro\/wp52\/matthias-buchinger-piticul-german-fara-maini-si-picioare-dar-care-a-uimit-o-europa-intreaga-cu-abilitatile-sale-extraordinare\/#primaryimage"},"thumbnailUrl":"https:\/\/www.lovendal.ro\/wp52\/wp-content\/uploads\/2017\/03\/scott-matthias-buchinger.jpg","keywords":["Biblie","caligrafie","c\u0103s\u0103torie","copii","Europa","flaut","Incredibil!","Irlanda","magician","m\u00e2ini","Matthias Buchinger","muzician","ora\u015f","p\u0103r","picioare","pictor","pitic","rege","\u0163ambal"],"articleSection":["Incredibil!","Noutati"],"inLanguage":"ro-RO","potentialAction":[{"@type":"CommentAction","name":"Comment","target":["https:\/\/www.lovendal.ro\/wp52\/matthias-buchinger-piticul-german-fara-maini-si-picioare-dar-care-a-uimit-o-europa-intreaga-cu-abilitatile-sale-extraordinare\/#respond"]}]},{"@type":"WebPage","@id":"https:\/\/www.lovendal.ro\/wp52\/matthias-buchinger-piticul-german-fara-maini-si-picioare-dar-care-a-uimit-o-europa-intreaga-cu-abilitatile-sale-extraordinare\/","url":"https:\/\/www.lovendal.ro\/wp52\/matthias-buchinger-piticul-german-fara-maini-si-picioare-dar-care-a-uimit-o-europa-intreaga-cu-abilitatile-sale-extraordinare\/","name":"Matthias Buchinger, piticul german f\u0103r\u0103 m\u00e2ini \u015fi picioare, dar care a uimit o Europ\u0103 \u00eentreag\u0103 cu abilit\u0103\u0163ile sale extraordinare - Secretele lui Lovendal","isPartOf":{"@id":"https:\/\/www.lovendal.ro\/wp52\/#website"},"primaryImageOfPage":{"@id":"https:\/\/www.lovendal.ro\/wp52\/matthias-buchinger-piticul-german-fara-maini-si-picioare-dar-care-a-uimit-o-europa-intreaga-cu-abilitatile-sale-extraordinare\/#primaryimage"},"image":{"@id":"https:\/\/www.lovendal.ro\/wp52\/matthias-buchinger-piticul-german-fara-maini-si-picioare-dar-care-a-uimit-o-europa-intreaga-cu-abilitatile-sale-extraordinare\/#primaryimage"},"thumbnailUrl":"https:\/\/www.lovendal.ro\/wp52\/wp-content\/uploads\/2017\/03\/scott-matthias-buchinger.jpg","datePublished":"2017-03-31T06:29:40+00:00","dateModified":"2017-03-31T14:59:58+00:00","breadcrumb":{"@id":"https:\/\/www.lovendal.ro\/wp52\/matthias-buchinger-piticul-german-fara-maini-si-picioare-dar-care-a-uimit-o-europa-intreaga-cu-abilitatile-sale-extraordinare\/#breadcrumb"},"inLanguage":"ro-RO","potentialAction":[{"@type":"ReadAction","target":["https:\/\/www.lovendal.ro\/wp52\/matthias-buchinger-piticul-german-fara-maini-si-picioare-dar-care-a-uimit-o-europa-intreaga-cu-abilitatile-sale-extraordinare\/"]}]},{"@type":"ImageObject","inLanguage":"ro-RO","@id":"https:\/\/www.lovendal.ro\/wp52\/matthias-buchinger-piticul-german-fara-maini-si-picioare-dar-care-a-uimit-o-europa-intreaga-cu-abilitatile-sale-extraordinare\/#primaryimage","url":"https:\/\/www.lovendal.ro\/wp52\/wp-content\/uploads\/2017\/03\/scott-matthias-buchinger.jpg","contentUrl":"https:\/\/www.lovendal.ro\/wp52\/wp-content\/uploads\/2017\/03\/scott-matthias-buchinger.jpg","width":333,"height":330},{"@type":"BreadcrumbList","@id":"https:\/\/www.lovendal.ro\/wp52\/matthias-buchinger-piticul-german-fara-maini-si-picioare-dar-care-a-uimit-o-europa-intreaga-cu-abilitatile-sale-extraordinare\/#breadcrumb","itemListElement":[{"@type":"ListItem","position":1,"name":"Home","item":"https:\/\/www.lovendal.ro\/wp52\/"},{"@type":"ListItem","position":2,"name":"Matthias Buchinger, piticul german f\u0103r\u0103 m\u00e2ini \u015fi picioare, dar care a uimit o Europ\u0103 \u00eentreag\u0103 cu abilit\u0103\u0163ile sale extraordinare"}]},{"@type":"WebSite","@id":"https:\/\/www.lovendal.ro\/wp52\/#website","url":"https:\/\/www.lovendal.ro\/wp52\/","name":"Secretele lui Lovendal","description":"Site de secrete, stiinta si metafizica - din 2008 -","publisher":{"@id":"https:\/\/www.lovendal.ro\/wp52\/#organization"},"potentialAction":[{"@type":"SearchAction","target":{"@type":"EntryPoint","urlTemplate":"https:\/\/www.lovendal.ro\/wp52\/?s={search_term_string}"},"query-input":{"@type":"PropertyValueSpecification","valueRequired":true,"valueName":"search_term_string"}}],"inLanguage":"ro-RO"},{"@type":"Organization","@id":"https:\/\/www.lovendal.ro\/wp52\/#organization","name":"Secretele lui Lovendal","url":"https:\/\/www.lovendal.ro\/wp52\/","logo":{"@type":"ImageObject","inLanguage":"ro-RO","@id":"https:\/\/www.lovendal.ro\/wp52\/#\/schema\/logo\/image\/","url":"https:\/\/www.lovendal.ro\/wp52\/wp-content\/uploads\/2024\/06\/cropped-SLL-iun-2024-1.jpg","contentUrl":"https:\/\/www.lovendal.ro\/wp52\/wp-content\/uploads\/2024\/06\/cropped-SLL-iun-2024-1.jpg","width":771,"height":240,"caption":"Secretele lui Lovendal"},"image":{"@id":"https:\/\/www.lovendal.ro\/wp52\/#\/schema\/logo\/image\/"},"sameAs":["https:\/\/www.facebook.com\/secreteleluilovendal"]},{"@type":"Person","@id":"https:\/\/www.lovendal.ro\/wp52\/#\/schema\/person\/088691de5dfc346bb0c023e1e52ef5d9","name":"admin","image":{"@type":"ImageObject","inLanguage":"ro-RO","@id":"https:\/\/secure.gravatar.com\/avatar\/ecb9cd41f5f63c9c9b989999a59f6e2639a865ec361e9db054db0679a8f341c2?s=96&d=mm&r=g","url":"https:\/\/secure.gravatar.com\/avatar\/ecb9cd41f5f63c9c9b989999a59f6e2639a865ec361e9db054db0679a8f341c2?s=96&d=mm&r=g","contentUrl":"https:\/\/secure.gravatar.com\/avatar\/ecb9cd41f5f63c9c9b989999a59f6e2639a865ec361e9db054db0679a8f341c2?s=96&d=mm&r=g","caption":"admin"},"sameAs":["https:\/\/www.lovendal.ro\/wp52"]}]}},"_links":{"self":[{"href":"https:\/\/www.lovendal.ro\/wp52\/wp-json\/wp\/v2\/posts\/48854","targetHints":{"allow":["GET"]}}],"collection":[{"href":"https:\/\/www.lovendal.ro\/wp52\/wp-json\/wp\/v2\/posts"}],"about":[{"href":"https:\/\/www.lovendal.ro\/wp52\/wp-json\/wp\/v2\/types\/post"}],"author":[{"embeddable":true,"href":"https:\/\/www.lovendal.ro\/wp52\/wp-json\/wp\/v2\/users\/1"}],"replies":[{"embeddable":true,"href":"https:\/\/www.lovendal.ro\/wp52\/wp-json\/wp\/v2\/comments?post=48854"}],"version-history":[{"count":0,"href":"https:\/\/www.lovendal.ro\/wp52\/wp-json\/wp\/v2\/posts\/48854\/revisions"}],"wp:featuredmedia":[{"embeddable":true,"href":"https:\/\/www.lovendal.ro\/wp52\/wp-json\/wp\/v2\/media\/48857"}],"wp:attachment":[{"href":"https:\/\/www.lovendal.ro\/wp52\/wp-json\/wp\/v2\/media?parent=48854"}],"wp:term":[{"taxonomy":"category","embeddable":true,"href":"https:\/\/www.lovendal.ro\/wp52\/wp-json\/wp\/v2\/categories?post=48854"},{"taxonomy":"post_tag","embeddable":true,"href":"https:\/\/www.lovendal.ro\/wp52\/wp-json\/wp\/v2\/tags?post=48854"}],"curies":[{"name":"wp","href":"https:\/\/api.w.org\/{rel}","templated":true}]}}