{"id":48538,"date":"2017-03-14T12:24:10","date_gmt":"2017-03-14T10:24:10","guid":{"rendered":"http:\/\/www.lovendal.ro\/wp52\/?p=48538"},"modified":"2023-09-28T15:15:05","modified_gmt":"2023-09-28T12:15:05","slug":"un-fost-inginer-nasa-de-renume-spune-ca-a-vazut-pe-monitoarele-de-supraveghere-un-extraterestru-inalt-de-3-metri-ce-se-afla-pe-statia-spatiala-internationala-sa-ne-indoim","status":"publish","type":"post","link":"https:\/\/www.lovendal.ro\/wp52\/un-fost-inginer-nasa-de-renume-spune-ca-a-vazut-pe-monitoarele-de-supraveghere-un-extraterestru-inalt-de-3-metri-ce-se-afla-pe-statia-spatiala-internationala-sa-ne-indoim\/","title":{"rendered":"EXCLUSIV! Un fost inginer NASA de renume spune c\u0103 a v\u0103zut pe monitoarele de supraveghere un extraterestru \u00eenalt de 3 metri ce se afla pe Sta\u0163ia Spa\u0163ial\u0103 Interna\u0163ional\u0103. S\u0103 ne \u00eendoim!?"},"content":{"rendered":"<p><a href=\"https:\/\/www.lovendal.ro\/wp52\/wp-content\/uploads\/2017\/03\/extraterestru-3-metri-1.jpg\"><img loading=\"lazy\" decoding=\"async\" class=\"alignleft size-full wp-image-87941\" src=\"https:\/\/www.lovendal.ro\/wp52\/wp-content\/uploads\/2017\/03\/extraterestru-3-metri-1.jpg\" alt=\"\" width=\"344\" height=\"263\" srcset=\"https:\/\/www.lovendal.ro\/wp52\/wp-content\/uploads\/2017\/03\/extraterestru-3-metri-1.jpg 344w, https:\/\/www.lovendal.ro\/wp52\/wp-content\/uploads\/2017\/03\/extraterestru-3-metri-1-300x229.jpg 300w\" sizes=\"auto, (max-width: 344px) 100vw, 344px\" \/><\/a>Un fost inginer NASA poveste\u0219te despre un eveniment neobi\u0219nuit care a avut loc \u00een timpul unei misiuni spa\u021biale, unde a fost martor la \u00eent\u00e2lnirea dintre un extraterestru umanoid, de 3 metri \u00een\u0103l\u0163ime, \u00eembr\u0103cat \u00eentr-un costum de astronaut supradimensionat \u0219i al\u021bi doi cosmonau\u021bi angaja\u021bi NASA.<\/p>\n<p>Aflat \u00eentr-o misiune spa\u021bial\u0103 de rutin\u0103, Clark McKlelland, fost inginer aerospa\u021bial NASA, acum pensionar, nu era con\u0219tient de scena memorabil\u0103 care urma s\u0103 se desf\u0103\u0219oare \u00een fa\u021ba ochilor lui. McKlelland a fost angajat la Centrul Spa\u0163ial Kennedy din Florida, din 1958 p\u00e2n\u0103 \u00een 1992. El a v\u0103zut multe lucruri neobi\u0219nuite \u00een timpul orelor de servici, dar nimic nu s-a apropiat cu acest caz, \u00een care inginerul s-a confruntat cu un extraterestru gigant, ce s-a \u00eenf\u0103\u0163i\u015fat pe monitorul s\u0103u.<\/p>\n<p>McClelland a povestit aceast\u0103 \u00eent\u00e2mplare pe site-ul s\u0103u &#8211; Stargate-Chronicles.com pe 29 iulie 2008. Iat\u0103 relatarea sa:<\/p>\n<p><em>&#8222;Eu, Clark C. McClelland, am observat cu ochii mei un extraterestru \u00eenalt de 3 metri, pe monitoarele video de 27 inch, \u00een timp ce m\u0103 aflam la servici la Centru Spa\u0163ial Kennedy. Extraterestrul st\u0103tea \u00een picioare, \u00een zona de \u00eenc\u0103rc\u0103tur\u0103 a sta\u0163iei spa\u0163iale, purt\u00e2nd o discu\u0163ie cu doi astronau\u0163i NASA. De asemenea, am observat o nav\u0103 spa\u0163ial\u0103 extraterestr\u0103, care se afla stabilizat\u0103 \u00eentr-o orbit\u0103 situat\u0103 \u00een spatele sta\u0163iei spa\u0163iale. Am observat acest incident timp de aproximativ un minut \u0219i 7 secunde, timp suficient pentru a memora tot ceea ce am observat. A fost un extraterestru \u0219i o nav\u0103 spa\u021bial\u0103 extraterestr\u0103&#8221;<\/em>.<\/p>\n<p>Pentru c\u0103 aceste spuse veneau de la un inginer NASA, cu o experien\u0163\u0103 remarcabil\u0103, comunitatea OZN-istic\u0103 a crezut c\u0103 Agen\u021bia spa\u021bial\u0103 american\u0103 va admite \u00een cele din urm\u0103 realitatea ascuns\u0103 a extratere\u015ftrilor, dar n-a f\u0103cut-o. McClelland chiar a spus: <em>&#8222;Nu exist\u0103 nicio agen\u021bie guvernamental\u0103 federal\u0103 care s\u0103 poat\u0103 spune c\u0103 sunt nebun! Sunt un pionier al programului spa\u021bial, am asistat la lansarea sondelor Mercury, Gemini, Apollo \u0219i a Sta\u021biei Spa\u021biale Interna\u021bionale. Am fost premiat \u015fi am primit onoruri de la senatori americani, congresmani, militari \u0219i oameni de \u0219tiin\u021b\u0103&#8221;.<\/em><\/p>\n<p>Trecutul s\u0103u u\u0219or de verificat l-a transformat pe McClelland \u00eentr-o surs\u0103 de \u00eencredere. Cu toate acestea, NASA a refuzat s\u0103 comenteze afirma\u021biile sale. \u00cenc\u0103 o dat\u0103, adev\u0103rul ne este ascuns&#8230;<\/p>\n<p><em><strong>Sursa (traducerea \u015fi adaptarea):<\/strong><\/em> <a href=\"http:\/\/www.stargate-chronicles.com\/site\/\" target=\"_blank\" rel=\"noopener\"><strong>stargate-chronicles.com<\/strong><\/a><\/p>\n","protected":false},"excerpt":{"rendered":"<p>Un fost inginer NASA poveste\u0219te despre un eveniment neobi\u0219nuit care a avut loc \u00een timpul unei misiuni spa\u021biale, unde a fost martor la \u00eent\u00e2lnirea dintre un extraterestru umanoid, de 3 metri \u00een\u0103l\u0163ime, \u00eembr\u0103cat \u00eentr-un costum de astronaut supradimensionat \u0219i al\u021bi &#8230; <\/p>\n<p class=\"read-more-container\"><a title=\"EXCLUSIV! Un fost inginer NASA de renume spune c\u0103 a v\u0103zut pe monitoarele de supraveghere un extraterestru \u00eenalt de 3 metri ce se afla pe Sta\u0163ia Spa\u0163ial\u0103 Interna\u0163ional\u0103. S\u0103 ne \u00eendoim!?\" class=\"read-more button\" href=\"https:\/\/www.lovendal.ro\/wp52\/un-fost-inginer-nasa-de-renume-spune-ca-a-vazut-pe-monitoarele-de-supraveghere-un-extraterestru-inalt-de-3-metri-ce-se-afla-pe-statia-spatiala-internationala-sa-ne-indoim\/#more-48538\" aria-label=\"Cite\u0219te mai multe despre EXCLUSIV! Un fost inginer NASA de renume spune c\u0103 a v\u0103zut pe monitoarele de supraveghere un extraterestru \u00eenalt de 3 metri ce se afla pe Sta\u0163ia Spa\u0163ial\u0103 Interna\u0163ional\u0103. S\u0103 ne \u00eendoim!?\">Cititi mai multe<\/a><\/p>\n","protected":false},"author":1,"featured_media":87941,"comment_status":"open","ping_status":"closed","sticky":false,"template":"","format":"standard","meta":{"footnotes":""},"categories":[14],"tags":[2990,3058,1495,3260,4609,2661,150,1324,4216,9796,11470,5133],"class_list":["post-48538","post","type-post","status-publish","format-standard","has-post-thumbnail","hentry","category-paranormal-spiritualitate","tag-apollo","tag-astronaut","tag-extraterestru","tag-florida","tag-inginer","tag-monitor","tag-nasa","tag-nava-spatiala","tag-orbita","tag-paranormal-spiritualitate","tag-sonda","tag-statia-spatiala-internationala","resize-featured-image"],"yoast_head":"<!-- This site is optimized with the Yoast SEO Premium plugin v23.3 (Yoast SEO v27.4) - https:\/\/yoast.com\/product\/yoast-seo-premium-wordpress\/ -->\n<title>EXCLUSIV! Un fost inginer NASA de renume spune c\u0103 a v\u0103zut pe monitoarele de supraveghere un extraterestru \u00eenalt de 3 metri ce se afla pe Sta\u0163ia Spa\u0163ial\u0103 Interna\u0163ional\u0103. S\u0103 ne \u00eendoim!? - Secretele lui Lovendal<\/title>\n<meta name=\"robots\" content=\"index, follow, max-snippet:-1, max-image-preview:large, max-video-preview:-1\" \/>\n<link rel=\"canonical\" href=\"https:\/\/www.lovendal.ro\/wp52\/un-fost-inginer-nasa-de-renume-spune-ca-a-vazut-pe-monitoarele-de-supraveghere-un-extraterestru-inalt-de-3-metri-ce-se-afla-pe-statia-spatiala-internationala-sa-ne-indoim\/\" \/>\n<meta property=\"og:locale\" content=\"ro_RO\" \/>\n<meta property=\"og:type\" content=\"article\" \/>\n<meta property=\"og:title\" content=\"EXCLUSIV! Un fost inginer NASA de renume spune c\u0103 a v\u0103zut pe monitoarele de supraveghere un extraterestru \u00eenalt de 3 metri ce se afla pe Sta\u0163ia Spa\u0163ial\u0103 Interna\u0163ional\u0103. S\u0103 ne \u00eendoim!?\" \/>\n<meta property=\"og:description\" content=\"Un fost inginer NASA poveste\u0219te despre un eveniment neobi\u0219nuit care a avut loc \u00een timpul unei misiuni spa\u021biale, unde a fost martor la \u00eent\u00e2lnirea dintre un extraterestru umanoid, de 3 metri \u00een\u0103l\u0163ime, \u00eembr\u0103cat \u00eentr-un costum de astronaut supradimensionat \u0219i al\u021bi ... Cititi mai multe\" \/>\n<meta property=\"og:url\" content=\"https:\/\/www.lovendal.ro\/wp52\/un-fost-inginer-nasa-de-renume-spune-ca-a-vazut-pe-monitoarele-de-supraveghere-un-extraterestru-inalt-de-3-metri-ce-se-afla-pe-statia-spatiala-internationala-sa-ne-indoim\/\" \/>\n<meta property=\"og:site_name\" content=\"Secretele lui Lovendal\" \/>\n<meta property=\"article:publisher\" content=\"https:\/\/www.facebook.com\/secreteleluilovendal\" \/>\n<meta property=\"article:published_time\" content=\"2017-03-14T10:24:10+00:00\" \/>\n<meta property=\"article:modified_time\" content=\"2023-09-28T12:15:05+00:00\" \/>\n<meta property=\"og:image\" content=\"https:\/\/www.lovendal.ro\/wp52\/wp-content\/uploads\/2017\/03\/extraterestru-3-metri-1.jpg\" \/>\n\t<meta property=\"og:image:width\" content=\"344\" \/>\n\t<meta property=\"og:image:height\" content=\"263\" \/>\n\t<meta property=\"og:image:type\" content=\"image\/jpeg\" \/>\n<meta name=\"author\" content=\"admin\" \/>\n<meta name=\"twitter:card\" content=\"summary_large_image\" \/>\n<meta name=\"twitter:label1\" content=\"Scris de\" \/>\n\t<meta name=\"twitter:data1\" content=\"admin\" \/>\n\t<meta name=\"twitter:label2\" content=\"Timp estimat pentru citire\" \/>\n\t<meta name=\"twitter:data2\" content=\"2 minute\" \/>\n<script type=\"application\/ld+json\" class=\"yoast-schema-graph\">{\"@context\":\"https:\\\/\\\/schema.org\",\"@graph\":[{\"@type\":\"Article\",\"@id\":\"https:\\\/\\\/www.lovendal.ro\\\/wp52\\\/un-fost-inginer-nasa-de-renume-spune-ca-a-vazut-pe-monitoarele-de-supraveghere-un-extraterestru-inalt-de-3-metri-ce-se-afla-pe-statia-spatiala-internationala-sa-ne-indoim\\\/#article\",\"isPartOf\":{\"@id\":\"https:\\\/\\\/www.lovendal.ro\\\/wp52\\\/un-fost-inginer-nasa-de-renume-spune-ca-a-vazut-pe-monitoarele-de-supraveghere-un-extraterestru-inalt-de-3-metri-ce-se-afla-pe-statia-spatiala-internationala-sa-ne-indoim\\\/\"},\"author\":{\"name\":\"admin\",\"@id\":\"https:\\\/\\\/www.lovendal.ro\\\/wp52\\\/#\\\/schema\\\/person\\\/088691de5dfc346bb0c023e1e52ef5d9\"},\"headline\":\"EXCLUSIV! Un fost inginer NASA de renume spune c\u0103 a v\u0103zut pe monitoarele de supraveghere un extraterestru \u00eenalt de 3 metri ce se afla pe Sta\u0163ia Spa\u0163ial\u0103 Interna\u0163ional\u0103. S\u0103 ne \u00eendoim!?\",\"datePublished\":\"2017-03-14T10:24:10+00:00\",\"dateModified\":\"2023-09-28T12:15:05+00:00\",\"mainEntityOfPage\":{\"@id\":\"https:\\\/\\\/www.lovendal.ro\\\/wp52\\\/un-fost-inginer-nasa-de-renume-spune-ca-a-vazut-pe-monitoarele-de-supraveghere-un-extraterestru-inalt-de-3-metri-ce-se-afla-pe-statia-spatiala-internationala-sa-ne-indoim\\\/\"},\"wordCount\":440,\"commentCount\":1,\"publisher\":{\"@id\":\"https:\\\/\\\/www.lovendal.ro\\\/wp52\\\/#organization\"},\"image\":{\"@id\":\"https:\\\/\\\/www.lovendal.ro\\\/wp52\\\/un-fost-inginer-nasa-de-renume-spune-ca-a-vazut-pe-monitoarele-de-supraveghere-un-extraterestru-inalt-de-3-metri-ce-se-afla-pe-statia-spatiala-internationala-sa-ne-indoim\\\/#primaryimage\"},\"thumbnailUrl\":\"https:\\\/\\\/www.lovendal.ro\\\/wp52\\\/wp-content\\\/uploads\\\/2017\\\/03\\\/extraterestru-3-metri-1.jpg\",\"keywords\":[\"Apollo\",\"astronaut\",\"extraterestru\",\"Florida\",\"inginer\",\"monitor\",\"NASA\",\"nav\u0103 spa\u0163ial\u0103\",\"orbit\u0103\",\"Paranormal-Spiritualitate\",\"sond\u0103\",\"Sta\u0163ia Spa\u0163ial\u0103 Interna\u0163ional\u0103\"],\"articleSection\":[\"Paranormal-Spiritualitate\"],\"inLanguage\":\"ro-RO\",\"potentialAction\":[{\"@type\":\"CommentAction\",\"name\":\"Comment\",\"target\":[\"https:\\\/\\\/www.lovendal.ro\\\/wp52\\\/un-fost-inginer-nasa-de-renume-spune-ca-a-vazut-pe-monitoarele-de-supraveghere-un-extraterestru-inalt-de-3-metri-ce-se-afla-pe-statia-spatiala-internationala-sa-ne-indoim\\\/#respond\"]}]},{\"@type\":\"WebPage\",\"@id\":\"https:\\\/\\\/www.lovendal.ro\\\/wp52\\\/un-fost-inginer-nasa-de-renume-spune-ca-a-vazut-pe-monitoarele-de-supraveghere-un-extraterestru-inalt-de-3-metri-ce-se-afla-pe-statia-spatiala-internationala-sa-ne-indoim\\\/\",\"url\":\"https:\\\/\\\/www.lovendal.ro\\\/wp52\\\/un-fost-inginer-nasa-de-renume-spune-ca-a-vazut-pe-monitoarele-de-supraveghere-un-extraterestru-inalt-de-3-metri-ce-se-afla-pe-statia-spatiala-internationala-sa-ne-indoim\\\/\",\"name\":\"EXCLUSIV! Un fost inginer NASA de renume spune c\u0103 a v\u0103zut pe monitoarele de supraveghere un extraterestru \u00eenalt de 3 metri ce se afla pe Sta\u0163ia Spa\u0163ial\u0103 Interna\u0163ional\u0103. S\u0103 ne \u00eendoim!? - Secretele lui Lovendal\",\"isPartOf\":{\"@id\":\"https:\\\/\\\/www.lovendal.ro\\\/wp52\\\/#website\"},\"primaryImageOfPage\":{\"@id\":\"https:\\\/\\\/www.lovendal.ro\\\/wp52\\\/un-fost-inginer-nasa-de-renume-spune-ca-a-vazut-pe-monitoarele-de-supraveghere-un-extraterestru-inalt-de-3-metri-ce-se-afla-pe-statia-spatiala-internationala-sa-ne-indoim\\\/#primaryimage\"},\"image\":{\"@id\":\"https:\\\/\\\/www.lovendal.ro\\\/wp52\\\/un-fost-inginer-nasa-de-renume-spune-ca-a-vazut-pe-monitoarele-de-supraveghere-un-extraterestru-inalt-de-3-metri-ce-se-afla-pe-statia-spatiala-internationala-sa-ne-indoim\\\/#primaryimage\"},\"thumbnailUrl\":\"https:\\\/\\\/www.lovendal.ro\\\/wp52\\\/wp-content\\\/uploads\\\/2017\\\/03\\\/extraterestru-3-metri-1.jpg\",\"datePublished\":\"2017-03-14T10:24:10+00:00\",\"dateModified\":\"2023-09-28T12:15:05+00:00\",\"breadcrumb\":{\"@id\":\"https:\\\/\\\/www.lovendal.ro\\\/wp52\\\/un-fost-inginer-nasa-de-renume-spune-ca-a-vazut-pe-monitoarele-de-supraveghere-un-extraterestru-inalt-de-3-metri-ce-se-afla-pe-statia-spatiala-internationala-sa-ne-indoim\\\/#breadcrumb\"},\"inLanguage\":\"ro-RO\",\"potentialAction\":[{\"@type\":\"ReadAction\",\"target\":[\"https:\\\/\\\/www.lovendal.ro\\\/wp52\\\/un-fost-inginer-nasa-de-renume-spune-ca-a-vazut-pe-monitoarele-de-supraveghere-un-extraterestru-inalt-de-3-metri-ce-se-afla-pe-statia-spatiala-internationala-sa-ne-indoim\\\/\"]}]},{\"@type\":\"ImageObject\",\"inLanguage\":\"ro-RO\",\"@id\":\"https:\\\/\\\/www.lovendal.ro\\\/wp52\\\/un-fost-inginer-nasa-de-renume-spune-ca-a-vazut-pe-monitoarele-de-supraveghere-un-extraterestru-inalt-de-3-metri-ce-se-afla-pe-statia-spatiala-internationala-sa-ne-indoim\\\/#primaryimage\",\"url\":\"https:\\\/\\\/www.lovendal.ro\\\/wp52\\\/wp-content\\\/uploads\\\/2017\\\/03\\\/extraterestru-3-metri-1.jpg\",\"contentUrl\":\"https:\\\/\\\/www.lovendal.ro\\\/wp52\\\/wp-content\\\/uploads\\\/2017\\\/03\\\/extraterestru-3-metri-1.jpg\",\"width\":344,\"height\":263},{\"@type\":\"BreadcrumbList\",\"@id\":\"https:\\\/\\\/www.lovendal.ro\\\/wp52\\\/un-fost-inginer-nasa-de-renume-spune-ca-a-vazut-pe-monitoarele-de-supraveghere-un-extraterestru-inalt-de-3-metri-ce-se-afla-pe-statia-spatiala-internationala-sa-ne-indoim\\\/#breadcrumb\",\"itemListElement\":[{\"@type\":\"ListItem\",\"position\":1,\"name\":\"Home\",\"item\":\"https:\\\/\\\/www.lovendal.ro\\\/wp52\\\/\"},{\"@type\":\"ListItem\",\"position\":2,\"name\":\"EXCLUSIV! Un fost inginer NASA de renume spune c\u0103 a v\u0103zut pe monitoarele de supraveghere un extraterestru \u00eenalt de 3 metri ce se afla pe Sta\u0163ia Spa\u0163ial\u0103 Interna\u0163ional\u0103. S\u0103 ne \u00eendoim!?\"}]},{\"@type\":\"WebSite\",\"@id\":\"https:\\\/\\\/www.lovendal.ro\\\/wp52\\\/#website\",\"url\":\"https:\\\/\\\/www.lovendal.ro\\\/wp52\\\/\",\"name\":\"Secretele lui Lovendal\",\"description\":\"Site de secrete, stiinta si metafizica - din 2008 -\",\"publisher\":{\"@id\":\"https:\\\/\\\/www.lovendal.ro\\\/wp52\\\/#organization\"},\"potentialAction\":[{\"@type\":\"SearchAction\",\"target\":{\"@type\":\"EntryPoint\",\"urlTemplate\":\"https:\\\/\\\/www.lovendal.ro\\\/wp52\\\/?s={search_term_string}\"},\"query-input\":{\"@type\":\"PropertyValueSpecification\",\"valueRequired\":true,\"valueName\":\"search_term_string\"}}],\"inLanguage\":\"ro-RO\"},{\"@type\":\"Organization\",\"@id\":\"https:\\\/\\\/www.lovendal.ro\\\/wp52\\\/#organization\",\"name\":\"Secretele lui Lovendal\",\"url\":\"https:\\\/\\\/www.lovendal.ro\\\/wp52\\\/\",\"logo\":{\"@type\":\"ImageObject\",\"inLanguage\":\"ro-RO\",\"@id\":\"https:\\\/\\\/www.lovendal.ro\\\/wp52\\\/#\\\/schema\\\/logo\\\/image\\\/\",\"url\":\"https:\\\/\\\/www.lovendal.ro\\\/wp52\\\/wp-content\\\/uploads\\\/2024\\\/06\\\/cropped-SLL-iun-2024-1.jpg\",\"contentUrl\":\"https:\\\/\\\/www.lovendal.ro\\\/wp52\\\/wp-content\\\/uploads\\\/2024\\\/06\\\/cropped-SLL-iun-2024-1.jpg\",\"width\":771,\"height\":240,\"caption\":\"Secretele lui Lovendal\"},\"image\":{\"@id\":\"https:\\\/\\\/www.lovendal.ro\\\/wp52\\\/#\\\/schema\\\/logo\\\/image\\\/\"},\"sameAs\":[\"https:\\\/\\\/www.facebook.com\\\/secreteleluilovendal\"]},{\"@type\":\"Person\",\"@id\":\"https:\\\/\\\/www.lovendal.ro\\\/wp52\\\/#\\\/schema\\\/person\\\/088691de5dfc346bb0c023e1e52ef5d9\",\"name\":\"admin\",\"image\":{\"@type\":\"ImageObject\",\"inLanguage\":\"ro-RO\",\"@id\":\"https:\\\/\\\/secure.gravatar.com\\\/avatar\\\/ecb9cd41f5f63c9c9b989999a59f6e2639a865ec361e9db054db0679a8f341c2?s=96&d=mm&r=g\",\"url\":\"https:\\\/\\\/secure.gravatar.com\\\/avatar\\\/ecb9cd41f5f63c9c9b989999a59f6e2639a865ec361e9db054db0679a8f341c2?s=96&d=mm&r=g\",\"contentUrl\":\"https:\\\/\\\/secure.gravatar.com\\\/avatar\\\/ecb9cd41f5f63c9c9b989999a59f6e2639a865ec361e9db054db0679a8f341c2?s=96&d=mm&r=g\",\"caption\":\"admin\"},\"sameAs\":[\"https:\\\/\\\/www.lovendal.ro\\\/wp52\"]}]}<\/script>\n<!-- \/ Yoast SEO Premium plugin. -->","yoast_head_json":{"title":"EXCLUSIV! Un fost inginer NASA de renume spune c\u0103 a v\u0103zut pe monitoarele de supraveghere un extraterestru \u00eenalt de 3 metri ce se afla pe Sta\u0163ia Spa\u0163ial\u0103 Interna\u0163ional\u0103. S\u0103 ne \u00eendoim!? - Secretele lui Lovendal","robots":{"index":"index","follow":"follow","max-snippet":"max-snippet:-1","max-image-preview":"max-image-preview:large","max-video-preview":"max-video-preview:-1"},"canonical":"https:\/\/www.lovendal.ro\/wp52\/un-fost-inginer-nasa-de-renume-spune-ca-a-vazut-pe-monitoarele-de-supraveghere-un-extraterestru-inalt-de-3-metri-ce-se-afla-pe-statia-spatiala-internationala-sa-ne-indoim\/","og_locale":"ro_RO","og_type":"article","og_title":"EXCLUSIV! Un fost inginer NASA de renume spune c\u0103 a v\u0103zut pe monitoarele de supraveghere un extraterestru \u00eenalt de 3 metri ce se afla pe Sta\u0163ia Spa\u0163ial\u0103 Interna\u0163ional\u0103. S\u0103 ne \u00eendoim!?","og_description":"Un fost inginer NASA poveste\u0219te despre un eveniment neobi\u0219nuit care a avut loc \u00een timpul unei misiuni spa\u021biale, unde a fost martor la \u00eent\u00e2lnirea dintre un extraterestru umanoid, de 3 metri \u00een\u0103l\u0163ime, \u00eembr\u0103cat \u00eentr-un costum de astronaut supradimensionat \u0219i al\u021bi ... Cititi mai multe","og_url":"https:\/\/www.lovendal.ro\/wp52\/un-fost-inginer-nasa-de-renume-spune-ca-a-vazut-pe-monitoarele-de-supraveghere-un-extraterestru-inalt-de-3-metri-ce-se-afla-pe-statia-spatiala-internationala-sa-ne-indoim\/","og_site_name":"Secretele lui Lovendal","article_publisher":"https:\/\/www.facebook.com\/secreteleluilovendal","article_published_time":"2017-03-14T10:24:10+00:00","article_modified_time":"2023-09-28T12:15:05+00:00","og_image":[{"width":344,"height":263,"url":"https:\/\/www.lovendal.ro\/wp52\/wp-content\/uploads\/2017\/03\/extraterestru-3-metri-1.jpg","type":"image\/jpeg"}],"author":"admin","twitter_card":"summary_large_image","twitter_misc":{"Scris de":"admin","Timp estimat pentru citire":"2 minute"},"schema":{"@context":"https:\/\/schema.org","@graph":[{"@type":"Article","@id":"https:\/\/www.lovendal.ro\/wp52\/un-fost-inginer-nasa-de-renume-spune-ca-a-vazut-pe-monitoarele-de-supraveghere-un-extraterestru-inalt-de-3-metri-ce-se-afla-pe-statia-spatiala-internationala-sa-ne-indoim\/#article","isPartOf":{"@id":"https:\/\/www.lovendal.ro\/wp52\/un-fost-inginer-nasa-de-renume-spune-ca-a-vazut-pe-monitoarele-de-supraveghere-un-extraterestru-inalt-de-3-metri-ce-se-afla-pe-statia-spatiala-internationala-sa-ne-indoim\/"},"author":{"name":"admin","@id":"https:\/\/www.lovendal.ro\/wp52\/#\/schema\/person\/088691de5dfc346bb0c023e1e52ef5d9"},"headline":"EXCLUSIV! Un fost inginer NASA de renume spune c\u0103 a v\u0103zut pe monitoarele de supraveghere un extraterestru \u00eenalt de 3 metri ce se afla pe Sta\u0163ia Spa\u0163ial\u0103 Interna\u0163ional\u0103. S\u0103 ne \u00eendoim!?","datePublished":"2017-03-14T10:24:10+00:00","dateModified":"2023-09-28T12:15:05+00:00","mainEntityOfPage":{"@id":"https:\/\/www.lovendal.ro\/wp52\/un-fost-inginer-nasa-de-renume-spune-ca-a-vazut-pe-monitoarele-de-supraveghere-un-extraterestru-inalt-de-3-metri-ce-se-afla-pe-statia-spatiala-internationala-sa-ne-indoim\/"},"wordCount":440,"commentCount":1,"publisher":{"@id":"https:\/\/www.lovendal.ro\/wp52\/#organization"},"image":{"@id":"https:\/\/www.lovendal.ro\/wp52\/un-fost-inginer-nasa-de-renume-spune-ca-a-vazut-pe-monitoarele-de-supraveghere-un-extraterestru-inalt-de-3-metri-ce-se-afla-pe-statia-spatiala-internationala-sa-ne-indoim\/#primaryimage"},"thumbnailUrl":"https:\/\/www.lovendal.ro\/wp52\/wp-content\/uploads\/2017\/03\/extraterestru-3-metri-1.jpg","keywords":["Apollo","astronaut","extraterestru","Florida","inginer","monitor","NASA","nav\u0103 spa\u0163ial\u0103","orbit\u0103","Paranormal-Spiritualitate","sond\u0103","Sta\u0163ia Spa\u0163ial\u0103 Interna\u0163ional\u0103"],"articleSection":["Paranormal-Spiritualitate"],"inLanguage":"ro-RO","potentialAction":[{"@type":"CommentAction","name":"Comment","target":["https:\/\/www.lovendal.ro\/wp52\/un-fost-inginer-nasa-de-renume-spune-ca-a-vazut-pe-monitoarele-de-supraveghere-un-extraterestru-inalt-de-3-metri-ce-se-afla-pe-statia-spatiala-internationala-sa-ne-indoim\/#respond"]}]},{"@type":"WebPage","@id":"https:\/\/www.lovendal.ro\/wp52\/un-fost-inginer-nasa-de-renume-spune-ca-a-vazut-pe-monitoarele-de-supraveghere-un-extraterestru-inalt-de-3-metri-ce-se-afla-pe-statia-spatiala-internationala-sa-ne-indoim\/","url":"https:\/\/www.lovendal.ro\/wp52\/un-fost-inginer-nasa-de-renume-spune-ca-a-vazut-pe-monitoarele-de-supraveghere-un-extraterestru-inalt-de-3-metri-ce-se-afla-pe-statia-spatiala-internationala-sa-ne-indoim\/","name":"EXCLUSIV! Un fost inginer NASA de renume spune c\u0103 a v\u0103zut pe monitoarele de supraveghere un extraterestru \u00eenalt de 3 metri ce se afla pe Sta\u0163ia Spa\u0163ial\u0103 Interna\u0163ional\u0103. S\u0103 ne \u00eendoim!? - Secretele lui Lovendal","isPartOf":{"@id":"https:\/\/www.lovendal.ro\/wp52\/#website"},"primaryImageOfPage":{"@id":"https:\/\/www.lovendal.ro\/wp52\/un-fost-inginer-nasa-de-renume-spune-ca-a-vazut-pe-monitoarele-de-supraveghere-un-extraterestru-inalt-de-3-metri-ce-se-afla-pe-statia-spatiala-internationala-sa-ne-indoim\/#primaryimage"},"image":{"@id":"https:\/\/www.lovendal.ro\/wp52\/un-fost-inginer-nasa-de-renume-spune-ca-a-vazut-pe-monitoarele-de-supraveghere-un-extraterestru-inalt-de-3-metri-ce-se-afla-pe-statia-spatiala-internationala-sa-ne-indoim\/#primaryimage"},"thumbnailUrl":"https:\/\/www.lovendal.ro\/wp52\/wp-content\/uploads\/2017\/03\/extraterestru-3-metri-1.jpg","datePublished":"2017-03-14T10:24:10+00:00","dateModified":"2023-09-28T12:15:05+00:00","breadcrumb":{"@id":"https:\/\/www.lovendal.ro\/wp52\/un-fost-inginer-nasa-de-renume-spune-ca-a-vazut-pe-monitoarele-de-supraveghere-un-extraterestru-inalt-de-3-metri-ce-se-afla-pe-statia-spatiala-internationala-sa-ne-indoim\/#breadcrumb"},"inLanguage":"ro-RO","potentialAction":[{"@type":"ReadAction","target":["https:\/\/www.lovendal.ro\/wp52\/un-fost-inginer-nasa-de-renume-spune-ca-a-vazut-pe-monitoarele-de-supraveghere-un-extraterestru-inalt-de-3-metri-ce-se-afla-pe-statia-spatiala-internationala-sa-ne-indoim\/"]}]},{"@type":"ImageObject","inLanguage":"ro-RO","@id":"https:\/\/www.lovendal.ro\/wp52\/un-fost-inginer-nasa-de-renume-spune-ca-a-vazut-pe-monitoarele-de-supraveghere-un-extraterestru-inalt-de-3-metri-ce-se-afla-pe-statia-spatiala-internationala-sa-ne-indoim\/#primaryimage","url":"https:\/\/www.lovendal.ro\/wp52\/wp-content\/uploads\/2017\/03\/extraterestru-3-metri-1.jpg","contentUrl":"https:\/\/www.lovendal.ro\/wp52\/wp-content\/uploads\/2017\/03\/extraterestru-3-metri-1.jpg","width":344,"height":263},{"@type":"BreadcrumbList","@id":"https:\/\/www.lovendal.ro\/wp52\/un-fost-inginer-nasa-de-renume-spune-ca-a-vazut-pe-monitoarele-de-supraveghere-un-extraterestru-inalt-de-3-metri-ce-se-afla-pe-statia-spatiala-internationala-sa-ne-indoim\/#breadcrumb","itemListElement":[{"@type":"ListItem","position":1,"name":"Home","item":"https:\/\/www.lovendal.ro\/wp52\/"},{"@type":"ListItem","position":2,"name":"EXCLUSIV! Un fost inginer NASA de renume spune c\u0103 a v\u0103zut pe monitoarele de supraveghere un extraterestru \u00eenalt de 3 metri ce se afla pe Sta\u0163ia Spa\u0163ial\u0103 Interna\u0163ional\u0103. S\u0103 ne \u00eendoim!?"}]},{"@type":"WebSite","@id":"https:\/\/www.lovendal.ro\/wp52\/#website","url":"https:\/\/www.lovendal.ro\/wp52\/","name":"Secretele lui Lovendal","description":"Site de secrete, stiinta si metafizica - din 2008 -","publisher":{"@id":"https:\/\/www.lovendal.ro\/wp52\/#organization"},"potentialAction":[{"@type":"SearchAction","target":{"@type":"EntryPoint","urlTemplate":"https:\/\/www.lovendal.ro\/wp52\/?s={search_term_string}"},"query-input":{"@type":"PropertyValueSpecification","valueRequired":true,"valueName":"search_term_string"}}],"inLanguage":"ro-RO"},{"@type":"Organization","@id":"https:\/\/www.lovendal.ro\/wp52\/#organization","name":"Secretele lui Lovendal","url":"https:\/\/www.lovendal.ro\/wp52\/","logo":{"@type":"ImageObject","inLanguage":"ro-RO","@id":"https:\/\/www.lovendal.ro\/wp52\/#\/schema\/logo\/image\/","url":"https:\/\/www.lovendal.ro\/wp52\/wp-content\/uploads\/2024\/06\/cropped-SLL-iun-2024-1.jpg","contentUrl":"https:\/\/www.lovendal.ro\/wp52\/wp-content\/uploads\/2024\/06\/cropped-SLL-iun-2024-1.jpg","width":771,"height":240,"caption":"Secretele lui Lovendal"},"image":{"@id":"https:\/\/www.lovendal.ro\/wp52\/#\/schema\/logo\/image\/"},"sameAs":["https:\/\/www.facebook.com\/secreteleluilovendal"]},{"@type":"Person","@id":"https:\/\/www.lovendal.ro\/wp52\/#\/schema\/person\/088691de5dfc346bb0c023e1e52ef5d9","name":"admin","image":{"@type":"ImageObject","inLanguage":"ro-RO","@id":"https:\/\/secure.gravatar.com\/avatar\/ecb9cd41f5f63c9c9b989999a59f6e2639a865ec361e9db054db0679a8f341c2?s=96&d=mm&r=g","url":"https:\/\/secure.gravatar.com\/avatar\/ecb9cd41f5f63c9c9b989999a59f6e2639a865ec361e9db054db0679a8f341c2?s=96&d=mm&r=g","contentUrl":"https:\/\/secure.gravatar.com\/avatar\/ecb9cd41f5f63c9c9b989999a59f6e2639a865ec361e9db054db0679a8f341c2?s=96&d=mm&r=g","caption":"admin"},"sameAs":["https:\/\/www.lovendal.ro\/wp52"]}]}},"_links":{"self":[{"href":"https:\/\/www.lovendal.ro\/wp52\/wp-json\/wp\/v2\/posts\/48538","targetHints":{"allow":["GET"]}}],"collection":[{"href":"https:\/\/www.lovendal.ro\/wp52\/wp-json\/wp\/v2\/posts"}],"about":[{"href":"https:\/\/www.lovendal.ro\/wp52\/wp-json\/wp\/v2\/types\/post"}],"author":[{"embeddable":true,"href":"https:\/\/www.lovendal.ro\/wp52\/wp-json\/wp\/v2\/users\/1"}],"replies":[{"embeddable":true,"href":"https:\/\/www.lovendal.ro\/wp52\/wp-json\/wp\/v2\/comments?post=48538"}],"version-history":[{"count":2,"href":"https:\/\/www.lovendal.ro\/wp52\/wp-json\/wp\/v2\/posts\/48538\/revisions"}],"predecessor-version":[{"id":87943,"href":"https:\/\/www.lovendal.ro\/wp52\/wp-json\/wp\/v2\/posts\/48538\/revisions\/87943"}],"wp:featuredmedia":[{"embeddable":true,"href":"https:\/\/www.lovendal.ro\/wp52\/wp-json\/wp\/v2\/media\/87941"}],"wp:attachment":[{"href":"https:\/\/www.lovendal.ro\/wp52\/wp-json\/wp\/v2\/media?parent=48538"}],"wp:term":[{"taxonomy":"category","embeddable":true,"href":"https:\/\/www.lovendal.ro\/wp52\/wp-json\/wp\/v2\/categories?post=48538"},{"taxonomy":"post_tag","embeddable":true,"href":"https:\/\/www.lovendal.ro\/wp52\/wp-json\/wp\/v2\/tags?post=48538"}],"curies":[{"name":"wp","href":"https:\/\/api.w.org\/{rel}","templated":true}]}}