{"id":48046,"date":"2017-02-18T18:09:10","date_gmt":"2017-02-18T16:09:10","guid":{"rendered":"http:\/\/www.lovendal.ro\/wp52\/?p=48046"},"modified":"2017-02-18T18:09:10","modified_gmt":"2017-02-18T16:09:10","slug":"istoria-misterioasa-a-unei-perechi-bizare-contele-intunecat-si-contesa-intunecata-cine-erau-cei-doi","status":"publish","type":"post","link":"https:\/\/www.lovendal.ro\/wp52\/istoria-misterioasa-a-unei-perechi-bizare-contele-intunecat-si-contesa-intunecata-cine-erau-cei-doi\/","title":{"rendered":"Istoria misterioas\u0103 a unei perechi bizare: &#8222;contele \u00eentunecat&#8221; \u015fi &#8222;contesa \u00eentunecat\u0103&#8221;. Cine erau cei doi?"},"content":{"rendered":"<p><span id=\"result_box\" class=\"\" lang=\"ro\"><span title=\"In 1807 a strange pair appeared in the small town Hildburghausen: A gentleman called Vavel de Versay and which one held for a count, and a lady only to be seen deeply veiled.\"><img loading=\"lazy\" decoding=\"async\" class=\"alignleft size-full wp-image-48047\" src=\"https:\/\/www.lovendal.ro\/wp52\/wp-content\/uploads\/2017\/02\/conte-intunecat-contesa-intunecata.jpg\" alt=\"\" width=\"333\" height=\"245\" srcset=\"https:\/\/www.lovendal.ro\/wp52\/wp-content\/uploads\/2017\/02\/conte-intunecat-contesa-intunecata.jpg 333w, https:\/\/www.lovendal.ro\/wp52\/wp-content\/uploads\/2017\/02\/conte-intunecat-contesa-intunecata-300x221.jpg 300w, https:\/\/www.lovendal.ro\/wp52\/wp-content\/uploads\/2017\/02\/conte-intunecat-contesa-intunecata-220x162.jpg 220w\" sizes=\"auto, (max-width: 333px) 100vw, 333px\" \/>\u00cen 1807 o pereche ciudat\u0103 a ap\u0103rut \u00een micul ora\u0219 Hildburghausen (ora\u015ful Hildburghausen este un mic or\u0103\u0219el german din landul Turingia<i>, <\/i>ce este format din centrul vechi \u0219i din ora\u0219ul nou construit \u00een 1710 de refugia\u021bi protestan\u021bi francezi).<br \/>\n<\/span><\/span><\/p>\n<p><span id=\"result_box\" class=\"\" lang=\"ro\"><span title=\"In 1807 a strange pair appeared in the small town Hildburghausen: A gentleman called Vavel de Versay and which one held for a count, and a lady only to be seen deeply veiled.\"> Perechea ciudat\u0103 era format\u0103 dintr-un domn numit Vavel de Versay, care \u00ee\u015fi spunea drept &#8222;conte&#8221; \u0219i o femeie care nu poate fi v\u0103zut\u0103 pentru c\u0103 tot timpul purta un voal pe ea. <\/span><\/span><span id=\"result_box\" class=\"\" lang=\"ro\"><span title=\"Both lived in complete seclusion on the public life, in particular as they moved to the Castle Eishausen in 1810. The pair led a rich household and distinguished itself by great charity in the duchy.\">Cei doi au tr\u0103it \u00een izolare complet\u0103 fa\u0163\u0103 de via\u0163a public\u0103, iar din 1810 ei s-au mutat \u00een castelul Eishausen. Cei doi au fost foarte boga\u0163i. <\/span><span title=\"The lady died after 30 years of lonesome life in 1837, the gentleman in 1845. On account of their strange life they were called later the \u201cDark Count\u201d and the \u201cDark Countess\u201d.\n\n\">Doamna a murit dup\u0103 30 de ani, \u00een 1837, iar domnul \u00een 1845. Din cauza vie\u021bii lor ciudate, ei fost numi\u0163i ca \u015fi &#8222;Contele \u00eentunecat&#8221; \u015fi &#8222;Contesa \u00eentunecat\u0103&#8221;.<\/p>\n<p><\/span><span title=\"After their death turned out that the \u201ccount\u201d was a Dutch diplomat called Leonardus Cornelius van der Valck in reality.\">Dup\u0103 moartea lor s-au dovedit c\u0103 acel &#8222;conte&#8221; a fost un diplomat olandez, numit Leonardus Cornelius van der Valck. <\/span><span title=\"As for the mysterious lady, some people believed, she had been the Bourbon princess Marie Th\u00e9r\u00e8se Charlotte, a daughter of king Louis XVI and queen Marie Antoinette of France, called Madame Royale.\">\u00cen ceea ce prive\u0219te doamna misterioas\u0103, unii cred c\u0103 a fost vorba de prin\u0163esa de Bourbon, Marie Therese Charlotte (numit\u0103 Madame Royale), fiica regelui ghilotinat Ludovic al XVI-lea \u0219i a reginei Maria Antoaneta a Fran\u021bei, numit\u0103 Madame Royale.<\/span><\/span><\/p>\n<p><span id=\"result_box\" class=\"\" lang=\"ro\"><span title=\"As for the mysterious lady, some people believed, she had been the Bourbon princess Marie Th\u00e9r\u00e8se Charlotte, a daughter of king Louis XVI and queen Marie Antoinette of France, called Madame Royale.\">Se \u015ftie c\u0103 prin\u0163esa regal\u0103 a fost \u0163inut\u0103 \u00een captivitate \u00een \u00eenchisoarea Temple din Paris, \u00een 1795; se spune c\u0103 ea ar fi fost \u00eenlocuit\u0103 cu o alt\u0103 persoan\u0103, iar adev\u0103rata &#8222;Madame Royale&#8221; ar fi emigrat \u00een\u00a0<span title=\"In 1807 a strange pair appeared in the small town Hildburghausen: A gentleman called Vavel de Versay and which one held for a count, and a lady only to be seen deeply veiled.\">Hildburghausen<\/span> ca \u015fi &#8222;contesa \u00eentunecat\u0103&#8221;. Totu\u015fi, istoria oficial\u0103 ne spune c\u0103 fiica regelui Ludovic al XVI-lea a murit \u00een 1850 \u015fi a fost pentru 20 de minute regin\u0103 a Fran\u0163ei, \u00een 1830, atunci c\u00e2nd socrul ei, regele Carol al X-lea, a abdicat \u00een 1830.<\/span><\/span><\/p>\n","protected":false},"excerpt":{"rendered":"<p>\u00cen 1807 o pereche ciudat\u0103 a ap\u0103rut \u00een micul ora\u0219 Hildburghausen (ora\u015ful Hildburghausen este un mic or\u0103\u0219el german din landul Turingia, ce este format din centrul vechi \u0219i din ora\u0219ul nou construit \u00een 1710 de refugia\u021bi protestan\u021bi francezi). Perechea ciudat\u0103 &#8230; <\/p>\n<p class=\"read-more-container\"><a title=\"Istoria misterioas\u0103 a unei perechi bizare: &#8222;contele \u00eentunecat&#8221; \u015fi &#8222;contesa \u00eentunecat\u0103&#8221;. Cine erau cei doi?\" class=\"read-more button\" href=\"https:\/\/www.lovendal.ro\/wp52\/istoria-misterioasa-a-unei-perechi-bizare-contele-intunecat-si-contesa-intunecata-cine-erau-cei-doi\/#more-48046\" aria-label=\"Cite\u0219te mai multe despre Istoria misterioas\u0103 a unei perechi bizare: &#8222;contele \u00eentunecat&#8221; \u015fi &#8222;contesa \u00eentunecat\u0103&#8221;. Cine erau cei doi?\">Cititi mai multe<\/a><\/p>\n","protected":false},"author":1,"featured_media":48047,"comment_status":"open","ping_status":"closed","sticky":false,"template":"","format":"standard","meta":{"footnotes":""},"categories":[9,2833],"tags":[977,11403,325,197,3540,5757,202,203,11404,164,1532,712,11402,1153,108,151,836,7009,453,1593,366],"class_list":["post-48046","post","type-post","status-publish","format-standard","has-post-thumbnail","hentry","category-istorie","category-noutati","tag-abdicare","tag-carol-al-x-lea","tag-castel","tag-conte","tag-contesa","tag-diplomat","tag-franta","tag-germania","tag-ghilotinare","tag-inchisoare","tag-istorie-si-civilizatii","tag-ludovic-al-xvi-lea","tag-madame-royale","tag-maria-antoaneta","tag-moarte","tag-oras","tag-paris","tag-printesa","tag-rege","tag-regina","tag-viata","resize-featured-image"],"yoast_head":"<!-- This site is optimized with the Yoast SEO Premium plugin v23.3 (Yoast SEO v27.4) - https:\/\/yoast.com\/product\/yoast-seo-premium-wordpress\/ -->\n<title>Istoria misterioas\u0103 a unei perechi bizare: &quot;contele \u00eentunecat&quot; \u015fi &quot;contesa \u00eentunecat\u0103&quot;. Cine erau cei doi? - Secretele lui Lovendal<\/title>\n<meta name=\"robots\" content=\"index, follow, max-snippet:-1, max-image-preview:large, max-video-preview:-1\" \/>\n<link rel=\"canonical\" href=\"https:\/\/www.lovendal.ro\/wp52\/istoria-misterioasa-a-unei-perechi-bizare-contele-intunecat-si-contesa-intunecata-cine-erau-cei-doi\/\" \/>\n<meta property=\"og:locale\" content=\"ro_RO\" \/>\n<meta property=\"og:type\" content=\"article\" \/>\n<meta property=\"og:title\" content=\"Istoria misterioas\u0103 a unei perechi bizare: &quot;contele \u00eentunecat&quot; \u015fi &quot;contesa \u00eentunecat\u0103&quot;. Cine erau cei doi?\" \/>\n<meta property=\"og:description\" content=\"\u00cen 1807 o pereche ciudat\u0103 a ap\u0103rut \u00een micul ora\u0219 Hildburghausen (ora\u015ful Hildburghausen este un mic or\u0103\u0219el german din landul Turingia, ce este format din centrul vechi \u0219i din ora\u0219ul nou construit \u00een 1710 de refugia\u021bi protestan\u021bi francezi). Perechea ciudat\u0103 ... Cititi mai multe\" \/>\n<meta property=\"og:url\" content=\"https:\/\/www.lovendal.ro\/wp52\/istoria-misterioasa-a-unei-perechi-bizare-contele-intunecat-si-contesa-intunecata-cine-erau-cei-doi\/\" \/>\n<meta property=\"og:site_name\" content=\"Secretele lui Lovendal\" \/>\n<meta property=\"article:publisher\" content=\"https:\/\/www.facebook.com\/secreteleluilovendal\" \/>\n<meta property=\"article:published_time\" content=\"2017-02-18T16:09:10+00:00\" \/>\n<meta property=\"og:image\" content=\"https:\/\/www.lovendal.ro\/wp52\/wp-content\/uploads\/2017\/02\/conte-intunecat-contesa-intunecata.jpg\" \/>\n\t<meta property=\"og:image:width\" content=\"333\" \/>\n\t<meta property=\"og:image:height\" content=\"245\" \/>\n\t<meta property=\"og:image:type\" content=\"image\/jpeg\" \/>\n<meta name=\"author\" content=\"admin\" \/>\n<meta name=\"twitter:card\" content=\"summary_large_image\" \/>\n<meta name=\"twitter:label1\" content=\"Scris de\" \/>\n\t<meta name=\"twitter:data1\" content=\"admin\" \/>\n\t<meta name=\"twitter:label2\" content=\"Timp estimat pentru citire\" \/>\n\t<meta name=\"twitter:data2\" content=\"1 minut\" \/>\n<script type=\"application\/ld+json\" class=\"yoast-schema-graph\">{\"@context\":\"https:\\\/\\\/schema.org\",\"@graph\":[{\"@type\":\"Article\",\"@id\":\"https:\\\/\\\/www.lovendal.ro\\\/wp52\\\/istoria-misterioasa-a-unei-perechi-bizare-contele-intunecat-si-contesa-intunecata-cine-erau-cei-doi\\\/#article\",\"isPartOf\":{\"@id\":\"https:\\\/\\\/www.lovendal.ro\\\/wp52\\\/istoria-misterioasa-a-unei-perechi-bizare-contele-intunecat-si-contesa-intunecata-cine-erau-cei-doi\\\/\"},\"author\":{\"name\":\"admin\",\"@id\":\"https:\\\/\\\/www.lovendal.ro\\\/wp52\\\/#\\\/schema\\\/person\\\/088691de5dfc346bb0c023e1e52ef5d9\"},\"headline\":\"Istoria misterioas\u0103 a unei perechi bizare: &#8222;contele \u00eentunecat&#8221; \u015fi &#8222;contesa \u00eentunecat\u0103&#8221;. Cine erau cei doi?\",\"datePublished\":\"2017-02-18T16:09:10+00:00\",\"mainEntityOfPage\":{\"@id\":\"https:\\\/\\\/www.lovendal.ro\\\/wp52\\\/istoria-misterioasa-a-unei-perechi-bizare-contele-intunecat-si-contesa-intunecata-cine-erau-cei-doi\\\/\"},\"wordCount\":286,\"commentCount\":0,\"publisher\":{\"@id\":\"https:\\\/\\\/www.lovendal.ro\\\/wp52\\\/#organization\"},\"image\":{\"@id\":\"https:\\\/\\\/www.lovendal.ro\\\/wp52\\\/istoria-misterioasa-a-unei-perechi-bizare-contele-intunecat-si-contesa-intunecata-cine-erau-cei-doi\\\/#primaryimage\"},\"thumbnailUrl\":\"https:\\\/\\\/www.lovendal.ro\\\/wp52\\\/wp-content\\\/uploads\\\/2017\\\/02\\\/conte-intunecat-contesa-intunecata.jpg\",\"keywords\":[\"abdicare\",\"Carol al X-lea\",\"castel\",\"conte\",\"contes\u0103\",\"diplomat\",\"Fran\u0163a\",\"Germania\",\"ghilotinare\",\"\u00eenchisoare\",\"Istorie si Civilizatii\",\"Ludovic al XVI-lea\",\"Madame Royale\",\"Maria Antoaneta\",\"moarte\",\"ora\u015f\",\"Paris\",\"prin\u0163es\u0103\",\"rege\",\"regin\u0103\",\"via\u0163\u0103\"],\"articleSection\":[\"Istorie si Civilizatii\",\"Noutati\"],\"inLanguage\":\"ro-RO\",\"potentialAction\":[{\"@type\":\"CommentAction\",\"name\":\"Comment\",\"target\":[\"https:\\\/\\\/www.lovendal.ro\\\/wp52\\\/istoria-misterioasa-a-unei-perechi-bizare-contele-intunecat-si-contesa-intunecata-cine-erau-cei-doi\\\/#respond\"]}]},{\"@type\":\"WebPage\",\"@id\":\"https:\\\/\\\/www.lovendal.ro\\\/wp52\\\/istoria-misterioasa-a-unei-perechi-bizare-contele-intunecat-si-contesa-intunecata-cine-erau-cei-doi\\\/\",\"url\":\"https:\\\/\\\/www.lovendal.ro\\\/wp52\\\/istoria-misterioasa-a-unei-perechi-bizare-contele-intunecat-si-contesa-intunecata-cine-erau-cei-doi\\\/\",\"name\":\"Istoria misterioas\u0103 a unei perechi bizare: \\\"contele \u00eentunecat\\\" \u015fi \\\"contesa \u00eentunecat\u0103\\\". Cine erau cei doi? - Secretele lui Lovendal\",\"isPartOf\":{\"@id\":\"https:\\\/\\\/www.lovendal.ro\\\/wp52\\\/#website\"},\"primaryImageOfPage\":{\"@id\":\"https:\\\/\\\/www.lovendal.ro\\\/wp52\\\/istoria-misterioasa-a-unei-perechi-bizare-contele-intunecat-si-contesa-intunecata-cine-erau-cei-doi\\\/#primaryimage\"},\"image\":{\"@id\":\"https:\\\/\\\/www.lovendal.ro\\\/wp52\\\/istoria-misterioasa-a-unei-perechi-bizare-contele-intunecat-si-contesa-intunecata-cine-erau-cei-doi\\\/#primaryimage\"},\"thumbnailUrl\":\"https:\\\/\\\/www.lovendal.ro\\\/wp52\\\/wp-content\\\/uploads\\\/2017\\\/02\\\/conte-intunecat-contesa-intunecata.jpg\",\"datePublished\":\"2017-02-18T16:09:10+00:00\",\"breadcrumb\":{\"@id\":\"https:\\\/\\\/www.lovendal.ro\\\/wp52\\\/istoria-misterioasa-a-unei-perechi-bizare-contele-intunecat-si-contesa-intunecata-cine-erau-cei-doi\\\/#breadcrumb\"},\"inLanguage\":\"ro-RO\",\"potentialAction\":[{\"@type\":\"ReadAction\",\"target\":[\"https:\\\/\\\/www.lovendal.ro\\\/wp52\\\/istoria-misterioasa-a-unei-perechi-bizare-contele-intunecat-si-contesa-intunecata-cine-erau-cei-doi\\\/\"]}]},{\"@type\":\"ImageObject\",\"inLanguage\":\"ro-RO\",\"@id\":\"https:\\\/\\\/www.lovendal.ro\\\/wp52\\\/istoria-misterioasa-a-unei-perechi-bizare-contele-intunecat-si-contesa-intunecata-cine-erau-cei-doi\\\/#primaryimage\",\"url\":\"https:\\\/\\\/www.lovendal.ro\\\/wp52\\\/wp-content\\\/uploads\\\/2017\\\/02\\\/conte-intunecat-contesa-intunecata.jpg\",\"contentUrl\":\"https:\\\/\\\/www.lovendal.ro\\\/wp52\\\/wp-content\\\/uploads\\\/2017\\\/02\\\/conte-intunecat-contesa-intunecata.jpg\",\"width\":333,\"height\":245},{\"@type\":\"BreadcrumbList\",\"@id\":\"https:\\\/\\\/www.lovendal.ro\\\/wp52\\\/istoria-misterioasa-a-unei-perechi-bizare-contele-intunecat-si-contesa-intunecata-cine-erau-cei-doi\\\/#breadcrumb\",\"itemListElement\":[{\"@type\":\"ListItem\",\"position\":1,\"name\":\"Home\",\"item\":\"https:\\\/\\\/www.lovendal.ro\\\/wp52\\\/\"},{\"@type\":\"ListItem\",\"position\":2,\"name\":\"Istoria misterioas\u0103 a unei perechi bizare: &#8222;contele \u00eentunecat&#8221; \u015fi &#8222;contesa \u00eentunecat\u0103&#8221;. Cine erau cei doi?\"}]},{\"@type\":\"WebSite\",\"@id\":\"https:\\\/\\\/www.lovendal.ro\\\/wp52\\\/#website\",\"url\":\"https:\\\/\\\/www.lovendal.ro\\\/wp52\\\/\",\"name\":\"Secretele lui Lovendal\",\"description\":\"Site de secrete, stiinta si metafizica - din 2008 -\",\"publisher\":{\"@id\":\"https:\\\/\\\/www.lovendal.ro\\\/wp52\\\/#organization\"},\"potentialAction\":[{\"@type\":\"SearchAction\",\"target\":{\"@type\":\"EntryPoint\",\"urlTemplate\":\"https:\\\/\\\/www.lovendal.ro\\\/wp52\\\/?s={search_term_string}\"},\"query-input\":{\"@type\":\"PropertyValueSpecification\",\"valueRequired\":true,\"valueName\":\"search_term_string\"}}],\"inLanguage\":\"ro-RO\"},{\"@type\":\"Organization\",\"@id\":\"https:\\\/\\\/www.lovendal.ro\\\/wp52\\\/#organization\",\"name\":\"Secretele lui Lovendal\",\"url\":\"https:\\\/\\\/www.lovendal.ro\\\/wp52\\\/\",\"logo\":{\"@type\":\"ImageObject\",\"inLanguage\":\"ro-RO\",\"@id\":\"https:\\\/\\\/www.lovendal.ro\\\/wp52\\\/#\\\/schema\\\/logo\\\/image\\\/\",\"url\":\"https:\\\/\\\/www.lovendal.ro\\\/wp52\\\/wp-content\\\/uploads\\\/2024\\\/06\\\/cropped-SLL-iun-2024-1.jpg\",\"contentUrl\":\"https:\\\/\\\/www.lovendal.ro\\\/wp52\\\/wp-content\\\/uploads\\\/2024\\\/06\\\/cropped-SLL-iun-2024-1.jpg\",\"width\":771,\"height\":240,\"caption\":\"Secretele lui Lovendal\"},\"image\":{\"@id\":\"https:\\\/\\\/www.lovendal.ro\\\/wp52\\\/#\\\/schema\\\/logo\\\/image\\\/\"},\"sameAs\":[\"https:\\\/\\\/www.facebook.com\\\/secreteleluilovendal\"]},{\"@type\":\"Person\",\"@id\":\"https:\\\/\\\/www.lovendal.ro\\\/wp52\\\/#\\\/schema\\\/person\\\/088691de5dfc346bb0c023e1e52ef5d9\",\"name\":\"admin\",\"image\":{\"@type\":\"ImageObject\",\"inLanguage\":\"ro-RO\",\"@id\":\"https:\\\/\\\/secure.gravatar.com\\\/avatar\\\/ecb9cd41f5f63c9c9b989999a59f6e2639a865ec361e9db054db0679a8f341c2?s=96&d=mm&r=g\",\"url\":\"https:\\\/\\\/secure.gravatar.com\\\/avatar\\\/ecb9cd41f5f63c9c9b989999a59f6e2639a865ec361e9db054db0679a8f341c2?s=96&d=mm&r=g\",\"contentUrl\":\"https:\\\/\\\/secure.gravatar.com\\\/avatar\\\/ecb9cd41f5f63c9c9b989999a59f6e2639a865ec361e9db054db0679a8f341c2?s=96&d=mm&r=g\",\"caption\":\"admin\"},\"sameAs\":[\"https:\\\/\\\/www.lovendal.ro\\\/wp52\"]}]}<\/script>\n<!-- \/ Yoast SEO Premium plugin. -->","yoast_head_json":{"title":"Istoria misterioas\u0103 a unei perechi bizare: \"contele \u00eentunecat\" \u015fi \"contesa \u00eentunecat\u0103\". Cine erau cei doi? - Secretele lui Lovendal","robots":{"index":"index","follow":"follow","max-snippet":"max-snippet:-1","max-image-preview":"max-image-preview:large","max-video-preview":"max-video-preview:-1"},"canonical":"https:\/\/www.lovendal.ro\/wp52\/istoria-misterioasa-a-unei-perechi-bizare-contele-intunecat-si-contesa-intunecata-cine-erau-cei-doi\/","og_locale":"ro_RO","og_type":"article","og_title":"Istoria misterioas\u0103 a unei perechi bizare: \"contele \u00eentunecat\" \u015fi \"contesa \u00eentunecat\u0103\". Cine erau cei doi?","og_description":"\u00cen 1807 o pereche ciudat\u0103 a ap\u0103rut \u00een micul ora\u0219 Hildburghausen (ora\u015ful Hildburghausen este un mic or\u0103\u0219el german din landul Turingia, ce este format din centrul vechi \u0219i din ora\u0219ul nou construit \u00een 1710 de refugia\u021bi protestan\u021bi francezi). Perechea ciudat\u0103 ... Cititi mai multe","og_url":"https:\/\/www.lovendal.ro\/wp52\/istoria-misterioasa-a-unei-perechi-bizare-contele-intunecat-si-contesa-intunecata-cine-erau-cei-doi\/","og_site_name":"Secretele lui Lovendal","article_publisher":"https:\/\/www.facebook.com\/secreteleluilovendal","article_published_time":"2017-02-18T16:09:10+00:00","og_image":[{"width":333,"height":245,"url":"https:\/\/www.lovendal.ro\/wp52\/wp-content\/uploads\/2017\/02\/conte-intunecat-contesa-intunecata.jpg","type":"image\/jpeg"}],"author":"admin","twitter_card":"summary_large_image","twitter_misc":{"Scris de":"admin","Timp estimat pentru citire":"1 minut"},"schema":{"@context":"https:\/\/schema.org","@graph":[{"@type":"Article","@id":"https:\/\/www.lovendal.ro\/wp52\/istoria-misterioasa-a-unei-perechi-bizare-contele-intunecat-si-contesa-intunecata-cine-erau-cei-doi\/#article","isPartOf":{"@id":"https:\/\/www.lovendal.ro\/wp52\/istoria-misterioasa-a-unei-perechi-bizare-contele-intunecat-si-contesa-intunecata-cine-erau-cei-doi\/"},"author":{"name":"admin","@id":"https:\/\/www.lovendal.ro\/wp52\/#\/schema\/person\/088691de5dfc346bb0c023e1e52ef5d9"},"headline":"Istoria misterioas\u0103 a unei perechi bizare: &#8222;contele \u00eentunecat&#8221; \u015fi &#8222;contesa \u00eentunecat\u0103&#8221;. Cine erau cei doi?","datePublished":"2017-02-18T16:09:10+00:00","mainEntityOfPage":{"@id":"https:\/\/www.lovendal.ro\/wp52\/istoria-misterioasa-a-unei-perechi-bizare-contele-intunecat-si-contesa-intunecata-cine-erau-cei-doi\/"},"wordCount":286,"commentCount":0,"publisher":{"@id":"https:\/\/www.lovendal.ro\/wp52\/#organization"},"image":{"@id":"https:\/\/www.lovendal.ro\/wp52\/istoria-misterioasa-a-unei-perechi-bizare-contele-intunecat-si-contesa-intunecata-cine-erau-cei-doi\/#primaryimage"},"thumbnailUrl":"https:\/\/www.lovendal.ro\/wp52\/wp-content\/uploads\/2017\/02\/conte-intunecat-contesa-intunecata.jpg","keywords":["abdicare","Carol al X-lea","castel","conte","contes\u0103","diplomat","Fran\u0163a","Germania","ghilotinare","\u00eenchisoare","Istorie si Civilizatii","Ludovic al XVI-lea","Madame Royale","Maria Antoaneta","moarte","ora\u015f","Paris","prin\u0163es\u0103","rege","regin\u0103","via\u0163\u0103"],"articleSection":["Istorie si Civilizatii","Noutati"],"inLanguage":"ro-RO","potentialAction":[{"@type":"CommentAction","name":"Comment","target":["https:\/\/www.lovendal.ro\/wp52\/istoria-misterioasa-a-unei-perechi-bizare-contele-intunecat-si-contesa-intunecata-cine-erau-cei-doi\/#respond"]}]},{"@type":"WebPage","@id":"https:\/\/www.lovendal.ro\/wp52\/istoria-misterioasa-a-unei-perechi-bizare-contele-intunecat-si-contesa-intunecata-cine-erau-cei-doi\/","url":"https:\/\/www.lovendal.ro\/wp52\/istoria-misterioasa-a-unei-perechi-bizare-contele-intunecat-si-contesa-intunecata-cine-erau-cei-doi\/","name":"Istoria misterioas\u0103 a unei perechi bizare: \"contele \u00eentunecat\" \u015fi \"contesa \u00eentunecat\u0103\". Cine erau cei doi? - Secretele lui Lovendal","isPartOf":{"@id":"https:\/\/www.lovendal.ro\/wp52\/#website"},"primaryImageOfPage":{"@id":"https:\/\/www.lovendal.ro\/wp52\/istoria-misterioasa-a-unei-perechi-bizare-contele-intunecat-si-contesa-intunecata-cine-erau-cei-doi\/#primaryimage"},"image":{"@id":"https:\/\/www.lovendal.ro\/wp52\/istoria-misterioasa-a-unei-perechi-bizare-contele-intunecat-si-contesa-intunecata-cine-erau-cei-doi\/#primaryimage"},"thumbnailUrl":"https:\/\/www.lovendal.ro\/wp52\/wp-content\/uploads\/2017\/02\/conte-intunecat-contesa-intunecata.jpg","datePublished":"2017-02-18T16:09:10+00:00","breadcrumb":{"@id":"https:\/\/www.lovendal.ro\/wp52\/istoria-misterioasa-a-unei-perechi-bizare-contele-intunecat-si-contesa-intunecata-cine-erau-cei-doi\/#breadcrumb"},"inLanguage":"ro-RO","potentialAction":[{"@type":"ReadAction","target":["https:\/\/www.lovendal.ro\/wp52\/istoria-misterioasa-a-unei-perechi-bizare-contele-intunecat-si-contesa-intunecata-cine-erau-cei-doi\/"]}]},{"@type":"ImageObject","inLanguage":"ro-RO","@id":"https:\/\/www.lovendal.ro\/wp52\/istoria-misterioasa-a-unei-perechi-bizare-contele-intunecat-si-contesa-intunecata-cine-erau-cei-doi\/#primaryimage","url":"https:\/\/www.lovendal.ro\/wp52\/wp-content\/uploads\/2017\/02\/conte-intunecat-contesa-intunecata.jpg","contentUrl":"https:\/\/www.lovendal.ro\/wp52\/wp-content\/uploads\/2017\/02\/conte-intunecat-contesa-intunecata.jpg","width":333,"height":245},{"@type":"BreadcrumbList","@id":"https:\/\/www.lovendal.ro\/wp52\/istoria-misterioasa-a-unei-perechi-bizare-contele-intunecat-si-contesa-intunecata-cine-erau-cei-doi\/#breadcrumb","itemListElement":[{"@type":"ListItem","position":1,"name":"Home","item":"https:\/\/www.lovendal.ro\/wp52\/"},{"@type":"ListItem","position":2,"name":"Istoria misterioas\u0103 a unei perechi bizare: &#8222;contele \u00eentunecat&#8221; \u015fi &#8222;contesa \u00eentunecat\u0103&#8221;. Cine erau cei doi?"}]},{"@type":"WebSite","@id":"https:\/\/www.lovendal.ro\/wp52\/#website","url":"https:\/\/www.lovendal.ro\/wp52\/","name":"Secretele lui Lovendal","description":"Site de secrete, stiinta si metafizica - din 2008 -","publisher":{"@id":"https:\/\/www.lovendal.ro\/wp52\/#organization"},"potentialAction":[{"@type":"SearchAction","target":{"@type":"EntryPoint","urlTemplate":"https:\/\/www.lovendal.ro\/wp52\/?s={search_term_string}"},"query-input":{"@type":"PropertyValueSpecification","valueRequired":true,"valueName":"search_term_string"}}],"inLanguage":"ro-RO"},{"@type":"Organization","@id":"https:\/\/www.lovendal.ro\/wp52\/#organization","name":"Secretele lui Lovendal","url":"https:\/\/www.lovendal.ro\/wp52\/","logo":{"@type":"ImageObject","inLanguage":"ro-RO","@id":"https:\/\/www.lovendal.ro\/wp52\/#\/schema\/logo\/image\/","url":"https:\/\/www.lovendal.ro\/wp52\/wp-content\/uploads\/2024\/06\/cropped-SLL-iun-2024-1.jpg","contentUrl":"https:\/\/www.lovendal.ro\/wp52\/wp-content\/uploads\/2024\/06\/cropped-SLL-iun-2024-1.jpg","width":771,"height":240,"caption":"Secretele lui Lovendal"},"image":{"@id":"https:\/\/www.lovendal.ro\/wp52\/#\/schema\/logo\/image\/"},"sameAs":["https:\/\/www.facebook.com\/secreteleluilovendal"]},{"@type":"Person","@id":"https:\/\/www.lovendal.ro\/wp52\/#\/schema\/person\/088691de5dfc346bb0c023e1e52ef5d9","name":"admin","image":{"@type":"ImageObject","inLanguage":"ro-RO","@id":"https:\/\/secure.gravatar.com\/avatar\/ecb9cd41f5f63c9c9b989999a59f6e2639a865ec361e9db054db0679a8f341c2?s=96&d=mm&r=g","url":"https:\/\/secure.gravatar.com\/avatar\/ecb9cd41f5f63c9c9b989999a59f6e2639a865ec361e9db054db0679a8f341c2?s=96&d=mm&r=g","contentUrl":"https:\/\/secure.gravatar.com\/avatar\/ecb9cd41f5f63c9c9b989999a59f6e2639a865ec361e9db054db0679a8f341c2?s=96&d=mm&r=g","caption":"admin"},"sameAs":["https:\/\/www.lovendal.ro\/wp52"]}]}},"_links":{"self":[{"href":"https:\/\/www.lovendal.ro\/wp52\/wp-json\/wp\/v2\/posts\/48046","targetHints":{"allow":["GET"]}}],"collection":[{"href":"https:\/\/www.lovendal.ro\/wp52\/wp-json\/wp\/v2\/posts"}],"about":[{"href":"https:\/\/www.lovendal.ro\/wp52\/wp-json\/wp\/v2\/types\/post"}],"author":[{"embeddable":true,"href":"https:\/\/www.lovendal.ro\/wp52\/wp-json\/wp\/v2\/users\/1"}],"replies":[{"embeddable":true,"href":"https:\/\/www.lovendal.ro\/wp52\/wp-json\/wp\/v2\/comments?post=48046"}],"version-history":[{"count":0,"href":"https:\/\/www.lovendal.ro\/wp52\/wp-json\/wp\/v2\/posts\/48046\/revisions"}],"wp:featuredmedia":[{"embeddable":true,"href":"https:\/\/www.lovendal.ro\/wp52\/wp-json\/wp\/v2\/media\/48047"}],"wp:attachment":[{"href":"https:\/\/www.lovendal.ro\/wp52\/wp-json\/wp\/v2\/media?parent=48046"}],"wp:term":[{"taxonomy":"category","embeddable":true,"href":"https:\/\/www.lovendal.ro\/wp52\/wp-json\/wp\/v2\/categories?post=48046"},{"taxonomy":"post_tag","embeddable":true,"href":"https:\/\/www.lovendal.ro\/wp52\/wp-json\/wp\/v2\/tags?post=48046"}],"curies":[{"name":"wp","href":"https:\/\/api.w.org\/{rel}","templated":true}]}}