{"id":4788,"date":"2009-05-04T07:49:37","date_gmt":"2009-05-04T04:49:37","guid":{"rendered":"http:\/\/www.lovendal.net\/wp52\/?p=4788"},"modified":"2009-05-04T07:49:37","modified_gmt":"2009-05-04T04:49:37","slug":"maria-tanase-un-geniu-al-muzicii-populare-romanesti","status":"publish","type":"post","link":"https:\/\/www.lovendal.ro\/wp52\/maria-tanase-un-geniu-al-muzicii-populare-romanesti\/","title":{"rendered":"Maria T\u0103nase, un geniu al muzicii populare rom\u00e2ne\u015fti"},"content":{"rendered":"<p><img loading=\"lazy\" decoding=\"async\" class=\"alignleft size-full wp-image-4790\" title=\"maria-tanase\" src=\"https:\/\/www.lovendal.ro\/wp52\/wp-content\/uploads\/2009\/05\/maria-tanase.jpg\" alt=\"maria-tanase\" width=\"252\" height=\"224\" \/>A v\u0103zut lumina zilei la Bucure\u015fti, \u00een strada Livada cu Duzi din cartierul C\u0103r\u0103midarii de Jos din Bucure\u015fti, \u00een diminea\u0163a zilei de 25 septembrie 1913. Era al treilea copil al Anei Munteanu, originar\u0103 din comun\u0103 Carta (F\u0103g\u0103ra\u015f) \u015fi al lui Ion Coand\u0103 T\u0103nase, din satul oltenesc Mierea Birnicii, de pe valea Amaradiei.<\/p>\n<p>Prima dat\u0103 a ap\u0103rut \u00een public \u00een 1921, pe scen\u0103 C\u0103minului Cultural \u201eC\u0103r\u0103midarii de Jos\u201c din Calea Piscului, la serbarea de sf\u00e2r\u015fit de an a \u015ecolii primare nr. 11 T\u0103b\u0103cari. Dornic\u0103 s\u0103 \u00eenve\u0163e c\u00e2t mai multe c\u00e2ntece, mergea pe timpul verii \u00een locul de ba\u015ftin\u0103 matern. Anul 1934 a marcat admiterea ei, prin concurs, la Teatrul de Var\u0103 \u201eC\u0103r\u0103bu\u015f\u201c din strada Academiei, condus de marele actor Constantin T\u0103nase, pentru revista C\u0103r\u0103bu\u0163-Expres, scris\u0103 de Nicolae Kiri\u0163escu pe muzica semnat\u0103 de Gherase Dendrino, Petre Andreescu \u015fi Elly Roman.<\/p>\n<p>Folcloristul Harry Brauner, ascult\u00e2nd-o \u201eprofesional\u201c a fost profund impresionat de talentul ei \u00eenn\u0103scut. Drept urmare, a prezentat-o lui Constantin Br\u0103iloiu, \u00eentemeietorul Arhivei Interna\u0163ionale de Folclor de la Geneva de mai t\u00e2rziu. Etnomuzicologul i-a recomandat s\u0103-\u015fi aleag\u0103 repertoriul direct de la izvoare.<\/p>\n<p>Ulterior, dramaturgul Tudor Musatescu a sf\u0103tuit-o s\u0103 \u00eenregistreze c\u00e2ntece din repertoriul propriu, apel\u00e2nd la una din casele de discuri existente \u00een Bucure\u015fti. \u00cenregistrarea de prob\u0103 s-a produs la Studioul \u201eTomis\u201c din Calea C\u0103l\u0103ra\u015filor. Piesa intitulat\u0103 <strong>Roman\u0163a mansardei<\/strong>, imprimat\u0103 sub \u00eendrumarea directorului muzical compozitorul Misu Iancu \u015fi cu concursul direct al lui C. Brailoiu, s-a bucurat de un succes extraordinar. Ulterior, a fost invitat\u0103 \u015fi de \u201eColumbia\u201c, \u00een studioul c\u0103reia (strada Udricani) a \u00eenregistrat <strong>Nunta \u0163ig\u0103neasc\u0103<\/strong>, epuizat\u0103 \u00een numai c\u00e2teva s\u0103pt\u0103m\u00e2ni. Reeditat\u0103 \u00eentr-un tiraj impresionant, melodia a avut un succes formidabil.<\/p>\n<p>\u00cenceputul carierei artistice propriu-zise a coincis \u00eens\u0103 cu debutul radiofonic din 20 februarie 1938, c\u00e2nd a prezentat un program de piese folclorice: <strong>M-am jurat de mii de ori, Ce-i mai dulce ca alvi\u0163a, Cine iube\u015fte \u015fi las\u0103, Geaba m\u0103 mai duc acas\u0103, Marie \u015fi Marioara, C\u00e2nd o fi la moartea mea.<\/strong><\/p>\n<p>Presa timpului i-a acordat o deosebit\u0103 aten\u0163ie. \u00cen revista <strong>Radio-Adev\u0103rul<\/strong> a ap\u0103rut un articol din care cit\u0103m: \u201e<em>T\u00e2n\u0103ra c\u00e2nt\u0103rea\u0163\u0103 care e una din cele mai izbutite talente ale promo\u0163iilor mai noi aduce pe l\u00e2ng\u0103 apreciate \u00eensu\u015firi vocale \u015fi o preocupare de noutate \u00eentru totul l\u0103udabil\u0103: studiul temelor folclorice, valorificarea melodiilor populare pe care nu le diseaz\u0103 ci le c\u00e2nt\u0103, p\u0103str\u00e2ndu-le nealterat\u0103 frumuse\u0163ea original\u0103. Solista creeaz\u0103 astfel \u015fi pune \u00een valoare melodia poporan\u0103 autentic\u0103 \u015fi cu deosebire c\u00e2ntecul autentic,<\/em> <em>terenuri \u00eenc\u0103 necunoscute, ne\u00een\u0163elese sau degradate de obi\u015fnui\u0163ii no\u015ftri diseuri<\/em>.\u201c<\/p>\n<p>Data de 28 septembrie 1938 marcheaz\u0103 debutul Mariei T\u0103nase \u00een arta cupletului, dar \u015fi lansarea c\u00e2ntecelor romane\u015fti de larg\u0103 circula\u0163ie: <strong>Mi-am pus busuioc \u00een p\u0103r<\/strong>, pe versurile lui Nicolae Vladoianu \u015fi <strong>Habar n-ai tu<\/strong>, pe un text de Eugen Mirea, ambele compuse de Ion Vasilescu, oferite spectatorilor \u00een revista <strong>Constela\u0163ia Alhambrei<\/strong>.<\/p>\n<p>\u00cen urma audi\u0163iei de la \u201eHanul Ancu\u0163ei\u201c, Maria T\u0103nase, acompaniat\u0103 admirabil de maestrul Grigora\u015f Dinicu, a fost aleas\u0103 \u00een unanimitate s\u0103 reprezinte c\u00e2ntecul popular rom\u00e2nesc pe continentul american, \u00een cadrul Expozi\u0163iei Interna\u0163ionale de la New York (1939). A c\u00e2ntat \u00een fata fostului pre\u015fedinte american Hoover, a lui Andr\u00e9 Gade, Yehudi Menuhin, Constantin Br\u00e2ncu\u015fi, George Enescu, Jascha Heifetz s.a., \u00een acompaniamentul forma\u0163iei instrumentale conduse de Fanic\u0103 Luca \u015fi a orchestrei dirijate de Grigora\u015f Dinicu.<\/p>\n<p>\u00cen octombrie 1940, a oferit un recital de muzic\u0103 popular\u0103 rom\u00e2neasc\u0103 publicului din ora\u015ful Foc\u015fani, dup\u0103 care regimul legionar i-a interzis orice activitate artistic\u0103, distrug\u00e2ndu-i-se toate pl\u0103cile de gramofon de la Radio, ba chiar \u015fi matri\u0163ele de la casele de discuri. Dup\u0103 c\u00e2teva luni de \u201eabsen\u0163\u0103 artistic\u0103\u201c, vocea ei s-a f\u0103cut din nou auzit\u0103 la posturile de radio. \u015ei nu numai. A fost inclus\u0103 \u00een turneul de propagand\u0103 rom\u00e2neasc\u0103 din Turcia din martie 1941, organizat de Nicolae Kiri\u0163escu \u00eempreun\u0103 cu Ion Aurel Maican. La Istanbul a fost ova\u0163ionat\u0103 pe scen\u0103 Teatrului Taxim. A sus\u0163inut recitaluri la Radiodifuziunea din Ankara, \u00een urma c\u0103rora, pre\u015fedintele Turciei i-a oferit un post de&#8230; cercet\u0103toare la Institutul Etnografic din Istanbul \u015fi chiar cet\u0103\u0163enia de onoare a Turciei.<\/p>\n<p>Dup\u0103 \u00eentoarcerea din turneul de pe malurile Bosforului, al\u0103turi de echipe formate din nume reprezentative ale teatrului \u015fi muzicii romane\u015fti (George Enescu, George Vraca sau Constantin T\u0103nase), participa la spectacolele organizate \u00een spitale pentru r\u0103ni\u0163i, \u00een timp ce, pe estrad\u0103 Restaurantului \u201eCaf\u00e9 Wilson\u201c, evolueaz\u0103 \u00een acompaniamentul orchestrei Victor Predescu, ascultat\u0103 \u015fi admirat\u0103 de marele pianist Walter Gieseking, \u00eenso\u0163it de dirijorul Ionel Perlea.<\/p>\n<p>Luna ianuarie a anului 1944 marcheaz\u0103 debutul s\u0103u \u00een opereta <strong>Mascota<\/strong> de Edmond Audran, \u00een care de\u0163ine rolul principal feminin, al\u0103turi de tenorul Ion Dacian \u015fi sub bagheta dirijorului Egizio Massini.<\/p>\n<p>Pentru meritele sale artistice deosebite, la 20 decembrie 1955 prime\u015fte Premiul de Stat, iar \u00een octombrie 1957 i se acord\u0103 titlul de Artist\u0103 Emerit\u0103.<\/p>\n<p>\u00cen decembrie 1957 este distribuit\u0103 \u00een coproduc\u0163ia rom\u00e2no-francez\u0103 <strong>Ciulinii B\u0103r\u0103ganului<\/strong>, turnat\u0103 dup\u0103 romanul cu acela\u015fi nume al lui Panait Istrati; interpreteaz\u0103 rolul principal Anica, al\u0103turi de actorii Marcel Anghelescu, Mihai Berechet \u015fi Florin Piersic.<\/p>\n<p>Maria T\u0103nase dorea ca restul vie\u0163ii s\u0103-l \u00eenchine \u00eenv\u0103\u0163\u0103m\u00e2ntului pedagogic de factur\u0103 folcloric\u0103. La cererea sa, a fost transferat\u0103 \u00een func\u0163ia de folclorist la orchestra \u201eTaraful Gorjului\u201c din Tg. Jiu, unde prezint\u0103 concerte \u015fi spectacole apar\u0163in\u00e2nd filonului folcloric oltenesc. Concomitent, este distribuit\u0103 la Teatrul Municipal din Bucure\u015fti \u00een <strong>Opera de trei parale<\/strong> a lui Brecht, \u00een rolul Jeny Spelunc\u0103. Dar r\u0103pus\u0103 de boal\u0103, p\u0103r\u0103se\u015fte definitiv scena vie\u0163ii la 22 iunie 1963. Nu \u00eemplinise \u00eenc\u0103 50 de ani, dar las\u0103 \u00een urma sa un monument artistic ce va \u00eenfrunta veacurile&#8230;<\/p>\n","protected":false},"excerpt":{"rendered":"<p>A v\u0103zut lumina zilei la Bucure\u015fti, \u00een strada Livada cu Duzi din cartierul C\u0103r\u0103midarii de Jos din Bucure\u015fti, \u00een diminea\u0163a zilei de 25 septembrie 1913. Era al treilea copil al Anei Munteanu, originar\u0103 din comun\u0103 Carta (F\u0103g\u0103ra\u015f) \u015fi al lui &#8230; <\/p>\n<p class=\"read-more-container\"><a title=\"Maria T\u0103nase, un geniu al muzicii populare rom\u00e2ne\u015fti\" class=\"read-more button\" href=\"https:\/\/www.lovendal.ro\/wp52\/maria-tanase-un-geniu-al-muzicii-populare-romanesti\/#more-4788\" aria-label=\"Cite\u0219te mai multe despre Maria T\u0103nase, un geniu al muzicii populare rom\u00e2ne\u015fti\">Cititi mai multe<\/a><\/p>\n","protected":false},"author":1,"featured_media":4790,"comment_status":"open","ping_status":"closed","sticky":false,"template":"","format":"standard","meta":{"footnotes":""},"categories":[28],"tags":[9798,1424,1425],"class_list":["post-4788","post","type-post","status-publish","format-standard","has-post-thumbnail","hentry","category-cultura","tag-cultura","tag-maria-tanase","tag-muzica-populara","resize-featured-image"],"yoast_head":"<!-- This site is optimized with the Yoast SEO Premium plugin v23.3 (Yoast SEO v27.4) - https:\/\/yoast.com\/product\/yoast-seo-premium-wordpress\/ -->\n<title>Maria T\u0103nase, un geniu al muzicii populare rom\u00e2ne\u015fti - Secretele lui Lovendal<\/title>\n<meta name=\"robots\" content=\"index, follow, max-snippet:-1, max-image-preview:large, max-video-preview:-1\" \/>\n<link rel=\"canonical\" href=\"https:\/\/www.lovendal.ro\/wp52\/maria-tanase-un-geniu-al-muzicii-populare-romanesti\/\" \/>\n<meta property=\"og:locale\" content=\"ro_RO\" \/>\n<meta property=\"og:type\" content=\"article\" \/>\n<meta property=\"og:title\" content=\"Maria T\u0103nase, un geniu al muzicii populare rom\u00e2ne\u015fti\" \/>\n<meta property=\"og:description\" content=\"A v\u0103zut lumina zilei la Bucure\u015fti, \u00een strada Livada cu Duzi din cartierul C\u0103r\u0103midarii de Jos din Bucure\u015fti, \u00een diminea\u0163a zilei de 25 septembrie 1913. Era al treilea copil al Anei Munteanu, originar\u0103 din comun\u0103 Carta (F\u0103g\u0103ra\u015f) \u015fi al lui ... Cititi mai multe\" \/>\n<meta property=\"og:url\" content=\"https:\/\/www.lovendal.ro\/wp52\/maria-tanase-un-geniu-al-muzicii-populare-romanesti\/\" \/>\n<meta property=\"og:site_name\" content=\"Secretele lui Lovendal\" \/>\n<meta property=\"article:publisher\" content=\"https:\/\/www.facebook.com\/secreteleluilovendal\" \/>\n<meta property=\"article:published_time\" content=\"2009-05-04T04:49:37+00:00\" \/>\n<meta property=\"og:image\" content=\"https:\/\/www.lovendal.ro\/wp52\/wp-content\/uploads\/2009\/05\/maria-tanase.jpg\" \/>\n\t<meta property=\"og:image:width\" content=\"252\" \/>\n\t<meta property=\"og:image:height\" content=\"224\" \/>\n\t<meta property=\"og:image:type\" content=\"image\/jpeg\" \/>\n<meta name=\"author\" content=\"admin\" \/>\n<meta name=\"twitter:card\" content=\"summary_large_image\" \/>\n<meta name=\"twitter:label1\" content=\"Scris de\" \/>\n\t<meta name=\"twitter:data1\" content=\"admin\" \/>\n\t<meta name=\"twitter:label2\" content=\"Timp estimat pentru citire\" \/>\n\t<meta name=\"twitter:data2\" content=\"5 minute\" \/>\n<script type=\"application\/ld+json\" class=\"yoast-schema-graph\">{\"@context\":\"https:\\\/\\\/schema.org\",\"@graph\":[{\"@type\":\"Article\",\"@id\":\"https:\\\/\\\/www.lovendal.ro\\\/wp52\\\/maria-tanase-un-geniu-al-muzicii-populare-romanesti\\\/#article\",\"isPartOf\":{\"@id\":\"https:\\\/\\\/www.lovendal.ro\\\/wp52\\\/maria-tanase-un-geniu-al-muzicii-populare-romanesti\\\/\"},\"author\":{\"name\":\"admin\",\"@id\":\"https:\\\/\\\/www.lovendal.ro\\\/wp52\\\/#\\\/schema\\\/person\\\/088691de5dfc346bb0c023e1e52ef5d9\"},\"headline\":\"Maria T\u0103nase, un geniu al muzicii populare rom\u00e2ne\u015fti\",\"datePublished\":\"2009-05-04T04:49:37+00:00\",\"mainEntityOfPage\":{\"@id\":\"https:\\\/\\\/www.lovendal.ro\\\/wp52\\\/maria-tanase-un-geniu-al-muzicii-populare-romanesti\\\/\"},\"wordCount\":1025,\"commentCount\":3,\"publisher\":{\"@id\":\"https:\\\/\\\/www.lovendal.ro\\\/wp52\\\/#organization\"},\"image\":{\"@id\":\"https:\\\/\\\/www.lovendal.ro\\\/wp52\\\/maria-tanase-un-geniu-al-muzicii-populare-romanesti\\\/#primaryimage\"},\"thumbnailUrl\":\"https:\\\/\\\/www.lovendal.ro\\\/wp52\\\/wp-content\\\/uploads\\\/2009\\\/05\\\/maria-tanase.jpg\",\"keywords\":[\"Cultura\",\"Maria T\u0103nase\",\"muzic\u0103 popular\u0103\"],\"articleSection\":[\"Cultura\"],\"inLanguage\":\"ro-RO\",\"potentialAction\":[{\"@type\":\"CommentAction\",\"name\":\"Comment\",\"target\":[\"https:\\\/\\\/www.lovendal.ro\\\/wp52\\\/maria-tanase-un-geniu-al-muzicii-populare-romanesti\\\/#respond\"]}]},{\"@type\":\"WebPage\",\"@id\":\"https:\\\/\\\/www.lovendal.ro\\\/wp52\\\/maria-tanase-un-geniu-al-muzicii-populare-romanesti\\\/\",\"url\":\"https:\\\/\\\/www.lovendal.ro\\\/wp52\\\/maria-tanase-un-geniu-al-muzicii-populare-romanesti\\\/\",\"name\":\"Maria T\u0103nase, un geniu al muzicii populare rom\u00e2ne\u015fti - Secretele lui Lovendal\",\"isPartOf\":{\"@id\":\"https:\\\/\\\/www.lovendal.ro\\\/wp52\\\/#website\"},\"primaryImageOfPage\":{\"@id\":\"https:\\\/\\\/www.lovendal.ro\\\/wp52\\\/maria-tanase-un-geniu-al-muzicii-populare-romanesti\\\/#primaryimage\"},\"image\":{\"@id\":\"https:\\\/\\\/www.lovendal.ro\\\/wp52\\\/maria-tanase-un-geniu-al-muzicii-populare-romanesti\\\/#primaryimage\"},\"thumbnailUrl\":\"https:\\\/\\\/www.lovendal.ro\\\/wp52\\\/wp-content\\\/uploads\\\/2009\\\/05\\\/maria-tanase.jpg\",\"datePublished\":\"2009-05-04T04:49:37+00:00\",\"breadcrumb\":{\"@id\":\"https:\\\/\\\/www.lovendal.ro\\\/wp52\\\/maria-tanase-un-geniu-al-muzicii-populare-romanesti\\\/#breadcrumb\"},\"inLanguage\":\"ro-RO\",\"potentialAction\":[{\"@type\":\"ReadAction\",\"target\":[\"https:\\\/\\\/www.lovendal.ro\\\/wp52\\\/maria-tanase-un-geniu-al-muzicii-populare-romanesti\\\/\"]}]},{\"@type\":\"ImageObject\",\"inLanguage\":\"ro-RO\",\"@id\":\"https:\\\/\\\/www.lovendal.ro\\\/wp52\\\/maria-tanase-un-geniu-al-muzicii-populare-romanesti\\\/#primaryimage\",\"url\":\"https:\\\/\\\/www.lovendal.ro\\\/wp52\\\/wp-content\\\/uploads\\\/2009\\\/05\\\/maria-tanase.jpg\",\"contentUrl\":\"https:\\\/\\\/www.lovendal.ro\\\/wp52\\\/wp-content\\\/uploads\\\/2009\\\/05\\\/maria-tanase.jpg\",\"width\":\"252\",\"height\":\"224\"},{\"@type\":\"BreadcrumbList\",\"@id\":\"https:\\\/\\\/www.lovendal.ro\\\/wp52\\\/maria-tanase-un-geniu-al-muzicii-populare-romanesti\\\/#breadcrumb\",\"itemListElement\":[{\"@type\":\"ListItem\",\"position\":1,\"name\":\"Home\",\"item\":\"https:\\\/\\\/www.lovendal.ro\\\/wp52\\\/\"},{\"@type\":\"ListItem\",\"position\":2,\"name\":\"Maria T\u0103nase, un geniu al muzicii populare rom\u00e2ne\u015fti\"}]},{\"@type\":\"WebSite\",\"@id\":\"https:\\\/\\\/www.lovendal.ro\\\/wp52\\\/#website\",\"url\":\"https:\\\/\\\/www.lovendal.ro\\\/wp52\\\/\",\"name\":\"Secretele lui Lovendal\",\"description\":\"Site de secrete, stiinta si metafizica - din 2008 -\",\"publisher\":{\"@id\":\"https:\\\/\\\/www.lovendal.ro\\\/wp52\\\/#organization\"},\"potentialAction\":[{\"@type\":\"SearchAction\",\"target\":{\"@type\":\"EntryPoint\",\"urlTemplate\":\"https:\\\/\\\/www.lovendal.ro\\\/wp52\\\/?s={search_term_string}\"},\"query-input\":{\"@type\":\"PropertyValueSpecification\",\"valueRequired\":true,\"valueName\":\"search_term_string\"}}],\"inLanguage\":\"ro-RO\"},{\"@type\":\"Organization\",\"@id\":\"https:\\\/\\\/www.lovendal.ro\\\/wp52\\\/#organization\",\"name\":\"Secretele lui Lovendal\",\"url\":\"https:\\\/\\\/www.lovendal.ro\\\/wp52\\\/\",\"logo\":{\"@type\":\"ImageObject\",\"inLanguage\":\"ro-RO\",\"@id\":\"https:\\\/\\\/www.lovendal.ro\\\/wp52\\\/#\\\/schema\\\/logo\\\/image\\\/\",\"url\":\"https:\\\/\\\/www.lovendal.ro\\\/wp52\\\/wp-content\\\/uploads\\\/2024\\\/06\\\/cropped-SLL-iun-2024-1.jpg\",\"contentUrl\":\"https:\\\/\\\/www.lovendal.ro\\\/wp52\\\/wp-content\\\/uploads\\\/2024\\\/06\\\/cropped-SLL-iun-2024-1.jpg\",\"width\":771,\"height\":240,\"caption\":\"Secretele lui Lovendal\"},\"image\":{\"@id\":\"https:\\\/\\\/www.lovendal.ro\\\/wp52\\\/#\\\/schema\\\/logo\\\/image\\\/\"},\"sameAs\":[\"https:\\\/\\\/www.facebook.com\\\/secreteleluilovendal\"]},{\"@type\":\"Person\",\"@id\":\"https:\\\/\\\/www.lovendal.ro\\\/wp52\\\/#\\\/schema\\\/person\\\/088691de5dfc346bb0c023e1e52ef5d9\",\"name\":\"admin\",\"image\":{\"@type\":\"ImageObject\",\"inLanguage\":\"ro-RO\",\"@id\":\"https:\\\/\\\/secure.gravatar.com\\\/avatar\\\/ecb9cd41f5f63c9c9b989999a59f6e2639a865ec361e9db054db0679a8f341c2?s=96&d=mm&r=g\",\"url\":\"https:\\\/\\\/secure.gravatar.com\\\/avatar\\\/ecb9cd41f5f63c9c9b989999a59f6e2639a865ec361e9db054db0679a8f341c2?s=96&d=mm&r=g\",\"contentUrl\":\"https:\\\/\\\/secure.gravatar.com\\\/avatar\\\/ecb9cd41f5f63c9c9b989999a59f6e2639a865ec361e9db054db0679a8f341c2?s=96&d=mm&r=g\",\"caption\":\"admin\"},\"sameAs\":[\"https:\\\/\\\/www.lovendal.ro\\\/wp52\"]}]}<\/script>\n<!-- \/ Yoast SEO Premium plugin. -->","yoast_head_json":{"title":"Maria T\u0103nase, un geniu al muzicii populare rom\u00e2ne\u015fti - Secretele lui Lovendal","robots":{"index":"index","follow":"follow","max-snippet":"max-snippet:-1","max-image-preview":"max-image-preview:large","max-video-preview":"max-video-preview:-1"},"canonical":"https:\/\/www.lovendal.ro\/wp52\/maria-tanase-un-geniu-al-muzicii-populare-romanesti\/","og_locale":"ro_RO","og_type":"article","og_title":"Maria T\u0103nase, un geniu al muzicii populare rom\u00e2ne\u015fti","og_description":"A v\u0103zut lumina zilei la Bucure\u015fti, \u00een strada Livada cu Duzi din cartierul C\u0103r\u0103midarii de Jos din Bucure\u015fti, \u00een diminea\u0163a zilei de 25 septembrie 1913. Era al treilea copil al Anei Munteanu, originar\u0103 din comun\u0103 Carta (F\u0103g\u0103ra\u015f) \u015fi al lui ... Cititi mai multe","og_url":"https:\/\/www.lovendal.ro\/wp52\/maria-tanase-un-geniu-al-muzicii-populare-romanesti\/","og_site_name":"Secretele lui Lovendal","article_publisher":"https:\/\/www.facebook.com\/secreteleluilovendal","article_published_time":"2009-05-04T04:49:37+00:00","og_image":[{"width":252,"height":224,"url":"https:\/\/www.lovendal.ro\/wp52\/wp-content\/uploads\/2009\/05\/maria-tanase.jpg","type":"image\/jpeg"}],"author":"admin","twitter_card":"summary_large_image","twitter_misc":{"Scris de":"admin","Timp estimat pentru citire":"5 minute"},"schema":{"@context":"https:\/\/schema.org","@graph":[{"@type":"Article","@id":"https:\/\/www.lovendal.ro\/wp52\/maria-tanase-un-geniu-al-muzicii-populare-romanesti\/#article","isPartOf":{"@id":"https:\/\/www.lovendal.ro\/wp52\/maria-tanase-un-geniu-al-muzicii-populare-romanesti\/"},"author":{"name":"admin","@id":"https:\/\/www.lovendal.ro\/wp52\/#\/schema\/person\/088691de5dfc346bb0c023e1e52ef5d9"},"headline":"Maria T\u0103nase, un geniu al muzicii populare rom\u00e2ne\u015fti","datePublished":"2009-05-04T04:49:37+00:00","mainEntityOfPage":{"@id":"https:\/\/www.lovendal.ro\/wp52\/maria-tanase-un-geniu-al-muzicii-populare-romanesti\/"},"wordCount":1025,"commentCount":3,"publisher":{"@id":"https:\/\/www.lovendal.ro\/wp52\/#organization"},"image":{"@id":"https:\/\/www.lovendal.ro\/wp52\/maria-tanase-un-geniu-al-muzicii-populare-romanesti\/#primaryimage"},"thumbnailUrl":"https:\/\/www.lovendal.ro\/wp52\/wp-content\/uploads\/2009\/05\/maria-tanase.jpg","keywords":["Cultura","Maria T\u0103nase","muzic\u0103 popular\u0103"],"articleSection":["Cultura"],"inLanguage":"ro-RO","potentialAction":[{"@type":"CommentAction","name":"Comment","target":["https:\/\/www.lovendal.ro\/wp52\/maria-tanase-un-geniu-al-muzicii-populare-romanesti\/#respond"]}]},{"@type":"WebPage","@id":"https:\/\/www.lovendal.ro\/wp52\/maria-tanase-un-geniu-al-muzicii-populare-romanesti\/","url":"https:\/\/www.lovendal.ro\/wp52\/maria-tanase-un-geniu-al-muzicii-populare-romanesti\/","name":"Maria T\u0103nase, un geniu al muzicii populare rom\u00e2ne\u015fti - Secretele lui Lovendal","isPartOf":{"@id":"https:\/\/www.lovendal.ro\/wp52\/#website"},"primaryImageOfPage":{"@id":"https:\/\/www.lovendal.ro\/wp52\/maria-tanase-un-geniu-al-muzicii-populare-romanesti\/#primaryimage"},"image":{"@id":"https:\/\/www.lovendal.ro\/wp52\/maria-tanase-un-geniu-al-muzicii-populare-romanesti\/#primaryimage"},"thumbnailUrl":"https:\/\/www.lovendal.ro\/wp52\/wp-content\/uploads\/2009\/05\/maria-tanase.jpg","datePublished":"2009-05-04T04:49:37+00:00","breadcrumb":{"@id":"https:\/\/www.lovendal.ro\/wp52\/maria-tanase-un-geniu-al-muzicii-populare-romanesti\/#breadcrumb"},"inLanguage":"ro-RO","potentialAction":[{"@type":"ReadAction","target":["https:\/\/www.lovendal.ro\/wp52\/maria-tanase-un-geniu-al-muzicii-populare-romanesti\/"]}]},{"@type":"ImageObject","inLanguage":"ro-RO","@id":"https:\/\/www.lovendal.ro\/wp52\/maria-tanase-un-geniu-al-muzicii-populare-romanesti\/#primaryimage","url":"https:\/\/www.lovendal.ro\/wp52\/wp-content\/uploads\/2009\/05\/maria-tanase.jpg","contentUrl":"https:\/\/www.lovendal.ro\/wp52\/wp-content\/uploads\/2009\/05\/maria-tanase.jpg","width":"252","height":"224"},{"@type":"BreadcrumbList","@id":"https:\/\/www.lovendal.ro\/wp52\/maria-tanase-un-geniu-al-muzicii-populare-romanesti\/#breadcrumb","itemListElement":[{"@type":"ListItem","position":1,"name":"Home","item":"https:\/\/www.lovendal.ro\/wp52\/"},{"@type":"ListItem","position":2,"name":"Maria T\u0103nase, un geniu al muzicii populare rom\u00e2ne\u015fti"}]},{"@type":"WebSite","@id":"https:\/\/www.lovendal.ro\/wp52\/#website","url":"https:\/\/www.lovendal.ro\/wp52\/","name":"Secretele lui Lovendal","description":"Site de secrete, stiinta si metafizica - din 2008 -","publisher":{"@id":"https:\/\/www.lovendal.ro\/wp52\/#organization"},"potentialAction":[{"@type":"SearchAction","target":{"@type":"EntryPoint","urlTemplate":"https:\/\/www.lovendal.ro\/wp52\/?s={search_term_string}"},"query-input":{"@type":"PropertyValueSpecification","valueRequired":true,"valueName":"search_term_string"}}],"inLanguage":"ro-RO"},{"@type":"Organization","@id":"https:\/\/www.lovendal.ro\/wp52\/#organization","name":"Secretele lui Lovendal","url":"https:\/\/www.lovendal.ro\/wp52\/","logo":{"@type":"ImageObject","inLanguage":"ro-RO","@id":"https:\/\/www.lovendal.ro\/wp52\/#\/schema\/logo\/image\/","url":"https:\/\/www.lovendal.ro\/wp52\/wp-content\/uploads\/2024\/06\/cropped-SLL-iun-2024-1.jpg","contentUrl":"https:\/\/www.lovendal.ro\/wp52\/wp-content\/uploads\/2024\/06\/cropped-SLL-iun-2024-1.jpg","width":771,"height":240,"caption":"Secretele lui Lovendal"},"image":{"@id":"https:\/\/www.lovendal.ro\/wp52\/#\/schema\/logo\/image\/"},"sameAs":["https:\/\/www.facebook.com\/secreteleluilovendal"]},{"@type":"Person","@id":"https:\/\/www.lovendal.ro\/wp52\/#\/schema\/person\/088691de5dfc346bb0c023e1e52ef5d9","name":"admin","image":{"@type":"ImageObject","inLanguage":"ro-RO","@id":"https:\/\/secure.gravatar.com\/avatar\/ecb9cd41f5f63c9c9b989999a59f6e2639a865ec361e9db054db0679a8f341c2?s=96&d=mm&r=g","url":"https:\/\/secure.gravatar.com\/avatar\/ecb9cd41f5f63c9c9b989999a59f6e2639a865ec361e9db054db0679a8f341c2?s=96&d=mm&r=g","contentUrl":"https:\/\/secure.gravatar.com\/avatar\/ecb9cd41f5f63c9c9b989999a59f6e2639a865ec361e9db054db0679a8f341c2?s=96&d=mm&r=g","caption":"admin"},"sameAs":["https:\/\/www.lovendal.ro\/wp52"]}]}},"_links":{"self":[{"href":"https:\/\/www.lovendal.ro\/wp52\/wp-json\/wp\/v2\/posts\/4788","targetHints":{"allow":["GET"]}}],"collection":[{"href":"https:\/\/www.lovendal.ro\/wp52\/wp-json\/wp\/v2\/posts"}],"about":[{"href":"https:\/\/www.lovendal.ro\/wp52\/wp-json\/wp\/v2\/types\/post"}],"author":[{"embeddable":true,"href":"https:\/\/www.lovendal.ro\/wp52\/wp-json\/wp\/v2\/users\/1"}],"replies":[{"embeddable":true,"href":"https:\/\/www.lovendal.ro\/wp52\/wp-json\/wp\/v2\/comments?post=4788"}],"version-history":[{"count":0,"href":"https:\/\/www.lovendal.ro\/wp52\/wp-json\/wp\/v2\/posts\/4788\/revisions"}],"wp:featuredmedia":[{"embeddable":true,"href":"https:\/\/www.lovendal.ro\/wp52\/wp-json\/wp\/v2\/media\/4790"}],"wp:attachment":[{"href":"https:\/\/www.lovendal.ro\/wp52\/wp-json\/wp\/v2\/media?parent=4788"}],"wp:term":[{"taxonomy":"category","embeddable":true,"href":"https:\/\/www.lovendal.ro\/wp52\/wp-json\/wp\/v2\/categories?post=4788"},{"taxonomy":"post_tag","embeddable":true,"href":"https:\/\/www.lovendal.ro\/wp52\/wp-json\/wp\/v2\/tags?post=4788"}],"curies":[{"name":"wp","href":"https:\/\/api.w.org\/{rel}","templated":true}]}}