{"id":47876,"date":"2017-02-10T17:45:08","date_gmt":"2017-02-10T15:45:08","guid":{"rendered":"http:\/\/www.lovendal.ro\/wp52\/?p=47876"},"modified":"2017-02-10T17:45:08","modified_gmt":"2017-02-10T15:45:08","slug":"va-vine-sa-credeti-in-america-au-inceput-sa-apara-aligatorii-portocalii-o-culoare-total-neobisnuita-pentru-aceasta-specie","status":"publish","type":"post","link":"https:\/\/www.lovendal.ro\/wp52\/va-vine-sa-credeti-in-america-au-inceput-sa-apara-aligatorii-portocalii-o-culoare-total-neobisnuita-pentru-aceasta-specie\/","title":{"rendered":"V\u0103 vine s\u0103 crede\u0163i? \u00cen America au \u00eenceput s\u0103 apar\u0103 aligatorii portocalii, o culoare total neobi\u015fnuit\u0103 pentru aceast\u0103 specie"},"content":{"rendered":"<p><img loading=\"lazy\" decoding=\"async\" class=\"alignleft size-full wp-image-47877\" src=\"https:\/\/www.lovendal.ro\/wp52\/wp-content\/uploads\/2017\/02\/aligator-portocaliu.jpg\" alt=\"\" width=\"334\" height=\"202\" srcset=\"https:\/\/www.lovendal.ro\/wp52\/wp-content\/uploads\/2017\/02\/aligator-portocaliu.jpg 334w, https:\/\/www.lovendal.ro\/wp52\/wp-content\/uploads\/2017\/02\/aligator-portocaliu-300x181.jpg 300w\" sizes=\"auto, (max-width: 334px) 100vw, 334px\" \/>De c\u00e2nd m\u0103 ocup cu cercetarea misterelor \u015fi a lucrurilor incredibile, am v\u0103zut multe lucruri ciudate la via\u0163a mea, dar ca acesta, despre care v\u0103 vorbesc \u00een acest articol, mai rar&#8230;<\/p>\n<p>Aligatorii nu sunt crocodili, de\u015fi cele dou\u0103 specii sunt foarte sem\u0103n\u0103toare, de zici c\u0103 ar fi fra\u0163i. \u00cen America, tr\u0103ie\u015fte specia de aligatori denumit\u0103 <i>Alligator mississippiensis <\/i>sau &#8222;aligatorul american&#8221;. Acesta are o lungime de p\u00e2n\u0103 la 5,5 m \u0219i o greutate de p\u00e2n\u0103 la 500 kg.<\/p>\n<p>Se \u015ftie c\u0103 aligatorii au culoarea pielii verzuie-cenu\u015fie. Dar a\u0163i v\u0103zut vreodat\u0103 vreun aligator portocaliu!? Totu\u015fi, de acest lucru au avut parte mai mul\u0163i martori, localnici din statul american Carolina de Sud. \u015ei au f\u0103cut \u015fi poze, ca s\u0103 nu ne \u00eendoim de spusele lor! Poze care au fost postate pe un cotidian local: <em>&#8222;The Post and Courier&#8221;<\/em>.<\/p>\n<p>Kent A. Vliet, un biolog, specializat \u00een aligatori, de la Universitatea din Florida, spune c\u0103 acest aligator nu poate fi o anomalie genetic\u0103. Un expert local, pe nume Jay Butfiloski, de la Departamentul de Resurse Naturale din Carolina de Sud, crede c\u0103 toat\u0103 culoarea ruginie (portocalie) a crocodilului este rezultatul faptului c\u0103 creatura \u015fi-a petrecut prea mult timp \u00eentr-o \u021beav\u0103 ruginit\u0103 al unui canal de scurgere. Foarte interesant\u0103 teorie, dar eu n-o prea cred&#8230;<\/p>\n<p><img loading=\"lazy\" decoding=\"async\" class=\"aligncenter size-full wp-image-47878\" src=\"https:\/\/www.lovendal.ro\/wp52\/wp-content\/uploads\/2017\/02\/aligator-portocaliu-1.jpg\" alt=\"\" width=\"538\" height=\"282\" srcset=\"https:\/\/www.lovendal.ro\/wp52\/wp-content\/uploads\/2017\/02\/aligator-portocaliu-1.jpg 538w, https:\/\/www.lovendal.ro\/wp52\/wp-content\/uploads\/2017\/02\/aligator-portocaliu-1-300x157.jpg 300w\" sizes=\"auto, (max-width: 538px) 100vw, 538px\" \/><\/p>\n<p><strong><em>Sursa (traducerea \u015fi adaptarea):<\/em><\/strong> <a href=\"http:\/\/www.postandcourier.com\/news\/orange-trumpagator-spotted-in-hanahan-pond-has-residents-speculating\/article_5fe90f78-ee53-11e6-a69b-d72a80781cf1.html\" target=\"_blank\"><strong>postandcourier.com<\/strong><\/a><\/p>\n","protected":false},"excerpt":{"rendered":"<p>De c\u00e2nd m\u0103 ocup cu cercetarea misterelor \u015fi a lucrurilor incredibile, am v\u0103zut multe lucruri ciudate la via\u0163a mea, dar ca acesta, despre care v\u0103 vorbesc \u00een acest articol, mai rar&#8230; Aligatorii nu sunt crocodili, de\u015fi cele dou\u0103 specii sunt &#8230; <\/p>\n<p class=\"read-more-container\"><a title=\"V\u0103 vine s\u0103 crede\u0163i? \u00cen America au \u00eenceput s\u0103 apar\u0103 aligatorii portocalii, o culoare total neobi\u015fnuit\u0103 pentru aceast\u0103 specie\" class=\"read-more button\" href=\"https:\/\/www.lovendal.ro\/wp52\/va-vine-sa-credeti-in-america-au-inceput-sa-apara-aligatorii-portocalii-o-culoare-total-neobisnuita-pentru-aceasta-specie\/#more-47876\" aria-label=\"Cite\u0219te mai multe despre V\u0103 vine s\u0103 crede\u0163i? \u00cen America au \u00eenceput s\u0103 apar\u0103 aligatorii portocalii, o culoare total neobi\u015fnuit\u0103 pentru aceast\u0103 specie\">Cititi mai multe<\/a><\/p>\n","protected":false},"author":1,"featured_media":47877,"comment_status":"open","ping_status":"closed","sticky":false,"template":"","format":"standard","meta":{"footnotes":""},"categories":[54,2833],"tags":[10145,10,4905,7077,5881,2924,9800,1953,4263,8209,11370,23,5074,2250],"class_list":["post-47876","post","type-post","status-publish","format-standard","has-post-thumbnail","hentry","category-natura-animale","category-noutati","tag-aligator","tag-america","tag-biolog","tag-carolina-de-sud","tag-crocodil","tag-culoare","tag-natura-animale","tag-piele","tag-portocaliu","tag-poza","tag-rugina","tag-sua","tag-teava","tag-universitate","resize-featured-image"],"yoast_head":"<!-- This site is optimized with the Yoast SEO Premium plugin v23.3 (Yoast SEO v27.4) - https:\/\/yoast.com\/product\/yoast-seo-premium-wordpress\/ -->\n<title>V\u0103 vine s\u0103 crede\u0163i? \u00cen America au \u00eenceput s\u0103 apar\u0103 aligatorii portocalii, o culoare total neobi\u015fnuit\u0103 pentru aceast\u0103 specie - Secretele lui Lovendal<\/title>\n<meta name=\"robots\" content=\"index, follow, max-snippet:-1, max-image-preview:large, max-video-preview:-1\" \/>\n<link rel=\"canonical\" href=\"https:\/\/www.lovendal.ro\/wp52\/va-vine-sa-credeti-in-america-au-inceput-sa-apara-aligatorii-portocalii-o-culoare-total-neobisnuita-pentru-aceasta-specie\/\" \/>\n<meta property=\"og:locale\" content=\"ro_RO\" \/>\n<meta property=\"og:type\" content=\"article\" \/>\n<meta property=\"og:title\" content=\"V\u0103 vine s\u0103 crede\u0163i? \u00cen America au \u00eenceput s\u0103 apar\u0103 aligatorii portocalii, o culoare total neobi\u015fnuit\u0103 pentru aceast\u0103 specie\" \/>\n<meta property=\"og:description\" content=\"De c\u00e2nd m\u0103 ocup cu cercetarea misterelor \u015fi a lucrurilor incredibile, am v\u0103zut multe lucruri ciudate la via\u0163a mea, dar ca acesta, despre care v\u0103 vorbesc \u00een acest articol, mai rar&#8230; Aligatorii nu sunt crocodili, de\u015fi cele dou\u0103 specii sunt ... Cititi mai multe\" \/>\n<meta property=\"og:url\" content=\"https:\/\/www.lovendal.ro\/wp52\/va-vine-sa-credeti-in-america-au-inceput-sa-apara-aligatorii-portocalii-o-culoare-total-neobisnuita-pentru-aceasta-specie\/\" \/>\n<meta property=\"og:site_name\" content=\"Secretele lui Lovendal\" \/>\n<meta property=\"article:publisher\" content=\"https:\/\/www.facebook.com\/secreteleluilovendal\" \/>\n<meta property=\"article:published_time\" content=\"2017-02-10T15:45:08+00:00\" \/>\n<meta property=\"og:image\" content=\"https:\/\/www.lovendal.ro\/wp52\/wp-content\/uploads\/2017\/02\/aligator-portocaliu.jpg\" \/>\n\t<meta property=\"og:image:width\" content=\"334\" \/>\n\t<meta property=\"og:image:height\" content=\"202\" \/>\n\t<meta property=\"og:image:type\" content=\"image\/jpeg\" \/>\n<meta name=\"author\" content=\"admin\" \/>\n<meta name=\"twitter:card\" content=\"summary_large_image\" \/>\n<meta name=\"twitter:label1\" content=\"Scris de\" \/>\n\t<meta name=\"twitter:data1\" content=\"admin\" \/>\n\t<meta name=\"twitter:label2\" content=\"Timp estimat pentru citire\" \/>\n\t<meta name=\"twitter:data2\" content=\"1 minut\" \/>\n<script type=\"application\/ld+json\" class=\"yoast-schema-graph\">{\"@context\":\"https:\\\/\\\/schema.org\",\"@graph\":[{\"@type\":\"Article\",\"@id\":\"https:\\\/\\\/www.lovendal.ro\\\/wp52\\\/va-vine-sa-credeti-in-america-au-inceput-sa-apara-aligatorii-portocalii-o-culoare-total-neobisnuita-pentru-aceasta-specie\\\/#article\",\"isPartOf\":{\"@id\":\"https:\\\/\\\/www.lovendal.ro\\\/wp52\\\/va-vine-sa-credeti-in-america-au-inceput-sa-apara-aligatorii-portocalii-o-culoare-total-neobisnuita-pentru-aceasta-specie\\\/\"},\"author\":{\"name\":\"admin\",\"@id\":\"https:\\\/\\\/www.lovendal.ro\\\/wp52\\\/#\\\/schema\\\/person\\\/088691de5dfc346bb0c023e1e52ef5d9\"},\"headline\":\"V\u0103 vine s\u0103 crede\u0163i? \u00cen America au \u00eenceput s\u0103 apar\u0103 aligatorii portocalii, o culoare total neobi\u015fnuit\u0103 pentru aceast\u0103 specie\",\"datePublished\":\"2017-02-10T15:45:08+00:00\",\"mainEntityOfPage\":{\"@id\":\"https:\\\/\\\/www.lovendal.ro\\\/wp52\\\/va-vine-sa-credeti-in-america-au-inceput-sa-apara-aligatorii-portocalii-o-culoare-total-neobisnuita-pentru-aceasta-specie\\\/\"},\"wordCount\":251,\"commentCount\":0,\"publisher\":{\"@id\":\"https:\\\/\\\/www.lovendal.ro\\\/wp52\\\/#organization\"},\"image\":{\"@id\":\"https:\\\/\\\/www.lovendal.ro\\\/wp52\\\/va-vine-sa-credeti-in-america-au-inceput-sa-apara-aligatorii-portocalii-o-culoare-total-neobisnuita-pentru-aceasta-specie\\\/#primaryimage\"},\"thumbnailUrl\":\"https:\\\/\\\/www.lovendal.ro\\\/wp52\\\/wp-content\\\/uploads\\\/2017\\\/02\\\/aligator-portocaliu.jpg\",\"keywords\":[\"aligator\",\"America\",\"biolog\",\"Carolina de Sud\",\"crocodil\",\"culoare\",\"Natura-Animale\",\"piele\",\"portocaliu\",\"poz\u0103\",\"rugin\u0103\",\"SUA\",\"\u0163eav\u0103\",\"universitate\"],\"articleSection\":[\"Natura-Animale\",\"Noutati\"],\"inLanguage\":\"ro-RO\",\"potentialAction\":[{\"@type\":\"CommentAction\",\"name\":\"Comment\",\"target\":[\"https:\\\/\\\/www.lovendal.ro\\\/wp52\\\/va-vine-sa-credeti-in-america-au-inceput-sa-apara-aligatorii-portocalii-o-culoare-total-neobisnuita-pentru-aceasta-specie\\\/#respond\"]}]},{\"@type\":\"WebPage\",\"@id\":\"https:\\\/\\\/www.lovendal.ro\\\/wp52\\\/va-vine-sa-credeti-in-america-au-inceput-sa-apara-aligatorii-portocalii-o-culoare-total-neobisnuita-pentru-aceasta-specie\\\/\",\"url\":\"https:\\\/\\\/www.lovendal.ro\\\/wp52\\\/va-vine-sa-credeti-in-america-au-inceput-sa-apara-aligatorii-portocalii-o-culoare-total-neobisnuita-pentru-aceasta-specie\\\/\",\"name\":\"V\u0103 vine s\u0103 crede\u0163i? \u00cen America au \u00eenceput s\u0103 apar\u0103 aligatorii portocalii, o culoare total neobi\u015fnuit\u0103 pentru aceast\u0103 specie - Secretele lui Lovendal\",\"isPartOf\":{\"@id\":\"https:\\\/\\\/www.lovendal.ro\\\/wp52\\\/#website\"},\"primaryImageOfPage\":{\"@id\":\"https:\\\/\\\/www.lovendal.ro\\\/wp52\\\/va-vine-sa-credeti-in-america-au-inceput-sa-apara-aligatorii-portocalii-o-culoare-total-neobisnuita-pentru-aceasta-specie\\\/#primaryimage\"},\"image\":{\"@id\":\"https:\\\/\\\/www.lovendal.ro\\\/wp52\\\/va-vine-sa-credeti-in-america-au-inceput-sa-apara-aligatorii-portocalii-o-culoare-total-neobisnuita-pentru-aceasta-specie\\\/#primaryimage\"},\"thumbnailUrl\":\"https:\\\/\\\/www.lovendal.ro\\\/wp52\\\/wp-content\\\/uploads\\\/2017\\\/02\\\/aligator-portocaliu.jpg\",\"datePublished\":\"2017-02-10T15:45:08+00:00\",\"breadcrumb\":{\"@id\":\"https:\\\/\\\/www.lovendal.ro\\\/wp52\\\/va-vine-sa-credeti-in-america-au-inceput-sa-apara-aligatorii-portocalii-o-culoare-total-neobisnuita-pentru-aceasta-specie\\\/#breadcrumb\"},\"inLanguage\":\"ro-RO\",\"potentialAction\":[{\"@type\":\"ReadAction\",\"target\":[\"https:\\\/\\\/www.lovendal.ro\\\/wp52\\\/va-vine-sa-credeti-in-america-au-inceput-sa-apara-aligatorii-portocalii-o-culoare-total-neobisnuita-pentru-aceasta-specie\\\/\"]}]},{\"@type\":\"ImageObject\",\"inLanguage\":\"ro-RO\",\"@id\":\"https:\\\/\\\/www.lovendal.ro\\\/wp52\\\/va-vine-sa-credeti-in-america-au-inceput-sa-apara-aligatorii-portocalii-o-culoare-total-neobisnuita-pentru-aceasta-specie\\\/#primaryimage\",\"url\":\"https:\\\/\\\/www.lovendal.ro\\\/wp52\\\/wp-content\\\/uploads\\\/2017\\\/02\\\/aligator-portocaliu.jpg\",\"contentUrl\":\"https:\\\/\\\/www.lovendal.ro\\\/wp52\\\/wp-content\\\/uploads\\\/2017\\\/02\\\/aligator-portocaliu.jpg\",\"width\":334,\"height\":202},{\"@type\":\"BreadcrumbList\",\"@id\":\"https:\\\/\\\/www.lovendal.ro\\\/wp52\\\/va-vine-sa-credeti-in-america-au-inceput-sa-apara-aligatorii-portocalii-o-culoare-total-neobisnuita-pentru-aceasta-specie\\\/#breadcrumb\",\"itemListElement\":[{\"@type\":\"ListItem\",\"position\":1,\"name\":\"Home\",\"item\":\"https:\\\/\\\/www.lovendal.ro\\\/wp52\\\/\"},{\"@type\":\"ListItem\",\"position\":2,\"name\":\"V\u0103 vine s\u0103 crede\u0163i? \u00cen America au \u00eenceput s\u0103 apar\u0103 aligatorii portocalii, o culoare total neobi\u015fnuit\u0103 pentru aceast\u0103 specie\"}]},{\"@type\":\"WebSite\",\"@id\":\"https:\\\/\\\/www.lovendal.ro\\\/wp52\\\/#website\",\"url\":\"https:\\\/\\\/www.lovendal.ro\\\/wp52\\\/\",\"name\":\"Secretele lui Lovendal\",\"description\":\"Site de secrete, stiinta si metafizica - din 2008 -\",\"publisher\":{\"@id\":\"https:\\\/\\\/www.lovendal.ro\\\/wp52\\\/#organization\"},\"potentialAction\":[{\"@type\":\"SearchAction\",\"target\":{\"@type\":\"EntryPoint\",\"urlTemplate\":\"https:\\\/\\\/www.lovendal.ro\\\/wp52\\\/?s={search_term_string}\"},\"query-input\":{\"@type\":\"PropertyValueSpecification\",\"valueRequired\":true,\"valueName\":\"search_term_string\"}}],\"inLanguage\":\"ro-RO\"},{\"@type\":\"Organization\",\"@id\":\"https:\\\/\\\/www.lovendal.ro\\\/wp52\\\/#organization\",\"name\":\"Secretele lui Lovendal\",\"url\":\"https:\\\/\\\/www.lovendal.ro\\\/wp52\\\/\",\"logo\":{\"@type\":\"ImageObject\",\"inLanguage\":\"ro-RO\",\"@id\":\"https:\\\/\\\/www.lovendal.ro\\\/wp52\\\/#\\\/schema\\\/logo\\\/image\\\/\",\"url\":\"https:\\\/\\\/www.lovendal.ro\\\/wp52\\\/wp-content\\\/uploads\\\/2024\\\/06\\\/cropped-SLL-iun-2024-1.jpg\",\"contentUrl\":\"https:\\\/\\\/www.lovendal.ro\\\/wp52\\\/wp-content\\\/uploads\\\/2024\\\/06\\\/cropped-SLL-iun-2024-1.jpg\",\"width\":771,\"height\":240,\"caption\":\"Secretele lui Lovendal\"},\"image\":{\"@id\":\"https:\\\/\\\/www.lovendal.ro\\\/wp52\\\/#\\\/schema\\\/logo\\\/image\\\/\"},\"sameAs\":[\"https:\\\/\\\/www.facebook.com\\\/secreteleluilovendal\"]},{\"@type\":\"Person\",\"@id\":\"https:\\\/\\\/www.lovendal.ro\\\/wp52\\\/#\\\/schema\\\/person\\\/088691de5dfc346bb0c023e1e52ef5d9\",\"name\":\"admin\",\"image\":{\"@type\":\"ImageObject\",\"inLanguage\":\"ro-RO\",\"@id\":\"https:\\\/\\\/secure.gravatar.com\\\/avatar\\\/ecb9cd41f5f63c9c9b989999a59f6e2639a865ec361e9db054db0679a8f341c2?s=96&d=mm&r=g\",\"url\":\"https:\\\/\\\/secure.gravatar.com\\\/avatar\\\/ecb9cd41f5f63c9c9b989999a59f6e2639a865ec361e9db054db0679a8f341c2?s=96&d=mm&r=g\",\"contentUrl\":\"https:\\\/\\\/secure.gravatar.com\\\/avatar\\\/ecb9cd41f5f63c9c9b989999a59f6e2639a865ec361e9db054db0679a8f341c2?s=96&d=mm&r=g\",\"caption\":\"admin\"},\"sameAs\":[\"https:\\\/\\\/www.lovendal.ro\\\/wp52\"]}]}<\/script>\n<!-- \/ Yoast SEO Premium plugin. -->","yoast_head_json":{"title":"V\u0103 vine s\u0103 crede\u0163i? \u00cen America au \u00eenceput s\u0103 apar\u0103 aligatorii portocalii, o culoare total neobi\u015fnuit\u0103 pentru aceast\u0103 specie - Secretele lui Lovendal","robots":{"index":"index","follow":"follow","max-snippet":"max-snippet:-1","max-image-preview":"max-image-preview:large","max-video-preview":"max-video-preview:-1"},"canonical":"https:\/\/www.lovendal.ro\/wp52\/va-vine-sa-credeti-in-america-au-inceput-sa-apara-aligatorii-portocalii-o-culoare-total-neobisnuita-pentru-aceasta-specie\/","og_locale":"ro_RO","og_type":"article","og_title":"V\u0103 vine s\u0103 crede\u0163i? \u00cen America au \u00eenceput s\u0103 apar\u0103 aligatorii portocalii, o culoare total neobi\u015fnuit\u0103 pentru aceast\u0103 specie","og_description":"De c\u00e2nd m\u0103 ocup cu cercetarea misterelor \u015fi a lucrurilor incredibile, am v\u0103zut multe lucruri ciudate la via\u0163a mea, dar ca acesta, despre care v\u0103 vorbesc \u00een acest articol, mai rar&#8230; Aligatorii nu sunt crocodili, de\u015fi cele dou\u0103 specii sunt ... Cititi mai multe","og_url":"https:\/\/www.lovendal.ro\/wp52\/va-vine-sa-credeti-in-america-au-inceput-sa-apara-aligatorii-portocalii-o-culoare-total-neobisnuita-pentru-aceasta-specie\/","og_site_name":"Secretele lui Lovendal","article_publisher":"https:\/\/www.facebook.com\/secreteleluilovendal","article_published_time":"2017-02-10T15:45:08+00:00","og_image":[{"width":334,"height":202,"url":"https:\/\/www.lovendal.ro\/wp52\/wp-content\/uploads\/2017\/02\/aligator-portocaliu.jpg","type":"image\/jpeg"}],"author":"admin","twitter_card":"summary_large_image","twitter_misc":{"Scris de":"admin","Timp estimat pentru citire":"1 minut"},"schema":{"@context":"https:\/\/schema.org","@graph":[{"@type":"Article","@id":"https:\/\/www.lovendal.ro\/wp52\/va-vine-sa-credeti-in-america-au-inceput-sa-apara-aligatorii-portocalii-o-culoare-total-neobisnuita-pentru-aceasta-specie\/#article","isPartOf":{"@id":"https:\/\/www.lovendal.ro\/wp52\/va-vine-sa-credeti-in-america-au-inceput-sa-apara-aligatorii-portocalii-o-culoare-total-neobisnuita-pentru-aceasta-specie\/"},"author":{"name":"admin","@id":"https:\/\/www.lovendal.ro\/wp52\/#\/schema\/person\/088691de5dfc346bb0c023e1e52ef5d9"},"headline":"V\u0103 vine s\u0103 crede\u0163i? \u00cen America au \u00eenceput s\u0103 apar\u0103 aligatorii portocalii, o culoare total neobi\u015fnuit\u0103 pentru aceast\u0103 specie","datePublished":"2017-02-10T15:45:08+00:00","mainEntityOfPage":{"@id":"https:\/\/www.lovendal.ro\/wp52\/va-vine-sa-credeti-in-america-au-inceput-sa-apara-aligatorii-portocalii-o-culoare-total-neobisnuita-pentru-aceasta-specie\/"},"wordCount":251,"commentCount":0,"publisher":{"@id":"https:\/\/www.lovendal.ro\/wp52\/#organization"},"image":{"@id":"https:\/\/www.lovendal.ro\/wp52\/va-vine-sa-credeti-in-america-au-inceput-sa-apara-aligatorii-portocalii-o-culoare-total-neobisnuita-pentru-aceasta-specie\/#primaryimage"},"thumbnailUrl":"https:\/\/www.lovendal.ro\/wp52\/wp-content\/uploads\/2017\/02\/aligator-portocaliu.jpg","keywords":["aligator","America","biolog","Carolina de Sud","crocodil","culoare","Natura-Animale","piele","portocaliu","poz\u0103","rugin\u0103","SUA","\u0163eav\u0103","universitate"],"articleSection":["Natura-Animale","Noutati"],"inLanguage":"ro-RO","potentialAction":[{"@type":"CommentAction","name":"Comment","target":["https:\/\/www.lovendal.ro\/wp52\/va-vine-sa-credeti-in-america-au-inceput-sa-apara-aligatorii-portocalii-o-culoare-total-neobisnuita-pentru-aceasta-specie\/#respond"]}]},{"@type":"WebPage","@id":"https:\/\/www.lovendal.ro\/wp52\/va-vine-sa-credeti-in-america-au-inceput-sa-apara-aligatorii-portocalii-o-culoare-total-neobisnuita-pentru-aceasta-specie\/","url":"https:\/\/www.lovendal.ro\/wp52\/va-vine-sa-credeti-in-america-au-inceput-sa-apara-aligatorii-portocalii-o-culoare-total-neobisnuita-pentru-aceasta-specie\/","name":"V\u0103 vine s\u0103 crede\u0163i? \u00cen America au \u00eenceput s\u0103 apar\u0103 aligatorii portocalii, o culoare total neobi\u015fnuit\u0103 pentru aceast\u0103 specie - Secretele lui Lovendal","isPartOf":{"@id":"https:\/\/www.lovendal.ro\/wp52\/#website"},"primaryImageOfPage":{"@id":"https:\/\/www.lovendal.ro\/wp52\/va-vine-sa-credeti-in-america-au-inceput-sa-apara-aligatorii-portocalii-o-culoare-total-neobisnuita-pentru-aceasta-specie\/#primaryimage"},"image":{"@id":"https:\/\/www.lovendal.ro\/wp52\/va-vine-sa-credeti-in-america-au-inceput-sa-apara-aligatorii-portocalii-o-culoare-total-neobisnuita-pentru-aceasta-specie\/#primaryimage"},"thumbnailUrl":"https:\/\/www.lovendal.ro\/wp52\/wp-content\/uploads\/2017\/02\/aligator-portocaliu.jpg","datePublished":"2017-02-10T15:45:08+00:00","breadcrumb":{"@id":"https:\/\/www.lovendal.ro\/wp52\/va-vine-sa-credeti-in-america-au-inceput-sa-apara-aligatorii-portocalii-o-culoare-total-neobisnuita-pentru-aceasta-specie\/#breadcrumb"},"inLanguage":"ro-RO","potentialAction":[{"@type":"ReadAction","target":["https:\/\/www.lovendal.ro\/wp52\/va-vine-sa-credeti-in-america-au-inceput-sa-apara-aligatorii-portocalii-o-culoare-total-neobisnuita-pentru-aceasta-specie\/"]}]},{"@type":"ImageObject","inLanguage":"ro-RO","@id":"https:\/\/www.lovendal.ro\/wp52\/va-vine-sa-credeti-in-america-au-inceput-sa-apara-aligatorii-portocalii-o-culoare-total-neobisnuita-pentru-aceasta-specie\/#primaryimage","url":"https:\/\/www.lovendal.ro\/wp52\/wp-content\/uploads\/2017\/02\/aligator-portocaliu.jpg","contentUrl":"https:\/\/www.lovendal.ro\/wp52\/wp-content\/uploads\/2017\/02\/aligator-portocaliu.jpg","width":334,"height":202},{"@type":"BreadcrumbList","@id":"https:\/\/www.lovendal.ro\/wp52\/va-vine-sa-credeti-in-america-au-inceput-sa-apara-aligatorii-portocalii-o-culoare-total-neobisnuita-pentru-aceasta-specie\/#breadcrumb","itemListElement":[{"@type":"ListItem","position":1,"name":"Home","item":"https:\/\/www.lovendal.ro\/wp52\/"},{"@type":"ListItem","position":2,"name":"V\u0103 vine s\u0103 crede\u0163i? \u00cen America au \u00eenceput s\u0103 apar\u0103 aligatorii portocalii, o culoare total neobi\u015fnuit\u0103 pentru aceast\u0103 specie"}]},{"@type":"WebSite","@id":"https:\/\/www.lovendal.ro\/wp52\/#website","url":"https:\/\/www.lovendal.ro\/wp52\/","name":"Secretele lui Lovendal","description":"Site de secrete, stiinta si metafizica - din 2008 -","publisher":{"@id":"https:\/\/www.lovendal.ro\/wp52\/#organization"},"potentialAction":[{"@type":"SearchAction","target":{"@type":"EntryPoint","urlTemplate":"https:\/\/www.lovendal.ro\/wp52\/?s={search_term_string}"},"query-input":{"@type":"PropertyValueSpecification","valueRequired":true,"valueName":"search_term_string"}}],"inLanguage":"ro-RO"},{"@type":"Organization","@id":"https:\/\/www.lovendal.ro\/wp52\/#organization","name":"Secretele lui Lovendal","url":"https:\/\/www.lovendal.ro\/wp52\/","logo":{"@type":"ImageObject","inLanguage":"ro-RO","@id":"https:\/\/www.lovendal.ro\/wp52\/#\/schema\/logo\/image\/","url":"https:\/\/www.lovendal.ro\/wp52\/wp-content\/uploads\/2024\/06\/cropped-SLL-iun-2024-1.jpg","contentUrl":"https:\/\/www.lovendal.ro\/wp52\/wp-content\/uploads\/2024\/06\/cropped-SLL-iun-2024-1.jpg","width":771,"height":240,"caption":"Secretele lui Lovendal"},"image":{"@id":"https:\/\/www.lovendal.ro\/wp52\/#\/schema\/logo\/image\/"},"sameAs":["https:\/\/www.facebook.com\/secreteleluilovendal"]},{"@type":"Person","@id":"https:\/\/www.lovendal.ro\/wp52\/#\/schema\/person\/088691de5dfc346bb0c023e1e52ef5d9","name":"admin","image":{"@type":"ImageObject","inLanguage":"ro-RO","@id":"https:\/\/secure.gravatar.com\/avatar\/ecb9cd41f5f63c9c9b989999a59f6e2639a865ec361e9db054db0679a8f341c2?s=96&d=mm&r=g","url":"https:\/\/secure.gravatar.com\/avatar\/ecb9cd41f5f63c9c9b989999a59f6e2639a865ec361e9db054db0679a8f341c2?s=96&d=mm&r=g","contentUrl":"https:\/\/secure.gravatar.com\/avatar\/ecb9cd41f5f63c9c9b989999a59f6e2639a865ec361e9db054db0679a8f341c2?s=96&d=mm&r=g","caption":"admin"},"sameAs":["https:\/\/www.lovendal.ro\/wp52"]}]}},"_links":{"self":[{"href":"https:\/\/www.lovendal.ro\/wp52\/wp-json\/wp\/v2\/posts\/47876","targetHints":{"allow":["GET"]}}],"collection":[{"href":"https:\/\/www.lovendal.ro\/wp52\/wp-json\/wp\/v2\/posts"}],"about":[{"href":"https:\/\/www.lovendal.ro\/wp52\/wp-json\/wp\/v2\/types\/post"}],"author":[{"embeddable":true,"href":"https:\/\/www.lovendal.ro\/wp52\/wp-json\/wp\/v2\/users\/1"}],"replies":[{"embeddable":true,"href":"https:\/\/www.lovendal.ro\/wp52\/wp-json\/wp\/v2\/comments?post=47876"}],"version-history":[{"count":0,"href":"https:\/\/www.lovendal.ro\/wp52\/wp-json\/wp\/v2\/posts\/47876\/revisions"}],"wp:featuredmedia":[{"embeddable":true,"href":"https:\/\/www.lovendal.ro\/wp52\/wp-json\/wp\/v2\/media\/47877"}],"wp:attachment":[{"href":"https:\/\/www.lovendal.ro\/wp52\/wp-json\/wp\/v2\/media?parent=47876"}],"wp:term":[{"taxonomy":"category","embeddable":true,"href":"https:\/\/www.lovendal.ro\/wp52\/wp-json\/wp\/v2\/categories?post=47876"},{"taxonomy":"post_tag","embeddable":true,"href":"https:\/\/www.lovendal.ro\/wp52\/wp-json\/wp\/v2\/tags?post=47876"}],"curies":[{"name":"wp","href":"https:\/\/api.w.org\/{rel}","templated":true}]}}