{"id":47351,"date":"2017-01-16T23:34:07","date_gmt":"2017-01-16T21:34:07","guid":{"rendered":"http:\/\/www.lovendal.ro\/wp52\/?p=47351"},"modified":"2017-01-16T23:34:07","modified_gmt":"2017-01-16T21:34:07","slug":"o-creatura-extrem-de-ciudata-a-fost-fotografiata-noaptea-plimbandu-se-intr-o-gradina","status":"publish","type":"post","link":"https:\/\/www.lovendal.ro\/wp52\/o-creatura-extrem-de-ciudata-a-fost-fotografiata-noaptea-plimbandu-se-intr-o-gradina\/","title":{"rendered":"O creatur\u0103 extrem de ciudat\u0103 a fost fotografiat\u0103 noaptea, plimb\u00e2ndu-se \u00eentr-o gr\u0103din\u0103&#8230;"},"content":{"rendered":"<p><img loading=\"lazy\" decoding=\"async\" class=\"alignleft size-full wp-image-47354\" src=\"https:\/\/www.lovendal.ro\/wp52\/wp-content\/uploads\/2017\/01\/creatura-in-gradina.jpg\" alt=\"\" width=\"332\" height=\"231\" srcset=\"https:\/\/www.lovendal.ro\/wp52\/wp-content\/uploads\/2017\/01\/creatura-in-gradina.jpg 332w, https:\/\/www.lovendal.ro\/wp52\/wp-content\/uploads\/2017\/01\/creatura-in-gradina-300x209.jpg 300w\" sizes=\"auto, (max-width: 332px) 100vw, 332px\" \/>Un utilizator Reddit a \u00eenc\u0103rcat o imagine a ceea ce pare a fi o figur\u0103 ciudat\u0103 care se plimb\u0103 printr-o gr\u0103din\u0103.<\/p>\n<p>De fapt, e vorba de dou\u0103 fotografii care au fost luate de un aparat de fotografiat sensibil la lumin\u0103, la aproximativ dou\u0103 secunde distan\u0163\u0103. Totu\u015fi, prima fotografie din cele dou\u0103 imagini nu arat\u0103 nimic neobi\u0219nuit.<\/p>\n<p>Nimeni care a fost prezent nu a v\u0103zut nimic \u00een gr\u0103din\u0103 \u00een acel moment, dar anomalia a fost observat\u0103 pe imagine doar ulterior. Conform utilizatorului, fotografia a fost luat\u0103 de c\u0103tre un cuplu \u00een v\u00e2rst\u0103, care \u00een mod categoric nu are cuno\u0219tin\u021be nici de Photoshop \u015fi nici de alte tehnici de manipulare a imaginii.<\/p>\n<p>Curios, &#8222;creatura&#8221; pare chiar s\u0103 aib\u0103 o umbr\u0103, a\u0219a c\u0103, dac\u0103 \u00eentr-adev\u0103r nu a fost ad\u0103ugat nimic ulterior, atunci acolo trebuie s\u0103 fi fost de fapt o prezen\u0163\u0103 fizic\u0103 total neobi\u015fnuit\u0103.<\/p>\n<p>Mai jos pute\u0163i observa secven\u0163ele celor dou\u0103 imagini:<\/p>\n<p><img loading=\"lazy\" decoding=\"async\" class=\"aligncenter size-full wp-image-47352\" src=\"https:\/\/www.lovendal.ro\/wp52\/wp-content\/uploads\/2017\/01\/creatura-prima-imagine.jpg\" alt=\"\" width=\"538\" height=\"472\" srcset=\"https:\/\/www.lovendal.ro\/wp52\/wp-content\/uploads\/2017\/01\/creatura-prima-imagine.jpg 538w, https:\/\/www.lovendal.ro\/wp52\/wp-content\/uploads\/2017\/01\/creatura-prima-imagine-300x263.jpg 300w\" sizes=\"auto, (max-width: 538px) 100vw, 538px\" \/><\/p>\n<p><img loading=\"lazy\" decoding=\"async\" class=\"aligncenter size-full wp-image-47353\" src=\"https:\/\/www.lovendal.ro\/wp52\/wp-content\/uploads\/2017\/01\/creatura-a-doua-imagine.jpg\" alt=\"\" width=\"538\" height=\"508\" srcset=\"https:\/\/www.lovendal.ro\/wp52\/wp-content\/uploads\/2017\/01\/creatura-a-doua-imagine.jpg 538w, https:\/\/www.lovendal.ro\/wp52\/wp-content\/uploads\/2017\/01\/creatura-a-doua-imagine-300x283.jpg 300w, https:\/\/www.lovendal.ro\/wp52\/wp-content\/uploads\/2017\/01\/creatura-a-doua-imagine-60x57.jpg 60w\" sizes=\"auto, (max-width: 538px) 100vw, 538px\" \/><\/p>\n","protected":false},"excerpt":{"rendered":"<p>Un utilizator Reddit a \u00eenc\u0103rcat o imagine a ceea ce pare a fi o figur\u0103 ciudat\u0103 care se plimb\u0103 printr-o gr\u0103din\u0103. De fapt, e vorba de dou\u0103 fotografii care au fost luate de un aparat de fotografiat sensibil la lumin\u0103, &#8230; <\/p>\n<p class=\"read-more-container\"><a title=\"O creatur\u0103 extrem de ciudat\u0103 a fost fotografiat\u0103 noaptea, plimb\u00e2ndu-se \u00eentr-o gr\u0103din\u0103&#8230;\" class=\"read-more button\" href=\"https:\/\/www.lovendal.ro\/wp52\/o-creatura-extrem-de-ciudata-a-fost-fotografiata-noaptea-plimbandu-se-intr-o-gradina\/#more-47351\" aria-label=\"Cite\u0219te mai multe despre O creatur\u0103 extrem de ciudat\u0103 a fost fotografiat\u0103 noaptea, plimb\u00e2ndu-se \u00eentr-o gr\u0103din\u0103&#8230;\">Cititi mai multe<\/a><\/p>\n","protected":false},"author":1,"featured_media":47354,"comment_status":"closed","ping_status":"closed","sticky":false,"template":"","format":"standard","meta":{"footnotes":""},"categories":[5040,2833],"tags":[3135,9818,5557,2781,3615,2757,10501,4255],"class_list":["post-47351","post","type-post","status-publish","format-standard","has-post-thumbnail","hentry","category-bizar","category-noutati","tag-aparat-de-fotografiat","tag-bizar","tag-creatura","tag-gradina","tag-imagine","tag-photoshop","tag-reddit","tag-umbra","resize-featured-image"],"yoast_head":"<!-- This site is optimized with the Yoast SEO Premium plugin v23.3 (Yoast SEO v27.4) - https:\/\/yoast.com\/product\/yoast-seo-premium-wordpress\/ -->\n<title>O creatur\u0103 extrem de ciudat\u0103 a fost fotografiat\u0103 noaptea, plimb\u00e2ndu-se \u00eentr-o gr\u0103din\u0103... - Secretele lui Lovendal<\/title>\n<meta name=\"robots\" content=\"index, follow, max-snippet:-1, max-image-preview:large, max-video-preview:-1\" \/>\n<link rel=\"canonical\" href=\"https:\/\/www.lovendal.ro\/wp52\/o-creatura-extrem-de-ciudata-a-fost-fotografiata-noaptea-plimbandu-se-intr-o-gradina\/\" \/>\n<meta property=\"og:locale\" content=\"ro_RO\" \/>\n<meta property=\"og:type\" content=\"article\" \/>\n<meta property=\"og:title\" content=\"O creatur\u0103 extrem de ciudat\u0103 a fost fotografiat\u0103 noaptea, plimb\u00e2ndu-se \u00eentr-o gr\u0103din\u0103...\" \/>\n<meta property=\"og:description\" content=\"Un utilizator Reddit a \u00eenc\u0103rcat o imagine a ceea ce pare a fi o figur\u0103 ciudat\u0103 care se plimb\u0103 printr-o gr\u0103din\u0103. De fapt, e vorba de dou\u0103 fotografii care au fost luate de un aparat de fotografiat sensibil la lumin\u0103, ... Cititi mai multe\" \/>\n<meta property=\"og:url\" content=\"https:\/\/www.lovendal.ro\/wp52\/o-creatura-extrem-de-ciudata-a-fost-fotografiata-noaptea-plimbandu-se-intr-o-gradina\/\" \/>\n<meta property=\"og:site_name\" content=\"Secretele lui Lovendal\" \/>\n<meta property=\"article:publisher\" content=\"https:\/\/www.facebook.com\/secreteleluilovendal\" \/>\n<meta property=\"article:published_time\" content=\"2017-01-16T21:34:07+00:00\" \/>\n<meta property=\"og:image\" content=\"https:\/\/www.lovendal.ro\/wp52\/wp-content\/uploads\/2017\/01\/creatura-in-gradina.jpg\" \/>\n\t<meta property=\"og:image:width\" content=\"332\" \/>\n\t<meta property=\"og:image:height\" content=\"231\" \/>\n\t<meta property=\"og:image:type\" content=\"image\/jpeg\" \/>\n<meta name=\"author\" content=\"admin\" \/>\n<meta name=\"twitter:card\" content=\"summary_large_image\" \/>\n<meta name=\"twitter:label1\" content=\"Scris de\" \/>\n\t<meta name=\"twitter:data1\" content=\"admin\" \/>\n\t<meta name=\"twitter:label2\" content=\"Timp estimat pentru citire\" \/>\n\t<meta name=\"twitter:data2\" content=\"1 minut\" \/>\n<script type=\"application\/ld+json\" class=\"yoast-schema-graph\">{\"@context\":\"https:\\\/\\\/schema.org\",\"@graph\":[{\"@type\":\"Article\",\"@id\":\"https:\\\/\\\/www.lovendal.ro\\\/wp52\\\/o-creatura-extrem-de-ciudata-a-fost-fotografiata-noaptea-plimbandu-se-intr-o-gradina\\\/#article\",\"isPartOf\":{\"@id\":\"https:\\\/\\\/www.lovendal.ro\\\/wp52\\\/o-creatura-extrem-de-ciudata-a-fost-fotografiata-noaptea-plimbandu-se-intr-o-gradina\\\/\"},\"author\":{\"name\":\"admin\",\"@id\":\"https:\\\/\\\/www.lovendal.ro\\\/wp52\\\/#\\\/schema\\\/person\\\/088691de5dfc346bb0c023e1e52ef5d9\"},\"headline\":\"O creatur\u0103 extrem de ciudat\u0103 a fost fotografiat\u0103 noaptea, plimb\u00e2ndu-se \u00eentr-o gr\u0103din\u0103&#8230;\",\"datePublished\":\"2017-01-16T21:34:07+00:00\",\"mainEntityOfPage\":{\"@id\":\"https:\\\/\\\/www.lovendal.ro\\\/wp52\\\/o-creatura-extrem-de-ciudata-a-fost-fotografiata-noaptea-plimbandu-se-intr-o-gradina\\\/\"},\"wordCount\":179,\"publisher\":{\"@id\":\"https:\\\/\\\/www.lovendal.ro\\\/wp52\\\/#organization\"},\"image\":{\"@id\":\"https:\\\/\\\/www.lovendal.ro\\\/wp52\\\/o-creatura-extrem-de-ciudata-a-fost-fotografiata-noaptea-plimbandu-se-intr-o-gradina\\\/#primaryimage\"},\"thumbnailUrl\":\"https:\\\/\\\/www.lovendal.ro\\\/wp52\\\/wp-content\\\/uploads\\\/2017\\\/01\\\/creatura-in-gradina.jpg\",\"keywords\":[\"aparat de fotografiat\",\"Bizar\",\"creatur\u0103\",\"gr\u0103din\u0103\",\"imagine\",\"Photoshop\",\"Reddit\",\"umbr\u0103\"],\"articleSection\":[\"Bizar\",\"Noutati\"],\"inLanguage\":\"ro-RO\"},{\"@type\":\"WebPage\",\"@id\":\"https:\\\/\\\/www.lovendal.ro\\\/wp52\\\/o-creatura-extrem-de-ciudata-a-fost-fotografiata-noaptea-plimbandu-se-intr-o-gradina\\\/\",\"url\":\"https:\\\/\\\/www.lovendal.ro\\\/wp52\\\/o-creatura-extrem-de-ciudata-a-fost-fotografiata-noaptea-plimbandu-se-intr-o-gradina\\\/\",\"name\":\"O creatur\u0103 extrem de ciudat\u0103 a fost fotografiat\u0103 noaptea, plimb\u00e2ndu-se \u00eentr-o gr\u0103din\u0103... - Secretele lui Lovendal\",\"isPartOf\":{\"@id\":\"https:\\\/\\\/www.lovendal.ro\\\/wp52\\\/#website\"},\"primaryImageOfPage\":{\"@id\":\"https:\\\/\\\/www.lovendal.ro\\\/wp52\\\/o-creatura-extrem-de-ciudata-a-fost-fotografiata-noaptea-plimbandu-se-intr-o-gradina\\\/#primaryimage\"},\"image\":{\"@id\":\"https:\\\/\\\/www.lovendal.ro\\\/wp52\\\/o-creatura-extrem-de-ciudata-a-fost-fotografiata-noaptea-plimbandu-se-intr-o-gradina\\\/#primaryimage\"},\"thumbnailUrl\":\"https:\\\/\\\/www.lovendal.ro\\\/wp52\\\/wp-content\\\/uploads\\\/2017\\\/01\\\/creatura-in-gradina.jpg\",\"datePublished\":\"2017-01-16T21:34:07+00:00\",\"breadcrumb\":{\"@id\":\"https:\\\/\\\/www.lovendal.ro\\\/wp52\\\/o-creatura-extrem-de-ciudata-a-fost-fotografiata-noaptea-plimbandu-se-intr-o-gradina\\\/#breadcrumb\"},\"inLanguage\":\"ro-RO\",\"potentialAction\":[{\"@type\":\"ReadAction\",\"target\":[\"https:\\\/\\\/www.lovendal.ro\\\/wp52\\\/o-creatura-extrem-de-ciudata-a-fost-fotografiata-noaptea-plimbandu-se-intr-o-gradina\\\/\"]}]},{\"@type\":\"ImageObject\",\"inLanguage\":\"ro-RO\",\"@id\":\"https:\\\/\\\/www.lovendal.ro\\\/wp52\\\/o-creatura-extrem-de-ciudata-a-fost-fotografiata-noaptea-plimbandu-se-intr-o-gradina\\\/#primaryimage\",\"url\":\"https:\\\/\\\/www.lovendal.ro\\\/wp52\\\/wp-content\\\/uploads\\\/2017\\\/01\\\/creatura-in-gradina.jpg\",\"contentUrl\":\"https:\\\/\\\/www.lovendal.ro\\\/wp52\\\/wp-content\\\/uploads\\\/2017\\\/01\\\/creatura-in-gradina.jpg\",\"width\":332,\"height\":231},{\"@type\":\"BreadcrumbList\",\"@id\":\"https:\\\/\\\/www.lovendal.ro\\\/wp52\\\/o-creatura-extrem-de-ciudata-a-fost-fotografiata-noaptea-plimbandu-se-intr-o-gradina\\\/#breadcrumb\",\"itemListElement\":[{\"@type\":\"ListItem\",\"position\":1,\"name\":\"Home\",\"item\":\"https:\\\/\\\/www.lovendal.ro\\\/wp52\\\/\"},{\"@type\":\"ListItem\",\"position\":2,\"name\":\"O creatur\u0103 extrem de ciudat\u0103 a fost fotografiat\u0103 noaptea, plimb\u00e2ndu-se \u00eentr-o gr\u0103din\u0103&#8230;\"}]},{\"@type\":\"WebSite\",\"@id\":\"https:\\\/\\\/www.lovendal.ro\\\/wp52\\\/#website\",\"url\":\"https:\\\/\\\/www.lovendal.ro\\\/wp52\\\/\",\"name\":\"Secretele lui Lovendal\",\"description\":\"Site de secrete, stiinta si metafizica - din 2008 -\",\"publisher\":{\"@id\":\"https:\\\/\\\/www.lovendal.ro\\\/wp52\\\/#organization\"},\"potentialAction\":[{\"@type\":\"SearchAction\",\"target\":{\"@type\":\"EntryPoint\",\"urlTemplate\":\"https:\\\/\\\/www.lovendal.ro\\\/wp52\\\/?s={search_term_string}\"},\"query-input\":{\"@type\":\"PropertyValueSpecification\",\"valueRequired\":true,\"valueName\":\"search_term_string\"}}],\"inLanguage\":\"ro-RO\"},{\"@type\":\"Organization\",\"@id\":\"https:\\\/\\\/www.lovendal.ro\\\/wp52\\\/#organization\",\"name\":\"Secretele lui Lovendal\",\"url\":\"https:\\\/\\\/www.lovendal.ro\\\/wp52\\\/\",\"logo\":{\"@type\":\"ImageObject\",\"inLanguage\":\"ro-RO\",\"@id\":\"https:\\\/\\\/www.lovendal.ro\\\/wp52\\\/#\\\/schema\\\/logo\\\/image\\\/\",\"url\":\"https:\\\/\\\/www.lovendal.ro\\\/wp52\\\/wp-content\\\/uploads\\\/2024\\\/06\\\/cropped-SLL-iun-2024-1.jpg\",\"contentUrl\":\"https:\\\/\\\/www.lovendal.ro\\\/wp52\\\/wp-content\\\/uploads\\\/2024\\\/06\\\/cropped-SLL-iun-2024-1.jpg\",\"width\":771,\"height\":240,\"caption\":\"Secretele lui Lovendal\"},\"image\":{\"@id\":\"https:\\\/\\\/www.lovendal.ro\\\/wp52\\\/#\\\/schema\\\/logo\\\/image\\\/\"},\"sameAs\":[\"https:\\\/\\\/www.facebook.com\\\/secreteleluilovendal\"]},{\"@type\":\"Person\",\"@id\":\"https:\\\/\\\/www.lovendal.ro\\\/wp52\\\/#\\\/schema\\\/person\\\/088691de5dfc346bb0c023e1e52ef5d9\",\"name\":\"admin\",\"image\":{\"@type\":\"ImageObject\",\"inLanguage\":\"ro-RO\",\"@id\":\"https:\\\/\\\/secure.gravatar.com\\\/avatar\\\/ecb9cd41f5f63c9c9b989999a59f6e2639a865ec361e9db054db0679a8f341c2?s=96&d=mm&r=g\",\"url\":\"https:\\\/\\\/secure.gravatar.com\\\/avatar\\\/ecb9cd41f5f63c9c9b989999a59f6e2639a865ec361e9db054db0679a8f341c2?s=96&d=mm&r=g\",\"contentUrl\":\"https:\\\/\\\/secure.gravatar.com\\\/avatar\\\/ecb9cd41f5f63c9c9b989999a59f6e2639a865ec361e9db054db0679a8f341c2?s=96&d=mm&r=g\",\"caption\":\"admin\"},\"sameAs\":[\"https:\\\/\\\/www.lovendal.ro\\\/wp52\"]}]}<\/script>\n<!-- \/ Yoast SEO Premium plugin. -->","yoast_head_json":{"title":"O creatur\u0103 extrem de ciudat\u0103 a fost fotografiat\u0103 noaptea, plimb\u00e2ndu-se \u00eentr-o gr\u0103din\u0103... - Secretele lui Lovendal","robots":{"index":"index","follow":"follow","max-snippet":"max-snippet:-1","max-image-preview":"max-image-preview:large","max-video-preview":"max-video-preview:-1"},"canonical":"https:\/\/www.lovendal.ro\/wp52\/o-creatura-extrem-de-ciudata-a-fost-fotografiata-noaptea-plimbandu-se-intr-o-gradina\/","og_locale":"ro_RO","og_type":"article","og_title":"O creatur\u0103 extrem de ciudat\u0103 a fost fotografiat\u0103 noaptea, plimb\u00e2ndu-se \u00eentr-o gr\u0103din\u0103...","og_description":"Un utilizator Reddit a \u00eenc\u0103rcat o imagine a ceea ce pare a fi o figur\u0103 ciudat\u0103 care se plimb\u0103 printr-o gr\u0103din\u0103. De fapt, e vorba de dou\u0103 fotografii care au fost luate de un aparat de fotografiat sensibil la lumin\u0103, ... Cititi mai multe","og_url":"https:\/\/www.lovendal.ro\/wp52\/o-creatura-extrem-de-ciudata-a-fost-fotografiata-noaptea-plimbandu-se-intr-o-gradina\/","og_site_name":"Secretele lui Lovendal","article_publisher":"https:\/\/www.facebook.com\/secreteleluilovendal","article_published_time":"2017-01-16T21:34:07+00:00","og_image":[{"width":332,"height":231,"url":"https:\/\/www.lovendal.ro\/wp52\/wp-content\/uploads\/2017\/01\/creatura-in-gradina.jpg","type":"image\/jpeg"}],"author":"admin","twitter_card":"summary_large_image","twitter_misc":{"Scris de":"admin","Timp estimat pentru citire":"1 minut"},"schema":{"@context":"https:\/\/schema.org","@graph":[{"@type":"Article","@id":"https:\/\/www.lovendal.ro\/wp52\/o-creatura-extrem-de-ciudata-a-fost-fotografiata-noaptea-plimbandu-se-intr-o-gradina\/#article","isPartOf":{"@id":"https:\/\/www.lovendal.ro\/wp52\/o-creatura-extrem-de-ciudata-a-fost-fotografiata-noaptea-plimbandu-se-intr-o-gradina\/"},"author":{"name":"admin","@id":"https:\/\/www.lovendal.ro\/wp52\/#\/schema\/person\/088691de5dfc346bb0c023e1e52ef5d9"},"headline":"O creatur\u0103 extrem de ciudat\u0103 a fost fotografiat\u0103 noaptea, plimb\u00e2ndu-se \u00eentr-o gr\u0103din\u0103&#8230;","datePublished":"2017-01-16T21:34:07+00:00","mainEntityOfPage":{"@id":"https:\/\/www.lovendal.ro\/wp52\/o-creatura-extrem-de-ciudata-a-fost-fotografiata-noaptea-plimbandu-se-intr-o-gradina\/"},"wordCount":179,"publisher":{"@id":"https:\/\/www.lovendal.ro\/wp52\/#organization"},"image":{"@id":"https:\/\/www.lovendal.ro\/wp52\/o-creatura-extrem-de-ciudata-a-fost-fotografiata-noaptea-plimbandu-se-intr-o-gradina\/#primaryimage"},"thumbnailUrl":"https:\/\/www.lovendal.ro\/wp52\/wp-content\/uploads\/2017\/01\/creatura-in-gradina.jpg","keywords":["aparat de fotografiat","Bizar","creatur\u0103","gr\u0103din\u0103","imagine","Photoshop","Reddit","umbr\u0103"],"articleSection":["Bizar","Noutati"],"inLanguage":"ro-RO"},{"@type":"WebPage","@id":"https:\/\/www.lovendal.ro\/wp52\/o-creatura-extrem-de-ciudata-a-fost-fotografiata-noaptea-plimbandu-se-intr-o-gradina\/","url":"https:\/\/www.lovendal.ro\/wp52\/o-creatura-extrem-de-ciudata-a-fost-fotografiata-noaptea-plimbandu-se-intr-o-gradina\/","name":"O creatur\u0103 extrem de ciudat\u0103 a fost fotografiat\u0103 noaptea, plimb\u00e2ndu-se \u00eentr-o gr\u0103din\u0103... - Secretele lui Lovendal","isPartOf":{"@id":"https:\/\/www.lovendal.ro\/wp52\/#website"},"primaryImageOfPage":{"@id":"https:\/\/www.lovendal.ro\/wp52\/o-creatura-extrem-de-ciudata-a-fost-fotografiata-noaptea-plimbandu-se-intr-o-gradina\/#primaryimage"},"image":{"@id":"https:\/\/www.lovendal.ro\/wp52\/o-creatura-extrem-de-ciudata-a-fost-fotografiata-noaptea-plimbandu-se-intr-o-gradina\/#primaryimage"},"thumbnailUrl":"https:\/\/www.lovendal.ro\/wp52\/wp-content\/uploads\/2017\/01\/creatura-in-gradina.jpg","datePublished":"2017-01-16T21:34:07+00:00","breadcrumb":{"@id":"https:\/\/www.lovendal.ro\/wp52\/o-creatura-extrem-de-ciudata-a-fost-fotografiata-noaptea-plimbandu-se-intr-o-gradina\/#breadcrumb"},"inLanguage":"ro-RO","potentialAction":[{"@type":"ReadAction","target":["https:\/\/www.lovendal.ro\/wp52\/o-creatura-extrem-de-ciudata-a-fost-fotografiata-noaptea-plimbandu-se-intr-o-gradina\/"]}]},{"@type":"ImageObject","inLanguage":"ro-RO","@id":"https:\/\/www.lovendal.ro\/wp52\/o-creatura-extrem-de-ciudata-a-fost-fotografiata-noaptea-plimbandu-se-intr-o-gradina\/#primaryimage","url":"https:\/\/www.lovendal.ro\/wp52\/wp-content\/uploads\/2017\/01\/creatura-in-gradina.jpg","contentUrl":"https:\/\/www.lovendal.ro\/wp52\/wp-content\/uploads\/2017\/01\/creatura-in-gradina.jpg","width":332,"height":231},{"@type":"BreadcrumbList","@id":"https:\/\/www.lovendal.ro\/wp52\/o-creatura-extrem-de-ciudata-a-fost-fotografiata-noaptea-plimbandu-se-intr-o-gradina\/#breadcrumb","itemListElement":[{"@type":"ListItem","position":1,"name":"Home","item":"https:\/\/www.lovendal.ro\/wp52\/"},{"@type":"ListItem","position":2,"name":"O creatur\u0103 extrem de ciudat\u0103 a fost fotografiat\u0103 noaptea, plimb\u00e2ndu-se \u00eentr-o gr\u0103din\u0103&#8230;"}]},{"@type":"WebSite","@id":"https:\/\/www.lovendal.ro\/wp52\/#website","url":"https:\/\/www.lovendal.ro\/wp52\/","name":"Secretele lui Lovendal","description":"Site de secrete, stiinta si metafizica - din 2008 -","publisher":{"@id":"https:\/\/www.lovendal.ro\/wp52\/#organization"},"potentialAction":[{"@type":"SearchAction","target":{"@type":"EntryPoint","urlTemplate":"https:\/\/www.lovendal.ro\/wp52\/?s={search_term_string}"},"query-input":{"@type":"PropertyValueSpecification","valueRequired":true,"valueName":"search_term_string"}}],"inLanguage":"ro-RO"},{"@type":"Organization","@id":"https:\/\/www.lovendal.ro\/wp52\/#organization","name":"Secretele lui Lovendal","url":"https:\/\/www.lovendal.ro\/wp52\/","logo":{"@type":"ImageObject","inLanguage":"ro-RO","@id":"https:\/\/www.lovendal.ro\/wp52\/#\/schema\/logo\/image\/","url":"https:\/\/www.lovendal.ro\/wp52\/wp-content\/uploads\/2024\/06\/cropped-SLL-iun-2024-1.jpg","contentUrl":"https:\/\/www.lovendal.ro\/wp52\/wp-content\/uploads\/2024\/06\/cropped-SLL-iun-2024-1.jpg","width":771,"height":240,"caption":"Secretele lui Lovendal"},"image":{"@id":"https:\/\/www.lovendal.ro\/wp52\/#\/schema\/logo\/image\/"},"sameAs":["https:\/\/www.facebook.com\/secreteleluilovendal"]},{"@type":"Person","@id":"https:\/\/www.lovendal.ro\/wp52\/#\/schema\/person\/088691de5dfc346bb0c023e1e52ef5d9","name":"admin","image":{"@type":"ImageObject","inLanguage":"ro-RO","@id":"https:\/\/secure.gravatar.com\/avatar\/ecb9cd41f5f63c9c9b989999a59f6e2639a865ec361e9db054db0679a8f341c2?s=96&d=mm&r=g","url":"https:\/\/secure.gravatar.com\/avatar\/ecb9cd41f5f63c9c9b989999a59f6e2639a865ec361e9db054db0679a8f341c2?s=96&d=mm&r=g","contentUrl":"https:\/\/secure.gravatar.com\/avatar\/ecb9cd41f5f63c9c9b989999a59f6e2639a865ec361e9db054db0679a8f341c2?s=96&d=mm&r=g","caption":"admin"},"sameAs":["https:\/\/www.lovendal.ro\/wp52"]}]}},"_links":{"self":[{"href":"https:\/\/www.lovendal.ro\/wp52\/wp-json\/wp\/v2\/posts\/47351","targetHints":{"allow":["GET"]}}],"collection":[{"href":"https:\/\/www.lovendal.ro\/wp52\/wp-json\/wp\/v2\/posts"}],"about":[{"href":"https:\/\/www.lovendal.ro\/wp52\/wp-json\/wp\/v2\/types\/post"}],"author":[{"embeddable":true,"href":"https:\/\/www.lovendal.ro\/wp52\/wp-json\/wp\/v2\/users\/1"}],"replies":[{"embeddable":true,"href":"https:\/\/www.lovendal.ro\/wp52\/wp-json\/wp\/v2\/comments?post=47351"}],"version-history":[{"count":0,"href":"https:\/\/www.lovendal.ro\/wp52\/wp-json\/wp\/v2\/posts\/47351\/revisions"}],"wp:featuredmedia":[{"embeddable":true,"href":"https:\/\/www.lovendal.ro\/wp52\/wp-json\/wp\/v2\/media\/47354"}],"wp:attachment":[{"href":"https:\/\/www.lovendal.ro\/wp52\/wp-json\/wp\/v2\/media?parent=47351"}],"wp:term":[{"taxonomy":"category","embeddable":true,"href":"https:\/\/www.lovendal.ro\/wp52\/wp-json\/wp\/v2\/categories?post=47351"},{"taxonomy":"post_tag","embeddable":true,"href":"https:\/\/www.lovendal.ro\/wp52\/wp-json\/wp\/v2\/tags?post=47351"}],"curies":[{"name":"wp","href":"https:\/\/api.w.org\/{rel}","templated":true}]}}