{"id":4729,"date":"2009-04-30T07:38:14","date_gmt":"2009-04-30T04:38:14","guid":{"rendered":"http:\/\/www.lovendal.net\/wp52\/?p=4729"},"modified":"2009-04-30T07:38:14","modified_gmt":"2009-04-30T04:38:14","slug":"vremea-urata-va-ajuta-la-memorie","status":"publish","type":"post","link":"https:\/\/www.lovendal.ro\/wp52\/vremea-urata-va-ajuta-la-memorie\/","title":{"rendered":"Vremea ur\u00e2t\u0103 v\u0103 ajut\u0103 la memorie"},"content":{"rendered":"<p><img loading=\"lazy\" decoding=\"async\" class=\"alignleft size-full wp-image-4731\" title=\"ploaie\" src=\"https:\/\/www.lovendal.ro\/wp52\/wp-content\/uploads\/2009\/04\/ploaie.jpg\" alt=\"ploaie\" width=\"316\" height=\"276\" \/>Starea de spirit cauzat\u0103 de vremea ur\u00e2t\u0103 ajut\u0103 oamenii s\u0103-\u015fi aminteasc\u0103 mai bine lucrurile, dec\u00e2t atunci c\u0103nd e soare. Echipa universit\u0103\u0163ii New South Wales au testat dac\u0103 dispozi\u0163iile proaste ale oamenilor au vreun impact asupra abilit\u0103\u0163ii lor de a-\u015fi aminti detalii.<\/p>\n<p>Cercet\u0103torii au a\u015fezat \u00eentr-un magazin, pe tejghea, 10 obiecte, printre care un pistol de juc\u0103rie, un autobuz ro\u015fu \u015fi o pu\u015fculi\u0163\u0103 \u015fi apoi i-au \u00eentrebat pe cump\u0103r\u0103tori ce-\u015fi aminteau.<\/p>\n<p>Potrivit studiului, subiec\u0163ii \u00ee\u015fi aminteau de trei ori mai multe obiecte atunci c\u00e2nd afar\u0103 era frig, ploua, b\u0103tea v\u00e2ntul \u015fi pe fundal se auzea o muzic\u0103 clasic\u0103 mai sumbr\u0103 dec\u00e2t atunci c\u00e2nd vremea de afar\u0103 era \u00eensorit\u0103. Cump\u0103r\u0103torii din zilele ploioase erau \u015fi mai pu\u0163in predispu\u015fi s\u0103 aib\u0103 amintiri false ale obiectelor care nu erau acolo.<\/p>\n<p>O stare de spirit mai proast\u0103 \u00eei ajut\u0103 pe oameni s\u0103 se concentreze mai bine asupra mediului \u00een care se afl\u0103 \u015fi le \u00eembun\u0103t\u0103\u0163e\u015fte modul de g\u00e2ndire, \u00een timp ce fericirea tinde s\u0103 scad\u0103 concentrarea \u015fi s\u0103 creasc\u0103 \u00eencrederea \u015fi uitarea.<\/p>\n","protected":false},"excerpt":{"rendered":"<p>Starea de spirit cauzat\u0103 de vremea ur\u00e2t\u0103 ajut\u0103 oamenii s\u0103-\u015fi aminteasc\u0103 mai bine lucrurile, dec\u00e2t atunci c\u0103nd e soare. Echipa universit\u0103\u0163ii New South Wales au testat dac\u0103 dispozi\u0163iile proaste ale oamenilor au vreun impact asupra abilit\u0103\u0163ii lor de a-\u015fi aminti &#8230; <\/p>\n<p class=\"read-more-container\"><a title=\"Vremea ur\u00e2t\u0103 v\u0103 ajut\u0103 la memorie\" class=\"read-more button\" href=\"https:\/\/www.lovendal.ro\/wp52\/vremea-urata-va-ajuta-la-memorie\/#more-4729\" aria-label=\"Cite\u0219te mai multe despre Vremea ur\u00e2t\u0103 v\u0103 ajut\u0103 la memorie\">Cititi mai multe<\/a><\/p>\n","protected":false},"author":1,"featured_media":4731,"comment_status":"open","ping_status":"closed","sticky":false,"template":"","format":"standard","meta":{"footnotes":""},"categories":[106],"tags":[1409,1307,981,9803,1372],"class_list":["post-4729","post","type-post","status-publish","format-standard","has-post-thumbnail","hentry","category-stiinta","tag-amintiri","tag-ploaie","tag-psihologie","tag-stiinta","tag-vreme","resize-featured-image"],"yoast_head":"<!-- This site is optimized with the Yoast SEO Premium plugin v23.3 (Yoast SEO v27.4) - https:\/\/yoast.com\/product\/yoast-seo-premium-wordpress\/ -->\n<title>Vremea ur\u00e2t\u0103 v\u0103 ajut\u0103 la memorie - Secretele lui Lovendal<\/title>\n<meta name=\"robots\" content=\"index, follow, max-snippet:-1, max-image-preview:large, max-video-preview:-1\" \/>\n<link rel=\"canonical\" href=\"https:\/\/www.lovendal.ro\/wp52\/vremea-urata-va-ajuta-la-memorie\/\" \/>\n<meta property=\"og:locale\" content=\"ro_RO\" \/>\n<meta property=\"og:type\" content=\"article\" \/>\n<meta property=\"og:title\" content=\"Vremea ur\u00e2t\u0103 v\u0103 ajut\u0103 la memorie\" \/>\n<meta property=\"og:description\" content=\"Starea de spirit cauzat\u0103 de vremea ur\u00e2t\u0103 ajut\u0103 oamenii s\u0103-\u015fi aminteasc\u0103 mai bine lucrurile, dec\u00e2t atunci c\u0103nd e soare. Echipa universit\u0103\u0163ii New South Wales au testat dac\u0103 dispozi\u0163iile proaste ale oamenilor au vreun impact asupra abilit\u0103\u0163ii lor de a-\u015fi aminti ... Cititi mai multe\" \/>\n<meta property=\"og:url\" content=\"https:\/\/www.lovendal.ro\/wp52\/vremea-urata-va-ajuta-la-memorie\/\" \/>\n<meta property=\"og:site_name\" content=\"Secretele lui Lovendal\" \/>\n<meta property=\"article:publisher\" content=\"https:\/\/www.facebook.com\/secreteleluilovendal\" \/>\n<meta property=\"article:published_time\" content=\"2009-04-30T04:38:14+00:00\" \/>\n<meta property=\"og:image\" content=\"https:\/\/www.lovendal.ro\/wp52\/wp-content\/uploads\/2009\/04\/ploaie.jpg\" \/>\n\t<meta property=\"og:image:width\" content=\"316\" \/>\n\t<meta property=\"og:image:height\" content=\"276\" \/>\n\t<meta property=\"og:image:type\" content=\"image\/jpeg\" \/>\n<meta name=\"author\" content=\"admin\" \/>\n<meta name=\"twitter:card\" content=\"summary_large_image\" \/>\n<meta name=\"twitter:label1\" content=\"Scris de\" \/>\n\t<meta name=\"twitter:data1\" content=\"admin\" \/>\n\t<meta name=\"twitter:label2\" content=\"Timp estimat pentru citire\" \/>\n\t<meta name=\"twitter:data2\" content=\"1 minut\" \/>\n<script type=\"application\/ld+json\" class=\"yoast-schema-graph\">{\"@context\":\"https:\\\/\\\/schema.org\",\"@graph\":[{\"@type\":\"Article\",\"@id\":\"https:\\\/\\\/www.lovendal.ro\\\/wp52\\\/vremea-urata-va-ajuta-la-memorie\\\/#article\",\"isPartOf\":{\"@id\":\"https:\\\/\\\/www.lovendal.ro\\\/wp52\\\/vremea-urata-va-ajuta-la-memorie\\\/\"},\"author\":{\"name\":\"admin\",\"@id\":\"https:\\\/\\\/www.lovendal.ro\\\/wp52\\\/#\\\/schema\\\/person\\\/088691de5dfc346bb0c023e1e52ef5d9\"},\"headline\":\"Vremea ur\u00e2t\u0103 v\u0103 ajut\u0103 la memorie\",\"datePublished\":\"2009-04-30T04:38:14+00:00\",\"mainEntityOfPage\":{\"@id\":\"https:\\\/\\\/www.lovendal.ro\\\/wp52\\\/vremea-urata-va-ajuta-la-memorie\\\/\"},\"wordCount\":204,\"commentCount\":0,\"publisher\":{\"@id\":\"https:\\\/\\\/www.lovendal.ro\\\/wp52\\\/#organization\"},\"image\":{\"@id\":\"https:\\\/\\\/www.lovendal.ro\\\/wp52\\\/vremea-urata-va-ajuta-la-memorie\\\/#primaryimage\"},\"thumbnailUrl\":\"https:\\\/\\\/www.lovendal.ro\\\/wp52\\\/wp-content\\\/uploads\\\/2009\\\/04\\\/ploaie.jpg\",\"keywords\":[\"amintiri\",\"ploaie\",\"psihologie\",\"Stiinta\",\"vreme\"],\"articleSection\":[\"Stiinta\"],\"inLanguage\":\"ro-RO\",\"potentialAction\":[{\"@type\":\"CommentAction\",\"name\":\"Comment\",\"target\":[\"https:\\\/\\\/www.lovendal.ro\\\/wp52\\\/vremea-urata-va-ajuta-la-memorie\\\/#respond\"]}]},{\"@type\":\"WebPage\",\"@id\":\"https:\\\/\\\/www.lovendal.ro\\\/wp52\\\/vremea-urata-va-ajuta-la-memorie\\\/\",\"url\":\"https:\\\/\\\/www.lovendal.ro\\\/wp52\\\/vremea-urata-va-ajuta-la-memorie\\\/\",\"name\":\"Vremea ur\u00e2t\u0103 v\u0103 ajut\u0103 la memorie - Secretele lui Lovendal\",\"isPartOf\":{\"@id\":\"https:\\\/\\\/www.lovendal.ro\\\/wp52\\\/#website\"},\"primaryImageOfPage\":{\"@id\":\"https:\\\/\\\/www.lovendal.ro\\\/wp52\\\/vremea-urata-va-ajuta-la-memorie\\\/#primaryimage\"},\"image\":{\"@id\":\"https:\\\/\\\/www.lovendal.ro\\\/wp52\\\/vremea-urata-va-ajuta-la-memorie\\\/#primaryimage\"},\"thumbnailUrl\":\"https:\\\/\\\/www.lovendal.ro\\\/wp52\\\/wp-content\\\/uploads\\\/2009\\\/04\\\/ploaie.jpg\",\"datePublished\":\"2009-04-30T04:38:14+00:00\",\"breadcrumb\":{\"@id\":\"https:\\\/\\\/www.lovendal.ro\\\/wp52\\\/vremea-urata-va-ajuta-la-memorie\\\/#breadcrumb\"},\"inLanguage\":\"ro-RO\",\"potentialAction\":[{\"@type\":\"ReadAction\",\"target\":[\"https:\\\/\\\/www.lovendal.ro\\\/wp52\\\/vremea-urata-va-ajuta-la-memorie\\\/\"]}]},{\"@type\":\"ImageObject\",\"inLanguage\":\"ro-RO\",\"@id\":\"https:\\\/\\\/www.lovendal.ro\\\/wp52\\\/vremea-urata-va-ajuta-la-memorie\\\/#primaryimage\",\"url\":\"https:\\\/\\\/www.lovendal.ro\\\/wp52\\\/wp-content\\\/uploads\\\/2009\\\/04\\\/ploaie.jpg\",\"contentUrl\":\"https:\\\/\\\/www.lovendal.ro\\\/wp52\\\/wp-content\\\/uploads\\\/2009\\\/04\\\/ploaie.jpg\",\"width\":\"316\",\"height\":\"276\"},{\"@type\":\"BreadcrumbList\",\"@id\":\"https:\\\/\\\/www.lovendal.ro\\\/wp52\\\/vremea-urata-va-ajuta-la-memorie\\\/#breadcrumb\",\"itemListElement\":[{\"@type\":\"ListItem\",\"position\":1,\"name\":\"Home\",\"item\":\"https:\\\/\\\/www.lovendal.ro\\\/wp52\\\/\"},{\"@type\":\"ListItem\",\"position\":2,\"name\":\"Vremea ur\u00e2t\u0103 v\u0103 ajut\u0103 la memorie\"}]},{\"@type\":\"WebSite\",\"@id\":\"https:\\\/\\\/www.lovendal.ro\\\/wp52\\\/#website\",\"url\":\"https:\\\/\\\/www.lovendal.ro\\\/wp52\\\/\",\"name\":\"Secretele lui Lovendal\",\"description\":\"Site de secrete, stiinta si metafizica - din 2008 -\",\"publisher\":{\"@id\":\"https:\\\/\\\/www.lovendal.ro\\\/wp52\\\/#organization\"},\"potentialAction\":[{\"@type\":\"SearchAction\",\"target\":{\"@type\":\"EntryPoint\",\"urlTemplate\":\"https:\\\/\\\/www.lovendal.ro\\\/wp52\\\/?s={search_term_string}\"},\"query-input\":{\"@type\":\"PropertyValueSpecification\",\"valueRequired\":true,\"valueName\":\"search_term_string\"}}],\"inLanguage\":\"ro-RO\"},{\"@type\":\"Organization\",\"@id\":\"https:\\\/\\\/www.lovendal.ro\\\/wp52\\\/#organization\",\"name\":\"Secretele lui Lovendal\",\"url\":\"https:\\\/\\\/www.lovendal.ro\\\/wp52\\\/\",\"logo\":{\"@type\":\"ImageObject\",\"inLanguage\":\"ro-RO\",\"@id\":\"https:\\\/\\\/www.lovendal.ro\\\/wp52\\\/#\\\/schema\\\/logo\\\/image\\\/\",\"url\":\"https:\\\/\\\/www.lovendal.ro\\\/wp52\\\/wp-content\\\/uploads\\\/2024\\\/06\\\/cropped-SLL-iun-2024-1.jpg\",\"contentUrl\":\"https:\\\/\\\/www.lovendal.ro\\\/wp52\\\/wp-content\\\/uploads\\\/2024\\\/06\\\/cropped-SLL-iun-2024-1.jpg\",\"width\":771,\"height\":240,\"caption\":\"Secretele lui Lovendal\"},\"image\":{\"@id\":\"https:\\\/\\\/www.lovendal.ro\\\/wp52\\\/#\\\/schema\\\/logo\\\/image\\\/\"},\"sameAs\":[\"https:\\\/\\\/www.facebook.com\\\/secreteleluilovendal\"]},{\"@type\":\"Person\",\"@id\":\"https:\\\/\\\/www.lovendal.ro\\\/wp52\\\/#\\\/schema\\\/person\\\/088691de5dfc346bb0c023e1e52ef5d9\",\"name\":\"admin\",\"image\":{\"@type\":\"ImageObject\",\"inLanguage\":\"ro-RO\",\"@id\":\"https:\\\/\\\/secure.gravatar.com\\\/avatar\\\/ecb9cd41f5f63c9c9b989999a59f6e2639a865ec361e9db054db0679a8f341c2?s=96&d=mm&r=g\",\"url\":\"https:\\\/\\\/secure.gravatar.com\\\/avatar\\\/ecb9cd41f5f63c9c9b989999a59f6e2639a865ec361e9db054db0679a8f341c2?s=96&d=mm&r=g\",\"contentUrl\":\"https:\\\/\\\/secure.gravatar.com\\\/avatar\\\/ecb9cd41f5f63c9c9b989999a59f6e2639a865ec361e9db054db0679a8f341c2?s=96&d=mm&r=g\",\"caption\":\"admin\"},\"sameAs\":[\"https:\\\/\\\/www.lovendal.ro\\\/wp52\"]}]}<\/script>\n<!-- \/ Yoast SEO Premium plugin. -->","yoast_head_json":{"title":"Vremea ur\u00e2t\u0103 v\u0103 ajut\u0103 la memorie - Secretele lui Lovendal","robots":{"index":"index","follow":"follow","max-snippet":"max-snippet:-1","max-image-preview":"max-image-preview:large","max-video-preview":"max-video-preview:-1"},"canonical":"https:\/\/www.lovendal.ro\/wp52\/vremea-urata-va-ajuta-la-memorie\/","og_locale":"ro_RO","og_type":"article","og_title":"Vremea ur\u00e2t\u0103 v\u0103 ajut\u0103 la memorie","og_description":"Starea de spirit cauzat\u0103 de vremea ur\u00e2t\u0103 ajut\u0103 oamenii s\u0103-\u015fi aminteasc\u0103 mai bine lucrurile, dec\u00e2t atunci c\u0103nd e soare. Echipa universit\u0103\u0163ii New South Wales au testat dac\u0103 dispozi\u0163iile proaste ale oamenilor au vreun impact asupra abilit\u0103\u0163ii lor de a-\u015fi aminti ... Cititi mai multe","og_url":"https:\/\/www.lovendal.ro\/wp52\/vremea-urata-va-ajuta-la-memorie\/","og_site_name":"Secretele lui Lovendal","article_publisher":"https:\/\/www.facebook.com\/secreteleluilovendal","article_published_time":"2009-04-30T04:38:14+00:00","og_image":[{"width":316,"height":276,"url":"https:\/\/www.lovendal.ro\/wp52\/wp-content\/uploads\/2009\/04\/ploaie.jpg","type":"image\/jpeg"}],"author":"admin","twitter_card":"summary_large_image","twitter_misc":{"Scris de":"admin","Timp estimat pentru citire":"1 minut"},"schema":{"@context":"https:\/\/schema.org","@graph":[{"@type":"Article","@id":"https:\/\/www.lovendal.ro\/wp52\/vremea-urata-va-ajuta-la-memorie\/#article","isPartOf":{"@id":"https:\/\/www.lovendal.ro\/wp52\/vremea-urata-va-ajuta-la-memorie\/"},"author":{"name":"admin","@id":"https:\/\/www.lovendal.ro\/wp52\/#\/schema\/person\/088691de5dfc346bb0c023e1e52ef5d9"},"headline":"Vremea ur\u00e2t\u0103 v\u0103 ajut\u0103 la memorie","datePublished":"2009-04-30T04:38:14+00:00","mainEntityOfPage":{"@id":"https:\/\/www.lovendal.ro\/wp52\/vremea-urata-va-ajuta-la-memorie\/"},"wordCount":204,"commentCount":0,"publisher":{"@id":"https:\/\/www.lovendal.ro\/wp52\/#organization"},"image":{"@id":"https:\/\/www.lovendal.ro\/wp52\/vremea-urata-va-ajuta-la-memorie\/#primaryimage"},"thumbnailUrl":"https:\/\/www.lovendal.ro\/wp52\/wp-content\/uploads\/2009\/04\/ploaie.jpg","keywords":["amintiri","ploaie","psihologie","Stiinta","vreme"],"articleSection":["Stiinta"],"inLanguage":"ro-RO","potentialAction":[{"@type":"CommentAction","name":"Comment","target":["https:\/\/www.lovendal.ro\/wp52\/vremea-urata-va-ajuta-la-memorie\/#respond"]}]},{"@type":"WebPage","@id":"https:\/\/www.lovendal.ro\/wp52\/vremea-urata-va-ajuta-la-memorie\/","url":"https:\/\/www.lovendal.ro\/wp52\/vremea-urata-va-ajuta-la-memorie\/","name":"Vremea ur\u00e2t\u0103 v\u0103 ajut\u0103 la memorie - Secretele lui Lovendal","isPartOf":{"@id":"https:\/\/www.lovendal.ro\/wp52\/#website"},"primaryImageOfPage":{"@id":"https:\/\/www.lovendal.ro\/wp52\/vremea-urata-va-ajuta-la-memorie\/#primaryimage"},"image":{"@id":"https:\/\/www.lovendal.ro\/wp52\/vremea-urata-va-ajuta-la-memorie\/#primaryimage"},"thumbnailUrl":"https:\/\/www.lovendal.ro\/wp52\/wp-content\/uploads\/2009\/04\/ploaie.jpg","datePublished":"2009-04-30T04:38:14+00:00","breadcrumb":{"@id":"https:\/\/www.lovendal.ro\/wp52\/vremea-urata-va-ajuta-la-memorie\/#breadcrumb"},"inLanguage":"ro-RO","potentialAction":[{"@type":"ReadAction","target":["https:\/\/www.lovendal.ro\/wp52\/vremea-urata-va-ajuta-la-memorie\/"]}]},{"@type":"ImageObject","inLanguage":"ro-RO","@id":"https:\/\/www.lovendal.ro\/wp52\/vremea-urata-va-ajuta-la-memorie\/#primaryimage","url":"https:\/\/www.lovendal.ro\/wp52\/wp-content\/uploads\/2009\/04\/ploaie.jpg","contentUrl":"https:\/\/www.lovendal.ro\/wp52\/wp-content\/uploads\/2009\/04\/ploaie.jpg","width":"316","height":"276"},{"@type":"BreadcrumbList","@id":"https:\/\/www.lovendal.ro\/wp52\/vremea-urata-va-ajuta-la-memorie\/#breadcrumb","itemListElement":[{"@type":"ListItem","position":1,"name":"Home","item":"https:\/\/www.lovendal.ro\/wp52\/"},{"@type":"ListItem","position":2,"name":"Vremea ur\u00e2t\u0103 v\u0103 ajut\u0103 la memorie"}]},{"@type":"WebSite","@id":"https:\/\/www.lovendal.ro\/wp52\/#website","url":"https:\/\/www.lovendal.ro\/wp52\/","name":"Secretele lui Lovendal","description":"Site de secrete, stiinta si metafizica - din 2008 -","publisher":{"@id":"https:\/\/www.lovendal.ro\/wp52\/#organization"},"potentialAction":[{"@type":"SearchAction","target":{"@type":"EntryPoint","urlTemplate":"https:\/\/www.lovendal.ro\/wp52\/?s={search_term_string}"},"query-input":{"@type":"PropertyValueSpecification","valueRequired":true,"valueName":"search_term_string"}}],"inLanguage":"ro-RO"},{"@type":"Organization","@id":"https:\/\/www.lovendal.ro\/wp52\/#organization","name":"Secretele lui Lovendal","url":"https:\/\/www.lovendal.ro\/wp52\/","logo":{"@type":"ImageObject","inLanguage":"ro-RO","@id":"https:\/\/www.lovendal.ro\/wp52\/#\/schema\/logo\/image\/","url":"https:\/\/www.lovendal.ro\/wp52\/wp-content\/uploads\/2024\/06\/cropped-SLL-iun-2024-1.jpg","contentUrl":"https:\/\/www.lovendal.ro\/wp52\/wp-content\/uploads\/2024\/06\/cropped-SLL-iun-2024-1.jpg","width":771,"height":240,"caption":"Secretele lui Lovendal"},"image":{"@id":"https:\/\/www.lovendal.ro\/wp52\/#\/schema\/logo\/image\/"},"sameAs":["https:\/\/www.facebook.com\/secreteleluilovendal"]},{"@type":"Person","@id":"https:\/\/www.lovendal.ro\/wp52\/#\/schema\/person\/088691de5dfc346bb0c023e1e52ef5d9","name":"admin","image":{"@type":"ImageObject","inLanguage":"ro-RO","@id":"https:\/\/secure.gravatar.com\/avatar\/ecb9cd41f5f63c9c9b989999a59f6e2639a865ec361e9db054db0679a8f341c2?s=96&d=mm&r=g","url":"https:\/\/secure.gravatar.com\/avatar\/ecb9cd41f5f63c9c9b989999a59f6e2639a865ec361e9db054db0679a8f341c2?s=96&d=mm&r=g","contentUrl":"https:\/\/secure.gravatar.com\/avatar\/ecb9cd41f5f63c9c9b989999a59f6e2639a865ec361e9db054db0679a8f341c2?s=96&d=mm&r=g","caption":"admin"},"sameAs":["https:\/\/www.lovendal.ro\/wp52"]}]}},"_links":{"self":[{"href":"https:\/\/www.lovendal.ro\/wp52\/wp-json\/wp\/v2\/posts\/4729","targetHints":{"allow":["GET"]}}],"collection":[{"href":"https:\/\/www.lovendal.ro\/wp52\/wp-json\/wp\/v2\/posts"}],"about":[{"href":"https:\/\/www.lovendal.ro\/wp52\/wp-json\/wp\/v2\/types\/post"}],"author":[{"embeddable":true,"href":"https:\/\/www.lovendal.ro\/wp52\/wp-json\/wp\/v2\/users\/1"}],"replies":[{"embeddable":true,"href":"https:\/\/www.lovendal.ro\/wp52\/wp-json\/wp\/v2\/comments?post=4729"}],"version-history":[{"count":0,"href":"https:\/\/www.lovendal.ro\/wp52\/wp-json\/wp\/v2\/posts\/4729\/revisions"}],"wp:featuredmedia":[{"embeddable":true,"href":"https:\/\/www.lovendal.ro\/wp52\/wp-json\/wp\/v2\/media\/4731"}],"wp:attachment":[{"href":"https:\/\/www.lovendal.ro\/wp52\/wp-json\/wp\/v2\/media?parent=4729"}],"wp:term":[{"taxonomy":"category","embeddable":true,"href":"https:\/\/www.lovendal.ro\/wp52\/wp-json\/wp\/v2\/categories?post=4729"},{"taxonomy":"post_tag","embeddable":true,"href":"https:\/\/www.lovendal.ro\/wp52\/wp-json\/wp\/v2\/tags?post=4729"}],"curies":[{"name":"wp","href":"https:\/\/api.w.org\/{rel}","templated":true}]}}