{"id":47239,"date":"2017-01-04T17:03:37","date_gmt":"2017-01-04T15:03:37","guid":{"rendered":"http:\/\/www.lovendal.ro\/wp52\/?p=47239"},"modified":"2017-01-04T17:03:54","modified_gmt":"2017-01-04T15:03:54","slug":"bomba-pe-plan-mondial-zuckerberg-seful-facebook-a-devenit-religios-dupa-ce-a-fost-ateu-atata-timp","status":"publish","type":"post","link":"https:\/\/www.lovendal.ro\/wp52\/bomba-pe-plan-mondial-zuckerberg-seful-facebook-a-devenit-religios-dupa-ce-a-fost-ateu-atata-timp\/","title":{"rendered":"Bomb\u0103 pe plan mondial: Zuckerberg, \u015feful Facebook, a devenit religios, dup\u0103 ce-a fost ateu at\u00e2ta timp!"},"content":{"rendered":"<p><img loading=\"lazy\" decoding=\"async\" class=\"alignleft size-full wp-image-47242\" src=\"https:\/\/www.lovendal.ro\/wp52\/wp-content\/uploads\/2017\/01\/zuckerberg-religios.jpg\" alt=\"\" width=\"332\" height=\"236\" srcset=\"https:\/\/www.lovendal.ro\/wp52\/wp-content\/uploads\/2017\/01\/zuckerberg-religios.jpg 332w, https:\/\/www.lovendal.ro\/wp52\/wp-content\/uploads\/2017\/01\/zuckerberg-religios-300x213.jpg 300w, https:\/\/www.lovendal.ro\/wp52\/wp-content\/uploads\/2017\/01\/zuckerberg-religios-140x100.jpg 140w\" sizes=\"auto, (max-width: 332px) 100vw, 332px\" \/>P\u00e2n\u0103 \u00een prezent, toat\u0103 lumea \u015ftia c\u0103 \u015feful Facebook, Mark Zuckerberg, ar fi ateist. Ei bine, se pare c\u0103 lucrurile nu mai stau a\u015fa. De 25 decembrie, acesta a publicat urm\u0103toarea postare pe Facebook: <em>&#8222;Cr\u0103ciun fericit \u015fi Hanuka fericit, de la Priscilla, Max, Beast \u015fi mine&#8221;<\/em>, referindu-se la so\u0163ia sa, fiica sa \u015fi c\u00e2inele s\u0103u.<\/p>\n<p>Hanuka reprezint\u0103 &#8222;S\u0103rb\u0103toarea inaugur\u0103rii&#8221; \u00een religia iudaic\u0103 \u0219i mai este cunoscut\u0103 ca S\u0103rb\u0103toarea luminilor. Este o s\u0103rb\u0103toare care dureaz\u0103 opt zile, comemor\u00e2nd rededicarea Templului din Ierusalim \u00een urma victoriei revoltei conduse de fra\u021bii Macabei asupra monarhiei seleucide din Siria, care \u00eencerca s\u0103 distrug\u0103 religia evreiasc\u0103 \u0219i s\u0103 elenizeze popoarele de sub domina\u021bia sa.<\/p>\n<p>Un comentator a observat mesajul lui Zuckerberg \u015fi l-a \u00eentrebat: <em>&#8222;Dar nu erai ateist?&#8221;<\/em>, la care Zuckerberg a r\u0103spuns: <em>&#8222;Nu. Am fost crescut ca evreu, \u015fi apoi am trecut printr-o perioad\u0103 \u00een care m-am \u00eentrebat diverse lucruri, dar acum cred c\u0103 religia este un lucru important&#8221;.<\/em><\/p>\n<p>Foarte interesant. S\u0103 vedem cum o s\u0103-l critice acum atei\u015ftii&#8230;<\/p>\n<p><img loading=\"lazy\" decoding=\"async\" class=\"aligncenter size-full wp-image-47240\" src=\"https:\/\/www.lovendal.ro\/wp52\/wp-content\/uploads\/2017\/01\/zuck1.jpg\" alt=\"\" width=\"537\" height=\"219\" srcset=\"https:\/\/www.lovendal.ro\/wp52\/wp-content\/uploads\/2017\/01\/zuck1.jpg 537w, https:\/\/www.lovendal.ro\/wp52\/wp-content\/uploads\/2017\/01\/zuck1-300x122.jpg 300w\" sizes=\"auto, (max-width: 537px) 100vw, 537px\" \/><\/p>\n<p><img loading=\"lazy\" decoding=\"async\" class=\"aligncenter size-full wp-image-47241\" src=\"https:\/\/www.lovendal.ro\/wp52\/wp-content\/uploads\/2017\/01\/zuck2.jpg\" alt=\"\" width=\"537\" height=\"160\" srcset=\"https:\/\/www.lovendal.ro\/wp52\/wp-content\/uploads\/2017\/01\/zuck2.jpg 537w, https:\/\/www.lovendal.ro\/wp52\/wp-content\/uploads\/2017\/01\/zuck2-300x89.jpg 300w\" sizes=\"auto, (max-width: 537px) 100vw, 537px\" \/><\/p>\n","protected":false},"excerpt":{"rendered":"<p>P\u00e2n\u0103 \u00een prezent, toat\u0103 lumea \u015ftia c\u0103 \u015feful Facebook, Mark Zuckerberg, ar fi ateist. Ei bine, se pare c\u0103 lucrurile nu mai stau a\u015fa. De 25 decembrie, acesta a publicat urm\u0103toarea postare pe Facebook: &#8222;Cr\u0103ciun fericit \u015fi Hanuka fericit, de &#8230; <\/p>\n<p class=\"read-more-container\"><a title=\"Bomb\u0103 pe plan mondial: Zuckerberg, \u015feful Facebook, a devenit religios, dup\u0103 ce-a fost ateu at\u00e2ta timp!\" class=\"read-more button\" href=\"https:\/\/www.lovendal.ro\/wp52\/bomba-pe-plan-mondial-zuckerberg-seful-facebook-a-devenit-religios-dupa-ce-a-fost-ateu-atata-timp\/#more-47239\" aria-label=\"Cite\u0219te mai multe despre Bomb\u0103 pe plan mondial: Zuckerberg, \u015feful Facebook, a devenit religios, dup\u0103 ce-a fost ateu at\u00e2ta timp!\">Cititi mai multe<\/a><\/p>\n","protected":false},"author":1,"featured_media":47242,"comment_status":"closed","ping_status":"closed","sticky":false,"template":"","format":"standard","meta":{"footnotes":""},"categories":[2833,14],"tags":[6369,652,702,218,4052,11289,9796,11288,3797,8937],"class_list":["post-47239","post","type-post","status-publish","format-standard","has-post-thumbnail","hentry","category-noutati","category-paranormal-spiritualitate","tag-ateist","tag-caine","tag-craciun","tag-evrei","tag-facebook","tag-hanuka","tag-paranormal-spiritualitate","tag-religios","tag-siria","tag-zuckerberg","resize-featured-image"],"yoast_head":"<!-- This site is optimized with the Yoast SEO Premium plugin v23.3 (Yoast SEO v27.4) - https:\/\/yoast.com\/product\/yoast-seo-premium-wordpress\/ -->\n<title>Bomb\u0103 pe plan mondial: Zuckerberg, \u015feful Facebook, a devenit religios, dup\u0103 ce-a fost ateu at\u00e2ta timp! - Secretele lui Lovendal<\/title>\n<meta name=\"robots\" content=\"index, follow, max-snippet:-1, max-image-preview:large, max-video-preview:-1\" \/>\n<link rel=\"canonical\" href=\"https:\/\/www.lovendal.ro\/wp52\/bomba-pe-plan-mondial-zuckerberg-seful-facebook-a-devenit-religios-dupa-ce-a-fost-ateu-atata-timp\/\" \/>\n<meta property=\"og:locale\" content=\"ro_RO\" \/>\n<meta property=\"og:type\" content=\"article\" \/>\n<meta property=\"og:title\" content=\"Bomb\u0103 pe plan mondial: Zuckerberg, \u015feful Facebook, a devenit religios, dup\u0103 ce-a fost ateu at\u00e2ta timp!\" \/>\n<meta property=\"og:description\" content=\"P\u00e2n\u0103 \u00een prezent, toat\u0103 lumea \u015ftia c\u0103 \u015feful Facebook, Mark Zuckerberg, ar fi ateist. Ei bine, se pare c\u0103 lucrurile nu mai stau a\u015fa. De 25 decembrie, acesta a publicat urm\u0103toarea postare pe Facebook: &#8222;Cr\u0103ciun fericit \u015fi Hanuka fericit, de ... Cititi mai multe\" \/>\n<meta property=\"og:url\" content=\"https:\/\/www.lovendal.ro\/wp52\/bomba-pe-plan-mondial-zuckerberg-seful-facebook-a-devenit-religios-dupa-ce-a-fost-ateu-atata-timp\/\" \/>\n<meta property=\"og:site_name\" content=\"Secretele lui Lovendal\" \/>\n<meta property=\"article:publisher\" content=\"https:\/\/www.facebook.com\/secreteleluilovendal\" \/>\n<meta property=\"article:published_time\" content=\"2017-01-04T15:03:37+00:00\" \/>\n<meta property=\"article:modified_time\" content=\"2017-01-04T15:03:54+00:00\" \/>\n<meta property=\"og:image\" content=\"https:\/\/www.lovendal.ro\/wp52\/wp-content\/uploads\/2017\/01\/zuckerberg-religios.jpg\" \/>\n\t<meta property=\"og:image:width\" content=\"332\" \/>\n\t<meta property=\"og:image:height\" content=\"236\" \/>\n\t<meta property=\"og:image:type\" content=\"image\/jpeg\" \/>\n<meta name=\"author\" content=\"admin\" \/>\n<meta name=\"twitter:card\" content=\"summary_large_image\" \/>\n<meta name=\"twitter:label1\" content=\"Scris de\" \/>\n\t<meta name=\"twitter:data1\" content=\"admin\" \/>\n\t<meta name=\"twitter:label2\" content=\"Timp estimat pentru citire\" \/>\n\t<meta name=\"twitter:data2\" content=\"1 minut\" \/>\n<script type=\"application\/ld+json\" class=\"yoast-schema-graph\">{\"@context\":\"https:\\\/\\\/schema.org\",\"@graph\":[{\"@type\":\"Article\",\"@id\":\"https:\\\/\\\/www.lovendal.ro\\\/wp52\\\/bomba-pe-plan-mondial-zuckerberg-seful-facebook-a-devenit-religios-dupa-ce-a-fost-ateu-atata-timp\\\/#article\",\"isPartOf\":{\"@id\":\"https:\\\/\\\/www.lovendal.ro\\\/wp52\\\/bomba-pe-plan-mondial-zuckerberg-seful-facebook-a-devenit-religios-dupa-ce-a-fost-ateu-atata-timp\\\/\"},\"author\":{\"name\":\"admin\",\"@id\":\"https:\\\/\\\/www.lovendal.ro\\\/wp52\\\/#\\\/schema\\\/person\\\/088691de5dfc346bb0c023e1e52ef5d9\"},\"headline\":\"Bomb\u0103 pe plan mondial: Zuckerberg, \u015feful Facebook, a devenit religios, dup\u0103 ce-a fost ateu at\u00e2ta timp!\",\"datePublished\":\"2017-01-04T15:03:37+00:00\",\"dateModified\":\"2017-01-04T15:03:54+00:00\",\"mainEntityOfPage\":{\"@id\":\"https:\\\/\\\/www.lovendal.ro\\\/wp52\\\/bomba-pe-plan-mondial-zuckerberg-seful-facebook-a-devenit-religios-dupa-ce-a-fost-ateu-atata-timp\\\/\"},\"wordCount\":200,\"publisher\":{\"@id\":\"https:\\\/\\\/www.lovendal.ro\\\/wp52\\\/#organization\"},\"image\":{\"@id\":\"https:\\\/\\\/www.lovendal.ro\\\/wp52\\\/bomba-pe-plan-mondial-zuckerberg-seful-facebook-a-devenit-religios-dupa-ce-a-fost-ateu-atata-timp\\\/#primaryimage\"},\"thumbnailUrl\":\"https:\\\/\\\/www.lovendal.ro\\\/wp52\\\/wp-content\\\/uploads\\\/2017\\\/01\\\/zuckerberg-religios.jpg\",\"keywords\":[\"ateist\",\"c\u00e2ine\",\"Cr\u0103ciun\",\"evrei\",\"Facebook\",\"Hanuka\",\"Paranormal-Spiritualitate\",\"religios\",\"Siria\",\"Zuckerberg\"],\"articleSection\":[\"Noutati\",\"Paranormal-Spiritualitate\"],\"inLanguage\":\"ro-RO\"},{\"@type\":\"WebPage\",\"@id\":\"https:\\\/\\\/www.lovendal.ro\\\/wp52\\\/bomba-pe-plan-mondial-zuckerberg-seful-facebook-a-devenit-religios-dupa-ce-a-fost-ateu-atata-timp\\\/\",\"url\":\"https:\\\/\\\/www.lovendal.ro\\\/wp52\\\/bomba-pe-plan-mondial-zuckerberg-seful-facebook-a-devenit-religios-dupa-ce-a-fost-ateu-atata-timp\\\/\",\"name\":\"Bomb\u0103 pe plan mondial: Zuckerberg, \u015feful Facebook, a devenit religios, dup\u0103 ce-a fost ateu at\u00e2ta timp! - Secretele lui Lovendal\",\"isPartOf\":{\"@id\":\"https:\\\/\\\/www.lovendal.ro\\\/wp52\\\/#website\"},\"primaryImageOfPage\":{\"@id\":\"https:\\\/\\\/www.lovendal.ro\\\/wp52\\\/bomba-pe-plan-mondial-zuckerberg-seful-facebook-a-devenit-religios-dupa-ce-a-fost-ateu-atata-timp\\\/#primaryimage\"},\"image\":{\"@id\":\"https:\\\/\\\/www.lovendal.ro\\\/wp52\\\/bomba-pe-plan-mondial-zuckerberg-seful-facebook-a-devenit-religios-dupa-ce-a-fost-ateu-atata-timp\\\/#primaryimage\"},\"thumbnailUrl\":\"https:\\\/\\\/www.lovendal.ro\\\/wp52\\\/wp-content\\\/uploads\\\/2017\\\/01\\\/zuckerberg-religios.jpg\",\"datePublished\":\"2017-01-04T15:03:37+00:00\",\"dateModified\":\"2017-01-04T15:03:54+00:00\",\"breadcrumb\":{\"@id\":\"https:\\\/\\\/www.lovendal.ro\\\/wp52\\\/bomba-pe-plan-mondial-zuckerberg-seful-facebook-a-devenit-religios-dupa-ce-a-fost-ateu-atata-timp\\\/#breadcrumb\"},\"inLanguage\":\"ro-RO\",\"potentialAction\":[{\"@type\":\"ReadAction\",\"target\":[\"https:\\\/\\\/www.lovendal.ro\\\/wp52\\\/bomba-pe-plan-mondial-zuckerberg-seful-facebook-a-devenit-religios-dupa-ce-a-fost-ateu-atata-timp\\\/\"]}]},{\"@type\":\"ImageObject\",\"inLanguage\":\"ro-RO\",\"@id\":\"https:\\\/\\\/www.lovendal.ro\\\/wp52\\\/bomba-pe-plan-mondial-zuckerberg-seful-facebook-a-devenit-religios-dupa-ce-a-fost-ateu-atata-timp\\\/#primaryimage\",\"url\":\"https:\\\/\\\/www.lovendal.ro\\\/wp52\\\/wp-content\\\/uploads\\\/2017\\\/01\\\/zuckerberg-religios.jpg\",\"contentUrl\":\"https:\\\/\\\/www.lovendal.ro\\\/wp52\\\/wp-content\\\/uploads\\\/2017\\\/01\\\/zuckerberg-religios.jpg\",\"width\":332,\"height\":236},{\"@type\":\"BreadcrumbList\",\"@id\":\"https:\\\/\\\/www.lovendal.ro\\\/wp52\\\/bomba-pe-plan-mondial-zuckerberg-seful-facebook-a-devenit-religios-dupa-ce-a-fost-ateu-atata-timp\\\/#breadcrumb\",\"itemListElement\":[{\"@type\":\"ListItem\",\"position\":1,\"name\":\"Home\",\"item\":\"https:\\\/\\\/www.lovendal.ro\\\/wp52\\\/\"},{\"@type\":\"ListItem\",\"position\":2,\"name\":\"Bomb\u0103 pe plan mondial: Zuckerberg, \u015feful Facebook, a devenit religios, dup\u0103 ce-a fost ateu at\u00e2ta timp!\"}]},{\"@type\":\"WebSite\",\"@id\":\"https:\\\/\\\/www.lovendal.ro\\\/wp52\\\/#website\",\"url\":\"https:\\\/\\\/www.lovendal.ro\\\/wp52\\\/\",\"name\":\"Secretele lui Lovendal\",\"description\":\"Site de secrete, stiinta si metafizica - din 2008 -\",\"publisher\":{\"@id\":\"https:\\\/\\\/www.lovendal.ro\\\/wp52\\\/#organization\"},\"potentialAction\":[{\"@type\":\"SearchAction\",\"target\":{\"@type\":\"EntryPoint\",\"urlTemplate\":\"https:\\\/\\\/www.lovendal.ro\\\/wp52\\\/?s={search_term_string}\"},\"query-input\":{\"@type\":\"PropertyValueSpecification\",\"valueRequired\":true,\"valueName\":\"search_term_string\"}}],\"inLanguage\":\"ro-RO\"},{\"@type\":\"Organization\",\"@id\":\"https:\\\/\\\/www.lovendal.ro\\\/wp52\\\/#organization\",\"name\":\"Secretele lui Lovendal\",\"url\":\"https:\\\/\\\/www.lovendal.ro\\\/wp52\\\/\",\"logo\":{\"@type\":\"ImageObject\",\"inLanguage\":\"ro-RO\",\"@id\":\"https:\\\/\\\/www.lovendal.ro\\\/wp52\\\/#\\\/schema\\\/logo\\\/image\\\/\",\"url\":\"https:\\\/\\\/www.lovendal.ro\\\/wp52\\\/wp-content\\\/uploads\\\/2024\\\/06\\\/cropped-SLL-iun-2024-1.jpg\",\"contentUrl\":\"https:\\\/\\\/www.lovendal.ro\\\/wp52\\\/wp-content\\\/uploads\\\/2024\\\/06\\\/cropped-SLL-iun-2024-1.jpg\",\"width\":771,\"height\":240,\"caption\":\"Secretele lui Lovendal\"},\"image\":{\"@id\":\"https:\\\/\\\/www.lovendal.ro\\\/wp52\\\/#\\\/schema\\\/logo\\\/image\\\/\"},\"sameAs\":[\"https:\\\/\\\/www.facebook.com\\\/secreteleluilovendal\"]},{\"@type\":\"Person\",\"@id\":\"https:\\\/\\\/www.lovendal.ro\\\/wp52\\\/#\\\/schema\\\/person\\\/088691de5dfc346bb0c023e1e52ef5d9\",\"name\":\"admin\",\"image\":{\"@type\":\"ImageObject\",\"inLanguage\":\"ro-RO\",\"@id\":\"https:\\\/\\\/secure.gravatar.com\\\/avatar\\\/ecb9cd41f5f63c9c9b989999a59f6e2639a865ec361e9db054db0679a8f341c2?s=96&d=mm&r=g\",\"url\":\"https:\\\/\\\/secure.gravatar.com\\\/avatar\\\/ecb9cd41f5f63c9c9b989999a59f6e2639a865ec361e9db054db0679a8f341c2?s=96&d=mm&r=g\",\"contentUrl\":\"https:\\\/\\\/secure.gravatar.com\\\/avatar\\\/ecb9cd41f5f63c9c9b989999a59f6e2639a865ec361e9db054db0679a8f341c2?s=96&d=mm&r=g\",\"caption\":\"admin\"},\"sameAs\":[\"https:\\\/\\\/www.lovendal.ro\\\/wp52\"]}]}<\/script>\n<!-- \/ Yoast SEO Premium plugin. -->","yoast_head_json":{"title":"Bomb\u0103 pe plan mondial: Zuckerberg, \u015feful Facebook, a devenit religios, dup\u0103 ce-a fost ateu at\u00e2ta timp! - Secretele lui Lovendal","robots":{"index":"index","follow":"follow","max-snippet":"max-snippet:-1","max-image-preview":"max-image-preview:large","max-video-preview":"max-video-preview:-1"},"canonical":"https:\/\/www.lovendal.ro\/wp52\/bomba-pe-plan-mondial-zuckerberg-seful-facebook-a-devenit-religios-dupa-ce-a-fost-ateu-atata-timp\/","og_locale":"ro_RO","og_type":"article","og_title":"Bomb\u0103 pe plan mondial: Zuckerberg, \u015feful Facebook, a devenit religios, dup\u0103 ce-a fost ateu at\u00e2ta timp!","og_description":"P\u00e2n\u0103 \u00een prezent, toat\u0103 lumea \u015ftia c\u0103 \u015feful Facebook, Mark Zuckerberg, ar fi ateist. Ei bine, se pare c\u0103 lucrurile nu mai stau a\u015fa. De 25 decembrie, acesta a publicat urm\u0103toarea postare pe Facebook: &#8222;Cr\u0103ciun fericit \u015fi Hanuka fericit, de ... Cititi mai multe","og_url":"https:\/\/www.lovendal.ro\/wp52\/bomba-pe-plan-mondial-zuckerberg-seful-facebook-a-devenit-religios-dupa-ce-a-fost-ateu-atata-timp\/","og_site_name":"Secretele lui Lovendal","article_publisher":"https:\/\/www.facebook.com\/secreteleluilovendal","article_published_time":"2017-01-04T15:03:37+00:00","article_modified_time":"2017-01-04T15:03:54+00:00","og_image":[{"width":332,"height":236,"url":"https:\/\/www.lovendal.ro\/wp52\/wp-content\/uploads\/2017\/01\/zuckerberg-religios.jpg","type":"image\/jpeg"}],"author":"admin","twitter_card":"summary_large_image","twitter_misc":{"Scris de":"admin","Timp estimat pentru citire":"1 minut"},"schema":{"@context":"https:\/\/schema.org","@graph":[{"@type":"Article","@id":"https:\/\/www.lovendal.ro\/wp52\/bomba-pe-plan-mondial-zuckerberg-seful-facebook-a-devenit-religios-dupa-ce-a-fost-ateu-atata-timp\/#article","isPartOf":{"@id":"https:\/\/www.lovendal.ro\/wp52\/bomba-pe-plan-mondial-zuckerberg-seful-facebook-a-devenit-religios-dupa-ce-a-fost-ateu-atata-timp\/"},"author":{"name":"admin","@id":"https:\/\/www.lovendal.ro\/wp52\/#\/schema\/person\/088691de5dfc346bb0c023e1e52ef5d9"},"headline":"Bomb\u0103 pe plan mondial: Zuckerberg, \u015feful Facebook, a devenit religios, dup\u0103 ce-a fost ateu at\u00e2ta timp!","datePublished":"2017-01-04T15:03:37+00:00","dateModified":"2017-01-04T15:03:54+00:00","mainEntityOfPage":{"@id":"https:\/\/www.lovendal.ro\/wp52\/bomba-pe-plan-mondial-zuckerberg-seful-facebook-a-devenit-religios-dupa-ce-a-fost-ateu-atata-timp\/"},"wordCount":200,"publisher":{"@id":"https:\/\/www.lovendal.ro\/wp52\/#organization"},"image":{"@id":"https:\/\/www.lovendal.ro\/wp52\/bomba-pe-plan-mondial-zuckerberg-seful-facebook-a-devenit-religios-dupa-ce-a-fost-ateu-atata-timp\/#primaryimage"},"thumbnailUrl":"https:\/\/www.lovendal.ro\/wp52\/wp-content\/uploads\/2017\/01\/zuckerberg-religios.jpg","keywords":["ateist","c\u00e2ine","Cr\u0103ciun","evrei","Facebook","Hanuka","Paranormal-Spiritualitate","religios","Siria","Zuckerberg"],"articleSection":["Noutati","Paranormal-Spiritualitate"],"inLanguage":"ro-RO"},{"@type":"WebPage","@id":"https:\/\/www.lovendal.ro\/wp52\/bomba-pe-plan-mondial-zuckerberg-seful-facebook-a-devenit-religios-dupa-ce-a-fost-ateu-atata-timp\/","url":"https:\/\/www.lovendal.ro\/wp52\/bomba-pe-plan-mondial-zuckerberg-seful-facebook-a-devenit-religios-dupa-ce-a-fost-ateu-atata-timp\/","name":"Bomb\u0103 pe plan mondial: Zuckerberg, \u015feful Facebook, a devenit religios, dup\u0103 ce-a fost ateu at\u00e2ta timp! - Secretele lui Lovendal","isPartOf":{"@id":"https:\/\/www.lovendal.ro\/wp52\/#website"},"primaryImageOfPage":{"@id":"https:\/\/www.lovendal.ro\/wp52\/bomba-pe-plan-mondial-zuckerberg-seful-facebook-a-devenit-religios-dupa-ce-a-fost-ateu-atata-timp\/#primaryimage"},"image":{"@id":"https:\/\/www.lovendal.ro\/wp52\/bomba-pe-plan-mondial-zuckerberg-seful-facebook-a-devenit-religios-dupa-ce-a-fost-ateu-atata-timp\/#primaryimage"},"thumbnailUrl":"https:\/\/www.lovendal.ro\/wp52\/wp-content\/uploads\/2017\/01\/zuckerberg-religios.jpg","datePublished":"2017-01-04T15:03:37+00:00","dateModified":"2017-01-04T15:03:54+00:00","breadcrumb":{"@id":"https:\/\/www.lovendal.ro\/wp52\/bomba-pe-plan-mondial-zuckerberg-seful-facebook-a-devenit-religios-dupa-ce-a-fost-ateu-atata-timp\/#breadcrumb"},"inLanguage":"ro-RO","potentialAction":[{"@type":"ReadAction","target":["https:\/\/www.lovendal.ro\/wp52\/bomba-pe-plan-mondial-zuckerberg-seful-facebook-a-devenit-religios-dupa-ce-a-fost-ateu-atata-timp\/"]}]},{"@type":"ImageObject","inLanguage":"ro-RO","@id":"https:\/\/www.lovendal.ro\/wp52\/bomba-pe-plan-mondial-zuckerberg-seful-facebook-a-devenit-religios-dupa-ce-a-fost-ateu-atata-timp\/#primaryimage","url":"https:\/\/www.lovendal.ro\/wp52\/wp-content\/uploads\/2017\/01\/zuckerberg-religios.jpg","contentUrl":"https:\/\/www.lovendal.ro\/wp52\/wp-content\/uploads\/2017\/01\/zuckerberg-religios.jpg","width":332,"height":236},{"@type":"BreadcrumbList","@id":"https:\/\/www.lovendal.ro\/wp52\/bomba-pe-plan-mondial-zuckerberg-seful-facebook-a-devenit-religios-dupa-ce-a-fost-ateu-atata-timp\/#breadcrumb","itemListElement":[{"@type":"ListItem","position":1,"name":"Home","item":"https:\/\/www.lovendal.ro\/wp52\/"},{"@type":"ListItem","position":2,"name":"Bomb\u0103 pe plan mondial: Zuckerberg, \u015feful Facebook, a devenit religios, dup\u0103 ce-a fost ateu at\u00e2ta timp!"}]},{"@type":"WebSite","@id":"https:\/\/www.lovendal.ro\/wp52\/#website","url":"https:\/\/www.lovendal.ro\/wp52\/","name":"Secretele lui Lovendal","description":"Site de secrete, stiinta si metafizica - din 2008 -","publisher":{"@id":"https:\/\/www.lovendal.ro\/wp52\/#organization"},"potentialAction":[{"@type":"SearchAction","target":{"@type":"EntryPoint","urlTemplate":"https:\/\/www.lovendal.ro\/wp52\/?s={search_term_string}"},"query-input":{"@type":"PropertyValueSpecification","valueRequired":true,"valueName":"search_term_string"}}],"inLanguage":"ro-RO"},{"@type":"Organization","@id":"https:\/\/www.lovendal.ro\/wp52\/#organization","name":"Secretele lui Lovendal","url":"https:\/\/www.lovendal.ro\/wp52\/","logo":{"@type":"ImageObject","inLanguage":"ro-RO","@id":"https:\/\/www.lovendal.ro\/wp52\/#\/schema\/logo\/image\/","url":"https:\/\/www.lovendal.ro\/wp52\/wp-content\/uploads\/2024\/06\/cropped-SLL-iun-2024-1.jpg","contentUrl":"https:\/\/www.lovendal.ro\/wp52\/wp-content\/uploads\/2024\/06\/cropped-SLL-iun-2024-1.jpg","width":771,"height":240,"caption":"Secretele lui Lovendal"},"image":{"@id":"https:\/\/www.lovendal.ro\/wp52\/#\/schema\/logo\/image\/"},"sameAs":["https:\/\/www.facebook.com\/secreteleluilovendal"]},{"@type":"Person","@id":"https:\/\/www.lovendal.ro\/wp52\/#\/schema\/person\/088691de5dfc346bb0c023e1e52ef5d9","name":"admin","image":{"@type":"ImageObject","inLanguage":"ro-RO","@id":"https:\/\/secure.gravatar.com\/avatar\/ecb9cd41f5f63c9c9b989999a59f6e2639a865ec361e9db054db0679a8f341c2?s=96&d=mm&r=g","url":"https:\/\/secure.gravatar.com\/avatar\/ecb9cd41f5f63c9c9b989999a59f6e2639a865ec361e9db054db0679a8f341c2?s=96&d=mm&r=g","contentUrl":"https:\/\/secure.gravatar.com\/avatar\/ecb9cd41f5f63c9c9b989999a59f6e2639a865ec361e9db054db0679a8f341c2?s=96&d=mm&r=g","caption":"admin"},"sameAs":["https:\/\/www.lovendal.ro\/wp52"]}]}},"_links":{"self":[{"href":"https:\/\/www.lovendal.ro\/wp52\/wp-json\/wp\/v2\/posts\/47239","targetHints":{"allow":["GET"]}}],"collection":[{"href":"https:\/\/www.lovendal.ro\/wp52\/wp-json\/wp\/v2\/posts"}],"about":[{"href":"https:\/\/www.lovendal.ro\/wp52\/wp-json\/wp\/v2\/types\/post"}],"author":[{"embeddable":true,"href":"https:\/\/www.lovendal.ro\/wp52\/wp-json\/wp\/v2\/users\/1"}],"replies":[{"embeddable":true,"href":"https:\/\/www.lovendal.ro\/wp52\/wp-json\/wp\/v2\/comments?post=47239"}],"version-history":[{"count":0,"href":"https:\/\/www.lovendal.ro\/wp52\/wp-json\/wp\/v2\/posts\/47239\/revisions"}],"wp:featuredmedia":[{"embeddable":true,"href":"https:\/\/www.lovendal.ro\/wp52\/wp-json\/wp\/v2\/media\/47242"}],"wp:attachment":[{"href":"https:\/\/www.lovendal.ro\/wp52\/wp-json\/wp\/v2\/media?parent=47239"}],"wp:term":[{"taxonomy":"category","embeddable":true,"href":"https:\/\/www.lovendal.ro\/wp52\/wp-json\/wp\/v2\/categories?post=47239"},{"taxonomy":"post_tag","embeddable":true,"href":"https:\/\/www.lovendal.ro\/wp52\/wp-json\/wp\/v2\/tags?post=47239"}],"curies":[{"name":"wp","href":"https:\/\/api.w.org\/{rel}","templated":true}]}}