{"id":46529,"date":"2016-11-07T22:02:26","date_gmt":"2016-11-07T20:02:26","guid":{"rendered":"http:\/\/www.lovendal.ro\/wp52\/?p=46529"},"modified":"2023-05-25T07:41:30","modified_gmt":"2023-05-25T04:41:30","slug":"un-faimos-cercetator-si-autor-crede-ca-extraterestrii-se-vor-intoarce-pe-pamant-in-maxim-15-de-ani-ne-vom-intalni-cu-creatorii-nostrii","status":"publish","type":"post","link":"https:\/\/www.lovendal.ro\/wp52\/un-faimos-cercetator-si-autor-crede-ca-extraterestrii-se-vor-intoarce-pe-pamant-in-maxim-15-de-ani-ne-vom-intalni-cu-creatorii-nostrii\/","title":{"rendered":"Un faimos cercet\u0103tor \u015fi autor crede c\u0103 extratere\u015ftrii se vor \u00eentoarce pe P\u0103m\u00e2nt \u00een maxim 15 de ani! Ne vom \u00eent\u00e2lni cu &#8222;creatorii&#8221; no\u015ftrii?"},"content":{"rendered":"<p><img loading=\"lazy\" decoding=\"async\" class=\"alignleft size-full wp-image-46530\" src=\"https:\/\/www.lovendal.ro\/wp52\/wp-content\/uploads\/2016\/11\/extraterestri-Pamantul.jpg\" alt=\"extraterestri-pamantul\" width=\"334\" height=\"223\" srcset=\"https:\/\/www.lovendal.ro\/wp52\/wp-content\/uploads\/2016\/11\/extraterestri-Pamantul.jpg 334w, https:\/\/www.lovendal.ro\/wp52\/wp-content\/uploads\/2016\/11\/extraterestri-Pamantul-300x200.jpg 300w\" sizes=\"auto, (max-width: 334px) 100vw, 334px\" \/>Autorul uneia dintre cele mai populare c\u0103r\u021bi de pe planet\u0103 &#8211; <em>&#8222;Carele zeilor&#8221;<\/em> &#8211; spune c\u0103 extratere\u015ftrii se vor \u00eentoarce pe P\u0103m\u00e2nt \u00een viitorul apropiat, \u00een aproximativ 20 de ani, \u015fi asta deoarece suntem o parte din ADN-ul lor. Dovezile de re\u00eentoarcere a acestora pe P\u0103m\u00e2nt sunt prezente peste tot \u00een jurul nostru, \u00eempr\u0103\u0219tiate pe tot globul, \u00een textele antice, monumente \u0219i civiliza\u021bii.<\/p>\n<p>Autorul se nume\u015fte Erich von Daniken \u015fi, \u00een cadrul unei prezent\u0103ri, s-a folosit de o serie de imagini, clipuri video, anima\u021bii pe calculator \u0219i alte elemente pentru a-\u015fi sus\u021bine afirma\u021biile c\u0103, \u00een urm\u0103 cu mii de ani, \u00eenainte s\u0103 apar\u0103 istoria scris\u0103, P\u0103m\u00e2ntul a fost vizitat de fiin\u021be, nu de pe P\u0103m\u00e2nt, ci de pe alte planete. Acum, sus\u021bine el, &#8222;creatorii&#8221; noastre se vor \u00eentoarce, deoarece omenirea este aproape gata s\u0103-i \u00eent\u00e2lneasc\u0103 \u00een cele din urm\u0103.<\/p>\n<p><em>&#8222;Extratere\u015ftrii \u015ftiu despre noi, deoarece noi suntem o parte din ADN-ul lor. Biblia ne vorbe\u0219te despre fiicele oamenilor care au rela\u021bii se*xuale cu ace\u0219ti vizitatori, iar multe mituri \u0219i legende din \u00eentreaga lume repet\u0103 aceea\u0219i poveste. Aceste pove\u0219ti ne spun \u00eentotdeauna c\u0103 extratere\u015ftrii se vor \u00eentoarce la noi&#8221;<\/em>, spune Daniken.<\/p>\n<p>Erich Von Daniken sus\u021bine c\u0103, \u00een trecutul \u00eendep\u0103rtat, fiin\u021bele extraterestre au jucat un rol extrem de important \u00een dezvoltarea civiliza\u021biei moderne. \u00cen opinia autorului, exist\u0103 mituri \u00een \u00eentreaga lume, legende \u0219i texte antice, care sunt dovezi clare privind rolul zeilor jucat \u00een dezvoltarea omenirii. Toate aceste pove\u0219ti \u0219i povestiri se repet\u0103 \u015fi au acela\u0219i rezultat: <em>&#8222;\u00centr-o zi, extratere\u0219trii se vor \u00eentoarce pe P\u0103m\u00e2nt&#8221;<\/em>.<\/p>\n<p>\u00cen timpul prezent\u0103rii de la Ancient Aliens TV, autorul spune c\u0103 texte antice ca Biblia cre\u0219tin\u0103, texte religioase din India \u0219i altele, fac referire la &#8222;ceruri&#8221;, care, n-ar fi nimic altceva dec\u00e2t o referin\u021b\u0103 la spa\u021biul cosmic. Von Daniken sus\u021bine c\u0103 a\u0219a-numi\u0163ii \u00eengeri nu ar fi dec\u00e2t vizitatori extratere\u015ftri care provin din alte p\u0103r\u021bi ale Cosmosului. Acum, dup\u0103 mii de ani de c\u00e2nd extratere\u015ftrii au ajuns \u015fi au plecat de pe P\u0103m\u00e2nt, ne apropiem de momentul \u00een care societatea noastr\u0103 este preg\u0103tit\u0103 s\u0103 se \u00eent\u00e2lneasc\u0103 cu &#8222;creatorii&#8221; no\u015ftri.<\/p>\n<p>Pentru asta, elita lumii (care cunoa\u015fte acest lucru) \u00eencearc\u0103 de c\u00e2\u0163iva ani s\u0103 ne preg\u0103teasc\u0103 pentru &#8222;marea \u00eent\u00e2lnire&#8221;&#8230;<\/p>\n","protected":false},"excerpt":{"rendered":"<p>Autorul uneia dintre cele mai populare c\u0103r\u021bi de pe planet\u0103 &#8211; &#8222;Carele zeilor&#8221; &#8211; spune c\u0103 extratere\u015ftrii se vor \u00eentoarce pe P\u0103m\u00e2nt \u00een viitorul apropiat, \u00een aproximativ 20 de ani, \u015fi asta deoarece suntem o parte din ADN-ul lor. Dovezile &#8230; <\/p>\n<p class=\"read-more-container\"><a title=\"Un faimos cercet\u0103tor \u015fi autor crede c\u0103 extratere\u015ftrii se vor \u00eentoarce pe P\u0103m\u00e2nt \u00een maxim 15 de ani! Ne vom \u00eent\u00e2lni cu &#8222;creatorii&#8221; no\u015ftrii?\" class=\"read-more button\" href=\"https:\/\/www.lovendal.ro\/wp52\/un-faimos-cercetator-si-autor-crede-ca-extraterestrii-se-vor-intoarce-pe-pamant-in-maxim-15-de-ani-ne-vom-intalni-cu-creatorii-nostrii\/#more-46529\" aria-label=\"Cite\u0219te mai multe despre Un faimos cercet\u0103tor \u015fi autor crede c\u0103 extratere\u015ftrii se vor \u00eentoarce pe P\u0103m\u00e2nt \u00een maxim 15 de ani! Ne vom \u00eent\u00e2lni cu &#8222;creatorii&#8221; no\u015ftrii?\">Cititi mai multe<\/a><\/p>\n","protected":false},"author":1,"featured_media":46530,"comment_status":"closed","ping_status":"closed","sticky":false,"template":"","format":"standard","meta":{"footnotes":""},"categories":[14],"tags":[415,60,1103,1027,1310,3586,51,751,1899,57,105,9796,732,4429],"class_list":["post-46529","post","type-post","status-publish","format-standard","has-post-thumbnail","hentry","category-paranormal-spiritualitate","tag-adn","tag-biblie","tag-carte","tag-civilizatie","tag-cosmos","tag-daniken","tag-extraterestri","tag-ingeri","tag-legenda","tag-oameni","tag-pamant","tag-paranormal-spiritualitate","tag-planeta","tag-zei","resize-featured-image"],"yoast_head":"<!-- This site is optimized with the Yoast SEO Premium plugin v23.3 (Yoast SEO v27.4) - https:\/\/yoast.com\/product\/yoast-seo-premium-wordpress\/ -->\n<title>Un faimos cercet\u0103tor \u015fi autor crede c\u0103 extratere\u015ftrii se vor \u00eentoarce pe P\u0103m\u00e2nt \u00een maxim 15 de ani! Ne vom \u00eent\u00e2lni cu &quot;creatorii&quot; no\u015ftrii? - Secretele lui Lovendal<\/title>\n<meta name=\"robots\" content=\"index, follow, max-snippet:-1, max-image-preview:large, max-video-preview:-1\" \/>\n<link rel=\"canonical\" href=\"https:\/\/www.lovendal.ro\/wp52\/un-faimos-cercetator-si-autor-crede-ca-extraterestrii-se-vor-intoarce-pe-pamant-in-maxim-15-de-ani-ne-vom-intalni-cu-creatorii-nostrii\/\" \/>\n<meta property=\"og:locale\" content=\"ro_RO\" \/>\n<meta property=\"og:type\" content=\"article\" \/>\n<meta property=\"og:title\" content=\"Un faimos cercet\u0103tor \u015fi autor crede c\u0103 extratere\u015ftrii se vor \u00eentoarce pe P\u0103m\u00e2nt \u00een maxim 15 de ani! Ne vom \u00eent\u00e2lni cu &quot;creatorii&quot; no\u015ftrii?\" \/>\n<meta property=\"og:description\" content=\"Autorul uneia dintre cele mai populare c\u0103r\u021bi de pe planet\u0103 &#8211; &#8222;Carele zeilor&#8221; &#8211; spune c\u0103 extratere\u015ftrii se vor \u00eentoarce pe P\u0103m\u00e2nt \u00een viitorul apropiat, \u00een aproximativ 20 de ani, \u015fi asta deoarece suntem o parte din ADN-ul lor. Dovezile ... Cititi mai multe\" \/>\n<meta property=\"og:url\" content=\"https:\/\/www.lovendal.ro\/wp52\/un-faimos-cercetator-si-autor-crede-ca-extraterestrii-se-vor-intoarce-pe-pamant-in-maxim-15-de-ani-ne-vom-intalni-cu-creatorii-nostrii\/\" \/>\n<meta property=\"og:site_name\" content=\"Secretele lui Lovendal\" \/>\n<meta property=\"article:publisher\" content=\"https:\/\/www.facebook.com\/secreteleluilovendal\" \/>\n<meta property=\"article:published_time\" content=\"2016-11-07T20:02:26+00:00\" \/>\n<meta property=\"article:modified_time\" content=\"2023-05-25T04:41:30+00:00\" \/>\n<meta property=\"og:image\" content=\"https:\/\/www.lovendal.ro\/wp52\/wp-content\/uploads\/2016\/11\/extraterestri-Pamantul.jpg\" \/>\n\t<meta property=\"og:image:width\" content=\"334\" \/>\n\t<meta property=\"og:image:height\" content=\"223\" \/>\n\t<meta property=\"og:image:type\" content=\"image\/jpeg\" \/>\n<meta name=\"author\" content=\"admin\" \/>\n<meta name=\"twitter:card\" content=\"summary_large_image\" \/>\n<meta name=\"twitter:label1\" content=\"Scris de\" \/>\n\t<meta name=\"twitter:data1\" content=\"admin\" \/>\n\t<meta name=\"twitter:label2\" content=\"Timp estimat pentru citire\" \/>\n\t<meta name=\"twitter:data2\" content=\"2 minute\" \/>\n<script type=\"application\/ld+json\" class=\"yoast-schema-graph\">{\"@context\":\"https:\\\/\\\/schema.org\",\"@graph\":[{\"@type\":\"Article\",\"@id\":\"https:\\\/\\\/www.lovendal.ro\\\/wp52\\\/un-faimos-cercetator-si-autor-crede-ca-extraterestrii-se-vor-intoarce-pe-pamant-in-maxim-15-de-ani-ne-vom-intalni-cu-creatorii-nostrii\\\/#article\",\"isPartOf\":{\"@id\":\"https:\\\/\\\/www.lovendal.ro\\\/wp52\\\/un-faimos-cercetator-si-autor-crede-ca-extraterestrii-se-vor-intoarce-pe-pamant-in-maxim-15-de-ani-ne-vom-intalni-cu-creatorii-nostrii\\\/\"},\"author\":{\"name\":\"admin\",\"@id\":\"https:\\\/\\\/www.lovendal.ro\\\/wp52\\\/#\\\/schema\\\/person\\\/088691de5dfc346bb0c023e1e52ef5d9\"},\"headline\":\"Un faimos cercet\u0103tor \u015fi autor crede c\u0103 extratere\u015ftrii se vor \u00eentoarce pe P\u0103m\u00e2nt \u00een maxim 15 de ani! Ne vom \u00eent\u00e2lni cu &#8222;creatorii&#8221; no\u015ftrii?\",\"datePublished\":\"2016-11-07T20:02:26+00:00\",\"dateModified\":\"2023-05-25T04:41:30+00:00\",\"mainEntityOfPage\":{\"@id\":\"https:\\\/\\\/www.lovendal.ro\\\/wp52\\\/un-faimos-cercetator-si-autor-crede-ca-extraterestrii-se-vor-intoarce-pe-pamant-in-maxim-15-de-ani-ne-vom-intalni-cu-creatorii-nostrii\\\/\"},\"wordCount\":449,\"publisher\":{\"@id\":\"https:\\\/\\\/www.lovendal.ro\\\/wp52\\\/#organization\"},\"image\":{\"@id\":\"https:\\\/\\\/www.lovendal.ro\\\/wp52\\\/un-faimos-cercetator-si-autor-crede-ca-extraterestrii-se-vor-intoarce-pe-pamant-in-maxim-15-de-ani-ne-vom-intalni-cu-creatorii-nostrii\\\/#primaryimage\"},\"thumbnailUrl\":\"https:\\\/\\\/www.lovendal.ro\\\/wp52\\\/wp-content\\\/uploads\\\/2016\\\/11\\\/extraterestri-Pamantul.jpg\",\"keywords\":[\"ADN\",\"Biblie\",\"carte\",\"civiliza\u0163ie\",\"Cosmos\",\"Daniken\",\"extratere\u015ftri\",\"\u00eengeri\",\"legend\u0103\",\"oameni\",\"P\u0103m\u00e2nt\",\"Paranormal-Spiritualitate\",\"planet\u0103\",\"zei\"],\"articleSection\":[\"Paranormal-Spiritualitate\"],\"inLanguage\":\"ro-RO\"},{\"@type\":\"WebPage\",\"@id\":\"https:\\\/\\\/www.lovendal.ro\\\/wp52\\\/un-faimos-cercetator-si-autor-crede-ca-extraterestrii-se-vor-intoarce-pe-pamant-in-maxim-15-de-ani-ne-vom-intalni-cu-creatorii-nostrii\\\/\",\"url\":\"https:\\\/\\\/www.lovendal.ro\\\/wp52\\\/un-faimos-cercetator-si-autor-crede-ca-extraterestrii-se-vor-intoarce-pe-pamant-in-maxim-15-de-ani-ne-vom-intalni-cu-creatorii-nostrii\\\/\",\"name\":\"Un faimos cercet\u0103tor \u015fi autor crede c\u0103 extratere\u015ftrii se vor \u00eentoarce pe P\u0103m\u00e2nt \u00een maxim 15 de ani! Ne vom \u00eent\u00e2lni cu \\\"creatorii\\\" no\u015ftrii? - Secretele lui Lovendal\",\"isPartOf\":{\"@id\":\"https:\\\/\\\/www.lovendal.ro\\\/wp52\\\/#website\"},\"primaryImageOfPage\":{\"@id\":\"https:\\\/\\\/www.lovendal.ro\\\/wp52\\\/un-faimos-cercetator-si-autor-crede-ca-extraterestrii-se-vor-intoarce-pe-pamant-in-maxim-15-de-ani-ne-vom-intalni-cu-creatorii-nostrii\\\/#primaryimage\"},\"image\":{\"@id\":\"https:\\\/\\\/www.lovendal.ro\\\/wp52\\\/un-faimos-cercetator-si-autor-crede-ca-extraterestrii-se-vor-intoarce-pe-pamant-in-maxim-15-de-ani-ne-vom-intalni-cu-creatorii-nostrii\\\/#primaryimage\"},\"thumbnailUrl\":\"https:\\\/\\\/www.lovendal.ro\\\/wp52\\\/wp-content\\\/uploads\\\/2016\\\/11\\\/extraterestri-Pamantul.jpg\",\"datePublished\":\"2016-11-07T20:02:26+00:00\",\"dateModified\":\"2023-05-25T04:41:30+00:00\",\"breadcrumb\":{\"@id\":\"https:\\\/\\\/www.lovendal.ro\\\/wp52\\\/un-faimos-cercetator-si-autor-crede-ca-extraterestrii-se-vor-intoarce-pe-pamant-in-maxim-15-de-ani-ne-vom-intalni-cu-creatorii-nostrii\\\/#breadcrumb\"},\"inLanguage\":\"ro-RO\",\"potentialAction\":[{\"@type\":\"ReadAction\",\"target\":[\"https:\\\/\\\/www.lovendal.ro\\\/wp52\\\/un-faimos-cercetator-si-autor-crede-ca-extraterestrii-se-vor-intoarce-pe-pamant-in-maxim-15-de-ani-ne-vom-intalni-cu-creatorii-nostrii\\\/\"]}]},{\"@type\":\"ImageObject\",\"inLanguage\":\"ro-RO\",\"@id\":\"https:\\\/\\\/www.lovendal.ro\\\/wp52\\\/un-faimos-cercetator-si-autor-crede-ca-extraterestrii-se-vor-intoarce-pe-pamant-in-maxim-15-de-ani-ne-vom-intalni-cu-creatorii-nostrii\\\/#primaryimage\",\"url\":\"https:\\\/\\\/www.lovendal.ro\\\/wp52\\\/wp-content\\\/uploads\\\/2016\\\/11\\\/extraterestri-Pamantul.jpg\",\"contentUrl\":\"https:\\\/\\\/www.lovendal.ro\\\/wp52\\\/wp-content\\\/uploads\\\/2016\\\/11\\\/extraterestri-Pamantul.jpg\",\"width\":334,\"height\":223},{\"@type\":\"BreadcrumbList\",\"@id\":\"https:\\\/\\\/www.lovendal.ro\\\/wp52\\\/un-faimos-cercetator-si-autor-crede-ca-extraterestrii-se-vor-intoarce-pe-pamant-in-maxim-15-de-ani-ne-vom-intalni-cu-creatorii-nostrii\\\/#breadcrumb\",\"itemListElement\":[{\"@type\":\"ListItem\",\"position\":1,\"name\":\"Home\",\"item\":\"https:\\\/\\\/www.lovendal.ro\\\/wp52\\\/\"},{\"@type\":\"ListItem\",\"position\":2,\"name\":\"Un faimos cercet\u0103tor \u015fi autor crede c\u0103 extratere\u015ftrii se vor \u00eentoarce pe P\u0103m\u00e2nt \u00een maxim 15 de ani! Ne vom \u00eent\u00e2lni cu &#8222;creatorii&#8221; no\u015ftrii?\"}]},{\"@type\":\"WebSite\",\"@id\":\"https:\\\/\\\/www.lovendal.ro\\\/wp52\\\/#website\",\"url\":\"https:\\\/\\\/www.lovendal.ro\\\/wp52\\\/\",\"name\":\"Secretele lui Lovendal\",\"description\":\"Site de secrete, stiinta si metafizica - din 2008 -\",\"publisher\":{\"@id\":\"https:\\\/\\\/www.lovendal.ro\\\/wp52\\\/#organization\"},\"potentialAction\":[{\"@type\":\"SearchAction\",\"target\":{\"@type\":\"EntryPoint\",\"urlTemplate\":\"https:\\\/\\\/www.lovendal.ro\\\/wp52\\\/?s={search_term_string}\"},\"query-input\":{\"@type\":\"PropertyValueSpecification\",\"valueRequired\":true,\"valueName\":\"search_term_string\"}}],\"inLanguage\":\"ro-RO\"},{\"@type\":\"Organization\",\"@id\":\"https:\\\/\\\/www.lovendal.ro\\\/wp52\\\/#organization\",\"name\":\"Secretele lui Lovendal\",\"url\":\"https:\\\/\\\/www.lovendal.ro\\\/wp52\\\/\",\"logo\":{\"@type\":\"ImageObject\",\"inLanguage\":\"ro-RO\",\"@id\":\"https:\\\/\\\/www.lovendal.ro\\\/wp52\\\/#\\\/schema\\\/logo\\\/image\\\/\",\"url\":\"https:\\\/\\\/www.lovendal.ro\\\/wp52\\\/wp-content\\\/uploads\\\/2024\\\/06\\\/cropped-SLL-iun-2024-1.jpg\",\"contentUrl\":\"https:\\\/\\\/www.lovendal.ro\\\/wp52\\\/wp-content\\\/uploads\\\/2024\\\/06\\\/cropped-SLL-iun-2024-1.jpg\",\"width\":771,\"height\":240,\"caption\":\"Secretele lui Lovendal\"},\"image\":{\"@id\":\"https:\\\/\\\/www.lovendal.ro\\\/wp52\\\/#\\\/schema\\\/logo\\\/image\\\/\"},\"sameAs\":[\"https:\\\/\\\/www.facebook.com\\\/secreteleluilovendal\"]},{\"@type\":\"Person\",\"@id\":\"https:\\\/\\\/www.lovendal.ro\\\/wp52\\\/#\\\/schema\\\/person\\\/088691de5dfc346bb0c023e1e52ef5d9\",\"name\":\"admin\",\"image\":{\"@type\":\"ImageObject\",\"inLanguage\":\"ro-RO\",\"@id\":\"https:\\\/\\\/secure.gravatar.com\\\/avatar\\\/ecb9cd41f5f63c9c9b989999a59f6e2639a865ec361e9db054db0679a8f341c2?s=96&d=mm&r=g\",\"url\":\"https:\\\/\\\/secure.gravatar.com\\\/avatar\\\/ecb9cd41f5f63c9c9b989999a59f6e2639a865ec361e9db054db0679a8f341c2?s=96&d=mm&r=g\",\"contentUrl\":\"https:\\\/\\\/secure.gravatar.com\\\/avatar\\\/ecb9cd41f5f63c9c9b989999a59f6e2639a865ec361e9db054db0679a8f341c2?s=96&d=mm&r=g\",\"caption\":\"admin\"},\"sameAs\":[\"https:\\\/\\\/www.lovendal.ro\\\/wp52\"]}]}<\/script>\n<!-- \/ Yoast SEO Premium plugin. -->","yoast_head_json":{"title":"Un faimos cercet\u0103tor \u015fi autor crede c\u0103 extratere\u015ftrii se vor \u00eentoarce pe P\u0103m\u00e2nt \u00een maxim 15 de ani! Ne vom \u00eent\u00e2lni cu \"creatorii\" no\u015ftrii? - Secretele lui Lovendal","robots":{"index":"index","follow":"follow","max-snippet":"max-snippet:-1","max-image-preview":"max-image-preview:large","max-video-preview":"max-video-preview:-1"},"canonical":"https:\/\/www.lovendal.ro\/wp52\/un-faimos-cercetator-si-autor-crede-ca-extraterestrii-se-vor-intoarce-pe-pamant-in-maxim-15-de-ani-ne-vom-intalni-cu-creatorii-nostrii\/","og_locale":"ro_RO","og_type":"article","og_title":"Un faimos cercet\u0103tor \u015fi autor crede c\u0103 extratere\u015ftrii se vor \u00eentoarce pe P\u0103m\u00e2nt \u00een maxim 15 de ani! Ne vom \u00eent\u00e2lni cu \"creatorii\" no\u015ftrii?","og_description":"Autorul uneia dintre cele mai populare c\u0103r\u021bi de pe planet\u0103 &#8211; &#8222;Carele zeilor&#8221; &#8211; spune c\u0103 extratere\u015ftrii se vor \u00eentoarce pe P\u0103m\u00e2nt \u00een viitorul apropiat, \u00een aproximativ 20 de ani, \u015fi asta deoarece suntem o parte din ADN-ul lor. Dovezile ... Cititi mai multe","og_url":"https:\/\/www.lovendal.ro\/wp52\/un-faimos-cercetator-si-autor-crede-ca-extraterestrii-se-vor-intoarce-pe-pamant-in-maxim-15-de-ani-ne-vom-intalni-cu-creatorii-nostrii\/","og_site_name":"Secretele lui Lovendal","article_publisher":"https:\/\/www.facebook.com\/secreteleluilovendal","article_published_time":"2016-11-07T20:02:26+00:00","article_modified_time":"2023-05-25T04:41:30+00:00","og_image":[{"width":334,"height":223,"url":"https:\/\/www.lovendal.ro\/wp52\/wp-content\/uploads\/2016\/11\/extraterestri-Pamantul.jpg","type":"image\/jpeg"}],"author":"admin","twitter_card":"summary_large_image","twitter_misc":{"Scris de":"admin","Timp estimat pentru citire":"2 minute"},"schema":{"@context":"https:\/\/schema.org","@graph":[{"@type":"Article","@id":"https:\/\/www.lovendal.ro\/wp52\/un-faimos-cercetator-si-autor-crede-ca-extraterestrii-se-vor-intoarce-pe-pamant-in-maxim-15-de-ani-ne-vom-intalni-cu-creatorii-nostrii\/#article","isPartOf":{"@id":"https:\/\/www.lovendal.ro\/wp52\/un-faimos-cercetator-si-autor-crede-ca-extraterestrii-se-vor-intoarce-pe-pamant-in-maxim-15-de-ani-ne-vom-intalni-cu-creatorii-nostrii\/"},"author":{"name":"admin","@id":"https:\/\/www.lovendal.ro\/wp52\/#\/schema\/person\/088691de5dfc346bb0c023e1e52ef5d9"},"headline":"Un faimos cercet\u0103tor \u015fi autor crede c\u0103 extratere\u015ftrii se vor \u00eentoarce pe P\u0103m\u00e2nt \u00een maxim 15 de ani! Ne vom \u00eent\u00e2lni cu &#8222;creatorii&#8221; no\u015ftrii?","datePublished":"2016-11-07T20:02:26+00:00","dateModified":"2023-05-25T04:41:30+00:00","mainEntityOfPage":{"@id":"https:\/\/www.lovendal.ro\/wp52\/un-faimos-cercetator-si-autor-crede-ca-extraterestrii-se-vor-intoarce-pe-pamant-in-maxim-15-de-ani-ne-vom-intalni-cu-creatorii-nostrii\/"},"wordCount":449,"publisher":{"@id":"https:\/\/www.lovendal.ro\/wp52\/#organization"},"image":{"@id":"https:\/\/www.lovendal.ro\/wp52\/un-faimos-cercetator-si-autor-crede-ca-extraterestrii-se-vor-intoarce-pe-pamant-in-maxim-15-de-ani-ne-vom-intalni-cu-creatorii-nostrii\/#primaryimage"},"thumbnailUrl":"https:\/\/www.lovendal.ro\/wp52\/wp-content\/uploads\/2016\/11\/extraterestri-Pamantul.jpg","keywords":["ADN","Biblie","carte","civiliza\u0163ie","Cosmos","Daniken","extratere\u015ftri","\u00eengeri","legend\u0103","oameni","P\u0103m\u00e2nt","Paranormal-Spiritualitate","planet\u0103","zei"],"articleSection":["Paranormal-Spiritualitate"],"inLanguage":"ro-RO"},{"@type":"WebPage","@id":"https:\/\/www.lovendal.ro\/wp52\/un-faimos-cercetator-si-autor-crede-ca-extraterestrii-se-vor-intoarce-pe-pamant-in-maxim-15-de-ani-ne-vom-intalni-cu-creatorii-nostrii\/","url":"https:\/\/www.lovendal.ro\/wp52\/un-faimos-cercetator-si-autor-crede-ca-extraterestrii-se-vor-intoarce-pe-pamant-in-maxim-15-de-ani-ne-vom-intalni-cu-creatorii-nostrii\/","name":"Un faimos cercet\u0103tor \u015fi autor crede c\u0103 extratere\u015ftrii se vor \u00eentoarce pe P\u0103m\u00e2nt \u00een maxim 15 de ani! Ne vom \u00eent\u00e2lni cu \"creatorii\" no\u015ftrii? - Secretele lui Lovendal","isPartOf":{"@id":"https:\/\/www.lovendal.ro\/wp52\/#website"},"primaryImageOfPage":{"@id":"https:\/\/www.lovendal.ro\/wp52\/un-faimos-cercetator-si-autor-crede-ca-extraterestrii-se-vor-intoarce-pe-pamant-in-maxim-15-de-ani-ne-vom-intalni-cu-creatorii-nostrii\/#primaryimage"},"image":{"@id":"https:\/\/www.lovendal.ro\/wp52\/un-faimos-cercetator-si-autor-crede-ca-extraterestrii-se-vor-intoarce-pe-pamant-in-maxim-15-de-ani-ne-vom-intalni-cu-creatorii-nostrii\/#primaryimage"},"thumbnailUrl":"https:\/\/www.lovendal.ro\/wp52\/wp-content\/uploads\/2016\/11\/extraterestri-Pamantul.jpg","datePublished":"2016-11-07T20:02:26+00:00","dateModified":"2023-05-25T04:41:30+00:00","breadcrumb":{"@id":"https:\/\/www.lovendal.ro\/wp52\/un-faimos-cercetator-si-autor-crede-ca-extraterestrii-se-vor-intoarce-pe-pamant-in-maxim-15-de-ani-ne-vom-intalni-cu-creatorii-nostrii\/#breadcrumb"},"inLanguage":"ro-RO","potentialAction":[{"@type":"ReadAction","target":["https:\/\/www.lovendal.ro\/wp52\/un-faimos-cercetator-si-autor-crede-ca-extraterestrii-se-vor-intoarce-pe-pamant-in-maxim-15-de-ani-ne-vom-intalni-cu-creatorii-nostrii\/"]}]},{"@type":"ImageObject","inLanguage":"ro-RO","@id":"https:\/\/www.lovendal.ro\/wp52\/un-faimos-cercetator-si-autor-crede-ca-extraterestrii-se-vor-intoarce-pe-pamant-in-maxim-15-de-ani-ne-vom-intalni-cu-creatorii-nostrii\/#primaryimage","url":"https:\/\/www.lovendal.ro\/wp52\/wp-content\/uploads\/2016\/11\/extraterestri-Pamantul.jpg","contentUrl":"https:\/\/www.lovendal.ro\/wp52\/wp-content\/uploads\/2016\/11\/extraterestri-Pamantul.jpg","width":334,"height":223},{"@type":"BreadcrumbList","@id":"https:\/\/www.lovendal.ro\/wp52\/un-faimos-cercetator-si-autor-crede-ca-extraterestrii-se-vor-intoarce-pe-pamant-in-maxim-15-de-ani-ne-vom-intalni-cu-creatorii-nostrii\/#breadcrumb","itemListElement":[{"@type":"ListItem","position":1,"name":"Home","item":"https:\/\/www.lovendal.ro\/wp52\/"},{"@type":"ListItem","position":2,"name":"Un faimos cercet\u0103tor \u015fi autor crede c\u0103 extratere\u015ftrii se vor \u00eentoarce pe P\u0103m\u00e2nt \u00een maxim 15 de ani! Ne vom \u00eent\u00e2lni cu &#8222;creatorii&#8221; no\u015ftrii?"}]},{"@type":"WebSite","@id":"https:\/\/www.lovendal.ro\/wp52\/#website","url":"https:\/\/www.lovendal.ro\/wp52\/","name":"Secretele lui Lovendal","description":"Site de secrete, stiinta si metafizica - din 2008 -","publisher":{"@id":"https:\/\/www.lovendal.ro\/wp52\/#organization"},"potentialAction":[{"@type":"SearchAction","target":{"@type":"EntryPoint","urlTemplate":"https:\/\/www.lovendal.ro\/wp52\/?s={search_term_string}"},"query-input":{"@type":"PropertyValueSpecification","valueRequired":true,"valueName":"search_term_string"}}],"inLanguage":"ro-RO"},{"@type":"Organization","@id":"https:\/\/www.lovendal.ro\/wp52\/#organization","name":"Secretele lui Lovendal","url":"https:\/\/www.lovendal.ro\/wp52\/","logo":{"@type":"ImageObject","inLanguage":"ro-RO","@id":"https:\/\/www.lovendal.ro\/wp52\/#\/schema\/logo\/image\/","url":"https:\/\/www.lovendal.ro\/wp52\/wp-content\/uploads\/2024\/06\/cropped-SLL-iun-2024-1.jpg","contentUrl":"https:\/\/www.lovendal.ro\/wp52\/wp-content\/uploads\/2024\/06\/cropped-SLL-iun-2024-1.jpg","width":771,"height":240,"caption":"Secretele lui Lovendal"},"image":{"@id":"https:\/\/www.lovendal.ro\/wp52\/#\/schema\/logo\/image\/"},"sameAs":["https:\/\/www.facebook.com\/secreteleluilovendal"]},{"@type":"Person","@id":"https:\/\/www.lovendal.ro\/wp52\/#\/schema\/person\/088691de5dfc346bb0c023e1e52ef5d9","name":"admin","image":{"@type":"ImageObject","inLanguage":"ro-RO","@id":"https:\/\/secure.gravatar.com\/avatar\/ecb9cd41f5f63c9c9b989999a59f6e2639a865ec361e9db054db0679a8f341c2?s=96&d=mm&r=g","url":"https:\/\/secure.gravatar.com\/avatar\/ecb9cd41f5f63c9c9b989999a59f6e2639a865ec361e9db054db0679a8f341c2?s=96&d=mm&r=g","contentUrl":"https:\/\/secure.gravatar.com\/avatar\/ecb9cd41f5f63c9c9b989999a59f6e2639a865ec361e9db054db0679a8f341c2?s=96&d=mm&r=g","caption":"admin"},"sameAs":["https:\/\/www.lovendal.ro\/wp52"]}]}},"_links":{"self":[{"href":"https:\/\/www.lovendal.ro\/wp52\/wp-json\/wp\/v2\/posts\/46529","targetHints":{"allow":["GET"]}}],"collection":[{"href":"https:\/\/www.lovendal.ro\/wp52\/wp-json\/wp\/v2\/posts"}],"about":[{"href":"https:\/\/www.lovendal.ro\/wp52\/wp-json\/wp\/v2\/types\/post"}],"author":[{"embeddable":true,"href":"https:\/\/www.lovendal.ro\/wp52\/wp-json\/wp\/v2\/users\/1"}],"replies":[{"embeddable":true,"href":"https:\/\/www.lovendal.ro\/wp52\/wp-json\/wp\/v2\/comments?post=46529"}],"version-history":[{"count":2,"href":"https:\/\/www.lovendal.ro\/wp52\/wp-json\/wp\/v2\/posts\/46529\/revisions"}],"predecessor-version":[{"id":85898,"href":"https:\/\/www.lovendal.ro\/wp52\/wp-json\/wp\/v2\/posts\/46529\/revisions\/85898"}],"wp:featuredmedia":[{"embeddable":true,"href":"https:\/\/www.lovendal.ro\/wp52\/wp-json\/wp\/v2\/media\/46530"}],"wp:attachment":[{"href":"https:\/\/www.lovendal.ro\/wp52\/wp-json\/wp\/v2\/media?parent=46529"}],"wp:term":[{"taxonomy":"category","embeddable":true,"href":"https:\/\/www.lovendal.ro\/wp52\/wp-json\/wp\/v2\/categories?post=46529"},{"taxonomy":"post_tag","embeddable":true,"href":"https:\/\/www.lovendal.ro\/wp52\/wp-json\/wp\/v2\/tags?post=46529"}],"curies":[{"name":"wp","href":"https:\/\/api.w.org\/{rel}","templated":true}]}}